{"id":187943,"date":"2022-03-08T18:10:13","date_gmt":"2022-03-08T17:10:13","guid":{"rendered":"https:\/\/www.24gliwice.pl\/wiadomosci\/?p=187943"},"modified":"2022-03-08T18:10:13","modified_gmt":"2022-03-08T17:10:13","slug":"ii-gliwicka-manifa","status":"publish","type":"post","link":"https:\/\/www.24gliwice.pl\/wiadomosci\/ii-gliwicka-manifa\/","title":{"rendered":"II Gliwicka Manifa ju\u017c w najbli\u017csz\u0105 niedziel\u0119. Wcze\u015bniej zaplanowano te\u017c inne wydarzenia"},"content":{"rendered":"<div class=\"gliwi-a6-nad-leadem-artykulow gliwi-entity-placement\" id=\"gliwi-2596264534\"><div class=\"gliwi-adlabel\"><span style=\"font-size: 9px\">REKLAMA<\/span><\/div><div id=\"gliwi-4134884138\" style=\"margin-bottom: 25px;margin-left: auto;margin-right: auto;text-align: center;\"><a data-no-instant=\"1\" href=\"https:\/\/dom100.eu\/\" rel=\"noopener\" class=\"a2t-link\" target=\"_blank\" aria-label=\"20260415 DOM100 D\"><img loading=\"lazy\" decoding=\"async\" src=\"https:\/\/www.24gliwice.pl\/wiadomosci\/wp-content\/uploads\/2026\/04\/20260415-DOM100-D.jpg\" alt=\"\"  srcset=\"https:\/\/www.24gliwice.pl\/wiadomosci\/wp-content\/uploads\/2026\/04\/20260415-DOM100-D.jpg 750w, https:\/\/www.24gliwice.pl\/wiadomosci\/wp-content\/uploads\/2026\/04\/20260415-DOM100-D-410x109.jpg 410w\" sizes=\"(max-width: 750px) 100vw, 750px\" class=\"no-lazyload\" width=\"750\" height=\"200\"  style=\"display: inline-block; max-width: 100%; height: auto;\" \/><\/a><\/div><\/div><h2>Marsz II Gliwickiej Manify, odb\u0119dzie si\u0119 13 marca w niedziel\u0119, start o godzinie 15:00 ze skweru Doncaster. Tegoroczne has\u0142o brzmi \u201eChcemy \u017cy\u0107!&#8221;, co w kontek\u015bcie trwaj\u0105cej wojny w Ukrainie ma szczeg\u00f3lne znaczenie.<\/h2>\n<p>&nbsp;<br \/>\n&#8211; <em>Chodzi nam o podkre\u015blenie, \u017ce ju\u017c nie chcemy \u017cy\u0107 w warunkach, kt\u00f3re oferuje Polska, kt\u00f3ra zdaje si\u0119 nienawidzi\u0107 kobiet, drzew i zwierz\u0105t. Chcemy te\u017c powiedzie\u0107, jak chcemy \u017cy\u0107. O tym, \u017ce chcemy same\/sami decydowa\u0107 o swoich cia\u0142ach, chcemy \u017cy\u0107 w czystym \u015brodowisku, nie chcemy przemocy w \u017cadnej dziedzinie \u017cycia, w tym wobec przyrody i zwierz\u0105t<\/em> &#8211; m\u00f3wi\u0105 organizatorki z grupy Nic o Nas bez Nas.<\/p>\n<p>&#8211; <em>Sprzeciwiamy si\u0119 brakowi edukacji seksualnej, pot\u0119piamy lex Czarnek, nie zgadzamy si\u0119 na dalsz\u0105 dewastacj\u0119 pa\u0144stwa prawa. Jednak, aby pa\u0144stwo si\u0119 zmienia\u0142o, musz\u0105 si\u0119 zmienia\u0107 miasta, dlatego sprzeciwiamy si\u0119 nieskutecznej u\u0142omnej komunikacji spo\u0142ecznej w Gliwicach, jako Grupa NoNbN mamy swoich przedstawicieli we wszystkich Grupach Roboczych Strategii 2040 dla naszego miasta \u2013 tak\u017ce tam zauwa\u017camy niew\u0142a\u015bciwie realizowan\u0105 ide\u0119 partycypacji spo\u0142ecznej<\/em> &#8211; dodaje grupa NoNbN.<\/p><div class=\"gliwi-a3-w-tresci-artykulow gliwi-entity-placement\" id=\"gliwi-910275911\"><div class=\"gliwi-adlabel\"><span style=\"font-size: 9px\">REKLAMA<\/span><\/div><div id=\"gliwi-3378343420\" style=\"margin-bottom: 30px;margin-left: auto;margin-right: auto;text-align: center;\"><a data-no-instant=\"1\" href=\"https:\/\/ogrodyandersa.pl\/\" rel=\"noopener\" class=\"a2t-link\" target=\"_blank\" aria-label=\"20260415 Ogrody Andersa KUP TERAZ D\"><img loading=\"lazy\" decoding=\"async\" src=\"https:\/\/www.24gliwice.pl\/wiadomosci\/wp-content\/uploads\/2026\/04\/20260415-Ogrody-Andersa-KUP-TERAZ-D.jpg\" alt=\"\"  srcset=\"https:\/\/www.24gliwice.pl\/wiadomosci\/wp-content\/uploads\/2026\/04\/20260415-Ogrody-Andersa-KUP-TERAZ-D.jpg 750w, https:\/\/www.24gliwice.pl\/wiadomosci\/wp-content\/uploads\/2026\/04\/20260415-Ogrody-Andersa-KUP-TERAZ-D-410x109.jpg 410w\" sizes=\"(max-width: 750px) 100vw, 750px\" class=\"no-lazyload\" width=\"750\" height=\"200\"  style=\"display: inline-block; max-width: 100%; height: auto;\" \/><\/a><\/div><\/div>\n<p><a href=\"https:\/\/www.24gliwice.pl\/wiadomosci\/wp-content\/uploads\/2022\/03\/II-gliwicka-manifa.jpg\"><img loading=\"lazy\" decoding=\"async\" src=\"https:\/\/www.24gliwice.pl\/wiadomosci\/wp-content\/uploads\/2022\/03\/II-gliwicka-manifa.jpg\" alt=\"\" width=\"810\" height=\"457\" class=\"alignnone size-full wp-image-187957\" srcset=\"https:\/\/www.24gliwice.pl\/wiadomosci\/wp-content\/uploads\/2022\/03\/II-gliwicka-manifa.jpg 810w, https:\/\/www.24gliwice.pl\/wiadomosci\/wp-content\/uploads\/2022\/03\/II-gliwicka-manifa-410x232.jpg 410w, https:\/\/www.24gliwice.pl\/wiadomosci\/wp-content\/uploads\/2022\/03\/II-gliwicka-manifa-806x455.jpg 806w, https:\/\/www.24gliwice.pl\/wiadomosci\/wp-content\/uploads\/2022\/03\/II-gliwicka-manifa-768x433.jpg 768w\" sizes=\"auto, (max-width: 810px) 100vw, 810px\" \/><\/a><\/p>\n<h4>Opr\u00f3cz samego marszu, zaplanowano kilka wydarze\u0144 towarzysz\u0105cych:<\/h4>\n<p><strong>9.03 (\u015broda) <\/strong>17:00 &#8211; warsztat \u201ePatchwork dla Manify&#8221; w Gliwicach w Stacji Artystycznej Rynek, event dla rodzin z dzieciakami.<br \/>\n<strong>10.03 (czwartek)<\/strong> rozmowa z tw\u00f3rczyni\u0105 Fundacji Nieodk\u0142adalni, kt\u00f3ra walczy m.in. o przewijaki dla doro\u015blak\u00f3w w przestrzeni Gliwic, start 17.30, ZOOM, live ze strony NoNbN na portalu facebook.com.<br \/>\n<strong>12.03 \u2013 (sobota) <\/strong>projekcja filmu w Pyskowicach i debata w ramach Kina Kobiet z Pyskowic, MOKIS, strat 18.00.<br \/>\n<strong>13.03 (niedziela)<\/strong>:<\/p>\n<p style=\"padding-left: 120px;\">\n<ul>\n<li>12.00 &#8211; demonstracja w Katowicach<\/li>\n<li>15.00 &#8211; demonstracja w Gliwicach<\/li>\n<li>18.00 &#8211; wielki fina\u0142 II MANIFY w Klubie Ksi\u0105\u017cki Kobiecej w Gliwicach (ul. Zwyci\u0119stwa 41\/43), gdzie b\u0119dzie okazja do spotkania si\u0119 z gliwick\u0105 autork\u0105 poczytnych ksi\u0105\u017cek &#8211;<strong> Justyn\u0105 Wydr\u0105<\/strong>. <a href=\"https:\/\/www.facebook.com\/events\/981644509225633\" target=\"_blank\" rel=\"noopener\">Wydarzenie w serwisie facebook.com znajduje si\u0119 pod linkiem.<\/a><\/li>\n<\/ul>\n<p>Organizatorki licz\u0105 na kreatywno\u015b\u0107 uczestnik\u00f3w i uczestniczek, na has\u0142a, na transparenty, na taniec na Manifie, na dodatkowe dzia\u0142ania, na wiosenn\u0105 wol\u0119 zmieniania \u015bwiata na lepszy, na super pomys\u0142y, na wol\u0119 budowania dobrych relacji z innymi lud\u017ami.<\/p>\n<p><a href=\"https:\/\/www.facebook.com\/events\/5073607209363927\/\" rel=\"noopener\" target=\"_blank\">II Gliwicka Manifa w serwisie facebook.com znajduje si\u0119 tu. <\/a><\/p>\n<p>(\u017cms)\/mat. organizatora<br \/>\nfot. 24gliwice.pl<\/p>\n<div class=\"gliwi-a5-na-koncu-artykulow gliwi-entity-placement\" id=\"gliwi-2279989770\"><div class=\"gliwi-adlabel\"><span style=\"font-size: 9px\">REKLAMA<\/span><\/div><div id=\"gliwi-2190224263\" style=\"margin-left: auto;margin-right: auto;text-align: center;\"><a data-no-instant=\"1\" href=\"https:\/\/www.jasek.pl\/\" rel=\"noopener\" class=\"a2t-link\" target=\"_blank\" aria-label=\"20200401-jasek 600\"><img loading=\"lazy\" decoding=\"async\" src=\"https:\/\/www.24gliwice.pl\/wiadomosci\/wp-content\/uploads\/2020\/04\/20200401-jasek-600.jpg\" alt=\"\"  srcset=\"https:\/\/www.24gliwice.pl\/wiadomosci\/wp-content\/uploads\/2020\/04\/20200401-jasek-600.jpg 600w, https:\/\/www.24gliwice.pl\/wiadomosci\/wp-content\/uploads\/2020\/04\/20200401-jasek-600-410x109.jpg 410w\" sizes=\"(max-width: 600px) 100vw, 600px\" class=\"no-lazyload\" width=\"600\" height=\"160\"  style=\"display: inline-block; max-width: 100%; height: auto;\" \/><\/a><\/div><\/div>","protected":false},"excerpt":{"rendered":"<p>Marsz II Gliwickiej Manify, odb\u0119dzie si\u0119 13 marca w niedziel\u0119, start o godzinie 15:00 ze skweru Doncaster. Tegoroczne has\u0142o brzmi \u201eChcemy \u017cy\u0107!&#8221;, co w kontek\u015bcie trwaj\u0105cej wojny w Ukrainie ma szczeg\u00f3lne znaczenie. &nbsp; &#8211; Chodzi nam o podkre\u015blenie, \u017ce ju\u017c nie chcemy \u017cy\u0107 w warunkach, kt\u00f3re oferuje Polska, kt\u00f3ra zdaje si\u0119 nienawidzi\u0107 kobiet, drzew i [&hellip;]<\/p>\n","protected":false},"author":15,"featured_media":166414,"comment_status":"open","ping_status":"closed","sticky":false,"template":"","format":"standard","meta":{"_monsterinsights_skip_tracking":false,"_monsterinsights_sitenote_active":false,"_monsterinsights_sitenote_note":"","_monsterinsights_sitenote_category":0,"footnotes":"","_links_to":"","_links_to_target":""},"categories":[3,6,1],"tags":[19129],"class_list":["post-187943","post","type-post","status-publish","format-standard","has-post-thumbnail","hentry","category-gliwice","category-kultura","category-wszystko","tag-nic-o-nas-bez-nas"],"yoast_head":"<!-- This site is optimized with the Yoast SEO plugin v27.4 - https:\/\/yoast.com\/product\/yoast-seo-wordpress\/ -->\n<title>II Gliwicka Manifa ju\u017c w najbli\u017csz\u0105 niedziel\u0119. Wcze\u015bniej zaplanowano te\u017c inne wydarzenia - 24GLIWICE - Portal Gliwice | codziennie nowe informacje<\/title>\n<meta name=\"description\" content=\"II Gliwicka Manifa odb\u0119dzie si\u0119 w niedziel\u0119, 13 marca. Poch\u00f3d w Gliwicach wyruszy o godzinie 15:00 ze skweru Doncaster\" \/>\n<meta name=\"robots\" content=\"index, follow, max-snippet:-1, max-image-preview:large, max-video-preview:-1\" \/>\n<link rel=\"canonical\" href=\"https:\/\/www.24gliwice.pl\/wiadomosci\/ii-gliwicka-manifa\/\" \/>\n<meta property=\"og:locale\" content=\"pl_PL\" \/>\n<meta property=\"og:type\" content=\"article\" \/>\n<meta property=\"og:title\" content=\"II Gliwicka Manifa ju\u017c w najbli\u017csz\u0105 niedziel\u0119. Wcze\u015bniej zaplanowano te\u017c inne wydarzenia - 24GLIWICE - Portal Gliwice | codziennie nowe informacje\" \/>\n<meta property=\"og:description\" content=\"II Gliwicka Manifa odb\u0119dzie si\u0119 w niedziel\u0119, 13 marca. Poch\u00f3d w Gliwicach wyruszy o godzinie 15:00 ze skweru Doncaster\" \/>\n<meta property=\"og:url\" content=\"https:\/\/www.24gliwice.pl\/wiadomosci\/ii-gliwicka-manifa\/\" \/>\n<meta property=\"og:site_name\" content=\"24GLIWICE - Portal Gliwice | codziennie nowe informacje\" \/>\n<meta property=\"article:publisher\" content=\"https:\/\/www.facebook.com\/24gliwice\" \/>\n<meta property=\"article:published_time\" content=\"2022-03-08T17:10:13+00:00\" \/>\n<meta property=\"og:image\" content=\"https:\/\/www.24gliwice.pl\/wiadomosci\/wp-content\/uploads\/2021\/03\/1-manifa-4.jpg\" \/>\n\t<meta property=\"og:image:width\" content=\"810\" \/>\n\t<meta property=\"og:image:height\" content=\"456\" \/>\n\t<meta property=\"og:image:type\" content=\"image\/jpeg\" \/>\n<meta name=\"author\" content=\"\u017baneta Mrozek-Siewierska\" \/>\n<meta name=\"twitter:card\" content=\"summary_large_image\" \/>\n<meta name=\"twitter:creator\" content=\"@24gliwice\" \/>\n<meta name=\"twitter:site\" content=\"@24gliwice\" \/>\n<meta name=\"twitter:label1\" content=\"Napisane przez\" \/>\n\t<meta name=\"twitter:data1\" content=\"\u017baneta Mrozek-Siewierska\" \/>\n\t<meta name=\"twitter:label2\" content=\"Szacowany czas czytania\" \/>\n\t<meta name=\"twitter:data2\" content=\"3 minuty\" \/>\n<script type=\"application\/ld+json\" class=\"yoast-schema-graph\">{\"@context\":\"https:\\\/\\\/schema.org\",\"@graph\":[{\"@type\":\"Article\",\"@id\":\"https:\\\/\\\/www.24gliwice.pl\\\/wiadomosci\\\/ii-gliwicka-manifa\\\/#article\",\"isPartOf\":{\"@id\":\"https:\\\/\\\/www.24gliwice.pl\\\/wiadomosci\\\/ii-gliwicka-manifa\\\/\"},\"author\":{\"name\":\"\u017baneta Mrozek-Siewierska\",\"@id\":\"https:\\\/\\\/www.24gliwice.pl\\\/wiadomosci\\\/#\\\/schema\\\/person\\\/e42c650edd7f2fa332be3811fb166b6e\"},\"headline\":\"II Gliwicka Manifa ju\u017c w najbli\u017csz\u0105 niedziel\u0119. Wcze\u015bniej zaplanowano te\u017c inne wydarzenia\",\"datePublished\":\"2022-03-08T17:10:13+00:00\",\"mainEntityOfPage\":{\"@id\":\"https:\\\/\\\/www.24gliwice.pl\\\/wiadomosci\\\/ii-gliwicka-manifa\\\/\"},\"wordCount\":375,\"commentCount\":0,\"publisher\":{\"@id\":\"https:\\\/\\\/www.24gliwice.pl\\\/wiadomosci\\\/#organization\"},\"image\":{\"@id\":\"https:\\\/\\\/www.24gliwice.pl\\\/wiadomosci\\\/ii-gliwicka-manifa\\\/#primaryimage\"},\"thumbnailUrl\":\"https:\\\/\\\/www.24gliwice.pl\\\/wiadomosci\\\/wp-content\\\/uploads\\\/2021\\\/03\\\/1-manifa-4.jpg\",\"keywords\":[\"nic o nas bez nas\"],\"articleSection\":[\"Gliwice\",\"Kultura, wydarzenia, imprezy\",\"Najnowsze wiadomo\u015bci\"],\"inLanguage\":\"pl-PL\",\"potentialAction\":[{\"@type\":\"CommentAction\",\"name\":\"Comment\",\"target\":[\"https:\\\/\\\/www.24gliwice.pl\\\/wiadomosci\\\/ii-gliwicka-manifa\\\/#respond\"]}]},{\"@type\":\"WebPage\",\"@id\":\"https:\\\/\\\/www.24gliwice.pl\\\/wiadomosci\\\/ii-gliwicka-manifa\\\/\",\"url\":\"https:\\\/\\\/www.24gliwice.pl\\\/wiadomosci\\\/ii-gliwicka-manifa\\\/\",\"name\":\"II Gliwicka Manifa ju\u017c w najbli\u017csz\u0105 niedziel\u0119. Wcze\u015bniej zaplanowano te\u017c inne wydarzenia - 24GLIWICE - Portal Gliwice | codziennie nowe informacje\",\"isPartOf\":{\"@id\":\"https:\\\/\\\/www.24gliwice.pl\\\/wiadomosci\\\/#website\"},\"primaryImageOfPage\":{\"@id\":\"https:\\\/\\\/www.24gliwice.pl\\\/wiadomosci\\\/ii-gliwicka-manifa\\\/#primaryimage\"},\"image\":{\"@id\":\"https:\\\/\\\/www.24gliwice.pl\\\/wiadomosci\\\/ii-gliwicka-manifa\\\/#primaryimage\"},\"thumbnailUrl\":\"https:\\\/\\\/www.24gliwice.pl\\\/wiadomosci\\\/wp-content\\\/uploads\\\/2021\\\/03\\\/1-manifa-4.jpg\",\"datePublished\":\"2022-03-08T17:10:13+00:00\",\"description\":\"II Gliwicka Manifa odb\u0119dzie si\u0119 w niedziel\u0119, 13 marca. Poch\u00f3d w Gliwicach wyruszy o godzinie 15:00 ze skweru Doncaster\",\"breadcrumb\":{\"@id\":\"https:\\\/\\\/www.24gliwice.pl\\\/wiadomosci\\\/ii-gliwicka-manifa\\\/#breadcrumb\"},\"inLanguage\":\"pl-PL\",\"potentialAction\":[{\"@type\":\"ReadAction\",\"target\":[\"https:\\\/\\\/www.24gliwice.pl\\\/wiadomosci\\\/ii-gliwicka-manifa\\\/\"]}]},{\"@type\":\"ImageObject\",\"inLanguage\":\"pl-PL\",\"@id\":\"https:\\\/\\\/www.24gliwice.pl\\\/wiadomosci\\\/ii-gliwicka-manifa\\\/#primaryimage\",\"url\":\"https:\\\/\\\/www.24gliwice.pl\\\/wiadomosci\\\/wp-content\\\/uploads\\\/2021\\\/03\\\/1-manifa-4.jpg\",\"contentUrl\":\"https:\\\/\\\/www.24gliwice.pl\\\/wiadomosci\\\/wp-content\\\/uploads\\\/2021\\\/03\\\/1-manifa-4.jpg\",\"width\":810,\"height\":456},{\"@type\":\"BreadcrumbList\",\"@id\":\"https:\\\/\\\/www.24gliwice.pl\\\/wiadomosci\\\/ii-gliwicka-manifa\\\/#breadcrumb\",\"itemListElement\":[{\"@type\":\"ListItem\",\"position\":1,\"name\":\"Strona g\u0142\u00f3wna\",\"item\":\"https:\\\/\\\/www.24gliwice.pl\\\/wiadomosci\\\/\"},{\"@type\":\"ListItem\",\"position\":2,\"name\":\"II Gliwicka Manifa ju\u017c w najbli\u017csz\u0105 niedziel\u0119. Wcze\u015bniej zaplanowano te\u017c inne wydarzenia\"}]},{\"@type\":\"WebSite\",\"@id\":\"https:\\\/\\\/www.24gliwice.pl\\\/wiadomosci\\\/#website\",\"url\":\"https:\\\/\\\/www.24gliwice.pl\\\/wiadomosci\\\/\",\"name\":\"24GLIWICE - Portal Gliwice | codziennie nowe wiadomo\u015bci\",\"description\":\"Portal Miejski Gliwice\",\"publisher\":{\"@id\":\"https:\\\/\\\/www.24gliwice.pl\\\/wiadomosci\\\/#organization\"},\"potentialAction\":[{\"@type\":\"SearchAction\",\"target\":{\"@type\":\"EntryPoint\",\"urlTemplate\":\"https:\\\/\\\/www.24gliwice.pl\\\/wiadomosci\\\/?s={search_term_string}\"},\"query-input\":{\"@type\":\"PropertyValueSpecification\",\"valueRequired\":true,\"valueName\":\"search_term_string\"}}],\"inLanguage\":\"pl-PL\"},{\"@type\":\"Organization\",\"@id\":\"https:\\\/\\\/www.24gliwice.pl\\\/wiadomosci\\\/#organization\",\"name\":\"24gliwice\",\"url\":\"https:\\\/\\\/www.24gliwice.pl\\\/wiadomosci\\\/\",\"logo\":{\"@type\":\"ImageObject\",\"inLanguage\":\"pl-PL\",\"@id\":\"https:\\\/\\\/www.24gliwice.pl\\\/wiadomosci\\\/#\\\/schema\\\/logo\\\/image\\\/\",\"url\":\"https:\\\/\\\/www.24gliwice.pl\\\/wiadomosci\\\/wp-content\\\/uploads\\\/2024\\\/10\\\/24gliwice-logo-696.jpg\",\"contentUrl\":\"https:\\\/\\\/www.24gliwice.pl\\\/wiadomosci\\\/wp-content\\\/uploads\\\/2024\\\/10\\\/24gliwice-logo-696.jpg\",\"width\":696,\"height\":696,\"caption\":\"24gliwice\"},\"image\":{\"@id\":\"https:\\\/\\\/www.24gliwice.pl\\\/wiadomosci\\\/#\\\/schema\\\/logo\\\/image\\\/\"},\"sameAs\":[\"https:\\\/\\\/www.facebook.com\\\/24gliwice\",\"https:\\\/\\\/x.com\\\/24gliwice\",\"https:\\\/\\\/www.youtube.com\\\/@24gliwice\"]},{\"@type\":\"Person\",\"@id\":\"https:\\\/\\\/www.24gliwice.pl\\\/wiadomosci\\\/#\\\/schema\\\/person\\\/e42c650edd7f2fa332be3811fb166b6e\",\"name\":\"\u017baneta Mrozek-Siewierska\",\"image\":{\"@type\":\"ImageObject\",\"inLanguage\":\"pl-PL\",\"@id\":\"https:\\\/\\\/www.24gliwice.pl\\\/wiadomosci\\\/wp-content\\\/uploads\\\/2021\\\/11\\\/Zaneta-M_S-zdjecie-czb-96x96.jpg\",\"url\":\"https:\\\/\\\/www.24gliwice.pl\\\/wiadomosci\\\/wp-content\\\/uploads\\\/2021\\\/11\\\/Zaneta-M_S-zdjecie-czb-96x96.jpg\",\"contentUrl\":\"https:\\\/\\\/www.24gliwice.pl\\\/wiadomosci\\\/wp-content\\\/uploads\\\/2021\\\/11\\\/Zaneta-M_S-zdjecie-czb-96x96.jpg\",\"caption\":\"\u017baneta Mrozek-Siewierska\"},\"url\":\"https:\\\/\\\/www.24gliwice.pl\\\/wiadomosci\\\/author\\\/zms\\\/\"}]}<\/script>\n<!-- \/ Yoast SEO plugin. -->","yoast_head_json":{"title":"II Gliwicka Manifa ju\u017c w najbli\u017csz\u0105 niedziel\u0119. Wcze\u015bniej zaplanowano te\u017c inne wydarzenia - 24GLIWICE - Portal Gliwice | codziennie nowe informacje","description":"II Gliwicka Manifa odb\u0119dzie si\u0119 w niedziel\u0119, 13 marca. Poch\u00f3d w Gliwicach wyruszy o godzinie 15:00 ze skweru Doncaster","robots":{"index":"index","follow":"follow","max-snippet":"max-snippet:-1","max-image-preview":"max-image-preview:large","max-video-preview":"max-video-preview:-1"},"canonical":"https:\/\/www.24gliwice.pl\/wiadomosci\/ii-gliwicka-manifa\/","og_locale":"pl_PL","og_type":"article","og_title":"II Gliwicka Manifa ju\u017c w najbli\u017csz\u0105 niedziel\u0119. Wcze\u015bniej zaplanowano te\u017c inne wydarzenia - 24GLIWICE - Portal Gliwice | codziennie nowe informacje","og_description":"II Gliwicka Manifa odb\u0119dzie si\u0119 w niedziel\u0119, 13 marca. Poch\u00f3d w Gliwicach wyruszy o godzinie 15:00 ze skweru Doncaster","og_url":"https:\/\/www.24gliwice.pl\/wiadomosci\/ii-gliwicka-manifa\/","og_site_name":"24GLIWICE - Portal Gliwice | codziennie nowe informacje","article_publisher":"https:\/\/www.facebook.com\/24gliwice","article_published_time":"2022-03-08T17:10:13+00:00","og_image":[{"width":810,"height":456,"url":"https:\/\/www.24gliwice.pl\/wiadomosci\/wp-content\/uploads\/2021\/03\/1-manifa-4.jpg","type":"image\/jpeg"}],"author":"\u017baneta Mrozek-Siewierska","twitter_card":"summary_large_image","twitter_creator":"@24gliwice","twitter_site":"@24gliwice","twitter_misc":{"Napisane przez":"\u017baneta Mrozek-Siewierska","Szacowany czas czytania":"3 minuty"},"schema":{"@context":"https:\/\/schema.org","@graph":[{"@type":"Article","@id":"https:\/\/www.24gliwice.pl\/wiadomosci\/ii-gliwicka-manifa\/#article","isPartOf":{"@id":"https:\/\/www.24gliwice.pl\/wiadomosci\/ii-gliwicka-manifa\/"},"author":{"name":"\u017baneta Mrozek-Siewierska","@id":"https:\/\/www.24gliwice.pl\/wiadomosci\/#\/schema\/person\/e42c650edd7f2fa332be3811fb166b6e"},"headline":"II Gliwicka Manifa ju\u017c w najbli\u017csz\u0105 niedziel\u0119. Wcze\u015bniej zaplanowano te\u017c inne wydarzenia","datePublished":"2022-03-08T17:10:13+00:00","mainEntityOfPage":{"@id":"https:\/\/www.24gliwice.pl\/wiadomosci\/ii-gliwicka-manifa\/"},"wordCount":375,"commentCount":0,"publisher":{"@id":"https:\/\/www.24gliwice.pl\/wiadomosci\/#organization"},"image":{"@id":"https:\/\/www.24gliwice.pl\/wiadomosci\/ii-gliwicka-manifa\/#primaryimage"},"thumbnailUrl":"https:\/\/www.24gliwice.pl\/wiadomosci\/wp-content\/uploads\/2021\/03\/1-manifa-4.jpg","keywords":["nic o nas bez nas"],"articleSection":["Gliwice","Kultura, wydarzenia, imprezy","Najnowsze wiadomo\u015bci"],"inLanguage":"pl-PL","potentialAction":[{"@type":"CommentAction","name":"Comment","target":["https:\/\/www.24gliwice.pl\/wiadomosci\/ii-gliwicka-manifa\/#respond"]}]},{"@type":"WebPage","@id":"https:\/\/www.24gliwice.pl\/wiadomosci\/ii-gliwicka-manifa\/","url":"https:\/\/www.24gliwice.pl\/wiadomosci\/ii-gliwicka-manifa\/","name":"II Gliwicka Manifa ju\u017c w najbli\u017csz\u0105 niedziel\u0119. Wcze\u015bniej zaplanowano te\u017c inne wydarzenia - 24GLIWICE - Portal Gliwice | codziennie nowe informacje","isPartOf":{"@id":"https:\/\/www.24gliwice.pl\/wiadomosci\/#website"},"primaryImageOfPage":{"@id":"https:\/\/www.24gliwice.pl\/wiadomosci\/ii-gliwicka-manifa\/#primaryimage"},"image":{"@id":"https:\/\/www.24gliwice.pl\/wiadomosci\/ii-gliwicka-manifa\/#primaryimage"},"thumbnailUrl":"https:\/\/www.24gliwice.pl\/wiadomosci\/wp-content\/uploads\/2021\/03\/1-manifa-4.jpg","datePublished":"2022-03-08T17:10:13+00:00","description":"II Gliwicka Manifa odb\u0119dzie si\u0119 w niedziel\u0119, 13 marca. Poch\u00f3d w Gliwicach wyruszy o godzinie 15:00 ze skweru Doncaster","breadcrumb":{"@id":"https:\/\/www.24gliwice.pl\/wiadomosci\/ii-gliwicka-manifa\/#breadcrumb"},"inLanguage":"pl-PL","potentialAction":[{"@type":"ReadAction","target":["https:\/\/www.24gliwice.pl\/wiadomosci\/ii-gliwicka-manifa\/"]}]},{"@type":"ImageObject","inLanguage":"pl-PL","@id":"https:\/\/www.24gliwice.pl\/wiadomosci\/ii-gliwicka-manifa\/#primaryimage","url":"https:\/\/www.24gliwice.pl\/wiadomosci\/wp-content\/uploads\/2021\/03\/1-manifa-4.jpg","contentUrl":"https:\/\/www.24gliwice.pl\/wiadomosci\/wp-content\/uploads\/2021\/03\/1-manifa-4.jpg","width":810,"height":456},{"@type":"BreadcrumbList","@id":"https:\/\/www.24gliwice.pl\/wiadomosci\/ii-gliwicka-manifa\/#breadcrumb","itemListElement":[{"@type":"ListItem","position":1,"name":"Strona g\u0142\u00f3wna","item":"https:\/\/www.24gliwice.pl\/wiadomosci\/"},{"@type":"ListItem","position":2,"name":"II Gliwicka Manifa ju\u017c w najbli\u017csz\u0105 niedziel\u0119. Wcze\u015bniej zaplanowano te\u017c inne wydarzenia"}]},{"@type":"WebSite","@id":"https:\/\/www.24gliwice.pl\/wiadomosci\/#website","url":"https:\/\/www.24gliwice.pl\/wiadomosci\/","name":"24GLIWICE - Portal Gliwice | codziennie nowe wiadomo\u015bci","description":"Portal Miejski Gliwice","publisher":{"@id":"https:\/\/www.24gliwice.pl\/wiadomosci\/#organization"},"potentialAction":[{"@type":"SearchAction","target":{"@type":"EntryPoint","urlTemplate":"https:\/\/www.24gliwice.pl\/wiadomosci\/?s={search_term_string}"},"query-input":{"@type":"PropertyValueSpecification","valueRequired":true,"valueName":"search_term_string"}}],"inLanguage":"pl-PL"},{"@type":"Organization","@id":"https:\/\/www.24gliwice.pl\/wiadomosci\/#organization","name":"24gliwice","url":"https:\/\/www.24gliwice.pl\/wiadomosci\/","logo":{"@type":"ImageObject","inLanguage":"pl-PL","@id":"https:\/\/www.24gliwice.pl\/wiadomosci\/#\/schema\/logo\/image\/","url":"https:\/\/www.24gliwice.pl\/wiadomosci\/wp-content\/uploads\/2024\/10\/24gliwice-logo-696.jpg","contentUrl":"https:\/\/www.24gliwice.pl\/wiadomosci\/wp-content\/uploads\/2024\/10\/24gliwice-logo-696.jpg","width":696,"height":696,"caption":"24gliwice"},"image":{"@id":"https:\/\/www.24gliwice.pl\/wiadomosci\/#\/schema\/logo\/image\/"},"sameAs":["https:\/\/www.facebook.com\/24gliwice","https:\/\/x.com\/24gliwice","https:\/\/www.youtube.com\/@24gliwice"]},{"@type":"Person","@id":"https:\/\/www.24gliwice.pl\/wiadomosci\/#\/schema\/person\/e42c650edd7f2fa332be3811fb166b6e","name":"\u017baneta Mrozek-Siewierska","image":{"@type":"ImageObject","inLanguage":"pl-PL","@id":"https:\/\/www.24gliwice.pl\/wiadomosci\/wp-content\/uploads\/2021\/11\/Zaneta-M_S-zdjecie-czb-96x96.jpg","url":"https:\/\/www.24gliwice.pl\/wiadomosci\/wp-content\/uploads\/2021\/11\/Zaneta-M_S-zdjecie-czb-96x96.jpg","contentUrl":"https:\/\/www.24gliwice.pl\/wiadomosci\/wp-content\/uploads\/2021\/11\/Zaneta-M_S-zdjecie-czb-96x96.jpg","caption":"\u017baneta Mrozek-Siewierska"},"url":"https:\/\/www.24gliwice.pl\/wiadomosci\/author\/zms\/"}]}},"_links":{"self":[{"href":"https:\/\/www.24gliwice.pl\/wiadomosci\/wp-json\/wp\/v2\/posts\/187943","targetHints":{"allow":["GET"]}}],"collection":[{"href":"https:\/\/www.24gliwice.pl\/wiadomosci\/wp-json\/wp\/v2\/posts"}],"about":[{"href":"https:\/\/www.24gliwice.pl\/wiadomosci\/wp-json\/wp\/v2\/types\/post"}],"author":[{"embeddable":true,"href":"https:\/\/www.24gliwice.pl\/wiadomosci\/wp-json\/wp\/v2\/users\/15"}],"replies":[{"embeddable":true,"href":"https:\/\/www.24gliwice.pl\/wiadomosci\/wp-json\/wp\/v2\/comments?post=187943"}],"version-history":[{"count":17,"href":"https:\/\/www.24gliwice.pl\/wiadomosci\/wp-json\/wp\/v2\/posts\/187943\/revisions"}],"predecessor-version":[{"id":187962,"href":"https:\/\/www.24gliwice.pl\/wiadomosci\/wp-json\/wp\/v2\/posts\/187943\/revisions\/187962"}],"wp:featuredmedia":[{"embeddable":true,"href":"https:\/\/www.24gliwice.pl\/wiadomosci\/wp-json\/wp\/v2\/media\/166414"}],"wp:attachment":[{"href":"https:\/\/www.24gliwice.pl\/wiadomosci\/wp-json\/wp\/v2\/media?parent=187943"}],"wp:term":[{"taxonomy":"category","embeddable":true,"href":"https:\/\/www.24gliwice.pl\/wiadomosci\/wp-json\/wp\/v2\/categories?post=187943"},{"taxonomy":"post_tag","embeddable":true,"href":"https:\/\/www.24gliwice.pl\/wiadomosci\/wp-json\/wp\/v2\/tags?post=187943"}],"curies":[{"name":"wp","href":"https:\/\/api.w.org\/{rel}","templated":true}]}}