{"id":187977,"date":"2022-03-10T14:20:06","date_gmt":"2022-03-10T13:20:06","guid":{"rendered":"https:\/\/www.24gliwice.pl\/wiadomosci\/?p=187977"},"modified":"2022-03-10T14:20:06","modified_gmt":"2022-03-10T13:20:06","slug":"mial-tu-powstac-pszok-ale-zaprotestowali-mieszkancy-dzialki-obok-cmentarza-trafily-na-sprzedaz","status":"publish","type":"post","link":"https:\/\/www.24gliwice.pl\/wiadomosci\/mial-tu-powstac-pszok-ale-zaprotestowali-mieszkancy-dzialki-obok-cmentarza-trafily-na-sprzedaz\/","title":{"rendered":"Mia\u0142 tu powsta\u0107 PSZOK, ale zaprotestowali mieszka\u0144cy. Dzia\u0142ki obok cmentarza trafi\u0142y na sprzeda\u017c"},"content":{"rendered":"<div class=\"gliwi-a6-nad-leadem-artykulow gliwi-entity-placement\" id=\"gliwi-269104902\"><div class=\"gliwi-adlabel\"><span style=\"font-size: 9px\">REKLAMA<\/span><\/div><div id=\"gliwi-1121927713\" style=\"margin-bottom: 30px;margin-left: auto;margin-right: auto;text-align: center;\"><a data-no-instant=\"1\" href=\"https:\/\/przedszkole.halogen.org.pl\/\" rel=\"noopener\" class=\"a2t-link\" target=\"_blank\" aria-label=\"20260402-ANIMATOR-przedszkole_grafika_750x200\"><img loading=\"lazy\" decoding=\"async\" src=\"https:\/\/www.24gliwice.pl\/wiadomosci\/wp-content\/uploads\/2026\/04\/20260402-ANIMATOR-przedszkole_grafika_750x200.webp\" alt=\"\"  srcset=\"https:\/\/www.24gliwice.pl\/wiadomosci\/wp-content\/uploads\/2026\/04\/20260402-ANIMATOR-przedszkole_grafika_750x200.webp 750w, https:\/\/www.24gliwice.pl\/wiadomosci\/wp-content\/uploads\/2026\/04\/20260402-ANIMATOR-przedszkole_grafika_750x200-410x109.webp 410w\" sizes=\"(max-width: 750px) 100vw, 750px\" class=\"no-lazyload\" width=\"750\" height=\"200\"  style=\"display: inline-block; max-width: 100%; height: auto;\" \/><\/a><\/div><\/div><h2>Dzia\u0142ki obok cmentarza \u015bw. Wojciecha w dzielnicy Obro\u0144c\u00f3w Pokoju ponownie wystawiono na sprzeda\u017c. Cena wywo\u0142awcza za teren o powierzchni 5,36 ha, si\u0119gaj\u0105cy a\u017c do ul. My\u015bliwskiej, wynosi 12,4 mln z\u0142 brutto.<\/h2>\n<p>&nbsp;<br \/>\n<a href=\"https:\/\/www.24gliwice.pl\/wiadomosci\/wp-content\/uploads\/2022\/03\/dzialki-wojciecha-18.jpg\"><img loading=\"lazy\" decoding=\"async\" src=\"https:\/\/www.24gliwice.pl\/wiadomosci\/wp-content\/uploads\/2022\/03\/dzialki-wojciecha-18.jpg\" alt=\"\" width=\"810\" height=\"457\" class=\"alignnone size-full wp-image-188072\" srcset=\"https:\/\/www.24gliwice.pl\/wiadomosci\/wp-content\/uploads\/2022\/03\/dzialki-wojciecha-18.jpg 810w, https:\/\/www.24gliwice.pl\/wiadomosci\/wp-content\/uploads\/2022\/03\/dzialki-wojciecha-18-410x232.jpg 410w, https:\/\/www.24gliwice.pl\/wiadomosci\/wp-content\/uploads\/2022\/03\/dzialki-wojciecha-18-806x455.jpg 806w, https:\/\/www.24gliwice.pl\/wiadomosci\/wp-content\/uploads\/2022\/03\/dzialki-wojciecha-18-768x433.jpg 768w\" sizes=\"auto, (max-width: 810px) 100vw, 810px\" \/><\/a><\/p>\n<p>8 marca wiceprezydent <strong>Aleksandra Wysocka<\/strong>, kt\u00f3ra odpowiada m.in. za kwestie zwi\u0105zane z nieruchomo\u015bciami w naszym mie\u015bcie, podpisa\u0142a zarz\u0105dzenie o przeznaczeniu tego terenu do zbycia w trybie przetargu nieograniczonego. Z ca\u0142o\u015bci\u0105 dokumentu mo\u017cna zapozna\u0107 si\u0119 tutaj: <a href=\"https:\/\/www.24gliwice.pl\/wiadomosci\/wp-content\/uploads\/2022\/03\/ZPM_2022_5552-Dzialki-539_3-540-541-sw-Wojciecha-Mysliwska.pdf\">ZPM_2022_5552 &#8211; Dzia\u0142ki 539_3 540 541 \u015bw Wojciecha My\u015bliwska<\/a><\/p>\n<h4>Dzia\u0142ki 539\/3, 540, 541 ju\u017c raz zosta\u0142y wystawione na sprzeda\u017c &#8211; w 2016 roku. W\u00f3wczas by\u0142y nieco ta\u0144sze &#8211; miasto ustali\u0142o cen\u0119 minimaln\u0105 na poziomie 10,1 mln z\u0142.<\/h4>\n<p>Przypomnijmy, \u017ce na pierwszym z wymienionych grunt\u00f3w w ubieg\u0142ym roku Przedsi\u0119biorstwo Zagospodarowania Odpad\u00f3w zamierza\u0142o utworzy\u0107 jeden z dw\u00f3ch planowanych w mie\u015bcie PSZOK-\u00f3w.<a href=\"https:\/\/www.24gliwice.pl\/wiadomosci\/mieszkancy-nie-chca-pszoku-protest\/\" rel=\"noopener\" target=\"_blank\"> Spotka\u0142o si\u0119 to z oporem zar\u00f3wno w\u015br\u00f3d mieszka\u0144c\u00f3w,<\/a> jak i u\u017cytkownik\u00f3w nieruchomo\u015bci po\u0142o\u017conych w bezpo\u015brednim s\u0105siedztwie &#8211; mie\u015bci si\u0119 tu zabudowa jednorodzinna, a tak\u017ce m.in. restauracja Rejtan oraz siedziba firmy DAKO. Przeciwna takiej lokalizacji punktu selektywnej zbi\u00f3rki odpad\u00f3w by\u0142a r\u00f3wnie\u017c Rada Dzielnicy Obro\u0144c\u00f3w Pokoju. Ostatecznie plany PZO spe\u0142z\u0142y na niczym, a oficjaln\u0105 przyczyn\u0105 tego faktu by\u0142o nieuzyskanie dofinansowania do utworzenia PSZOK-u. <\/p><div class=\"gliwi-a3-w-tresci-artykulow gliwi-entity-placement\" id=\"gliwi-2413908662\"><div class=\"gliwi-adlabel\"><span style=\"font-size: 9px\">REKLAMA<\/span><\/div><div id=\"gliwi-802828445\" style=\"margin-bottom: 30px;margin-left: auto;margin-right: auto;text-align: center;\"><a data-no-instant=\"1\" href=\"https:\/\/zlobek.halogen.org.pl\/\" rel=\"noopener\" class=\"a2t-link\" target=\"_blank\" aria-label=\"animator-zlobek_750x200\"><img loading=\"lazy\" decoding=\"async\" src=\"https:\/\/www.24gliwice.pl\/wiadomosci\/wp-content\/uploads\/2026\/02\/animator-zlobek_750x200.webp\" alt=\"\"  srcset=\"https:\/\/www.24gliwice.pl\/wiadomosci\/wp-content\/uploads\/2026\/02\/animator-zlobek_750x200.webp 750w, https:\/\/www.24gliwice.pl\/wiadomosci\/wp-content\/uploads\/2026\/02\/animator-zlobek_750x200-410x109.webp 410w\" sizes=\"(max-width: 750px) 100vw, 750px\" class=\"no-lazyload\" width=\"750\" height=\"200\"  style=\"display: inline-block; max-width: 100%; height: auto;\" \/><\/a><\/div><\/div>\n<p><a href=\"https:\/\/www.24gliwice.pl\/wiadomosci\/wp-content\/uploads\/2022\/03\/dzialki-sw-wojciecha.jpg\"><img loading=\"lazy\" decoding=\"async\" src=\"https:\/\/www.24gliwice.pl\/wiadomosci\/wp-content\/uploads\/2022\/03\/dzialki-sw-wojciecha.jpg\" alt=\"\" width=\"810\" height=\"456\" class=\"alignnone size-full wp-image-187986\" srcset=\"https:\/\/www.24gliwice.pl\/wiadomosci\/wp-content\/uploads\/2022\/03\/dzialki-sw-wojciecha.jpg 810w, https:\/\/www.24gliwice.pl\/wiadomosci\/wp-content\/uploads\/2022\/03\/dzialki-sw-wojciecha-410x232.jpg 410w, https:\/\/www.24gliwice.pl\/wiadomosci\/wp-content\/uploads\/2022\/03\/dzialki-sw-wojciecha-808x455.jpg 808w, https:\/\/www.24gliwice.pl\/wiadomosci\/wp-content\/uploads\/2022\/03\/dzialki-sw-wojciecha-768x432.jpg 768w\" sizes=\"auto, (max-width: 810px) 100vw, 810px\" \/><\/a><\/p>\n<p><a href=\"https:\/\/www.24gliwice.pl\/wiadomosci\/wp-content\/uploads\/2022\/03\/dzialki-wojciecha-10.jpg\"><img loading=\"lazy\" decoding=\"async\" src=\"https:\/\/www.24gliwice.pl\/wiadomosci\/wp-content\/uploads\/2022\/03\/dzialki-wojciecha-10.jpg\" alt=\"\" width=\"810\" height=\"456\" class=\"alignnone size-full wp-image-188067\" srcset=\"https:\/\/www.24gliwice.pl\/wiadomosci\/wp-content\/uploads\/2022\/03\/dzialki-wojciecha-10.jpg 810w, https:\/\/www.24gliwice.pl\/wiadomosci\/wp-content\/uploads\/2022\/03\/dzialki-wojciecha-10-410x232.jpg 410w, https:\/\/www.24gliwice.pl\/wiadomosci\/wp-content\/uploads\/2022\/03\/dzialki-wojciecha-10-808x455.jpg 808w, https:\/\/www.24gliwice.pl\/wiadomosci\/wp-content\/uploads\/2022\/03\/dzialki-wojciecha-10-768x432.jpg 768w\" sizes=\"auto, (max-width: 810px) 100vw, 810px\" \/><\/a><\/p>\n<p>\u2013 <em>Dzia\u0142k\u0105 pomi\u0119dzy ulicami \u015bw. Wojciech i My\u015bliwsk\u0105 (nr 539\/3 obr. Szobiszowice) zainteresowani s\u0105 inwestorzy prywatni, a zgodnie z polityk\u0105 gospodarcz\u0105 miasta, w takim przypadku dzia\u0142ka powinna by\u0107 wystawiona na sprzeda\u017c w drodze przetargu, gdy\u017c zale\u017cy nam na rozwoju przedsi\u0119biorczo\u015bci w Gliwicach. Na dzia\u0142alno\u015b\u0107 miejskich sp\u00f3\u0142ek mo\u017cna przeznaczy\u0107 tereny z mniejszym potencja\u0142em biznesowym<\/em> \u2013 przekaza\u0142o w\u00f3wczas miasto w komunikacie. <\/p>\n<p><iframe src=\"https:\/\/www.google.com\/maps\/embed?pb=!4v1646816061471!6m8!1m7!1skP2m3y2qY-orsQsWRnHCqg!2m2!1d50.31669454472618!2d18.67590223215839!3f322.9383284665923!4f3.125208570203256!5f0.7820865974627469\" width=\"810\" height=\"450\" style=\"border:0;\" allowfullscreen=\"\" loading=\"lazy\"><\/iframe><\/p>\n<h4>Dzia\u0142ki obok cmentarza &#8211; co tu mo\u017ce powsta\u0107?<\/h4>\n<p>Zgodnie z ustaleniami miejscowego planu zagospodarowania przestrzennego teren obejmuj\u0105cy dzia\u0142k\u0119 nr 539\/3 obr. Szobiszowice, oznaczony jest symbolami: 1 Un oraz 10 ZU, dzia\u0142k\u0119 nr 540, obr\u0119b Szobiszowice, oznaczony jest symbolami: 2 ZU\/U oraz 10 ZU, dzia\u0142k\u0119 nr 541, obr\u0119b Szobiszowice, oznaczony jest symbolem: 2 ZU\/U. <\/p>\n<p><a href=\"https:\/\/www.24gliwice.pl\/wiadomosci\/wp-content\/uploads\/2022\/03\/dzialki-wojciecha-14.jpg\"><img loading=\"lazy\" decoding=\"async\" src=\"https:\/\/www.24gliwice.pl\/wiadomosci\/wp-content\/uploads\/2022\/03\/dzialki-wojciecha-14.jpg\" alt=\"\" width=\"810\" height=\"606\" class=\"alignnone size-full wp-image-188069\" srcset=\"https:\/\/www.24gliwice.pl\/wiadomosci\/wp-content\/uploads\/2022\/03\/dzialki-wojciecha-14.jpg 810w, https:\/\/www.24gliwice.pl\/wiadomosci\/wp-content\/uploads\/2022\/03\/dzialki-wojciecha-14-310x232.jpg 310w, https:\/\/www.24gliwice.pl\/wiadomosci\/wp-content\/uploads\/2022\/03\/dzialki-wojciecha-14-608x455.jpg 608w, https:\/\/www.24gliwice.pl\/wiadomosci\/wp-content\/uploads\/2022\/03\/dzialki-wojciecha-14-768x575.jpg 768w\" sizes=\"auto, (max-width: 810px) 100vw, 810px\" \/><\/a><\/p>\n<p><a href=\"https:\/\/www.24gliwice.pl\/wiadomosci\/wp-content\/uploads\/2022\/03\/dzialki-wojciecha-6.jpg\"><img loading=\"lazy\" decoding=\"async\" src=\"https:\/\/www.24gliwice.pl\/wiadomosci\/wp-content\/uploads\/2022\/03\/dzialki-wojciecha-6.jpg\" alt=\"\" width=\"810\" height=\"457\" class=\"alignnone size-full wp-image-188065\" srcset=\"https:\/\/www.24gliwice.pl\/wiadomosci\/wp-content\/uploads\/2022\/03\/dzialki-wojciecha-6.jpg 810w, https:\/\/www.24gliwice.pl\/wiadomosci\/wp-content\/uploads\/2022\/03\/dzialki-wojciecha-6-410x232.jpg 410w, https:\/\/www.24gliwice.pl\/wiadomosci\/wp-content\/uploads\/2022\/03\/dzialki-wojciecha-6-806x455.jpg 806w, https:\/\/www.24gliwice.pl\/wiadomosci\/wp-content\/uploads\/2022\/03\/dzialki-wojciecha-6-768x433.jpg 768w\" sizes=\"auto, (max-width: 810px) 100vw, 810px\" \/><\/a><\/p>\n<h4>Dla wskazanych teren\u00f3w plan ustala odpowiednio:<\/h4>\n<ul>\n<li><strong>1 Un<\/strong> &#8211; Tereny us\u0142ug r\u00f3\u017cnych &#8211; nowe. Przeznaczenie podstawowe &#8211; us\u0142ugi r\u00f3\u017cne. Przeznaczenie uzupe\u0142niaj\u0105ce stanowi zabudowa mieszkaniowa jednorodzinna i wielorodzinna, zabudowa gospodarcza (gara\u017ce, budynki pomocnicze), dojazdy i parkingi, sieci infrastruktury technicznej, ziele\u0144 urz\u0105dzona. Dla przedmiotowego terenu okre\u015blona zosta\u0142a nieprzekraczalna linia zabudowy od strony ul. \u015aw. Wojciecha.<\/li>\n<li><strong>10 ZU<\/strong> &#8211; Tereny zieleni urz\u0105dzonej. Przeznaczenie podstawowe &#8211; ziele\u0144 urz\u0105dzona. Przeznaczenie uzupe\u0142niaj\u0105ce to sieci infrastruktury technicznej, obiekty ma\u0142ej architektury, zabudowa altanowa \u2013 wy\u0142\u0105cznie na terenach funkcjonuj\u0105cych jako ogrody dzia\u0142kowe, doj\u015bcia i dojazdy.<\/li>\n<li><strong>2 ZU\/U<\/strong> &#8211; Tereny zieleni urz\u0105dzonej z mo\u017cliwo\u015bci\u0105 lokalizacji parking\u00f3w. Przeznaczenie podstawowe to ziele\u0144 urz\u0105dzona i parkingi. Przeznaczenie uzupe\u0142niaj\u0105ce stanowi\u0105 sieci infrastruktury technicznej, doj\u015bcia i dojazdy, obiekty ma\u0142ej architektury.<\/li>\n<\/ul>\n<p><a href=\"https:\/\/www.24gliwice.pl\/wiadomosci\/wp-content\/uploads\/2022\/03\/dzialki-wojciecha-5.jpg\"><img loading=\"lazy\" decoding=\"async\" src=\"https:\/\/www.24gliwice.pl\/wiadomosci\/wp-content\/uploads\/2022\/03\/dzialki-wojciecha-5.jpg\" alt=\"\" width=\"810\" height=\"457\" class=\"alignnone size-full wp-image-188064\" srcset=\"https:\/\/www.24gliwice.pl\/wiadomosci\/wp-content\/uploads\/2022\/03\/dzialki-wojciecha-5.jpg 810w, https:\/\/www.24gliwice.pl\/wiadomosci\/wp-content\/uploads\/2022\/03\/dzialki-wojciecha-5-410x232.jpg 410w, https:\/\/www.24gliwice.pl\/wiadomosci\/wp-content\/uploads\/2022\/03\/dzialki-wojciecha-5-806x455.jpg 806w, https:\/\/www.24gliwice.pl\/wiadomosci\/wp-content\/uploads\/2022\/03\/dzialki-wojciecha-5-768x433.jpg 768w\" sizes=\"auto, (max-width: 810px) 100vw, 810px\" \/><\/a><\/p>\n<p><a href=\"https:\/\/www.24gliwice.pl\/wiadomosci\/wp-content\/uploads\/2022\/03\/dzialki-wojciecha-2.jpg\"><img loading=\"lazy\" decoding=\"async\" src=\"https:\/\/www.24gliwice.pl\/wiadomosci\/wp-content\/uploads\/2022\/03\/dzialki-wojciecha-2.jpg\" alt=\"\" width=\"810\" height=\"457\" class=\"alignnone size-full wp-image-188062\" srcset=\"https:\/\/www.24gliwice.pl\/wiadomosci\/wp-content\/uploads\/2022\/03\/dzialki-wojciecha-2.jpg 810w, https:\/\/www.24gliwice.pl\/wiadomosci\/wp-content\/uploads\/2022\/03\/dzialki-wojciecha-2-410x232.jpg 410w, https:\/\/www.24gliwice.pl\/wiadomosci\/wp-content\/uploads\/2022\/03\/dzialki-wojciecha-2-806x455.jpg 806w, https:\/\/www.24gliwice.pl\/wiadomosci\/wp-content\/uploads\/2022\/03\/dzialki-wojciecha-2-768x433.jpg 768w\" sizes=\"auto, (max-width: 810px) 100vw, 810px\" \/><\/a><\/p>\n<p><a href=\"https:\/\/www.24gliwice.pl\/wiadomosci\/wp-content\/uploads\/2022\/03\/dzialki-wojciecha-1.jpg\"><img loading=\"lazy\" decoding=\"async\" src=\"https:\/\/www.24gliwice.pl\/wiadomosci\/wp-content\/uploads\/2022\/03\/dzialki-wojciecha-1.jpg\" alt=\"\" width=\"810\" height=\"606\" class=\"alignnone size-full wp-image-188061\" srcset=\"https:\/\/www.24gliwice.pl\/wiadomosci\/wp-content\/uploads\/2022\/03\/dzialki-wojciecha-1.jpg 810w, https:\/\/www.24gliwice.pl\/wiadomosci\/wp-content\/uploads\/2022\/03\/dzialki-wojciecha-1-310x232.jpg 310w, https:\/\/www.24gliwice.pl\/wiadomosci\/wp-content\/uploads\/2022\/03\/dzialki-wojciecha-1-608x455.jpg 608w, https:\/\/www.24gliwice.pl\/wiadomosci\/wp-content\/uploads\/2022\/03\/dzialki-wojciecha-1-768x575.jpg 768w\" sizes=\"auto, (max-width: 810px) 100vw, 810px\" \/><\/a><\/p>\n<p>Znajduj\u0105 si\u0119 tu gazoci\u0105gi wysokiego i podwy\u017cszonego \u015bredniego ci\u015bnienia \u2013 istniej\u0105ce wraz ze strefami bezpiecze\u0144stwa; gazoci\u0105gi \u015bredniego ci\u015bnienia \u2013 istniej\u0105ce wraz ze strefami bezpiecze\u0144stwa; a tak\u017ce strefa sanitarna cmentarza. <\/p>\n<p><a href=\"https:\/\/www.24gliwice.pl\/wiadomosci\/wp-content\/uploads\/2022\/03\/2022-03-09-1.png.jpg\"><img loading=\"lazy\" decoding=\"async\" src=\"https:\/\/www.24gliwice.pl\/wiadomosci\/wp-content\/uploads\/2022\/03\/2022-03-09-1.png.jpg\" alt=\"\" width=\"810\" height=\"456\" class=\"alignnone size-full wp-image-187993\" srcset=\"https:\/\/www.24gliwice.pl\/wiadomosci\/wp-content\/uploads\/2022\/03\/2022-03-09-1.png.jpg 810w, https:\/\/www.24gliwice.pl\/wiadomosci\/wp-content\/uploads\/2022\/03\/2022-03-09-1.png-410x232.jpg 410w, https:\/\/www.24gliwice.pl\/wiadomosci\/wp-content\/uploads\/2022\/03\/2022-03-09-1.png-808x455.jpg 808w, https:\/\/www.24gliwice.pl\/wiadomosci\/wp-content\/uploads\/2022\/03\/2022-03-09-1.png-768x432.jpg 768w\" sizes=\"auto, (max-width: 810px) 100vw, 810px\" \/><\/a><\/p>\n<p>Przy zagospodarowaniu przedmiotowego terenu, nale\u017cy uwzgl\u0119dni\u0107 ograniczenia wynikaj\u0105ce z przebiegu ww. sieci, strefy cmentarza i ustalonej linii zabudowy. <\/p>\n<p>(\u017cms)<br \/>\nfot. scr. MSIP Gliwice<\/p>\n<div class=\"gliwi-a5-na-koncu-artykulow gliwi-entity-placement\" id=\"gliwi-1071735857\"><div class=\"gliwi-adlabel\"><span style=\"font-size: 9px\">REKLAMA<\/span><\/div><div id=\"gliwi-3688411341\" style=\"margin-left: auto;margin-right: auto;text-align: center;\"><a data-no-instant=\"1\" href=\"https:\/\/www.jasek.pl\/\" rel=\"noopener\" class=\"a2t-link\" target=\"_blank\" aria-label=\"20200401-jasek 600\"><img loading=\"lazy\" decoding=\"async\" src=\"https:\/\/www.24gliwice.pl\/wiadomosci\/wp-content\/uploads\/2020\/04\/20200401-jasek-600.jpg\" alt=\"\"  srcset=\"https:\/\/www.24gliwice.pl\/wiadomosci\/wp-content\/uploads\/2020\/04\/20200401-jasek-600.jpg 600w, https:\/\/www.24gliwice.pl\/wiadomosci\/wp-content\/uploads\/2020\/04\/20200401-jasek-600-410x109.jpg 410w\" sizes=\"(max-width: 600px) 100vw, 600px\" class=\"no-lazyload\" width=\"600\" height=\"160\"  style=\"display: inline-block; max-width: 100%; height: auto;\" \/><\/a><\/div><\/div>","protected":false},"excerpt":{"rendered":"<p>Dzia\u0142ki obok cmentarza \u015bw. Wojciecha w dzielnicy Obro\u0144c\u00f3w Pokoju ponownie wystawiono na sprzeda\u017c. Cena wywo\u0142awcza za teren o powierzchni 5,36 ha, si\u0119gaj\u0105cy a\u017c do ul. My\u015bliwskiej, wynosi 12,4 mln z\u0142 brutto. &nbsp; 8 marca wiceprezydent Aleksandra Wysocka, kt\u00f3ra odpowiada m.in. za kwestie zwi\u0105zane z nieruchomo\u015bciami w naszym mie\u015bcie, podpisa\u0142a zarz\u0105dzenie o przeznaczeniu tego terenu do [&hellip;]<\/p>\n","protected":false},"author":15,"featured_media":188064,"comment_status":"open","ping_status":"closed","sticky":false,"template":"","format":"standard","meta":{"_monsterinsights_skip_tracking":false,"_monsterinsights_sitenote_active":false,"_monsterinsights_sitenote_note":"","_monsterinsights_sitenote_category":0,"footnotes":"","_links_to":"","_links_to_target":""},"categories":[3,1],"tags":[],"class_list":["post-187977","post","type-post","status-publish","format-standard","has-post-thumbnail","hentry","category-gliwice","category-wszystko"],"yoast_head":"<!-- This site is optimized with the Yoast SEO plugin v27.4 - https:\/\/yoast.com\/product\/yoast-seo-wordpress\/ -->\n<title>Mia\u0142 tu powsta\u0107 PSZOK, ale zaprotestowali mieszka\u0144cy. Dzia\u0142ki obok cmentarza trafi\u0142y na sprzeda\u017c - 24GLIWICE - Portal Gliwice | codziennie nowe informacje<\/title>\n<meta name=\"description\" content=\"Miasto wystawi\u0142o na sprzeda\u017c w drodze przetargu nieograniczonego prawo w\u0142asno\u015bci trzech dzia\u0142ek obok cmentarza \u015bw. Wojciecha\" \/>\n<meta name=\"robots\" content=\"index, follow, max-snippet:-1, max-image-preview:large, max-video-preview:-1\" \/>\n<link rel=\"canonical\" href=\"https:\/\/www.24gliwice.pl\/wiadomosci\/mial-tu-powstac-pszok-ale-zaprotestowali-mieszkancy-dzialki-obok-cmentarza-trafily-na-sprzedaz\/\" \/>\n<meta property=\"og:locale\" content=\"pl_PL\" \/>\n<meta property=\"og:type\" content=\"article\" \/>\n<meta property=\"og:title\" content=\"Mia\u0142 tu powsta\u0107 PSZOK, ale zaprotestowali mieszka\u0144cy. Dzia\u0142ki obok cmentarza trafi\u0142y na sprzeda\u017c - 24GLIWICE - Portal Gliwice | codziennie nowe informacje\" \/>\n<meta property=\"og:description\" content=\"Miasto wystawi\u0142o na sprzeda\u017c w drodze przetargu nieograniczonego prawo w\u0142asno\u015bci trzech dzia\u0142ek obok cmentarza \u015bw. Wojciecha\" \/>\n<meta property=\"og:url\" content=\"https:\/\/www.24gliwice.pl\/wiadomosci\/mial-tu-powstac-pszok-ale-zaprotestowali-mieszkancy-dzialki-obok-cmentarza-trafily-na-sprzedaz\/\" \/>\n<meta property=\"og:site_name\" content=\"24GLIWICE - Portal Gliwice | codziennie nowe informacje\" \/>\n<meta property=\"article:publisher\" content=\"https:\/\/www.facebook.com\/24gliwice\" \/>\n<meta property=\"article:published_time\" content=\"2022-03-10T13:20:06+00:00\" \/>\n<meta property=\"og:image\" content=\"https:\/\/www.24gliwice.pl\/wiadomosci\/wp-content\/uploads\/2022\/03\/dzialki-wojciecha-5.jpg\" \/>\n\t<meta property=\"og:image:width\" content=\"810\" \/>\n\t<meta property=\"og:image:height\" content=\"457\" \/>\n\t<meta property=\"og:image:type\" content=\"image\/jpeg\" \/>\n<meta name=\"author\" content=\"\u017baneta Mrozek-Siewierska\" \/>\n<meta name=\"twitter:card\" content=\"summary_large_image\" \/>\n<meta name=\"twitter:creator\" content=\"@24gliwice\" \/>\n<meta name=\"twitter:site\" content=\"@24gliwice\" \/>\n<meta name=\"twitter:label1\" content=\"Napisane przez\" \/>\n\t<meta name=\"twitter:data1\" content=\"\u017baneta Mrozek-Siewierska\" \/>\n\t<meta name=\"twitter:label2\" content=\"Szacowany czas czytania\" \/>\n\t<meta name=\"twitter:data2\" content=\"3 minuty\" \/>\n<script type=\"application\/ld+json\" class=\"yoast-schema-graph\">{\"@context\":\"https:\\\/\\\/schema.org\",\"@graph\":[{\"@type\":\"Article\",\"@id\":\"https:\\\/\\\/www.24gliwice.pl\\\/wiadomosci\\\/mial-tu-powstac-pszok-ale-zaprotestowali-mieszkancy-dzialki-obok-cmentarza-trafily-na-sprzedaz\\\/#article\",\"isPartOf\":{\"@id\":\"https:\\\/\\\/www.24gliwice.pl\\\/wiadomosci\\\/mial-tu-powstac-pszok-ale-zaprotestowali-mieszkancy-dzialki-obok-cmentarza-trafily-na-sprzedaz\\\/\"},\"author\":{\"name\":\"\u017baneta Mrozek-Siewierska\",\"@id\":\"https:\\\/\\\/www.24gliwice.pl\\\/wiadomosci\\\/#\\\/schema\\\/person\\\/e42c650edd7f2fa332be3811fb166b6e\"},\"headline\":\"Mia\u0142 tu powsta\u0107 PSZOK, ale zaprotestowali mieszka\u0144cy. Dzia\u0142ki obok cmentarza trafi\u0142y na sprzeda\u017c\",\"datePublished\":\"2022-03-10T13:20:06+00:00\",\"mainEntityOfPage\":{\"@id\":\"https:\\\/\\\/www.24gliwice.pl\\\/wiadomosci\\\/mial-tu-powstac-pszok-ale-zaprotestowali-mieszkancy-dzialki-obok-cmentarza-trafily-na-sprzedaz\\\/\"},\"wordCount\":578,\"commentCount\":0,\"publisher\":{\"@id\":\"https:\\\/\\\/www.24gliwice.pl\\\/wiadomosci\\\/#organization\"},\"image\":{\"@id\":\"https:\\\/\\\/www.24gliwice.pl\\\/wiadomosci\\\/mial-tu-powstac-pszok-ale-zaprotestowali-mieszkancy-dzialki-obok-cmentarza-trafily-na-sprzedaz\\\/#primaryimage\"},\"thumbnailUrl\":\"https:\\\/\\\/www.24gliwice.pl\\\/wiadomosci\\\/wp-content\\\/uploads\\\/2022\\\/03\\\/dzialki-wojciecha-5.jpg\",\"articleSection\":[\"Gliwice\",\"Najnowsze wiadomo\u015bci\"],\"inLanguage\":\"pl-PL\",\"potentialAction\":[{\"@type\":\"CommentAction\",\"name\":\"Comment\",\"target\":[\"https:\\\/\\\/www.24gliwice.pl\\\/wiadomosci\\\/mial-tu-powstac-pszok-ale-zaprotestowali-mieszkancy-dzialki-obok-cmentarza-trafily-na-sprzedaz\\\/#respond\"]}]},{\"@type\":\"WebPage\",\"@id\":\"https:\\\/\\\/www.24gliwice.pl\\\/wiadomosci\\\/mial-tu-powstac-pszok-ale-zaprotestowali-mieszkancy-dzialki-obok-cmentarza-trafily-na-sprzedaz\\\/\",\"url\":\"https:\\\/\\\/www.24gliwice.pl\\\/wiadomosci\\\/mial-tu-powstac-pszok-ale-zaprotestowali-mieszkancy-dzialki-obok-cmentarza-trafily-na-sprzedaz\\\/\",\"name\":\"Mia\u0142 tu powsta\u0107 PSZOK, ale zaprotestowali mieszka\u0144cy. Dzia\u0142ki obok cmentarza trafi\u0142y na sprzeda\u017c - 24GLIWICE - Portal Gliwice | codziennie nowe informacje\",\"isPartOf\":{\"@id\":\"https:\\\/\\\/www.24gliwice.pl\\\/wiadomosci\\\/#website\"},\"primaryImageOfPage\":{\"@id\":\"https:\\\/\\\/www.24gliwice.pl\\\/wiadomosci\\\/mial-tu-powstac-pszok-ale-zaprotestowali-mieszkancy-dzialki-obok-cmentarza-trafily-na-sprzedaz\\\/#primaryimage\"},\"image\":{\"@id\":\"https:\\\/\\\/www.24gliwice.pl\\\/wiadomosci\\\/mial-tu-powstac-pszok-ale-zaprotestowali-mieszkancy-dzialki-obok-cmentarza-trafily-na-sprzedaz\\\/#primaryimage\"},\"thumbnailUrl\":\"https:\\\/\\\/www.24gliwice.pl\\\/wiadomosci\\\/wp-content\\\/uploads\\\/2022\\\/03\\\/dzialki-wojciecha-5.jpg\",\"datePublished\":\"2022-03-10T13:20:06+00:00\",\"description\":\"Miasto wystawi\u0142o na sprzeda\u017c w drodze przetargu nieograniczonego prawo w\u0142asno\u015bci trzech dzia\u0142ek obok cmentarza \u015bw. Wojciecha\",\"breadcrumb\":{\"@id\":\"https:\\\/\\\/www.24gliwice.pl\\\/wiadomosci\\\/mial-tu-powstac-pszok-ale-zaprotestowali-mieszkancy-dzialki-obok-cmentarza-trafily-na-sprzedaz\\\/#breadcrumb\"},\"inLanguage\":\"pl-PL\",\"potentialAction\":[{\"@type\":\"ReadAction\",\"target\":[\"https:\\\/\\\/www.24gliwice.pl\\\/wiadomosci\\\/mial-tu-powstac-pszok-ale-zaprotestowali-mieszkancy-dzialki-obok-cmentarza-trafily-na-sprzedaz\\\/\"]}]},{\"@type\":\"ImageObject\",\"inLanguage\":\"pl-PL\",\"@id\":\"https:\\\/\\\/www.24gliwice.pl\\\/wiadomosci\\\/mial-tu-powstac-pszok-ale-zaprotestowali-mieszkancy-dzialki-obok-cmentarza-trafily-na-sprzedaz\\\/#primaryimage\",\"url\":\"https:\\\/\\\/www.24gliwice.pl\\\/wiadomosci\\\/wp-content\\\/uploads\\\/2022\\\/03\\\/dzialki-wojciecha-5.jpg\",\"contentUrl\":\"https:\\\/\\\/www.24gliwice.pl\\\/wiadomosci\\\/wp-content\\\/uploads\\\/2022\\\/03\\\/dzialki-wojciecha-5.jpg\",\"width\":810,\"height\":457},{\"@type\":\"BreadcrumbList\",\"@id\":\"https:\\\/\\\/www.24gliwice.pl\\\/wiadomosci\\\/mial-tu-powstac-pszok-ale-zaprotestowali-mieszkancy-dzialki-obok-cmentarza-trafily-na-sprzedaz\\\/#breadcrumb\",\"itemListElement\":[{\"@type\":\"ListItem\",\"position\":1,\"name\":\"Strona g\u0142\u00f3wna\",\"item\":\"https:\\\/\\\/www.24gliwice.pl\\\/wiadomosci\\\/\"},{\"@type\":\"ListItem\",\"position\":2,\"name\":\"Mia\u0142 tu powsta\u0107 PSZOK, ale zaprotestowali mieszka\u0144cy. Dzia\u0142ki obok cmentarza trafi\u0142y na sprzeda\u017c\"}]},{\"@type\":\"WebSite\",\"@id\":\"https:\\\/\\\/www.24gliwice.pl\\\/wiadomosci\\\/#website\",\"url\":\"https:\\\/\\\/www.24gliwice.pl\\\/wiadomosci\\\/\",\"name\":\"24GLIWICE - Portal Gliwice | codziennie nowe wiadomo\u015bci\",\"description\":\"Portal Miejski Gliwice\",\"publisher\":{\"@id\":\"https:\\\/\\\/www.24gliwice.pl\\\/wiadomosci\\\/#organization\"},\"potentialAction\":[{\"@type\":\"SearchAction\",\"target\":{\"@type\":\"EntryPoint\",\"urlTemplate\":\"https:\\\/\\\/www.24gliwice.pl\\\/wiadomosci\\\/?s={search_term_string}\"},\"query-input\":{\"@type\":\"PropertyValueSpecification\",\"valueRequired\":true,\"valueName\":\"search_term_string\"}}],\"inLanguage\":\"pl-PL\"},{\"@type\":\"Organization\",\"@id\":\"https:\\\/\\\/www.24gliwice.pl\\\/wiadomosci\\\/#organization\",\"name\":\"24gliwice\",\"url\":\"https:\\\/\\\/www.24gliwice.pl\\\/wiadomosci\\\/\",\"logo\":{\"@type\":\"ImageObject\",\"inLanguage\":\"pl-PL\",\"@id\":\"https:\\\/\\\/www.24gliwice.pl\\\/wiadomosci\\\/#\\\/schema\\\/logo\\\/image\\\/\",\"url\":\"https:\\\/\\\/www.24gliwice.pl\\\/wiadomosci\\\/wp-content\\\/uploads\\\/2024\\\/10\\\/24gliwice-logo-696.jpg\",\"contentUrl\":\"https:\\\/\\\/www.24gliwice.pl\\\/wiadomosci\\\/wp-content\\\/uploads\\\/2024\\\/10\\\/24gliwice-logo-696.jpg\",\"width\":696,\"height\":696,\"caption\":\"24gliwice\"},\"image\":{\"@id\":\"https:\\\/\\\/www.24gliwice.pl\\\/wiadomosci\\\/#\\\/schema\\\/logo\\\/image\\\/\"},\"sameAs\":[\"https:\\\/\\\/www.facebook.com\\\/24gliwice\",\"https:\\\/\\\/x.com\\\/24gliwice\",\"https:\\\/\\\/www.youtube.com\\\/@24gliwice\"]},{\"@type\":\"Person\",\"@id\":\"https:\\\/\\\/www.24gliwice.pl\\\/wiadomosci\\\/#\\\/schema\\\/person\\\/e42c650edd7f2fa332be3811fb166b6e\",\"name\":\"\u017baneta Mrozek-Siewierska\",\"image\":{\"@type\":\"ImageObject\",\"inLanguage\":\"pl-PL\",\"@id\":\"https:\\\/\\\/www.24gliwice.pl\\\/wiadomosci\\\/wp-content\\\/uploads\\\/2021\\\/11\\\/Zaneta-M_S-zdjecie-czb-96x96.jpg\",\"url\":\"https:\\\/\\\/www.24gliwice.pl\\\/wiadomosci\\\/wp-content\\\/uploads\\\/2021\\\/11\\\/Zaneta-M_S-zdjecie-czb-96x96.jpg\",\"contentUrl\":\"https:\\\/\\\/www.24gliwice.pl\\\/wiadomosci\\\/wp-content\\\/uploads\\\/2021\\\/11\\\/Zaneta-M_S-zdjecie-czb-96x96.jpg\",\"caption\":\"\u017baneta Mrozek-Siewierska\"},\"url\":\"https:\\\/\\\/www.24gliwice.pl\\\/wiadomosci\\\/author\\\/zms\\\/\"}]}<\/script>\n<!-- \/ Yoast SEO plugin. -->","yoast_head_json":{"title":"Mia\u0142 tu powsta\u0107 PSZOK, ale zaprotestowali mieszka\u0144cy. Dzia\u0142ki obok cmentarza trafi\u0142y na sprzeda\u017c - 24GLIWICE - Portal Gliwice | codziennie nowe informacje","description":"Miasto wystawi\u0142o na sprzeda\u017c w drodze przetargu nieograniczonego prawo w\u0142asno\u015bci trzech dzia\u0142ek obok cmentarza \u015bw. Wojciecha","robots":{"index":"index","follow":"follow","max-snippet":"max-snippet:-1","max-image-preview":"max-image-preview:large","max-video-preview":"max-video-preview:-1"},"canonical":"https:\/\/www.24gliwice.pl\/wiadomosci\/mial-tu-powstac-pszok-ale-zaprotestowali-mieszkancy-dzialki-obok-cmentarza-trafily-na-sprzedaz\/","og_locale":"pl_PL","og_type":"article","og_title":"Mia\u0142 tu powsta\u0107 PSZOK, ale zaprotestowali mieszka\u0144cy. Dzia\u0142ki obok cmentarza trafi\u0142y na sprzeda\u017c - 24GLIWICE - Portal Gliwice | codziennie nowe informacje","og_description":"Miasto wystawi\u0142o na sprzeda\u017c w drodze przetargu nieograniczonego prawo w\u0142asno\u015bci trzech dzia\u0142ek obok cmentarza \u015bw. Wojciecha","og_url":"https:\/\/www.24gliwice.pl\/wiadomosci\/mial-tu-powstac-pszok-ale-zaprotestowali-mieszkancy-dzialki-obok-cmentarza-trafily-na-sprzedaz\/","og_site_name":"24GLIWICE - Portal Gliwice | codziennie nowe informacje","article_publisher":"https:\/\/www.facebook.com\/24gliwice","article_published_time":"2022-03-10T13:20:06+00:00","og_image":[{"width":810,"height":457,"url":"https:\/\/www.24gliwice.pl\/wiadomosci\/wp-content\/uploads\/2022\/03\/dzialki-wojciecha-5.jpg","type":"image\/jpeg"}],"author":"\u017baneta Mrozek-Siewierska","twitter_card":"summary_large_image","twitter_creator":"@24gliwice","twitter_site":"@24gliwice","twitter_misc":{"Napisane przez":"\u017baneta Mrozek-Siewierska","Szacowany czas czytania":"3 minuty"},"schema":{"@context":"https:\/\/schema.org","@graph":[{"@type":"Article","@id":"https:\/\/www.24gliwice.pl\/wiadomosci\/mial-tu-powstac-pszok-ale-zaprotestowali-mieszkancy-dzialki-obok-cmentarza-trafily-na-sprzedaz\/#article","isPartOf":{"@id":"https:\/\/www.24gliwice.pl\/wiadomosci\/mial-tu-powstac-pszok-ale-zaprotestowali-mieszkancy-dzialki-obok-cmentarza-trafily-na-sprzedaz\/"},"author":{"name":"\u017baneta Mrozek-Siewierska","@id":"https:\/\/www.24gliwice.pl\/wiadomosci\/#\/schema\/person\/e42c650edd7f2fa332be3811fb166b6e"},"headline":"Mia\u0142 tu powsta\u0107 PSZOK, ale zaprotestowali mieszka\u0144cy. Dzia\u0142ki obok cmentarza trafi\u0142y na sprzeda\u017c","datePublished":"2022-03-10T13:20:06+00:00","mainEntityOfPage":{"@id":"https:\/\/www.24gliwice.pl\/wiadomosci\/mial-tu-powstac-pszok-ale-zaprotestowali-mieszkancy-dzialki-obok-cmentarza-trafily-na-sprzedaz\/"},"wordCount":578,"commentCount":0,"publisher":{"@id":"https:\/\/www.24gliwice.pl\/wiadomosci\/#organization"},"image":{"@id":"https:\/\/www.24gliwice.pl\/wiadomosci\/mial-tu-powstac-pszok-ale-zaprotestowali-mieszkancy-dzialki-obok-cmentarza-trafily-na-sprzedaz\/#primaryimage"},"thumbnailUrl":"https:\/\/www.24gliwice.pl\/wiadomosci\/wp-content\/uploads\/2022\/03\/dzialki-wojciecha-5.jpg","articleSection":["Gliwice","Najnowsze wiadomo\u015bci"],"inLanguage":"pl-PL","potentialAction":[{"@type":"CommentAction","name":"Comment","target":["https:\/\/www.24gliwice.pl\/wiadomosci\/mial-tu-powstac-pszok-ale-zaprotestowali-mieszkancy-dzialki-obok-cmentarza-trafily-na-sprzedaz\/#respond"]}]},{"@type":"WebPage","@id":"https:\/\/www.24gliwice.pl\/wiadomosci\/mial-tu-powstac-pszok-ale-zaprotestowali-mieszkancy-dzialki-obok-cmentarza-trafily-na-sprzedaz\/","url":"https:\/\/www.24gliwice.pl\/wiadomosci\/mial-tu-powstac-pszok-ale-zaprotestowali-mieszkancy-dzialki-obok-cmentarza-trafily-na-sprzedaz\/","name":"Mia\u0142 tu powsta\u0107 PSZOK, ale zaprotestowali mieszka\u0144cy. Dzia\u0142ki obok cmentarza trafi\u0142y na sprzeda\u017c - 24GLIWICE - Portal Gliwice | codziennie nowe informacje","isPartOf":{"@id":"https:\/\/www.24gliwice.pl\/wiadomosci\/#website"},"primaryImageOfPage":{"@id":"https:\/\/www.24gliwice.pl\/wiadomosci\/mial-tu-powstac-pszok-ale-zaprotestowali-mieszkancy-dzialki-obok-cmentarza-trafily-na-sprzedaz\/#primaryimage"},"image":{"@id":"https:\/\/www.24gliwice.pl\/wiadomosci\/mial-tu-powstac-pszok-ale-zaprotestowali-mieszkancy-dzialki-obok-cmentarza-trafily-na-sprzedaz\/#primaryimage"},"thumbnailUrl":"https:\/\/www.24gliwice.pl\/wiadomosci\/wp-content\/uploads\/2022\/03\/dzialki-wojciecha-5.jpg","datePublished":"2022-03-10T13:20:06+00:00","description":"Miasto wystawi\u0142o na sprzeda\u017c w drodze przetargu nieograniczonego prawo w\u0142asno\u015bci trzech dzia\u0142ek obok cmentarza \u015bw. Wojciecha","breadcrumb":{"@id":"https:\/\/www.24gliwice.pl\/wiadomosci\/mial-tu-powstac-pszok-ale-zaprotestowali-mieszkancy-dzialki-obok-cmentarza-trafily-na-sprzedaz\/#breadcrumb"},"inLanguage":"pl-PL","potentialAction":[{"@type":"ReadAction","target":["https:\/\/www.24gliwice.pl\/wiadomosci\/mial-tu-powstac-pszok-ale-zaprotestowali-mieszkancy-dzialki-obok-cmentarza-trafily-na-sprzedaz\/"]}]},{"@type":"ImageObject","inLanguage":"pl-PL","@id":"https:\/\/www.24gliwice.pl\/wiadomosci\/mial-tu-powstac-pszok-ale-zaprotestowali-mieszkancy-dzialki-obok-cmentarza-trafily-na-sprzedaz\/#primaryimage","url":"https:\/\/www.24gliwice.pl\/wiadomosci\/wp-content\/uploads\/2022\/03\/dzialki-wojciecha-5.jpg","contentUrl":"https:\/\/www.24gliwice.pl\/wiadomosci\/wp-content\/uploads\/2022\/03\/dzialki-wojciecha-5.jpg","width":810,"height":457},{"@type":"BreadcrumbList","@id":"https:\/\/www.24gliwice.pl\/wiadomosci\/mial-tu-powstac-pszok-ale-zaprotestowali-mieszkancy-dzialki-obok-cmentarza-trafily-na-sprzedaz\/#breadcrumb","itemListElement":[{"@type":"ListItem","position":1,"name":"Strona g\u0142\u00f3wna","item":"https:\/\/www.24gliwice.pl\/wiadomosci\/"},{"@type":"ListItem","position":2,"name":"Mia\u0142 tu powsta\u0107 PSZOK, ale zaprotestowali mieszka\u0144cy. Dzia\u0142ki obok cmentarza trafi\u0142y na sprzeda\u017c"}]},{"@type":"WebSite","@id":"https:\/\/www.24gliwice.pl\/wiadomosci\/#website","url":"https:\/\/www.24gliwice.pl\/wiadomosci\/","name":"24GLIWICE - Portal Gliwice | codziennie nowe wiadomo\u015bci","description":"Portal Miejski Gliwice","publisher":{"@id":"https:\/\/www.24gliwice.pl\/wiadomosci\/#organization"},"potentialAction":[{"@type":"SearchAction","target":{"@type":"EntryPoint","urlTemplate":"https:\/\/www.24gliwice.pl\/wiadomosci\/?s={search_term_string}"},"query-input":{"@type":"PropertyValueSpecification","valueRequired":true,"valueName":"search_term_string"}}],"inLanguage":"pl-PL"},{"@type":"Organization","@id":"https:\/\/www.24gliwice.pl\/wiadomosci\/#organization","name":"24gliwice","url":"https:\/\/www.24gliwice.pl\/wiadomosci\/","logo":{"@type":"ImageObject","inLanguage":"pl-PL","@id":"https:\/\/www.24gliwice.pl\/wiadomosci\/#\/schema\/logo\/image\/","url":"https:\/\/www.24gliwice.pl\/wiadomosci\/wp-content\/uploads\/2024\/10\/24gliwice-logo-696.jpg","contentUrl":"https:\/\/www.24gliwice.pl\/wiadomosci\/wp-content\/uploads\/2024\/10\/24gliwice-logo-696.jpg","width":696,"height":696,"caption":"24gliwice"},"image":{"@id":"https:\/\/www.24gliwice.pl\/wiadomosci\/#\/schema\/logo\/image\/"},"sameAs":["https:\/\/www.facebook.com\/24gliwice","https:\/\/x.com\/24gliwice","https:\/\/www.youtube.com\/@24gliwice"]},{"@type":"Person","@id":"https:\/\/www.24gliwice.pl\/wiadomosci\/#\/schema\/person\/e42c650edd7f2fa332be3811fb166b6e","name":"\u017baneta Mrozek-Siewierska","image":{"@type":"ImageObject","inLanguage":"pl-PL","@id":"https:\/\/www.24gliwice.pl\/wiadomosci\/wp-content\/uploads\/2021\/11\/Zaneta-M_S-zdjecie-czb-96x96.jpg","url":"https:\/\/www.24gliwice.pl\/wiadomosci\/wp-content\/uploads\/2021\/11\/Zaneta-M_S-zdjecie-czb-96x96.jpg","contentUrl":"https:\/\/www.24gliwice.pl\/wiadomosci\/wp-content\/uploads\/2021\/11\/Zaneta-M_S-zdjecie-czb-96x96.jpg","caption":"\u017baneta Mrozek-Siewierska"},"url":"https:\/\/www.24gliwice.pl\/wiadomosci\/author\/zms\/"}]}},"_links":{"self":[{"href":"https:\/\/www.24gliwice.pl\/wiadomosci\/wp-json\/wp\/v2\/posts\/187977","targetHints":{"allow":["GET"]}}],"collection":[{"href":"https:\/\/www.24gliwice.pl\/wiadomosci\/wp-json\/wp\/v2\/posts"}],"about":[{"href":"https:\/\/www.24gliwice.pl\/wiadomosci\/wp-json\/wp\/v2\/types\/post"}],"author":[{"embeddable":true,"href":"https:\/\/www.24gliwice.pl\/wiadomosci\/wp-json\/wp\/v2\/users\/15"}],"replies":[{"embeddable":true,"href":"https:\/\/www.24gliwice.pl\/wiadomosci\/wp-json\/wp\/v2\/comments?post=187977"}],"version-history":[{"count":19,"href":"https:\/\/www.24gliwice.pl\/wiadomosci\/wp-json\/wp\/v2\/posts\/187977\/revisions"}],"predecessor-version":[{"id":188135,"href":"https:\/\/www.24gliwice.pl\/wiadomosci\/wp-json\/wp\/v2\/posts\/187977\/revisions\/188135"}],"wp:featuredmedia":[{"embeddable":true,"href":"https:\/\/www.24gliwice.pl\/wiadomosci\/wp-json\/wp\/v2\/media\/188064"}],"wp:attachment":[{"href":"https:\/\/www.24gliwice.pl\/wiadomosci\/wp-json\/wp\/v2\/media?parent=187977"}],"wp:term":[{"taxonomy":"category","embeddable":true,"href":"https:\/\/www.24gliwice.pl\/wiadomosci\/wp-json\/wp\/v2\/categories?post=187977"},{"taxonomy":"post_tag","embeddable":true,"href":"https:\/\/www.24gliwice.pl\/wiadomosci\/wp-json\/wp\/v2\/tags?post=187977"}],"curies":[{"name":"wp","href":"https:\/\/api.w.org\/{rel}","templated":true}]}}