{"id":188311,"date":"2022-03-14T15:12:48","date_gmt":"2022-03-14T14:12:48","guid":{"rendered":"https:\/\/www.24gliwice.pl\/wiadomosci\/?p=188311"},"modified":"2022-03-14T15:12:48","modified_gmt":"2022-03-14T14:12:48","slug":"arena-zyskala-patrona-to-zalozyciel-pierwszej-sekcji-lekkoatletycznej-w-gliwickim-piascie","status":"publish","type":"post","link":"https:\/\/www.24gliwice.pl\/wiadomosci\/arena-zyskala-patrona-to-zalozyciel-pierwszej-sekcji-lekkoatletycznej-w-gliwickim-piascie\/","title":{"rendered":"Arena zyska\u0142a patrona. To za\u0142o\u017cyciel pierwszej sekcji lekkoatletycznej w gliwickim Pia\u015bcie"},"content":{"rendered":"<div class=\"gliwi-a6-nad-leadem-artykulow gliwi-entity-placement\" id=\"gliwi-321014510\"><div class=\"gliwi-adlabel\"><span style=\"font-size: 9px\">REKLAMA<\/span><\/div><div id=\"gliwi-992707582\" style=\"margin-bottom: 30px;margin-left: auto;margin-right: auto;text-align: center;\"><a data-no-instant=\"1\" href=\"https:\/\/przedszkole.halogen.org.pl\/\" rel=\"noopener\" class=\"a2t-link\" target=\"_blank\" aria-label=\"20260402-ANIMATOR-przedszkole_grafika_750x200\"><img loading=\"lazy\" decoding=\"async\" src=\"https:\/\/www.24gliwice.pl\/wiadomosci\/wp-content\/uploads\/2026\/04\/20260402-ANIMATOR-przedszkole_grafika_750x200.webp\" alt=\"\"  srcset=\"https:\/\/www.24gliwice.pl\/wiadomosci\/wp-content\/uploads\/2026\/04\/20260402-ANIMATOR-przedszkole_grafika_750x200.webp 750w, https:\/\/www.24gliwice.pl\/wiadomosci\/wp-content\/uploads\/2026\/04\/20260402-ANIMATOR-przedszkole_grafika_750x200-410x109.webp 410w\" sizes=\"(max-width: 750px) 100vw, 750px\" class=\"no-lazyload\" width=\"750\" height=\"200\"  style=\"display: inline-block; max-width: 100%; height: auto;\" \/><\/a><\/div><\/div><h2>Arena Lekkoatletyczna przy ul. Syriusza zyska\u0142a patrona. To Eugeniusz Bieniasz &#8211; za\u0142o\u017cyciel pierwszej sekcji lekkoatletycznej w gliwickim Pia\u015bcie, repatriant, trener, a przed wojn\u0105 biegacz reprezentuj\u0105cy barwy Pogoni Lw\u00f3w. <\/h2>\n<p>&nbsp;<br \/>\nUchwa\u0142a w tej sprawie zosta\u0142a podj\u0119ta na marcowej sesji Rady Miasta Gliwice na wniosek grupy radnych i prezydenta miasta.<\/p>\n<p><strong>Eugeniusz Bieniasz<\/strong> (ur. 29 marca 1910 r., zm. 15 sierpnia 1968 r.) przyby\u0142 do Gliwic razem z repatriantami z dawnych Kres\u00f3w Wschodnich Rzeczypospolitej. By\u0142 za\u0142o\u017cycielem pierwszej, powo\u0142anej w 1945 r., sekcji lekkoatletycznej przy klubie sportowym Piast. <\/p><div class=\"gliwi-a3-w-tresci-artykulow gliwi-entity-placement\" id=\"gliwi-1222686914\"><div class=\"gliwi-adlabel\"><span style=\"font-size: 9px\">REKLAMA<\/span><\/div><div id=\"gliwi-652344456\" style=\"margin-bottom: 30px;margin-left: auto;margin-right: auto;text-align: center;\"><a data-no-instant=\"1\" href=\"https:\/\/zlobek.halogen.org.pl\/\" rel=\"noopener\" class=\"a2t-link\" target=\"_blank\" aria-label=\"animator-zlobek_750x200\"><img loading=\"lazy\" decoding=\"async\" src=\"https:\/\/www.24gliwice.pl\/wiadomosci\/wp-content\/uploads\/2026\/02\/animator-zlobek_750x200.webp\" alt=\"\"  srcset=\"https:\/\/www.24gliwice.pl\/wiadomosci\/wp-content\/uploads\/2026\/02\/animator-zlobek_750x200.webp 750w, https:\/\/www.24gliwice.pl\/wiadomosci\/wp-content\/uploads\/2026\/02\/animator-zlobek_750x200-410x109.webp 410w\" sizes=\"(max-width: 750px) 100vw, 750px\" class=\"no-lazyload\" width=\"750\" height=\"200\"  style=\"display: inline-block; max-width: 100%; height: auto;\" \/><\/a><\/div><\/div>\n<h4>Przed II wojn\u0105 \u015bwiatow\u0105 by\u0142 zawodnikiem Pogoni Lw\u00f3w, w  barwach kt\u00f3rej biega\u0142 na \u015brednich i d\u0142ugich dystansach. Po zako\u0144czeniu kariery sportowej po\u015bwi\u0119ci\u0142 si\u0119 dzia\u0142alno\u015bci szkoleniowej. <\/h4>\n<p>Pod jego okiem trenowali czo\u0142owi \u015bl\u0105scy lekkoatleci: <strong>Czajkowski, Holajn, Wojtowicz, Go\u0142aszewski, Styrna<\/strong>. Z lekk\u0105 atletyk\u0105 zwi\u0105zany by\u0142 przez ca\u0142e \u017cycie. Opr\u00f3cz pracy dydaktycznej, pe\u0142ni\u0142 funkcj\u0119 przewodnicz\u0105cego Komitetu Kultury Fizycznej i Turystyki, a tak\u017ce s\u0119dziego lekkoatletycznego.<\/p>\n<p>W uznaniu jego zas\u0142ug dla miasta grupa gliwickich radnych, przy poparciu spo\u0142eczno\u015bci szkolnej ZSO nr 8 i prezydenta Gliwic, wyst\u0105pi\u0142a o upami\u0119tnienie go poprzez nadanie arenie lekkoatletycznej przy ul. Syriusza imienia Eugeniusza Bieniasza. Jak poinformowali w uzasadnieniu uchwa\u0142y wnioskodawcy, w ZSO nr 8 zosta\u0142y ju\u017c podj\u0119te dzia\u0142ania maj\u0105ce na celu przybli\u017cenie uczniom postaci sportowca.<\/p>\n<p>(\u017cms)\/UM Gliwice<br \/>\nfot. 24gliwice.pl<\/p>\n<div class=\"gliwi-a5-na-koncu-artykulow gliwi-entity-placement\" id=\"gliwi-1748687440\"><div class=\"gliwi-adlabel\"><span style=\"font-size: 9px\">REKLAMA<\/span><\/div><div id=\"gliwi-165673748\" style=\"margin-left: auto;margin-right: auto;text-align: center;\"><a data-no-instant=\"1\" href=\"https:\/\/prezeroarenagliwice.pl\/\" rel=\"noopener\" class=\"a2t-link\" target=\"_blank\" aria-label=\"20260309-PREZERO-WIOSNA-D\"><img loading=\"lazy\" decoding=\"async\" src=\"https:\/\/www.24gliwice.pl\/wiadomosci\/wp-content\/uploads\/2026\/03\/20260309-PREZERO-WIOSNA-D.webp\" alt=\"\"  srcset=\"https:\/\/www.24gliwice.pl\/wiadomosci\/wp-content\/uploads\/2026\/03\/20260309-PREZERO-WIOSNA-D.webp 750w, https:\/\/www.24gliwice.pl\/wiadomosci\/wp-content\/uploads\/2026\/03\/20260309-PREZERO-WIOSNA-D-410x109.webp 410w\" sizes=\"(max-width: 750px) 100vw, 750px\" class=\"no-lazyload\" width=\"750\" height=\"200\"  style=\"display: inline-block; max-width: 100%; height: auto;\" \/><\/a><\/div><\/div>","protected":false},"excerpt":{"rendered":"<p>Arena Lekkoatletyczna przy ul. Syriusza zyska\u0142a patrona. To Eugeniusz Bieniasz &#8211; za\u0142o\u017cyciel pierwszej sekcji lekkoatletycznej w gliwickim Pia\u015bcie, repatriant, trener, a przed wojn\u0105 biegacz reprezentuj\u0105cy barwy Pogoni Lw\u00f3w. &nbsp; Uchwa\u0142a w tej sprawie zosta\u0142a podj\u0119ta na marcowej sesji Rady Miasta Gliwice na wniosek grupy radnych i prezydenta miasta. Eugeniusz Bieniasz (ur. 29 marca 1910 r., [&hellip;]<\/p>\n","protected":false},"author":15,"featured_media":137018,"comment_status":"open","ping_status":"closed","sticky":false,"template":"","format":"standard","meta":{"_monsterinsights_skip_tracking":false,"_monsterinsights_sitenote_active":false,"_monsterinsights_sitenote_note":"","_monsterinsights_sitenote_category":0,"footnotes":"","_links_to":"","_links_to_target":""},"categories":[3,6,1],"tags":[],"class_list":["post-188311","post","type-post","status-publish","format-standard","has-post-thumbnail","hentry","category-gliwice","category-kultura","category-wszystko"],"yoast_head":"<!-- This site is optimized with the Yoast SEO plugin v27.4 - https:\/\/yoast.com\/product\/yoast-seo-wordpress\/ -->\n<title>Arena zyska\u0142a patrona. To za\u0142o\u017cyciel pierwszej sekcji lekkoatletycznej w gliwickim Pia\u015bcie - 24GLIWICE - Portal Gliwice | codziennie nowe informacje<\/title>\n<meta name=\"description\" content=\"Arena lekkoatletyczna przy ul. Syriusza ma nowego patrona. Zosta\u0142 nim Eugeniusz Bieniasz, za\u0142o\u017cyciel pierwszej sekcji lekkoatletycznej\" \/>\n<meta name=\"robots\" content=\"index, follow, max-snippet:-1, max-image-preview:large, max-video-preview:-1\" \/>\n<link rel=\"canonical\" href=\"https:\/\/www.24gliwice.pl\/wiadomosci\/arena-zyskala-patrona-to-zalozyciel-pierwszej-sekcji-lekkoatletycznej-w-gliwickim-piascie\/\" \/>\n<meta property=\"og:locale\" content=\"pl_PL\" \/>\n<meta property=\"og:type\" content=\"article\" \/>\n<meta property=\"og:title\" content=\"Arena zyska\u0142a patrona. To za\u0142o\u017cyciel pierwszej sekcji lekkoatletycznej w gliwickim Pia\u015bcie - 24GLIWICE - Portal Gliwice | codziennie nowe informacje\" \/>\n<meta property=\"og:description\" content=\"Arena lekkoatletyczna przy ul. Syriusza ma nowego patrona. Zosta\u0142 nim Eugeniusz Bieniasz, za\u0142o\u017cyciel pierwszej sekcji lekkoatletycznej\" \/>\n<meta property=\"og:url\" content=\"https:\/\/www.24gliwice.pl\/wiadomosci\/arena-zyskala-patrona-to-zalozyciel-pierwszej-sekcji-lekkoatletycznej-w-gliwickim-piascie\/\" \/>\n<meta property=\"og:site_name\" content=\"24GLIWICE - Portal Gliwice | codziennie nowe informacje\" \/>\n<meta property=\"article:publisher\" content=\"https:\/\/www.facebook.com\/24gliwice\" \/>\n<meta property=\"article:published_time\" content=\"2022-03-14T14:12:48+00:00\" \/>\n<meta property=\"og:image\" content=\"https:\/\/www.24gliwice.pl\/wiadomosci\/wp-content\/uploads\/2019\/06\/arena-lekkoatletyczna-syriusza.jpg\" \/>\n\t<meta property=\"og:image:width\" content=\"3920\" \/>\n\t<meta property=\"og:image:height\" content=\"2160\" \/>\n\t<meta property=\"og:image:type\" content=\"image\/jpeg\" \/>\n<meta name=\"author\" content=\"\u017baneta Mrozek-Siewierska\" \/>\n<meta name=\"twitter:card\" content=\"summary_large_image\" \/>\n<meta name=\"twitter:creator\" content=\"@24gliwice\" \/>\n<meta name=\"twitter:site\" content=\"@24gliwice\" \/>\n<meta name=\"twitter:label1\" content=\"Napisane przez\" \/>\n\t<meta name=\"twitter:data1\" content=\"\u017baneta Mrozek-Siewierska\" \/>\n\t<meta name=\"twitter:label2\" content=\"Szacowany czas czytania\" \/>\n\t<meta name=\"twitter:data2\" content=\"1 minuta\" \/>\n<script type=\"application\/ld+json\" class=\"yoast-schema-graph\">{\"@context\":\"https:\\\/\\\/schema.org\",\"@graph\":[{\"@type\":\"Article\",\"@id\":\"https:\\\/\\\/www.24gliwice.pl\\\/wiadomosci\\\/arena-zyskala-patrona-to-zalozyciel-pierwszej-sekcji-lekkoatletycznej-w-gliwickim-piascie\\\/#article\",\"isPartOf\":{\"@id\":\"https:\\\/\\\/www.24gliwice.pl\\\/wiadomosci\\\/arena-zyskala-patrona-to-zalozyciel-pierwszej-sekcji-lekkoatletycznej-w-gliwickim-piascie\\\/\"},\"author\":{\"name\":\"\u017baneta Mrozek-Siewierska\",\"@id\":\"https:\\\/\\\/www.24gliwice.pl\\\/wiadomosci\\\/#\\\/schema\\\/person\\\/e42c650edd7f2fa332be3811fb166b6e\"},\"headline\":\"Arena zyska\u0142a patrona. To za\u0142o\u017cyciel pierwszej sekcji lekkoatletycznej w gliwickim Pia\u015bcie\",\"datePublished\":\"2022-03-14T14:12:48+00:00\",\"mainEntityOfPage\":{\"@id\":\"https:\\\/\\\/www.24gliwice.pl\\\/wiadomosci\\\/arena-zyskala-patrona-to-zalozyciel-pierwszej-sekcji-lekkoatletycznej-w-gliwickim-piascie\\\/\"},\"wordCount\":255,\"commentCount\":0,\"publisher\":{\"@id\":\"https:\\\/\\\/www.24gliwice.pl\\\/wiadomosci\\\/#organization\"},\"image\":{\"@id\":\"https:\\\/\\\/www.24gliwice.pl\\\/wiadomosci\\\/arena-zyskala-patrona-to-zalozyciel-pierwszej-sekcji-lekkoatletycznej-w-gliwickim-piascie\\\/#primaryimage\"},\"thumbnailUrl\":\"https:\\\/\\\/www.24gliwice.pl\\\/wiadomosci\\\/wp-content\\\/uploads\\\/2019\\\/06\\\/arena-lekkoatletyczna-syriusza.jpg\",\"articleSection\":[\"Gliwice\",\"Kultura, wydarzenia, imprezy\",\"Najnowsze wiadomo\u015bci\"],\"inLanguage\":\"pl-PL\",\"potentialAction\":[{\"@type\":\"CommentAction\",\"name\":\"Comment\",\"target\":[\"https:\\\/\\\/www.24gliwice.pl\\\/wiadomosci\\\/arena-zyskala-patrona-to-zalozyciel-pierwszej-sekcji-lekkoatletycznej-w-gliwickim-piascie\\\/#respond\"]}]},{\"@type\":\"WebPage\",\"@id\":\"https:\\\/\\\/www.24gliwice.pl\\\/wiadomosci\\\/arena-zyskala-patrona-to-zalozyciel-pierwszej-sekcji-lekkoatletycznej-w-gliwickim-piascie\\\/\",\"url\":\"https:\\\/\\\/www.24gliwice.pl\\\/wiadomosci\\\/arena-zyskala-patrona-to-zalozyciel-pierwszej-sekcji-lekkoatletycznej-w-gliwickim-piascie\\\/\",\"name\":\"Arena zyska\u0142a patrona. To za\u0142o\u017cyciel pierwszej sekcji lekkoatletycznej w gliwickim Pia\u015bcie - 24GLIWICE - Portal Gliwice | codziennie nowe informacje\",\"isPartOf\":{\"@id\":\"https:\\\/\\\/www.24gliwice.pl\\\/wiadomosci\\\/#website\"},\"primaryImageOfPage\":{\"@id\":\"https:\\\/\\\/www.24gliwice.pl\\\/wiadomosci\\\/arena-zyskala-patrona-to-zalozyciel-pierwszej-sekcji-lekkoatletycznej-w-gliwickim-piascie\\\/#primaryimage\"},\"image\":{\"@id\":\"https:\\\/\\\/www.24gliwice.pl\\\/wiadomosci\\\/arena-zyskala-patrona-to-zalozyciel-pierwszej-sekcji-lekkoatletycznej-w-gliwickim-piascie\\\/#primaryimage\"},\"thumbnailUrl\":\"https:\\\/\\\/www.24gliwice.pl\\\/wiadomosci\\\/wp-content\\\/uploads\\\/2019\\\/06\\\/arena-lekkoatletyczna-syriusza.jpg\",\"datePublished\":\"2022-03-14T14:12:48+00:00\",\"description\":\"Arena lekkoatletyczna przy ul. Syriusza ma nowego patrona. Zosta\u0142 nim Eugeniusz Bieniasz, za\u0142o\u017cyciel pierwszej sekcji lekkoatletycznej\",\"breadcrumb\":{\"@id\":\"https:\\\/\\\/www.24gliwice.pl\\\/wiadomosci\\\/arena-zyskala-patrona-to-zalozyciel-pierwszej-sekcji-lekkoatletycznej-w-gliwickim-piascie\\\/#breadcrumb\"},\"inLanguage\":\"pl-PL\",\"potentialAction\":[{\"@type\":\"ReadAction\",\"target\":[\"https:\\\/\\\/www.24gliwice.pl\\\/wiadomosci\\\/arena-zyskala-patrona-to-zalozyciel-pierwszej-sekcji-lekkoatletycznej-w-gliwickim-piascie\\\/\"]}]},{\"@type\":\"ImageObject\",\"inLanguage\":\"pl-PL\",\"@id\":\"https:\\\/\\\/www.24gliwice.pl\\\/wiadomosci\\\/arena-zyskala-patrona-to-zalozyciel-pierwszej-sekcji-lekkoatletycznej-w-gliwickim-piascie\\\/#primaryimage\",\"url\":\"https:\\\/\\\/www.24gliwice.pl\\\/wiadomosci\\\/wp-content\\\/uploads\\\/2019\\\/06\\\/arena-lekkoatletyczna-syriusza.jpg\",\"contentUrl\":\"https:\\\/\\\/www.24gliwice.pl\\\/wiadomosci\\\/wp-content\\\/uploads\\\/2019\\\/06\\\/arena-lekkoatletyczna-syriusza.jpg\",\"width\":3920,\"height\":2160,\"caption\":\"fot. arch. 24gliwice.pl\"},{\"@type\":\"BreadcrumbList\",\"@id\":\"https:\\\/\\\/www.24gliwice.pl\\\/wiadomosci\\\/arena-zyskala-patrona-to-zalozyciel-pierwszej-sekcji-lekkoatletycznej-w-gliwickim-piascie\\\/#breadcrumb\",\"itemListElement\":[{\"@type\":\"ListItem\",\"position\":1,\"name\":\"Strona g\u0142\u00f3wna\",\"item\":\"https:\\\/\\\/www.24gliwice.pl\\\/wiadomosci\\\/\"},{\"@type\":\"ListItem\",\"position\":2,\"name\":\"Arena zyska\u0142a patrona. To za\u0142o\u017cyciel pierwszej sekcji lekkoatletycznej w gliwickim Pia\u015bcie\"}]},{\"@type\":\"WebSite\",\"@id\":\"https:\\\/\\\/www.24gliwice.pl\\\/wiadomosci\\\/#website\",\"url\":\"https:\\\/\\\/www.24gliwice.pl\\\/wiadomosci\\\/\",\"name\":\"24GLIWICE - Portal Gliwice | codziennie nowe wiadomo\u015bci\",\"description\":\"Portal Miejski Gliwice\",\"publisher\":{\"@id\":\"https:\\\/\\\/www.24gliwice.pl\\\/wiadomosci\\\/#organization\"},\"potentialAction\":[{\"@type\":\"SearchAction\",\"target\":{\"@type\":\"EntryPoint\",\"urlTemplate\":\"https:\\\/\\\/www.24gliwice.pl\\\/wiadomosci\\\/?s={search_term_string}\"},\"query-input\":{\"@type\":\"PropertyValueSpecification\",\"valueRequired\":true,\"valueName\":\"search_term_string\"}}],\"inLanguage\":\"pl-PL\"},{\"@type\":\"Organization\",\"@id\":\"https:\\\/\\\/www.24gliwice.pl\\\/wiadomosci\\\/#organization\",\"name\":\"24gliwice\",\"url\":\"https:\\\/\\\/www.24gliwice.pl\\\/wiadomosci\\\/\",\"logo\":{\"@type\":\"ImageObject\",\"inLanguage\":\"pl-PL\",\"@id\":\"https:\\\/\\\/www.24gliwice.pl\\\/wiadomosci\\\/#\\\/schema\\\/logo\\\/image\\\/\",\"url\":\"https:\\\/\\\/www.24gliwice.pl\\\/wiadomosci\\\/wp-content\\\/uploads\\\/2024\\\/10\\\/24gliwice-logo-696.jpg\",\"contentUrl\":\"https:\\\/\\\/www.24gliwice.pl\\\/wiadomosci\\\/wp-content\\\/uploads\\\/2024\\\/10\\\/24gliwice-logo-696.jpg\",\"width\":696,\"height\":696,\"caption\":\"24gliwice\"},\"image\":{\"@id\":\"https:\\\/\\\/www.24gliwice.pl\\\/wiadomosci\\\/#\\\/schema\\\/logo\\\/image\\\/\"},\"sameAs\":[\"https:\\\/\\\/www.facebook.com\\\/24gliwice\",\"https:\\\/\\\/x.com\\\/24gliwice\",\"https:\\\/\\\/www.youtube.com\\\/@24gliwice\"]},{\"@type\":\"Person\",\"@id\":\"https:\\\/\\\/www.24gliwice.pl\\\/wiadomosci\\\/#\\\/schema\\\/person\\\/e42c650edd7f2fa332be3811fb166b6e\",\"name\":\"\u017baneta Mrozek-Siewierska\",\"image\":{\"@type\":\"ImageObject\",\"inLanguage\":\"pl-PL\",\"@id\":\"https:\\\/\\\/www.24gliwice.pl\\\/wiadomosci\\\/wp-content\\\/uploads\\\/2021\\\/11\\\/Zaneta-M_S-zdjecie-czb-96x96.jpg\",\"url\":\"https:\\\/\\\/www.24gliwice.pl\\\/wiadomosci\\\/wp-content\\\/uploads\\\/2021\\\/11\\\/Zaneta-M_S-zdjecie-czb-96x96.jpg\",\"contentUrl\":\"https:\\\/\\\/www.24gliwice.pl\\\/wiadomosci\\\/wp-content\\\/uploads\\\/2021\\\/11\\\/Zaneta-M_S-zdjecie-czb-96x96.jpg\",\"caption\":\"\u017baneta Mrozek-Siewierska\"},\"url\":\"https:\\\/\\\/www.24gliwice.pl\\\/wiadomosci\\\/author\\\/zms\\\/\"}]}<\/script>\n<!-- \/ Yoast SEO plugin. -->","yoast_head_json":{"title":"Arena zyska\u0142a patrona. To za\u0142o\u017cyciel pierwszej sekcji lekkoatletycznej w gliwickim Pia\u015bcie - 24GLIWICE - Portal Gliwice | codziennie nowe informacje","description":"Arena lekkoatletyczna przy ul. Syriusza ma nowego patrona. Zosta\u0142 nim Eugeniusz Bieniasz, za\u0142o\u017cyciel pierwszej sekcji lekkoatletycznej","robots":{"index":"index","follow":"follow","max-snippet":"max-snippet:-1","max-image-preview":"max-image-preview:large","max-video-preview":"max-video-preview:-1"},"canonical":"https:\/\/www.24gliwice.pl\/wiadomosci\/arena-zyskala-patrona-to-zalozyciel-pierwszej-sekcji-lekkoatletycznej-w-gliwickim-piascie\/","og_locale":"pl_PL","og_type":"article","og_title":"Arena zyska\u0142a patrona. To za\u0142o\u017cyciel pierwszej sekcji lekkoatletycznej w gliwickim Pia\u015bcie - 24GLIWICE - Portal Gliwice | codziennie nowe informacje","og_description":"Arena lekkoatletyczna przy ul. Syriusza ma nowego patrona. Zosta\u0142 nim Eugeniusz Bieniasz, za\u0142o\u017cyciel pierwszej sekcji lekkoatletycznej","og_url":"https:\/\/www.24gliwice.pl\/wiadomosci\/arena-zyskala-patrona-to-zalozyciel-pierwszej-sekcji-lekkoatletycznej-w-gliwickim-piascie\/","og_site_name":"24GLIWICE - Portal Gliwice | codziennie nowe informacje","article_publisher":"https:\/\/www.facebook.com\/24gliwice","article_published_time":"2022-03-14T14:12:48+00:00","og_image":[{"width":3920,"height":2160,"url":"https:\/\/www.24gliwice.pl\/wiadomosci\/wp-content\/uploads\/2019\/06\/arena-lekkoatletyczna-syriusza.jpg","type":"image\/jpeg"}],"author":"\u017baneta Mrozek-Siewierska","twitter_card":"summary_large_image","twitter_creator":"@24gliwice","twitter_site":"@24gliwice","twitter_misc":{"Napisane przez":"\u017baneta Mrozek-Siewierska","Szacowany czas czytania":"1 minuta"},"schema":{"@context":"https:\/\/schema.org","@graph":[{"@type":"Article","@id":"https:\/\/www.24gliwice.pl\/wiadomosci\/arena-zyskala-patrona-to-zalozyciel-pierwszej-sekcji-lekkoatletycznej-w-gliwickim-piascie\/#article","isPartOf":{"@id":"https:\/\/www.24gliwice.pl\/wiadomosci\/arena-zyskala-patrona-to-zalozyciel-pierwszej-sekcji-lekkoatletycznej-w-gliwickim-piascie\/"},"author":{"name":"\u017baneta Mrozek-Siewierska","@id":"https:\/\/www.24gliwice.pl\/wiadomosci\/#\/schema\/person\/e42c650edd7f2fa332be3811fb166b6e"},"headline":"Arena zyska\u0142a patrona. To za\u0142o\u017cyciel pierwszej sekcji lekkoatletycznej w gliwickim Pia\u015bcie","datePublished":"2022-03-14T14:12:48+00:00","mainEntityOfPage":{"@id":"https:\/\/www.24gliwice.pl\/wiadomosci\/arena-zyskala-patrona-to-zalozyciel-pierwszej-sekcji-lekkoatletycznej-w-gliwickim-piascie\/"},"wordCount":255,"commentCount":0,"publisher":{"@id":"https:\/\/www.24gliwice.pl\/wiadomosci\/#organization"},"image":{"@id":"https:\/\/www.24gliwice.pl\/wiadomosci\/arena-zyskala-patrona-to-zalozyciel-pierwszej-sekcji-lekkoatletycznej-w-gliwickim-piascie\/#primaryimage"},"thumbnailUrl":"https:\/\/www.24gliwice.pl\/wiadomosci\/wp-content\/uploads\/2019\/06\/arena-lekkoatletyczna-syriusza.jpg","articleSection":["Gliwice","Kultura, wydarzenia, imprezy","Najnowsze wiadomo\u015bci"],"inLanguage":"pl-PL","potentialAction":[{"@type":"CommentAction","name":"Comment","target":["https:\/\/www.24gliwice.pl\/wiadomosci\/arena-zyskala-patrona-to-zalozyciel-pierwszej-sekcji-lekkoatletycznej-w-gliwickim-piascie\/#respond"]}]},{"@type":"WebPage","@id":"https:\/\/www.24gliwice.pl\/wiadomosci\/arena-zyskala-patrona-to-zalozyciel-pierwszej-sekcji-lekkoatletycznej-w-gliwickim-piascie\/","url":"https:\/\/www.24gliwice.pl\/wiadomosci\/arena-zyskala-patrona-to-zalozyciel-pierwszej-sekcji-lekkoatletycznej-w-gliwickim-piascie\/","name":"Arena zyska\u0142a patrona. To za\u0142o\u017cyciel pierwszej sekcji lekkoatletycznej w gliwickim Pia\u015bcie - 24GLIWICE - Portal Gliwice | codziennie nowe informacje","isPartOf":{"@id":"https:\/\/www.24gliwice.pl\/wiadomosci\/#website"},"primaryImageOfPage":{"@id":"https:\/\/www.24gliwice.pl\/wiadomosci\/arena-zyskala-patrona-to-zalozyciel-pierwszej-sekcji-lekkoatletycznej-w-gliwickim-piascie\/#primaryimage"},"image":{"@id":"https:\/\/www.24gliwice.pl\/wiadomosci\/arena-zyskala-patrona-to-zalozyciel-pierwszej-sekcji-lekkoatletycznej-w-gliwickim-piascie\/#primaryimage"},"thumbnailUrl":"https:\/\/www.24gliwice.pl\/wiadomosci\/wp-content\/uploads\/2019\/06\/arena-lekkoatletyczna-syriusza.jpg","datePublished":"2022-03-14T14:12:48+00:00","description":"Arena lekkoatletyczna przy ul. Syriusza ma nowego patrona. Zosta\u0142 nim Eugeniusz Bieniasz, za\u0142o\u017cyciel pierwszej sekcji lekkoatletycznej","breadcrumb":{"@id":"https:\/\/www.24gliwice.pl\/wiadomosci\/arena-zyskala-patrona-to-zalozyciel-pierwszej-sekcji-lekkoatletycznej-w-gliwickim-piascie\/#breadcrumb"},"inLanguage":"pl-PL","potentialAction":[{"@type":"ReadAction","target":["https:\/\/www.24gliwice.pl\/wiadomosci\/arena-zyskala-patrona-to-zalozyciel-pierwszej-sekcji-lekkoatletycznej-w-gliwickim-piascie\/"]}]},{"@type":"ImageObject","inLanguage":"pl-PL","@id":"https:\/\/www.24gliwice.pl\/wiadomosci\/arena-zyskala-patrona-to-zalozyciel-pierwszej-sekcji-lekkoatletycznej-w-gliwickim-piascie\/#primaryimage","url":"https:\/\/www.24gliwice.pl\/wiadomosci\/wp-content\/uploads\/2019\/06\/arena-lekkoatletyczna-syriusza.jpg","contentUrl":"https:\/\/www.24gliwice.pl\/wiadomosci\/wp-content\/uploads\/2019\/06\/arena-lekkoatletyczna-syriusza.jpg","width":3920,"height":2160,"caption":"fot. arch. 24gliwice.pl"},{"@type":"BreadcrumbList","@id":"https:\/\/www.24gliwice.pl\/wiadomosci\/arena-zyskala-patrona-to-zalozyciel-pierwszej-sekcji-lekkoatletycznej-w-gliwickim-piascie\/#breadcrumb","itemListElement":[{"@type":"ListItem","position":1,"name":"Strona g\u0142\u00f3wna","item":"https:\/\/www.24gliwice.pl\/wiadomosci\/"},{"@type":"ListItem","position":2,"name":"Arena zyska\u0142a patrona. To za\u0142o\u017cyciel pierwszej sekcji lekkoatletycznej w gliwickim Pia\u015bcie"}]},{"@type":"WebSite","@id":"https:\/\/www.24gliwice.pl\/wiadomosci\/#website","url":"https:\/\/www.24gliwice.pl\/wiadomosci\/","name":"24GLIWICE - Portal Gliwice | codziennie nowe wiadomo\u015bci","description":"Portal Miejski Gliwice","publisher":{"@id":"https:\/\/www.24gliwice.pl\/wiadomosci\/#organization"},"potentialAction":[{"@type":"SearchAction","target":{"@type":"EntryPoint","urlTemplate":"https:\/\/www.24gliwice.pl\/wiadomosci\/?s={search_term_string}"},"query-input":{"@type":"PropertyValueSpecification","valueRequired":true,"valueName":"search_term_string"}}],"inLanguage":"pl-PL"},{"@type":"Organization","@id":"https:\/\/www.24gliwice.pl\/wiadomosci\/#organization","name":"24gliwice","url":"https:\/\/www.24gliwice.pl\/wiadomosci\/","logo":{"@type":"ImageObject","inLanguage":"pl-PL","@id":"https:\/\/www.24gliwice.pl\/wiadomosci\/#\/schema\/logo\/image\/","url":"https:\/\/www.24gliwice.pl\/wiadomosci\/wp-content\/uploads\/2024\/10\/24gliwice-logo-696.jpg","contentUrl":"https:\/\/www.24gliwice.pl\/wiadomosci\/wp-content\/uploads\/2024\/10\/24gliwice-logo-696.jpg","width":696,"height":696,"caption":"24gliwice"},"image":{"@id":"https:\/\/www.24gliwice.pl\/wiadomosci\/#\/schema\/logo\/image\/"},"sameAs":["https:\/\/www.facebook.com\/24gliwice","https:\/\/x.com\/24gliwice","https:\/\/www.youtube.com\/@24gliwice"]},{"@type":"Person","@id":"https:\/\/www.24gliwice.pl\/wiadomosci\/#\/schema\/person\/e42c650edd7f2fa332be3811fb166b6e","name":"\u017baneta Mrozek-Siewierska","image":{"@type":"ImageObject","inLanguage":"pl-PL","@id":"https:\/\/www.24gliwice.pl\/wiadomosci\/wp-content\/uploads\/2021\/11\/Zaneta-M_S-zdjecie-czb-96x96.jpg","url":"https:\/\/www.24gliwice.pl\/wiadomosci\/wp-content\/uploads\/2021\/11\/Zaneta-M_S-zdjecie-czb-96x96.jpg","contentUrl":"https:\/\/www.24gliwice.pl\/wiadomosci\/wp-content\/uploads\/2021\/11\/Zaneta-M_S-zdjecie-czb-96x96.jpg","caption":"\u017baneta Mrozek-Siewierska"},"url":"https:\/\/www.24gliwice.pl\/wiadomosci\/author\/zms\/"}]}},"_links":{"self":[{"href":"https:\/\/www.24gliwice.pl\/wiadomosci\/wp-json\/wp\/v2\/posts\/188311","targetHints":{"allow":["GET"]}}],"collection":[{"href":"https:\/\/www.24gliwice.pl\/wiadomosci\/wp-json\/wp\/v2\/posts"}],"about":[{"href":"https:\/\/www.24gliwice.pl\/wiadomosci\/wp-json\/wp\/v2\/types\/post"}],"author":[{"embeddable":true,"href":"https:\/\/www.24gliwice.pl\/wiadomosci\/wp-json\/wp\/v2\/users\/15"}],"replies":[{"embeddable":true,"href":"https:\/\/www.24gliwice.pl\/wiadomosci\/wp-json\/wp\/v2\/comments?post=188311"}],"version-history":[{"count":6,"href":"https:\/\/www.24gliwice.pl\/wiadomosci\/wp-json\/wp\/v2\/posts\/188311\/revisions"}],"predecessor-version":[{"id":188368,"href":"https:\/\/www.24gliwice.pl\/wiadomosci\/wp-json\/wp\/v2\/posts\/188311\/revisions\/188368"}],"wp:featuredmedia":[{"embeddable":true,"href":"https:\/\/www.24gliwice.pl\/wiadomosci\/wp-json\/wp\/v2\/media\/137018"}],"wp:attachment":[{"href":"https:\/\/www.24gliwice.pl\/wiadomosci\/wp-json\/wp\/v2\/media?parent=188311"}],"wp:term":[{"taxonomy":"category","embeddable":true,"href":"https:\/\/www.24gliwice.pl\/wiadomosci\/wp-json\/wp\/v2\/categories?post=188311"},{"taxonomy":"post_tag","embeddable":true,"href":"https:\/\/www.24gliwice.pl\/wiadomosci\/wp-json\/wp\/v2\/tags?post=188311"}],"curies":[{"name":"wp","href":"https:\/\/api.w.org\/{rel}","templated":true}]}}