{"id":188355,"date":"2022-03-16T09:16:03","date_gmt":"2022-03-16T08:16:03","guid":{"rendered":"https:\/\/www.24gliwice.pl\/wiadomosci\/?p=188355"},"modified":"2022-03-15T21:17:20","modified_gmt":"2022-03-15T20:17:20","slug":"przed-nami-swiatowy-dzien-poezji-biblioteka-centralna-zaprasza-na-spotkanie-z-jerzym-illgiem","status":"publish","type":"post","link":"https:\/\/www.24gliwice.pl\/wiadomosci\/przed-nami-swiatowy-dzien-poezji-biblioteka-centralna-zaprasza-na-spotkanie-z-jerzym-illgiem\/","title":{"rendered":"Przed nami \u015awiatowy Dzie\u0144 Poezji. Biblioteka Centralna zaprasza na spotkanie z Jerzym Illgiem"},"content":{"rendered":"<div class=\"gliwi-a6-nad-leadem-artykulow gliwi-entity-placement\" id=\"gliwi-2432624633\"><div class=\"gliwi-adlabel\"><span style=\"font-size: 9px\">REKLAMA<\/span><\/div><div id=\"gliwi-1176646211\" style=\"margin-bottom: 25px;margin-left: auto;margin-right: auto;text-align: center;\"><a data-no-instant=\"1\" href=\"https:\/\/dom100.eu\/\" rel=\"noopener\" class=\"a2t-link\" target=\"_blank\" aria-label=\"20260415 DOM100 D\"><img loading=\"lazy\" decoding=\"async\" src=\"https:\/\/www.24gliwice.pl\/wiadomosci\/wp-content\/uploads\/2026\/04\/20260415-DOM100-D.jpg\" alt=\"\"  srcset=\"https:\/\/www.24gliwice.pl\/wiadomosci\/wp-content\/uploads\/2026\/04\/20260415-DOM100-D.jpg 750w, https:\/\/www.24gliwice.pl\/wiadomosci\/wp-content\/uploads\/2026\/04\/20260415-DOM100-D-410x109.jpg 410w\" sizes=\"(max-width: 750px) 100vw, 750px\" class=\"no-lazyload\" width=\"750\" height=\"200\"  style=\"display: inline-block; max-width: 100%; height: auto;\" \/><\/a><\/div><\/div><h2>\u015awiatowy Dzie\u0144 Poezji zosta\u0142 ustanowiony przez UNESCO jesieni\u0105 1999 roku. Celem tego dnia jest promocja czytania, pisania, publikowania i nauczania poezji na ca\u0142ym \u015bwiecie. Z tej okazji Biblioteka zaprasza na spotkanie z Jerzym Illgiem.<\/h2>\n<p>&nbsp;<br \/>\nWydarzenie zaplanowano na poniedzia\u0142ek, 21 marca, rozpocz\u0119cie o godzinie 18:00. <\/p>\n<p><strong>Jerzy Illg<\/strong> od blisko 40 lat stanowi jednoosobowy dzia\u0142 poetycki w Wydawnictwie Znak, a od 1992 r. jest redaktorem naczelnym wydawnictwa. Dzi\u0119ki przyja\u017aniom z poetami bez kt\u00f3rych nie by\u0142by tym, kim jest powsta\u0142a ta osobista antologia, ksi\u0105\u017cka \u201eM\u00f3j przyjaciel wiersz\u201d. Autor dzieli si\u0119 z czytelnikami swoimi odkryciami i fascynacjami, wspomnieniami o wa\u017cnych dla niego tw\u00f3rcach, prezentuj\u0105c wiersze bardzo r\u00f3\u017cne, kt\u00f3re wszak\u017ce \u0142\u0105czy bliski mu spos\u00f3b widzenia \u015bwiata i w kt\u00f3rych odnale\u017a\u0107 mo\u017cna to, co m\u0105dre, dobre i pi\u0119kne.<\/p><div class=\"gliwi-a3-w-tresci-artykulow gliwi-entity-placement\" id=\"gliwi-2125331803\"><div class=\"gliwi-adlabel\"><span style=\"font-size: 9px\">REKLAMA<\/span><\/div><div id=\"gliwi-2641190943\" style=\"margin-bottom: 30px;margin-left: auto;margin-right: auto;text-align: center;\"><a data-no-instant=\"1\" href=\"https:\/\/ogrodyandersa.pl\/\" rel=\"noopener\" class=\"a2t-link\" target=\"_blank\" aria-label=\"20260415 Ogrody Andersa KUP TERAZ D\"><img loading=\"lazy\" decoding=\"async\" src=\"https:\/\/www.24gliwice.pl\/wiadomosci\/wp-content\/uploads\/2026\/04\/20260415-Ogrody-Andersa-KUP-TERAZ-D.jpg\" alt=\"\"  srcset=\"https:\/\/www.24gliwice.pl\/wiadomosci\/wp-content\/uploads\/2026\/04\/20260415-Ogrody-Andersa-KUP-TERAZ-D.jpg 750w, https:\/\/www.24gliwice.pl\/wiadomosci\/wp-content\/uploads\/2026\/04\/20260415-Ogrody-Andersa-KUP-TERAZ-D-410x109.jpg 410w\" sizes=\"(max-width: 750px) 100vw, 750px\" class=\"no-lazyload\" width=\"750\" height=\"200\"  style=\"display: inline-block; max-width: 100%; height: auto;\" \/><\/a><\/div><\/div>\n<h4>Jerzy Illg opublikowa\u0142 tak\u017ce m.in.: \u201eM\u00f3j znak. O noblistach, kabaretach, przyja\u017aniach, ksi\u0105\u017ckach, kobietach\u201d, \u201eS\u0142uch absolutny. Andrzej Szczeklik w rozmowie z Jerzym Illgiem\u201d czy \u201dListy do Czes\u0142awa Mi\u0142osza\u201d.<\/h4>\n<p>Jerzy Illg jest droktorem nauk humanistycznych. W latach 1974-1983 by\u0142 pracownikiem naukowym na Uniwersytecie \u015al\u0105skim w Katowicach. W latach 2009-2015 organizator i dyrektor programowy Mi\u0119dzynarodowego Festiwalu Literackiego im. Czes\u0142awa Mi\u0142osza.<\/p>\n<p>Spotkanie poprowadzi <strong>Agnieszka Strzemi\u0144ska.<\/strong> Uwaga: w zwi\u0105zku z uczestnictwem w wydarzeniu w czasie obowi\u0105zywania stanu epidemii wymagane b\u0119dzie z\u0142o\u017cenie pisemnego o\u015bwiadczenia.<\/p>\n<p><strong>Biblioteka Centralna, ul. Ko\u015bciuszki 17<br \/>\n21 marca 2022 r., godz. 18:00<\/strong><\/p>\n<p>(\u017cms)\/MBP Gliwice<br \/>\nfot. MBP Gliwice<\/p>\n<div class=\"gliwi-a5-na-koncu-artykulow gliwi-entity-placement\" id=\"gliwi-1386048140\"><div class=\"gliwi-adlabel\"><span style=\"font-size: 9px\">REKLAMA<\/span><\/div><div id=\"gliwi-976461240\" style=\"margin-left: auto;margin-right: auto;text-align: center;\"><a data-no-instant=\"1\" href=\"https:\/\/prezeroarenagliwice.pl\/\" rel=\"noopener\" class=\"a2t-link\" target=\"_blank\" aria-label=\"20260309-PREZERO-WIOSNA-D\"><img loading=\"lazy\" decoding=\"async\" src=\"https:\/\/www.24gliwice.pl\/wiadomosci\/wp-content\/uploads\/2026\/03\/20260309-PREZERO-WIOSNA-D.webp\" alt=\"\"  srcset=\"https:\/\/www.24gliwice.pl\/wiadomosci\/wp-content\/uploads\/2026\/03\/20260309-PREZERO-WIOSNA-D.webp 750w, https:\/\/www.24gliwice.pl\/wiadomosci\/wp-content\/uploads\/2026\/03\/20260309-PREZERO-WIOSNA-D-410x109.webp 410w\" sizes=\"(max-width: 750px) 100vw, 750px\" class=\"no-lazyload\" width=\"750\" height=\"200\"  style=\"display: inline-block; max-width: 100%; height: auto;\" \/><\/a><\/div><\/div>","protected":false},"excerpt":{"rendered":"<p>\u015awiatowy Dzie\u0144 Poezji zosta\u0142 ustanowiony przez UNESCO jesieni\u0105 1999 roku. Celem tego dnia jest promocja czytania, pisania, publikowania i nauczania poezji na ca\u0142ym \u015bwiecie. Z tej okazji Biblioteka zaprasza na spotkanie z Jerzym Illgiem. &nbsp; Wydarzenie zaplanowano na poniedzia\u0142ek, 21 marca, rozpocz\u0119cie o godzinie 18:00. Jerzy Illg od blisko 40 lat stanowi jednoosobowy dzia\u0142 poetycki [&hellip;]<\/p>\n","protected":false},"author":15,"featured_media":188462,"comment_status":"open","ping_status":"closed","sticky":false,"template":"","format":"standard","meta":{"_monsterinsights_skip_tracking":false,"_monsterinsights_sitenote_active":false,"_monsterinsights_sitenote_note":"","_monsterinsights_sitenote_category":0,"footnotes":"","_links_to":"","_links_to_target":""},"categories":[3,6,1],"tags":[20848],"class_list":["post-188355","post","type-post","status-publish","format-standard","has-post-thumbnail","hentry","category-gliwice","category-kultura","category-wszystko","tag-swiatowy-dzien-poezji"],"yoast_head":"<!-- This site is optimized with the Yoast SEO plugin v27.4 - https:\/\/yoast.com\/product\/yoast-seo-wordpress\/ -->\n<title>Przed nami \u015awiatowy Dzie\u0144 Poezji. Biblioteka Centralna zaprasza na spotkanie z Jerzym Illgiem - 24GLIWICE - Portal Gliwice | codziennie nowe informacje<\/title>\n<meta name=\"description\" content=\"Z okazji \u015awiatowego Dnia Poezji gliwicka biblioteka zaprasza na spotkanie z Jerzym Illgiem. Odb\u0119dzie si\u0119 w poniedzia\u0142ek, 21 marca\" \/>\n<meta name=\"robots\" content=\"index, follow, max-snippet:-1, max-image-preview:large, max-video-preview:-1\" \/>\n<link rel=\"canonical\" href=\"https:\/\/www.24gliwice.pl\/wiadomosci\/przed-nami-swiatowy-dzien-poezji-biblioteka-centralna-zaprasza-na-spotkanie-z-jerzym-illgiem\/\" \/>\n<meta property=\"og:locale\" content=\"pl_PL\" \/>\n<meta property=\"og:type\" content=\"article\" \/>\n<meta property=\"og:title\" content=\"Przed nami \u015awiatowy Dzie\u0144 Poezji. Biblioteka Centralna zaprasza na spotkanie z Jerzym Illgiem - 24GLIWICE - Portal Gliwice | codziennie nowe informacje\" \/>\n<meta property=\"og:description\" content=\"Z okazji \u015awiatowego Dnia Poezji gliwicka biblioteka zaprasza na spotkanie z Jerzym Illgiem. Odb\u0119dzie si\u0119 w poniedzia\u0142ek, 21 marca\" \/>\n<meta property=\"og:url\" content=\"https:\/\/www.24gliwice.pl\/wiadomosci\/przed-nami-swiatowy-dzien-poezji-biblioteka-centralna-zaprasza-na-spotkanie-z-jerzym-illgiem\/\" \/>\n<meta property=\"og:site_name\" content=\"24GLIWICE - Portal Gliwice | codziennie nowe informacje\" \/>\n<meta property=\"article:publisher\" content=\"https:\/\/www.facebook.com\/24gliwice\" \/>\n<meta property=\"article:published_time\" content=\"2022-03-16T08:16:03+00:00\" \/>\n<meta property=\"og:image\" content=\"https:\/\/www.24gliwice.pl\/wiadomosci\/wp-content\/uploads\/2022\/03\/jerzy_illg_bc_baner-1302x651-1.jpg\" \/>\n\t<meta property=\"og:image:width\" content=\"810\" \/>\n\t<meta property=\"og:image:height\" content=\"456\" \/>\n\t<meta property=\"og:image:type\" content=\"image\/jpeg\" \/>\n<meta name=\"author\" content=\"\u017baneta Mrozek-Siewierska\" \/>\n<meta name=\"twitter:card\" content=\"summary_large_image\" \/>\n<meta name=\"twitter:creator\" content=\"@24gliwice\" \/>\n<meta name=\"twitter:site\" content=\"@24gliwice\" \/>\n<meta name=\"twitter:label1\" content=\"Napisane przez\" \/>\n\t<meta name=\"twitter:data1\" content=\"\u017baneta Mrozek-Siewierska\" \/>\n\t<meta name=\"twitter:label2\" content=\"Szacowany czas czytania\" \/>\n\t<meta name=\"twitter:data2\" content=\"1 minuta\" \/>\n<script type=\"application\/ld+json\" class=\"yoast-schema-graph\">{\"@context\":\"https:\\\/\\\/schema.org\",\"@graph\":[{\"@type\":\"Article\",\"@id\":\"https:\\\/\\\/www.24gliwice.pl\\\/wiadomosci\\\/przed-nami-swiatowy-dzien-poezji-biblioteka-centralna-zaprasza-na-spotkanie-z-jerzym-illgiem\\\/#article\",\"isPartOf\":{\"@id\":\"https:\\\/\\\/www.24gliwice.pl\\\/wiadomosci\\\/przed-nami-swiatowy-dzien-poezji-biblioteka-centralna-zaprasza-na-spotkanie-z-jerzym-illgiem\\\/\"},\"author\":{\"name\":\"\u017baneta Mrozek-Siewierska\",\"@id\":\"https:\\\/\\\/www.24gliwice.pl\\\/wiadomosci\\\/#\\\/schema\\\/person\\\/e42c650edd7f2fa332be3811fb166b6e\"},\"headline\":\"Przed nami \u015awiatowy Dzie\u0144 Poezji. Biblioteka Centralna zaprasza na spotkanie z Jerzym Illgiem\",\"datePublished\":\"2022-03-16T08:16:03+00:00\",\"mainEntityOfPage\":{\"@id\":\"https:\\\/\\\/www.24gliwice.pl\\\/wiadomosci\\\/przed-nami-swiatowy-dzien-poezji-biblioteka-centralna-zaprasza-na-spotkanie-z-jerzym-illgiem\\\/\"},\"wordCount\":263,\"commentCount\":0,\"publisher\":{\"@id\":\"https:\\\/\\\/www.24gliwice.pl\\\/wiadomosci\\\/#organization\"},\"image\":{\"@id\":\"https:\\\/\\\/www.24gliwice.pl\\\/wiadomosci\\\/przed-nami-swiatowy-dzien-poezji-biblioteka-centralna-zaprasza-na-spotkanie-z-jerzym-illgiem\\\/#primaryimage\"},\"thumbnailUrl\":\"https:\\\/\\\/www.24gliwice.pl\\\/wiadomosci\\\/wp-content\\\/uploads\\\/2022\\\/03\\\/jerzy_illg_bc_baner-1302x651-1.jpg\",\"keywords\":[\"\u015bwiatowy dzie\u0144 poezji\"],\"articleSection\":[\"Gliwice\",\"Kultura, wydarzenia, imprezy\",\"Najnowsze wiadomo\u015bci\"],\"inLanguage\":\"pl-PL\",\"potentialAction\":[{\"@type\":\"CommentAction\",\"name\":\"Comment\",\"target\":[\"https:\\\/\\\/www.24gliwice.pl\\\/wiadomosci\\\/przed-nami-swiatowy-dzien-poezji-biblioteka-centralna-zaprasza-na-spotkanie-z-jerzym-illgiem\\\/#respond\"]}]},{\"@type\":\"WebPage\",\"@id\":\"https:\\\/\\\/www.24gliwice.pl\\\/wiadomosci\\\/przed-nami-swiatowy-dzien-poezji-biblioteka-centralna-zaprasza-na-spotkanie-z-jerzym-illgiem\\\/\",\"url\":\"https:\\\/\\\/www.24gliwice.pl\\\/wiadomosci\\\/przed-nami-swiatowy-dzien-poezji-biblioteka-centralna-zaprasza-na-spotkanie-z-jerzym-illgiem\\\/\",\"name\":\"Przed nami \u015awiatowy Dzie\u0144 Poezji. Biblioteka Centralna zaprasza na spotkanie z Jerzym Illgiem - 24GLIWICE - Portal Gliwice | codziennie nowe informacje\",\"isPartOf\":{\"@id\":\"https:\\\/\\\/www.24gliwice.pl\\\/wiadomosci\\\/#website\"},\"primaryImageOfPage\":{\"@id\":\"https:\\\/\\\/www.24gliwice.pl\\\/wiadomosci\\\/przed-nami-swiatowy-dzien-poezji-biblioteka-centralna-zaprasza-na-spotkanie-z-jerzym-illgiem\\\/#primaryimage\"},\"image\":{\"@id\":\"https:\\\/\\\/www.24gliwice.pl\\\/wiadomosci\\\/przed-nami-swiatowy-dzien-poezji-biblioteka-centralna-zaprasza-na-spotkanie-z-jerzym-illgiem\\\/#primaryimage\"},\"thumbnailUrl\":\"https:\\\/\\\/www.24gliwice.pl\\\/wiadomosci\\\/wp-content\\\/uploads\\\/2022\\\/03\\\/jerzy_illg_bc_baner-1302x651-1.jpg\",\"datePublished\":\"2022-03-16T08:16:03+00:00\",\"description\":\"Z okazji \u015awiatowego Dnia Poezji gliwicka biblioteka zaprasza na spotkanie z Jerzym Illgiem. Odb\u0119dzie si\u0119 w poniedzia\u0142ek, 21 marca\",\"breadcrumb\":{\"@id\":\"https:\\\/\\\/www.24gliwice.pl\\\/wiadomosci\\\/przed-nami-swiatowy-dzien-poezji-biblioteka-centralna-zaprasza-na-spotkanie-z-jerzym-illgiem\\\/#breadcrumb\"},\"inLanguage\":\"pl-PL\",\"potentialAction\":[{\"@type\":\"ReadAction\",\"target\":[\"https:\\\/\\\/www.24gliwice.pl\\\/wiadomosci\\\/przed-nami-swiatowy-dzien-poezji-biblioteka-centralna-zaprasza-na-spotkanie-z-jerzym-illgiem\\\/\"]}]},{\"@type\":\"ImageObject\",\"inLanguage\":\"pl-PL\",\"@id\":\"https:\\\/\\\/www.24gliwice.pl\\\/wiadomosci\\\/przed-nami-swiatowy-dzien-poezji-biblioteka-centralna-zaprasza-na-spotkanie-z-jerzym-illgiem\\\/#primaryimage\",\"url\":\"https:\\\/\\\/www.24gliwice.pl\\\/wiadomosci\\\/wp-content\\\/uploads\\\/2022\\\/03\\\/jerzy_illg_bc_baner-1302x651-1.jpg\",\"contentUrl\":\"https:\\\/\\\/www.24gliwice.pl\\\/wiadomosci\\\/wp-content\\\/uploads\\\/2022\\\/03\\\/jerzy_illg_bc_baner-1302x651-1.jpg\",\"width\":810,\"height\":456},{\"@type\":\"BreadcrumbList\",\"@id\":\"https:\\\/\\\/www.24gliwice.pl\\\/wiadomosci\\\/przed-nami-swiatowy-dzien-poezji-biblioteka-centralna-zaprasza-na-spotkanie-z-jerzym-illgiem\\\/#breadcrumb\",\"itemListElement\":[{\"@type\":\"ListItem\",\"position\":1,\"name\":\"Strona g\u0142\u00f3wna\",\"item\":\"https:\\\/\\\/www.24gliwice.pl\\\/wiadomosci\\\/\"},{\"@type\":\"ListItem\",\"position\":2,\"name\":\"Przed nami \u015awiatowy Dzie\u0144 Poezji. Biblioteka Centralna zaprasza na spotkanie z Jerzym Illgiem\"}]},{\"@type\":\"WebSite\",\"@id\":\"https:\\\/\\\/www.24gliwice.pl\\\/wiadomosci\\\/#website\",\"url\":\"https:\\\/\\\/www.24gliwice.pl\\\/wiadomosci\\\/\",\"name\":\"24GLIWICE - Portal Gliwice | codziennie nowe wiadomo\u015bci\",\"description\":\"Portal Miejski Gliwice\",\"publisher\":{\"@id\":\"https:\\\/\\\/www.24gliwice.pl\\\/wiadomosci\\\/#organization\"},\"potentialAction\":[{\"@type\":\"SearchAction\",\"target\":{\"@type\":\"EntryPoint\",\"urlTemplate\":\"https:\\\/\\\/www.24gliwice.pl\\\/wiadomosci\\\/?s={search_term_string}\"},\"query-input\":{\"@type\":\"PropertyValueSpecification\",\"valueRequired\":true,\"valueName\":\"search_term_string\"}}],\"inLanguage\":\"pl-PL\"},{\"@type\":\"Organization\",\"@id\":\"https:\\\/\\\/www.24gliwice.pl\\\/wiadomosci\\\/#organization\",\"name\":\"24gliwice\",\"url\":\"https:\\\/\\\/www.24gliwice.pl\\\/wiadomosci\\\/\",\"logo\":{\"@type\":\"ImageObject\",\"inLanguage\":\"pl-PL\",\"@id\":\"https:\\\/\\\/www.24gliwice.pl\\\/wiadomosci\\\/#\\\/schema\\\/logo\\\/image\\\/\",\"url\":\"https:\\\/\\\/www.24gliwice.pl\\\/wiadomosci\\\/wp-content\\\/uploads\\\/2024\\\/10\\\/24gliwice-logo-696.jpg\",\"contentUrl\":\"https:\\\/\\\/www.24gliwice.pl\\\/wiadomosci\\\/wp-content\\\/uploads\\\/2024\\\/10\\\/24gliwice-logo-696.jpg\",\"width\":696,\"height\":696,\"caption\":\"24gliwice\"},\"image\":{\"@id\":\"https:\\\/\\\/www.24gliwice.pl\\\/wiadomosci\\\/#\\\/schema\\\/logo\\\/image\\\/\"},\"sameAs\":[\"https:\\\/\\\/www.facebook.com\\\/24gliwice\",\"https:\\\/\\\/x.com\\\/24gliwice\",\"https:\\\/\\\/www.youtube.com\\\/@24gliwice\"]},{\"@type\":\"Person\",\"@id\":\"https:\\\/\\\/www.24gliwice.pl\\\/wiadomosci\\\/#\\\/schema\\\/person\\\/e42c650edd7f2fa332be3811fb166b6e\",\"name\":\"\u017baneta Mrozek-Siewierska\",\"image\":{\"@type\":\"ImageObject\",\"inLanguage\":\"pl-PL\",\"@id\":\"https:\\\/\\\/www.24gliwice.pl\\\/wiadomosci\\\/wp-content\\\/uploads\\\/2021\\\/11\\\/Zaneta-M_S-zdjecie-czb-96x96.jpg\",\"url\":\"https:\\\/\\\/www.24gliwice.pl\\\/wiadomosci\\\/wp-content\\\/uploads\\\/2021\\\/11\\\/Zaneta-M_S-zdjecie-czb-96x96.jpg\",\"contentUrl\":\"https:\\\/\\\/www.24gliwice.pl\\\/wiadomosci\\\/wp-content\\\/uploads\\\/2021\\\/11\\\/Zaneta-M_S-zdjecie-czb-96x96.jpg\",\"caption\":\"\u017baneta Mrozek-Siewierska\"},\"url\":\"https:\\\/\\\/www.24gliwice.pl\\\/wiadomosci\\\/author\\\/zms\\\/\"}]}<\/script>\n<!-- \/ Yoast SEO plugin. -->","yoast_head_json":{"title":"Przed nami \u015awiatowy Dzie\u0144 Poezji. Biblioteka Centralna zaprasza na spotkanie z Jerzym Illgiem - 24GLIWICE - Portal Gliwice | codziennie nowe informacje","description":"Z okazji \u015awiatowego Dnia Poezji gliwicka biblioteka zaprasza na spotkanie z Jerzym Illgiem. Odb\u0119dzie si\u0119 w poniedzia\u0142ek, 21 marca","robots":{"index":"index","follow":"follow","max-snippet":"max-snippet:-1","max-image-preview":"max-image-preview:large","max-video-preview":"max-video-preview:-1"},"canonical":"https:\/\/www.24gliwice.pl\/wiadomosci\/przed-nami-swiatowy-dzien-poezji-biblioteka-centralna-zaprasza-na-spotkanie-z-jerzym-illgiem\/","og_locale":"pl_PL","og_type":"article","og_title":"Przed nami \u015awiatowy Dzie\u0144 Poezji. Biblioteka Centralna zaprasza na spotkanie z Jerzym Illgiem - 24GLIWICE - Portal Gliwice | codziennie nowe informacje","og_description":"Z okazji \u015awiatowego Dnia Poezji gliwicka biblioteka zaprasza na spotkanie z Jerzym Illgiem. Odb\u0119dzie si\u0119 w poniedzia\u0142ek, 21 marca","og_url":"https:\/\/www.24gliwice.pl\/wiadomosci\/przed-nami-swiatowy-dzien-poezji-biblioteka-centralna-zaprasza-na-spotkanie-z-jerzym-illgiem\/","og_site_name":"24GLIWICE - Portal Gliwice | codziennie nowe informacje","article_publisher":"https:\/\/www.facebook.com\/24gliwice","article_published_time":"2022-03-16T08:16:03+00:00","og_image":[{"width":810,"height":456,"url":"https:\/\/www.24gliwice.pl\/wiadomosci\/wp-content\/uploads\/2022\/03\/jerzy_illg_bc_baner-1302x651-1.jpg","type":"image\/jpeg"}],"author":"\u017baneta Mrozek-Siewierska","twitter_card":"summary_large_image","twitter_creator":"@24gliwice","twitter_site":"@24gliwice","twitter_misc":{"Napisane przez":"\u017baneta Mrozek-Siewierska","Szacowany czas czytania":"1 minuta"},"schema":{"@context":"https:\/\/schema.org","@graph":[{"@type":"Article","@id":"https:\/\/www.24gliwice.pl\/wiadomosci\/przed-nami-swiatowy-dzien-poezji-biblioteka-centralna-zaprasza-na-spotkanie-z-jerzym-illgiem\/#article","isPartOf":{"@id":"https:\/\/www.24gliwice.pl\/wiadomosci\/przed-nami-swiatowy-dzien-poezji-biblioteka-centralna-zaprasza-na-spotkanie-z-jerzym-illgiem\/"},"author":{"name":"\u017baneta Mrozek-Siewierska","@id":"https:\/\/www.24gliwice.pl\/wiadomosci\/#\/schema\/person\/e42c650edd7f2fa332be3811fb166b6e"},"headline":"Przed nami \u015awiatowy Dzie\u0144 Poezji. Biblioteka Centralna zaprasza na spotkanie z Jerzym Illgiem","datePublished":"2022-03-16T08:16:03+00:00","mainEntityOfPage":{"@id":"https:\/\/www.24gliwice.pl\/wiadomosci\/przed-nami-swiatowy-dzien-poezji-biblioteka-centralna-zaprasza-na-spotkanie-z-jerzym-illgiem\/"},"wordCount":263,"commentCount":0,"publisher":{"@id":"https:\/\/www.24gliwice.pl\/wiadomosci\/#organization"},"image":{"@id":"https:\/\/www.24gliwice.pl\/wiadomosci\/przed-nami-swiatowy-dzien-poezji-biblioteka-centralna-zaprasza-na-spotkanie-z-jerzym-illgiem\/#primaryimage"},"thumbnailUrl":"https:\/\/www.24gliwice.pl\/wiadomosci\/wp-content\/uploads\/2022\/03\/jerzy_illg_bc_baner-1302x651-1.jpg","keywords":["\u015bwiatowy dzie\u0144 poezji"],"articleSection":["Gliwice","Kultura, wydarzenia, imprezy","Najnowsze wiadomo\u015bci"],"inLanguage":"pl-PL","potentialAction":[{"@type":"CommentAction","name":"Comment","target":["https:\/\/www.24gliwice.pl\/wiadomosci\/przed-nami-swiatowy-dzien-poezji-biblioteka-centralna-zaprasza-na-spotkanie-z-jerzym-illgiem\/#respond"]}]},{"@type":"WebPage","@id":"https:\/\/www.24gliwice.pl\/wiadomosci\/przed-nami-swiatowy-dzien-poezji-biblioteka-centralna-zaprasza-na-spotkanie-z-jerzym-illgiem\/","url":"https:\/\/www.24gliwice.pl\/wiadomosci\/przed-nami-swiatowy-dzien-poezji-biblioteka-centralna-zaprasza-na-spotkanie-z-jerzym-illgiem\/","name":"Przed nami \u015awiatowy Dzie\u0144 Poezji. Biblioteka Centralna zaprasza na spotkanie z Jerzym Illgiem - 24GLIWICE - Portal Gliwice | codziennie nowe informacje","isPartOf":{"@id":"https:\/\/www.24gliwice.pl\/wiadomosci\/#website"},"primaryImageOfPage":{"@id":"https:\/\/www.24gliwice.pl\/wiadomosci\/przed-nami-swiatowy-dzien-poezji-biblioteka-centralna-zaprasza-na-spotkanie-z-jerzym-illgiem\/#primaryimage"},"image":{"@id":"https:\/\/www.24gliwice.pl\/wiadomosci\/przed-nami-swiatowy-dzien-poezji-biblioteka-centralna-zaprasza-na-spotkanie-z-jerzym-illgiem\/#primaryimage"},"thumbnailUrl":"https:\/\/www.24gliwice.pl\/wiadomosci\/wp-content\/uploads\/2022\/03\/jerzy_illg_bc_baner-1302x651-1.jpg","datePublished":"2022-03-16T08:16:03+00:00","description":"Z okazji \u015awiatowego Dnia Poezji gliwicka biblioteka zaprasza na spotkanie z Jerzym Illgiem. Odb\u0119dzie si\u0119 w poniedzia\u0142ek, 21 marca","breadcrumb":{"@id":"https:\/\/www.24gliwice.pl\/wiadomosci\/przed-nami-swiatowy-dzien-poezji-biblioteka-centralna-zaprasza-na-spotkanie-z-jerzym-illgiem\/#breadcrumb"},"inLanguage":"pl-PL","potentialAction":[{"@type":"ReadAction","target":["https:\/\/www.24gliwice.pl\/wiadomosci\/przed-nami-swiatowy-dzien-poezji-biblioteka-centralna-zaprasza-na-spotkanie-z-jerzym-illgiem\/"]}]},{"@type":"ImageObject","inLanguage":"pl-PL","@id":"https:\/\/www.24gliwice.pl\/wiadomosci\/przed-nami-swiatowy-dzien-poezji-biblioteka-centralna-zaprasza-na-spotkanie-z-jerzym-illgiem\/#primaryimage","url":"https:\/\/www.24gliwice.pl\/wiadomosci\/wp-content\/uploads\/2022\/03\/jerzy_illg_bc_baner-1302x651-1.jpg","contentUrl":"https:\/\/www.24gliwice.pl\/wiadomosci\/wp-content\/uploads\/2022\/03\/jerzy_illg_bc_baner-1302x651-1.jpg","width":810,"height":456},{"@type":"BreadcrumbList","@id":"https:\/\/www.24gliwice.pl\/wiadomosci\/przed-nami-swiatowy-dzien-poezji-biblioteka-centralna-zaprasza-na-spotkanie-z-jerzym-illgiem\/#breadcrumb","itemListElement":[{"@type":"ListItem","position":1,"name":"Strona g\u0142\u00f3wna","item":"https:\/\/www.24gliwice.pl\/wiadomosci\/"},{"@type":"ListItem","position":2,"name":"Przed nami \u015awiatowy Dzie\u0144 Poezji. Biblioteka Centralna zaprasza na spotkanie z Jerzym Illgiem"}]},{"@type":"WebSite","@id":"https:\/\/www.24gliwice.pl\/wiadomosci\/#website","url":"https:\/\/www.24gliwice.pl\/wiadomosci\/","name":"24GLIWICE - Portal Gliwice | codziennie nowe wiadomo\u015bci","description":"Portal Miejski Gliwice","publisher":{"@id":"https:\/\/www.24gliwice.pl\/wiadomosci\/#organization"},"potentialAction":[{"@type":"SearchAction","target":{"@type":"EntryPoint","urlTemplate":"https:\/\/www.24gliwice.pl\/wiadomosci\/?s={search_term_string}"},"query-input":{"@type":"PropertyValueSpecification","valueRequired":true,"valueName":"search_term_string"}}],"inLanguage":"pl-PL"},{"@type":"Organization","@id":"https:\/\/www.24gliwice.pl\/wiadomosci\/#organization","name":"24gliwice","url":"https:\/\/www.24gliwice.pl\/wiadomosci\/","logo":{"@type":"ImageObject","inLanguage":"pl-PL","@id":"https:\/\/www.24gliwice.pl\/wiadomosci\/#\/schema\/logo\/image\/","url":"https:\/\/www.24gliwice.pl\/wiadomosci\/wp-content\/uploads\/2024\/10\/24gliwice-logo-696.jpg","contentUrl":"https:\/\/www.24gliwice.pl\/wiadomosci\/wp-content\/uploads\/2024\/10\/24gliwice-logo-696.jpg","width":696,"height":696,"caption":"24gliwice"},"image":{"@id":"https:\/\/www.24gliwice.pl\/wiadomosci\/#\/schema\/logo\/image\/"},"sameAs":["https:\/\/www.facebook.com\/24gliwice","https:\/\/x.com\/24gliwice","https:\/\/www.youtube.com\/@24gliwice"]},{"@type":"Person","@id":"https:\/\/www.24gliwice.pl\/wiadomosci\/#\/schema\/person\/e42c650edd7f2fa332be3811fb166b6e","name":"\u017baneta Mrozek-Siewierska","image":{"@type":"ImageObject","inLanguage":"pl-PL","@id":"https:\/\/www.24gliwice.pl\/wiadomosci\/wp-content\/uploads\/2021\/11\/Zaneta-M_S-zdjecie-czb-96x96.jpg","url":"https:\/\/www.24gliwice.pl\/wiadomosci\/wp-content\/uploads\/2021\/11\/Zaneta-M_S-zdjecie-czb-96x96.jpg","contentUrl":"https:\/\/www.24gliwice.pl\/wiadomosci\/wp-content\/uploads\/2021\/11\/Zaneta-M_S-zdjecie-czb-96x96.jpg","caption":"\u017baneta Mrozek-Siewierska"},"url":"https:\/\/www.24gliwice.pl\/wiadomosci\/author\/zms\/"}]}},"_links":{"self":[{"href":"https:\/\/www.24gliwice.pl\/wiadomosci\/wp-json\/wp\/v2\/posts\/188355","targetHints":{"allow":["GET"]}}],"collection":[{"href":"https:\/\/www.24gliwice.pl\/wiadomosci\/wp-json\/wp\/v2\/posts"}],"about":[{"href":"https:\/\/www.24gliwice.pl\/wiadomosci\/wp-json\/wp\/v2\/types\/post"}],"author":[{"embeddable":true,"href":"https:\/\/www.24gliwice.pl\/wiadomosci\/wp-json\/wp\/v2\/users\/15"}],"replies":[{"embeddable":true,"href":"https:\/\/www.24gliwice.pl\/wiadomosci\/wp-json\/wp\/v2\/comments?post=188355"}],"version-history":[{"count":6,"href":"https:\/\/www.24gliwice.pl\/wiadomosci\/wp-json\/wp\/v2\/posts\/188355\/revisions"}],"predecessor-version":[{"id":188475,"href":"https:\/\/www.24gliwice.pl\/wiadomosci\/wp-json\/wp\/v2\/posts\/188355\/revisions\/188475"}],"wp:featuredmedia":[{"embeddable":true,"href":"https:\/\/www.24gliwice.pl\/wiadomosci\/wp-json\/wp\/v2\/media\/188462"}],"wp:attachment":[{"href":"https:\/\/www.24gliwice.pl\/wiadomosci\/wp-json\/wp\/v2\/media?parent=188355"}],"wp:term":[{"taxonomy":"category","embeddable":true,"href":"https:\/\/www.24gliwice.pl\/wiadomosci\/wp-json\/wp\/v2\/categories?post=188355"},{"taxonomy":"post_tag","embeddable":true,"href":"https:\/\/www.24gliwice.pl\/wiadomosci\/wp-json\/wp\/v2\/tags?post=188355"}],"curies":[{"name":"wp","href":"https:\/\/api.w.org\/{rel}","templated":true}]}}