{"id":188357,"date":"2022-03-15T12:19:44","date_gmt":"2022-03-15T11:19:44","guid":{"rendered":"https:\/\/www.24gliwice.pl\/wiadomosci\/?p=188357"},"modified":"2022-03-15T12:19:44","modified_gmt":"2022-03-15T11:19:44","slug":"czy-kapielisko-lesne-ruszy-w-tym-sezonie-nie-udalo-sie-wylonic-dzierzawcy-na-najblizsze-10-lat","status":"publish","type":"post","link":"https:\/\/www.24gliwice.pl\/wiadomosci\/czy-kapielisko-lesne-ruszy-w-tym-sezonie-nie-udalo-sie-wylonic-dzierzawcy-na-najblizsze-10-lat\/","title":{"rendered":"Czy K\u0105pielisko Le\u015bne ruszy w tym sezonie? Nie uda\u0142o si\u0119 wy\u0142oni\u0107 dzier\u017cawcy na najbli\u017csze 10 lat"},"content":{"rendered":"<div class=\"gliwi-a6-nad-leadem-artykulow gliwi-entity-placement\" id=\"gliwi-4234329960\"><div class=\"gliwi-adlabel\"><span style=\"font-size: 9px\">REKLAMA<\/span><\/div><div id=\"gliwi-3444304704\" style=\"margin-bottom: 25px;margin-left: auto;margin-right: auto;text-align: center;\"><a data-no-instant=\"1\" href=\"https:\/\/dom100.eu\/\" rel=\"noopener\" class=\"a2t-link\" target=\"_blank\" aria-label=\"20260415 DOM100 D\"><img loading=\"lazy\" decoding=\"async\" src=\"https:\/\/www.24gliwice.pl\/wiadomosci\/wp-content\/uploads\/2026\/04\/20260415-DOM100-D.jpg\" alt=\"\"  srcset=\"https:\/\/www.24gliwice.pl\/wiadomosci\/wp-content\/uploads\/2026\/04\/20260415-DOM100-D.jpg 750w, https:\/\/www.24gliwice.pl\/wiadomosci\/wp-content\/uploads\/2026\/04\/20260415-DOM100-D-410x109.jpg 410w\" sizes=\"(max-width: 750px) 100vw, 750px\" class=\"no-lazyload\" width=\"750\" height=\"200\"  style=\"display: inline-block; max-width: 100%; height: auto;\" \/><\/a><\/div><\/div><h2>Za minimum 500 z\u0142 miesi\u0119cznie mo\u017cna aktualnie wydzier\u017cawi\u0107 K\u0105pielisko Le\u015bne w Gliwicach. Pierwszy przetarg, kt\u00f3ry mia\u0142 wy\u0142oni\u0107 najemc\u0119 obiektu zako\u0144czy\u0142 si\u0119 niepowodzeniem. Czy obiekt b\u0119dzie czynny w nadchodz\u0105cym sezonie letnim?<\/h4>\n<p>&nbsp;<br \/>\n10 lutego up\u0142yn\u0105\u0142 termin wnoszenia ofert do pierwszego og\u0142oszenia. Zg\u0142osi\u0142 si\u0119 jeden zainteresowany podmiot. Niestety &#8211; najwyra\u017aniej nie dosz\u0142o do porozumienia mi\u0119dzy zarz\u0105dc\u0105 obiektu &#8211; MZUK &#8211; a oferentem. Og\u0142oszono kolejny przetarg, w kt\u00f3rym zmieniono minimaln\u0105 stawk\u0119 miesi\u0119czn\u0105 za dzier\u017caw\u0119 &#8211; zaczyna si\u0119 od 500 z\u0142 brutto (wcze\u015bniej by\u0142o to 1250 z\u0142). Skr\u00f3cono te\u017c czas trwania umowy z dzier\u017cawc\u0105 do 3 lat (zamiast 10-letniego okresu). Termin wnoszenia ofert minie w tym tygodniu &#8211; 17 marca (czwartek). <\/p>\n<h4>Co wiemy o K\u0105pielisku \u201eLe\u015bnym\u201d w Gliwicach?<\/h4>\n<p>Na k\u0105pielisko sk\u0142ada si\u0119 teren o powierzchni 11,65 ha. Znajduj\u0105 si\u0119 tam: brodzik dla dzieci o wymiarach 60 x 45 m, dwa baseny o g\u0142\u0119boko\u015bci do 1,2 m o wymiarach 45 x 60 i 80 x 80 m, basen dla p\u0142ywaj\u0105cych o g\u0142\u0119boko\u015bci do 4 m o wymiarach 50 x 100 m, zje\u017cd\u017calnia wodna o d\u0142ugo\u015bci 73 m z niezale\u017cn\u0105 hamowni\u0105 (\u015brednica rury ok. 1 m), a tak\u017ce 4 boiska do siatk\u00f3wki pla\u017cowej. Niecki basenowe nape\u0142niane s\u0105 wod\u0105 ze zbiornik\u00f3w retencyjnych po\u0142o\u017conych tu\u017c obok.<\/p><div class=\"gliwi-a3-w-tresci-artykulow gliwi-entity-placement\" id=\"gliwi-2290061438\"><div class=\"gliwi-adlabel\"><span style=\"font-size: 9px\">REKLAMA<\/span><\/div><div id=\"gliwi-3975714449\" style=\"margin-bottom: 30px;margin-left: auto;margin-right: auto;text-align: center;\"><a data-no-instant=\"1\" href=\"https:\/\/ogrodyandersa.pl\/\" rel=\"noopener\" class=\"a2t-link\" target=\"_blank\" aria-label=\"20260415 Ogrody Andersa KUP TERAZ D\"><img loading=\"lazy\" decoding=\"async\" src=\"https:\/\/www.24gliwice.pl\/wiadomosci\/wp-content\/uploads\/2026\/04\/20260415-Ogrody-Andersa-KUP-TERAZ-D.jpg\" alt=\"\"  srcset=\"https:\/\/www.24gliwice.pl\/wiadomosci\/wp-content\/uploads\/2026\/04\/20260415-Ogrody-Andersa-KUP-TERAZ-D.jpg 750w, https:\/\/www.24gliwice.pl\/wiadomosci\/wp-content\/uploads\/2026\/04\/20260415-Ogrody-Andersa-KUP-TERAZ-D-410x109.jpg 410w\" sizes=\"(max-width: 750px) 100vw, 750px\" class=\"no-lazyload\" width=\"750\" height=\"200\"  style=\"display: inline-block; max-width: 100%; height: auto;\" \/><\/a><\/div><\/div>\n<div id=\"attachment_100332\" style=\"width: 820px\" class=\"wp-caption alignnone\"><a href=\"https:\/\/www.24gliwice.pl\/wiadomosci\/wp-content\/uploads\/2017\/06\/k\u0105pielisko-2-mosquidron-e1497358879377.jpg\"><img loading=\"lazy\" decoding=\"async\" aria-describedby=\"caption-attachment-100332\" src=\"https:\/\/www.24gliwice.pl\/wiadomosci\/wp-content\/uploads\/2017\/06\/k\u0105pielisko-2-mosquidron-e1497358879377.jpg\" alt=\"\" width=\"810\" height=\"456\" class=\"size-full wp-image-100332\" \/><\/a><p id=\"caption-attachment-100332\" class=\"wp-caption-text\">K\u0105pielisko &#8220;Le\u015bne&#8221;, fot. Mosquidron<\/p><\/div>\n<p>Opr\u00f3cz tego na obiekcie funkcjonuje punkt pierwszej pomocy, budynek przebieralni, 3 toalety, zaplecze socjalne, budynek gdzie dzia\u0142a biuro kierownika, toalety, natryski, magazyn, pomieszczenia ratownik\u00f3w, punkt gastronomiczny sta\u0142y (pod tarasem ratownik\u00f3w) oraz teren do prowadzenia paintballa.<\/p>\n<h4>K\u0105pielisko Le\u015bne czynne b\u0119dzie w okresie letnim w godzinach od 10:00 do 19:00 siedem dni w tygodniu. Sezon za\u015b potrwa co najmniej od 1 lipca do 31 sierpnia.<\/h4>\n<p>Dzier\u017cawca opr\u00f3cz prowadzenia obiektu i udost\u0119pniania go mieszka\u0144com, b\u0119dzie m\u00f3g\u0142 tu organizowa\u0107 imprezy o charakterze sportowym\/rozrywkowym.  <\/p>\n<p><a href=\"https:\/\/www.24gliwice.pl\/wiadomosci\/wp-content\/uploads\/2020\/08\/kapielisko-basen.jpg\"><img loading=\"lazy\" decoding=\"async\" src=\"https:\/\/www.24gliwice.pl\/wiadomosci\/wp-content\/uploads\/2020\/08\/kapielisko-basen.jpg\" alt=\"\" width=\"810\" height=\"456\" class=\"alignnone size-full wp-image-156431\" srcset=\"https:\/\/www.24gliwice.pl\/wiadomosci\/wp-content\/uploads\/2020\/08\/kapielisko-basen.jpg 810w, https:\/\/www.24gliwice.pl\/wiadomosci\/wp-content\/uploads\/2020\/08\/kapielisko-basen-410x232.jpg 410w, https:\/\/www.24gliwice.pl\/wiadomosci\/wp-content\/uploads\/2020\/08\/kapielisko-basen-808x455.jpg 808w, https:\/\/www.24gliwice.pl\/wiadomosci\/wp-content\/uploads\/2020\/08\/kapielisko-basen-768x432.jpg 768w\" sizes=\"auto, (max-width: 810px) 100vw, 810px\" \/><\/a><\/p>\n<p>K\u0105pielisko powinno by\u0107 dost\u0119pne dla wszystkich ch\u0119tnych z osobami niepe\u0142nosprawnymi w\u0142\u0105cznie. Wed\u0142ug opinii WOPR jednocze\u015bnie mo\u017ce tam przebywa\u0107 13,5 tysi\u0105ca os\u00f3b. Ceny za wst\u0119p na teren obiektu ustali dzier\u017cawca z zastrze\u017ceniem, \u017ce osoby do lat 18 b\u0119d\u0105 mia\u0142y zni\u017ck\u0119 50%, na obiekcie ma by\u0107 tak\u017ce realizowany program \u201eRodzina 3+\u201d.<\/p>\n<h4>Dzier\u017cawca zapewni bezpiecze\u0144stwo osobom k\u0105pi\u0105cym si\u0119 poprzez strze\u017cenie k\u0105pieliska przez uprawnionych ratownik\u00f3w wodnych, zgodnie z obowi\u0105zuj\u0105cymi przepisami prawa w tym zakresie.<\/h4>\n<p>Ustalony w drodze przetargu czynsz dzier\u017cawny obejmuje jedynie comiesi\u0119czn\u0105 op\u0142at\u0119 za dzier\u017caw\u0119 jak\u0105 dzier\u017cawca przekazywa\u0107 b\u0119dzie na konto MZUK. Opr\u00f3cz tego osoba, kt\u00f3ra wydzier\u017cawi K\u0105pielisko pokryje wszystkie koszty zwi\u0105zanie z jego dzia\u0142alno\u015bci\u0105, eksploatacj\u0105 i nale\u017cytym utrzymaniem, w tym koszty w\u0142a\u015bciwej eksploatacji urz\u0105dze\u0144 wed\u0142ug wskaza\u0144 ich producent\u00f3w oraz remont\u00f3w bie\u017c\u0105cych.<\/p>\n<div id=\"attachment_156433\" style=\"width: 820px\" class=\"wp-caption alignnone\"><a href=\"https:\/\/www.24gliwice.pl\/wiadomosci\/wp-content\/uploads\/2020\/08\/kapielisko-budynek-przebieralni.jpg\"><img loading=\"lazy\" decoding=\"async\" aria-describedby=\"caption-attachment-156433\" src=\"https:\/\/www.24gliwice.pl\/wiadomosci\/wp-content\/uploads\/2020\/08\/kapielisko-budynek-przebieralni.jpg\" alt=\"\" width=\"810\" height=\"456\" class=\"size-full wp-image-156433\" srcset=\"https:\/\/www.24gliwice.pl\/wiadomosci\/wp-content\/uploads\/2020\/08\/kapielisko-budynek-przebieralni.jpg 810w, https:\/\/www.24gliwice.pl\/wiadomosci\/wp-content\/uploads\/2020\/08\/kapielisko-budynek-przebieralni-410x232.jpg 410w, https:\/\/www.24gliwice.pl\/wiadomosci\/wp-content\/uploads\/2020\/08\/kapielisko-budynek-przebieralni-808x455.jpg 808w, https:\/\/www.24gliwice.pl\/wiadomosci\/wp-content\/uploads\/2020\/08\/kapielisko-budynek-przebieralni-768x432.jpg 768w\" sizes=\"auto, (max-width: 810px) 100vw, 810px\" \/><\/a><p id=\"caption-attachment-156433\" class=\"wp-caption-text\">Budynek przebieralni z zewn\u0105trz<\/p><\/div>\n<p>Ca\u0142o\u015b\u0107 og\u0142oszenia o przetargu w sprawie dzier\u017cawy K\u0105pieliska Le\u015bnego, wz\u00f3r przysz\u0142ej umowy, a tak\u017ce formularz ofertowy znajduje si\u0119 na stronie BIP Miejskiego Zarz\u0105du Us\u0142ug Komunalnych oraz tu: <a href=\"https:\/\/www.24gliwice.pl\/wiadomosci\/wp-content\/uploads\/2022\/03\/Ogloszenie_dzierzawa-Kapielisko-Lesne-2.pdf\">Ogloszenie_dzier\u017cawa K\u0105pielisko Le\u015bne 2<\/a>. <\/p>\n<p>(\u017cms)\/BIP MZUK Gliwice<br \/>\nfot. 24gliwice.pl, Mosquidron<\/p>\n<div class=\"gliwi-a5-na-koncu-artykulow gliwi-entity-placement\" id=\"gliwi-2675255404\"><div class=\"gliwi-adlabel\"><span style=\"font-size: 9px\">REKLAMA<\/span><\/div><div id=\"gliwi-323321955\" style=\"margin-left: auto;margin-right: auto;text-align: center;\"><a data-no-instant=\"1\" href=\"https:\/\/prezeroarenagliwice.pl\/\" rel=\"noopener\" class=\"a2t-link\" target=\"_blank\" aria-label=\"20260309-PREZERO-WIOSNA-D\"><img loading=\"lazy\" decoding=\"async\" src=\"https:\/\/www.24gliwice.pl\/wiadomosci\/wp-content\/uploads\/2026\/03\/20260309-PREZERO-WIOSNA-D.webp\" alt=\"\"  srcset=\"https:\/\/www.24gliwice.pl\/wiadomosci\/wp-content\/uploads\/2026\/03\/20260309-PREZERO-WIOSNA-D.webp 750w, https:\/\/www.24gliwice.pl\/wiadomosci\/wp-content\/uploads\/2026\/03\/20260309-PREZERO-WIOSNA-D-410x109.webp 410w\" sizes=\"(max-width: 750px) 100vw, 750px\" class=\"no-lazyload\" width=\"750\" height=\"200\"  style=\"display: inline-block; max-width: 100%; height: auto;\" \/><\/a><\/div><\/div>","protected":false},"excerpt":{"rendered":"<p>Za minimum 500 z\u0142 miesi\u0119cznie mo\u017cna aktualnie wydzier\u017cawi\u0107 K\u0105pielisko Le\u015bne w Gliwicach. Pierwszy przetarg, kt\u00f3ry mia\u0142 wy\u0142oni\u0107 najemc\u0119 obiektu zako\u0144czy\u0142 si\u0119 niepowodzeniem. Czy obiekt b\u0119dzie czynny w nadchodz\u0105cym sezonie letnim? &nbsp; 10 lutego up\u0142yn\u0105\u0142 termin wnoszenia ofert do pierwszego og\u0142oszenia. Zg\u0142osi\u0142 si\u0119 jeden zainteresowany podmiot. Niestety &#8211; najwyra\u017aniej nie dosz\u0142o do porozumienia mi\u0119dzy zarz\u0105dc\u0105 obiektu [&hellip;]<\/p>\n","protected":false},"author":15,"featured_media":73368,"comment_status":"open","ping_status":"closed","sticky":false,"template":"","format":"standard","meta":{"_monsterinsights_skip_tracking":false,"_monsterinsights_sitenote_active":false,"_monsterinsights_sitenote_note":"","_monsterinsights_sitenote_category":0,"footnotes":"","_links_to":"","_links_to_target":""},"categories":[3,6,1],"tags":[4164],"class_list":["post-188357","post","type-post","status-publish","format-standard","has-post-thumbnail","hentry","category-gliwice","category-kultura","category-wszystko","tag-kapielisko-lesne"],"yoast_head":"<!-- This site is optimized with the Yoast SEO plugin v27.4 - https:\/\/yoast.com\/product\/yoast-seo-wordpress\/ -->\n<title>Czy K\u0105pielisko Le\u015bne ruszy w tym sezonie? Nie uda\u0142o si\u0119 wy\u0142oni\u0107 dzier\u017cawcy na najbli\u017csze 10 lat - 24GLIWICE - Portal Gliwice | codziennie nowe informacje<\/title>\n<meta name=\"description\" content=\"MZUK w dalszym ci\u0105gu poszukuje dzier\u017cawcy k\u0105pieliska le\u015bnego. Zmieni\u0142y si\u0119 warunki og\u0142oszenia - umowa mia\u0142aby zosta\u0107 zawarta na 3 lata\" \/>\n<meta name=\"robots\" content=\"index, follow, max-snippet:-1, max-image-preview:large, max-video-preview:-1\" \/>\n<link rel=\"canonical\" href=\"https:\/\/www.24gliwice.pl\/wiadomosci\/czy-kapielisko-lesne-ruszy-w-tym-sezonie-nie-udalo-sie-wylonic-dzierzawcy-na-najblizsze-10-lat\/\" \/>\n<meta property=\"og:locale\" content=\"pl_PL\" \/>\n<meta property=\"og:type\" content=\"article\" \/>\n<meta property=\"og:title\" content=\"Czy K\u0105pielisko Le\u015bne ruszy w tym sezonie? Nie uda\u0142o si\u0119 wy\u0142oni\u0107 dzier\u017cawcy na najbli\u017csze 10 lat - 24GLIWICE - Portal Gliwice | codziennie nowe informacje\" \/>\n<meta property=\"og:description\" content=\"MZUK w dalszym ci\u0105gu poszukuje dzier\u017cawcy k\u0105pieliska le\u015bnego. Zmieni\u0142y si\u0119 warunki og\u0142oszenia - umowa mia\u0142aby zosta\u0107 zawarta na 3 lata\" \/>\n<meta property=\"og:url\" content=\"https:\/\/www.24gliwice.pl\/wiadomosci\/czy-kapielisko-lesne-ruszy-w-tym-sezonie-nie-udalo-sie-wylonic-dzierzawcy-na-najblizsze-10-lat\/\" \/>\n<meta property=\"og:site_name\" content=\"24GLIWICE - Portal Gliwice | codziennie nowe informacje\" \/>\n<meta property=\"article:publisher\" content=\"https:\/\/www.facebook.com\/24gliwice\" \/>\n<meta property=\"article:published_time\" content=\"2022-03-15T11:19:44+00:00\" \/>\n<meta property=\"og:image\" content=\"https:\/\/www.24gliwice.pl\/wiadomosci\/wp-content\/uploads\/2015\/07\/k\u0105pielisko.jpg\" \/>\n\t<meta property=\"og:image:width\" content=\"810\" \/>\n\t<meta property=\"og:image:height\" content=\"444\" \/>\n\t<meta property=\"og:image:type\" content=\"image\/jpeg\" \/>\n<meta name=\"author\" content=\"\u017baneta Mrozek-Siewierska\" \/>\n<meta name=\"twitter:card\" content=\"summary_large_image\" \/>\n<meta name=\"twitter:creator\" content=\"@24gliwice\" \/>\n<meta name=\"twitter:site\" content=\"@24gliwice\" \/>\n<meta name=\"twitter:label1\" content=\"Napisane przez\" \/>\n\t<meta name=\"twitter:data1\" content=\"\u017baneta Mrozek-Siewierska\" \/>\n\t<meta name=\"twitter:label2\" content=\"Szacowany czas czytania\" \/>\n\t<meta name=\"twitter:data2\" content=\"3 minuty\" \/>\n<script type=\"application\/ld+json\" class=\"yoast-schema-graph\">{\"@context\":\"https:\\\/\\\/schema.org\",\"@graph\":[{\"@type\":\"Article\",\"@id\":\"https:\\\/\\\/www.24gliwice.pl\\\/wiadomosci\\\/czy-kapielisko-lesne-ruszy-w-tym-sezonie-nie-udalo-sie-wylonic-dzierzawcy-na-najblizsze-10-lat\\\/#article\",\"isPartOf\":{\"@id\":\"https:\\\/\\\/www.24gliwice.pl\\\/wiadomosci\\\/czy-kapielisko-lesne-ruszy-w-tym-sezonie-nie-udalo-sie-wylonic-dzierzawcy-na-najblizsze-10-lat\\\/\"},\"author\":{\"name\":\"\u017baneta Mrozek-Siewierska\",\"@id\":\"https:\\\/\\\/www.24gliwice.pl\\\/wiadomosci\\\/#\\\/schema\\\/person\\\/e42c650edd7f2fa332be3811fb166b6e\"},\"headline\":\"Czy K\u0105pielisko Le\u015bne ruszy w tym sezonie? Nie uda\u0142o si\u0119 wy\u0142oni\u0107 dzier\u017cawcy na najbli\u017csze 10 lat\",\"datePublished\":\"2022-03-15T11:19:44+00:00\",\"mainEntityOfPage\":{\"@id\":\"https:\\\/\\\/www.24gliwice.pl\\\/wiadomosci\\\/czy-kapielisko-lesne-ruszy-w-tym-sezonie-nie-udalo-sie-wylonic-dzierzawcy-na-najblizsze-10-lat\\\/\"},\"wordCount\":574,\"commentCount\":0,\"publisher\":{\"@id\":\"https:\\\/\\\/www.24gliwice.pl\\\/wiadomosci\\\/#organization\"},\"image\":{\"@id\":\"https:\\\/\\\/www.24gliwice.pl\\\/wiadomosci\\\/czy-kapielisko-lesne-ruszy-w-tym-sezonie-nie-udalo-sie-wylonic-dzierzawcy-na-najblizsze-10-lat\\\/#primaryimage\"},\"thumbnailUrl\":\"https:\\\/\\\/www.24gliwice.pl\\\/wiadomosci\\\/wp-content\\\/uploads\\\/2015\\\/07\\\/k\u0105pielisko.jpg\",\"keywords\":[\"K\u0104PIELISKO LE\u015aNE\"],\"articleSection\":[\"Gliwice\",\"Kultura, wydarzenia, imprezy\",\"Najnowsze wiadomo\u015bci\"],\"inLanguage\":\"pl-PL\",\"potentialAction\":[{\"@type\":\"CommentAction\",\"name\":\"Comment\",\"target\":[\"https:\\\/\\\/www.24gliwice.pl\\\/wiadomosci\\\/czy-kapielisko-lesne-ruszy-w-tym-sezonie-nie-udalo-sie-wylonic-dzierzawcy-na-najblizsze-10-lat\\\/#respond\"]}]},{\"@type\":\"WebPage\",\"@id\":\"https:\\\/\\\/www.24gliwice.pl\\\/wiadomosci\\\/czy-kapielisko-lesne-ruszy-w-tym-sezonie-nie-udalo-sie-wylonic-dzierzawcy-na-najblizsze-10-lat\\\/\",\"url\":\"https:\\\/\\\/www.24gliwice.pl\\\/wiadomosci\\\/czy-kapielisko-lesne-ruszy-w-tym-sezonie-nie-udalo-sie-wylonic-dzierzawcy-na-najblizsze-10-lat\\\/\",\"name\":\"Czy K\u0105pielisko Le\u015bne ruszy w tym sezonie? Nie uda\u0142o si\u0119 wy\u0142oni\u0107 dzier\u017cawcy na najbli\u017csze 10 lat - 24GLIWICE - Portal Gliwice | codziennie nowe informacje\",\"isPartOf\":{\"@id\":\"https:\\\/\\\/www.24gliwice.pl\\\/wiadomosci\\\/#website\"},\"primaryImageOfPage\":{\"@id\":\"https:\\\/\\\/www.24gliwice.pl\\\/wiadomosci\\\/czy-kapielisko-lesne-ruszy-w-tym-sezonie-nie-udalo-sie-wylonic-dzierzawcy-na-najblizsze-10-lat\\\/#primaryimage\"},\"image\":{\"@id\":\"https:\\\/\\\/www.24gliwice.pl\\\/wiadomosci\\\/czy-kapielisko-lesne-ruszy-w-tym-sezonie-nie-udalo-sie-wylonic-dzierzawcy-na-najblizsze-10-lat\\\/#primaryimage\"},\"thumbnailUrl\":\"https:\\\/\\\/www.24gliwice.pl\\\/wiadomosci\\\/wp-content\\\/uploads\\\/2015\\\/07\\\/k\u0105pielisko.jpg\",\"datePublished\":\"2022-03-15T11:19:44+00:00\",\"description\":\"MZUK w dalszym ci\u0105gu poszukuje dzier\u017cawcy k\u0105pieliska le\u015bnego. Zmieni\u0142y si\u0119 warunki og\u0142oszenia - umowa mia\u0142aby zosta\u0107 zawarta na 3 lata\",\"breadcrumb\":{\"@id\":\"https:\\\/\\\/www.24gliwice.pl\\\/wiadomosci\\\/czy-kapielisko-lesne-ruszy-w-tym-sezonie-nie-udalo-sie-wylonic-dzierzawcy-na-najblizsze-10-lat\\\/#breadcrumb\"},\"inLanguage\":\"pl-PL\",\"potentialAction\":[{\"@type\":\"ReadAction\",\"target\":[\"https:\\\/\\\/www.24gliwice.pl\\\/wiadomosci\\\/czy-kapielisko-lesne-ruszy-w-tym-sezonie-nie-udalo-sie-wylonic-dzierzawcy-na-najblizsze-10-lat\\\/\"]}]},{\"@type\":\"ImageObject\",\"inLanguage\":\"pl-PL\",\"@id\":\"https:\\\/\\\/www.24gliwice.pl\\\/wiadomosci\\\/czy-kapielisko-lesne-ruszy-w-tym-sezonie-nie-udalo-sie-wylonic-dzierzawcy-na-najblizsze-10-lat\\\/#primaryimage\",\"url\":\"https:\\\/\\\/www.24gliwice.pl\\\/wiadomosci\\\/wp-content\\\/uploads\\\/2015\\\/07\\\/k\u0105pielisko.jpg\",\"contentUrl\":\"https:\\\/\\\/www.24gliwice.pl\\\/wiadomosci\\\/wp-content\\\/uploads\\\/2015\\\/07\\\/k\u0105pielisko.jpg\",\"width\":810,\"height\":444},{\"@type\":\"BreadcrumbList\",\"@id\":\"https:\\\/\\\/www.24gliwice.pl\\\/wiadomosci\\\/czy-kapielisko-lesne-ruszy-w-tym-sezonie-nie-udalo-sie-wylonic-dzierzawcy-na-najblizsze-10-lat\\\/#breadcrumb\",\"itemListElement\":[{\"@type\":\"ListItem\",\"position\":1,\"name\":\"Strona g\u0142\u00f3wna\",\"item\":\"https:\\\/\\\/www.24gliwice.pl\\\/wiadomosci\\\/\"},{\"@type\":\"ListItem\",\"position\":2,\"name\":\"Czy K\u0105pielisko Le\u015bne ruszy w tym sezonie? Nie uda\u0142o si\u0119 wy\u0142oni\u0107 dzier\u017cawcy na najbli\u017csze 10 lat\"}]},{\"@type\":\"WebSite\",\"@id\":\"https:\\\/\\\/www.24gliwice.pl\\\/wiadomosci\\\/#website\",\"url\":\"https:\\\/\\\/www.24gliwice.pl\\\/wiadomosci\\\/\",\"name\":\"24GLIWICE - Portal Gliwice | codziennie nowe wiadomo\u015bci\",\"description\":\"Portal Miejski Gliwice\",\"publisher\":{\"@id\":\"https:\\\/\\\/www.24gliwice.pl\\\/wiadomosci\\\/#organization\"},\"potentialAction\":[{\"@type\":\"SearchAction\",\"target\":{\"@type\":\"EntryPoint\",\"urlTemplate\":\"https:\\\/\\\/www.24gliwice.pl\\\/wiadomosci\\\/?s={search_term_string}\"},\"query-input\":{\"@type\":\"PropertyValueSpecification\",\"valueRequired\":true,\"valueName\":\"search_term_string\"}}],\"inLanguage\":\"pl-PL\"},{\"@type\":\"Organization\",\"@id\":\"https:\\\/\\\/www.24gliwice.pl\\\/wiadomosci\\\/#organization\",\"name\":\"24gliwice\",\"url\":\"https:\\\/\\\/www.24gliwice.pl\\\/wiadomosci\\\/\",\"logo\":{\"@type\":\"ImageObject\",\"inLanguage\":\"pl-PL\",\"@id\":\"https:\\\/\\\/www.24gliwice.pl\\\/wiadomosci\\\/#\\\/schema\\\/logo\\\/image\\\/\",\"url\":\"https:\\\/\\\/www.24gliwice.pl\\\/wiadomosci\\\/wp-content\\\/uploads\\\/2024\\\/10\\\/24gliwice-logo-696.jpg\",\"contentUrl\":\"https:\\\/\\\/www.24gliwice.pl\\\/wiadomosci\\\/wp-content\\\/uploads\\\/2024\\\/10\\\/24gliwice-logo-696.jpg\",\"width\":696,\"height\":696,\"caption\":\"24gliwice\"},\"image\":{\"@id\":\"https:\\\/\\\/www.24gliwice.pl\\\/wiadomosci\\\/#\\\/schema\\\/logo\\\/image\\\/\"},\"sameAs\":[\"https:\\\/\\\/www.facebook.com\\\/24gliwice\",\"https:\\\/\\\/x.com\\\/24gliwice\",\"https:\\\/\\\/www.youtube.com\\\/@24gliwice\"]},{\"@type\":\"Person\",\"@id\":\"https:\\\/\\\/www.24gliwice.pl\\\/wiadomosci\\\/#\\\/schema\\\/person\\\/e42c650edd7f2fa332be3811fb166b6e\",\"name\":\"\u017baneta Mrozek-Siewierska\",\"image\":{\"@type\":\"ImageObject\",\"inLanguage\":\"pl-PL\",\"@id\":\"https:\\\/\\\/www.24gliwice.pl\\\/wiadomosci\\\/wp-content\\\/uploads\\\/2021\\\/11\\\/Zaneta-M_S-zdjecie-czb-96x96.jpg\",\"url\":\"https:\\\/\\\/www.24gliwice.pl\\\/wiadomosci\\\/wp-content\\\/uploads\\\/2021\\\/11\\\/Zaneta-M_S-zdjecie-czb-96x96.jpg\",\"contentUrl\":\"https:\\\/\\\/www.24gliwice.pl\\\/wiadomosci\\\/wp-content\\\/uploads\\\/2021\\\/11\\\/Zaneta-M_S-zdjecie-czb-96x96.jpg\",\"caption\":\"\u017baneta Mrozek-Siewierska\"},\"url\":\"https:\\\/\\\/www.24gliwice.pl\\\/wiadomosci\\\/author\\\/zms\\\/\"}]}<\/script>\n<!-- \/ Yoast SEO plugin. -->","yoast_head_json":{"title":"Czy K\u0105pielisko Le\u015bne ruszy w tym sezonie? Nie uda\u0142o si\u0119 wy\u0142oni\u0107 dzier\u017cawcy na najbli\u017csze 10 lat - 24GLIWICE - Portal Gliwice | codziennie nowe informacje","description":"MZUK w dalszym ci\u0105gu poszukuje dzier\u017cawcy k\u0105pieliska le\u015bnego. Zmieni\u0142y si\u0119 warunki og\u0142oszenia - umowa mia\u0142aby zosta\u0107 zawarta na 3 lata","robots":{"index":"index","follow":"follow","max-snippet":"max-snippet:-1","max-image-preview":"max-image-preview:large","max-video-preview":"max-video-preview:-1"},"canonical":"https:\/\/www.24gliwice.pl\/wiadomosci\/czy-kapielisko-lesne-ruszy-w-tym-sezonie-nie-udalo-sie-wylonic-dzierzawcy-na-najblizsze-10-lat\/","og_locale":"pl_PL","og_type":"article","og_title":"Czy K\u0105pielisko Le\u015bne ruszy w tym sezonie? Nie uda\u0142o si\u0119 wy\u0142oni\u0107 dzier\u017cawcy na najbli\u017csze 10 lat - 24GLIWICE - Portal Gliwice | codziennie nowe informacje","og_description":"MZUK w dalszym ci\u0105gu poszukuje dzier\u017cawcy k\u0105pieliska le\u015bnego. Zmieni\u0142y si\u0119 warunki og\u0142oszenia - umowa mia\u0142aby zosta\u0107 zawarta na 3 lata","og_url":"https:\/\/www.24gliwice.pl\/wiadomosci\/czy-kapielisko-lesne-ruszy-w-tym-sezonie-nie-udalo-sie-wylonic-dzierzawcy-na-najblizsze-10-lat\/","og_site_name":"24GLIWICE - Portal Gliwice | codziennie nowe informacje","article_publisher":"https:\/\/www.facebook.com\/24gliwice","article_published_time":"2022-03-15T11:19:44+00:00","og_image":[{"width":810,"height":444,"url":"https:\/\/www.24gliwice.pl\/wiadomosci\/wp-content\/uploads\/2015\/07\/k\u0105pielisko.jpg","type":"image\/jpeg"}],"author":"\u017baneta Mrozek-Siewierska","twitter_card":"summary_large_image","twitter_creator":"@24gliwice","twitter_site":"@24gliwice","twitter_misc":{"Napisane przez":"\u017baneta Mrozek-Siewierska","Szacowany czas czytania":"3 minuty"},"schema":{"@context":"https:\/\/schema.org","@graph":[{"@type":"Article","@id":"https:\/\/www.24gliwice.pl\/wiadomosci\/czy-kapielisko-lesne-ruszy-w-tym-sezonie-nie-udalo-sie-wylonic-dzierzawcy-na-najblizsze-10-lat\/#article","isPartOf":{"@id":"https:\/\/www.24gliwice.pl\/wiadomosci\/czy-kapielisko-lesne-ruszy-w-tym-sezonie-nie-udalo-sie-wylonic-dzierzawcy-na-najblizsze-10-lat\/"},"author":{"name":"\u017baneta Mrozek-Siewierska","@id":"https:\/\/www.24gliwice.pl\/wiadomosci\/#\/schema\/person\/e42c650edd7f2fa332be3811fb166b6e"},"headline":"Czy K\u0105pielisko Le\u015bne ruszy w tym sezonie? Nie uda\u0142o si\u0119 wy\u0142oni\u0107 dzier\u017cawcy na najbli\u017csze 10 lat","datePublished":"2022-03-15T11:19:44+00:00","mainEntityOfPage":{"@id":"https:\/\/www.24gliwice.pl\/wiadomosci\/czy-kapielisko-lesne-ruszy-w-tym-sezonie-nie-udalo-sie-wylonic-dzierzawcy-na-najblizsze-10-lat\/"},"wordCount":574,"commentCount":0,"publisher":{"@id":"https:\/\/www.24gliwice.pl\/wiadomosci\/#organization"},"image":{"@id":"https:\/\/www.24gliwice.pl\/wiadomosci\/czy-kapielisko-lesne-ruszy-w-tym-sezonie-nie-udalo-sie-wylonic-dzierzawcy-na-najblizsze-10-lat\/#primaryimage"},"thumbnailUrl":"https:\/\/www.24gliwice.pl\/wiadomosci\/wp-content\/uploads\/2015\/07\/k\u0105pielisko.jpg","keywords":["K\u0104PIELISKO LE\u015aNE"],"articleSection":["Gliwice","Kultura, wydarzenia, imprezy","Najnowsze wiadomo\u015bci"],"inLanguage":"pl-PL","potentialAction":[{"@type":"CommentAction","name":"Comment","target":["https:\/\/www.24gliwice.pl\/wiadomosci\/czy-kapielisko-lesne-ruszy-w-tym-sezonie-nie-udalo-sie-wylonic-dzierzawcy-na-najblizsze-10-lat\/#respond"]}]},{"@type":"WebPage","@id":"https:\/\/www.24gliwice.pl\/wiadomosci\/czy-kapielisko-lesne-ruszy-w-tym-sezonie-nie-udalo-sie-wylonic-dzierzawcy-na-najblizsze-10-lat\/","url":"https:\/\/www.24gliwice.pl\/wiadomosci\/czy-kapielisko-lesne-ruszy-w-tym-sezonie-nie-udalo-sie-wylonic-dzierzawcy-na-najblizsze-10-lat\/","name":"Czy K\u0105pielisko Le\u015bne ruszy w tym sezonie? Nie uda\u0142o si\u0119 wy\u0142oni\u0107 dzier\u017cawcy na najbli\u017csze 10 lat - 24GLIWICE - Portal Gliwice | codziennie nowe informacje","isPartOf":{"@id":"https:\/\/www.24gliwice.pl\/wiadomosci\/#website"},"primaryImageOfPage":{"@id":"https:\/\/www.24gliwice.pl\/wiadomosci\/czy-kapielisko-lesne-ruszy-w-tym-sezonie-nie-udalo-sie-wylonic-dzierzawcy-na-najblizsze-10-lat\/#primaryimage"},"image":{"@id":"https:\/\/www.24gliwice.pl\/wiadomosci\/czy-kapielisko-lesne-ruszy-w-tym-sezonie-nie-udalo-sie-wylonic-dzierzawcy-na-najblizsze-10-lat\/#primaryimage"},"thumbnailUrl":"https:\/\/www.24gliwice.pl\/wiadomosci\/wp-content\/uploads\/2015\/07\/k\u0105pielisko.jpg","datePublished":"2022-03-15T11:19:44+00:00","description":"MZUK w dalszym ci\u0105gu poszukuje dzier\u017cawcy k\u0105pieliska le\u015bnego. Zmieni\u0142y si\u0119 warunki og\u0142oszenia - umowa mia\u0142aby zosta\u0107 zawarta na 3 lata","breadcrumb":{"@id":"https:\/\/www.24gliwice.pl\/wiadomosci\/czy-kapielisko-lesne-ruszy-w-tym-sezonie-nie-udalo-sie-wylonic-dzierzawcy-na-najblizsze-10-lat\/#breadcrumb"},"inLanguage":"pl-PL","potentialAction":[{"@type":"ReadAction","target":["https:\/\/www.24gliwice.pl\/wiadomosci\/czy-kapielisko-lesne-ruszy-w-tym-sezonie-nie-udalo-sie-wylonic-dzierzawcy-na-najblizsze-10-lat\/"]}]},{"@type":"ImageObject","inLanguage":"pl-PL","@id":"https:\/\/www.24gliwice.pl\/wiadomosci\/czy-kapielisko-lesne-ruszy-w-tym-sezonie-nie-udalo-sie-wylonic-dzierzawcy-na-najblizsze-10-lat\/#primaryimage","url":"https:\/\/www.24gliwice.pl\/wiadomosci\/wp-content\/uploads\/2015\/07\/k\u0105pielisko.jpg","contentUrl":"https:\/\/www.24gliwice.pl\/wiadomosci\/wp-content\/uploads\/2015\/07\/k\u0105pielisko.jpg","width":810,"height":444},{"@type":"BreadcrumbList","@id":"https:\/\/www.24gliwice.pl\/wiadomosci\/czy-kapielisko-lesne-ruszy-w-tym-sezonie-nie-udalo-sie-wylonic-dzierzawcy-na-najblizsze-10-lat\/#breadcrumb","itemListElement":[{"@type":"ListItem","position":1,"name":"Strona g\u0142\u00f3wna","item":"https:\/\/www.24gliwice.pl\/wiadomosci\/"},{"@type":"ListItem","position":2,"name":"Czy K\u0105pielisko Le\u015bne ruszy w tym sezonie? Nie uda\u0142o si\u0119 wy\u0142oni\u0107 dzier\u017cawcy na najbli\u017csze 10 lat"}]},{"@type":"WebSite","@id":"https:\/\/www.24gliwice.pl\/wiadomosci\/#website","url":"https:\/\/www.24gliwice.pl\/wiadomosci\/","name":"24GLIWICE - Portal Gliwice | codziennie nowe wiadomo\u015bci","description":"Portal Miejski Gliwice","publisher":{"@id":"https:\/\/www.24gliwice.pl\/wiadomosci\/#organization"},"potentialAction":[{"@type":"SearchAction","target":{"@type":"EntryPoint","urlTemplate":"https:\/\/www.24gliwice.pl\/wiadomosci\/?s={search_term_string}"},"query-input":{"@type":"PropertyValueSpecification","valueRequired":true,"valueName":"search_term_string"}}],"inLanguage":"pl-PL"},{"@type":"Organization","@id":"https:\/\/www.24gliwice.pl\/wiadomosci\/#organization","name":"24gliwice","url":"https:\/\/www.24gliwice.pl\/wiadomosci\/","logo":{"@type":"ImageObject","inLanguage":"pl-PL","@id":"https:\/\/www.24gliwice.pl\/wiadomosci\/#\/schema\/logo\/image\/","url":"https:\/\/www.24gliwice.pl\/wiadomosci\/wp-content\/uploads\/2024\/10\/24gliwice-logo-696.jpg","contentUrl":"https:\/\/www.24gliwice.pl\/wiadomosci\/wp-content\/uploads\/2024\/10\/24gliwice-logo-696.jpg","width":696,"height":696,"caption":"24gliwice"},"image":{"@id":"https:\/\/www.24gliwice.pl\/wiadomosci\/#\/schema\/logo\/image\/"},"sameAs":["https:\/\/www.facebook.com\/24gliwice","https:\/\/x.com\/24gliwice","https:\/\/www.youtube.com\/@24gliwice"]},{"@type":"Person","@id":"https:\/\/www.24gliwice.pl\/wiadomosci\/#\/schema\/person\/e42c650edd7f2fa332be3811fb166b6e","name":"\u017baneta Mrozek-Siewierska","image":{"@type":"ImageObject","inLanguage":"pl-PL","@id":"https:\/\/www.24gliwice.pl\/wiadomosci\/wp-content\/uploads\/2021\/11\/Zaneta-M_S-zdjecie-czb-96x96.jpg","url":"https:\/\/www.24gliwice.pl\/wiadomosci\/wp-content\/uploads\/2021\/11\/Zaneta-M_S-zdjecie-czb-96x96.jpg","contentUrl":"https:\/\/www.24gliwice.pl\/wiadomosci\/wp-content\/uploads\/2021\/11\/Zaneta-M_S-zdjecie-czb-96x96.jpg","caption":"\u017baneta Mrozek-Siewierska"},"url":"https:\/\/www.24gliwice.pl\/wiadomosci\/author\/zms\/"}]}},"_links":{"self":[{"href":"https:\/\/www.24gliwice.pl\/wiadomosci\/wp-json\/wp\/v2\/posts\/188357","targetHints":{"allow":["GET"]}}],"collection":[{"href":"https:\/\/www.24gliwice.pl\/wiadomosci\/wp-json\/wp\/v2\/posts"}],"about":[{"href":"https:\/\/www.24gliwice.pl\/wiadomosci\/wp-json\/wp\/v2\/types\/post"}],"author":[{"embeddable":true,"href":"https:\/\/www.24gliwice.pl\/wiadomosci\/wp-json\/wp\/v2\/users\/15"}],"replies":[{"embeddable":true,"href":"https:\/\/www.24gliwice.pl\/wiadomosci\/wp-json\/wp\/v2\/comments?post=188357"}],"version-history":[{"count":11,"href":"https:\/\/www.24gliwice.pl\/wiadomosci\/wp-json\/wp\/v2\/posts\/188357\/revisions"}],"predecessor-version":[{"id":188440,"href":"https:\/\/www.24gliwice.pl\/wiadomosci\/wp-json\/wp\/v2\/posts\/188357\/revisions\/188440"}],"wp:featuredmedia":[{"embeddable":true,"href":"https:\/\/www.24gliwice.pl\/wiadomosci\/wp-json\/wp\/v2\/media\/73368"}],"wp:attachment":[{"href":"https:\/\/www.24gliwice.pl\/wiadomosci\/wp-json\/wp\/v2\/media?parent=188357"}],"wp:term":[{"taxonomy":"category","embeddable":true,"href":"https:\/\/www.24gliwice.pl\/wiadomosci\/wp-json\/wp\/v2\/categories?post=188357"},{"taxonomy":"post_tag","embeddable":true,"href":"https:\/\/www.24gliwice.pl\/wiadomosci\/wp-json\/wp\/v2\/tags?post=188357"}],"curies":[{"name":"wp","href":"https:\/\/api.w.org\/{rel}","templated":true}]}}