{"id":188380,"date":"2022-03-14T17:34:50","date_gmt":"2022-03-14T16:34:50","guid":{"rendered":"https:\/\/www.24gliwice.pl\/wiadomosci\/?p=188380"},"modified":"2022-03-14T17:34:50","modified_gmt":"2022-03-14T16:34:50","slug":"zamiatarki-sprzataja-ulice-az-sie-kurzy-na-poczatek-glowne-arterie-a-takze-chodniki-i-pasy-zieleni","status":"publish","type":"post","link":"https:\/\/www.24gliwice.pl\/wiadomosci\/zamiatarki-sprzataja-ulice-az-sie-kurzy-na-poczatek-glowne-arterie-a-takze-chodniki-i-pasy-zieleni\/","title":{"rendered":"Zamiatarki sprz\u0105taj\u0105 ulice, a\u017c si\u0119&#8230; kurzy. Na pocz\u0105tek g\u0142\u00f3wne arterie, a tak\u017ce chodniki i pasy zieleni"},"content":{"rendered":"<div class=\"gliwi-a6-nad-leadem-artykulow gliwi-entity-placement\" id=\"gliwi-1363122196\"><div class=\"gliwi-adlabel\"><span style=\"font-size: 9px\">REKLAMA<\/span><\/div><div id=\"gliwi-3026068293\" style=\"margin-bottom: 30px;margin-left: auto;margin-right: auto;text-align: center;\"><a data-no-instant=\"1\" href=\"https:\/\/przedszkole.halogen.org.pl\/\" rel=\"noopener\" class=\"a2t-link\" target=\"_blank\" aria-label=\"20260402-ANIMATOR-przedszkole_grafika_750x200\"><img loading=\"lazy\" decoding=\"async\" src=\"https:\/\/www.24gliwice.pl\/wiadomosci\/wp-content\/uploads\/2026\/04\/20260402-ANIMATOR-przedszkole_grafika_750x200.webp\" alt=\"\"  srcset=\"https:\/\/www.24gliwice.pl\/wiadomosci\/wp-content\/uploads\/2026\/04\/20260402-ANIMATOR-przedszkole_grafika_750x200.webp 750w, https:\/\/www.24gliwice.pl\/wiadomosci\/wp-content\/uploads\/2026\/04\/20260402-ANIMATOR-przedszkole_grafika_750x200-410x109.webp 410w\" sizes=\"(max-width: 750px) 100vw, 750px\" class=\"no-lazyload\" width=\"750\" height=\"200\"  style=\"display: inline-block; max-width: 100%; height: auto;\" \/><\/a><\/div><\/div><h2>By\u0142y gliwicki radny Jan Paj\u0105k na swoim profilu w mediach spo\u0142eczno\u015bciowych zaprezentowa\u0142 zdj\u0119cia zamiatarki, kt\u00f3ra wzbija przy pracy ogromne tumany kurzu. Tego samego dnia ZDM poinformowa\u0142, \u017ce maszyny te wyjecha\u0142y na drogi naszego miasta.<\/h2>\n<p>&nbsp;<br \/>\n&#8211; <em>Zamiatanie ulic w So\u015bnicy po gliwicku&#8230;. Gdzie przysz\u0142o\u015b\u0107 jest tu. Lepiej ucieka\u0107 przed t\u0105 zamiatark\u0105 bo prysznic b\u0119dzie potrzebny<\/em> &#8211; skomentowa\u0142 Paj\u0105k w internetowym wpisie.  <\/p>\n<p><iframe loading=\"lazy\" src=\"https:\/\/www.facebook.com\/plugins\/post.php?href=https%3A%2F%2Fwww.facebook.com%2Fjan.pajak.12%2Fposts%2F5137435022988087&#038;width=500&#038;show_text=true&#038;height=665&#038;appId\" width=\"500\" height=\"665\" style=\"border:none;overflow:hidden\" scrolling=\"no\" frameborder=\"0\" allowfullscreen=\"true\" allow=\"autoplay; clipboard-write; encrypted-media; picture-in-picture; web-share\"><\/iframe><\/p>\n<p>Jak si\u0119 okazuje, drogowcy rozpocz\u0119li sprz\u0105tanie ulic po zimie. Dzia\u0142ania firm realizuj\u0105cych to zadanie rozpocz\u0119te zosta\u0142y od g\u0142\u00f3wnych arterii miejskich. W tym tygodniu, zamiatanie jezdni prowadzone b\u0119dzie m.in. wzd\u0142u\u017c ulic: Wroc\u0142awskiej, Pszczy\u0144skiej, Toszeckiej, Tarnog\u00f3rskiej, Strzelc\u00f3w Bytomskich czy Jedno\u015bci. <\/p><div class=\"gliwi-a3-w-tresci-artykulow gliwi-entity-placement\" id=\"gliwi-791481463\"><div class=\"gliwi-adlabel\"><span style=\"font-size: 9px\">REKLAMA<\/span><\/div><div id=\"gliwi-3061247140\" style=\"margin-bottom: 30px;margin-left: auto;margin-right: auto;text-align: center;\"><a data-no-instant=\"1\" href=\"https:\/\/zlobek.halogen.org.pl\/\" rel=\"noopener\" class=\"a2t-link\" target=\"_blank\" aria-label=\"animator-zlobek_750x200\"><img loading=\"lazy\" decoding=\"async\" src=\"https:\/\/www.24gliwice.pl\/wiadomosci\/wp-content\/uploads\/2026\/02\/animator-zlobek_750x200.webp\" alt=\"\"  srcset=\"https:\/\/www.24gliwice.pl\/wiadomosci\/wp-content\/uploads\/2026\/02\/animator-zlobek_750x200.webp 750w, https:\/\/www.24gliwice.pl\/wiadomosci\/wp-content\/uploads\/2026\/02\/animator-zlobek_750x200-410x109.webp 410w\" sizes=\"(max-width: 750px) 100vw, 750px\" class=\"no-lazyload\" width=\"750\" height=\"200\"  style=\"display: inline-block; max-width: 100%; height: auto;\" \/><\/a><\/div><\/div>\n<h4>Miasto podzielono na pi\u0119\u0107 rejon\u00f3w, kt\u00f3re obs\u0142uguje trzech wykonawc\u00f3w. Swoimi pracami obejmuj\u0105 oni ponad 3 mln metr\u00f3w kwadratowych jezdni. Wykonawcy, sukcesywnie dociera\u0107 b\u0119d\u0105 do ka\u017cdego zak\u0105tka w naszym mie\u015bcie.<\/h4>\n<p>R\u00f3wnolegle trwaj\u0105 prace porz\u0105dkowe na gliwickich chodnikach i w pasach zieleni.<\/p>\n<p><a href=\"https:\/\/www.24gliwice.pl\/wiadomosci\/wp-content\/uploads\/2022\/03\/zamiatarka-zdm.jpg\"><img loading=\"lazy\" decoding=\"async\" src=\"https:\/\/www.24gliwice.pl\/wiadomosci\/wp-content\/uploads\/2022\/03\/zamiatarka-zdm.jpg\" alt=\"\" width=\"810\" height=\"454\" class=\"alignnone size-full wp-image-188389\" srcset=\"https:\/\/www.24gliwice.pl\/wiadomosci\/wp-content\/uploads\/2022\/03\/zamiatarka-zdm.jpg 810w, https:\/\/www.24gliwice.pl\/wiadomosci\/wp-content\/uploads\/2022\/03\/zamiatarka-zdm-410x230.jpg 410w, https:\/\/www.24gliwice.pl\/wiadomosci\/wp-content\/uploads\/2022\/03\/zamiatarka-zdm-768x430.jpg 768w\" sizes=\"auto, (max-width: 810px) 100vw, 810px\" \/><\/a><\/p>\n<p>&#8211; <em>Przy okazji apelujemy do kierowc\u00f3w i prosimy, aby zwracali uwag\u0119 i stosowali si\u0119 do ustawionych w mie\u015bcie znak\u00f3w informuj\u0105cych o zakazie zatrzymywania na czas sprz\u0105tania. Znaki obowi\u0105zuj\u0105 tylko i wy\u0142\u0105cznie, w wyznaczonym dniu tygodnia i \u015bci\u015ble okre\u015blonym przedziale czasowym. Konkretne informacje dla danej ulicy, zawarte s\u0105 na tabliczkach umieszczonych pod znakiem zakazu. Stosowanie si\u0119 do nich, pozwoli wykonawcom, kt\u00f3rzy s\u0105 odpowiedzialni za utrzymanie czysto\u015bci w naszym mie\u015bcie, solidnie i bez przeszk\u00f3d wywi\u0105za\u0107 si\u0119 ze swojej pracy<\/em> &#8211;  apeluje <strong>Jadwiga Jagie\u0142\u0142o-Stiborska<\/strong>, rzeczniczka Zarz\u0105du Dr\u00f3g Miejskich w Gliwicach. <\/p>\n<p><iframe loading=\"lazy\" src=\"https:\/\/www.facebook.com\/plugins\/video.php?href=https%3A%2F%2Fwww.facebook.com%2F101267548363050%2Fvideos%2F520793929466543%2F&#038;width=500&#038;show_text=false&#038;height=282&#038;appId\" width=\"500\" height=\"282\" style=\"border:none;overflow:hidden\" scrolling=\"no\" frameborder=\"0\" allowfullscreen=\"true\" allow=\"autoplay; clipboard-write; encrypted-media; picture-in-picture; web-share\" allowFullScreen=\"true\"><\/iframe><\/p>\n<p>(\u017cms)\/ZDM Gliwice<br \/>\nfot. Jan Paj\u0105k (FB), ZDM Gliwice<\/p>\n<div class=\"gliwi-a5-na-koncu-artykulow gliwi-entity-placement\" id=\"gliwi-96338984\"><div class=\"gliwi-adlabel\"><span style=\"font-size: 9px\">REKLAMA<\/span><\/div><div id=\"gliwi-4147574542\" style=\"margin-left: auto;margin-right: auto;text-align: center;\"><a data-no-instant=\"1\" href=\"https:\/\/prezeroarenagliwice.pl\/\" rel=\"noopener\" class=\"a2t-link\" target=\"_blank\" aria-label=\"20260309-PREZERO-WIOSNA-D\"><img loading=\"lazy\" decoding=\"async\" src=\"https:\/\/www.24gliwice.pl\/wiadomosci\/wp-content\/uploads\/2026\/03\/20260309-PREZERO-WIOSNA-D.webp\" alt=\"\"  srcset=\"https:\/\/www.24gliwice.pl\/wiadomosci\/wp-content\/uploads\/2026\/03\/20260309-PREZERO-WIOSNA-D.webp 750w, https:\/\/www.24gliwice.pl\/wiadomosci\/wp-content\/uploads\/2026\/03\/20260309-PREZERO-WIOSNA-D-410x109.webp 410w\" sizes=\"(max-width: 750px) 100vw, 750px\" class=\"no-lazyload\" width=\"750\" height=\"200\"  style=\"display: inline-block; max-width: 100%; height: auto;\" \/><\/a><\/div><\/div>","protected":false},"excerpt":{"rendered":"<p>By\u0142y gliwicki radny Jan Paj\u0105k na swoim profilu w mediach spo\u0142eczno\u015bciowych zaprezentowa\u0142 zdj\u0119cia zamiatarki, kt\u00f3ra wzbija przy pracy ogromne tumany kurzu. Tego samego dnia ZDM poinformowa\u0142, \u017ce maszyny te wyjecha\u0142y na drogi naszego miasta. &nbsp; &#8211; Zamiatanie ulic w So\u015bnicy po gliwicku&#8230;. Gdzie przysz\u0142o\u015b\u0107 jest tu. Lepiej ucieka\u0107 przed t\u0105 zamiatark\u0105 bo prysznic b\u0119dzie potrzebny [&hellip;]<\/p>\n","protected":false},"author":15,"featured_media":188387,"comment_status":"open","ping_status":"closed","sticky":false,"template":"","format":"standard","meta":{"_monsterinsights_skip_tracking":false,"_monsterinsights_sitenote_active":false,"_monsterinsights_sitenote_note":"","_monsterinsights_sitenote_category":0,"footnotes":"","_links_to":"","_links_to_target":""},"categories":[3,1],"tags":[5649],"class_list":["post-188380","post","type-post","status-publish","format-standard","has-post-thumbnail","hentry","category-gliwice","category-wszystko","tag-jan-pajak"],"yoast_head":"<!-- This site is optimized with the Yoast SEO plugin v27.4 - https:\/\/yoast.com\/product\/yoast-seo-wordpress\/ -->\n<title>Zamiatarki sprz\u0105taj\u0105 ulice, a\u017c si\u0119... kurzy. Na pocz\u0105tek g\u0142\u00f3wne arterie, a tak\u017ce chodniki i pasy zieleni - 24GLIWICE - Portal Gliwice | codziennie nowe informacje<\/title>\n<meta name=\"description\" content=\"ZDM informuje o rozpocz\u0119ciu wiosennej akcji sprz\u0105tania ulic. Jak si\u0119 okazuje, zamiatarki przy okazji sprz\u0105tania uwalniaj\u0105 mn\u00f3stwo py\u0142u\" \/>\n<meta name=\"robots\" content=\"index, follow, max-snippet:-1, max-image-preview:large, max-video-preview:-1\" \/>\n<link rel=\"canonical\" href=\"https:\/\/www.24gliwice.pl\/wiadomosci\/zamiatarki-sprzataja-ulice-az-sie-kurzy-na-poczatek-glowne-arterie-a-takze-chodniki-i-pasy-zieleni\/\" \/>\n<meta property=\"og:locale\" content=\"pl_PL\" \/>\n<meta property=\"og:type\" content=\"article\" \/>\n<meta property=\"og:title\" content=\"Zamiatarki sprz\u0105taj\u0105 ulice, a\u017c si\u0119... kurzy. Na pocz\u0105tek g\u0142\u00f3wne arterie, a tak\u017ce chodniki i pasy zieleni - 24GLIWICE - Portal Gliwice | codziennie nowe informacje\" \/>\n<meta property=\"og:description\" content=\"ZDM informuje o rozpocz\u0119ciu wiosennej akcji sprz\u0105tania ulic. Jak si\u0119 okazuje, zamiatarki przy okazji sprz\u0105tania uwalniaj\u0105 mn\u00f3stwo py\u0142u\" \/>\n<meta property=\"og:url\" content=\"https:\/\/www.24gliwice.pl\/wiadomosci\/zamiatarki-sprzataja-ulice-az-sie-kurzy-na-poczatek-glowne-arterie-a-takze-chodniki-i-pasy-zieleni\/\" \/>\n<meta property=\"og:site_name\" content=\"24GLIWICE - Portal Gliwice | codziennie nowe informacje\" \/>\n<meta property=\"article:publisher\" content=\"https:\/\/www.facebook.com\/24gliwice\" \/>\n<meta property=\"article:published_time\" content=\"2022-03-14T16:34:50+00:00\" \/>\n<meta property=\"og:image\" content=\"https:\/\/www.24gliwice.pl\/wiadomosci\/wp-content\/uploads\/2022\/03\/zamiatanie-ulic.jpg\" \/>\n\t<meta property=\"og:image:width\" content=\"810\" \/>\n\t<meta property=\"og:image:height\" content=\"456\" \/>\n\t<meta property=\"og:image:type\" content=\"image\/jpeg\" \/>\n<meta name=\"author\" content=\"\u017baneta Mrozek-Siewierska\" \/>\n<meta name=\"twitter:card\" content=\"summary_large_image\" \/>\n<meta name=\"twitter:creator\" content=\"@24gliwice\" \/>\n<meta name=\"twitter:site\" content=\"@24gliwice\" \/>\n<meta name=\"twitter:label1\" content=\"Napisane przez\" \/>\n\t<meta name=\"twitter:data1\" content=\"\u017baneta Mrozek-Siewierska\" \/>\n\t<meta name=\"twitter:label2\" content=\"Szacowany czas czytania\" \/>\n\t<meta name=\"twitter:data2\" content=\"1 minuta\" \/>\n<script type=\"application\/ld+json\" class=\"yoast-schema-graph\">{\"@context\":\"https:\\\/\\\/schema.org\",\"@graph\":[{\"@type\":\"Article\",\"@id\":\"https:\\\/\\\/www.24gliwice.pl\\\/wiadomosci\\\/zamiatarki-sprzataja-ulice-az-sie-kurzy-na-poczatek-glowne-arterie-a-takze-chodniki-i-pasy-zieleni\\\/#article\",\"isPartOf\":{\"@id\":\"https:\\\/\\\/www.24gliwice.pl\\\/wiadomosci\\\/zamiatarki-sprzataja-ulice-az-sie-kurzy-na-poczatek-glowne-arterie-a-takze-chodniki-i-pasy-zieleni\\\/\"},\"author\":{\"name\":\"\u017baneta Mrozek-Siewierska\",\"@id\":\"https:\\\/\\\/www.24gliwice.pl\\\/wiadomosci\\\/#\\\/schema\\\/person\\\/e42c650edd7f2fa332be3811fb166b6e\"},\"headline\":\"Zamiatarki sprz\u0105taj\u0105 ulice, a\u017c si\u0119&#8230; kurzy. Na pocz\u0105tek g\u0142\u00f3wne arterie, a tak\u017ce chodniki i pasy zieleni\",\"datePublished\":\"2022-03-14T16:34:50+00:00\",\"mainEntityOfPage\":{\"@id\":\"https:\\\/\\\/www.24gliwice.pl\\\/wiadomosci\\\/zamiatarki-sprzataja-ulice-az-sie-kurzy-na-poczatek-glowne-arterie-a-takze-chodniki-i-pasy-zieleni\\\/\"},\"wordCount\":309,\"commentCount\":0,\"publisher\":{\"@id\":\"https:\\\/\\\/www.24gliwice.pl\\\/wiadomosci\\\/#organization\"},\"image\":{\"@id\":\"https:\\\/\\\/www.24gliwice.pl\\\/wiadomosci\\\/zamiatarki-sprzataja-ulice-az-sie-kurzy-na-poczatek-glowne-arterie-a-takze-chodniki-i-pasy-zieleni\\\/#primaryimage\"},\"thumbnailUrl\":\"https:\\\/\\\/www.24gliwice.pl\\\/wiadomosci\\\/wp-content\\\/uploads\\\/2022\\\/03\\\/zamiatanie-ulic.jpg\",\"keywords\":[\"jan paj\u0105k\"],\"articleSection\":[\"Gliwice\",\"Najnowsze wiadomo\u015bci\"],\"inLanguage\":\"pl-PL\",\"potentialAction\":[{\"@type\":\"CommentAction\",\"name\":\"Comment\",\"target\":[\"https:\\\/\\\/www.24gliwice.pl\\\/wiadomosci\\\/zamiatarki-sprzataja-ulice-az-sie-kurzy-na-poczatek-glowne-arterie-a-takze-chodniki-i-pasy-zieleni\\\/#respond\"]}]},{\"@type\":\"WebPage\",\"@id\":\"https:\\\/\\\/www.24gliwice.pl\\\/wiadomosci\\\/zamiatarki-sprzataja-ulice-az-sie-kurzy-na-poczatek-glowne-arterie-a-takze-chodniki-i-pasy-zieleni\\\/\",\"url\":\"https:\\\/\\\/www.24gliwice.pl\\\/wiadomosci\\\/zamiatarki-sprzataja-ulice-az-sie-kurzy-na-poczatek-glowne-arterie-a-takze-chodniki-i-pasy-zieleni\\\/\",\"name\":\"Zamiatarki sprz\u0105taj\u0105 ulice, a\u017c si\u0119... kurzy. Na pocz\u0105tek g\u0142\u00f3wne arterie, a tak\u017ce chodniki i pasy zieleni - 24GLIWICE - Portal Gliwice | codziennie nowe informacje\",\"isPartOf\":{\"@id\":\"https:\\\/\\\/www.24gliwice.pl\\\/wiadomosci\\\/#website\"},\"primaryImageOfPage\":{\"@id\":\"https:\\\/\\\/www.24gliwice.pl\\\/wiadomosci\\\/zamiatarki-sprzataja-ulice-az-sie-kurzy-na-poczatek-glowne-arterie-a-takze-chodniki-i-pasy-zieleni\\\/#primaryimage\"},\"image\":{\"@id\":\"https:\\\/\\\/www.24gliwice.pl\\\/wiadomosci\\\/zamiatarki-sprzataja-ulice-az-sie-kurzy-na-poczatek-glowne-arterie-a-takze-chodniki-i-pasy-zieleni\\\/#primaryimage\"},\"thumbnailUrl\":\"https:\\\/\\\/www.24gliwice.pl\\\/wiadomosci\\\/wp-content\\\/uploads\\\/2022\\\/03\\\/zamiatanie-ulic.jpg\",\"datePublished\":\"2022-03-14T16:34:50+00:00\",\"description\":\"ZDM informuje o rozpocz\u0119ciu wiosennej akcji sprz\u0105tania ulic. Jak si\u0119 okazuje, zamiatarki przy okazji sprz\u0105tania uwalniaj\u0105 mn\u00f3stwo py\u0142u\",\"breadcrumb\":{\"@id\":\"https:\\\/\\\/www.24gliwice.pl\\\/wiadomosci\\\/zamiatarki-sprzataja-ulice-az-sie-kurzy-na-poczatek-glowne-arterie-a-takze-chodniki-i-pasy-zieleni\\\/#breadcrumb\"},\"inLanguage\":\"pl-PL\",\"potentialAction\":[{\"@type\":\"ReadAction\",\"target\":[\"https:\\\/\\\/www.24gliwice.pl\\\/wiadomosci\\\/zamiatarki-sprzataja-ulice-az-sie-kurzy-na-poczatek-glowne-arterie-a-takze-chodniki-i-pasy-zieleni\\\/\"]}]},{\"@type\":\"ImageObject\",\"inLanguage\":\"pl-PL\",\"@id\":\"https:\\\/\\\/www.24gliwice.pl\\\/wiadomosci\\\/zamiatarki-sprzataja-ulice-az-sie-kurzy-na-poczatek-glowne-arterie-a-takze-chodniki-i-pasy-zieleni\\\/#primaryimage\",\"url\":\"https:\\\/\\\/www.24gliwice.pl\\\/wiadomosci\\\/wp-content\\\/uploads\\\/2022\\\/03\\\/zamiatanie-ulic.jpg\",\"contentUrl\":\"https:\\\/\\\/www.24gliwice.pl\\\/wiadomosci\\\/wp-content\\\/uploads\\\/2022\\\/03\\\/zamiatanie-ulic.jpg\",\"width\":810,\"height\":456},{\"@type\":\"BreadcrumbList\",\"@id\":\"https:\\\/\\\/www.24gliwice.pl\\\/wiadomosci\\\/zamiatarki-sprzataja-ulice-az-sie-kurzy-na-poczatek-glowne-arterie-a-takze-chodniki-i-pasy-zieleni\\\/#breadcrumb\",\"itemListElement\":[{\"@type\":\"ListItem\",\"position\":1,\"name\":\"Strona g\u0142\u00f3wna\",\"item\":\"https:\\\/\\\/www.24gliwice.pl\\\/wiadomosci\\\/\"},{\"@type\":\"ListItem\",\"position\":2,\"name\":\"Zamiatarki sprz\u0105taj\u0105 ulice, a\u017c si\u0119&#8230; kurzy. Na pocz\u0105tek g\u0142\u00f3wne arterie, a tak\u017ce chodniki i pasy zieleni\"}]},{\"@type\":\"WebSite\",\"@id\":\"https:\\\/\\\/www.24gliwice.pl\\\/wiadomosci\\\/#website\",\"url\":\"https:\\\/\\\/www.24gliwice.pl\\\/wiadomosci\\\/\",\"name\":\"24GLIWICE - Portal Gliwice | codziennie nowe wiadomo\u015bci\",\"description\":\"Portal Miejski Gliwice\",\"publisher\":{\"@id\":\"https:\\\/\\\/www.24gliwice.pl\\\/wiadomosci\\\/#organization\"},\"potentialAction\":[{\"@type\":\"SearchAction\",\"target\":{\"@type\":\"EntryPoint\",\"urlTemplate\":\"https:\\\/\\\/www.24gliwice.pl\\\/wiadomosci\\\/?s={search_term_string}\"},\"query-input\":{\"@type\":\"PropertyValueSpecification\",\"valueRequired\":true,\"valueName\":\"search_term_string\"}}],\"inLanguage\":\"pl-PL\"},{\"@type\":\"Organization\",\"@id\":\"https:\\\/\\\/www.24gliwice.pl\\\/wiadomosci\\\/#organization\",\"name\":\"24gliwice\",\"url\":\"https:\\\/\\\/www.24gliwice.pl\\\/wiadomosci\\\/\",\"logo\":{\"@type\":\"ImageObject\",\"inLanguage\":\"pl-PL\",\"@id\":\"https:\\\/\\\/www.24gliwice.pl\\\/wiadomosci\\\/#\\\/schema\\\/logo\\\/image\\\/\",\"url\":\"https:\\\/\\\/www.24gliwice.pl\\\/wiadomosci\\\/wp-content\\\/uploads\\\/2024\\\/10\\\/24gliwice-logo-696.jpg\",\"contentUrl\":\"https:\\\/\\\/www.24gliwice.pl\\\/wiadomosci\\\/wp-content\\\/uploads\\\/2024\\\/10\\\/24gliwice-logo-696.jpg\",\"width\":696,\"height\":696,\"caption\":\"24gliwice\"},\"image\":{\"@id\":\"https:\\\/\\\/www.24gliwice.pl\\\/wiadomosci\\\/#\\\/schema\\\/logo\\\/image\\\/\"},\"sameAs\":[\"https:\\\/\\\/www.facebook.com\\\/24gliwice\",\"https:\\\/\\\/x.com\\\/24gliwice\",\"https:\\\/\\\/www.youtube.com\\\/@24gliwice\"]},{\"@type\":\"Person\",\"@id\":\"https:\\\/\\\/www.24gliwice.pl\\\/wiadomosci\\\/#\\\/schema\\\/person\\\/e42c650edd7f2fa332be3811fb166b6e\",\"name\":\"\u017baneta Mrozek-Siewierska\",\"image\":{\"@type\":\"ImageObject\",\"inLanguage\":\"pl-PL\",\"@id\":\"https:\\\/\\\/www.24gliwice.pl\\\/wiadomosci\\\/wp-content\\\/uploads\\\/2021\\\/11\\\/Zaneta-M_S-zdjecie-czb-96x96.jpg\",\"url\":\"https:\\\/\\\/www.24gliwice.pl\\\/wiadomosci\\\/wp-content\\\/uploads\\\/2021\\\/11\\\/Zaneta-M_S-zdjecie-czb-96x96.jpg\",\"contentUrl\":\"https:\\\/\\\/www.24gliwice.pl\\\/wiadomosci\\\/wp-content\\\/uploads\\\/2021\\\/11\\\/Zaneta-M_S-zdjecie-czb-96x96.jpg\",\"caption\":\"\u017baneta Mrozek-Siewierska\"},\"url\":\"https:\\\/\\\/www.24gliwice.pl\\\/wiadomosci\\\/author\\\/zms\\\/\"}]}<\/script>\n<!-- \/ Yoast SEO plugin. -->","yoast_head_json":{"title":"Zamiatarki sprz\u0105taj\u0105 ulice, a\u017c si\u0119... kurzy. Na pocz\u0105tek g\u0142\u00f3wne arterie, a tak\u017ce chodniki i pasy zieleni - 24GLIWICE - Portal Gliwice | codziennie nowe informacje","description":"ZDM informuje o rozpocz\u0119ciu wiosennej akcji sprz\u0105tania ulic. Jak si\u0119 okazuje, zamiatarki przy okazji sprz\u0105tania uwalniaj\u0105 mn\u00f3stwo py\u0142u","robots":{"index":"index","follow":"follow","max-snippet":"max-snippet:-1","max-image-preview":"max-image-preview:large","max-video-preview":"max-video-preview:-1"},"canonical":"https:\/\/www.24gliwice.pl\/wiadomosci\/zamiatarki-sprzataja-ulice-az-sie-kurzy-na-poczatek-glowne-arterie-a-takze-chodniki-i-pasy-zieleni\/","og_locale":"pl_PL","og_type":"article","og_title":"Zamiatarki sprz\u0105taj\u0105 ulice, a\u017c si\u0119... kurzy. Na pocz\u0105tek g\u0142\u00f3wne arterie, a tak\u017ce chodniki i pasy zieleni - 24GLIWICE - Portal Gliwice | codziennie nowe informacje","og_description":"ZDM informuje o rozpocz\u0119ciu wiosennej akcji sprz\u0105tania ulic. Jak si\u0119 okazuje, zamiatarki przy okazji sprz\u0105tania uwalniaj\u0105 mn\u00f3stwo py\u0142u","og_url":"https:\/\/www.24gliwice.pl\/wiadomosci\/zamiatarki-sprzataja-ulice-az-sie-kurzy-na-poczatek-glowne-arterie-a-takze-chodniki-i-pasy-zieleni\/","og_site_name":"24GLIWICE - Portal Gliwice | codziennie nowe informacje","article_publisher":"https:\/\/www.facebook.com\/24gliwice","article_published_time":"2022-03-14T16:34:50+00:00","og_image":[{"width":810,"height":456,"url":"https:\/\/www.24gliwice.pl\/wiadomosci\/wp-content\/uploads\/2022\/03\/zamiatanie-ulic.jpg","type":"image\/jpeg"}],"author":"\u017baneta Mrozek-Siewierska","twitter_card":"summary_large_image","twitter_creator":"@24gliwice","twitter_site":"@24gliwice","twitter_misc":{"Napisane przez":"\u017baneta Mrozek-Siewierska","Szacowany czas czytania":"1 minuta"},"schema":{"@context":"https:\/\/schema.org","@graph":[{"@type":"Article","@id":"https:\/\/www.24gliwice.pl\/wiadomosci\/zamiatarki-sprzataja-ulice-az-sie-kurzy-na-poczatek-glowne-arterie-a-takze-chodniki-i-pasy-zieleni\/#article","isPartOf":{"@id":"https:\/\/www.24gliwice.pl\/wiadomosci\/zamiatarki-sprzataja-ulice-az-sie-kurzy-na-poczatek-glowne-arterie-a-takze-chodniki-i-pasy-zieleni\/"},"author":{"name":"\u017baneta Mrozek-Siewierska","@id":"https:\/\/www.24gliwice.pl\/wiadomosci\/#\/schema\/person\/e42c650edd7f2fa332be3811fb166b6e"},"headline":"Zamiatarki sprz\u0105taj\u0105 ulice, a\u017c si\u0119&#8230; kurzy. Na pocz\u0105tek g\u0142\u00f3wne arterie, a tak\u017ce chodniki i pasy zieleni","datePublished":"2022-03-14T16:34:50+00:00","mainEntityOfPage":{"@id":"https:\/\/www.24gliwice.pl\/wiadomosci\/zamiatarki-sprzataja-ulice-az-sie-kurzy-na-poczatek-glowne-arterie-a-takze-chodniki-i-pasy-zieleni\/"},"wordCount":309,"commentCount":0,"publisher":{"@id":"https:\/\/www.24gliwice.pl\/wiadomosci\/#organization"},"image":{"@id":"https:\/\/www.24gliwice.pl\/wiadomosci\/zamiatarki-sprzataja-ulice-az-sie-kurzy-na-poczatek-glowne-arterie-a-takze-chodniki-i-pasy-zieleni\/#primaryimage"},"thumbnailUrl":"https:\/\/www.24gliwice.pl\/wiadomosci\/wp-content\/uploads\/2022\/03\/zamiatanie-ulic.jpg","keywords":["jan paj\u0105k"],"articleSection":["Gliwice","Najnowsze wiadomo\u015bci"],"inLanguage":"pl-PL","potentialAction":[{"@type":"CommentAction","name":"Comment","target":["https:\/\/www.24gliwice.pl\/wiadomosci\/zamiatarki-sprzataja-ulice-az-sie-kurzy-na-poczatek-glowne-arterie-a-takze-chodniki-i-pasy-zieleni\/#respond"]}]},{"@type":"WebPage","@id":"https:\/\/www.24gliwice.pl\/wiadomosci\/zamiatarki-sprzataja-ulice-az-sie-kurzy-na-poczatek-glowne-arterie-a-takze-chodniki-i-pasy-zieleni\/","url":"https:\/\/www.24gliwice.pl\/wiadomosci\/zamiatarki-sprzataja-ulice-az-sie-kurzy-na-poczatek-glowne-arterie-a-takze-chodniki-i-pasy-zieleni\/","name":"Zamiatarki sprz\u0105taj\u0105 ulice, a\u017c si\u0119... kurzy. Na pocz\u0105tek g\u0142\u00f3wne arterie, a tak\u017ce chodniki i pasy zieleni - 24GLIWICE - Portal Gliwice | codziennie nowe informacje","isPartOf":{"@id":"https:\/\/www.24gliwice.pl\/wiadomosci\/#website"},"primaryImageOfPage":{"@id":"https:\/\/www.24gliwice.pl\/wiadomosci\/zamiatarki-sprzataja-ulice-az-sie-kurzy-na-poczatek-glowne-arterie-a-takze-chodniki-i-pasy-zieleni\/#primaryimage"},"image":{"@id":"https:\/\/www.24gliwice.pl\/wiadomosci\/zamiatarki-sprzataja-ulice-az-sie-kurzy-na-poczatek-glowne-arterie-a-takze-chodniki-i-pasy-zieleni\/#primaryimage"},"thumbnailUrl":"https:\/\/www.24gliwice.pl\/wiadomosci\/wp-content\/uploads\/2022\/03\/zamiatanie-ulic.jpg","datePublished":"2022-03-14T16:34:50+00:00","description":"ZDM informuje o rozpocz\u0119ciu wiosennej akcji sprz\u0105tania ulic. Jak si\u0119 okazuje, zamiatarki przy okazji sprz\u0105tania uwalniaj\u0105 mn\u00f3stwo py\u0142u","breadcrumb":{"@id":"https:\/\/www.24gliwice.pl\/wiadomosci\/zamiatarki-sprzataja-ulice-az-sie-kurzy-na-poczatek-glowne-arterie-a-takze-chodniki-i-pasy-zieleni\/#breadcrumb"},"inLanguage":"pl-PL","potentialAction":[{"@type":"ReadAction","target":["https:\/\/www.24gliwice.pl\/wiadomosci\/zamiatarki-sprzataja-ulice-az-sie-kurzy-na-poczatek-glowne-arterie-a-takze-chodniki-i-pasy-zieleni\/"]}]},{"@type":"ImageObject","inLanguage":"pl-PL","@id":"https:\/\/www.24gliwice.pl\/wiadomosci\/zamiatarki-sprzataja-ulice-az-sie-kurzy-na-poczatek-glowne-arterie-a-takze-chodniki-i-pasy-zieleni\/#primaryimage","url":"https:\/\/www.24gliwice.pl\/wiadomosci\/wp-content\/uploads\/2022\/03\/zamiatanie-ulic.jpg","contentUrl":"https:\/\/www.24gliwice.pl\/wiadomosci\/wp-content\/uploads\/2022\/03\/zamiatanie-ulic.jpg","width":810,"height":456},{"@type":"BreadcrumbList","@id":"https:\/\/www.24gliwice.pl\/wiadomosci\/zamiatarki-sprzataja-ulice-az-sie-kurzy-na-poczatek-glowne-arterie-a-takze-chodniki-i-pasy-zieleni\/#breadcrumb","itemListElement":[{"@type":"ListItem","position":1,"name":"Strona g\u0142\u00f3wna","item":"https:\/\/www.24gliwice.pl\/wiadomosci\/"},{"@type":"ListItem","position":2,"name":"Zamiatarki sprz\u0105taj\u0105 ulice, a\u017c si\u0119&#8230; kurzy. Na pocz\u0105tek g\u0142\u00f3wne arterie, a tak\u017ce chodniki i pasy zieleni"}]},{"@type":"WebSite","@id":"https:\/\/www.24gliwice.pl\/wiadomosci\/#website","url":"https:\/\/www.24gliwice.pl\/wiadomosci\/","name":"24GLIWICE - Portal Gliwice | codziennie nowe wiadomo\u015bci","description":"Portal Miejski Gliwice","publisher":{"@id":"https:\/\/www.24gliwice.pl\/wiadomosci\/#organization"},"potentialAction":[{"@type":"SearchAction","target":{"@type":"EntryPoint","urlTemplate":"https:\/\/www.24gliwice.pl\/wiadomosci\/?s={search_term_string}"},"query-input":{"@type":"PropertyValueSpecification","valueRequired":true,"valueName":"search_term_string"}}],"inLanguage":"pl-PL"},{"@type":"Organization","@id":"https:\/\/www.24gliwice.pl\/wiadomosci\/#organization","name":"24gliwice","url":"https:\/\/www.24gliwice.pl\/wiadomosci\/","logo":{"@type":"ImageObject","inLanguage":"pl-PL","@id":"https:\/\/www.24gliwice.pl\/wiadomosci\/#\/schema\/logo\/image\/","url":"https:\/\/www.24gliwice.pl\/wiadomosci\/wp-content\/uploads\/2024\/10\/24gliwice-logo-696.jpg","contentUrl":"https:\/\/www.24gliwice.pl\/wiadomosci\/wp-content\/uploads\/2024\/10\/24gliwice-logo-696.jpg","width":696,"height":696,"caption":"24gliwice"},"image":{"@id":"https:\/\/www.24gliwice.pl\/wiadomosci\/#\/schema\/logo\/image\/"},"sameAs":["https:\/\/www.facebook.com\/24gliwice","https:\/\/x.com\/24gliwice","https:\/\/www.youtube.com\/@24gliwice"]},{"@type":"Person","@id":"https:\/\/www.24gliwice.pl\/wiadomosci\/#\/schema\/person\/e42c650edd7f2fa332be3811fb166b6e","name":"\u017baneta Mrozek-Siewierska","image":{"@type":"ImageObject","inLanguage":"pl-PL","@id":"https:\/\/www.24gliwice.pl\/wiadomosci\/wp-content\/uploads\/2021\/11\/Zaneta-M_S-zdjecie-czb-96x96.jpg","url":"https:\/\/www.24gliwice.pl\/wiadomosci\/wp-content\/uploads\/2021\/11\/Zaneta-M_S-zdjecie-czb-96x96.jpg","contentUrl":"https:\/\/www.24gliwice.pl\/wiadomosci\/wp-content\/uploads\/2021\/11\/Zaneta-M_S-zdjecie-czb-96x96.jpg","caption":"\u017baneta Mrozek-Siewierska"},"url":"https:\/\/www.24gliwice.pl\/wiadomosci\/author\/zms\/"}]}},"_links":{"self":[{"href":"https:\/\/www.24gliwice.pl\/wiadomosci\/wp-json\/wp\/v2\/posts\/188380","targetHints":{"allow":["GET"]}}],"collection":[{"href":"https:\/\/www.24gliwice.pl\/wiadomosci\/wp-json\/wp\/v2\/posts"}],"about":[{"href":"https:\/\/www.24gliwice.pl\/wiadomosci\/wp-json\/wp\/v2\/types\/post"}],"author":[{"embeddable":true,"href":"https:\/\/www.24gliwice.pl\/wiadomosci\/wp-json\/wp\/v2\/users\/15"}],"replies":[{"embeddable":true,"href":"https:\/\/www.24gliwice.pl\/wiadomosci\/wp-json\/wp\/v2\/comments?post=188380"}],"version-history":[{"count":11,"href":"https:\/\/www.24gliwice.pl\/wiadomosci\/wp-json\/wp\/v2\/posts\/188380\/revisions"}],"predecessor-version":[{"id":188393,"href":"https:\/\/www.24gliwice.pl\/wiadomosci\/wp-json\/wp\/v2\/posts\/188380\/revisions\/188393"}],"wp:featuredmedia":[{"embeddable":true,"href":"https:\/\/www.24gliwice.pl\/wiadomosci\/wp-json\/wp\/v2\/media\/188387"}],"wp:attachment":[{"href":"https:\/\/www.24gliwice.pl\/wiadomosci\/wp-json\/wp\/v2\/media?parent=188380"}],"wp:term":[{"taxonomy":"category","embeddable":true,"href":"https:\/\/www.24gliwice.pl\/wiadomosci\/wp-json\/wp\/v2\/categories?post=188380"},{"taxonomy":"post_tag","embeddable":true,"href":"https:\/\/www.24gliwice.pl\/wiadomosci\/wp-json\/wp\/v2\/tags?post=188380"}],"curies":[{"name":"wp","href":"https:\/\/api.w.org\/{rel}","templated":true}]}}