{"id":188431,"date":"2022-03-16T13:24:02","date_gmt":"2022-03-16T12:24:02","guid":{"rendered":"https:\/\/www.24gliwice.pl\/wiadomosci\/?p=188431"},"modified":"2022-03-17T00:53:32","modified_gmt":"2022-03-16T23:53:32","slug":"ten-remont-drogi-przeciaga-sie-od-6-miesiecy-drogowcy-przystapia-do-ukladania-docelowej-nawierzchni","status":"publish","type":"post","link":"https:\/\/www.24gliwice.pl\/wiadomosci\/ten-remont-drogi-przeciaga-sie-od-6-miesiecy-drogowcy-przystapia-do-ukladania-docelowej-nawierzchni\/","title":{"rendered":"Ten remont drogi przeci\u0105ga si\u0119 od 6 miesi\u0119cy. Drogowcy przyst\u0105pi\u0105 do uk\u0142adania docelowej nawierzchni"},"content":{"rendered":"<div class=\"gliwi-a6-nad-leadem-artykulow gliwi-entity-placement\" id=\"gliwi-1618303381\"><div class=\"gliwi-adlabel\"><span style=\"font-size: 9px\">REKLAMA<\/span><\/div><div id=\"gliwi-984896865\" style=\"margin-bottom: 30px;margin-left: auto;margin-right: auto;text-align: center;\"><a data-no-instant=\"1\" href=\"https:\/\/przedszkole.halogen.org.pl\/\" rel=\"noopener\" class=\"a2t-link\" target=\"_blank\" aria-label=\"20260402-ANIMATOR-przedszkole_grafika_750x200\"><img loading=\"lazy\" decoding=\"async\" src=\"https:\/\/www.24gliwice.pl\/wiadomosci\/wp-content\/uploads\/2026\/04\/20260402-ANIMATOR-przedszkole_grafika_750x200.webp\" alt=\"\"  srcset=\"https:\/\/www.24gliwice.pl\/wiadomosci\/wp-content\/uploads\/2026\/04\/20260402-ANIMATOR-przedszkole_grafika_750x200.webp 750w, https:\/\/www.24gliwice.pl\/wiadomosci\/wp-content\/uploads\/2026\/04\/20260402-ANIMATOR-przedszkole_grafika_750x200-410x109.webp 410w\" sizes=\"(max-width: 750px) 100vw, 750px\" class=\"no-lazyload\" width=\"750\" height=\"200\"  style=\"display: inline-block; max-width: 100%; height: auto;\" \/><\/a><\/div><\/div><h2>Mieszka\u0144cy So\u015bnicy ju\u017c od d\u0142u\u017cszego czasu narzekaj\u0105 na przeci\u0105gaj\u0105cy si\u0119 remont ulicy Wi\u015blanej. Na szcz\u0119\u015bcie mamy pozytywn\u0105 informacj\u0119, ZDM w\u0142a\u015bnie sprecyzowa\u0142, kiedy wszystko b\u0119dzie gotowe.<\/h2>\n<p>&nbsp;<br \/>\nUko\u0144czono ju\u017c roboty zwi\u0105zane z wymian\u0105 sieci i budow\u0105 kanalizacji deszczowej w tej lokalizacji.  <\/p>\n<p>&#8211; <em>Od 17 marca rozpoczn\u0105 si\u0119 roboty zmierzaj\u0105ce do u\u0142o\u017cenia nowej nawierzchni jezdni i chodnika. Zakres prac obejmie tak\u017ce wymian\u0119 nawierzchni miejsc postojowych w tym rejonie. Remont ul. Wi\u015blanej obejmuje odcinek drogi: od ul. Jesiennej do wysoko\u015bci Przedszkola Miejskiego nr 33. Zako\u0144czenie prac przewidziano w II kwartale br.<\/em> &#8211; poinformowa\u0142a <strong>Jadwiga Jagie\u0142\u0142o-Stiborska<\/strong>, rzeczniczka Zarz\u0105du Dr\u00f3g Miejskich. <\/p><div class=\"gliwi-a3-w-tresci-artykulow gliwi-entity-placement\" id=\"gliwi-129852151\"><div class=\"gliwi-adlabel\"><span style=\"font-size: 9px\">REKLAMA<\/span><\/div><div id=\"gliwi-2755264159\" style=\"margin-bottom: 30px;margin-left: auto;margin-right: auto;text-align: center;\"><a data-no-instant=\"1\" href=\"https:\/\/zlobek.halogen.org.pl\/\" rel=\"noopener\" class=\"a2t-link\" target=\"_blank\" aria-label=\"animator-zlobek_750x200\"><img loading=\"lazy\" decoding=\"async\" src=\"https:\/\/www.24gliwice.pl\/wiadomosci\/wp-content\/uploads\/2026\/02\/animator-zlobek_750x200.webp\" alt=\"\"  srcset=\"https:\/\/www.24gliwice.pl\/wiadomosci\/wp-content\/uploads\/2026\/02\/animator-zlobek_750x200.webp 750w, https:\/\/www.24gliwice.pl\/wiadomosci\/wp-content\/uploads\/2026\/02\/animator-zlobek_750x200-410x109.webp 410w\" sizes=\"(max-width: 750px) 100vw, 750px\" class=\"no-lazyload\" width=\"750\" height=\"200\"  style=\"display: inline-block; max-width: 100%; height: auto;\" \/><\/a><\/div><\/div>\n<p><a href=\"https:\/\/www.24gliwice.pl\/wiadomosci\/wp-content\/uploads\/2022\/03\/wislana-jan-pajakl.jpg\"><img loading=\"lazy\" decoding=\"async\" src=\"https:\/\/www.24gliwice.pl\/wiadomosci\/wp-content\/uploads\/2022\/03\/wislana-jan-pajakl.jpg\" alt=\"\" width=\"810\" height=\"456\" class=\"alignnone size-full wp-image-188454\" srcset=\"https:\/\/www.24gliwice.pl\/wiadomosci\/wp-content\/uploads\/2022\/03\/wislana-jan-pajakl.jpg 810w, https:\/\/www.24gliwice.pl\/wiadomosci\/wp-content\/uploads\/2022\/03\/wislana-jan-pajakl-410x232.jpg 410w, https:\/\/www.24gliwice.pl\/wiadomosci\/wp-content\/uploads\/2022\/03\/wislana-jan-pajakl-808x455.jpg 808w, https:\/\/www.24gliwice.pl\/wiadomosci\/wp-content\/uploads\/2022\/03\/wislana-jan-pajakl-768x432.jpg 768w\" sizes=\"auto, (max-width: 810px) 100vw, 810px\" \/><\/a><\/p>\n<p>Przypomnijmy, \u017ce prace zwi\u0105zane z remontem ulicy Wi\u015blanej rozpocz\u0119te zosta\u0142y 6 wrze\u015bnia ubieg\u0142ego roku. Pierwotnie ich zako\u0144czenie przewidywane by\u0142o na IV kwarta\u0142 2021, jednak w listopadzie pojawi\u0142y si\u0119 informacje o ich przeci\u0105gni\u0119ciu na kolejny rok. Drogowcy optymistycznie wskazywali na zako\u0144czenie inwestycji wiosn\u0105 br. Oby ta realizacja faktycznie dotar\u0142a wkr\u00f3tce do finiszu. <\/p>\n<p><iframe loading=\"lazy\" src=\"https:\/\/www.facebook.com\/plugins\/post.php?href=https%3A%2F%2Fwww.facebook.com%2Fjan.pajak.12%2Fposts%2F5107252429339680&#038;width=500&#038;show_text=true&#038;height=755&#038;appId\" width=\"500\" height=\"755\" style=\"border:none;overflow:hidden\" scrolling=\"no\" frameborder=\"0\" allowfullscreen=\"true\" allow=\"autoplay; clipboard-write; encrypted-media; picture-in-picture; web-share\"><\/iframe><\/p>\n<p>W mie\u015bcie mo\u017cna wskaza\u0107 tak\u017ce inne przyk\u0142ady przeci\u0105gaj\u0105cych si\u0119 w niesko\u0144czono\u015b\u0107 przedsi\u0119wzi\u0119\u0107 &#8211; dla przyk\u0142adu rozpocz\u0119ty w maju remont ci\u0105gu pieszo-rowerowego wzd\u0142u\u017c ulicy Berbeckiego mia\u0142 zosta\u0107 zako\u0144czony w ci\u0105gu dw\u00f3ch miesi\u0119cy. W lipcu wiadomo ju\u017c by\u0142o, \u017ce terminu nie da si\u0119 utrzyma\u0107. W niedoko\u0144czonej postaci drog\u0119 mo\u017cemy ogl\u0105da\u0107 do teraz. <\/p>\n<p><a href=\"https:\/\/www.24gliwice.pl\/wiadomosci\/wp-content\/uploads\/2022\/03\/berbeckiego.jpg\"><img loading=\"lazy\" decoding=\"async\" src=\"https:\/\/www.24gliwice.pl\/wiadomosci\/wp-content\/uploads\/2022\/03\/berbeckiego.jpg\" alt=\"\" width=\"810\" height=\"456\" class=\"alignnone size-full wp-image-188452\" srcset=\"https:\/\/www.24gliwice.pl\/wiadomosci\/wp-content\/uploads\/2022\/03\/berbeckiego.jpg 810w, https:\/\/www.24gliwice.pl\/wiadomosci\/wp-content\/uploads\/2022\/03\/berbeckiego-410x232.jpg 410w, https:\/\/www.24gliwice.pl\/wiadomosci\/wp-content\/uploads\/2022\/03\/berbeckiego-808x455.jpg 808w, https:\/\/www.24gliwice.pl\/wiadomosci\/wp-content\/uploads\/2022\/03\/berbeckiego-768x432.jpg 768w\" sizes=\"auto, (max-width: 810px) 100vw, 810px\" \/><\/a><\/p>\n<p>(\u017cms)<br \/>\nfot. Jan Paj\u0105k (FB), 24gliwice.pl\/\u017bMS<\/p>\n<div class=\"gliwi-a5-na-koncu-artykulow gliwi-entity-placement\" id=\"gliwi-618092980\"><div class=\"gliwi-adlabel\"><span style=\"font-size: 9px\">REKLAMA<\/span><\/div><div id=\"gliwi-3139149724\" style=\"margin-left: auto;margin-right: auto;text-align: center;\"><a data-no-instant=\"1\" href=\"https:\/\/prezeroarenagliwice.pl\/\" rel=\"noopener\" class=\"a2t-link\" target=\"_blank\" aria-label=\"20260309-PREZERO-WIOSNA-D\"><img loading=\"lazy\" decoding=\"async\" src=\"https:\/\/www.24gliwice.pl\/wiadomosci\/wp-content\/uploads\/2026\/03\/20260309-PREZERO-WIOSNA-D.webp\" alt=\"\"  srcset=\"https:\/\/www.24gliwice.pl\/wiadomosci\/wp-content\/uploads\/2026\/03\/20260309-PREZERO-WIOSNA-D.webp 750w, https:\/\/www.24gliwice.pl\/wiadomosci\/wp-content\/uploads\/2026\/03\/20260309-PREZERO-WIOSNA-D-410x109.webp 410w\" sizes=\"(max-width: 750px) 100vw, 750px\" class=\"no-lazyload\" width=\"750\" height=\"200\"  style=\"display: inline-block; max-width: 100%; height: auto;\" \/><\/a><\/div><\/div>","protected":false},"excerpt":{"rendered":"<p>Mieszka\u0144cy So\u015bnicy ju\u017c od d\u0142u\u017cszego czasu narzekaj\u0105 na przeci\u0105gaj\u0105cy si\u0119 remont ulicy Wi\u015blanej. Na szcz\u0119\u015bcie mamy pozytywn\u0105 informacj\u0119, ZDM w\u0142a\u015bnie sprecyzowa\u0142, kiedy wszystko b\u0119dzie gotowe. &nbsp; Uko\u0144czono ju\u017c roboty zwi\u0105zane z wymian\u0105 sieci i budow\u0105 kanalizacji deszczowej w tej lokalizacji. &#8211; Od 17 marca rozpoczn\u0105 si\u0119 roboty zmierzaj\u0105ce do u\u0142o\u017cenia nowej nawierzchni jezdni i chodnika. [&hellip;]<\/p>\n","protected":false},"author":15,"featured_media":188453,"comment_status":"open","ping_status":"closed","sticky":false,"template":"","format":"standard","meta":{"_monsterinsights_skip_tracking":false,"_monsterinsights_sitenote_active":false,"_monsterinsights_sitenote_note":"","_monsterinsights_sitenote_category":0,"footnotes":"","_links_to":"","_links_to_target":""},"categories":[3,1],"tags":[20297,214],"class_list":["post-188431","post","type-post","status-publish","format-standard","has-post-thumbnail","hentry","category-gliwice","category-wszystko","tag-remont-ulicy-wislanej","tag-zdm"],"yoast_head":"<!-- This site is optimized with the Yoast SEO plugin v27.4 - https:\/\/yoast.com\/product\/yoast-seo-wordpress\/ -->\n<title>Ten remont drogi przeci\u0105ga si\u0119 od 6 miesi\u0119cy. Drogowcy przyst\u0105pi\u0105 do uk\u0142adania docelowej nawierzchni - 24GLIWICE - Portal Gliwice | codziennie nowe informacje<\/title>\n<meta name=\"description\" content=\"Remont ul. Wi\u015blanej ci\u0105gnie si\u0119 od wrze\u015bnia i powoduje uci\u0105\u017cliwo\u015bci dla mieszka\u0144c\u00f3w So\u015bnicy. 17 marca ma rozpocz\u0105\u0107 si\u0119 uk\u0142adanie nawierzchni\" \/>\n<meta name=\"robots\" content=\"index, follow, max-snippet:-1, max-image-preview:large, max-video-preview:-1\" \/>\n<link rel=\"canonical\" href=\"https:\/\/www.24gliwice.pl\/wiadomosci\/ten-remont-drogi-przeciaga-sie-od-6-miesiecy-drogowcy-przystapia-do-ukladania-docelowej-nawierzchni\/\" \/>\n<meta property=\"og:locale\" content=\"pl_PL\" \/>\n<meta property=\"og:type\" content=\"article\" \/>\n<meta property=\"og:title\" content=\"Ten remont drogi przeci\u0105ga si\u0119 od 6 miesi\u0119cy. Drogowcy przyst\u0105pi\u0105 do uk\u0142adania docelowej nawierzchni - 24GLIWICE - Portal Gliwice | codziennie nowe informacje\" \/>\n<meta property=\"og:description\" content=\"Remont ul. Wi\u015blanej ci\u0105gnie si\u0119 od wrze\u015bnia i powoduje uci\u0105\u017cliwo\u015bci dla mieszka\u0144c\u00f3w So\u015bnicy. 17 marca ma rozpocz\u0105\u0107 si\u0119 uk\u0142adanie nawierzchni\" \/>\n<meta property=\"og:url\" content=\"https:\/\/www.24gliwice.pl\/wiadomosci\/ten-remont-drogi-przeciaga-sie-od-6-miesiecy-drogowcy-przystapia-do-ukladania-docelowej-nawierzchni\/\" \/>\n<meta property=\"og:site_name\" content=\"24GLIWICE - Portal Gliwice | codziennie nowe informacje\" \/>\n<meta property=\"article:publisher\" content=\"https:\/\/www.facebook.com\/24gliwice\" \/>\n<meta property=\"article:published_time\" content=\"2022-03-16T12:24:02+00:00\" \/>\n<meta property=\"article:modified_time\" content=\"2022-03-16T23:53:32+00:00\" \/>\n<meta property=\"og:image\" content=\"https:\/\/www.24gliwice.pl\/wiadomosci\/wp-content\/uploads\/2022\/03\/wislana-jan-pajak.jpg\" \/>\n\t<meta property=\"og:image:width\" content=\"810\" \/>\n\t<meta property=\"og:image:height\" content=\"456\" \/>\n\t<meta property=\"og:image:type\" content=\"image\/jpeg\" \/>\n<meta name=\"author\" content=\"\u017baneta Mrozek-Siewierska\" \/>\n<meta name=\"twitter:card\" content=\"summary_large_image\" \/>\n<meta name=\"twitter:creator\" content=\"@24gliwice\" \/>\n<meta name=\"twitter:site\" content=\"@24gliwice\" \/>\n<meta name=\"twitter:label1\" content=\"Napisane przez\" \/>\n\t<meta name=\"twitter:data1\" content=\"\u017baneta Mrozek-Siewierska\" \/>\n\t<meta name=\"twitter:label2\" content=\"Szacowany czas czytania\" \/>\n\t<meta name=\"twitter:data2\" content=\"1 minuta\" \/>\n<script type=\"application\/ld+json\" class=\"yoast-schema-graph\">{\"@context\":\"https:\\\/\\\/schema.org\",\"@graph\":[{\"@type\":\"Article\",\"@id\":\"https:\\\/\\\/www.24gliwice.pl\\\/wiadomosci\\\/ten-remont-drogi-przeciaga-sie-od-6-miesiecy-drogowcy-przystapia-do-ukladania-docelowej-nawierzchni\\\/#article\",\"isPartOf\":{\"@id\":\"https:\\\/\\\/www.24gliwice.pl\\\/wiadomosci\\\/ten-remont-drogi-przeciaga-sie-od-6-miesiecy-drogowcy-przystapia-do-ukladania-docelowej-nawierzchni\\\/\"},\"author\":{\"name\":\"\u017baneta Mrozek-Siewierska\",\"@id\":\"https:\\\/\\\/www.24gliwice.pl\\\/wiadomosci\\\/#\\\/schema\\\/person\\\/e42c650edd7f2fa332be3811fb166b6e\"},\"headline\":\"Ten remont drogi przeci\u0105ga si\u0119 od 6 miesi\u0119cy. Drogowcy przyst\u0105pi\u0105 do uk\u0142adania docelowej nawierzchni\",\"datePublished\":\"2022-03-16T12:24:02+00:00\",\"dateModified\":\"2022-03-16T23:53:32+00:00\",\"mainEntityOfPage\":{\"@id\":\"https:\\\/\\\/www.24gliwice.pl\\\/wiadomosci\\\/ten-remont-drogi-przeciaga-sie-od-6-miesiecy-drogowcy-przystapia-do-ukladania-docelowej-nawierzchni\\\/\"},\"wordCount\":277,\"commentCount\":0,\"publisher\":{\"@id\":\"https:\\\/\\\/www.24gliwice.pl\\\/wiadomosci\\\/#organization\"},\"image\":{\"@id\":\"https:\\\/\\\/www.24gliwice.pl\\\/wiadomosci\\\/ten-remont-drogi-przeciaga-sie-od-6-miesiecy-drogowcy-przystapia-do-ukladania-docelowej-nawierzchni\\\/#primaryimage\"},\"thumbnailUrl\":\"https:\\\/\\\/www.24gliwice.pl\\\/wiadomosci\\\/wp-content\\\/uploads\\\/2022\\\/03\\\/wislana-jan-pajak.jpg\",\"keywords\":[\"remont ulicy Wi\u015blanej\",\"ZDM\"],\"articleSection\":[\"Gliwice\",\"Najnowsze wiadomo\u015bci\"],\"inLanguage\":\"pl-PL\",\"potentialAction\":[{\"@type\":\"CommentAction\",\"name\":\"Comment\",\"target\":[\"https:\\\/\\\/www.24gliwice.pl\\\/wiadomosci\\\/ten-remont-drogi-przeciaga-sie-od-6-miesiecy-drogowcy-przystapia-do-ukladania-docelowej-nawierzchni\\\/#respond\"]}]},{\"@type\":\"WebPage\",\"@id\":\"https:\\\/\\\/www.24gliwice.pl\\\/wiadomosci\\\/ten-remont-drogi-przeciaga-sie-od-6-miesiecy-drogowcy-przystapia-do-ukladania-docelowej-nawierzchni\\\/\",\"url\":\"https:\\\/\\\/www.24gliwice.pl\\\/wiadomosci\\\/ten-remont-drogi-przeciaga-sie-od-6-miesiecy-drogowcy-przystapia-do-ukladania-docelowej-nawierzchni\\\/\",\"name\":\"Ten remont drogi przeci\u0105ga si\u0119 od 6 miesi\u0119cy. Drogowcy przyst\u0105pi\u0105 do uk\u0142adania docelowej nawierzchni - 24GLIWICE - Portal Gliwice | codziennie nowe informacje\",\"isPartOf\":{\"@id\":\"https:\\\/\\\/www.24gliwice.pl\\\/wiadomosci\\\/#website\"},\"primaryImageOfPage\":{\"@id\":\"https:\\\/\\\/www.24gliwice.pl\\\/wiadomosci\\\/ten-remont-drogi-przeciaga-sie-od-6-miesiecy-drogowcy-przystapia-do-ukladania-docelowej-nawierzchni\\\/#primaryimage\"},\"image\":{\"@id\":\"https:\\\/\\\/www.24gliwice.pl\\\/wiadomosci\\\/ten-remont-drogi-przeciaga-sie-od-6-miesiecy-drogowcy-przystapia-do-ukladania-docelowej-nawierzchni\\\/#primaryimage\"},\"thumbnailUrl\":\"https:\\\/\\\/www.24gliwice.pl\\\/wiadomosci\\\/wp-content\\\/uploads\\\/2022\\\/03\\\/wislana-jan-pajak.jpg\",\"datePublished\":\"2022-03-16T12:24:02+00:00\",\"dateModified\":\"2022-03-16T23:53:32+00:00\",\"description\":\"Remont ul. Wi\u015blanej ci\u0105gnie si\u0119 od wrze\u015bnia i powoduje uci\u0105\u017cliwo\u015bci dla mieszka\u0144c\u00f3w So\u015bnicy. 17 marca ma rozpocz\u0105\u0107 si\u0119 uk\u0142adanie nawierzchni\",\"breadcrumb\":{\"@id\":\"https:\\\/\\\/www.24gliwice.pl\\\/wiadomosci\\\/ten-remont-drogi-przeciaga-sie-od-6-miesiecy-drogowcy-przystapia-do-ukladania-docelowej-nawierzchni\\\/#breadcrumb\"},\"inLanguage\":\"pl-PL\",\"potentialAction\":[{\"@type\":\"ReadAction\",\"target\":[\"https:\\\/\\\/www.24gliwice.pl\\\/wiadomosci\\\/ten-remont-drogi-przeciaga-sie-od-6-miesiecy-drogowcy-przystapia-do-ukladania-docelowej-nawierzchni\\\/\"]}]},{\"@type\":\"ImageObject\",\"inLanguage\":\"pl-PL\",\"@id\":\"https:\\\/\\\/www.24gliwice.pl\\\/wiadomosci\\\/ten-remont-drogi-przeciaga-sie-od-6-miesiecy-drogowcy-przystapia-do-ukladania-docelowej-nawierzchni\\\/#primaryimage\",\"url\":\"https:\\\/\\\/www.24gliwice.pl\\\/wiadomosci\\\/wp-content\\\/uploads\\\/2022\\\/03\\\/wislana-jan-pajak.jpg\",\"contentUrl\":\"https:\\\/\\\/www.24gliwice.pl\\\/wiadomosci\\\/wp-content\\\/uploads\\\/2022\\\/03\\\/wislana-jan-pajak.jpg\",\"width\":810,\"height\":456},{\"@type\":\"BreadcrumbList\",\"@id\":\"https:\\\/\\\/www.24gliwice.pl\\\/wiadomosci\\\/ten-remont-drogi-przeciaga-sie-od-6-miesiecy-drogowcy-przystapia-do-ukladania-docelowej-nawierzchni\\\/#breadcrumb\",\"itemListElement\":[{\"@type\":\"ListItem\",\"position\":1,\"name\":\"Strona g\u0142\u00f3wna\",\"item\":\"https:\\\/\\\/www.24gliwice.pl\\\/wiadomosci\\\/\"},{\"@type\":\"ListItem\",\"position\":2,\"name\":\"Ten remont drogi przeci\u0105ga si\u0119 od 6 miesi\u0119cy. Drogowcy przyst\u0105pi\u0105 do uk\u0142adania docelowej nawierzchni\"}]},{\"@type\":\"WebSite\",\"@id\":\"https:\\\/\\\/www.24gliwice.pl\\\/wiadomosci\\\/#website\",\"url\":\"https:\\\/\\\/www.24gliwice.pl\\\/wiadomosci\\\/\",\"name\":\"24GLIWICE - Portal Gliwice | codziennie nowe wiadomo\u015bci\",\"description\":\"Portal Miejski Gliwice\",\"publisher\":{\"@id\":\"https:\\\/\\\/www.24gliwice.pl\\\/wiadomosci\\\/#organization\"},\"potentialAction\":[{\"@type\":\"SearchAction\",\"target\":{\"@type\":\"EntryPoint\",\"urlTemplate\":\"https:\\\/\\\/www.24gliwice.pl\\\/wiadomosci\\\/?s={search_term_string}\"},\"query-input\":{\"@type\":\"PropertyValueSpecification\",\"valueRequired\":true,\"valueName\":\"search_term_string\"}}],\"inLanguage\":\"pl-PL\"},{\"@type\":\"Organization\",\"@id\":\"https:\\\/\\\/www.24gliwice.pl\\\/wiadomosci\\\/#organization\",\"name\":\"24gliwice\",\"url\":\"https:\\\/\\\/www.24gliwice.pl\\\/wiadomosci\\\/\",\"logo\":{\"@type\":\"ImageObject\",\"inLanguage\":\"pl-PL\",\"@id\":\"https:\\\/\\\/www.24gliwice.pl\\\/wiadomosci\\\/#\\\/schema\\\/logo\\\/image\\\/\",\"url\":\"https:\\\/\\\/www.24gliwice.pl\\\/wiadomosci\\\/wp-content\\\/uploads\\\/2024\\\/10\\\/24gliwice-logo-696.jpg\",\"contentUrl\":\"https:\\\/\\\/www.24gliwice.pl\\\/wiadomosci\\\/wp-content\\\/uploads\\\/2024\\\/10\\\/24gliwice-logo-696.jpg\",\"width\":696,\"height\":696,\"caption\":\"24gliwice\"},\"image\":{\"@id\":\"https:\\\/\\\/www.24gliwice.pl\\\/wiadomosci\\\/#\\\/schema\\\/logo\\\/image\\\/\"},\"sameAs\":[\"https:\\\/\\\/www.facebook.com\\\/24gliwice\",\"https:\\\/\\\/x.com\\\/24gliwice\",\"https:\\\/\\\/www.youtube.com\\\/@24gliwice\"]},{\"@type\":\"Person\",\"@id\":\"https:\\\/\\\/www.24gliwice.pl\\\/wiadomosci\\\/#\\\/schema\\\/person\\\/e42c650edd7f2fa332be3811fb166b6e\",\"name\":\"\u017baneta Mrozek-Siewierska\",\"image\":{\"@type\":\"ImageObject\",\"inLanguage\":\"pl-PL\",\"@id\":\"https:\\\/\\\/www.24gliwice.pl\\\/wiadomosci\\\/wp-content\\\/uploads\\\/2021\\\/11\\\/Zaneta-M_S-zdjecie-czb-96x96.jpg\",\"url\":\"https:\\\/\\\/www.24gliwice.pl\\\/wiadomosci\\\/wp-content\\\/uploads\\\/2021\\\/11\\\/Zaneta-M_S-zdjecie-czb-96x96.jpg\",\"contentUrl\":\"https:\\\/\\\/www.24gliwice.pl\\\/wiadomosci\\\/wp-content\\\/uploads\\\/2021\\\/11\\\/Zaneta-M_S-zdjecie-czb-96x96.jpg\",\"caption\":\"\u017baneta Mrozek-Siewierska\"},\"url\":\"https:\\\/\\\/www.24gliwice.pl\\\/wiadomosci\\\/author\\\/zms\\\/\"}]}<\/script>\n<!-- \/ Yoast SEO plugin. -->","yoast_head_json":{"title":"Ten remont drogi przeci\u0105ga si\u0119 od 6 miesi\u0119cy. Drogowcy przyst\u0105pi\u0105 do uk\u0142adania docelowej nawierzchni - 24GLIWICE - Portal Gliwice | codziennie nowe informacje","description":"Remont ul. Wi\u015blanej ci\u0105gnie si\u0119 od wrze\u015bnia i powoduje uci\u0105\u017cliwo\u015bci dla mieszka\u0144c\u00f3w So\u015bnicy. 17 marca ma rozpocz\u0105\u0107 si\u0119 uk\u0142adanie nawierzchni","robots":{"index":"index","follow":"follow","max-snippet":"max-snippet:-1","max-image-preview":"max-image-preview:large","max-video-preview":"max-video-preview:-1"},"canonical":"https:\/\/www.24gliwice.pl\/wiadomosci\/ten-remont-drogi-przeciaga-sie-od-6-miesiecy-drogowcy-przystapia-do-ukladania-docelowej-nawierzchni\/","og_locale":"pl_PL","og_type":"article","og_title":"Ten remont drogi przeci\u0105ga si\u0119 od 6 miesi\u0119cy. Drogowcy przyst\u0105pi\u0105 do uk\u0142adania docelowej nawierzchni - 24GLIWICE - Portal Gliwice | codziennie nowe informacje","og_description":"Remont ul. Wi\u015blanej ci\u0105gnie si\u0119 od wrze\u015bnia i powoduje uci\u0105\u017cliwo\u015bci dla mieszka\u0144c\u00f3w So\u015bnicy. 17 marca ma rozpocz\u0105\u0107 si\u0119 uk\u0142adanie nawierzchni","og_url":"https:\/\/www.24gliwice.pl\/wiadomosci\/ten-remont-drogi-przeciaga-sie-od-6-miesiecy-drogowcy-przystapia-do-ukladania-docelowej-nawierzchni\/","og_site_name":"24GLIWICE - Portal Gliwice | codziennie nowe informacje","article_publisher":"https:\/\/www.facebook.com\/24gliwice","article_published_time":"2022-03-16T12:24:02+00:00","article_modified_time":"2022-03-16T23:53:32+00:00","og_image":[{"width":810,"height":456,"url":"https:\/\/www.24gliwice.pl\/wiadomosci\/wp-content\/uploads\/2022\/03\/wislana-jan-pajak.jpg","type":"image\/jpeg"}],"author":"\u017baneta Mrozek-Siewierska","twitter_card":"summary_large_image","twitter_creator":"@24gliwice","twitter_site":"@24gliwice","twitter_misc":{"Napisane przez":"\u017baneta Mrozek-Siewierska","Szacowany czas czytania":"1 minuta"},"schema":{"@context":"https:\/\/schema.org","@graph":[{"@type":"Article","@id":"https:\/\/www.24gliwice.pl\/wiadomosci\/ten-remont-drogi-przeciaga-sie-od-6-miesiecy-drogowcy-przystapia-do-ukladania-docelowej-nawierzchni\/#article","isPartOf":{"@id":"https:\/\/www.24gliwice.pl\/wiadomosci\/ten-remont-drogi-przeciaga-sie-od-6-miesiecy-drogowcy-przystapia-do-ukladania-docelowej-nawierzchni\/"},"author":{"name":"\u017baneta Mrozek-Siewierska","@id":"https:\/\/www.24gliwice.pl\/wiadomosci\/#\/schema\/person\/e42c650edd7f2fa332be3811fb166b6e"},"headline":"Ten remont drogi przeci\u0105ga si\u0119 od 6 miesi\u0119cy. Drogowcy przyst\u0105pi\u0105 do uk\u0142adania docelowej nawierzchni","datePublished":"2022-03-16T12:24:02+00:00","dateModified":"2022-03-16T23:53:32+00:00","mainEntityOfPage":{"@id":"https:\/\/www.24gliwice.pl\/wiadomosci\/ten-remont-drogi-przeciaga-sie-od-6-miesiecy-drogowcy-przystapia-do-ukladania-docelowej-nawierzchni\/"},"wordCount":277,"commentCount":0,"publisher":{"@id":"https:\/\/www.24gliwice.pl\/wiadomosci\/#organization"},"image":{"@id":"https:\/\/www.24gliwice.pl\/wiadomosci\/ten-remont-drogi-przeciaga-sie-od-6-miesiecy-drogowcy-przystapia-do-ukladania-docelowej-nawierzchni\/#primaryimage"},"thumbnailUrl":"https:\/\/www.24gliwice.pl\/wiadomosci\/wp-content\/uploads\/2022\/03\/wislana-jan-pajak.jpg","keywords":["remont ulicy Wi\u015blanej","ZDM"],"articleSection":["Gliwice","Najnowsze wiadomo\u015bci"],"inLanguage":"pl-PL","potentialAction":[{"@type":"CommentAction","name":"Comment","target":["https:\/\/www.24gliwice.pl\/wiadomosci\/ten-remont-drogi-przeciaga-sie-od-6-miesiecy-drogowcy-przystapia-do-ukladania-docelowej-nawierzchni\/#respond"]}]},{"@type":"WebPage","@id":"https:\/\/www.24gliwice.pl\/wiadomosci\/ten-remont-drogi-przeciaga-sie-od-6-miesiecy-drogowcy-przystapia-do-ukladania-docelowej-nawierzchni\/","url":"https:\/\/www.24gliwice.pl\/wiadomosci\/ten-remont-drogi-przeciaga-sie-od-6-miesiecy-drogowcy-przystapia-do-ukladania-docelowej-nawierzchni\/","name":"Ten remont drogi przeci\u0105ga si\u0119 od 6 miesi\u0119cy. Drogowcy przyst\u0105pi\u0105 do uk\u0142adania docelowej nawierzchni - 24GLIWICE - Portal Gliwice | codziennie nowe informacje","isPartOf":{"@id":"https:\/\/www.24gliwice.pl\/wiadomosci\/#website"},"primaryImageOfPage":{"@id":"https:\/\/www.24gliwice.pl\/wiadomosci\/ten-remont-drogi-przeciaga-sie-od-6-miesiecy-drogowcy-przystapia-do-ukladania-docelowej-nawierzchni\/#primaryimage"},"image":{"@id":"https:\/\/www.24gliwice.pl\/wiadomosci\/ten-remont-drogi-przeciaga-sie-od-6-miesiecy-drogowcy-przystapia-do-ukladania-docelowej-nawierzchni\/#primaryimage"},"thumbnailUrl":"https:\/\/www.24gliwice.pl\/wiadomosci\/wp-content\/uploads\/2022\/03\/wislana-jan-pajak.jpg","datePublished":"2022-03-16T12:24:02+00:00","dateModified":"2022-03-16T23:53:32+00:00","description":"Remont ul. Wi\u015blanej ci\u0105gnie si\u0119 od wrze\u015bnia i powoduje uci\u0105\u017cliwo\u015bci dla mieszka\u0144c\u00f3w So\u015bnicy. 17 marca ma rozpocz\u0105\u0107 si\u0119 uk\u0142adanie nawierzchni","breadcrumb":{"@id":"https:\/\/www.24gliwice.pl\/wiadomosci\/ten-remont-drogi-przeciaga-sie-od-6-miesiecy-drogowcy-przystapia-do-ukladania-docelowej-nawierzchni\/#breadcrumb"},"inLanguage":"pl-PL","potentialAction":[{"@type":"ReadAction","target":["https:\/\/www.24gliwice.pl\/wiadomosci\/ten-remont-drogi-przeciaga-sie-od-6-miesiecy-drogowcy-przystapia-do-ukladania-docelowej-nawierzchni\/"]}]},{"@type":"ImageObject","inLanguage":"pl-PL","@id":"https:\/\/www.24gliwice.pl\/wiadomosci\/ten-remont-drogi-przeciaga-sie-od-6-miesiecy-drogowcy-przystapia-do-ukladania-docelowej-nawierzchni\/#primaryimage","url":"https:\/\/www.24gliwice.pl\/wiadomosci\/wp-content\/uploads\/2022\/03\/wislana-jan-pajak.jpg","contentUrl":"https:\/\/www.24gliwice.pl\/wiadomosci\/wp-content\/uploads\/2022\/03\/wislana-jan-pajak.jpg","width":810,"height":456},{"@type":"BreadcrumbList","@id":"https:\/\/www.24gliwice.pl\/wiadomosci\/ten-remont-drogi-przeciaga-sie-od-6-miesiecy-drogowcy-przystapia-do-ukladania-docelowej-nawierzchni\/#breadcrumb","itemListElement":[{"@type":"ListItem","position":1,"name":"Strona g\u0142\u00f3wna","item":"https:\/\/www.24gliwice.pl\/wiadomosci\/"},{"@type":"ListItem","position":2,"name":"Ten remont drogi przeci\u0105ga si\u0119 od 6 miesi\u0119cy. Drogowcy przyst\u0105pi\u0105 do uk\u0142adania docelowej nawierzchni"}]},{"@type":"WebSite","@id":"https:\/\/www.24gliwice.pl\/wiadomosci\/#website","url":"https:\/\/www.24gliwice.pl\/wiadomosci\/","name":"24GLIWICE - Portal Gliwice | codziennie nowe wiadomo\u015bci","description":"Portal Miejski Gliwice","publisher":{"@id":"https:\/\/www.24gliwice.pl\/wiadomosci\/#organization"},"potentialAction":[{"@type":"SearchAction","target":{"@type":"EntryPoint","urlTemplate":"https:\/\/www.24gliwice.pl\/wiadomosci\/?s={search_term_string}"},"query-input":{"@type":"PropertyValueSpecification","valueRequired":true,"valueName":"search_term_string"}}],"inLanguage":"pl-PL"},{"@type":"Organization","@id":"https:\/\/www.24gliwice.pl\/wiadomosci\/#organization","name":"24gliwice","url":"https:\/\/www.24gliwice.pl\/wiadomosci\/","logo":{"@type":"ImageObject","inLanguage":"pl-PL","@id":"https:\/\/www.24gliwice.pl\/wiadomosci\/#\/schema\/logo\/image\/","url":"https:\/\/www.24gliwice.pl\/wiadomosci\/wp-content\/uploads\/2024\/10\/24gliwice-logo-696.jpg","contentUrl":"https:\/\/www.24gliwice.pl\/wiadomosci\/wp-content\/uploads\/2024\/10\/24gliwice-logo-696.jpg","width":696,"height":696,"caption":"24gliwice"},"image":{"@id":"https:\/\/www.24gliwice.pl\/wiadomosci\/#\/schema\/logo\/image\/"},"sameAs":["https:\/\/www.facebook.com\/24gliwice","https:\/\/x.com\/24gliwice","https:\/\/www.youtube.com\/@24gliwice"]},{"@type":"Person","@id":"https:\/\/www.24gliwice.pl\/wiadomosci\/#\/schema\/person\/e42c650edd7f2fa332be3811fb166b6e","name":"\u017baneta Mrozek-Siewierska","image":{"@type":"ImageObject","inLanguage":"pl-PL","@id":"https:\/\/www.24gliwice.pl\/wiadomosci\/wp-content\/uploads\/2021\/11\/Zaneta-M_S-zdjecie-czb-96x96.jpg","url":"https:\/\/www.24gliwice.pl\/wiadomosci\/wp-content\/uploads\/2021\/11\/Zaneta-M_S-zdjecie-czb-96x96.jpg","contentUrl":"https:\/\/www.24gliwice.pl\/wiadomosci\/wp-content\/uploads\/2021\/11\/Zaneta-M_S-zdjecie-czb-96x96.jpg","caption":"\u017baneta Mrozek-Siewierska"},"url":"https:\/\/www.24gliwice.pl\/wiadomosci\/author\/zms\/"}]}},"_links":{"self":[{"href":"https:\/\/www.24gliwice.pl\/wiadomosci\/wp-json\/wp\/v2\/posts\/188431","targetHints":{"allow":["GET"]}}],"collection":[{"href":"https:\/\/www.24gliwice.pl\/wiadomosci\/wp-json\/wp\/v2\/posts"}],"about":[{"href":"https:\/\/www.24gliwice.pl\/wiadomosci\/wp-json\/wp\/v2\/types\/post"}],"author":[{"embeddable":true,"href":"https:\/\/www.24gliwice.pl\/wiadomosci\/wp-json\/wp\/v2\/users\/15"}],"replies":[{"embeddable":true,"href":"https:\/\/www.24gliwice.pl\/wiadomosci\/wp-json\/wp\/v2\/comments?post=188431"}],"version-history":[{"count":7,"href":"https:\/\/www.24gliwice.pl\/wiadomosci\/wp-json\/wp\/v2\/posts\/188431\/revisions"}],"predecessor-version":[{"id":188480,"href":"https:\/\/www.24gliwice.pl\/wiadomosci\/wp-json\/wp\/v2\/posts\/188431\/revisions\/188480"}],"wp:featuredmedia":[{"embeddable":true,"href":"https:\/\/www.24gliwice.pl\/wiadomosci\/wp-json\/wp\/v2\/media\/188453"}],"wp:attachment":[{"href":"https:\/\/www.24gliwice.pl\/wiadomosci\/wp-json\/wp\/v2\/media?parent=188431"}],"wp:term":[{"taxonomy":"category","embeddable":true,"href":"https:\/\/www.24gliwice.pl\/wiadomosci\/wp-json\/wp\/v2\/categories?post=188431"},{"taxonomy":"post_tag","embeddable":true,"href":"https:\/\/www.24gliwice.pl\/wiadomosci\/wp-json\/wp\/v2\/tags?post=188431"}],"curies":[{"name":"wp","href":"https:\/\/api.w.org\/{rel}","templated":true}]}}