{"id":188492,"date":"2022-03-17T05:54:09","date_gmt":"2022-03-17T04:54:09","guid":{"rendered":"https:\/\/www.24gliwice.pl\/wiadomosci\/?p=188492"},"modified":"2022-03-17T00:55:01","modified_gmt":"2022-03-16T23:55:01","slug":"nowy-zieleniec-dwukrotnie-drozszy-niz-zakladal-mzuk-czy-realizacja-dojdzie-do-skutku","status":"publish","type":"post","link":"https:\/\/www.24gliwice.pl\/wiadomosci\/nowy-zieleniec-dwukrotnie-drozszy-niz-zakladal-mzuk-czy-realizacja-dojdzie-do-skutku\/","title":{"rendered":"Nowy zieleniec dwukrotnie dro\u017cszy, ni\u017c zak\u0142ada\u0142 MZUK. Czy realizacja dojdzie do skutku?"},"content":{"rendered":"<div class=\"gliwi-a6-nad-leadem-artykulow gliwi-entity-placement\" id=\"gliwi-3044300359\"><div class=\"gliwi-adlabel\"><span style=\"font-size: 9px\">REKLAMA<\/span><\/div><div id=\"gliwi-2106286479\" style=\"margin-bottom: 30px;margin-left: auto;margin-right: auto;text-align: center;\"><a data-no-instant=\"1\" href=\"https:\/\/przedszkole.halogen.org.pl\/\" rel=\"noopener\" class=\"a2t-link\" target=\"_blank\" aria-label=\"20260402-ANIMATOR-przedszkole_grafika_750x200\"><img loading=\"lazy\" decoding=\"async\" src=\"https:\/\/www.24gliwice.pl\/wiadomosci\/wp-content\/uploads\/2026\/04\/20260402-ANIMATOR-przedszkole_grafika_750x200.webp\" alt=\"\"  srcset=\"https:\/\/www.24gliwice.pl\/wiadomosci\/wp-content\/uploads\/2026\/04\/20260402-ANIMATOR-przedszkole_grafika_750x200.webp 750w, https:\/\/www.24gliwice.pl\/wiadomosci\/wp-content\/uploads\/2026\/04\/20260402-ANIMATOR-przedszkole_grafika_750x200-410x109.webp 410w\" sizes=\"(max-width: 750px) 100vw, 750px\" class=\"no-lazyload\" width=\"750\" height=\"200\"  style=\"display: inline-block; max-width: 100%; height: auto;\" \/><\/a><\/div><\/div><h2>Na dzia\u0142kach w rejonie stadionu, pumptracku i p\u0142ywalni krytej &#8220;Neptun&#8221; przy ul. Dzionkarzy w So\u015bnicy <a href=\"https:\/\/www.24gliwice.pl\/wiadomosci\/zupelnie-nowy-skwer-z-drzewami-oswietleniem-lawkami-i-stolami-do-gier-kolejny-park-kieszonkowy\/\" rel=\"noopener\" target=\"_blank\">MZUK planowa\u0142 utworzenie skweru rekreacyjnego<\/a> dla mieszka\u0144c\u00f3w. Czy realizacja ta dojdzie do skutku? Wykonawcy z\u0142o\u017cyli o wiele dro\u017csze wyceny, ni\u017c za\u0142o\u017cone na ten cel finansowanie.<\/h2>\n<p>&nbsp;<br \/>\nNieco ponad milion z\u0142otych planowa\u0142 wyda\u0107 Miejski Zarz\u0105d Us\u0142ug Komunalnych na modernizacj\u0119 zagospodarowania dzia\u0142ek nr 1517 i 1518 w obr\u0119bie So\u015bnica w Gliwicach (teren po zlikwidowanej odkrytej p\u0142ywalni Neptun). W poniedzia\u0142ek, 14 marca, up\u0142yn\u0105\u0142 termin wnoszenia ofert do zam\u00f3wienia publicznego na to zadanie. Obie z\u0142o\u017cone wyceny przekraczaj\u0105 bud\u017cet &#8211; najta\u0144sza o &#8220;jedyne&#8221; 100%. <\/p>\n<h4>Oferent\u00f3w jest dw\u00f3ch. Firma Marcin Gajda Architektura Krajobrazu z Zabierzowa zaproponowa\u0142a 2 mln 73 tys. z\u0142, za\u015b sp\u00f3\u0142ka CELMAR z Bytomia blisko 2,7 mln z\u0142.<\/h4>\n<p>Czy w tej sytuacji realizacja zielonego skweru z funkcj\u0105 rekreacyjn\u0105 dojdzie do skutku? Mo\u017cliwe, \u017ce przetarg b\u0119dzie uniewa\u017cniony i og\u0142oszony zostanie kolejny. Oczywi\u015bcie Zarz\u0105d mo\u017ce te\u017c podnie\u015b\u0107 finansowanie, ale czy zdecyduje si\u0119 na taki krok jest spraw\u0105 w\u0105tpliw\u0105. <\/p><div class=\"gliwi-a3-w-tresci-artykulow gliwi-entity-placement\" id=\"gliwi-928332295\"><div class=\"gliwi-adlabel\"><span style=\"font-size: 9px\">REKLAMA<\/span><\/div><div id=\"gliwi-406409798\" style=\"margin-bottom: 30px;margin-left: auto;margin-right: auto;text-align: center;\"><a data-no-instant=\"1\" href=\"https:\/\/ogrodyandersa.pl\/\" rel=\"noopener\" class=\"a2t-link\" target=\"_blank\" aria-label=\"20260415 Ogrody Andersa KUP TERAZ D\"><img loading=\"lazy\" decoding=\"async\" src=\"https:\/\/www.24gliwice.pl\/wiadomosci\/wp-content\/uploads\/2026\/04\/20260415-Ogrody-Andersa-KUP-TERAZ-D.jpg\" alt=\"\"  srcset=\"https:\/\/www.24gliwice.pl\/wiadomosci\/wp-content\/uploads\/2026\/04\/20260415-Ogrody-Andersa-KUP-TERAZ-D.jpg 750w, https:\/\/www.24gliwice.pl\/wiadomosci\/wp-content\/uploads\/2026\/04\/20260415-Ogrody-Andersa-KUP-TERAZ-D-410x109.jpg 410w\" sizes=\"(max-width: 750px) 100vw, 750px\" class=\"no-lazyload\" width=\"750\" height=\"200\"  style=\"display: inline-block; max-width: 100%; height: auto;\" \/><\/a><\/div><\/div>\n<p><a href=\"https:\/\/www.24gliwice.pl\/wiadomosci\/wp-content\/uploads\/2022\/03\/2022-03-16-1.png.jpg\"><img loading=\"lazy\" decoding=\"async\" src=\"https:\/\/www.24gliwice.pl\/wiadomosci\/wp-content\/uploads\/2022\/03\/2022-03-16-1.png.jpg\" alt=\"\" width=\"810\" height=\"156\" class=\"alignnone size-full wp-image-188536\" srcset=\"https:\/\/www.24gliwice.pl\/wiadomosci\/wp-content\/uploads\/2022\/03\/2022-03-16-1.png.jpg 810w, https:\/\/www.24gliwice.pl\/wiadomosci\/wp-content\/uploads\/2022\/03\/2022-03-16-1.png-410x79.jpg 410w, https:\/\/www.24gliwice.pl\/wiadomosci\/wp-content\/uploads\/2022\/03\/2022-03-16-1.png-768x148.jpg 768w\" sizes=\"auto, (max-width: 810px) 100vw, 810px\" \/><\/a><\/p>\n<p><a href=\"https:\/\/www.24gliwice.pl\/wiadomosci\/wp-content\/uploads\/2022\/03\/2022-03-16.png.jpg\"><img loading=\"lazy\" decoding=\"async\" src=\"https:\/\/www.24gliwice.pl\/wiadomosci\/wp-content\/uploads\/2022\/03\/2022-03-16.png.jpg\" alt=\"\" width=\"810\" height=\"240\" class=\"alignnone size-full wp-image-188537\" srcset=\"https:\/\/www.24gliwice.pl\/wiadomosci\/wp-content\/uploads\/2022\/03\/2022-03-16.png.jpg 810w, https:\/\/www.24gliwice.pl\/wiadomosci\/wp-content\/uploads\/2022\/03\/2022-03-16.png-410x121.jpg 410w, https:\/\/www.24gliwice.pl\/wiadomosci\/wp-content\/uploads\/2022\/03\/2022-03-16.png-768x228.jpg 768w\" sizes=\"auto, (max-width: 810px) 100vw, 810px\" \/><\/a><\/p>\n<h4>Nowy zieleniec w So\u015bnicy &#8211; co tu powstanie?<\/h4>\n<p><a href=\"https:\/\/www.24gliwice.pl\/wiadomosci\/wp-content\/uploads\/2022\/02\/skwer-sosnica-dzionkarzy-przedwiosnie.jpg\"><img loading=\"lazy\" decoding=\"async\" src=\"https:\/\/www.24gliwice.pl\/wiadomosci\/wp-content\/uploads\/2022\/02\/skwer-sosnica-dzionkarzy-przedwiosnie.jpg\" alt=\"\" width=\"810\" height=\"647\" class=\"alignnone size-full wp-image-187408\" srcset=\"https:\/\/www.24gliwice.pl\/wiadomosci\/wp-content\/uploads\/2022\/02\/skwer-sosnica-dzionkarzy-przedwiosnie.jpg 810w, https:\/\/www.24gliwice.pl\/wiadomosci\/wp-content\/uploads\/2022\/02\/skwer-sosnica-dzionkarzy-przedwiosnie-290x232.jpg 290w, https:\/\/www.24gliwice.pl\/wiadomosci\/wp-content\/uploads\/2022\/02\/skwer-sosnica-dzionkarzy-przedwiosnie-570x455.jpg 570w, https:\/\/www.24gliwice.pl\/wiadomosci\/wp-content\/uploads\/2022\/02\/skwer-sosnica-dzionkarzy-przedwiosnie-768x613.jpg 768w\" sizes=\"auto, (max-width: 810px) 100vw, 810px\" \/><\/a><\/p>\n<p>Zakres prac budowlanych na terenie dzia\u0142ek obejmuje m.in. usuni\u0119cie istniej\u0105cego \u017cywop\u0142otu od strony ul. Dzionkarzy, a tak\u017ce wierzchniej warstwy ziemi nieurodzajnej, monta\u017c obiekt\u00f3w ma\u0142ej architektury, tj. panelu muzycznego, panelu manipulacyjnego, rur deszczowych, 15 \u0142awek z oparciem, 7 koszy na \u015bmieci, 2 tablic przyrodniczych (owady), 2 karmnik\u00f3w dla ptak\u00f3w, a tak\u017ce 6 sztuk drewnianych treja\u017cy. <\/p>\n<h4>Opr\u00f3cz tego znajd\u0105 si\u0119 tu dwa stoliki do gry w szachy (w tym jeden przystosowany dla os\u00f3b niepe\u0142nosprawnych, poruszaj\u0105cych si\u0119 na w\u00f3zku inwalidzkim) oraz 3 le\u017caki parkowe.<\/h4>\n<p>Teren b\u0119dzie utwardzony kostk\u0105 brukow\u0105, a w miejscach zielonych nasadzonych zostanie 38 drzew oraz ponad 3,3 tys. krzew\u00f3w. Powstanie r\u00f3wnie\u017c trawnik i \u0142\u0105ki kwietne. W dokumentacji do przetargu wyszczeg\u00f3lniona zosta\u0142a tak\u017ce instalacja o\u015bwietlenia parku pomi\u0119dzy ulicami Przedwio\u015bnie i Dzionkarzy w Gliwicach.<\/p>\n<p>(\u017cms)<br \/>\nfot. 24gliwice.pl\/\u0141G<\/p>\n<p><a href=\"https:\/\/www.24gliwice.pl\/wiadomosci\/wp-content\/uploads\/2022\/02\/2022-02-28-1.png.jpg\"><img loading=\"lazy\" decoding=\"async\" src=\"https:\/\/www.24gliwice.pl\/wiadomosci\/wp-content\/uploads\/2022\/02\/2022-02-28-1.png.jpg\" alt=\"\" width=\"810\" height=\"455\" class=\"alignnone size-full wp-image-187410\" srcset=\"https:\/\/www.24gliwice.pl\/wiadomosci\/wp-content\/uploads\/2022\/02\/2022-02-28-1.png.jpg 810w, https:\/\/www.24gliwice.pl\/wiadomosci\/wp-content\/uploads\/2022\/02\/2022-02-28-1.png-410x230.jpg 410w, https:\/\/www.24gliwice.pl\/wiadomosci\/wp-content\/uploads\/2022\/02\/2022-02-28-1.png-768x431.jpg 768w\" sizes=\"auto, (max-width: 810px) 100vw, 810px\" \/><\/a><\/p>\n<div class=\"gliwi-a5-na-koncu-artykulow gliwi-entity-placement\" id=\"gliwi-2566643291\"><div class=\"gliwi-adlabel\"><span style=\"font-size: 9px\">REKLAMA<\/span><\/div><div id=\"gliwi-4040493175\" style=\"margin-left: auto;margin-right: auto;text-align: center;\"><a data-no-instant=\"1\" href=\"https:\/\/prezeroarenagliwice.pl\/\" rel=\"noopener\" class=\"a2t-link\" target=\"_blank\" aria-label=\"20260309-PREZERO-WIOSNA-D\"><img loading=\"lazy\" decoding=\"async\" src=\"https:\/\/www.24gliwice.pl\/wiadomosci\/wp-content\/uploads\/2026\/03\/20260309-PREZERO-WIOSNA-D.webp\" alt=\"\"  srcset=\"https:\/\/www.24gliwice.pl\/wiadomosci\/wp-content\/uploads\/2026\/03\/20260309-PREZERO-WIOSNA-D.webp 750w, https:\/\/www.24gliwice.pl\/wiadomosci\/wp-content\/uploads\/2026\/03\/20260309-PREZERO-WIOSNA-D-410x109.webp 410w\" sizes=\"(max-width: 750px) 100vw, 750px\" class=\"no-lazyload\" width=\"750\" height=\"200\"  style=\"display: inline-block; max-width: 100%; height: auto;\" \/><\/a><\/div><\/div>","protected":false},"excerpt":{"rendered":"<p>Na dzia\u0142kach w rejonie stadionu, pumptracku i p\u0142ywalni krytej &#8220;Neptun&#8221; przy ul. Dzionkarzy w So\u015bnicy MZUK planowa\u0142 utworzenie skweru rekreacyjnego dla mieszka\u0144c\u00f3w. Czy realizacja ta dojdzie do skutku? Wykonawcy z\u0142o\u017cyli o wiele dro\u017csze wyceny, ni\u017c za\u0142o\u017cone na ten cel finansowanie. &nbsp; Nieco ponad milion z\u0142otych planowa\u0142 wyda\u0107 Miejski Zarz\u0105d Us\u0142ug Komunalnych na modernizacj\u0119 zagospodarowania dzia\u0142ek [&hellip;]<\/p>\n","protected":false},"author":15,"featured_media":187468,"comment_status":"open","ping_status":"closed","sticky":false,"template":"","format":"standard","meta":{"_monsterinsights_skip_tracking":false,"_monsterinsights_sitenote_active":false,"_monsterinsights_sitenote_note":"","_monsterinsights_sitenote_category":0,"footnotes":"","_links_to":"","_links_to_target":""},"categories":[3,1],"tags":[],"class_list":["post-188492","post","type-post","status-publish","format-standard","has-post-thumbnail","hentry","category-gliwice","category-wszystko"],"yoast_head":"<!-- This site is optimized with the Yoast SEO plugin v27.4 - https:\/\/yoast.com\/product\/yoast-seo-wordpress\/ -->\n<title>Nowy zieleniec dwukrotnie dro\u017cszy, ni\u017c zak\u0142ada\u0142 MZUK. Czy realizacja dojdzie do skutku? - 24GLIWICE - Portal Gliwice | codziennie nowe informacje<\/title>\n<meta name=\"description\" content=\"Czy nowy skwer w So\u015bnicy powstanie? Do przetargu na jego realizacj\u0119 wp\u0142yn\u0119\u0142y dwie oferty wykonawc\u00f3w, kt\u00f3re mocno przekraczaj\u0105 finansowanie\" \/>\n<meta name=\"robots\" content=\"index, follow, max-snippet:-1, max-image-preview:large, max-video-preview:-1\" \/>\n<link rel=\"canonical\" href=\"https:\/\/www.24gliwice.pl\/wiadomosci\/nowy-zieleniec-dwukrotnie-drozszy-niz-zakladal-mzuk-czy-realizacja-dojdzie-do-skutku\/\" \/>\n<meta property=\"og:locale\" content=\"pl_PL\" \/>\n<meta property=\"og:type\" content=\"article\" \/>\n<meta property=\"og:title\" content=\"Nowy zieleniec dwukrotnie dro\u017cszy, ni\u017c zak\u0142ada\u0142 MZUK. Czy realizacja dojdzie do skutku? - 24GLIWICE - Portal Gliwice | codziennie nowe informacje\" \/>\n<meta property=\"og:description\" content=\"Czy nowy skwer w So\u015bnicy powstanie? Do przetargu na jego realizacj\u0119 wp\u0142yn\u0119\u0142y dwie oferty wykonawc\u00f3w, kt\u00f3re mocno przekraczaj\u0105 finansowanie\" \/>\n<meta property=\"og:url\" content=\"https:\/\/www.24gliwice.pl\/wiadomosci\/nowy-zieleniec-dwukrotnie-drozszy-niz-zakladal-mzuk-czy-realizacja-dojdzie-do-skutku\/\" \/>\n<meta property=\"og:site_name\" content=\"24GLIWICE - Portal Gliwice | codziennie nowe informacje\" \/>\n<meta property=\"article:publisher\" content=\"https:\/\/www.facebook.com\/24gliwice\" \/>\n<meta property=\"article:published_time\" content=\"2022-03-17T04:54:09+00:00\" \/>\n<meta property=\"og:image\" content=\"https:\/\/www.24gliwice.pl\/wiadomosci\/wp-content\/uploads\/2022\/02\/dzialka-sosnica-2.jpg\" \/>\n\t<meta property=\"og:image:width\" content=\"810\" \/>\n\t<meta property=\"og:image:height\" content=\"456\" \/>\n\t<meta property=\"og:image:type\" content=\"image\/jpeg\" \/>\n<meta name=\"author\" content=\"\u017baneta Mrozek-Siewierska\" \/>\n<meta name=\"twitter:card\" content=\"summary_large_image\" \/>\n<meta name=\"twitter:creator\" content=\"@24gliwice\" \/>\n<meta name=\"twitter:site\" content=\"@24gliwice\" \/>\n<meta name=\"twitter:label1\" content=\"Napisane przez\" \/>\n\t<meta name=\"twitter:data1\" content=\"\u017baneta Mrozek-Siewierska\" \/>\n\t<meta name=\"twitter:label2\" content=\"Szacowany czas czytania\" \/>\n\t<meta name=\"twitter:data2\" content=\"2 minuty\" \/>\n<script type=\"application\/ld+json\" class=\"yoast-schema-graph\">{\"@context\":\"https:\\\/\\\/schema.org\",\"@graph\":[{\"@type\":\"Article\",\"@id\":\"https:\\\/\\\/www.24gliwice.pl\\\/wiadomosci\\\/nowy-zieleniec-dwukrotnie-drozszy-niz-zakladal-mzuk-czy-realizacja-dojdzie-do-skutku\\\/#article\",\"isPartOf\":{\"@id\":\"https:\\\/\\\/www.24gliwice.pl\\\/wiadomosci\\\/nowy-zieleniec-dwukrotnie-drozszy-niz-zakladal-mzuk-czy-realizacja-dojdzie-do-skutku\\\/\"},\"author\":{\"name\":\"\u017baneta Mrozek-Siewierska\",\"@id\":\"https:\\\/\\\/www.24gliwice.pl\\\/wiadomosci\\\/#\\\/schema\\\/person\\\/e42c650edd7f2fa332be3811fb166b6e\"},\"headline\":\"Nowy zieleniec dwukrotnie dro\u017cszy, ni\u017c zak\u0142ada\u0142 MZUK. Czy realizacja dojdzie do skutku?\",\"datePublished\":\"2022-03-17T04:54:09+00:00\",\"mainEntityOfPage\":{\"@id\":\"https:\\\/\\\/www.24gliwice.pl\\\/wiadomosci\\\/nowy-zieleniec-dwukrotnie-drozszy-niz-zakladal-mzuk-czy-realizacja-dojdzie-do-skutku\\\/\"},\"wordCount\":355,\"commentCount\":0,\"publisher\":{\"@id\":\"https:\\\/\\\/www.24gliwice.pl\\\/wiadomosci\\\/#organization\"},\"image\":{\"@id\":\"https:\\\/\\\/www.24gliwice.pl\\\/wiadomosci\\\/nowy-zieleniec-dwukrotnie-drozszy-niz-zakladal-mzuk-czy-realizacja-dojdzie-do-skutku\\\/#primaryimage\"},\"thumbnailUrl\":\"https:\\\/\\\/www.24gliwice.pl\\\/wiadomosci\\\/wp-content\\\/uploads\\\/2022\\\/02\\\/dzialka-sosnica-2.jpg\",\"articleSection\":[\"Gliwice\",\"Najnowsze wiadomo\u015bci\"],\"inLanguage\":\"pl-PL\",\"potentialAction\":[{\"@type\":\"CommentAction\",\"name\":\"Comment\",\"target\":[\"https:\\\/\\\/www.24gliwice.pl\\\/wiadomosci\\\/nowy-zieleniec-dwukrotnie-drozszy-niz-zakladal-mzuk-czy-realizacja-dojdzie-do-skutku\\\/#respond\"]}]},{\"@type\":\"WebPage\",\"@id\":\"https:\\\/\\\/www.24gliwice.pl\\\/wiadomosci\\\/nowy-zieleniec-dwukrotnie-drozszy-niz-zakladal-mzuk-czy-realizacja-dojdzie-do-skutku\\\/\",\"url\":\"https:\\\/\\\/www.24gliwice.pl\\\/wiadomosci\\\/nowy-zieleniec-dwukrotnie-drozszy-niz-zakladal-mzuk-czy-realizacja-dojdzie-do-skutku\\\/\",\"name\":\"Nowy zieleniec dwukrotnie dro\u017cszy, ni\u017c zak\u0142ada\u0142 MZUK. Czy realizacja dojdzie do skutku? - 24GLIWICE - Portal Gliwice | codziennie nowe informacje\",\"isPartOf\":{\"@id\":\"https:\\\/\\\/www.24gliwice.pl\\\/wiadomosci\\\/#website\"},\"primaryImageOfPage\":{\"@id\":\"https:\\\/\\\/www.24gliwice.pl\\\/wiadomosci\\\/nowy-zieleniec-dwukrotnie-drozszy-niz-zakladal-mzuk-czy-realizacja-dojdzie-do-skutku\\\/#primaryimage\"},\"image\":{\"@id\":\"https:\\\/\\\/www.24gliwice.pl\\\/wiadomosci\\\/nowy-zieleniec-dwukrotnie-drozszy-niz-zakladal-mzuk-czy-realizacja-dojdzie-do-skutku\\\/#primaryimage\"},\"thumbnailUrl\":\"https:\\\/\\\/www.24gliwice.pl\\\/wiadomosci\\\/wp-content\\\/uploads\\\/2022\\\/02\\\/dzialka-sosnica-2.jpg\",\"datePublished\":\"2022-03-17T04:54:09+00:00\",\"description\":\"Czy nowy skwer w So\u015bnicy powstanie? Do przetargu na jego realizacj\u0119 wp\u0142yn\u0119\u0142y dwie oferty wykonawc\u00f3w, kt\u00f3re mocno przekraczaj\u0105 finansowanie\",\"breadcrumb\":{\"@id\":\"https:\\\/\\\/www.24gliwice.pl\\\/wiadomosci\\\/nowy-zieleniec-dwukrotnie-drozszy-niz-zakladal-mzuk-czy-realizacja-dojdzie-do-skutku\\\/#breadcrumb\"},\"inLanguage\":\"pl-PL\",\"potentialAction\":[{\"@type\":\"ReadAction\",\"target\":[\"https:\\\/\\\/www.24gliwice.pl\\\/wiadomosci\\\/nowy-zieleniec-dwukrotnie-drozszy-niz-zakladal-mzuk-czy-realizacja-dojdzie-do-skutku\\\/\"]}]},{\"@type\":\"ImageObject\",\"inLanguage\":\"pl-PL\",\"@id\":\"https:\\\/\\\/www.24gliwice.pl\\\/wiadomosci\\\/nowy-zieleniec-dwukrotnie-drozszy-niz-zakladal-mzuk-czy-realizacja-dojdzie-do-skutku\\\/#primaryimage\",\"url\":\"https:\\\/\\\/www.24gliwice.pl\\\/wiadomosci\\\/wp-content\\\/uploads\\\/2022\\\/02\\\/dzialka-sosnica-2.jpg\",\"contentUrl\":\"https:\\\/\\\/www.24gliwice.pl\\\/wiadomosci\\\/wp-content\\\/uploads\\\/2022\\\/02\\\/dzialka-sosnica-2.jpg\",\"width\":810,\"height\":456},{\"@type\":\"BreadcrumbList\",\"@id\":\"https:\\\/\\\/www.24gliwice.pl\\\/wiadomosci\\\/nowy-zieleniec-dwukrotnie-drozszy-niz-zakladal-mzuk-czy-realizacja-dojdzie-do-skutku\\\/#breadcrumb\",\"itemListElement\":[{\"@type\":\"ListItem\",\"position\":1,\"name\":\"Strona g\u0142\u00f3wna\",\"item\":\"https:\\\/\\\/www.24gliwice.pl\\\/wiadomosci\\\/\"},{\"@type\":\"ListItem\",\"position\":2,\"name\":\"Nowy zieleniec dwukrotnie dro\u017cszy, ni\u017c zak\u0142ada\u0142 MZUK. Czy realizacja dojdzie do skutku?\"}]},{\"@type\":\"WebSite\",\"@id\":\"https:\\\/\\\/www.24gliwice.pl\\\/wiadomosci\\\/#website\",\"url\":\"https:\\\/\\\/www.24gliwice.pl\\\/wiadomosci\\\/\",\"name\":\"24GLIWICE - Portal Gliwice | codziennie nowe wiadomo\u015bci\",\"description\":\"Portal Miejski Gliwice\",\"publisher\":{\"@id\":\"https:\\\/\\\/www.24gliwice.pl\\\/wiadomosci\\\/#organization\"},\"potentialAction\":[{\"@type\":\"SearchAction\",\"target\":{\"@type\":\"EntryPoint\",\"urlTemplate\":\"https:\\\/\\\/www.24gliwice.pl\\\/wiadomosci\\\/?s={search_term_string}\"},\"query-input\":{\"@type\":\"PropertyValueSpecification\",\"valueRequired\":true,\"valueName\":\"search_term_string\"}}],\"inLanguage\":\"pl-PL\"},{\"@type\":\"Organization\",\"@id\":\"https:\\\/\\\/www.24gliwice.pl\\\/wiadomosci\\\/#organization\",\"name\":\"24gliwice\",\"url\":\"https:\\\/\\\/www.24gliwice.pl\\\/wiadomosci\\\/\",\"logo\":{\"@type\":\"ImageObject\",\"inLanguage\":\"pl-PL\",\"@id\":\"https:\\\/\\\/www.24gliwice.pl\\\/wiadomosci\\\/#\\\/schema\\\/logo\\\/image\\\/\",\"url\":\"https:\\\/\\\/www.24gliwice.pl\\\/wiadomosci\\\/wp-content\\\/uploads\\\/2024\\\/10\\\/24gliwice-logo-696.jpg\",\"contentUrl\":\"https:\\\/\\\/www.24gliwice.pl\\\/wiadomosci\\\/wp-content\\\/uploads\\\/2024\\\/10\\\/24gliwice-logo-696.jpg\",\"width\":696,\"height\":696,\"caption\":\"24gliwice\"},\"image\":{\"@id\":\"https:\\\/\\\/www.24gliwice.pl\\\/wiadomosci\\\/#\\\/schema\\\/logo\\\/image\\\/\"},\"sameAs\":[\"https:\\\/\\\/www.facebook.com\\\/24gliwice\",\"https:\\\/\\\/x.com\\\/24gliwice\",\"https:\\\/\\\/www.youtube.com\\\/@24gliwice\"]},{\"@type\":\"Person\",\"@id\":\"https:\\\/\\\/www.24gliwice.pl\\\/wiadomosci\\\/#\\\/schema\\\/person\\\/e42c650edd7f2fa332be3811fb166b6e\",\"name\":\"\u017baneta Mrozek-Siewierska\",\"image\":{\"@type\":\"ImageObject\",\"inLanguage\":\"pl-PL\",\"@id\":\"https:\\\/\\\/www.24gliwice.pl\\\/wiadomosci\\\/wp-content\\\/uploads\\\/2021\\\/11\\\/Zaneta-M_S-zdjecie-czb-96x96.jpg\",\"url\":\"https:\\\/\\\/www.24gliwice.pl\\\/wiadomosci\\\/wp-content\\\/uploads\\\/2021\\\/11\\\/Zaneta-M_S-zdjecie-czb-96x96.jpg\",\"contentUrl\":\"https:\\\/\\\/www.24gliwice.pl\\\/wiadomosci\\\/wp-content\\\/uploads\\\/2021\\\/11\\\/Zaneta-M_S-zdjecie-czb-96x96.jpg\",\"caption\":\"\u017baneta Mrozek-Siewierska\"},\"url\":\"https:\\\/\\\/www.24gliwice.pl\\\/wiadomosci\\\/author\\\/zms\\\/\"}]}<\/script>\n<!-- \/ Yoast SEO plugin. -->","yoast_head_json":{"title":"Nowy zieleniec dwukrotnie dro\u017cszy, ni\u017c zak\u0142ada\u0142 MZUK. Czy realizacja dojdzie do skutku? - 24GLIWICE - Portal Gliwice | codziennie nowe informacje","description":"Czy nowy skwer w So\u015bnicy powstanie? Do przetargu na jego realizacj\u0119 wp\u0142yn\u0119\u0142y dwie oferty wykonawc\u00f3w, kt\u00f3re mocno przekraczaj\u0105 finansowanie","robots":{"index":"index","follow":"follow","max-snippet":"max-snippet:-1","max-image-preview":"max-image-preview:large","max-video-preview":"max-video-preview:-1"},"canonical":"https:\/\/www.24gliwice.pl\/wiadomosci\/nowy-zieleniec-dwukrotnie-drozszy-niz-zakladal-mzuk-czy-realizacja-dojdzie-do-skutku\/","og_locale":"pl_PL","og_type":"article","og_title":"Nowy zieleniec dwukrotnie dro\u017cszy, ni\u017c zak\u0142ada\u0142 MZUK. Czy realizacja dojdzie do skutku? - 24GLIWICE - Portal Gliwice | codziennie nowe informacje","og_description":"Czy nowy skwer w So\u015bnicy powstanie? Do przetargu na jego realizacj\u0119 wp\u0142yn\u0119\u0142y dwie oferty wykonawc\u00f3w, kt\u00f3re mocno przekraczaj\u0105 finansowanie","og_url":"https:\/\/www.24gliwice.pl\/wiadomosci\/nowy-zieleniec-dwukrotnie-drozszy-niz-zakladal-mzuk-czy-realizacja-dojdzie-do-skutku\/","og_site_name":"24GLIWICE - Portal Gliwice | codziennie nowe informacje","article_publisher":"https:\/\/www.facebook.com\/24gliwice","article_published_time":"2022-03-17T04:54:09+00:00","og_image":[{"width":810,"height":456,"url":"https:\/\/www.24gliwice.pl\/wiadomosci\/wp-content\/uploads\/2022\/02\/dzialka-sosnica-2.jpg","type":"image\/jpeg"}],"author":"\u017baneta Mrozek-Siewierska","twitter_card":"summary_large_image","twitter_creator":"@24gliwice","twitter_site":"@24gliwice","twitter_misc":{"Napisane przez":"\u017baneta Mrozek-Siewierska","Szacowany czas czytania":"2 minuty"},"schema":{"@context":"https:\/\/schema.org","@graph":[{"@type":"Article","@id":"https:\/\/www.24gliwice.pl\/wiadomosci\/nowy-zieleniec-dwukrotnie-drozszy-niz-zakladal-mzuk-czy-realizacja-dojdzie-do-skutku\/#article","isPartOf":{"@id":"https:\/\/www.24gliwice.pl\/wiadomosci\/nowy-zieleniec-dwukrotnie-drozszy-niz-zakladal-mzuk-czy-realizacja-dojdzie-do-skutku\/"},"author":{"name":"\u017baneta Mrozek-Siewierska","@id":"https:\/\/www.24gliwice.pl\/wiadomosci\/#\/schema\/person\/e42c650edd7f2fa332be3811fb166b6e"},"headline":"Nowy zieleniec dwukrotnie dro\u017cszy, ni\u017c zak\u0142ada\u0142 MZUK. Czy realizacja dojdzie do skutku?","datePublished":"2022-03-17T04:54:09+00:00","mainEntityOfPage":{"@id":"https:\/\/www.24gliwice.pl\/wiadomosci\/nowy-zieleniec-dwukrotnie-drozszy-niz-zakladal-mzuk-czy-realizacja-dojdzie-do-skutku\/"},"wordCount":355,"commentCount":0,"publisher":{"@id":"https:\/\/www.24gliwice.pl\/wiadomosci\/#organization"},"image":{"@id":"https:\/\/www.24gliwice.pl\/wiadomosci\/nowy-zieleniec-dwukrotnie-drozszy-niz-zakladal-mzuk-czy-realizacja-dojdzie-do-skutku\/#primaryimage"},"thumbnailUrl":"https:\/\/www.24gliwice.pl\/wiadomosci\/wp-content\/uploads\/2022\/02\/dzialka-sosnica-2.jpg","articleSection":["Gliwice","Najnowsze wiadomo\u015bci"],"inLanguage":"pl-PL","potentialAction":[{"@type":"CommentAction","name":"Comment","target":["https:\/\/www.24gliwice.pl\/wiadomosci\/nowy-zieleniec-dwukrotnie-drozszy-niz-zakladal-mzuk-czy-realizacja-dojdzie-do-skutku\/#respond"]}]},{"@type":"WebPage","@id":"https:\/\/www.24gliwice.pl\/wiadomosci\/nowy-zieleniec-dwukrotnie-drozszy-niz-zakladal-mzuk-czy-realizacja-dojdzie-do-skutku\/","url":"https:\/\/www.24gliwice.pl\/wiadomosci\/nowy-zieleniec-dwukrotnie-drozszy-niz-zakladal-mzuk-czy-realizacja-dojdzie-do-skutku\/","name":"Nowy zieleniec dwukrotnie dro\u017cszy, ni\u017c zak\u0142ada\u0142 MZUK. Czy realizacja dojdzie do skutku? - 24GLIWICE - Portal Gliwice | codziennie nowe informacje","isPartOf":{"@id":"https:\/\/www.24gliwice.pl\/wiadomosci\/#website"},"primaryImageOfPage":{"@id":"https:\/\/www.24gliwice.pl\/wiadomosci\/nowy-zieleniec-dwukrotnie-drozszy-niz-zakladal-mzuk-czy-realizacja-dojdzie-do-skutku\/#primaryimage"},"image":{"@id":"https:\/\/www.24gliwice.pl\/wiadomosci\/nowy-zieleniec-dwukrotnie-drozszy-niz-zakladal-mzuk-czy-realizacja-dojdzie-do-skutku\/#primaryimage"},"thumbnailUrl":"https:\/\/www.24gliwice.pl\/wiadomosci\/wp-content\/uploads\/2022\/02\/dzialka-sosnica-2.jpg","datePublished":"2022-03-17T04:54:09+00:00","description":"Czy nowy skwer w So\u015bnicy powstanie? Do przetargu na jego realizacj\u0119 wp\u0142yn\u0119\u0142y dwie oferty wykonawc\u00f3w, kt\u00f3re mocno przekraczaj\u0105 finansowanie","breadcrumb":{"@id":"https:\/\/www.24gliwice.pl\/wiadomosci\/nowy-zieleniec-dwukrotnie-drozszy-niz-zakladal-mzuk-czy-realizacja-dojdzie-do-skutku\/#breadcrumb"},"inLanguage":"pl-PL","potentialAction":[{"@type":"ReadAction","target":["https:\/\/www.24gliwice.pl\/wiadomosci\/nowy-zieleniec-dwukrotnie-drozszy-niz-zakladal-mzuk-czy-realizacja-dojdzie-do-skutku\/"]}]},{"@type":"ImageObject","inLanguage":"pl-PL","@id":"https:\/\/www.24gliwice.pl\/wiadomosci\/nowy-zieleniec-dwukrotnie-drozszy-niz-zakladal-mzuk-czy-realizacja-dojdzie-do-skutku\/#primaryimage","url":"https:\/\/www.24gliwice.pl\/wiadomosci\/wp-content\/uploads\/2022\/02\/dzialka-sosnica-2.jpg","contentUrl":"https:\/\/www.24gliwice.pl\/wiadomosci\/wp-content\/uploads\/2022\/02\/dzialka-sosnica-2.jpg","width":810,"height":456},{"@type":"BreadcrumbList","@id":"https:\/\/www.24gliwice.pl\/wiadomosci\/nowy-zieleniec-dwukrotnie-drozszy-niz-zakladal-mzuk-czy-realizacja-dojdzie-do-skutku\/#breadcrumb","itemListElement":[{"@type":"ListItem","position":1,"name":"Strona g\u0142\u00f3wna","item":"https:\/\/www.24gliwice.pl\/wiadomosci\/"},{"@type":"ListItem","position":2,"name":"Nowy zieleniec dwukrotnie dro\u017cszy, ni\u017c zak\u0142ada\u0142 MZUK. Czy realizacja dojdzie do skutku?"}]},{"@type":"WebSite","@id":"https:\/\/www.24gliwice.pl\/wiadomosci\/#website","url":"https:\/\/www.24gliwice.pl\/wiadomosci\/","name":"24GLIWICE - Portal Gliwice | codziennie nowe wiadomo\u015bci","description":"Portal Miejski Gliwice","publisher":{"@id":"https:\/\/www.24gliwice.pl\/wiadomosci\/#organization"},"potentialAction":[{"@type":"SearchAction","target":{"@type":"EntryPoint","urlTemplate":"https:\/\/www.24gliwice.pl\/wiadomosci\/?s={search_term_string}"},"query-input":{"@type":"PropertyValueSpecification","valueRequired":true,"valueName":"search_term_string"}}],"inLanguage":"pl-PL"},{"@type":"Organization","@id":"https:\/\/www.24gliwice.pl\/wiadomosci\/#organization","name":"24gliwice","url":"https:\/\/www.24gliwice.pl\/wiadomosci\/","logo":{"@type":"ImageObject","inLanguage":"pl-PL","@id":"https:\/\/www.24gliwice.pl\/wiadomosci\/#\/schema\/logo\/image\/","url":"https:\/\/www.24gliwice.pl\/wiadomosci\/wp-content\/uploads\/2024\/10\/24gliwice-logo-696.jpg","contentUrl":"https:\/\/www.24gliwice.pl\/wiadomosci\/wp-content\/uploads\/2024\/10\/24gliwice-logo-696.jpg","width":696,"height":696,"caption":"24gliwice"},"image":{"@id":"https:\/\/www.24gliwice.pl\/wiadomosci\/#\/schema\/logo\/image\/"},"sameAs":["https:\/\/www.facebook.com\/24gliwice","https:\/\/x.com\/24gliwice","https:\/\/www.youtube.com\/@24gliwice"]},{"@type":"Person","@id":"https:\/\/www.24gliwice.pl\/wiadomosci\/#\/schema\/person\/e42c650edd7f2fa332be3811fb166b6e","name":"\u017baneta Mrozek-Siewierska","image":{"@type":"ImageObject","inLanguage":"pl-PL","@id":"https:\/\/www.24gliwice.pl\/wiadomosci\/wp-content\/uploads\/2021\/11\/Zaneta-M_S-zdjecie-czb-96x96.jpg","url":"https:\/\/www.24gliwice.pl\/wiadomosci\/wp-content\/uploads\/2021\/11\/Zaneta-M_S-zdjecie-czb-96x96.jpg","contentUrl":"https:\/\/www.24gliwice.pl\/wiadomosci\/wp-content\/uploads\/2021\/11\/Zaneta-M_S-zdjecie-czb-96x96.jpg","caption":"\u017baneta Mrozek-Siewierska"},"url":"https:\/\/www.24gliwice.pl\/wiadomosci\/author\/zms\/"}]}},"_links":{"self":[{"href":"https:\/\/www.24gliwice.pl\/wiadomosci\/wp-json\/wp\/v2\/posts\/188492","targetHints":{"allow":["GET"]}}],"collection":[{"href":"https:\/\/www.24gliwice.pl\/wiadomosci\/wp-json\/wp\/v2\/posts"}],"about":[{"href":"https:\/\/www.24gliwice.pl\/wiadomosci\/wp-json\/wp\/v2\/types\/post"}],"author":[{"embeddable":true,"href":"https:\/\/www.24gliwice.pl\/wiadomosci\/wp-json\/wp\/v2\/users\/15"}],"replies":[{"embeddable":true,"href":"https:\/\/www.24gliwice.pl\/wiadomosci\/wp-json\/wp\/v2\/comments?post=188492"}],"version-history":[{"count":16,"href":"https:\/\/www.24gliwice.pl\/wiadomosci\/wp-json\/wp\/v2\/posts\/188492\/revisions"}],"predecessor-version":[{"id":188562,"href":"https:\/\/www.24gliwice.pl\/wiadomosci\/wp-json\/wp\/v2\/posts\/188492\/revisions\/188562"}],"wp:featuredmedia":[{"embeddable":true,"href":"https:\/\/www.24gliwice.pl\/wiadomosci\/wp-json\/wp\/v2\/media\/187468"}],"wp:attachment":[{"href":"https:\/\/www.24gliwice.pl\/wiadomosci\/wp-json\/wp\/v2\/media?parent=188492"}],"wp:term":[{"taxonomy":"category","embeddable":true,"href":"https:\/\/www.24gliwice.pl\/wiadomosci\/wp-json\/wp\/v2\/categories?post=188492"},{"taxonomy":"post_tag","embeddable":true,"href":"https:\/\/www.24gliwice.pl\/wiadomosci\/wp-json\/wp\/v2\/tags?post=188492"}],"curies":[{"name":"wp","href":"https:\/\/api.w.org\/{rel}","templated":true}]}}