{"id":188590,"date":"2022-03-17T13:28:18","date_gmt":"2022-03-17T12:28:18","guid":{"rendered":"https:\/\/www.24gliwice.pl\/wiadomosci\/?p=188590"},"modified":"2022-03-17T13:30:09","modified_gmt":"2022-03-17T12:30:09","slug":"wiosna-z-fryderykiem-wraca-do-palmiarni-pierwszy-koncert-juz-w-niedziele-sa-jeszcze-bilety","status":"publish","type":"post","link":"https:\/\/www.24gliwice.pl\/wiadomosci\/wiosna-z-fryderykiem-wraca-do-palmiarni-pierwszy-koncert-juz-w-niedziele-sa-jeszcze-bilety\/","title":{"rendered":"&#8220;Wiosna z Fryderykiem&#8221; wraca do Palmiarni. Pierwszy koncert ju\u017c w niedziel\u0119, s\u0105 jeszcze bilety"},"content":{"rendered":"<div class=\"gliwi-a6-nad-leadem-artykulow gliwi-entity-placement\" id=\"gliwi-1439854238\"><div class=\"gliwi-adlabel\"><span style=\"font-size: 9px\">REKLAMA<\/span><\/div><div id=\"gliwi-2486318266\" style=\"margin-bottom: 25px;margin-left: auto;margin-right: auto;text-align: center;\"><a data-no-instant=\"1\" href=\"https:\/\/dom100.eu\/\" rel=\"noopener\" class=\"a2t-link\" target=\"_blank\" aria-label=\"20260415 DOM100 D\"><img loading=\"lazy\" decoding=\"async\" src=\"https:\/\/www.24gliwice.pl\/wiadomosci\/wp-content\/uploads\/2026\/04\/20260415-DOM100-D.jpg\" alt=\"\"  srcset=\"https:\/\/www.24gliwice.pl\/wiadomosci\/wp-content\/uploads\/2026\/04\/20260415-DOM100-D.jpg 750w, https:\/\/www.24gliwice.pl\/wiadomosci\/wp-content\/uploads\/2026\/04\/20260415-DOM100-D-410x109.jpg 410w\" sizes=\"(max-width: 750px) 100vw, 750px\" class=\"no-lazyload\" width=\"750\" height=\"200\"  style=\"display: inline-block; max-width: 100%; height: auto;\" \/><\/a><\/div><\/div><h2>\u201eWiosna z Fryderykiem\u201d powraca w pi\u0119knym stylu. W gliwickiej Palmiarni wyst\u0105pi Piotr Alexevicz, jeden z najzdolniejszych polskich pianist\u00f3w m\u0142odego pokolenia.<\/h2>\n<p>&nbsp;<br \/>\nWydarzenie zaplanowano na najbli\u017csz\u0105 niedziel\u0119, 20 marca. Rozpocz\u0119cie koncertu o godzinie 19:30. <\/p>\n<p>Wieczory z Fryderykiem po przerwie z powodu pandemii wracaj\u0105 do Palmiarni Miejskiej w Gliwicach. I jest to powr\u00f3t w mo\u017cliwie najlepszym stylu. Zaproszenie na cztery koncerty tego niezwyk\u0142ego cyklu przyj\u0119li wyj\u0105tkowo zdolni m\u0142odzi arty\u015bci, kt\u00f3rzy doskonale zaprezentowali si\u0119 podczas XVIII Mi\u0119dzynarodowego Konkursu Pianistycznego im. Fryderyka Chopina w Warszawie. Obok utwor\u00f3w Chopina us\u0142yszymy tak\u017ce dzie\u0142a Bacha, Mozarta, Schumanna, Liszta, Rameau, Ravela i Liebermana. <\/p><div class=\"gliwi-a3-w-tresci-artykulow gliwi-entity-placement\" id=\"gliwi-1811139555\"><div class=\"gliwi-adlabel\"><span style=\"font-size: 9px\">REKLAMA<\/span><\/div><div id=\"gliwi-1055045286\" style=\"margin-bottom: 30px;margin-left: auto;margin-right: auto;text-align: center;\"><a data-no-instant=\"1\" href=\"https:\/\/ogrodyandersa.pl\/\" rel=\"noopener\" class=\"a2t-link\" target=\"_blank\" aria-label=\"20260415 Ogrody Andersa KUP TERAZ D\"><img loading=\"lazy\" decoding=\"async\" src=\"https:\/\/www.24gliwice.pl\/wiadomosci\/wp-content\/uploads\/2026\/04\/20260415-Ogrody-Andersa-KUP-TERAZ-D.jpg\" alt=\"\"  srcset=\"https:\/\/www.24gliwice.pl\/wiadomosci\/wp-content\/uploads\/2026\/04\/20260415-Ogrody-Andersa-KUP-TERAZ-D.jpg 750w, https:\/\/www.24gliwice.pl\/wiadomosci\/wp-content\/uploads\/2026\/04\/20260415-Ogrody-Andersa-KUP-TERAZ-D-410x109.jpg 410w\" sizes=\"(max-width: 750px) 100vw, 750px\" class=\"no-lazyload\" width=\"750\" height=\"200\"  style=\"display: inline-block; max-width: 100%; height: auto;\" \/><\/a><\/div><\/div>\n<h4>Muzyka zabrzmi w wyj\u0105tkowej scenerii \u2013 w najwi\u0119kszym pawilonie gliwickiej Palmiarni w\u015br\u00f3d zachwycaj\u0105cej, tropikalnej ro\u015blinno\u015bci.<\/h4>\n<p>Podczas pierwszej ods\u0142ony, w niedziel\u0119, 20 marca, o godzinie 19:30 z koncertem \u201eWalc. \u015awietno\u015b\u0107 salonu\u201d wyst\u0105pi <strong>Piotr Alexevicz<\/strong>, p\u00f3\u0142finalista XVIII Mi\u0119dzynarodowego Konkursu Chopinowskiego w Warszawie i laureat kilkunastu konkurs\u00f3w og\u00f3lnokrajowych oraz mi\u0119dzynarodowych. W 2019 r. ukaza\u0142a si\u0119 jego debiutancka p\u0142yta z utworami Liszta, Beethovena, Chopina i Ravela. <\/p>\n<p><a href=\"https:\/\/www.24gliwice.pl\/wiadomosci\/wp-content\/uploads\/2022\/03\/Wiosna-z-fryderykiem-plakat-zbiorczy-_1300x800-1-1200x600-1.jpg\"><img loading=\"lazy\" decoding=\"async\" src=\"https:\/\/www.24gliwice.pl\/wiadomosci\/wp-content\/uploads\/2022\/03\/Wiosna-z-fryderykiem-plakat-zbiorczy-_1300x800-1-1200x600-1.jpg\" alt=\"\" width=\"810\" height=\"405\" class=\"alignnone size-full wp-image-188593\" srcset=\"https:\/\/www.24gliwice.pl\/wiadomosci\/wp-content\/uploads\/2022\/03\/Wiosna-z-fryderykiem-plakat-zbiorczy-_1300x800-1-1200x600-1.jpg 810w, https:\/\/www.24gliwice.pl\/wiadomosci\/wp-content\/uploads\/2022\/03\/Wiosna-z-fryderykiem-plakat-zbiorczy-_1300x800-1-1200x600-1-410x205.jpg 410w, https:\/\/www.24gliwice.pl\/wiadomosci\/wp-content\/uploads\/2022\/03\/Wiosna-z-fryderykiem-plakat-zbiorczy-_1300x800-1-1200x600-1-768x384.jpg 768w\" sizes=\"auto, (max-width: 810px) 100vw, 810px\" \/><\/a><\/p>\n<p>Bilety do kupienia online &#8211; <a href=\"http:\/\/teatr.gliwice.pl\/wydarzenie\/wiosna-z-fryderykiem\/\" rel=\"noopener\" target=\"_blank\">kliknij TU<\/a> oraz stacjonarnie, w kasie Teatru i Kina Amok oraz w Palmiarni, na godzin\u0119 przed wydarzeniem. Organizatorem \u201eWiosny z Fryderykiem\u201d jest Centrum Kultury Victoria w Gliwicach. <\/p>\n<p>(\u017cms)\/UM Gliwice(mf)<br \/>\nfot. arch. 24gliwice.pl<\/p>\n<div class=\"gliwi-a5-na-koncu-artykulow gliwi-entity-placement\" id=\"gliwi-174162199\"><div class=\"gliwi-adlabel\"><span style=\"font-size: 9px\">REKLAMA<\/span><\/div><div id=\"gliwi-4184011986\" style=\"margin-left: auto;margin-right: auto;text-align: center;\"><a data-no-instant=\"1\" href=\"https:\/\/prezeroarenagliwice.pl\/\" rel=\"noopener\" class=\"a2t-link\" target=\"_blank\" aria-label=\"20260309-PREZERO-WIOSNA-D\"><img loading=\"lazy\" decoding=\"async\" src=\"https:\/\/www.24gliwice.pl\/wiadomosci\/wp-content\/uploads\/2026\/03\/20260309-PREZERO-WIOSNA-D.webp\" alt=\"\"  srcset=\"https:\/\/www.24gliwice.pl\/wiadomosci\/wp-content\/uploads\/2026\/03\/20260309-PREZERO-WIOSNA-D.webp 750w, https:\/\/www.24gliwice.pl\/wiadomosci\/wp-content\/uploads\/2026\/03\/20260309-PREZERO-WIOSNA-D-410x109.webp 410w\" sizes=\"(max-width: 750px) 100vw, 750px\" class=\"no-lazyload\" width=\"750\" height=\"200\"  style=\"display: inline-block; max-width: 100%; height: auto;\" \/><\/a><\/div><\/div>","protected":false},"excerpt":{"rendered":"<p>\u201eWiosna z Fryderykiem\u201d powraca w pi\u0119knym stylu. W gliwickiej Palmiarni wyst\u0105pi Piotr Alexevicz, jeden z najzdolniejszych polskich pianist\u00f3w m\u0142odego pokolenia. &nbsp; Wydarzenie zaplanowano na najbli\u017csz\u0105 niedziel\u0119, 20 marca. Rozpocz\u0119cie koncertu o godzinie 19:30. Wieczory z Fryderykiem po przerwie z powodu pandemii wracaj\u0105 do Palmiarni Miejskiej w Gliwicach. I jest to powr\u00f3t w mo\u017cliwie najlepszym stylu. [&hellip;]<\/p>\n","protected":false},"author":15,"featured_media":100881,"comment_status":"open","ping_status":"closed","sticky":false,"template":"","format":"standard","meta":{"_monsterinsights_skip_tracking":false,"_monsterinsights_sitenote_active":false,"_monsterinsights_sitenote_note":"","_monsterinsights_sitenote_category":0,"footnotes":"","_links_to":"","_links_to_target":""},"categories":[3,6,1],"tags":[10017,11546],"class_list":["post-188590","post","type-post","status-publish","format-standard","has-post-thumbnail","hentry","category-gliwice","category-kultura","category-wszystko","tag-palmiarnia-miejska","tag-wiosna-z-fryderykiem"],"yoast_head":"<!-- This site is optimized with the Yoast SEO plugin v27.4 - https:\/\/yoast.com\/product\/yoast-seo-wordpress\/ -->\n<title>&quot;Wiosna z Fryderykiem&quot; wraca do Palmiarni. Pierwszy koncert ju\u017c w niedziel\u0119, s\u0105 jeszcze bilety - 24GLIWICE - Portal Gliwice | codziennie nowe informacje<\/title>\n<meta name=\"description\" content=\"Po przerwie zwi\u0105zanej z pandemi\u0105 do gliwickiej palmiarni miejskiej wraca cykl koncert\u00f3w pn. &quot;Wiosna z Fryderykiem&quot;\" \/>\n<meta name=\"robots\" content=\"index, follow, max-snippet:-1, max-image-preview:large, max-video-preview:-1\" \/>\n<link rel=\"canonical\" href=\"https:\/\/www.24gliwice.pl\/wiadomosci\/wiosna-z-fryderykiem-wraca-do-palmiarni-pierwszy-koncert-juz-w-niedziele-sa-jeszcze-bilety\/\" \/>\n<meta property=\"og:locale\" content=\"pl_PL\" \/>\n<meta property=\"og:type\" content=\"article\" \/>\n<meta property=\"og:title\" content=\"&quot;Wiosna z Fryderykiem&quot; wraca do Palmiarni. Pierwszy koncert ju\u017c w niedziel\u0119, s\u0105 jeszcze bilety - 24GLIWICE - Portal Gliwice | codziennie nowe informacje\" \/>\n<meta property=\"og:description\" content=\"Po przerwie zwi\u0105zanej z pandemi\u0105 do gliwickiej palmiarni miejskiej wraca cykl koncert\u00f3w pn. &quot;Wiosna z Fryderykiem&quot;\" \/>\n<meta property=\"og:url\" content=\"https:\/\/www.24gliwice.pl\/wiadomosci\/wiosna-z-fryderykiem-wraca-do-palmiarni-pierwszy-koncert-juz-w-niedziele-sa-jeszcze-bilety\/\" \/>\n<meta property=\"og:site_name\" content=\"24GLIWICE - Portal Gliwice | codziennie nowe informacje\" \/>\n<meta property=\"article:publisher\" content=\"https:\/\/www.facebook.com\/24gliwice\" \/>\n<meta property=\"article:published_time\" content=\"2022-03-17T12:28:18+00:00\" \/>\n<meta property=\"article:modified_time\" content=\"2022-03-17T12:30:09+00:00\" \/>\n<meta property=\"og:image\" content=\"https:\/\/www.24gliwice.pl\/wiadomosci\/wp-content\/uploads\/2017\/06\/palmiarnia-e1498640645994.jpg\" \/>\n\t<meta property=\"og:image:width\" content=\"810\" \/>\n\t<meta property=\"og:image:height\" content=\"456\" \/>\n\t<meta property=\"og:image:type\" content=\"image\/jpeg\" \/>\n<meta name=\"author\" content=\"\u017baneta Mrozek-Siewierska\" \/>\n<meta name=\"twitter:card\" content=\"summary_large_image\" \/>\n<meta name=\"twitter:creator\" content=\"@24gliwice\" \/>\n<meta name=\"twitter:site\" content=\"@24gliwice\" \/>\n<meta name=\"twitter:label1\" content=\"Napisane przez\" \/>\n\t<meta name=\"twitter:data1\" content=\"\u017baneta Mrozek-Siewierska\" \/>\n\t<meta name=\"twitter:label2\" content=\"Szacowany czas czytania\" \/>\n\t<meta name=\"twitter:data2\" content=\"1 minuta\" \/>\n<script type=\"application\/ld+json\" class=\"yoast-schema-graph\">{\"@context\":\"https:\\\/\\\/schema.org\",\"@graph\":[{\"@type\":\"Article\",\"@id\":\"https:\\\/\\\/www.24gliwice.pl\\\/wiadomosci\\\/wiosna-z-fryderykiem-wraca-do-palmiarni-pierwszy-koncert-juz-w-niedziele-sa-jeszcze-bilety\\\/#article\",\"isPartOf\":{\"@id\":\"https:\\\/\\\/www.24gliwice.pl\\\/wiadomosci\\\/wiosna-z-fryderykiem-wraca-do-palmiarni-pierwszy-koncert-juz-w-niedziele-sa-jeszcze-bilety\\\/\"},\"author\":{\"name\":\"\u017baneta Mrozek-Siewierska\",\"@id\":\"https:\\\/\\\/www.24gliwice.pl\\\/wiadomosci\\\/#\\\/schema\\\/person\\\/e42c650edd7f2fa332be3811fb166b6e\"},\"headline\":\"&#8220;Wiosna z Fryderykiem&#8221; wraca do Palmiarni. Pierwszy koncert ju\u017c w niedziel\u0119, s\u0105 jeszcze bilety\",\"datePublished\":\"2022-03-17T12:28:18+00:00\",\"dateModified\":\"2022-03-17T12:30:09+00:00\",\"mainEntityOfPage\":{\"@id\":\"https:\\\/\\\/www.24gliwice.pl\\\/wiadomosci\\\/wiosna-z-fryderykiem-wraca-do-palmiarni-pierwszy-koncert-juz-w-niedziele-sa-jeszcze-bilety\\\/\"},\"wordCount\":240,\"commentCount\":0,\"publisher\":{\"@id\":\"https:\\\/\\\/www.24gliwice.pl\\\/wiadomosci\\\/#organization\"},\"image\":{\"@id\":\"https:\\\/\\\/www.24gliwice.pl\\\/wiadomosci\\\/wiosna-z-fryderykiem-wraca-do-palmiarni-pierwszy-koncert-juz-w-niedziele-sa-jeszcze-bilety\\\/#primaryimage\"},\"thumbnailUrl\":\"https:\\\/\\\/www.24gliwice.pl\\\/wiadomosci\\\/wp-content\\\/uploads\\\/2017\\\/06\\\/palmiarnia-e1498640645994.jpg\",\"keywords\":[\"PALMIARNIA MIEJSKA\",\"wiosna z Fryderykiem\"],\"articleSection\":[\"Gliwice\",\"Kultura, wydarzenia, imprezy\",\"Najnowsze wiadomo\u015bci\"],\"inLanguage\":\"pl-PL\",\"potentialAction\":[{\"@type\":\"CommentAction\",\"name\":\"Comment\",\"target\":[\"https:\\\/\\\/www.24gliwice.pl\\\/wiadomosci\\\/wiosna-z-fryderykiem-wraca-do-palmiarni-pierwszy-koncert-juz-w-niedziele-sa-jeszcze-bilety\\\/#respond\"]}]},{\"@type\":\"WebPage\",\"@id\":\"https:\\\/\\\/www.24gliwice.pl\\\/wiadomosci\\\/wiosna-z-fryderykiem-wraca-do-palmiarni-pierwszy-koncert-juz-w-niedziele-sa-jeszcze-bilety\\\/\",\"url\":\"https:\\\/\\\/www.24gliwice.pl\\\/wiadomosci\\\/wiosna-z-fryderykiem-wraca-do-palmiarni-pierwszy-koncert-juz-w-niedziele-sa-jeszcze-bilety\\\/\",\"name\":\"\\\"Wiosna z Fryderykiem\\\" wraca do Palmiarni. Pierwszy koncert ju\u017c w niedziel\u0119, s\u0105 jeszcze bilety - 24GLIWICE - Portal Gliwice | codziennie nowe informacje\",\"isPartOf\":{\"@id\":\"https:\\\/\\\/www.24gliwice.pl\\\/wiadomosci\\\/#website\"},\"primaryImageOfPage\":{\"@id\":\"https:\\\/\\\/www.24gliwice.pl\\\/wiadomosci\\\/wiosna-z-fryderykiem-wraca-do-palmiarni-pierwszy-koncert-juz-w-niedziele-sa-jeszcze-bilety\\\/#primaryimage\"},\"image\":{\"@id\":\"https:\\\/\\\/www.24gliwice.pl\\\/wiadomosci\\\/wiosna-z-fryderykiem-wraca-do-palmiarni-pierwszy-koncert-juz-w-niedziele-sa-jeszcze-bilety\\\/#primaryimage\"},\"thumbnailUrl\":\"https:\\\/\\\/www.24gliwice.pl\\\/wiadomosci\\\/wp-content\\\/uploads\\\/2017\\\/06\\\/palmiarnia-e1498640645994.jpg\",\"datePublished\":\"2022-03-17T12:28:18+00:00\",\"dateModified\":\"2022-03-17T12:30:09+00:00\",\"description\":\"Po przerwie zwi\u0105zanej z pandemi\u0105 do gliwickiej palmiarni miejskiej wraca cykl koncert\u00f3w pn. \\\"Wiosna z Fryderykiem\\\"\",\"breadcrumb\":{\"@id\":\"https:\\\/\\\/www.24gliwice.pl\\\/wiadomosci\\\/wiosna-z-fryderykiem-wraca-do-palmiarni-pierwszy-koncert-juz-w-niedziele-sa-jeszcze-bilety\\\/#breadcrumb\"},\"inLanguage\":\"pl-PL\",\"potentialAction\":[{\"@type\":\"ReadAction\",\"target\":[\"https:\\\/\\\/www.24gliwice.pl\\\/wiadomosci\\\/wiosna-z-fryderykiem-wraca-do-palmiarni-pierwszy-koncert-juz-w-niedziele-sa-jeszcze-bilety\\\/\"]}]},{\"@type\":\"ImageObject\",\"inLanguage\":\"pl-PL\",\"@id\":\"https:\\\/\\\/www.24gliwice.pl\\\/wiadomosci\\\/wiosna-z-fryderykiem-wraca-do-palmiarni-pierwszy-koncert-juz-w-niedziele-sa-jeszcze-bilety\\\/#primaryimage\",\"url\":\"https:\\\/\\\/www.24gliwice.pl\\\/wiadomosci\\\/wp-content\\\/uploads\\\/2017\\\/06\\\/palmiarnia-e1498640645994.jpg\",\"contentUrl\":\"https:\\\/\\\/www.24gliwice.pl\\\/wiadomosci\\\/wp-content\\\/uploads\\\/2017\\\/06\\\/palmiarnia-e1498640645994.jpg\",\"width\":810,\"height\":456},{\"@type\":\"BreadcrumbList\",\"@id\":\"https:\\\/\\\/www.24gliwice.pl\\\/wiadomosci\\\/wiosna-z-fryderykiem-wraca-do-palmiarni-pierwszy-koncert-juz-w-niedziele-sa-jeszcze-bilety\\\/#breadcrumb\",\"itemListElement\":[{\"@type\":\"ListItem\",\"position\":1,\"name\":\"Strona g\u0142\u00f3wna\",\"item\":\"https:\\\/\\\/www.24gliwice.pl\\\/wiadomosci\\\/\"},{\"@type\":\"ListItem\",\"position\":2,\"name\":\"&#8222;Wiosna z Fryderykiem&#8221; wraca do Palmiarni. Pierwszy koncert ju\u017c w niedziel\u0119, s\u0105 jeszcze bilety\"}]},{\"@type\":\"WebSite\",\"@id\":\"https:\\\/\\\/www.24gliwice.pl\\\/wiadomosci\\\/#website\",\"url\":\"https:\\\/\\\/www.24gliwice.pl\\\/wiadomosci\\\/\",\"name\":\"24GLIWICE - Portal Gliwice | codziennie nowe wiadomo\u015bci\",\"description\":\"Portal Miejski Gliwice\",\"publisher\":{\"@id\":\"https:\\\/\\\/www.24gliwice.pl\\\/wiadomosci\\\/#organization\"},\"potentialAction\":[{\"@type\":\"SearchAction\",\"target\":{\"@type\":\"EntryPoint\",\"urlTemplate\":\"https:\\\/\\\/www.24gliwice.pl\\\/wiadomosci\\\/?s={search_term_string}\"},\"query-input\":{\"@type\":\"PropertyValueSpecification\",\"valueRequired\":true,\"valueName\":\"search_term_string\"}}],\"inLanguage\":\"pl-PL\"},{\"@type\":\"Organization\",\"@id\":\"https:\\\/\\\/www.24gliwice.pl\\\/wiadomosci\\\/#organization\",\"name\":\"24gliwice\",\"url\":\"https:\\\/\\\/www.24gliwice.pl\\\/wiadomosci\\\/\",\"logo\":{\"@type\":\"ImageObject\",\"inLanguage\":\"pl-PL\",\"@id\":\"https:\\\/\\\/www.24gliwice.pl\\\/wiadomosci\\\/#\\\/schema\\\/logo\\\/image\\\/\",\"url\":\"https:\\\/\\\/www.24gliwice.pl\\\/wiadomosci\\\/wp-content\\\/uploads\\\/2024\\\/10\\\/24gliwice-logo-696.jpg\",\"contentUrl\":\"https:\\\/\\\/www.24gliwice.pl\\\/wiadomosci\\\/wp-content\\\/uploads\\\/2024\\\/10\\\/24gliwice-logo-696.jpg\",\"width\":696,\"height\":696,\"caption\":\"24gliwice\"},\"image\":{\"@id\":\"https:\\\/\\\/www.24gliwice.pl\\\/wiadomosci\\\/#\\\/schema\\\/logo\\\/image\\\/\"},\"sameAs\":[\"https:\\\/\\\/www.facebook.com\\\/24gliwice\",\"https:\\\/\\\/x.com\\\/24gliwice\",\"https:\\\/\\\/www.youtube.com\\\/@24gliwice\"]},{\"@type\":\"Person\",\"@id\":\"https:\\\/\\\/www.24gliwice.pl\\\/wiadomosci\\\/#\\\/schema\\\/person\\\/e42c650edd7f2fa332be3811fb166b6e\",\"name\":\"\u017baneta Mrozek-Siewierska\",\"image\":{\"@type\":\"ImageObject\",\"inLanguage\":\"pl-PL\",\"@id\":\"https:\\\/\\\/www.24gliwice.pl\\\/wiadomosci\\\/wp-content\\\/uploads\\\/2021\\\/11\\\/Zaneta-M_S-zdjecie-czb-96x96.jpg\",\"url\":\"https:\\\/\\\/www.24gliwice.pl\\\/wiadomosci\\\/wp-content\\\/uploads\\\/2021\\\/11\\\/Zaneta-M_S-zdjecie-czb-96x96.jpg\",\"contentUrl\":\"https:\\\/\\\/www.24gliwice.pl\\\/wiadomosci\\\/wp-content\\\/uploads\\\/2021\\\/11\\\/Zaneta-M_S-zdjecie-czb-96x96.jpg\",\"caption\":\"\u017baneta Mrozek-Siewierska\"},\"url\":\"https:\\\/\\\/www.24gliwice.pl\\\/wiadomosci\\\/author\\\/zms\\\/\"}]}<\/script>\n<!-- \/ Yoast SEO plugin. -->","yoast_head_json":{"title":"\"Wiosna z Fryderykiem\" wraca do Palmiarni. Pierwszy koncert ju\u017c w niedziel\u0119, s\u0105 jeszcze bilety - 24GLIWICE - Portal Gliwice | codziennie nowe informacje","description":"Po przerwie zwi\u0105zanej z pandemi\u0105 do gliwickiej palmiarni miejskiej wraca cykl koncert\u00f3w pn. \"Wiosna z Fryderykiem\"","robots":{"index":"index","follow":"follow","max-snippet":"max-snippet:-1","max-image-preview":"max-image-preview:large","max-video-preview":"max-video-preview:-1"},"canonical":"https:\/\/www.24gliwice.pl\/wiadomosci\/wiosna-z-fryderykiem-wraca-do-palmiarni-pierwszy-koncert-juz-w-niedziele-sa-jeszcze-bilety\/","og_locale":"pl_PL","og_type":"article","og_title":"\"Wiosna z Fryderykiem\" wraca do Palmiarni. Pierwszy koncert ju\u017c w niedziel\u0119, s\u0105 jeszcze bilety - 24GLIWICE - Portal Gliwice | codziennie nowe informacje","og_description":"Po przerwie zwi\u0105zanej z pandemi\u0105 do gliwickiej palmiarni miejskiej wraca cykl koncert\u00f3w pn. \"Wiosna z Fryderykiem\"","og_url":"https:\/\/www.24gliwice.pl\/wiadomosci\/wiosna-z-fryderykiem-wraca-do-palmiarni-pierwszy-koncert-juz-w-niedziele-sa-jeszcze-bilety\/","og_site_name":"24GLIWICE - Portal Gliwice | codziennie nowe informacje","article_publisher":"https:\/\/www.facebook.com\/24gliwice","article_published_time":"2022-03-17T12:28:18+00:00","article_modified_time":"2022-03-17T12:30:09+00:00","og_image":[{"width":810,"height":456,"url":"https:\/\/www.24gliwice.pl\/wiadomosci\/wp-content\/uploads\/2017\/06\/palmiarnia-e1498640645994.jpg","type":"image\/jpeg"}],"author":"\u017baneta Mrozek-Siewierska","twitter_card":"summary_large_image","twitter_creator":"@24gliwice","twitter_site":"@24gliwice","twitter_misc":{"Napisane przez":"\u017baneta Mrozek-Siewierska","Szacowany czas czytania":"1 minuta"},"schema":{"@context":"https:\/\/schema.org","@graph":[{"@type":"Article","@id":"https:\/\/www.24gliwice.pl\/wiadomosci\/wiosna-z-fryderykiem-wraca-do-palmiarni-pierwszy-koncert-juz-w-niedziele-sa-jeszcze-bilety\/#article","isPartOf":{"@id":"https:\/\/www.24gliwice.pl\/wiadomosci\/wiosna-z-fryderykiem-wraca-do-palmiarni-pierwszy-koncert-juz-w-niedziele-sa-jeszcze-bilety\/"},"author":{"name":"\u017baneta Mrozek-Siewierska","@id":"https:\/\/www.24gliwice.pl\/wiadomosci\/#\/schema\/person\/e42c650edd7f2fa332be3811fb166b6e"},"headline":"&#8220;Wiosna z Fryderykiem&#8221; wraca do Palmiarni. Pierwszy koncert ju\u017c w niedziel\u0119, s\u0105 jeszcze bilety","datePublished":"2022-03-17T12:28:18+00:00","dateModified":"2022-03-17T12:30:09+00:00","mainEntityOfPage":{"@id":"https:\/\/www.24gliwice.pl\/wiadomosci\/wiosna-z-fryderykiem-wraca-do-palmiarni-pierwszy-koncert-juz-w-niedziele-sa-jeszcze-bilety\/"},"wordCount":240,"commentCount":0,"publisher":{"@id":"https:\/\/www.24gliwice.pl\/wiadomosci\/#organization"},"image":{"@id":"https:\/\/www.24gliwice.pl\/wiadomosci\/wiosna-z-fryderykiem-wraca-do-palmiarni-pierwszy-koncert-juz-w-niedziele-sa-jeszcze-bilety\/#primaryimage"},"thumbnailUrl":"https:\/\/www.24gliwice.pl\/wiadomosci\/wp-content\/uploads\/2017\/06\/palmiarnia-e1498640645994.jpg","keywords":["PALMIARNIA MIEJSKA","wiosna z Fryderykiem"],"articleSection":["Gliwice","Kultura, wydarzenia, imprezy","Najnowsze wiadomo\u015bci"],"inLanguage":"pl-PL","potentialAction":[{"@type":"CommentAction","name":"Comment","target":["https:\/\/www.24gliwice.pl\/wiadomosci\/wiosna-z-fryderykiem-wraca-do-palmiarni-pierwszy-koncert-juz-w-niedziele-sa-jeszcze-bilety\/#respond"]}]},{"@type":"WebPage","@id":"https:\/\/www.24gliwice.pl\/wiadomosci\/wiosna-z-fryderykiem-wraca-do-palmiarni-pierwszy-koncert-juz-w-niedziele-sa-jeszcze-bilety\/","url":"https:\/\/www.24gliwice.pl\/wiadomosci\/wiosna-z-fryderykiem-wraca-do-palmiarni-pierwszy-koncert-juz-w-niedziele-sa-jeszcze-bilety\/","name":"\"Wiosna z Fryderykiem\" wraca do Palmiarni. Pierwszy koncert ju\u017c w niedziel\u0119, s\u0105 jeszcze bilety - 24GLIWICE - Portal Gliwice | codziennie nowe informacje","isPartOf":{"@id":"https:\/\/www.24gliwice.pl\/wiadomosci\/#website"},"primaryImageOfPage":{"@id":"https:\/\/www.24gliwice.pl\/wiadomosci\/wiosna-z-fryderykiem-wraca-do-palmiarni-pierwszy-koncert-juz-w-niedziele-sa-jeszcze-bilety\/#primaryimage"},"image":{"@id":"https:\/\/www.24gliwice.pl\/wiadomosci\/wiosna-z-fryderykiem-wraca-do-palmiarni-pierwszy-koncert-juz-w-niedziele-sa-jeszcze-bilety\/#primaryimage"},"thumbnailUrl":"https:\/\/www.24gliwice.pl\/wiadomosci\/wp-content\/uploads\/2017\/06\/palmiarnia-e1498640645994.jpg","datePublished":"2022-03-17T12:28:18+00:00","dateModified":"2022-03-17T12:30:09+00:00","description":"Po przerwie zwi\u0105zanej z pandemi\u0105 do gliwickiej palmiarni miejskiej wraca cykl koncert\u00f3w pn. \"Wiosna z Fryderykiem\"","breadcrumb":{"@id":"https:\/\/www.24gliwice.pl\/wiadomosci\/wiosna-z-fryderykiem-wraca-do-palmiarni-pierwszy-koncert-juz-w-niedziele-sa-jeszcze-bilety\/#breadcrumb"},"inLanguage":"pl-PL","potentialAction":[{"@type":"ReadAction","target":["https:\/\/www.24gliwice.pl\/wiadomosci\/wiosna-z-fryderykiem-wraca-do-palmiarni-pierwszy-koncert-juz-w-niedziele-sa-jeszcze-bilety\/"]}]},{"@type":"ImageObject","inLanguage":"pl-PL","@id":"https:\/\/www.24gliwice.pl\/wiadomosci\/wiosna-z-fryderykiem-wraca-do-palmiarni-pierwszy-koncert-juz-w-niedziele-sa-jeszcze-bilety\/#primaryimage","url":"https:\/\/www.24gliwice.pl\/wiadomosci\/wp-content\/uploads\/2017\/06\/palmiarnia-e1498640645994.jpg","contentUrl":"https:\/\/www.24gliwice.pl\/wiadomosci\/wp-content\/uploads\/2017\/06\/palmiarnia-e1498640645994.jpg","width":810,"height":456},{"@type":"BreadcrumbList","@id":"https:\/\/www.24gliwice.pl\/wiadomosci\/wiosna-z-fryderykiem-wraca-do-palmiarni-pierwszy-koncert-juz-w-niedziele-sa-jeszcze-bilety\/#breadcrumb","itemListElement":[{"@type":"ListItem","position":1,"name":"Strona g\u0142\u00f3wna","item":"https:\/\/www.24gliwice.pl\/wiadomosci\/"},{"@type":"ListItem","position":2,"name":"&#8222;Wiosna z Fryderykiem&#8221; wraca do Palmiarni. Pierwszy koncert ju\u017c w niedziel\u0119, s\u0105 jeszcze bilety"}]},{"@type":"WebSite","@id":"https:\/\/www.24gliwice.pl\/wiadomosci\/#website","url":"https:\/\/www.24gliwice.pl\/wiadomosci\/","name":"24GLIWICE - Portal Gliwice | codziennie nowe wiadomo\u015bci","description":"Portal Miejski Gliwice","publisher":{"@id":"https:\/\/www.24gliwice.pl\/wiadomosci\/#organization"},"potentialAction":[{"@type":"SearchAction","target":{"@type":"EntryPoint","urlTemplate":"https:\/\/www.24gliwice.pl\/wiadomosci\/?s={search_term_string}"},"query-input":{"@type":"PropertyValueSpecification","valueRequired":true,"valueName":"search_term_string"}}],"inLanguage":"pl-PL"},{"@type":"Organization","@id":"https:\/\/www.24gliwice.pl\/wiadomosci\/#organization","name":"24gliwice","url":"https:\/\/www.24gliwice.pl\/wiadomosci\/","logo":{"@type":"ImageObject","inLanguage":"pl-PL","@id":"https:\/\/www.24gliwice.pl\/wiadomosci\/#\/schema\/logo\/image\/","url":"https:\/\/www.24gliwice.pl\/wiadomosci\/wp-content\/uploads\/2024\/10\/24gliwice-logo-696.jpg","contentUrl":"https:\/\/www.24gliwice.pl\/wiadomosci\/wp-content\/uploads\/2024\/10\/24gliwice-logo-696.jpg","width":696,"height":696,"caption":"24gliwice"},"image":{"@id":"https:\/\/www.24gliwice.pl\/wiadomosci\/#\/schema\/logo\/image\/"},"sameAs":["https:\/\/www.facebook.com\/24gliwice","https:\/\/x.com\/24gliwice","https:\/\/www.youtube.com\/@24gliwice"]},{"@type":"Person","@id":"https:\/\/www.24gliwice.pl\/wiadomosci\/#\/schema\/person\/e42c650edd7f2fa332be3811fb166b6e","name":"\u017baneta Mrozek-Siewierska","image":{"@type":"ImageObject","inLanguage":"pl-PL","@id":"https:\/\/www.24gliwice.pl\/wiadomosci\/wp-content\/uploads\/2021\/11\/Zaneta-M_S-zdjecie-czb-96x96.jpg","url":"https:\/\/www.24gliwice.pl\/wiadomosci\/wp-content\/uploads\/2021\/11\/Zaneta-M_S-zdjecie-czb-96x96.jpg","contentUrl":"https:\/\/www.24gliwice.pl\/wiadomosci\/wp-content\/uploads\/2021\/11\/Zaneta-M_S-zdjecie-czb-96x96.jpg","caption":"\u017baneta Mrozek-Siewierska"},"url":"https:\/\/www.24gliwice.pl\/wiadomosci\/author\/zms\/"}]}},"_links":{"self":[{"href":"https:\/\/www.24gliwice.pl\/wiadomosci\/wp-json\/wp\/v2\/posts\/188590","targetHints":{"allow":["GET"]}}],"collection":[{"href":"https:\/\/www.24gliwice.pl\/wiadomosci\/wp-json\/wp\/v2\/posts"}],"about":[{"href":"https:\/\/www.24gliwice.pl\/wiadomosci\/wp-json\/wp\/v2\/types\/post"}],"author":[{"embeddable":true,"href":"https:\/\/www.24gliwice.pl\/wiadomosci\/wp-json\/wp\/v2\/users\/15"}],"replies":[{"embeddable":true,"href":"https:\/\/www.24gliwice.pl\/wiadomosci\/wp-json\/wp\/v2\/comments?post=188590"}],"version-history":[{"count":5,"href":"https:\/\/www.24gliwice.pl\/wiadomosci\/wp-json\/wp\/v2\/posts\/188590\/revisions"}],"predecessor-version":[{"id":188615,"href":"https:\/\/www.24gliwice.pl\/wiadomosci\/wp-json\/wp\/v2\/posts\/188590\/revisions\/188615"}],"wp:featuredmedia":[{"embeddable":true,"href":"https:\/\/www.24gliwice.pl\/wiadomosci\/wp-json\/wp\/v2\/media\/100881"}],"wp:attachment":[{"href":"https:\/\/www.24gliwice.pl\/wiadomosci\/wp-json\/wp\/v2\/media?parent=188590"}],"wp:term":[{"taxonomy":"category","embeddable":true,"href":"https:\/\/www.24gliwice.pl\/wiadomosci\/wp-json\/wp\/v2\/categories?post=188590"},{"taxonomy":"post_tag","embeddable":true,"href":"https:\/\/www.24gliwice.pl\/wiadomosci\/wp-json\/wp\/v2\/tags?post=188590"}],"curies":[{"name":"wp","href":"https:\/\/api.w.org\/{rel}","templated":true}]}}