{"id":188689,"date":"2022-03-18T17:24:51","date_gmt":"2022-03-18T16:24:51","guid":{"rendered":"https:\/\/www.24gliwice.pl\/wiadomosci\/?p=188689"},"modified":"2022-03-18T17:24:51","modified_gmt":"2022-03-18T16:24:51","slug":"trzykrotnie-nominowany-do-oscara-animowany-dokument-i-polski-film-familijny-co-jeszcze-w-kinie-amok","status":"publish","type":"post","link":"https:\/\/www.24gliwice.pl\/wiadomosci\/trzykrotnie-nominowany-do-oscara-animowany-dokument-i-polski-film-familijny-co-jeszcze-w-kinie-amok\/","title":{"rendered":"Trzykrotnie nominowany do Oscara animowany dokument i polski film familijny. Co jeszcze w kinie Amok?"},"content":{"rendered":"<div class=\"gliwi-a6-nad-leadem-artykulow gliwi-entity-placement\" id=\"gliwi-1393231751\"><div class=\"gliwi-adlabel\"><span style=\"font-size: 9px\">REKLAMA<\/span><\/div><div id=\"gliwi-592659420\" style=\"margin-bottom: 25px;margin-left: auto;margin-right: auto;text-align: center;\"><a data-no-instant=\"1\" href=\"https:\/\/dom100.eu\/\" rel=\"noopener\" class=\"a2t-link\" target=\"_blank\" aria-label=\"20260415 DOM100 D\"><img loading=\"lazy\" decoding=\"async\" src=\"https:\/\/www.24gliwice.pl\/wiadomosci\/wp-content\/uploads\/2026\/04\/20260415-DOM100-D.jpg\" alt=\"\"  srcset=\"https:\/\/www.24gliwice.pl\/wiadomosci\/wp-content\/uploads\/2026\/04\/20260415-DOM100-D.jpg 750w, https:\/\/www.24gliwice.pl\/wiadomosci\/wp-content\/uploads\/2026\/04\/20260415-DOM100-D-410x109.jpg 410w\" sizes=\"(max-width: 750px) 100vw, 750px\" class=\"no-lazyload\" width=\"750\" height=\"200\"  style=\"display: inline-block; max-width: 100%; height: auto;\" \/><\/a><\/div><\/div><h2>Na ekranie kina Amok w ten weekend i w przysz\u0142ym tygodniu mo\u017cemy ogl\u0105da\u0107 dwie nowo\u015bci &#8211; animowany dokument &#8220;Prze\u017cy\u0107&#8221; oraz polski film familijny &#8220;Za du\u017cy na bajki&#8221;. Znajdziemy tu tak\u017ce kilka innych, ciekawych propozycji.<\/h2>\n<p>&nbsp;<br \/>\nPierwsza z pi\u0105tkowych premier to poruszaj\u0105ca historia nastolatka uciekaj\u0105cego z matk\u0105 i rodze\u0144stwem z ogarni\u0119tego wojn\u0105 Afganistanu do Europy. To tak\u017ce intymna opowie\u015b\u0107 o dorastaniu i odkrywaniu swojej seksualno\u015bci. <\/p>\n<p><iframe loading=\"lazy\" width=\"810\" height=\"455\" src=\"https:\/\/www.youtube.com\/embed\/wlFdhhNnkjM\" title=\"YouTube video player\" frameborder=\"0\" allow=\"accelerometer; autoplay; clipboard-write; encrypted-media; gyroscope; picture-in-picture\" allowfullscreen><\/iframe><\/p>\n<p>W \u017cyciu Amina dominuje poczucie straty i to na wielu poziomach. Bohater musia\u0142 brutalnie wkroczy\u0107 w doros\u0142o\u015b\u0107 i przez ponad 20 lat t\u0142umi\u0142 w sobie traumatyczne do\u015bwiadczenia. Dzi\u015b, jako niespe\u0142na czterdziestolatek, odnosi sukcesy jako naukowiec i planuje \u015blub ze swoim d\u0142ugoletnim partnerem.<\/p><div class=\"gliwi-a3-w-tresci-artykulow gliwi-entity-placement\" id=\"gliwi-1525970572\"><div class=\"gliwi-adlabel\"><span style=\"font-size: 9px\">REKLAMA<\/span><\/div><div id=\"gliwi-2929638821\" style=\"margin-bottom: 30px;margin-left: auto;margin-right: auto;text-align: center;\"><a data-no-instant=\"1\" href=\"https:\/\/zlobek.halogen.org.pl\/\" rel=\"noopener\" class=\"a2t-link\" target=\"_blank\" aria-label=\"animator-zlobek_750x200\"><img loading=\"lazy\" decoding=\"async\" src=\"https:\/\/www.24gliwice.pl\/wiadomosci\/wp-content\/uploads\/2026\/02\/animator-zlobek_750x200.webp\" alt=\"\"  srcset=\"https:\/\/www.24gliwice.pl\/wiadomosci\/wp-content\/uploads\/2026\/02\/animator-zlobek_750x200.webp 750w, https:\/\/www.24gliwice.pl\/wiadomosci\/wp-content\/uploads\/2026\/02\/animator-zlobek_750x200-410x109.webp 410w\" sizes=\"(max-width: 750px) 100vw, 750px\" class=\"no-lazyload\" width=\"750\" height=\"200\"  style=\"display: inline-block; max-width: 100%; height: auto;\" \/><\/a><\/div><\/div>\n<p>Wielka Nagroda Jury w Konkursie Mi\u0119dzynarodowym festiwalu w Sundance. 3 nominacje do Oscara za najlepszy film dokumentalny, najlepszy film mi\u0119dzynarodowy oraz najlepszy pe\u0142nometra\u017cowy film animowany. <\/p>\n<p>W repertuarze na najbli\u017csze dni &#8211; mi\u0119dzy 18 a 23 marca zawsze o 20:00 w ma\u0142ej sali kina Amok. <\/p>\n<h4>Za du\u017cy na bajki<\/h4>\n<p>W filmie polskiej produkcji, w re\u017c. K<strong>ristoffera Rusa<\/strong>, wyst\u0105pi\u0142o kilku znanych aktor\u00f3w &#8211; m.in. <strong>Karolina Gruszka, Dorota Kolak, Andrzej Grabowski, Maciej Kara\u015b, Patryk Siemek, Amelia Fija\u0142kowska.<\/strong><\/p>\n<p>W \u017cyciu Waldka, wype\u0142nionym g\u0142\u00f3wnie grami komputerowymi, nast\u0119puje prawdziwe trz\u0119sienie ziemi. Na czas nieobecno\u015bci mamy zostaje pod opiek\u0105 szalonej i nieprzewidywalnej ciotki, kt\u00f3ra wprowadza, obc\u0105 mu jak dot\u0105d, dyscyplin\u0119 i narzuca nowe obowi\u0105zki. Ale cho\u0107 nietuzinkowa krewna funduje Waldkowi prawdziwy ob\u00f3z przetrwania, ch\u0142opak otrzymuje od niej przy okazji najcenniejsz\u0105 lekcj\u0119 \u017cycia.<\/p>\n<p><iframe loading=\"lazy\" width=\"810\" height=\"455\" src=\"https:\/\/www.youtube.com\/embed\/ve0sw9AIK8o\" title=\"YouTube video player\" frameborder=\"0\" allow=\"accelerometer; autoplay; clipboard-write; encrypted-media; gyroscope; picture-in-picture\" allowfullscreen><\/iframe><\/p>\n<p>Scenariusz filmu zosta\u0142 oparty na ksi\u0105\u017cce o tym samym tytule i napisany przez jej autork\u0119, <strong>Agnieszk\u0119 D\u0105browsk\u0105<\/strong>. Ksi\u0105\u017cka zyska\u0142a tak wiele pozytywnych opinii w\u015br\u00f3d rodzic\u00f3w i nauczycieli, \u017ce zosta\u0142a wr\u0119cz okrzykni\u0119ta lektur\u0105 obowi\u0105zkow\u0105 dla dzieci. Wiek:  9+.<\/p>\n<p>Film mo\u017cna ogl\u0105da\u0107 codziennie (poza poniedzia\u0142kiem) mi\u0119dzy 18 a 23 marca o godzinie 16:00 w du\u017cej sali kina Amok, od 25 marca b\u0119dzie wy\u015bwietlany o 16:30. Uwaga &#8211; podczas niedzielnego seansu (20 marca) odb\u0119dzie si\u0119 premierowy pokaz specjalny filmu, po\u0142\u0105czony ze spotkaniem z Agnieszka D\u0105browsk\u0105.<\/p>\n<h4>Co jeszcze w kinie Amok?<\/h4>\n<p>W repertuarze Amoku znajdziemy jeszcze kilka propozycji, kt\u00f3re swoj\u0105 premier\u0119 mia\u0142y w ubieg\u0142ym tygodniu. W\u015br\u00f3d nich komedia romantyczna w re\u017c. <strong>Joachima Triera<\/strong> &#8220;Najgorszy cz\u0142owiek na \u015bwiecie&#8221;. Film wy\u015bwietlany b\u0119dzie w pi\u0105tek i sobot\u0119 (18-19 marca) w du\u017cej sali kina, w niedziel\u0119 o godzinie 19:00. <\/p>\n<ul>\n<li>Julie wkr\u00f3tce ko\u0144czy trzydzie\u015bci lat i jest pe\u0142na \u017cyciowej energii, ale ma te\u017c wiele \u017cyciowych rozterek. Tworzy szcz\u0119\u015bliwy zwi\u0105zek z Akselem, utalentowanym i odnosz\u0105cym sukcesy zawodowe rysownikiem, ale ich spojrzenie na wsp\u00f3ln\u0105 przysz\u0142o\u015b\u0107 nieco si\u0119 r\u00f3\u017cni. Kiedy na przypadkowej imprezie Julie poznaje Eivinda i sp\u0119dza z nim ca\u0142\u0105 noc, zaczyna zastanawia\u0107 si\u0119, czy ten m\u0142odszy od niej, pewny siebie i odrobin\u0119 szalony ch\u0142opak nie jest w\u0142a\u015bnie tym, czego potrzebuje w \u017cyciu. Najlepsza rola \u017ce\u0144ska na MFF w Cannes; 2 nominacje do Oscara za najlepszy scenariusz oryginalny i film mi\u0119dzynarodowy.<\/li>\n<\/ul>\n<p><iframe loading=\"lazy\" width=\"810\" height=\"455\" src=\"https:\/\/www.youtube.com\/embed\/ieRakyrrYrQ\" title=\"YouTube video player\" frameborder=\"0\" allow=\"accelerometer; autoplay; clipboard-write; encrypted-media; gyroscope; picture-in-picture\" allowfullscreen><\/iframe><\/p>\n<p>Od 11 marca w ma\u0142ej sali Amoku mo\u017cna ogl\u0105da\u0107 tak\u017ce japo\u0144ski dramat &#8220;Drive my car&#8221;. W najbli\u017cszych dniach, mi\u0119dzy 18 a 23 marca, b\u0119dzie wy\u015bwietlany o godzinie 16:45. <\/p>\n<p><iframe loading=\"lazy\" width=\"810\" height=\"455\" src=\"https:\/\/www.youtube.com\/embed\/wkKvD5sOLBE\" title=\"YouTube video player\" frameborder=\"0\" allow=\"accelerometer; autoplay; clipboard-write; encrypted-media; gyroscope; picture-in-picture\" allowfullscreen><\/iframe><\/p>\n<ul>\n<li>Y\u016bsuke jest aktorem i re\u017cyserem teatralnym, a jego \u017cona Oto telewizyjn\u0105 scenarzystk\u0105, kt\u00f3ra lubi opowiada\u0107 historie tak\u017ce w \u0142\u00f3\u017cku \u2013 cho\u0107 te scenariusze ocenzurowa\u0142aby ka\u017cda stacja. \u0141\u0105cz\u0105ca ich wi\u0119\u017a wydaje si\u0119 g\u0142\u0119boka \u2013 do momentu gdy Oto niespodziewanie umiera, pozostawiaj\u0105c po sobie wiele tajemnic. Pogr\u0105\u017cony w smutku Y\u016bsuke wyje\u017cd\u017ca do Hiroszimy, by tam re\u017cyserowa\u0107 w teatrze \u201eWujaszka Wani\u0119\u201d, w kt\u00f3rym g\u0142\u00f3wn\u0105 rol\u0119 dostaje m\u0142ody aktor, K\u014dji. Zna\u0142 on Oto, zna r\u00f3wnie\u017c odpowiedzi na dr\u0119cz\u0105ce m\u0119\u017ca pytania. Czy jednak Y\u016bsuke zdob\u0119dzie si\u0119 na konfrontacj\u0119 z m\u0119\u017cczyzn\u0105, z kt\u00f3rym by\u0107 mo\u017ce zdradza\u0142a go \u017cona? Jej obecno\u015b\u0107 jest w pi\u0119knym, \u0142agodnym, melancholijnym filmie stale wyczuwalna: Y\u016bsuke puszcza bowiem w aucie kasety z czytanymi przez ni\u0105 fragmentami \u201eWujaszka Wani\u201d. Za kierownic\u0105 jego dopieszczonego Saaba siada wynaj\u0119ta przez teatr szoferka, Misaki, kt\u00f3rej milczenie skrywa wspomnienie dawnej tragedii. Prowadzone przez kobiet\u0119 auto staje si\u0119 konfesjona\u0142em dla wszystkich bohater\u00f3w, a poczynione w nim wyznania przynios\u0105 nie tylko ulg\u0119 i spok\u00f3j, ale tak\u017ce pozwol\u0105 stworzy\u0107 samotnikom nowe wi\u0119zi. Nagroda za Najlepszy Scenariusz, Nagroda FIPRESCI oraz Nagroda Jury Ekumenicznego na MFF w Cannes; Nagroda Publiczno\u015bci oraz Nagroda Jury na MFF w Chicago; Z\u0142oty Glob za najlepszy film mi\u0119dzynarodowy; 4 nominacje do Oscara za najlepszy film, re\u017cyseri\u0119, scenariusz adaptowany, film mi\u0119dzynarodowy.<\/li>\n<\/ul>\n<p>Od 4 marca w du\u017cej sali kina Amok wy\u015bwietlany jest ameryka\u0144ski dramat &#8220;C\u00f3rka&#8221; w re\u017c. Maggie Gyllenhaal, w kt\u00f3rego obsadzie znajdziemy takie nazwiska, jak m.in. <strong>Olivia Colman, Dakota Johnson, Jessie Buckley, Peter Sarsgaard, Ed Harris, Dagmara Domi\u0144czyk<\/strong>. Mi\u0119dzy 18 a 23 marca na film mo\u017cna wybra\u0107 si\u0119 o 20:15, p\u00f3\u017aniej godzina projekcji ulegnie zmianie. <\/p>\n<ul>\n<li>Spektakularny debiut re\u017cyserski Maggie Gyllenhaal, oparty na bestsellerowej powie\u015bci Eleny Ferrante. Leda udaje si\u0119 na wakacje do Grecji. Planuje czyta\u0107, wypoczywa\u0107 na prywatnej pla\u017cy i korzysta\u0107 z urlopu. Spok\u00f3j intymnego kurortu zaburza jednak przybycie ekscentrycznej rodziny zamieszkuj\u0105cej najwi\u0119ksz\u0105 z willi na wyspie. Uwag\u0119 Ledy przykuwa przede wszystkim Nina, kt\u00f3ra mierzy si\u0119 z trudami bycia m\u0142od\u0105 mam\u0105, maj\u0105c pod opiek\u0105 kilkuletni\u0105 c\u00f3rk\u0119. Obserwowanie tajemniczej nieznajomej wywo\u0142uje wspomnienia z okresu macierzy\u0144stwa, z kt\u00f3rymi Leda od wielu lat nie mia\u0142a odwagi si\u0119 skonfrontowa\u0107. Wracaj\u0105 wspomnienia i widma decyzji z przesz\u0142o\u015bci, kt\u00f3rych nie mo\u017cna cofn\u0105\u0107. 3 nominacje do Oscara, nagroda za scenariusz na MFF w Wenecji.<\/li>\n<\/ul>\n<p><iframe loading=\"lazy\" width=\"810\" height=\"455\" src=\"https:\/\/www.youtube.com\/embed\/vhqYJ2JpwCU\" title=\"YouTube video player\" frameborder=\"0\" allow=\"accelerometer; autoplay; clipboard-write; encrypted-media; gyroscope; picture-in-picture\" allowfullscreen><\/iframe><\/p>\n<p>Ca\u0142y repertuar kina Amok, a tak\u017ce bilety w wersji elektronicznej mo\u017cna naby\u0107 na stronie <a href=\"https:\/\/amok.gliwice.pl\/repertuar\/tydzien\/\" rel=\"noopener\" target=\"_blank\">amok.gliwice.pl &#8211; kliknij TU. <\/a><\/p>\n<p>(\u017cms)\/Amok Gliwice<br \/>\nfot. mat. organizatora<\/p>\n<div class=\"gliwi-a5-na-koncu-artykulow gliwi-entity-placement\" id=\"gliwi-3325022110\"><div class=\"gliwi-adlabel\"><span style=\"font-size: 9px\">REKLAMA<\/span><\/div><div id=\"gliwi-2574658042\" style=\"margin-left: auto;margin-right: auto;text-align: center;\"><a data-no-instant=\"1\" href=\"https:\/\/www.jasek.pl\/\" rel=\"noopener\" class=\"a2t-link\" target=\"_blank\" aria-label=\"20200401-jasek 600\"><img loading=\"lazy\" decoding=\"async\" src=\"https:\/\/www.24gliwice.pl\/wiadomosci\/wp-content\/uploads\/2020\/04\/20200401-jasek-600.jpg\" alt=\"\"  srcset=\"https:\/\/www.24gliwice.pl\/wiadomosci\/wp-content\/uploads\/2020\/04\/20200401-jasek-600.jpg 600w, https:\/\/www.24gliwice.pl\/wiadomosci\/wp-content\/uploads\/2020\/04\/20200401-jasek-600-410x109.jpg 410w\" sizes=\"(max-width: 600px) 100vw, 600px\" class=\"no-lazyload\" width=\"600\" height=\"160\"  style=\"display: inline-block; max-width: 100%; height: auto;\" \/><\/a><\/div><\/div>","protected":false},"excerpt":{"rendered":"<p>Na ekranie kina Amok w ten weekend i w przysz\u0142ym tygodniu mo\u017cemy ogl\u0105da\u0107 dwie nowo\u015bci &#8211; animowany dokument &#8220;Prze\u017cy\u0107&#8221; oraz polski film familijny &#8220;Za du\u017cy na bajki&#8221;. Znajdziemy tu tak\u017ce kilka innych, ciekawych propozycji. &nbsp; Pierwsza z pi\u0105tkowych premier to poruszaj\u0105ca historia nastolatka uciekaj\u0105cego z matk\u0105 i rodze\u0144stwem z ogarni\u0119tego wojn\u0105 Afganistanu do Europy. To [&hellip;]<\/p>\n","protected":false},"author":15,"featured_media":188703,"comment_status":"open","ping_status":"closed","sticky":false,"template":"","format":"standard","meta":{"_monsterinsights_skip_tracking":false,"_monsterinsights_sitenote_active":false,"_monsterinsights_sitenote_note":"","_monsterinsights_sitenote_category":0,"footnotes":"","_links_to":"","_links_to_target":""},"categories":[3,6,1],"tags":[20646],"class_list":["post-188689","post","type-post","status-publish","format-standard","has-post-thumbnail","hentry","category-gliwice","category-kultura","category-wszystko","tag-premiery-kinowe"],"yoast_head":"<!-- This site is optimized with the Yoast SEO plugin v27.4 - https:\/\/yoast.com\/product\/yoast-seo-wordpress\/ -->\n<title>Trzykrotnie nominowany do Oscara animowany dokument i polski film familijny. Co jeszcze w kinie Amok? - 24GLIWICE - Portal Gliwice | codziennie nowe informacje<\/title>\n<meta name=\"description\" content=\"W kinie Amok jak co pi\u0105tek na ekrany wchodz\u0105 dwie nowo\u015bci. B\u0119d\u0105 to: japo\u0144ski dokument &quot;Prze\u017cy\u0107&quot; i polski film familijny &quot;Za du\u017cy na bajki&quot;\" \/>\n<meta name=\"robots\" content=\"index, follow, max-snippet:-1, max-image-preview:large, max-video-preview:-1\" \/>\n<link rel=\"canonical\" href=\"https:\/\/www.24gliwice.pl\/wiadomosci\/trzykrotnie-nominowany-do-oscara-animowany-dokument-i-polski-film-familijny-co-jeszcze-w-kinie-amok\/\" \/>\n<meta property=\"og:locale\" content=\"pl_PL\" \/>\n<meta property=\"og:type\" content=\"article\" \/>\n<meta property=\"og:title\" content=\"Trzykrotnie nominowany do Oscara animowany dokument i polski film familijny. Co jeszcze w kinie Amok? - 24GLIWICE - Portal Gliwice | codziennie nowe informacje\" \/>\n<meta property=\"og:description\" content=\"W kinie Amok jak co pi\u0105tek na ekrany wchodz\u0105 dwie nowo\u015bci. B\u0119d\u0105 to: japo\u0144ski dokument &quot;Prze\u017cy\u0107&quot; i polski film familijny &quot;Za du\u017cy na bajki&quot;\" \/>\n<meta property=\"og:url\" content=\"https:\/\/www.24gliwice.pl\/wiadomosci\/trzykrotnie-nominowany-do-oscara-animowany-dokument-i-polski-film-familijny-co-jeszcze-w-kinie-amok\/\" \/>\n<meta property=\"og:site_name\" content=\"24GLIWICE - Portal Gliwice | codziennie nowe informacje\" \/>\n<meta property=\"article:publisher\" content=\"https:\/\/www.facebook.com\/24gliwice\" \/>\n<meta property=\"article:published_time\" content=\"2022-03-18T16:24:51+00:00\" \/>\n<meta property=\"og:image\" content=\"https:\/\/www.24gliwice.pl\/wiadomosci\/wp-content\/uploads\/2022\/03\/za-duzy-na-bajki.jpg\" \/>\n\t<meta property=\"og:image:width\" content=\"810\" \/>\n\t<meta property=\"og:image:height\" content=\"455\" \/>\n\t<meta property=\"og:image:type\" content=\"image\/jpeg\" \/>\n<meta name=\"author\" content=\"\u017baneta Mrozek-Siewierska\" \/>\n<meta name=\"twitter:card\" content=\"summary_large_image\" \/>\n<meta name=\"twitter:creator\" content=\"@24gliwice\" \/>\n<meta name=\"twitter:site\" content=\"@24gliwice\" \/>\n<meta name=\"twitter:label1\" content=\"Napisane przez\" \/>\n\t<meta name=\"twitter:data1\" content=\"\u017baneta Mrozek-Siewierska\" \/>\n\t<meta name=\"twitter:label2\" content=\"Szacowany czas czytania\" \/>\n\t<meta name=\"twitter:data2\" content=\"5 minut\" \/>\n<script type=\"application\/ld+json\" class=\"yoast-schema-graph\">{\"@context\":\"https:\\\/\\\/schema.org\",\"@graph\":[{\"@type\":\"Article\",\"@id\":\"https:\\\/\\\/www.24gliwice.pl\\\/wiadomosci\\\/trzykrotnie-nominowany-do-oscara-animowany-dokument-i-polski-film-familijny-co-jeszcze-w-kinie-amok\\\/#article\",\"isPartOf\":{\"@id\":\"https:\\\/\\\/www.24gliwice.pl\\\/wiadomosci\\\/trzykrotnie-nominowany-do-oscara-animowany-dokument-i-polski-film-familijny-co-jeszcze-w-kinie-amok\\\/\"},\"author\":{\"name\":\"\u017baneta Mrozek-Siewierska\",\"@id\":\"https:\\\/\\\/www.24gliwice.pl\\\/wiadomosci\\\/#\\\/schema\\\/person\\\/e42c650edd7f2fa332be3811fb166b6e\"},\"headline\":\"Trzykrotnie nominowany do Oscara animowany dokument i polski film familijny. Co jeszcze w kinie Amok?\",\"datePublished\":\"2022-03-18T16:24:51+00:00\",\"mainEntityOfPage\":{\"@id\":\"https:\\\/\\\/www.24gliwice.pl\\\/wiadomosci\\\/trzykrotnie-nominowany-do-oscara-animowany-dokument-i-polski-film-familijny-co-jeszcze-w-kinie-amok\\\/\"},\"wordCount\":1023,\"commentCount\":0,\"publisher\":{\"@id\":\"https:\\\/\\\/www.24gliwice.pl\\\/wiadomosci\\\/#organization\"},\"image\":{\"@id\":\"https:\\\/\\\/www.24gliwice.pl\\\/wiadomosci\\\/trzykrotnie-nominowany-do-oscara-animowany-dokument-i-polski-film-familijny-co-jeszcze-w-kinie-amok\\\/#primaryimage\"},\"thumbnailUrl\":\"https:\\\/\\\/www.24gliwice.pl\\\/wiadomosci\\\/wp-content\\\/uploads\\\/2022\\\/03\\\/za-duzy-na-bajki.jpg\",\"keywords\":[\"premiery kinowe\"],\"articleSection\":[\"Gliwice\",\"Kultura, wydarzenia, imprezy\",\"Najnowsze wiadomo\u015bci\"],\"inLanguage\":\"pl-PL\",\"potentialAction\":[{\"@type\":\"CommentAction\",\"name\":\"Comment\",\"target\":[\"https:\\\/\\\/www.24gliwice.pl\\\/wiadomosci\\\/trzykrotnie-nominowany-do-oscara-animowany-dokument-i-polski-film-familijny-co-jeszcze-w-kinie-amok\\\/#respond\"]}]},{\"@type\":\"WebPage\",\"@id\":\"https:\\\/\\\/www.24gliwice.pl\\\/wiadomosci\\\/trzykrotnie-nominowany-do-oscara-animowany-dokument-i-polski-film-familijny-co-jeszcze-w-kinie-amok\\\/\",\"url\":\"https:\\\/\\\/www.24gliwice.pl\\\/wiadomosci\\\/trzykrotnie-nominowany-do-oscara-animowany-dokument-i-polski-film-familijny-co-jeszcze-w-kinie-amok\\\/\",\"name\":\"Trzykrotnie nominowany do Oscara animowany dokument i polski film familijny. Co jeszcze w kinie Amok? - 24GLIWICE - Portal Gliwice | codziennie nowe informacje\",\"isPartOf\":{\"@id\":\"https:\\\/\\\/www.24gliwice.pl\\\/wiadomosci\\\/#website\"},\"primaryImageOfPage\":{\"@id\":\"https:\\\/\\\/www.24gliwice.pl\\\/wiadomosci\\\/trzykrotnie-nominowany-do-oscara-animowany-dokument-i-polski-film-familijny-co-jeszcze-w-kinie-amok\\\/#primaryimage\"},\"image\":{\"@id\":\"https:\\\/\\\/www.24gliwice.pl\\\/wiadomosci\\\/trzykrotnie-nominowany-do-oscara-animowany-dokument-i-polski-film-familijny-co-jeszcze-w-kinie-amok\\\/#primaryimage\"},\"thumbnailUrl\":\"https:\\\/\\\/www.24gliwice.pl\\\/wiadomosci\\\/wp-content\\\/uploads\\\/2022\\\/03\\\/za-duzy-na-bajki.jpg\",\"datePublished\":\"2022-03-18T16:24:51+00:00\",\"description\":\"W kinie Amok jak co pi\u0105tek na ekrany wchodz\u0105 dwie nowo\u015bci. B\u0119d\u0105 to: japo\u0144ski dokument \\\"Prze\u017cy\u0107\\\" i polski film familijny \\\"Za du\u017cy na bajki\\\"\",\"breadcrumb\":{\"@id\":\"https:\\\/\\\/www.24gliwice.pl\\\/wiadomosci\\\/trzykrotnie-nominowany-do-oscara-animowany-dokument-i-polski-film-familijny-co-jeszcze-w-kinie-amok\\\/#breadcrumb\"},\"inLanguage\":\"pl-PL\",\"potentialAction\":[{\"@type\":\"ReadAction\",\"target\":[\"https:\\\/\\\/www.24gliwice.pl\\\/wiadomosci\\\/trzykrotnie-nominowany-do-oscara-animowany-dokument-i-polski-film-familijny-co-jeszcze-w-kinie-amok\\\/\"]}]},{\"@type\":\"ImageObject\",\"inLanguage\":\"pl-PL\",\"@id\":\"https:\\\/\\\/www.24gliwice.pl\\\/wiadomosci\\\/trzykrotnie-nominowany-do-oscara-animowany-dokument-i-polski-film-familijny-co-jeszcze-w-kinie-amok\\\/#primaryimage\",\"url\":\"https:\\\/\\\/www.24gliwice.pl\\\/wiadomosci\\\/wp-content\\\/uploads\\\/2022\\\/03\\\/za-duzy-na-bajki.jpg\",\"contentUrl\":\"https:\\\/\\\/www.24gliwice.pl\\\/wiadomosci\\\/wp-content\\\/uploads\\\/2022\\\/03\\\/za-duzy-na-bajki.jpg\",\"width\":810,\"height\":455},{\"@type\":\"BreadcrumbList\",\"@id\":\"https:\\\/\\\/www.24gliwice.pl\\\/wiadomosci\\\/trzykrotnie-nominowany-do-oscara-animowany-dokument-i-polski-film-familijny-co-jeszcze-w-kinie-amok\\\/#breadcrumb\",\"itemListElement\":[{\"@type\":\"ListItem\",\"position\":1,\"name\":\"Strona g\u0142\u00f3wna\",\"item\":\"https:\\\/\\\/www.24gliwice.pl\\\/wiadomosci\\\/\"},{\"@type\":\"ListItem\",\"position\":2,\"name\":\"Trzykrotnie nominowany do Oscara animowany dokument i polski film familijny. Co jeszcze w kinie Amok?\"}]},{\"@type\":\"WebSite\",\"@id\":\"https:\\\/\\\/www.24gliwice.pl\\\/wiadomosci\\\/#website\",\"url\":\"https:\\\/\\\/www.24gliwice.pl\\\/wiadomosci\\\/\",\"name\":\"24GLIWICE - Portal Gliwice | codziennie nowe wiadomo\u015bci\",\"description\":\"Portal Miejski Gliwice\",\"publisher\":{\"@id\":\"https:\\\/\\\/www.24gliwice.pl\\\/wiadomosci\\\/#organization\"},\"potentialAction\":[{\"@type\":\"SearchAction\",\"target\":{\"@type\":\"EntryPoint\",\"urlTemplate\":\"https:\\\/\\\/www.24gliwice.pl\\\/wiadomosci\\\/?s={search_term_string}\"},\"query-input\":{\"@type\":\"PropertyValueSpecification\",\"valueRequired\":true,\"valueName\":\"search_term_string\"}}],\"inLanguage\":\"pl-PL\"},{\"@type\":\"Organization\",\"@id\":\"https:\\\/\\\/www.24gliwice.pl\\\/wiadomosci\\\/#organization\",\"name\":\"24gliwice\",\"url\":\"https:\\\/\\\/www.24gliwice.pl\\\/wiadomosci\\\/\",\"logo\":{\"@type\":\"ImageObject\",\"inLanguage\":\"pl-PL\",\"@id\":\"https:\\\/\\\/www.24gliwice.pl\\\/wiadomosci\\\/#\\\/schema\\\/logo\\\/image\\\/\",\"url\":\"https:\\\/\\\/www.24gliwice.pl\\\/wiadomosci\\\/wp-content\\\/uploads\\\/2024\\\/10\\\/24gliwice-logo-696.jpg\",\"contentUrl\":\"https:\\\/\\\/www.24gliwice.pl\\\/wiadomosci\\\/wp-content\\\/uploads\\\/2024\\\/10\\\/24gliwice-logo-696.jpg\",\"width\":696,\"height\":696,\"caption\":\"24gliwice\"},\"image\":{\"@id\":\"https:\\\/\\\/www.24gliwice.pl\\\/wiadomosci\\\/#\\\/schema\\\/logo\\\/image\\\/\"},\"sameAs\":[\"https:\\\/\\\/www.facebook.com\\\/24gliwice\",\"https:\\\/\\\/x.com\\\/24gliwice\",\"https:\\\/\\\/www.youtube.com\\\/@24gliwice\"]},{\"@type\":\"Person\",\"@id\":\"https:\\\/\\\/www.24gliwice.pl\\\/wiadomosci\\\/#\\\/schema\\\/person\\\/e42c650edd7f2fa332be3811fb166b6e\",\"name\":\"\u017baneta Mrozek-Siewierska\",\"image\":{\"@type\":\"ImageObject\",\"inLanguage\":\"pl-PL\",\"@id\":\"https:\\\/\\\/www.24gliwice.pl\\\/wiadomosci\\\/wp-content\\\/uploads\\\/2021\\\/11\\\/Zaneta-M_S-zdjecie-czb-96x96.jpg\",\"url\":\"https:\\\/\\\/www.24gliwice.pl\\\/wiadomosci\\\/wp-content\\\/uploads\\\/2021\\\/11\\\/Zaneta-M_S-zdjecie-czb-96x96.jpg\",\"contentUrl\":\"https:\\\/\\\/www.24gliwice.pl\\\/wiadomosci\\\/wp-content\\\/uploads\\\/2021\\\/11\\\/Zaneta-M_S-zdjecie-czb-96x96.jpg\",\"caption\":\"\u017baneta Mrozek-Siewierska\"},\"url\":\"https:\\\/\\\/www.24gliwice.pl\\\/wiadomosci\\\/author\\\/zms\\\/\"}]}<\/script>\n<!-- \/ Yoast SEO plugin. -->","yoast_head_json":{"title":"Trzykrotnie nominowany do Oscara animowany dokument i polski film familijny. Co jeszcze w kinie Amok? - 24GLIWICE - Portal Gliwice | codziennie nowe informacje","description":"W kinie Amok jak co pi\u0105tek na ekrany wchodz\u0105 dwie nowo\u015bci. B\u0119d\u0105 to: japo\u0144ski dokument \"Prze\u017cy\u0107\" i polski film familijny \"Za du\u017cy na bajki\"","robots":{"index":"index","follow":"follow","max-snippet":"max-snippet:-1","max-image-preview":"max-image-preview:large","max-video-preview":"max-video-preview:-1"},"canonical":"https:\/\/www.24gliwice.pl\/wiadomosci\/trzykrotnie-nominowany-do-oscara-animowany-dokument-i-polski-film-familijny-co-jeszcze-w-kinie-amok\/","og_locale":"pl_PL","og_type":"article","og_title":"Trzykrotnie nominowany do Oscara animowany dokument i polski film familijny. Co jeszcze w kinie Amok? - 24GLIWICE - Portal Gliwice | codziennie nowe informacje","og_description":"W kinie Amok jak co pi\u0105tek na ekrany wchodz\u0105 dwie nowo\u015bci. B\u0119d\u0105 to: japo\u0144ski dokument \"Prze\u017cy\u0107\" i polski film familijny \"Za du\u017cy na bajki\"","og_url":"https:\/\/www.24gliwice.pl\/wiadomosci\/trzykrotnie-nominowany-do-oscara-animowany-dokument-i-polski-film-familijny-co-jeszcze-w-kinie-amok\/","og_site_name":"24GLIWICE - Portal Gliwice | codziennie nowe informacje","article_publisher":"https:\/\/www.facebook.com\/24gliwice","article_published_time":"2022-03-18T16:24:51+00:00","og_image":[{"width":810,"height":455,"url":"https:\/\/www.24gliwice.pl\/wiadomosci\/wp-content\/uploads\/2022\/03\/za-duzy-na-bajki.jpg","type":"image\/jpeg"}],"author":"\u017baneta Mrozek-Siewierska","twitter_card":"summary_large_image","twitter_creator":"@24gliwice","twitter_site":"@24gliwice","twitter_misc":{"Napisane przez":"\u017baneta Mrozek-Siewierska","Szacowany czas czytania":"5 minut"},"schema":{"@context":"https:\/\/schema.org","@graph":[{"@type":"Article","@id":"https:\/\/www.24gliwice.pl\/wiadomosci\/trzykrotnie-nominowany-do-oscara-animowany-dokument-i-polski-film-familijny-co-jeszcze-w-kinie-amok\/#article","isPartOf":{"@id":"https:\/\/www.24gliwice.pl\/wiadomosci\/trzykrotnie-nominowany-do-oscara-animowany-dokument-i-polski-film-familijny-co-jeszcze-w-kinie-amok\/"},"author":{"name":"\u017baneta Mrozek-Siewierska","@id":"https:\/\/www.24gliwice.pl\/wiadomosci\/#\/schema\/person\/e42c650edd7f2fa332be3811fb166b6e"},"headline":"Trzykrotnie nominowany do Oscara animowany dokument i polski film familijny. Co jeszcze w kinie Amok?","datePublished":"2022-03-18T16:24:51+00:00","mainEntityOfPage":{"@id":"https:\/\/www.24gliwice.pl\/wiadomosci\/trzykrotnie-nominowany-do-oscara-animowany-dokument-i-polski-film-familijny-co-jeszcze-w-kinie-amok\/"},"wordCount":1023,"commentCount":0,"publisher":{"@id":"https:\/\/www.24gliwice.pl\/wiadomosci\/#organization"},"image":{"@id":"https:\/\/www.24gliwice.pl\/wiadomosci\/trzykrotnie-nominowany-do-oscara-animowany-dokument-i-polski-film-familijny-co-jeszcze-w-kinie-amok\/#primaryimage"},"thumbnailUrl":"https:\/\/www.24gliwice.pl\/wiadomosci\/wp-content\/uploads\/2022\/03\/za-duzy-na-bajki.jpg","keywords":["premiery kinowe"],"articleSection":["Gliwice","Kultura, wydarzenia, imprezy","Najnowsze wiadomo\u015bci"],"inLanguage":"pl-PL","potentialAction":[{"@type":"CommentAction","name":"Comment","target":["https:\/\/www.24gliwice.pl\/wiadomosci\/trzykrotnie-nominowany-do-oscara-animowany-dokument-i-polski-film-familijny-co-jeszcze-w-kinie-amok\/#respond"]}]},{"@type":"WebPage","@id":"https:\/\/www.24gliwice.pl\/wiadomosci\/trzykrotnie-nominowany-do-oscara-animowany-dokument-i-polski-film-familijny-co-jeszcze-w-kinie-amok\/","url":"https:\/\/www.24gliwice.pl\/wiadomosci\/trzykrotnie-nominowany-do-oscara-animowany-dokument-i-polski-film-familijny-co-jeszcze-w-kinie-amok\/","name":"Trzykrotnie nominowany do Oscara animowany dokument i polski film familijny. Co jeszcze w kinie Amok? - 24GLIWICE - Portal Gliwice | codziennie nowe informacje","isPartOf":{"@id":"https:\/\/www.24gliwice.pl\/wiadomosci\/#website"},"primaryImageOfPage":{"@id":"https:\/\/www.24gliwice.pl\/wiadomosci\/trzykrotnie-nominowany-do-oscara-animowany-dokument-i-polski-film-familijny-co-jeszcze-w-kinie-amok\/#primaryimage"},"image":{"@id":"https:\/\/www.24gliwice.pl\/wiadomosci\/trzykrotnie-nominowany-do-oscara-animowany-dokument-i-polski-film-familijny-co-jeszcze-w-kinie-amok\/#primaryimage"},"thumbnailUrl":"https:\/\/www.24gliwice.pl\/wiadomosci\/wp-content\/uploads\/2022\/03\/za-duzy-na-bajki.jpg","datePublished":"2022-03-18T16:24:51+00:00","description":"W kinie Amok jak co pi\u0105tek na ekrany wchodz\u0105 dwie nowo\u015bci. B\u0119d\u0105 to: japo\u0144ski dokument \"Prze\u017cy\u0107\" i polski film familijny \"Za du\u017cy na bajki\"","breadcrumb":{"@id":"https:\/\/www.24gliwice.pl\/wiadomosci\/trzykrotnie-nominowany-do-oscara-animowany-dokument-i-polski-film-familijny-co-jeszcze-w-kinie-amok\/#breadcrumb"},"inLanguage":"pl-PL","potentialAction":[{"@type":"ReadAction","target":["https:\/\/www.24gliwice.pl\/wiadomosci\/trzykrotnie-nominowany-do-oscara-animowany-dokument-i-polski-film-familijny-co-jeszcze-w-kinie-amok\/"]}]},{"@type":"ImageObject","inLanguage":"pl-PL","@id":"https:\/\/www.24gliwice.pl\/wiadomosci\/trzykrotnie-nominowany-do-oscara-animowany-dokument-i-polski-film-familijny-co-jeszcze-w-kinie-amok\/#primaryimage","url":"https:\/\/www.24gliwice.pl\/wiadomosci\/wp-content\/uploads\/2022\/03\/za-duzy-na-bajki.jpg","contentUrl":"https:\/\/www.24gliwice.pl\/wiadomosci\/wp-content\/uploads\/2022\/03\/za-duzy-na-bajki.jpg","width":810,"height":455},{"@type":"BreadcrumbList","@id":"https:\/\/www.24gliwice.pl\/wiadomosci\/trzykrotnie-nominowany-do-oscara-animowany-dokument-i-polski-film-familijny-co-jeszcze-w-kinie-amok\/#breadcrumb","itemListElement":[{"@type":"ListItem","position":1,"name":"Strona g\u0142\u00f3wna","item":"https:\/\/www.24gliwice.pl\/wiadomosci\/"},{"@type":"ListItem","position":2,"name":"Trzykrotnie nominowany do Oscara animowany dokument i polski film familijny. Co jeszcze w kinie Amok?"}]},{"@type":"WebSite","@id":"https:\/\/www.24gliwice.pl\/wiadomosci\/#website","url":"https:\/\/www.24gliwice.pl\/wiadomosci\/","name":"24GLIWICE - Portal Gliwice | codziennie nowe wiadomo\u015bci","description":"Portal Miejski Gliwice","publisher":{"@id":"https:\/\/www.24gliwice.pl\/wiadomosci\/#organization"},"potentialAction":[{"@type":"SearchAction","target":{"@type":"EntryPoint","urlTemplate":"https:\/\/www.24gliwice.pl\/wiadomosci\/?s={search_term_string}"},"query-input":{"@type":"PropertyValueSpecification","valueRequired":true,"valueName":"search_term_string"}}],"inLanguage":"pl-PL"},{"@type":"Organization","@id":"https:\/\/www.24gliwice.pl\/wiadomosci\/#organization","name":"24gliwice","url":"https:\/\/www.24gliwice.pl\/wiadomosci\/","logo":{"@type":"ImageObject","inLanguage":"pl-PL","@id":"https:\/\/www.24gliwice.pl\/wiadomosci\/#\/schema\/logo\/image\/","url":"https:\/\/www.24gliwice.pl\/wiadomosci\/wp-content\/uploads\/2024\/10\/24gliwice-logo-696.jpg","contentUrl":"https:\/\/www.24gliwice.pl\/wiadomosci\/wp-content\/uploads\/2024\/10\/24gliwice-logo-696.jpg","width":696,"height":696,"caption":"24gliwice"},"image":{"@id":"https:\/\/www.24gliwice.pl\/wiadomosci\/#\/schema\/logo\/image\/"},"sameAs":["https:\/\/www.facebook.com\/24gliwice","https:\/\/x.com\/24gliwice","https:\/\/www.youtube.com\/@24gliwice"]},{"@type":"Person","@id":"https:\/\/www.24gliwice.pl\/wiadomosci\/#\/schema\/person\/e42c650edd7f2fa332be3811fb166b6e","name":"\u017baneta Mrozek-Siewierska","image":{"@type":"ImageObject","inLanguage":"pl-PL","@id":"https:\/\/www.24gliwice.pl\/wiadomosci\/wp-content\/uploads\/2021\/11\/Zaneta-M_S-zdjecie-czb-96x96.jpg","url":"https:\/\/www.24gliwice.pl\/wiadomosci\/wp-content\/uploads\/2021\/11\/Zaneta-M_S-zdjecie-czb-96x96.jpg","contentUrl":"https:\/\/www.24gliwice.pl\/wiadomosci\/wp-content\/uploads\/2021\/11\/Zaneta-M_S-zdjecie-czb-96x96.jpg","caption":"\u017baneta Mrozek-Siewierska"},"url":"https:\/\/www.24gliwice.pl\/wiadomosci\/author\/zms\/"}]}},"_links":{"self":[{"href":"https:\/\/www.24gliwice.pl\/wiadomosci\/wp-json\/wp\/v2\/posts\/188689","targetHints":{"allow":["GET"]}}],"collection":[{"href":"https:\/\/www.24gliwice.pl\/wiadomosci\/wp-json\/wp\/v2\/posts"}],"about":[{"href":"https:\/\/www.24gliwice.pl\/wiadomosci\/wp-json\/wp\/v2\/types\/post"}],"author":[{"embeddable":true,"href":"https:\/\/www.24gliwice.pl\/wiadomosci\/wp-json\/wp\/v2\/users\/15"}],"replies":[{"embeddable":true,"href":"https:\/\/www.24gliwice.pl\/wiadomosci\/wp-json\/wp\/v2\/comments?post=188689"}],"version-history":[{"count":16,"href":"https:\/\/www.24gliwice.pl\/wiadomosci\/wp-json\/wp\/v2\/posts\/188689\/revisions"}],"predecessor-version":[{"id":188795,"href":"https:\/\/www.24gliwice.pl\/wiadomosci\/wp-json\/wp\/v2\/posts\/188689\/revisions\/188795"}],"wp:featuredmedia":[{"embeddable":true,"href":"https:\/\/www.24gliwice.pl\/wiadomosci\/wp-json\/wp\/v2\/media\/188703"}],"wp:attachment":[{"href":"https:\/\/www.24gliwice.pl\/wiadomosci\/wp-json\/wp\/v2\/media?parent=188689"}],"wp:term":[{"taxonomy":"category","embeddable":true,"href":"https:\/\/www.24gliwice.pl\/wiadomosci\/wp-json\/wp\/v2\/categories?post=188689"},{"taxonomy":"post_tag","embeddable":true,"href":"https:\/\/www.24gliwice.pl\/wiadomosci\/wp-json\/wp\/v2\/tags?post=188689"}],"curies":[{"name":"wp","href":"https:\/\/api.w.org\/{rel}","templated":true}]}}