{"id":188706,"date":"2022-03-20T02:22:40","date_gmt":"2022-03-20T01:22:40","guid":{"rendered":"https:\/\/www.24gliwice.pl\/wiadomosci\/?p=188706"},"modified":"2022-03-21T00:29:34","modified_gmt":"2022-03-20T23:29:34","slug":"zwierzeta-domowe-przyjechaly-do-gliwic-z-ukrainy-co-dalej-czy-trzeba-zalegalizowac-ich-pobyt","status":"publish","type":"post","link":"https:\/\/www.24gliwice.pl\/wiadomosci\/zwierzeta-domowe-przyjechaly-do-gliwic-z-ukrainy-co-dalej-czy-trzeba-zalegalizowac-ich-pobyt\/","title":{"rendered":"Zwierz\u0119ta domowe przyjecha\u0142y do Gliwic z Ukrainy. Co dalej? Czy trzeba zalegalizowa\u0107 ich pobyt?"},"content":{"rendered":"<div class=\"gliwi-a6-nad-leadem-artykulow gliwi-entity-placement\" id=\"gliwi-2036021262\"><div class=\"gliwi-adlabel\"><span style=\"font-size: 9px\">REKLAMA<\/span><\/div><div id=\"gliwi-2504047845\" style=\"margin-bottom: 30px;margin-left: auto;margin-right: auto;text-align: center;\"><a data-no-instant=\"1\" href=\"https:\/\/przedszkole.halogen.org.pl\/\" rel=\"noopener\" class=\"a2t-link\" target=\"_blank\" aria-label=\"20260402-ANIMATOR-przedszkole_grafika_750x200\"><img loading=\"lazy\" decoding=\"async\" src=\"https:\/\/www.24gliwice.pl\/wiadomosci\/wp-content\/uploads\/2026\/04\/20260402-ANIMATOR-przedszkole_grafika_750x200.webp\" alt=\"\"  srcset=\"https:\/\/www.24gliwice.pl\/wiadomosci\/wp-content\/uploads\/2026\/04\/20260402-ANIMATOR-przedszkole_grafika_750x200.webp 750w, https:\/\/www.24gliwice.pl\/wiadomosci\/wp-content\/uploads\/2026\/04\/20260402-ANIMATOR-przedszkole_grafika_750x200-410x109.webp 410w\" sizes=\"(max-width: 750px) 100vw, 750px\" class=\"no-lazyload\" width=\"750\" height=\"200\"  style=\"display: inline-block; max-width: 100%; height: auto;\" \/><\/a><\/div><\/div><h2>Z Ukrainy do naszego kraju przyje\u017cd\u017caj\u0105 nie tylko obywatele &#8211; wraz z nimi przybywaj\u0105 zwierz\u0119ta domowe. Pies, kot, fretka czy \u015bwinka morska \u2013 one tak\u017ce mog\u0105 wjecha\u0107 do Polski. Warto wiedzie\u0107, co zrobi\u0107 po przyje\u017adzie.<\/h2>\n<p>&nbsp;<br \/>\nZwierz\u0119ta domowe z Ukrainy mog\u0105 przekroczy\u0107 granic\u0119 z Polsk\u0105 ze swoimi opiekunami. Przyw\u00f3z gryzoni (takich jak \u015bwinki morskie, myszy, kr\u00f3liki domowe) obecnie nie podlega \u017cadnym restrykcjom. \u017beby zalegalizowa\u0107 pobyt psa, kota lub fretki, wystarczy:<\/p>\n<li>mikrochip identyfikuj\u0105cy,<\/li>\n<li>paszport,<\/li>\n<li>wa\u017cne (czyli nie starsze ni\u017c 12 miesi\u0119cy) szczepienie przeciwko w\u015bciekli\u017anie.<\/li>\n<p>Zwierz\u0119ta domowe s\u0105 badane i, ewentualnie, szczepione podczas przekraczania granicy. Je\u017celi uchod\u017aca ze swoim zwierz\u0119ciem przebywa w Gliwicach albo powiecie gliwickim, powinien przes\u0142a\u0107 skan albo zdj\u0119cie otrzymanego \u201ePozwolenie na przemieszczenie zwierz\u0105t w celach niehandlowych\u201d do Powiatowego Lekarza Weterynarii w Gliwicach, mejlowo na adres: <a href=\"mailto:gliwice.piw@wetgiw.gov.pl\" rel=\"noopener\" target=\"_blank\">gliwice.piw@wetgiw.gov.pl<\/a>.<\/p><div class=\"gliwi-a3-w-tresci-artykulow gliwi-entity-placement\" id=\"gliwi-960832277\"><div class=\"gliwi-adlabel\"><span style=\"font-size: 9px\">REKLAMA<\/span><\/div><div id=\"gliwi-95700112\" style=\"margin-bottom: 30px;margin-left: auto;margin-right: auto;text-align: center;\"><a data-no-instant=\"1\" href=\"https:\/\/ogrodyandersa.pl\/\" rel=\"noopener\" class=\"a2t-link\" target=\"_blank\" aria-label=\"20260415 Ogrody Andersa KUP TERAZ D\"><img loading=\"lazy\" decoding=\"async\" src=\"https:\/\/www.24gliwice.pl\/wiadomosci\/wp-content\/uploads\/2026\/04\/20260415-Ogrody-Andersa-KUP-TERAZ-D.jpg\" alt=\"\"  srcset=\"https:\/\/www.24gliwice.pl\/wiadomosci\/wp-content\/uploads\/2026\/04\/20260415-Ogrody-Andersa-KUP-TERAZ-D.jpg 750w, https:\/\/www.24gliwice.pl\/wiadomosci\/wp-content\/uploads\/2026\/04\/20260415-Ogrody-Andersa-KUP-TERAZ-D-410x109.jpg 410w\" sizes=\"(max-width: 750px) 100vw, 750px\" class=\"no-lazyload\" width=\"750\" height=\"200\"  style=\"display: inline-block; max-width: 100%; height: auto;\" \/><\/a><\/div><\/div>\n<p>W sytuacji, gdy z jakich\u015b powod\u00f3w te formalno\u015bci nie zosta\u0142y dope\u0142nione na granicy, uchod\u017aca powinien zg\u0142osi\u0107 si\u0119 ze swoim zwierz\u0119ciem do weterynarza w miejscu, w kt\u00f3rym zamierza przebywa\u0107. W\u00f3wczas na adres <a href=\"mailto:gliwice.piw@wetgiw.gov.pl\" rel=\"noopener\" target=\"_blank\">gliwice.piw@wetgiw.gov.pl<\/a> nale\u017cy przes\u0142a\u0107 skan albo zdj\u0119cie \u201eWniosku o pozwolenie na przemieszczenie zwierz\u0119cia towarzysz\u0105cego na teren Unii Europejskiej\u201d. W lecznicy mo\u017cna zaczipowa\u0107 i zaszczepi\u0107 zwierz\u0119 psa, kota lub fretk\u0119.<\/p>\n<p>Lista dzia\u0142aj\u0105cych w Gliwicach i powiecie gliwickim weterynarzy jest dost\u0119pna w za\u0142\u0105czniku:<\/p>\n<p><a href=\"https:\/\/www.24gliwice.pl\/wiadomosci\/wp-content\/uploads\/2022\/03\/zalacznik_nr_3_urz_dowi_lekarze_weterynarii_badajacy_zwierzeta_towarzyszace_2022.pdf\">zalacznik_nr_3_urz_dowi_lekarze_weterynarii_badajacy_zwierzeta_towarzyszace_2022<\/a><\/p>\n<p><a href=\"https:\/\/www.24gliwice.pl\/wiadomosci\/wp-content\/uploads\/2022\/03\/zalacznik_nr_4_wzory_oswiadczenie_i_pozwolenie.pdf\">zalacznik_nr_4_wzory_oswiadczenie_i_pozwolenie<\/a><\/p>\n<p>(\u017cms)\/UM Gliwice<br \/>\nfot. UM Gliwice\/px<\/p>\n<div class=\"gliwi-a5-na-koncu-artykulow gliwi-entity-placement\" id=\"gliwi-3145684767\"><div class=\"gliwi-adlabel\"><span style=\"font-size: 9px\">REKLAMA<\/span><\/div><div id=\"gliwi-772369000\" style=\"margin-left: auto;margin-right: auto;text-align: center;\"><a data-no-instant=\"1\" href=\"https:\/\/prezeroarenagliwice.pl\/\" rel=\"noopener\" class=\"a2t-link\" target=\"_blank\" aria-label=\"20260309-PREZERO-WIOSNA-D\"><img loading=\"lazy\" decoding=\"async\" src=\"https:\/\/www.24gliwice.pl\/wiadomosci\/wp-content\/uploads\/2026\/03\/20260309-PREZERO-WIOSNA-D.webp\" alt=\"\"  srcset=\"https:\/\/www.24gliwice.pl\/wiadomosci\/wp-content\/uploads\/2026\/03\/20260309-PREZERO-WIOSNA-D.webp 750w, https:\/\/www.24gliwice.pl\/wiadomosci\/wp-content\/uploads\/2026\/03\/20260309-PREZERO-WIOSNA-D-410x109.webp 410w\" sizes=\"(max-width: 750px) 100vw, 750px\" class=\"no-lazyload\" width=\"750\" height=\"200\"  style=\"display: inline-block; max-width: 100%; height: auto;\" \/><\/a><\/div><\/div>","protected":false},"excerpt":{"rendered":"<p>Z Ukrainy do naszego kraju przyje\u017cd\u017caj\u0105 nie tylko obywatele &#8211; wraz z nimi przybywaj\u0105 zwierz\u0119ta domowe. Pies, kot, fretka czy \u015bwinka morska \u2013 one tak\u017ce mog\u0105 wjecha\u0107 do Polski. Warto wiedzie\u0107, co zrobi\u0107 po przyje\u017adzie. &nbsp; Zwierz\u0119ta domowe z Ukrainy mog\u0105 przekroczy\u0107 granic\u0119 z Polsk\u0105 ze swoimi opiekunami. Przyw\u00f3z gryzoni (takich jak \u015bwinki morskie, myszy, [&hellip;]<\/p>\n","protected":false},"author":15,"featured_media":188782,"comment_status":"closed","ping_status":"closed","sticky":false,"template":"","format":"standard","meta":{"_monsterinsights_skip_tracking":false,"_monsterinsights_sitenote_active":false,"_monsterinsights_sitenote_note":"","_monsterinsights_sitenote_category":0,"footnotes":"","_links_to":"","_links_to_target":""},"categories":[3,1],"tags":[20853],"class_list":["post-188706","post","type-post","status-publish","format-standard","has-post-thumbnail","hentry","category-gliwice","category-wszystko","tag-wojna-w-ukrainie"],"yoast_head":"<!-- This site is optimized with the Yoast SEO plugin v27.4 - https:\/\/yoast.com\/product\/yoast-seo-wordpress\/ -->\n<title>Zwierz\u0119ta domowe przyjecha\u0142y do Gliwic z Ukrainy. Co dalej? Czy trzeba zalegalizowa\u0107 ich pobyt? - 24GLIWICE - Portal Gliwice | codziennie nowe informacje<\/title>\n<meta name=\"description\" content=\"Zwierz\u0119ta domowe z Ukrainy mog\u0105 przekroczy\u0107 granic\u0119 z Polsk\u0105 ze swoimi opiekunami. Jak zalegalizowa\u0107 pobyt psa, kota albo fretki?\" \/>\n<meta name=\"robots\" content=\"index, follow, max-snippet:-1, max-image-preview:large, max-video-preview:-1\" \/>\n<link rel=\"canonical\" href=\"https:\/\/www.24gliwice.pl\/wiadomosci\/zwierzeta-domowe-przyjechaly-do-gliwic-z-ukrainy-co-dalej-czy-trzeba-zalegalizowac-ich-pobyt\/\" \/>\n<meta property=\"og:locale\" content=\"pl_PL\" \/>\n<meta property=\"og:type\" content=\"article\" \/>\n<meta property=\"og:title\" content=\"Zwierz\u0119ta domowe przyjecha\u0142y do Gliwic z Ukrainy. Co dalej? Czy trzeba zalegalizowa\u0107 ich pobyt? - 24GLIWICE - Portal Gliwice | codziennie nowe informacje\" \/>\n<meta property=\"og:description\" content=\"Zwierz\u0119ta domowe z Ukrainy mog\u0105 przekroczy\u0107 granic\u0119 z Polsk\u0105 ze swoimi opiekunami. Jak zalegalizowa\u0107 pobyt psa, kota albo fretki?\" \/>\n<meta property=\"og:url\" content=\"https:\/\/www.24gliwice.pl\/wiadomosci\/zwierzeta-domowe-przyjechaly-do-gliwic-z-ukrainy-co-dalej-czy-trzeba-zalegalizowac-ich-pobyt\/\" \/>\n<meta property=\"og:site_name\" content=\"24GLIWICE - Portal Gliwice | codziennie nowe informacje\" \/>\n<meta property=\"article:publisher\" content=\"https:\/\/www.facebook.com\/24gliwice\" \/>\n<meta property=\"article:published_time\" content=\"2022-03-20T01:22:40+00:00\" \/>\n<meta property=\"article:modified_time\" content=\"2022-03-20T23:29:34+00:00\" \/>\n<meta property=\"og:image\" content=\"https:\/\/www.24gliwice.pl\/wiadomosci\/wp-content\/uploads\/2022\/03\/zwierzeta-weterynarz-pexels-tima-miroshnichenko-6235107.jpg\" \/>\n\t<meta property=\"og:image:width\" content=\"810\" \/>\n\t<meta property=\"og:image:height\" content=\"456\" \/>\n\t<meta property=\"og:image:type\" content=\"image\/jpeg\" \/>\n<meta name=\"author\" content=\"\u017baneta Mrozek-Siewierska\" \/>\n<meta name=\"twitter:card\" content=\"summary_large_image\" \/>\n<meta name=\"twitter:creator\" content=\"@24gliwice\" \/>\n<meta name=\"twitter:site\" content=\"@24gliwice\" \/>\n<meta name=\"twitter:label1\" content=\"Napisane przez\" \/>\n\t<meta name=\"twitter:data1\" content=\"\u017baneta Mrozek-Siewierska\" \/>\n\t<meta name=\"twitter:label2\" content=\"Szacowany czas czytania\" \/>\n\t<meta name=\"twitter:data2\" content=\"1 minuta\" \/>\n<script type=\"application\/ld+json\" class=\"yoast-schema-graph\">{\"@context\":\"https:\\\/\\\/schema.org\",\"@graph\":[{\"@type\":\"Article\",\"@id\":\"https:\\\/\\\/www.24gliwice.pl\\\/wiadomosci\\\/zwierzeta-domowe-przyjechaly-do-gliwic-z-ukrainy-co-dalej-czy-trzeba-zalegalizowac-ich-pobyt\\\/#article\",\"isPartOf\":{\"@id\":\"https:\\\/\\\/www.24gliwice.pl\\\/wiadomosci\\\/zwierzeta-domowe-przyjechaly-do-gliwic-z-ukrainy-co-dalej-czy-trzeba-zalegalizowac-ich-pobyt\\\/\"},\"author\":{\"name\":\"\u017baneta Mrozek-Siewierska\",\"@id\":\"https:\\\/\\\/www.24gliwice.pl\\\/wiadomosci\\\/#\\\/schema\\\/person\\\/e42c650edd7f2fa332be3811fb166b6e\"},\"headline\":\"Zwierz\u0119ta domowe przyjecha\u0142y do Gliwic z Ukrainy. Co dalej? Czy trzeba zalegalizowa\u0107 ich pobyt?\",\"datePublished\":\"2022-03-20T01:22:40+00:00\",\"dateModified\":\"2022-03-20T23:29:34+00:00\",\"mainEntityOfPage\":{\"@id\":\"https:\\\/\\\/www.24gliwice.pl\\\/wiadomosci\\\/zwierzeta-domowe-przyjechaly-do-gliwic-z-ukrainy-co-dalej-czy-trzeba-zalegalizowac-ich-pobyt\\\/\"},\"wordCount\":281,\"publisher\":{\"@id\":\"https:\\\/\\\/www.24gliwice.pl\\\/wiadomosci\\\/#organization\"},\"image\":{\"@id\":\"https:\\\/\\\/www.24gliwice.pl\\\/wiadomosci\\\/zwierzeta-domowe-przyjechaly-do-gliwic-z-ukrainy-co-dalej-czy-trzeba-zalegalizowac-ich-pobyt\\\/#primaryimage\"},\"thumbnailUrl\":\"https:\\\/\\\/www.24gliwice.pl\\\/wiadomosci\\\/wp-content\\\/uploads\\\/2022\\\/03\\\/zwierzeta-weterynarz-pexels-tima-miroshnichenko-6235107.jpg\",\"keywords\":[\"wojna w ukrainie\"],\"articleSection\":[\"Gliwice\",\"Najnowsze wiadomo\u015bci\"],\"inLanguage\":\"pl-PL\"},{\"@type\":\"WebPage\",\"@id\":\"https:\\\/\\\/www.24gliwice.pl\\\/wiadomosci\\\/zwierzeta-domowe-przyjechaly-do-gliwic-z-ukrainy-co-dalej-czy-trzeba-zalegalizowac-ich-pobyt\\\/\",\"url\":\"https:\\\/\\\/www.24gliwice.pl\\\/wiadomosci\\\/zwierzeta-domowe-przyjechaly-do-gliwic-z-ukrainy-co-dalej-czy-trzeba-zalegalizowac-ich-pobyt\\\/\",\"name\":\"Zwierz\u0119ta domowe przyjecha\u0142y do Gliwic z Ukrainy. Co dalej? Czy trzeba zalegalizowa\u0107 ich pobyt? - 24GLIWICE - Portal Gliwice | codziennie nowe informacje\",\"isPartOf\":{\"@id\":\"https:\\\/\\\/www.24gliwice.pl\\\/wiadomosci\\\/#website\"},\"primaryImageOfPage\":{\"@id\":\"https:\\\/\\\/www.24gliwice.pl\\\/wiadomosci\\\/zwierzeta-domowe-przyjechaly-do-gliwic-z-ukrainy-co-dalej-czy-trzeba-zalegalizowac-ich-pobyt\\\/#primaryimage\"},\"image\":{\"@id\":\"https:\\\/\\\/www.24gliwice.pl\\\/wiadomosci\\\/zwierzeta-domowe-przyjechaly-do-gliwic-z-ukrainy-co-dalej-czy-trzeba-zalegalizowac-ich-pobyt\\\/#primaryimage\"},\"thumbnailUrl\":\"https:\\\/\\\/www.24gliwice.pl\\\/wiadomosci\\\/wp-content\\\/uploads\\\/2022\\\/03\\\/zwierzeta-weterynarz-pexels-tima-miroshnichenko-6235107.jpg\",\"datePublished\":\"2022-03-20T01:22:40+00:00\",\"dateModified\":\"2022-03-20T23:29:34+00:00\",\"description\":\"Zwierz\u0119ta domowe z Ukrainy mog\u0105 przekroczy\u0107 granic\u0119 z Polsk\u0105 ze swoimi opiekunami. Jak zalegalizowa\u0107 pobyt psa, kota albo fretki?\",\"breadcrumb\":{\"@id\":\"https:\\\/\\\/www.24gliwice.pl\\\/wiadomosci\\\/zwierzeta-domowe-przyjechaly-do-gliwic-z-ukrainy-co-dalej-czy-trzeba-zalegalizowac-ich-pobyt\\\/#breadcrumb\"},\"inLanguage\":\"pl-PL\",\"potentialAction\":[{\"@type\":\"ReadAction\",\"target\":[\"https:\\\/\\\/www.24gliwice.pl\\\/wiadomosci\\\/zwierzeta-domowe-przyjechaly-do-gliwic-z-ukrainy-co-dalej-czy-trzeba-zalegalizowac-ich-pobyt\\\/\"]}]},{\"@type\":\"ImageObject\",\"inLanguage\":\"pl-PL\",\"@id\":\"https:\\\/\\\/www.24gliwice.pl\\\/wiadomosci\\\/zwierzeta-domowe-przyjechaly-do-gliwic-z-ukrainy-co-dalej-czy-trzeba-zalegalizowac-ich-pobyt\\\/#primaryimage\",\"url\":\"https:\\\/\\\/www.24gliwice.pl\\\/wiadomosci\\\/wp-content\\\/uploads\\\/2022\\\/03\\\/zwierzeta-weterynarz-pexels-tima-miroshnichenko-6235107.jpg\",\"contentUrl\":\"https:\\\/\\\/www.24gliwice.pl\\\/wiadomosci\\\/wp-content\\\/uploads\\\/2022\\\/03\\\/zwierzeta-weterynarz-pexels-tima-miroshnichenko-6235107.jpg\",\"width\":810,\"height\":456},{\"@type\":\"BreadcrumbList\",\"@id\":\"https:\\\/\\\/www.24gliwice.pl\\\/wiadomosci\\\/zwierzeta-domowe-przyjechaly-do-gliwic-z-ukrainy-co-dalej-czy-trzeba-zalegalizowac-ich-pobyt\\\/#breadcrumb\",\"itemListElement\":[{\"@type\":\"ListItem\",\"position\":1,\"name\":\"Strona g\u0142\u00f3wna\",\"item\":\"https:\\\/\\\/www.24gliwice.pl\\\/wiadomosci\\\/\"},{\"@type\":\"ListItem\",\"position\":2,\"name\":\"Zwierz\u0119ta domowe przyjecha\u0142y do Gliwic z Ukrainy. Co dalej? Czy trzeba zalegalizowa\u0107 ich pobyt?\"}]},{\"@type\":\"WebSite\",\"@id\":\"https:\\\/\\\/www.24gliwice.pl\\\/wiadomosci\\\/#website\",\"url\":\"https:\\\/\\\/www.24gliwice.pl\\\/wiadomosci\\\/\",\"name\":\"24GLIWICE - Portal Gliwice | codziennie nowe wiadomo\u015bci\",\"description\":\"Portal Miejski Gliwice\",\"publisher\":{\"@id\":\"https:\\\/\\\/www.24gliwice.pl\\\/wiadomosci\\\/#organization\"},\"potentialAction\":[{\"@type\":\"SearchAction\",\"target\":{\"@type\":\"EntryPoint\",\"urlTemplate\":\"https:\\\/\\\/www.24gliwice.pl\\\/wiadomosci\\\/?s={search_term_string}\"},\"query-input\":{\"@type\":\"PropertyValueSpecification\",\"valueRequired\":true,\"valueName\":\"search_term_string\"}}],\"inLanguage\":\"pl-PL\"},{\"@type\":\"Organization\",\"@id\":\"https:\\\/\\\/www.24gliwice.pl\\\/wiadomosci\\\/#organization\",\"name\":\"24gliwice\",\"url\":\"https:\\\/\\\/www.24gliwice.pl\\\/wiadomosci\\\/\",\"logo\":{\"@type\":\"ImageObject\",\"inLanguage\":\"pl-PL\",\"@id\":\"https:\\\/\\\/www.24gliwice.pl\\\/wiadomosci\\\/#\\\/schema\\\/logo\\\/image\\\/\",\"url\":\"https:\\\/\\\/www.24gliwice.pl\\\/wiadomosci\\\/wp-content\\\/uploads\\\/2024\\\/10\\\/24gliwice-logo-696.jpg\",\"contentUrl\":\"https:\\\/\\\/www.24gliwice.pl\\\/wiadomosci\\\/wp-content\\\/uploads\\\/2024\\\/10\\\/24gliwice-logo-696.jpg\",\"width\":696,\"height\":696,\"caption\":\"24gliwice\"},\"image\":{\"@id\":\"https:\\\/\\\/www.24gliwice.pl\\\/wiadomosci\\\/#\\\/schema\\\/logo\\\/image\\\/\"},\"sameAs\":[\"https:\\\/\\\/www.facebook.com\\\/24gliwice\",\"https:\\\/\\\/x.com\\\/24gliwice\",\"https:\\\/\\\/www.youtube.com\\\/@24gliwice\"]},{\"@type\":\"Person\",\"@id\":\"https:\\\/\\\/www.24gliwice.pl\\\/wiadomosci\\\/#\\\/schema\\\/person\\\/e42c650edd7f2fa332be3811fb166b6e\",\"name\":\"\u017baneta Mrozek-Siewierska\",\"image\":{\"@type\":\"ImageObject\",\"inLanguage\":\"pl-PL\",\"@id\":\"https:\\\/\\\/www.24gliwice.pl\\\/wiadomosci\\\/wp-content\\\/uploads\\\/2021\\\/11\\\/Zaneta-M_S-zdjecie-czb-96x96.jpg\",\"url\":\"https:\\\/\\\/www.24gliwice.pl\\\/wiadomosci\\\/wp-content\\\/uploads\\\/2021\\\/11\\\/Zaneta-M_S-zdjecie-czb-96x96.jpg\",\"contentUrl\":\"https:\\\/\\\/www.24gliwice.pl\\\/wiadomosci\\\/wp-content\\\/uploads\\\/2021\\\/11\\\/Zaneta-M_S-zdjecie-czb-96x96.jpg\",\"caption\":\"\u017baneta Mrozek-Siewierska\"},\"url\":\"https:\\\/\\\/www.24gliwice.pl\\\/wiadomosci\\\/author\\\/zms\\\/\"}]}<\/script>\n<!-- \/ Yoast SEO plugin. -->","yoast_head_json":{"title":"Zwierz\u0119ta domowe przyjecha\u0142y do Gliwic z Ukrainy. Co dalej? Czy trzeba zalegalizowa\u0107 ich pobyt? - 24GLIWICE - Portal Gliwice | codziennie nowe informacje","description":"Zwierz\u0119ta domowe z Ukrainy mog\u0105 przekroczy\u0107 granic\u0119 z Polsk\u0105 ze swoimi opiekunami. Jak zalegalizowa\u0107 pobyt psa, kota albo fretki?","robots":{"index":"index","follow":"follow","max-snippet":"max-snippet:-1","max-image-preview":"max-image-preview:large","max-video-preview":"max-video-preview:-1"},"canonical":"https:\/\/www.24gliwice.pl\/wiadomosci\/zwierzeta-domowe-przyjechaly-do-gliwic-z-ukrainy-co-dalej-czy-trzeba-zalegalizowac-ich-pobyt\/","og_locale":"pl_PL","og_type":"article","og_title":"Zwierz\u0119ta domowe przyjecha\u0142y do Gliwic z Ukrainy. Co dalej? Czy trzeba zalegalizowa\u0107 ich pobyt? - 24GLIWICE - Portal Gliwice | codziennie nowe informacje","og_description":"Zwierz\u0119ta domowe z Ukrainy mog\u0105 przekroczy\u0107 granic\u0119 z Polsk\u0105 ze swoimi opiekunami. Jak zalegalizowa\u0107 pobyt psa, kota albo fretki?","og_url":"https:\/\/www.24gliwice.pl\/wiadomosci\/zwierzeta-domowe-przyjechaly-do-gliwic-z-ukrainy-co-dalej-czy-trzeba-zalegalizowac-ich-pobyt\/","og_site_name":"24GLIWICE - Portal Gliwice | codziennie nowe informacje","article_publisher":"https:\/\/www.facebook.com\/24gliwice","article_published_time":"2022-03-20T01:22:40+00:00","article_modified_time":"2022-03-20T23:29:34+00:00","og_image":[{"width":810,"height":456,"url":"https:\/\/www.24gliwice.pl\/wiadomosci\/wp-content\/uploads\/2022\/03\/zwierzeta-weterynarz-pexels-tima-miroshnichenko-6235107.jpg","type":"image\/jpeg"}],"author":"\u017baneta Mrozek-Siewierska","twitter_card":"summary_large_image","twitter_creator":"@24gliwice","twitter_site":"@24gliwice","twitter_misc":{"Napisane przez":"\u017baneta Mrozek-Siewierska","Szacowany czas czytania":"1 minuta"},"schema":{"@context":"https:\/\/schema.org","@graph":[{"@type":"Article","@id":"https:\/\/www.24gliwice.pl\/wiadomosci\/zwierzeta-domowe-przyjechaly-do-gliwic-z-ukrainy-co-dalej-czy-trzeba-zalegalizowac-ich-pobyt\/#article","isPartOf":{"@id":"https:\/\/www.24gliwice.pl\/wiadomosci\/zwierzeta-domowe-przyjechaly-do-gliwic-z-ukrainy-co-dalej-czy-trzeba-zalegalizowac-ich-pobyt\/"},"author":{"name":"\u017baneta Mrozek-Siewierska","@id":"https:\/\/www.24gliwice.pl\/wiadomosci\/#\/schema\/person\/e42c650edd7f2fa332be3811fb166b6e"},"headline":"Zwierz\u0119ta domowe przyjecha\u0142y do Gliwic z Ukrainy. Co dalej? Czy trzeba zalegalizowa\u0107 ich pobyt?","datePublished":"2022-03-20T01:22:40+00:00","dateModified":"2022-03-20T23:29:34+00:00","mainEntityOfPage":{"@id":"https:\/\/www.24gliwice.pl\/wiadomosci\/zwierzeta-domowe-przyjechaly-do-gliwic-z-ukrainy-co-dalej-czy-trzeba-zalegalizowac-ich-pobyt\/"},"wordCount":281,"publisher":{"@id":"https:\/\/www.24gliwice.pl\/wiadomosci\/#organization"},"image":{"@id":"https:\/\/www.24gliwice.pl\/wiadomosci\/zwierzeta-domowe-przyjechaly-do-gliwic-z-ukrainy-co-dalej-czy-trzeba-zalegalizowac-ich-pobyt\/#primaryimage"},"thumbnailUrl":"https:\/\/www.24gliwice.pl\/wiadomosci\/wp-content\/uploads\/2022\/03\/zwierzeta-weterynarz-pexels-tima-miroshnichenko-6235107.jpg","keywords":["wojna w ukrainie"],"articleSection":["Gliwice","Najnowsze wiadomo\u015bci"],"inLanguage":"pl-PL"},{"@type":"WebPage","@id":"https:\/\/www.24gliwice.pl\/wiadomosci\/zwierzeta-domowe-przyjechaly-do-gliwic-z-ukrainy-co-dalej-czy-trzeba-zalegalizowac-ich-pobyt\/","url":"https:\/\/www.24gliwice.pl\/wiadomosci\/zwierzeta-domowe-przyjechaly-do-gliwic-z-ukrainy-co-dalej-czy-trzeba-zalegalizowac-ich-pobyt\/","name":"Zwierz\u0119ta domowe przyjecha\u0142y do Gliwic z Ukrainy. Co dalej? Czy trzeba zalegalizowa\u0107 ich pobyt? - 24GLIWICE - Portal Gliwice | codziennie nowe informacje","isPartOf":{"@id":"https:\/\/www.24gliwice.pl\/wiadomosci\/#website"},"primaryImageOfPage":{"@id":"https:\/\/www.24gliwice.pl\/wiadomosci\/zwierzeta-domowe-przyjechaly-do-gliwic-z-ukrainy-co-dalej-czy-trzeba-zalegalizowac-ich-pobyt\/#primaryimage"},"image":{"@id":"https:\/\/www.24gliwice.pl\/wiadomosci\/zwierzeta-domowe-przyjechaly-do-gliwic-z-ukrainy-co-dalej-czy-trzeba-zalegalizowac-ich-pobyt\/#primaryimage"},"thumbnailUrl":"https:\/\/www.24gliwice.pl\/wiadomosci\/wp-content\/uploads\/2022\/03\/zwierzeta-weterynarz-pexels-tima-miroshnichenko-6235107.jpg","datePublished":"2022-03-20T01:22:40+00:00","dateModified":"2022-03-20T23:29:34+00:00","description":"Zwierz\u0119ta domowe z Ukrainy mog\u0105 przekroczy\u0107 granic\u0119 z Polsk\u0105 ze swoimi opiekunami. Jak zalegalizowa\u0107 pobyt psa, kota albo fretki?","breadcrumb":{"@id":"https:\/\/www.24gliwice.pl\/wiadomosci\/zwierzeta-domowe-przyjechaly-do-gliwic-z-ukrainy-co-dalej-czy-trzeba-zalegalizowac-ich-pobyt\/#breadcrumb"},"inLanguage":"pl-PL","potentialAction":[{"@type":"ReadAction","target":["https:\/\/www.24gliwice.pl\/wiadomosci\/zwierzeta-domowe-przyjechaly-do-gliwic-z-ukrainy-co-dalej-czy-trzeba-zalegalizowac-ich-pobyt\/"]}]},{"@type":"ImageObject","inLanguage":"pl-PL","@id":"https:\/\/www.24gliwice.pl\/wiadomosci\/zwierzeta-domowe-przyjechaly-do-gliwic-z-ukrainy-co-dalej-czy-trzeba-zalegalizowac-ich-pobyt\/#primaryimage","url":"https:\/\/www.24gliwice.pl\/wiadomosci\/wp-content\/uploads\/2022\/03\/zwierzeta-weterynarz-pexels-tima-miroshnichenko-6235107.jpg","contentUrl":"https:\/\/www.24gliwice.pl\/wiadomosci\/wp-content\/uploads\/2022\/03\/zwierzeta-weterynarz-pexels-tima-miroshnichenko-6235107.jpg","width":810,"height":456},{"@type":"BreadcrumbList","@id":"https:\/\/www.24gliwice.pl\/wiadomosci\/zwierzeta-domowe-przyjechaly-do-gliwic-z-ukrainy-co-dalej-czy-trzeba-zalegalizowac-ich-pobyt\/#breadcrumb","itemListElement":[{"@type":"ListItem","position":1,"name":"Strona g\u0142\u00f3wna","item":"https:\/\/www.24gliwice.pl\/wiadomosci\/"},{"@type":"ListItem","position":2,"name":"Zwierz\u0119ta domowe przyjecha\u0142y do Gliwic z Ukrainy. Co dalej? Czy trzeba zalegalizowa\u0107 ich pobyt?"}]},{"@type":"WebSite","@id":"https:\/\/www.24gliwice.pl\/wiadomosci\/#website","url":"https:\/\/www.24gliwice.pl\/wiadomosci\/","name":"24GLIWICE - Portal Gliwice | codziennie nowe wiadomo\u015bci","description":"Portal Miejski Gliwice","publisher":{"@id":"https:\/\/www.24gliwice.pl\/wiadomosci\/#organization"},"potentialAction":[{"@type":"SearchAction","target":{"@type":"EntryPoint","urlTemplate":"https:\/\/www.24gliwice.pl\/wiadomosci\/?s={search_term_string}"},"query-input":{"@type":"PropertyValueSpecification","valueRequired":true,"valueName":"search_term_string"}}],"inLanguage":"pl-PL"},{"@type":"Organization","@id":"https:\/\/www.24gliwice.pl\/wiadomosci\/#organization","name":"24gliwice","url":"https:\/\/www.24gliwice.pl\/wiadomosci\/","logo":{"@type":"ImageObject","inLanguage":"pl-PL","@id":"https:\/\/www.24gliwice.pl\/wiadomosci\/#\/schema\/logo\/image\/","url":"https:\/\/www.24gliwice.pl\/wiadomosci\/wp-content\/uploads\/2024\/10\/24gliwice-logo-696.jpg","contentUrl":"https:\/\/www.24gliwice.pl\/wiadomosci\/wp-content\/uploads\/2024\/10\/24gliwice-logo-696.jpg","width":696,"height":696,"caption":"24gliwice"},"image":{"@id":"https:\/\/www.24gliwice.pl\/wiadomosci\/#\/schema\/logo\/image\/"},"sameAs":["https:\/\/www.facebook.com\/24gliwice","https:\/\/x.com\/24gliwice","https:\/\/www.youtube.com\/@24gliwice"]},{"@type":"Person","@id":"https:\/\/www.24gliwice.pl\/wiadomosci\/#\/schema\/person\/e42c650edd7f2fa332be3811fb166b6e","name":"\u017baneta Mrozek-Siewierska","image":{"@type":"ImageObject","inLanguage":"pl-PL","@id":"https:\/\/www.24gliwice.pl\/wiadomosci\/wp-content\/uploads\/2021\/11\/Zaneta-M_S-zdjecie-czb-96x96.jpg","url":"https:\/\/www.24gliwice.pl\/wiadomosci\/wp-content\/uploads\/2021\/11\/Zaneta-M_S-zdjecie-czb-96x96.jpg","contentUrl":"https:\/\/www.24gliwice.pl\/wiadomosci\/wp-content\/uploads\/2021\/11\/Zaneta-M_S-zdjecie-czb-96x96.jpg","caption":"\u017baneta Mrozek-Siewierska"},"url":"https:\/\/www.24gliwice.pl\/wiadomosci\/author\/zms\/"}]}},"_links":{"self":[{"href":"https:\/\/www.24gliwice.pl\/wiadomosci\/wp-json\/wp\/v2\/posts\/188706","targetHints":{"allow":["GET"]}}],"collection":[{"href":"https:\/\/www.24gliwice.pl\/wiadomosci\/wp-json\/wp\/v2\/posts"}],"about":[{"href":"https:\/\/www.24gliwice.pl\/wiadomosci\/wp-json\/wp\/v2\/types\/post"}],"author":[{"embeddable":true,"href":"https:\/\/www.24gliwice.pl\/wiadomosci\/wp-json\/wp\/v2\/users\/15"}],"replies":[{"embeddable":true,"href":"https:\/\/www.24gliwice.pl\/wiadomosci\/wp-json\/wp\/v2\/comments?post=188706"}],"version-history":[{"count":4,"href":"https:\/\/www.24gliwice.pl\/wiadomosci\/wp-json\/wp\/v2\/posts\/188706\/revisions"}],"predecessor-version":[{"id":188799,"href":"https:\/\/www.24gliwice.pl\/wiadomosci\/wp-json\/wp\/v2\/posts\/188706\/revisions\/188799"}],"wp:featuredmedia":[{"embeddable":true,"href":"https:\/\/www.24gliwice.pl\/wiadomosci\/wp-json\/wp\/v2\/media\/188782"}],"wp:attachment":[{"href":"https:\/\/www.24gliwice.pl\/wiadomosci\/wp-json\/wp\/v2\/media?parent=188706"}],"wp:term":[{"taxonomy":"category","embeddable":true,"href":"https:\/\/www.24gliwice.pl\/wiadomosci\/wp-json\/wp\/v2\/categories?post=188706"},{"taxonomy":"post_tag","embeddable":true,"href":"https:\/\/www.24gliwice.pl\/wiadomosci\/wp-json\/wp\/v2\/tags?post=188706"}],"curies":[{"name":"wp","href":"https:\/\/api.w.org\/{rel}","templated":true}]}}