{"id":188949,"date":"2022-03-22T14:17:37","date_gmt":"2022-03-22T13:17:37","guid":{"rendered":"https:\/\/www.24gliwice.pl\/wiadomosci\/?p=188949"},"modified":"2022-03-23T09:56:59","modified_gmt":"2022-03-23T08:56:59","slug":"popek-linkiewicz-nitrozyniak-i-unboxall-w-hali-arena-gliwice-przed-nami-kolejna-gala-fame-mma","status":"publish","type":"post","link":"https:\/\/www.24gliwice.pl\/wiadomosci\/popek-linkiewicz-nitrozyniak-i-unboxall-w-hali-arena-gliwice-przed-nami-kolejna-gala-fame-mma\/","title":{"rendered":"Popek, Linkiewicz, Nitrozyniak i Unboxall w hali Arena Gliwice. Przed nami kolejna gala Fame MMA"},"content":{"rendered":"<div class=\"gliwi-a6-nad-leadem-artykulow gliwi-entity-placement\" id=\"gliwi-4008843507\"><div class=\"gliwi-adlabel\"><span style=\"font-size: 9px\">REKLAMA<\/span><\/div><div id=\"gliwi-2956995238\" style=\"margin-bottom: 30px;margin-left: auto;margin-right: auto;text-align: center;\"><a data-no-instant=\"1\" href=\"https:\/\/przedszkole.halogen.org.pl\/\" rel=\"noopener\" class=\"a2t-link\" target=\"_blank\" aria-label=\"20260402-ANIMATOR-przedszkole_grafika_750x200\"><img loading=\"lazy\" decoding=\"async\" src=\"https:\/\/www.24gliwice.pl\/wiadomosci\/wp-content\/uploads\/2026\/04\/20260402-ANIMATOR-przedszkole_grafika_750x200.webp\" alt=\"\"  srcset=\"https:\/\/www.24gliwice.pl\/wiadomosci\/wp-content\/uploads\/2026\/04\/20260402-ANIMATOR-przedszkole_grafika_750x200.webp 750w, https:\/\/www.24gliwice.pl\/wiadomosci\/wp-content\/uploads\/2026\/04\/20260402-ANIMATOR-przedszkole_grafika_750x200-410x109.webp 410w\" sizes=\"(max-width: 750px) 100vw, 750px\" class=\"no-lazyload\" width=\"750\" height=\"200\"  style=\"display: inline-block; max-width: 100%; height: auto;\" \/><\/a><\/div><\/div><h2>Przed nami kolejna gala freak fightowa w hali Arena Gliwice. Kontrowersyjne wydarzenie, jakim jest Fame MMA, zgromadzi w obiekcie przy ul. Akademickiej znanych celebryt\u00f3w, youtuber\u00f3w, raper\u00f3w i influencer\u00f3w.<\/h2>\n<p>&nbsp;<br \/>\nWydarzenie odb\u0119dzie si\u0119 ju\u017c w najbli\u017csz\u0105 sobot\u0119, 26 marca. Start o godzinie 20:00. Nieliczne wej\u015bci\u00f3wki s\u0105 jeszcze dost\u0119pne. <\/p>\n<p>&#8211; <em>FAME MMA to wydarzenie, kt\u00f3rego nie trzeba nikomu przedstawia\u0107. Jest to zdecydowanie najwi\u0119ksze wydarzenie sportowe i rozrywkowe w naszym kraju. Rok 2022 b\u0119dzie ca\u0142kiem nowym rozdzia\u0142em dla tej Federacji. Co oznacza nowy rozdzia\u0142? Nowy rozdzia\u0142 oznacza \u015bwie\u017ce konflikty, nowe gwiazdy federacji i jeszcze wi\u0119cej fame&#8217;u. Organizatorzy pracuj\u0105 nad wyj\u0105tkow\u0105 kart\u0105 walk<\/em> &#8211; czytamy w zapowiedzi eventu na stronie empiku. <\/p><div class=\"gliwi-a3-w-tresci-artykulow gliwi-entity-placement\" id=\"gliwi-2816457502\"><div class=\"gliwi-adlabel\"><span style=\"font-size: 9px\">REKLAMA<\/span><\/div><div id=\"gliwi-446103124\" style=\"margin-bottom: 30px;margin-left: auto;margin-right: auto;text-align: center;\"><a data-no-instant=\"1\" href=\"https:\/\/zlobek.halogen.org.pl\/\" rel=\"noopener\" class=\"a2t-link\" target=\"_blank\" aria-label=\"animator-zlobek_750x200\"><img loading=\"lazy\" decoding=\"async\" src=\"https:\/\/www.24gliwice.pl\/wiadomosci\/wp-content\/uploads\/2026\/02\/animator-zlobek_750x200.webp\" alt=\"\"  srcset=\"https:\/\/www.24gliwice.pl\/wiadomosci\/wp-content\/uploads\/2026\/02\/animator-zlobek_750x200.webp 750w, https:\/\/www.24gliwice.pl\/wiadomosci\/wp-content\/uploads\/2026\/02\/animator-zlobek_750x200-410x109.webp 410w\" sizes=\"(max-width: 750px) 100vw, 750px\" class=\"no-lazyload\" width=\"750\" height=\"200\"  style=\"display: inline-block; max-width: 100%; height: auto;\" \/><\/a><\/div><\/div>\n<h4>Jak na FAME MMA przysta\u0142o, nie ob\u0119dzie si\u0119 bez dym\u00f3w, ostrej walki i niespodziewanych zwrot\u00f3w akcji. 18 zawodnik\u00f3w, 9 walk i Arena Gliwice wype\u0142niona gwiazdami sportu, Instagrama, Tik Toka, Twitcha i YouTube&#8217;a.<\/h4>\n<p>Walk\u0119 wieczoru rozegra jeden z najpopularniejszych streamer\u00f3w e-sportu, Nitrozyniak oraz tw\u00f3rca internetowy znany z efektownego otwierania paczek i wystrza\u0142owych pomys\u0142\u00f3w, Unboxall, kt\u00f3rego kana\u0142 doczeka\u0142 si\u0119 prawie 2 milion\u00f3w subskrybent\u00f3w.<\/p>\n<p><iframe loading=\"lazy\" width=\"810\" height=\"455\" src=\"https:\/\/www.youtube.com\/embed\/yFFeV-B8EWA\" title=\"YouTube video player\" frameborder=\"0\" allow=\"accelerometer; autoplay; clipboard-write; encrypted-media; gyroscope; picture-in-picture\" allowfullscreen><\/iframe><\/p>\n<p>Miesi\u0105ce intensywnych trening\u00f3w, hektolitry potu i zaognione konflikty maj\u0105 zaowocowa\u0107 podczas sobotnich star\u0107 ju\u017c pod koniec marca. O wywo\u0142anie gor\u0105czki wra\u017ce\u0144 w gliwickiej Arenie troszczy si\u0119 ca\u0142a ekipa FAME MMA, w\u015br\u00f3d niej <strong>Wojtek Gola<\/strong>, <strong>Boxdel<\/strong>, a od niedawna r\u00f3wnie\u017c kr\u00f3l polskiego Youtube\u2019a, <strong>Sylwester Ward\u0119ga<\/strong>. To m\u00f3wi samo za siebie.<\/p>\n<h4>Kto zawalczy w gliwickiej Arenie?<\/h4>\n<p><strong>\t<\/p>\n<li>Main event:<\/li>\n<p><\/strong><br \/>\nSergiusz &#8220;NITROZYNIAK&#8221; G\u00f3rski vs Pawe\u0142 &#8220;UNBOXALL&#8221; Smektalski<\/p>\n<p><strong>\t<\/p>\n<li>Co-main event:<\/li>\n<p><\/strong><\/p>\n<p>Pawe\u0142 &#8220;Popek&#8221; Miko\u0142ajuw vs Norman \u201eStormin&#8221; Parke<br \/>\nAmadeusz &#8220;FERRARI&#8221; Ro\u015blik vs Adrian &#8220;POLAK&#8221; Pola\u0144ski<br \/>\nKarolina &#8220;WAY OF BLONDE&#8221; Brzuszczy\u0144ska vs Marta &#8220;LINKIMASTER&#8221; Linkiewicz<br \/>\nRobert &#8220;SUTONATOR&#8221; Pasut vs Jakub &#8220;JAPCZAN&#8221; Piotrowicz<br \/>\nPawe\u0142 &#8220;PONCZEK&#8221; Sikora vs Dawid Malczy\u0144ski<br \/>\nPiotr &#8220;SZELI&#8221; Szeliga vs Gabriel &#8220;ARAB&#8221; Al-Sulwi<\/p>\n<p><strong>\t<\/p>\n<li>KARTA WST\u0118PNA<\/li>\n<p><\/strong><\/p>\n<p>Mariusz &#8220;HEJTER&#8221; S\u0142o\u0144ski vs Rafa\u0142 &#8220;TAKEFUN&#8221; G\u00f3rniak<br \/>\nPatryk &#8220;PATRYKOS&#8221; Domke vs Kuba &#8220;KUBA POST&#8221; Post<\/p>\n<p>(\u017bMS)<br \/>\nfot. scr. youtube\/FAME MMA<\/p>\n<div class=\"gliwi-a5-na-koncu-artykulow gliwi-entity-placement\" id=\"gliwi-3789272410\"><div class=\"gliwi-adlabel\"><span style=\"font-size: 9px\">REKLAMA<\/span><\/div><div id=\"gliwi-1749118168\" style=\"margin-left: auto;margin-right: auto;text-align: center;\"><a data-no-instant=\"1\" href=\"https:\/\/prezeroarenagliwice.pl\/\" rel=\"noopener\" class=\"a2t-link\" target=\"_blank\" aria-label=\"20260309-PREZERO-WIOSNA-D\"><img loading=\"lazy\" decoding=\"async\" src=\"https:\/\/www.24gliwice.pl\/wiadomosci\/wp-content\/uploads\/2026\/03\/20260309-PREZERO-WIOSNA-D.webp\" alt=\"\"  srcset=\"https:\/\/www.24gliwice.pl\/wiadomosci\/wp-content\/uploads\/2026\/03\/20260309-PREZERO-WIOSNA-D.webp 750w, https:\/\/www.24gliwice.pl\/wiadomosci\/wp-content\/uploads\/2026\/03\/20260309-PREZERO-WIOSNA-D-410x109.webp 410w\" sizes=\"(max-width: 750px) 100vw, 750px\" class=\"no-lazyload\" width=\"750\" height=\"200\"  style=\"display: inline-block; max-width: 100%; height: auto;\" \/><\/a><\/div><\/div>","protected":false},"excerpt":{"rendered":"<p>Przed nami kolejna gala freak fightowa w hali Arena Gliwice. Kontrowersyjne wydarzenie, jakim jest Fame MMA, zgromadzi w obiekcie przy ul. Akademickiej znanych celebryt\u00f3w, youtuber\u00f3w, raper\u00f3w i influencer\u00f3w. &nbsp; Wydarzenie odb\u0119dzie si\u0119 ju\u017c w najbli\u017csz\u0105 sobot\u0119, 26 marca. Start o godzinie 20:00. Nieliczne wej\u015bci\u00f3wki s\u0105 jeszcze dost\u0119pne. &#8211; FAME MMA to wydarzenie, kt\u00f3rego nie trzeba [&hellip;]<\/p>\n","protected":false},"author":15,"featured_media":188955,"comment_status":"open","ping_status":"closed","sticky":false,"template":"","format":"standard","meta":{"_monsterinsights_skip_tracking":false,"_monsterinsights_sitenote_active":false,"_monsterinsights_sitenote_note":"","_monsterinsights_sitenote_category":0,"footnotes":"","_links_to":"","_links_to_target":""},"categories":[3,6,1],"tags":[],"class_list":["post-188949","post","type-post","status-publish","format-standard","has-post-thumbnail","hentry","category-gliwice","category-kultura","category-wszystko"],"yoast_head":"<!-- This site is optimized with the Yoast SEO plugin v27.4 - https:\/\/yoast.com\/product\/yoast-seo-wordpress\/ -->\n<title>Popek, Linkiewicz, Nitrozyniak i Unboxall w hali Arena Gliwice. Przed nami kolejna gala Fame MMA - 24GLIWICE - Portal Gliwice | codziennie nowe informacje<\/title>\n<meta name=\"description\" content=\"Gala Fame MMA odb\u0119dzie si\u0119 w hali Arena Gliwice w najbli\u017csz\u0105 sobot\u0119, 26 marca. W\u015br\u00f3d walcz\u0105cych osobisto\u015bci m.in. Unboxall i Nitrozyniak\" \/>\n<meta name=\"robots\" content=\"index, follow, max-snippet:-1, max-image-preview:large, max-video-preview:-1\" \/>\n<link rel=\"canonical\" href=\"https:\/\/www.24gliwice.pl\/wiadomosci\/popek-linkiewicz-nitrozyniak-i-unboxall-w-hali-arena-gliwice-przed-nami-kolejna-gala-fame-mma\/\" \/>\n<meta property=\"og:locale\" content=\"pl_PL\" \/>\n<meta property=\"og:type\" content=\"article\" \/>\n<meta property=\"og:title\" content=\"Popek, Linkiewicz, Nitrozyniak i Unboxall w hali Arena Gliwice. Przed nami kolejna gala Fame MMA - 24GLIWICE - Portal Gliwice | codziennie nowe informacje\" \/>\n<meta property=\"og:description\" content=\"Gala Fame MMA odb\u0119dzie si\u0119 w hali Arena Gliwice w najbli\u017csz\u0105 sobot\u0119, 26 marca. W\u015br\u00f3d walcz\u0105cych osobisto\u015bci m.in. Unboxall i Nitrozyniak\" \/>\n<meta property=\"og:url\" content=\"https:\/\/www.24gliwice.pl\/wiadomosci\/popek-linkiewicz-nitrozyniak-i-unboxall-w-hali-arena-gliwice-przed-nami-kolejna-gala-fame-mma\/\" \/>\n<meta property=\"og:site_name\" content=\"24GLIWICE - Portal Gliwice | codziennie nowe informacje\" \/>\n<meta property=\"article:publisher\" content=\"https:\/\/www.facebook.com\/24gliwice\" \/>\n<meta property=\"article:published_time\" content=\"2022-03-22T13:17:37+00:00\" \/>\n<meta property=\"article:modified_time\" content=\"2022-03-23T08:56:59+00:00\" \/>\n<meta property=\"og:image\" content=\"https:\/\/www.24gliwice.pl\/wiadomosci\/wp-content\/uploads\/2022\/03\/2022-03-22.png.jpg\" \/>\n\t<meta property=\"og:image:width\" content=\"810\" \/>\n\t<meta property=\"og:image:height\" content=\"455\" \/>\n\t<meta property=\"og:image:type\" content=\"image\/jpeg\" \/>\n<meta name=\"author\" content=\"\u017baneta Mrozek-Siewierska\" \/>\n<meta name=\"twitter:card\" content=\"summary_large_image\" \/>\n<meta name=\"twitter:creator\" content=\"@24gliwice\" \/>\n<meta name=\"twitter:site\" content=\"@24gliwice\" \/>\n<meta name=\"twitter:label1\" content=\"Napisane przez\" \/>\n\t<meta name=\"twitter:data1\" content=\"\u017baneta Mrozek-Siewierska\" \/>\n\t<meta name=\"twitter:label2\" content=\"Szacowany czas czytania\" \/>\n\t<meta name=\"twitter:data2\" content=\"2 minuty\" \/>\n<script type=\"application\/ld+json\" class=\"yoast-schema-graph\">{\"@context\":\"https:\\\/\\\/schema.org\",\"@graph\":[{\"@type\":\"Article\",\"@id\":\"https:\\\/\\\/www.24gliwice.pl\\\/wiadomosci\\\/popek-linkiewicz-nitrozyniak-i-unboxall-w-hali-arena-gliwice-przed-nami-kolejna-gala-fame-mma\\\/#article\",\"isPartOf\":{\"@id\":\"https:\\\/\\\/www.24gliwice.pl\\\/wiadomosci\\\/popek-linkiewicz-nitrozyniak-i-unboxall-w-hali-arena-gliwice-przed-nami-kolejna-gala-fame-mma\\\/\"},\"author\":{\"name\":\"\u017baneta Mrozek-Siewierska\",\"@id\":\"https:\\\/\\\/www.24gliwice.pl\\\/wiadomosci\\\/#\\\/schema\\\/person\\\/e42c650edd7f2fa332be3811fb166b6e\"},\"headline\":\"Popek, Linkiewicz, Nitrozyniak i Unboxall w hali Arena Gliwice. Przed nami kolejna gala Fame MMA\",\"datePublished\":\"2022-03-22T13:17:37+00:00\",\"dateModified\":\"2022-03-23T08:56:59+00:00\",\"mainEntityOfPage\":{\"@id\":\"https:\\\/\\\/www.24gliwice.pl\\\/wiadomosci\\\/popek-linkiewicz-nitrozyniak-i-unboxall-w-hali-arena-gliwice-przed-nami-kolejna-gala-fame-mma\\\/\"},\"wordCount\":363,\"commentCount\":0,\"publisher\":{\"@id\":\"https:\\\/\\\/www.24gliwice.pl\\\/wiadomosci\\\/#organization\"},\"image\":{\"@id\":\"https:\\\/\\\/www.24gliwice.pl\\\/wiadomosci\\\/popek-linkiewicz-nitrozyniak-i-unboxall-w-hali-arena-gliwice-przed-nami-kolejna-gala-fame-mma\\\/#primaryimage\"},\"thumbnailUrl\":\"https:\\\/\\\/www.24gliwice.pl\\\/wiadomosci\\\/wp-content\\\/uploads\\\/2022\\\/03\\\/2022-03-22.png.jpg\",\"articleSection\":[\"Gliwice\",\"Kultura, wydarzenia, imprezy\",\"Najnowsze wiadomo\u015bci\"],\"inLanguage\":\"pl-PL\",\"potentialAction\":[{\"@type\":\"CommentAction\",\"name\":\"Comment\",\"target\":[\"https:\\\/\\\/www.24gliwice.pl\\\/wiadomosci\\\/popek-linkiewicz-nitrozyniak-i-unboxall-w-hali-arena-gliwice-przed-nami-kolejna-gala-fame-mma\\\/#respond\"]}]},{\"@type\":\"WebPage\",\"@id\":\"https:\\\/\\\/www.24gliwice.pl\\\/wiadomosci\\\/popek-linkiewicz-nitrozyniak-i-unboxall-w-hali-arena-gliwice-przed-nami-kolejna-gala-fame-mma\\\/\",\"url\":\"https:\\\/\\\/www.24gliwice.pl\\\/wiadomosci\\\/popek-linkiewicz-nitrozyniak-i-unboxall-w-hali-arena-gliwice-przed-nami-kolejna-gala-fame-mma\\\/\",\"name\":\"Popek, Linkiewicz, Nitrozyniak i Unboxall w hali Arena Gliwice. Przed nami kolejna gala Fame MMA - 24GLIWICE - Portal Gliwice | codziennie nowe informacje\",\"isPartOf\":{\"@id\":\"https:\\\/\\\/www.24gliwice.pl\\\/wiadomosci\\\/#website\"},\"primaryImageOfPage\":{\"@id\":\"https:\\\/\\\/www.24gliwice.pl\\\/wiadomosci\\\/popek-linkiewicz-nitrozyniak-i-unboxall-w-hali-arena-gliwice-przed-nami-kolejna-gala-fame-mma\\\/#primaryimage\"},\"image\":{\"@id\":\"https:\\\/\\\/www.24gliwice.pl\\\/wiadomosci\\\/popek-linkiewicz-nitrozyniak-i-unboxall-w-hali-arena-gliwice-przed-nami-kolejna-gala-fame-mma\\\/#primaryimage\"},\"thumbnailUrl\":\"https:\\\/\\\/www.24gliwice.pl\\\/wiadomosci\\\/wp-content\\\/uploads\\\/2022\\\/03\\\/2022-03-22.png.jpg\",\"datePublished\":\"2022-03-22T13:17:37+00:00\",\"dateModified\":\"2022-03-23T08:56:59+00:00\",\"description\":\"Gala Fame MMA odb\u0119dzie si\u0119 w hali Arena Gliwice w najbli\u017csz\u0105 sobot\u0119, 26 marca. W\u015br\u00f3d walcz\u0105cych osobisto\u015bci m.in. Unboxall i Nitrozyniak\",\"breadcrumb\":{\"@id\":\"https:\\\/\\\/www.24gliwice.pl\\\/wiadomosci\\\/popek-linkiewicz-nitrozyniak-i-unboxall-w-hali-arena-gliwice-przed-nami-kolejna-gala-fame-mma\\\/#breadcrumb\"},\"inLanguage\":\"pl-PL\",\"potentialAction\":[{\"@type\":\"ReadAction\",\"target\":[\"https:\\\/\\\/www.24gliwice.pl\\\/wiadomosci\\\/popek-linkiewicz-nitrozyniak-i-unboxall-w-hali-arena-gliwice-przed-nami-kolejna-gala-fame-mma\\\/\"]}]},{\"@type\":\"ImageObject\",\"inLanguage\":\"pl-PL\",\"@id\":\"https:\\\/\\\/www.24gliwice.pl\\\/wiadomosci\\\/popek-linkiewicz-nitrozyniak-i-unboxall-w-hali-arena-gliwice-przed-nami-kolejna-gala-fame-mma\\\/#primaryimage\",\"url\":\"https:\\\/\\\/www.24gliwice.pl\\\/wiadomosci\\\/wp-content\\\/uploads\\\/2022\\\/03\\\/2022-03-22.png.jpg\",\"contentUrl\":\"https:\\\/\\\/www.24gliwice.pl\\\/wiadomosci\\\/wp-content\\\/uploads\\\/2022\\\/03\\\/2022-03-22.png.jpg\",\"width\":810,\"height\":455,\"caption\":\"fot. scr. youtube\\\/FAME MMA\"},{\"@type\":\"BreadcrumbList\",\"@id\":\"https:\\\/\\\/www.24gliwice.pl\\\/wiadomosci\\\/popek-linkiewicz-nitrozyniak-i-unboxall-w-hali-arena-gliwice-przed-nami-kolejna-gala-fame-mma\\\/#breadcrumb\",\"itemListElement\":[{\"@type\":\"ListItem\",\"position\":1,\"name\":\"Strona g\u0142\u00f3wna\",\"item\":\"https:\\\/\\\/www.24gliwice.pl\\\/wiadomosci\\\/\"},{\"@type\":\"ListItem\",\"position\":2,\"name\":\"Popek, Linkiewicz, Nitrozyniak i Unboxall w hali Arena Gliwice. Przed nami kolejna gala Fame MMA\"}]},{\"@type\":\"WebSite\",\"@id\":\"https:\\\/\\\/www.24gliwice.pl\\\/wiadomosci\\\/#website\",\"url\":\"https:\\\/\\\/www.24gliwice.pl\\\/wiadomosci\\\/\",\"name\":\"24GLIWICE - Portal Gliwice | codziennie nowe wiadomo\u015bci\",\"description\":\"Portal Miejski Gliwice\",\"publisher\":{\"@id\":\"https:\\\/\\\/www.24gliwice.pl\\\/wiadomosci\\\/#organization\"},\"potentialAction\":[{\"@type\":\"SearchAction\",\"target\":{\"@type\":\"EntryPoint\",\"urlTemplate\":\"https:\\\/\\\/www.24gliwice.pl\\\/wiadomosci\\\/?s={search_term_string}\"},\"query-input\":{\"@type\":\"PropertyValueSpecification\",\"valueRequired\":true,\"valueName\":\"search_term_string\"}}],\"inLanguage\":\"pl-PL\"},{\"@type\":\"Organization\",\"@id\":\"https:\\\/\\\/www.24gliwice.pl\\\/wiadomosci\\\/#organization\",\"name\":\"24gliwice\",\"url\":\"https:\\\/\\\/www.24gliwice.pl\\\/wiadomosci\\\/\",\"logo\":{\"@type\":\"ImageObject\",\"inLanguage\":\"pl-PL\",\"@id\":\"https:\\\/\\\/www.24gliwice.pl\\\/wiadomosci\\\/#\\\/schema\\\/logo\\\/image\\\/\",\"url\":\"https:\\\/\\\/www.24gliwice.pl\\\/wiadomosci\\\/wp-content\\\/uploads\\\/2024\\\/10\\\/24gliwice-logo-696.jpg\",\"contentUrl\":\"https:\\\/\\\/www.24gliwice.pl\\\/wiadomosci\\\/wp-content\\\/uploads\\\/2024\\\/10\\\/24gliwice-logo-696.jpg\",\"width\":696,\"height\":696,\"caption\":\"24gliwice\"},\"image\":{\"@id\":\"https:\\\/\\\/www.24gliwice.pl\\\/wiadomosci\\\/#\\\/schema\\\/logo\\\/image\\\/\"},\"sameAs\":[\"https:\\\/\\\/www.facebook.com\\\/24gliwice\",\"https:\\\/\\\/x.com\\\/24gliwice\",\"https:\\\/\\\/www.youtube.com\\\/@24gliwice\"]},{\"@type\":\"Person\",\"@id\":\"https:\\\/\\\/www.24gliwice.pl\\\/wiadomosci\\\/#\\\/schema\\\/person\\\/e42c650edd7f2fa332be3811fb166b6e\",\"name\":\"\u017baneta Mrozek-Siewierska\",\"image\":{\"@type\":\"ImageObject\",\"inLanguage\":\"pl-PL\",\"@id\":\"https:\\\/\\\/www.24gliwice.pl\\\/wiadomosci\\\/wp-content\\\/uploads\\\/2021\\\/11\\\/Zaneta-M_S-zdjecie-czb-96x96.jpg\",\"url\":\"https:\\\/\\\/www.24gliwice.pl\\\/wiadomosci\\\/wp-content\\\/uploads\\\/2021\\\/11\\\/Zaneta-M_S-zdjecie-czb-96x96.jpg\",\"contentUrl\":\"https:\\\/\\\/www.24gliwice.pl\\\/wiadomosci\\\/wp-content\\\/uploads\\\/2021\\\/11\\\/Zaneta-M_S-zdjecie-czb-96x96.jpg\",\"caption\":\"\u017baneta Mrozek-Siewierska\"},\"url\":\"https:\\\/\\\/www.24gliwice.pl\\\/wiadomosci\\\/author\\\/zms\\\/\"}]}<\/script>\n<!-- \/ Yoast SEO plugin. -->","yoast_head_json":{"title":"Popek, Linkiewicz, Nitrozyniak i Unboxall w hali Arena Gliwice. Przed nami kolejna gala Fame MMA - 24GLIWICE - Portal Gliwice | codziennie nowe informacje","description":"Gala Fame MMA odb\u0119dzie si\u0119 w hali Arena Gliwice w najbli\u017csz\u0105 sobot\u0119, 26 marca. W\u015br\u00f3d walcz\u0105cych osobisto\u015bci m.in. Unboxall i Nitrozyniak","robots":{"index":"index","follow":"follow","max-snippet":"max-snippet:-1","max-image-preview":"max-image-preview:large","max-video-preview":"max-video-preview:-1"},"canonical":"https:\/\/www.24gliwice.pl\/wiadomosci\/popek-linkiewicz-nitrozyniak-i-unboxall-w-hali-arena-gliwice-przed-nami-kolejna-gala-fame-mma\/","og_locale":"pl_PL","og_type":"article","og_title":"Popek, Linkiewicz, Nitrozyniak i Unboxall w hali Arena Gliwice. Przed nami kolejna gala Fame MMA - 24GLIWICE - Portal Gliwice | codziennie nowe informacje","og_description":"Gala Fame MMA odb\u0119dzie si\u0119 w hali Arena Gliwice w najbli\u017csz\u0105 sobot\u0119, 26 marca. W\u015br\u00f3d walcz\u0105cych osobisto\u015bci m.in. Unboxall i Nitrozyniak","og_url":"https:\/\/www.24gliwice.pl\/wiadomosci\/popek-linkiewicz-nitrozyniak-i-unboxall-w-hali-arena-gliwice-przed-nami-kolejna-gala-fame-mma\/","og_site_name":"24GLIWICE - Portal Gliwice | codziennie nowe informacje","article_publisher":"https:\/\/www.facebook.com\/24gliwice","article_published_time":"2022-03-22T13:17:37+00:00","article_modified_time":"2022-03-23T08:56:59+00:00","og_image":[{"width":810,"height":455,"url":"https:\/\/www.24gliwice.pl\/wiadomosci\/wp-content\/uploads\/2022\/03\/2022-03-22.png.jpg","type":"image\/jpeg"}],"author":"\u017baneta Mrozek-Siewierska","twitter_card":"summary_large_image","twitter_creator":"@24gliwice","twitter_site":"@24gliwice","twitter_misc":{"Napisane przez":"\u017baneta Mrozek-Siewierska","Szacowany czas czytania":"2 minuty"},"schema":{"@context":"https:\/\/schema.org","@graph":[{"@type":"Article","@id":"https:\/\/www.24gliwice.pl\/wiadomosci\/popek-linkiewicz-nitrozyniak-i-unboxall-w-hali-arena-gliwice-przed-nami-kolejna-gala-fame-mma\/#article","isPartOf":{"@id":"https:\/\/www.24gliwice.pl\/wiadomosci\/popek-linkiewicz-nitrozyniak-i-unboxall-w-hali-arena-gliwice-przed-nami-kolejna-gala-fame-mma\/"},"author":{"name":"\u017baneta Mrozek-Siewierska","@id":"https:\/\/www.24gliwice.pl\/wiadomosci\/#\/schema\/person\/e42c650edd7f2fa332be3811fb166b6e"},"headline":"Popek, Linkiewicz, Nitrozyniak i Unboxall w hali Arena Gliwice. Przed nami kolejna gala Fame MMA","datePublished":"2022-03-22T13:17:37+00:00","dateModified":"2022-03-23T08:56:59+00:00","mainEntityOfPage":{"@id":"https:\/\/www.24gliwice.pl\/wiadomosci\/popek-linkiewicz-nitrozyniak-i-unboxall-w-hali-arena-gliwice-przed-nami-kolejna-gala-fame-mma\/"},"wordCount":363,"commentCount":0,"publisher":{"@id":"https:\/\/www.24gliwice.pl\/wiadomosci\/#organization"},"image":{"@id":"https:\/\/www.24gliwice.pl\/wiadomosci\/popek-linkiewicz-nitrozyniak-i-unboxall-w-hali-arena-gliwice-przed-nami-kolejna-gala-fame-mma\/#primaryimage"},"thumbnailUrl":"https:\/\/www.24gliwice.pl\/wiadomosci\/wp-content\/uploads\/2022\/03\/2022-03-22.png.jpg","articleSection":["Gliwice","Kultura, wydarzenia, imprezy","Najnowsze wiadomo\u015bci"],"inLanguage":"pl-PL","potentialAction":[{"@type":"CommentAction","name":"Comment","target":["https:\/\/www.24gliwice.pl\/wiadomosci\/popek-linkiewicz-nitrozyniak-i-unboxall-w-hali-arena-gliwice-przed-nami-kolejna-gala-fame-mma\/#respond"]}]},{"@type":"WebPage","@id":"https:\/\/www.24gliwice.pl\/wiadomosci\/popek-linkiewicz-nitrozyniak-i-unboxall-w-hali-arena-gliwice-przed-nami-kolejna-gala-fame-mma\/","url":"https:\/\/www.24gliwice.pl\/wiadomosci\/popek-linkiewicz-nitrozyniak-i-unboxall-w-hali-arena-gliwice-przed-nami-kolejna-gala-fame-mma\/","name":"Popek, Linkiewicz, Nitrozyniak i Unboxall w hali Arena Gliwice. Przed nami kolejna gala Fame MMA - 24GLIWICE - Portal Gliwice | codziennie nowe informacje","isPartOf":{"@id":"https:\/\/www.24gliwice.pl\/wiadomosci\/#website"},"primaryImageOfPage":{"@id":"https:\/\/www.24gliwice.pl\/wiadomosci\/popek-linkiewicz-nitrozyniak-i-unboxall-w-hali-arena-gliwice-przed-nami-kolejna-gala-fame-mma\/#primaryimage"},"image":{"@id":"https:\/\/www.24gliwice.pl\/wiadomosci\/popek-linkiewicz-nitrozyniak-i-unboxall-w-hali-arena-gliwice-przed-nami-kolejna-gala-fame-mma\/#primaryimage"},"thumbnailUrl":"https:\/\/www.24gliwice.pl\/wiadomosci\/wp-content\/uploads\/2022\/03\/2022-03-22.png.jpg","datePublished":"2022-03-22T13:17:37+00:00","dateModified":"2022-03-23T08:56:59+00:00","description":"Gala Fame MMA odb\u0119dzie si\u0119 w hali Arena Gliwice w najbli\u017csz\u0105 sobot\u0119, 26 marca. W\u015br\u00f3d walcz\u0105cych osobisto\u015bci m.in. Unboxall i Nitrozyniak","breadcrumb":{"@id":"https:\/\/www.24gliwice.pl\/wiadomosci\/popek-linkiewicz-nitrozyniak-i-unboxall-w-hali-arena-gliwice-przed-nami-kolejna-gala-fame-mma\/#breadcrumb"},"inLanguage":"pl-PL","potentialAction":[{"@type":"ReadAction","target":["https:\/\/www.24gliwice.pl\/wiadomosci\/popek-linkiewicz-nitrozyniak-i-unboxall-w-hali-arena-gliwice-przed-nami-kolejna-gala-fame-mma\/"]}]},{"@type":"ImageObject","inLanguage":"pl-PL","@id":"https:\/\/www.24gliwice.pl\/wiadomosci\/popek-linkiewicz-nitrozyniak-i-unboxall-w-hali-arena-gliwice-przed-nami-kolejna-gala-fame-mma\/#primaryimage","url":"https:\/\/www.24gliwice.pl\/wiadomosci\/wp-content\/uploads\/2022\/03\/2022-03-22.png.jpg","contentUrl":"https:\/\/www.24gliwice.pl\/wiadomosci\/wp-content\/uploads\/2022\/03\/2022-03-22.png.jpg","width":810,"height":455,"caption":"fot. scr. youtube\/FAME MMA"},{"@type":"BreadcrumbList","@id":"https:\/\/www.24gliwice.pl\/wiadomosci\/popek-linkiewicz-nitrozyniak-i-unboxall-w-hali-arena-gliwice-przed-nami-kolejna-gala-fame-mma\/#breadcrumb","itemListElement":[{"@type":"ListItem","position":1,"name":"Strona g\u0142\u00f3wna","item":"https:\/\/www.24gliwice.pl\/wiadomosci\/"},{"@type":"ListItem","position":2,"name":"Popek, Linkiewicz, Nitrozyniak i Unboxall w hali Arena Gliwice. Przed nami kolejna gala Fame MMA"}]},{"@type":"WebSite","@id":"https:\/\/www.24gliwice.pl\/wiadomosci\/#website","url":"https:\/\/www.24gliwice.pl\/wiadomosci\/","name":"24GLIWICE - Portal Gliwice | codziennie nowe wiadomo\u015bci","description":"Portal Miejski Gliwice","publisher":{"@id":"https:\/\/www.24gliwice.pl\/wiadomosci\/#organization"},"potentialAction":[{"@type":"SearchAction","target":{"@type":"EntryPoint","urlTemplate":"https:\/\/www.24gliwice.pl\/wiadomosci\/?s={search_term_string}"},"query-input":{"@type":"PropertyValueSpecification","valueRequired":true,"valueName":"search_term_string"}}],"inLanguage":"pl-PL"},{"@type":"Organization","@id":"https:\/\/www.24gliwice.pl\/wiadomosci\/#organization","name":"24gliwice","url":"https:\/\/www.24gliwice.pl\/wiadomosci\/","logo":{"@type":"ImageObject","inLanguage":"pl-PL","@id":"https:\/\/www.24gliwice.pl\/wiadomosci\/#\/schema\/logo\/image\/","url":"https:\/\/www.24gliwice.pl\/wiadomosci\/wp-content\/uploads\/2024\/10\/24gliwice-logo-696.jpg","contentUrl":"https:\/\/www.24gliwice.pl\/wiadomosci\/wp-content\/uploads\/2024\/10\/24gliwice-logo-696.jpg","width":696,"height":696,"caption":"24gliwice"},"image":{"@id":"https:\/\/www.24gliwice.pl\/wiadomosci\/#\/schema\/logo\/image\/"},"sameAs":["https:\/\/www.facebook.com\/24gliwice","https:\/\/x.com\/24gliwice","https:\/\/www.youtube.com\/@24gliwice"]},{"@type":"Person","@id":"https:\/\/www.24gliwice.pl\/wiadomosci\/#\/schema\/person\/e42c650edd7f2fa332be3811fb166b6e","name":"\u017baneta Mrozek-Siewierska","image":{"@type":"ImageObject","inLanguage":"pl-PL","@id":"https:\/\/www.24gliwice.pl\/wiadomosci\/wp-content\/uploads\/2021\/11\/Zaneta-M_S-zdjecie-czb-96x96.jpg","url":"https:\/\/www.24gliwice.pl\/wiadomosci\/wp-content\/uploads\/2021\/11\/Zaneta-M_S-zdjecie-czb-96x96.jpg","contentUrl":"https:\/\/www.24gliwice.pl\/wiadomosci\/wp-content\/uploads\/2021\/11\/Zaneta-M_S-zdjecie-czb-96x96.jpg","caption":"\u017baneta Mrozek-Siewierska"},"url":"https:\/\/www.24gliwice.pl\/wiadomosci\/author\/zms\/"}]}},"_links":{"self":[{"href":"https:\/\/www.24gliwice.pl\/wiadomosci\/wp-json\/wp\/v2\/posts\/188949","targetHints":{"allow":["GET"]}}],"collection":[{"href":"https:\/\/www.24gliwice.pl\/wiadomosci\/wp-json\/wp\/v2\/posts"}],"about":[{"href":"https:\/\/www.24gliwice.pl\/wiadomosci\/wp-json\/wp\/v2\/types\/post"}],"author":[{"embeddable":true,"href":"https:\/\/www.24gliwice.pl\/wiadomosci\/wp-json\/wp\/v2\/users\/15"}],"replies":[{"embeddable":true,"href":"https:\/\/www.24gliwice.pl\/wiadomosci\/wp-json\/wp\/v2\/comments?post=188949"}],"version-history":[{"count":12,"href":"https:\/\/www.24gliwice.pl\/wiadomosci\/wp-json\/wp\/v2\/posts\/188949\/revisions"}],"predecessor-version":[{"id":188961,"href":"https:\/\/www.24gliwice.pl\/wiadomosci\/wp-json\/wp\/v2\/posts\/188949\/revisions\/188961"}],"wp:featuredmedia":[{"embeddable":true,"href":"https:\/\/www.24gliwice.pl\/wiadomosci\/wp-json\/wp\/v2\/media\/188955"}],"wp:attachment":[{"href":"https:\/\/www.24gliwice.pl\/wiadomosci\/wp-json\/wp\/v2\/media?parent=188949"}],"wp:term":[{"taxonomy":"category","embeddable":true,"href":"https:\/\/www.24gliwice.pl\/wiadomosci\/wp-json\/wp\/v2\/categories?post=188949"},{"taxonomy":"post_tag","embeddable":true,"href":"https:\/\/www.24gliwice.pl\/wiadomosci\/wp-json\/wp\/v2\/tags?post=188949"}],"curies":[{"name":"wp","href":"https:\/\/api.w.org\/{rel}","templated":true}]}}