{"id":189092,"date":"2022-03-23T14:47:11","date_gmt":"2022-03-23T13:47:11","guid":{"rendered":"https:\/\/www.24gliwice.pl\/wiadomosci\/?p=189092"},"modified":"2022-03-23T14:47:11","modified_gmt":"2022-03-23T13:47:11","slug":"nie-zabijajcie-dzieci-na-scenie-stara-kotlownia-w-mdk-podczas-koncertow-zaplanowano-zbiorke","status":"publish","type":"post","link":"https:\/\/www.24gliwice.pl\/wiadomosci\/nie-zabijajcie-dzieci-na-scenie-stara-kotlownia-w-mdk-podczas-koncertow-zaplanowano-zbiorke\/","title":{"rendered":"\u201eNie zabijajcie dzieci\u201d na scenie Stara Kot\u0142ownia w MDK. Podczas koncert\u00f3w zaplanowano zbi\u00f3rk\u0119"},"content":{"rendered":"<div class=\"gliwi-a6-nad-leadem-artykulow gliwi-entity-placement\" id=\"gliwi-1501535157\"><div class=\"gliwi-adlabel\"><span style=\"font-size: 9px\">REKLAMA<\/span><\/div><div id=\"gliwi-951660215\" style=\"margin-bottom: 30px;margin-left: auto;margin-right: auto;text-align: center;\"><a data-no-instant=\"1\" href=\"https:\/\/przedszkole.halogen.org.pl\/\" rel=\"noopener\" class=\"a2t-link\" target=\"_blank\" aria-label=\"20260402-ANIMATOR-przedszkole_grafika_750x200\"><img loading=\"lazy\" decoding=\"async\" src=\"https:\/\/www.24gliwice.pl\/wiadomosci\/wp-content\/uploads\/2026\/04\/20260402-ANIMATOR-przedszkole_grafika_750x200.webp\" alt=\"\"  srcset=\"https:\/\/www.24gliwice.pl\/wiadomosci\/wp-content\/uploads\/2026\/04\/20260402-ANIMATOR-przedszkole_grafika_750x200.webp 750w, https:\/\/www.24gliwice.pl\/wiadomosci\/wp-content\/uploads\/2026\/04\/20260402-ANIMATOR-przedszkole_grafika_750x200-410x109.webp 410w\" sizes=\"(max-width: 750px) 100vw, 750px\" class=\"no-lazyload\" width=\"750\" height=\"200\"  style=\"display: inline-block; max-width: 100%; height: auto;\" \/><\/a><\/div><\/div><h2>Na scenie teatru Stara Kot\u0142ownia w M\u0142odzie\u017cowym Domu Kultury (ul. Barlickiego 3) odb\u0119d\u0105 si\u0119 koncerty charytatywne \u201eNie zabijajcie dzieci\u201d. Wsp\u00f3lnie wyst\u0105pi\u0105 dzieci i m\u0142odzie\u017c z Gliwic oraz z Ukrainy.<\/h2>\n<p>&nbsp;<br \/>\nWydarzenia zaplanowano na sobot\u0119, 26 marca, a tak\u017ce poniedzia\u0142ek, 28 marca. Start ka\u017cdorazowo o godzinie 19:00. <\/p>\n<p>&#8211; <em>Us\u0142yszymy poezj\u0119 i utwory wokalne w j\u0119zyku ukrai\u0144skim i polskim w wykonaniu Teatru Magazyn i zespo\u0142u wokalnego Fluktuacja. Za\u015bpiewaj\u0105 r\u00f3wnie\u017c soli\u015bci \u2013 m.in. uczestniczka ukrai\u0144skich konkurs\u00f3w wokalnych Monika Glazer, kt\u00f3ra wykona \u201eModlitw\u0119 za Ukrain\u0119\u201d<\/em> &#8211; zapowiadaj\u0105 organizatorzy. <\/p><div class=\"gliwi-a3-w-tresci-artykulow gliwi-entity-placement\" id=\"gliwi-3641726478\"><div class=\"gliwi-adlabel\"><span style=\"font-size: 9px\">REKLAMA<\/span><\/div><div id=\"gliwi-2826442323\" style=\"margin-bottom: 30px;margin-left: auto;margin-right: auto;text-align: center;\"><a data-no-instant=\"1\" href=\"https:\/\/zlobek.halogen.org.pl\/\" rel=\"noopener\" class=\"a2t-link\" target=\"_blank\" aria-label=\"animator-zlobek_750x200\"><img loading=\"lazy\" decoding=\"async\" src=\"https:\/\/www.24gliwice.pl\/wiadomosci\/wp-content\/uploads\/2026\/02\/animator-zlobek_750x200.webp\" alt=\"\"  srcset=\"https:\/\/www.24gliwice.pl\/wiadomosci\/wp-content\/uploads\/2026\/02\/animator-zlobek_750x200.webp 750w, https:\/\/www.24gliwice.pl\/wiadomosci\/wp-content\/uploads\/2026\/02\/animator-zlobek_750x200-410x109.webp 410w\" sizes=\"(max-width: 750px) 100vw, 750px\" class=\"no-lazyload\" width=\"750\" height=\"200\"  style=\"display: inline-block; max-width: 100%; height: auto;\" \/><\/a><\/div><\/div>\n<p>Tym koncertem m\u0142odzi arty\u015bci chc\u0105 wesprze\u0107 dzia\u0142ania charytatywne na rzecz pomocy dzieciom na Ukrainie. Bezp\u0142atne wej\u015bci\u00f3wki mo\u017cna odebra\u0107 na portierni MDK. Podczas koncertu b\u0119dzie prowadzona zbi\u00f3rka do puszek Caritasu. <\/p>\n<p>(\u017cms)\/(MDK)<br \/>\nfot. arch. 24gliwice.pl<\/p>\n<p><a href=\"https:\/\/www.24gliwice.pl\/wiadomosci\/wp-content\/uploads\/2022\/03\/nie-zabijajcie-dzieci-md-koncerty-plakat.jpg\"><img loading=\"lazy\" decoding=\"async\" src=\"https:\/\/www.24gliwice.pl\/wiadomosci\/wp-content\/uploads\/2022\/03\/nie-zabijajcie-dzieci-md-koncerty-plakat.jpg\" alt=\"\" width=\"880\" height=\"1238\" class=\"alignnone size-full wp-image-189099\" srcset=\"https:\/\/www.24gliwice.pl\/wiadomosci\/wp-content\/uploads\/2022\/03\/nie-zabijajcie-dzieci-md-koncerty-plakat.jpg 880w, https:\/\/www.24gliwice.pl\/wiadomosci\/wp-content\/uploads\/2022\/03\/nie-zabijajcie-dzieci-md-koncerty-plakat-165x232.jpg 165w, https:\/\/www.24gliwice.pl\/wiadomosci\/wp-content\/uploads\/2022\/03\/nie-zabijajcie-dzieci-md-koncerty-plakat-323x455.jpg 323w, https:\/\/www.24gliwice.pl\/wiadomosci\/wp-content\/uploads\/2022\/03\/nie-zabijajcie-dzieci-md-koncerty-plakat-768x1080.jpg 768w, https:\/\/www.24gliwice.pl\/wiadomosci\/wp-content\/uploads\/2022\/03\/nie-zabijajcie-dzieci-md-koncerty-plakat-810x1140.jpg 810w\" sizes=\"auto, (max-width: 880px) 100vw, 880px\" \/><\/a><\/p>\n<div class=\"gliwi-a5-na-koncu-artykulow gliwi-entity-placement\" id=\"gliwi-2893946803\"><div class=\"gliwi-adlabel\"><span style=\"font-size: 9px\">REKLAMA<\/span><\/div><div id=\"gliwi-3423625808\" style=\"margin-left: auto;margin-right: auto;text-align: center;\"><a data-no-instant=\"1\" href=\"https:\/\/www.jasek.pl\/\" rel=\"noopener\" class=\"a2t-link\" target=\"_blank\" aria-label=\"20200401-jasek 600\"><img loading=\"lazy\" decoding=\"async\" src=\"https:\/\/www.24gliwice.pl\/wiadomosci\/wp-content\/uploads\/2020\/04\/20200401-jasek-600.jpg\" alt=\"\"  srcset=\"https:\/\/www.24gliwice.pl\/wiadomosci\/wp-content\/uploads\/2020\/04\/20200401-jasek-600.jpg 600w, https:\/\/www.24gliwice.pl\/wiadomosci\/wp-content\/uploads\/2020\/04\/20200401-jasek-600-410x109.jpg 410w\" sizes=\"(max-width: 600px) 100vw, 600px\" class=\"no-lazyload\" width=\"600\" height=\"160\"  style=\"display: inline-block; max-width: 100%; height: auto;\" \/><\/a><\/div><\/div>","protected":false},"excerpt":{"rendered":"<p>Na scenie teatru Stara Kot\u0142ownia w M\u0142odzie\u017cowym Domu Kultury (ul. Barlickiego 3) odb\u0119d\u0105 si\u0119 koncerty charytatywne \u201eNie zabijajcie dzieci\u201d. Wsp\u00f3lnie wyst\u0105pi\u0105 dzieci i m\u0142odzie\u017c z Gliwic oraz z Ukrainy. &nbsp; Wydarzenia zaplanowano na sobot\u0119, 26 marca, a tak\u017ce poniedzia\u0142ek, 28 marca. Start ka\u017cdorazowo o godzinie 19:00. &#8211; Us\u0142yszymy poezj\u0119 i utwory wokalne w j\u0119zyku ukrai\u0144skim [&hellip;]<\/p>\n","protected":false},"author":15,"featured_media":168164,"comment_status":"closed","ping_status":"closed","sticky":false,"template":"","format":"standard","meta":{"_monsterinsights_skip_tracking":false,"_monsterinsights_sitenote_active":false,"_monsterinsights_sitenote_note":"","_monsterinsights_sitenote_category":0,"footnotes":"","_links_to":"","_links_to_target":""},"categories":[3,6,1],"tags":[],"class_list":["post-189092","post","type-post","status-publish","format-standard","has-post-thumbnail","hentry","category-gliwice","category-kultura","category-wszystko"],"yoast_head":"<!-- This site is optimized with the Yoast SEO plugin v27.4 - https:\/\/yoast.com\/product\/yoast-seo-wordpress\/ -->\n<title>\u201eNie zabijajcie dzieci\u201d na scenie Stara Kot\u0142ownia w MDK. Podczas koncert\u00f3w zaplanowano zbi\u00f3rk\u0119 - 24GLIWICE - Portal Gliwice | codziennie nowe informacje<\/title>\n<meta name=\"description\" content=\"M\u0142odzie\u017cowy Dom Kultury organizuje dwa koncerty pod has\u0142em &quot;Nie zabijajcie dzieci&quot;. Odb\u0119d\u0105 si\u0119 w sobot\u0119, 26 marca, i w poniedzia\u0142ek, 28 marca\" \/>\n<meta name=\"robots\" content=\"index, follow, max-snippet:-1, max-image-preview:large, max-video-preview:-1\" \/>\n<link rel=\"canonical\" href=\"https:\/\/www.24gliwice.pl\/wiadomosci\/nie-zabijajcie-dzieci-na-scenie-stara-kotlownia-w-mdk-podczas-koncertow-zaplanowano-zbiorke\/\" \/>\n<meta property=\"og:locale\" content=\"pl_PL\" \/>\n<meta property=\"og:type\" content=\"article\" \/>\n<meta property=\"og:title\" content=\"\u201eNie zabijajcie dzieci\u201d na scenie Stara Kot\u0142ownia w MDK. Podczas koncert\u00f3w zaplanowano zbi\u00f3rk\u0119 - 24GLIWICE - Portal Gliwice | codziennie nowe informacje\" \/>\n<meta property=\"og:description\" content=\"M\u0142odzie\u017cowy Dom Kultury organizuje dwa koncerty pod has\u0142em &quot;Nie zabijajcie dzieci&quot;. Odb\u0119d\u0105 si\u0119 w sobot\u0119, 26 marca, i w poniedzia\u0142ek, 28 marca\" \/>\n<meta property=\"og:url\" content=\"https:\/\/www.24gliwice.pl\/wiadomosci\/nie-zabijajcie-dzieci-na-scenie-stara-kotlownia-w-mdk-podczas-koncertow-zaplanowano-zbiorke\/\" \/>\n<meta property=\"og:site_name\" content=\"24GLIWICE - Portal Gliwice | codziennie nowe informacje\" \/>\n<meta property=\"article:publisher\" content=\"https:\/\/www.facebook.com\/24gliwice\" \/>\n<meta property=\"article:published_time\" content=\"2022-03-23T13:47:11+00:00\" \/>\n<meta property=\"og:image\" content=\"https:\/\/www.24gliwice.pl\/wiadomosci\/wp-content\/uploads\/2021\/04\/mdk-2.jpg\" \/>\n\t<meta property=\"og:image:width\" content=\"810\" \/>\n\t<meta property=\"og:image:height\" content=\"457\" \/>\n\t<meta property=\"og:image:type\" content=\"image\/jpeg\" \/>\n<meta name=\"author\" content=\"\u017baneta Mrozek-Siewierska\" \/>\n<meta name=\"twitter:card\" content=\"summary_large_image\" \/>\n<meta name=\"twitter:creator\" content=\"@24gliwice\" \/>\n<meta name=\"twitter:site\" content=\"@24gliwice\" \/>\n<meta name=\"twitter:label1\" content=\"Napisane przez\" \/>\n\t<meta name=\"twitter:data1\" content=\"\u017baneta Mrozek-Siewierska\" \/>\n\t<meta name=\"twitter:label2\" content=\"Szacowany czas czytania\" \/>\n\t<meta name=\"twitter:data2\" content=\"1 minuta\" \/>\n<script type=\"application\/ld+json\" class=\"yoast-schema-graph\">{\"@context\":\"https:\\\/\\\/schema.org\",\"@graph\":[{\"@type\":\"Article\",\"@id\":\"https:\\\/\\\/www.24gliwice.pl\\\/wiadomosci\\\/nie-zabijajcie-dzieci-na-scenie-stara-kotlownia-w-mdk-podczas-koncertow-zaplanowano-zbiorke\\\/#article\",\"isPartOf\":{\"@id\":\"https:\\\/\\\/www.24gliwice.pl\\\/wiadomosci\\\/nie-zabijajcie-dzieci-na-scenie-stara-kotlownia-w-mdk-podczas-koncertow-zaplanowano-zbiorke\\\/\"},\"author\":{\"name\":\"\u017baneta Mrozek-Siewierska\",\"@id\":\"https:\\\/\\\/www.24gliwice.pl\\\/wiadomosci\\\/#\\\/schema\\\/person\\\/e42c650edd7f2fa332be3811fb166b6e\"},\"headline\":\"\u201eNie zabijajcie dzieci\u201d na scenie Stara Kot\u0142ownia w MDK. Podczas koncert\u00f3w zaplanowano zbi\u00f3rk\u0119\",\"datePublished\":\"2022-03-23T13:47:11+00:00\",\"mainEntityOfPage\":{\"@id\":\"https:\\\/\\\/www.24gliwice.pl\\\/wiadomosci\\\/nie-zabijajcie-dzieci-na-scenie-stara-kotlownia-w-mdk-podczas-koncertow-zaplanowano-zbiorke\\\/\"},\"wordCount\":160,\"publisher\":{\"@id\":\"https:\\\/\\\/www.24gliwice.pl\\\/wiadomosci\\\/#organization\"},\"image\":{\"@id\":\"https:\\\/\\\/www.24gliwice.pl\\\/wiadomosci\\\/nie-zabijajcie-dzieci-na-scenie-stara-kotlownia-w-mdk-podczas-koncertow-zaplanowano-zbiorke\\\/#primaryimage\"},\"thumbnailUrl\":\"https:\\\/\\\/www.24gliwice.pl\\\/wiadomosci\\\/wp-content\\\/uploads\\\/2021\\\/04\\\/mdk-2.jpg\",\"articleSection\":[\"Gliwice\",\"Kultura, wydarzenia, imprezy\",\"Najnowsze wiadomo\u015bci\"],\"inLanguage\":\"pl-PL\"},{\"@type\":\"WebPage\",\"@id\":\"https:\\\/\\\/www.24gliwice.pl\\\/wiadomosci\\\/nie-zabijajcie-dzieci-na-scenie-stara-kotlownia-w-mdk-podczas-koncertow-zaplanowano-zbiorke\\\/\",\"url\":\"https:\\\/\\\/www.24gliwice.pl\\\/wiadomosci\\\/nie-zabijajcie-dzieci-na-scenie-stara-kotlownia-w-mdk-podczas-koncertow-zaplanowano-zbiorke\\\/\",\"name\":\"\u201eNie zabijajcie dzieci\u201d na scenie Stara Kot\u0142ownia w MDK. Podczas koncert\u00f3w zaplanowano zbi\u00f3rk\u0119 - 24GLIWICE - Portal Gliwice | codziennie nowe informacje\",\"isPartOf\":{\"@id\":\"https:\\\/\\\/www.24gliwice.pl\\\/wiadomosci\\\/#website\"},\"primaryImageOfPage\":{\"@id\":\"https:\\\/\\\/www.24gliwice.pl\\\/wiadomosci\\\/nie-zabijajcie-dzieci-na-scenie-stara-kotlownia-w-mdk-podczas-koncertow-zaplanowano-zbiorke\\\/#primaryimage\"},\"image\":{\"@id\":\"https:\\\/\\\/www.24gliwice.pl\\\/wiadomosci\\\/nie-zabijajcie-dzieci-na-scenie-stara-kotlownia-w-mdk-podczas-koncertow-zaplanowano-zbiorke\\\/#primaryimage\"},\"thumbnailUrl\":\"https:\\\/\\\/www.24gliwice.pl\\\/wiadomosci\\\/wp-content\\\/uploads\\\/2021\\\/04\\\/mdk-2.jpg\",\"datePublished\":\"2022-03-23T13:47:11+00:00\",\"description\":\"M\u0142odzie\u017cowy Dom Kultury organizuje dwa koncerty pod has\u0142em \\\"Nie zabijajcie dzieci\\\". Odb\u0119d\u0105 si\u0119 w sobot\u0119, 26 marca, i w poniedzia\u0142ek, 28 marca\",\"breadcrumb\":{\"@id\":\"https:\\\/\\\/www.24gliwice.pl\\\/wiadomosci\\\/nie-zabijajcie-dzieci-na-scenie-stara-kotlownia-w-mdk-podczas-koncertow-zaplanowano-zbiorke\\\/#breadcrumb\"},\"inLanguage\":\"pl-PL\",\"potentialAction\":[{\"@type\":\"ReadAction\",\"target\":[\"https:\\\/\\\/www.24gliwice.pl\\\/wiadomosci\\\/nie-zabijajcie-dzieci-na-scenie-stara-kotlownia-w-mdk-podczas-koncertow-zaplanowano-zbiorke\\\/\"]}]},{\"@type\":\"ImageObject\",\"inLanguage\":\"pl-PL\",\"@id\":\"https:\\\/\\\/www.24gliwice.pl\\\/wiadomosci\\\/nie-zabijajcie-dzieci-na-scenie-stara-kotlownia-w-mdk-podczas-koncertow-zaplanowano-zbiorke\\\/#primaryimage\",\"url\":\"https:\\\/\\\/www.24gliwice.pl\\\/wiadomosci\\\/wp-content\\\/uploads\\\/2021\\\/04\\\/mdk-2.jpg\",\"contentUrl\":\"https:\\\/\\\/www.24gliwice.pl\\\/wiadomosci\\\/wp-content\\\/uploads\\\/2021\\\/04\\\/mdk-2.jpg\",\"width\":810,\"height\":457},{\"@type\":\"BreadcrumbList\",\"@id\":\"https:\\\/\\\/www.24gliwice.pl\\\/wiadomosci\\\/nie-zabijajcie-dzieci-na-scenie-stara-kotlownia-w-mdk-podczas-koncertow-zaplanowano-zbiorke\\\/#breadcrumb\",\"itemListElement\":[{\"@type\":\"ListItem\",\"position\":1,\"name\":\"Strona g\u0142\u00f3wna\",\"item\":\"https:\\\/\\\/www.24gliwice.pl\\\/wiadomosci\\\/\"},{\"@type\":\"ListItem\",\"position\":2,\"name\":\"\u201eNie zabijajcie dzieci\u201d na scenie Stara Kot\u0142ownia w MDK. Podczas koncert\u00f3w zaplanowano zbi\u00f3rk\u0119\"}]},{\"@type\":\"WebSite\",\"@id\":\"https:\\\/\\\/www.24gliwice.pl\\\/wiadomosci\\\/#website\",\"url\":\"https:\\\/\\\/www.24gliwice.pl\\\/wiadomosci\\\/\",\"name\":\"24GLIWICE - Portal Gliwice | codziennie nowe wiadomo\u015bci\",\"description\":\"Portal Miejski Gliwice\",\"publisher\":{\"@id\":\"https:\\\/\\\/www.24gliwice.pl\\\/wiadomosci\\\/#organization\"},\"potentialAction\":[{\"@type\":\"SearchAction\",\"target\":{\"@type\":\"EntryPoint\",\"urlTemplate\":\"https:\\\/\\\/www.24gliwice.pl\\\/wiadomosci\\\/?s={search_term_string}\"},\"query-input\":{\"@type\":\"PropertyValueSpecification\",\"valueRequired\":true,\"valueName\":\"search_term_string\"}}],\"inLanguage\":\"pl-PL\"},{\"@type\":\"Organization\",\"@id\":\"https:\\\/\\\/www.24gliwice.pl\\\/wiadomosci\\\/#organization\",\"name\":\"24gliwice\",\"url\":\"https:\\\/\\\/www.24gliwice.pl\\\/wiadomosci\\\/\",\"logo\":{\"@type\":\"ImageObject\",\"inLanguage\":\"pl-PL\",\"@id\":\"https:\\\/\\\/www.24gliwice.pl\\\/wiadomosci\\\/#\\\/schema\\\/logo\\\/image\\\/\",\"url\":\"https:\\\/\\\/www.24gliwice.pl\\\/wiadomosci\\\/wp-content\\\/uploads\\\/2024\\\/10\\\/24gliwice-logo-696.jpg\",\"contentUrl\":\"https:\\\/\\\/www.24gliwice.pl\\\/wiadomosci\\\/wp-content\\\/uploads\\\/2024\\\/10\\\/24gliwice-logo-696.jpg\",\"width\":696,\"height\":696,\"caption\":\"24gliwice\"},\"image\":{\"@id\":\"https:\\\/\\\/www.24gliwice.pl\\\/wiadomosci\\\/#\\\/schema\\\/logo\\\/image\\\/\"},\"sameAs\":[\"https:\\\/\\\/www.facebook.com\\\/24gliwice\",\"https:\\\/\\\/x.com\\\/24gliwice\",\"https:\\\/\\\/www.youtube.com\\\/@24gliwice\"]},{\"@type\":\"Person\",\"@id\":\"https:\\\/\\\/www.24gliwice.pl\\\/wiadomosci\\\/#\\\/schema\\\/person\\\/e42c650edd7f2fa332be3811fb166b6e\",\"name\":\"\u017baneta Mrozek-Siewierska\",\"image\":{\"@type\":\"ImageObject\",\"inLanguage\":\"pl-PL\",\"@id\":\"https:\\\/\\\/www.24gliwice.pl\\\/wiadomosci\\\/wp-content\\\/uploads\\\/2021\\\/11\\\/Zaneta-M_S-zdjecie-czb-96x96.jpg\",\"url\":\"https:\\\/\\\/www.24gliwice.pl\\\/wiadomosci\\\/wp-content\\\/uploads\\\/2021\\\/11\\\/Zaneta-M_S-zdjecie-czb-96x96.jpg\",\"contentUrl\":\"https:\\\/\\\/www.24gliwice.pl\\\/wiadomosci\\\/wp-content\\\/uploads\\\/2021\\\/11\\\/Zaneta-M_S-zdjecie-czb-96x96.jpg\",\"caption\":\"\u017baneta Mrozek-Siewierska\"},\"url\":\"https:\\\/\\\/www.24gliwice.pl\\\/wiadomosci\\\/author\\\/zms\\\/\"}]}<\/script>\n<!-- \/ Yoast SEO plugin. -->","yoast_head_json":{"title":"\u201eNie zabijajcie dzieci\u201d na scenie Stara Kot\u0142ownia w MDK. Podczas koncert\u00f3w zaplanowano zbi\u00f3rk\u0119 - 24GLIWICE - Portal Gliwice | codziennie nowe informacje","description":"M\u0142odzie\u017cowy Dom Kultury organizuje dwa koncerty pod has\u0142em \"Nie zabijajcie dzieci\". Odb\u0119d\u0105 si\u0119 w sobot\u0119, 26 marca, i w poniedzia\u0142ek, 28 marca","robots":{"index":"index","follow":"follow","max-snippet":"max-snippet:-1","max-image-preview":"max-image-preview:large","max-video-preview":"max-video-preview:-1"},"canonical":"https:\/\/www.24gliwice.pl\/wiadomosci\/nie-zabijajcie-dzieci-na-scenie-stara-kotlownia-w-mdk-podczas-koncertow-zaplanowano-zbiorke\/","og_locale":"pl_PL","og_type":"article","og_title":"\u201eNie zabijajcie dzieci\u201d na scenie Stara Kot\u0142ownia w MDK. Podczas koncert\u00f3w zaplanowano zbi\u00f3rk\u0119 - 24GLIWICE - Portal Gliwice | codziennie nowe informacje","og_description":"M\u0142odzie\u017cowy Dom Kultury organizuje dwa koncerty pod has\u0142em \"Nie zabijajcie dzieci\". Odb\u0119d\u0105 si\u0119 w sobot\u0119, 26 marca, i w poniedzia\u0142ek, 28 marca","og_url":"https:\/\/www.24gliwice.pl\/wiadomosci\/nie-zabijajcie-dzieci-na-scenie-stara-kotlownia-w-mdk-podczas-koncertow-zaplanowano-zbiorke\/","og_site_name":"24GLIWICE - Portal Gliwice | codziennie nowe informacje","article_publisher":"https:\/\/www.facebook.com\/24gliwice","article_published_time":"2022-03-23T13:47:11+00:00","og_image":[{"width":810,"height":457,"url":"https:\/\/www.24gliwice.pl\/wiadomosci\/wp-content\/uploads\/2021\/04\/mdk-2.jpg","type":"image\/jpeg"}],"author":"\u017baneta Mrozek-Siewierska","twitter_card":"summary_large_image","twitter_creator":"@24gliwice","twitter_site":"@24gliwice","twitter_misc":{"Napisane przez":"\u017baneta Mrozek-Siewierska","Szacowany czas czytania":"1 minuta"},"schema":{"@context":"https:\/\/schema.org","@graph":[{"@type":"Article","@id":"https:\/\/www.24gliwice.pl\/wiadomosci\/nie-zabijajcie-dzieci-na-scenie-stara-kotlownia-w-mdk-podczas-koncertow-zaplanowano-zbiorke\/#article","isPartOf":{"@id":"https:\/\/www.24gliwice.pl\/wiadomosci\/nie-zabijajcie-dzieci-na-scenie-stara-kotlownia-w-mdk-podczas-koncertow-zaplanowano-zbiorke\/"},"author":{"name":"\u017baneta Mrozek-Siewierska","@id":"https:\/\/www.24gliwice.pl\/wiadomosci\/#\/schema\/person\/e42c650edd7f2fa332be3811fb166b6e"},"headline":"\u201eNie zabijajcie dzieci\u201d na scenie Stara Kot\u0142ownia w MDK. Podczas koncert\u00f3w zaplanowano zbi\u00f3rk\u0119","datePublished":"2022-03-23T13:47:11+00:00","mainEntityOfPage":{"@id":"https:\/\/www.24gliwice.pl\/wiadomosci\/nie-zabijajcie-dzieci-na-scenie-stara-kotlownia-w-mdk-podczas-koncertow-zaplanowano-zbiorke\/"},"wordCount":160,"publisher":{"@id":"https:\/\/www.24gliwice.pl\/wiadomosci\/#organization"},"image":{"@id":"https:\/\/www.24gliwice.pl\/wiadomosci\/nie-zabijajcie-dzieci-na-scenie-stara-kotlownia-w-mdk-podczas-koncertow-zaplanowano-zbiorke\/#primaryimage"},"thumbnailUrl":"https:\/\/www.24gliwice.pl\/wiadomosci\/wp-content\/uploads\/2021\/04\/mdk-2.jpg","articleSection":["Gliwice","Kultura, wydarzenia, imprezy","Najnowsze wiadomo\u015bci"],"inLanguage":"pl-PL"},{"@type":"WebPage","@id":"https:\/\/www.24gliwice.pl\/wiadomosci\/nie-zabijajcie-dzieci-na-scenie-stara-kotlownia-w-mdk-podczas-koncertow-zaplanowano-zbiorke\/","url":"https:\/\/www.24gliwice.pl\/wiadomosci\/nie-zabijajcie-dzieci-na-scenie-stara-kotlownia-w-mdk-podczas-koncertow-zaplanowano-zbiorke\/","name":"\u201eNie zabijajcie dzieci\u201d na scenie Stara Kot\u0142ownia w MDK. Podczas koncert\u00f3w zaplanowano zbi\u00f3rk\u0119 - 24GLIWICE - Portal Gliwice | codziennie nowe informacje","isPartOf":{"@id":"https:\/\/www.24gliwice.pl\/wiadomosci\/#website"},"primaryImageOfPage":{"@id":"https:\/\/www.24gliwice.pl\/wiadomosci\/nie-zabijajcie-dzieci-na-scenie-stara-kotlownia-w-mdk-podczas-koncertow-zaplanowano-zbiorke\/#primaryimage"},"image":{"@id":"https:\/\/www.24gliwice.pl\/wiadomosci\/nie-zabijajcie-dzieci-na-scenie-stara-kotlownia-w-mdk-podczas-koncertow-zaplanowano-zbiorke\/#primaryimage"},"thumbnailUrl":"https:\/\/www.24gliwice.pl\/wiadomosci\/wp-content\/uploads\/2021\/04\/mdk-2.jpg","datePublished":"2022-03-23T13:47:11+00:00","description":"M\u0142odzie\u017cowy Dom Kultury organizuje dwa koncerty pod has\u0142em \"Nie zabijajcie dzieci\". Odb\u0119d\u0105 si\u0119 w sobot\u0119, 26 marca, i w poniedzia\u0142ek, 28 marca","breadcrumb":{"@id":"https:\/\/www.24gliwice.pl\/wiadomosci\/nie-zabijajcie-dzieci-na-scenie-stara-kotlownia-w-mdk-podczas-koncertow-zaplanowano-zbiorke\/#breadcrumb"},"inLanguage":"pl-PL","potentialAction":[{"@type":"ReadAction","target":["https:\/\/www.24gliwice.pl\/wiadomosci\/nie-zabijajcie-dzieci-na-scenie-stara-kotlownia-w-mdk-podczas-koncertow-zaplanowano-zbiorke\/"]}]},{"@type":"ImageObject","inLanguage":"pl-PL","@id":"https:\/\/www.24gliwice.pl\/wiadomosci\/nie-zabijajcie-dzieci-na-scenie-stara-kotlownia-w-mdk-podczas-koncertow-zaplanowano-zbiorke\/#primaryimage","url":"https:\/\/www.24gliwice.pl\/wiadomosci\/wp-content\/uploads\/2021\/04\/mdk-2.jpg","contentUrl":"https:\/\/www.24gliwice.pl\/wiadomosci\/wp-content\/uploads\/2021\/04\/mdk-2.jpg","width":810,"height":457},{"@type":"BreadcrumbList","@id":"https:\/\/www.24gliwice.pl\/wiadomosci\/nie-zabijajcie-dzieci-na-scenie-stara-kotlownia-w-mdk-podczas-koncertow-zaplanowano-zbiorke\/#breadcrumb","itemListElement":[{"@type":"ListItem","position":1,"name":"Strona g\u0142\u00f3wna","item":"https:\/\/www.24gliwice.pl\/wiadomosci\/"},{"@type":"ListItem","position":2,"name":"\u201eNie zabijajcie dzieci\u201d na scenie Stara Kot\u0142ownia w MDK. Podczas koncert\u00f3w zaplanowano zbi\u00f3rk\u0119"}]},{"@type":"WebSite","@id":"https:\/\/www.24gliwice.pl\/wiadomosci\/#website","url":"https:\/\/www.24gliwice.pl\/wiadomosci\/","name":"24GLIWICE - Portal Gliwice | codziennie nowe wiadomo\u015bci","description":"Portal Miejski Gliwice","publisher":{"@id":"https:\/\/www.24gliwice.pl\/wiadomosci\/#organization"},"potentialAction":[{"@type":"SearchAction","target":{"@type":"EntryPoint","urlTemplate":"https:\/\/www.24gliwice.pl\/wiadomosci\/?s={search_term_string}"},"query-input":{"@type":"PropertyValueSpecification","valueRequired":true,"valueName":"search_term_string"}}],"inLanguage":"pl-PL"},{"@type":"Organization","@id":"https:\/\/www.24gliwice.pl\/wiadomosci\/#organization","name":"24gliwice","url":"https:\/\/www.24gliwice.pl\/wiadomosci\/","logo":{"@type":"ImageObject","inLanguage":"pl-PL","@id":"https:\/\/www.24gliwice.pl\/wiadomosci\/#\/schema\/logo\/image\/","url":"https:\/\/www.24gliwice.pl\/wiadomosci\/wp-content\/uploads\/2024\/10\/24gliwice-logo-696.jpg","contentUrl":"https:\/\/www.24gliwice.pl\/wiadomosci\/wp-content\/uploads\/2024\/10\/24gliwice-logo-696.jpg","width":696,"height":696,"caption":"24gliwice"},"image":{"@id":"https:\/\/www.24gliwice.pl\/wiadomosci\/#\/schema\/logo\/image\/"},"sameAs":["https:\/\/www.facebook.com\/24gliwice","https:\/\/x.com\/24gliwice","https:\/\/www.youtube.com\/@24gliwice"]},{"@type":"Person","@id":"https:\/\/www.24gliwice.pl\/wiadomosci\/#\/schema\/person\/e42c650edd7f2fa332be3811fb166b6e","name":"\u017baneta Mrozek-Siewierska","image":{"@type":"ImageObject","inLanguage":"pl-PL","@id":"https:\/\/www.24gliwice.pl\/wiadomosci\/wp-content\/uploads\/2021\/11\/Zaneta-M_S-zdjecie-czb-96x96.jpg","url":"https:\/\/www.24gliwice.pl\/wiadomosci\/wp-content\/uploads\/2021\/11\/Zaneta-M_S-zdjecie-czb-96x96.jpg","contentUrl":"https:\/\/www.24gliwice.pl\/wiadomosci\/wp-content\/uploads\/2021\/11\/Zaneta-M_S-zdjecie-czb-96x96.jpg","caption":"\u017baneta Mrozek-Siewierska"},"url":"https:\/\/www.24gliwice.pl\/wiadomosci\/author\/zms\/"}]}},"_links":{"self":[{"href":"https:\/\/www.24gliwice.pl\/wiadomosci\/wp-json\/wp\/v2\/posts\/189092","targetHints":{"allow":["GET"]}}],"collection":[{"href":"https:\/\/www.24gliwice.pl\/wiadomosci\/wp-json\/wp\/v2\/posts"}],"about":[{"href":"https:\/\/www.24gliwice.pl\/wiadomosci\/wp-json\/wp\/v2\/types\/post"}],"author":[{"embeddable":true,"href":"https:\/\/www.24gliwice.pl\/wiadomosci\/wp-json\/wp\/v2\/users\/15"}],"replies":[{"embeddable":true,"href":"https:\/\/www.24gliwice.pl\/wiadomosci\/wp-json\/wp\/v2\/comments?post=189092"}],"version-history":[{"count":9,"href":"https:\/\/www.24gliwice.pl\/wiadomosci\/wp-json\/wp\/v2\/posts\/189092\/revisions"}],"predecessor-version":[{"id":189116,"href":"https:\/\/www.24gliwice.pl\/wiadomosci\/wp-json\/wp\/v2\/posts\/189092\/revisions\/189116"}],"wp:featuredmedia":[{"embeddable":true,"href":"https:\/\/www.24gliwice.pl\/wiadomosci\/wp-json\/wp\/v2\/media\/168164"}],"wp:attachment":[{"href":"https:\/\/www.24gliwice.pl\/wiadomosci\/wp-json\/wp\/v2\/media?parent=189092"}],"wp:term":[{"taxonomy":"category","embeddable":true,"href":"https:\/\/www.24gliwice.pl\/wiadomosci\/wp-json\/wp\/v2\/categories?post=189092"},{"taxonomy":"post_tag","embeddable":true,"href":"https:\/\/www.24gliwice.pl\/wiadomosci\/wp-json\/wp\/v2\/tags?post=189092"}],"curies":[{"name":"wp","href":"https:\/\/api.w.org\/{rel}","templated":true}]}}