{"id":189303,"date":"2022-03-25T17:09:15","date_gmt":"2022-03-25T16:09:15","guid":{"rendered":"https:\/\/www.24gliwice.pl\/wiadomosci\/?p=189303"},"modified":"2022-03-25T17:09:15","modified_gmt":"2022-03-25T16:09:15","slug":"dwa-polskie-dramaty-i-festiwal-ukrainskich-filmow-na-co-do-kina-w-weekend-podpowiadamy","status":"publish","type":"post","link":"https:\/\/www.24gliwice.pl\/wiadomosci\/dwa-polskie-dramaty-i-festiwal-ukrainskich-filmow-na-co-do-kina-w-weekend-podpowiadamy\/","title":{"rendered":"Dwa polskie dramaty i festiwal ukrai\u0144skich film\u00f3w. Na co do kina w weekend? Podpowiadamy"},"content":{"rendered":"<div class=\"gliwi-a6-nad-leadem-artykulow gliwi-entity-placement\" id=\"gliwi-1468829706\"><div class=\"gliwi-adlabel\"><span style=\"font-size: 9px\">REKLAMA<\/span><\/div><div id=\"gliwi-2549104921\" style=\"margin-bottom: 30px;margin-left: auto;margin-right: auto;text-align: center;\"><a data-no-instant=\"1\" href=\"https:\/\/przedszkole.halogen.org.pl\/\" rel=\"noopener\" class=\"a2t-link\" target=\"_blank\" aria-label=\"20260402-ANIMATOR-przedszkole_grafika_750x200\"><img loading=\"lazy\" decoding=\"async\" src=\"https:\/\/www.24gliwice.pl\/wiadomosci\/wp-content\/uploads\/2026\/04\/20260402-ANIMATOR-przedszkole_grafika_750x200.webp\" alt=\"\"  srcset=\"https:\/\/www.24gliwice.pl\/wiadomosci\/wp-content\/uploads\/2026\/04\/20260402-ANIMATOR-przedszkole_grafika_750x200.webp 750w, https:\/\/www.24gliwice.pl\/wiadomosci\/wp-content\/uploads\/2026\/04\/20260402-ANIMATOR-przedszkole_grafika_750x200-410x109.webp 410w\" sizes=\"(max-width: 750px) 100vw, 750px\" class=\"no-lazyload\" width=\"750\" height=\"200\"  style=\"display: inline-block; max-width: 100%; height: auto;\" \/><\/a><\/div><\/div><h2>W tym tygodniu w kinie Amok rozpoczyna si\u0119 festiwal filmowy Ukraina! (<a href=\"https:\/\/www.24gliwice.pl\/wiadomosci\/przed-nami-festiwal-filmowy-ukraina-szesc-dni-ukrainskiej-kinematografii-na-ekranie-kina-amok\/\" target=\"_blank\" rel=\"noopener\">wi\u0119cej tu<\/a>), s\u0105 te\u017c inne propozycje, kt\u00f3re powinny zainteresowa\u0107 widz\u00f3w. W\u015br\u00f3d nich dwa polskie dramaty: &#8220;Inni ludzie&#8221; oraz &#8220;Piosenki o mi\u0142o\u015bci&#8221;.<\/h2>\n<p>&nbsp;<\/p>\n<p>W pierwszej propozycji w re\u017c. <strong>Aleksandry Terpi\u0144skiej<\/strong> wyst\u0105pili m.in. <strong>Jacek Beler, Sonia Bohosiewicz, Magdalena Kole\u015bnik, Sebastian Fabia\u0144ski. <\/strong>Film otrzyma\u0142 nagrody za najlepszy debiut re\u017cyserski, role m\u0119sk\u0105, monta\u017c na FPFF w Gdyni.<\/p>\n<p><a href=\"https:\/\/www.24gliwice.pl\/wiadomosci\/wp-content\/uploads\/2022\/03\/innio-ludzie-plakat.jpg\"><img loading=\"lazy\" decoding=\"async\" class=\"alignnone  wp-image-189310\" src=\"https:\/\/www.24gliwice.pl\/wiadomosci\/wp-content\/uploads\/2022\/03\/innio-ludzie-plakat.jpg\" alt=\"\" width=\"1257\" height=\"1777\" srcset=\"https:\/\/www.24gliwice.pl\/wiadomosci\/wp-content\/uploads\/2022\/03\/innio-ludzie-plakat.jpg 573w, https:\/\/www.24gliwice.pl\/wiadomosci\/wp-content\/uploads\/2022\/03\/innio-ludzie-plakat-164x232.jpg 164w, https:\/\/www.24gliwice.pl\/wiadomosci\/wp-content\/uploads\/2022\/03\/innio-ludzie-plakat-322x455.jpg 322w\" sizes=\"auto, (max-width: 1257px) 100vw, 1257px\" \/><\/a><\/p>\n<p>Fabu\u0142a: na pierwszy rzut oka Kamil i Iwona nie maj\u0105 ze sob\u0105 nic wsp\u00f3lnego. Iwona jest znudzon\u0105 i nieszcz\u0119\u015bliw\u0105 \u017con\u0105 Ma\u0107ka, \u017cyj\u0105c\u0105 w luksusie na kredyt. Kamil ma 32 lata, seksown\u0105 dziewczyn\u0119 Aneci\u0119, ale wci\u0105\u017c mieszka z matk\u0105 na blokowisku, snuj\u0105c wizje kariery rapera i \u0142api\u0105c przypadkowe fuchy. Relacja z Iwon\u0105 pozornie jest bez znaczenia, ale dzi\u0119ki niej oboje zobacz\u0105 w innym \u015bwietle swoje \u017cyciowe wybory i bliskich ludzi.<\/p><div class=\"gliwi-a3-w-tresci-artykulow gliwi-entity-placement\" id=\"gliwi-2877501368\"><div class=\"gliwi-adlabel\"><span style=\"font-size: 9px\">REKLAMA<\/span><\/div><div id=\"gliwi-2087336179\" style=\"margin-bottom: 30px;margin-left: auto;margin-right: auto;text-align: center;\"><a data-no-instant=\"1\" href=\"https:\/\/zlobek.halogen.org.pl\/\" rel=\"noopener\" class=\"a2t-link\" target=\"_blank\" aria-label=\"animator-zlobek_750x200\"><img loading=\"lazy\" decoding=\"async\" src=\"https:\/\/www.24gliwice.pl\/wiadomosci\/wp-content\/uploads\/2026\/02\/animator-zlobek_750x200.webp\" alt=\"\"  srcset=\"https:\/\/www.24gliwice.pl\/wiadomosci\/wp-content\/uploads\/2026\/02\/animator-zlobek_750x200.webp 750w, https:\/\/www.24gliwice.pl\/wiadomosci\/wp-content\/uploads\/2026\/02\/animator-zlobek_750x200-410x109.webp 410w\" sizes=\"(max-width: 750px) 100vw, 750px\" class=\"no-lazyload\" width=\"750\" height=\"200\"  style=\"display: inline-block; max-width: 100%; height: auto;\" \/><\/a><\/div><\/div>\n<p><iframe loading=\"lazy\" title=\"YouTube video player\" src=\"https:\/\/www.youtube.com\/embed\/TR8BKGrxOGk\" width=\"810\" height=\"455\" frameborder=\"0\" allowfullscreen=\"allowfullscreen\"><\/iframe><\/p>\n<p>Hipnotyzuj\u0105ca opowie\u015b\u0107 o desperackim poszukiwaniu mi\u0142o\u015bci. Historia ludzi uwik\u0142anych w mi\u0142osny tr\u00f3jk\u0105t w czasach rozpadu wi\u0119zi, do\u017cywotnich kredyt\u00f3w, diet pude\u0142kowych, taniego wina i nieustaj\u0105cego szumu medi\u00f3w spo\u0142eczno\u015bciowych. Ludzi miotaj\u0105cych si\u0119 w labiryncie bulwar\u00f3w i zau\u0142k\u00f3w pulsuj\u0105cego w rytmie rapu miasta Warszawy. Bohaterom w codzienno\u015bci towarzyszy uwa\u017cnie ich obserwuj\u0105cy narrator.<\/p>\n<p>Film wy\u015bwietlany b\u0119dzie w du\u017cej sali kina codziennie (poza poniedzia\u0142kiem) o godzinie 20:15 (po 30 marca godzina projekcji ulegnie zmianie).<\/p>\n<h4>&#8220;Piosenki o mi\u0142o\u015bci&#8221;<\/h4>\n<p>Drug\u0105 propozycj\u0119 na ten weekend, muzyczny dramat, wyre\u017cyserowa\u0142<strong> Tomasz Habowski<\/strong>, w obsadzie za\u015b pojawiaj\u0105 si\u0119 takie nazwiska, jak m.in. <strong>Justyna \u015awi\u0119s, Tomasz W\u0142osok, Andrzej Grabowski, Patrycja Volny. <\/strong> &#8220;Piosenki o mi\u0142o\u015bci&#8221; uznano za Najlepszy Film w Konkursie Film\u00f3w Mikrobud\u017cetowych na FPFF w Gdyni.<\/p>\n<p><a href=\"https:\/\/www.24gliwice.pl\/wiadomosci\/wp-content\/uploads\/2022\/03\/PIOSENKI-O-MILOSCI_03-1200x0-c-default.jpg\"><img loading=\"lazy\" decoding=\"async\" class=\"alignnone  wp-image-189312\" src=\"https:\/\/www.24gliwice.pl\/wiadomosci\/wp-content\/uploads\/2022\/03\/PIOSENKI-O-MILOSCI_03-1200x0-c-default.jpg\" alt=\"\" width=\"1191\" height=\"794\" srcset=\"https:\/\/www.24gliwice.pl\/wiadomosci\/wp-content\/uploads\/2022\/03\/PIOSENKI-O-MILOSCI_03-1200x0-c-default.jpg 810w, https:\/\/www.24gliwice.pl\/wiadomosci\/wp-content\/uploads\/2022\/03\/PIOSENKI-O-MILOSCI_03-1200x0-c-default-348x232.jpg 348w, https:\/\/www.24gliwice.pl\/wiadomosci\/wp-content\/uploads\/2022\/03\/PIOSENKI-O-MILOSCI_03-1200x0-c-default-683x455.jpg 683w, https:\/\/www.24gliwice.pl\/wiadomosci\/wp-content\/uploads\/2022\/03\/PIOSENKI-O-MILOSCI_03-1200x0-c-default-768x512.jpg 768w\" sizes=\"auto, (max-width: 1191px) 100vw, 1191px\" \/><\/a><\/p>\n<p>Fabu\u0142a: Ona jest dziewczyn\u0105 z bloku w ma\u0142ym mie\u015bcie, on pochodzi z zamo\u017cnej, znanej warszawskiej rodziny. Ona pracuje jako kelnerka i \u015bpiewa o tym, co jej w duszy gra, on marzy o wydaniu p\u0142yty, kt\u00f3r\u0105 utar\u0142by nosa s\u0142awnemu ojcu-aktorowi. Poznaj\u0105 si\u0119, gdy ona obs\u0142uguje przyj\u0119cie, na kt\u00f3rym on si\u0119 bawi. Po\u0142\u0105czy ich mi\u0142o\u015b\u0107 do muzyki, rozdziel\u0105 ambicje i marzenia. Kruche uczucie, kt\u00f3re rodzi si\u0119 mi\u0119dzy nimi, ca\u0142y czas wystawiane jest na pr\u00f3b\u0119: ona wci\u0105\u017c przed nim ucieka, on potrafi \u0142ga\u0107 jak z nut. Czy dwa tak r\u00f3\u017cne brzmienia mog\u0105 si\u0119 zestroi\u0107? Ile razy w \u017cyciu mo\u017cliwy jest bis?<\/p>\n<p><iframe loading=\"lazy\" title=\"YouTube video player\" src=\"https:\/\/www.youtube.com\/embed\/MgskiZj9FLA\" width=\"810\" height=\"455\" frameborder=\"0\" allowfullscreen=\"allowfullscreen\"><\/iframe><\/p>\n<p>Piosenka o mi\u0142o\u015bci to tak\u017ce opowie\u015b\u0107 o kobiecej walce o niezale\u017cno\u015b\u0107 i dochodzeniu do w\u0142asnego g\u0142osu. Debiutuj\u0105ca w kinie wokalistka The Dumplings Justyna \u015awi\u0119s, wykreowa\u0142a posta\u0107, kt\u00f3ra \u0142\u0105czy niesamowity talent z r\u00f3wnie pot\u0119\u017cnym brakiem wiary w siebie.<\/p>\n<p><a href=\"https:\/\/www.24gliwice.pl\/wiadomosci\/wp-content\/uploads\/2022\/03\/piosenki-o-milosci-plakat.jpg\"><img loading=\"lazy\" decoding=\"async\" class=\"alignnone  wp-image-189311\" src=\"https:\/\/www.24gliwice.pl\/wiadomosci\/wp-content\/uploads\/2022\/03\/piosenki-o-milosci-plakat.jpg\" alt=\"\" width=\"1107\" height=\"1595\" srcset=\"https:\/\/www.24gliwice.pl\/wiadomosci\/wp-content\/uploads\/2022\/03\/piosenki-o-milosci-plakat.jpg 562w, https:\/\/www.24gliwice.pl\/wiadomosci\/wp-content\/uploads\/2022\/03\/piosenki-o-milosci-plakat-161x232.jpg 161w, https:\/\/www.24gliwice.pl\/wiadomosci\/wp-content\/uploads\/2022\/03\/piosenki-o-milosci-plakat-316x455.jpg 316w\" sizes=\"auto, (max-width: 1107px) 100vw, 1107px\" \/><\/a><\/p>\n<p>Film wy\u015bwietlany b\u0119dzie w du\u017cej sali kina o godzinie 18:00\/15:00 &#8211; warto sprawdzi\u0107 repertuar na stronie <a href=\"https:\/\/amok.gliwice.pl\/repertuar\/\" target=\"_blank\" rel=\"noopener\">Amoku &#8211; kliknij tu<\/a>. Tam mo\u017cna tak\u017ce zakupi\u0107 bilety w wersji elektronicznej.<\/p>\n<p>(\u017cms)\/AMOK Gliwice<br \/>\nfot. mat. organizatora<\/p>\n<div class=\"gliwi-a5-na-koncu-artykulow gliwi-entity-placement\" id=\"gliwi-1686087816\"><div class=\"gliwi-adlabel\"><span style=\"font-size: 9px\">REKLAMA<\/span><\/div><div id=\"gliwi-3358522752\" style=\"margin-left: auto;margin-right: auto;text-align: center;\"><a data-no-instant=\"1\" href=\"https:\/\/prezeroarenagliwice.pl\/\" rel=\"noopener\" class=\"a2t-link\" target=\"_blank\" aria-label=\"20260309-PREZERO-WIOSNA-D\"><img loading=\"lazy\" decoding=\"async\" src=\"https:\/\/www.24gliwice.pl\/wiadomosci\/wp-content\/uploads\/2026\/03\/20260309-PREZERO-WIOSNA-D.webp\" alt=\"\"  srcset=\"https:\/\/www.24gliwice.pl\/wiadomosci\/wp-content\/uploads\/2026\/03\/20260309-PREZERO-WIOSNA-D.webp 750w, https:\/\/www.24gliwice.pl\/wiadomosci\/wp-content\/uploads\/2026\/03\/20260309-PREZERO-WIOSNA-D-410x109.webp 410w\" sizes=\"(max-width: 750px) 100vw, 750px\" class=\"no-lazyload\" width=\"750\" height=\"200\"  style=\"display: inline-block; max-width: 100%; height: auto;\" \/><\/a><\/div><\/div>","protected":false},"excerpt":{"rendered":"<p>W tym tygodniu w kinie Amok rozpoczyna si\u0119 festiwal filmowy Ukraina! (wi\u0119cej tu), s\u0105 te\u017c inne propozycje, kt\u00f3re powinny zainteresowa\u0107 widz\u00f3w. W\u015br\u00f3d nich dwa polskie dramaty: &#8220;Inni ludzie&#8221; oraz &#8220;Piosenki o mi\u0142o\u015bci&#8221;. &nbsp; W pierwszej propozycji w re\u017c. Aleksandry Terpi\u0144skiej wyst\u0105pili m.in. Jacek Beler, Sonia Bohosiewicz, Magdalena Kole\u015bnik, Sebastian Fabia\u0144ski. Film otrzyma\u0142 nagrody za najlepszy [&hellip;]<\/p>\n","protected":false},"author":15,"featured_media":189309,"comment_status":"open","ping_status":"closed","sticky":false,"template":"","format":"standard","meta":{"_monsterinsights_skip_tracking":false,"_monsterinsights_sitenote_active":false,"_monsterinsights_sitenote_note":"","_monsterinsights_sitenote_category":0,"footnotes":"","_links_to":"","_links_to_target":""},"categories":[3,6,1],"tags":[256,20646],"class_list":["post-189303","post","type-post","status-publish","format-standard","has-post-thumbnail","hentry","category-gliwice","category-kultura","category-wszystko","tag-kino-amok","tag-premiery-kinowe"],"yoast_head":"<!-- This site is optimized with the Yoast SEO plugin v27.4 - https:\/\/yoast.com\/product\/yoast-seo-wordpress\/ -->\n<title>Dwa polskie dramaty i festiwal ukrai\u0144skich film\u00f3w. Na co do kina w weekend? Podpowiadamy - 24GLIWICE - Portal Gliwice | codziennie nowe informacje<\/title>\n<meta name=\"description\" content=\"W tym tygodniu na ekrany kina Amok wchodz\u0105 dwie nowo\u015bci - dramat &quot;Inni ludzie&quot; oraz muzyczny dramat &quot;Piosenki o mi\u0142o\u015bci&quot;\" \/>\n<meta name=\"robots\" content=\"index, follow, max-snippet:-1, max-image-preview:large, max-video-preview:-1\" \/>\n<link rel=\"canonical\" href=\"https:\/\/www.24gliwice.pl\/wiadomosci\/dwa-polskie-dramaty-i-festiwal-ukrainskich-filmow-na-co-do-kina-w-weekend-podpowiadamy\/\" \/>\n<meta property=\"og:locale\" content=\"pl_PL\" \/>\n<meta property=\"og:type\" content=\"article\" \/>\n<meta property=\"og:title\" content=\"Dwa polskie dramaty i festiwal ukrai\u0144skich film\u00f3w. Na co do kina w weekend? Podpowiadamy - 24GLIWICE - Portal Gliwice | codziennie nowe informacje\" \/>\n<meta property=\"og:description\" content=\"W tym tygodniu na ekrany kina Amok wchodz\u0105 dwie nowo\u015bci - dramat &quot;Inni ludzie&quot; oraz muzyczny dramat &quot;Piosenki o mi\u0142o\u015bci&quot;\" \/>\n<meta property=\"og:url\" content=\"https:\/\/www.24gliwice.pl\/wiadomosci\/dwa-polskie-dramaty-i-festiwal-ukrainskich-filmow-na-co-do-kina-w-weekend-podpowiadamy\/\" \/>\n<meta property=\"og:site_name\" content=\"24GLIWICE - Portal Gliwice | codziennie nowe informacje\" \/>\n<meta property=\"article:publisher\" content=\"https:\/\/www.facebook.com\/24gliwice\" \/>\n<meta property=\"article:published_time\" content=\"2022-03-25T16:09:15+00:00\" \/>\n<meta property=\"og:image\" content=\"https:\/\/www.24gliwice.pl\/wiadomosci\/wp-content\/uploads\/2022\/03\/Inni_ludzie_aw_0003-1s-1-1200x0-c-default.jpg\" \/>\n\t<meta property=\"og:image:width\" content=\"810\" \/>\n\t<meta property=\"og:image:height\" content=\"457\" \/>\n\t<meta property=\"og:image:type\" content=\"image\/jpeg\" \/>\n<meta name=\"author\" content=\"\u017baneta Mrozek-Siewierska\" \/>\n<meta name=\"twitter:card\" content=\"summary_large_image\" \/>\n<meta name=\"twitter:creator\" content=\"@24gliwice\" \/>\n<meta name=\"twitter:site\" content=\"@24gliwice\" \/>\n<meta name=\"twitter:label1\" content=\"Napisane przez\" \/>\n\t<meta name=\"twitter:data1\" content=\"\u017baneta Mrozek-Siewierska\" \/>\n\t<meta name=\"twitter:label2\" content=\"Szacowany czas czytania\" \/>\n\t<meta name=\"twitter:data2\" content=\"4 minuty\" \/>\n<script type=\"application\/ld+json\" class=\"yoast-schema-graph\">{\"@context\":\"https:\\\/\\\/schema.org\",\"@graph\":[{\"@type\":\"Article\",\"@id\":\"https:\\\/\\\/www.24gliwice.pl\\\/wiadomosci\\\/dwa-polskie-dramaty-i-festiwal-ukrainskich-filmow-na-co-do-kina-w-weekend-podpowiadamy\\\/#article\",\"isPartOf\":{\"@id\":\"https:\\\/\\\/www.24gliwice.pl\\\/wiadomosci\\\/dwa-polskie-dramaty-i-festiwal-ukrainskich-filmow-na-co-do-kina-w-weekend-podpowiadamy\\\/\"},\"author\":{\"name\":\"\u017baneta Mrozek-Siewierska\",\"@id\":\"https:\\\/\\\/www.24gliwice.pl\\\/wiadomosci\\\/#\\\/schema\\\/person\\\/e42c650edd7f2fa332be3811fb166b6e\"},\"headline\":\"Dwa polskie dramaty i festiwal ukrai\u0144skich film\u00f3w. Na co do kina w weekend? Podpowiadamy\",\"datePublished\":\"2022-03-25T16:09:15+00:00\",\"mainEntityOfPage\":{\"@id\":\"https:\\\/\\\/www.24gliwice.pl\\\/wiadomosci\\\/dwa-polskie-dramaty-i-festiwal-ukrainskich-filmow-na-co-do-kina-w-weekend-podpowiadamy\\\/\"},\"wordCount\":523,\"commentCount\":0,\"publisher\":{\"@id\":\"https:\\\/\\\/www.24gliwice.pl\\\/wiadomosci\\\/#organization\"},\"image\":{\"@id\":\"https:\\\/\\\/www.24gliwice.pl\\\/wiadomosci\\\/dwa-polskie-dramaty-i-festiwal-ukrainskich-filmow-na-co-do-kina-w-weekend-podpowiadamy\\\/#primaryimage\"},\"thumbnailUrl\":\"https:\\\/\\\/www.24gliwice.pl\\\/wiadomosci\\\/wp-content\\\/uploads\\\/2022\\\/03\\\/Inni_ludzie_aw_0003-1s-1-1200x0-c-default.jpg\",\"keywords\":[\"KINO AMOK\",\"premiery kinowe\"],\"articleSection\":[\"Gliwice\",\"Kultura, wydarzenia, imprezy\",\"Najnowsze wiadomo\u015bci\"],\"inLanguage\":\"pl-PL\",\"potentialAction\":[{\"@type\":\"CommentAction\",\"name\":\"Comment\",\"target\":[\"https:\\\/\\\/www.24gliwice.pl\\\/wiadomosci\\\/dwa-polskie-dramaty-i-festiwal-ukrainskich-filmow-na-co-do-kina-w-weekend-podpowiadamy\\\/#respond\"]}]},{\"@type\":\"WebPage\",\"@id\":\"https:\\\/\\\/www.24gliwice.pl\\\/wiadomosci\\\/dwa-polskie-dramaty-i-festiwal-ukrainskich-filmow-na-co-do-kina-w-weekend-podpowiadamy\\\/\",\"url\":\"https:\\\/\\\/www.24gliwice.pl\\\/wiadomosci\\\/dwa-polskie-dramaty-i-festiwal-ukrainskich-filmow-na-co-do-kina-w-weekend-podpowiadamy\\\/\",\"name\":\"Dwa polskie dramaty i festiwal ukrai\u0144skich film\u00f3w. Na co do kina w weekend? Podpowiadamy - 24GLIWICE - Portal Gliwice | codziennie nowe informacje\",\"isPartOf\":{\"@id\":\"https:\\\/\\\/www.24gliwice.pl\\\/wiadomosci\\\/#website\"},\"primaryImageOfPage\":{\"@id\":\"https:\\\/\\\/www.24gliwice.pl\\\/wiadomosci\\\/dwa-polskie-dramaty-i-festiwal-ukrainskich-filmow-na-co-do-kina-w-weekend-podpowiadamy\\\/#primaryimage\"},\"image\":{\"@id\":\"https:\\\/\\\/www.24gliwice.pl\\\/wiadomosci\\\/dwa-polskie-dramaty-i-festiwal-ukrainskich-filmow-na-co-do-kina-w-weekend-podpowiadamy\\\/#primaryimage\"},\"thumbnailUrl\":\"https:\\\/\\\/www.24gliwice.pl\\\/wiadomosci\\\/wp-content\\\/uploads\\\/2022\\\/03\\\/Inni_ludzie_aw_0003-1s-1-1200x0-c-default.jpg\",\"datePublished\":\"2022-03-25T16:09:15+00:00\",\"description\":\"W tym tygodniu na ekrany kina Amok wchodz\u0105 dwie nowo\u015bci - dramat \\\"Inni ludzie\\\" oraz muzyczny dramat \\\"Piosenki o mi\u0142o\u015bci\\\"\",\"breadcrumb\":{\"@id\":\"https:\\\/\\\/www.24gliwice.pl\\\/wiadomosci\\\/dwa-polskie-dramaty-i-festiwal-ukrainskich-filmow-na-co-do-kina-w-weekend-podpowiadamy\\\/#breadcrumb\"},\"inLanguage\":\"pl-PL\",\"potentialAction\":[{\"@type\":\"ReadAction\",\"target\":[\"https:\\\/\\\/www.24gliwice.pl\\\/wiadomosci\\\/dwa-polskie-dramaty-i-festiwal-ukrainskich-filmow-na-co-do-kina-w-weekend-podpowiadamy\\\/\"]}]},{\"@type\":\"ImageObject\",\"inLanguage\":\"pl-PL\",\"@id\":\"https:\\\/\\\/www.24gliwice.pl\\\/wiadomosci\\\/dwa-polskie-dramaty-i-festiwal-ukrainskich-filmow-na-co-do-kina-w-weekend-podpowiadamy\\\/#primaryimage\",\"url\":\"https:\\\/\\\/www.24gliwice.pl\\\/wiadomosci\\\/wp-content\\\/uploads\\\/2022\\\/03\\\/Inni_ludzie_aw_0003-1s-1-1200x0-c-default.jpg\",\"contentUrl\":\"https:\\\/\\\/www.24gliwice.pl\\\/wiadomosci\\\/wp-content\\\/uploads\\\/2022\\\/03\\\/Inni_ludzie_aw_0003-1s-1-1200x0-c-default.jpg\",\"width\":810,\"height\":457},{\"@type\":\"BreadcrumbList\",\"@id\":\"https:\\\/\\\/www.24gliwice.pl\\\/wiadomosci\\\/dwa-polskie-dramaty-i-festiwal-ukrainskich-filmow-na-co-do-kina-w-weekend-podpowiadamy\\\/#breadcrumb\",\"itemListElement\":[{\"@type\":\"ListItem\",\"position\":1,\"name\":\"Strona g\u0142\u00f3wna\",\"item\":\"https:\\\/\\\/www.24gliwice.pl\\\/wiadomosci\\\/\"},{\"@type\":\"ListItem\",\"position\":2,\"name\":\"Dwa polskie dramaty i festiwal ukrai\u0144skich film\u00f3w. Na co do kina w weekend? Podpowiadamy\"}]},{\"@type\":\"WebSite\",\"@id\":\"https:\\\/\\\/www.24gliwice.pl\\\/wiadomosci\\\/#website\",\"url\":\"https:\\\/\\\/www.24gliwice.pl\\\/wiadomosci\\\/\",\"name\":\"24GLIWICE - Portal Gliwice | codziennie nowe wiadomo\u015bci\",\"description\":\"Portal Miejski Gliwice\",\"publisher\":{\"@id\":\"https:\\\/\\\/www.24gliwice.pl\\\/wiadomosci\\\/#organization\"},\"potentialAction\":[{\"@type\":\"SearchAction\",\"target\":{\"@type\":\"EntryPoint\",\"urlTemplate\":\"https:\\\/\\\/www.24gliwice.pl\\\/wiadomosci\\\/?s={search_term_string}\"},\"query-input\":{\"@type\":\"PropertyValueSpecification\",\"valueRequired\":true,\"valueName\":\"search_term_string\"}}],\"inLanguage\":\"pl-PL\"},{\"@type\":\"Organization\",\"@id\":\"https:\\\/\\\/www.24gliwice.pl\\\/wiadomosci\\\/#organization\",\"name\":\"24gliwice\",\"url\":\"https:\\\/\\\/www.24gliwice.pl\\\/wiadomosci\\\/\",\"logo\":{\"@type\":\"ImageObject\",\"inLanguage\":\"pl-PL\",\"@id\":\"https:\\\/\\\/www.24gliwice.pl\\\/wiadomosci\\\/#\\\/schema\\\/logo\\\/image\\\/\",\"url\":\"https:\\\/\\\/www.24gliwice.pl\\\/wiadomosci\\\/wp-content\\\/uploads\\\/2024\\\/10\\\/24gliwice-logo-696.jpg\",\"contentUrl\":\"https:\\\/\\\/www.24gliwice.pl\\\/wiadomosci\\\/wp-content\\\/uploads\\\/2024\\\/10\\\/24gliwice-logo-696.jpg\",\"width\":696,\"height\":696,\"caption\":\"24gliwice\"},\"image\":{\"@id\":\"https:\\\/\\\/www.24gliwice.pl\\\/wiadomosci\\\/#\\\/schema\\\/logo\\\/image\\\/\"},\"sameAs\":[\"https:\\\/\\\/www.facebook.com\\\/24gliwice\",\"https:\\\/\\\/x.com\\\/24gliwice\",\"https:\\\/\\\/www.youtube.com\\\/@24gliwice\"]},{\"@type\":\"Person\",\"@id\":\"https:\\\/\\\/www.24gliwice.pl\\\/wiadomosci\\\/#\\\/schema\\\/person\\\/e42c650edd7f2fa332be3811fb166b6e\",\"name\":\"\u017baneta Mrozek-Siewierska\",\"image\":{\"@type\":\"ImageObject\",\"inLanguage\":\"pl-PL\",\"@id\":\"https:\\\/\\\/www.24gliwice.pl\\\/wiadomosci\\\/wp-content\\\/uploads\\\/2021\\\/11\\\/Zaneta-M_S-zdjecie-czb-96x96.jpg\",\"url\":\"https:\\\/\\\/www.24gliwice.pl\\\/wiadomosci\\\/wp-content\\\/uploads\\\/2021\\\/11\\\/Zaneta-M_S-zdjecie-czb-96x96.jpg\",\"contentUrl\":\"https:\\\/\\\/www.24gliwice.pl\\\/wiadomosci\\\/wp-content\\\/uploads\\\/2021\\\/11\\\/Zaneta-M_S-zdjecie-czb-96x96.jpg\",\"caption\":\"\u017baneta Mrozek-Siewierska\"},\"url\":\"https:\\\/\\\/www.24gliwice.pl\\\/wiadomosci\\\/author\\\/zms\\\/\"}]}<\/script>\n<!-- \/ Yoast SEO plugin. -->","yoast_head_json":{"title":"Dwa polskie dramaty i festiwal ukrai\u0144skich film\u00f3w. Na co do kina w weekend? Podpowiadamy - 24GLIWICE - Portal Gliwice | codziennie nowe informacje","description":"W tym tygodniu na ekrany kina Amok wchodz\u0105 dwie nowo\u015bci - dramat \"Inni ludzie\" oraz muzyczny dramat \"Piosenki o mi\u0142o\u015bci\"","robots":{"index":"index","follow":"follow","max-snippet":"max-snippet:-1","max-image-preview":"max-image-preview:large","max-video-preview":"max-video-preview:-1"},"canonical":"https:\/\/www.24gliwice.pl\/wiadomosci\/dwa-polskie-dramaty-i-festiwal-ukrainskich-filmow-na-co-do-kina-w-weekend-podpowiadamy\/","og_locale":"pl_PL","og_type":"article","og_title":"Dwa polskie dramaty i festiwal ukrai\u0144skich film\u00f3w. Na co do kina w weekend? Podpowiadamy - 24GLIWICE - Portal Gliwice | codziennie nowe informacje","og_description":"W tym tygodniu na ekrany kina Amok wchodz\u0105 dwie nowo\u015bci - dramat \"Inni ludzie\" oraz muzyczny dramat \"Piosenki o mi\u0142o\u015bci\"","og_url":"https:\/\/www.24gliwice.pl\/wiadomosci\/dwa-polskie-dramaty-i-festiwal-ukrainskich-filmow-na-co-do-kina-w-weekend-podpowiadamy\/","og_site_name":"24GLIWICE - Portal Gliwice | codziennie nowe informacje","article_publisher":"https:\/\/www.facebook.com\/24gliwice","article_published_time":"2022-03-25T16:09:15+00:00","og_image":[{"width":810,"height":457,"url":"https:\/\/www.24gliwice.pl\/wiadomosci\/wp-content\/uploads\/2022\/03\/Inni_ludzie_aw_0003-1s-1-1200x0-c-default.jpg","type":"image\/jpeg"}],"author":"\u017baneta Mrozek-Siewierska","twitter_card":"summary_large_image","twitter_creator":"@24gliwice","twitter_site":"@24gliwice","twitter_misc":{"Napisane przez":"\u017baneta Mrozek-Siewierska","Szacowany czas czytania":"4 minuty"},"schema":{"@context":"https:\/\/schema.org","@graph":[{"@type":"Article","@id":"https:\/\/www.24gliwice.pl\/wiadomosci\/dwa-polskie-dramaty-i-festiwal-ukrainskich-filmow-na-co-do-kina-w-weekend-podpowiadamy\/#article","isPartOf":{"@id":"https:\/\/www.24gliwice.pl\/wiadomosci\/dwa-polskie-dramaty-i-festiwal-ukrainskich-filmow-na-co-do-kina-w-weekend-podpowiadamy\/"},"author":{"name":"\u017baneta Mrozek-Siewierska","@id":"https:\/\/www.24gliwice.pl\/wiadomosci\/#\/schema\/person\/e42c650edd7f2fa332be3811fb166b6e"},"headline":"Dwa polskie dramaty i festiwal ukrai\u0144skich film\u00f3w. Na co do kina w weekend? Podpowiadamy","datePublished":"2022-03-25T16:09:15+00:00","mainEntityOfPage":{"@id":"https:\/\/www.24gliwice.pl\/wiadomosci\/dwa-polskie-dramaty-i-festiwal-ukrainskich-filmow-na-co-do-kina-w-weekend-podpowiadamy\/"},"wordCount":523,"commentCount":0,"publisher":{"@id":"https:\/\/www.24gliwice.pl\/wiadomosci\/#organization"},"image":{"@id":"https:\/\/www.24gliwice.pl\/wiadomosci\/dwa-polskie-dramaty-i-festiwal-ukrainskich-filmow-na-co-do-kina-w-weekend-podpowiadamy\/#primaryimage"},"thumbnailUrl":"https:\/\/www.24gliwice.pl\/wiadomosci\/wp-content\/uploads\/2022\/03\/Inni_ludzie_aw_0003-1s-1-1200x0-c-default.jpg","keywords":["KINO AMOK","premiery kinowe"],"articleSection":["Gliwice","Kultura, wydarzenia, imprezy","Najnowsze wiadomo\u015bci"],"inLanguage":"pl-PL","potentialAction":[{"@type":"CommentAction","name":"Comment","target":["https:\/\/www.24gliwice.pl\/wiadomosci\/dwa-polskie-dramaty-i-festiwal-ukrainskich-filmow-na-co-do-kina-w-weekend-podpowiadamy\/#respond"]}]},{"@type":"WebPage","@id":"https:\/\/www.24gliwice.pl\/wiadomosci\/dwa-polskie-dramaty-i-festiwal-ukrainskich-filmow-na-co-do-kina-w-weekend-podpowiadamy\/","url":"https:\/\/www.24gliwice.pl\/wiadomosci\/dwa-polskie-dramaty-i-festiwal-ukrainskich-filmow-na-co-do-kina-w-weekend-podpowiadamy\/","name":"Dwa polskie dramaty i festiwal ukrai\u0144skich film\u00f3w. Na co do kina w weekend? Podpowiadamy - 24GLIWICE - Portal Gliwice | codziennie nowe informacje","isPartOf":{"@id":"https:\/\/www.24gliwice.pl\/wiadomosci\/#website"},"primaryImageOfPage":{"@id":"https:\/\/www.24gliwice.pl\/wiadomosci\/dwa-polskie-dramaty-i-festiwal-ukrainskich-filmow-na-co-do-kina-w-weekend-podpowiadamy\/#primaryimage"},"image":{"@id":"https:\/\/www.24gliwice.pl\/wiadomosci\/dwa-polskie-dramaty-i-festiwal-ukrainskich-filmow-na-co-do-kina-w-weekend-podpowiadamy\/#primaryimage"},"thumbnailUrl":"https:\/\/www.24gliwice.pl\/wiadomosci\/wp-content\/uploads\/2022\/03\/Inni_ludzie_aw_0003-1s-1-1200x0-c-default.jpg","datePublished":"2022-03-25T16:09:15+00:00","description":"W tym tygodniu na ekrany kina Amok wchodz\u0105 dwie nowo\u015bci - dramat \"Inni ludzie\" oraz muzyczny dramat \"Piosenki o mi\u0142o\u015bci\"","breadcrumb":{"@id":"https:\/\/www.24gliwice.pl\/wiadomosci\/dwa-polskie-dramaty-i-festiwal-ukrainskich-filmow-na-co-do-kina-w-weekend-podpowiadamy\/#breadcrumb"},"inLanguage":"pl-PL","potentialAction":[{"@type":"ReadAction","target":["https:\/\/www.24gliwice.pl\/wiadomosci\/dwa-polskie-dramaty-i-festiwal-ukrainskich-filmow-na-co-do-kina-w-weekend-podpowiadamy\/"]}]},{"@type":"ImageObject","inLanguage":"pl-PL","@id":"https:\/\/www.24gliwice.pl\/wiadomosci\/dwa-polskie-dramaty-i-festiwal-ukrainskich-filmow-na-co-do-kina-w-weekend-podpowiadamy\/#primaryimage","url":"https:\/\/www.24gliwice.pl\/wiadomosci\/wp-content\/uploads\/2022\/03\/Inni_ludzie_aw_0003-1s-1-1200x0-c-default.jpg","contentUrl":"https:\/\/www.24gliwice.pl\/wiadomosci\/wp-content\/uploads\/2022\/03\/Inni_ludzie_aw_0003-1s-1-1200x0-c-default.jpg","width":810,"height":457},{"@type":"BreadcrumbList","@id":"https:\/\/www.24gliwice.pl\/wiadomosci\/dwa-polskie-dramaty-i-festiwal-ukrainskich-filmow-na-co-do-kina-w-weekend-podpowiadamy\/#breadcrumb","itemListElement":[{"@type":"ListItem","position":1,"name":"Strona g\u0142\u00f3wna","item":"https:\/\/www.24gliwice.pl\/wiadomosci\/"},{"@type":"ListItem","position":2,"name":"Dwa polskie dramaty i festiwal ukrai\u0144skich film\u00f3w. Na co do kina w weekend? Podpowiadamy"}]},{"@type":"WebSite","@id":"https:\/\/www.24gliwice.pl\/wiadomosci\/#website","url":"https:\/\/www.24gliwice.pl\/wiadomosci\/","name":"24GLIWICE - Portal Gliwice | codziennie nowe wiadomo\u015bci","description":"Portal Miejski Gliwice","publisher":{"@id":"https:\/\/www.24gliwice.pl\/wiadomosci\/#organization"},"potentialAction":[{"@type":"SearchAction","target":{"@type":"EntryPoint","urlTemplate":"https:\/\/www.24gliwice.pl\/wiadomosci\/?s={search_term_string}"},"query-input":{"@type":"PropertyValueSpecification","valueRequired":true,"valueName":"search_term_string"}}],"inLanguage":"pl-PL"},{"@type":"Organization","@id":"https:\/\/www.24gliwice.pl\/wiadomosci\/#organization","name":"24gliwice","url":"https:\/\/www.24gliwice.pl\/wiadomosci\/","logo":{"@type":"ImageObject","inLanguage":"pl-PL","@id":"https:\/\/www.24gliwice.pl\/wiadomosci\/#\/schema\/logo\/image\/","url":"https:\/\/www.24gliwice.pl\/wiadomosci\/wp-content\/uploads\/2024\/10\/24gliwice-logo-696.jpg","contentUrl":"https:\/\/www.24gliwice.pl\/wiadomosci\/wp-content\/uploads\/2024\/10\/24gliwice-logo-696.jpg","width":696,"height":696,"caption":"24gliwice"},"image":{"@id":"https:\/\/www.24gliwice.pl\/wiadomosci\/#\/schema\/logo\/image\/"},"sameAs":["https:\/\/www.facebook.com\/24gliwice","https:\/\/x.com\/24gliwice","https:\/\/www.youtube.com\/@24gliwice"]},{"@type":"Person","@id":"https:\/\/www.24gliwice.pl\/wiadomosci\/#\/schema\/person\/e42c650edd7f2fa332be3811fb166b6e","name":"\u017baneta Mrozek-Siewierska","image":{"@type":"ImageObject","inLanguage":"pl-PL","@id":"https:\/\/www.24gliwice.pl\/wiadomosci\/wp-content\/uploads\/2021\/11\/Zaneta-M_S-zdjecie-czb-96x96.jpg","url":"https:\/\/www.24gliwice.pl\/wiadomosci\/wp-content\/uploads\/2021\/11\/Zaneta-M_S-zdjecie-czb-96x96.jpg","contentUrl":"https:\/\/www.24gliwice.pl\/wiadomosci\/wp-content\/uploads\/2021\/11\/Zaneta-M_S-zdjecie-czb-96x96.jpg","caption":"\u017baneta Mrozek-Siewierska"},"url":"https:\/\/www.24gliwice.pl\/wiadomosci\/author\/zms\/"}]}},"_links":{"self":[{"href":"https:\/\/www.24gliwice.pl\/wiadomosci\/wp-json\/wp\/v2\/posts\/189303","targetHints":{"allow":["GET"]}}],"collection":[{"href":"https:\/\/www.24gliwice.pl\/wiadomosci\/wp-json\/wp\/v2\/posts"}],"about":[{"href":"https:\/\/www.24gliwice.pl\/wiadomosci\/wp-json\/wp\/v2\/types\/post"}],"author":[{"embeddable":true,"href":"https:\/\/www.24gliwice.pl\/wiadomosci\/wp-json\/wp\/v2\/users\/15"}],"replies":[{"embeddable":true,"href":"https:\/\/www.24gliwice.pl\/wiadomosci\/wp-json\/wp\/v2\/comments?post=189303"}],"version-history":[{"count":4,"href":"https:\/\/www.24gliwice.pl\/wiadomosci\/wp-json\/wp\/v2\/posts\/189303\/revisions"}],"predecessor-version":[{"id":189326,"href":"https:\/\/www.24gliwice.pl\/wiadomosci\/wp-json\/wp\/v2\/posts\/189303\/revisions\/189326"}],"wp:featuredmedia":[{"embeddable":true,"href":"https:\/\/www.24gliwice.pl\/wiadomosci\/wp-json\/wp\/v2\/media\/189309"}],"wp:attachment":[{"href":"https:\/\/www.24gliwice.pl\/wiadomosci\/wp-json\/wp\/v2\/media?parent=189303"}],"wp:term":[{"taxonomy":"category","embeddable":true,"href":"https:\/\/www.24gliwice.pl\/wiadomosci\/wp-json\/wp\/v2\/categories?post=189303"},{"taxonomy":"post_tag","embeddable":true,"href":"https:\/\/www.24gliwice.pl\/wiadomosci\/wp-json\/wp\/v2\/tags?post=189303"}],"curies":[{"name":"wp","href":"https:\/\/api.w.org\/{rel}","templated":true}]}}