{"id":189383,"date":"2022-03-28T13:06:31","date_gmt":"2022-03-28T11:06:31","guid":{"rendered":"https:\/\/www.24gliwice.pl\/wiadomosci\/?p=189383"},"modified":"2022-03-28T16:08:20","modified_gmt":"2022-03-28T14:08:20","slug":"wielkanocna-wystawa-w-filii-biblioteki-autorka-prac-jest-gliwicka-rekodzielniczka-foto","status":"publish","type":"post","link":"https:\/\/www.24gliwice.pl\/wiadomosci\/wielkanocna-wystawa-w-filii-biblioteki-autorka-prac-jest-gliwicka-rekodzielniczka-foto\/","title":{"rendered":"Wielkanocna wystawa w filii Biblioteki. Autork\u0105 prac jest gliwicka r\u0119kodzielniczka (foto)"},"content":{"rendered":"<div class=\"gliwi-a6-nad-leadem-artykulow gliwi-entity-placement\" id=\"gliwi-59328879\"><div class=\"gliwi-adlabel\"><span style=\"font-size: 9px\">REKLAMA<\/span><\/div><div id=\"gliwi-2329813239\" style=\"margin-bottom: 30px;margin-left: auto;margin-right: auto;text-align: center;\"><a data-no-instant=\"1\" href=\"https:\/\/przedszkole.halogen.org.pl\/\" rel=\"noopener\" class=\"a2t-link\" target=\"_blank\" aria-label=\"20260402-ANIMATOR-przedszkole_grafika_750x200\"><img loading=\"lazy\" decoding=\"async\" src=\"https:\/\/www.24gliwice.pl\/wiadomosci\/wp-content\/uploads\/2026\/04\/20260402-ANIMATOR-przedszkole_grafika_750x200.webp\" alt=\"\"  srcset=\"https:\/\/www.24gliwice.pl\/wiadomosci\/wp-content\/uploads\/2026\/04\/20260402-ANIMATOR-przedszkole_grafika_750x200.webp 750w, https:\/\/www.24gliwice.pl\/wiadomosci\/wp-content\/uploads\/2026\/04\/20260402-ANIMATOR-przedszkole_grafika_750x200-410x109.webp 410w\" sizes=\"(max-width: 750px) 100vw, 750px\" class=\"no-lazyload\" width=\"750\" height=\"200\"  style=\"display: inline-block; max-width: 100%; height: auto;\" \/><\/a><\/div><\/div><h2>\u015awi\u0119ta Wielkanocne ju\u017c za 3 tygodnie. W sklepach pojawia si\u0119 coraz wi\u0119cej wielkanocnych ozd\u00f3b. Osoby, kt\u00f3re chcia\u0142y wykona\u0107 je w\u0142asnor\u0119cznie, mia\u0142y niedawno ku temu okazj\u0119 podczas warsztat\u00f3w w filii MBP na Zatorzu. Poprowadzi\u0142a je gliwicka artystka.<\/h2>\n<p>&nbsp;<br \/>\nW plac\u00f3wce odby\u0142y si\u0119 Rodzinne Warsztaty Artystyczne pt: \u201eOzdoby \u015bwi\u0105teczne\u201d pod okiem <strong>El\u017cbiety Pisarskiej<\/strong>, r\u0119kodzielniczki, kt\u00f3ra aktualnie wystawia swoje prace w bibliotece przy ulicy Sp\u00f3\u0142dzielczej 33. Podczas zaj\u0119\u0107 zdobiono pisanki r\u00f3\u017cnymi metodami.<\/p>\n<h4>Dzieci je malowa\u0142y, ozdabia\u0142y cekinami, pi\u00f3rkami itp., natomiast doro\u015bli podj\u0119li si\u0119 skomplikowanej metody decoupage.<\/h4>\n<p>Aktualnie w filii nr 17 mo\u017cna ogl\u0105da\u0107 wystaw\u0119 prac El\u017cbiety Pisarskiej. Oficjalnie, wed\u0142ug informacji na stronie MBP, potrwa ona w dniach od 1 do 20 kwietnia. W praktyce ju\u017c jest dost\u0119pna dla odwiedzaj\u0105cych. Wst\u0119p oczywi\u015bcie jest wolny.<\/p><div class=\"gliwi-a3-w-tresci-artykulow gliwi-entity-placement\" id=\"gliwi-1286166588\"><div class=\"gliwi-adlabel\"><span style=\"font-size: 9px\">REKLAMA<\/span><\/div><div id=\"gliwi-3482587177\" style=\"margin-bottom: 30px;margin-left: auto;margin-right: auto;text-align: center;\"><a data-no-instant=\"1\" href=\"https:\/\/ogrodyandersa.pl\/\" rel=\"noopener\" class=\"a2t-link\" target=\"_blank\" aria-label=\"20260415 Ogrody Andersa KUP TERAZ D\"><img loading=\"lazy\" decoding=\"async\" src=\"https:\/\/www.24gliwice.pl\/wiadomosci\/wp-content\/uploads\/2026\/04\/20260415-Ogrody-Andersa-KUP-TERAZ-D.jpg\" alt=\"\"  srcset=\"https:\/\/www.24gliwice.pl\/wiadomosci\/wp-content\/uploads\/2026\/04\/20260415-Ogrody-Andersa-KUP-TERAZ-D.jpg 750w, https:\/\/www.24gliwice.pl\/wiadomosci\/wp-content\/uploads\/2026\/04\/20260415-Ogrody-Andersa-KUP-TERAZ-D-410x109.jpg 410w\" sizes=\"(max-width: 750px) 100vw, 750px\" class=\"no-lazyload\" width=\"750\" height=\"200\"  style=\"display: inline-block; max-width: 100%; height: auto;\" \/><\/a><\/div><\/div>\n<p><a href=\"https:\/\/www.24gliwice.pl\/wiadomosci\/wp-content\/uploads\/2022\/03\/wielkanicne-ozdoby.jpg\"><img loading=\"lazy\" decoding=\"async\" class=\"alignnone size-full wp-image-189394\" src=\"https:\/\/www.24gliwice.pl\/wiadomosci\/wp-content\/uploads\/2022\/03\/wielkanicne-ozdoby.jpg\" alt=\"\" width=\"810\" height=\"457\" srcset=\"https:\/\/www.24gliwice.pl\/wiadomosci\/wp-content\/uploads\/2022\/03\/wielkanicne-ozdoby.jpg 810w, https:\/\/www.24gliwice.pl\/wiadomosci\/wp-content\/uploads\/2022\/03\/wielkanicne-ozdoby-410x232.jpg 410w, https:\/\/www.24gliwice.pl\/wiadomosci\/wp-content\/uploads\/2022\/03\/wielkanicne-ozdoby-806x455.jpg 806w, https:\/\/www.24gliwice.pl\/wiadomosci\/wp-content\/uploads\/2022\/03\/wielkanicne-ozdoby-768x433.jpg 768w\" sizes=\"auto, (max-width: 810px) 100vw, 810px\" \/><\/a><\/p>\n<p>&#8211; Wszystkie zgromadzone wytwory r\u0119kodzielnicze \u0142\u0105czy wielkanocny klimat. Mo\u017cna tu znale\u017a\u0107 wykonane r\u00f3\u017cnymi technikami pisanki, stroiki, zaj\u0105czki, tulipany oraz inne \u015bwi\u0105teczne ozdoby &#8211; informuj\u0105 organizatorzy.<\/p>\n<p>(\u017cms)<br \/>\nfot. M. Konior<\/p>\n<p><a href=\"https:\/\/www.24gliwice.pl\/wiadomosci\/wp-content\/uploads\/2022\/03\/wielkanicne-ozdoby3.jpg\"><img loading=\"lazy\" decoding=\"async\" class=\"alignnone  wp-image-189396\" src=\"https:\/\/www.24gliwice.pl\/wiadomosci\/wp-content\/uploads\/2022\/03\/wielkanicne-ozdoby3.jpg\" alt=\"\" width=\"1287\" height=\"1715\" srcset=\"https:\/\/www.24gliwice.pl\/wiadomosci\/wp-content\/uploads\/2022\/03\/wielkanicne-ozdoby3.jpg 608w, https:\/\/www.24gliwice.pl\/wiadomosci\/wp-content\/uploads\/2022\/03\/wielkanicne-ozdoby3-174x232.jpg 174w, https:\/\/www.24gliwice.pl\/wiadomosci\/wp-content\/uploads\/2022\/03\/wielkanicne-ozdoby3-342x455.jpg 342w\" sizes=\"auto, (max-width: 1287px) 100vw, 1287px\" \/><\/a><\/p>\n<p><a href=\"https:\/\/www.24gliwice.pl\/wiadomosci\/wp-content\/uploads\/2022\/03\/wielkanicne-ozdoby2.jpg\"><img loading=\"lazy\" decoding=\"async\" class=\"alignnone  wp-image-189395\" src=\"https:\/\/www.24gliwice.pl\/wiadomosci\/wp-content\/uploads\/2022\/03\/wielkanicne-ozdoby2.jpg\" alt=\"\" width=\"1318\" height=\"1756\" srcset=\"https:\/\/www.24gliwice.pl\/wiadomosci\/wp-content\/uploads\/2022\/03\/wielkanicne-ozdoby2.jpg 608w, https:\/\/www.24gliwice.pl\/wiadomosci\/wp-content\/uploads\/2022\/03\/wielkanicne-ozdoby2-174x232.jpg 174w, https:\/\/www.24gliwice.pl\/wiadomosci\/wp-content\/uploads\/2022\/03\/wielkanicne-ozdoby2-342x455.jpg 342w\" sizes=\"auto, (max-width: 1318px) 100vw, 1318px\" \/><\/a><\/p>\n<div class=\"gliwi-a5-na-koncu-artykulow gliwi-entity-placement\" id=\"gliwi-310294112\"><div class=\"gliwi-adlabel\"><span style=\"font-size: 9px\">REKLAMA<\/span><\/div><div id=\"gliwi-1798617430\" style=\"margin-left: auto;margin-right: auto;text-align: center;\"><a data-no-instant=\"1\" href=\"https:\/\/prezeroarenagliwice.pl\/\" rel=\"noopener\" class=\"a2t-link\" target=\"_blank\" aria-label=\"20260309-PREZERO-WIOSNA-D\"><img loading=\"lazy\" decoding=\"async\" src=\"https:\/\/www.24gliwice.pl\/wiadomosci\/wp-content\/uploads\/2026\/03\/20260309-PREZERO-WIOSNA-D.webp\" alt=\"\"  srcset=\"https:\/\/www.24gliwice.pl\/wiadomosci\/wp-content\/uploads\/2026\/03\/20260309-PREZERO-WIOSNA-D.webp 750w, https:\/\/www.24gliwice.pl\/wiadomosci\/wp-content\/uploads\/2026\/03\/20260309-PREZERO-WIOSNA-D-410x109.webp 410w\" sizes=\"(max-width: 750px) 100vw, 750px\" class=\"no-lazyload\" width=\"750\" height=\"200\"  style=\"display: inline-block; max-width: 100%; height: auto;\" \/><\/a><\/div><\/div>","protected":false},"excerpt":{"rendered":"<p>\u015awi\u0119ta Wielkanocne ju\u017c za 3 tygodnie. W sklepach pojawia si\u0119 coraz wi\u0119cej wielkanocnych ozd\u00f3b. Osoby, kt\u00f3re chcia\u0142y wykona\u0107 je w\u0142asnor\u0119cznie, mia\u0142y niedawno ku temu okazj\u0119 podczas warsztat\u00f3w w filii MBP na Zatorzu. Poprowadzi\u0142a je gliwicka artystka. &nbsp; W plac\u00f3wce odby\u0142y si\u0119 Rodzinne Warsztaty Artystyczne pt: \u201eOzdoby \u015bwi\u0105teczne\u201d pod okiem El\u017cbiety Pisarskiej, r\u0119kodzielniczki, kt\u00f3ra aktualnie wystawia [&hellip;]<\/p>\n","protected":false},"author":15,"featured_media":189397,"comment_status":"open","ping_status":"closed","sticky":false,"template":"","format":"standard","meta":{"_monsterinsights_skip_tracking":false,"_monsterinsights_sitenote_active":false,"_monsterinsights_sitenote_note":"","_monsterinsights_sitenote_category":0,"footnotes":"","_links_to":"","_links_to_target":""},"categories":[3,6,1],"tags":[6152],"class_list":["post-189383","post","type-post","status-publish","format-standard","has-post-thumbnail","hentry","category-gliwice","category-kultura","category-wszystko","tag-mbp-gliwice"],"yoast_head":"<!-- This site is optimized with the Yoast SEO plugin v27.4 - https:\/\/yoast.com\/product\/yoast-seo-wordpress\/ -->\n<title>Wielkanocna wystawa w filii Biblioteki. Autork\u0105 prac jest gliwicka r\u0119kodzielniczka (foto) - 24GLIWICE - Portal Gliwice | codziennie nowe informacje<\/title>\n<meta name=\"description\" content=\"W filii biblioteki miejskiej przy ulicy Sp\u00f3\u0142dzielczej na Zatorzu mo\u017cna obecnie ogl\u0105da\u0107 wystaw\u0119 r\u0119kodzie\u0142a gliwiczanki El\u017cbiety Pisarskiej\" \/>\n<meta name=\"robots\" content=\"index, follow, max-snippet:-1, max-image-preview:large, max-video-preview:-1\" \/>\n<link rel=\"canonical\" href=\"https:\/\/www.24gliwice.pl\/wiadomosci\/wielkanocna-wystawa-w-filii-biblioteki-autorka-prac-jest-gliwicka-rekodzielniczka-foto\/\" \/>\n<meta property=\"og:locale\" content=\"pl_PL\" \/>\n<meta property=\"og:type\" content=\"article\" \/>\n<meta property=\"og:title\" content=\"Wielkanocna wystawa w filii Biblioteki. Autork\u0105 prac jest gliwicka r\u0119kodzielniczka (foto) - 24GLIWICE - Portal Gliwice | codziennie nowe informacje\" \/>\n<meta property=\"og:description\" content=\"W filii biblioteki miejskiej przy ulicy Sp\u00f3\u0142dzielczej na Zatorzu mo\u017cna obecnie ogl\u0105da\u0107 wystaw\u0119 r\u0119kodzie\u0142a gliwiczanki El\u017cbiety Pisarskiej\" \/>\n<meta property=\"og:url\" content=\"https:\/\/www.24gliwice.pl\/wiadomosci\/wielkanocna-wystawa-w-filii-biblioteki-autorka-prac-jest-gliwicka-rekodzielniczka-foto\/\" \/>\n<meta property=\"og:site_name\" content=\"24GLIWICE - Portal Gliwice | codziennie nowe informacje\" \/>\n<meta property=\"article:publisher\" content=\"https:\/\/www.facebook.com\/24gliwice\" \/>\n<meta property=\"article:published_time\" content=\"2022-03-28T11:06:31+00:00\" \/>\n<meta property=\"article:modified_time\" content=\"2022-03-28T14:08:20+00:00\" \/>\n<meta property=\"og:image\" content=\"https:\/\/www.24gliwice.pl\/wiadomosci\/wp-content\/uploads\/2022\/03\/wielkanicne-ozdoby5.jpg\" \/>\n\t<meta property=\"og:image:width\" content=\"810\" \/>\n\t<meta property=\"og:image:height\" content=\"461\" \/>\n\t<meta property=\"og:image:type\" content=\"image\/jpeg\" \/>\n<meta name=\"author\" content=\"\u017baneta Mrozek-Siewierska\" \/>\n<meta name=\"twitter:card\" content=\"summary_large_image\" \/>\n<meta name=\"twitter:creator\" content=\"@24gliwice\" \/>\n<meta name=\"twitter:site\" content=\"@24gliwice\" \/>\n<meta name=\"twitter:label1\" content=\"Napisane przez\" \/>\n\t<meta name=\"twitter:data1\" content=\"\u017baneta Mrozek-Siewierska\" \/>\n\t<meta name=\"twitter:label2\" content=\"Szacowany czas czytania\" \/>\n\t<meta name=\"twitter:data2\" content=\"2 minuty\" \/>\n<script type=\"application\/ld+json\" class=\"yoast-schema-graph\">{\"@context\":\"https:\\\/\\\/schema.org\",\"@graph\":[{\"@type\":\"Article\",\"@id\":\"https:\\\/\\\/www.24gliwice.pl\\\/wiadomosci\\\/wielkanocna-wystawa-w-filii-biblioteki-autorka-prac-jest-gliwicka-rekodzielniczka-foto\\\/#article\",\"isPartOf\":{\"@id\":\"https:\\\/\\\/www.24gliwice.pl\\\/wiadomosci\\\/wielkanocna-wystawa-w-filii-biblioteki-autorka-prac-jest-gliwicka-rekodzielniczka-foto\\\/\"},\"author\":{\"name\":\"\u017baneta Mrozek-Siewierska\",\"@id\":\"https:\\\/\\\/www.24gliwice.pl\\\/wiadomosci\\\/#\\\/schema\\\/person\\\/e42c650edd7f2fa332be3811fb166b6e\"},\"headline\":\"Wielkanocna wystawa w filii Biblioteki. Autork\u0105 prac jest gliwicka r\u0119kodzielniczka (foto)\",\"datePublished\":\"2022-03-28T11:06:31+00:00\",\"dateModified\":\"2022-03-28T14:08:20+00:00\",\"mainEntityOfPage\":{\"@id\":\"https:\\\/\\\/www.24gliwice.pl\\\/wiadomosci\\\/wielkanocna-wystawa-w-filii-biblioteki-autorka-prac-jest-gliwicka-rekodzielniczka-foto\\\/\"},\"wordCount\":192,\"commentCount\":0,\"publisher\":{\"@id\":\"https:\\\/\\\/www.24gliwice.pl\\\/wiadomosci\\\/#organization\"},\"image\":{\"@id\":\"https:\\\/\\\/www.24gliwice.pl\\\/wiadomosci\\\/wielkanocna-wystawa-w-filii-biblioteki-autorka-prac-jest-gliwicka-rekodzielniczka-foto\\\/#primaryimage\"},\"thumbnailUrl\":\"https:\\\/\\\/www.24gliwice.pl\\\/wiadomosci\\\/wp-content\\\/uploads\\\/2022\\\/03\\\/wielkanicne-ozdoby5.jpg\",\"keywords\":[\"mbp gliwice\"],\"articleSection\":[\"Gliwice\",\"Kultura, wydarzenia, imprezy\",\"Najnowsze wiadomo\u015bci\"],\"inLanguage\":\"pl-PL\",\"potentialAction\":[{\"@type\":\"CommentAction\",\"name\":\"Comment\",\"target\":[\"https:\\\/\\\/www.24gliwice.pl\\\/wiadomosci\\\/wielkanocna-wystawa-w-filii-biblioteki-autorka-prac-jest-gliwicka-rekodzielniczka-foto\\\/#respond\"]}]},{\"@type\":\"WebPage\",\"@id\":\"https:\\\/\\\/www.24gliwice.pl\\\/wiadomosci\\\/wielkanocna-wystawa-w-filii-biblioteki-autorka-prac-jest-gliwicka-rekodzielniczka-foto\\\/\",\"url\":\"https:\\\/\\\/www.24gliwice.pl\\\/wiadomosci\\\/wielkanocna-wystawa-w-filii-biblioteki-autorka-prac-jest-gliwicka-rekodzielniczka-foto\\\/\",\"name\":\"Wielkanocna wystawa w filii Biblioteki. Autork\u0105 prac jest gliwicka r\u0119kodzielniczka (foto) - 24GLIWICE - Portal Gliwice | codziennie nowe informacje\",\"isPartOf\":{\"@id\":\"https:\\\/\\\/www.24gliwice.pl\\\/wiadomosci\\\/#website\"},\"primaryImageOfPage\":{\"@id\":\"https:\\\/\\\/www.24gliwice.pl\\\/wiadomosci\\\/wielkanocna-wystawa-w-filii-biblioteki-autorka-prac-jest-gliwicka-rekodzielniczka-foto\\\/#primaryimage\"},\"image\":{\"@id\":\"https:\\\/\\\/www.24gliwice.pl\\\/wiadomosci\\\/wielkanocna-wystawa-w-filii-biblioteki-autorka-prac-jest-gliwicka-rekodzielniczka-foto\\\/#primaryimage\"},\"thumbnailUrl\":\"https:\\\/\\\/www.24gliwice.pl\\\/wiadomosci\\\/wp-content\\\/uploads\\\/2022\\\/03\\\/wielkanicne-ozdoby5.jpg\",\"datePublished\":\"2022-03-28T11:06:31+00:00\",\"dateModified\":\"2022-03-28T14:08:20+00:00\",\"description\":\"W filii biblioteki miejskiej przy ulicy Sp\u00f3\u0142dzielczej na Zatorzu mo\u017cna obecnie ogl\u0105da\u0107 wystaw\u0119 r\u0119kodzie\u0142a gliwiczanki El\u017cbiety Pisarskiej\",\"breadcrumb\":{\"@id\":\"https:\\\/\\\/www.24gliwice.pl\\\/wiadomosci\\\/wielkanocna-wystawa-w-filii-biblioteki-autorka-prac-jest-gliwicka-rekodzielniczka-foto\\\/#breadcrumb\"},\"inLanguage\":\"pl-PL\",\"potentialAction\":[{\"@type\":\"ReadAction\",\"target\":[\"https:\\\/\\\/www.24gliwice.pl\\\/wiadomosci\\\/wielkanocna-wystawa-w-filii-biblioteki-autorka-prac-jest-gliwicka-rekodzielniczka-foto\\\/\"]}]},{\"@type\":\"ImageObject\",\"inLanguage\":\"pl-PL\",\"@id\":\"https:\\\/\\\/www.24gliwice.pl\\\/wiadomosci\\\/wielkanocna-wystawa-w-filii-biblioteki-autorka-prac-jest-gliwicka-rekodzielniczka-foto\\\/#primaryimage\",\"url\":\"https:\\\/\\\/www.24gliwice.pl\\\/wiadomosci\\\/wp-content\\\/uploads\\\/2022\\\/03\\\/wielkanicne-ozdoby5.jpg\",\"contentUrl\":\"https:\\\/\\\/www.24gliwice.pl\\\/wiadomosci\\\/wp-content\\\/uploads\\\/2022\\\/03\\\/wielkanicne-ozdoby5.jpg\",\"width\":810,\"height\":461},{\"@type\":\"BreadcrumbList\",\"@id\":\"https:\\\/\\\/www.24gliwice.pl\\\/wiadomosci\\\/wielkanocna-wystawa-w-filii-biblioteki-autorka-prac-jest-gliwicka-rekodzielniczka-foto\\\/#breadcrumb\",\"itemListElement\":[{\"@type\":\"ListItem\",\"position\":1,\"name\":\"Strona g\u0142\u00f3wna\",\"item\":\"https:\\\/\\\/www.24gliwice.pl\\\/wiadomosci\\\/\"},{\"@type\":\"ListItem\",\"position\":2,\"name\":\"Wielkanocna wystawa w filii Biblioteki. Autork\u0105 prac jest gliwicka r\u0119kodzielniczka (foto)\"}]},{\"@type\":\"WebSite\",\"@id\":\"https:\\\/\\\/www.24gliwice.pl\\\/wiadomosci\\\/#website\",\"url\":\"https:\\\/\\\/www.24gliwice.pl\\\/wiadomosci\\\/\",\"name\":\"24GLIWICE - Portal Gliwice | codziennie nowe wiadomo\u015bci\",\"description\":\"Portal Miejski Gliwice\",\"publisher\":{\"@id\":\"https:\\\/\\\/www.24gliwice.pl\\\/wiadomosci\\\/#organization\"},\"potentialAction\":[{\"@type\":\"SearchAction\",\"target\":{\"@type\":\"EntryPoint\",\"urlTemplate\":\"https:\\\/\\\/www.24gliwice.pl\\\/wiadomosci\\\/?s={search_term_string}\"},\"query-input\":{\"@type\":\"PropertyValueSpecification\",\"valueRequired\":true,\"valueName\":\"search_term_string\"}}],\"inLanguage\":\"pl-PL\"},{\"@type\":\"Organization\",\"@id\":\"https:\\\/\\\/www.24gliwice.pl\\\/wiadomosci\\\/#organization\",\"name\":\"24gliwice\",\"url\":\"https:\\\/\\\/www.24gliwice.pl\\\/wiadomosci\\\/\",\"logo\":{\"@type\":\"ImageObject\",\"inLanguage\":\"pl-PL\",\"@id\":\"https:\\\/\\\/www.24gliwice.pl\\\/wiadomosci\\\/#\\\/schema\\\/logo\\\/image\\\/\",\"url\":\"https:\\\/\\\/www.24gliwice.pl\\\/wiadomosci\\\/wp-content\\\/uploads\\\/2024\\\/10\\\/24gliwice-logo-696.jpg\",\"contentUrl\":\"https:\\\/\\\/www.24gliwice.pl\\\/wiadomosci\\\/wp-content\\\/uploads\\\/2024\\\/10\\\/24gliwice-logo-696.jpg\",\"width\":696,\"height\":696,\"caption\":\"24gliwice\"},\"image\":{\"@id\":\"https:\\\/\\\/www.24gliwice.pl\\\/wiadomosci\\\/#\\\/schema\\\/logo\\\/image\\\/\"},\"sameAs\":[\"https:\\\/\\\/www.facebook.com\\\/24gliwice\",\"https:\\\/\\\/x.com\\\/24gliwice\",\"https:\\\/\\\/www.youtube.com\\\/@24gliwice\"]},{\"@type\":\"Person\",\"@id\":\"https:\\\/\\\/www.24gliwice.pl\\\/wiadomosci\\\/#\\\/schema\\\/person\\\/e42c650edd7f2fa332be3811fb166b6e\",\"name\":\"\u017baneta Mrozek-Siewierska\",\"image\":{\"@type\":\"ImageObject\",\"inLanguage\":\"pl-PL\",\"@id\":\"https:\\\/\\\/www.24gliwice.pl\\\/wiadomosci\\\/wp-content\\\/uploads\\\/2021\\\/11\\\/Zaneta-M_S-zdjecie-czb-96x96.jpg\",\"url\":\"https:\\\/\\\/www.24gliwice.pl\\\/wiadomosci\\\/wp-content\\\/uploads\\\/2021\\\/11\\\/Zaneta-M_S-zdjecie-czb-96x96.jpg\",\"contentUrl\":\"https:\\\/\\\/www.24gliwice.pl\\\/wiadomosci\\\/wp-content\\\/uploads\\\/2021\\\/11\\\/Zaneta-M_S-zdjecie-czb-96x96.jpg\",\"caption\":\"\u017baneta Mrozek-Siewierska\"},\"url\":\"https:\\\/\\\/www.24gliwice.pl\\\/wiadomosci\\\/author\\\/zms\\\/\"}]}<\/script>\n<!-- \/ Yoast SEO plugin. -->","yoast_head_json":{"title":"Wielkanocna wystawa w filii Biblioteki. Autork\u0105 prac jest gliwicka r\u0119kodzielniczka (foto) - 24GLIWICE - Portal Gliwice | codziennie nowe informacje","description":"W filii biblioteki miejskiej przy ulicy Sp\u00f3\u0142dzielczej na Zatorzu mo\u017cna obecnie ogl\u0105da\u0107 wystaw\u0119 r\u0119kodzie\u0142a gliwiczanki El\u017cbiety Pisarskiej","robots":{"index":"index","follow":"follow","max-snippet":"max-snippet:-1","max-image-preview":"max-image-preview:large","max-video-preview":"max-video-preview:-1"},"canonical":"https:\/\/www.24gliwice.pl\/wiadomosci\/wielkanocna-wystawa-w-filii-biblioteki-autorka-prac-jest-gliwicka-rekodzielniczka-foto\/","og_locale":"pl_PL","og_type":"article","og_title":"Wielkanocna wystawa w filii Biblioteki. Autork\u0105 prac jest gliwicka r\u0119kodzielniczka (foto) - 24GLIWICE - Portal Gliwice | codziennie nowe informacje","og_description":"W filii biblioteki miejskiej przy ulicy Sp\u00f3\u0142dzielczej na Zatorzu mo\u017cna obecnie ogl\u0105da\u0107 wystaw\u0119 r\u0119kodzie\u0142a gliwiczanki El\u017cbiety Pisarskiej","og_url":"https:\/\/www.24gliwice.pl\/wiadomosci\/wielkanocna-wystawa-w-filii-biblioteki-autorka-prac-jest-gliwicka-rekodzielniczka-foto\/","og_site_name":"24GLIWICE - Portal Gliwice | codziennie nowe informacje","article_publisher":"https:\/\/www.facebook.com\/24gliwice","article_published_time":"2022-03-28T11:06:31+00:00","article_modified_time":"2022-03-28T14:08:20+00:00","og_image":[{"width":810,"height":461,"url":"https:\/\/www.24gliwice.pl\/wiadomosci\/wp-content\/uploads\/2022\/03\/wielkanicne-ozdoby5.jpg","type":"image\/jpeg"}],"author":"\u017baneta Mrozek-Siewierska","twitter_card":"summary_large_image","twitter_creator":"@24gliwice","twitter_site":"@24gliwice","twitter_misc":{"Napisane przez":"\u017baneta Mrozek-Siewierska","Szacowany czas czytania":"2 minuty"},"schema":{"@context":"https:\/\/schema.org","@graph":[{"@type":"Article","@id":"https:\/\/www.24gliwice.pl\/wiadomosci\/wielkanocna-wystawa-w-filii-biblioteki-autorka-prac-jest-gliwicka-rekodzielniczka-foto\/#article","isPartOf":{"@id":"https:\/\/www.24gliwice.pl\/wiadomosci\/wielkanocna-wystawa-w-filii-biblioteki-autorka-prac-jest-gliwicka-rekodzielniczka-foto\/"},"author":{"name":"\u017baneta Mrozek-Siewierska","@id":"https:\/\/www.24gliwice.pl\/wiadomosci\/#\/schema\/person\/e42c650edd7f2fa332be3811fb166b6e"},"headline":"Wielkanocna wystawa w filii Biblioteki. Autork\u0105 prac jest gliwicka r\u0119kodzielniczka (foto)","datePublished":"2022-03-28T11:06:31+00:00","dateModified":"2022-03-28T14:08:20+00:00","mainEntityOfPage":{"@id":"https:\/\/www.24gliwice.pl\/wiadomosci\/wielkanocna-wystawa-w-filii-biblioteki-autorka-prac-jest-gliwicka-rekodzielniczka-foto\/"},"wordCount":192,"commentCount":0,"publisher":{"@id":"https:\/\/www.24gliwice.pl\/wiadomosci\/#organization"},"image":{"@id":"https:\/\/www.24gliwice.pl\/wiadomosci\/wielkanocna-wystawa-w-filii-biblioteki-autorka-prac-jest-gliwicka-rekodzielniczka-foto\/#primaryimage"},"thumbnailUrl":"https:\/\/www.24gliwice.pl\/wiadomosci\/wp-content\/uploads\/2022\/03\/wielkanicne-ozdoby5.jpg","keywords":["mbp gliwice"],"articleSection":["Gliwice","Kultura, wydarzenia, imprezy","Najnowsze wiadomo\u015bci"],"inLanguage":"pl-PL","potentialAction":[{"@type":"CommentAction","name":"Comment","target":["https:\/\/www.24gliwice.pl\/wiadomosci\/wielkanocna-wystawa-w-filii-biblioteki-autorka-prac-jest-gliwicka-rekodzielniczka-foto\/#respond"]}]},{"@type":"WebPage","@id":"https:\/\/www.24gliwice.pl\/wiadomosci\/wielkanocna-wystawa-w-filii-biblioteki-autorka-prac-jest-gliwicka-rekodzielniczka-foto\/","url":"https:\/\/www.24gliwice.pl\/wiadomosci\/wielkanocna-wystawa-w-filii-biblioteki-autorka-prac-jest-gliwicka-rekodzielniczka-foto\/","name":"Wielkanocna wystawa w filii Biblioteki. Autork\u0105 prac jest gliwicka r\u0119kodzielniczka (foto) - 24GLIWICE - Portal Gliwice | codziennie nowe informacje","isPartOf":{"@id":"https:\/\/www.24gliwice.pl\/wiadomosci\/#website"},"primaryImageOfPage":{"@id":"https:\/\/www.24gliwice.pl\/wiadomosci\/wielkanocna-wystawa-w-filii-biblioteki-autorka-prac-jest-gliwicka-rekodzielniczka-foto\/#primaryimage"},"image":{"@id":"https:\/\/www.24gliwice.pl\/wiadomosci\/wielkanocna-wystawa-w-filii-biblioteki-autorka-prac-jest-gliwicka-rekodzielniczka-foto\/#primaryimage"},"thumbnailUrl":"https:\/\/www.24gliwice.pl\/wiadomosci\/wp-content\/uploads\/2022\/03\/wielkanicne-ozdoby5.jpg","datePublished":"2022-03-28T11:06:31+00:00","dateModified":"2022-03-28T14:08:20+00:00","description":"W filii biblioteki miejskiej przy ulicy Sp\u00f3\u0142dzielczej na Zatorzu mo\u017cna obecnie ogl\u0105da\u0107 wystaw\u0119 r\u0119kodzie\u0142a gliwiczanki El\u017cbiety Pisarskiej","breadcrumb":{"@id":"https:\/\/www.24gliwice.pl\/wiadomosci\/wielkanocna-wystawa-w-filii-biblioteki-autorka-prac-jest-gliwicka-rekodzielniczka-foto\/#breadcrumb"},"inLanguage":"pl-PL","potentialAction":[{"@type":"ReadAction","target":["https:\/\/www.24gliwice.pl\/wiadomosci\/wielkanocna-wystawa-w-filii-biblioteki-autorka-prac-jest-gliwicka-rekodzielniczka-foto\/"]}]},{"@type":"ImageObject","inLanguage":"pl-PL","@id":"https:\/\/www.24gliwice.pl\/wiadomosci\/wielkanocna-wystawa-w-filii-biblioteki-autorka-prac-jest-gliwicka-rekodzielniczka-foto\/#primaryimage","url":"https:\/\/www.24gliwice.pl\/wiadomosci\/wp-content\/uploads\/2022\/03\/wielkanicne-ozdoby5.jpg","contentUrl":"https:\/\/www.24gliwice.pl\/wiadomosci\/wp-content\/uploads\/2022\/03\/wielkanicne-ozdoby5.jpg","width":810,"height":461},{"@type":"BreadcrumbList","@id":"https:\/\/www.24gliwice.pl\/wiadomosci\/wielkanocna-wystawa-w-filii-biblioteki-autorka-prac-jest-gliwicka-rekodzielniczka-foto\/#breadcrumb","itemListElement":[{"@type":"ListItem","position":1,"name":"Strona g\u0142\u00f3wna","item":"https:\/\/www.24gliwice.pl\/wiadomosci\/"},{"@type":"ListItem","position":2,"name":"Wielkanocna wystawa w filii Biblioteki. Autork\u0105 prac jest gliwicka r\u0119kodzielniczka (foto)"}]},{"@type":"WebSite","@id":"https:\/\/www.24gliwice.pl\/wiadomosci\/#website","url":"https:\/\/www.24gliwice.pl\/wiadomosci\/","name":"24GLIWICE - Portal Gliwice | codziennie nowe wiadomo\u015bci","description":"Portal Miejski Gliwice","publisher":{"@id":"https:\/\/www.24gliwice.pl\/wiadomosci\/#organization"},"potentialAction":[{"@type":"SearchAction","target":{"@type":"EntryPoint","urlTemplate":"https:\/\/www.24gliwice.pl\/wiadomosci\/?s={search_term_string}"},"query-input":{"@type":"PropertyValueSpecification","valueRequired":true,"valueName":"search_term_string"}}],"inLanguage":"pl-PL"},{"@type":"Organization","@id":"https:\/\/www.24gliwice.pl\/wiadomosci\/#organization","name":"24gliwice","url":"https:\/\/www.24gliwice.pl\/wiadomosci\/","logo":{"@type":"ImageObject","inLanguage":"pl-PL","@id":"https:\/\/www.24gliwice.pl\/wiadomosci\/#\/schema\/logo\/image\/","url":"https:\/\/www.24gliwice.pl\/wiadomosci\/wp-content\/uploads\/2024\/10\/24gliwice-logo-696.jpg","contentUrl":"https:\/\/www.24gliwice.pl\/wiadomosci\/wp-content\/uploads\/2024\/10\/24gliwice-logo-696.jpg","width":696,"height":696,"caption":"24gliwice"},"image":{"@id":"https:\/\/www.24gliwice.pl\/wiadomosci\/#\/schema\/logo\/image\/"},"sameAs":["https:\/\/www.facebook.com\/24gliwice","https:\/\/x.com\/24gliwice","https:\/\/www.youtube.com\/@24gliwice"]},{"@type":"Person","@id":"https:\/\/www.24gliwice.pl\/wiadomosci\/#\/schema\/person\/e42c650edd7f2fa332be3811fb166b6e","name":"\u017baneta Mrozek-Siewierska","image":{"@type":"ImageObject","inLanguage":"pl-PL","@id":"https:\/\/www.24gliwice.pl\/wiadomosci\/wp-content\/uploads\/2021\/11\/Zaneta-M_S-zdjecie-czb-96x96.jpg","url":"https:\/\/www.24gliwice.pl\/wiadomosci\/wp-content\/uploads\/2021\/11\/Zaneta-M_S-zdjecie-czb-96x96.jpg","contentUrl":"https:\/\/www.24gliwice.pl\/wiadomosci\/wp-content\/uploads\/2021\/11\/Zaneta-M_S-zdjecie-czb-96x96.jpg","caption":"\u017baneta Mrozek-Siewierska"},"url":"https:\/\/www.24gliwice.pl\/wiadomosci\/author\/zms\/"}]}},"_links":{"self":[{"href":"https:\/\/www.24gliwice.pl\/wiadomosci\/wp-json\/wp\/v2\/posts\/189383","targetHints":{"allow":["GET"]}}],"collection":[{"href":"https:\/\/www.24gliwice.pl\/wiadomosci\/wp-json\/wp\/v2\/posts"}],"about":[{"href":"https:\/\/www.24gliwice.pl\/wiadomosci\/wp-json\/wp\/v2\/types\/post"}],"author":[{"embeddable":true,"href":"https:\/\/www.24gliwice.pl\/wiadomosci\/wp-json\/wp\/v2\/users\/15"}],"replies":[{"embeddable":true,"href":"https:\/\/www.24gliwice.pl\/wiadomosci\/wp-json\/wp\/v2\/comments?post=189383"}],"version-history":[{"count":6,"href":"https:\/\/www.24gliwice.pl\/wiadomosci\/wp-json\/wp\/v2\/posts\/189383\/revisions"}],"predecessor-version":[{"id":189402,"href":"https:\/\/www.24gliwice.pl\/wiadomosci\/wp-json\/wp\/v2\/posts\/189383\/revisions\/189402"}],"wp:featuredmedia":[{"embeddable":true,"href":"https:\/\/www.24gliwice.pl\/wiadomosci\/wp-json\/wp\/v2\/media\/189397"}],"wp:attachment":[{"href":"https:\/\/www.24gliwice.pl\/wiadomosci\/wp-json\/wp\/v2\/media?parent=189383"}],"wp:term":[{"taxonomy":"category","embeddable":true,"href":"https:\/\/www.24gliwice.pl\/wiadomosci\/wp-json\/wp\/v2\/categories?post=189383"},{"taxonomy":"post_tag","embeddable":true,"href":"https:\/\/www.24gliwice.pl\/wiadomosci\/wp-json\/wp\/v2\/tags?post=189383"}],"curies":[{"name":"wp","href":"https:\/\/api.w.org\/{rel}","templated":true}]}}