{"id":189430,"date":"2022-03-29T12:27:07","date_gmt":"2022-03-29T10:27:07","guid":{"rendered":"https:\/\/www.24gliwice.pl\/wiadomosci\/?p=189430"},"modified":"2022-03-29T12:28:21","modified_gmt":"2022-03-29T10:28:21","slug":"13-km-obwodnicy-od-ronda-przy-amazonie-do-ulicy-rybnickiej","status":"publish","type":"post","link":"https:\/\/www.24gliwice.pl\/wiadomosci\/13-km-obwodnicy-od-ronda-przy-amazonie-do-ulicy-rybnickiej\/","title":{"rendered":"1,3 km obwodnicy od ronda przy Amazonie do ulicy Rybnickiej. Trwaj\u0105 przygotowania do inwestycji"},"content":{"rendered":"<div class=\"gliwi-a6-nad-leadem-artykulow gliwi-entity-placement\" id=\"gliwi-3010696044\"><div class=\"gliwi-adlabel\"><span style=\"font-size: 9px\">REKLAMA<\/span><\/div><div id=\"gliwi-1815407811\" style=\"margin-bottom: 30px;margin-left: auto;margin-right: auto;text-align: center;\"><a data-no-instant=\"1\" href=\"https:\/\/przedszkole.halogen.org.pl\/\" rel=\"noopener\" class=\"a2t-link\" target=\"_blank\" aria-label=\"20260402-ANIMATOR-przedszkole_grafika_750x200\"><img loading=\"lazy\" decoding=\"async\" src=\"https:\/\/www.24gliwice.pl\/wiadomosci\/wp-content\/uploads\/2026\/04\/20260402-ANIMATOR-przedszkole_grafika_750x200.webp\" alt=\"\"  srcset=\"https:\/\/www.24gliwice.pl\/wiadomosci\/wp-content\/uploads\/2026\/04\/20260402-ANIMATOR-przedszkole_grafika_750x200.webp 750w, https:\/\/www.24gliwice.pl\/wiadomosci\/wp-content\/uploads\/2026\/04\/20260402-ANIMATOR-przedszkole_grafika_750x200-410x109.webp 410w\" sizes=\"(max-width: 750px) 100vw, 750px\" class=\"no-lazyload\" width=\"750\" height=\"200\"  style=\"display: inline-block; max-width: 100%; height: auto;\" \/><\/a><\/div><\/div><h2>Drogowcy przymierzaj\u0105 si\u0119 do budowy odcinka obwodnicy po\u0142udniowej miasta, kt\u00f3ra stanowi\u0107 b\u0119dzie kontynuacj\u0119 drogi oddanej ju\u017c do u\u017cytku, a ko\u0144cz\u0105cej si\u0119 obok magazynu Amazon. Poszukiwany jest wykonawca dokumentacji projektowej.<\/h2>\n<p>&nbsp;<br \/>\n<a href=\"https:\/\/www.24gliwice.pl\/wiadomosci\/wp-content\/uploads\/2022\/03\/2022-03-29-2.png.jpg\"><img loading=\"lazy\" decoding=\"async\" src=\"https:\/\/www.24gliwice.pl\/wiadomosci\/wp-content\/uploads\/2022\/03\/2022-03-29-2.png.jpg\" alt=\"\" width=\"810\" height=\"286\" class=\"alignnone size-full wp-image-189451\" srcset=\"https:\/\/www.24gliwice.pl\/wiadomosci\/wp-content\/uploads\/2022\/03\/2022-03-29-2.png.jpg 810w, https:\/\/www.24gliwice.pl\/wiadomosci\/wp-content\/uploads\/2022\/03\/2022-03-29-2.png-410x145.jpg 410w, https:\/\/www.24gliwice.pl\/wiadomosci\/wp-content\/uploads\/2022\/03\/2022-03-29-2.png-768x271.jpg 768w\" sizes=\"auto, (max-width: 810px) 100vw, 810px\" \/><\/a><\/p>\n<p>W grudniu 2020 roku otwarto fragment obwodnicy od ulicy Pszczy\u0144skiej do Bojkowskiej, kt\u00f3r\u0105 nak\u0142adem ponad 53 mln z\u0142 wybudowa\u0142o konsorcjum firm Eurovia Polska i PRUiM Gliwice. Przez ostatni rok w zakresie jej kontynuacji do ulicy Rybnickiej pozornie niewiele si\u0119 dzia\u0142o. Wreszcie, pod koniec marca br., og\u0142oszono przetarg na projekt tego przedsi\u0119wzi\u0119cia. <\/p>\n<p>&#8211; <em>Droga po\u0142\u0105czy ju\u017c istniej\u0105ce odcinki obwodnicy Gliwic: odcinek obwodnicy po\u0142udniowej przebiegaj\u0105cej od ul. Pszczy\u0144skiej &#8211; rondo Zes\u0142a\u0144c\u00f3w Sybiru w ul. Bojkowskiej, zako\u0144czonej rondem przy Centrum Logistycznym Amazon oraz odcinek zachodni przebiegaj\u0105cy od ul. Daszy\u0144skiego do ul. Rybnickiej<\/em> &#8211; czytamy w dokumentacji do przetargu. <\/p><div class=\"gliwi-a3-w-tresci-artykulow gliwi-entity-placement\" id=\"gliwi-3386786219\"><div class=\"gliwi-adlabel\"><span style=\"font-size: 9px\">REKLAMA<\/span><\/div><div id=\"gliwi-1318605710\" style=\"margin-bottom: 30px;margin-left: auto;margin-right: auto;text-align: center;\"><a data-no-instant=\"1\" href=\"https:\/\/zlobek.halogen.org.pl\/\" rel=\"noopener\" class=\"a2t-link\" target=\"_blank\" aria-label=\"animator-zlobek_750x200\"><img loading=\"lazy\" decoding=\"async\" src=\"https:\/\/www.24gliwice.pl\/wiadomosci\/wp-content\/uploads\/2026\/02\/animator-zlobek_750x200.webp\" alt=\"\"  srcset=\"https:\/\/www.24gliwice.pl\/wiadomosci\/wp-content\/uploads\/2026\/02\/animator-zlobek_750x200.webp 750w, https:\/\/www.24gliwice.pl\/wiadomosci\/wp-content\/uploads\/2026\/02\/animator-zlobek_750x200-410x109.webp 410w\" sizes=\"(max-width: 750px) 100vw, 750px\" class=\"no-lazyload\" width=\"750\" height=\"200\"  style=\"display: inline-block; max-width: 100%; height: auto;\" \/><\/a><\/div><\/div>\n<h4>Brakuj\u0105cy fragment, kt\u00f3rego projektanta poszukuje aktualnie ZDM, b\u0119dzie mia\u0142 d\u0142ugo\u015b\u0107 1,3 km i pobiegnie mi\u0119dzy lotniskiem a terenem Przedsi\u0119biorstwa Zagospodarowania Odpad\u00f3w.<\/h4>\n<p>Planowana inwestycja obejmie tak\u017ce m.in. budow\u0119 skrzy\u017cowania z ulic\u0105 Rybnick\u0105 (\u0142\u0105cznice o d\u0142ugo\u015bci ok. 0,5 km), opr\u00f3cz tego maj\u0105 posta\u0107 ci\u0105gi komunikacyjne dla pieszych i rowerzyst\u00f3w wraz z o\u015bwietleniem ulicznym i odwodnieniem (kanalizacja deszczowa). Szczeg\u00f3lnie w tym ostatnim zakresie, na etapie przygotowa\u0144 do tego przedsi\u0119wzi\u0119cia, swoje uwagi zg\u0142asza\u0142a Gliwicka Rada Rowerowa. <\/p>\n<p><iframe loading=\"lazy\" src=\"https:\/\/www.facebook.com\/plugins\/post.php?href=https%3A%2F%2Fwww.facebook.com%2Fgliwickaradarowerowa%2Fposts%2F5373838842649250&#038;width=500&#038;show_text=true&#038;height=751&#038;appId\" width=\"500\" height=\"751\" style=\"border:none;overflow:hidden\" scrolling=\"no\" frameborder=\"0\" allowfullscreen=\"true\" allow=\"autoplay; clipboard-write; encrypted-media; picture-in-picture; web-share\"><\/iframe><\/p>\n<p>&#8211; Praktycznie wszystkie zg\u0142aszane przez nas postulaty podczas prac nad koncepcj\u0105 b\u0119d\u0105 spe\u0142nione. ZDM zdecydowa\u0142 si\u0119 na wariant stosunkowo kameralny &#8211; nowy odcinek obwodnicy b\u0119dzie mia\u0142 jedn\u0105 jezdni\u0105 o 2 pasach, a Rondo Produkcyjne nie b\u0119dzie powi\u0119kszane, infrastruktura rowerowa b\u0119dzie po obu stronach (po p\u00f3\u0142nocnej pieszo-rowerowa, a po po\u0142udniowej pieszo-rowerowa-traktorowa), powstanie dodatkowy przejazd dla rowerzyst\u00f3w przez ul. Rybnick\u0105 oraz ul. Produkcyjn\u0105, po obu stronach maj\u0105 zosta\u0107 zasadzone szpalery drzew o kolumnowych koronach &#8211; skomentowa\u0142o stowarzyszenie GRR w mediach spo\u0142eczno\u015bciowych. <\/p>\n<h4>Zakres projektowania zak\u0142ada tak\u017ce wykonanie zjazd\u00f3w do nieruchomo\u015bci, zagospodarowanie zieleni\u0105, jak r\u00f3wnie\u017c przebudow\u0105 lub zabezpieczenie koliduj\u0105cych sieci uzbrojenia.<\/h4>\n<p>Pod budow\u0119 obwodnicy po\u0142udniowej zaj\u0119ta zostanie cz\u0119\u015b\u0107 dzia\u0142ek, kt\u00f3re &#8211; wed\u0142ug Google Maps &#8211; przynale\u017c\u0105 do ROD S\u0142onecznik. <\/p>\n<p><a href=\"https:\/\/www.24gliwice.pl\/wiadomosci\/wp-content\/uploads\/2022\/03\/2022-03-29-4.png.jpg\"><img loading=\"lazy\" decoding=\"async\" src=\"https:\/\/www.24gliwice.pl\/wiadomosci\/wp-content\/uploads\/2022\/03\/2022-03-29-4.png.jpg\" alt=\"\" width=\"810\" height=\"247\" class=\"alignnone size-full wp-image-189453\" srcset=\"https:\/\/www.24gliwice.pl\/wiadomosci\/wp-content\/uploads\/2022\/03\/2022-03-29-4.png.jpg 810w, https:\/\/www.24gliwice.pl\/wiadomosci\/wp-content\/uploads\/2022\/03\/2022-03-29-4.png-410x125.jpg 410w, https:\/\/www.24gliwice.pl\/wiadomosci\/wp-content\/uploads\/2022\/03\/2022-03-29-4.png-768x234.jpg 768w\" sizes=\"auto, (max-width: 810px) 100vw, 810px\" \/><\/a><\/p>\n<p><a href=\"https:\/\/www.24gliwice.pl\/wiadomosci\/wp-content\/uploads\/2022\/03\/obwodnica-poludniowa-2-001.jpg\"><img loading=\"lazy\" decoding=\"async\" src=\"https:\/\/www.24gliwice.pl\/wiadomosci\/wp-content\/uploads\/2022\/03\/obwodnica-poludniowa-2-001.jpg\" alt=\"\" width=\"810\" height=\"456\" class=\"alignnone size-full wp-image-189456\" srcset=\"https:\/\/www.24gliwice.pl\/wiadomosci\/wp-content\/uploads\/2022\/03\/obwodnica-poludniowa-2-001.jpg 810w, https:\/\/www.24gliwice.pl\/wiadomosci\/wp-content\/uploads\/2022\/03\/obwodnica-poludniowa-2-001-410x232.jpg 410w, https:\/\/www.24gliwice.pl\/wiadomosci\/wp-content\/uploads\/2022\/03\/obwodnica-poludniowa-2-001-808x455.jpg 808w, https:\/\/www.24gliwice.pl\/wiadomosci\/wp-content\/uploads\/2022\/03\/obwodnica-poludniowa-2-001-768x432.jpg 768w\" sizes=\"auto, (max-width: 810px) 100vw, 810px\" \/><\/a><\/p>\n<p>&#8211; <em>W ramach planowanego przedsi\u0119wzi\u0119cia planuje si\u0119 likwidacj\u0119 oko\u0142o 14 altan ogrodowych po\u0142o\u017conych na terenie ogr\u00f3dk\u00f3w dzia\u0142kowych w rejonie ul. Rybnickiej, a tak\u017ce rozbi\u00f3rk\u0119 koliduj\u0105cej z pracami projektowymi infrastruktur\u0119 podziemn\u0105<\/em> &#8211; widnieje dalej w dokumentacji. <\/p>\n<h4>Przedsi\u0119wzi\u0119cie b\u0119dzie wymaga\u0142o tak\u017ce przebudowy istniej\u0105cej infrastruktury drogowej:<\/h4>\n<ul>\n<li>Po\u0142udniowej Obwodnicy Gliwic na odcinku ok 200 m od Ronda Zes\u0142a\u0144c\u00f3w Sybiru w kierunku wschodnim wraz z korekt\u0105 istniej\u0105cych \u0142\u0105cznic,<\/li>\n<li>Obwodnicy Zachodniej na odcinku ok 260 m od \u0142\u0105cznic w kierunku zachodnim, <\/li>\n<li>na odcinku na w\u0142\u0105czeniach do Rybnickiej i Bojkowskiej oraz za rondem Zes\u0142a\u0144c\u00f3w Sybiru,<\/li>\n<li>uk\u0142adu drogowego przy centrum logistyczne AMAZON oraz od strony lotniska z jego w\u0142\u0105czeniem do nowo projektowanego ronda turbinowego. <\/li>\n<\/ul>\n<p><a href=\"https:\/\/www.24gliwice.pl\/wiadomosci\/wp-content\/uploads\/2022\/03\/2022-03-29-1.png.jpg\"><img loading=\"lazy\" decoding=\"async\" src=\"https:\/\/www.24gliwice.pl\/wiadomosci\/wp-content\/uploads\/2022\/03\/2022-03-29-1.png.jpg\" alt=\"\" width=\"810\" height=\"323\" class=\"alignnone size-full wp-image-189450\" srcset=\"https:\/\/www.24gliwice.pl\/wiadomosci\/wp-content\/uploads\/2022\/03\/2022-03-29-1.png.jpg 810w, https:\/\/www.24gliwice.pl\/wiadomosci\/wp-content\/uploads\/2022\/03\/2022-03-29-1.png-410x163.jpg 410w, https:\/\/www.24gliwice.pl\/wiadomosci\/wp-content\/uploads\/2022\/03\/2022-03-29-1.png-768x306.jpg 768w\" sizes=\"auto, (max-width: 810px) 100vw, 810px\" \/><\/a><\/p>\n<p>Termin sk\u0142adania ofert do przetargu up\u0142ynie 27 kwietnia. O ile w tym podej\u015bciu uda si\u0119 wy\u0142oni\u0107 wykonawc\u0119, podmiot ten b\u0119dzie mia\u0142 12 miesi\u0119cy na wykonanie dokumentacji projektowej. W dalszym biegu tej sprawy konieczne b\u0119dzie og\u0142oszenie zam\u00f3wienia publicznego na realizacj\u0119 samej budowy obwodnicy. Rozpocz\u0119cia prac mo\u017cemy si\u0119 spodziewa\u0107 najwcze\u015bniej za co najmniej kilkana\u015bcie miesi\u0119cy. <\/p>\n<p>(\u017cms)<br \/>\nfot. 24gliwice.pl\/\u0141G, scr. MSIP Gliwice, scr. Google Maps<\/p>\n<div class=\"gliwi-a5-na-koncu-artykulow gliwi-entity-placement\" id=\"gliwi-3862526653\"><div class=\"gliwi-adlabel\"><span style=\"font-size: 9px\">REKLAMA<\/span><\/div><div id=\"gliwi-1755180922\" style=\"margin-left: auto;margin-right: auto;text-align: center;\"><a data-no-instant=\"1\" href=\"https:\/\/www.jasek.pl\/\" rel=\"noopener\" class=\"a2t-link\" target=\"_blank\" aria-label=\"20200401-jasek 600\"><img loading=\"lazy\" decoding=\"async\" src=\"https:\/\/www.24gliwice.pl\/wiadomosci\/wp-content\/uploads\/2020\/04\/20200401-jasek-600.jpg\" alt=\"\"  srcset=\"https:\/\/www.24gliwice.pl\/wiadomosci\/wp-content\/uploads\/2020\/04\/20200401-jasek-600.jpg 600w, https:\/\/www.24gliwice.pl\/wiadomosci\/wp-content\/uploads\/2020\/04\/20200401-jasek-600-410x109.jpg 410w\" sizes=\"(max-width: 600px) 100vw, 600px\" class=\"no-lazyload\" width=\"600\" height=\"160\"  style=\"display: inline-block; max-width: 100%; height: auto;\" \/><\/a><\/div><\/div>","protected":false},"excerpt":{"rendered":"<p>Drogowcy przymierzaj\u0105 si\u0119 do budowy odcinka obwodnicy po\u0142udniowej miasta, kt\u00f3ra stanowi\u0107 b\u0119dzie kontynuacj\u0119 drogi oddanej ju\u017c do u\u017cytku, a ko\u0144cz\u0105cej si\u0119 obok magazynu Amazon. Poszukiwany jest wykonawca dokumentacji projektowej. &nbsp; W grudniu 2020 roku otwarto fragment obwodnicy od ulicy Pszczy\u0144skiej do Bojkowskiej, kt\u00f3r\u0105 nak\u0142adem ponad 53 mln z\u0142 wybudowa\u0142o konsorcjum firm Eurovia Polska i PRUiM [&hellip;]<\/p>\n","protected":false},"author":15,"featured_media":189457,"comment_status":"open","ping_status":"closed","sticky":false,"template":"","format":"standard","meta":{"_monsterinsights_skip_tracking":false,"_monsterinsights_sitenote_active":false,"_monsterinsights_sitenote_note":"","_monsterinsights_sitenote_category":0,"footnotes":"","_links_to":"","_links_to_target":""},"categories":[3,1,9,8],"tags":[10035,215],"class_list":["post-189430","post","type-post","status-publish","format-standard","has-post-thumbnail","hentry","category-gliwice","category-wszystko","category-aktualnosci_lokalne","category-samorzad_polityka","tag-obwodnica-poludniowa","tag-przetarg"],"yoast_head":"<!-- This site is optimized with the Yoast SEO plugin v27.5 - https:\/\/yoast.com\/product\/yoast-seo-wordpress\/ -->\n<title>1,3 km obwodnicy od ronda przy Amazonie do ulicy Rybnickiej. Trwaj\u0105 przygotowania do inwestycji - 24GLIWICE - Portal Gliwice | codziennie nowe informacje<\/title>\n<meta name=\"description\" content=\"Zarz\u0105d Dr\u00f3g Miejskich poszukuje wykonawcy projektu odcinka obwodnicy po\u0142udniowej od ulicy Bojkowskiej do ulicy Rybnickiej\" \/>\n<meta name=\"robots\" content=\"index, follow, max-snippet:-1, max-image-preview:large, max-video-preview:-1\" \/>\n<link rel=\"canonical\" href=\"https:\/\/www.24gliwice.pl\/wiadomosci\/13-km-obwodnicy-od-ronda-przy-amazonie-do-ulicy-rybnickiej\/\" \/>\n<meta property=\"og:locale\" content=\"pl_PL\" \/>\n<meta property=\"og:type\" content=\"article\" \/>\n<meta property=\"og:title\" content=\"1,3 km obwodnicy od ronda przy Amazonie do ulicy Rybnickiej. Trwaj\u0105 przygotowania do inwestycji - 24GLIWICE - Portal Gliwice | codziennie nowe informacje\" \/>\n<meta property=\"og:description\" content=\"Zarz\u0105d Dr\u00f3g Miejskich poszukuje wykonawcy projektu odcinka obwodnicy po\u0142udniowej od ulicy Bojkowskiej do ulicy Rybnickiej\" \/>\n<meta property=\"og:url\" content=\"https:\/\/www.24gliwice.pl\/wiadomosci\/13-km-obwodnicy-od-ronda-przy-amazonie-do-ulicy-rybnickiej\/\" \/>\n<meta property=\"og:site_name\" content=\"24GLIWICE - Portal Gliwice | codziennie nowe informacje\" \/>\n<meta property=\"article:publisher\" content=\"https:\/\/www.facebook.com\/24gliwice\" \/>\n<meta property=\"article:published_time\" content=\"2022-03-29T10:27:07+00:00\" \/>\n<meta property=\"article:modified_time\" content=\"2022-03-29T10:28:21+00:00\" \/>\n<meta property=\"og:image\" content=\"https:\/\/www.24gliwice.pl\/wiadomosci\/wp-content\/uploads\/2022\/03\/obwodnica-poludniowa-001.jpg\" \/>\n\t<meta property=\"og:image:width\" content=\"810\" \/>\n\t<meta property=\"og:image:height\" content=\"457\" \/>\n\t<meta property=\"og:image:type\" content=\"image\/jpeg\" \/>\n<meta name=\"author\" content=\"\u017baneta Mrozek-Siewierska\" \/>\n<meta name=\"twitter:card\" content=\"summary_large_image\" \/>\n<meta name=\"twitter:creator\" content=\"@24gliwice\" \/>\n<meta name=\"twitter:site\" content=\"@24gliwice\" \/>\n<meta name=\"twitter:label1\" content=\"Napisane przez\" \/>\n\t<meta name=\"twitter:data1\" content=\"\u017baneta Mrozek-Siewierska\" \/>\n\t<meta name=\"twitter:label2\" content=\"Szacowany czas czytania\" \/>\n\t<meta name=\"twitter:data2\" content=\"3 minuty\" \/>\n<script type=\"application\/ld+json\" class=\"yoast-schema-graph\">{\"@context\":\"https:\\\/\\\/schema.org\",\"@graph\":[{\"@type\":\"Article\",\"@id\":\"https:\\\/\\\/www.24gliwice.pl\\\/wiadomosci\\\/13-km-obwodnicy-od-ronda-przy-amazonie-do-ulicy-rybnickiej\\\/#article\",\"isPartOf\":{\"@id\":\"https:\\\/\\\/www.24gliwice.pl\\\/wiadomosci\\\/13-km-obwodnicy-od-ronda-przy-amazonie-do-ulicy-rybnickiej\\\/\"},\"author\":{\"name\":\"\u017baneta Mrozek-Siewierska\",\"@id\":\"https:\\\/\\\/www.24gliwice.pl\\\/wiadomosci\\\/#\\\/schema\\\/person\\\/e42c650edd7f2fa332be3811fb166b6e\"},\"headline\":\"1,3 km obwodnicy od ronda przy Amazonie do ulicy Rybnickiej. Trwaj\u0105 przygotowania do inwestycji\",\"datePublished\":\"2022-03-29T10:27:07+00:00\",\"dateModified\":\"2022-03-29T10:28:21+00:00\",\"mainEntityOfPage\":{\"@id\":\"https:\\\/\\\/www.24gliwice.pl\\\/wiadomosci\\\/13-km-obwodnicy-od-ronda-przy-amazonie-do-ulicy-rybnickiej\\\/\"},\"wordCount\":598,\"commentCount\":0,\"publisher\":{\"@id\":\"https:\\\/\\\/www.24gliwice.pl\\\/wiadomosci\\\/#organization\"},\"image\":{\"@id\":\"https:\\\/\\\/www.24gliwice.pl\\\/wiadomosci\\\/13-km-obwodnicy-od-ronda-przy-amazonie-do-ulicy-rybnickiej\\\/#primaryimage\"},\"thumbnailUrl\":\"https:\\\/\\\/www.24gliwice.pl\\\/wiadomosci\\\/wp-content\\\/uploads\\\/2022\\\/03\\\/obwodnica-poludniowa-001.jpg\",\"keywords\":[\"obwodnica po\u0142udniowa\",\"PRZETARG\"],\"articleSection\":[\"Gliwice\",\"Najnowsze wiadomo\u015bci\",\"Portal Gliwice - Wiadomo\u015bci lokalne\",\"Samorz\u0105d, polityka\"],\"inLanguage\":\"pl-PL\",\"potentialAction\":[{\"@type\":\"CommentAction\",\"name\":\"Comment\",\"target\":[\"https:\\\/\\\/www.24gliwice.pl\\\/wiadomosci\\\/13-km-obwodnicy-od-ronda-przy-amazonie-do-ulicy-rybnickiej\\\/#respond\"]}]},{\"@type\":\"WebPage\",\"@id\":\"https:\\\/\\\/www.24gliwice.pl\\\/wiadomosci\\\/13-km-obwodnicy-od-ronda-przy-amazonie-do-ulicy-rybnickiej\\\/\",\"url\":\"https:\\\/\\\/www.24gliwice.pl\\\/wiadomosci\\\/13-km-obwodnicy-od-ronda-przy-amazonie-do-ulicy-rybnickiej\\\/\",\"name\":\"1,3 km obwodnicy od ronda przy Amazonie do ulicy Rybnickiej. Trwaj\u0105 przygotowania do inwestycji - 24GLIWICE - Portal Gliwice | codziennie nowe informacje\",\"isPartOf\":{\"@id\":\"https:\\\/\\\/www.24gliwice.pl\\\/wiadomosci\\\/#website\"},\"primaryImageOfPage\":{\"@id\":\"https:\\\/\\\/www.24gliwice.pl\\\/wiadomosci\\\/13-km-obwodnicy-od-ronda-przy-amazonie-do-ulicy-rybnickiej\\\/#primaryimage\"},\"image\":{\"@id\":\"https:\\\/\\\/www.24gliwice.pl\\\/wiadomosci\\\/13-km-obwodnicy-od-ronda-przy-amazonie-do-ulicy-rybnickiej\\\/#primaryimage\"},\"thumbnailUrl\":\"https:\\\/\\\/www.24gliwice.pl\\\/wiadomosci\\\/wp-content\\\/uploads\\\/2022\\\/03\\\/obwodnica-poludniowa-001.jpg\",\"datePublished\":\"2022-03-29T10:27:07+00:00\",\"dateModified\":\"2022-03-29T10:28:21+00:00\",\"description\":\"Zarz\u0105d Dr\u00f3g Miejskich poszukuje wykonawcy projektu odcinka obwodnicy po\u0142udniowej od ulicy Bojkowskiej do ulicy Rybnickiej\",\"breadcrumb\":{\"@id\":\"https:\\\/\\\/www.24gliwice.pl\\\/wiadomosci\\\/13-km-obwodnicy-od-ronda-przy-amazonie-do-ulicy-rybnickiej\\\/#breadcrumb\"},\"inLanguage\":\"pl-PL\",\"potentialAction\":[{\"@type\":\"ReadAction\",\"target\":[\"https:\\\/\\\/www.24gliwice.pl\\\/wiadomosci\\\/13-km-obwodnicy-od-ronda-przy-amazonie-do-ulicy-rybnickiej\\\/\"]}]},{\"@type\":\"ImageObject\",\"inLanguage\":\"pl-PL\",\"@id\":\"https:\\\/\\\/www.24gliwice.pl\\\/wiadomosci\\\/13-km-obwodnicy-od-ronda-przy-amazonie-do-ulicy-rybnickiej\\\/#primaryimage\",\"url\":\"https:\\\/\\\/www.24gliwice.pl\\\/wiadomosci\\\/wp-content\\\/uploads\\\/2022\\\/03\\\/obwodnica-poludniowa-001.jpg\",\"contentUrl\":\"https:\\\/\\\/www.24gliwice.pl\\\/wiadomosci\\\/wp-content\\\/uploads\\\/2022\\\/03\\\/obwodnica-poludniowa-001.jpg\",\"width\":810,\"height\":457},{\"@type\":\"BreadcrumbList\",\"@id\":\"https:\\\/\\\/www.24gliwice.pl\\\/wiadomosci\\\/13-km-obwodnicy-od-ronda-przy-amazonie-do-ulicy-rybnickiej\\\/#breadcrumb\",\"itemListElement\":[{\"@type\":\"ListItem\",\"position\":1,\"name\":\"Strona g\u0142\u00f3wna\",\"item\":\"https:\\\/\\\/www.24gliwice.pl\\\/wiadomosci\\\/\"},{\"@type\":\"ListItem\",\"position\":2,\"name\":\"1,3 km obwodnicy od ronda przy Amazonie do ulicy Rybnickiej. Trwaj\u0105 przygotowania do inwestycji\"}]},{\"@type\":\"WebSite\",\"@id\":\"https:\\\/\\\/www.24gliwice.pl\\\/wiadomosci\\\/#website\",\"url\":\"https:\\\/\\\/www.24gliwice.pl\\\/wiadomosci\\\/\",\"name\":\"24GLIWICE - Portal Gliwice | codziennie nowe wiadomo\u015bci\",\"description\":\"Portal Miejski Gliwice\",\"publisher\":{\"@id\":\"https:\\\/\\\/www.24gliwice.pl\\\/wiadomosci\\\/#organization\"},\"potentialAction\":[{\"@type\":\"SearchAction\",\"target\":{\"@type\":\"EntryPoint\",\"urlTemplate\":\"https:\\\/\\\/www.24gliwice.pl\\\/wiadomosci\\\/?s={search_term_string}\"},\"query-input\":{\"@type\":\"PropertyValueSpecification\",\"valueRequired\":true,\"valueName\":\"search_term_string\"}}],\"inLanguage\":\"pl-PL\"},{\"@type\":\"Organization\",\"@id\":\"https:\\\/\\\/www.24gliwice.pl\\\/wiadomosci\\\/#organization\",\"name\":\"24gliwice\",\"url\":\"https:\\\/\\\/www.24gliwice.pl\\\/wiadomosci\\\/\",\"logo\":{\"@type\":\"ImageObject\",\"inLanguage\":\"pl-PL\",\"@id\":\"https:\\\/\\\/www.24gliwice.pl\\\/wiadomosci\\\/#\\\/schema\\\/logo\\\/image\\\/\",\"url\":\"https:\\\/\\\/www.24gliwice.pl\\\/wiadomosci\\\/wp-content\\\/uploads\\\/2024\\\/10\\\/24gliwice-logo-696.jpg\",\"contentUrl\":\"https:\\\/\\\/www.24gliwice.pl\\\/wiadomosci\\\/wp-content\\\/uploads\\\/2024\\\/10\\\/24gliwice-logo-696.jpg\",\"width\":696,\"height\":696,\"caption\":\"24gliwice\"},\"image\":{\"@id\":\"https:\\\/\\\/www.24gliwice.pl\\\/wiadomosci\\\/#\\\/schema\\\/logo\\\/image\\\/\"},\"sameAs\":[\"https:\\\/\\\/www.facebook.com\\\/24gliwice\",\"https:\\\/\\\/x.com\\\/24gliwice\",\"https:\\\/\\\/www.youtube.com\\\/@24gliwice\"]},{\"@type\":\"Person\",\"@id\":\"https:\\\/\\\/www.24gliwice.pl\\\/wiadomosci\\\/#\\\/schema\\\/person\\\/e42c650edd7f2fa332be3811fb166b6e\",\"name\":\"\u017baneta Mrozek-Siewierska\",\"image\":{\"@type\":\"ImageObject\",\"inLanguage\":\"pl-PL\",\"@id\":\"https:\\\/\\\/secure.gravatar.com\\\/avatar\\\/1881429e9c64597c77ad7aef2d0a19be69a3253e57534d16aa15bf3a4d34a0a3?s=96&d=mm&r=g\",\"url\":\"https:\\\/\\\/secure.gravatar.com\\\/avatar\\\/1881429e9c64597c77ad7aef2d0a19be69a3253e57534d16aa15bf3a4d34a0a3?s=96&d=mm&r=g\",\"contentUrl\":\"https:\\\/\\\/secure.gravatar.com\\\/avatar\\\/1881429e9c64597c77ad7aef2d0a19be69a3253e57534d16aa15bf3a4d34a0a3?s=96&d=mm&r=g\",\"caption\":\"\u017baneta Mrozek-Siewierska\"},\"url\":\"https:\\\/\\\/www.24gliwice.pl\\\/wiadomosci\\\/author\\\/zms\\\/\"}]}<\/script>\n<!-- \/ Yoast SEO plugin. -->","yoast_head_json":{"title":"1,3 km obwodnicy od ronda przy Amazonie do ulicy Rybnickiej. Trwaj\u0105 przygotowania do inwestycji - 24GLIWICE - Portal Gliwice | codziennie nowe informacje","description":"Zarz\u0105d Dr\u00f3g Miejskich poszukuje wykonawcy projektu odcinka obwodnicy po\u0142udniowej od ulicy Bojkowskiej do ulicy Rybnickiej","robots":{"index":"index","follow":"follow","max-snippet":"max-snippet:-1","max-image-preview":"max-image-preview:large","max-video-preview":"max-video-preview:-1"},"canonical":"https:\/\/www.24gliwice.pl\/wiadomosci\/13-km-obwodnicy-od-ronda-przy-amazonie-do-ulicy-rybnickiej\/","og_locale":"pl_PL","og_type":"article","og_title":"1,3 km obwodnicy od ronda przy Amazonie do ulicy Rybnickiej. Trwaj\u0105 przygotowania do inwestycji - 24GLIWICE - Portal Gliwice | codziennie nowe informacje","og_description":"Zarz\u0105d Dr\u00f3g Miejskich poszukuje wykonawcy projektu odcinka obwodnicy po\u0142udniowej od ulicy Bojkowskiej do ulicy Rybnickiej","og_url":"https:\/\/www.24gliwice.pl\/wiadomosci\/13-km-obwodnicy-od-ronda-przy-amazonie-do-ulicy-rybnickiej\/","og_site_name":"24GLIWICE - Portal Gliwice | codziennie nowe informacje","article_publisher":"https:\/\/www.facebook.com\/24gliwice","article_published_time":"2022-03-29T10:27:07+00:00","article_modified_time":"2022-03-29T10:28:21+00:00","og_image":[{"width":810,"height":457,"url":"https:\/\/www.24gliwice.pl\/wiadomosci\/wp-content\/uploads\/2022\/03\/obwodnica-poludniowa-001.jpg","type":"image\/jpeg"}],"author":"\u017baneta Mrozek-Siewierska","twitter_card":"summary_large_image","twitter_creator":"@24gliwice","twitter_site":"@24gliwice","twitter_misc":{"Napisane przez":"\u017baneta Mrozek-Siewierska","Szacowany czas czytania":"3 minuty"},"schema":{"@context":"https:\/\/schema.org","@graph":[{"@type":"Article","@id":"https:\/\/www.24gliwice.pl\/wiadomosci\/13-km-obwodnicy-od-ronda-przy-amazonie-do-ulicy-rybnickiej\/#article","isPartOf":{"@id":"https:\/\/www.24gliwice.pl\/wiadomosci\/13-km-obwodnicy-od-ronda-przy-amazonie-do-ulicy-rybnickiej\/"},"author":{"name":"\u017baneta Mrozek-Siewierska","@id":"https:\/\/www.24gliwice.pl\/wiadomosci\/#\/schema\/person\/e42c650edd7f2fa332be3811fb166b6e"},"headline":"1,3 km obwodnicy od ronda przy Amazonie do ulicy Rybnickiej. Trwaj\u0105 przygotowania do inwestycji","datePublished":"2022-03-29T10:27:07+00:00","dateModified":"2022-03-29T10:28:21+00:00","mainEntityOfPage":{"@id":"https:\/\/www.24gliwice.pl\/wiadomosci\/13-km-obwodnicy-od-ronda-przy-amazonie-do-ulicy-rybnickiej\/"},"wordCount":598,"commentCount":0,"publisher":{"@id":"https:\/\/www.24gliwice.pl\/wiadomosci\/#organization"},"image":{"@id":"https:\/\/www.24gliwice.pl\/wiadomosci\/13-km-obwodnicy-od-ronda-przy-amazonie-do-ulicy-rybnickiej\/#primaryimage"},"thumbnailUrl":"https:\/\/www.24gliwice.pl\/wiadomosci\/wp-content\/uploads\/2022\/03\/obwodnica-poludniowa-001.jpg","keywords":["obwodnica po\u0142udniowa","PRZETARG"],"articleSection":["Gliwice","Najnowsze wiadomo\u015bci","Portal Gliwice - Wiadomo\u015bci lokalne","Samorz\u0105d, polityka"],"inLanguage":"pl-PL","potentialAction":[{"@type":"CommentAction","name":"Comment","target":["https:\/\/www.24gliwice.pl\/wiadomosci\/13-km-obwodnicy-od-ronda-przy-amazonie-do-ulicy-rybnickiej\/#respond"]}]},{"@type":"WebPage","@id":"https:\/\/www.24gliwice.pl\/wiadomosci\/13-km-obwodnicy-od-ronda-przy-amazonie-do-ulicy-rybnickiej\/","url":"https:\/\/www.24gliwice.pl\/wiadomosci\/13-km-obwodnicy-od-ronda-przy-amazonie-do-ulicy-rybnickiej\/","name":"1,3 km obwodnicy od ronda przy Amazonie do ulicy Rybnickiej. Trwaj\u0105 przygotowania do inwestycji - 24GLIWICE - Portal Gliwice | codziennie nowe informacje","isPartOf":{"@id":"https:\/\/www.24gliwice.pl\/wiadomosci\/#website"},"primaryImageOfPage":{"@id":"https:\/\/www.24gliwice.pl\/wiadomosci\/13-km-obwodnicy-od-ronda-przy-amazonie-do-ulicy-rybnickiej\/#primaryimage"},"image":{"@id":"https:\/\/www.24gliwice.pl\/wiadomosci\/13-km-obwodnicy-od-ronda-przy-amazonie-do-ulicy-rybnickiej\/#primaryimage"},"thumbnailUrl":"https:\/\/www.24gliwice.pl\/wiadomosci\/wp-content\/uploads\/2022\/03\/obwodnica-poludniowa-001.jpg","datePublished":"2022-03-29T10:27:07+00:00","dateModified":"2022-03-29T10:28:21+00:00","description":"Zarz\u0105d Dr\u00f3g Miejskich poszukuje wykonawcy projektu odcinka obwodnicy po\u0142udniowej od ulicy Bojkowskiej do ulicy Rybnickiej","breadcrumb":{"@id":"https:\/\/www.24gliwice.pl\/wiadomosci\/13-km-obwodnicy-od-ronda-przy-amazonie-do-ulicy-rybnickiej\/#breadcrumb"},"inLanguage":"pl-PL","potentialAction":[{"@type":"ReadAction","target":["https:\/\/www.24gliwice.pl\/wiadomosci\/13-km-obwodnicy-od-ronda-przy-amazonie-do-ulicy-rybnickiej\/"]}]},{"@type":"ImageObject","inLanguage":"pl-PL","@id":"https:\/\/www.24gliwice.pl\/wiadomosci\/13-km-obwodnicy-od-ronda-przy-amazonie-do-ulicy-rybnickiej\/#primaryimage","url":"https:\/\/www.24gliwice.pl\/wiadomosci\/wp-content\/uploads\/2022\/03\/obwodnica-poludniowa-001.jpg","contentUrl":"https:\/\/www.24gliwice.pl\/wiadomosci\/wp-content\/uploads\/2022\/03\/obwodnica-poludniowa-001.jpg","width":810,"height":457},{"@type":"BreadcrumbList","@id":"https:\/\/www.24gliwice.pl\/wiadomosci\/13-km-obwodnicy-od-ronda-przy-amazonie-do-ulicy-rybnickiej\/#breadcrumb","itemListElement":[{"@type":"ListItem","position":1,"name":"Strona g\u0142\u00f3wna","item":"https:\/\/www.24gliwice.pl\/wiadomosci\/"},{"@type":"ListItem","position":2,"name":"1,3 km obwodnicy od ronda przy Amazonie do ulicy Rybnickiej. Trwaj\u0105 przygotowania do inwestycji"}]},{"@type":"WebSite","@id":"https:\/\/www.24gliwice.pl\/wiadomosci\/#website","url":"https:\/\/www.24gliwice.pl\/wiadomosci\/","name":"24GLIWICE - Portal Gliwice | codziennie nowe wiadomo\u015bci","description":"Portal Miejski Gliwice","publisher":{"@id":"https:\/\/www.24gliwice.pl\/wiadomosci\/#organization"},"potentialAction":[{"@type":"SearchAction","target":{"@type":"EntryPoint","urlTemplate":"https:\/\/www.24gliwice.pl\/wiadomosci\/?s={search_term_string}"},"query-input":{"@type":"PropertyValueSpecification","valueRequired":true,"valueName":"search_term_string"}}],"inLanguage":"pl-PL"},{"@type":"Organization","@id":"https:\/\/www.24gliwice.pl\/wiadomosci\/#organization","name":"24gliwice","url":"https:\/\/www.24gliwice.pl\/wiadomosci\/","logo":{"@type":"ImageObject","inLanguage":"pl-PL","@id":"https:\/\/www.24gliwice.pl\/wiadomosci\/#\/schema\/logo\/image\/","url":"https:\/\/www.24gliwice.pl\/wiadomosci\/wp-content\/uploads\/2024\/10\/24gliwice-logo-696.jpg","contentUrl":"https:\/\/www.24gliwice.pl\/wiadomosci\/wp-content\/uploads\/2024\/10\/24gliwice-logo-696.jpg","width":696,"height":696,"caption":"24gliwice"},"image":{"@id":"https:\/\/www.24gliwice.pl\/wiadomosci\/#\/schema\/logo\/image\/"},"sameAs":["https:\/\/www.facebook.com\/24gliwice","https:\/\/x.com\/24gliwice","https:\/\/www.youtube.com\/@24gliwice"]},{"@type":"Person","@id":"https:\/\/www.24gliwice.pl\/wiadomosci\/#\/schema\/person\/e42c650edd7f2fa332be3811fb166b6e","name":"\u017baneta Mrozek-Siewierska","image":{"@type":"ImageObject","inLanguage":"pl-PL","@id":"https:\/\/secure.gravatar.com\/avatar\/1881429e9c64597c77ad7aef2d0a19be69a3253e57534d16aa15bf3a4d34a0a3?s=96&d=mm&r=g","url":"https:\/\/secure.gravatar.com\/avatar\/1881429e9c64597c77ad7aef2d0a19be69a3253e57534d16aa15bf3a4d34a0a3?s=96&d=mm&r=g","contentUrl":"https:\/\/secure.gravatar.com\/avatar\/1881429e9c64597c77ad7aef2d0a19be69a3253e57534d16aa15bf3a4d34a0a3?s=96&d=mm&r=g","caption":"\u017baneta Mrozek-Siewierska"},"url":"https:\/\/www.24gliwice.pl\/wiadomosci\/author\/zms\/"}]}},"_links":{"self":[{"href":"https:\/\/www.24gliwice.pl\/wiadomosci\/wp-json\/wp\/v2\/posts\/189430","targetHints":{"allow":["GET"]}}],"collection":[{"href":"https:\/\/www.24gliwice.pl\/wiadomosci\/wp-json\/wp\/v2\/posts"}],"about":[{"href":"https:\/\/www.24gliwice.pl\/wiadomosci\/wp-json\/wp\/v2\/types\/post"}],"author":[{"embeddable":true,"href":"https:\/\/www.24gliwice.pl\/wiadomosci\/wp-json\/wp\/v2\/users\/15"}],"replies":[{"embeddable":true,"href":"https:\/\/www.24gliwice.pl\/wiadomosci\/wp-json\/wp\/v2\/comments?post=189430"}],"version-history":[{"count":0,"href":"https:\/\/www.24gliwice.pl\/wiadomosci\/wp-json\/wp\/v2\/posts\/189430\/revisions"}],"wp:featuredmedia":[{"embeddable":true,"href":"https:\/\/www.24gliwice.pl\/wiadomosci\/wp-json\/wp\/v2\/media\/189457"}],"wp:attachment":[{"href":"https:\/\/www.24gliwice.pl\/wiadomosci\/wp-json\/wp\/v2\/media?parent=189430"}],"wp:term":[{"taxonomy":"category","embeddable":true,"href":"https:\/\/www.24gliwice.pl\/wiadomosci\/wp-json\/wp\/v2\/categories?post=189430"},{"taxonomy":"post_tag","embeddable":true,"href":"https:\/\/www.24gliwice.pl\/wiadomosci\/wp-json\/wp\/v2\/tags?post=189430"}],"curies":[{"name":"wp","href":"https:\/\/api.w.org\/{rel}","templated":true}]}}