{"id":189504,"date":"2022-03-30T14:18:44","date_gmt":"2022-03-30T12:18:44","guid":{"rendered":"https:\/\/www.24gliwice.pl\/wiadomosci\/?p=189504"},"modified":"2022-03-30T14:19:05","modified_gmt":"2022-03-30T12:19:05","slug":"dzien-zwierzat-bezdomnych-w-ch-forum-mozna-zapoznac-sie-z-psem-lub-kotem-mozna-tez-adoptowac","status":"publish","type":"post","link":"https:\/\/www.24gliwice.pl\/wiadomosci\/dzien-zwierzat-bezdomnych-w-ch-forum-mozna-zapoznac-sie-z-psem-lub-kotem-mozna-tez-adoptowac\/","title":{"rendered":"Dzie\u0144 Zwierz\u0105t Bezdomnych w CH Forum. Mo\u017cna zapozna\u0107 si\u0119 z psem lub kotem, mo\u017cna te\u017c adoptowa\u0107"},"content":{"rendered":"<div class=\"gliwi-a6-nad-leadem-artykulow gliwi-entity-placement\" id=\"gliwi-388172668\"><div class=\"gliwi-adlabel\"><span style=\"font-size: 9px\">REKLAMA<\/span><\/div><div id=\"gliwi-95877296\" style=\"margin-bottom: 30px;margin-left: auto;margin-right: auto;text-align: center;\"><a data-no-instant=\"1\" href=\"https:\/\/przedszkole.halogen.org.pl\/\" rel=\"noopener\" class=\"a2t-link\" target=\"_blank\" aria-label=\"20260402-ANIMATOR-przedszkole_grafika_750x200\"><img loading=\"lazy\" decoding=\"async\" src=\"https:\/\/www.24gliwice.pl\/wiadomosci\/wp-content\/uploads\/2026\/04\/20260402-ANIMATOR-przedszkole_grafika_750x200.webp\" alt=\"\"  srcset=\"https:\/\/www.24gliwice.pl\/wiadomosci\/wp-content\/uploads\/2026\/04\/20260402-ANIMATOR-przedszkole_grafika_750x200.webp 750w, https:\/\/www.24gliwice.pl\/wiadomosci\/wp-content\/uploads\/2026\/04\/20260402-ANIMATOR-przedszkole_grafika_750x200-410x109.webp 410w\" sizes=\"(max-width: 750px) 100vw, 750px\" class=\"no-lazyload\" width=\"750\" height=\"200\"  style=\"display: inline-block; max-width: 100%; height: auto;\" \/><\/a><\/div><\/div><h2>W centrum handlowym Forum pojawi\u0105 si\u0119 psy i koty z gliwickiego Schroniska dla Zwierz\u0105t. B\u0119dzie to akcja zapoznawczo-adopcyjna &#8211; w\u015br\u00f3d czworonog\u00f3w znajdzie si\u0119 m.in. Bravo &#8211; m\u0142ody piesek, podopieczny plac\u00f3wki przy ulicy Wschodniej 56 w Gliwicach.<\/h2>\n<p>&nbsp;<br \/>\nJest smuk\u0142y, silny, wysoki i zdecydowanie lubi towarzystwo kobiet. Dosy\u0107 szybko si\u0119 oswaja i ch\u0119tnie okazuje rado\u015b\u0107. Mieszka w Schronisku dla Zwierz\u0105t gdzie, wraz z 80 kolegami, czeka na nowy dom. Niekt\u00f3rych z nich b\u0119dzie mo\u017cna pozna\u0107 w poniedzia\u0142ek, 4 kwietnia w CH Forum (ul. Lipowa 1).<\/p>\n<h4>Tego dnia b\u0119dziemy obchodzi\u0107 Dzie\u0144 Zwierz\u0105t Bezdomnych. Z tej okazji gliwickie Schronisko dla Zwierz\u0105t organizuje akcj\u0119 zapoznawczo-adopcyjn\u0105. <\/h4>\n<p>&#8211; <em>Przyjd\u017acie i poznajcie zwierzaki. Kto wie, mo\u017ce ta przypadkowa znajomo\u015b\u0107 zako\u0144czy si\u0119 przyja\u017ani\u0105 na ca\u0142e \u017cycie. W poniedzia\u0142ek, w godz. od 16.00 do 19.00, w k\u0105ciku adopcyjnym w Forum b\u0119d\u0105 czeka\u0142y szukaj\u0105ce ciep\u0142ego domu psy i koty<\/em> &#8211; zach\u0119caj\u0105 organizatorzy. <\/p><div class=\"gliwi-a3-w-tresci-artykulow gliwi-entity-placement\" id=\"gliwi-815557596\"><div class=\"gliwi-adlabel\"><span style=\"font-size: 9px\">REKLAMA<\/span><\/div><div id=\"gliwi-2281837383\" style=\"margin-bottom: 30px;margin-left: auto;margin-right: auto;text-align: center;\"><a data-no-instant=\"1\" href=\"https:\/\/zlobek.halogen.org.pl\/\" rel=\"noopener\" class=\"a2t-link\" target=\"_blank\" aria-label=\"animator-zlobek_750x200\"><img loading=\"lazy\" decoding=\"async\" src=\"https:\/\/www.24gliwice.pl\/wiadomosci\/wp-content\/uploads\/2026\/02\/animator-zlobek_750x200.webp\" alt=\"\"  srcset=\"https:\/\/www.24gliwice.pl\/wiadomosci\/wp-content\/uploads\/2026\/02\/animator-zlobek_750x200.webp 750w, https:\/\/www.24gliwice.pl\/wiadomosci\/wp-content\/uploads\/2026\/02\/animator-zlobek_750x200-410x109.webp 410w\" sizes=\"(max-width: 750px) 100vw, 750px\" class=\"no-lazyload\" width=\"750\" height=\"200\"  style=\"display: inline-block; max-width: 100%; height: auto;\" \/><\/a><\/div><\/div>\n<p><a href=\"https:\/\/www.24gliwice.pl\/wiadomosci\/wp-content\/uploads\/2022\/03\/bravo.jpg\"><img loading=\"lazy\" decoding=\"async\" src=\"https:\/\/www.24gliwice.pl\/wiadomosci\/wp-content\/uploads\/2022\/03\/bravo.jpg\" alt=\"\" width=\"810\" height=\"810\" class=\"alignnone size-full wp-image-189507\" srcset=\"https:\/\/www.24gliwice.pl\/wiadomosci\/wp-content\/uploads\/2022\/03\/bravo.jpg 810w, https:\/\/www.24gliwice.pl\/wiadomosci\/wp-content\/uploads\/2022\/03\/bravo-232x232.jpg 232w, https:\/\/www.24gliwice.pl\/wiadomosci\/wp-content\/uploads\/2022\/03\/bravo-455x455.jpg 455w, https:\/\/www.24gliwice.pl\/wiadomosci\/wp-content\/uploads\/2022\/03\/bravo-90x90.jpg 90w, https:\/\/www.24gliwice.pl\/wiadomosci\/wp-content\/uploads\/2022\/03\/bravo-768x768.jpg 768w\" sizes=\"auto, (max-width: 810px) 100vw, 810px\" \/><\/a><\/p>\n<p>Ka\u017cdego roku do gliwickiego Schroniska przyjmowanych jest oko\u0142o 1000 zwierz\u0105t. Dzi\u0119ki zaanga\u017cowaniu pracownik\u00f3w i wolontariuszy oraz prowadzonym akcjom adopcyjnym, niemal tyle samo zwierz\u0105t znajduje nowe domy lub wraca do w\u0142a\u015bcicieli. Obecnie w Schronisku w So\u015bnicy przebywa oko\u0142o 80 ps\u00f3w i 130 kot\u00f3w. <\/p>\n<p>(\u017cms)\/UM Gliwice(mf)<br \/>\nfot. mat. organizatora<\/p>\n<p><a href=\"https:\/\/www.24gliwice.pl\/wiadomosci\/wp-content\/uploads\/2022\/03\/bravo-banner.jpg\"><img loading=\"lazy\" decoding=\"async\" src=\"https:\/\/www.24gliwice.pl\/wiadomosci\/wp-content\/uploads\/2022\/03\/bravo-banner.jpg\" alt=\"\" width=\"810\" height=\"810\" class=\"alignnone size-full wp-image-189506\" srcset=\"https:\/\/www.24gliwice.pl\/wiadomosci\/wp-content\/uploads\/2022\/03\/bravo-banner.jpg 810w, https:\/\/www.24gliwice.pl\/wiadomosci\/wp-content\/uploads\/2022\/03\/bravo-banner-232x232.jpg 232w, https:\/\/www.24gliwice.pl\/wiadomosci\/wp-content\/uploads\/2022\/03\/bravo-banner-455x455.jpg 455w, https:\/\/www.24gliwice.pl\/wiadomosci\/wp-content\/uploads\/2022\/03\/bravo-banner-90x90.jpg 90w, https:\/\/www.24gliwice.pl\/wiadomosci\/wp-content\/uploads\/2022\/03\/bravo-banner-768x768.jpg 768w\" sizes=\"auto, (max-width: 810px) 100vw, 810px\" \/><\/a><\/p>\n<div class=\"gliwi-a5-na-koncu-artykulow gliwi-entity-placement\" id=\"gliwi-90047184\"><div class=\"gliwi-adlabel\"><span style=\"font-size: 9px\">REKLAMA<\/span><\/div><div id=\"gliwi-3731333801\" style=\"margin-left: auto;margin-right: auto;text-align: center;\"><a data-no-instant=\"1\" href=\"https:\/\/prezeroarenagliwice.pl\/\" rel=\"noopener\" class=\"a2t-link\" target=\"_blank\" aria-label=\"20260309-PREZERO-WIOSNA-D\"><img loading=\"lazy\" decoding=\"async\" src=\"https:\/\/www.24gliwice.pl\/wiadomosci\/wp-content\/uploads\/2026\/03\/20260309-PREZERO-WIOSNA-D.webp\" alt=\"\"  srcset=\"https:\/\/www.24gliwice.pl\/wiadomosci\/wp-content\/uploads\/2026\/03\/20260309-PREZERO-WIOSNA-D.webp 750w, https:\/\/www.24gliwice.pl\/wiadomosci\/wp-content\/uploads\/2026\/03\/20260309-PREZERO-WIOSNA-D-410x109.webp 410w\" sizes=\"(max-width: 750px) 100vw, 750px\" class=\"no-lazyload\" width=\"750\" height=\"200\"  style=\"display: inline-block; max-width: 100%; height: auto;\" \/><\/a><\/div><\/div>","protected":false},"excerpt":{"rendered":"<p>W centrum handlowym Forum pojawi\u0105 si\u0119 psy i koty z gliwickiego Schroniska dla Zwierz\u0105t. B\u0119dzie to akcja zapoznawczo-adopcyjna &#8211; w\u015br\u00f3d czworonog\u00f3w znajdzie si\u0119 m.in. Bravo &#8211; m\u0142ody piesek, podopieczny plac\u00f3wki przy ulicy Wschodniej 56 w Gliwicach. &nbsp; Jest smuk\u0142y, silny, wysoki i zdecydowanie lubi towarzystwo kobiet. Dosy\u0107 szybko si\u0119 oswaja i ch\u0119tnie okazuje rado\u015b\u0107. Mieszka [&hellip;]<\/p>\n","protected":false},"author":15,"featured_media":189508,"comment_status":"closed","ping_status":"closed","sticky":false,"template":"","format":"standard","meta":{"_monsterinsights_skip_tracking":false,"_monsterinsights_sitenote_active":false,"_monsterinsights_sitenote_note":"","_monsterinsights_sitenote_category":0,"footnotes":"","_links_to":"","_links_to_target":""},"categories":[3,6,1],"tags":[],"class_list":["post-189504","post","type-post","status-publish","format-standard","has-post-thumbnail","hentry","category-gliwice","category-kultura","category-wszystko"],"yoast_head":"<!-- This site is optimized with the Yoast SEO plugin v27.4 - https:\/\/yoast.com\/product\/yoast-seo-wordpress\/ -->\n<title>Dzie\u0144 Zwierz\u0105t Bezdomnych w CH Forum. Mo\u017cna zapozna\u0107 si\u0119 z psem lub kotem, mo\u017cna te\u017c adoptowa\u0107 - 24GLIWICE - Portal Gliwice | codziennie nowe informacje<\/title>\n<meta name=\"description\" content=\"W centrum handlowym Forum 4 kwietnia pojawi\u0105 si\u0119 psy i koty z gliwickiego schroniska dla zwierz\u0105t. B\u0119dzie to akcja zapoznawczo-adopcyjna\" \/>\n<meta name=\"robots\" content=\"index, follow, max-snippet:-1, max-image-preview:large, max-video-preview:-1\" \/>\n<link rel=\"canonical\" href=\"https:\/\/www.24gliwice.pl\/wiadomosci\/dzien-zwierzat-bezdomnych-w-ch-forum-mozna-zapoznac-sie-z-psem-lub-kotem-mozna-tez-adoptowac\/\" \/>\n<meta property=\"og:locale\" content=\"pl_PL\" \/>\n<meta property=\"og:type\" content=\"article\" \/>\n<meta property=\"og:title\" content=\"Dzie\u0144 Zwierz\u0105t Bezdomnych w CH Forum. Mo\u017cna zapozna\u0107 si\u0119 z psem lub kotem, mo\u017cna te\u017c adoptowa\u0107 - 24GLIWICE - Portal Gliwice | codziennie nowe informacje\" \/>\n<meta property=\"og:description\" content=\"W centrum handlowym Forum 4 kwietnia pojawi\u0105 si\u0119 psy i koty z gliwickiego schroniska dla zwierz\u0105t. B\u0119dzie to akcja zapoznawczo-adopcyjna\" \/>\n<meta property=\"og:url\" content=\"https:\/\/www.24gliwice.pl\/wiadomosci\/dzien-zwierzat-bezdomnych-w-ch-forum-mozna-zapoznac-sie-z-psem-lub-kotem-mozna-tez-adoptowac\/\" \/>\n<meta property=\"og:site_name\" content=\"24GLIWICE - Portal Gliwice | codziennie nowe informacje\" \/>\n<meta property=\"article:publisher\" content=\"https:\/\/www.facebook.com\/24gliwice\" \/>\n<meta property=\"article:published_time\" content=\"2022-03-30T12:18:44+00:00\" \/>\n<meta property=\"article:modified_time\" content=\"2022-03-30T12:19:05+00:00\" \/>\n<meta property=\"og:image\" content=\"https:\/\/www.24gliwice.pl\/wiadomosci\/wp-content\/uploads\/2022\/03\/bravo2.jpg\" \/>\n\t<meta property=\"og:image:width\" content=\"810\" \/>\n\t<meta property=\"og:image:height\" content=\"455\" \/>\n\t<meta property=\"og:image:type\" content=\"image\/jpeg\" \/>\n<meta name=\"author\" content=\"\u017baneta Mrozek-Siewierska\" \/>\n<meta name=\"twitter:card\" content=\"summary_large_image\" \/>\n<meta name=\"twitter:creator\" content=\"@24gliwice\" \/>\n<meta name=\"twitter:site\" content=\"@24gliwice\" \/>\n<meta name=\"twitter:label1\" content=\"Napisane przez\" \/>\n\t<meta name=\"twitter:data1\" content=\"\u017baneta Mrozek-Siewierska\" \/>\n\t<meta name=\"twitter:label2\" content=\"Szacowany czas czytania\" \/>\n\t<meta name=\"twitter:data2\" content=\"1 minuta\" \/>\n<script type=\"application\/ld+json\" class=\"yoast-schema-graph\">{\"@context\":\"https:\\\/\\\/schema.org\",\"@graph\":[{\"@type\":\"Article\",\"@id\":\"https:\\\/\\\/www.24gliwice.pl\\\/wiadomosci\\\/dzien-zwierzat-bezdomnych-w-ch-forum-mozna-zapoznac-sie-z-psem-lub-kotem-mozna-tez-adoptowac\\\/#article\",\"isPartOf\":{\"@id\":\"https:\\\/\\\/www.24gliwice.pl\\\/wiadomosci\\\/dzien-zwierzat-bezdomnych-w-ch-forum-mozna-zapoznac-sie-z-psem-lub-kotem-mozna-tez-adoptowac\\\/\"},\"author\":{\"name\":\"\u017baneta Mrozek-Siewierska\",\"@id\":\"https:\\\/\\\/www.24gliwice.pl\\\/wiadomosci\\\/#\\\/schema\\\/person\\\/e42c650edd7f2fa332be3811fb166b6e\"},\"headline\":\"Dzie\u0144 Zwierz\u0105t Bezdomnych w CH Forum. Mo\u017cna zapozna\u0107 si\u0119 z psem lub kotem, mo\u017cna te\u017c adoptowa\u0107\",\"datePublished\":\"2022-03-30T12:18:44+00:00\",\"dateModified\":\"2022-03-30T12:19:05+00:00\",\"mainEntityOfPage\":{\"@id\":\"https:\\\/\\\/www.24gliwice.pl\\\/wiadomosci\\\/dzien-zwierzat-bezdomnych-w-ch-forum-mozna-zapoznac-sie-z-psem-lub-kotem-mozna-tez-adoptowac\\\/\"},\"wordCount\":244,\"publisher\":{\"@id\":\"https:\\\/\\\/www.24gliwice.pl\\\/wiadomosci\\\/#organization\"},\"image\":{\"@id\":\"https:\\\/\\\/www.24gliwice.pl\\\/wiadomosci\\\/dzien-zwierzat-bezdomnych-w-ch-forum-mozna-zapoznac-sie-z-psem-lub-kotem-mozna-tez-adoptowac\\\/#primaryimage\"},\"thumbnailUrl\":\"https:\\\/\\\/www.24gliwice.pl\\\/wiadomosci\\\/wp-content\\\/uploads\\\/2022\\\/03\\\/bravo2.jpg\",\"articleSection\":[\"Gliwice\",\"Kultura, wydarzenia, imprezy\",\"Najnowsze wiadomo\u015bci\"],\"inLanguage\":\"pl-PL\"},{\"@type\":\"WebPage\",\"@id\":\"https:\\\/\\\/www.24gliwice.pl\\\/wiadomosci\\\/dzien-zwierzat-bezdomnych-w-ch-forum-mozna-zapoznac-sie-z-psem-lub-kotem-mozna-tez-adoptowac\\\/\",\"url\":\"https:\\\/\\\/www.24gliwice.pl\\\/wiadomosci\\\/dzien-zwierzat-bezdomnych-w-ch-forum-mozna-zapoznac-sie-z-psem-lub-kotem-mozna-tez-adoptowac\\\/\",\"name\":\"Dzie\u0144 Zwierz\u0105t Bezdomnych w CH Forum. Mo\u017cna zapozna\u0107 si\u0119 z psem lub kotem, mo\u017cna te\u017c adoptowa\u0107 - 24GLIWICE - Portal Gliwice | codziennie nowe informacje\",\"isPartOf\":{\"@id\":\"https:\\\/\\\/www.24gliwice.pl\\\/wiadomosci\\\/#website\"},\"primaryImageOfPage\":{\"@id\":\"https:\\\/\\\/www.24gliwice.pl\\\/wiadomosci\\\/dzien-zwierzat-bezdomnych-w-ch-forum-mozna-zapoznac-sie-z-psem-lub-kotem-mozna-tez-adoptowac\\\/#primaryimage\"},\"image\":{\"@id\":\"https:\\\/\\\/www.24gliwice.pl\\\/wiadomosci\\\/dzien-zwierzat-bezdomnych-w-ch-forum-mozna-zapoznac-sie-z-psem-lub-kotem-mozna-tez-adoptowac\\\/#primaryimage\"},\"thumbnailUrl\":\"https:\\\/\\\/www.24gliwice.pl\\\/wiadomosci\\\/wp-content\\\/uploads\\\/2022\\\/03\\\/bravo2.jpg\",\"datePublished\":\"2022-03-30T12:18:44+00:00\",\"dateModified\":\"2022-03-30T12:19:05+00:00\",\"description\":\"W centrum handlowym Forum 4 kwietnia pojawi\u0105 si\u0119 psy i koty z gliwickiego schroniska dla zwierz\u0105t. B\u0119dzie to akcja zapoznawczo-adopcyjna\",\"breadcrumb\":{\"@id\":\"https:\\\/\\\/www.24gliwice.pl\\\/wiadomosci\\\/dzien-zwierzat-bezdomnych-w-ch-forum-mozna-zapoznac-sie-z-psem-lub-kotem-mozna-tez-adoptowac\\\/#breadcrumb\"},\"inLanguage\":\"pl-PL\",\"potentialAction\":[{\"@type\":\"ReadAction\",\"target\":[\"https:\\\/\\\/www.24gliwice.pl\\\/wiadomosci\\\/dzien-zwierzat-bezdomnych-w-ch-forum-mozna-zapoznac-sie-z-psem-lub-kotem-mozna-tez-adoptowac\\\/\"]}]},{\"@type\":\"ImageObject\",\"inLanguage\":\"pl-PL\",\"@id\":\"https:\\\/\\\/www.24gliwice.pl\\\/wiadomosci\\\/dzien-zwierzat-bezdomnych-w-ch-forum-mozna-zapoznac-sie-z-psem-lub-kotem-mozna-tez-adoptowac\\\/#primaryimage\",\"url\":\"https:\\\/\\\/www.24gliwice.pl\\\/wiadomosci\\\/wp-content\\\/uploads\\\/2022\\\/03\\\/bravo2.jpg\",\"contentUrl\":\"https:\\\/\\\/www.24gliwice.pl\\\/wiadomosci\\\/wp-content\\\/uploads\\\/2022\\\/03\\\/bravo2.jpg\",\"width\":810,\"height\":455},{\"@type\":\"BreadcrumbList\",\"@id\":\"https:\\\/\\\/www.24gliwice.pl\\\/wiadomosci\\\/dzien-zwierzat-bezdomnych-w-ch-forum-mozna-zapoznac-sie-z-psem-lub-kotem-mozna-tez-adoptowac\\\/#breadcrumb\",\"itemListElement\":[{\"@type\":\"ListItem\",\"position\":1,\"name\":\"Strona g\u0142\u00f3wna\",\"item\":\"https:\\\/\\\/www.24gliwice.pl\\\/wiadomosci\\\/\"},{\"@type\":\"ListItem\",\"position\":2,\"name\":\"Dzie\u0144 Zwierz\u0105t Bezdomnych w CH Forum. Mo\u017cna zapozna\u0107 si\u0119 z psem lub kotem, mo\u017cna te\u017c adoptowa\u0107\"}]},{\"@type\":\"WebSite\",\"@id\":\"https:\\\/\\\/www.24gliwice.pl\\\/wiadomosci\\\/#website\",\"url\":\"https:\\\/\\\/www.24gliwice.pl\\\/wiadomosci\\\/\",\"name\":\"24GLIWICE - Portal Gliwice | codziennie nowe wiadomo\u015bci\",\"description\":\"Portal Miejski Gliwice\",\"publisher\":{\"@id\":\"https:\\\/\\\/www.24gliwice.pl\\\/wiadomosci\\\/#organization\"},\"potentialAction\":[{\"@type\":\"SearchAction\",\"target\":{\"@type\":\"EntryPoint\",\"urlTemplate\":\"https:\\\/\\\/www.24gliwice.pl\\\/wiadomosci\\\/?s={search_term_string}\"},\"query-input\":{\"@type\":\"PropertyValueSpecification\",\"valueRequired\":true,\"valueName\":\"search_term_string\"}}],\"inLanguage\":\"pl-PL\"},{\"@type\":\"Organization\",\"@id\":\"https:\\\/\\\/www.24gliwice.pl\\\/wiadomosci\\\/#organization\",\"name\":\"24gliwice\",\"url\":\"https:\\\/\\\/www.24gliwice.pl\\\/wiadomosci\\\/\",\"logo\":{\"@type\":\"ImageObject\",\"inLanguage\":\"pl-PL\",\"@id\":\"https:\\\/\\\/www.24gliwice.pl\\\/wiadomosci\\\/#\\\/schema\\\/logo\\\/image\\\/\",\"url\":\"https:\\\/\\\/www.24gliwice.pl\\\/wiadomosci\\\/wp-content\\\/uploads\\\/2024\\\/10\\\/24gliwice-logo-696.jpg\",\"contentUrl\":\"https:\\\/\\\/www.24gliwice.pl\\\/wiadomosci\\\/wp-content\\\/uploads\\\/2024\\\/10\\\/24gliwice-logo-696.jpg\",\"width\":696,\"height\":696,\"caption\":\"24gliwice\"},\"image\":{\"@id\":\"https:\\\/\\\/www.24gliwice.pl\\\/wiadomosci\\\/#\\\/schema\\\/logo\\\/image\\\/\"},\"sameAs\":[\"https:\\\/\\\/www.facebook.com\\\/24gliwice\",\"https:\\\/\\\/x.com\\\/24gliwice\",\"https:\\\/\\\/www.youtube.com\\\/@24gliwice\"]},{\"@type\":\"Person\",\"@id\":\"https:\\\/\\\/www.24gliwice.pl\\\/wiadomosci\\\/#\\\/schema\\\/person\\\/e42c650edd7f2fa332be3811fb166b6e\",\"name\":\"\u017baneta Mrozek-Siewierska\",\"image\":{\"@type\":\"ImageObject\",\"inLanguage\":\"pl-PL\",\"@id\":\"https:\\\/\\\/www.24gliwice.pl\\\/wiadomosci\\\/wp-content\\\/uploads\\\/2021\\\/11\\\/Zaneta-M_S-zdjecie-czb-96x96.jpg\",\"url\":\"https:\\\/\\\/www.24gliwice.pl\\\/wiadomosci\\\/wp-content\\\/uploads\\\/2021\\\/11\\\/Zaneta-M_S-zdjecie-czb-96x96.jpg\",\"contentUrl\":\"https:\\\/\\\/www.24gliwice.pl\\\/wiadomosci\\\/wp-content\\\/uploads\\\/2021\\\/11\\\/Zaneta-M_S-zdjecie-czb-96x96.jpg\",\"caption\":\"\u017baneta Mrozek-Siewierska\"},\"url\":\"https:\\\/\\\/www.24gliwice.pl\\\/wiadomosci\\\/author\\\/zms\\\/\"}]}<\/script>\n<!-- \/ Yoast SEO plugin. -->","yoast_head_json":{"title":"Dzie\u0144 Zwierz\u0105t Bezdomnych w CH Forum. Mo\u017cna zapozna\u0107 si\u0119 z psem lub kotem, mo\u017cna te\u017c adoptowa\u0107 - 24GLIWICE - Portal Gliwice | codziennie nowe informacje","description":"W centrum handlowym Forum 4 kwietnia pojawi\u0105 si\u0119 psy i koty z gliwickiego schroniska dla zwierz\u0105t. B\u0119dzie to akcja zapoznawczo-adopcyjna","robots":{"index":"index","follow":"follow","max-snippet":"max-snippet:-1","max-image-preview":"max-image-preview:large","max-video-preview":"max-video-preview:-1"},"canonical":"https:\/\/www.24gliwice.pl\/wiadomosci\/dzien-zwierzat-bezdomnych-w-ch-forum-mozna-zapoznac-sie-z-psem-lub-kotem-mozna-tez-adoptowac\/","og_locale":"pl_PL","og_type":"article","og_title":"Dzie\u0144 Zwierz\u0105t Bezdomnych w CH Forum. Mo\u017cna zapozna\u0107 si\u0119 z psem lub kotem, mo\u017cna te\u017c adoptowa\u0107 - 24GLIWICE - Portal Gliwice | codziennie nowe informacje","og_description":"W centrum handlowym Forum 4 kwietnia pojawi\u0105 si\u0119 psy i koty z gliwickiego schroniska dla zwierz\u0105t. B\u0119dzie to akcja zapoznawczo-adopcyjna","og_url":"https:\/\/www.24gliwice.pl\/wiadomosci\/dzien-zwierzat-bezdomnych-w-ch-forum-mozna-zapoznac-sie-z-psem-lub-kotem-mozna-tez-adoptowac\/","og_site_name":"24GLIWICE - Portal Gliwice | codziennie nowe informacje","article_publisher":"https:\/\/www.facebook.com\/24gliwice","article_published_time":"2022-03-30T12:18:44+00:00","article_modified_time":"2022-03-30T12:19:05+00:00","og_image":[{"width":810,"height":455,"url":"https:\/\/www.24gliwice.pl\/wiadomosci\/wp-content\/uploads\/2022\/03\/bravo2.jpg","type":"image\/jpeg"}],"author":"\u017baneta Mrozek-Siewierska","twitter_card":"summary_large_image","twitter_creator":"@24gliwice","twitter_site":"@24gliwice","twitter_misc":{"Napisane przez":"\u017baneta Mrozek-Siewierska","Szacowany czas czytania":"1 minuta"},"schema":{"@context":"https:\/\/schema.org","@graph":[{"@type":"Article","@id":"https:\/\/www.24gliwice.pl\/wiadomosci\/dzien-zwierzat-bezdomnych-w-ch-forum-mozna-zapoznac-sie-z-psem-lub-kotem-mozna-tez-adoptowac\/#article","isPartOf":{"@id":"https:\/\/www.24gliwice.pl\/wiadomosci\/dzien-zwierzat-bezdomnych-w-ch-forum-mozna-zapoznac-sie-z-psem-lub-kotem-mozna-tez-adoptowac\/"},"author":{"name":"\u017baneta Mrozek-Siewierska","@id":"https:\/\/www.24gliwice.pl\/wiadomosci\/#\/schema\/person\/e42c650edd7f2fa332be3811fb166b6e"},"headline":"Dzie\u0144 Zwierz\u0105t Bezdomnych w CH Forum. Mo\u017cna zapozna\u0107 si\u0119 z psem lub kotem, mo\u017cna te\u017c adoptowa\u0107","datePublished":"2022-03-30T12:18:44+00:00","dateModified":"2022-03-30T12:19:05+00:00","mainEntityOfPage":{"@id":"https:\/\/www.24gliwice.pl\/wiadomosci\/dzien-zwierzat-bezdomnych-w-ch-forum-mozna-zapoznac-sie-z-psem-lub-kotem-mozna-tez-adoptowac\/"},"wordCount":244,"publisher":{"@id":"https:\/\/www.24gliwice.pl\/wiadomosci\/#organization"},"image":{"@id":"https:\/\/www.24gliwice.pl\/wiadomosci\/dzien-zwierzat-bezdomnych-w-ch-forum-mozna-zapoznac-sie-z-psem-lub-kotem-mozna-tez-adoptowac\/#primaryimage"},"thumbnailUrl":"https:\/\/www.24gliwice.pl\/wiadomosci\/wp-content\/uploads\/2022\/03\/bravo2.jpg","articleSection":["Gliwice","Kultura, wydarzenia, imprezy","Najnowsze wiadomo\u015bci"],"inLanguage":"pl-PL"},{"@type":"WebPage","@id":"https:\/\/www.24gliwice.pl\/wiadomosci\/dzien-zwierzat-bezdomnych-w-ch-forum-mozna-zapoznac-sie-z-psem-lub-kotem-mozna-tez-adoptowac\/","url":"https:\/\/www.24gliwice.pl\/wiadomosci\/dzien-zwierzat-bezdomnych-w-ch-forum-mozna-zapoznac-sie-z-psem-lub-kotem-mozna-tez-adoptowac\/","name":"Dzie\u0144 Zwierz\u0105t Bezdomnych w CH Forum. Mo\u017cna zapozna\u0107 si\u0119 z psem lub kotem, mo\u017cna te\u017c adoptowa\u0107 - 24GLIWICE - Portal Gliwice | codziennie nowe informacje","isPartOf":{"@id":"https:\/\/www.24gliwice.pl\/wiadomosci\/#website"},"primaryImageOfPage":{"@id":"https:\/\/www.24gliwice.pl\/wiadomosci\/dzien-zwierzat-bezdomnych-w-ch-forum-mozna-zapoznac-sie-z-psem-lub-kotem-mozna-tez-adoptowac\/#primaryimage"},"image":{"@id":"https:\/\/www.24gliwice.pl\/wiadomosci\/dzien-zwierzat-bezdomnych-w-ch-forum-mozna-zapoznac-sie-z-psem-lub-kotem-mozna-tez-adoptowac\/#primaryimage"},"thumbnailUrl":"https:\/\/www.24gliwice.pl\/wiadomosci\/wp-content\/uploads\/2022\/03\/bravo2.jpg","datePublished":"2022-03-30T12:18:44+00:00","dateModified":"2022-03-30T12:19:05+00:00","description":"W centrum handlowym Forum 4 kwietnia pojawi\u0105 si\u0119 psy i koty z gliwickiego schroniska dla zwierz\u0105t. B\u0119dzie to akcja zapoznawczo-adopcyjna","breadcrumb":{"@id":"https:\/\/www.24gliwice.pl\/wiadomosci\/dzien-zwierzat-bezdomnych-w-ch-forum-mozna-zapoznac-sie-z-psem-lub-kotem-mozna-tez-adoptowac\/#breadcrumb"},"inLanguage":"pl-PL","potentialAction":[{"@type":"ReadAction","target":["https:\/\/www.24gliwice.pl\/wiadomosci\/dzien-zwierzat-bezdomnych-w-ch-forum-mozna-zapoznac-sie-z-psem-lub-kotem-mozna-tez-adoptowac\/"]}]},{"@type":"ImageObject","inLanguage":"pl-PL","@id":"https:\/\/www.24gliwice.pl\/wiadomosci\/dzien-zwierzat-bezdomnych-w-ch-forum-mozna-zapoznac-sie-z-psem-lub-kotem-mozna-tez-adoptowac\/#primaryimage","url":"https:\/\/www.24gliwice.pl\/wiadomosci\/wp-content\/uploads\/2022\/03\/bravo2.jpg","contentUrl":"https:\/\/www.24gliwice.pl\/wiadomosci\/wp-content\/uploads\/2022\/03\/bravo2.jpg","width":810,"height":455},{"@type":"BreadcrumbList","@id":"https:\/\/www.24gliwice.pl\/wiadomosci\/dzien-zwierzat-bezdomnych-w-ch-forum-mozna-zapoznac-sie-z-psem-lub-kotem-mozna-tez-adoptowac\/#breadcrumb","itemListElement":[{"@type":"ListItem","position":1,"name":"Strona g\u0142\u00f3wna","item":"https:\/\/www.24gliwice.pl\/wiadomosci\/"},{"@type":"ListItem","position":2,"name":"Dzie\u0144 Zwierz\u0105t Bezdomnych w CH Forum. Mo\u017cna zapozna\u0107 si\u0119 z psem lub kotem, mo\u017cna te\u017c adoptowa\u0107"}]},{"@type":"WebSite","@id":"https:\/\/www.24gliwice.pl\/wiadomosci\/#website","url":"https:\/\/www.24gliwice.pl\/wiadomosci\/","name":"24GLIWICE - Portal Gliwice | codziennie nowe wiadomo\u015bci","description":"Portal Miejski Gliwice","publisher":{"@id":"https:\/\/www.24gliwice.pl\/wiadomosci\/#organization"},"potentialAction":[{"@type":"SearchAction","target":{"@type":"EntryPoint","urlTemplate":"https:\/\/www.24gliwice.pl\/wiadomosci\/?s={search_term_string}"},"query-input":{"@type":"PropertyValueSpecification","valueRequired":true,"valueName":"search_term_string"}}],"inLanguage":"pl-PL"},{"@type":"Organization","@id":"https:\/\/www.24gliwice.pl\/wiadomosci\/#organization","name":"24gliwice","url":"https:\/\/www.24gliwice.pl\/wiadomosci\/","logo":{"@type":"ImageObject","inLanguage":"pl-PL","@id":"https:\/\/www.24gliwice.pl\/wiadomosci\/#\/schema\/logo\/image\/","url":"https:\/\/www.24gliwice.pl\/wiadomosci\/wp-content\/uploads\/2024\/10\/24gliwice-logo-696.jpg","contentUrl":"https:\/\/www.24gliwice.pl\/wiadomosci\/wp-content\/uploads\/2024\/10\/24gliwice-logo-696.jpg","width":696,"height":696,"caption":"24gliwice"},"image":{"@id":"https:\/\/www.24gliwice.pl\/wiadomosci\/#\/schema\/logo\/image\/"},"sameAs":["https:\/\/www.facebook.com\/24gliwice","https:\/\/x.com\/24gliwice","https:\/\/www.youtube.com\/@24gliwice"]},{"@type":"Person","@id":"https:\/\/www.24gliwice.pl\/wiadomosci\/#\/schema\/person\/e42c650edd7f2fa332be3811fb166b6e","name":"\u017baneta Mrozek-Siewierska","image":{"@type":"ImageObject","inLanguage":"pl-PL","@id":"https:\/\/www.24gliwice.pl\/wiadomosci\/wp-content\/uploads\/2021\/11\/Zaneta-M_S-zdjecie-czb-96x96.jpg","url":"https:\/\/www.24gliwice.pl\/wiadomosci\/wp-content\/uploads\/2021\/11\/Zaneta-M_S-zdjecie-czb-96x96.jpg","contentUrl":"https:\/\/www.24gliwice.pl\/wiadomosci\/wp-content\/uploads\/2021\/11\/Zaneta-M_S-zdjecie-czb-96x96.jpg","caption":"\u017baneta Mrozek-Siewierska"},"url":"https:\/\/www.24gliwice.pl\/wiadomosci\/author\/zms\/"}]}},"_links":{"self":[{"href":"https:\/\/www.24gliwice.pl\/wiadomosci\/wp-json\/wp\/v2\/posts\/189504","targetHints":{"allow":["GET"]}}],"collection":[{"href":"https:\/\/www.24gliwice.pl\/wiadomosci\/wp-json\/wp\/v2\/posts"}],"about":[{"href":"https:\/\/www.24gliwice.pl\/wiadomosci\/wp-json\/wp\/v2\/types\/post"}],"author":[{"embeddable":true,"href":"https:\/\/www.24gliwice.pl\/wiadomosci\/wp-json\/wp\/v2\/users\/15"}],"replies":[{"embeddable":true,"href":"https:\/\/www.24gliwice.pl\/wiadomosci\/wp-json\/wp\/v2\/comments?post=189504"}],"version-history":[{"count":4,"href":"https:\/\/www.24gliwice.pl\/wiadomosci\/wp-json\/wp\/v2\/posts\/189504\/revisions"}],"predecessor-version":[{"id":189620,"href":"https:\/\/www.24gliwice.pl\/wiadomosci\/wp-json\/wp\/v2\/posts\/189504\/revisions\/189620"}],"wp:featuredmedia":[{"embeddable":true,"href":"https:\/\/www.24gliwice.pl\/wiadomosci\/wp-json\/wp\/v2\/media\/189508"}],"wp:attachment":[{"href":"https:\/\/www.24gliwice.pl\/wiadomosci\/wp-json\/wp\/v2\/media?parent=189504"}],"wp:term":[{"taxonomy":"category","embeddable":true,"href":"https:\/\/www.24gliwice.pl\/wiadomosci\/wp-json\/wp\/v2\/categories?post=189504"},{"taxonomy":"post_tag","embeddable":true,"href":"https:\/\/www.24gliwice.pl\/wiadomosci\/wp-json\/wp\/v2\/tags?post=189504"}],"curies":[{"name":"wp","href":"https:\/\/api.w.org\/{rel}","templated":true}]}}