{"id":189510,"date":"2022-03-31T02:11:55","date_gmt":"2022-03-31T00:11:55","guid":{"rendered":"https:\/\/www.24gliwice.pl\/wiadomosci\/?p=189510"},"modified":"2022-03-31T02:11:55","modified_gmt":"2022-03-31T00:11:55","slug":"wielkanocna-ostropa-i-procesja-konna-tematem-wykladu-z-cyklu-dzielnice-gliwic-znaki-szczegolne","status":"publish","type":"post","link":"https:\/\/www.24gliwice.pl\/wiadomosci\/wielkanocna-ostropa-i-procesja-konna-tematem-wykladu-z-cyklu-dzielnice-gliwic-znaki-szczegolne\/","title":{"rendered":"Wielkanocna Ostropa i procesja konna tematem wyk\u0142adu z cyklu \u201eDzielnice Gliwic &#8211; znaki szczeg\u00f3lne\u201d"},"content":{"rendered":"<div class=\"gliwi-a6-nad-leadem-artykulow gliwi-entity-placement\" id=\"gliwi-1303584012\"><div class=\"gliwi-adlabel\"><span style=\"font-size: 9px\">REKLAMA<\/span><\/div><div id=\"gliwi-1183155969\" style=\"margin-bottom: 30px;margin-left: auto;margin-right: auto;text-align: center;\"><a data-no-instant=\"1\" href=\"https:\/\/przedszkole.halogen.org.pl\/\" rel=\"noopener\" class=\"a2t-link\" target=\"_blank\" aria-label=\"20260402-ANIMATOR-przedszkole_grafika_750x200\"><img loading=\"lazy\" decoding=\"async\" src=\"https:\/\/www.24gliwice.pl\/wiadomosci\/wp-content\/uploads\/2026\/04\/20260402-ANIMATOR-przedszkole_grafika_750x200.webp\" alt=\"\"  srcset=\"https:\/\/www.24gliwice.pl\/wiadomosci\/wp-content\/uploads\/2026\/04\/20260402-ANIMATOR-przedszkole_grafika_750x200.webp 750w, https:\/\/www.24gliwice.pl\/wiadomosci\/wp-content\/uploads\/2026\/04\/20260402-ANIMATOR-przedszkole_grafika_750x200-410x109.webp 410w\" sizes=\"(max-width: 750px) 100vw, 750px\" class=\"no-lazyload\" width=\"750\" height=\"200\"  style=\"display: inline-block; max-width: 100%; height: auto;\" \/><\/a><\/div><\/div><h2>W ramach cyklu \u201eDzielnice Gliwic &#8211; znaki szczeg\u00f3lne\u201d przybli\u017cona mieszka\u0144com zostanie Wielkanocna Ostropa. Wyk\u0142ad na ten temat miejskiej konserwator zabytk\u00f3w, Ewy Pokorskiej-O\u017c\u00f3g, udost\u0119pniony zostanie na platformie Youtube.com.<\/h2>\n<p>&nbsp;<\/p>\n<p><a href=\"https:\/\/www.24gliwice.pl\/wiadomosci\/wp-content\/uploads\/2022\/01\/dzielnice-gliwic-banner.jpg\"><img loading=\"lazy\" decoding=\"async\" class=\"alignnone size-full wp-image-183990\" src=\"https:\/\/www.24gliwice.pl\/wiadomosci\/wp-content\/uploads\/2022\/01\/dzielnice-gliwic-banner.jpg\" alt=\"\" width=\"881\" height=\"425\" srcset=\"https:\/\/www.24gliwice.pl\/wiadomosci\/wp-content\/uploads\/2022\/01\/dzielnice-gliwic-banner.jpg 881w, https:\/\/www.24gliwice.pl\/wiadomosci\/wp-content\/uploads\/2022\/01\/dzielnice-gliwic-banner-410x198.jpg 410w, https:\/\/www.24gliwice.pl\/wiadomosci\/wp-content\/uploads\/2022\/01\/dzielnice-gliwic-banner-810x391.jpg 810w, https:\/\/www.24gliwice.pl\/wiadomosci\/wp-content\/uploads\/2022\/01\/dzielnice-gliwic-banner-768x370.jpg 768w\" sizes=\"auto, (max-width: 881px) 100vw, 881px\" \/><\/a><\/p>\n<p>Miasto Gliwice tworzy 21 dzielnic, nazywanych tak\u017ce osiedlami. Ka\u017cda z nich ma sw\u00f3j w\u0142asny, niepowtarzalny klimat i charakter, wyr\u00f3\u017cniaj\u0105c si\u0119 uk\u0142adem urbanistycznym, architektur\u0105, zabytkami, histori\u0105, pe\u0142nionymi funkcjami. I w\u0142a\u015bnie gliwickim osiedlom, czy te\u017c: dzielnicom, po\u015bwi\u0119cony jest cykl wyk\u0142ad\u00f3w przygotowanych przez <strong>Ew\u0119 Pokorsk\u0105-O\u017c\u00f3g<\/strong>, miejsk\u0105 konserwator zabytk\u00f3w w Gliwicach i autork\u0119 bestsellerowej publikacji \u201eKolory miasta\u201d wydanej w muzealnej oficynie.<\/p>\n<h4>Podczas spotka\u0144, zatytu\u0142owanych: \u201eDzielnice Gliwic &#8211; znaki szczeg\u00f3lne\u201d przybli\u017cane s\u0105 interesuj\u0105ce szczeg\u00f3\u0142y stanowi\u0105ce o odr\u0119bno\u015bci i r\u00f3\u017cnorodno\u015bci poszczeg\u00f3lnych, gliwickich osiedli.<\/h4>\n<p>Jest to okazja, by na nowo odkrywa\u0107 miejsca, obiekty, czy detale, co pozwala spojrze\u0107 na nie z perspektywy innej ni\u017c ta, kt\u00f3r\u0105 serwuje nam zabiegana codzienno\u015b\u0107.<\/p><div class=\"gliwi-a3-w-tresci-artykulow gliwi-entity-placement\" id=\"gliwi-3953865515\"><div class=\"gliwi-adlabel\"><span style=\"font-size: 9px\">REKLAMA<\/span><\/div><div id=\"gliwi-873289600\" style=\"margin-bottom: 30px;margin-left: auto;margin-right: auto;text-align: center;\"><a data-no-instant=\"1\" href=\"https:\/\/zlobek.halogen.org.pl\/\" rel=\"noopener\" class=\"a2t-link\" target=\"_blank\" aria-label=\"animator-zlobek_750x200\"><img loading=\"lazy\" decoding=\"async\" src=\"https:\/\/www.24gliwice.pl\/wiadomosci\/wp-content\/uploads\/2026\/02\/animator-zlobek_750x200.webp\" alt=\"\"  srcset=\"https:\/\/www.24gliwice.pl\/wiadomosci\/wp-content\/uploads\/2026\/02\/animator-zlobek_750x200.webp 750w, https:\/\/www.24gliwice.pl\/wiadomosci\/wp-content\/uploads\/2026\/02\/animator-zlobek_750x200-410x109.webp 410w\" sizes=\"(max-width: 750px) 100vw, 750px\" class=\"no-lazyload\" width=\"750\" height=\"200\"  style=\"display: inline-block; max-width: 100%; height: auto;\" \/><\/a><\/div><\/div>\n<p>W najbli\u017cszy pi\u0105tek, 1 kwietnia 2022, si\u00f3dmy wyk\u0142ad w ramach cyklu udost\u0119pniony zostanie na muzealnym kanale You Tube. Jego tytu\u0142 to &#8220;Wielkanocna Ostropa&#8221;. W spos\u00f3b szczeg\u00f3lny przybli\u017cony zostanie w nim jeden z malowniczych zwyczaj\u00f3w tej dzielnicy &#8211; wielkanocna procesja konna. Odkryjemy tak\u017ce miejsce \u201eukrycia\u201d symbolicznych postaci z Apokalipsy \u015bw. Jana i podj\u0119ta zostanie pr\u00f3ba wyja\u015bnienia dlaczego w obrazie z drewnianego ko\u015bcio\u0142a zosta\u0142 umieszczony symbol czasu, wieczno\u015bci \u2013 urobors.<\/p>\n<p><a href=\"https:\/\/www.youtube.com\/channel\/UCbPBRpR19wv-IO6eqihq3QQ\" target=\"_blank\" rel=\"noopener\">Link do kana\u0142u Muzeum w serwisie Youtube.com znajduje si\u0119 tutaj.<\/a> S\u0105 tu r\u00f3wnie\u017c dost\u0119pne poprzednie cz\u0119\u015bci cyklu &#8220;Dzielnice Gliwic&#8221;.<\/p>\n<p>(\u017cms)\/MwG<br \/>\nfot. arch. 24gliwice.pl, mat. organizatora<\/p>\n<div class=\"gliwi-a5-na-koncu-artykulow gliwi-entity-placement\" id=\"gliwi-3787376284\"><div class=\"gliwi-adlabel\"><span style=\"font-size: 9px\">REKLAMA<\/span><\/div><div id=\"gliwi-4080751078\" style=\"margin-left: auto;margin-right: auto;text-align: center;\"><a data-no-instant=\"1\" href=\"https:\/\/prezeroarenagliwice.pl\/\" rel=\"noopener\" class=\"a2t-link\" target=\"_blank\" aria-label=\"20260309-PREZERO-WIOSNA-D\"><img loading=\"lazy\" decoding=\"async\" src=\"https:\/\/www.24gliwice.pl\/wiadomosci\/wp-content\/uploads\/2026\/03\/20260309-PREZERO-WIOSNA-D.webp\" alt=\"\"  srcset=\"https:\/\/www.24gliwice.pl\/wiadomosci\/wp-content\/uploads\/2026\/03\/20260309-PREZERO-WIOSNA-D.webp 750w, https:\/\/www.24gliwice.pl\/wiadomosci\/wp-content\/uploads\/2026\/03\/20260309-PREZERO-WIOSNA-D-410x109.webp 410w\" sizes=\"(max-width: 750px) 100vw, 750px\" class=\"no-lazyload\" width=\"750\" height=\"200\"  style=\"display: inline-block; max-width: 100%; height: auto;\" \/><\/a><\/div><\/div>","protected":false},"excerpt":{"rendered":"<p>W ramach cyklu \u201eDzielnice Gliwic &#8211; znaki szczeg\u00f3lne\u201d przybli\u017cona mieszka\u0144com zostanie Wielkanocna Ostropa. Wyk\u0142ad na ten temat miejskiej konserwator zabytk\u00f3w, Ewy Pokorskiej-O\u017c\u00f3g, udost\u0119pniony zostanie na platformie Youtube.com. &nbsp; Miasto Gliwice tworzy 21 dzielnic, nazywanych tak\u017ce osiedlami. Ka\u017cda z nich ma sw\u00f3j w\u0142asny, niepowtarzalny klimat i charakter, wyr\u00f3\u017cniaj\u0105c si\u0119 uk\u0142adem urbanistycznym, architektur\u0105, zabytkami, histori\u0105, pe\u0142nionymi funkcjami. [&hellip;]<\/p>\n","protected":false},"author":15,"featured_media":134119,"comment_status":"open","ping_status":"closed","sticky":false,"template":"","format":"standard","meta":{"_monsterinsights_skip_tracking":false,"_monsterinsights_sitenote_active":false,"_monsterinsights_sitenote_note":"","_monsterinsights_sitenote_category":0,"footnotes":"","_links_to":"","_links_to_target":""},"categories":[3,6,1],"tags":[14403,7684],"class_list":["post-189510","post","type-post","status-publish","format-standard","has-post-thumbnail","hentry","category-gliwice","category-kultura","category-wszystko","tag-dzielnice-gliwic","tag-ewa-pokorska-ozog"],"yoast_head":"<!-- This site is optimized with the Yoast SEO plugin v27.4 - https:\/\/yoast.com\/product\/yoast-seo-wordpress\/ -->\n<title>Wielkanocna Ostropa i procesja konna tematem wyk\u0142adu z cyklu \u201eDzielnice Gliwic - znaki szczeg\u00f3lne\u201d - 24GLIWICE - Portal Gliwice | codziennie nowe informacje<\/title>\n<meta name=\"description\" content=\"Wielkanocna Ostropa to tytu\u0142 si\u00f3dmego ju\u017c wyk\u0142adu z cyklu \u201eDzielnice Gliwic - znaki szczeg\u00f3lne\u201d. Ciekawostki zaprezentuje Ewa Pokorska-O\u017c\u00f3g\" \/>\n<meta name=\"robots\" content=\"index, follow, max-snippet:-1, max-image-preview:large, max-video-preview:-1\" \/>\n<link rel=\"canonical\" href=\"https:\/\/www.24gliwice.pl\/wiadomosci\/wielkanocna-ostropa-i-procesja-konna-tematem-wykladu-z-cyklu-dzielnice-gliwic-znaki-szczegolne\/\" \/>\n<meta property=\"og:locale\" content=\"pl_PL\" \/>\n<meta property=\"og:type\" content=\"article\" \/>\n<meta property=\"og:title\" content=\"Wielkanocna Ostropa i procesja konna tematem wyk\u0142adu z cyklu \u201eDzielnice Gliwic - znaki szczeg\u00f3lne\u201d - 24GLIWICE - Portal Gliwice | codziennie nowe informacje\" \/>\n<meta property=\"og:description\" content=\"Wielkanocna Ostropa to tytu\u0142 si\u00f3dmego ju\u017c wyk\u0142adu z cyklu \u201eDzielnice Gliwic - znaki szczeg\u00f3lne\u201d. Ciekawostki zaprezentuje Ewa Pokorska-O\u017c\u00f3g\" \/>\n<meta property=\"og:url\" content=\"https:\/\/www.24gliwice.pl\/wiadomosci\/wielkanocna-ostropa-i-procesja-konna-tematem-wykladu-z-cyklu-dzielnice-gliwic-znaki-szczegolne\/\" \/>\n<meta property=\"og:site_name\" content=\"24GLIWICE - Portal Gliwice | codziennie nowe informacje\" \/>\n<meta property=\"article:publisher\" content=\"https:\/\/www.facebook.com\/24gliwice\" \/>\n<meta property=\"article:published_time\" content=\"2022-03-31T00:11:55+00:00\" \/>\n<meta property=\"og:image\" content=\"https:\/\/www.24gliwice.pl\/wiadomosci\/wp-content\/uploads\/2019\/04\/ostropa-procesja-konna.jpg\" \/>\n\t<meta property=\"og:image:width\" content=\"810\" \/>\n\t<meta property=\"og:image:height\" content=\"456\" \/>\n\t<meta property=\"og:image:type\" content=\"image\/jpeg\" \/>\n<meta name=\"author\" content=\"\u017baneta Mrozek-Siewierska\" \/>\n<meta name=\"twitter:card\" content=\"summary_large_image\" \/>\n<meta name=\"twitter:creator\" content=\"@24gliwice\" \/>\n<meta name=\"twitter:site\" content=\"@24gliwice\" \/>\n<meta name=\"twitter:label1\" content=\"Napisane przez\" \/>\n\t<meta name=\"twitter:data1\" content=\"\u017baneta Mrozek-Siewierska\" \/>\n\t<meta name=\"twitter:label2\" content=\"Szacowany czas czytania\" \/>\n\t<meta name=\"twitter:data2\" content=\"2 minuty\" \/>\n<script type=\"application\/ld+json\" class=\"yoast-schema-graph\">{\"@context\":\"https:\\\/\\\/schema.org\",\"@graph\":[{\"@type\":\"Article\",\"@id\":\"https:\\\/\\\/www.24gliwice.pl\\\/wiadomosci\\\/wielkanocna-ostropa-i-procesja-konna-tematem-wykladu-z-cyklu-dzielnice-gliwic-znaki-szczegolne\\\/#article\",\"isPartOf\":{\"@id\":\"https:\\\/\\\/www.24gliwice.pl\\\/wiadomosci\\\/wielkanocna-ostropa-i-procesja-konna-tematem-wykladu-z-cyklu-dzielnice-gliwic-znaki-szczegolne\\\/\"},\"author\":{\"name\":\"\u017baneta Mrozek-Siewierska\",\"@id\":\"https:\\\/\\\/www.24gliwice.pl\\\/wiadomosci\\\/#\\\/schema\\\/person\\\/e42c650edd7f2fa332be3811fb166b6e\"},\"headline\":\"Wielkanocna Ostropa i procesja konna tematem wyk\u0142adu z cyklu \u201eDzielnice Gliwic &#8211; znaki szczeg\u00f3lne\u201d\",\"datePublished\":\"2022-03-31T00:11:55+00:00\",\"mainEntityOfPage\":{\"@id\":\"https:\\\/\\\/www.24gliwice.pl\\\/wiadomosci\\\/wielkanocna-ostropa-i-procesja-konna-tematem-wykladu-z-cyklu-dzielnice-gliwic-znaki-szczegolne\\\/\"},\"wordCount\":296,\"commentCount\":0,\"publisher\":{\"@id\":\"https:\\\/\\\/www.24gliwice.pl\\\/wiadomosci\\\/#organization\"},\"image\":{\"@id\":\"https:\\\/\\\/www.24gliwice.pl\\\/wiadomosci\\\/wielkanocna-ostropa-i-procesja-konna-tematem-wykladu-z-cyklu-dzielnice-gliwic-znaki-szczegolne\\\/#primaryimage\"},\"thumbnailUrl\":\"https:\\\/\\\/www.24gliwice.pl\\\/wiadomosci\\\/wp-content\\\/uploads\\\/2019\\\/04\\\/ostropa-procesja-konna.jpg\",\"keywords\":[\"dzielnice gliwic\",\"ewa pokorska o\u017c\u00f3g\"],\"articleSection\":[\"Gliwice\",\"Kultura, wydarzenia, imprezy\",\"Najnowsze wiadomo\u015bci\"],\"inLanguage\":\"pl-PL\",\"potentialAction\":[{\"@type\":\"CommentAction\",\"name\":\"Comment\",\"target\":[\"https:\\\/\\\/www.24gliwice.pl\\\/wiadomosci\\\/wielkanocna-ostropa-i-procesja-konna-tematem-wykladu-z-cyklu-dzielnice-gliwic-znaki-szczegolne\\\/#respond\"]}]},{\"@type\":\"WebPage\",\"@id\":\"https:\\\/\\\/www.24gliwice.pl\\\/wiadomosci\\\/wielkanocna-ostropa-i-procesja-konna-tematem-wykladu-z-cyklu-dzielnice-gliwic-znaki-szczegolne\\\/\",\"url\":\"https:\\\/\\\/www.24gliwice.pl\\\/wiadomosci\\\/wielkanocna-ostropa-i-procesja-konna-tematem-wykladu-z-cyklu-dzielnice-gliwic-znaki-szczegolne\\\/\",\"name\":\"Wielkanocna Ostropa i procesja konna tematem wyk\u0142adu z cyklu \u201eDzielnice Gliwic - znaki szczeg\u00f3lne\u201d - 24GLIWICE - Portal Gliwice | codziennie nowe informacje\",\"isPartOf\":{\"@id\":\"https:\\\/\\\/www.24gliwice.pl\\\/wiadomosci\\\/#website\"},\"primaryImageOfPage\":{\"@id\":\"https:\\\/\\\/www.24gliwice.pl\\\/wiadomosci\\\/wielkanocna-ostropa-i-procesja-konna-tematem-wykladu-z-cyklu-dzielnice-gliwic-znaki-szczegolne\\\/#primaryimage\"},\"image\":{\"@id\":\"https:\\\/\\\/www.24gliwice.pl\\\/wiadomosci\\\/wielkanocna-ostropa-i-procesja-konna-tematem-wykladu-z-cyklu-dzielnice-gliwic-znaki-szczegolne\\\/#primaryimage\"},\"thumbnailUrl\":\"https:\\\/\\\/www.24gliwice.pl\\\/wiadomosci\\\/wp-content\\\/uploads\\\/2019\\\/04\\\/ostropa-procesja-konna.jpg\",\"datePublished\":\"2022-03-31T00:11:55+00:00\",\"description\":\"Wielkanocna Ostropa to tytu\u0142 si\u00f3dmego ju\u017c wyk\u0142adu z cyklu \u201eDzielnice Gliwic - znaki szczeg\u00f3lne\u201d. Ciekawostki zaprezentuje Ewa Pokorska-O\u017c\u00f3g\",\"breadcrumb\":{\"@id\":\"https:\\\/\\\/www.24gliwice.pl\\\/wiadomosci\\\/wielkanocna-ostropa-i-procesja-konna-tematem-wykladu-z-cyklu-dzielnice-gliwic-znaki-szczegolne\\\/#breadcrumb\"},\"inLanguage\":\"pl-PL\",\"potentialAction\":[{\"@type\":\"ReadAction\",\"target\":[\"https:\\\/\\\/www.24gliwice.pl\\\/wiadomosci\\\/wielkanocna-ostropa-i-procesja-konna-tematem-wykladu-z-cyklu-dzielnice-gliwic-znaki-szczegolne\\\/\"]}]},{\"@type\":\"ImageObject\",\"inLanguage\":\"pl-PL\",\"@id\":\"https:\\\/\\\/www.24gliwice.pl\\\/wiadomosci\\\/wielkanocna-ostropa-i-procesja-konna-tematem-wykladu-z-cyklu-dzielnice-gliwic-znaki-szczegolne\\\/#primaryimage\",\"url\":\"https:\\\/\\\/www.24gliwice.pl\\\/wiadomosci\\\/wp-content\\\/uploads\\\/2019\\\/04\\\/ostropa-procesja-konna.jpg\",\"contentUrl\":\"https:\\\/\\\/www.24gliwice.pl\\\/wiadomosci\\\/wp-content\\\/uploads\\\/2019\\\/04\\\/ostropa-procesja-konna.jpg\",\"width\":810,\"height\":456},{\"@type\":\"BreadcrumbList\",\"@id\":\"https:\\\/\\\/www.24gliwice.pl\\\/wiadomosci\\\/wielkanocna-ostropa-i-procesja-konna-tematem-wykladu-z-cyklu-dzielnice-gliwic-znaki-szczegolne\\\/#breadcrumb\",\"itemListElement\":[{\"@type\":\"ListItem\",\"position\":1,\"name\":\"Strona g\u0142\u00f3wna\",\"item\":\"https:\\\/\\\/www.24gliwice.pl\\\/wiadomosci\\\/\"},{\"@type\":\"ListItem\",\"position\":2,\"name\":\"Wielkanocna Ostropa i procesja konna tematem wyk\u0142adu z cyklu \u201eDzielnice Gliwic &#8211; znaki szczeg\u00f3lne\u201d\"}]},{\"@type\":\"WebSite\",\"@id\":\"https:\\\/\\\/www.24gliwice.pl\\\/wiadomosci\\\/#website\",\"url\":\"https:\\\/\\\/www.24gliwice.pl\\\/wiadomosci\\\/\",\"name\":\"24GLIWICE - Portal Gliwice | codziennie nowe wiadomo\u015bci\",\"description\":\"Portal Miejski Gliwice\",\"publisher\":{\"@id\":\"https:\\\/\\\/www.24gliwice.pl\\\/wiadomosci\\\/#organization\"},\"potentialAction\":[{\"@type\":\"SearchAction\",\"target\":{\"@type\":\"EntryPoint\",\"urlTemplate\":\"https:\\\/\\\/www.24gliwice.pl\\\/wiadomosci\\\/?s={search_term_string}\"},\"query-input\":{\"@type\":\"PropertyValueSpecification\",\"valueRequired\":true,\"valueName\":\"search_term_string\"}}],\"inLanguage\":\"pl-PL\"},{\"@type\":\"Organization\",\"@id\":\"https:\\\/\\\/www.24gliwice.pl\\\/wiadomosci\\\/#organization\",\"name\":\"24gliwice\",\"url\":\"https:\\\/\\\/www.24gliwice.pl\\\/wiadomosci\\\/\",\"logo\":{\"@type\":\"ImageObject\",\"inLanguage\":\"pl-PL\",\"@id\":\"https:\\\/\\\/www.24gliwice.pl\\\/wiadomosci\\\/#\\\/schema\\\/logo\\\/image\\\/\",\"url\":\"https:\\\/\\\/www.24gliwice.pl\\\/wiadomosci\\\/wp-content\\\/uploads\\\/2024\\\/10\\\/24gliwice-logo-696.jpg\",\"contentUrl\":\"https:\\\/\\\/www.24gliwice.pl\\\/wiadomosci\\\/wp-content\\\/uploads\\\/2024\\\/10\\\/24gliwice-logo-696.jpg\",\"width\":696,\"height\":696,\"caption\":\"24gliwice\"},\"image\":{\"@id\":\"https:\\\/\\\/www.24gliwice.pl\\\/wiadomosci\\\/#\\\/schema\\\/logo\\\/image\\\/\"},\"sameAs\":[\"https:\\\/\\\/www.facebook.com\\\/24gliwice\",\"https:\\\/\\\/x.com\\\/24gliwice\",\"https:\\\/\\\/www.youtube.com\\\/@24gliwice\"]},{\"@type\":\"Person\",\"@id\":\"https:\\\/\\\/www.24gliwice.pl\\\/wiadomosci\\\/#\\\/schema\\\/person\\\/e42c650edd7f2fa332be3811fb166b6e\",\"name\":\"\u017baneta Mrozek-Siewierska\",\"image\":{\"@type\":\"ImageObject\",\"inLanguage\":\"pl-PL\",\"@id\":\"https:\\\/\\\/www.24gliwice.pl\\\/wiadomosci\\\/wp-content\\\/uploads\\\/2021\\\/11\\\/Zaneta-M_S-zdjecie-czb-96x96.jpg\",\"url\":\"https:\\\/\\\/www.24gliwice.pl\\\/wiadomosci\\\/wp-content\\\/uploads\\\/2021\\\/11\\\/Zaneta-M_S-zdjecie-czb-96x96.jpg\",\"contentUrl\":\"https:\\\/\\\/www.24gliwice.pl\\\/wiadomosci\\\/wp-content\\\/uploads\\\/2021\\\/11\\\/Zaneta-M_S-zdjecie-czb-96x96.jpg\",\"caption\":\"\u017baneta Mrozek-Siewierska\"},\"url\":\"https:\\\/\\\/www.24gliwice.pl\\\/wiadomosci\\\/author\\\/zms\\\/\"}]}<\/script>\n<!-- \/ Yoast SEO plugin. -->","yoast_head_json":{"title":"Wielkanocna Ostropa i procesja konna tematem wyk\u0142adu z cyklu \u201eDzielnice Gliwic - znaki szczeg\u00f3lne\u201d - 24GLIWICE - Portal Gliwice | codziennie nowe informacje","description":"Wielkanocna Ostropa to tytu\u0142 si\u00f3dmego ju\u017c wyk\u0142adu z cyklu \u201eDzielnice Gliwic - znaki szczeg\u00f3lne\u201d. Ciekawostki zaprezentuje Ewa Pokorska-O\u017c\u00f3g","robots":{"index":"index","follow":"follow","max-snippet":"max-snippet:-1","max-image-preview":"max-image-preview:large","max-video-preview":"max-video-preview:-1"},"canonical":"https:\/\/www.24gliwice.pl\/wiadomosci\/wielkanocna-ostropa-i-procesja-konna-tematem-wykladu-z-cyklu-dzielnice-gliwic-znaki-szczegolne\/","og_locale":"pl_PL","og_type":"article","og_title":"Wielkanocna Ostropa i procesja konna tematem wyk\u0142adu z cyklu \u201eDzielnice Gliwic - znaki szczeg\u00f3lne\u201d - 24GLIWICE - Portal Gliwice | codziennie nowe informacje","og_description":"Wielkanocna Ostropa to tytu\u0142 si\u00f3dmego ju\u017c wyk\u0142adu z cyklu \u201eDzielnice Gliwic - znaki szczeg\u00f3lne\u201d. Ciekawostki zaprezentuje Ewa Pokorska-O\u017c\u00f3g","og_url":"https:\/\/www.24gliwice.pl\/wiadomosci\/wielkanocna-ostropa-i-procesja-konna-tematem-wykladu-z-cyklu-dzielnice-gliwic-znaki-szczegolne\/","og_site_name":"24GLIWICE - Portal Gliwice | codziennie nowe informacje","article_publisher":"https:\/\/www.facebook.com\/24gliwice","article_published_time":"2022-03-31T00:11:55+00:00","og_image":[{"width":810,"height":456,"url":"https:\/\/www.24gliwice.pl\/wiadomosci\/wp-content\/uploads\/2019\/04\/ostropa-procesja-konna.jpg","type":"image\/jpeg"}],"author":"\u017baneta Mrozek-Siewierska","twitter_card":"summary_large_image","twitter_creator":"@24gliwice","twitter_site":"@24gliwice","twitter_misc":{"Napisane przez":"\u017baneta Mrozek-Siewierska","Szacowany czas czytania":"2 minuty"},"schema":{"@context":"https:\/\/schema.org","@graph":[{"@type":"Article","@id":"https:\/\/www.24gliwice.pl\/wiadomosci\/wielkanocna-ostropa-i-procesja-konna-tematem-wykladu-z-cyklu-dzielnice-gliwic-znaki-szczegolne\/#article","isPartOf":{"@id":"https:\/\/www.24gliwice.pl\/wiadomosci\/wielkanocna-ostropa-i-procesja-konna-tematem-wykladu-z-cyklu-dzielnice-gliwic-znaki-szczegolne\/"},"author":{"name":"\u017baneta Mrozek-Siewierska","@id":"https:\/\/www.24gliwice.pl\/wiadomosci\/#\/schema\/person\/e42c650edd7f2fa332be3811fb166b6e"},"headline":"Wielkanocna Ostropa i procesja konna tematem wyk\u0142adu z cyklu \u201eDzielnice Gliwic &#8211; znaki szczeg\u00f3lne\u201d","datePublished":"2022-03-31T00:11:55+00:00","mainEntityOfPage":{"@id":"https:\/\/www.24gliwice.pl\/wiadomosci\/wielkanocna-ostropa-i-procesja-konna-tematem-wykladu-z-cyklu-dzielnice-gliwic-znaki-szczegolne\/"},"wordCount":296,"commentCount":0,"publisher":{"@id":"https:\/\/www.24gliwice.pl\/wiadomosci\/#organization"},"image":{"@id":"https:\/\/www.24gliwice.pl\/wiadomosci\/wielkanocna-ostropa-i-procesja-konna-tematem-wykladu-z-cyklu-dzielnice-gliwic-znaki-szczegolne\/#primaryimage"},"thumbnailUrl":"https:\/\/www.24gliwice.pl\/wiadomosci\/wp-content\/uploads\/2019\/04\/ostropa-procesja-konna.jpg","keywords":["dzielnice gliwic","ewa pokorska o\u017c\u00f3g"],"articleSection":["Gliwice","Kultura, wydarzenia, imprezy","Najnowsze wiadomo\u015bci"],"inLanguage":"pl-PL","potentialAction":[{"@type":"CommentAction","name":"Comment","target":["https:\/\/www.24gliwice.pl\/wiadomosci\/wielkanocna-ostropa-i-procesja-konna-tematem-wykladu-z-cyklu-dzielnice-gliwic-znaki-szczegolne\/#respond"]}]},{"@type":"WebPage","@id":"https:\/\/www.24gliwice.pl\/wiadomosci\/wielkanocna-ostropa-i-procesja-konna-tematem-wykladu-z-cyklu-dzielnice-gliwic-znaki-szczegolne\/","url":"https:\/\/www.24gliwice.pl\/wiadomosci\/wielkanocna-ostropa-i-procesja-konna-tematem-wykladu-z-cyklu-dzielnice-gliwic-znaki-szczegolne\/","name":"Wielkanocna Ostropa i procesja konna tematem wyk\u0142adu z cyklu \u201eDzielnice Gliwic - znaki szczeg\u00f3lne\u201d - 24GLIWICE - Portal Gliwice | codziennie nowe informacje","isPartOf":{"@id":"https:\/\/www.24gliwice.pl\/wiadomosci\/#website"},"primaryImageOfPage":{"@id":"https:\/\/www.24gliwice.pl\/wiadomosci\/wielkanocna-ostropa-i-procesja-konna-tematem-wykladu-z-cyklu-dzielnice-gliwic-znaki-szczegolne\/#primaryimage"},"image":{"@id":"https:\/\/www.24gliwice.pl\/wiadomosci\/wielkanocna-ostropa-i-procesja-konna-tematem-wykladu-z-cyklu-dzielnice-gliwic-znaki-szczegolne\/#primaryimage"},"thumbnailUrl":"https:\/\/www.24gliwice.pl\/wiadomosci\/wp-content\/uploads\/2019\/04\/ostropa-procesja-konna.jpg","datePublished":"2022-03-31T00:11:55+00:00","description":"Wielkanocna Ostropa to tytu\u0142 si\u00f3dmego ju\u017c wyk\u0142adu z cyklu \u201eDzielnice Gliwic - znaki szczeg\u00f3lne\u201d. Ciekawostki zaprezentuje Ewa Pokorska-O\u017c\u00f3g","breadcrumb":{"@id":"https:\/\/www.24gliwice.pl\/wiadomosci\/wielkanocna-ostropa-i-procesja-konna-tematem-wykladu-z-cyklu-dzielnice-gliwic-znaki-szczegolne\/#breadcrumb"},"inLanguage":"pl-PL","potentialAction":[{"@type":"ReadAction","target":["https:\/\/www.24gliwice.pl\/wiadomosci\/wielkanocna-ostropa-i-procesja-konna-tematem-wykladu-z-cyklu-dzielnice-gliwic-znaki-szczegolne\/"]}]},{"@type":"ImageObject","inLanguage":"pl-PL","@id":"https:\/\/www.24gliwice.pl\/wiadomosci\/wielkanocna-ostropa-i-procesja-konna-tematem-wykladu-z-cyklu-dzielnice-gliwic-znaki-szczegolne\/#primaryimage","url":"https:\/\/www.24gliwice.pl\/wiadomosci\/wp-content\/uploads\/2019\/04\/ostropa-procesja-konna.jpg","contentUrl":"https:\/\/www.24gliwice.pl\/wiadomosci\/wp-content\/uploads\/2019\/04\/ostropa-procesja-konna.jpg","width":810,"height":456},{"@type":"BreadcrumbList","@id":"https:\/\/www.24gliwice.pl\/wiadomosci\/wielkanocna-ostropa-i-procesja-konna-tematem-wykladu-z-cyklu-dzielnice-gliwic-znaki-szczegolne\/#breadcrumb","itemListElement":[{"@type":"ListItem","position":1,"name":"Strona g\u0142\u00f3wna","item":"https:\/\/www.24gliwice.pl\/wiadomosci\/"},{"@type":"ListItem","position":2,"name":"Wielkanocna Ostropa i procesja konna tematem wyk\u0142adu z cyklu \u201eDzielnice Gliwic &#8211; znaki szczeg\u00f3lne\u201d"}]},{"@type":"WebSite","@id":"https:\/\/www.24gliwice.pl\/wiadomosci\/#website","url":"https:\/\/www.24gliwice.pl\/wiadomosci\/","name":"24GLIWICE - Portal Gliwice | codziennie nowe wiadomo\u015bci","description":"Portal Miejski Gliwice","publisher":{"@id":"https:\/\/www.24gliwice.pl\/wiadomosci\/#organization"},"potentialAction":[{"@type":"SearchAction","target":{"@type":"EntryPoint","urlTemplate":"https:\/\/www.24gliwice.pl\/wiadomosci\/?s={search_term_string}"},"query-input":{"@type":"PropertyValueSpecification","valueRequired":true,"valueName":"search_term_string"}}],"inLanguage":"pl-PL"},{"@type":"Organization","@id":"https:\/\/www.24gliwice.pl\/wiadomosci\/#organization","name":"24gliwice","url":"https:\/\/www.24gliwice.pl\/wiadomosci\/","logo":{"@type":"ImageObject","inLanguage":"pl-PL","@id":"https:\/\/www.24gliwice.pl\/wiadomosci\/#\/schema\/logo\/image\/","url":"https:\/\/www.24gliwice.pl\/wiadomosci\/wp-content\/uploads\/2024\/10\/24gliwice-logo-696.jpg","contentUrl":"https:\/\/www.24gliwice.pl\/wiadomosci\/wp-content\/uploads\/2024\/10\/24gliwice-logo-696.jpg","width":696,"height":696,"caption":"24gliwice"},"image":{"@id":"https:\/\/www.24gliwice.pl\/wiadomosci\/#\/schema\/logo\/image\/"},"sameAs":["https:\/\/www.facebook.com\/24gliwice","https:\/\/x.com\/24gliwice","https:\/\/www.youtube.com\/@24gliwice"]},{"@type":"Person","@id":"https:\/\/www.24gliwice.pl\/wiadomosci\/#\/schema\/person\/e42c650edd7f2fa332be3811fb166b6e","name":"\u017baneta Mrozek-Siewierska","image":{"@type":"ImageObject","inLanguage":"pl-PL","@id":"https:\/\/www.24gliwice.pl\/wiadomosci\/wp-content\/uploads\/2021\/11\/Zaneta-M_S-zdjecie-czb-96x96.jpg","url":"https:\/\/www.24gliwice.pl\/wiadomosci\/wp-content\/uploads\/2021\/11\/Zaneta-M_S-zdjecie-czb-96x96.jpg","contentUrl":"https:\/\/www.24gliwice.pl\/wiadomosci\/wp-content\/uploads\/2021\/11\/Zaneta-M_S-zdjecie-czb-96x96.jpg","caption":"\u017baneta Mrozek-Siewierska"},"url":"https:\/\/www.24gliwice.pl\/wiadomosci\/author\/zms\/"}]}},"_links":{"self":[{"href":"https:\/\/www.24gliwice.pl\/wiadomosci\/wp-json\/wp\/v2\/posts\/189510","targetHints":{"allow":["GET"]}}],"collection":[{"href":"https:\/\/www.24gliwice.pl\/wiadomosci\/wp-json\/wp\/v2\/posts"}],"about":[{"href":"https:\/\/www.24gliwice.pl\/wiadomosci\/wp-json\/wp\/v2\/types\/post"}],"author":[{"embeddable":true,"href":"https:\/\/www.24gliwice.pl\/wiadomosci\/wp-json\/wp\/v2\/users\/15"}],"replies":[{"embeddable":true,"href":"https:\/\/www.24gliwice.pl\/wiadomosci\/wp-json\/wp\/v2\/comments?post=189510"}],"version-history":[{"count":9,"href":"https:\/\/www.24gliwice.pl\/wiadomosci\/wp-json\/wp\/v2\/posts\/189510\/revisions"}],"predecessor-version":[{"id":189648,"href":"https:\/\/www.24gliwice.pl\/wiadomosci\/wp-json\/wp\/v2\/posts\/189510\/revisions\/189648"}],"wp:featuredmedia":[{"embeddable":true,"href":"https:\/\/www.24gliwice.pl\/wiadomosci\/wp-json\/wp\/v2\/media\/134119"}],"wp:attachment":[{"href":"https:\/\/www.24gliwice.pl\/wiadomosci\/wp-json\/wp\/v2\/media?parent=189510"}],"wp:term":[{"taxonomy":"category","embeddable":true,"href":"https:\/\/www.24gliwice.pl\/wiadomosci\/wp-json\/wp\/v2\/categories?post=189510"},{"taxonomy":"post_tag","embeddable":true,"href":"https:\/\/www.24gliwice.pl\/wiadomosci\/wp-json\/wp\/v2\/tags?post=189510"}],"curies":[{"name":"wp","href":"https:\/\/api.w.org\/{rel}","templated":true}]}}