{"id":189519,"date":"2022-03-29T16:59:40","date_gmt":"2022-03-29T14:59:40","guid":{"rendered":"https:\/\/www.24gliwice.pl\/wiadomosci\/?p=189519"},"modified":"2022-03-29T16:59:40","modified_gmt":"2022-03-29T14:59:40","slug":"martin-garcia-garcia-zagra-w-ramach-wiosny-z-fryderykiem-koncert-wsrod-zieleni-w-palmiarni-miejskiej","status":"publish","type":"post","link":"https:\/\/www.24gliwice.pl\/wiadomosci\/martin-garcia-garcia-zagra-w-ramach-wiosny-z-fryderykiem-koncert-wsrod-zieleni-w-palmiarni-miejskiej\/","title":{"rendered":"Martin Garcia Garcia zagra w ramach Wiosny z Fryderykiem. Koncert w\u015br\u00f3d zieleni w Palmiarni Miejskiej"},"content":{"rendered":"<div class=\"gliwi-a6-nad-leadem-artykulow gliwi-entity-placement\" id=\"gliwi-3875286171\"><div class=\"gliwi-adlabel\"><span style=\"font-size: 9px\">REKLAMA<\/span><\/div><div id=\"gliwi-4066754922\" style=\"margin-bottom: 25px;margin-left: auto;margin-right: auto;text-align: center;\"><a data-no-instant=\"1\" href=\"https:\/\/dom100.eu\/\" rel=\"noopener\" class=\"a2t-link\" target=\"_blank\" aria-label=\"20260415 DOM100 D\"><img loading=\"lazy\" decoding=\"async\" src=\"https:\/\/www.24gliwice.pl\/wiadomosci\/wp-content\/uploads\/2026\/04\/20260415-DOM100-D.jpg\" alt=\"\"  srcset=\"https:\/\/www.24gliwice.pl\/wiadomosci\/wp-content\/uploads\/2026\/04\/20260415-DOM100-D.jpg 750w, https:\/\/www.24gliwice.pl\/wiadomosci\/wp-content\/uploads\/2026\/04\/20260415-DOM100-D-410x109.jpg 410w\" sizes=\"(max-width: 750px) 100vw, 750px\" class=\"no-lazyload\" width=\"750\" height=\"200\"  style=\"display: inline-block; max-width: 100%; height: auto;\" \/><\/a><\/div><\/div><h2>Podczas kolejnego recitalu w ramach festiwalu Wiosna z Fryderykiem na fortepianie zagra Martin Garcia Garcia, laureat III nagrody XVIII Mi\u0119dzynarodowego Konkursu Chopinowskiego w Warszawie. W programie jego wyst\u0119pu s\u0105 mi\u0119dzy innymi preludia Fryderyka Chopina i Johanna Sebastiana Bacha.<\/h2>\n<p>&nbsp;<\/p>\n<p><a href=\"https:\/\/www.24gliwice.pl\/wiadomosci\/wp-content\/uploads\/2022\/03\/martin-garcia-garcia.jpg\"><img loading=\"lazy\" decoding=\"async\" class=\"alignnone size-full wp-image-189522\" src=\"https:\/\/www.24gliwice.pl\/wiadomosci\/wp-content\/uploads\/2022\/03\/martin-garcia-garcia.jpg\" alt=\"\" width=\"810\" height=\"456\" srcset=\"https:\/\/www.24gliwice.pl\/wiadomosci\/wp-content\/uploads\/2022\/03\/martin-garcia-garcia.jpg 810w, https:\/\/www.24gliwice.pl\/wiadomosci\/wp-content\/uploads\/2022\/03\/martin-garcia-garcia-410x232.jpg 410w, https:\/\/www.24gliwice.pl\/wiadomosci\/wp-content\/uploads\/2022\/03\/martin-garcia-garcia-808x455.jpg 808w, https:\/\/www.24gliwice.pl\/wiadomosci\/wp-content\/uploads\/2022\/03\/martin-garcia-garcia-768x432.jpg 768w\" sizes=\"auto, (max-width: 810px) 100vw, 810px\" \/><\/a><\/p>\n<p><strong>Martin Garcia Garcia <\/strong>da\u0142 si\u0119 pozna\u0107 konkursowej publiczno\u015bci jako bardzo pomys\u0142owy i energiczny interpretator muzyki Chopina. Charyzmatyczny muzyk opr\u00f3cz III nagrody otrzyma\u0142 tak\u017ce nagrod\u0119 za najlepsze wykonanie koncertu z orkiestr\u0105. W recitalu \u201ePreludium \u2013 na pocz\u0105tku by\u0142 Bach\u201d Garcia Garcia si\u0119gnie po skomponowane z wielk\u0105 precyzj\u0105, polifoniczne Preludia Bacha i wirtuozowski Grosses Konzertsolo Ferenca Liszta.<\/p>\n<h4>Nie zabraknie tak\u017ce muzyki Fryderyka Chopina \u2013 obok 3 Preludi\u00f3w zabrzmi III Sonata fortepianowa h-moll op. 58.<\/h4>\n<p>Koncert Martina Garcii Garcii rozpocznie si\u0119 3 kwietnia o godzinie 19:30 w Palmiarni (park Chopina, ul. Fredry 6). Organizatorem festiwalu Wiosna z Fryderykiem jest Centrum Kultury Victoria.<\/p><div class=\"gliwi-a3-w-tresci-artykulow gliwi-entity-placement\" id=\"gliwi-53809187\"><div class=\"gliwi-adlabel\"><span style=\"font-size: 9px\">REKLAMA<\/span><\/div><div id=\"gliwi-275478449\" style=\"margin-bottom: 30px;margin-left: auto;margin-right: auto;text-align: center;\"><a data-no-instant=\"1\" href=\"https:\/\/zlobek.halogen.org.pl\/\" rel=\"noopener\" class=\"a2t-link\" target=\"_blank\" aria-label=\"animator-zlobek_750x200\"><img loading=\"lazy\" decoding=\"async\" src=\"https:\/\/www.24gliwice.pl\/wiadomosci\/wp-content\/uploads\/2026\/02\/animator-zlobek_750x200.webp\" alt=\"\"  srcset=\"https:\/\/www.24gliwice.pl\/wiadomosci\/wp-content\/uploads\/2026\/02\/animator-zlobek_750x200.webp 750w, https:\/\/www.24gliwice.pl\/wiadomosci\/wp-content\/uploads\/2026\/02\/animator-zlobek_750x200-410x109.webp 410w\" sizes=\"(max-width: 750px) 100vw, 750px\" class=\"no-lazyload\" width=\"750\" height=\"200\"  style=\"display: inline-block; max-width: 100%; height: auto;\" \/><\/a><\/div><\/div>\n<p>(\u017cms)\/UM Gliwice<br \/>\nfot. MZUK Gliwice, mat. organizatora<\/p>\n<div class=\"gliwi-a5-na-koncu-artykulow gliwi-entity-placement\" id=\"gliwi-705362268\"><div class=\"gliwi-adlabel\"><span style=\"font-size: 9px\">REKLAMA<\/span><\/div><div id=\"gliwi-2919505368\" style=\"margin-left: auto;margin-right: auto;text-align: center;\"><a data-no-instant=\"1\" href=\"https:\/\/prezeroarenagliwice.pl\/\" rel=\"noopener\" class=\"a2t-link\" target=\"_blank\" aria-label=\"20260309-PREZERO-WIOSNA-D\"><img loading=\"lazy\" decoding=\"async\" src=\"https:\/\/www.24gliwice.pl\/wiadomosci\/wp-content\/uploads\/2026\/03\/20260309-PREZERO-WIOSNA-D.webp\" alt=\"\"  srcset=\"https:\/\/www.24gliwice.pl\/wiadomosci\/wp-content\/uploads\/2026\/03\/20260309-PREZERO-WIOSNA-D.webp 750w, https:\/\/www.24gliwice.pl\/wiadomosci\/wp-content\/uploads\/2026\/03\/20260309-PREZERO-WIOSNA-D-410x109.webp 410w\" sizes=\"(max-width: 750px) 100vw, 750px\" class=\"no-lazyload\" width=\"750\" height=\"200\"  style=\"display: inline-block; max-width: 100%; height: auto;\" \/><\/a><\/div><\/div>","protected":false},"excerpt":{"rendered":"<p>Podczas kolejnego recitalu w ramach festiwalu Wiosna z Fryderykiem na fortepianie zagra Martin Garcia Garcia, laureat III nagrody XVIII Mi\u0119dzynarodowego Konkursu Chopinowskiego w Warszawie. W programie jego wyst\u0119pu s\u0105 mi\u0119dzy innymi preludia Fryderyka Chopina i Johanna Sebastiana Bacha. &nbsp; Martin Garcia Garcia da\u0142 si\u0119 pozna\u0107 konkursowej publiczno\u015bci jako bardzo pomys\u0142owy i energiczny interpretator muzyki Chopina. [&hellip;]<\/p>\n","protected":false},"author":15,"featured_media":189521,"comment_status":"open","ping_status":"closed","sticky":false,"template":"","format":"standard","meta":{"_monsterinsights_skip_tracking":false,"_monsterinsights_sitenote_active":false,"_monsterinsights_sitenote_note":"","_monsterinsights_sitenote_category":0,"footnotes":"","_links_to":"","_links_to_target":""},"categories":[3,6,1],"tags":[11546],"class_list":["post-189519","post","type-post","status-publish","format-standard","has-post-thumbnail","hentry","category-gliwice","category-kultura","category-wszystko","tag-wiosna-z-fryderykiem"],"yoast_head":"<!-- This site is optimized with the Yoast SEO plugin v27.4 - https:\/\/yoast.com\/product\/yoast-seo-wordpress\/ -->\n<title>Martin Garcia Garcia zagra w ramach Wiosny z Fryderykiem. Koncert w\u015br\u00f3d zieleni w Palmiarni Miejskiej - 24GLIWICE - Portal Gliwice | codziennie nowe informacje<\/title>\n<meta name=\"description\" content=\"Martin Garcia Garcia wyst\u0105pi w niedziel\u0119, 3 kwietnia w Palmiarni Miejskiej z koncertem z cyklu Wiosna z Fryderykiem\" \/>\n<meta name=\"robots\" content=\"index, follow, max-snippet:-1, max-image-preview:large, max-video-preview:-1\" \/>\n<link rel=\"canonical\" href=\"https:\/\/www.24gliwice.pl\/wiadomosci\/martin-garcia-garcia-zagra-w-ramach-wiosny-z-fryderykiem-koncert-wsrod-zieleni-w-palmiarni-miejskiej\/\" \/>\n<meta property=\"og:locale\" content=\"pl_PL\" \/>\n<meta property=\"og:type\" content=\"article\" \/>\n<meta property=\"og:title\" content=\"Martin Garcia Garcia zagra w ramach Wiosny z Fryderykiem. Koncert w\u015br\u00f3d zieleni w Palmiarni Miejskiej - 24GLIWICE - Portal Gliwice | codziennie nowe informacje\" \/>\n<meta property=\"og:description\" content=\"Martin Garcia Garcia wyst\u0105pi w niedziel\u0119, 3 kwietnia w Palmiarni Miejskiej z koncertem z cyklu Wiosna z Fryderykiem\" \/>\n<meta property=\"og:url\" content=\"https:\/\/www.24gliwice.pl\/wiadomosci\/martin-garcia-garcia-zagra-w-ramach-wiosny-z-fryderykiem-koncert-wsrod-zieleni-w-palmiarni-miejskiej\/\" \/>\n<meta property=\"og:site_name\" content=\"24GLIWICE - Portal Gliwice | codziennie nowe informacje\" \/>\n<meta property=\"article:publisher\" content=\"https:\/\/www.facebook.com\/24gliwice\" \/>\n<meta property=\"article:published_time\" content=\"2022-03-29T14:59:40+00:00\" \/>\n<meta property=\"og:image\" content=\"https:\/\/www.24gliwice.pl\/wiadomosci\/wp-content\/uploads\/2022\/03\/wiosna-z-fryderykiem-fortepian-palmiarnia.jpg\" \/>\n\t<meta property=\"og:image:width\" content=\"810\" \/>\n\t<meta property=\"og:image:height\" content=\"457\" \/>\n\t<meta property=\"og:image:type\" content=\"image\/jpeg\" \/>\n<meta name=\"author\" content=\"\u017baneta Mrozek-Siewierska\" \/>\n<meta name=\"twitter:card\" content=\"summary_large_image\" \/>\n<meta name=\"twitter:creator\" content=\"@24gliwice\" \/>\n<meta name=\"twitter:site\" content=\"@24gliwice\" \/>\n<meta name=\"twitter:label1\" content=\"Napisane przez\" \/>\n\t<meta name=\"twitter:data1\" content=\"\u017baneta Mrozek-Siewierska\" \/>\n\t<meta name=\"twitter:label2\" content=\"Szacowany czas czytania\" \/>\n\t<meta name=\"twitter:data2\" content=\"1 minuta\" \/>\n<script type=\"application\/ld+json\" class=\"yoast-schema-graph\">{\"@context\":\"https:\\\/\\\/schema.org\",\"@graph\":[{\"@type\":\"Article\",\"@id\":\"https:\\\/\\\/www.24gliwice.pl\\\/wiadomosci\\\/martin-garcia-garcia-zagra-w-ramach-wiosny-z-fryderykiem-koncert-wsrod-zieleni-w-palmiarni-miejskiej\\\/#article\",\"isPartOf\":{\"@id\":\"https:\\\/\\\/www.24gliwice.pl\\\/wiadomosci\\\/martin-garcia-garcia-zagra-w-ramach-wiosny-z-fryderykiem-koncert-wsrod-zieleni-w-palmiarni-miejskiej\\\/\"},\"author\":{\"name\":\"\u017baneta Mrozek-Siewierska\",\"@id\":\"https:\\\/\\\/www.24gliwice.pl\\\/wiadomosci\\\/#\\\/schema\\\/person\\\/e42c650edd7f2fa332be3811fb166b6e\"},\"headline\":\"Martin Garcia Garcia zagra w ramach Wiosny z Fryderykiem. Koncert w\u015br\u00f3d zieleni w Palmiarni Miejskiej\",\"datePublished\":\"2022-03-29T14:59:40+00:00\",\"mainEntityOfPage\":{\"@id\":\"https:\\\/\\\/www.24gliwice.pl\\\/wiadomosci\\\/martin-garcia-garcia-zagra-w-ramach-wiosny-z-fryderykiem-koncert-wsrod-zieleni-w-palmiarni-miejskiej\\\/\"},\"wordCount\":167,\"commentCount\":0,\"publisher\":{\"@id\":\"https:\\\/\\\/www.24gliwice.pl\\\/wiadomosci\\\/#organization\"},\"image\":{\"@id\":\"https:\\\/\\\/www.24gliwice.pl\\\/wiadomosci\\\/martin-garcia-garcia-zagra-w-ramach-wiosny-z-fryderykiem-koncert-wsrod-zieleni-w-palmiarni-miejskiej\\\/#primaryimage\"},\"thumbnailUrl\":\"https:\\\/\\\/www.24gliwice.pl\\\/wiadomosci\\\/wp-content\\\/uploads\\\/2022\\\/03\\\/wiosna-z-fryderykiem-fortepian-palmiarnia.jpg\",\"keywords\":[\"wiosna z Fryderykiem\"],\"articleSection\":[\"Gliwice\",\"Kultura, wydarzenia, imprezy\",\"Najnowsze wiadomo\u015bci\"],\"inLanguage\":\"pl-PL\",\"potentialAction\":[{\"@type\":\"CommentAction\",\"name\":\"Comment\",\"target\":[\"https:\\\/\\\/www.24gliwice.pl\\\/wiadomosci\\\/martin-garcia-garcia-zagra-w-ramach-wiosny-z-fryderykiem-koncert-wsrod-zieleni-w-palmiarni-miejskiej\\\/#respond\"]}]},{\"@type\":\"WebPage\",\"@id\":\"https:\\\/\\\/www.24gliwice.pl\\\/wiadomosci\\\/martin-garcia-garcia-zagra-w-ramach-wiosny-z-fryderykiem-koncert-wsrod-zieleni-w-palmiarni-miejskiej\\\/\",\"url\":\"https:\\\/\\\/www.24gliwice.pl\\\/wiadomosci\\\/martin-garcia-garcia-zagra-w-ramach-wiosny-z-fryderykiem-koncert-wsrod-zieleni-w-palmiarni-miejskiej\\\/\",\"name\":\"Martin Garcia Garcia zagra w ramach Wiosny z Fryderykiem. Koncert w\u015br\u00f3d zieleni w Palmiarni Miejskiej - 24GLIWICE - Portal Gliwice | codziennie nowe informacje\",\"isPartOf\":{\"@id\":\"https:\\\/\\\/www.24gliwice.pl\\\/wiadomosci\\\/#website\"},\"primaryImageOfPage\":{\"@id\":\"https:\\\/\\\/www.24gliwice.pl\\\/wiadomosci\\\/martin-garcia-garcia-zagra-w-ramach-wiosny-z-fryderykiem-koncert-wsrod-zieleni-w-palmiarni-miejskiej\\\/#primaryimage\"},\"image\":{\"@id\":\"https:\\\/\\\/www.24gliwice.pl\\\/wiadomosci\\\/martin-garcia-garcia-zagra-w-ramach-wiosny-z-fryderykiem-koncert-wsrod-zieleni-w-palmiarni-miejskiej\\\/#primaryimage\"},\"thumbnailUrl\":\"https:\\\/\\\/www.24gliwice.pl\\\/wiadomosci\\\/wp-content\\\/uploads\\\/2022\\\/03\\\/wiosna-z-fryderykiem-fortepian-palmiarnia.jpg\",\"datePublished\":\"2022-03-29T14:59:40+00:00\",\"description\":\"Martin Garcia Garcia wyst\u0105pi w niedziel\u0119, 3 kwietnia w Palmiarni Miejskiej z koncertem z cyklu Wiosna z Fryderykiem\",\"breadcrumb\":{\"@id\":\"https:\\\/\\\/www.24gliwice.pl\\\/wiadomosci\\\/martin-garcia-garcia-zagra-w-ramach-wiosny-z-fryderykiem-koncert-wsrod-zieleni-w-palmiarni-miejskiej\\\/#breadcrumb\"},\"inLanguage\":\"pl-PL\",\"potentialAction\":[{\"@type\":\"ReadAction\",\"target\":[\"https:\\\/\\\/www.24gliwice.pl\\\/wiadomosci\\\/martin-garcia-garcia-zagra-w-ramach-wiosny-z-fryderykiem-koncert-wsrod-zieleni-w-palmiarni-miejskiej\\\/\"]}]},{\"@type\":\"ImageObject\",\"inLanguage\":\"pl-PL\",\"@id\":\"https:\\\/\\\/www.24gliwice.pl\\\/wiadomosci\\\/martin-garcia-garcia-zagra-w-ramach-wiosny-z-fryderykiem-koncert-wsrod-zieleni-w-palmiarni-miejskiej\\\/#primaryimage\",\"url\":\"https:\\\/\\\/www.24gliwice.pl\\\/wiadomosci\\\/wp-content\\\/uploads\\\/2022\\\/03\\\/wiosna-z-fryderykiem-fortepian-palmiarnia.jpg\",\"contentUrl\":\"https:\\\/\\\/www.24gliwice.pl\\\/wiadomosci\\\/wp-content\\\/uploads\\\/2022\\\/03\\\/wiosna-z-fryderykiem-fortepian-palmiarnia.jpg\",\"width\":810,\"height\":457},{\"@type\":\"BreadcrumbList\",\"@id\":\"https:\\\/\\\/www.24gliwice.pl\\\/wiadomosci\\\/martin-garcia-garcia-zagra-w-ramach-wiosny-z-fryderykiem-koncert-wsrod-zieleni-w-palmiarni-miejskiej\\\/#breadcrumb\",\"itemListElement\":[{\"@type\":\"ListItem\",\"position\":1,\"name\":\"Strona g\u0142\u00f3wna\",\"item\":\"https:\\\/\\\/www.24gliwice.pl\\\/wiadomosci\\\/\"},{\"@type\":\"ListItem\",\"position\":2,\"name\":\"Martin Garcia Garcia zagra w ramach Wiosny z Fryderykiem. Koncert w\u015br\u00f3d zieleni w Palmiarni Miejskiej\"}]},{\"@type\":\"WebSite\",\"@id\":\"https:\\\/\\\/www.24gliwice.pl\\\/wiadomosci\\\/#website\",\"url\":\"https:\\\/\\\/www.24gliwice.pl\\\/wiadomosci\\\/\",\"name\":\"24GLIWICE - Portal Gliwice | codziennie nowe wiadomo\u015bci\",\"description\":\"Portal Miejski Gliwice\",\"publisher\":{\"@id\":\"https:\\\/\\\/www.24gliwice.pl\\\/wiadomosci\\\/#organization\"},\"potentialAction\":[{\"@type\":\"SearchAction\",\"target\":{\"@type\":\"EntryPoint\",\"urlTemplate\":\"https:\\\/\\\/www.24gliwice.pl\\\/wiadomosci\\\/?s={search_term_string}\"},\"query-input\":{\"@type\":\"PropertyValueSpecification\",\"valueRequired\":true,\"valueName\":\"search_term_string\"}}],\"inLanguage\":\"pl-PL\"},{\"@type\":\"Organization\",\"@id\":\"https:\\\/\\\/www.24gliwice.pl\\\/wiadomosci\\\/#organization\",\"name\":\"24gliwice\",\"url\":\"https:\\\/\\\/www.24gliwice.pl\\\/wiadomosci\\\/\",\"logo\":{\"@type\":\"ImageObject\",\"inLanguage\":\"pl-PL\",\"@id\":\"https:\\\/\\\/www.24gliwice.pl\\\/wiadomosci\\\/#\\\/schema\\\/logo\\\/image\\\/\",\"url\":\"https:\\\/\\\/www.24gliwice.pl\\\/wiadomosci\\\/wp-content\\\/uploads\\\/2024\\\/10\\\/24gliwice-logo-696.jpg\",\"contentUrl\":\"https:\\\/\\\/www.24gliwice.pl\\\/wiadomosci\\\/wp-content\\\/uploads\\\/2024\\\/10\\\/24gliwice-logo-696.jpg\",\"width\":696,\"height\":696,\"caption\":\"24gliwice\"},\"image\":{\"@id\":\"https:\\\/\\\/www.24gliwice.pl\\\/wiadomosci\\\/#\\\/schema\\\/logo\\\/image\\\/\"},\"sameAs\":[\"https:\\\/\\\/www.facebook.com\\\/24gliwice\",\"https:\\\/\\\/x.com\\\/24gliwice\",\"https:\\\/\\\/www.youtube.com\\\/@24gliwice\"]},{\"@type\":\"Person\",\"@id\":\"https:\\\/\\\/www.24gliwice.pl\\\/wiadomosci\\\/#\\\/schema\\\/person\\\/e42c650edd7f2fa332be3811fb166b6e\",\"name\":\"\u017baneta Mrozek-Siewierska\",\"image\":{\"@type\":\"ImageObject\",\"inLanguage\":\"pl-PL\",\"@id\":\"https:\\\/\\\/www.24gliwice.pl\\\/wiadomosci\\\/wp-content\\\/uploads\\\/2021\\\/11\\\/Zaneta-M_S-zdjecie-czb-96x96.jpg\",\"url\":\"https:\\\/\\\/www.24gliwice.pl\\\/wiadomosci\\\/wp-content\\\/uploads\\\/2021\\\/11\\\/Zaneta-M_S-zdjecie-czb-96x96.jpg\",\"contentUrl\":\"https:\\\/\\\/www.24gliwice.pl\\\/wiadomosci\\\/wp-content\\\/uploads\\\/2021\\\/11\\\/Zaneta-M_S-zdjecie-czb-96x96.jpg\",\"caption\":\"\u017baneta Mrozek-Siewierska\"},\"url\":\"https:\\\/\\\/www.24gliwice.pl\\\/wiadomosci\\\/author\\\/zms\\\/\"}]}<\/script>\n<!-- \/ Yoast SEO plugin. -->","yoast_head_json":{"title":"Martin Garcia Garcia zagra w ramach Wiosny z Fryderykiem. Koncert w\u015br\u00f3d zieleni w Palmiarni Miejskiej - 24GLIWICE - Portal Gliwice | codziennie nowe informacje","description":"Martin Garcia Garcia wyst\u0105pi w niedziel\u0119, 3 kwietnia w Palmiarni Miejskiej z koncertem z cyklu Wiosna z Fryderykiem","robots":{"index":"index","follow":"follow","max-snippet":"max-snippet:-1","max-image-preview":"max-image-preview:large","max-video-preview":"max-video-preview:-1"},"canonical":"https:\/\/www.24gliwice.pl\/wiadomosci\/martin-garcia-garcia-zagra-w-ramach-wiosny-z-fryderykiem-koncert-wsrod-zieleni-w-palmiarni-miejskiej\/","og_locale":"pl_PL","og_type":"article","og_title":"Martin Garcia Garcia zagra w ramach Wiosny z Fryderykiem. Koncert w\u015br\u00f3d zieleni w Palmiarni Miejskiej - 24GLIWICE - Portal Gliwice | codziennie nowe informacje","og_description":"Martin Garcia Garcia wyst\u0105pi w niedziel\u0119, 3 kwietnia w Palmiarni Miejskiej z koncertem z cyklu Wiosna z Fryderykiem","og_url":"https:\/\/www.24gliwice.pl\/wiadomosci\/martin-garcia-garcia-zagra-w-ramach-wiosny-z-fryderykiem-koncert-wsrod-zieleni-w-palmiarni-miejskiej\/","og_site_name":"24GLIWICE - Portal Gliwice | codziennie nowe informacje","article_publisher":"https:\/\/www.facebook.com\/24gliwice","article_published_time":"2022-03-29T14:59:40+00:00","og_image":[{"width":810,"height":457,"url":"https:\/\/www.24gliwice.pl\/wiadomosci\/wp-content\/uploads\/2022\/03\/wiosna-z-fryderykiem-fortepian-palmiarnia.jpg","type":"image\/jpeg"}],"author":"\u017baneta Mrozek-Siewierska","twitter_card":"summary_large_image","twitter_creator":"@24gliwice","twitter_site":"@24gliwice","twitter_misc":{"Napisane przez":"\u017baneta Mrozek-Siewierska","Szacowany czas czytania":"1 minuta"},"schema":{"@context":"https:\/\/schema.org","@graph":[{"@type":"Article","@id":"https:\/\/www.24gliwice.pl\/wiadomosci\/martin-garcia-garcia-zagra-w-ramach-wiosny-z-fryderykiem-koncert-wsrod-zieleni-w-palmiarni-miejskiej\/#article","isPartOf":{"@id":"https:\/\/www.24gliwice.pl\/wiadomosci\/martin-garcia-garcia-zagra-w-ramach-wiosny-z-fryderykiem-koncert-wsrod-zieleni-w-palmiarni-miejskiej\/"},"author":{"name":"\u017baneta Mrozek-Siewierska","@id":"https:\/\/www.24gliwice.pl\/wiadomosci\/#\/schema\/person\/e42c650edd7f2fa332be3811fb166b6e"},"headline":"Martin Garcia Garcia zagra w ramach Wiosny z Fryderykiem. Koncert w\u015br\u00f3d zieleni w Palmiarni Miejskiej","datePublished":"2022-03-29T14:59:40+00:00","mainEntityOfPage":{"@id":"https:\/\/www.24gliwice.pl\/wiadomosci\/martin-garcia-garcia-zagra-w-ramach-wiosny-z-fryderykiem-koncert-wsrod-zieleni-w-palmiarni-miejskiej\/"},"wordCount":167,"commentCount":0,"publisher":{"@id":"https:\/\/www.24gliwice.pl\/wiadomosci\/#organization"},"image":{"@id":"https:\/\/www.24gliwice.pl\/wiadomosci\/martin-garcia-garcia-zagra-w-ramach-wiosny-z-fryderykiem-koncert-wsrod-zieleni-w-palmiarni-miejskiej\/#primaryimage"},"thumbnailUrl":"https:\/\/www.24gliwice.pl\/wiadomosci\/wp-content\/uploads\/2022\/03\/wiosna-z-fryderykiem-fortepian-palmiarnia.jpg","keywords":["wiosna z Fryderykiem"],"articleSection":["Gliwice","Kultura, wydarzenia, imprezy","Najnowsze wiadomo\u015bci"],"inLanguage":"pl-PL","potentialAction":[{"@type":"CommentAction","name":"Comment","target":["https:\/\/www.24gliwice.pl\/wiadomosci\/martin-garcia-garcia-zagra-w-ramach-wiosny-z-fryderykiem-koncert-wsrod-zieleni-w-palmiarni-miejskiej\/#respond"]}]},{"@type":"WebPage","@id":"https:\/\/www.24gliwice.pl\/wiadomosci\/martin-garcia-garcia-zagra-w-ramach-wiosny-z-fryderykiem-koncert-wsrod-zieleni-w-palmiarni-miejskiej\/","url":"https:\/\/www.24gliwice.pl\/wiadomosci\/martin-garcia-garcia-zagra-w-ramach-wiosny-z-fryderykiem-koncert-wsrod-zieleni-w-palmiarni-miejskiej\/","name":"Martin Garcia Garcia zagra w ramach Wiosny z Fryderykiem. Koncert w\u015br\u00f3d zieleni w Palmiarni Miejskiej - 24GLIWICE - Portal Gliwice | codziennie nowe informacje","isPartOf":{"@id":"https:\/\/www.24gliwice.pl\/wiadomosci\/#website"},"primaryImageOfPage":{"@id":"https:\/\/www.24gliwice.pl\/wiadomosci\/martin-garcia-garcia-zagra-w-ramach-wiosny-z-fryderykiem-koncert-wsrod-zieleni-w-palmiarni-miejskiej\/#primaryimage"},"image":{"@id":"https:\/\/www.24gliwice.pl\/wiadomosci\/martin-garcia-garcia-zagra-w-ramach-wiosny-z-fryderykiem-koncert-wsrod-zieleni-w-palmiarni-miejskiej\/#primaryimage"},"thumbnailUrl":"https:\/\/www.24gliwice.pl\/wiadomosci\/wp-content\/uploads\/2022\/03\/wiosna-z-fryderykiem-fortepian-palmiarnia.jpg","datePublished":"2022-03-29T14:59:40+00:00","description":"Martin Garcia Garcia wyst\u0105pi w niedziel\u0119, 3 kwietnia w Palmiarni Miejskiej z koncertem z cyklu Wiosna z Fryderykiem","breadcrumb":{"@id":"https:\/\/www.24gliwice.pl\/wiadomosci\/martin-garcia-garcia-zagra-w-ramach-wiosny-z-fryderykiem-koncert-wsrod-zieleni-w-palmiarni-miejskiej\/#breadcrumb"},"inLanguage":"pl-PL","potentialAction":[{"@type":"ReadAction","target":["https:\/\/www.24gliwice.pl\/wiadomosci\/martin-garcia-garcia-zagra-w-ramach-wiosny-z-fryderykiem-koncert-wsrod-zieleni-w-palmiarni-miejskiej\/"]}]},{"@type":"ImageObject","inLanguage":"pl-PL","@id":"https:\/\/www.24gliwice.pl\/wiadomosci\/martin-garcia-garcia-zagra-w-ramach-wiosny-z-fryderykiem-koncert-wsrod-zieleni-w-palmiarni-miejskiej\/#primaryimage","url":"https:\/\/www.24gliwice.pl\/wiadomosci\/wp-content\/uploads\/2022\/03\/wiosna-z-fryderykiem-fortepian-palmiarnia.jpg","contentUrl":"https:\/\/www.24gliwice.pl\/wiadomosci\/wp-content\/uploads\/2022\/03\/wiosna-z-fryderykiem-fortepian-palmiarnia.jpg","width":810,"height":457},{"@type":"BreadcrumbList","@id":"https:\/\/www.24gliwice.pl\/wiadomosci\/martin-garcia-garcia-zagra-w-ramach-wiosny-z-fryderykiem-koncert-wsrod-zieleni-w-palmiarni-miejskiej\/#breadcrumb","itemListElement":[{"@type":"ListItem","position":1,"name":"Strona g\u0142\u00f3wna","item":"https:\/\/www.24gliwice.pl\/wiadomosci\/"},{"@type":"ListItem","position":2,"name":"Martin Garcia Garcia zagra w ramach Wiosny z Fryderykiem. Koncert w\u015br\u00f3d zieleni w Palmiarni Miejskiej"}]},{"@type":"WebSite","@id":"https:\/\/www.24gliwice.pl\/wiadomosci\/#website","url":"https:\/\/www.24gliwice.pl\/wiadomosci\/","name":"24GLIWICE - Portal Gliwice | codziennie nowe wiadomo\u015bci","description":"Portal Miejski Gliwice","publisher":{"@id":"https:\/\/www.24gliwice.pl\/wiadomosci\/#organization"},"potentialAction":[{"@type":"SearchAction","target":{"@type":"EntryPoint","urlTemplate":"https:\/\/www.24gliwice.pl\/wiadomosci\/?s={search_term_string}"},"query-input":{"@type":"PropertyValueSpecification","valueRequired":true,"valueName":"search_term_string"}}],"inLanguage":"pl-PL"},{"@type":"Organization","@id":"https:\/\/www.24gliwice.pl\/wiadomosci\/#organization","name":"24gliwice","url":"https:\/\/www.24gliwice.pl\/wiadomosci\/","logo":{"@type":"ImageObject","inLanguage":"pl-PL","@id":"https:\/\/www.24gliwice.pl\/wiadomosci\/#\/schema\/logo\/image\/","url":"https:\/\/www.24gliwice.pl\/wiadomosci\/wp-content\/uploads\/2024\/10\/24gliwice-logo-696.jpg","contentUrl":"https:\/\/www.24gliwice.pl\/wiadomosci\/wp-content\/uploads\/2024\/10\/24gliwice-logo-696.jpg","width":696,"height":696,"caption":"24gliwice"},"image":{"@id":"https:\/\/www.24gliwice.pl\/wiadomosci\/#\/schema\/logo\/image\/"},"sameAs":["https:\/\/www.facebook.com\/24gliwice","https:\/\/x.com\/24gliwice","https:\/\/www.youtube.com\/@24gliwice"]},{"@type":"Person","@id":"https:\/\/www.24gliwice.pl\/wiadomosci\/#\/schema\/person\/e42c650edd7f2fa332be3811fb166b6e","name":"\u017baneta Mrozek-Siewierska","image":{"@type":"ImageObject","inLanguage":"pl-PL","@id":"https:\/\/www.24gliwice.pl\/wiadomosci\/wp-content\/uploads\/2021\/11\/Zaneta-M_S-zdjecie-czb-96x96.jpg","url":"https:\/\/www.24gliwice.pl\/wiadomosci\/wp-content\/uploads\/2021\/11\/Zaneta-M_S-zdjecie-czb-96x96.jpg","contentUrl":"https:\/\/www.24gliwice.pl\/wiadomosci\/wp-content\/uploads\/2021\/11\/Zaneta-M_S-zdjecie-czb-96x96.jpg","caption":"\u017baneta Mrozek-Siewierska"},"url":"https:\/\/www.24gliwice.pl\/wiadomosci\/author\/zms\/"}]}},"_links":{"self":[{"href":"https:\/\/www.24gliwice.pl\/wiadomosci\/wp-json\/wp\/v2\/posts\/189519","targetHints":{"allow":["GET"]}}],"collection":[{"href":"https:\/\/www.24gliwice.pl\/wiadomosci\/wp-json\/wp\/v2\/posts"}],"about":[{"href":"https:\/\/www.24gliwice.pl\/wiadomosci\/wp-json\/wp\/v2\/types\/post"}],"author":[{"embeddable":true,"href":"https:\/\/www.24gliwice.pl\/wiadomosci\/wp-json\/wp\/v2\/users\/15"}],"replies":[{"embeddable":true,"href":"https:\/\/www.24gliwice.pl\/wiadomosci\/wp-json\/wp\/v2\/comments?post=189519"}],"version-history":[{"count":3,"href":"https:\/\/www.24gliwice.pl\/wiadomosci\/wp-json\/wp\/v2\/posts\/189519\/revisions"}],"predecessor-version":[{"id":189526,"href":"https:\/\/www.24gliwice.pl\/wiadomosci\/wp-json\/wp\/v2\/posts\/189519\/revisions\/189526"}],"wp:featuredmedia":[{"embeddable":true,"href":"https:\/\/www.24gliwice.pl\/wiadomosci\/wp-json\/wp\/v2\/media\/189521"}],"wp:attachment":[{"href":"https:\/\/www.24gliwice.pl\/wiadomosci\/wp-json\/wp\/v2\/media?parent=189519"}],"wp:term":[{"taxonomy":"category","embeddable":true,"href":"https:\/\/www.24gliwice.pl\/wiadomosci\/wp-json\/wp\/v2\/categories?post=189519"},{"taxonomy":"post_tag","embeddable":true,"href":"https:\/\/www.24gliwice.pl\/wiadomosci\/wp-json\/wp\/v2\/tags?post=189519"}],"curies":[{"name":"wp","href":"https:\/\/api.w.org\/{rel}","templated":true}]}}