{"id":189557,"date":"2022-03-31T18:37:00","date_gmt":"2022-03-31T16:37:00","guid":{"rendered":"https:\/\/www.24gliwice.pl\/wiadomosci\/?p=189557"},"modified":"2022-04-04T14:11:30","modified_gmt":"2022-04-04T12:11:30","slug":"okolo-600-aut-na-i-zlocie-mgp-garage-w-europie-centralnej","status":"publish","type":"post","link":"https:\/\/www.24gliwice.pl\/wiadomosci\/okolo-600-aut-na-i-zlocie-mgp-garage-w-europie-centralnej\/","title":{"rendered":"Oko\u0142o 600 aut na I Zlocie MGP Garage w Europie Centralnej"},"content":{"rendered":"<h2>Jedyna w swoim rodzaju impreza motoryzacyjna! I Zlot MGP GARAGE. W niedziel\u0119, 3 kwietnia, Centrum Handlowe Europa Centralna w Gliwicach go\u015bci\u0107 b\u0119dzie w\u0142a\u015bcicieli luksusowych samochod\u00f3w sportowych, tuningowych oraz klasycznych.<\/h2>\n<p>&nbsp;<br \/>\nCa\u0142\u0105 imprez\u0119 poprowadz\u0105 gwiazdy TVN Turbo <strong>Patryk Mikiciuk<\/strong> i <strong>Adam Kornacki<\/strong>. Dla mi\u0142o\u015bnik\u00f3w motoryzacji przygotowano te\u017c stanowiska z symulatorami wy\u015bcigowymi. Nie zabraknie dobrej muzyki i pysznego jedzenia z food truck\u00f3w.<\/p>\n<p>Tyle wspania\u0142ych samochod\u00f3w w jednym miejscu \u2013 tego nie mo\u017cna przegapi\u0107! Organizatorzy zlotu zadbali o to, aby podczas imprezy zosta\u0142y zaprezentowane wyselekcjonowane modele ciesz\u0105ce oko, ale przede wszystkim zachwycaj\u0105ce swoimi technicznymi mo\u017cliwo\u015bciami. <\/p>\n<h4>Przed Europ\u0105 Centraln\u0105 pojawi si\u0119 oko\u0142o 600 aut, a w\u015br\u00f3d nich egzemplarze naprawd\u0119 z g\u00f3rnej p\u00f3\u0142ki \u2013 mi\u0119dzy innymi Lamborghini Huracan, Corvette 960hp, Porsche Cayman GT4, Chevrolet Camaro, BMW M4, Audi R8 RWD, Audi RS5, Audi INVENTA EV Carbon. <\/h4>\n<p>&nbsp;<br \/>\nNa miejscu b\u0119dzie mo\u017cna r\u00f3wnie\u017c spotka\u0107 wielu znanych motoryzacyjnych youtuber\u00f3w i influencer\u00f3w.<\/p>\n<p><em>&#8211; W Europie Centralnej rozpoczynamy sezon plenerowych wydarze\u0144. W okresie wiosenno-letnim do naszej bogatej oferty rozrywkowej do\u0142\u0105cz\u0105 imprezy z mn\u00f3stwem atrakcji dla dzieci i doros\u0142ych. Serdecznie zapraszam na I Zlot MGP GARAGE. B\u0119dzie to niepowtarzalne \u015bwi\u0119to mi\u0142o\u015bnik\u00f3w czterech k\u00f3\u0142ek<\/em> \u2013 m\u00f3wi <strong>Katarzyna Lenartowicz<\/strong>, dyrektorka Centrum Handlowego Europa Centralna w Gliwicach.<\/p>\n<p>Motoryzacyjnych emocji nie zabraknie te\u017c w strefie z profesjonalnymi symulatorami wy\u015bcigowymi. B\u0119d\u0105 konkursy z nagrodami i wspania\u0142a zabawa przy muzyce na \u017cywo. G\u0142odnych nie tylko emocji zapraszamy do strefy gastronomicznej, w kt\u00f3rej zaparkuj\u0105 food trucki. <\/p>\n<p><strong>Impreza rozpocznie si\u0119 o godz. 11:00 i potrwa do godz. 18:00<\/strong>. Wst\u0119p dla wszystkich odwiedzaj\u0105cych jest <strong>bezp\u0142atny<\/strong>. <\/p>\n<p><small>materia\u0142 partnera<\/small><\/p>\n","protected":false},"excerpt":{"rendered":"<p>Jedyna w swoim rodzaju impreza motoryzacyjna! I Zlot MGP GARAGE. W niedziel\u0119, 3 kwietnia, Centrum Handlowe Europa Centralna w Gliwicach go\u015bci\u0107 b\u0119dzie w\u0142a\u015bcicieli luksusowych samochod\u00f3w sportowych, tuningowych oraz klasycznych. &nbsp; Ca\u0142\u0105 imprez\u0119 poprowadz\u0105 gwiazdy TVN Turbo Patryk Mikiciuk i Adam Kornacki. Dla mi\u0142o\u015bnik\u00f3w motoryzacji przygotowano te\u017c stanowiska z symulatorami wy\u015bcigowymi. Nie zabraknie dobrej muzyki i [&hellip;]<\/p>\n","protected":false},"author":15,"featured_media":189729,"comment_status":"closed","ping_status":"closed","sticky":false,"template":"","format":"standard","meta":{"_monsterinsights_skip_tracking":false,"_monsterinsights_sitenote_active":false,"_monsterinsights_sitenote_note":"","_monsterinsights_sitenote_category":0,"footnotes":"","_links_to":"","_links_to_target":""},"categories":[3,6,1],"tags":[286],"class_list":["post-189557","post","type-post","status-publish","format-standard","has-post-thumbnail","hentry","category-gliwice","category-kultura","category-wszystko","tag-europa-centralna"],"yoast_head":"<!-- This site is optimized with the Yoast SEO plugin v27.4 - https:\/\/yoast.com\/product\/yoast-seo-wordpress\/ -->\n<title>Oko\u0142o 600 aut na I Zlocie MGP Garage w Europie Centralnej - 24GLIWICE - Portal Gliwice | codziennie nowe informacje<\/title>\n<meta name=\"description\" content=\"Na parkingu CH Europa Centralna w niedziel\u0119, 3 kwietnia, odb\u0119dzie si\u0119 I zlot samochod\u00f3w. Wst\u0119p jest wolny, za wjazd autem trzeba zap\u0142aci\u0107\" \/>\n<meta name=\"robots\" content=\"index, follow, max-snippet:-1, max-image-preview:large, max-video-preview:-1\" \/>\n<link rel=\"canonical\" href=\"https:\/\/www.24gliwice.pl\/wiadomosci\/okolo-600-aut-na-i-zlocie-mgp-garage-w-europie-centralnej\/\" \/>\n<meta property=\"og:locale\" content=\"pl_PL\" \/>\n<meta property=\"og:type\" content=\"article\" \/>\n<meta property=\"og:title\" content=\"Oko\u0142o 600 aut na I Zlocie MGP Garage w Europie Centralnej - 24GLIWICE - Portal Gliwice | codziennie nowe informacje\" \/>\n<meta property=\"og:description\" content=\"Na parkingu CH Europa Centralna w niedziel\u0119, 3 kwietnia, odb\u0119dzie si\u0119 I zlot samochod\u00f3w. Wst\u0119p jest wolny, za wjazd autem trzeba zap\u0142aci\u0107\" \/>\n<meta property=\"og:url\" content=\"https:\/\/www.24gliwice.pl\/wiadomosci\/okolo-600-aut-na-i-zlocie-mgp-garage-w-europie-centralnej\/\" \/>\n<meta property=\"og:site_name\" content=\"24GLIWICE - Portal Gliwice | codziennie nowe informacje\" \/>\n<meta property=\"article:publisher\" content=\"https:\/\/www.facebook.com\/24gliwice\" \/>\n<meta property=\"article:published_time\" content=\"2022-03-31T16:37:00+00:00\" \/>\n<meta property=\"article:modified_time\" content=\"2022-04-04T12:11:30+00:00\" \/>\n<meta property=\"og:image\" content=\"https:\/\/www.24gliwice.pl\/wiadomosci\/wp-content\/uploads\/2022\/03\/Zlot-luksusowych-aut-Europa-Centralna.jpg\" \/>\n\t<meta property=\"og:image:width\" content=\"1140\" \/>\n\t<meta property=\"og:image:height\" content=\"599\" \/>\n\t<meta property=\"og:image:type\" content=\"image\/jpeg\" \/>\n<meta name=\"author\" content=\"\u017baneta Mrozek-Siewierska\" \/>\n<meta name=\"twitter:card\" content=\"summary_large_image\" \/>\n<meta name=\"twitter:creator\" content=\"@24gliwice\" \/>\n<meta name=\"twitter:site\" content=\"@24gliwice\" \/>\n<meta name=\"twitter:label1\" content=\"Napisane przez\" \/>\n\t<meta name=\"twitter:data1\" content=\"\u017baneta Mrozek-Siewierska\" \/>\n\t<meta name=\"twitter:label2\" content=\"Szacowany czas czytania\" \/>\n\t<meta name=\"twitter:data2\" content=\"1 minuta\" \/>\n<script type=\"application\/ld+json\" class=\"yoast-schema-graph\">{\"@context\":\"https:\\\/\\\/schema.org\",\"@graph\":[{\"@type\":\"Article\",\"@id\":\"https:\\\/\\\/www.24gliwice.pl\\\/wiadomosci\\\/okolo-600-aut-na-i-zlocie-mgp-garage-w-europie-centralnej\\\/#article\",\"isPartOf\":{\"@id\":\"https:\\\/\\\/www.24gliwice.pl\\\/wiadomosci\\\/okolo-600-aut-na-i-zlocie-mgp-garage-w-europie-centralnej\\\/\"},\"author\":{\"name\":\"\u017baneta Mrozek-Siewierska\",\"@id\":\"https:\\\/\\\/www.24gliwice.pl\\\/wiadomosci\\\/#\\\/schema\\\/person\\\/e42c650edd7f2fa332be3811fb166b6e\"},\"headline\":\"Oko\u0142o 600 aut na I Zlocie MGP Garage w Europie Centralnej\",\"datePublished\":\"2022-03-31T16:37:00+00:00\",\"dateModified\":\"2022-04-04T12:11:30+00:00\",\"mainEntityOfPage\":{\"@id\":\"https:\\\/\\\/www.24gliwice.pl\\\/wiadomosci\\\/okolo-600-aut-na-i-zlocie-mgp-garage-w-europie-centralnej\\\/\"},\"wordCount\":299,\"publisher\":{\"@id\":\"https:\\\/\\\/www.24gliwice.pl\\\/wiadomosci\\\/#organization\"},\"image\":{\"@id\":\"https:\\\/\\\/www.24gliwice.pl\\\/wiadomosci\\\/okolo-600-aut-na-i-zlocie-mgp-garage-w-europie-centralnej\\\/#primaryimage\"},\"thumbnailUrl\":\"https:\\\/\\\/www.24gliwice.pl\\\/wiadomosci\\\/wp-content\\\/uploads\\\/2022\\\/03\\\/Zlot-luksusowych-aut-Europa-Centralna.jpg\",\"keywords\":[\"EUROPA CENTRALNA\"],\"articleSection\":[\"Gliwice\",\"Kultura, wydarzenia, imprezy\",\"Najnowsze wiadomo\u015bci\"],\"inLanguage\":\"pl-PL\"},{\"@type\":\"WebPage\",\"@id\":\"https:\\\/\\\/www.24gliwice.pl\\\/wiadomosci\\\/okolo-600-aut-na-i-zlocie-mgp-garage-w-europie-centralnej\\\/\",\"url\":\"https:\\\/\\\/www.24gliwice.pl\\\/wiadomosci\\\/okolo-600-aut-na-i-zlocie-mgp-garage-w-europie-centralnej\\\/\",\"name\":\"Oko\u0142o 600 aut na I Zlocie MGP Garage w Europie Centralnej - 24GLIWICE - Portal Gliwice | codziennie nowe informacje\",\"isPartOf\":{\"@id\":\"https:\\\/\\\/www.24gliwice.pl\\\/wiadomosci\\\/#website\"},\"primaryImageOfPage\":{\"@id\":\"https:\\\/\\\/www.24gliwice.pl\\\/wiadomosci\\\/okolo-600-aut-na-i-zlocie-mgp-garage-w-europie-centralnej\\\/#primaryimage\"},\"image\":{\"@id\":\"https:\\\/\\\/www.24gliwice.pl\\\/wiadomosci\\\/okolo-600-aut-na-i-zlocie-mgp-garage-w-europie-centralnej\\\/#primaryimage\"},\"thumbnailUrl\":\"https:\\\/\\\/www.24gliwice.pl\\\/wiadomosci\\\/wp-content\\\/uploads\\\/2022\\\/03\\\/Zlot-luksusowych-aut-Europa-Centralna.jpg\",\"datePublished\":\"2022-03-31T16:37:00+00:00\",\"dateModified\":\"2022-04-04T12:11:30+00:00\",\"description\":\"Na parkingu CH Europa Centralna w niedziel\u0119, 3 kwietnia, odb\u0119dzie si\u0119 I zlot samochod\u00f3w. Wst\u0119p jest wolny, za wjazd autem trzeba zap\u0142aci\u0107\",\"breadcrumb\":{\"@id\":\"https:\\\/\\\/www.24gliwice.pl\\\/wiadomosci\\\/okolo-600-aut-na-i-zlocie-mgp-garage-w-europie-centralnej\\\/#breadcrumb\"},\"inLanguage\":\"pl-PL\",\"potentialAction\":[{\"@type\":\"ReadAction\",\"target\":[\"https:\\\/\\\/www.24gliwice.pl\\\/wiadomosci\\\/okolo-600-aut-na-i-zlocie-mgp-garage-w-europie-centralnej\\\/\"]}]},{\"@type\":\"ImageObject\",\"inLanguage\":\"pl-PL\",\"@id\":\"https:\\\/\\\/www.24gliwice.pl\\\/wiadomosci\\\/okolo-600-aut-na-i-zlocie-mgp-garage-w-europie-centralnej\\\/#primaryimage\",\"url\":\"https:\\\/\\\/www.24gliwice.pl\\\/wiadomosci\\\/wp-content\\\/uploads\\\/2022\\\/03\\\/Zlot-luksusowych-aut-Europa-Centralna.jpg\",\"contentUrl\":\"https:\\\/\\\/www.24gliwice.pl\\\/wiadomosci\\\/wp-content\\\/uploads\\\/2022\\\/03\\\/Zlot-luksusowych-aut-Europa-Centralna.jpg\",\"width\":1140,\"height\":599},{\"@type\":\"BreadcrumbList\",\"@id\":\"https:\\\/\\\/www.24gliwice.pl\\\/wiadomosci\\\/okolo-600-aut-na-i-zlocie-mgp-garage-w-europie-centralnej\\\/#breadcrumb\",\"itemListElement\":[{\"@type\":\"ListItem\",\"position\":1,\"name\":\"Strona g\u0142\u00f3wna\",\"item\":\"https:\\\/\\\/www.24gliwice.pl\\\/wiadomosci\\\/\"},{\"@type\":\"ListItem\",\"position\":2,\"name\":\"Oko\u0142o 600 aut na I Zlocie MGP Garage w Europie Centralnej\"}]},{\"@type\":\"WebSite\",\"@id\":\"https:\\\/\\\/www.24gliwice.pl\\\/wiadomosci\\\/#website\",\"url\":\"https:\\\/\\\/www.24gliwice.pl\\\/wiadomosci\\\/\",\"name\":\"24GLIWICE - Portal Gliwice | codziennie nowe wiadomo\u015bci\",\"description\":\"Portal Miejski Gliwice\",\"publisher\":{\"@id\":\"https:\\\/\\\/www.24gliwice.pl\\\/wiadomosci\\\/#organization\"},\"potentialAction\":[{\"@type\":\"SearchAction\",\"target\":{\"@type\":\"EntryPoint\",\"urlTemplate\":\"https:\\\/\\\/www.24gliwice.pl\\\/wiadomosci\\\/?s={search_term_string}\"},\"query-input\":{\"@type\":\"PropertyValueSpecification\",\"valueRequired\":true,\"valueName\":\"search_term_string\"}}],\"inLanguage\":\"pl-PL\"},{\"@type\":\"Organization\",\"@id\":\"https:\\\/\\\/www.24gliwice.pl\\\/wiadomosci\\\/#organization\",\"name\":\"24gliwice\",\"url\":\"https:\\\/\\\/www.24gliwice.pl\\\/wiadomosci\\\/\",\"logo\":{\"@type\":\"ImageObject\",\"inLanguage\":\"pl-PL\",\"@id\":\"https:\\\/\\\/www.24gliwice.pl\\\/wiadomosci\\\/#\\\/schema\\\/logo\\\/image\\\/\",\"url\":\"https:\\\/\\\/www.24gliwice.pl\\\/wiadomosci\\\/wp-content\\\/uploads\\\/2024\\\/10\\\/24gliwice-logo-696.jpg\",\"contentUrl\":\"https:\\\/\\\/www.24gliwice.pl\\\/wiadomosci\\\/wp-content\\\/uploads\\\/2024\\\/10\\\/24gliwice-logo-696.jpg\",\"width\":696,\"height\":696,\"caption\":\"24gliwice\"},\"image\":{\"@id\":\"https:\\\/\\\/www.24gliwice.pl\\\/wiadomosci\\\/#\\\/schema\\\/logo\\\/image\\\/\"},\"sameAs\":[\"https:\\\/\\\/www.facebook.com\\\/24gliwice\",\"https:\\\/\\\/x.com\\\/24gliwice\",\"https:\\\/\\\/www.youtube.com\\\/@24gliwice\"]},{\"@type\":\"Person\",\"@id\":\"https:\\\/\\\/www.24gliwice.pl\\\/wiadomosci\\\/#\\\/schema\\\/person\\\/e42c650edd7f2fa332be3811fb166b6e\",\"name\":\"\u017baneta Mrozek-Siewierska\",\"image\":{\"@type\":\"ImageObject\",\"inLanguage\":\"pl-PL\",\"@id\":\"https:\\\/\\\/www.24gliwice.pl\\\/wiadomosci\\\/wp-content\\\/uploads\\\/2021\\\/11\\\/Zaneta-M_S-zdjecie-czb-96x96.jpg\",\"url\":\"https:\\\/\\\/www.24gliwice.pl\\\/wiadomosci\\\/wp-content\\\/uploads\\\/2021\\\/11\\\/Zaneta-M_S-zdjecie-czb-96x96.jpg\",\"contentUrl\":\"https:\\\/\\\/www.24gliwice.pl\\\/wiadomosci\\\/wp-content\\\/uploads\\\/2021\\\/11\\\/Zaneta-M_S-zdjecie-czb-96x96.jpg\",\"caption\":\"\u017baneta Mrozek-Siewierska\"},\"url\":\"https:\\\/\\\/www.24gliwice.pl\\\/wiadomosci\\\/author\\\/zms\\\/\"}]}<\/script>\n<!-- \/ Yoast SEO plugin. -->","yoast_head_json":{"title":"Oko\u0142o 600 aut na I Zlocie MGP Garage w Europie Centralnej - 24GLIWICE - Portal Gliwice | codziennie nowe informacje","description":"Na parkingu CH Europa Centralna w niedziel\u0119, 3 kwietnia, odb\u0119dzie si\u0119 I zlot samochod\u00f3w. Wst\u0119p jest wolny, za wjazd autem trzeba zap\u0142aci\u0107","robots":{"index":"index","follow":"follow","max-snippet":"max-snippet:-1","max-image-preview":"max-image-preview:large","max-video-preview":"max-video-preview:-1"},"canonical":"https:\/\/www.24gliwice.pl\/wiadomosci\/okolo-600-aut-na-i-zlocie-mgp-garage-w-europie-centralnej\/","og_locale":"pl_PL","og_type":"article","og_title":"Oko\u0142o 600 aut na I Zlocie MGP Garage w Europie Centralnej - 24GLIWICE - Portal Gliwice | codziennie nowe informacje","og_description":"Na parkingu CH Europa Centralna w niedziel\u0119, 3 kwietnia, odb\u0119dzie si\u0119 I zlot samochod\u00f3w. Wst\u0119p jest wolny, za wjazd autem trzeba zap\u0142aci\u0107","og_url":"https:\/\/www.24gliwice.pl\/wiadomosci\/okolo-600-aut-na-i-zlocie-mgp-garage-w-europie-centralnej\/","og_site_name":"24GLIWICE - Portal Gliwice | codziennie nowe informacje","article_publisher":"https:\/\/www.facebook.com\/24gliwice","article_published_time":"2022-03-31T16:37:00+00:00","article_modified_time":"2022-04-04T12:11:30+00:00","og_image":[{"width":1140,"height":599,"url":"https:\/\/www.24gliwice.pl\/wiadomosci\/wp-content\/uploads\/2022\/03\/Zlot-luksusowych-aut-Europa-Centralna.jpg","type":"image\/jpeg"}],"author":"\u017baneta Mrozek-Siewierska","twitter_card":"summary_large_image","twitter_creator":"@24gliwice","twitter_site":"@24gliwice","twitter_misc":{"Napisane przez":"\u017baneta Mrozek-Siewierska","Szacowany czas czytania":"1 minuta"},"schema":{"@context":"https:\/\/schema.org","@graph":[{"@type":"Article","@id":"https:\/\/www.24gliwice.pl\/wiadomosci\/okolo-600-aut-na-i-zlocie-mgp-garage-w-europie-centralnej\/#article","isPartOf":{"@id":"https:\/\/www.24gliwice.pl\/wiadomosci\/okolo-600-aut-na-i-zlocie-mgp-garage-w-europie-centralnej\/"},"author":{"name":"\u017baneta Mrozek-Siewierska","@id":"https:\/\/www.24gliwice.pl\/wiadomosci\/#\/schema\/person\/e42c650edd7f2fa332be3811fb166b6e"},"headline":"Oko\u0142o 600 aut na I Zlocie MGP Garage w Europie Centralnej","datePublished":"2022-03-31T16:37:00+00:00","dateModified":"2022-04-04T12:11:30+00:00","mainEntityOfPage":{"@id":"https:\/\/www.24gliwice.pl\/wiadomosci\/okolo-600-aut-na-i-zlocie-mgp-garage-w-europie-centralnej\/"},"wordCount":299,"publisher":{"@id":"https:\/\/www.24gliwice.pl\/wiadomosci\/#organization"},"image":{"@id":"https:\/\/www.24gliwice.pl\/wiadomosci\/okolo-600-aut-na-i-zlocie-mgp-garage-w-europie-centralnej\/#primaryimage"},"thumbnailUrl":"https:\/\/www.24gliwice.pl\/wiadomosci\/wp-content\/uploads\/2022\/03\/Zlot-luksusowych-aut-Europa-Centralna.jpg","keywords":["EUROPA CENTRALNA"],"articleSection":["Gliwice","Kultura, wydarzenia, imprezy","Najnowsze wiadomo\u015bci"],"inLanguage":"pl-PL"},{"@type":"WebPage","@id":"https:\/\/www.24gliwice.pl\/wiadomosci\/okolo-600-aut-na-i-zlocie-mgp-garage-w-europie-centralnej\/","url":"https:\/\/www.24gliwice.pl\/wiadomosci\/okolo-600-aut-na-i-zlocie-mgp-garage-w-europie-centralnej\/","name":"Oko\u0142o 600 aut na I Zlocie MGP Garage w Europie Centralnej - 24GLIWICE - Portal Gliwice | codziennie nowe informacje","isPartOf":{"@id":"https:\/\/www.24gliwice.pl\/wiadomosci\/#website"},"primaryImageOfPage":{"@id":"https:\/\/www.24gliwice.pl\/wiadomosci\/okolo-600-aut-na-i-zlocie-mgp-garage-w-europie-centralnej\/#primaryimage"},"image":{"@id":"https:\/\/www.24gliwice.pl\/wiadomosci\/okolo-600-aut-na-i-zlocie-mgp-garage-w-europie-centralnej\/#primaryimage"},"thumbnailUrl":"https:\/\/www.24gliwice.pl\/wiadomosci\/wp-content\/uploads\/2022\/03\/Zlot-luksusowych-aut-Europa-Centralna.jpg","datePublished":"2022-03-31T16:37:00+00:00","dateModified":"2022-04-04T12:11:30+00:00","description":"Na parkingu CH Europa Centralna w niedziel\u0119, 3 kwietnia, odb\u0119dzie si\u0119 I zlot samochod\u00f3w. Wst\u0119p jest wolny, za wjazd autem trzeba zap\u0142aci\u0107","breadcrumb":{"@id":"https:\/\/www.24gliwice.pl\/wiadomosci\/okolo-600-aut-na-i-zlocie-mgp-garage-w-europie-centralnej\/#breadcrumb"},"inLanguage":"pl-PL","potentialAction":[{"@type":"ReadAction","target":["https:\/\/www.24gliwice.pl\/wiadomosci\/okolo-600-aut-na-i-zlocie-mgp-garage-w-europie-centralnej\/"]}]},{"@type":"ImageObject","inLanguage":"pl-PL","@id":"https:\/\/www.24gliwice.pl\/wiadomosci\/okolo-600-aut-na-i-zlocie-mgp-garage-w-europie-centralnej\/#primaryimage","url":"https:\/\/www.24gliwice.pl\/wiadomosci\/wp-content\/uploads\/2022\/03\/Zlot-luksusowych-aut-Europa-Centralna.jpg","contentUrl":"https:\/\/www.24gliwice.pl\/wiadomosci\/wp-content\/uploads\/2022\/03\/Zlot-luksusowych-aut-Europa-Centralna.jpg","width":1140,"height":599},{"@type":"BreadcrumbList","@id":"https:\/\/www.24gliwice.pl\/wiadomosci\/okolo-600-aut-na-i-zlocie-mgp-garage-w-europie-centralnej\/#breadcrumb","itemListElement":[{"@type":"ListItem","position":1,"name":"Strona g\u0142\u00f3wna","item":"https:\/\/www.24gliwice.pl\/wiadomosci\/"},{"@type":"ListItem","position":2,"name":"Oko\u0142o 600 aut na I Zlocie MGP Garage w Europie Centralnej"}]},{"@type":"WebSite","@id":"https:\/\/www.24gliwice.pl\/wiadomosci\/#website","url":"https:\/\/www.24gliwice.pl\/wiadomosci\/","name":"24GLIWICE - Portal Gliwice | codziennie nowe wiadomo\u015bci","description":"Portal Miejski Gliwice","publisher":{"@id":"https:\/\/www.24gliwice.pl\/wiadomosci\/#organization"},"potentialAction":[{"@type":"SearchAction","target":{"@type":"EntryPoint","urlTemplate":"https:\/\/www.24gliwice.pl\/wiadomosci\/?s={search_term_string}"},"query-input":{"@type":"PropertyValueSpecification","valueRequired":true,"valueName":"search_term_string"}}],"inLanguage":"pl-PL"},{"@type":"Organization","@id":"https:\/\/www.24gliwice.pl\/wiadomosci\/#organization","name":"24gliwice","url":"https:\/\/www.24gliwice.pl\/wiadomosci\/","logo":{"@type":"ImageObject","inLanguage":"pl-PL","@id":"https:\/\/www.24gliwice.pl\/wiadomosci\/#\/schema\/logo\/image\/","url":"https:\/\/www.24gliwice.pl\/wiadomosci\/wp-content\/uploads\/2024\/10\/24gliwice-logo-696.jpg","contentUrl":"https:\/\/www.24gliwice.pl\/wiadomosci\/wp-content\/uploads\/2024\/10\/24gliwice-logo-696.jpg","width":696,"height":696,"caption":"24gliwice"},"image":{"@id":"https:\/\/www.24gliwice.pl\/wiadomosci\/#\/schema\/logo\/image\/"},"sameAs":["https:\/\/www.facebook.com\/24gliwice","https:\/\/x.com\/24gliwice","https:\/\/www.youtube.com\/@24gliwice"]},{"@type":"Person","@id":"https:\/\/www.24gliwice.pl\/wiadomosci\/#\/schema\/person\/e42c650edd7f2fa332be3811fb166b6e","name":"\u017baneta Mrozek-Siewierska","image":{"@type":"ImageObject","inLanguage":"pl-PL","@id":"https:\/\/www.24gliwice.pl\/wiadomosci\/wp-content\/uploads\/2021\/11\/Zaneta-M_S-zdjecie-czb-96x96.jpg","url":"https:\/\/www.24gliwice.pl\/wiadomosci\/wp-content\/uploads\/2021\/11\/Zaneta-M_S-zdjecie-czb-96x96.jpg","contentUrl":"https:\/\/www.24gliwice.pl\/wiadomosci\/wp-content\/uploads\/2021\/11\/Zaneta-M_S-zdjecie-czb-96x96.jpg","caption":"\u017baneta Mrozek-Siewierska"},"url":"https:\/\/www.24gliwice.pl\/wiadomosci\/author\/zms\/"}]}},"_links":{"self":[{"href":"https:\/\/www.24gliwice.pl\/wiadomosci\/wp-json\/wp\/v2\/posts\/189557","targetHints":{"allow":["GET"]}}],"collection":[{"href":"https:\/\/www.24gliwice.pl\/wiadomosci\/wp-json\/wp\/v2\/posts"}],"about":[{"href":"https:\/\/www.24gliwice.pl\/wiadomosci\/wp-json\/wp\/v2\/types\/post"}],"author":[{"embeddable":true,"href":"https:\/\/www.24gliwice.pl\/wiadomosci\/wp-json\/wp\/v2\/users\/15"}],"replies":[{"embeddable":true,"href":"https:\/\/www.24gliwice.pl\/wiadomosci\/wp-json\/wp\/v2\/comments?post=189557"}],"version-history":[{"count":9,"href":"https:\/\/www.24gliwice.pl\/wiadomosci\/wp-json\/wp\/v2\/posts\/189557\/revisions"}],"predecessor-version":[{"id":189732,"href":"https:\/\/www.24gliwice.pl\/wiadomosci\/wp-json\/wp\/v2\/posts\/189557\/revisions\/189732"}],"wp:featuredmedia":[{"embeddable":true,"href":"https:\/\/www.24gliwice.pl\/wiadomosci\/wp-json\/wp\/v2\/media\/189729"}],"wp:attachment":[{"href":"https:\/\/www.24gliwice.pl\/wiadomosci\/wp-json\/wp\/v2\/media?parent=189557"}],"wp:term":[{"taxonomy":"category","embeddable":true,"href":"https:\/\/www.24gliwice.pl\/wiadomosci\/wp-json\/wp\/v2\/categories?post=189557"},{"taxonomy":"post_tag","embeddable":true,"href":"https:\/\/www.24gliwice.pl\/wiadomosci\/wp-json\/wp\/v2\/tags?post=189557"}],"curies":[{"name":"wp","href":"https:\/\/api.w.org\/{rel}","templated":true}]}}