{"id":189586,"date":"2022-03-30T17:38:31","date_gmt":"2022-03-30T15:38:31","guid":{"rendered":"https:\/\/www.24gliwice.pl\/wiadomosci\/?p=189586"},"modified":"2022-03-30T17:38:31","modified_gmt":"2022-03-30T15:38:31","slug":"w-miejskim-punkcie-zbierane-sa-dary-dla-uchodzcow-z-ukrainy-co-potrzebne-jest-teraz-najbardziej","status":"publish","type":"post","link":"https:\/\/www.24gliwice.pl\/wiadomosci\/w-miejskim-punkcie-zbierane-sa-dary-dla-uchodzcow-z-ukrainy-co-potrzebne-jest-teraz-najbardziej\/","title":{"rendered":"W miejskim punkcie zbierane s\u0105 dary dla uchod\u017ac\u00f3w z Ukrainy. Co potrzebne jest teraz najbardziej?"},"content":{"rendered":"<div class=\"gliwi-a6-nad-leadem-artykulow gliwi-entity-placement\" id=\"gliwi-2520683169\"><div class=\"gliwi-adlabel\"><span style=\"font-size: 9px\">REKLAMA<\/span><\/div><div id=\"gliwi-449034713\" style=\"margin-bottom: 25px;margin-left: auto;margin-right: auto;text-align: center;\"><a data-no-instant=\"1\" href=\"https:\/\/dom100.eu\/\" rel=\"noopener\" class=\"a2t-link\" target=\"_blank\" aria-label=\"20260415 DOM100 D\"><img loading=\"lazy\" decoding=\"async\" src=\"https:\/\/www.24gliwice.pl\/wiadomosci\/wp-content\/uploads\/2026\/04\/20260415-DOM100-D.jpg\" alt=\"\"  srcset=\"https:\/\/www.24gliwice.pl\/wiadomosci\/wp-content\/uploads\/2026\/04\/20260415-DOM100-D.jpg 750w, https:\/\/www.24gliwice.pl\/wiadomosci\/wp-content\/uploads\/2026\/04\/20260415-DOM100-D-410x109.jpg 410w\" sizes=\"(max-width: 750px) 100vw, 750px\" class=\"no-lazyload\" width=\"750\" height=\"200\"  style=\"display: inline-block; max-width: 100%; height: auto;\" \/><\/a><\/div><\/div><h2>Wojna na terenie Ukrainy trwa ju\u017c ponad miesi\u0105c. W naszym mie\u015bcie prowadzona jest Zbi\u00f3rka Dar\u00f3w dla uchod\u017ac\u00f3w z tego kraju, w Arenie Gliwice (ul. Akademicka 50, wej\u015bcie E). Miasto poinformowa\u0142o, na co jest zapotrzebowanie.<\/h2>\n<p>Punkt zbi\u00f3rki jest otwarty w dni robocze mi\u0119dzy godzinami 10:00 a 20:00 i w weekendy od godziny 12:00 do 18:00. Aktualnie najbardziej potrzebna jest \u017cywno\u015b\u0107, ale zbierane s\u0105 te\u017c inne, niezb\u0119dne rzeczy. <\/p>\n<p>Do Areny mo\u017cna przynosi\u0107:<\/p><div class=\"gliwi-a3-w-tresci-artykulow gliwi-entity-placement\" id=\"gliwi-744277308\"><div class=\"gliwi-adlabel\"><span style=\"font-size: 9px\">REKLAMA<\/span><\/div><div id=\"gliwi-725747174\" style=\"margin-bottom: 30px;margin-left: auto;margin-right: auto;text-align: center;\"><a data-no-instant=\"1\" href=\"https:\/\/ogrodyandersa.pl\/\" rel=\"noopener\" class=\"a2t-link\" target=\"_blank\" aria-label=\"20260415 Ogrody Andersa KUP TERAZ D\"><img loading=\"lazy\" decoding=\"async\" src=\"https:\/\/www.24gliwice.pl\/wiadomosci\/wp-content\/uploads\/2026\/04\/20260415-Ogrody-Andersa-KUP-TERAZ-D.jpg\" alt=\"\"  srcset=\"https:\/\/www.24gliwice.pl\/wiadomosci\/wp-content\/uploads\/2026\/04\/20260415-Ogrody-Andersa-KUP-TERAZ-D.jpg 750w, https:\/\/www.24gliwice.pl\/wiadomosci\/wp-content\/uploads\/2026\/04\/20260415-Ogrody-Andersa-KUP-TERAZ-D-410x109.jpg 410w\" sizes=\"(max-width: 750px) 100vw, 750px\" class=\"no-lazyload\" width=\"750\" height=\"200\"  style=\"display: inline-block; max-width: 100%; height: auto;\" \/><\/a><\/div><\/div>\n<ul>\n<li>gotowe dania obiadowe;<\/li>\n<li>makarony i kasze;<\/li>\n<li>cukier;<\/li>\n<li>konserwy;<\/li>\n<li>papier toaletowy, dezodoranty;<\/li>\n<li>\u017cele do mycia i szampony.<\/li>\n<\/ul>\n<p>Zebrane dary s\u0105 przekazywane osobom, kt\u00f3re uciek\u0142y z Ukrainy przed wojn\u0105 i przebywaj\u0105 na terenie Gliwic i powiatu gliwickiego.<\/p>\n<p>(\u017cms)\/UM Gliwice<br \/>\nfot. UM Gliwice<\/p>\n<div class=\"gliwi-a5-na-koncu-artykulow gliwi-entity-placement\" id=\"gliwi-2543308088\"><div class=\"gliwi-adlabel\"><span style=\"font-size: 9px\">REKLAMA<\/span><\/div><div id=\"gliwi-2837282085\" style=\"margin-left: auto;margin-right: auto;text-align: center;\"><a data-no-instant=\"1\" href=\"https:\/\/www.jasek.pl\/\" rel=\"noopener\" class=\"a2t-link\" target=\"_blank\" aria-label=\"20200401-jasek 600\"><img loading=\"lazy\" decoding=\"async\" src=\"https:\/\/www.24gliwice.pl\/wiadomosci\/wp-content\/uploads\/2020\/04\/20200401-jasek-600.jpg\" alt=\"\"  srcset=\"https:\/\/www.24gliwice.pl\/wiadomosci\/wp-content\/uploads\/2020\/04\/20200401-jasek-600.jpg 600w, https:\/\/www.24gliwice.pl\/wiadomosci\/wp-content\/uploads\/2020\/04\/20200401-jasek-600-410x109.jpg 410w\" sizes=\"(max-width: 600px) 100vw, 600px\" class=\"no-lazyload\" width=\"600\" height=\"160\"  style=\"display: inline-block; max-width: 100%; height: auto;\" \/><\/a><\/div><\/div>","protected":false},"excerpt":{"rendered":"<p>Wojna na terenie Ukrainy trwa ju\u017c ponad miesi\u0105c. W naszym mie\u015bcie prowadzona jest Zbi\u00f3rka Dar\u00f3w dla uchod\u017ac\u00f3w z tego kraju, w Arenie Gliwice (ul. Akademicka 50, wej\u015bcie E). Miasto poinformowa\u0142o, na co jest zapotrzebowanie. Punkt zbi\u00f3rki jest otwarty w dni robocze mi\u0119dzy godzinami 10:00 a 20:00 i w weekendy od godziny 12:00 do 18:00. Aktualnie [&hellip;]<\/p>\n","protected":false},"author":15,"featured_media":189589,"comment_status":"closed","ping_status":"closed","sticky":false,"template":"","format":"standard","meta":{"_monsterinsights_skip_tracking":false,"_monsterinsights_sitenote_active":false,"_monsterinsights_sitenote_note":"","_monsterinsights_sitenote_category":0,"footnotes":"","_links_to":"","_links_to_target":""},"categories":[3,1],"tags":[20853],"class_list":["post-189586","post","type-post","status-publish","format-standard","has-post-thumbnail","hentry","category-gliwice","category-wszystko","tag-wojna-w-ukrainie"],"yoast_head":"<!-- This site is optimized with the Yoast SEO plugin v27.4 - https:\/\/yoast.com\/product\/yoast-seo-wordpress\/ -->\n<title>W miejskim punkcie zbierane s\u0105 dary dla uchod\u017ac\u00f3w z Ukrainy. Co potrzebne jest teraz najbardziej? - 24GLIWICE - Portal Gliwice | codziennie nowe informacje<\/title>\n<meta name=\"description\" content=\"W hali Arena Gliwice w dalszym ci\u0105gu prowadzona jest zbi\u00f3rka dar\u00f3w dla uchod\u017ac\u00f3w z teren\u00f3w obj\u0119tych dzia\u0142aniami wojennymi w Ukrainie\" \/>\n<meta name=\"robots\" content=\"index, follow, max-snippet:-1, max-image-preview:large, max-video-preview:-1\" \/>\n<link rel=\"canonical\" href=\"https:\/\/www.24gliwice.pl\/wiadomosci\/w-miejskim-punkcie-zbierane-sa-dary-dla-uchodzcow-z-ukrainy-co-potrzebne-jest-teraz-najbardziej\/\" \/>\n<meta property=\"og:locale\" content=\"pl_PL\" \/>\n<meta property=\"og:type\" content=\"article\" \/>\n<meta property=\"og:title\" content=\"W miejskim punkcie zbierane s\u0105 dary dla uchod\u017ac\u00f3w z Ukrainy. Co potrzebne jest teraz najbardziej? - 24GLIWICE - Portal Gliwice | codziennie nowe informacje\" \/>\n<meta property=\"og:description\" content=\"W hali Arena Gliwice w dalszym ci\u0105gu prowadzona jest zbi\u00f3rka dar\u00f3w dla uchod\u017ac\u00f3w z teren\u00f3w obj\u0119tych dzia\u0142aniami wojennymi w Ukrainie\" \/>\n<meta property=\"og:url\" content=\"https:\/\/www.24gliwice.pl\/wiadomosci\/w-miejskim-punkcie-zbierane-sa-dary-dla-uchodzcow-z-ukrainy-co-potrzebne-jest-teraz-najbardziej\/\" \/>\n<meta property=\"og:site_name\" content=\"24GLIWICE - Portal Gliwice | codziennie nowe informacje\" \/>\n<meta property=\"article:publisher\" content=\"https:\/\/www.facebook.com\/24gliwice\" \/>\n<meta property=\"article:published_time\" content=\"2022-03-30T15:38:31+00:00\" \/>\n<meta property=\"og:image\" content=\"https:\/\/www.24gliwice.pl\/wiadomosci\/wp-content\/uploads\/2022\/03\/zbiorka-arena-fot-mbuksa-um-gliwice.jpg\" \/>\n\t<meta property=\"og:image:width\" content=\"810\" \/>\n\t<meta property=\"og:image:height\" content=\"456\" \/>\n\t<meta property=\"og:image:type\" content=\"image\/jpeg\" \/>\n<meta name=\"author\" content=\"\u017baneta Mrozek-Siewierska\" \/>\n<meta name=\"twitter:card\" content=\"summary_large_image\" \/>\n<meta name=\"twitter:creator\" content=\"@24gliwice\" \/>\n<meta name=\"twitter:site\" content=\"@24gliwice\" \/>\n<meta name=\"twitter:label1\" content=\"Napisane przez\" \/>\n\t<meta name=\"twitter:data1\" content=\"\u017baneta Mrozek-Siewierska\" \/>\n\t<meta name=\"twitter:label2\" content=\"Szacowany czas czytania\" \/>\n\t<meta name=\"twitter:data2\" content=\"1 minuta\" \/>\n<script type=\"application\/ld+json\" class=\"yoast-schema-graph\">{\"@context\":\"https:\\\/\\\/schema.org\",\"@graph\":[{\"@type\":\"Article\",\"@id\":\"https:\\\/\\\/www.24gliwice.pl\\\/wiadomosci\\\/w-miejskim-punkcie-zbierane-sa-dary-dla-uchodzcow-z-ukrainy-co-potrzebne-jest-teraz-najbardziej\\\/#article\",\"isPartOf\":{\"@id\":\"https:\\\/\\\/www.24gliwice.pl\\\/wiadomosci\\\/w-miejskim-punkcie-zbierane-sa-dary-dla-uchodzcow-z-ukrainy-co-potrzebne-jest-teraz-najbardziej\\\/\"},\"author\":{\"name\":\"\u017baneta Mrozek-Siewierska\",\"@id\":\"https:\\\/\\\/www.24gliwice.pl\\\/wiadomosci\\\/#\\\/schema\\\/person\\\/e42c650edd7f2fa332be3811fb166b6e\"},\"headline\":\"W miejskim punkcie zbierane s\u0105 dary dla uchod\u017ac\u00f3w z Ukrainy. Co potrzebne jest teraz najbardziej?\",\"datePublished\":\"2022-03-30T15:38:31+00:00\",\"mainEntityOfPage\":{\"@id\":\"https:\\\/\\\/www.24gliwice.pl\\\/wiadomosci\\\/w-miejskim-punkcie-zbierane-sa-dary-dla-uchodzcow-z-ukrainy-co-potrzebne-jest-teraz-najbardziej\\\/\"},\"wordCount\":137,\"publisher\":{\"@id\":\"https:\\\/\\\/www.24gliwice.pl\\\/wiadomosci\\\/#organization\"},\"image\":{\"@id\":\"https:\\\/\\\/www.24gliwice.pl\\\/wiadomosci\\\/w-miejskim-punkcie-zbierane-sa-dary-dla-uchodzcow-z-ukrainy-co-potrzebne-jest-teraz-najbardziej\\\/#primaryimage\"},\"thumbnailUrl\":\"https:\\\/\\\/www.24gliwice.pl\\\/wiadomosci\\\/wp-content\\\/uploads\\\/2022\\\/03\\\/zbiorka-arena-fot-mbuksa-um-gliwice.jpg\",\"keywords\":[\"wojna w ukrainie\"],\"articleSection\":[\"Gliwice\",\"Najnowsze wiadomo\u015bci\"],\"inLanguage\":\"pl-PL\"},{\"@type\":\"WebPage\",\"@id\":\"https:\\\/\\\/www.24gliwice.pl\\\/wiadomosci\\\/w-miejskim-punkcie-zbierane-sa-dary-dla-uchodzcow-z-ukrainy-co-potrzebne-jest-teraz-najbardziej\\\/\",\"url\":\"https:\\\/\\\/www.24gliwice.pl\\\/wiadomosci\\\/w-miejskim-punkcie-zbierane-sa-dary-dla-uchodzcow-z-ukrainy-co-potrzebne-jest-teraz-najbardziej\\\/\",\"name\":\"W miejskim punkcie zbierane s\u0105 dary dla uchod\u017ac\u00f3w z Ukrainy. Co potrzebne jest teraz najbardziej? - 24GLIWICE - Portal Gliwice | codziennie nowe informacje\",\"isPartOf\":{\"@id\":\"https:\\\/\\\/www.24gliwice.pl\\\/wiadomosci\\\/#website\"},\"primaryImageOfPage\":{\"@id\":\"https:\\\/\\\/www.24gliwice.pl\\\/wiadomosci\\\/w-miejskim-punkcie-zbierane-sa-dary-dla-uchodzcow-z-ukrainy-co-potrzebne-jest-teraz-najbardziej\\\/#primaryimage\"},\"image\":{\"@id\":\"https:\\\/\\\/www.24gliwice.pl\\\/wiadomosci\\\/w-miejskim-punkcie-zbierane-sa-dary-dla-uchodzcow-z-ukrainy-co-potrzebne-jest-teraz-najbardziej\\\/#primaryimage\"},\"thumbnailUrl\":\"https:\\\/\\\/www.24gliwice.pl\\\/wiadomosci\\\/wp-content\\\/uploads\\\/2022\\\/03\\\/zbiorka-arena-fot-mbuksa-um-gliwice.jpg\",\"datePublished\":\"2022-03-30T15:38:31+00:00\",\"description\":\"W hali Arena Gliwice w dalszym ci\u0105gu prowadzona jest zbi\u00f3rka dar\u00f3w dla uchod\u017ac\u00f3w z teren\u00f3w obj\u0119tych dzia\u0142aniami wojennymi w Ukrainie\",\"breadcrumb\":{\"@id\":\"https:\\\/\\\/www.24gliwice.pl\\\/wiadomosci\\\/w-miejskim-punkcie-zbierane-sa-dary-dla-uchodzcow-z-ukrainy-co-potrzebne-jest-teraz-najbardziej\\\/#breadcrumb\"},\"inLanguage\":\"pl-PL\",\"potentialAction\":[{\"@type\":\"ReadAction\",\"target\":[\"https:\\\/\\\/www.24gliwice.pl\\\/wiadomosci\\\/w-miejskim-punkcie-zbierane-sa-dary-dla-uchodzcow-z-ukrainy-co-potrzebne-jest-teraz-najbardziej\\\/\"]}]},{\"@type\":\"ImageObject\",\"inLanguage\":\"pl-PL\",\"@id\":\"https:\\\/\\\/www.24gliwice.pl\\\/wiadomosci\\\/w-miejskim-punkcie-zbierane-sa-dary-dla-uchodzcow-z-ukrainy-co-potrzebne-jest-teraz-najbardziej\\\/#primaryimage\",\"url\":\"https:\\\/\\\/www.24gliwice.pl\\\/wiadomosci\\\/wp-content\\\/uploads\\\/2022\\\/03\\\/zbiorka-arena-fot-mbuksa-um-gliwice.jpg\",\"contentUrl\":\"https:\\\/\\\/www.24gliwice.pl\\\/wiadomosci\\\/wp-content\\\/uploads\\\/2022\\\/03\\\/zbiorka-arena-fot-mbuksa-um-gliwice.jpg\",\"width\":810,\"height\":456},{\"@type\":\"BreadcrumbList\",\"@id\":\"https:\\\/\\\/www.24gliwice.pl\\\/wiadomosci\\\/w-miejskim-punkcie-zbierane-sa-dary-dla-uchodzcow-z-ukrainy-co-potrzebne-jest-teraz-najbardziej\\\/#breadcrumb\",\"itemListElement\":[{\"@type\":\"ListItem\",\"position\":1,\"name\":\"Strona g\u0142\u00f3wna\",\"item\":\"https:\\\/\\\/www.24gliwice.pl\\\/wiadomosci\\\/\"},{\"@type\":\"ListItem\",\"position\":2,\"name\":\"W miejskim punkcie zbierane s\u0105 dary dla uchod\u017ac\u00f3w z Ukrainy. Co potrzebne jest teraz najbardziej?\"}]},{\"@type\":\"WebSite\",\"@id\":\"https:\\\/\\\/www.24gliwice.pl\\\/wiadomosci\\\/#website\",\"url\":\"https:\\\/\\\/www.24gliwice.pl\\\/wiadomosci\\\/\",\"name\":\"24GLIWICE - Portal Gliwice | codziennie nowe wiadomo\u015bci\",\"description\":\"Portal Miejski Gliwice\",\"publisher\":{\"@id\":\"https:\\\/\\\/www.24gliwice.pl\\\/wiadomosci\\\/#organization\"},\"potentialAction\":[{\"@type\":\"SearchAction\",\"target\":{\"@type\":\"EntryPoint\",\"urlTemplate\":\"https:\\\/\\\/www.24gliwice.pl\\\/wiadomosci\\\/?s={search_term_string}\"},\"query-input\":{\"@type\":\"PropertyValueSpecification\",\"valueRequired\":true,\"valueName\":\"search_term_string\"}}],\"inLanguage\":\"pl-PL\"},{\"@type\":\"Organization\",\"@id\":\"https:\\\/\\\/www.24gliwice.pl\\\/wiadomosci\\\/#organization\",\"name\":\"24gliwice\",\"url\":\"https:\\\/\\\/www.24gliwice.pl\\\/wiadomosci\\\/\",\"logo\":{\"@type\":\"ImageObject\",\"inLanguage\":\"pl-PL\",\"@id\":\"https:\\\/\\\/www.24gliwice.pl\\\/wiadomosci\\\/#\\\/schema\\\/logo\\\/image\\\/\",\"url\":\"https:\\\/\\\/www.24gliwice.pl\\\/wiadomosci\\\/wp-content\\\/uploads\\\/2024\\\/10\\\/24gliwice-logo-696.jpg\",\"contentUrl\":\"https:\\\/\\\/www.24gliwice.pl\\\/wiadomosci\\\/wp-content\\\/uploads\\\/2024\\\/10\\\/24gliwice-logo-696.jpg\",\"width\":696,\"height\":696,\"caption\":\"24gliwice\"},\"image\":{\"@id\":\"https:\\\/\\\/www.24gliwice.pl\\\/wiadomosci\\\/#\\\/schema\\\/logo\\\/image\\\/\"},\"sameAs\":[\"https:\\\/\\\/www.facebook.com\\\/24gliwice\",\"https:\\\/\\\/x.com\\\/24gliwice\",\"https:\\\/\\\/www.youtube.com\\\/@24gliwice\"]},{\"@type\":\"Person\",\"@id\":\"https:\\\/\\\/www.24gliwice.pl\\\/wiadomosci\\\/#\\\/schema\\\/person\\\/e42c650edd7f2fa332be3811fb166b6e\",\"name\":\"\u017baneta Mrozek-Siewierska\",\"image\":{\"@type\":\"ImageObject\",\"inLanguage\":\"pl-PL\",\"@id\":\"https:\\\/\\\/www.24gliwice.pl\\\/wiadomosci\\\/wp-content\\\/uploads\\\/2021\\\/11\\\/Zaneta-M_S-zdjecie-czb-96x96.jpg\",\"url\":\"https:\\\/\\\/www.24gliwice.pl\\\/wiadomosci\\\/wp-content\\\/uploads\\\/2021\\\/11\\\/Zaneta-M_S-zdjecie-czb-96x96.jpg\",\"contentUrl\":\"https:\\\/\\\/www.24gliwice.pl\\\/wiadomosci\\\/wp-content\\\/uploads\\\/2021\\\/11\\\/Zaneta-M_S-zdjecie-czb-96x96.jpg\",\"caption\":\"\u017baneta Mrozek-Siewierska\"},\"url\":\"https:\\\/\\\/www.24gliwice.pl\\\/wiadomosci\\\/author\\\/zms\\\/\"}]}<\/script>\n<!-- \/ Yoast SEO plugin. -->","yoast_head_json":{"title":"W miejskim punkcie zbierane s\u0105 dary dla uchod\u017ac\u00f3w z Ukrainy. Co potrzebne jest teraz najbardziej? - 24GLIWICE - Portal Gliwice | codziennie nowe informacje","description":"W hali Arena Gliwice w dalszym ci\u0105gu prowadzona jest zbi\u00f3rka dar\u00f3w dla uchod\u017ac\u00f3w z teren\u00f3w obj\u0119tych dzia\u0142aniami wojennymi w Ukrainie","robots":{"index":"index","follow":"follow","max-snippet":"max-snippet:-1","max-image-preview":"max-image-preview:large","max-video-preview":"max-video-preview:-1"},"canonical":"https:\/\/www.24gliwice.pl\/wiadomosci\/w-miejskim-punkcie-zbierane-sa-dary-dla-uchodzcow-z-ukrainy-co-potrzebne-jest-teraz-najbardziej\/","og_locale":"pl_PL","og_type":"article","og_title":"W miejskim punkcie zbierane s\u0105 dary dla uchod\u017ac\u00f3w z Ukrainy. Co potrzebne jest teraz najbardziej? - 24GLIWICE - Portal Gliwice | codziennie nowe informacje","og_description":"W hali Arena Gliwice w dalszym ci\u0105gu prowadzona jest zbi\u00f3rka dar\u00f3w dla uchod\u017ac\u00f3w z teren\u00f3w obj\u0119tych dzia\u0142aniami wojennymi w Ukrainie","og_url":"https:\/\/www.24gliwice.pl\/wiadomosci\/w-miejskim-punkcie-zbierane-sa-dary-dla-uchodzcow-z-ukrainy-co-potrzebne-jest-teraz-najbardziej\/","og_site_name":"24GLIWICE - Portal Gliwice | codziennie nowe informacje","article_publisher":"https:\/\/www.facebook.com\/24gliwice","article_published_time":"2022-03-30T15:38:31+00:00","og_image":[{"width":810,"height":456,"url":"https:\/\/www.24gliwice.pl\/wiadomosci\/wp-content\/uploads\/2022\/03\/zbiorka-arena-fot-mbuksa-um-gliwice.jpg","type":"image\/jpeg"}],"author":"\u017baneta Mrozek-Siewierska","twitter_card":"summary_large_image","twitter_creator":"@24gliwice","twitter_site":"@24gliwice","twitter_misc":{"Napisane przez":"\u017baneta Mrozek-Siewierska","Szacowany czas czytania":"1 minuta"},"schema":{"@context":"https:\/\/schema.org","@graph":[{"@type":"Article","@id":"https:\/\/www.24gliwice.pl\/wiadomosci\/w-miejskim-punkcie-zbierane-sa-dary-dla-uchodzcow-z-ukrainy-co-potrzebne-jest-teraz-najbardziej\/#article","isPartOf":{"@id":"https:\/\/www.24gliwice.pl\/wiadomosci\/w-miejskim-punkcie-zbierane-sa-dary-dla-uchodzcow-z-ukrainy-co-potrzebne-jest-teraz-najbardziej\/"},"author":{"name":"\u017baneta Mrozek-Siewierska","@id":"https:\/\/www.24gliwice.pl\/wiadomosci\/#\/schema\/person\/e42c650edd7f2fa332be3811fb166b6e"},"headline":"W miejskim punkcie zbierane s\u0105 dary dla uchod\u017ac\u00f3w z Ukrainy. Co potrzebne jest teraz najbardziej?","datePublished":"2022-03-30T15:38:31+00:00","mainEntityOfPage":{"@id":"https:\/\/www.24gliwice.pl\/wiadomosci\/w-miejskim-punkcie-zbierane-sa-dary-dla-uchodzcow-z-ukrainy-co-potrzebne-jest-teraz-najbardziej\/"},"wordCount":137,"publisher":{"@id":"https:\/\/www.24gliwice.pl\/wiadomosci\/#organization"},"image":{"@id":"https:\/\/www.24gliwice.pl\/wiadomosci\/w-miejskim-punkcie-zbierane-sa-dary-dla-uchodzcow-z-ukrainy-co-potrzebne-jest-teraz-najbardziej\/#primaryimage"},"thumbnailUrl":"https:\/\/www.24gliwice.pl\/wiadomosci\/wp-content\/uploads\/2022\/03\/zbiorka-arena-fot-mbuksa-um-gliwice.jpg","keywords":["wojna w ukrainie"],"articleSection":["Gliwice","Najnowsze wiadomo\u015bci"],"inLanguage":"pl-PL"},{"@type":"WebPage","@id":"https:\/\/www.24gliwice.pl\/wiadomosci\/w-miejskim-punkcie-zbierane-sa-dary-dla-uchodzcow-z-ukrainy-co-potrzebne-jest-teraz-najbardziej\/","url":"https:\/\/www.24gliwice.pl\/wiadomosci\/w-miejskim-punkcie-zbierane-sa-dary-dla-uchodzcow-z-ukrainy-co-potrzebne-jest-teraz-najbardziej\/","name":"W miejskim punkcie zbierane s\u0105 dary dla uchod\u017ac\u00f3w z Ukrainy. Co potrzebne jest teraz najbardziej? - 24GLIWICE - Portal Gliwice | codziennie nowe informacje","isPartOf":{"@id":"https:\/\/www.24gliwice.pl\/wiadomosci\/#website"},"primaryImageOfPage":{"@id":"https:\/\/www.24gliwice.pl\/wiadomosci\/w-miejskim-punkcie-zbierane-sa-dary-dla-uchodzcow-z-ukrainy-co-potrzebne-jest-teraz-najbardziej\/#primaryimage"},"image":{"@id":"https:\/\/www.24gliwice.pl\/wiadomosci\/w-miejskim-punkcie-zbierane-sa-dary-dla-uchodzcow-z-ukrainy-co-potrzebne-jest-teraz-najbardziej\/#primaryimage"},"thumbnailUrl":"https:\/\/www.24gliwice.pl\/wiadomosci\/wp-content\/uploads\/2022\/03\/zbiorka-arena-fot-mbuksa-um-gliwice.jpg","datePublished":"2022-03-30T15:38:31+00:00","description":"W hali Arena Gliwice w dalszym ci\u0105gu prowadzona jest zbi\u00f3rka dar\u00f3w dla uchod\u017ac\u00f3w z teren\u00f3w obj\u0119tych dzia\u0142aniami wojennymi w Ukrainie","breadcrumb":{"@id":"https:\/\/www.24gliwice.pl\/wiadomosci\/w-miejskim-punkcie-zbierane-sa-dary-dla-uchodzcow-z-ukrainy-co-potrzebne-jest-teraz-najbardziej\/#breadcrumb"},"inLanguage":"pl-PL","potentialAction":[{"@type":"ReadAction","target":["https:\/\/www.24gliwice.pl\/wiadomosci\/w-miejskim-punkcie-zbierane-sa-dary-dla-uchodzcow-z-ukrainy-co-potrzebne-jest-teraz-najbardziej\/"]}]},{"@type":"ImageObject","inLanguage":"pl-PL","@id":"https:\/\/www.24gliwice.pl\/wiadomosci\/w-miejskim-punkcie-zbierane-sa-dary-dla-uchodzcow-z-ukrainy-co-potrzebne-jest-teraz-najbardziej\/#primaryimage","url":"https:\/\/www.24gliwice.pl\/wiadomosci\/wp-content\/uploads\/2022\/03\/zbiorka-arena-fot-mbuksa-um-gliwice.jpg","contentUrl":"https:\/\/www.24gliwice.pl\/wiadomosci\/wp-content\/uploads\/2022\/03\/zbiorka-arena-fot-mbuksa-um-gliwice.jpg","width":810,"height":456},{"@type":"BreadcrumbList","@id":"https:\/\/www.24gliwice.pl\/wiadomosci\/w-miejskim-punkcie-zbierane-sa-dary-dla-uchodzcow-z-ukrainy-co-potrzebne-jest-teraz-najbardziej\/#breadcrumb","itemListElement":[{"@type":"ListItem","position":1,"name":"Strona g\u0142\u00f3wna","item":"https:\/\/www.24gliwice.pl\/wiadomosci\/"},{"@type":"ListItem","position":2,"name":"W miejskim punkcie zbierane s\u0105 dary dla uchod\u017ac\u00f3w z Ukrainy. Co potrzebne jest teraz najbardziej?"}]},{"@type":"WebSite","@id":"https:\/\/www.24gliwice.pl\/wiadomosci\/#website","url":"https:\/\/www.24gliwice.pl\/wiadomosci\/","name":"24GLIWICE - Portal Gliwice | codziennie nowe wiadomo\u015bci","description":"Portal Miejski Gliwice","publisher":{"@id":"https:\/\/www.24gliwice.pl\/wiadomosci\/#organization"},"potentialAction":[{"@type":"SearchAction","target":{"@type":"EntryPoint","urlTemplate":"https:\/\/www.24gliwice.pl\/wiadomosci\/?s={search_term_string}"},"query-input":{"@type":"PropertyValueSpecification","valueRequired":true,"valueName":"search_term_string"}}],"inLanguage":"pl-PL"},{"@type":"Organization","@id":"https:\/\/www.24gliwice.pl\/wiadomosci\/#organization","name":"24gliwice","url":"https:\/\/www.24gliwice.pl\/wiadomosci\/","logo":{"@type":"ImageObject","inLanguage":"pl-PL","@id":"https:\/\/www.24gliwice.pl\/wiadomosci\/#\/schema\/logo\/image\/","url":"https:\/\/www.24gliwice.pl\/wiadomosci\/wp-content\/uploads\/2024\/10\/24gliwice-logo-696.jpg","contentUrl":"https:\/\/www.24gliwice.pl\/wiadomosci\/wp-content\/uploads\/2024\/10\/24gliwice-logo-696.jpg","width":696,"height":696,"caption":"24gliwice"},"image":{"@id":"https:\/\/www.24gliwice.pl\/wiadomosci\/#\/schema\/logo\/image\/"},"sameAs":["https:\/\/www.facebook.com\/24gliwice","https:\/\/x.com\/24gliwice","https:\/\/www.youtube.com\/@24gliwice"]},{"@type":"Person","@id":"https:\/\/www.24gliwice.pl\/wiadomosci\/#\/schema\/person\/e42c650edd7f2fa332be3811fb166b6e","name":"\u017baneta Mrozek-Siewierska","image":{"@type":"ImageObject","inLanguage":"pl-PL","@id":"https:\/\/www.24gliwice.pl\/wiadomosci\/wp-content\/uploads\/2021\/11\/Zaneta-M_S-zdjecie-czb-96x96.jpg","url":"https:\/\/www.24gliwice.pl\/wiadomosci\/wp-content\/uploads\/2021\/11\/Zaneta-M_S-zdjecie-czb-96x96.jpg","contentUrl":"https:\/\/www.24gliwice.pl\/wiadomosci\/wp-content\/uploads\/2021\/11\/Zaneta-M_S-zdjecie-czb-96x96.jpg","caption":"\u017baneta Mrozek-Siewierska"},"url":"https:\/\/www.24gliwice.pl\/wiadomosci\/author\/zms\/"}]}},"_links":{"self":[{"href":"https:\/\/www.24gliwice.pl\/wiadomosci\/wp-json\/wp\/v2\/posts\/189586","targetHints":{"allow":["GET"]}}],"collection":[{"href":"https:\/\/www.24gliwice.pl\/wiadomosci\/wp-json\/wp\/v2\/posts"}],"about":[{"href":"https:\/\/www.24gliwice.pl\/wiadomosci\/wp-json\/wp\/v2\/types\/post"}],"author":[{"embeddable":true,"href":"https:\/\/www.24gliwice.pl\/wiadomosci\/wp-json\/wp\/v2\/users\/15"}],"replies":[{"embeddable":true,"href":"https:\/\/www.24gliwice.pl\/wiadomosci\/wp-json\/wp\/v2\/comments?post=189586"}],"version-history":[{"count":5,"href":"https:\/\/www.24gliwice.pl\/wiadomosci\/wp-json\/wp\/v2\/posts\/189586\/revisions"}],"predecessor-version":[{"id":189639,"href":"https:\/\/www.24gliwice.pl\/wiadomosci\/wp-json\/wp\/v2\/posts\/189586\/revisions\/189639"}],"wp:featuredmedia":[{"embeddable":true,"href":"https:\/\/www.24gliwice.pl\/wiadomosci\/wp-json\/wp\/v2\/media\/189589"}],"wp:attachment":[{"href":"https:\/\/www.24gliwice.pl\/wiadomosci\/wp-json\/wp\/v2\/media?parent=189586"}],"wp:term":[{"taxonomy":"category","embeddable":true,"href":"https:\/\/www.24gliwice.pl\/wiadomosci\/wp-json\/wp\/v2\/categories?post=189586"},{"taxonomy":"post_tag","embeddable":true,"href":"https:\/\/www.24gliwice.pl\/wiadomosci\/wp-json\/wp\/v2\/tags?post=189586"}],"curies":[{"name":"wp","href":"https:\/\/api.w.org\/{rel}","templated":true}]}}