{"id":189689,"date":"2022-04-04T01:52:12","date_gmt":"2022-04-03T23:52:12","guid":{"rendered":"https:\/\/www.24gliwice.pl\/wiadomosci\/?p=189689"},"modified":"2022-04-04T01:52:12","modified_gmt":"2022-04-03T23:52:12","slug":"degustacja-tradycyjnych-potraw-rozmowy-koncert-slasko-ukrainska-integracja-przy-rynku","status":"publish","type":"post","link":"https:\/\/www.24gliwice.pl\/wiadomosci\/degustacja-tradycyjnych-potraw-rozmowy-koncert-slasko-ukrainska-integracja-przy-rynku\/","title":{"rendered":"Degustacja tradycyjnych potraw, rozmowy, koncert. \u015al\u0105sko-ukrai\u0144ska integracja przy Rynku"},"content":{"rendered":"<div class=\"gliwi-a6-nad-leadem-artykulow gliwi-entity-placement\" id=\"gliwi-3322623574\"><div class=\"gliwi-adlabel\"><span style=\"font-size: 9px\">REKLAMA<\/span><\/div><div id=\"gliwi-3826571712\" style=\"margin-bottom: 30px;margin-left: auto;margin-right: auto;text-align: center;\"><a data-no-instant=\"1\" href=\"https:\/\/przedszkole.halogen.org.pl\/\" rel=\"noopener\" class=\"a2t-link\" target=\"_blank\" aria-label=\"20260402-ANIMATOR-przedszkole_grafika_750x200\"><img loading=\"lazy\" decoding=\"async\" src=\"https:\/\/www.24gliwice.pl\/wiadomosci\/wp-content\/uploads\/2026\/04\/20260402-ANIMATOR-przedszkole_grafika_750x200.webp\" alt=\"\"  srcset=\"https:\/\/www.24gliwice.pl\/wiadomosci\/wp-content\/uploads\/2026\/04\/20260402-ANIMATOR-przedszkole_grafika_750x200.webp 750w, https:\/\/www.24gliwice.pl\/wiadomosci\/wp-content\/uploads\/2026\/04\/20260402-ANIMATOR-przedszkole_grafika_750x200-410x109.webp 410w\" sizes=\"(max-width: 750px) 100vw, 750px\" class=\"no-lazyload\" width=\"750\" height=\"200\"  style=\"display: inline-block; max-width: 100%; height: auto;\" \/><\/a><\/div><\/div><h2>Przed nami weekend Integracji \u015al\u0105sko-Ukrai\u0144skiej w Stacji Artystycznej Rynek. Rozmowy, podanie r\u0119ki, u\u015bmiech &#8211; tego na pewno nie zabraknie podczas wydarzenia, kt\u00f3re zaplanowano na pi\u0105tek i sobot\u0119, 8-9 kwietnia.<\/h2>\n<p>&nbsp;<br \/>\nPodczas imprezy b\u0119dzie okazja do nawi\u0105zania nowych znajomo\u015bci, wsparcia zbi\u00f3rki na rzecz uchod\u017ac\u00f3w przybywaj\u0105cych na terenie powiatu gliwickiego, degustacji i zakupu tradycyjnych \u015bl\u0105skich i ukrai\u0144skich przysmak\u00f3w, a tak\u017ce zakupu r\u0119kodzie\u0142a artystycznego. Wszystko w przyjaznej atmosferze i d\u017awi\u0119kach muzyki. Weekend zako\u0144czy koncert pie\u015bni ukrai\u0144skich.<\/p>\n<h4>PI\u0104TEK, 8 KWIETNIA<\/h4>\n<p><strong>\t<\/p>\n<li>17:00-20:00 | Stoiska \u015bl\u0105sko-ukrai\u0144skie<\/li>\n<p><\/strong><\/p>\n<p>W tych godzinach b\u0119dzie mo\u017cliwo\u015b\u0107 zakupu i degustacji tradycyjnych \u015bl\u0105skich i ukrai\u0144skich da\u0144 oraz r\u0119kodzie\u0142a i innych wytwor\u00f3w artystycznych. Wst\u0119p wolny.<\/p><div class=\"gliwi-a3-w-tresci-artykulow gliwi-entity-placement\" id=\"gliwi-2929308183\"><div class=\"gliwi-adlabel\"><span style=\"font-size: 9px\">REKLAMA<\/span><\/div><div id=\"gliwi-3027100120\" style=\"margin-bottom: 30px;margin-left: auto;margin-right: auto;text-align: center;\"><a data-no-instant=\"1\" href=\"https:\/\/ogrodyandersa.pl\/\" rel=\"noopener\" class=\"a2t-link\" target=\"_blank\" aria-label=\"20260415 Ogrody Andersa KUP TERAZ D\"><img loading=\"lazy\" decoding=\"async\" src=\"https:\/\/www.24gliwice.pl\/wiadomosci\/wp-content\/uploads\/2026\/04\/20260415-Ogrody-Andersa-KUP-TERAZ-D.jpg\" alt=\"\"  srcset=\"https:\/\/www.24gliwice.pl\/wiadomosci\/wp-content\/uploads\/2026\/04\/20260415-Ogrody-Andersa-KUP-TERAZ-D.jpg 750w, https:\/\/www.24gliwice.pl\/wiadomosci\/wp-content\/uploads\/2026\/04\/20260415-Ogrody-Andersa-KUP-TERAZ-D-410x109.jpg 410w\" sizes=\"(max-width: 750px) 100vw, 750px\" class=\"no-lazyload\" width=\"750\" height=\"200\"  style=\"display: inline-block; max-width: 100%; height: auto;\" \/><\/a><\/div><\/div>\n<p><strong>\t<\/p>\n<li>17:00-17:45 | Od p\u0142\u00f3tna do adamaszku \u2013 warstwy historii w stroju \u015bl\u0105skim<\/li>\n<p><\/strong><\/p>\n<p><strong>Ma\u0142gorzata Pietrzak<\/strong> opowie o kobiecym stroju \u015bl\u0105skim \u2013 o jego historii, rozwoju, tkaninach, krojach, o tym, jak kszta\u0142towa\u0142 sylwetk\u0119 i odzwierciedla\u0142 idea\u0142y pi\u0119kna i warto\u015bci wa\u017cne dla kobiet. Opowie\u015b\u0107 b\u0119dzie post\u0119powa\u0142a w rytmie zak\u0142adania kolejnych warstw. Dodatkowo najm\u0142odsi b\u0119d\u0105 mogli wykona\u0107 papierowe lalki przestawiaj\u0105ce dziewczyn\u0119 i kobiet\u0119 w \u015bl\u0105skich strojach. Wst\u0119p wolny.<\/p>\n<p><strong>\t<\/p>\n<li>18:15-19:45 | Rozmowy o relacjach \u015bl\u0105sko-ukrai\u0144skich &#8211; panel o pami\u0119ci Kres\u00f3w Wschodnich w Gliwicach<\/li>\n<p><\/strong><\/p>\n<p>Naszymi go\u015b\u0107mi b\u0119d\u0105 badacze i badaczki dziedzictwa kultury ze \u015al\u0105ska. Wst\u0119p wolny.<\/p>\n<h4>SOBOTA, 9 KWIETNIA<\/h4>\n<p><strong>\t<\/p>\n<li>16:00-18:30 | Stoiska \u015bl\u0105sko-ukrai\u0144skie<\/li>\n<p><\/strong><\/p>\n<p><strong>\t<\/p>\n<li>16:45-18:15 | Rozmowy o relacjach \u015bl\u0105sko-ukrai\u0144skich<\/li>\n<p><\/strong><\/p>\n<p>Naszymi go\u015b\u0107mi b\u0119d\u0105 Ukrai\u0144cy mieszkaj\u0105cy na \u015al\u0105sku od d\u0142u\u017cszego czasu, a tak\u017ce ci, kt\u00f3rych okrucie\u0144stwo wojny zmusi\u0142o do ucieczki. Wst\u0119p wolny.<\/p>\n<p><strong>\t<\/p>\n<li>19:00-20:00 | Koncert | Pie\u015bni ukrai\u0144skie w wykonaniu zespo\u0142u 28 \u0440\u0430\u0439\u043e\u043d (28 dzielnica)<\/li>\n<p><\/strong><\/p>\n<p>Koncert pie\u015bni ukrai\u0144skich wykona zesp\u00f3\u0142 28 dzielnica, 28 \u0440\u0430\u0439\u043e\u043d( \u043f\u043e \u0443\u043a\u0440.) 28 district.( eng). Zesp\u00f3\u0142 powsta\u0142 w 2021. Mieszka\u0144cy Rybnika i okolic w ramach jednego z projekt\u00f3w Stowarzyszenia 17-stka stworzyli zesp\u00f3\u0142 integracyjny pod nazw\u0105 28 dzielnica Rybnika. W Rybniku funkcjonuje oficjalnie 27 dzielnic. Z racji tego, \u017ce w mie\u015bcie mieszka oko\u0142o 10 tys Ukrai\u0144c\u00f3w, powsta\u0142a 28 dzielnica kt\u00f3r\u0105 tworz\u0105 Ukrai\u0144cy. Na jednym z wydarze\u0144 ukrai\u0144skiego narodu, powo\u0142ano utalentowanych muzyk\u00f3w do za\u015bpiewania kilku utwor\u00f3w w j\u0119zyku ukrai\u0144skim. Tak si\u0119 zacz\u0119\u0142a przygoda zespo\u0142u wokalnego 28 dzielnica. Koszt biletu w przedsprzeda\u017cy 20 z\u0142 i 25 z\u0142 w dniu koncertu.<\/p>\n<p>Szczeg\u00f3\u0142owe informacje znajduj\u0105 si\u0119 w wydarzeniu <a href=\"https:\/\/www.facebook.com\/events\/673023730419325\/673023737085991\" rel=\"noopener\" target=\"_blank\">w serwisie facebook.com &#8211; kliknij tutaj. <\/a><\/p>\n<p><strong>Stacja Artystyczna Rynek, Gliwice, Rynek 4\/5<\/strong><\/p>\n<p>(mat. organizatora)<br \/>\nfot. px<\/p>\n<div class=\"gliwi-a5-na-koncu-artykulow gliwi-entity-placement\" id=\"gliwi-1971432269\"><div class=\"gliwi-adlabel\"><span style=\"font-size: 9px\">REKLAMA<\/span><\/div><div id=\"gliwi-790985484\" style=\"margin-left: auto;margin-right: auto;text-align: center;\"><a data-no-instant=\"1\" href=\"https:\/\/prezeroarenagliwice.pl\/\" rel=\"noopener\" class=\"a2t-link\" target=\"_blank\" aria-label=\"20260309-PREZERO-WIOSNA-D\"><img loading=\"lazy\" decoding=\"async\" src=\"https:\/\/www.24gliwice.pl\/wiadomosci\/wp-content\/uploads\/2026\/03\/20260309-PREZERO-WIOSNA-D.webp\" alt=\"\"  srcset=\"https:\/\/www.24gliwice.pl\/wiadomosci\/wp-content\/uploads\/2026\/03\/20260309-PREZERO-WIOSNA-D.webp 750w, https:\/\/www.24gliwice.pl\/wiadomosci\/wp-content\/uploads\/2026\/03\/20260309-PREZERO-WIOSNA-D-410x109.webp 410w\" sizes=\"(max-width: 750px) 100vw, 750px\" class=\"no-lazyload\" width=\"750\" height=\"200\"  style=\"display: inline-block; max-width: 100%; height: auto;\" \/><\/a><\/div><\/div>","protected":false},"excerpt":{"rendered":"<p>Przed nami weekend Integracji \u015al\u0105sko-Ukrai\u0144skiej w Stacji Artystycznej Rynek. Rozmowy, podanie r\u0119ki, u\u015bmiech &#8211; tego na pewno nie zabraknie podczas wydarzenia, kt\u00f3re zaplanowano na pi\u0105tek i sobot\u0119, 8-9 kwietnia. &nbsp; Podczas imprezy b\u0119dzie okazja do nawi\u0105zania nowych znajomo\u015bci, wsparcia zbi\u00f3rki na rzecz uchod\u017ac\u00f3w przybywaj\u0105cych na terenie powiatu gliwickiego, degustacji i zakupu tradycyjnych \u015bl\u0105skich i ukrai\u0144skich [&hellip;]<\/p>\n","protected":false},"author":15,"featured_media":189711,"comment_status":"closed","ping_status":"closed","sticky":false,"template":"","format":"standard","meta":{"_monsterinsights_skip_tracking":false,"_monsterinsights_sitenote_active":false,"_monsterinsights_sitenote_note":"","_monsterinsights_sitenote_category":0,"footnotes":"","_links_to":"","_links_to_target":""},"categories":[3,6,1],"tags":[4088],"class_list":["post-189689","post","type-post","status-publish","format-standard","has-post-thumbnail","hentry","category-gliwice","category-kultura","category-wszystko","tag-stacja-artystyczna-rynek"],"yoast_head":"<!-- This site is optimized with the Yoast SEO plugin v27.4 - https:\/\/yoast.com\/product\/yoast-seo-wordpress\/ -->\n<title>Degustacja tradycyjnych potraw, rozmowy, koncert. \u015al\u0105sko-ukrai\u0144ska integracja przy Rynku - 24GLIWICE - Portal Gliwice | codziennie nowe informacje<\/title>\n<meta name=\"description\" content=\"W Stacji Artystycznej Rynek w dniach 8-9 kwietnia zaplanowano \u015al\u0105sko-Ukrai\u0144sk\u0105 Integracj\u0119. Mo\u017cna b\u0119dzie m.in. spr\u00f3bowa\u0107 tradycyjnych potraw\" \/>\n<meta name=\"robots\" content=\"index, follow, max-snippet:-1, max-image-preview:large, max-video-preview:-1\" \/>\n<link rel=\"canonical\" href=\"https:\/\/www.24gliwice.pl\/wiadomosci\/degustacja-tradycyjnych-potraw-rozmowy-koncert-slasko-ukrainska-integracja-przy-rynku\/\" \/>\n<meta property=\"og:locale\" content=\"pl_PL\" \/>\n<meta property=\"og:type\" content=\"article\" \/>\n<meta property=\"og:title\" content=\"Degustacja tradycyjnych potraw, rozmowy, koncert. \u015al\u0105sko-ukrai\u0144ska integracja przy Rynku - 24GLIWICE - Portal Gliwice | codziennie nowe informacje\" \/>\n<meta property=\"og:description\" content=\"W Stacji Artystycznej Rynek w dniach 8-9 kwietnia zaplanowano \u015al\u0105sko-Ukrai\u0144sk\u0105 Integracj\u0119. Mo\u017cna b\u0119dzie m.in. spr\u00f3bowa\u0107 tradycyjnych potraw\" \/>\n<meta property=\"og:url\" content=\"https:\/\/www.24gliwice.pl\/wiadomosci\/degustacja-tradycyjnych-potraw-rozmowy-koncert-slasko-ukrainska-integracja-przy-rynku\/\" \/>\n<meta property=\"og:site_name\" content=\"24GLIWICE - Portal Gliwice | codziennie nowe informacje\" \/>\n<meta property=\"article:publisher\" content=\"https:\/\/www.facebook.com\/24gliwice\" \/>\n<meta property=\"article:published_time\" content=\"2022-04-03T23:52:12+00:00\" \/>\n<meta property=\"og:image\" content=\"https:\/\/www.24gliwice.pl\/wiadomosci\/wp-content\/uploads\/2022\/03\/barszcz.jpg\" \/>\n\t<meta property=\"og:image:width\" content=\"810\" \/>\n\t<meta property=\"og:image:height\" content=\"457\" \/>\n\t<meta property=\"og:image:type\" content=\"image\/jpeg\" \/>\n<meta name=\"author\" content=\"\u017baneta Mrozek-Siewierska\" \/>\n<meta name=\"twitter:card\" content=\"summary_large_image\" \/>\n<meta name=\"twitter:creator\" content=\"@24gliwice\" \/>\n<meta name=\"twitter:site\" content=\"@24gliwice\" \/>\n<meta name=\"twitter:label1\" content=\"Napisane przez\" \/>\n\t<meta name=\"twitter:data1\" content=\"\u017baneta Mrozek-Siewierska\" \/>\n\t<meta name=\"twitter:label2\" content=\"Szacowany czas czytania\" \/>\n\t<meta name=\"twitter:data2\" content=\"2 minuty\" \/>\n<script type=\"application\/ld+json\" class=\"yoast-schema-graph\">{\"@context\":\"https:\\\/\\\/schema.org\",\"@graph\":[{\"@type\":\"Article\",\"@id\":\"https:\\\/\\\/www.24gliwice.pl\\\/wiadomosci\\\/degustacja-tradycyjnych-potraw-rozmowy-koncert-slasko-ukrainska-integracja-przy-rynku\\\/#article\",\"isPartOf\":{\"@id\":\"https:\\\/\\\/www.24gliwice.pl\\\/wiadomosci\\\/degustacja-tradycyjnych-potraw-rozmowy-koncert-slasko-ukrainska-integracja-przy-rynku\\\/\"},\"author\":{\"name\":\"\u017baneta Mrozek-Siewierska\",\"@id\":\"https:\\\/\\\/www.24gliwice.pl\\\/wiadomosci\\\/#\\\/schema\\\/person\\\/e42c650edd7f2fa332be3811fb166b6e\"},\"headline\":\"Degustacja tradycyjnych potraw, rozmowy, koncert. \u015al\u0105sko-ukrai\u0144ska integracja przy Rynku\",\"datePublished\":\"2022-04-03T23:52:12+00:00\",\"mainEntityOfPage\":{\"@id\":\"https:\\\/\\\/www.24gliwice.pl\\\/wiadomosci\\\/degustacja-tradycyjnych-potraw-rozmowy-koncert-slasko-ukrainska-integracja-przy-rynku\\\/\"},\"wordCount\":477,\"publisher\":{\"@id\":\"https:\\\/\\\/www.24gliwice.pl\\\/wiadomosci\\\/#organization\"},\"image\":{\"@id\":\"https:\\\/\\\/www.24gliwice.pl\\\/wiadomosci\\\/degustacja-tradycyjnych-potraw-rozmowy-koncert-slasko-ukrainska-integracja-przy-rynku\\\/#primaryimage\"},\"thumbnailUrl\":\"https:\\\/\\\/www.24gliwice.pl\\\/wiadomosci\\\/wp-content\\\/uploads\\\/2022\\\/03\\\/barszcz.jpg\",\"keywords\":[\"STACJA ARTYSTYCZNA RYNEK\"],\"articleSection\":[\"Gliwice\",\"Kultura, wydarzenia, imprezy\",\"Najnowsze wiadomo\u015bci\"],\"inLanguage\":\"pl-PL\"},{\"@type\":\"WebPage\",\"@id\":\"https:\\\/\\\/www.24gliwice.pl\\\/wiadomosci\\\/degustacja-tradycyjnych-potraw-rozmowy-koncert-slasko-ukrainska-integracja-przy-rynku\\\/\",\"url\":\"https:\\\/\\\/www.24gliwice.pl\\\/wiadomosci\\\/degustacja-tradycyjnych-potraw-rozmowy-koncert-slasko-ukrainska-integracja-przy-rynku\\\/\",\"name\":\"Degustacja tradycyjnych potraw, rozmowy, koncert. \u015al\u0105sko-ukrai\u0144ska integracja przy Rynku - 24GLIWICE - Portal Gliwice | codziennie nowe informacje\",\"isPartOf\":{\"@id\":\"https:\\\/\\\/www.24gliwice.pl\\\/wiadomosci\\\/#website\"},\"primaryImageOfPage\":{\"@id\":\"https:\\\/\\\/www.24gliwice.pl\\\/wiadomosci\\\/degustacja-tradycyjnych-potraw-rozmowy-koncert-slasko-ukrainska-integracja-przy-rynku\\\/#primaryimage\"},\"image\":{\"@id\":\"https:\\\/\\\/www.24gliwice.pl\\\/wiadomosci\\\/degustacja-tradycyjnych-potraw-rozmowy-koncert-slasko-ukrainska-integracja-przy-rynku\\\/#primaryimage\"},\"thumbnailUrl\":\"https:\\\/\\\/www.24gliwice.pl\\\/wiadomosci\\\/wp-content\\\/uploads\\\/2022\\\/03\\\/barszcz.jpg\",\"datePublished\":\"2022-04-03T23:52:12+00:00\",\"description\":\"W Stacji Artystycznej Rynek w dniach 8-9 kwietnia zaplanowano \u015al\u0105sko-Ukrai\u0144sk\u0105 Integracj\u0119. Mo\u017cna b\u0119dzie m.in. spr\u00f3bowa\u0107 tradycyjnych potraw\",\"breadcrumb\":{\"@id\":\"https:\\\/\\\/www.24gliwice.pl\\\/wiadomosci\\\/degustacja-tradycyjnych-potraw-rozmowy-koncert-slasko-ukrainska-integracja-przy-rynku\\\/#breadcrumb\"},\"inLanguage\":\"pl-PL\",\"potentialAction\":[{\"@type\":\"ReadAction\",\"target\":[\"https:\\\/\\\/www.24gliwice.pl\\\/wiadomosci\\\/degustacja-tradycyjnych-potraw-rozmowy-koncert-slasko-ukrainska-integracja-przy-rynku\\\/\"]}]},{\"@type\":\"ImageObject\",\"inLanguage\":\"pl-PL\",\"@id\":\"https:\\\/\\\/www.24gliwice.pl\\\/wiadomosci\\\/degustacja-tradycyjnych-potraw-rozmowy-koncert-slasko-ukrainska-integracja-przy-rynku\\\/#primaryimage\",\"url\":\"https:\\\/\\\/www.24gliwice.pl\\\/wiadomosci\\\/wp-content\\\/uploads\\\/2022\\\/03\\\/barszcz.jpg\",\"contentUrl\":\"https:\\\/\\\/www.24gliwice.pl\\\/wiadomosci\\\/wp-content\\\/uploads\\\/2022\\\/03\\\/barszcz.jpg\",\"width\":810,\"height\":457},{\"@type\":\"BreadcrumbList\",\"@id\":\"https:\\\/\\\/www.24gliwice.pl\\\/wiadomosci\\\/degustacja-tradycyjnych-potraw-rozmowy-koncert-slasko-ukrainska-integracja-przy-rynku\\\/#breadcrumb\",\"itemListElement\":[{\"@type\":\"ListItem\",\"position\":1,\"name\":\"Strona g\u0142\u00f3wna\",\"item\":\"https:\\\/\\\/www.24gliwice.pl\\\/wiadomosci\\\/\"},{\"@type\":\"ListItem\",\"position\":2,\"name\":\"Degustacja tradycyjnych potraw, rozmowy, koncert. \u015al\u0105sko-ukrai\u0144ska integracja przy Rynku\"}]},{\"@type\":\"WebSite\",\"@id\":\"https:\\\/\\\/www.24gliwice.pl\\\/wiadomosci\\\/#website\",\"url\":\"https:\\\/\\\/www.24gliwice.pl\\\/wiadomosci\\\/\",\"name\":\"24GLIWICE - Portal Gliwice | codziennie nowe wiadomo\u015bci\",\"description\":\"Portal Miejski Gliwice\",\"publisher\":{\"@id\":\"https:\\\/\\\/www.24gliwice.pl\\\/wiadomosci\\\/#organization\"},\"potentialAction\":[{\"@type\":\"SearchAction\",\"target\":{\"@type\":\"EntryPoint\",\"urlTemplate\":\"https:\\\/\\\/www.24gliwice.pl\\\/wiadomosci\\\/?s={search_term_string}\"},\"query-input\":{\"@type\":\"PropertyValueSpecification\",\"valueRequired\":true,\"valueName\":\"search_term_string\"}}],\"inLanguage\":\"pl-PL\"},{\"@type\":\"Organization\",\"@id\":\"https:\\\/\\\/www.24gliwice.pl\\\/wiadomosci\\\/#organization\",\"name\":\"24gliwice\",\"url\":\"https:\\\/\\\/www.24gliwice.pl\\\/wiadomosci\\\/\",\"logo\":{\"@type\":\"ImageObject\",\"inLanguage\":\"pl-PL\",\"@id\":\"https:\\\/\\\/www.24gliwice.pl\\\/wiadomosci\\\/#\\\/schema\\\/logo\\\/image\\\/\",\"url\":\"https:\\\/\\\/www.24gliwice.pl\\\/wiadomosci\\\/wp-content\\\/uploads\\\/2024\\\/10\\\/24gliwice-logo-696.jpg\",\"contentUrl\":\"https:\\\/\\\/www.24gliwice.pl\\\/wiadomosci\\\/wp-content\\\/uploads\\\/2024\\\/10\\\/24gliwice-logo-696.jpg\",\"width\":696,\"height\":696,\"caption\":\"24gliwice\"},\"image\":{\"@id\":\"https:\\\/\\\/www.24gliwice.pl\\\/wiadomosci\\\/#\\\/schema\\\/logo\\\/image\\\/\"},\"sameAs\":[\"https:\\\/\\\/www.facebook.com\\\/24gliwice\",\"https:\\\/\\\/x.com\\\/24gliwice\",\"https:\\\/\\\/www.youtube.com\\\/@24gliwice\"]},{\"@type\":\"Person\",\"@id\":\"https:\\\/\\\/www.24gliwice.pl\\\/wiadomosci\\\/#\\\/schema\\\/person\\\/e42c650edd7f2fa332be3811fb166b6e\",\"name\":\"\u017baneta Mrozek-Siewierska\",\"image\":{\"@type\":\"ImageObject\",\"inLanguage\":\"pl-PL\",\"@id\":\"https:\\\/\\\/www.24gliwice.pl\\\/wiadomosci\\\/wp-content\\\/uploads\\\/2021\\\/11\\\/Zaneta-M_S-zdjecie-czb-96x96.jpg\",\"url\":\"https:\\\/\\\/www.24gliwice.pl\\\/wiadomosci\\\/wp-content\\\/uploads\\\/2021\\\/11\\\/Zaneta-M_S-zdjecie-czb-96x96.jpg\",\"contentUrl\":\"https:\\\/\\\/www.24gliwice.pl\\\/wiadomosci\\\/wp-content\\\/uploads\\\/2021\\\/11\\\/Zaneta-M_S-zdjecie-czb-96x96.jpg\",\"caption\":\"\u017baneta Mrozek-Siewierska\"},\"url\":\"https:\\\/\\\/www.24gliwice.pl\\\/wiadomosci\\\/author\\\/zms\\\/\"}]}<\/script>\n<!-- \/ Yoast SEO plugin. -->","yoast_head_json":{"title":"Degustacja tradycyjnych potraw, rozmowy, koncert. \u015al\u0105sko-ukrai\u0144ska integracja przy Rynku - 24GLIWICE - Portal Gliwice | codziennie nowe informacje","description":"W Stacji Artystycznej Rynek w dniach 8-9 kwietnia zaplanowano \u015al\u0105sko-Ukrai\u0144sk\u0105 Integracj\u0119. Mo\u017cna b\u0119dzie m.in. spr\u00f3bowa\u0107 tradycyjnych potraw","robots":{"index":"index","follow":"follow","max-snippet":"max-snippet:-1","max-image-preview":"max-image-preview:large","max-video-preview":"max-video-preview:-1"},"canonical":"https:\/\/www.24gliwice.pl\/wiadomosci\/degustacja-tradycyjnych-potraw-rozmowy-koncert-slasko-ukrainska-integracja-przy-rynku\/","og_locale":"pl_PL","og_type":"article","og_title":"Degustacja tradycyjnych potraw, rozmowy, koncert. \u015al\u0105sko-ukrai\u0144ska integracja przy Rynku - 24GLIWICE - Portal Gliwice | codziennie nowe informacje","og_description":"W Stacji Artystycznej Rynek w dniach 8-9 kwietnia zaplanowano \u015al\u0105sko-Ukrai\u0144sk\u0105 Integracj\u0119. Mo\u017cna b\u0119dzie m.in. spr\u00f3bowa\u0107 tradycyjnych potraw","og_url":"https:\/\/www.24gliwice.pl\/wiadomosci\/degustacja-tradycyjnych-potraw-rozmowy-koncert-slasko-ukrainska-integracja-przy-rynku\/","og_site_name":"24GLIWICE - Portal Gliwice | codziennie nowe informacje","article_publisher":"https:\/\/www.facebook.com\/24gliwice","article_published_time":"2022-04-03T23:52:12+00:00","og_image":[{"width":810,"height":457,"url":"https:\/\/www.24gliwice.pl\/wiadomosci\/wp-content\/uploads\/2022\/03\/barszcz.jpg","type":"image\/jpeg"}],"author":"\u017baneta Mrozek-Siewierska","twitter_card":"summary_large_image","twitter_creator":"@24gliwice","twitter_site":"@24gliwice","twitter_misc":{"Napisane przez":"\u017baneta Mrozek-Siewierska","Szacowany czas czytania":"2 minuty"},"schema":{"@context":"https:\/\/schema.org","@graph":[{"@type":"Article","@id":"https:\/\/www.24gliwice.pl\/wiadomosci\/degustacja-tradycyjnych-potraw-rozmowy-koncert-slasko-ukrainska-integracja-przy-rynku\/#article","isPartOf":{"@id":"https:\/\/www.24gliwice.pl\/wiadomosci\/degustacja-tradycyjnych-potraw-rozmowy-koncert-slasko-ukrainska-integracja-przy-rynku\/"},"author":{"name":"\u017baneta Mrozek-Siewierska","@id":"https:\/\/www.24gliwice.pl\/wiadomosci\/#\/schema\/person\/e42c650edd7f2fa332be3811fb166b6e"},"headline":"Degustacja tradycyjnych potraw, rozmowy, koncert. \u015al\u0105sko-ukrai\u0144ska integracja przy Rynku","datePublished":"2022-04-03T23:52:12+00:00","mainEntityOfPage":{"@id":"https:\/\/www.24gliwice.pl\/wiadomosci\/degustacja-tradycyjnych-potraw-rozmowy-koncert-slasko-ukrainska-integracja-przy-rynku\/"},"wordCount":477,"publisher":{"@id":"https:\/\/www.24gliwice.pl\/wiadomosci\/#organization"},"image":{"@id":"https:\/\/www.24gliwice.pl\/wiadomosci\/degustacja-tradycyjnych-potraw-rozmowy-koncert-slasko-ukrainska-integracja-przy-rynku\/#primaryimage"},"thumbnailUrl":"https:\/\/www.24gliwice.pl\/wiadomosci\/wp-content\/uploads\/2022\/03\/barszcz.jpg","keywords":["STACJA ARTYSTYCZNA RYNEK"],"articleSection":["Gliwice","Kultura, wydarzenia, imprezy","Najnowsze wiadomo\u015bci"],"inLanguage":"pl-PL"},{"@type":"WebPage","@id":"https:\/\/www.24gliwice.pl\/wiadomosci\/degustacja-tradycyjnych-potraw-rozmowy-koncert-slasko-ukrainska-integracja-przy-rynku\/","url":"https:\/\/www.24gliwice.pl\/wiadomosci\/degustacja-tradycyjnych-potraw-rozmowy-koncert-slasko-ukrainska-integracja-przy-rynku\/","name":"Degustacja tradycyjnych potraw, rozmowy, koncert. \u015al\u0105sko-ukrai\u0144ska integracja przy Rynku - 24GLIWICE - Portal Gliwice | codziennie nowe informacje","isPartOf":{"@id":"https:\/\/www.24gliwice.pl\/wiadomosci\/#website"},"primaryImageOfPage":{"@id":"https:\/\/www.24gliwice.pl\/wiadomosci\/degustacja-tradycyjnych-potraw-rozmowy-koncert-slasko-ukrainska-integracja-przy-rynku\/#primaryimage"},"image":{"@id":"https:\/\/www.24gliwice.pl\/wiadomosci\/degustacja-tradycyjnych-potraw-rozmowy-koncert-slasko-ukrainska-integracja-przy-rynku\/#primaryimage"},"thumbnailUrl":"https:\/\/www.24gliwice.pl\/wiadomosci\/wp-content\/uploads\/2022\/03\/barszcz.jpg","datePublished":"2022-04-03T23:52:12+00:00","description":"W Stacji Artystycznej Rynek w dniach 8-9 kwietnia zaplanowano \u015al\u0105sko-Ukrai\u0144sk\u0105 Integracj\u0119. Mo\u017cna b\u0119dzie m.in. spr\u00f3bowa\u0107 tradycyjnych potraw","breadcrumb":{"@id":"https:\/\/www.24gliwice.pl\/wiadomosci\/degustacja-tradycyjnych-potraw-rozmowy-koncert-slasko-ukrainska-integracja-przy-rynku\/#breadcrumb"},"inLanguage":"pl-PL","potentialAction":[{"@type":"ReadAction","target":["https:\/\/www.24gliwice.pl\/wiadomosci\/degustacja-tradycyjnych-potraw-rozmowy-koncert-slasko-ukrainska-integracja-przy-rynku\/"]}]},{"@type":"ImageObject","inLanguage":"pl-PL","@id":"https:\/\/www.24gliwice.pl\/wiadomosci\/degustacja-tradycyjnych-potraw-rozmowy-koncert-slasko-ukrainska-integracja-przy-rynku\/#primaryimage","url":"https:\/\/www.24gliwice.pl\/wiadomosci\/wp-content\/uploads\/2022\/03\/barszcz.jpg","contentUrl":"https:\/\/www.24gliwice.pl\/wiadomosci\/wp-content\/uploads\/2022\/03\/barszcz.jpg","width":810,"height":457},{"@type":"BreadcrumbList","@id":"https:\/\/www.24gliwice.pl\/wiadomosci\/degustacja-tradycyjnych-potraw-rozmowy-koncert-slasko-ukrainska-integracja-przy-rynku\/#breadcrumb","itemListElement":[{"@type":"ListItem","position":1,"name":"Strona g\u0142\u00f3wna","item":"https:\/\/www.24gliwice.pl\/wiadomosci\/"},{"@type":"ListItem","position":2,"name":"Degustacja tradycyjnych potraw, rozmowy, koncert. \u015al\u0105sko-ukrai\u0144ska integracja przy Rynku"}]},{"@type":"WebSite","@id":"https:\/\/www.24gliwice.pl\/wiadomosci\/#website","url":"https:\/\/www.24gliwice.pl\/wiadomosci\/","name":"24GLIWICE - Portal Gliwice | codziennie nowe wiadomo\u015bci","description":"Portal Miejski Gliwice","publisher":{"@id":"https:\/\/www.24gliwice.pl\/wiadomosci\/#organization"},"potentialAction":[{"@type":"SearchAction","target":{"@type":"EntryPoint","urlTemplate":"https:\/\/www.24gliwice.pl\/wiadomosci\/?s={search_term_string}"},"query-input":{"@type":"PropertyValueSpecification","valueRequired":true,"valueName":"search_term_string"}}],"inLanguage":"pl-PL"},{"@type":"Organization","@id":"https:\/\/www.24gliwice.pl\/wiadomosci\/#organization","name":"24gliwice","url":"https:\/\/www.24gliwice.pl\/wiadomosci\/","logo":{"@type":"ImageObject","inLanguage":"pl-PL","@id":"https:\/\/www.24gliwice.pl\/wiadomosci\/#\/schema\/logo\/image\/","url":"https:\/\/www.24gliwice.pl\/wiadomosci\/wp-content\/uploads\/2024\/10\/24gliwice-logo-696.jpg","contentUrl":"https:\/\/www.24gliwice.pl\/wiadomosci\/wp-content\/uploads\/2024\/10\/24gliwice-logo-696.jpg","width":696,"height":696,"caption":"24gliwice"},"image":{"@id":"https:\/\/www.24gliwice.pl\/wiadomosci\/#\/schema\/logo\/image\/"},"sameAs":["https:\/\/www.facebook.com\/24gliwice","https:\/\/x.com\/24gliwice","https:\/\/www.youtube.com\/@24gliwice"]},{"@type":"Person","@id":"https:\/\/www.24gliwice.pl\/wiadomosci\/#\/schema\/person\/e42c650edd7f2fa332be3811fb166b6e","name":"\u017baneta Mrozek-Siewierska","image":{"@type":"ImageObject","inLanguage":"pl-PL","@id":"https:\/\/www.24gliwice.pl\/wiadomosci\/wp-content\/uploads\/2021\/11\/Zaneta-M_S-zdjecie-czb-96x96.jpg","url":"https:\/\/www.24gliwice.pl\/wiadomosci\/wp-content\/uploads\/2021\/11\/Zaneta-M_S-zdjecie-czb-96x96.jpg","contentUrl":"https:\/\/www.24gliwice.pl\/wiadomosci\/wp-content\/uploads\/2021\/11\/Zaneta-M_S-zdjecie-czb-96x96.jpg","caption":"\u017baneta Mrozek-Siewierska"},"url":"https:\/\/www.24gliwice.pl\/wiadomosci\/author\/zms\/"}]}},"_links":{"self":[{"href":"https:\/\/www.24gliwice.pl\/wiadomosci\/wp-json\/wp\/v2\/posts\/189689","targetHints":{"allow":["GET"]}}],"collection":[{"href":"https:\/\/www.24gliwice.pl\/wiadomosci\/wp-json\/wp\/v2\/posts"}],"about":[{"href":"https:\/\/www.24gliwice.pl\/wiadomosci\/wp-json\/wp\/v2\/types\/post"}],"author":[{"embeddable":true,"href":"https:\/\/www.24gliwice.pl\/wiadomosci\/wp-json\/wp\/v2\/users\/15"}],"replies":[{"embeddable":true,"href":"https:\/\/www.24gliwice.pl\/wiadomosci\/wp-json\/wp\/v2\/comments?post=189689"}],"version-history":[{"count":9,"href":"https:\/\/www.24gliwice.pl\/wiadomosci\/wp-json\/wp\/v2\/posts\/189689\/revisions"}],"predecessor-version":[{"id":189867,"href":"https:\/\/www.24gliwice.pl\/wiadomosci\/wp-json\/wp\/v2\/posts\/189689\/revisions\/189867"}],"wp:featuredmedia":[{"embeddable":true,"href":"https:\/\/www.24gliwice.pl\/wiadomosci\/wp-json\/wp\/v2\/media\/189711"}],"wp:attachment":[{"href":"https:\/\/www.24gliwice.pl\/wiadomosci\/wp-json\/wp\/v2\/media?parent=189689"}],"wp:term":[{"taxonomy":"category","embeddable":true,"href":"https:\/\/www.24gliwice.pl\/wiadomosci\/wp-json\/wp\/v2\/categories?post=189689"},{"taxonomy":"post_tag","embeddable":true,"href":"https:\/\/www.24gliwice.pl\/wiadomosci\/wp-json\/wp\/v2\/tags?post=189689"}],"curies":[{"name":"wp","href":"https:\/\/api.w.org\/{rel}","templated":true}]}}