{"id":189694,"date":"2022-03-31T12:41:59","date_gmt":"2022-03-31T10:41:59","guid":{"rendered":"https:\/\/www.24gliwice.pl\/wiadomosci\/?p=189694"},"modified":"2022-03-31T12:41:59","modified_gmt":"2022-03-31T10:41:59","slug":"kobiety-w-obiektywie-elzbiety-dzikowskiej-wystawa","status":"publish","type":"post","link":"https:\/\/www.24gliwice.pl\/wiadomosci\/kobiety-w-obiektywie-elzbiety-dzikowskiej-wystawa\/","title":{"rendered":"Kobiety w obiektywie El\u017cbiety Dzikowskiej"},"content":{"rendered":"<h2>Przy ul. Sienkiewicza, przy parku Chopina w Gliwicach, od 31 marca do 24 kwietnia mo\u017cna ogl\u0105da\u0107 niezwyk\u0142a wystaw\u0119 fotograficzn\u0105 \u201eR\u00f3\u017cne oblicza pi\u0119kna\u201d. Inspiruj\u0105ce fotografie wykona\u0142a znana podr\u00f3\u017cniczka \u2013 El\u017cbieta Dzikowska. Miasto Gliwice zaprasza!<\/h2>\n<p>&nbsp;<br \/>\n<a href=\"https:\/\/www.24gliwice.pl\/wiadomosci\/wp-content\/uploads\/2022\/03\/elzbieta-dzikowska-wystawa-2.jpg\"><img loading=\"lazy\" decoding=\"async\" src=\"https:\/\/www.24gliwice.pl\/wiadomosci\/wp-content\/uploads\/2022\/03\/elzbieta-dzikowska-wystawa-2.jpg\" alt=\"\" width=\"810\" height=\"456\" class=\"aligncenter size-full wp-image-189697\" srcset=\"https:\/\/www.24gliwice.pl\/wiadomosci\/wp-content\/uploads\/2022\/03\/elzbieta-dzikowska-wystawa-2.jpg 810w, https:\/\/www.24gliwice.pl\/wiadomosci\/wp-content\/uploads\/2022\/03\/elzbieta-dzikowska-wystawa-2-410x232.jpg 410w, https:\/\/www.24gliwice.pl\/wiadomosci\/wp-content\/uploads\/2022\/03\/elzbieta-dzikowska-wystawa-2-808x455.jpg 808w, https:\/\/www.24gliwice.pl\/wiadomosci\/wp-content\/uploads\/2022\/03\/elzbieta-dzikowska-wystawa-2-768x432.jpg 768w\" sizes=\"auto, (max-width: 810px) 100vw, 810px\" \/><\/a><\/p>\n<p>El\u017cbieta Dzikowska przemierzy\u0142a kawa\u0142 \u015bwiata, realizuj\u0105c przy tym z Tonym Halikiem kilkaset film\u00f3w dokumentalnych. Teraz okazj\u0119 do spotkania z r\u00f3\u017cnorodno\u015bci\u0105 i bogactwem r\u00f3\u017cnych kultur mamy w Gliwicach. Plenerowa wystawa b\u0119dzie eksponowana na p\u0142ocie przy ul. Sienkiewicza. Warto zajrze\u0107 podczas wiosennego spaceru!<\/p>\n<p><a href=\"https:\/\/www.24gliwice.pl\/wiadomosci\/wp-content\/uploads\/2022\/03\/elzbieta-dzikowska-wystawa-3.jpg\"><img loading=\"lazy\" decoding=\"async\" src=\"https:\/\/www.24gliwice.pl\/wiadomosci\/wp-content\/uploads\/2022\/03\/elzbieta-dzikowska-wystawa-3.jpg\" alt=\"\" width=\"803\" height=\"1050\" class=\"aligncenter size-full wp-image-189698\" srcset=\"https:\/\/www.24gliwice.pl\/wiadomosci\/wp-content\/uploads\/2022\/03\/elzbieta-dzikowska-wystawa-3.jpg 803w, https:\/\/www.24gliwice.pl\/wiadomosci\/wp-content\/uploads\/2022\/03\/elzbieta-dzikowska-wystawa-3-177x232.jpg 177w, https:\/\/www.24gliwice.pl\/wiadomosci\/wp-content\/uploads\/2022\/03\/elzbieta-dzikowska-wystawa-3-348x455.jpg 348w, https:\/\/www.24gliwice.pl\/wiadomosci\/wp-content\/uploads\/2022\/03\/elzbieta-dzikowska-wystawa-3-768x1004.jpg 768w\" sizes=\"auto, (max-width: 803px) 100vw, 803px\" \/><\/a><\/p>\n<p><em>\u2013 Jestem kobiet\u0105, nic wi\u0119c dziwnego, \u017ce podczas moich, ju\u017c kilkudziesi\u0119cioletnich podr\u00f3\u017cy po \u015bwiecie ta problematyka zwr\u00f3ci\u0142a moj\u0105 uwag\u0119. Zw\u0142aszcza dzi\u0119ki fotografii, kt\u00f3ra pokazuje lepiej ni\u017c s\u0142owo jak odmienne s\u0105 poj\u0119cia pi\u0119kna na r\u00f3\u017cnych kontynentach, w r\u00f3\u017cnych krajach, w r\u00f3\u017cnych cywilizacjach i klimatach. Stara\u0142am si\u0119 to udokumentowa\u0107. To nie jest moje  tylko spostrze\u017cenie, ale potwierdzam, \u017ce kobiety pragn\u0105 si\u0119 podoba\u0107. Nie tylko m\u0119\u017cczyznom, ale tak\u017ce innym kobietom, a przede wszystkim samym sobie. \u0141adny wygl\u0105d  sprzyja dobremu samopoczuciu. Wi\u0119c  kobiety od wiek\u00f3w  si\u0119 stroj\u0105, wymy\u015blaj\u0105 coraz to nowe fryzury, nosz\u0105 bi\u017cuteri\u0119, maluj\u0105 si\u0119, tatuuj\u0105, zale\u017cnie od swoich wzorc\u00f3w kulturowych. W etiopskim plemieniu Mursi wk\u0142adaj\u0105 sobie w przedziurawion\u0105 doln\u0105 warg\u0119 gliniany kr\u0105\u017cek, w birma\u0144skim plemieniu Padang zak\u0142adaj\u0105 na szyj\u0119 obr\u0119cze, w wielu krajach popularne s\u0105 tatua\u017ce, a nawet skaryfikacje. To wysoka cena pi\u0119kna. Na szcz\u0119\u015bcie, bardziej popularne jest przydawanie sobie urody dzi\u0119ki bi\u017cuterii, kt\u00f3ra bywa  dzie\u0142em sztuki ale i amuletem chroni\u0105cym przed r\u00f3\u017cnymi dopustami. To, co robi\u0105 kobiety, \u017ceby si\u0119 podoba\u0107, jest zatem bardzo wa\u017cnym  przejawem kultury i tradycji, kt\u00f3ra \u2013 o dziwo! \u2013 bywa podobna mimo wielkiej niekiedy odleg\u0142o\u015bci. Zapraszam serdecznie mieszka\u0144c\u00f3w Gliwic do obejrzenia mojej wystawy<\/em> \u2013 m\u00f3wi El\u017cbieta Dzikowska.<\/p>\n<p><a href=\"https:\/\/www.24gliwice.pl\/wiadomosci\/wp-content\/uploads\/2022\/03\/elzbieta-dzikowska-wystawa-4.jpg\"><img loading=\"lazy\" decoding=\"async\" src=\"https:\/\/www.24gliwice.pl\/wiadomosci\/wp-content\/uploads\/2022\/03\/elzbieta-dzikowska-wystawa-4.jpg\" alt=\"\" width=\"810\" height=\"456\" class=\"aligncenter size-full wp-image-189699\" srcset=\"https:\/\/www.24gliwice.pl\/wiadomosci\/wp-content\/uploads\/2022\/03\/elzbieta-dzikowska-wystawa-4.jpg 810w, https:\/\/www.24gliwice.pl\/wiadomosci\/wp-content\/uploads\/2022\/03\/elzbieta-dzikowska-wystawa-4-410x232.jpg 410w, https:\/\/www.24gliwice.pl\/wiadomosci\/wp-content\/uploads\/2022\/03\/elzbieta-dzikowska-wystawa-4-808x455.jpg 808w, https:\/\/www.24gliwice.pl\/wiadomosci\/wp-content\/uploads\/2022\/03\/elzbieta-dzikowska-wystawa-4-768x432.jpg 768w\" sizes=\"auto, (max-width: 810px) 100vw, 810px\" \/><\/a><\/p>\n<p><a href=\"https:\/\/www.24gliwice.pl\/wiadomosci\/wp-content\/uploads\/2022\/03\/elzbieta-dzikowska-wystawa-1.jpg\"><img loading=\"lazy\" decoding=\"async\" src=\"https:\/\/www.24gliwice.pl\/wiadomosci\/wp-content\/uploads\/2022\/03\/elzbieta-dzikowska-wystawa-1.jpg\" alt=\"\" width=\"810\" height=\"456\" class=\"aligncenter size-full wp-image-189696\" srcset=\"https:\/\/www.24gliwice.pl\/wiadomosci\/wp-content\/uploads\/2022\/03\/elzbieta-dzikowska-wystawa-1.jpg 810w, https:\/\/www.24gliwice.pl\/wiadomosci\/wp-content\/uploads\/2022\/03\/elzbieta-dzikowska-wystawa-1-410x232.jpg 410w, https:\/\/www.24gliwice.pl\/wiadomosci\/wp-content\/uploads\/2022\/03\/elzbieta-dzikowska-wystawa-1-808x455.jpg 808w, https:\/\/www.24gliwice.pl\/wiadomosci\/wp-content\/uploads\/2022\/03\/elzbieta-dzikowska-wystawa-1-768x432.jpg 768w\" sizes=\"auto, (max-width: 810px) 100vw, 810px\" \/><\/a><\/p>\n<p><small>publikacja na zlecenie Urz\u0119du Miejskiego w Gliwicach<\/p>\n<p><\/small><\/p>\n","protected":false},"excerpt":{"rendered":"<p>Przy ul. Sienkiewicza, przy parku Chopina w Gliwicach, od 31 marca do 24 kwietnia mo\u017cna ogl\u0105da\u0107 niezwyk\u0142a wystaw\u0119 fotograficzn\u0105 \u201eR\u00f3\u017cne oblicza pi\u0119kna\u201d. Inspiruj\u0105ce fotografie wykona\u0142a znana podr\u00f3\u017cniczka \u2013 El\u017cbieta Dzikowska. Miasto Gliwice zaprasza! &nbsp; El\u017cbieta Dzikowska przemierzy\u0142a kawa\u0142 \u015bwiata, realizuj\u0105c przy tym z Tonym Halikiem kilkaset film\u00f3w dokumentalnych. Teraz okazj\u0119 do spotkania z r\u00f3\u017cnorodno\u015bci\u0105 i [&hellip;]<\/p>\n","protected":false},"author":4,"featured_media":189700,"comment_status":"closed","ping_status":"closed","sticky":false,"template":"","format":"standard","meta":{"_monsterinsights_skip_tracking":false,"_monsterinsights_sitenote_active":false,"_monsterinsights_sitenote_note":"","_monsterinsights_sitenote_category":0,"footnotes":"","_links_to":"","_links_to_target":""},"categories":[3,6,1,1129],"tags":[4087,2464],"class_list":["post-189694","post","type-post","status-publish","format-standard","has-post-thumbnail","hentry","category-gliwice","category-kultura","category-wszystko","category-polecamy","tag-elzbieta-dzikowska","tag-wystawa"],"yoast_head":"<!-- This site is optimized with the Yoast SEO plugin v27.4 - https:\/\/yoast.com\/product\/yoast-seo-wordpress\/ -->\n<title>Kobiety w obiektywie El\u017cbiety Dzikowskiej - 24GLIWICE - Portal Gliwice | codziennie nowe informacje<\/title>\n<meta name=\"robots\" content=\"index, follow, max-snippet:-1, max-image-preview:large, max-video-preview:-1\" \/>\n<link rel=\"canonical\" href=\"https:\/\/www.24gliwice.pl\/wiadomosci\/kobiety-w-obiektywie-elzbiety-dzikowskiej-wystawa\/\" \/>\n<meta property=\"og:locale\" content=\"pl_PL\" \/>\n<meta property=\"og:type\" content=\"article\" \/>\n<meta property=\"og:title\" content=\"Kobiety w obiektywie El\u017cbiety Dzikowskiej - 24GLIWICE - Portal Gliwice | codziennie nowe informacje\" \/>\n<meta property=\"og:description\" content=\"Przy ul. Sienkiewicza, przy parku Chopina w Gliwicach, od 31 marca do 24 kwietnia mo\u017cna ogl\u0105da\u0107 niezwyk\u0142a wystaw\u0119 fotograficzn\u0105 \u201eR\u00f3\u017cne oblicza pi\u0119kna\u201d. Inspiruj\u0105ce fotografie wykona\u0142a znana podr\u00f3\u017cniczka \u2013 El\u017cbieta Dzikowska. Miasto Gliwice zaprasza! &nbsp; El\u017cbieta Dzikowska przemierzy\u0142a kawa\u0142 \u015bwiata, realizuj\u0105c przy tym z Tonym Halikiem kilkaset film\u00f3w dokumentalnych. Teraz okazj\u0119 do spotkania z r\u00f3\u017cnorodno\u015bci\u0105 i [&hellip;]\" \/>\n<meta property=\"og:url\" content=\"https:\/\/www.24gliwice.pl\/wiadomosci\/kobiety-w-obiektywie-elzbiety-dzikowskiej-wystawa\/\" \/>\n<meta property=\"og:site_name\" content=\"24GLIWICE - Portal Gliwice | codziennie nowe informacje\" \/>\n<meta property=\"article:publisher\" content=\"https:\/\/www.facebook.com\/24gliwice\" \/>\n<meta property=\"article:author\" content=\"https:\/\/www.facebook.com\/marcin.fabrykowski\" \/>\n<meta property=\"article:published_time\" content=\"2022-03-31T10:41:59+00:00\" \/>\n<meta property=\"og:image\" content=\"https:\/\/www.24gliwice.pl\/wiadomosci\/wp-content\/uploads\/2022\/03\/elzbieta-dzikowska-wystawa-5.jpg\" \/>\n\t<meta property=\"og:image:width\" content=\"810\" \/>\n\t<meta property=\"og:image:height\" content=\"456\" \/>\n\t<meta property=\"og:image:type\" content=\"image\/jpeg\" \/>\n<meta name=\"author\" content=\"Marcin Fabrykowski\" \/>\n<meta name=\"twitter:card\" content=\"summary_large_image\" \/>\n<meta name=\"twitter:creator\" content=\"@24gliwice\" \/>\n<meta name=\"twitter:site\" content=\"@24gliwice\" \/>\n<meta name=\"twitter:label1\" content=\"Napisane przez\" \/>\n\t<meta name=\"twitter:data1\" content=\"Marcin Fabrykowski\" \/>\n\t<meta name=\"twitter:label2\" content=\"Szacowany czas czytania\" \/>\n\t<meta name=\"twitter:data2\" content=\"2 minuty\" \/>\n<script type=\"application\/ld+json\" class=\"yoast-schema-graph\">{\"@context\":\"https:\\\/\\\/schema.org\",\"@graph\":[{\"@type\":\"Article\",\"@id\":\"https:\\\/\\\/www.24gliwice.pl\\\/wiadomosci\\\/kobiety-w-obiektywie-elzbiety-dzikowskiej-wystawa\\\/#article\",\"isPartOf\":{\"@id\":\"https:\\\/\\\/www.24gliwice.pl\\\/wiadomosci\\\/kobiety-w-obiektywie-elzbiety-dzikowskiej-wystawa\\\/\"},\"author\":{\"name\":\"Marcin Fabrykowski\",\"@id\":\"https:\\\/\\\/www.24gliwice.pl\\\/wiadomosci\\\/#\\\/schema\\\/person\\\/cb5857e4a4d048c15984c1edcc8ef0c0\"},\"headline\":\"Kobiety w obiektywie El\u017cbiety Dzikowskiej\",\"datePublished\":\"2022-03-31T10:41:59+00:00\",\"mainEntityOfPage\":{\"@id\":\"https:\\\/\\\/www.24gliwice.pl\\\/wiadomosci\\\/kobiety-w-obiektywie-elzbiety-dzikowskiej-wystawa\\\/\"},\"wordCount\":337,\"publisher\":{\"@id\":\"https:\\\/\\\/www.24gliwice.pl\\\/wiadomosci\\\/#organization\"},\"image\":{\"@id\":\"https:\\\/\\\/www.24gliwice.pl\\\/wiadomosci\\\/kobiety-w-obiektywie-elzbiety-dzikowskiej-wystawa\\\/#primaryimage\"},\"thumbnailUrl\":\"https:\\\/\\\/www.24gliwice.pl\\\/wiadomosci\\\/wp-content\\\/uploads\\\/2022\\\/03\\\/elzbieta-dzikowska-wystawa-5.jpg\",\"keywords\":[\"EL\u017bBIETA DZIKOWSKA\",\"WYSTAWA\"],\"articleSection\":[\"Gliwice\",\"Kultura, wydarzenia, imprezy\",\"Najnowsze wiadomo\u015bci\",\"Polecamy\"],\"inLanguage\":\"pl-PL\"},{\"@type\":\"WebPage\",\"@id\":\"https:\\\/\\\/www.24gliwice.pl\\\/wiadomosci\\\/kobiety-w-obiektywie-elzbiety-dzikowskiej-wystawa\\\/\",\"url\":\"https:\\\/\\\/www.24gliwice.pl\\\/wiadomosci\\\/kobiety-w-obiektywie-elzbiety-dzikowskiej-wystawa\\\/\",\"name\":\"Kobiety w obiektywie El\u017cbiety Dzikowskiej - 24GLIWICE - Portal Gliwice | codziennie nowe informacje\",\"isPartOf\":{\"@id\":\"https:\\\/\\\/www.24gliwice.pl\\\/wiadomosci\\\/#website\"},\"primaryImageOfPage\":{\"@id\":\"https:\\\/\\\/www.24gliwice.pl\\\/wiadomosci\\\/kobiety-w-obiektywie-elzbiety-dzikowskiej-wystawa\\\/#primaryimage\"},\"image\":{\"@id\":\"https:\\\/\\\/www.24gliwice.pl\\\/wiadomosci\\\/kobiety-w-obiektywie-elzbiety-dzikowskiej-wystawa\\\/#primaryimage\"},\"thumbnailUrl\":\"https:\\\/\\\/www.24gliwice.pl\\\/wiadomosci\\\/wp-content\\\/uploads\\\/2022\\\/03\\\/elzbieta-dzikowska-wystawa-5.jpg\",\"datePublished\":\"2022-03-31T10:41:59+00:00\",\"breadcrumb\":{\"@id\":\"https:\\\/\\\/www.24gliwice.pl\\\/wiadomosci\\\/kobiety-w-obiektywie-elzbiety-dzikowskiej-wystawa\\\/#breadcrumb\"},\"inLanguage\":\"pl-PL\",\"potentialAction\":[{\"@type\":\"ReadAction\",\"target\":[\"https:\\\/\\\/www.24gliwice.pl\\\/wiadomosci\\\/kobiety-w-obiektywie-elzbiety-dzikowskiej-wystawa\\\/\"]}]},{\"@type\":\"ImageObject\",\"inLanguage\":\"pl-PL\",\"@id\":\"https:\\\/\\\/www.24gliwice.pl\\\/wiadomosci\\\/kobiety-w-obiektywie-elzbiety-dzikowskiej-wystawa\\\/#primaryimage\",\"url\":\"https:\\\/\\\/www.24gliwice.pl\\\/wiadomosci\\\/wp-content\\\/uploads\\\/2022\\\/03\\\/elzbieta-dzikowska-wystawa-5.jpg\",\"contentUrl\":\"https:\\\/\\\/www.24gliwice.pl\\\/wiadomosci\\\/wp-content\\\/uploads\\\/2022\\\/03\\\/elzbieta-dzikowska-wystawa-5.jpg\",\"width\":810,\"height\":456},{\"@type\":\"BreadcrumbList\",\"@id\":\"https:\\\/\\\/www.24gliwice.pl\\\/wiadomosci\\\/kobiety-w-obiektywie-elzbiety-dzikowskiej-wystawa\\\/#breadcrumb\",\"itemListElement\":[{\"@type\":\"ListItem\",\"position\":1,\"name\":\"Strona g\u0142\u00f3wna\",\"item\":\"https:\\\/\\\/www.24gliwice.pl\\\/wiadomosci\\\/\"},{\"@type\":\"ListItem\",\"position\":2,\"name\":\"Kobiety w obiektywie El\u017cbiety Dzikowskiej\"}]},{\"@type\":\"WebSite\",\"@id\":\"https:\\\/\\\/www.24gliwice.pl\\\/wiadomosci\\\/#website\",\"url\":\"https:\\\/\\\/www.24gliwice.pl\\\/wiadomosci\\\/\",\"name\":\"24GLIWICE - Portal Gliwice | codziennie nowe wiadomo\u015bci\",\"description\":\"Portal Miejski Gliwice\",\"publisher\":{\"@id\":\"https:\\\/\\\/www.24gliwice.pl\\\/wiadomosci\\\/#organization\"},\"potentialAction\":[{\"@type\":\"SearchAction\",\"target\":{\"@type\":\"EntryPoint\",\"urlTemplate\":\"https:\\\/\\\/www.24gliwice.pl\\\/wiadomosci\\\/?s={search_term_string}\"},\"query-input\":{\"@type\":\"PropertyValueSpecification\",\"valueRequired\":true,\"valueName\":\"search_term_string\"}}],\"inLanguage\":\"pl-PL\"},{\"@type\":\"Organization\",\"@id\":\"https:\\\/\\\/www.24gliwice.pl\\\/wiadomosci\\\/#organization\",\"name\":\"24gliwice\",\"url\":\"https:\\\/\\\/www.24gliwice.pl\\\/wiadomosci\\\/\",\"logo\":{\"@type\":\"ImageObject\",\"inLanguage\":\"pl-PL\",\"@id\":\"https:\\\/\\\/www.24gliwice.pl\\\/wiadomosci\\\/#\\\/schema\\\/logo\\\/image\\\/\",\"url\":\"https:\\\/\\\/www.24gliwice.pl\\\/wiadomosci\\\/wp-content\\\/uploads\\\/2024\\\/10\\\/24gliwice-logo-696.jpg\",\"contentUrl\":\"https:\\\/\\\/www.24gliwice.pl\\\/wiadomosci\\\/wp-content\\\/uploads\\\/2024\\\/10\\\/24gliwice-logo-696.jpg\",\"width\":696,\"height\":696,\"caption\":\"24gliwice\"},\"image\":{\"@id\":\"https:\\\/\\\/www.24gliwice.pl\\\/wiadomosci\\\/#\\\/schema\\\/logo\\\/image\\\/\"},\"sameAs\":[\"https:\\\/\\\/www.facebook.com\\\/24gliwice\",\"https:\\\/\\\/x.com\\\/24gliwice\",\"https:\\\/\\\/www.youtube.com\\\/@24gliwice\"]},{\"@type\":\"Person\",\"@id\":\"https:\\\/\\\/www.24gliwice.pl\\\/wiadomosci\\\/#\\\/schema\\\/person\\\/cb5857e4a4d048c15984c1edcc8ef0c0\",\"name\":\"Marcin Fabrykowski\",\"image\":{\"@type\":\"ImageObject\",\"inLanguage\":\"pl-PL\",\"@id\":\"https:\\\/\\\/www.24gliwice.pl\\\/wiadomosci\\\/wp-content\\\/uploads\\\/2025\\\/11\\\/zdjecie-moje-marcin-300-96x96.jpg\",\"url\":\"https:\\\/\\\/www.24gliwice.pl\\\/wiadomosci\\\/wp-content\\\/uploads\\\/2025\\\/11\\\/zdjecie-moje-marcin-300-96x96.jpg\",\"contentUrl\":\"https:\\\/\\\/www.24gliwice.pl\\\/wiadomosci\\\/wp-content\\\/uploads\\\/2025\\\/11\\\/zdjecie-moje-marcin-300-96x96.jpg\",\"caption\":\"Marcin Fabrykowski\"},\"sameAs\":[\"http:\\\/\\\/24gliwice.pl\",\"https:\\\/\\\/www.facebook.com\\\/marcin.fabrykowski\"],\"url\":\"https:\\\/\\\/www.24gliwice.pl\\\/wiadomosci\\\/author\\\/marcin-fabrykowski\\\/\"}]}<\/script>\n<!-- \/ Yoast SEO plugin. -->","yoast_head_json":{"title":"Kobiety w obiektywie El\u017cbiety Dzikowskiej - 24GLIWICE - Portal Gliwice | codziennie nowe informacje","robots":{"index":"index","follow":"follow","max-snippet":"max-snippet:-1","max-image-preview":"max-image-preview:large","max-video-preview":"max-video-preview:-1"},"canonical":"https:\/\/www.24gliwice.pl\/wiadomosci\/kobiety-w-obiektywie-elzbiety-dzikowskiej-wystawa\/","og_locale":"pl_PL","og_type":"article","og_title":"Kobiety w obiektywie El\u017cbiety Dzikowskiej - 24GLIWICE - Portal Gliwice | codziennie nowe informacje","og_description":"Przy ul. Sienkiewicza, przy parku Chopina w Gliwicach, od 31 marca do 24 kwietnia mo\u017cna ogl\u0105da\u0107 niezwyk\u0142a wystaw\u0119 fotograficzn\u0105 \u201eR\u00f3\u017cne oblicza pi\u0119kna\u201d. Inspiruj\u0105ce fotografie wykona\u0142a znana podr\u00f3\u017cniczka \u2013 El\u017cbieta Dzikowska. Miasto Gliwice zaprasza! &nbsp; El\u017cbieta Dzikowska przemierzy\u0142a kawa\u0142 \u015bwiata, realizuj\u0105c przy tym z Tonym Halikiem kilkaset film\u00f3w dokumentalnych. Teraz okazj\u0119 do spotkania z r\u00f3\u017cnorodno\u015bci\u0105 i [&hellip;]","og_url":"https:\/\/www.24gliwice.pl\/wiadomosci\/kobiety-w-obiektywie-elzbiety-dzikowskiej-wystawa\/","og_site_name":"24GLIWICE - Portal Gliwice | codziennie nowe informacje","article_publisher":"https:\/\/www.facebook.com\/24gliwice","article_author":"https:\/\/www.facebook.com\/marcin.fabrykowski","article_published_time":"2022-03-31T10:41:59+00:00","og_image":[{"width":810,"height":456,"url":"https:\/\/www.24gliwice.pl\/wiadomosci\/wp-content\/uploads\/2022\/03\/elzbieta-dzikowska-wystawa-5.jpg","type":"image\/jpeg"}],"author":"Marcin Fabrykowski","twitter_card":"summary_large_image","twitter_creator":"@24gliwice","twitter_site":"@24gliwice","twitter_misc":{"Napisane przez":"Marcin Fabrykowski","Szacowany czas czytania":"2 minuty"},"schema":{"@context":"https:\/\/schema.org","@graph":[{"@type":"Article","@id":"https:\/\/www.24gliwice.pl\/wiadomosci\/kobiety-w-obiektywie-elzbiety-dzikowskiej-wystawa\/#article","isPartOf":{"@id":"https:\/\/www.24gliwice.pl\/wiadomosci\/kobiety-w-obiektywie-elzbiety-dzikowskiej-wystawa\/"},"author":{"name":"Marcin Fabrykowski","@id":"https:\/\/www.24gliwice.pl\/wiadomosci\/#\/schema\/person\/cb5857e4a4d048c15984c1edcc8ef0c0"},"headline":"Kobiety w obiektywie El\u017cbiety Dzikowskiej","datePublished":"2022-03-31T10:41:59+00:00","mainEntityOfPage":{"@id":"https:\/\/www.24gliwice.pl\/wiadomosci\/kobiety-w-obiektywie-elzbiety-dzikowskiej-wystawa\/"},"wordCount":337,"publisher":{"@id":"https:\/\/www.24gliwice.pl\/wiadomosci\/#organization"},"image":{"@id":"https:\/\/www.24gliwice.pl\/wiadomosci\/kobiety-w-obiektywie-elzbiety-dzikowskiej-wystawa\/#primaryimage"},"thumbnailUrl":"https:\/\/www.24gliwice.pl\/wiadomosci\/wp-content\/uploads\/2022\/03\/elzbieta-dzikowska-wystawa-5.jpg","keywords":["EL\u017bBIETA DZIKOWSKA","WYSTAWA"],"articleSection":["Gliwice","Kultura, wydarzenia, imprezy","Najnowsze wiadomo\u015bci","Polecamy"],"inLanguage":"pl-PL"},{"@type":"WebPage","@id":"https:\/\/www.24gliwice.pl\/wiadomosci\/kobiety-w-obiektywie-elzbiety-dzikowskiej-wystawa\/","url":"https:\/\/www.24gliwice.pl\/wiadomosci\/kobiety-w-obiektywie-elzbiety-dzikowskiej-wystawa\/","name":"Kobiety w obiektywie El\u017cbiety Dzikowskiej - 24GLIWICE - Portal Gliwice | codziennie nowe informacje","isPartOf":{"@id":"https:\/\/www.24gliwice.pl\/wiadomosci\/#website"},"primaryImageOfPage":{"@id":"https:\/\/www.24gliwice.pl\/wiadomosci\/kobiety-w-obiektywie-elzbiety-dzikowskiej-wystawa\/#primaryimage"},"image":{"@id":"https:\/\/www.24gliwice.pl\/wiadomosci\/kobiety-w-obiektywie-elzbiety-dzikowskiej-wystawa\/#primaryimage"},"thumbnailUrl":"https:\/\/www.24gliwice.pl\/wiadomosci\/wp-content\/uploads\/2022\/03\/elzbieta-dzikowska-wystawa-5.jpg","datePublished":"2022-03-31T10:41:59+00:00","breadcrumb":{"@id":"https:\/\/www.24gliwice.pl\/wiadomosci\/kobiety-w-obiektywie-elzbiety-dzikowskiej-wystawa\/#breadcrumb"},"inLanguage":"pl-PL","potentialAction":[{"@type":"ReadAction","target":["https:\/\/www.24gliwice.pl\/wiadomosci\/kobiety-w-obiektywie-elzbiety-dzikowskiej-wystawa\/"]}]},{"@type":"ImageObject","inLanguage":"pl-PL","@id":"https:\/\/www.24gliwice.pl\/wiadomosci\/kobiety-w-obiektywie-elzbiety-dzikowskiej-wystawa\/#primaryimage","url":"https:\/\/www.24gliwice.pl\/wiadomosci\/wp-content\/uploads\/2022\/03\/elzbieta-dzikowska-wystawa-5.jpg","contentUrl":"https:\/\/www.24gliwice.pl\/wiadomosci\/wp-content\/uploads\/2022\/03\/elzbieta-dzikowska-wystawa-5.jpg","width":810,"height":456},{"@type":"BreadcrumbList","@id":"https:\/\/www.24gliwice.pl\/wiadomosci\/kobiety-w-obiektywie-elzbiety-dzikowskiej-wystawa\/#breadcrumb","itemListElement":[{"@type":"ListItem","position":1,"name":"Strona g\u0142\u00f3wna","item":"https:\/\/www.24gliwice.pl\/wiadomosci\/"},{"@type":"ListItem","position":2,"name":"Kobiety w obiektywie El\u017cbiety Dzikowskiej"}]},{"@type":"WebSite","@id":"https:\/\/www.24gliwice.pl\/wiadomosci\/#website","url":"https:\/\/www.24gliwice.pl\/wiadomosci\/","name":"24GLIWICE - Portal Gliwice | codziennie nowe wiadomo\u015bci","description":"Portal Miejski Gliwice","publisher":{"@id":"https:\/\/www.24gliwice.pl\/wiadomosci\/#organization"},"potentialAction":[{"@type":"SearchAction","target":{"@type":"EntryPoint","urlTemplate":"https:\/\/www.24gliwice.pl\/wiadomosci\/?s={search_term_string}"},"query-input":{"@type":"PropertyValueSpecification","valueRequired":true,"valueName":"search_term_string"}}],"inLanguage":"pl-PL"},{"@type":"Organization","@id":"https:\/\/www.24gliwice.pl\/wiadomosci\/#organization","name":"24gliwice","url":"https:\/\/www.24gliwice.pl\/wiadomosci\/","logo":{"@type":"ImageObject","inLanguage":"pl-PL","@id":"https:\/\/www.24gliwice.pl\/wiadomosci\/#\/schema\/logo\/image\/","url":"https:\/\/www.24gliwice.pl\/wiadomosci\/wp-content\/uploads\/2024\/10\/24gliwice-logo-696.jpg","contentUrl":"https:\/\/www.24gliwice.pl\/wiadomosci\/wp-content\/uploads\/2024\/10\/24gliwice-logo-696.jpg","width":696,"height":696,"caption":"24gliwice"},"image":{"@id":"https:\/\/www.24gliwice.pl\/wiadomosci\/#\/schema\/logo\/image\/"},"sameAs":["https:\/\/www.facebook.com\/24gliwice","https:\/\/x.com\/24gliwice","https:\/\/www.youtube.com\/@24gliwice"]},{"@type":"Person","@id":"https:\/\/www.24gliwice.pl\/wiadomosci\/#\/schema\/person\/cb5857e4a4d048c15984c1edcc8ef0c0","name":"Marcin Fabrykowski","image":{"@type":"ImageObject","inLanguage":"pl-PL","@id":"https:\/\/www.24gliwice.pl\/wiadomosci\/wp-content\/uploads\/2025\/11\/zdjecie-moje-marcin-300-96x96.jpg","url":"https:\/\/www.24gliwice.pl\/wiadomosci\/wp-content\/uploads\/2025\/11\/zdjecie-moje-marcin-300-96x96.jpg","contentUrl":"https:\/\/www.24gliwice.pl\/wiadomosci\/wp-content\/uploads\/2025\/11\/zdjecie-moje-marcin-300-96x96.jpg","caption":"Marcin Fabrykowski"},"sameAs":["http:\/\/24gliwice.pl","https:\/\/www.facebook.com\/marcin.fabrykowski"],"url":"https:\/\/www.24gliwice.pl\/wiadomosci\/author\/marcin-fabrykowski\/"}]}},"_links":{"self":[{"href":"https:\/\/www.24gliwice.pl\/wiadomosci\/wp-json\/wp\/v2\/posts\/189694","targetHints":{"allow":["GET"]}}],"collection":[{"href":"https:\/\/www.24gliwice.pl\/wiadomosci\/wp-json\/wp\/v2\/posts"}],"about":[{"href":"https:\/\/www.24gliwice.pl\/wiadomosci\/wp-json\/wp\/v2\/types\/post"}],"author":[{"embeddable":true,"href":"https:\/\/www.24gliwice.pl\/wiadomosci\/wp-json\/wp\/v2\/users\/4"}],"replies":[{"embeddable":true,"href":"https:\/\/www.24gliwice.pl\/wiadomosci\/wp-json\/wp\/v2\/comments?post=189694"}],"version-history":[{"count":3,"href":"https:\/\/www.24gliwice.pl\/wiadomosci\/wp-json\/wp\/v2\/posts\/189694\/revisions"}],"predecessor-version":[{"id":189702,"href":"https:\/\/www.24gliwice.pl\/wiadomosci\/wp-json\/wp\/v2\/posts\/189694\/revisions\/189702"}],"wp:featuredmedia":[{"embeddable":true,"href":"https:\/\/www.24gliwice.pl\/wiadomosci\/wp-json\/wp\/v2\/media\/189700"}],"wp:attachment":[{"href":"https:\/\/www.24gliwice.pl\/wiadomosci\/wp-json\/wp\/v2\/media?parent=189694"}],"wp:term":[{"taxonomy":"category","embeddable":true,"href":"https:\/\/www.24gliwice.pl\/wiadomosci\/wp-json\/wp\/v2\/categories?post=189694"},{"taxonomy":"post_tag","embeddable":true,"href":"https:\/\/www.24gliwice.pl\/wiadomosci\/wp-json\/wp\/v2\/tags?post=189694"}],"curies":[{"name":"wp","href":"https:\/\/api.w.org\/{rel}","templated":true}]}}