{"id":189716,"date":"2022-03-31T15:38:51","date_gmt":"2022-03-31T13:38:51","guid":{"rendered":"https:\/\/www.24gliwice.pl\/wiadomosci\/?p=189716"},"modified":"2022-03-31T15:40:06","modified_gmt":"2022-03-31T13:40:06","slug":"zmarl-egon-franke-wybitny-gliwicki-sportowiec-medalista-mistrzostw-swiata-w-szermierce","status":"publish","type":"post","link":"https:\/\/www.24gliwice.pl\/wiadomosci\/zmarl-egon-franke-wybitny-gliwicki-sportowiec-medalista-mistrzostw-swiata-w-szermierce\/","title":{"rendered":"Zmar\u0142 Egon Franke, wybitny gliwicki sportowiec, medalista mistrzostw \u015bwiata w szermierce"},"content":{"rendered":"<h2>Po ci\u0119\u017ckiej chorobie, w wieku 86 lat, 30 marca zmar\u0142 wybitny gliwicki sportowiec, szermierz Egon Franke. Pogrzeb wielokrotnego medalisty igrzysk olimpijskich i mistrzostw \u015bwiata odb\u0119dzie si\u0119 we W\u0142oszech.<\/h2>\n<p>&nbsp;<br \/>\n<strong>Egon Franke<\/strong> urodzi\u0142 si\u0119 23 pa\u017adziernika 1935 r. w Gliwicach. Od dzieci\u0144stwa interesowa\u0142 si\u0119 sportem. Tajniki w\u0142adania bia\u0142\u0105 broni\u0105 poznawa\u0142 pod okiem fechtmistrza Antoniego Franza. By\u0142 bardzo poj\u0119tnym i zdolnym uczniem. Po czterech latach trening\u00f3w zdoby\u0142 tytu\u0142 mistrza Polski junior\u00f3w we florecie i pojecha\u0142 na mistrzostwa \u015bwiata do Budapesztu.<\/p>\n<h4>W 1955 r. trafi\u0142 do Legii Warszawa, gdzie trenowany przez Andrzeja Prze\u017adzieckiego zdoby\u0142 tytu\u0142 wicemistrza Polski. W 1957 r. wr\u00f3ci\u0142 do Gliwic.<\/h4>\n<p>Z trenerem Zbigniewem Czajkowskim zdoby\u0142 srebrny medal na mistrzostwach Polski (kolejny w 1967 r.). W 1959 r., na mistrzostwach \u015bwiata w Budapeszcie, dotar\u0142 z dru\u017cyn\u0105 do p\u00f3\u0142fina\u0142u \u2013. W 1960 r. dru\u017cyna florecist\u00f3w w sk\u0142adzie: <strong>Czajkowski, Wycisk, Tell, Franke<\/strong> stan\u0119\u0142a na najwy\u017cszym podium mistrzostw Polski. Tytu\u0142 mistrza Polski we florecie zdoby\u0142 w 1962 r., trzykrotnie byt mistrzem kraju w dru\u017cynie.<\/p>\n<div id=\"attachment_189721\" style=\"width: 820px\" class=\"wp-caption aligncenter\"><a href=\"https:\/\/www.24gliwice.pl\/wiadomosci\/wp-content\/uploads\/2022\/03\/egon-franke-001.jpg\"><img loading=\"lazy\" decoding=\"async\" aria-describedby=\"caption-attachment-189721\" src=\"https:\/\/www.24gliwice.pl\/wiadomosci\/wp-content\/uploads\/2022\/03\/egon-franke-001.jpg\" alt=\"\" width=\"810\" height=\"457\" class=\"size-full wp-image-189721\" srcset=\"https:\/\/www.24gliwice.pl\/wiadomosci\/wp-content\/uploads\/2022\/03\/egon-franke-001.jpg 810w, https:\/\/www.24gliwice.pl\/wiadomosci\/wp-content\/uploads\/2022\/03\/egon-franke-001-410x232.jpg 410w, https:\/\/www.24gliwice.pl\/wiadomosci\/wp-content\/uploads\/2022\/03\/egon-franke-001-806x455.jpg 806w, https:\/\/www.24gliwice.pl\/wiadomosci\/wp-content\/uploads\/2022\/03\/egon-franke-001-768x433.jpg 768w\" sizes=\"auto, (max-width: 810px) 100vw, 810px\" \/><\/a><p id=\"caption-attachment-189721\" class=\"wp-caption-text\">fot. UM Gliwice\/GKS \u201ePiast\u201d<\/p><\/div>\n<p>By\u0142 mistrzem olimpijskim, wielokrotnym medalist\u0105 mistrzostw \u015bwiata, jeden z kr\u0105\u017ck\u00f3w wywalczy\u0142 w szabli.<\/p>\n<p><iframe loading=\"lazy\" src=\"https:\/\/www.facebook.com\/plugins\/video.php?href=https%3A%2F%2Fwww.facebook.com%2F24gliwice%2Fvideos%2F714463039578625%2F&#038;width=500&#038;show_text=false&#038;height=282&#038;appId\" width=\"500\" height=\"282\" style=\"border:none;overflow:hidden\" scrolling=\"no\" frameborder=\"0\" allowfullscreen=\"true\" allow=\"autoplay; clipboard-write; encrypted-media; picture-in-picture; web-share\" allowFullScreen=\"true\"><\/iframe><\/p>\n<p>Najwi\u0119kszy sukces odni\u00f3s\u0142 w 1964 roku w Tokio \u2013  zosta\u0142 pierwszym polskim mistrzem olimpijskim w szermierce. Zdoby\u0142 te\u017c srebro w dru\u017cynie. Ten rok przejdzie do historii jako rok najwi\u0119kszego sukcesu GKS \u201ePiast\u201d.<\/p>\n<h4>W 1966 r., po przerwie spowodowanej kontuzj\u0105, Egon Franke powr\u00f3ci\u0142 na plansz\u0119 i na mistrzostwach \u015bwiata zdoby\u0142 br\u0105zowy medal w dru\u017cynie, a w 1968 r. w Meksyku br\u0105zowy medal olimpijski w dru\u017cynie.<\/h4>\n<p>Po igrzyskach w Meksyku wyjecha\u0142 z \u017con\u0105 El\u017cbiet\u0105 Cymerman-Franke do W\u0142och, gdzie wsp\u00f3lnie wychowali wielu wspania\u0142ych zawodnik\u00f3w, medalist\u00f3w olimpijskich i mistrzostw \u015bwiata, m.in. Consolata Collino, Laura Chiesa, Elisa Uga, Chico Rossi. <\/p>\n<p><strong>Pos\u0142uchaj wywiadu przeprowadzonego w studiu 24gliwice w 2012 roku<\/strong><br \/>\n<iframe loading=\"lazy\" width=\"810\" height=\"456\" src=\"https:\/\/www.youtube.com\/embed\/VUDCAC49eGQ\" title=\"YouTube video player\" frameborder=\"0\" allow=\"accelerometer; autoplay; clipboard-write; encrypted-media; gyroscope; picture-in-picture\" allowfullscreen><\/iframe><\/p>\n<p>(\u017cms)\/UM Gliwice(mf\/GKS &#8220;Piast&#8221;)<br \/>\nfot. UM Gliwice\/GKS &#8220;Piast&#8221;<\/p>\n","protected":false},"excerpt":{"rendered":"<p>Po ci\u0119\u017ckiej chorobie, w wieku 86 lat, 30 marca zmar\u0142 wybitny gliwicki sportowiec, szermierz Egon Franke. Pogrzeb wielokrotnego medalisty igrzysk olimpijskich i mistrzostw \u015bwiata odb\u0119dzie si\u0119 we W\u0142oszech. &nbsp; Egon Franke urodzi\u0142 si\u0119 23 pa\u017adziernika 1935 r. w Gliwicach. Od dzieci\u0144stwa interesowa\u0142 si\u0119 sportem. Tajniki w\u0142adania bia\u0142\u0105 broni\u0105 poznawa\u0142 pod okiem fechtmistrza Antoniego Franza. By\u0142 [&hellip;]<\/p>\n","protected":false},"author":15,"featured_media":189721,"comment_status":"closed","ping_status":"closed","sticky":false,"template":"","format":"video","meta":{"_monsterinsights_skip_tracking":false,"_monsterinsights_sitenote_active":false,"_monsterinsights_sitenote_note":"","_monsterinsights_sitenote_category":0,"footnotes":"","_links_to":"","_links_to_target":""},"categories":[3,1],"tags":[2817],"class_list":["post-189716","post","type-post","status-publish","format-video","has-post-thumbnail","hentry","category-gliwice","category-wszystko","tag-egon-franke","post_format-post-format-video"],"yoast_head":"<!-- This site is optimized with the Yoast SEO plugin v27.4 - https:\/\/yoast.com\/product\/yoast-seo-wordpress\/ -->\n<title>Zmar\u0142 Egon Franke, wybitny gliwicki sportowiec, medalista mistrzostw \u015bwiata w szermierce - 24GLIWICE - Portal Gliwice | codziennie nowe informacje<\/title>\n<meta name=\"description\" content=\"Zmar\u0142 Egon Franke, wybitny gliwicki sportowiec. Wielokrotny medalista mistrzostw \u015bwiata w szermierce. Pogrzeb odb\u0119dzie si\u0119 we W\u0142oszech\" \/>\n<meta name=\"robots\" content=\"index, follow, max-snippet:-1, max-image-preview:large, max-video-preview:-1\" \/>\n<link rel=\"canonical\" href=\"https:\/\/www.24gliwice.pl\/wiadomosci\/zmarl-egon-franke-wybitny-gliwicki-sportowiec-medalista-mistrzostw-swiata-w-szermierce\/\" \/>\n<meta property=\"og:locale\" content=\"pl_PL\" \/>\n<meta property=\"og:type\" content=\"article\" \/>\n<meta property=\"og:title\" content=\"Zmar\u0142 Egon Franke, wybitny gliwicki sportowiec, medalista mistrzostw \u015bwiata w szermierce - 24GLIWICE - Portal Gliwice | codziennie nowe informacje\" \/>\n<meta property=\"og:description\" content=\"Zmar\u0142 Egon Franke, wybitny gliwicki sportowiec. Wielokrotny medalista mistrzostw \u015bwiata w szermierce. Pogrzeb odb\u0119dzie si\u0119 we W\u0142oszech\" \/>\n<meta property=\"og:url\" content=\"https:\/\/www.24gliwice.pl\/wiadomosci\/zmarl-egon-franke-wybitny-gliwicki-sportowiec-medalista-mistrzostw-swiata-w-szermierce\/\" \/>\n<meta property=\"og:site_name\" content=\"24GLIWICE - Portal Gliwice | codziennie nowe informacje\" \/>\n<meta property=\"article:publisher\" content=\"https:\/\/www.facebook.com\/24gliwice\" \/>\n<meta property=\"article:published_time\" content=\"2022-03-31T13:38:51+00:00\" \/>\n<meta property=\"article:modified_time\" content=\"2022-03-31T13:40:06+00:00\" \/>\n<meta property=\"og:image\" content=\"https:\/\/www.24gliwice.pl\/wiadomosci\/wp-content\/uploads\/2022\/03\/egon-franke-001.jpg\" \/>\n\t<meta property=\"og:image:width\" content=\"810\" \/>\n\t<meta property=\"og:image:height\" content=\"457\" \/>\n\t<meta property=\"og:image:type\" content=\"image\/jpeg\" \/>\n<meta name=\"author\" content=\"\u017baneta Mrozek-Siewierska\" \/>\n<meta name=\"twitter:card\" content=\"summary_large_image\" \/>\n<meta name=\"twitter:creator\" content=\"@24gliwice\" \/>\n<meta name=\"twitter:site\" content=\"@24gliwice\" \/>\n<meta name=\"twitter:label1\" content=\"Napisane przez\" \/>\n\t<meta name=\"twitter:data1\" content=\"\u017baneta Mrozek-Siewierska\" \/>\n\t<meta name=\"twitter:label2\" content=\"Szacowany czas czytania\" \/>\n\t<meta name=\"twitter:data2\" content=\"2 minuty\" \/>\n<script type=\"application\/ld+json\" class=\"yoast-schema-graph\">{\"@context\":\"https:\\\/\\\/schema.org\",\"@graph\":[{\"@type\":\"Article\",\"@id\":\"https:\\\/\\\/www.24gliwice.pl\\\/wiadomosci\\\/zmarl-egon-franke-wybitny-gliwicki-sportowiec-medalista-mistrzostw-swiata-w-szermierce\\\/#article\",\"isPartOf\":{\"@id\":\"https:\\\/\\\/www.24gliwice.pl\\\/wiadomosci\\\/zmarl-egon-franke-wybitny-gliwicki-sportowiec-medalista-mistrzostw-swiata-w-szermierce\\\/\"},\"author\":{\"name\":\"\u017baneta Mrozek-Siewierska\",\"@id\":\"https:\\\/\\\/www.24gliwice.pl\\\/wiadomosci\\\/#\\\/schema\\\/person\\\/e42c650edd7f2fa332be3811fb166b6e\"},\"headline\":\"Zmar\u0142 Egon Franke, wybitny gliwicki sportowiec, medalista mistrzostw \u015bwiata w szermierce\",\"datePublished\":\"2022-03-31T13:38:51+00:00\",\"dateModified\":\"2022-03-31T13:40:06+00:00\",\"mainEntityOfPage\":{\"@id\":\"https:\\\/\\\/www.24gliwice.pl\\\/wiadomosci\\\/zmarl-egon-franke-wybitny-gliwicki-sportowiec-medalista-mistrzostw-swiata-w-szermierce\\\/\"},\"wordCount\":334,\"publisher\":{\"@id\":\"https:\\\/\\\/www.24gliwice.pl\\\/wiadomosci\\\/#organization\"},\"image\":{\"@id\":\"https:\\\/\\\/www.24gliwice.pl\\\/wiadomosci\\\/zmarl-egon-franke-wybitny-gliwicki-sportowiec-medalista-mistrzostw-swiata-w-szermierce\\\/#primaryimage\"},\"thumbnailUrl\":\"https:\\\/\\\/www.24gliwice.pl\\\/wiadomosci\\\/wp-content\\\/uploads\\\/2022\\\/03\\\/egon-franke-001.jpg\",\"keywords\":[\"egon franke\"],\"articleSection\":[\"Gliwice\",\"Najnowsze wiadomo\u015bci\"],\"inLanguage\":\"pl-PL\"},{\"@type\":\"WebPage\",\"@id\":\"https:\\\/\\\/www.24gliwice.pl\\\/wiadomosci\\\/zmarl-egon-franke-wybitny-gliwicki-sportowiec-medalista-mistrzostw-swiata-w-szermierce\\\/\",\"url\":\"https:\\\/\\\/www.24gliwice.pl\\\/wiadomosci\\\/zmarl-egon-franke-wybitny-gliwicki-sportowiec-medalista-mistrzostw-swiata-w-szermierce\\\/\",\"name\":\"Zmar\u0142 Egon Franke, wybitny gliwicki sportowiec, medalista mistrzostw \u015bwiata w szermierce - 24GLIWICE - Portal Gliwice | codziennie nowe informacje\",\"isPartOf\":{\"@id\":\"https:\\\/\\\/www.24gliwice.pl\\\/wiadomosci\\\/#website\"},\"primaryImageOfPage\":{\"@id\":\"https:\\\/\\\/www.24gliwice.pl\\\/wiadomosci\\\/zmarl-egon-franke-wybitny-gliwicki-sportowiec-medalista-mistrzostw-swiata-w-szermierce\\\/#primaryimage\"},\"image\":{\"@id\":\"https:\\\/\\\/www.24gliwice.pl\\\/wiadomosci\\\/zmarl-egon-franke-wybitny-gliwicki-sportowiec-medalista-mistrzostw-swiata-w-szermierce\\\/#primaryimage\"},\"thumbnailUrl\":\"https:\\\/\\\/www.24gliwice.pl\\\/wiadomosci\\\/wp-content\\\/uploads\\\/2022\\\/03\\\/egon-franke-001.jpg\",\"datePublished\":\"2022-03-31T13:38:51+00:00\",\"dateModified\":\"2022-03-31T13:40:06+00:00\",\"description\":\"Zmar\u0142 Egon Franke, wybitny gliwicki sportowiec. Wielokrotny medalista mistrzostw \u015bwiata w szermierce. Pogrzeb odb\u0119dzie si\u0119 we W\u0142oszech\",\"breadcrumb\":{\"@id\":\"https:\\\/\\\/www.24gliwice.pl\\\/wiadomosci\\\/zmarl-egon-franke-wybitny-gliwicki-sportowiec-medalista-mistrzostw-swiata-w-szermierce\\\/#breadcrumb\"},\"inLanguage\":\"pl-PL\",\"potentialAction\":[{\"@type\":\"ReadAction\",\"target\":[\"https:\\\/\\\/www.24gliwice.pl\\\/wiadomosci\\\/zmarl-egon-franke-wybitny-gliwicki-sportowiec-medalista-mistrzostw-swiata-w-szermierce\\\/\"]}]},{\"@type\":\"ImageObject\",\"inLanguage\":\"pl-PL\",\"@id\":\"https:\\\/\\\/www.24gliwice.pl\\\/wiadomosci\\\/zmarl-egon-franke-wybitny-gliwicki-sportowiec-medalista-mistrzostw-swiata-w-szermierce\\\/#primaryimage\",\"url\":\"https:\\\/\\\/www.24gliwice.pl\\\/wiadomosci\\\/wp-content\\\/uploads\\\/2022\\\/03\\\/egon-franke-001.jpg\",\"contentUrl\":\"https:\\\/\\\/www.24gliwice.pl\\\/wiadomosci\\\/wp-content\\\/uploads\\\/2022\\\/03\\\/egon-franke-001.jpg\",\"width\":810,\"height\":457,\"caption\":\"fot. UM Gliwice\\\/GKS \u201ePiast\u201d\"},{\"@type\":\"BreadcrumbList\",\"@id\":\"https:\\\/\\\/www.24gliwice.pl\\\/wiadomosci\\\/zmarl-egon-franke-wybitny-gliwicki-sportowiec-medalista-mistrzostw-swiata-w-szermierce\\\/#breadcrumb\",\"itemListElement\":[{\"@type\":\"ListItem\",\"position\":1,\"name\":\"Strona g\u0142\u00f3wna\",\"item\":\"https:\\\/\\\/www.24gliwice.pl\\\/wiadomosci\\\/\"},{\"@type\":\"ListItem\",\"position\":2,\"name\":\"Zmar\u0142 Egon Franke, wybitny gliwicki sportowiec, medalista mistrzostw \u015bwiata w szermierce\"}]},{\"@type\":\"WebSite\",\"@id\":\"https:\\\/\\\/www.24gliwice.pl\\\/wiadomosci\\\/#website\",\"url\":\"https:\\\/\\\/www.24gliwice.pl\\\/wiadomosci\\\/\",\"name\":\"24GLIWICE - Portal Gliwice | codziennie nowe wiadomo\u015bci\",\"description\":\"Portal Miejski Gliwice\",\"publisher\":{\"@id\":\"https:\\\/\\\/www.24gliwice.pl\\\/wiadomosci\\\/#organization\"},\"potentialAction\":[{\"@type\":\"SearchAction\",\"target\":{\"@type\":\"EntryPoint\",\"urlTemplate\":\"https:\\\/\\\/www.24gliwice.pl\\\/wiadomosci\\\/?s={search_term_string}\"},\"query-input\":{\"@type\":\"PropertyValueSpecification\",\"valueRequired\":true,\"valueName\":\"search_term_string\"}}],\"inLanguage\":\"pl-PL\"},{\"@type\":\"Organization\",\"@id\":\"https:\\\/\\\/www.24gliwice.pl\\\/wiadomosci\\\/#organization\",\"name\":\"24gliwice\",\"url\":\"https:\\\/\\\/www.24gliwice.pl\\\/wiadomosci\\\/\",\"logo\":{\"@type\":\"ImageObject\",\"inLanguage\":\"pl-PL\",\"@id\":\"https:\\\/\\\/www.24gliwice.pl\\\/wiadomosci\\\/#\\\/schema\\\/logo\\\/image\\\/\",\"url\":\"https:\\\/\\\/www.24gliwice.pl\\\/wiadomosci\\\/wp-content\\\/uploads\\\/2024\\\/10\\\/24gliwice-logo-696.jpg\",\"contentUrl\":\"https:\\\/\\\/www.24gliwice.pl\\\/wiadomosci\\\/wp-content\\\/uploads\\\/2024\\\/10\\\/24gliwice-logo-696.jpg\",\"width\":696,\"height\":696,\"caption\":\"24gliwice\"},\"image\":{\"@id\":\"https:\\\/\\\/www.24gliwice.pl\\\/wiadomosci\\\/#\\\/schema\\\/logo\\\/image\\\/\"},\"sameAs\":[\"https:\\\/\\\/www.facebook.com\\\/24gliwice\",\"https:\\\/\\\/x.com\\\/24gliwice\",\"https:\\\/\\\/www.youtube.com\\\/@24gliwice\"]},{\"@type\":\"Person\",\"@id\":\"https:\\\/\\\/www.24gliwice.pl\\\/wiadomosci\\\/#\\\/schema\\\/person\\\/e42c650edd7f2fa332be3811fb166b6e\",\"name\":\"\u017baneta Mrozek-Siewierska\",\"image\":{\"@type\":\"ImageObject\",\"inLanguage\":\"pl-PL\",\"@id\":\"https:\\\/\\\/www.24gliwice.pl\\\/wiadomosci\\\/wp-content\\\/uploads\\\/2021\\\/11\\\/Zaneta-M_S-zdjecie-czb-96x96.jpg\",\"url\":\"https:\\\/\\\/www.24gliwice.pl\\\/wiadomosci\\\/wp-content\\\/uploads\\\/2021\\\/11\\\/Zaneta-M_S-zdjecie-czb-96x96.jpg\",\"contentUrl\":\"https:\\\/\\\/www.24gliwice.pl\\\/wiadomosci\\\/wp-content\\\/uploads\\\/2021\\\/11\\\/Zaneta-M_S-zdjecie-czb-96x96.jpg\",\"caption\":\"\u017baneta Mrozek-Siewierska\"},\"url\":\"https:\\\/\\\/www.24gliwice.pl\\\/wiadomosci\\\/author\\\/zms\\\/\"}]}<\/script>\n<!-- \/ Yoast SEO plugin. -->","yoast_head_json":{"title":"Zmar\u0142 Egon Franke, wybitny gliwicki sportowiec, medalista mistrzostw \u015bwiata w szermierce - 24GLIWICE - Portal Gliwice | codziennie nowe informacje","description":"Zmar\u0142 Egon Franke, wybitny gliwicki sportowiec. Wielokrotny medalista mistrzostw \u015bwiata w szermierce. Pogrzeb odb\u0119dzie si\u0119 we W\u0142oszech","robots":{"index":"index","follow":"follow","max-snippet":"max-snippet:-1","max-image-preview":"max-image-preview:large","max-video-preview":"max-video-preview:-1"},"canonical":"https:\/\/www.24gliwice.pl\/wiadomosci\/zmarl-egon-franke-wybitny-gliwicki-sportowiec-medalista-mistrzostw-swiata-w-szermierce\/","og_locale":"pl_PL","og_type":"article","og_title":"Zmar\u0142 Egon Franke, wybitny gliwicki sportowiec, medalista mistrzostw \u015bwiata w szermierce - 24GLIWICE - Portal Gliwice | codziennie nowe informacje","og_description":"Zmar\u0142 Egon Franke, wybitny gliwicki sportowiec. Wielokrotny medalista mistrzostw \u015bwiata w szermierce. Pogrzeb odb\u0119dzie si\u0119 we W\u0142oszech","og_url":"https:\/\/www.24gliwice.pl\/wiadomosci\/zmarl-egon-franke-wybitny-gliwicki-sportowiec-medalista-mistrzostw-swiata-w-szermierce\/","og_site_name":"24GLIWICE - Portal Gliwice | codziennie nowe informacje","article_publisher":"https:\/\/www.facebook.com\/24gliwice","article_published_time":"2022-03-31T13:38:51+00:00","article_modified_time":"2022-03-31T13:40:06+00:00","og_image":[{"width":810,"height":457,"url":"https:\/\/www.24gliwice.pl\/wiadomosci\/wp-content\/uploads\/2022\/03\/egon-franke-001.jpg","type":"image\/jpeg"}],"author":"\u017baneta Mrozek-Siewierska","twitter_card":"summary_large_image","twitter_creator":"@24gliwice","twitter_site":"@24gliwice","twitter_misc":{"Napisane przez":"\u017baneta Mrozek-Siewierska","Szacowany czas czytania":"2 minuty"},"schema":{"@context":"https:\/\/schema.org","@graph":[{"@type":"Article","@id":"https:\/\/www.24gliwice.pl\/wiadomosci\/zmarl-egon-franke-wybitny-gliwicki-sportowiec-medalista-mistrzostw-swiata-w-szermierce\/#article","isPartOf":{"@id":"https:\/\/www.24gliwice.pl\/wiadomosci\/zmarl-egon-franke-wybitny-gliwicki-sportowiec-medalista-mistrzostw-swiata-w-szermierce\/"},"author":{"name":"\u017baneta Mrozek-Siewierska","@id":"https:\/\/www.24gliwice.pl\/wiadomosci\/#\/schema\/person\/e42c650edd7f2fa332be3811fb166b6e"},"headline":"Zmar\u0142 Egon Franke, wybitny gliwicki sportowiec, medalista mistrzostw \u015bwiata w szermierce","datePublished":"2022-03-31T13:38:51+00:00","dateModified":"2022-03-31T13:40:06+00:00","mainEntityOfPage":{"@id":"https:\/\/www.24gliwice.pl\/wiadomosci\/zmarl-egon-franke-wybitny-gliwicki-sportowiec-medalista-mistrzostw-swiata-w-szermierce\/"},"wordCount":334,"publisher":{"@id":"https:\/\/www.24gliwice.pl\/wiadomosci\/#organization"},"image":{"@id":"https:\/\/www.24gliwice.pl\/wiadomosci\/zmarl-egon-franke-wybitny-gliwicki-sportowiec-medalista-mistrzostw-swiata-w-szermierce\/#primaryimage"},"thumbnailUrl":"https:\/\/www.24gliwice.pl\/wiadomosci\/wp-content\/uploads\/2022\/03\/egon-franke-001.jpg","keywords":["egon franke"],"articleSection":["Gliwice","Najnowsze wiadomo\u015bci"],"inLanguage":"pl-PL"},{"@type":"WebPage","@id":"https:\/\/www.24gliwice.pl\/wiadomosci\/zmarl-egon-franke-wybitny-gliwicki-sportowiec-medalista-mistrzostw-swiata-w-szermierce\/","url":"https:\/\/www.24gliwice.pl\/wiadomosci\/zmarl-egon-franke-wybitny-gliwicki-sportowiec-medalista-mistrzostw-swiata-w-szermierce\/","name":"Zmar\u0142 Egon Franke, wybitny gliwicki sportowiec, medalista mistrzostw \u015bwiata w szermierce - 24GLIWICE - Portal Gliwice | codziennie nowe informacje","isPartOf":{"@id":"https:\/\/www.24gliwice.pl\/wiadomosci\/#website"},"primaryImageOfPage":{"@id":"https:\/\/www.24gliwice.pl\/wiadomosci\/zmarl-egon-franke-wybitny-gliwicki-sportowiec-medalista-mistrzostw-swiata-w-szermierce\/#primaryimage"},"image":{"@id":"https:\/\/www.24gliwice.pl\/wiadomosci\/zmarl-egon-franke-wybitny-gliwicki-sportowiec-medalista-mistrzostw-swiata-w-szermierce\/#primaryimage"},"thumbnailUrl":"https:\/\/www.24gliwice.pl\/wiadomosci\/wp-content\/uploads\/2022\/03\/egon-franke-001.jpg","datePublished":"2022-03-31T13:38:51+00:00","dateModified":"2022-03-31T13:40:06+00:00","description":"Zmar\u0142 Egon Franke, wybitny gliwicki sportowiec. Wielokrotny medalista mistrzostw \u015bwiata w szermierce. Pogrzeb odb\u0119dzie si\u0119 we W\u0142oszech","breadcrumb":{"@id":"https:\/\/www.24gliwice.pl\/wiadomosci\/zmarl-egon-franke-wybitny-gliwicki-sportowiec-medalista-mistrzostw-swiata-w-szermierce\/#breadcrumb"},"inLanguage":"pl-PL","potentialAction":[{"@type":"ReadAction","target":["https:\/\/www.24gliwice.pl\/wiadomosci\/zmarl-egon-franke-wybitny-gliwicki-sportowiec-medalista-mistrzostw-swiata-w-szermierce\/"]}]},{"@type":"ImageObject","inLanguage":"pl-PL","@id":"https:\/\/www.24gliwice.pl\/wiadomosci\/zmarl-egon-franke-wybitny-gliwicki-sportowiec-medalista-mistrzostw-swiata-w-szermierce\/#primaryimage","url":"https:\/\/www.24gliwice.pl\/wiadomosci\/wp-content\/uploads\/2022\/03\/egon-franke-001.jpg","contentUrl":"https:\/\/www.24gliwice.pl\/wiadomosci\/wp-content\/uploads\/2022\/03\/egon-franke-001.jpg","width":810,"height":457,"caption":"fot. UM Gliwice\/GKS \u201ePiast\u201d"},{"@type":"BreadcrumbList","@id":"https:\/\/www.24gliwice.pl\/wiadomosci\/zmarl-egon-franke-wybitny-gliwicki-sportowiec-medalista-mistrzostw-swiata-w-szermierce\/#breadcrumb","itemListElement":[{"@type":"ListItem","position":1,"name":"Strona g\u0142\u00f3wna","item":"https:\/\/www.24gliwice.pl\/wiadomosci\/"},{"@type":"ListItem","position":2,"name":"Zmar\u0142 Egon Franke, wybitny gliwicki sportowiec, medalista mistrzostw \u015bwiata w szermierce"}]},{"@type":"WebSite","@id":"https:\/\/www.24gliwice.pl\/wiadomosci\/#website","url":"https:\/\/www.24gliwice.pl\/wiadomosci\/","name":"24GLIWICE - Portal Gliwice | codziennie nowe wiadomo\u015bci","description":"Portal Miejski Gliwice","publisher":{"@id":"https:\/\/www.24gliwice.pl\/wiadomosci\/#organization"},"potentialAction":[{"@type":"SearchAction","target":{"@type":"EntryPoint","urlTemplate":"https:\/\/www.24gliwice.pl\/wiadomosci\/?s={search_term_string}"},"query-input":{"@type":"PropertyValueSpecification","valueRequired":true,"valueName":"search_term_string"}}],"inLanguage":"pl-PL"},{"@type":"Organization","@id":"https:\/\/www.24gliwice.pl\/wiadomosci\/#organization","name":"24gliwice","url":"https:\/\/www.24gliwice.pl\/wiadomosci\/","logo":{"@type":"ImageObject","inLanguage":"pl-PL","@id":"https:\/\/www.24gliwice.pl\/wiadomosci\/#\/schema\/logo\/image\/","url":"https:\/\/www.24gliwice.pl\/wiadomosci\/wp-content\/uploads\/2024\/10\/24gliwice-logo-696.jpg","contentUrl":"https:\/\/www.24gliwice.pl\/wiadomosci\/wp-content\/uploads\/2024\/10\/24gliwice-logo-696.jpg","width":696,"height":696,"caption":"24gliwice"},"image":{"@id":"https:\/\/www.24gliwice.pl\/wiadomosci\/#\/schema\/logo\/image\/"},"sameAs":["https:\/\/www.facebook.com\/24gliwice","https:\/\/x.com\/24gliwice","https:\/\/www.youtube.com\/@24gliwice"]},{"@type":"Person","@id":"https:\/\/www.24gliwice.pl\/wiadomosci\/#\/schema\/person\/e42c650edd7f2fa332be3811fb166b6e","name":"\u017baneta Mrozek-Siewierska","image":{"@type":"ImageObject","inLanguage":"pl-PL","@id":"https:\/\/www.24gliwice.pl\/wiadomosci\/wp-content\/uploads\/2021\/11\/Zaneta-M_S-zdjecie-czb-96x96.jpg","url":"https:\/\/www.24gliwice.pl\/wiadomosci\/wp-content\/uploads\/2021\/11\/Zaneta-M_S-zdjecie-czb-96x96.jpg","contentUrl":"https:\/\/www.24gliwice.pl\/wiadomosci\/wp-content\/uploads\/2021\/11\/Zaneta-M_S-zdjecie-czb-96x96.jpg","caption":"\u017baneta Mrozek-Siewierska"},"url":"https:\/\/www.24gliwice.pl\/wiadomosci\/author\/zms\/"}]}},"_links":{"self":[{"href":"https:\/\/www.24gliwice.pl\/wiadomosci\/wp-json\/wp\/v2\/posts\/189716","targetHints":{"allow":["GET"]}}],"collection":[{"href":"https:\/\/www.24gliwice.pl\/wiadomosci\/wp-json\/wp\/v2\/posts"}],"about":[{"href":"https:\/\/www.24gliwice.pl\/wiadomosci\/wp-json\/wp\/v2\/types\/post"}],"author":[{"embeddable":true,"href":"https:\/\/www.24gliwice.pl\/wiadomosci\/wp-json\/wp\/v2\/users\/15"}],"replies":[{"embeddable":true,"href":"https:\/\/www.24gliwice.pl\/wiadomosci\/wp-json\/wp\/v2\/comments?post=189716"}],"version-history":[{"count":8,"href":"https:\/\/www.24gliwice.pl\/wiadomosci\/wp-json\/wp\/v2\/posts\/189716\/revisions"}],"predecessor-version":[{"id":189726,"href":"https:\/\/www.24gliwice.pl\/wiadomosci\/wp-json\/wp\/v2\/posts\/189716\/revisions\/189726"}],"wp:featuredmedia":[{"embeddable":true,"href":"https:\/\/www.24gliwice.pl\/wiadomosci\/wp-json\/wp\/v2\/media\/189721"}],"wp:attachment":[{"href":"https:\/\/www.24gliwice.pl\/wiadomosci\/wp-json\/wp\/v2\/media?parent=189716"}],"wp:term":[{"taxonomy":"category","embeddable":true,"href":"https:\/\/www.24gliwice.pl\/wiadomosci\/wp-json\/wp\/v2\/categories?post=189716"},{"taxonomy":"post_tag","embeddable":true,"href":"https:\/\/www.24gliwice.pl\/wiadomosci\/wp-json\/wp\/v2\/tags?post=189716"}],"curies":[{"name":"wp","href":"https:\/\/api.w.org\/{rel}","templated":true}]}}