{"id":189886,"date":"2022-04-04T11:46:19","date_gmt":"2022-04-04T09:46:19","guid":{"rendered":"https:\/\/www.24gliwice.pl\/wiadomosci\/?p=189886"},"modified":"2022-04-04T11:46:37","modified_gmt":"2022-04-04T09:46:37","slug":"pomoc-dla-uchodzcow-na-lodowisku-tafla-to-inicjatywa-polaka-na-co-dzien-mieszkajacego-w-niemczech","status":"publish","type":"post","link":"https:\/\/www.24gliwice.pl\/wiadomosci\/pomoc-dla-uchodzcow-na-lodowisku-tafla-to-inicjatywa-polaka-na-co-dzien-mieszkajacego-w-niemczech\/","title":{"rendered":"Pomoc dla uchod\u017ac\u00f3w na lodowisku Tafla. To inicjatywa Polaka na co dzie\u0144 mieszkaj\u0105cego w Niemczech"},"content":{"rendered":"<div class=\"gliwi-a6-nad-leadem-artykulow gliwi-entity-placement\" id=\"gliwi-3158725072\"><div class=\"gliwi-adlabel\"><span style=\"font-size: 9px\">REKLAMA<\/span><\/div><div id=\"gliwi-2806769121\" style=\"margin-bottom: 25px;margin-left: auto;margin-right: auto;text-align: center;\"><a data-no-instant=\"1\" href=\"https:\/\/dom100.eu\/\" rel=\"noopener\" class=\"a2t-link\" target=\"_blank\" aria-label=\"20260415 DOM100 D\"><img loading=\"lazy\" decoding=\"async\" src=\"https:\/\/www.24gliwice.pl\/wiadomosci\/wp-content\/uploads\/2026\/04\/20260415-DOM100-D.jpg\" alt=\"\"  srcset=\"https:\/\/www.24gliwice.pl\/wiadomosci\/wp-content\/uploads\/2026\/04\/20260415-DOM100-D.jpg 750w, https:\/\/www.24gliwice.pl\/wiadomosci\/wp-content\/uploads\/2026\/04\/20260415-DOM100-D-410x109.jpg 410w\" sizes=\"(max-width: 750px) 100vw, 750px\" class=\"no-lazyload\" width=\"750\" height=\"200\"  style=\"display: inline-block; max-width: 100%; height: auto;\" \/><\/a><\/div><\/div><h2>W pomoc dla uchod\u017ac\u00f3w z Ukrainy w\u0142\u0105cza si\u0119 wiele os\u00f3b prywatnych i organizacji &#8211; tak\u0105 sytuacj\u0119 mamy na lodowisku \u201eTafla\u201d. Od poniedzia\u0142ku dzia\u0142a tu punkt dystrybucji dar\u00f3w dla potrzebuj\u0105cych, zorganizowany przez Fundacj\u0119 Eugeniusz&#038;Friends.<\/h2>\n<p>&nbsp;<br \/>\nPunkt przekazywania dar\u00f3w \u201eS\u0105siedzka pomoc\u201d jest uruchamiany na \u201eTafli\u201d przy ul. Akademickiej 29 dzi\u0119ki wsp\u00f3\u0142pracy fundacji z Politechnik\u0105 \u015al\u0105sk\u0105 \u2013 dzier\u017cawc\u0105 hali lodowiska. Na tak\u0105 czasow\u0105 zmian\u0119 funkcji obiektu zgod\u0119 musia\u0142o wyrazi\u0107 miasto, jako jego w\u0142a\u015bciciel. Nie by\u0142o z tym oczywi\u015bcie problemu z uwagi na szczytny cel oraz w zwi\u0105zku z zako\u0144czeniem sezonu \u015blizgawek.<\/p>\n<p><a href=\"https:\/\/www.24gliwice.pl\/wiadomosci\/wp-content\/uploads\/2022\/04\/tafla_punkt_pomocy_2-1.jpg\"><img loading=\"lazy\" decoding=\"async\" src=\"https:\/\/www.24gliwice.pl\/wiadomosci\/wp-content\/uploads\/2022\/04\/tafla_punkt_pomocy_2-1.jpg\" alt=\"\" width=\"810\" height=\"540\" class=\"alignnone size-full wp-image-189894\" srcset=\"https:\/\/www.24gliwice.pl\/wiadomosci\/wp-content\/uploads\/2022\/04\/tafla_punkt_pomocy_2-1.jpg 810w, https:\/\/www.24gliwice.pl\/wiadomosci\/wp-content\/uploads\/2022\/04\/tafla_punkt_pomocy_2-1-348x232.jpg 348w, https:\/\/www.24gliwice.pl\/wiadomosci\/wp-content\/uploads\/2022\/04\/tafla_punkt_pomocy_2-1-683x455.jpg 683w, https:\/\/www.24gliwice.pl\/wiadomosci\/wp-content\/uploads\/2022\/04\/tafla_punkt_pomocy_2-1-768x512.jpg 768w\" sizes=\"auto, (max-width: 810px) 100vw, 810px\" \/><\/a><\/p>\n<p>\u2013 <em>Naszym celem jest pomaganie osobom potrzebuj\u0105cym, a obecnie, w zwi\u0105zku z dramatyczn\u0105 sytuacj\u0105, w jakiej znale\u017ali si\u0119 obywatele obj\u0119tej wojn\u0105 Ukrainy, skupiamy si\u0119 na pomocy dla mieszka\u0144c\u00f3w tego kraju. Nie mo\u017cemy pozosta\u0107 oboj\u0119tni. Najpierw przekazywali\u015bmy dary na Ukrain\u0119, teraz chcemy dostarcza\u0107 potrzebne rzeczy dla uchod\u017ac\u00f3w mieszkaj\u0105cych w Gliwicach lub docieraj\u0105cym do miasta<\/em> \u2013 m\u00f3wi <strong>Eugeniusz Bienia<\/strong>, prezes Fundacji Eugeniusz&#038;Friends, kt\u00f3ry na co dzie\u0144 mieszka w niemieckim Heilbronn, ale jest mocno zwi\u0105zany z naszym miastem. <\/p><div class=\"gliwi-a3-w-tresci-artykulow gliwi-entity-placement\" id=\"gliwi-1935556180\"><div class=\"gliwi-adlabel\"><span style=\"font-size: 9px\">REKLAMA<\/span><\/div><div id=\"gliwi-726733\" style=\"margin-bottom: 30px;margin-left: auto;margin-right: auto;text-align: center;\"><a data-no-instant=\"1\" href=\"https:\/\/ogrodyandersa.pl\/\" rel=\"noopener\" class=\"a2t-link\" target=\"_blank\" aria-label=\"20260415 Ogrody Andersa KUP TERAZ D\"><img loading=\"lazy\" decoding=\"async\" src=\"https:\/\/www.24gliwice.pl\/wiadomosci\/wp-content\/uploads\/2026\/04\/20260415-Ogrody-Andersa-KUP-TERAZ-D.jpg\" alt=\"\"  srcset=\"https:\/\/www.24gliwice.pl\/wiadomosci\/wp-content\/uploads\/2026\/04\/20260415-Ogrody-Andersa-KUP-TERAZ-D.jpg 750w, https:\/\/www.24gliwice.pl\/wiadomosci\/wp-content\/uploads\/2026\/04\/20260415-Ogrody-Andersa-KUP-TERAZ-D-410x109.jpg 410w\" sizes=\"(max-width: 750px) 100vw, 750px\" class=\"no-lazyload\" width=\"750\" height=\"200\"  style=\"display: inline-block; max-width: 100%; height: auto;\" \/><\/a><\/div><\/div>\n<h4>Tu si\u0119 urodzi\u0142, tu mieszka\u0142 do zako\u0144czenia szko\u0142y \u015bredniej, tu te\u017c ch\u0119tnie przyje\u017cd\u017ca w wolnych chwilach i do Gliwic chce docelowo powr\u00f3ci\u0107 po zako\u0144czeniu pracy zawodowej.<\/h4>\n<p>\u2013 <em>Po agresji Rosji na Ukrain\u0119, jak wiele innych os\u00f3b, od razu z przyjaci\u00f3\u0142mi i znajomymi w Niemczech zorganizowali\u015bmy pomoc. Na pocz\u0105tku nieformaln\u0105. Teraz jako fundacja zbieramy w Niemczech dary dla uchod\u017ac\u00f3w, ale tak\u017ce pieni\u0105dze, za kt\u00f3re kupujemy najwa\u017cniejsze rzeczy niezb\u0119dne Ukrai\u0144com na pocz\u0105tku pobytu w Polsce. Staramy si\u0119 na bie\u017c\u0105co gromadzi\u0107 informacje o tym, co jest najbardziej potrzebne. Pierwszy du\u017cy transport dotar\u0142 ju\u017c do Gliwic<\/em> \u2013 opowiada Eugeniusz Bienia.<\/p>\n<p><a href=\"https:\/\/www.24gliwice.pl\/wiadomosci\/wp-content\/uploads\/2022\/04\/tafla_punkt_pomocy_5-1.jpg\"><img loading=\"lazy\" decoding=\"async\" src=\"https:\/\/www.24gliwice.pl\/wiadomosci\/wp-content\/uploads\/2022\/04\/tafla_punkt_pomocy_5-1.jpg\" alt=\"\" width=\"810\" height=\"540\" class=\"alignnone size-full wp-image-189895\" srcset=\"https:\/\/www.24gliwice.pl\/wiadomosci\/wp-content\/uploads\/2022\/04\/tafla_punkt_pomocy_5-1.jpg 810w, https:\/\/www.24gliwice.pl\/wiadomosci\/wp-content\/uploads\/2022\/04\/tafla_punkt_pomocy_5-1-348x232.jpg 348w, https:\/\/www.24gliwice.pl\/wiadomosci\/wp-content\/uploads\/2022\/04\/tafla_punkt_pomocy_5-1-683x455.jpg 683w, https:\/\/www.24gliwice.pl\/wiadomosci\/wp-content\/uploads\/2022\/04\/tafla_punkt_pomocy_5-1-768x512.jpg 768w\" sizes=\"auto, (max-width: 810px) 100vw, 810px\" \/><\/a><\/p>\n<p>Jak informuje fundacja, dary b\u0119d\u0105 mogli otrzyma\u0107 w Gliwicach uciekinierzy z Ukrainy. Dost\u0119pne b\u0119dzie m.in. \u017cywno\u015b\u0107, artyku\u0142y higieny osobistej, akcesoria dla dzieci w r\u00f3\u017cnym wieku, odzie\u017c i wiele innych rzeczy. Punkt ma by\u0107 czynny od poniedzia\u0142ku do pi\u0105tku w godzinach od 10:00 do 18:00 oraz w soboty od 10:00 do 13:00, a potrzebuj\u0105cy obs\u0142ugiwani b\u0119d\u0105 m.in. przez swoich rodak\u00f3w.<\/p>\n<p>(\u017cms)\/UM Gliwice<br \/>\nfot. UM Gliwice\/M. Buksa<\/p>\n<div class=\"gliwi-a5-na-koncu-artykulow gliwi-entity-placement\" id=\"gliwi-3135760451\"><div class=\"gliwi-adlabel\"><span style=\"font-size: 9px\">REKLAMA<\/span><\/div><div id=\"gliwi-1102604521\" style=\"margin-left: auto;margin-right: auto;text-align: center;\"><a data-no-instant=\"1\" href=\"https:\/\/prezeroarenagliwice.pl\/\" rel=\"noopener\" class=\"a2t-link\" target=\"_blank\" aria-label=\"20260309-PREZERO-WIOSNA-D\"><img loading=\"lazy\" decoding=\"async\" src=\"https:\/\/www.24gliwice.pl\/wiadomosci\/wp-content\/uploads\/2026\/03\/20260309-PREZERO-WIOSNA-D.webp\" alt=\"\"  srcset=\"https:\/\/www.24gliwice.pl\/wiadomosci\/wp-content\/uploads\/2026\/03\/20260309-PREZERO-WIOSNA-D.webp 750w, https:\/\/www.24gliwice.pl\/wiadomosci\/wp-content\/uploads\/2026\/03\/20260309-PREZERO-WIOSNA-D-410x109.webp 410w\" sizes=\"(max-width: 750px) 100vw, 750px\" class=\"no-lazyload\" width=\"750\" height=\"200\"  style=\"display: inline-block; max-width: 100%; height: auto;\" \/><\/a><\/div><\/div>","protected":false},"excerpt":{"rendered":"<p>W pomoc dla uchod\u017ac\u00f3w z Ukrainy w\u0142\u0105cza si\u0119 wiele os\u00f3b prywatnych i organizacji &#8211; tak\u0105 sytuacj\u0119 mamy na lodowisku \u201eTafla\u201d. Od poniedzia\u0142ku dzia\u0142a tu punkt dystrybucji dar\u00f3w dla potrzebuj\u0105cych, zorganizowany przez Fundacj\u0119 Eugeniusz&#038;Friends. &nbsp; Punkt przekazywania dar\u00f3w \u201eS\u0105siedzka pomoc\u201d jest uruchamiany na \u201eTafli\u201d przy ul. Akademickiej 29 dzi\u0119ki wsp\u00f3\u0142pracy fundacji z Politechnik\u0105 \u015al\u0105sk\u0105 \u2013 dzier\u017cawc\u0105 [&hellip;]<\/p>\n","protected":false},"author":15,"featured_media":189896,"comment_status":"closed","ping_status":"closed","sticky":false,"template":"","format":"standard","meta":{"_monsterinsights_skip_tracking":false,"_monsterinsights_sitenote_active":false,"_monsterinsights_sitenote_note":"","_monsterinsights_sitenote_category":0,"footnotes":"","_links_to":"","_links_to_target":""},"categories":[3,1],"tags":[],"class_list":["post-189886","post","type-post","status-publish","format-standard","has-post-thumbnail","hentry","category-gliwice","category-wszystko"],"yoast_head":"<!-- This site is optimized with the Yoast SEO plugin v27.4 - https:\/\/yoast.com\/product\/yoast-seo-wordpress\/ -->\n<title>Pomoc dla uchod\u017ac\u00f3w na lodowisku Tafla. To inicjatywa Polaka na co dzie\u0144 mieszkaj\u0105cego w Niemczech - 24GLIWICE - Portal Gliwice | codziennie nowe informacje<\/title>\n<meta name=\"description\" content=\"Na lodowisku Tafla uruchomiono nowy punkt pomocy uchod\u017acom z Ukrainy, kt\u00f3ry koordynowany jest przez Fundacj\u0119 Eugeniusz&amp;Friends\" \/>\n<meta name=\"robots\" content=\"index, follow, max-snippet:-1, max-image-preview:large, max-video-preview:-1\" \/>\n<link rel=\"canonical\" href=\"https:\/\/www.24gliwice.pl\/wiadomosci\/pomoc-dla-uchodzcow-na-lodowisku-tafla-to-inicjatywa-polaka-na-co-dzien-mieszkajacego-w-niemczech\/\" \/>\n<meta property=\"og:locale\" content=\"pl_PL\" \/>\n<meta property=\"og:type\" content=\"article\" \/>\n<meta property=\"og:title\" content=\"Pomoc dla uchod\u017ac\u00f3w na lodowisku Tafla. To inicjatywa Polaka na co dzie\u0144 mieszkaj\u0105cego w Niemczech - 24GLIWICE - Portal Gliwice | codziennie nowe informacje\" \/>\n<meta property=\"og:description\" content=\"Na lodowisku Tafla uruchomiono nowy punkt pomocy uchod\u017acom z Ukrainy, kt\u00f3ry koordynowany jest przez Fundacj\u0119 Eugeniusz&amp;Friends\" \/>\n<meta property=\"og:url\" content=\"https:\/\/www.24gliwice.pl\/wiadomosci\/pomoc-dla-uchodzcow-na-lodowisku-tafla-to-inicjatywa-polaka-na-co-dzien-mieszkajacego-w-niemczech\/\" \/>\n<meta property=\"og:site_name\" content=\"24GLIWICE - Portal Gliwice | codziennie nowe informacje\" \/>\n<meta property=\"article:publisher\" content=\"https:\/\/www.facebook.com\/24gliwice\" \/>\n<meta property=\"article:published_time\" content=\"2022-04-04T09:46:19+00:00\" \/>\n<meta property=\"article:modified_time\" content=\"2022-04-04T09:46:37+00:00\" \/>\n<meta property=\"og:image\" content=\"https:\/\/www.24gliwice.pl\/wiadomosci\/wp-content\/uploads\/2022\/04\/tafla_punkt_pomocy_6-1.jpg\" \/>\n\t<meta property=\"og:image:width\" content=\"810\" \/>\n\t<meta property=\"og:image:height\" content=\"457\" \/>\n\t<meta property=\"og:image:type\" content=\"image\/jpeg\" \/>\n<meta name=\"author\" content=\"\u017baneta Mrozek-Siewierska\" \/>\n<meta name=\"twitter:card\" content=\"summary_large_image\" \/>\n<meta name=\"twitter:creator\" content=\"@24gliwice\" \/>\n<meta name=\"twitter:site\" content=\"@24gliwice\" \/>\n<meta name=\"twitter:label1\" content=\"Napisane przez\" \/>\n\t<meta name=\"twitter:data1\" content=\"\u017baneta Mrozek-Siewierska\" \/>\n\t<meta name=\"twitter:label2\" content=\"Szacowany czas czytania\" \/>\n\t<meta name=\"twitter:data2\" content=\"2 minuty\" \/>\n<script type=\"application\/ld+json\" class=\"yoast-schema-graph\">{\"@context\":\"https:\\\/\\\/schema.org\",\"@graph\":[{\"@type\":\"Article\",\"@id\":\"https:\\\/\\\/www.24gliwice.pl\\\/wiadomosci\\\/pomoc-dla-uchodzcow-na-lodowisku-tafla-to-inicjatywa-polaka-na-co-dzien-mieszkajacego-w-niemczech\\\/#article\",\"isPartOf\":{\"@id\":\"https:\\\/\\\/www.24gliwice.pl\\\/wiadomosci\\\/pomoc-dla-uchodzcow-na-lodowisku-tafla-to-inicjatywa-polaka-na-co-dzien-mieszkajacego-w-niemczech\\\/\"},\"author\":{\"name\":\"\u017baneta Mrozek-Siewierska\",\"@id\":\"https:\\\/\\\/www.24gliwice.pl\\\/wiadomosci\\\/#\\\/schema\\\/person\\\/e42c650edd7f2fa332be3811fb166b6e\"},\"headline\":\"Pomoc dla uchod\u017ac\u00f3w na lodowisku Tafla. To inicjatywa Polaka na co dzie\u0144 mieszkaj\u0105cego w Niemczech\",\"datePublished\":\"2022-04-04T09:46:19+00:00\",\"dateModified\":\"2022-04-04T09:46:37+00:00\",\"mainEntityOfPage\":{\"@id\":\"https:\\\/\\\/www.24gliwice.pl\\\/wiadomosci\\\/pomoc-dla-uchodzcow-na-lodowisku-tafla-to-inicjatywa-polaka-na-co-dzien-mieszkajacego-w-niemczech\\\/\"},\"wordCount\":408,\"publisher\":{\"@id\":\"https:\\\/\\\/www.24gliwice.pl\\\/wiadomosci\\\/#organization\"},\"image\":{\"@id\":\"https:\\\/\\\/www.24gliwice.pl\\\/wiadomosci\\\/pomoc-dla-uchodzcow-na-lodowisku-tafla-to-inicjatywa-polaka-na-co-dzien-mieszkajacego-w-niemczech\\\/#primaryimage\"},\"thumbnailUrl\":\"https:\\\/\\\/www.24gliwice.pl\\\/wiadomosci\\\/wp-content\\\/uploads\\\/2022\\\/04\\\/tafla_punkt_pomocy_6-1.jpg\",\"articleSection\":[\"Gliwice\",\"Najnowsze wiadomo\u015bci\"],\"inLanguage\":\"pl-PL\"},{\"@type\":\"WebPage\",\"@id\":\"https:\\\/\\\/www.24gliwice.pl\\\/wiadomosci\\\/pomoc-dla-uchodzcow-na-lodowisku-tafla-to-inicjatywa-polaka-na-co-dzien-mieszkajacego-w-niemczech\\\/\",\"url\":\"https:\\\/\\\/www.24gliwice.pl\\\/wiadomosci\\\/pomoc-dla-uchodzcow-na-lodowisku-tafla-to-inicjatywa-polaka-na-co-dzien-mieszkajacego-w-niemczech\\\/\",\"name\":\"Pomoc dla uchod\u017ac\u00f3w na lodowisku Tafla. To inicjatywa Polaka na co dzie\u0144 mieszkaj\u0105cego w Niemczech - 24GLIWICE - Portal Gliwice | codziennie nowe informacje\",\"isPartOf\":{\"@id\":\"https:\\\/\\\/www.24gliwice.pl\\\/wiadomosci\\\/#website\"},\"primaryImageOfPage\":{\"@id\":\"https:\\\/\\\/www.24gliwice.pl\\\/wiadomosci\\\/pomoc-dla-uchodzcow-na-lodowisku-tafla-to-inicjatywa-polaka-na-co-dzien-mieszkajacego-w-niemczech\\\/#primaryimage\"},\"image\":{\"@id\":\"https:\\\/\\\/www.24gliwice.pl\\\/wiadomosci\\\/pomoc-dla-uchodzcow-na-lodowisku-tafla-to-inicjatywa-polaka-na-co-dzien-mieszkajacego-w-niemczech\\\/#primaryimage\"},\"thumbnailUrl\":\"https:\\\/\\\/www.24gliwice.pl\\\/wiadomosci\\\/wp-content\\\/uploads\\\/2022\\\/04\\\/tafla_punkt_pomocy_6-1.jpg\",\"datePublished\":\"2022-04-04T09:46:19+00:00\",\"dateModified\":\"2022-04-04T09:46:37+00:00\",\"description\":\"Na lodowisku Tafla uruchomiono nowy punkt pomocy uchod\u017acom z Ukrainy, kt\u00f3ry koordynowany jest przez Fundacj\u0119 Eugeniusz&Friends\",\"breadcrumb\":{\"@id\":\"https:\\\/\\\/www.24gliwice.pl\\\/wiadomosci\\\/pomoc-dla-uchodzcow-na-lodowisku-tafla-to-inicjatywa-polaka-na-co-dzien-mieszkajacego-w-niemczech\\\/#breadcrumb\"},\"inLanguage\":\"pl-PL\",\"potentialAction\":[{\"@type\":\"ReadAction\",\"target\":[\"https:\\\/\\\/www.24gliwice.pl\\\/wiadomosci\\\/pomoc-dla-uchodzcow-na-lodowisku-tafla-to-inicjatywa-polaka-na-co-dzien-mieszkajacego-w-niemczech\\\/\"]}]},{\"@type\":\"ImageObject\",\"inLanguage\":\"pl-PL\",\"@id\":\"https:\\\/\\\/www.24gliwice.pl\\\/wiadomosci\\\/pomoc-dla-uchodzcow-na-lodowisku-tafla-to-inicjatywa-polaka-na-co-dzien-mieszkajacego-w-niemczech\\\/#primaryimage\",\"url\":\"https:\\\/\\\/www.24gliwice.pl\\\/wiadomosci\\\/wp-content\\\/uploads\\\/2022\\\/04\\\/tafla_punkt_pomocy_6-1.jpg\",\"contentUrl\":\"https:\\\/\\\/www.24gliwice.pl\\\/wiadomosci\\\/wp-content\\\/uploads\\\/2022\\\/04\\\/tafla_punkt_pomocy_6-1.jpg\",\"width\":810,\"height\":457},{\"@type\":\"BreadcrumbList\",\"@id\":\"https:\\\/\\\/www.24gliwice.pl\\\/wiadomosci\\\/pomoc-dla-uchodzcow-na-lodowisku-tafla-to-inicjatywa-polaka-na-co-dzien-mieszkajacego-w-niemczech\\\/#breadcrumb\",\"itemListElement\":[{\"@type\":\"ListItem\",\"position\":1,\"name\":\"Strona g\u0142\u00f3wna\",\"item\":\"https:\\\/\\\/www.24gliwice.pl\\\/wiadomosci\\\/\"},{\"@type\":\"ListItem\",\"position\":2,\"name\":\"Pomoc dla uchod\u017ac\u00f3w na lodowisku Tafla. To inicjatywa Polaka na co dzie\u0144 mieszkaj\u0105cego w Niemczech\"}]},{\"@type\":\"WebSite\",\"@id\":\"https:\\\/\\\/www.24gliwice.pl\\\/wiadomosci\\\/#website\",\"url\":\"https:\\\/\\\/www.24gliwice.pl\\\/wiadomosci\\\/\",\"name\":\"24GLIWICE - Portal Gliwice | codziennie nowe wiadomo\u015bci\",\"description\":\"Portal Miejski Gliwice\",\"publisher\":{\"@id\":\"https:\\\/\\\/www.24gliwice.pl\\\/wiadomosci\\\/#organization\"},\"potentialAction\":[{\"@type\":\"SearchAction\",\"target\":{\"@type\":\"EntryPoint\",\"urlTemplate\":\"https:\\\/\\\/www.24gliwice.pl\\\/wiadomosci\\\/?s={search_term_string}\"},\"query-input\":{\"@type\":\"PropertyValueSpecification\",\"valueRequired\":true,\"valueName\":\"search_term_string\"}}],\"inLanguage\":\"pl-PL\"},{\"@type\":\"Organization\",\"@id\":\"https:\\\/\\\/www.24gliwice.pl\\\/wiadomosci\\\/#organization\",\"name\":\"24gliwice\",\"url\":\"https:\\\/\\\/www.24gliwice.pl\\\/wiadomosci\\\/\",\"logo\":{\"@type\":\"ImageObject\",\"inLanguage\":\"pl-PL\",\"@id\":\"https:\\\/\\\/www.24gliwice.pl\\\/wiadomosci\\\/#\\\/schema\\\/logo\\\/image\\\/\",\"url\":\"https:\\\/\\\/www.24gliwice.pl\\\/wiadomosci\\\/wp-content\\\/uploads\\\/2024\\\/10\\\/24gliwice-logo-696.jpg\",\"contentUrl\":\"https:\\\/\\\/www.24gliwice.pl\\\/wiadomosci\\\/wp-content\\\/uploads\\\/2024\\\/10\\\/24gliwice-logo-696.jpg\",\"width\":696,\"height\":696,\"caption\":\"24gliwice\"},\"image\":{\"@id\":\"https:\\\/\\\/www.24gliwice.pl\\\/wiadomosci\\\/#\\\/schema\\\/logo\\\/image\\\/\"},\"sameAs\":[\"https:\\\/\\\/www.facebook.com\\\/24gliwice\",\"https:\\\/\\\/x.com\\\/24gliwice\",\"https:\\\/\\\/www.youtube.com\\\/@24gliwice\"]},{\"@type\":\"Person\",\"@id\":\"https:\\\/\\\/www.24gliwice.pl\\\/wiadomosci\\\/#\\\/schema\\\/person\\\/e42c650edd7f2fa332be3811fb166b6e\",\"name\":\"\u017baneta Mrozek-Siewierska\",\"image\":{\"@type\":\"ImageObject\",\"inLanguage\":\"pl-PL\",\"@id\":\"https:\\\/\\\/www.24gliwice.pl\\\/wiadomosci\\\/wp-content\\\/uploads\\\/2021\\\/11\\\/Zaneta-M_S-zdjecie-czb-96x96.jpg\",\"url\":\"https:\\\/\\\/www.24gliwice.pl\\\/wiadomosci\\\/wp-content\\\/uploads\\\/2021\\\/11\\\/Zaneta-M_S-zdjecie-czb-96x96.jpg\",\"contentUrl\":\"https:\\\/\\\/www.24gliwice.pl\\\/wiadomosci\\\/wp-content\\\/uploads\\\/2021\\\/11\\\/Zaneta-M_S-zdjecie-czb-96x96.jpg\",\"caption\":\"\u017baneta Mrozek-Siewierska\"},\"url\":\"https:\\\/\\\/www.24gliwice.pl\\\/wiadomosci\\\/author\\\/zms\\\/\"}]}<\/script>\n<!-- \/ Yoast SEO plugin. -->","yoast_head_json":{"title":"Pomoc dla uchod\u017ac\u00f3w na lodowisku Tafla. To inicjatywa Polaka na co dzie\u0144 mieszkaj\u0105cego w Niemczech - 24GLIWICE - Portal Gliwice | codziennie nowe informacje","description":"Na lodowisku Tafla uruchomiono nowy punkt pomocy uchod\u017acom z Ukrainy, kt\u00f3ry koordynowany jest przez Fundacj\u0119 Eugeniusz&Friends","robots":{"index":"index","follow":"follow","max-snippet":"max-snippet:-1","max-image-preview":"max-image-preview:large","max-video-preview":"max-video-preview:-1"},"canonical":"https:\/\/www.24gliwice.pl\/wiadomosci\/pomoc-dla-uchodzcow-na-lodowisku-tafla-to-inicjatywa-polaka-na-co-dzien-mieszkajacego-w-niemczech\/","og_locale":"pl_PL","og_type":"article","og_title":"Pomoc dla uchod\u017ac\u00f3w na lodowisku Tafla. To inicjatywa Polaka na co dzie\u0144 mieszkaj\u0105cego w Niemczech - 24GLIWICE - Portal Gliwice | codziennie nowe informacje","og_description":"Na lodowisku Tafla uruchomiono nowy punkt pomocy uchod\u017acom z Ukrainy, kt\u00f3ry koordynowany jest przez Fundacj\u0119 Eugeniusz&Friends","og_url":"https:\/\/www.24gliwice.pl\/wiadomosci\/pomoc-dla-uchodzcow-na-lodowisku-tafla-to-inicjatywa-polaka-na-co-dzien-mieszkajacego-w-niemczech\/","og_site_name":"24GLIWICE - Portal Gliwice | codziennie nowe informacje","article_publisher":"https:\/\/www.facebook.com\/24gliwice","article_published_time":"2022-04-04T09:46:19+00:00","article_modified_time":"2022-04-04T09:46:37+00:00","og_image":[{"width":810,"height":457,"url":"https:\/\/www.24gliwice.pl\/wiadomosci\/wp-content\/uploads\/2022\/04\/tafla_punkt_pomocy_6-1.jpg","type":"image\/jpeg"}],"author":"\u017baneta Mrozek-Siewierska","twitter_card":"summary_large_image","twitter_creator":"@24gliwice","twitter_site":"@24gliwice","twitter_misc":{"Napisane przez":"\u017baneta Mrozek-Siewierska","Szacowany czas czytania":"2 minuty"},"schema":{"@context":"https:\/\/schema.org","@graph":[{"@type":"Article","@id":"https:\/\/www.24gliwice.pl\/wiadomosci\/pomoc-dla-uchodzcow-na-lodowisku-tafla-to-inicjatywa-polaka-na-co-dzien-mieszkajacego-w-niemczech\/#article","isPartOf":{"@id":"https:\/\/www.24gliwice.pl\/wiadomosci\/pomoc-dla-uchodzcow-na-lodowisku-tafla-to-inicjatywa-polaka-na-co-dzien-mieszkajacego-w-niemczech\/"},"author":{"name":"\u017baneta Mrozek-Siewierska","@id":"https:\/\/www.24gliwice.pl\/wiadomosci\/#\/schema\/person\/e42c650edd7f2fa332be3811fb166b6e"},"headline":"Pomoc dla uchod\u017ac\u00f3w na lodowisku Tafla. To inicjatywa Polaka na co dzie\u0144 mieszkaj\u0105cego w Niemczech","datePublished":"2022-04-04T09:46:19+00:00","dateModified":"2022-04-04T09:46:37+00:00","mainEntityOfPage":{"@id":"https:\/\/www.24gliwice.pl\/wiadomosci\/pomoc-dla-uchodzcow-na-lodowisku-tafla-to-inicjatywa-polaka-na-co-dzien-mieszkajacego-w-niemczech\/"},"wordCount":408,"publisher":{"@id":"https:\/\/www.24gliwice.pl\/wiadomosci\/#organization"},"image":{"@id":"https:\/\/www.24gliwice.pl\/wiadomosci\/pomoc-dla-uchodzcow-na-lodowisku-tafla-to-inicjatywa-polaka-na-co-dzien-mieszkajacego-w-niemczech\/#primaryimage"},"thumbnailUrl":"https:\/\/www.24gliwice.pl\/wiadomosci\/wp-content\/uploads\/2022\/04\/tafla_punkt_pomocy_6-1.jpg","articleSection":["Gliwice","Najnowsze wiadomo\u015bci"],"inLanguage":"pl-PL"},{"@type":"WebPage","@id":"https:\/\/www.24gliwice.pl\/wiadomosci\/pomoc-dla-uchodzcow-na-lodowisku-tafla-to-inicjatywa-polaka-na-co-dzien-mieszkajacego-w-niemczech\/","url":"https:\/\/www.24gliwice.pl\/wiadomosci\/pomoc-dla-uchodzcow-na-lodowisku-tafla-to-inicjatywa-polaka-na-co-dzien-mieszkajacego-w-niemczech\/","name":"Pomoc dla uchod\u017ac\u00f3w na lodowisku Tafla. To inicjatywa Polaka na co dzie\u0144 mieszkaj\u0105cego w Niemczech - 24GLIWICE - Portal Gliwice | codziennie nowe informacje","isPartOf":{"@id":"https:\/\/www.24gliwice.pl\/wiadomosci\/#website"},"primaryImageOfPage":{"@id":"https:\/\/www.24gliwice.pl\/wiadomosci\/pomoc-dla-uchodzcow-na-lodowisku-tafla-to-inicjatywa-polaka-na-co-dzien-mieszkajacego-w-niemczech\/#primaryimage"},"image":{"@id":"https:\/\/www.24gliwice.pl\/wiadomosci\/pomoc-dla-uchodzcow-na-lodowisku-tafla-to-inicjatywa-polaka-na-co-dzien-mieszkajacego-w-niemczech\/#primaryimage"},"thumbnailUrl":"https:\/\/www.24gliwice.pl\/wiadomosci\/wp-content\/uploads\/2022\/04\/tafla_punkt_pomocy_6-1.jpg","datePublished":"2022-04-04T09:46:19+00:00","dateModified":"2022-04-04T09:46:37+00:00","description":"Na lodowisku Tafla uruchomiono nowy punkt pomocy uchod\u017acom z Ukrainy, kt\u00f3ry koordynowany jest przez Fundacj\u0119 Eugeniusz&Friends","breadcrumb":{"@id":"https:\/\/www.24gliwice.pl\/wiadomosci\/pomoc-dla-uchodzcow-na-lodowisku-tafla-to-inicjatywa-polaka-na-co-dzien-mieszkajacego-w-niemczech\/#breadcrumb"},"inLanguage":"pl-PL","potentialAction":[{"@type":"ReadAction","target":["https:\/\/www.24gliwice.pl\/wiadomosci\/pomoc-dla-uchodzcow-na-lodowisku-tafla-to-inicjatywa-polaka-na-co-dzien-mieszkajacego-w-niemczech\/"]}]},{"@type":"ImageObject","inLanguage":"pl-PL","@id":"https:\/\/www.24gliwice.pl\/wiadomosci\/pomoc-dla-uchodzcow-na-lodowisku-tafla-to-inicjatywa-polaka-na-co-dzien-mieszkajacego-w-niemczech\/#primaryimage","url":"https:\/\/www.24gliwice.pl\/wiadomosci\/wp-content\/uploads\/2022\/04\/tafla_punkt_pomocy_6-1.jpg","contentUrl":"https:\/\/www.24gliwice.pl\/wiadomosci\/wp-content\/uploads\/2022\/04\/tafla_punkt_pomocy_6-1.jpg","width":810,"height":457},{"@type":"BreadcrumbList","@id":"https:\/\/www.24gliwice.pl\/wiadomosci\/pomoc-dla-uchodzcow-na-lodowisku-tafla-to-inicjatywa-polaka-na-co-dzien-mieszkajacego-w-niemczech\/#breadcrumb","itemListElement":[{"@type":"ListItem","position":1,"name":"Strona g\u0142\u00f3wna","item":"https:\/\/www.24gliwice.pl\/wiadomosci\/"},{"@type":"ListItem","position":2,"name":"Pomoc dla uchod\u017ac\u00f3w na lodowisku Tafla. To inicjatywa Polaka na co dzie\u0144 mieszkaj\u0105cego w Niemczech"}]},{"@type":"WebSite","@id":"https:\/\/www.24gliwice.pl\/wiadomosci\/#website","url":"https:\/\/www.24gliwice.pl\/wiadomosci\/","name":"24GLIWICE - Portal Gliwice | codziennie nowe wiadomo\u015bci","description":"Portal Miejski Gliwice","publisher":{"@id":"https:\/\/www.24gliwice.pl\/wiadomosci\/#organization"},"potentialAction":[{"@type":"SearchAction","target":{"@type":"EntryPoint","urlTemplate":"https:\/\/www.24gliwice.pl\/wiadomosci\/?s={search_term_string}"},"query-input":{"@type":"PropertyValueSpecification","valueRequired":true,"valueName":"search_term_string"}}],"inLanguage":"pl-PL"},{"@type":"Organization","@id":"https:\/\/www.24gliwice.pl\/wiadomosci\/#organization","name":"24gliwice","url":"https:\/\/www.24gliwice.pl\/wiadomosci\/","logo":{"@type":"ImageObject","inLanguage":"pl-PL","@id":"https:\/\/www.24gliwice.pl\/wiadomosci\/#\/schema\/logo\/image\/","url":"https:\/\/www.24gliwice.pl\/wiadomosci\/wp-content\/uploads\/2024\/10\/24gliwice-logo-696.jpg","contentUrl":"https:\/\/www.24gliwice.pl\/wiadomosci\/wp-content\/uploads\/2024\/10\/24gliwice-logo-696.jpg","width":696,"height":696,"caption":"24gliwice"},"image":{"@id":"https:\/\/www.24gliwice.pl\/wiadomosci\/#\/schema\/logo\/image\/"},"sameAs":["https:\/\/www.facebook.com\/24gliwice","https:\/\/x.com\/24gliwice","https:\/\/www.youtube.com\/@24gliwice"]},{"@type":"Person","@id":"https:\/\/www.24gliwice.pl\/wiadomosci\/#\/schema\/person\/e42c650edd7f2fa332be3811fb166b6e","name":"\u017baneta Mrozek-Siewierska","image":{"@type":"ImageObject","inLanguage":"pl-PL","@id":"https:\/\/www.24gliwice.pl\/wiadomosci\/wp-content\/uploads\/2021\/11\/Zaneta-M_S-zdjecie-czb-96x96.jpg","url":"https:\/\/www.24gliwice.pl\/wiadomosci\/wp-content\/uploads\/2021\/11\/Zaneta-M_S-zdjecie-czb-96x96.jpg","contentUrl":"https:\/\/www.24gliwice.pl\/wiadomosci\/wp-content\/uploads\/2021\/11\/Zaneta-M_S-zdjecie-czb-96x96.jpg","caption":"\u017baneta Mrozek-Siewierska"},"url":"https:\/\/www.24gliwice.pl\/wiadomosci\/author\/zms\/"}]}},"_links":{"self":[{"href":"https:\/\/www.24gliwice.pl\/wiadomosci\/wp-json\/wp\/v2\/posts\/189886","targetHints":{"allow":["GET"]}}],"collection":[{"href":"https:\/\/www.24gliwice.pl\/wiadomosci\/wp-json\/wp\/v2\/posts"}],"about":[{"href":"https:\/\/www.24gliwice.pl\/wiadomosci\/wp-json\/wp\/v2\/types\/post"}],"author":[{"embeddable":true,"href":"https:\/\/www.24gliwice.pl\/wiadomosci\/wp-json\/wp\/v2\/users\/15"}],"replies":[{"embeddable":true,"href":"https:\/\/www.24gliwice.pl\/wiadomosci\/wp-json\/wp\/v2\/comments?post=189886"}],"version-history":[{"count":7,"href":"https:\/\/www.24gliwice.pl\/wiadomosci\/wp-json\/wp\/v2\/posts\/189886\/revisions"}],"predecessor-version":[{"id":189899,"href":"https:\/\/www.24gliwice.pl\/wiadomosci\/wp-json\/wp\/v2\/posts\/189886\/revisions\/189899"}],"wp:featuredmedia":[{"embeddable":true,"href":"https:\/\/www.24gliwice.pl\/wiadomosci\/wp-json\/wp\/v2\/media\/189896"}],"wp:attachment":[{"href":"https:\/\/www.24gliwice.pl\/wiadomosci\/wp-json\/wp\/v2\/media?parent=189886"}],"wp:term":[{"taxonomy":"category","embeddable":true,"href":"https:\/\/www.24gliwice.pl\/wiadomosci\/wp-json\/wp\/v2\/categories?post=189886"},{"taxonomy":"post_tag","embeddable":true,"href":"https:\/\/www.24gliwice.pl\/wiadomosci\/wp-json\/wp\/v2\/tags?post=189886"}],"curies":[{"name":"wp","href":"https:\/\/api.w.org\/{rel}","templated":true}]}}