{"id":190117,"date":"2022-04-07T12:01:50","date_gmt":"2022-04-07T10:01:50","guid":{"rendered":"https:\/\/www.24gliwice.pl\/wiadomosci\/?p=190117"},"modified":"2022-04-07T12:01:50","modified_gmt":"2022-04-07T10:01:50","slug":"wielkanocne-kicanki-wlasnoreczne-palmy-i-niedziela-z-zajaczkiem-przedswiateczne-wydarzenia","status":"publish","type":"post","link":"https:\/\/www.24gliwice.pl\/wiadomosci\/wielkanocne-kicanki-wlasnoreczne-palmy-i-niedziela-z-zajaczkiem-przedswiateczne-wydarzenia\/","title":{"rendered":"Wielkanocne Kicanki, w\u0142asnor\u0119czne Palmy i niedziela z Zaj\u0105czkiem. Przed\u015bwi\u0105teczne wydarzenia"},"content":{"rendered":"<div class=\"gliwi-a6-nad-leadem-artykulow gliwi-entity-placement\" id=\"gliwi-3926643971\"><div class=\"gliwi-adlabel\"><span style=\"font-size: 9px\">REKLAMA<\/span><\/div><div id=\"gliwi-3448380538\" style=\"margin-bottom: 25px;margin-left: auto;margin-right: auto;text-align: center;\"><a data-no-instant=\"1\" href=\"https:\/\/dom100.eu\/\" rel=\"noopener\" class=\"a2t-link\" target=\"_blank\" aria-label=\"20260415 DOM100 D\"><img loading=\"lazy\" decoding=\"async\" src=\"https:\/\/www.24gliwice.pl\/wiadomosci\/wp-content\/uploads\/2026\/04\/20260415-DOM100-D.jpg\" alt=\"\"  srcset=\"https:\/\/www.24gliwice.pl\/wiadomosci\/wp-content\/uploads\/2026\/04\/20260415-DOM100-D.jpg 750w, https:\/\/www.24gliwice.pl\/wiadomosci\/wp-content\/uploads\/2026\/04\/20260415-DOM100-D-410x109.jpg 410w\" sizes=\"(max-width: 750px) 100vw, 750px\" class=\"no-lazyload\" width=\"750\" height=\"200\"  style=\"display: inline-block; max-width: 100%; height: auto;\" \/><\/a><\/div><\/div><h2>Tradycyjne szukanie jajek, spotkanie z zaj\u0105cem oraz warsztaty, gry i zabawy &#8211; to wszystko zaplanowano ju\u017c w najbli\u017csz\u0105 sobot\u0119 w parku Chrobrego. Opr\u00f3cz tego w weekend w Willi Caro szykuje si\u0119 kilka innych wydarze\u0144.<\/h2>\n<p>&nbsp;<br \/>\nRodzinna impreza \u2013 Wielkanocne Kicanki \u2013 odb\u0119dzie si\u0119 9 kwietnia w godzinach od 12:00 do 14:00 w parku Chrobrego. B\u0119dzie wiele atrakcji i s\u0142odki pocz\u0119stunek. Organizatorzy prosz\u0105, aby zg\u0142osi\u0107 im wcze\u015bniej szczeg\u00f3lne potrzeby dzieci z niepe\u0142nosprawno\u015bciami tak, aby w pe\u0142ni mog\u0142y bra\u0107 udzia\u0142 w wydarzeniu.<\/p>\n<p>Dane kontaktowe dost\u0119pne s\u0105 na stronach internetowych poszczeg\u00f3lnych rad dzielnic, kt\u00f3re organizuj\u0105 wydarzenie (Szobiszowice, Trynek, Sikornik, Wojska Polskiego, Zatorze, \u015ar\u00f3dmie\u015bcie, Ostropa, Stare Gliwice i Obro\u0144c\u00f3w Pokoju). Mo\u017cna te\u017c znale\u017a\u0107 je w BIP Urz\u0119du Miejskiego w Gliwicach &#8211; kliknij TU. <\/p><div class=\"gliwi-a3-w-tresci-artykulow gliwi-entity-placement\" id=\"gliwi-1110250682\"><div class=\"gliwi-adlabel\"><span style=\"font-size: 9px\">REKLAMA<\/span><\/div><div id=\"gliwi-2549675228\" style=\"margin-bottom: 30px;margin-left: auto;margin-right: auto;text-align: center;\"><a data-no-instant=\"1\" href=\"https:\/\/zlobek.halogen.org.pl\/\" rel=\"noopener\" class=\"a2t-link\" target=\"_blank\" aria-label=\"animator-zlobek_750x200\"><img loading=\"lazy\" decoding=\"async\" src=\"https:\/\/www.24gliwice.pl\/wiadomosci\/wp-content\/uploads\/2026\/02\/animator-zlobek_750x200.webp\" alt=\"\"  srcset=\"https:\/\/www.24gliwice.pl\/wiadomosci\/wp-content\/uploads\/2026\/02\/animator-zlobek_750x200.webp 750w, https:\/\/www.24gliwice.pl\/wiadomosci\/wp-content\/uploads\/2026\/02\/animator-zlobek_750x200-410x109.webp 410w\" sizes=\"(max-width: 750px) 100vw, 750px\" class=\"no-lazyload\" width=\"750\" height=\"200\"  style=\"display: inline-block; max-width: 100%; height: auto;\" \/><\/a><\/div><\/div>\n<p><a href=\"https:\/\/www.24gliwice.pl\/wiadomosci\/wp-content\/uploads\/2022\/04\/wielkanocne-kicanki.jpg\"><img loading=\"lazy\" decoding=\"async\" src=\"https:\/\/www.24gliwice.pl\/wiadomosci\/wp-content\/uploads\/2022\/04\/wielkanocne-kicanki.jpg\" alt=\"\" width=\"880\" height=\"1245\" class=\"alignnone size-full wp-image-190119\" srcset=\"https:\/\/www.24gliwice.pl\/wiadomosci\/wp-content\/uploads\/2022\/04\/wielkanocne-kicanki.jpg 880w, https:\/\/www.24gliwice.pl\/wiadomosci\/wp-content\/uploads\/2022\/04\/wielkanocne-kicanki-164x232.jpg 164w, https:\/\/www.24gliwice.pl\/wiadomosci\/wp-content\/uploads\/2022\/04\/wielkanocne-kicanki-322x455.jpg 322w, https:\/\/www.24gliwice.pl\/wiadomosci\/wp-content\/uploads\/2022\/04\/wielkanocne-kicanki-768x1087.jpg 768w, https:\/\/www.24gliwice.pl\/wiadomosci\/wp-content\/uploads\/2022\/04\/wielkanocne-kicanki-810x1146.jpg 810w\" sizes=\"auto, (max-width: 880px) 100vw, 880px\" \/><\/a><\/p>\n<h4>Zr\u00f3b w\u0142asn\u0105 palm\u0119 wielkanocn\u0105<\/h4>\n<p>R\u00f3wnie\u017c w sobot\u0119, 9 kwietnia, w Willi Caro odb\u0119d\u0105 si\u0119 warsztaty, podczas kt\u00f3rych b\u0119dzie mo\u017cna stworzy\u0107 w\u0142asnor\u0119czn\u0105 palm\u0119 wielkanocn\u0105. Mo\u017cna wzi\u0105\u0107 udzia\u0142 w dw\u00f3ch porach &#8211; o godz. 11:00 i 14:00. Uwaga &#8211; obowi\u0105zuj\u0105 zapisy pod nr tel. 783 560 006.<\/p>\n<p>&#8211; <em>Sobota przed Niedziel\u0105 Palmow\u0105 to ostatni moment na w\u0142asnor\u0119czne przygotowanie palmy wielkanocnej. Pomo\u017ce nam tym pani Stanis\u0142awa Majda, tw\u00f3rczyni ludowa z Beskidu S\u0105deckiego, kt\u00f3ra wprowadzi nas w klimat palm popularnych w ma\u0142opolskiej (i nie tylko!) plastyce obrz\u0119dowej, \u0142\u0105cz\u0105cych dzie\u0142a natury (\u017cywe ro\u015bliny) z dzie\u0142ami ludzkich r\u0105k (kwiaty z bibu\u0142y czy wst\u0105\u017cek. B\u0119dzie kolorowo. Zaj\u0119cia dla dzieci od lat 5 wraz z rodzicami lub opiekunami, m\u0142odzie\u017cy oraz os\u00f3b doros\u0142ych. Wst\u0119p wolny, liczba miejsc ograniczona<\/em> &#8211; informuje Muzeum w Gliwicach. <\/p>\n<h4>Niedziela z Zaj\u0105czkiem<\/h4>\n<p>10 kwietnia Muzeum zaprasza na Niedziel\u0119 z Zaj\u0105czkiem w Willi Caro. Mi\u0119dzy godzinami 10:00 a 14:00 przy ulicy Dolnych Wa\u0142\u00f3w 3 przygotowano szereg r\u00f3\u017cnego rodzaju wydarze\u0144. <\/p>\n<p><strong>\t<\/p>\n<li>Godzina 10:00 Poszukiwanie ukrytych przez zaj\u0105czka wielkanocnego niespodzianek w ogrodzie Willi Caro<\/li>\n<p><\/strong><\/p>\n<p>Muzeum zaprasza dzieci wraz z rodzicami lub opiekunami. Uwaga! Zapisy na poszukiwanie niespodzianek prowadzone s\u0105 pod numerem telefonu 783 560 006. Udzia\u0142 bezp\u0142atny, liczba miejsc ograniczona. <\/p>\n<p><strong>\t<\/p>\n<li>Godzina 10:15 \u2013 11:00 \u2013 sala konferencyjna. Kroszonki<\/li>\n<p><\/strong><\/p>\n<p>Pokaz i opowie\u015b\u0107 o r\u00f3\u017cnych technikach zdobienia i kraszenia jaj \u2013 wosk, drapanie, sitowie. Prowadzenie: Olga Paleczna, kroszonkarka.<\/p>\n<p><strong>\t<\/p>\n<li>Godzina 11:00 \u2013 14:00 \u2013 sala edukacyjna. Otwarte warsztaty malowania ceramiki<\/li>\n<p><\/strong><\/p>\n<p>Ceramika. Wielkanocna lub po prostu nasza, inna ni\u017c wszystkie. Na warsztatach spr\u00f3bujemy swoich si\u0142 w zdobieniu farbami do niej przeznaczonymi. Na ka\u017cdego uczestnika b\u0119d\u0105 czeka\u0142y przyrz\u0105dy malarskie i \u2026 artystka-grafik, ceramiczka \u2013<strong> Magdalena Schuster <\/strong>(NoToPi\u0119knie), kt\u00f3ra dok\u0142adnie wyja\u015bni meandry ozdabiania naszych wiosennych naczy\u0144.<\/p>\n<p>Uwaga: Muzeum prosi ka\u017cdego z uczestnik\u00f3w o przyniesienie swojego naczynia (talerz, kubek, podstawki itp.) \u2013 powinno by\u0107 z bia\u0142ej ceramiki, kt\u00f3ra mo\u017ce by\u0107 szkliwiona. Zaj\u0119cia dla dzieci od lat 6-ciu wraz z rodzicami lub opiekunami. Zaj\u0119cia maj\u0105 charakter otwarty (mo\u017cna do\u0142\u0105czy\u0107 w ka\u017cdej chwili). Wst\u0119p wolny.<\/p>\n<p><strong>\t<\/p>\n<li>Godziny 11:00 i 13:00 &#8211; sala edukacyjna. Beskidzka Szko\u0142a Folkloru \u2013 malarstwo na szkle <\/li>\n<p><\/strong><\/p>\n<p>O godzinie 11:00 \u2013 spotkanie dla dzieci od lat 5 z opiekunami, natomiast o godzinie 13:00 &#8211; spotkanie dla m\u0142odzie\u017cy i grup rodzinnych.<\/p>\n<p>Prowadzenie: <strong>Zbigniew Micherdzi\u0144ski<\/strong> z Regionalnego O\u015brodka Kultury w Bielsku-Bia\u0142ej. Zapisy pod numerem telefonu 783 560 006. Udzia\u0142 bezp\u0142atny, liczba miejsc ograniczona.<\/p>\n<p><strong>\t<\/p>\n<li>Godziny 11:00 \u2013 14:00 &#8211; Czytelnia Sztuki, Wielkanocna Akademia Ma\u0142ego Odlewnika \u2013 otwarte warsztaty dla najm\u0142odszych<\/li>\n<p><\/strong><\/p>\n<p>Otwarte warsztaty, podczas kt\u00f3rych ozdabia\u0107 b\u0119dziemy gipsowe zaj\u0105czki, podstawki pod jajka, kurczaczki i inne odlewy z wielkanocnymi motywami. Zaj\u0119cia dla dzieci od lat 5-ciu wraz z rodzicami lub opiekunami. Zaj\u0119cia maj\u0105 charakter otwarty i trwaj\u0105 do wyczerpania materia\u0142\u00f3w. Wst\u0119p wolny.<\/p>\n<p>(\u017cms)\/UM Gliwice, Muzeum w Gliwicach<br \/>\nfot. px<\/p>\n<div class=\"gliwi-a5-na-koncu-artykulow gliwi-entity-placement\" id=\"gliwi-858559226\"><div class=\"gliwi-adlabel\"><span style=\"font-size: 9px\">REKLAMA<\/span><\/div><div id=\"gliwi-3291536686\" style=\"margin-left: auto;margin-right: auto;text-align: center;\"><a data-no-instant=\"1\" href=\"https:\/\/prezeroarenagliwice.pl\/\" rel=\"noopener\" class=\"a2t-link\" target=\"_blank\" aria-label=\"20260309-PREZERO-WIOSNA-D\"><img loading=\"lazy\" decoding=\"async\" src=\"https:\/\/www.24gliwice.pl\/wiadomosci\/wp-content\/uploads\/2026\/03\/20260309-PREZERO-WIOSNA-D.webp\" alt=\"\"  srcset=\"https:\/\/www.24gliwice.pl\/wiadomosci\/wp-content\/uploads\/2026\/03\/20260309-PREZERO-WIOSNA-D.webp 750w, https:\/\/www.24gliwice.pl\/wiadomosci\/wp-content\/uploads\/2026\/03\/20260309-PREZERO-WIOSNA-D-410x109.webp 410w\" sizes=\"(max-width: 750px) 100vw, 750px\" class=\"no-lazyload\" width=\"750\" height=\"200\"  style=\"display: inline-block; max-width: 100%; height: auto;\" \/><\/a><\/div><\/div>","protected":false},"excerpt":{"rendered":"<p>Tradycyjne szukanie jajek, spotkanie z zaj\u0105cem oraz warsztaty, gry i zabawy &#8211; to wszystko zaplanowano ju\u017c w najbli\u017csz\u0105 sobot\u0119 w parku Chrobrego. Opr\u00f3cz tego w weekend w Willi Caro szykuje si\u0119 kilka innych wydarze\u0144. &nbsp; Rodzinna impreza \u2013 Wielkanocne Kicanki \u2013 odb\u0119dzie si\u0119 9 kwietnia w godzinach od 12:00 do 14:00 w parku Chrobrego. B\u0119dzie [&hellip;]<\/p>\n","protected":false},"author":15,"featured_media":190125,"comment_status":"open","ping_status":"closed","sticky":false,"template":"","format":"standard","meta":{"_monsterinsights_skip_tracking":false,"_monsterinsights_sitenote_active":false,"_monsterinsights_sitenote_note":"","_monsterinsights_sitenote_category":0,"footnotes":"","_links_to":"","_links_to_target":""},"categories":[3,6,1],"tags":[],"class_list":["post-190117","post","type-post","status-publish","format-standard","has-post-thumbnail","hentry","category-gliwice","category-kultura","category-wszystko"],"yoast_head":"<!-- This site is optimized with the Yoast SEO plugin v27.4 - https:\/\/yoast.com\/product\/yoast-seo-wordpress\/ -->\n<title>Wielkanocne Kicanki, w\u0142asnor\u0119czne Palmy i niedziela z Zaj\u0105czkiem. Przed\u015bwi\u0105teczne wydarzenia - 24GLIWICE - Portal Gliwice | codziennie nowe informacje<\/title>\n<meta name=\"description\" content=\"Na tydzie\u0144 przed Wielkanoc\u0105, w nadchodz\u0105cy weekend w mie\u015bcie odb\u0119dzie si\u0119 kilka wydarze\u0144 zwi\u0105zanych z tym wyj\u0105tkowym czasem\" \/>\n<meta name=\"robots\" content=\"index, follow, max-snippet:-1, max-image-preview:large, max-video-preview:-1\" \/>\n<link rel=\"canonical\" href=\"https:\/\/www.24gliwice.pl\/wiadomosci\/wielkanocne-kicanki-wlasnoreczne-palmy-i-niedziela-z-zajaczkiem-przedswiateczne-wydarzenia\/\" \/>\n<meta property=\"og:locale\" content=\"pl_PL\" \/>\n<meta property=\"og:type\" content=\"article\" \/>\n<meta property=\"og:title\" content=\"Wielkanocne Kicanki, w\u0142asnor\u0119czne Palmy i niedziela z Zaj\u0105czkiem. Przed\u015bwi\u0105teczne wydarzenia - 24GLIWICE - Portal Gliwice | codziennie nowe informacje\" \/>\n<meta property=\"og:description\" content=\"Na tydzie\u0144 przed Wielkanoc\u0105, w nadchodz\u0105cy weekend w mie\u015bcie odb\u0119dzie si\u0119 kilka wydarze\u0144 zwi\u0105zanych z tym wyj\u0105tkowym czasem\" \/>\n<meta property=\"og:url\" content=\"https:\/\/www.24gliwice.pl\/wiadomosci\/wielkanocne-kicanki-wlasnoreczne-palmy-i-niedziela-z-zajaczkiem-przedswiateczne-wydarzenia\/\" \/>\n<meta property=\"og:site_name\" content=\"24GLIWICE - Portal Gliwice | codziennie nowe informacje\" \/>\n<meta property=\"article:publisher\" content=\"https:\/\/www.facebook.com\/24gliwice\" \/>\n<meta property=\"article:published_time\" content=\"2022-04-07T10:01:50+00:00\" \/>\n<meta property=\"og:image\" content=\"https:\/\/www.24gliwice.pl\/wiadomosci\/wp-content\/uploads\/2022\/04\/wielkanoc.jpg\" \/>\n\t<meta property=\"og:image:width\" content=\"810\" \/>\n\t<meta property=\"og:image:height\" content=\"457\" \/>\n\t<meta property=\"og:image:type\" content=\"image\/jpeg\" \/>\n<meta name=\"author\" content=\"\u017baneta Mrozek-Siewierska\" \/>\n<meta name=\"twitter:card\" content=\"summary_large_image\" \/>\n<meta name=\"twitter:creator\" content=\"@24gliwice\" \/>\n<meta name=\"twitter:site\" content=\"@24gliwice\" \/>\n<meta name=\"twitter:label1\" content=\"Napisane przez\" \/>\n\t<meta name=\"twitter:data1\" content=\"\u017baneta Mrozek-Siewierska\" \/>\n\t<meta name=\"twitter:label2\" content=\"Szacowany czas czytania\" \/>\n\t<meta name=\"twitter:data2\" content=\"3 minuty\" \/>\n<script type=\"application\/ld+json\" class=\"yoast-schema-graph\">{\"@context\":\"https:\\\/\\\/schema.org\",\"@graph\":[{\"@type\":\"Article\",\"@id\":\"https:\\\/\\\/www.24gliwice.pl\\\/wiadomosci\\\/wielkanocne-kicanki-wlasnoreczne-palmy-i-niedziela-z-zajaczkiem-przedswiateczne-wydarzenia\\\/#article\",\"isPartOf\":{\"@id\":\"https:\\\/\\\/www.24gliwice.pl\\\/wiadomosci\\\/wielkanocne-kicanki-wlasnoreczne-palmy-i-niedziela-z-zajaczkiem-przedswiateczne-wydarzenia\\\/\"},\"author\":{\"name\":\"\u017baneta Mrozek-Siewierska\",\"@id\":\"https:\\\/\\\/www.24gliwice.pl\\\/wiadomosci\\\/#\\\/schema\\\/person\\\/e42c650edd7f2fa332be3811fb166b6e\"},\"headline\":\"Wielkanocne Kicanki, w\u0142asnor\u0119czne Palmy i niedziela z Zaj\u0105czkiem. Przed\u015bwi\u0105teczne wydarzenia\",\"datePublished\":\"2022-04-07T10:01:50+00:00\",\"mainEntityOfPage\":{\"@id\":\"https:\\\/\\\/www.24gliwice.pl\\\/wiadomosci\\\/wielkanocne-kicanki-wlasnoreczne-palmy-i-niedziela-z-zajaczkiem-przedswiateczne-wydarzenia\\\/\"},\"wordCount\":629,\"commentCount\":0,\"publisher\":{\"@id\":\"https:\\\/\\\/www.24gliwice.pl\\\/wiadomosci\\\/#organization\"},\"image\":{\"@id\":\"https:\\\/\\\/www.24gliwice.pl\\\/wiadomosci\\\/wielkanocne-kicanki-wlasnoreczne-palmy-i-niedziela-z-zajaczkiem-przedswiateczne-wydarzenia\\\/#primaryimage\"},\"thumbnailUrl\":\"https:\\\/\\\/www.24gliwice.pl\\\/wiadomosci\\\/wp-content\\\/uploads\\\/2022\\\/04\\\/wielkanoc.jpg\",\"articleSection\":[\"Gliwice\",\"Kultura, wydarzenia, imprezy\",\"Najnowsze wiadomo\u015bci\"],\"inLanguage\":\"pl-PL\",\"potentialAction\":[{\"@type\":\"CommentAction\",\"name\":\"Comment\",\"target\":[\"https:\\\/\\\/www.24gliwice.pl\\\/wiadomosci\\\/wielkanocne-kicanki-wlasnoreczne-palmy-i-niedziela-z-zajaczkiem-przedswiateczne-wydarzenia\\\/#respond\"]}]},{\"@type\":\"WebPage\",\"@id\":\"https:\\\/\\\/www.24gliwice.pl\\\/wiadomosci\\\/wielkanocne-kicanki-wlasnoreczne-palmy-i-niedziela-z-zajaczkiem-przedswiateczne-wydarzenia\\\/\",\"url\":\"https:\\\/\\\/www.24gliwice.pl\\\/wiadomosci\\\/wielkanocne-kicanki-wlasnoreczne-palmy-i-niedziela-z-zajaczkiem-przedswiateczne-wydarzenia\\\/\",\"name\":\"Wielkanocne Kicanki, w\u0142asnor\u0119czne Palmy i niedziela z Zaj\u0105czkiem. Przed\u015bwi\u0105teczne wydarzenia - 24GLIWICE - Portal Gliwice | codziennie nowe informacje\",\"isPartOf\":{\"@id\":\"https:\\\/\\\/www.24gliwice.pl\\\/wiadomosci\\\/#website\"},\"primaryImageOfPage\":{\"@id\":\"https:\\\/\\\/www.24gliwice.pl\\\/wiadomosci\\\/wielkanocne-kicanki-wlasnoreczne-palmy-i-niedziela-z-zajaczkiem-przedswiateczne-wydarzenia\\\/#primaryimage\"},\"image\":{\"@id\":\"https:\\\/\\\/www.24gliwice.pl\\\/wiadomosci\\\/wielkanocne-kicanki-wlasnoreczne-palmy-i-niedziela-z-zajaczkiem-przedswiateczne-wydarzenia\\\/#primaryimage\"},\"thumbnailUrl\":\"https:\\\/\\\/www.24gliwice.pl\\\/wiadomosci\\\/wp-content\\\/uploads\\\/2022\\\/04\\\/wielkanoc.jpg\",\"datePublished\":\"2022-04-07T10:01:50+00:00\",\"description\":\"Na tydzie\u0144 przed Wielkanoc\u0105, w nadchodz\u0105cy weekend w mie\u015bcie odb\u0119dzie si\u0119 kilka wydarze\u0144 zwi\u0105zanych z tym wyj\u0105tkowym czasem\",\"breadcrumb\":{\"@id\":\"https:\\\/\\\/www.24gliwice.pl\\\/wiadomosci\\\/wielkanocne-kicanki-wlasnoreczne-palmy-i-niedziela-z-zajaczkiem-przedswiateczne-wydarzenia\\\/#breadcrumb\"},\"inLanguage\":\"pl-PL\",\"potentialAction\":[{\"@type\":\"ReadAction\",\"target\":[\"https:\\\/\\\/www.24gliwice.pl\\\/wiadomosci\\\/wielkanocne-kicanki-wlasnoreczne-palmy-i-niedziela-z-zajaczkiem-przedswiateczne-wydarzenia\\\/\"]}]},{\"@type\":\"ImageObject\",\"inLanguage\":\"pl-PL\",\"@id\":\"https:\\\/\\\/www.24gliwice.pl\\\/wiadomosci\\\/wielkanocne-kicanki-wlasnoreczne-palmy-i-niedziela-z-zajaczkiem-przedswiateczne-wydarzenia\\\/#primaryimage\",\"url\":\"https:\\\/\\\/www.24gliwice.pl\\\/wiadomosci\\\/wp-content\\\/uploads\\\/2022\\\/04\\\/wielkanoc.jpg\",\"contentUrl\":\"https:\\\/\\\/www.24gliwice.pl\\\/wiadomosci\\\/wp-content\\\/uploads\\\/2022\\\/04\\\/wielkanoc.jpg\",\"width\":810,\"height\":457},{\"@type\":\"BreadcrumbList\",\"@id\":\"https:\\\/\\\/www.24gliwice.pl\\\/wiadomosci\\\/wielkanocne-kicanki-wlasnoreczne-palmy-i-niedziela-z-zajaczkiem-przedswiateczne-wydarzenia\\\/#breadcrumb\",\"itemListElement\":[{\"@type\":\"ListItem\",\"position\":1,\"name\":\"Strona g\u0142\u00f3wna\",\"item\":\"https:\\\/\\\/www.24gliwice.pl\\\/wiadomosci\\\/\"},{\"@type\":\"ListItem\",\"position\":2,\"name\":\"Wielkanocne Kicanki, w\u0142asnor\u0119czne Palmy i niedziela z Zaj\u0105czkiem. Przed\u015bwi\u0105teczne wydarzenia\"}]},{\"@type\":\"WebSite\",\"@id\":\"https:\\\/\\\/www.24gliwice.pl\\\/wiadomosci\\\/#website\",\"url\":\"https:\\\/\\\/www.24gliwice.pl\\\/wiadomosci\\\/\",\"name\":\"24GLIWICE - Portal Gliwice | codziennie nowe wiadomo\u015bci\",\"description\":\"Portal Miejski Gliwice\",\"publisher\":{\"@id\":\"https:\\\/\\\/www.24gliwice.pl\\\/wiadomosci\\\/#organization\"},\"potentialAction\":[{\"@type\":\"SearchAction\",\"target\":{\"@type\":\"EntryPoint\",\"urlTemplate\":\"https:\\\/\\\/www.24gliwice.pl\\\/wiadomosci\\\/?s={search_term_string}\"},\"query-input\":{\"@type\":\"PropertyValueSpecification\",\"valueRequired\":true,\"valueName\":\"search_term_string\"}}],\"inLanguage\":\"pl-PL\"},{\"@type\":\"Organization\",\"@id\":\"https:\\\/\\\/www.24gliwice.pl\\\/wiadomosci\\\/#organization\",\"name\":\"24gliwice\",\"url\":\"https:\\\/\\\/www.24gliwice.pl\\\/wiadomosci\\\/\",\"logo\":{\"@type\":\"ImageObject\",\"inLanguage\":\"pl-PL\",\"@id\":\"https:\\\/\\\/www.24gliwice.pl\\\/wiadomosci\\\/#\\\/schema\\\/logo\\\/image\\\/\",\"url\":\"https:\\\/\\\/www.24gliwice.pl\\\/wiadomosci\\\/wp-content\\\/uploads\\\/2024\\\/10\\\/24gliwice-logo-696.jpg\",\"contentUrl\":\"https:\\\/\\\/www.24gliwice.pl\\\/wiadomosci\\\/wp-content\\\/uploads\\\/2024\\\/10\\\/24gliwice-logo-696.jpg\",\"width\":696,\"height\":696,\"caption\":\"24gliwice\"},\"image\":{\"@id\":\"https:\\\/\\\/www.24gliwice.pl\\\/wiadomosci\\\/#\\\/schema\\\/logo\\\/image\\\/\"},\"sameAs\":[\"https:\\\/\\\/www.facebook.com\\\/24gliwice\",\"https:\\\/\\\/x.com\\\/24gliwice\",\"https:\\\/\\\/www.youtube.com\\\/@24gliwice\"]},{\"@type\":\"Person\",\"@id\":\"https:\\\/\\\/www.24gliwice.pl\\\/wiadomosci\\\/#\\\/schema\\\/person\\\/e42c650edd7f2fa332be3811fb166b6e\",\"name\":\"\u017baneta Mrozek-Siewierska\",\"image\":{\"@type\":\"ImageObject\",\"inLanguage\":\"pl-PL\",\"@id\":\"https:\\\/\\\/www.24gliwice.pl\\\/wiadomosci\\\/wp-content\\\/uploads\\\/2021\\\/11\\\/Zaneta-M_S-zdjecie-czb-96x96.jpg\",\"url\":\"https:\\\/\\\/www.24gliwice.pl\\\/wiadomosci\\\/wp-content\\\/uploads\\\/2021\\\/11\\\/Zaneta-M_S-zdjecie-czb-96x96.jpg\",\"contentUrl\":\"https:\\\/\\\/www.24gliwice.pl\\\/wiadomosci\\\/wp-content\\\/uploads\\\/2021\\\/11\\\/Zaneta-M_S-zdjecie-czb-96x96.jpg\",\"caption\":\"\u017baneta Mrozek-Siewierska\"},\"url\":\"https:\\\/\\\/www.24gliwice.pl\\\/wiadomosci\\\/author\\\/zms\\\/\"}]}<\/script>\n<!-- \/ Yoast SEO plugin. -->","yoast_head_json":{"title":"Wielkanocne Kicanki, w\u0142asnor\u0119czne Palmy i niedziela z Zaj\u0105czkiem. Przed\u015bwi\u0105teczne wydarzenia - 24GLIWICE - Portal Gliwice | codziennie nowe informacje","description":"Na tydzie\u0144 przed Wielkanoc\u0105, w nadchodz\u0105cy weekend w mie\u015bcie odb\u0119dzie si\u0119 kilka wydarze\u0144 zwi\u0105zanych z tym wyj\u0105tkowym czasem","robots":{"index":"index","follow":"follow","max-snippet":"max-snippet:-1","max-image-preview":"max-image-preview:large","max-video-preview":"max-video-preview:-1"},"canonical":"https:\/\/www.24gliwice.pl\/wiadomosci\/wielkanocne-kicanki-wlasnoreczne-palmy-i-niedziela-z-zajaczkiem-przedswiateczne-wydarzenia\/","og_locale":"pl_PL","og_type":"article","og_title":"Wielkanocne Kicanki, w\u0142asnor\u0119czne Palmy i niedziela z Zaj\u0105czkiem. Przed\u015bwi\u0105teczne wydarzenia - 24GLIWICE - Portal Gliwice | codziennie nowe informacje","og_description":"Na tydzie\u0144 przed Wielkanoc\u0105, w nadchodz\u0105cy weekend w mie\u015bcie odb\u0119dzie si\u0119 kilka wydarze\u0144 zwi\u0105zanych z tym wyj\u0105tkowym czasem","og_url":"https:\/\/www.24gliwice.pl\/wiadomosci\/wielkanocne-kicanki-wlasnoreczne-palmy-i-niedziela-z-zajaczkiem-przedswiateczne-wydarzenia\/","og_site_name":"24GLIWICE - Portal Gliwice | codziennie nowe informacje","article_publisher":"https:\/\/www.facebook.com\/24gliwice","article_published_time":"2022-04-07T10:01:50+00:00","og_image":[{"width":810,"height":457,"url":"https:\/\/www.24gliwice.pl\/wiadomosci\/wp-content\/uploads\/2022\/04\/wielkanoc.jpg","type":"image\/jpeg"}],"author":"\u017baneta Mrozek-Siewierska","twitter_card":"summary_large_image","twitter_creator":"@24gliwice","twitter_site":"@24gliwice","twitter_misc":{"Napisane przez":"\u017baneta Mrozek-Siewierska","Szacowany czas czytania":"3 minuty"},"schema":{"@context":"https:\/\/schema.org","@graph":[{"@type":"Article","@id":"https:\/\/www.24gliwice.pl\/wiadomosci\/wielkanocne-kicanki-wlasnoreczne-palmy-i-niedziela-z-zajaczkiem-przedswiateczne-wydarzenia\/#article","isPartOf":{"@id":"https:\/\/www.24gliwice.pl\/wiadomosci\/wielkanocne-kicanki-wlasnoreczne-palmy-i-niedziela-z-zajaczkiem-przedswiateczne-wydarzenia\/"},"author":{"name":"\u017baneta Mrozek-Siewierska","@id":"https:\/\/www.24gliwice.pl\/wiadomosci\/#\/schema\/person\/e42c650edd7f2fa332be3811fb166b6e"},"headline":"Wielkanocne Kicanki, w\u0142asnor\u0119czne Palmy i niedziela z Zaj\u0105czkiem. Przed\u015bwi\u0105teczne wydarzenia","datePublished":"2022-04-07T10:01:50+00:00","mainEntityOfPage":{"@id":"https:\/\/www.24gliwice.pl\/wiadomosci\/wielkanocne-kicanki-wlasnoreczne-palmy-i-niedziela-z-zajaczkiem-przedswiateczne-wydarzenia\/"},"wordCount":629,"commentCount":0,"publisher":{"@id":"https:\/\/www.24gliwice.pl\/wiadomosci\/#organization"},"image":{"@id":"https:\/\/www.24gliwice.pl\/wiadomosci\/wielkanocne-kicanki-wlasnoreczne-palmy-i-niedziela-z-zajaczkiem-przedswiateczne-wydarzenia\/#primaryimage"},"thumbnailUrl":"https:\/\/www.24gliwice.pl\/wiadomosci\/wp-content\/uploads\/2022\/04\/wielkanoc.jpg","articleSection":["Gliwice","Kultura, wydarzenia, imprezy","Najnowsze wiadomo\u015bci"],"inLanguage":"pl-PL","potentialAction":[{"@type":"CommentAction","name":"Comment","target":["https:\/\/www.24gliwice.pl\/wiadomosci\/wielkanocne-kicanki-wlasnoreczne-palmy-i-niedziela-z-zajaczkiem-przedswiateczne-wydarzenia\/#respond"]}]},{"@type":"WebPage","@id":"https:\/\/www.24gliwice.pl\/wiadomosci\/wielkanocne-kicanki-wlasnoreczne-palmy-i-niedziela-z-zajaczkiem-przedswiateczne-wydarzenia\/","url":"https:\/\/www.24gliwice.pl\/wiadomosci\/wielkanocne-kicanki-wlasnoreczne-palmy-i-niedziela-z-zajaczkiem-przedswiateczne-wydarzenia\/","name":"Wielkanocne Kicanki, w\u0142asnor\u0119czne Palmy i niedziela z Zaj\u0105czkiem. Przed\u015bwi\u0105teczne wydarzenia - 24GLIWICE - Portal Gliwice | codziennie nowe informacje","isPartOf":{"@id":"https:\/\/www.24gliwice.pl\/wiadomosci\/#website"},"primaryImageOfPage":{"@id":"https:\/\/www.24gliwice.pl\/wiadomosci\/wielkanocne-kicanki-wlasnoreczne-palmy-i-niedziela-z-zajaczkiem-przedswiateczne-wydarzenia\/#primaryimage"},"image":{"@id":"https:\/\/www.24gliwice.pl\/wiadomosci\/wielkanocne-kicanki-wlasnoreczne-palmy-i-niedziela-z-zajaczkiem-przedswiateczne-wydarzenia\/#primaryimage"},"thumbnailUrl":"https:\/\/www.24gliwice.pl\/wiadomosci\/wp-content\/uploads\/2022\/04\/wielkanoc.jpg","datePublished":"2022-04-07T10:01:50+00:00","description":"Na tydzie\u0144 przed Wielkanoc\u0105, w nadchodz\u0105cy weekend w mie\u015bcie odb\u0119dzie si\u0119 kilka wydarze\u0144 zwi\u0105zanych z tym wyj\u0105tkowym czasem","breadcrumb":{"@id":"https:\/\/www.24gliwice.pl\/wiadomosci\/wielkanocne-kicanki-wlasnoreczne-palmy-i-niedziela-z-zajaczkiem-przedswiateczne-wydarzenia\/#breadcrumb"},"inLanguage":"pl-PL","potentialAction":[{"@type":"ReadAction","target":["https:\/\/www.24gliwice.pl\/wiadomosci\/wielkanocne-kicanki-wlasnoreczne-palmy-i-niedziela-z-zajaczkiem-przedswiateczne-wydarzenia\/"]}]},{"@type":"ImageObject","inLanguage":"pl-PL","@id":"https:\/\/www.24gliwice.pl\/wiadomosci\/wielkanocne-kicanki-wlasnoreczne-palmy-i-niedziela-z-zajaczkiem-przedswiateczne-wydarzenia\/#primaryimage","url":"https:\/\/www.24gliwice.pl\/wiadomosci\/wp-content\/uploads\/2022\/04\/wielkanoc.jpg","contentUrl":"https:\/\/www.24gliwice.pl\/wiadomosci\/wp-content\/uploads\/2022\/04\/wielkanoc.jpg","width":810,"height":457},{"@type":"BreadcrumbList","@id":"https:\/\/www.24gliwice.pl\/wiadomosci\/wielkanocne-kicanki-wlasnoreczne-palmy-i-niedziela-z-zajaczkiem-przedswiateczne-wydarzenia\/#breadcrumb","itemListElement":[{"@type":"ListItem","position":1,"name":"Strona g\u0142\u00f3wna","item":"https:\/\/www.24gliwice.pl\/wiadomosci\/"},{"@type":"ListItem","position":2,"name":"Wielkanocne Kicanki, w\u0142asnor\u0119czne Palmy i niedziela z Zaj\u0105czkiem. Przed\u015bwi\u0105teczne wydarzenia"}]},{"@type":"WebSite","@id":"https:\/\/www.24gliwice.pl\/wiadomosci\/#website","url":"https:\/\/www.24gliwice.pl\/wiadomosci\/","name":"24GLIWICE - Portal Gliwice | codziennie nowe wiadomo\u015bci","description":"Portal Miejski Gliwice","publisher":{"@id":"https:\/\/www.24gliwice.pl\/wiadomosci\/#organization"},"potentialAction":[{"@type":"SearchAction","target":{"@type":"EntryPoint","urlTemplate":"https:\/\/www.24gliwice.pl\/wiadomosci\/?s={search_term_string}"},"query-input":{"@type":"PropertyValueSpecification","valueRequired":true,"valueName":"search_term_string"}}],"inLanguage":"pl-PL"},{"@type":"Organization","@id":"https:\/\/www.24gliwice.pl\/wiadomosci\/#organization","name":"24gliwice","url":"https:\/\/www.24gliwice.pl\/wiadomosci\/","logo":{"@type":"ImageObject","inLanguage":"pl-PL","@id":"https:\/\/www.24gliwice.pl\/wiadomosci\/#\/schema\/logo\/image\/","url":"https:\/\/www.24gliwice.pl\/wiadomosci\/wp-content\/uploads\/2024\/10\/24gliwice-logo-696.jpg","contentUrl":"https:\/\/www.24gliwice.pl\/wiadomosci\/wp-content\/uploads\/2024\/10\/24gliwice-logo-696.jpg","width":696,"height":696,"caption":"24gliwice"},"image":{"@id":"https:\/\/www.24gliwice.pl\/wiadomosci\/#\/schema\/logo\/image\/"},"sameAs":["https:\/\/www.facebook.com\/24gliwice","https:\/\/x.com\/24gliwice","https:\/\/www.youtube.com\/@24gliwice"]},{"@type":"Person","@id":"https:\/\/www.24gliwice.pl\/wiadomosci\/#\/schema\/person\/e42c650edd7f2fa332be3811fb166b6e","name":"\u017baneta Mrozek-Siewierska","image":{"@type":"ImageObject","inLanguage":"pl-PL","@id":"https:\/\/www.24gliwice.pl\/wiadomosci\/wp-content\/uploads\/2021\/11\/Zaneta-M_S-zdjecie-czb-96x96.jpg","url":"https:\/\/www.24gliwice.pl\/wiadomosci\/wp-content\/uploads\/2021\/11\/Zaneta-M_S-zdjecie-czb-96x96.jpg","contentUrl":"https:\/\/www.24gliwice.pl\/wiadomosci\/wp-content\/uploads\/2021\/11\/Zaneta-M_S-zdjecie-czb-96x96.jpg","caption":"\u017baneta Mrozek-Siewierska"},"url":"https:\/\/www.24gliwice.pl\/wiadomosci\/author\/zms\/"}]}},"_links":{"self":[{"href":"https:\/\/www.24gliwice.pl\/wiadomosci\/wp-json\/wp\/v2\/posts\/190117","targetHints":{"allow":["GET"]}}],"collection":[{"href":"https:\/\/www.24gliwice.pl\/wiadomosci\/wp-json\/wp\/v2\/posts"}],"about":[{"href":"https:\/\/www.24gliwice.pl\/wiadomosci\/wp-json\/wp\/v2\/types\/post"}],"author":[{"embeddable":true,"href":"https:\/\/www.24gliwice.pl\/wiadomosci\/wp-json\/wp\/v2\/users\/15"}],"replies":[{"embeddable":true,"href":"https:\/\/www.24gliwice.pl\/wiadomosci\/wp-json\/wp\/v2\/comments?post=190117"}],"version-history":[{"count":9,"href":"https:\/\/www.24gliwice.pl\/wiadomosci\/wp-json\/wp\/v2\/posts\/190117\/revisions"}],"predecessor-version":[{"id":190160,"href":"https:\/\/www.24gliwice.pl\/wiadomosci\/wp-json\/wp\/v2\/posts\/190117\/revisions\/190160"}],"wp:featuredmedia":[{"embeddable":true,"href":"https:\/\/www.24gliwice.pl\/wiadomosci\/wp-json\/wp\/v2\/media\/190125"}],"wp:attachment":[{"href":"https:\/\/www.24gliwice.pl\/wiadomosci\/wp-json\/wp\/v2\/media?parent=190117"}],"wp:term":[{"taxonomy":"category","embeddable":true,"href":"https:\/\/www.24gliwice.pl\/wiadomosci\/wp-json\/wp\/v2\/categories?post=190117"},{"taxonomy":"post_tag","embeddable":true,"href":"https:\/\/www.24gliwice.pl\/wiadomosci\/wp-json\/wp\/v2\/tags?post=190117"}],"curies":[{"name":"wp","href":"https:\/\/api.w.org\/{rel}","templated":true}]}}