{"id":190167,"date":"2022-04-07T12:25:17","date_gmt":"2022-04-07T10:25:17","guid":{"rendered":"https:\/\/www.24gliwice.pl\/wiadomosci\/?p=190167"},"modified":"2022-04-11T03:15:34","modified_gmt":"2022-04-11T01:15:34","slug":"przedswiateczne-atrakcje-w-parku-handlowym-arena","status":"publish","type":"post","link":"https:\/\/www.24gliwice.pl\/wiadomosci\/przedswiateczne-atrakcje-w-parku-handlowym-arena\/","title":{"rendered":"Przed\u015bwi\u0105teczne atrakcje w Parku Handlowym Arena! Wielkanocny kubek dla zakupowicz\u00f3w"},"content":{"rendered":"<h2>Wreszcie nadesz\u0142y d\u0142u\u017csze dni i powia\u0142o wiosn\u0105! Cho\u0107 pogoda nadal p\u0142ata nam figle, z niecierpliwo\u015bci\u0105 czekamy na najbardziej wiosenne \u015bwi\u0119ta w roku \u2013 Wielkanoc. <\/h2>\n<p>&nbsp;<br \/>\nBy wiosna szybciej zapuka\u0142a do naszych drzwi, w przed\u015bwi\u0105teczny weekend <a href=\"https:\/\/arena-gliwice.pl\/\" rel=\"noopener\" target=\"_blank\">Park Handlowy Arena<\/a> przygotowa\u0142 wiele atrakcji zakupowych oraz prawdziwie wielkanocne upominki!<\/p>\n<p>Przed\u015bwi\u0105teczny weekend to dla wszystkich czas wzmo\u017conych zakup\u00f3w oraz przygotowa\u0144 do \u015awi\u0105t. <\/p>\n<h4>Przypominamy, \u017ce niedziela 10 kwietnia jest niedziel\u0105 handlow\u0105 i wszystkie sklepy oraz punkty us\u0142ugowe w Parku Handlowym Arena otwarte b\u0119d\u0105 w godz. 10.00-20.00, a hipermarket Carrefour od 08.00 do 20.00.<\/h4>\n<p>&nbsp;<br \/>\nNa klient\u00f3w odwiedzaj\u0105cych Aren\u0119, czeka wiele promocji oraz atrakcyjnych okazji. Ale to nie wszystko!<br \/>\n<strong>W sobot\u0119 i w niedziel\u0119 9 i 10 kwietnia zakupowicze b\u0119d\u0105 obdarowywani\u2026 wielkanocnym zaj\u0105czkiem w postaci uroczego kubka ze \u015bwi\u0105tecznym motywem. <\/strong><\/p>\n<p>Hazok czyli wielkanocny zaj\u0105czek to jeden z najbardziej \u015bl\u0105skich zwyczaj\u00f3w wpisanych w \u015bwi\u0119ta. Zatem niech tradycji stanie si\u0119 zado\u015b\u0107! <strong>Ka\u017cdy kto w sobot\u0119 lub niedziel\u0119 (9 i 10 kwietnia) w godz. 11.00 \u2013 18.00 zrobi w Arenie zakupy za minimum 100 z\u0142otych \u2013 otrzyma hazoka, czyli \u015bwi\u0105teczny kubek z motywem w\u0142a\u015bnie \u015bl\u0105skiego zaj\u0105czka lub wzoru naszej pisanki zwanej kroszonkom.<\/strong> Mamy nadziej\u0119, \u017ce \u015bwi\u0105teczna kawa z tradycyjnym motywem b\u0119dzie smakowa\u0142a wybornie! <\/p>\n<p>Szczeg\u00f3\u0142y promocji oraz regulamin mo\u017cna znale\u017a\u0107 na stronie: <a href=\"https:\/\/arena-gliwice.pl\/\" rel=\"noopener\" target=\"_blank\">www.arena-gliwice.pl<\/a> <\/p>\n<p><strong><em>Park Handlowy Arena \u017cyczy Pa\u0144stwu spokojnych \u015awi\u0105t i prawdziwej wiosny wok\u00f3\u0142. <\/em><\/strong><\/p>\n<p><small>materia\u0142 partnera<\/small><\/p>\n","protected":false},"excerpt":{"rendered":"<p>Wreszcie nadesz\u0142y d\u0142u\u017csze dni i powia\u0142o wiosn\u0105! Cho\u0107 pogoda nadal p\u0142ata nam figle, z niecierpliwo\u015bci\u0105 czekamy na najbardziej wiosenne \u015bwi\u0119ta w roku \u2013 Wielkanoc. &nbsp; By wiosna szybciej zapuka\u0142a do naszych drzwi, w przed\u015bwi\u0105teczny weekend Park Handlowy Arena przygotowa\u0142 wiele atrakcji zakupowych oraz prawdziwie wielkanocne upominki! Przed\u015bwi\u0105teczny weekend to dla wszystkich czas wzmo\u017conych zakup\u00f3w oraz [&hellip;]<\/p>\n","protected":false},"author":4,"featured_media":190176,"comment_status":"closed","ping_status":"closed","sticky":false,"template":"","format":"standard","meta":{"_monsterinsights_skip_tracking":false,"_monsterinsights_sitenote_active":false,"_monsterinsights_sitenote_note":"","_monsterinsights_sitenote_category":0,"footnotes":"","_links_to":"","_links_to_target":""},"categories":[3,6,1],"tags":[3077,1046,7204],"class_list":["post-190167","post","type-post","status-publish","format-standard","has-post-thumbnail","hentry","category-gliwice","category-kultura","category-wszystko","tag-arena-gliwice","tag-park-handlowy-arena","tag-wielkanoc"],"yoast_head":"<!-- This site is optimized with the Yoast SEO plugin v27.4 - https:\/\/yoast.com\/product\/yoast-seo-wordpress\/ -->\n<title>Przed\u015bwi\u0105teczne atrakcje w Parku Handlowym Arena! Wielkanocny kubek dla zakupowicz\u00f3w - 24GLIWICE - Portal Gliwice | codziennie nowe informacje<\/title>\n<meta name=\"robots\" content=\"index, follow, max-snippet:-1, max-image-preview:large, max-video-preview:-1\" \/>\n<link rel=\"canonical\" href=\"https:\/\/www.24gliwice.pl\/wiadomosci\/przedswiateczne-atrakcje-w-parku-handlowym-arena\/\" \/>\n<meta property=\"og:locale\" content=\"pl_PL\" \/>\n<meta property=\"og:type\" content=\"article\" \/>\n<meta property=\"og:title\" content=\"Przed\u015bwi\u0105teczne atrakcje w Parku Handlowym Arena! Wielkanocny kubek dla zakupowicz\u00f3w - 24GLIWICE - Portal Gliwice | codziennie nowe informacje\" \/>\n<meta property=\"og:description\" content=\"Wreszcie nadesz\u0142y d\u0142u\u017csze dni i powia\u0142o wiosn\u0105! Cho\u0107 pogoda nadal p\u0142ata nam figle, z niecierpliwo\u015bci\u0105 czekamy na najbardziej wiosenne \u015bwi\u0119ta w roku \u2013 Wielkanoc. &nbsp; By wiosna szybciej zapuka\u0142a do naszych drzwi, w przed\u015bwi\u0105teczny weekend Park Handlowy Arena przygotowa\u0142 wiele atrakcji zakupowych oraz prawdziwie wielkanocne upominki! Przed\u015bwi\u0105teczny weekend to dla wszystkich czas wzmo\u017conych zakup\u00f3w oraz [&hellip;]\" \/>\n<meta property=\"og:url\" content=\"https:\/\/www.24gliwice.pl\/wiadomosci\/przedswiateczne-atrakcje-w-parku-handlowym-arena\/\" \/>\n<meta property=\"og:site_name\" content=\"24GLIWICE - Portal Gliwice | codziennie nowe informacje\" \/>\n<meta property=\"article:publisher\" content=\"https:\/\/www.facebook.com\/24gliwice\" \/>\n<meta property=\"article:author\" content=\"https:\/\/www.facebook.com\/marcin.fabrykowski\" \/>\n<meta property=\"article:published_time\" content=\"2022-04-07T10:25:17+00:00\" \/>\n<meta property=\"article:modified_time\" content=\"2022-04-11T01:15:34+00:00\" \/>\n<meta property=\"og:image\" content=\"https:\/\/www.24gliwice.pl\/wiadomosci\/wp-content\/uploads\/2022\/04\/Arena_wielkanoc_digital-1920x1080px.jpg\" \/>\n\t<meta property=\"og:image:width\" content=\"1140\" \/>\n\t<meta property=\"og:image:height\" content=\"642\" \/>\n\t<meta property=\"og:image:type\" content=\"image\/jpeg\" \/>\n<meta name=\"author\" content=\"Marcin Fabrykowski\" \/>\n<meta name=\"twitter:card\" content=\"summary_large_image\" \/>\n<meta name=\"twitter:creator\" content=\"@24gliwice\" \/>\n<meta name=\"twitter:site\" content=\"@24gliwice\" \/>\n<meta name=\"twitter:label1\" content=\"Napisane przez\" \/>\n\t<meta name=\"twitter:data1\" content=\"Marcin Fabrykowski\" \/>\n\t<meta name=\"twitter:label2\" content=\"Szacowany czas czytania\" \/>\n\t<meta name=\"twitter:data2\" content=\"1 minuta\" \/>\n<script type=\"application\/ld+json\" class=\"yoast-schema-graph\">{\"@context\":\"https:\\\/\\\/schema.org\",\"@graph\":[{\"@type\":\"Article\",\"@id\":\"https:\\\/\\\/www.24gliwice.pl\\\/wiadomosci\\\/przedswiateczne-atrakcje-w-parku-handlowym-arena\\\/#article\",\"isPartOf\":{\"@id\":\"https:\\\/\\\/www.24gliwice.pl\\\/wiadomosci\\\/przedswiateczne-atrakcje-w-parku-handlowym-arena\\\/\"},\"author\":{\"name\":\"Marcin Fabrykowski\",\"@id\":\"https:\\\/\\\/www.24gliwice.pl\\\/wiadomosci\\\/#\\\/schema\\\/person\\\/cb5857e4a4d048c15984c1edcc8ef0c0\"},\"headline\":\"Przed\u015bwi\u0105teczne atrakcje w Parku Handlowym Arena! Wielkanocny kubek dla zakupowicz\u00f3w\",\"datePublished\":\"2022-04-07T10:25:17+00:00\",\"dateModified\":\"2022-04-11T01:15:34+00:00\",\"mainEntityOfPage\":{\"@id\":\"https:\\\/\\\/www.24gliwice.pl\\\/wiadomosci\\\/przedswiateczne-atrakcje-w-parku-handlowym-arena\\\/\"},\"wordCount\":258,\"publisher\":{\"@id\":\"https:\\\/\\\/www.24gliwice.pl\\\/wiadomosci\\\/#organization\"},\"image\":{\"@id\":\"https:\\\/\\\/www.24gliwice.pl\\\/wiadomosci\\\/przedswiateczne-atrakcje-w-parku-handlowym-arena\\\/#primaryimage\"},\"thumbnailUrl\":\"https:\\\/\\\/www.24gliwice.pl\\\/wiadomosci\\\/wp-content\\\/uploads\\\/2022\\\/04\\\/Arena_wielkanoc_digital-1920x1080px.jpg\",\"keywords\":[\"ARENA GLIWICE\",\"PARK HANDLOWY ARENA\",\"WIELKANOC\"],\"articleSection\":[\"Gliwice\",\"Kultura, wydarzenia, imprezy\",\"Najnowsze wiadomo\u015bci\"],\"inLanguage\":\"pl-PL\"},{\"@type\":\"WebPage\",\"@id\":\"https:\\\/\\\/www.24gliwice.pl\\\/wiadomosci\\\/przedswiateczne-atrakcje-w-parku-handlowym-arena\\\/\",\"url\":\"https:\\\/\\\/www.24gliwice.pl\\\/wiadomosci\\\/przedswiateczne-atrakcje-w-parku-handlowym-arena\\\/\",\"name\":\"Przed\u015bwi\u0105teczne atrakcje w Parku Handlowym Arena! Wielkanocny kubek dla zakupowicz\u00f3w - 24GLIWICE - Portal Gliwice | codziennie nowe informacje\",\"isPartOf\":{\"@id\":\"https:\\\/\\\/www.24gliwice.pl\\\/wiadomosci\\\/#website\"},\"primaryImageOfPage\":{\"@id\":\"https:\\\/\\\/www.24gliwice.pl\\\/wiadomosci\\\/przedswiateczne-atrakcje-w-parku-handlowym-arena\\\/#primaryimage\"},\"image\":{\"@id\":\"https:\\\/\\\/www.24gliwice.pl\\\/wiadomosci\\\/przedswiateczne-atrakcje-w-parku-handlowym-arena\\\/#primaryimage\"},\"thumbnailUrl\":\"https:\\\/\\\/www.24gliwice.pl\\\/wiadomosci\\\/wp-content\\\/uploads\\\/2022\\\/04\\\/Arena_wielkanoc_digital-1920x1080px.jpg\",\"datePublished\":\"2022-04-07T10:25:17+00:00\",\"dateModified\":\"2022-04-11T01:15:34+00:00\",\"breadcrumb\":{\"@id\":\"https:\\\/\\\/www.24gliwice.pl\\\/wiadomosci\\\/przedswiateczne-atrakcje-w-parku-handlowym-arena\\\/#breadcrumb\"},\"inLanguage\":\"pl-PL\",\"potentialAction\":[{\"@type\":\"ReadAction\",\"target\":[\"https:\\\/\\\/www.24gliwice.pl\\\/wiadomosci\\\/przedswiateczne-atrakcje-w-parku-handlowym-arena\\\/\"]}]},{\"@type\":\"ImageObject\",\"inLanguage\":\"pl-PL\",\"@id\":\"https:\\\/\\\/www.24gliwice.pl\\\/wiadomosci\\\/przedswiateczne-atrakcje-w-parku-handlowym-arena\\\/#primaryimage\",\"url\":\"https:\\\/\\\/www.24gliwice.pl\\\/wiadomosci\\\/wp-content\\\/uploads\\\/2022\\\/04\\\/Arena_wielkanoc_digital-1920x1080px.jpg\",\"contentUrl\":\"https:\\\/\\\/www.24gliwice.pl\\\/wiadomosci\\\/wp-content\\\/uploads\\\/2022\\\/04\\\/Arena_wielkanoc_digital-1920x1080px.jpg\",\"width\":1140,\"height\":642},{\"@type\":\"BreadcrumbList\",\"@id\":\"https:\\\/\\\/www.24gliwice.pl\\\/wiadomosci\\\/przedswiateczne-atrakcje-w-parku-handlowym-arena\\\/#breadcrumb\",\"itemListElement\":[{\"@type\":\"ListItem\",\"position\":1,\"name\":\"Strona g\u0142\u00f3wna\",\"item\":\"https:\\\/\\\/www.24gliwice.pl\\\/wiadomosci\\\/\"},{\"@type\":\"ListItem\",\"position\":2,\"name\":\"Przed\u015bwi\u0105teczne atrakcje w Parku Handlowym Arena! Wielkanocny kubek dla zakupowicz\u00f3w\"}]},{\"@type\":\"WebSite\",\"@id\":\"https:\\\/\\\/www.24gliwice.pl\\\/wiadomosci\\\/#website\",\"url\":\"https:\\\/\\\/www.24gliwice.pl\\\/wiadomosci\\\/\",\"name\":\"24GLIWICE - Portal Gliwice | codziennie nowe wiadomo\u015bci\",\"description\":\"Portal Miejski Gliwice\",\"publisher\":{\"@id\":\"https:\\\/\\\/www.24gliwice.pl\\\/wiadomosci\\\/#organization\"},\"potentialAction\":[{\"@type\":\"SearchAction\",\"target\":{\"@type\":\"EntryPoint\",\"urlTemplate\":\"https:\\\/\\\/www.24gliwice.pl\\\/wiadomosci\\\/?s={search_term_string}\"},\"query-input\":{\"@type\":\"PropertyValueSpecification\",\"valueRequired\":true,\"valueName\":\"search_term_string\"}}],\"inLanguage\":\"pl-PL\"},{\"@type\":\"Organization\",\"@id\":\"https:\\\/\\\/www.24gliwice.pl\\\/wiadomosci\\\/#organization\",\"name\":\"24gliwice\",\"url\":\"https:\\\/\\\/www.24gliwice.pl\\\/wiadomosci\\\/\",\"logo\":{\"@type\":\"ImageObject\",\"inLanguage\":\"pl-PL\",\"@id\":\"https:\\\/\\\/www.24gliwice.pl\\\/wiadomosci\\\/#\\\/schema\\\/logo\\\/image\\\/\",\"url\":\"https:\\\/\\\/www.24gliwice.pl\\\/wiadomosci\\\/wp-content\\\/uploads\\\/2024\\\/10\\\/24gliwice-logo-696.jpg\",\"contentUrl\":\"https:\\\/\\\/www.24gliwice.pl\\\/wiadomosci\\\/wp-content\\\/uploads\\\/2024\\\/10\\\/24gliwice-logo-696.jpg\",\"width\":696,\"height\":696,\"caption\":\"24gliwice\"},\"image\":{\"@id\":\"https:\\\/\\\/www.24gliwice.pl\\\/wiadomosci\\\/#\\\/schema\\\/logo\\\/image\\\/\"},\"sameAs\":[\"https:\\\/\\\/www.facebook.com\\\/24gliwice\",\"https:\\\/\\\/x.com\\\/24gliwice\",\"https:\\\/\\\/www.youtube.com\\\/@24gliwice\"]},{\"@type\":\"Person\",\"@id\":\"https:\\\/\\\/www.24gliwice.pl\\\/wiadomosci\\\/#\\\/schema\\\/person\\\/cb5857e4a4d048c15984c1edcc8ef0c0\",\"name\":\"Marcin Fabrykowski\",\"image\":{\"@type\":\"ImageObject\",\"inLanguage\":\"pl-PL\",\"@id\":\"https:\\\/\\\/www.24gliwice.pl\\\/wiadomosci\\\/wp-content\\\/uploads\\\/2025\\\/11\\\/zdjecie-moje-marcin-300-96x96.jpg\",\"url\":\"https:\\\/\\\/www.24gliwice.pl\\\/wiadomosci\\\/wp-content\\\/uploads\\\/2025\\\/11\\\/zdjecie-moje-marcin-300-96x96.jpg\",\"contentUrl\":\"https:\\\/\\\/www.24gliwice.pl\\\/wiadomosci\\\/wp-content\\\/uploads\\\/2025\\\/11\\\/zdjecie-moje-marcin-300-96x96.jpg\",\"caption\":\"Marcin Fabrykowski\"},\"sameAs\":[\"http:\\\/\\\/24gliwice.pl\",\"https:\\\/\\\/www.facebook.com\\\/marcin.fabrykowski\"],\"url\":\"https:\\\/\\\/www.24gliwice.pl\\\/wiadomosci\\\/author\\\/marcin-fabrykowski\\\/\"}]}<\/script>\n<!-- \/ Yoast SEO plugin. -->","yoast_head_json":{"title":"Przed\u015bwi\u0105teczne atrakcje w Parku Handlowym Arena! Wielkanocny kubek dla zakupowicz\u00f3w - 24GLIWICE - Portal Gliwice | codziennie nowe informacje","robots":{"index":"index","follow":"follow","max-snippet":"max-snippet:-1","max-image-preview":"max-image-preview:large","max-video-preview":"max-video-preview:-1"},"canonical":"https:\/\/www.24gliwice.pl\/wiadomosci\/przedswiateczne-atrakcje-w-parku-handlowym-arena\/","og_locale":"pl_PL","og_type":"article","og_title":"Przed\u015bwi\u0105teczne atrakcje w Parku Handlowym Arena! Wielkanocny kubek dla zakupowicz\u00f3w - 24GLIWICE - Portal Gliwice | codziennie nowe informacje","og_description":"Wreszcie nadesz\u0142y d\u0142u\u017csze dni i powia\u0142o wiosn\u0105! Cho\u0107 pogoda nadal p\u0142ata nam figle, z niecierpliwo\u015bci\u0105 czekamy na najbardziej wiosenne \u015bwi\u0119ta w roku \u2013 Wielkanoc. &nbsp; By wiosna szybciej zapuka\u0142a do naszych drzwi, w przed\u015bwi\u0105teczny weekend Park Handlowy Arena przygotowa\u0142 wiele atrakcji zakupowych oraz prawdziwie wielkanocne upominki! Przed\u015bwi\u0105teczny weekend to dla wszystkich czas wzmo\u017conych zakup\u00f3w oraz [&hellip;]","og_url":"https:\/\/www.24gliwice.pl\/wiadomosci\/przedswiateczne-atrakcje-w-parku-handlowym-arena\/","og_site_name":"24GLIWICE - Portal Gliwice | codziennie nowe informacje","article_publisher":"https:\/\/www.facebook.com\/24gliwice","article_author":"https:\/\/www.facebook.com\/marcin.fabrykowski","article_published_time":"2022-04-07T10:25:17+00:00","article_modified_time":"2022-04-11T01:15:34+00:00","og_image":[{"width":1140,"height":642,"url":"https:\/\/www.24gliwice.pl\/wiadomosci\/wp-content\/uploads\/2022\/04\/Arena_wielkanoc_digital-1920x1080px.jpg","type":"image\/jpeg"}],"author":"Marcin Fabrykowski","twitter_card":"summary_large_image","twitter_creator":"@24gliwice","twitter_site":"@24gliwice","twitter_misc":{"Napisane przez":"Marcin Fabrykowski","Szacowany czas czytania":"1 minuta"},"schema":{"@context":"https:\/\/schema.org","@graph":[{"@type":"Article","@id":"https:\/\/www.24gliwice.pl\/wiadomosci\/przedswiateczne-atrakcje-w-parku-handlowym-arena\/#article","isPartOf":{"@id":"https:\/\/www.24gliwice.pl\/wiadomosci\/przedswiateczne-atrakcje-w-parku-handlowym-arena\/"},"author":{"name":"Marcin Fabrykowski","@id":"https:\/\/www.24gliwice.pl\/wiadomosci\/#\/schema\/person\/cb5857e4a4d048c15984c1edcc8ef0c0"},"headline":"Przed\u015bwi\u0105teczne atrakcje w Parku Handlowym Arena! Wielkanocny kubek dla zakupowicz\u00f3w","datePublished":"2022-04-07T10:25:17+00:00","dateModified":"2022-04-11T01:15:34+00:00","mainEntityOfPage":{"@id":"https:\/\/www.24gliwice.pl\/wiadomosci\/przedswiateczne-atrakcje-w-parku-handlowym-arena\/"},"wordCount":258,"publisher":{"@id":"https:\/\/www.24gliwice.pl\/wiadomosci\/#organization"},"image":{"@id":"https:\/\/www.24gliwice.pl\/wiadomosci\/przedswiateczne-atrakcje-w-parku-handlowym-arena\/#primaryimage"},"thumbnailUrl":"https:\/\/www.24gliwice.pl\/wiadomosci\/wp-content\/uploads\/2022\/04\/Arena_wielkanoc_digital-1920x1080px.jpg","keywords":["ARENA GLIWICE","PARK HANDLOWY ARENA","WIELKANOC"],"articleSection":["Gliwice","Kultura, wydarzenia, imprezy","Najnowsze wiadomo\u015bci"],"inLanguage":"pl-PL"},{"@type":"WebPage","@id":"https:\/\/www.24gliwice.pl\/wiadomosci\/przedswiateczne-atrakcje-w-parku-handlowym-arena\/","url":"https:\/\/www.24gliwice.pl\/wiadomosci\/przedswiateczne-atrakcje-w-parku-handlowym-arena\/","name":"Przed\u015bwi\u0105teczne atrakcje w Parku Handlowym Arena! Wielkanocny kubek dla zakupowicz\u00f3w - 24GLIWICE - Portal Gliwice | codziennie nowe informacje","isPartOf":{"@id":"https:\/\/www.24gliwice.pl\/wiadomosci\/#website"},"primaryImageOfPage":{"@id":"https:\/\/www.24gliwice.pl\/wiadomosci\/przedswiateczne-atrakcje-w-parku-handlowym-arena\/#primaryimage"},"image":{"@id":"https:\/\/www.24gliwice.pl\/wiadomosci\/przedswiateczne-atrakcje-w-parku-handlowym-arena\/#primaryimage"},"thumbnailUrl":"https:\/\/www.24gliwice.pl\/wiadomosci\/wp-content\/uploads\/2022\/04\/Arena_wielkanoc_digital-1920x1080px.jpg","datePublished":"2022-04-07T10:25:17+00:00","dateModified":"2022-04-11T01:15:34+00:00","breadcrumb":{"@id":"https:\/\/www.24gliwice.pl\/wiadomosci\/przedswiateczne-atrakcje-w-parku-handlowym-arena\/#breadcrumb"},"inLanguage":"pl-PL","potentialAction":[{"@type":"ReadAction","target":["https:\/\/www.24gliwice.pl\/wiadomosci\/przedswiateczne-atrakcje-w-parku-handlowym-arena\/"]}]},{"@type":"ImageObject","inLanguage":"pl-PL","@id":"https:\/\/www.24gliwice.pl\/wiadomosci\/przedswiateczne-atrakcje-w-parku-handlowym-arena\/#primaryimage","url":"https:\/\/www.24gliwice.pl\/wiadomosci\/wp-content\/uploads\/2022\/04\/Arena_wielkanoc_digital-1920x1080px.jpg","contentUrl":"https:\/\/www.24gliwice.pl\/wiadomosci\/wp-content\/uploads\/2022\/04\/Arena_wielkanoc_digital-1920x1080px.jpg","width":1140,"height":642},{"@type":"BreadcrumbList","@id":"https:\/\/www.24gliwice.pl\/wiadomosci\/przedswiateczne-atrakcje-w-parku-handlowym-arena\/#breadcrumb","itemListElement":[{"@type":"ListItem","position":1,"name":"Strona g\u0142\u00f3wna","item":"https:\/\/www.24gliwice.pl\/wiadomosci\/"},{"@type":"ListItem","position":2,"name":"Przed\u015bwi\u0105teczne atrakcje w Parku Handlowym Arena! Wielkanocny kubek dla zakupowicz\u00f3w"}]},{"@type":"WebSite","@id":"https:\/\/www.24gliwice.pl\/wiadomosci\/#website","url":"https:\/\/www.24gliwice.pl\/wiadomosci\/","name":"24GLIWICE - Portal Gliwice | codziennie nowe wiadomo\u015bci","description":"Portal Miejski Gliwice","publisher":{"@id":"https:\/\/www.24gliwice.pl\/wiadomosci\/#organization"},"potentialAction":[{"@type":"SearchAction","target":{"@type":"EntryPoint","urlTemplate":"https:\/\/www.24gliwice.pl\/wiadomosci\/?s={search_term_string}"},"query-input":{"@type":"PropertyValueSpecification","valueRequired":true,"valueName":"search_term_string"}}],"inLanguage":"pl-PL"},{"@type":"Organization","@id":"https:\/\/www.24gliwice.pl\/wiadomosci\/#organization","name":"24gliwice","url":"https:\/\/www.24gliwice.pl\/wiadomosci\/","logo":{"@type":"ImageObject","inLanguage":"pl-PL","@id":"https:\/\/www.24gliwice.pl\/wiadomosci\/#\/schema\/logo\/image\/","url":"https:\/\/www.24gliwice.pl\/wiadomosci\/wp-content\/uploads\/2024\/10\/24gliwice-logo-696.jpg","contentUrl":"https:\/\/www.24gliwice.pl\/wiadomosci\/wp-content\/uploads\/2024\/10\/24gliwice-logo-696.jpg","width":696,"height":696,"caption":"24gliwice"},"image":{"@id":"https:\/\/www.24gliwice.pl\/wiadomosci\/#\/schema\/logo\/image\/"},"sameAs":["https:\/\/www.facebook.com\/24gliwice","https:\/\/x.com\/24gliwice","https:\/\/www.youtube.com\/@24gliwice"]},{"@type":"Person","@id":"https:\/\/www.24gliwice.pl\/wiadomosci\/#\/schema\/person\/cb5857e4a4d048c15984c1edcc8ef0c0","name":"Marcin Fabrykowski","image":{"@type":"ImageObject","inLanguage":"pl-PL","@id":"https:\/\/www.24gliwice.pl\/wiadomosci\/wp-content\/uploads\/2025\/11\/zdjecie-moje-marcin-300-96x96.jpg","url":"https:\/\/www.24gliwice.pl\/wiadomosci\/wp-content\/uploads\/2025\/11\/zdjecie-moje-marcin-300-96x96.jpg","contentUrl":"https:\/\/www.24gliwice.pl\/wiadomosci\/wp-content\/uploads\/2025\/11\/zdjecie-moje-marcin-300-96x96.jpg","caption":"Marcin Fabrykowski"},"sameAs":["http:\/\/24gliwice.pl","https:\/\/www.facebook.com\/marcin.fabrykowski"],"url":"https:\/\/www.24gliwice.pl\/wiadomosci\/author\/marcin-fabrykowski\/"}]}},"_links":{"self":[{"href":"https:\/\/www.24gliwice.pl\/wiadomosci\/wp-json\/wp\/v2\/posts\/190167","targetHints":{"allow":["GET"]}}],"collection":[{"href":"https:\/\/www.24gliwice.pl\/wiadomosci\/wp-json\/wp\/v2\/posts"}],"about":[{"href":"https:\/\/www.24gliwice.pl\/wiadomosci\/wp-json\/wp\/v2\/types\/post"}],"author":[{"embeddable":true,"href":"https:\/\/www.24gliwice.pl\/wiadomosci\/wp-json\/wp\/v2\/users\/4"}],"replies":[{"embeddable":true,"href":"https:\/\/www.24gliwice.pl\/wiadomosci\/wp-json\/wp\/v2\/comments?post=190167"}],"version-history":[{"count":6,"href":"https:\/\/www.24gliwice.pl\/wiadomosci\/wp-json\/wp\/v2\/posts\/190167\/revisions"}],"predecessor-version":[{"id":190178,"href":"https:\/\/www.24gliwice.pl\/wiadomosci\/wp-json\/wp\/v2\/posts\/190167\/revisions\/190178"}],"wp:featuredmedia":[{"embeddable":true,"href":"https:\/\/www.24gliwice.pl\/wiadomosci\/wp-json\/wp\/v2\/media\/190176"}],"wp:attachment":[{"href":"https:\/\/www.24gliwice.pl\/wiadomosci\/wp-json\/wp\/v2\/media?parent=190167"}],"wp:term":[{"taxonomy":"category","embeddable":true,"href":"https:\/\/www.24gliwice.pl\/wiadomosci\/wp-json\/wp\/v2\/categories?post=190167"},{"taxonomy":"post_tag","embeddable":true,"href":"https:\/\/www.24gliwice.pl\/wiadomosci\/wp-json\/wp\/v2\/tags?post=190167"}],"curies":[{"name":"wp","href":"https:\/\/api.w.org\/{rel}","templated":true}]}}