{"id":190232,"date":"2022-04-11T03:13:00","date_gmt":"2022-04-11T01:13:00","guid":{"rendered":"https:\/\/www.24gliwice.pl\/wiadomosci\/?p=190232"},"modified":"2022-04-11T03:13:00","modified_gmt":"2022-04-11T01:13:00","slug":"na-alei-przyjazni-ustawiono-slupki","status":"publish","type":"post","link":"https:\/\/www.24gliwice.pl\/wiadomosci\/na-alei-przyjazni-ustawiono-slupki\/","title":{"rendered":"Po wypadku na ci\u0105gu pieszo-rowerowym pojawi\u0142y si\u0119 s\u0142upki. &#8220;Jeste\u015bmy zdeterminowani&#8221;"},"content":{"rendered":"<div class=\"gliwi-a6-nad-leadem-artykulow gliwi-entity-placement\" id=\"gliwi-780219890\"><div class=\"gliwi-adlabel\"><span style=\"font-size: 9px\">REKLAMA<\/span><\/div><div id=\"gliwi-1337464868\" style=\"margin-bottom: 25px;margin-left: auto;margin-right: auto;text-align: center;\"><a data-no-instant=\"1\" href=\"https:\/\/dom100.eu\/\" rel=\"noopener\" class=\"a2t-link\" target=\"_blank\" aria-label=\"20260415 DOM100 D\"><img loading=\"lazy\" decoding=\"async\" src=\"https:\/\/www.24gliwice.pl\/wiadomosci\/wp-content\/uploads\/2026\/04\/20260415-DOM100-D.jpg\" alt=\"\"  srcset=\"https:\/\/www.24gliwice.pl\/wiadomosci\/wp-content\/uploads\/2026\/04\/20260415-DOM100-D.jpg 750w, https:\/\/www.24gliwice.pl\/wiadomosci\/wp-content\/uploads\/2026\/04\/20260415-DOM100-D-410x109.jpg 410w\" sizes=\"(max-width: 750px) 100vw, 750px\" class=\"no-lazyload\" width=\"750\" height=\"200\"  style=\"display: inline-block; max-width: 100%; height: auto;\" \/><\/a><\/div><\/div><h2>Kilka miesi\u0119cy temu na alei Przyja\u017ani <a href=\"https:\/\/www.24gliwice.pl\/wiadomosci\/smieciarka-wypadek-pieszy-gliwice\/\" rel=\"noopener\" target=\"_blank\">\u015bmieciarka \u015bmiertelnie potr\u0105ci\u0142a przechodnia<\/a>. Do tragedii dosz\u0142o na ci\u0105gu pieszo-rowerowym. Teraz od strony ulicy Zwyci\u0119stwa pojazdy ju\u017c nie wjad\u0105, niedawno zamontowano tam s\u0142upki.<\/h2>\n<p>&nbsp;<br \/>\n<a href=\"https:\/\/www.24gliwice.pl\/wiadomosci\/wp-content\/uploads\/2021\/11\/smiertelny-wypadek-smieciarka-6.jpg\"><img loading=\"lazy\" decoding=\"async\" src=\"https:\/\/www.24gliwice.pl\/wiadomosci\/wp-content\/uploads\/2021\/11\/smiertelny-wypadek-smieciarka-6.jpg\" alt=\"\" width=\"810\" height=\"456\" class=\"alignnone size-full wp-image-181110\" srcset=\"https:\/\/www.24gliwice.pl\/wiadomosci\/wp-content\/uploads\/2021\/11\/smiertelny-wypadek-smieciarka-6.jpg 810w, https:\/\/www.24gliwice.pl\/wiadomosci\/wp-content\/uploads\/2021\/11\/smiertelny-wypadek-smieciarka-6-410x232.jpg 410w, https:\/\/www.24gliwice.pl\/wiadomosci\/wp-content\/uploads\/2021\/11\/smiertelny-wypadek-smieciarka-6-808x455.jpg 808w, https:\/\/www.24gliwice.pl\/wiadomosci\/wp-content\/uploads\/2021\/11\/smiertelny-wypadek-smieciarka-6-768x432.jpg 768w\" sizes=\"auto, (max-width: 810px) 100vw, 810px\" \/><\/a><\/p>\n<p>S\u0142upki pojawi\u0142y si\u0119 na wniosek Gliwickiej Rady Rowerowej. <\/p>\n<p><a href=\"https:\/\/www.24gliwice.pl\/wiadomosci\/wp-content\/uploads\/2022\/04\/aleja-przyjazni-slupki-4.jpg\"><img loading=\"lazy\" decoding=\"async\" src=\"https:\/\/www.24gliwice.pl\/wiadomosci\/wp-content\/uploads\/2022\/04\/aleja-przyjazni-slupki-4.jpg\" alt=\"\" width=\"810\" height=\"455\" class=\"alignnone size-full wp-image-190277\" srcset=\"https:\/\/www.24gliwice.pl\/wiadomosci\/wp-content\/uploads\/2022\/04\/aleja-przyjazni-slupki-4.jpg 810w, https:\/\/www.24gliwice.pl\/wiadomosci\/wp-content\/uploads\/2022\/04\/aleja-przyjazni-slupki-4-410x230.jpg 410w, https:\/\/www.24gliwice.pl\/wiadomosci\/wp-content\/uploads\/2022\/04\/aleja-przyjazni-slupki-4-768x431.jpg 768w\" sizes=\"auto, (max-width: 810px) 100vw, 810px\" \/><\/a><\/p>\n<p>&#8211; <em>W listopadzie zesz\u0142ego roku dosz\u0142o do \u015bmiertelnego potr\u0105cenia przez \u015bmieciark\u0119 na al. Przyja\u017ani. Nie mogli\u015bmy przej\u015b\u0107 obok tego wydarzenia oboj\u0119tnie, dlatego zawnioskowali\u015bmy do Zarz\u0105d Dr\u00f3g Miejskich w Gliwicach o monta\u017c s\u0142upk\u00f3w uniemo\u017cliwiaj\u0105cych wjazd samochod\u00f3w na alej\u0119<\/em> &#8211; informuje Rada w internetowym wpisie.  <\/p><div class=\"gliwi-a3-w-tresci-artykulow gliwi-entity-placement\" id=\"gliwi-99605804\"><div class=\"gliwi-adlabel\"><span style=\"font-size: 9px\">REKLAMA<\/span><\/div><div id=\"gliwi-3195179328\" style=\"margin-bottom: 30px;margin-left: auto;margin-right: auto;text-align: center;\"><a data-no-instant=\"1\" href=\"https:\/\/zlobek.halogen.org.pl\/\" rel=\"noopener\" class=\"a2t-link\" target=\"_blank\" aria-label=\"animator-zlobek_750x200\"><img loading=\"lazy\" decoding=\"async\" src=\"https:\/\/www.24gliwice.pl\/wiadomosci\/wp-content\/uploads\/2026\/02\/animator-zlobek_750x200.webp\" alt=\"\"  srcset=\"https:\/\/www.24gliwice.pl\/wiadomosci\/wp-content\/uploads\/2026\/02\/animator-zlobek_750x200.webp 750w, https:\/\/www.24gliwice.pl\/wiadomosci\/wp-content\/uploads\/2026\/02\/animator-zlobek_750x200-410x109.webp 410w\" sizes=\"(max-width: 750px) 100vw, 750px\" class=\"no-lazyload\" width=\"750\" height=\"200\"  style=\"display: inline-block; max-width: 100%; height: auto;\" \/><\/a><\/div><\/div>\n<p><iframe loading=\"lazy\" src=\"https:\/\/www.facebook.com\/plugins\/post.php?href=https%3A%2F%2Fwww.facebook.com%2Fgliwickaradarowerowa%2Fposts%2F5403008566398944&#038;width=500&#038;show_text=true&#038;height=731&#038;appId\" width=\"500\" height=\"731\" style=\"border:none;overflow:hidden\" scrolling=\"no\" frameborder=\"0\" allowfullscreen=\"true\" allow=\"autoplay; clipboard-write; encrypted-media; picture-in-picture; web-share\"><\/iframe><\/p>\n<p><a href=\"https:\/\/www.24gliwice.pl\/wiadomosci\/wp-content\/uploads\/2022\/04\/aleja-przyjazni-slupki-3.jpg\"><img loading=\"lazy\" decoding=\"async\" src=\"https:\/\/www.24gliwice.pl\/wiadomosci\/wp-content\/uploads\/2022\/04\/aleja-przyjazni-slupki-3.jpg\" alt=\"\" width=\"810\" height=\"457\" class=\"alignnone size-full wp-image-190276\" srcset=\"https:\/\/www.24gliwice.pl\/wiadomosci\/wp-content\/uploads\/2022\/04\/aleja-przyjazni-slupki-3.jpg 810w, https:\/\/www.24gliwice.pl\/wiadomosci\/wp-content\/uploads\/2022\/04\/aleja-przyjazni-slupki-3-410x232.jpg 410w, https:\/\/www.24gliwice.pl\/wiadomosci\/wp-content\/uploads\/2022\/04\/aleja-przyjazni-slupki-3-806x455.jpg 806w, https:\/\/www.24gliwice.pl\/wiadomosci\/wp-content\/uploads\/2022\/04\/aleja-przyjazni-slupki-3-768x433.jpg 768w\" sizes=\"auto, (max-width: 810px) 100vw, 810px\" \/><\/a><\/p>\n<p>&#8211; <em>Infrastruktura rowerowa i piesza nie mog\u0105 s\u0142u\u017cy\u0107 do jazdy samochodem, dlatego jeste\u015bmy zdeterminowani, \u017ceby fizycznie to uniemo\u017cliwia\u0107 wsz\u0119dzie tam gdzie b\u0119dzie to konieczne<\/em> &#8211; komentuje Gliwicka Rada Rowerowa. <\/p>\n<p><a href=\"https:\/\/www.24gliwice.pl\/wiadomosci\/wp-content\/uploads\/2022\/04\/aleja-przyjazni-slupki-2.jpg\"><img loading=\"lazy\" decoding=\"async\" src=\"https:\/\/www.24gliwice.pl\/wiadomosci\/wp-content\/uploads\/2022\/04\/aleja-przyjazni-slupki-2.jpg\" alt=\"\" width=\"810\" height=\"457\" class=\"alignnone size-full wp-image-190275\" srcset=\"https:\/\/www.24gliwice.pl\/wiadomosci\/wp-content\/uploads\/2022\/04\/aleja-przyjazni-slupki-2.jpg 810w, https:\/\/www.24gliwice.pl\/wiadomosci\/wp-content\/uploads\/2022\/04\/aleja-przyjazni-slupki-2-410x232.jpg 410w, https:\/\/www.24gliwice.pl\/wiadomosci\/wp-content\/uploads\/2022\/04\/aleja-przyjazni-slupki-2-806x455.jpg 806w, https:\/\/www.24gliwice.pl\/wiadomosci\/wp-content\/uploads\/2022\/04\/aleja-przyjazni-slupki-2-768x433.jpg 768w\" sizes=\"auto, (max-width: 810px) 100vw, 810px\" \/><\/a><\/p>\n<p>Na ten odcinek alei Przyja\u017ani mo\u017cna teraz wjecha\u0107 jedynie od strony ulicy Chudoby (gdzie w przesz\u0142o\u015bci prawdopodobnie te\u017c zamontowano s\u0142upki, ale z jakiego\u015b powodu zosta\u0142y zdemontowane).<\/p>\n<p><a href=\"https:\/\/www.24gliwice.pl\/wiadomosci\/wp-content\/uploads\/2022\/04\/aleja-przyjazni-chudoby.jpg\"><img loading=\"lazy\" decoding=\"async\" src=\"https:\/\/www.24gliwice.pl\/wiadomosci\/wp-content\/uploads\/2022\/04\/aleja-przyjazni-chudoby.jpg\" alt=\"\" width=\"810\" height=\"455\" class=\"alignnone size-full wp-image-190274\" srcset=\"https:\/\/www.24gliwice.pl\/wiadomosci\/wp-content\/uploads\/2022\/04\/aleja-przyjazni-chudoby.jpg 810w, https:\/\/www.24gliwice.pl\/wiadomosci\/wp-content\/uploads\/2022\/04\/aleja-przyjazni-chudoby-410x230.jpg 410w, https:\/\/www.24gliwice.pl\/wiadomosci\/wp-content\/uploads\/2022\/04\/aleja-przyjazni-chudoby-768x431.jpg 768w\" sizes=\"auto, (max-width: 810px) 100vw, 810px\" \/><\/a><\/p>\n<h4>Podejrzany us\u0142ysza\u0142 zarzut<\/h4>\n<p>Przypomnijmy, \u017ce do tragicznego zdarzenia dosz\u0142o 19 listopada w godzinach porannych na alei Przyja\u017ani w Gliwicach na wysoko\u015bci restauracji McDonald&#8217;s. Ofiar\u0105 wypadku by\u0142 37-letni m\u0119\u017cczyzna, mieszkaniec jednego ze \u015bl\u0105skich miast, na kt\u00f3rego najecha\u0142a \u015bmieciarka firmy Remondis.<br \/>\n&#8211; Sprawa jest jeszcze w toku. Policja przedstawi\u0142a podejrzanemu zarzut spowodowania wypadku. Kiedy zostanie zako\u0144czona &#8211; takie informacja ma prokuratura, kt\u00f3ra sporz\u0105dza akt oskar\u017cenia &#8211; m\u00f3wi podinspektor <strong>Marek S\u0142omski<\/strong>, oficer prasowy KMP Gliwice. <\/p>\n<p>(\u017cms)<br \/>\nfot. 24gliwice\/\u017cms<\/p>\n<div class=\"gliwi-a5-na-koncu-artykulow gliwi-entity-placement\" id=\"gliwi-1731562486\"><div class=\"gliwi-adlabel\"><span style=\"font-size: 9px\">REKLAMA<\/span><\/div><div id=\"gliwi-3986752965\" style=\"margin-left: auto;margin-right: auto;text-align: center;\"><a data-no-instant=\"1\" href=\"https:\/\/prezeroarenagliwice.pl\/\" rel=\"noopener\" class=\"a2t-link\" target=\"_blank\" aria-label=\"20260309-PREZERO-WIOSNA-D\"><img loading=\"lazy\" decoding=\"async\" src=\"https:\/\/www.24gliwice.pl\/wiadomosci\/wp-content\/uploads\/2026\/03\/20260309-PREZERO-WIOSNA-D.webp\" alt=\"\"  srcset=\"https:\/\/www.24gliwice.pl\/wiadomosci\/wp-content\/uploads\/2026\/03\/20260309-PREZERO-WIOSNA-D.webp 750w, https:\/\/www.24gliwice.pl\/wiadomosci\/wp-content\/uploads\/2026\/03\/20260309-PREZERO-WIOSNA-D-410x109.webp 410w\" sizes=\"(max-width: 750px) 100vw, 750px\" class=\"no-lazyload\" width=\"750\" height=\"200\"  style=\"display: inline-block; max-width: 100%; height: auto;\" \/><\/a><\/div><\/div>","protected":false},"excerpt":{"rendered":"<p>Kilka miesi\u0119cy temu na alei Przyja\u017ani \u015bmieciarka \u015bmiertelnie potr\u0105ci\u0142a przechodnia. Do tragedii dosz\u0142o na ci\u0105gu pieszo-rowerowym. Teraz od strony ulicy Zwyci\u0119stwa pojazdy ju\u017c nie wjad\u0105, niedawno zamontowano tam s\u0142upki. &nbsp; S\u0142upki pojawi\u0142y si\u0119 na wniosek Gliwickiej Rady Rowerowej. &#8211; W listopadzie zesz\u0142ego roku dosz\u0142o do \u015bmiertelnego potr\u0105cenia przez \u015bmieciark\u0119 na al. Przyja\u017ani. Nie mogli\u015bmy przej\u015b\u0107 [&hellip;]<\/p>\n","protected":false},"author":15,"featured_media":190278,"comment_status":"open","ping_status":"closed","sticky":false,"template":"","format":"standard","meta":{"_monsterinsights_skip_tracking":false,"_monsterinsights_sitenote_active":false,"_monsterinsights_sitenote_note":"","_monsterinsights_sitenote_category":0,"footnotes":"","_links_to":"","_links_to_target":""},"categories":[3,1],"tags":[8893],"class_list":["post-190232","post","type-post","status-publish","format-standard","has-post-thumbnail","hentry","category-gliwice","category-wszystko","tag-smiertelny-wypadek"],"yoast_head":"<!-- This site is optimized with the Yoast SEO plugin v27.5 - https:\/\/yoast.com\/product\/yoast-seo-wordpress\/ -->\n<title>Po wypadku na ci\u0105gu pieszo-rowerowym pojawi\u0142y si\u0119 s\u0142upki. &quot;Jeste\u015bmy zdeterminowani&quot; - 24GLIWICE - Portal Gliwice | codziennie nowe informacje<\/title>\n<meta name=\"description\" content=\"Na alei Przyja\u017ani zamontowane zosta\u0142y s\u0142upki. Maj\u0105 zapobiega\u0107 wje\u017cd\u017caniu samochod\u00f3w na ci\u0105g pieszo-rowerowy\" \/>\n<meta name=\"robots\" content=\"index, follow, max-snippet:-1, max-image-preview:large, max-video-preview:-1\" \/>\n<link rel=\"canonical\" href=\"https:\/\/www.24gliwice.pl\/wiadomosci\/na-alei-przyjazni-ustawiono-slupki\/\" \/>\n<meta property=\"og:locale\" content=\"pl_PL\" \/>\n<meta property=\"og:type\" content=\"article\" \/>\n<meta property=\"og:title\" content=\"Po wypadku na ci\u0105gu pieszo-rowerowym pojawi\u0142y si\u0119 s\u0142upki. &quot;Jeste\u015bmy zdeterminowani&quot; - 24GLIWICE - Portal Gliwice | codziennie nowe informacje\" \/>\n<meta property=\"og:description\" content=\"Na alei Przyja\u017ani zamontowane zosta\u0142y s\u0142upki. Maj\u0105 zapobiega\u0107 wje\u017cd\u017caniu samochod\u00f3w na ci\u0105g pieszo-rowerowy\" \/>\n<meta property=\"og:url\" content=\"https:\/\/www.24gliwice.pl\/wiadomosci\/na-alei-przyjazni-ustawiono-slupki\/\" \/>\n<meta property=\"og:site_name\" content=\"24GLIWICE - Portal Gliwice | codziennie nowe informacje\" \/>\n<meta property=\"article:publisher\" content=\"https:\/\/www.facebook.com\/24gliwice\" \/>\n<meta property=\"article:published_time\" content=\"2022-04-11T01:13:00+00:00\" \/>\n<meta property=\"og:image\" content=\"https:\/\/www.24gliwice.pl\/wiadomosci\/wp-content\/uploads\/2022\/04\/aleja-przyjazni-slupki.jpg\" \/>\n\t<meta property=\"og:image:width\" content=\"810\" \/>\n\t<meta property=\"og:image:height\" content=\"457\" \/>\n\t<meta property=\"og:image:type\" content=\"image\/jpeg\" \/>\n<meta name=\"author\" content=\"\u017baneta Mrozek-Siewierska\" \/>\n<meta name=\"twitter:card\" content=\"summary_large_image\" \/>\n<meta name=\"twitter:creator\" content=\"@24gliwice\" \/>\n<meta name=\"twitter:site\" content=\"@24gliwice\" \/>\n<meta name=\"twitter:label1\" content=\"Napisane przez\" \/>\n\t<meta name=\"twitter:data1\" content=\"\u017baneta Mrozek-Siewierska\" \/>\n\t<meta name=\"twitter:label2\" content=\"Szacowany czas czytania\" \/>\n\t<meta name=\"twitter:data2\" content=\"1 minuta\" \/>\n<script type=\"application\/ld+json\" class=\"yoast-schema-graph\">{\"@context\":\"https:\\\/\\\/schema.org\",\"@graph\":[{\"@type\":\"Article\",\"@id\":\"https:\\\/\\\/www.24gliwice.pl\\\/wiadomosci\\\/na-alei-przyjazni-ustawiono-slupki\\\/#article\",\"isPartOf\":{\"@id\":\"https:\\\/\\\/www.24gliwice.pl\\\/wiadomosci\\\/na-alei-przyjazni-ustawiono-slupki\\\/\"},\"author\":{\"name\":\"\u017baneta Mrozek-Siewierska\",\"@id\":\"https:\\\/\\\/www.24gliwice.pl\\\/wiadomosci\\\/#\\\/schema\\\/person\\\/e42c650edd7f2fa332be3811fb166b6e\"},\"headline\":\"Po wypadku na ci\u0105gu pieszo-rowerowym pojawi\u0142y si\u0119 s\u0142upki. &#8220;Jeste\u015bmy zdeterminowani&#8221;\",\"datePublished\":\"2022-04-11T01:13:00+00:00\",\"mainEntityOfPage\":{\"@id\":\"https:\\\/\\\/www.24gliwice.pl\\\/wiadomosci\\\/na-alei-przyjazni-ustawiono-slupki\\\/\"},\"wordCount\":277,\"commentCount\":0,\"publisher\":{\"@id\":\"https:\\\/\\\/www.24gliwice.pl\\\/wiadomosci\\\/#organization\"},\"image\":{\"@id\":\"https:\\\/\\\/www.24gliwice.pl\\\/wiadomosci\\\/na-alei-przyjazni-ustawiono-slupki\\\/#primaryimage\"},\"thumbnailUrl\":\"https:\\\/\\\/www.24gliwice.pl\\\/wiadomosci\\\/wp-content\\\/uploads\\\/2022\\\/04\\\/aleja-przyjazni-slupki.jpg\",\"keywords\":[\"\u015aMIERTELNY WYPADEK\"],\"articleSection\":[\"Gliwice\",\"Najnowsze wiadomo\u015bci\"],\"inLanguage\":\"pl-PL\",\"potentialAction\":[{\"@type\":\"CommentAction\",\"name\":\"Comment\",\"target\":[\"https:\\\/\\\/www.24gliwice.pl\\\/wiadomosci\\\/na-alei-przyjazni-ustawiono-slupki\\\/#respond\"]}]},{\"@type\":\"WebPage\",\"@id\":\"https:\\\/\\\/www.24gliwice.pl\\\/wiadomosci\\\/na-alei-przyjazni-ustawiono-slupki\\\/\",\"url\":\"https:\\\/\\\/www.24gliwice.pl\\\/wiadomosci\\\/na-alei-przyjazni-ustawiono-slupki\\\/\",\"name\":\"Po wypadku na ci\u0105gu pieszo-rowerowym pojawi\u0142y si\u0119 s\u0142upki. \\\"Jeste\u015bmy zdeterminowani\\\" - 24GLIWICE - Portal Gliwice | codziennie nowe informacje\",\"isPartOf\":{\"@id\":\"https:\\\/\\\/www.24gliwice.pl\\\/wiadomosci\\\/#website\"},\"primaryImageOfPage\":{\"@id\":\"https:\\\/\\\/www.24gliwice.pl\\\/wiadomosci\\\/na-alei-przyjazni-ustawiono-slupki\\\/#primaryimage\"},\"image\":{\"@id\":\"https:\\\/\\\/www.24gliwice.pl\\\/wiadomosci\\\/na-alei-przyjazni-ustawiono-slupki\\\/#primaryimage\"},\"thumbnailUrl\":\"https:\\\/\\\/www.24gliwice.pl\\\/wiadomosci\\\/wp-content\\\/uploads\\\/2022\\\/04\\\/aleja-przyjazni-slupki.jpg\",\"datePublished\":\"2022-04-11T01:13:00+00:00\",\"description\":\"Na alei Przyja\u017ani zamontowane zosta\u0142y s\u0142upki. Maj\u0105 zapobiega\u0107 wje\u017cd\u017caniu samochod\u00f3w na ci\u0105g pieszo-rowerowy\",\"breadcrumb\":{\"@id\":\"https:\\\/\\\/www.24gliwice.pl\\\/wiadomosci\\\/na-alei-przyjazni-ustawiono-slupki\\\/#breadcrumb\"},\"inLanguage\":\"pl-PL\",\"potentialAction\":[{\"@type\":\"ReadAction\",\"target\":[\"https:\\\/\\\/www.24gliwice.pl\\\/wiadomosci\\\/na-alei-przyjazni-ustawiono-slupki\\\/\"]}]},{\"@type\":\"ImageObject\",\"inLanguage\":\"pl-PL\",\"@id\":\"https:\\\/\\\/www.24gliwice.pl\\\/wiadomosci\\\/na-alei-przyjazni-ustawiono-slupki\\\/#primaryimage\",\"url\":\"https:\\\/\\\/www.24gliwice.pl\\\/wiadomosci\\\/wp-content\\\/uploads\\\/2022\\\/04\\\/aleja-przyjazni-slupki.jpg\",\"contentUrl\":\"https:\\\/\\\/www.24gliwice.pl\\\/wiadomosci\\\/wp-content\\\/uploads\\\/2022\\\/04\\\/aleja-przyjazni-slupki.jpg\",\"width\":810,\"height\":457},{\"@type\":\"BreadcrumbList\",\"@id\":\"https:\\\/\\\/www.24gliwice.pl\\\/wiadomosci\\\/na-alei-przyjazni-ustawiono-slupki\\\/#breadcrumb\",\"itemListElement\":[{\"@type\":\"ListItem\",\"position\":1,\"name\":\"Strona g\u0142\u00f3wna\",\"item\":\"https:\\\/\\\/www.24gliwice.pl\\\/wiadomosci\\\/\"},{\"@type\":\"ListItem\",\"position\":2,\"name\":\"Po wypadku na ci\u0105gu pieszo-rowerowym pojawi\u0142y si\u0119 s\u0142upki. &#8222;Jeste\u015bmy zdeterminowani&#8221;\"}]},{\"@type\":\"WebSite\",\"@id\":\"https:\\\/\\\/www.24gliwice.pl\\\/wiadomosci\\\/#website\",\"url\":\"https:\\\/\\\/www.24gliwice.pl\\\/wiadomosci\\\/\",\"name\":\"24GLIWICE - Portal Gliwice | codziennie nowe wiadomo\u015bci\",\"description\":\"Portal Miejski Gliwice\",\"publisher\":{\"@id\":\"https:\\\/\\\/www.24gliwice.pl\\\/wiadomosci\\\/#organization\"},\"potentialAction\":[{\"@type\":\"SearchAction\",\"target\":{\"@type\":\"EntryPoint\",\"urlTemplate\":\"https:\\\/\\\/www.24gliwice.pl\\\/wiadomosci\\\/?s={search_term_string}\"},\"query-input\":{\"@type\":\"PropertyValueSpecification\",\"valueRequired\":true,\"valueName\":\"search_term_string\"}}],\"inLanguage\":\"pl-PL\"},{\"@type\":\"Organization\",\"@id\":\"https:\\\/\\\/www.24gliwice.pl\\\/wiadomosci\\\/#organization\",\"name\":\"24gliwice\",\"url\":\"https:\\\/\\\/www.24gliwice.pl\\\/wiadomosci\\\/\",\"logo\":{\"@type\":\"ImageObject\",\"inLanguage\":\"pl-PL\",\"@id\":\"https:\\\/\\\/www.24gliwice.pl\\\/wiadomosci\\\/#\\\/schema\\\/logo\\\/image\\\/\",\"url\":\"https:\\\/\\\/www.24gliwice.pl\\\/wiadomosci\\\/wp-content\\\/uploads\\\/2024\\\/10\\\/24gliwice-logo-696.jpg\",\"contentUrl\":\"https:\\\/\\\/www.24gliwice.pl\\\/wiadomosci\\\/wp-content\\\/uploads\\\/2024\\\/10\\\/24gliwice-logo-696.jpg\",\"width\":696,\"height\":696,\"caption\":\"24gliwice\"},\"image\":{\"@id\":\"https:\\\/\\\/www.24gliwice.pl\\\/wiadomosci\\\/#\\\/schema\\\/logo\\\/image\\\/\"},\"sameAs\":[\"https:\\\/\\\/www.facebook.com\\\/24gliwice\",\"https:\\\/\\\/x.com\\\/24gliwice\",\"https:\\\/\\\/www.youtube.com\\\/@24gliwice\"]},{\"@type\":\"Person\",\"@id\":\"https:\\\/\\\/www.24gliwice.pl\\\/wiadomosci\\\/#\\\/schema\\\/person\\\/e42c650edd7f2fa332be3811fb166b6e\",\"name\":\"\u017baneta Mrozek-Siewierska\",\"image\":{\"@type\":\"ImageObject\",\"inLanguage\":\"pl-PL\",\"@id\":\"https:\\\/\\\/secure.gravatar.com\\\/avatar\\\/1881429e9c64597c77ad7aef2d0a19be69a3253e57534d16aa15bf3a4d34a0a3?s=96&d=mm&r=g\",\"url\":\"https:\\\/\\\/secure.gravatar.com\\\/avatar\\\/1881429e9c64597c77ad7aef2d0a19be69a3253e57534d16aa15bf3a4d34a0a3?s=96&d=mm&r=g\",\"contentUrl\":\"https:\\\/\\\/secure.gravatar.com\\\/avatar\\\/1881429e9c64597c77ad7aef2d0a19be69a3253e57534d16aa15bf3a4d34a0a3?s=96&d=mm&r=g\",\"caption\":\"\u017baneta Mrozek-Siewierska\"},\"url\":\"https:\\\/\\\/www.24gliwice.pl\\\/wiadomosci\\\/author\\\/zms\\\/\"}]}<\/script>\n<!-- \/ Yoast SEO plugin. -->","yoast_head_json":{"title":"Po wypadku na ci\u0105gu pieszo-rowerowym pojawi\u0142y si\u0119 s\u0142upki. \"Jeste\u015bmy zdeterminowani\" - 24GLIWICE - Portal Gliwice | codziennie nowe informacje","description":"Na alei Przyja\u017ani zamontowane zosta\u0142y s\u0142upki. Maj\u0105 zapobiega\u0107 wje\u017cd\u017caniu samochod\u00f3w na ci\u0105g pieszo-rowerowy","robots":{"index":"index","follow":"follow","max-snippet":"max-snippet:-1","max-image-preview":"max-image-preview:large","max-video-preview":"max-video-preview:-1"},"canonical":"https:\/\/www.24gliwice.pl\/wiadomosci\/na-alei-przyjazni-ustawiono-slupki\/","og_locale":"pl_PL","og_type":"article","og_title":"Po wypadku na ci\u0105gu pieszo-rowerowym pojawi\u0142y si\u0119 s\u0142upki. \"Jeste\u015bmy zdeterminowani\" - 24GLIWICE - Portal Gliwice | codziennie nowe informacje","og_description":"Na alei Przyja\u017ani zamontowane zosta\u0142y s\u0142upki. Maj\u0105 zapobiega\u0107 wje\u017cd\u017caniu samochod\u00f3w na ci\u0105g pieszo-rowerowy","og_url":"https:\/\/www.24gliwice.pl\/wiadomosci\/na-alei-przyjazni-ustawiono-slupki\/","og_site_name":"24GLIWICE - Portal Gliwice | codziennie nowe informacje","article_publisher":"https:\/\/www.facebook.com\/24gliwice","article_published_time":"2022-04-11T01:13:00+00:00","og_image":[{"width":810,"height":457,"url":"https:\/\/www.24gliwice.pl\/wiadomosci\/wp-content\/uploads\/2022\/04\/aleja-przyjazni-slupki.jpg","type":"image\/jpeg"}],"author":"\u017baneta Mrozek-Siewierska","twitter_card":"summary_large_image","twitter_creator":"@24gliwice","twitter_site":"@24gliwice","twitter_misc":{"Napisane przez":"\u017baneta Mrozek-Siewierska","Szacowany czas czytania":"1 minuta"},"schema":{"@context":"https:\/\/schema.org","@graph":[{"@type":"Article","@id":"https:\/\/www.24gliwice.pl\/wiadomosci\/na-alei-przyjazni-ustawiono-slupki\/#article","isPartOf":{"@id":"https:\/\/www.24gliwice.pl\/wiadomosci\/na-alei-przyjazni-ustawiono-slupki\/"},"author":{"name":"\u017baneta Mrozek-Siewierska","@id":"https:\/\/www.24gliwice.pl\/wiadomosci\/#\/schema\/person\/e42c650edd7f2fa332be3811fb166b6e"},"headline":"Po wypadku na ci\u0105gu pieszo-rowerowym pojawi\u0142y si\u0119 s\u0142upki. &#8220;Jeste\u015bmy zdeterminowani&#8221;","datePublished":"2022-04-11T01:13:00+00:00","mainEntityOfPage":{"@id":"https:\/\/www.24gliwice.pl\/wiadomosci\/na-alei-przyjazni-ustawiono-slupki\/"},"wordCount":277,"commentCount":0,"publisher":{"@id":"https:\/\/www.24gliwice.pl\/wiadomosci\/#organization"},"image":{"@id":"https:\/\/www.24gliwice.pl\/wiadomosci\/na-alei-przyjazni-ustawiono-slupki\/#primaryimage"},"thumbnailUrl":"https:\/\/www.24gliwice.pl\/wiadomosci\/wp-content\/uploads\/2022\/04\/aleja-przyjazni-slupki.jpg","keywords":["\u015aMIERTELNY WYPADEK"],"articleSection":["Gliwice","Najnowsze wiadomo\u015bci"],"inLanguage":"pl-PL","potentialAction":[{"@type":"CommentAction","name":"Comment","target":["https:\/\/www.24gliwice.pl\/wiadomosci\/na-alei-przyjazni-ustawiono-slupki\/#respond"]}]},{"@type":"WebPage","@id":"https:\/\/www.24gliwice.pl\/wiadomosci\/na-alei-przyjazni-ustawiono-slupki\/","url":"https:\/\/www.24gliwice.pl\/wiadomosci\/na-alei-przyjazni-ustawiono-slupki\/","name":"Po wypadku na ci\u0105gu pieszo-rowerowym pojawi\u0142y si\u0119 s\u0142upki. \"Jeste\u015bmy zdeterminowani\" - 24GLIWICE - Portal Gliwice | codziennie nowe informacje","isPartOf":{"@id":"https:\/\/www.24gliwice.pl\/wiadomosci\/#website"},"primaryImageOfPage":{"@id":"https:\/\/www.24gliwice.pl\/wiadomosci\/na-alei-przyjazni-ustawiono-slupki\/#primaryimage"},"image":{"@id":"https:\/\/www.24gliwice.pl\/wiadomosci\/na-alei-przyjazni-ustawiono-slupki\/#primaryimage"},"thumbnailUrl":"https:\/\/www.24gliwice.pl\/wiadomosci\/wp-content\/uploads\/2022\/04\/aleja-przyjazni-slupki.jpg","datePublished":"2022-04-11T01:13:00+00:00","description":"Na alei Przyja\u017ani zamontowane zosta\u0142y s\u0142upki. Maj\u0105 zapobiega\u0107 wje\u017cd\u017caniu samochod\u00f3w na ci\u0105g pieszo-rowerowy","breadcrumb":{"@id":"https:\/\/www.24gliwice.pl\/wiadomosci\/na-alei-przyjazni-ustawiono-slupki\/#breadcrumb"},"inLanguage":"pl-PL","potentialAction":[{"@type":"ReadAction","target":["https:\/\/www.24gliwice.pl\/wiadomosci\/na-alei-przyjazni-ustawiono-slupki\/"]}]},{"@type":"ImageObject","inLanguage":"pl-PL","@id":"https:\/\/www.24gliwice.pl\/wiadomosci\/na-alei-przyjazni-ustawiono-slupki\/#primaryimage","url":"https:\/\/www.24gliwice.pl\/wiadomosci\/wp-content\/uploads\/2022\/04\/aleja-przyjazni-slupki.jpg","contentUrl":"https:\/\/www.24gliwice.pl\/wiadomosci\/wp-content\/uploads\/2022\/04\/aleja-przyjazni-slupki.jpg","width":810,"height":457},{"@type":"BreadcrumbList","@id":"https:\/\/www.24gliwice.pl\/wiadomosci\/na-alei-przyjazni-ustawiono-slupki\/#breadcrumb","itemListElement":[{"@type":"ListItem","position":1,"name":"Strona g\u0142\u00f3wna","item":"https:\/\/www.24gliwice.pl\/wiadomosci\/"},{"@type":"ListItem","position":2,"name":"Po wypadku na ci\u0105gu pieszo-rowerowym pojawi\u0142y si\u0119 s\u0142upki. &#8222;Jeste\u015bmy zdeterminowani&#8221;"}]},{"@type":"WebSite","@id":"https:\/\/www.24gliwice.pl\/wiadomosci\/#website","url":"https:\/\/www.24gliwice.pl\/wiadomosci\/","name":"24GLIWICE - Portal Gliwice | codziennie nowe wiadomo\u015bci","description":"Portal Miejski Gliwice","publisher":{"@id":"https:\/\/www.24gliwice.pl\/wiadomosci\/#organization"},"potentialAction":[{"@type":"SearchAction","target":{"@type":"EntryPoint","urlTemplate":"https:\/\/www.24gliwice.pl\/wiadomosci\/?s={search_term_string}"},"query-input":{"@type":"PropertyValueSpecification","valueRequired":true,"valueName":"search_term_string"}}],"inLanguage":"pl-PL"},{"@type":"Organization","@id":"https:\/\/www.24gliwice.pl\/wiadomosci\/#organization","name":"24gliwice","url":"https:\/\/www.24gliwice.pl\/wiadomosci\/","logo":{"@type":"ImageObject","inLanguage":"pl-PL","@id":"https:\/\/www.24gliwice.pl\/wiadomosci\/#\/schema\/logo\/image\/","url":"https:\/\/www.24gliwice.pl\/wiadomosci\/wp-content\/uploads\/2024\/10\/24gliwice-logo-696.jpg","contentUrl":"https:\/\/www.24gliwice.pl\/wiadomosci\/wp-content\/uploads\/2024\/10\/24gliwice-logo-696.jpg","width":696,"height":696,"caption":"24gliwice"},"image":{"@id":"https:\/\/www.24gliwice.pl\/wiadomosci\/#\/schema\/logo\/image\/"},"sameAs":["https:\/\/www.facebook.com\/24gliwice","https:\/\/x.com\/24gliwice","https:\/\/www.youtube.com\/@24gliwice"]},{"@type":"Person","@id":"https:\/\/www.24gliwice.pl\/wiadomosci\/#\/schema\/person\/e42c650edd7f2fa332be3811fb166b6e","name":"\u017baneta Mrozek-Siewierska","image":{"@type":"ImageObject","inLanguage":"pl-PL","@id":"https:\/\/secure.gravatar.com\/avatar\/1881429e9c64597c77ad7aef2d0a19be69a3253e57534d16aa15bf3a4d34a0a3?s=96&d=mm&r=g","url":"https:\/\/secure.gravatar.com\/avatar\/1881429e9c64597c77ad7aef2d0a19be69a3253e57534d16aa15bf3a4d34a0a3?s=96&d=mm&r=g","contentUrl":"https:\/\/secure.gravatar.com\/avatar\/1881429e9c64597c77ad7aef2d0a19be69a3253e57534d16aa15bf3a4d34a0a3?s=96&d=mm&r=g","caption":"\u017baneta Mrozek-Siewierska"},"url":"https:\/\/www.24gliwice.pl\/wiadomosci\/author\/zms\/"}]}},"_links":{"self":[{"href":"https:\/\/www.24gliwice.pl\/wiadomosci\/wp-json\/wp\/v2\/posts\/190232","targetHints":{"allow":["GET"]}}],"collection":[{"href":"https:\/\/www.24gliwice.pl\/wiadomosci\/wp-json\/wp\/v2\/posts"}],"about":[{"href":"https:\/\/www.24gliwice.pl\/wiadomosci\/wp-json\/wp\/v2\/types\/post"}],"author":[{"embeddable":true,"href":"https:\/\/www.24gliwice.pl\/wiadomosci\/wp-json\/wp\/v2\/users\/15"}],"replies":[{"embeddable":true,"href":"https:\/\/www.24gliwice.pl\/wiadomosci\/wp-json\/wp\/v2\/comments?post=190232"}],"version-history":[{"count":0,"href":"https:\/\/www.24gliwice.pl\/wiadomosci\/wp-json\/wp\/v2\/posts\/190232\/revisions"}],"wp:featuredmedia":[{"embeddable":true,"href":"https:\/\/www.24gliwice.pl\/wiadomosci\/wp-json\/wp\/v2\/media\/190278"}],"wp:attachment":[{"href":"https:\/\/www.24gliwice.pl\/wiadomosci\/wp-json\/wp\/v2\/media?parent=190232"}],"wp:term":[{"taxonomy":"category","embeddable":true,"href":"https:\/\/www.24gliwice.pl\/wiadomosci\/wp-json\/wp\/v2\/categories?post=190232"},{"taxonomy":"post_tag","embeddable":true,"href":"https:\/\/www.24gliwice.pl\/wiadomosci\/wp-json\/wp\/v2\/tags?post=190232"}],"curies":[{"name":"wp","href":"https:\/\/api.w.org\/{rel}","templated":true}]}}