{"id":190251,"date":"2022-04-10T08:41:20","date_gmt":"2022-04-10T06:41:20","guid":{"rendered":"https:\/\/www.24gliwice.pl\/wiadomosci\/?p=190251"},"modified":"2022-04-11T10:09:52","modified_gmt":"2022-04-11T08:09:52","slug":"zwezenie-jezdni-na-ulicy-kosciuszki-w-godzinach-szczytu-moga-tu-wystepowac-utrudnienia-w-ruchu","status":"publish","type":"post","link":"https:\/\/www.24gliwice.pl\/wiadomosci\/zwezenie-jezdni-na-ulicy-kosciuszki-w-godzinach-szczytu-moga-tu-wystepowac-utrudnienia-w-ruchu\/","title":{"rendered":"Zw\u0119\u017cenie jezdni na ulicy Ko\u015bciuszki. W godzinach szczytu mog\u0105 tu wyst\u0119powa\u0107 utrudnienia w ruchu"},"content":{"rendered":"<div class=\"gliwi-a6-nad-leadem-artykulow gliwi-entity-placement\" id=\"gliwi-892551124\"><div class=\"gliwi-adlabel\"><span style=\"font-size: 9px\">REKLAMA<\/span><\/div><div id=\"gliwi-2935291408\" style=\"margin-bottom: 30px;margin-left: auto;margin-right: auto;text-align: center;\"><a data-no-instant=\"1\" href=\"https:\/\/przedszkole.halogen.org.pl\/\" rel=\"noopener\" class=\"a2t-link\" target=\"_blank\" aria-label=\"20260402-ANIMATOR-przedszkole_grafika_750x200\"><img loading=\"lazy\" decoding=\"async\" src=\"https:\/\/www.24gliwice.pl\/wiadomosci\/wp-content\/uploads\/2026\/04\/20260402-ANIMATOR-przedszkole_grafika_750x200.webp\" alt=\"\"  srcset=\"https:\/\/www.24gliwice.pl\/wiadomosci\/wp-content\/uploads\/2026\/04\/20260402-ANIMATOR-przedszkole_grafika_750x200.webp 750w, https:\/\/www.24gliwice.pl\/wiadomosci\/wp-content\/uploads\/2026\/04\/20260402-ANIMATOR-przedszkole_grafika_750x200-410x109.webp 410w\" sizes=\"(max-width: 750px) 100vw, 750px\" class=\"no-lazyload\" width=\"750\" height=\"200\"  style=\"display: inline-block; max-width: 100%; height: auto;\" \/><\/a><\/div><\/div><h2>Przy ul. Ko\u015bciuszki, na wysoko\u015bci Szpitala Miejskiego nr 4 budowana b\u0119dzie kanalizacja sanitarna. Mo\u017ce to powodowa\u0107 utrudnienia dla kierowc\u00f3w. W godzinach szczytu warto pojecha\u0107 inn\u0105 drog\u0105.<\/h2>\n<p>&nbsp;<br \/>\nOsoby przeje\u017cd\u017caj\u0105ce w tym miejscu musz\u0105 liczy\u0107 si\u0119 z cz\u0119\u015bciowym zaw\u0119\u017ceniem jezdni. Prace rozpoczn\u0105 si\u0119 ju\u017c od najbli\u017cszego poniedzia\u0142ku, 11 kwietnia, na wysoko\u015bci kamienic, kt\u00f3rych los nie tak dawno temu by\u0142 niepewny (jednej grozi\u0142a rozbi\u00f3rka).<\/p>\n<blockquote><p><em>Na wysoko\u015bci Szpitala Miejskiego nr 4 zaj\u0119ty zostanie odcinek jezdni. Wykonawca, kt\u00f3ry w tym miejscu budowa\u0142 b\u0119dzie kanalizacj\u0119 sanitarn\u0105, deklaruje utrzymanie ruchu w obu kierunkach<\/em> <\/p><\/blockquote>\n<p>&#8211; informuje <strong>Jadwiga Jagie\u0142\u0142o-Stiborska<\/strong>, rzeczniczka Zarz\u0105du Dr\u00f3g Miejskich w Gliwicach. <\/p><div class=\"gliwi-a3-w-tresci-artykulow gliwi-entity-placement\" id=\"gliwi-779049132\"><div class=\"gliwi-adlabel\"><span style=\"font-size: 9px\">REKLAMA<\/span><\/div><div id=\"gliwi-3315897233\" style=\"margin-bottom: 30px;margin-left: auto;margin-right: auto;text-align: center;\"><a data-no-instant=\"1\" href=\"https:\/\/ogrodyandersa.pl\/\" rel=\"noopener\" class=\"a2t-link\" target=\"_blank\" aria-label=\"20260415 Ogrody Andersa KUP TERAZ D\"><img loading=\"lazy\" decoding=\"async\" src=\"https:\/\/www.24gliwice.pl\/wiadomosci\/wp-content\/uploads\/2026\/04\/20260415-Ogrody-Andersa-KUP-TERAZ-D.jpg\" alt=\"\"  srcset=\"https:\/\/www.24gliwice.pl\/wiadomosci\/wp-content\/uploads\/2026\/04\/20260415-Ogrody-Andersa-KUP-TERAZ-D.jpg 750w, https:\/\/www.24gliwice.pl\/wiadomosci\/wp-content\/uploads\/2026\/04\/20260415-Ogrody-Andersa-KUP-TERAZ-D-410x109.jpg 410w\" sizes=\"(max-width: 750px) 100vw, 750px\" class=\"no-lazyload\" width=\"750\" height=\"200\"  style=\"display: inline-block; max-width: 100%; height: auto;\" \/><\/a><\/div><\/div>\n<p><a href=\"https:\/\/www.24gliwice.pl\/wiadomosci\/wp-content\/uploads\/2022\/04\/kamienice-kosciuszki-marzec-2022.jpg\"><img loading=\"lazy\" decoding=\"async\" src=\"https:\/\/www.24gliwice.pl\/wiadomosci\/wp-content\/uploads\/2022\/04\/kamienice-kosciuszki-marzec-2022.jpg\" alt=\"\" width=\"810\" height=\"458\" class=\"alignnone size-full wp-image-190270\" srcset=\"https:\/\/www.24gliwice.pl\/wiadomosci\/wp-content\/uploads\/2022\/04\/kamienice-kosciuszki-marzec-2022.jpg 810w, https:\/\/www.24gliwice.pl\/wiadomosci\/wp-content\/uploads\/2022\/04\/kamienice-kosciuszki-marzec-2022-410x232.jpg 410w, https:\/\/www.24gliwice.pl\/wiadomosci\/wp-content\/uploads\/2022\/04\/kamienice-kosciuszki-marzec-2022-805x455.jpg 805w, https:\/\/www.24gliwice.pl\/wiadomosci\/wp-content\/uploads\/2022\/04\/kamienice-kosciuszki-marzec-2022-768x434.jpg 768w\" sizes=\"auto, (max-width: 810px) 100vw, 810px\" \/><\/a><\/p>\n<p>&#8211; <em>Prowadzone prace nie powinny powodowa\u0107 wi\u0119kszych utrudnie\u0144, ale w godzinach zwi\u0119kszonego nat\u0119\u017cenia ruchu mog\u0105 nieco utrudnia\u0107 p\u0142ynny przejazd. Budowa kanalizacji realizowana jest na zlecenie prywatnego inwestora<\/em> &#8211; dodaje rzeczniczka. <\/p>\n<p>(\u017cms)\/ZDM Gliwice<br \/>\nfot. ZDM Gliwice, 24gliwice.pl\/\u017bMS<\/p>\n<div class=\"gliwi-a5-na-koncu-artykulow gliwi-entity-placement\" id=\"gliwi-15051466\"><div class=\"gliwi-adlabel\"><span style=\"font-size: 9px\">REKLAMA<\/span><\/div><div id=\"gliwi-1469141268\" style=\"margin-left: auto;margin-right: auto;text-align: center;\"><a data-no-instant=\"1\" href=\"https:\/\/prezeroarenagliwice.pl\/\" rel=\"noopener\" class=\"a2t-link\" target=\"_blank\" aria-label=\"20260309-PREZERO-WIOSNA-D\"><img loading=\"lazy\" decoding=\"async\" src=\"https:\/\/www.24gliwice.pl\/wiadomosci\/wp-content\/uploads\/2026\/03\/20260309-PREZERO-WIOSNA-D.webp\" alt=\"\"  srcset=\"https:\/\/www.24gliwice.pl\/wiadomosci\/wp-content\/uploads\/2026\/03\/20260309-PREZERO-WIOSNA-D.webp 750w, https:\/\/www.24gliwice.pl\/wiadomosci\/wp-content\/uploads\/2026\/03\/20260309-PREZERO-WIOSNA-D-410x109.webp 410w\" sizes=\"(max-width: 750px) 100vw, 750px\" class=\"no-lazyload\" width=\"750\" height=\"200\"  style=\"display: inline-block; max-width: 100%; height: auto;\" \/><\/a><\/div><\/div>","protected":false},"excerpt":{"rendered":"<p>Przy ul. Ko\u015bciuszki, na wysoko\u015bci Szpitala Miejskiego nr 4 budowana b\u0119dzie kanalizacja sanitarna. Mo\u017ce to powodowa\u0107 utrudnienia dla kierowc\u00f3w. W godzinach szczytu warto pojecha\u0107 inn\u0105 drog\u0105. &nbsp; Osoby przeje\u017cd\u017caj\u0105ce w tym miejscu musz\u0105 liczy\u0107 si\u0119 z cz\u0119\u015bciowym zaw\u0119\u017ceniem jezdni. Prace rozpoczn\u0105 si\u0119 ju\u017c od najbli\u017cszego poniedzia\u0142ku, 11 kwietnia, na wysoko\u015bci kamienic, kt\u00f3rych los nie tak [&hellip;]<\/p>\n","protected":false},"author":15,"featured_media":190271,"comment_status":"open","ping_status":"closed","sticky":false,"template":"","format":"standard","meta":{"_monsterinsights_skip_tracking":false,"_monsterinsights_sitenote_active":false,"_monsterinsights_sitenote_note":"","_monsterinsights_sitenote_category":0,"footnotes":"","_links_to":"","_links_to_target":""},"categories":[3,1],"tags":[980,9020],"class_list":["post-190251","post","type-post","status-publish","format-standard","has-post-thumbnail","hentry","category-gliwice","category-wszystko","tag-kosciuszki","tag-zwezenie-jezdni"],"yoast_head":"<!-- This site is optimized with the Yoast SEO plugin v27.4 - https:\/\/yoast.com\/product\/yoast-seo-wordpress\/ -->\n<title>Zw\u0119\u017cenie jezdni na ulicy Ko\u015bciuszki. W godzinach szczytu mog\u0105 tu wyst\u0119powa\u0107 utrudnienia w ruchu - 24GLIWICE - Portal Gliwice | codziennie nowe informacje<\/title>\n<meta name=\"description\" content=\"Od poniedzia\u0142ku, 11 kwietnia, na ulicy Ko\u015bciuszki b\u0119dzie zw\u0119\u017cenie jezdni, kt\u00f3re w godzinach szczytu mo\u017ce powodowa\u0107 utrudnienia\" \/>\n<meta name=\"robots\" content=\"index, follow, max-snippet:-1, max-image-preview:large, max-video-preview:-1\" \/>\n<link rel=\"canonical\" href=\"https:\/\/www.24gliwice.pl\/wiadomosci\/zwezenie-jezdni-na-ulicy-kosciuszki-w-godzinach-szczytu-moga-tu-wystepowac-utrudnienia-w-ruchu\/\" \/>\n<meta property=\"og:locale\" content=\"pl_PL\" \/>\n<meta property=\"og:type\" content=\"article\" \/>\n<meta property=\"og:title\" content=\"Zw\u0119\u017cenie jezdni na ulicy Ko\u015bciuszki. W godzinach szczytu mog\u0105 tu wyst\u0119powa\u0107 utrudnienia w ruchu - 24GLIWICE - Portal Gliwice | codziennie nowe informacje\" \/>\n<meta property=\"og:description\" content=\"Od poniedzia\u0142ku, 11 kwietnia, na ulicy Ko\u015bciuszki b\u0119dzie zw\u0119\u017cenie jezdni, kt\u00f3re w godzinach szczytu mo\u017ce powodowa\u0107 utrudnienia\" \/>\n<meta property=\"og:url\" content=\"https:\/\/www.24gliwice.pl\/wiadomosci\/zwezenie-jezdni-na-ulicy-kosciuszki-w-godzinach-szczytu-moga-tu-wystepowac-utrudnienia-w-ruchu\/\" \/>\n<meta property=\"og:site_name\" content=\"24GLIWICE - Portal Gliwice | codziennie nowe informacje\" \/>\n<meta property=\"article:publisher\" content=\"https:\/\/www.facebook.com\/24gliwice\" \/>\n<meta property=\"article:published_time\" content=\"2022-04-10T06:41:20+00:00\" \/>\n<meta property=\"article:modified_time\" content=\"2022-04-11T08:09:52+00:00\" \/>\n<meta property=\"og:image\" content=\"https:\/\/www.24gliwice.pl\/wiadomosci\/wp-content\/uploads\/2022\/04\/KOsciuszki_1024x737.jpg\" \/>\n\t<meta property=\"og:image:width\" content=\"810\" \/>\n\t<meta property=\"og:image:height\" content=\"461\" \/>\n\t<meta property=\"og:image:type\" content=\"image\/jpeg\" \/>\n<meta name=\"author\" content=\"\u017baneta Mrozek-Siewierska\" \/>\n<meta name=\"twitter:card\" content=\"summary_large_image\" \/>\n<meta name=\"twitter:creator\" content=\"@24gliwice\" \/>\n<meta name=\"twitter:site\" content=\"@24gliwice\" \/>\n<meta name=\"twitter:label1\" content=\"Napisane przez\" \/>\n\t<meta name=\"twitter:data1\" content=\"\u017baneta Mrozek-Siewierska\" \/>\n\t<meta name=\"twitter:label2\" content=\"Szacowany czas czytania\" \/>\n\t<meta name=\"twitter:data2\" content=\"1 minuta\" \/>\n<script type=\"application\/ld+json\" class=\"yoast-schema-graph\">{\"@context\":\"https:\\\/\\\/schema.org\",\"@graph\":[{\"@type\":\"Article\",\"@id\":\"https:\\\/\\\/www.24gliwice.pl\\\/wiadomosci\\\/zwezenie-jezdni-na-ulicy-kosciuszki-w-godzinach-szczytu-moga-tu-wystepowac-utrudnienia-w-ruchu\\\/#article\",\"isPartOf\":{\"@id\":\"https:\\\/\\\/www.24gliwice.pl\\\/wiadomosci\\\/zwezenie-jezdni-na-ulicy-kosciuszki-w-godzinach-szczytu-moga-tu-wystepowac-utrudnienia-w-ruchu\\\/\"},\"author\":{\"name\":\"\u017baneta Mrozek-Siewierska\",\"@id\":\"https:\\\/\\\/www.24gliwice.pl\\\/wiadomosci\\\/#\\\/schema\\\/person\\\/e42c650edd7f2fa332be3811fb166b6e\"},\"headline\":\"Zw\u0119\u017cenie jezdni na ulicy Ko\u015bciuszki. W godzinach szczytu mog\u0105 tu wyst\u0119powa\u0107 utrudnienia w ruchu\",\"datePublished\":\"2022-04-10T06:41:20+00:00\",\"dateModified\":\"2022-04-11T08:09:52+00:00\",\"mainEntityOfPage\":{\"@id\":\"https:\\\/\\\/www.24gliwice.pl\\\/wiadomosci\\\/zwezenie-jezdni-na-ulicy-kosciuszki-w-godzinach-szczytu-moga-tu-wystepowac-utrudnienia-w-ruchu\\\/\"},\"wordCount\":177,\"commentCount\":0,\"publisher\":{\"@id\":\"https:\\\/\\\/www.24gliwice.pl\\\/wiadomosci\\\/#organization\"},\"image\":{\"@id\":\"https:\\\/\\\/www.24gliwice.pl\\\/wiadomosci\\\/zwezenie-jezdni-na-ulicy-kosciuszki-w-godzinach-szczytu-moga-tu-wystepowac-utrudnienia-w-ruchu\\\/#primaryimage\"},\"thumbnailUrl\":\"https:\\\/\\\/www.24gliwice.pl\\\/wiadomosci\\\/wp-content\\\/uploads\\\/2022\\\/04\\\/KOsciuszki_1024x737.jpg\",\"keywords\":[\"KO\u015aCIUSZKI\",\"zw\u0119\u017cenie jezdni\"],\"articleSection\":[\"Gliwice\",\"Najnowsze wiadomo\u015bci\"],\"inLanguage\":\"pl-PL\",\"potentialAction\":[{\"@type\":\"CommentAction\",\"name\":\"Comment\",\"target\":[\"https:\\\/\\\/www.24gliwice.pl\\\/wiadomosci\\\/zwezenie-jezdni-na-ulicy-kosciuszki-w-godzinach-szczytu-moga-tu-wystepowac-utrudnienia-w-ruchu\\\/#respond\"]}]},{\"@type\":\"WebPage\",\"@id\":\"https:\\\/\\\/www.24gliwice.pl\\\/wiadomosci\\\/zwezenie-jezdni-na-ulicy-kosciuszki-w-godzinach-szczytu-moga-tu-wystepowac-utrudnienia-w-ruchu\\\/\",\"url\":\"https:\\\/\\\/www.24gliwice.pl\\\/wiadomosci\\\/zwezenie-jezdni-na-ulicy-kosciuszki-w-godzinach-szczytu-moga-tu-wystepowac-utrudnienia-w-ruchu\\\/\",\"name\":\"Zw\u0119\u017cenie jezdni na ulicy Ko\u015bciuszki. W godzinach szczytu mog\u0105 tu wyst\u0119powa\u0107 utrudnienia w ruchu - 24GLIWICE - Portal Gliwice | codziennie nowe informacje\",\"isPartOf\":{\"@id\":\"https:\\\/\\\/www.24gliwice.pl\\\/wiadomosci\\\/#website\"},\"primaryImageOfPage\":{\"@id\":\"https:\\\/\\\/www.24gliwice.pl\\\/wiadomosci\\\/zwezenie-jezdni-na-ulicy-kosciuszki-w-godzinach-szczytu-moga-tu-wystepowac-utrudnienia-w-ruchu\\\/#primaryimage\"},\"image\":{\"@id\":\"https:\\\/\\\/www.24gliwice.pl\\\/wiadomosci\\\/zwezenie-jezdni-na-ulicy-kosciuszki-w-godzinach-szczytu-moga-tu-wystepowac-utrudnienia-w-ruchu\\\/#primaryimage\"},\"thumbnailUrl\":\"https:\\\/\\\/www.24gliwice.pl\\\/wiadomosci\\\/wp-content\\\/uploads\\\/2022\\\/04\\\/KOsciuszki_1024x737.jpg\",\"datePublished\":\"2022-04-10T06:41:20+00:00\",\"dateModified\":\"2022-04-11T08:09:52+00:00\",\"description\":\"Od poniedzia\u0142ku, 11 kwietnia, na ulicy Ko\u015bciuszki b\u0119dzie zw\u0119\u017cenie jezdni, kt\u00f3re w godzinach szczytu mo\u017ce powodowa\u0107 utrudnienia\",\"breadcrumb\":{\"@id\":\"https:\\\/\\\/www.24gliwice.pl\\\/wiadomosci\\\/zwezenie-jezdni-na-ulicy-kosciuszki-w-godzinach-szczytu-moga-tu-wystepowac-utrudnienia-w-ruchu\\\/#breadcrumb\"},\"inLanguage\":\"pl-PL\",\"potentialAction\":[{\"@type\":\"ReadAction\",\"target\":[\"https:\\\/\\\/www.24gliwice.pl\\\/wiadomosci\\\/zwezenie-jezdni-na-ulicy-kosciuszki-w-godzinach-szczytu-moga-tu-wystepowac-utrudnienia-w-ruchu\\\/\"]}]},{\"@type\":\"ImageObject\",\"inLanguage\":\"pl-PL\",\"@id\":\"https:\\\/\\\/www.24gliwice.pl\\\/wiadomosci\\\/zwezenie-jezdni-na-ulicy-kosciuszki-w-godzinach-szczytu-moga-tu-wystepowac-utrudnienia-w-ruchu\\\/#primaryimage\",\"url\":\"https:\\\/\\\/www.24gliwice.pl\\\/wiadomosci\\\/wp-content\\\/uploads\\\/2022\\\/04\\\/KOsciuszki_1024x737.jpg\",\"contentUrl\":\"https:\\\/\\\/www.24gliwice.pl\\\/wiadomosci\\\/wp-content\\\/uploads\\\/2022\\\/04\\\/KOsciuszki_1024x737.jpg\",\"width\":810,\"height\":461},{\"@type\":\"BreadcrumbList\",\"@id\":\"https:\\\/\\\/www.24gliwice.pl\\\/wiadomosci\\\/zwezenie-jezdni-na-ulicy-kosciuszki-w-godzinach-szczytu-moga-tu-wystepowac-utrudnienia-w-ruchu\\\/#breadcrumb\",\"itemListElement\":[{\"@type\":\"ListItem\",\"position\":1,\"name\":\"Strona g\u0142\u00f3wna\",\"item\":\"https:\\\/\\\/www.24gliwice.pl\\\/wiadomosci\\\/\"},{\"@type\":\"ListItem\",\"position\":2,\"name\":\"Zw\u0119\u017cenie jezdni na ulicy Ko\u015bciuszki. W godzinach szczytu mog\u0105 tu wyst\u0119powa\u0107 utrudnienia w ruchu\"}]},{\"@type\":\"WebSite\",\"@id\":\"https:\\\/\\\/www.24gliwice.pl\\\/wiadomosci\\\/#website\",\"url\":\"https:\\\/\\\/www.24gliwice.pl\\\/wiadomosci\\\/\",\"name\":\"24GLIWICE - Portal Gliwice | codziennie nowe wiadomo\u015bci\",\"description\":\"Portal Miejski Gliwice\",\"publisher\":{\"@id\":\"https:\\\/\\\/www.24gliwice.pl\\\/wiadomosci\\\/#organization\"},\"potentialAction\":[{\"@type\":\"SearchAction\",\"target\":{\"@type\":\"EntryPoint\",\"urlTemplate\":\"https:\\\/\\\/www.24gliwice.pl\\\/wiadomosci\\\/?s={search_term_string}\"},\"query-input\":{\"@type\":\"PropertyValueSpecification\",\"valueRequired\":true,\"valueName\":\"search_term_string\"}}],\"inLanguage\":\"pl-PL\"},{\"@type\":\"Organization\",\"@id\":\"https:\\\/\\\/www.24gliwice.pl\\\/wiadomosci\\\/#organization\",\"name\":\"24gliwice\",\"url\":\"https:\\\/\\\/www.24gliwice.pl\\\/wiadomosci\\\/\",\"logo\":{\"@type\":\"ImageObject\",\"inLanguage\":\"pl-PL\",\"@id\":\"https:\\\/\\\/www.24gliwice.pl\\\/wiadomosci\\\/#\\\/schema\\\/logo\\\/image\\\/\",\"url\":\"https:\\\/\\\/www.24gliwice.pl\\\/wiadomosci\\\/wp-content\\\/uploads\\\/2024\\\/10\\\/24gliwice-logo-696.jpg\",\"contentUrl\":\"https:\\\/\\\/www.24gliwice.pl\\\/wiadomosci\\\/wp-content\\\/uploads\\\/2024\\\/10\\\/24gliwice-logo-696.jpg\",\"width\":696,\"height\":696,\"caption\":\"24gliwice\"},\"image\":{\"@id\":\"https:\\\/\\\/www.24gliwice.pl\\\/wiadomosci\\\/#\\\/schema\\\/logo\\\/image\\\/\"},\"sameAs\":[\"https:\\\/\\\/www.facebook.com\\\/24gliwice\",\"https:\\\/\\\/x.com\\\/24gliwice\",\"https:\\\/\\\/www.youtube.com\\\/@24gliwice\"]},{\"@type\":\"Person\",\"@id\":\"https:\\\/\\\/www.24gliwice.pl\\\/wiadomosci\\\/#\\\/schema\\\/person\\\/e42c650edd7f2fa332be3811fb166b6e\",\"name\":\"\u017baneta Mrozek-Siewierska\",\"image\":{\"@type\":\"ImageObject\",\"inLanguage\":\"pl-PL\",\"@id\":\"https:\\\/\\\/www.24gliwice.pl\\\/wiadomosci\\\/wp-content\\\/uploads\\\/2021\\\/11\\\/Zaneta-M_S-zdjecie-czb-96x96.jpg\",\"url\":\"https:\\\/\\\/www.24gliwice.pl\\\/wiadomosci\\\/wp-content\\\/uploads\\\/2021\\\/11\\\/Zaneta-M_S-zdjecie-czb-96x96.jpg\",\"contentUrl\":\"https:\\\/\\\/www.24gliwice.pl\\\/wiadomosci\\\/wp-content\\\/uploads\\\/2021\\\/11\\\/Zaneta-M_S-zdjecie-czb-96x96.jpg\",\"caption\":\"\u017baneta Mrozek-Siewierska\"},\"url\":\"https:\\\/\\\/www.24gliwice.pl\\\/wiadomosci\\\/author\\\/zms\\\/\"}]}<\/script>\n<!-- \/ Yoast SEO plugin. -->","yoast_head_json":{"title":"Zw\u0119\u017cenie jezdni na ulicy Ko\u015bciuszki. W godzinach szczytu mog\u0105 tu wyst\u0119powa\u0107 utrudnienia w ruchu - 24GLIWICE - Portal Gliwice | codziennie nowe informacje","description":"Od poniedzia\u0142ku, 11 kwietnia, na ulicy Ko\u015bciuszki b\u0119dzie zw\u0119\u017cenie jezdni, kt\u00f3re w godzinach szczytu mo\u017ce powodowa\u0107 utrudnienia","robots":{"index":"index","follow":"follow","max-snippet":"max-snippet:-1","max-image-preview":"max-image-preview:large","max-video-preview":"max-video-preview:-1"},"canonical":"https:\/\/www.24gliwice.pl\/wiadomosci\/zwezenie-jezdni-na-ulicy-kosciuszki-w-godzinach-szczytu-moga-tu-wystepowac-utrudnienia-w-ruchu\/","og_locale":"pl_PL","og_type":"article","og_title":"Zw\u0119\u017cenie jezdni na ulicy Ko\u015bciuszki. W godzinach szczytu mog\u0105 tu wyst\u0119powa\u0107 utrudnienia w ruchu - 24GLIWICE - Portal Gliwice | codziennie nowe informacje","og_description":"Od poniedzia\u0142ku, 11 kwietnia, na ulicy Ko\u015bciuszki b\u0119dzie zw\u0119\u017cenie jezdni, kt\u00f3re w godzinach szczytu mo\u017ce powodowa\u0107 utrudnienia","og_url":"https:\/\/www.24gliwice.pl\/wiadomosci\/zwezenie-jezdni-na-ulicy-kosciuszki-w-godzinach-szczytu-moga-tu-wystepowac-utrudnienia-w-ruchu\/","og_site_name":"24GLIWICE - Portal Gliwice | codziennie nowe informacje","article_publisher":"https:\/\/www.facebook.com\/24gliwice","article_published_time":"2022-04-10T06:41:20+00:00","article_modified_time":"2022-04-11T08:09:52+00:00","og_image":[{"width":810,"height":461,"url":"https:\/\/www.24gliwice.pl\/wiadomosci\/wp-content\/uploads\/2022\/04\/KOsciuszki_1024x737.jpg","type":"image\/jpeg"}],"author":"\u017baneta Mrozek-Siewierska","twitter_card":"summary_large_image","twitter_creator":"@24gliwice","twitter_site":"@24gliwice","twitter_misc":{"Napisane przez":"\u017baneta Mrozek-Siewierska","Szacowany czas czytania":"1 minuta"},"schema":{"@context":"https:\/\/schema.org","@graph":[{"@type":"Article","@id":"https:\/\/www.24gliwice.pl\/wiadomosci\/zwezenie-jezdni-na-ulicy-kosciuszki-w-godzinach-szczytu-moga-tu-wystepowac-utrudnienia-w-ruchu\/#article","isPartOf":{"@id":"https:\/\/www.24gliwice.pl\/wiadomosci\/zwezenie-jezdni-na-ulicy-kosciuszki-w-godzinach-szczytu-moga-tu-wystepowac-utrudnienia-w-ruchu\/"},"author":{"name":"\u017baneta Mrozek-Siewierska","@id":"https:\/\/www.24gliwice.pl\/wiadomosci\/#\/schema\/person\/e42c650edd7f2fa332be3811fb166b6e"},"headline":"Zw\u0119\u017cenie jezdni na ulicy Ko\u015bciuszki. W godzinach szczytu mog\u0105 tu wyst\u0119powa\u0107 utrudnienia w ruchu","datePublished":"2022-04-10T06:41:20+00:00","dateModified":"2022-04-11T08:09:52+00:00","mainEntityOfPage":{"@id":"https:\/\/www.24gliwice.pl\/wiadomosci\/zwezenie-jezdni-na-ulicy-kosciuszki-w-godzinach-szczytu-moga-tu-wystepowac-utrudnienia-w-ruchu\/"},"wordCount":177,"commentCount":0,"publisher":{"@id":"https:\/\/www.24gliwice.pl\/wiadomosci\/#organization"},"image":{"@id":"https:\/\/www.24gliwice.pl\/wiadomosci\/zwezenie-jezdni-na-ulicy-kosciuszki-w-godzinach-szczytu-moga-tu-wystepowac-utrudnienia-w-ruchu\/#primaryimage"},"thumbnailUrl":"https:\/\/www.24gliwice.pl\/wiadomosci\/wp-content\/uploads\/2022\/04\/KOsciuszki_1024x737.jpg","keywords":["KO\u015aCIUSZKI","zw\u0119\u017cenie jezdni"],"articleSection":["Gliwice","Najnowsze wiadomo\u015bci"],"inLanguage":"pl-PL","potentialAction":[{"@type":"CommentAction","name":"Comment","target":["https:\/\/www.24gliwice.pl\/wiadomosci\/zwezenie-jezdni-na-ulicy-kosciuszki-w-godzinach-szczytu-moga-tu-wystepowac-utrudnienia-w-ruchu\/#respond"]}]},{"@type":"WebPage","@id":"https:\/\/www.24gliwice.pl\/wiadomosci\/zwezenie-jezdni-na-ulicy-kosciuszki-w-godzinach-szczytu-moga-tu-wystepowac-utrudnienia-w-ruchu\/","url":"https:\/\/www.24gliwice.pl\/wiadomosci\/zwezenie-jezdni-na-ulicy-kosciuszki-w-godzinach-szczytu-moga-tu-wystepowac-utrudnienia-w-ruchu\/","name":"Zw\u0119\u017cenie jezdni na ulicy Ko\u015bciuszki. W godzinach szczytu mog\u0105 tu wyst\u0119powa\u0107 utrudnienia w ruchu - 24GLIWICE - Portal Gliwice | codziennie nowe informacje","isPartOf":{"@id":"https:\/\/www.24gliwice.pl\/wiadomosci\/#website"},"primaryImageOfPage":{"@id":"https:\/\/www.24gliwice.pl\/wiadomosci\/zwezenie-jezdni-na-ulicy-kosciuszki-w-godzinach-szczytu-moga-tu-wystepowac-utrudnienia-w-ruchu\/#primaryimage"},"image":{"@id":"https:\/\/www.24gliwice.pl\/wiadomosci\/zwezenie-jezdni-na-ulicy-kosciuszki-w-godzinach-szczytu-moga-tu-wystepowac-utrudnienia-w-ruchu\/#primaryimage"},"thumbnailUrl":"https:\/\/www.24gliwice.pl\/wiadomosci\/wp-content\/uploads\/2022\/04\/KOsciuszki_1024x737.jpg","datePublished":"2022-04-10T06:41:20+00:00","dateModified":"2022-04-11T08:09:52+00:00","description":"Od poniedzia\u0142ku, 11 kwietnia, na ulicy Ko\u015bciuszki b\u0119dzie zw\u0119\u017cenie jezdni, kt\u00f3re w godzinach szczytu mo\u017ce powodowa\u0107 utrudnienia","breadcrumb":{"@id":"https:\/\/www.24gliwice.pl\/wiadomosci\/zwezenie-jezdni-na-ulicy-kosciuszki-w-godzinach-szczytu-moga-tu-wystepowac-utrudnienia-w-ruchu\/#breadcrumb"},"inLanguage":"pl-PL","potentialAction":[{"@type":"ReadAction","target":["https:\/\/www.24gliwice.pl\/wiadomosci\/zwezenie-jezdni-na-ulicy-kosciuszki-w-godzinach-szczytu-moga-tu-wystepowac-utrudnienia-w-ruchu\/"]}]},{"@type":"ImageObject","inLanguage":"pl-PL","@id":"https:\/\/www.24gliwice.pl\/wiadomosci\/zwezenie-jezdni-na-ulicy-kosciuszki-w-godzinach-szczytu-moga-tu-wystepowac-utrudnienia-w-ruchu\/#primaryimage","url":"https:\/\/www.24gliwice.pl\/wiadomosci\/wp-content\/uploads\/2022\/04\/KOsciuszki_1024x737.jpg","contentUrl":"https:\/\/www.24gliwice.pl\/wiadomosci\/wp-content\/uploads\/2022\/04\/KOsciuszki_1024x737.jpg","width":810,"height":461},{"@type":"BreadcrumbList","@id":"https:\/\/www.24gliwice.pl\/wiadomosci\/zwezenie-jezdni-na-ulicy-kosciuszki-w-godzinach-szczytu-moga-tu-wystepowac-utrudnienia-w-ruchu\/#breadcrumb","itemListElement":[{"@type":"ListItem","position":1,"name":"Strona g\u0142\u00f3wna","item":"https:\/\/www.24gliwice.pl\/wiadomosci\/"},{"@type":"ListItem","position":2,"name":"Zw\u0119\u017cenie jezdni na ulicy Ko\u015bciuszki. W godzinach szczytu mog\u0105 tu wyst\u0119powa\u0107 utrudnienia w ruchu"}]},{"@type":"WebSite","@id":"https:\/\/www.24gliwice.pl\/wiadomosci\/#website","url":"https:\/\/www.24gliwice.pl\/wiadomosci\/","name":"24GLIWICE - Portal Gliwice | codziennie nowe wiadomo\u015bci","description":"Portal Miejski Gliwice","publisher":{"@id":"https:\/\/www.24gliwice.pl\/wiadomosci\/#organization"},"potentialAction":[{"@type":"SearchAction","target":{"@type":"EntryPoint","urlTemplate":"https:\/\/www.24gliwice.pl\/wiadomosci\/?s={search_term_string}"},"query-input":{"@type":"PropertyValueSpecification","valueRequired":true,"valueName":"search_term_string"}}],"inLanguage":"pl-PL"},{"@type":"Organization","@id":"https:\/\/www.24gliwice.pl\/wiadomosci\/#organization","name":"24gliwice","url":"https:\/\/www.24gliwice.pl\/wiadomosci\/","logo":{"@type":"ImageObject","inLanguage":"pl-PL","@id":"https:\/\/www.24gliwice.pl\/wiadomosci\/#\/schema\/logo\/image\/","url":"https:\/\/www.24gliwice.pl\/wiadomosci\/wp-content\/uploads\/2024\/10\/24gliwice-logo-696.jpg","contentUrl":"https:\/\/www.24gliwice.pl\/wiadomosci\/wp-content\/uploads\/2024\/10\/24gliwice-logo-696.jpg","width":696,"height":696,"caption":"24gliwice"},"image":{"@id":"https:\/\/www.24gliwice.pl\/wiadomosci\/#\/schema\/logo\/image\/"},"sameAs":["https:\/\/www.facebook.com\/24gliwice","https:\/\/x.com\/24gliwice","https:\/\/www.youtube.com\/@24gliwice"]},{"@type":"Person","@id":"https:\/\/www.24gliwice.pl\/wiadomosci\/#\/schema\/person\/e42c650edd7f2fa332be3811fb166b6e","name":"\u017baneta Mrozek-Siewierska","image":{"@type":"ImageObject","inLanguage":"pl-PL","@id":"https:\/\/www.24gliwice.pl\/wiadomosci\/wp-content\/uploads\/2021\/11\/Zaneta-M_S-zdjecie-czb-96x96.jpg","url":"https:\/\/www.24gliwice.pl\/wiadomosci\/wp-content\/uploads\/2021\/11\/Zaneta-M_S-zdjecie-czb-96x96.jpg","contentUrl":"https:\/\/www.24gliwice.pl\/wiadomosci\/wp-content\/uploads\/2021\/11\/Zaneta-M_S-zdjecie-czb-96x96.jpg","caption":"\u017baneta Mrozek-Siewierska"},"url":"https:\/\/www.24gliwice.pl\/wiadomosci\/author\/zms\/"}]}},"_links":{"self":[{"href":"https:\/\/www.24gliwice.pl\/wiadomosci\/wp-json\/wp\/v2\/posts\/190251","targetHints":{"allow":["GET"]}}],"collection":[{"href":"https:\/\/www.24gliwice.pl\/wiadomosci\/wp-json\/wp\/v2\/posts"}],"about":[{"href":"https:\/\/www.24gliwice.pl\/wiadomosci\/wp-json\/wp\/v2\/types\/post"}],"author":[{"embeddable":true,"href":"https:\/\/www.24gliwice.pl\/wiadomosci\/wp-json\/wp\/v2\/users\/15"}],"replies":[{"embeddable":true,"href":"https:\/\/www.24gliwice.pl\/wiadomosci\/wp-json\/wp\/v2\/comments?post=190251"}],"version-history":[{"count":13,"href":"https:\/\/www.24gliwice.pl\/wiadomosci\/wp-json\/wp\/v2\/posts\/190251\/revisions"}],"predecessor-version":[{"id":190367,"href":"https:\/\/www.24gliwice.pl\/wiadomosci\/wp-json\/wp\/v2\/posts\/190251\/revisions\/190367"}],"wp:featuredmedia":[{"embeddable":true,"href":"https:\/\/www.24gliwice.pl\/wiadomosci\/wp-json\/wp\/v2\/media\/190271"}],"wp:attachment":[{"href":"https:\/\/www.24gliwice.pl\/wiadomosci\/wp-json\/wp\/v2\/media?parent=190251"}],"wp:term":[{"taxonomy":"category","embeddable":true,"href":"https:\/\/www.24gliwice.pl\/wiadomosci\/wp-json\/wp\/v2\/categories?post=190251"},{"taxonomy":"post_tag","embeddable":true,"href":"https:\/\/www.24gliwice.pl\/wiadomosci\/wp-json\/wp\/v2\/tags?post=190251"}],"curies":[{"name":"wp","href":"https:\/\/api.w.org\/{rel}","templated":true}]}}