{"id":190461,"date":"2022-04-12T10:27:30","date_gmt":"2022-04-12T08:27:30","guid":{"rendered":"https:\/\/www.24gliwice.pl\/wiadomosci\/?p=190461"},"modified":"2022-04-12T10:36:51","modified_gmt":"2022-04-12T08:36:51","slug":"chca-zrobic-wielkie-wielkanocne-sniadanie-z-sasiadami-szukaja-firm-gotowych-podzielic-sie-nadwyzkami","status":"publish","type":"post","link":"https:\/\/www.24gliwice.pl\/wiadomosci\/chca-zrobic-wielkie-wielkanocne-sniadanie-z-sasiadami-szukaja-firm-gotowych-podzielic-sie-nadwyzkami\/","title":{"rendered":"Chc\u0105 urz\u0105dzi\u0107 Wielkanocne \u015aniadanie na alei Przyja\u017ani. &#8220;Tworzymy now\u0105 tradycj\u0119&#8221;"},"content":{"rendered":"<div class=\"gliwi-a6-nad-leadem-artykulow gliwi-entity-placement\" id=\"gliwi-202877333\"><div class=\"gliwi-adlabel\"><span style=\"font-size: 9px\">REKLAMA<\/span><\/div><div id=\"gliwi-2570788641\" style=\"margin-bottom: 30px;margin-left: auto;margin-right: auto;text-align: center;\"><a data-no-instant=\"1\" href=\"https:\/\/przedszkole.halogen.org.pl\/\" rel=\"noopener\" class=\"a2t-link\" target=\"_blank\" aria-label=\"20260402-ANIMATOR-przedszkole_grafika_750x200\"><img loading=\"lazy\" decoding=\"async\" src=\"https:\/\/www.24gliwice.pl\/wiadomosci\/wp-content\/uploads\/2026\/04\/20260402-ANIMATOR-przedszkole_grafika_750x200.webp\" alt=\"\"  srcset=\"https:\/\/www.24gliwice.pl\/wiadomosci\/wp-content\/uploads\/2026\/04\/20260402-ANIMATOR-przedszkole_grafika_750x200.webp 750w, https:\/\/www.24gliwice.pl\/wiadomosci\/wp-content\/uploads\/2026\/04\/20260402-ANIMATOR-przedszkole_grafika_750x200-410x109.webp 410w\" sizes=\"(max-width: 750px) 100vw, 750px\" class=\"no-lazyload\" width=\"750\" height=\"200\"  style=\"display: inline-block; max-width: 100%; height: auto;\" \/><\/a><\/div><\/div><h2>Grupa mieszka\u0144c\u00f3w Gliwic, w tej szczeg\u00f3lnej sytuacji zwi\u0105zanej z uchod\u017acami z Ukrainy, chce zorganizowa\u0107 \u015bniadanie integracyjne na alei Przyja\u017ani. Zamiast wyrzuca\u0107 nadmiarowe produkty spo\u017cywcze mo\u017cna je przekaza\u0107 organizatorom wydarzenia (i do\u0142\u0105czy\u0107 do biesiady).<\/h2>\n<p>&nbsp;<br \/>\nWszystko oczywi\u015bcie zgodne z ide\u0105 &#8220;Zero Waste&#8221;, polegaj\u0105c\u0105 w tym wypadku na niemarnowaniu \u017cywno\u015bci. <\/p>\n<p>&#8211; <em>W poniedzia\u0142ek 18 kwietnia o 12.00, w samo po\u0142udnie, spotkajmy si\u0119 na alei Przyja\u017ani w Gliwicach przy wsp\u00f3lnym stole. Tworzymy now\u0105 tradycj\u0119 \u2013 \u0142\u0105czymy zwyczaje z r\u00f3\u017cnych stron \u015bwiata! Je\u015bli mo\u017cecie, zabierzcie ze sob\u0105 jedzenie, kt\u00f3rym chcecie si\u0119 podzieli\u0107 i pochwali\u0107! ! Ugotujmy jedn\u0105 potraw\u0119 wi\u0119cej i podzielmy si\u0119 ni\u0105!<\/em> &#8211; zach\u0119caj\u0105 organizatorzy. <\/p><div class=\"gliwi-a3-w-tresci-artykulow gliwi-entity-placement\" id=\"gliwi-4238297342\"><div class=\"gliwi-adlabel\"><span style=\"font-size: 9px\">REKLAMA<\/span><\/div><div id=\"gliwi-4215464137\" style=\"margin-bottom: 30px;margin-left: auto;margin-right: auto;text-align: center;\"><a data-no-instant=\"1\" href=\"https:\/\/zlobek.halogen.org.pl\/\" rel=\"noopener\" class=\"a2t-link\" target=\"_blank\" aria-label=\"animator-zlobek_750x200\"><img loading=\"lazy\" decoding=\"async\" src=\"https:\/\/www.24gliwice.pl\/wiadomosci\/wp-content\/uploads\/2026\/02\/animator-zlobek_750x200.webp\" alt=\"\"  srcset=\"https:\/\/www.24gliwice.pl\/wiadomosci\/wp-content\/uploads\/2026\/02\/animator-zlobek_750x200.webp 750w, https:\/\/www.24gliwice.pl\/wiadomosci\/wp-content\/uploads\/2026\/02\/animator-zlobek_750x200-410x109.webp 410w\" sizes=\"(max-width: 750px) 100vw, 750px\" class=\"no-lazyload\" width=\"750\" height=\"200\"  style=\"display: inline-block; max-width: 100%; height: auto;\" \/><\/a><\/div><\/div>\n<blockquote><p><em>\u015awi\u0119ta wiosenne w r\u00f3\u017cnych krajach wypadaj\u0105 w r\u00f3\u017cnym czasie i r\u00f3\u017cnie s\u0105 obchodzone, w czas Wielkanocy obchodzonej w Polsce chcemy zaprosi\u0107 do spotkania i poznawania si\u0119 mieszka\u0144c\u00f3w naszego miasta pochodz\u0105cych z r\u00f3\u017cnych kraj\u00f3w!<\/em> <\/p><\/blockquote>\n<p>&#8211; dodaj\u0105 osoby zaanga\u017cowane w t\u0119 inicjatyw\u0119. W planie wydarzenia przewidziano wsp\u00f3ln\u0105 degustacj\u0119 potraw, zabawy dla dzieci z animatorami, wielkanocne niespodzianki. <\/p>\n<p>Organizatorzy poszukuj\u0105 firm, podmiot\u00f3w gospodarczych, kt\u00f3re gotowe s\u0105 wesprze\u0107 ide\u0119 \u015bwi\u0105tecznej integracji.<\/p>\n<p>&#8211; Od Wielkiego Wielkanocnego \u015aniadania dzieli nas niemal tydzie\u0144. Przy tej okazji zach\u0119cam w\u0142a\u015bcicieli sklep\u00f3w, cukierni, piekarni i lokali gastronomicznych, by nadwy\u017cki \u015bwi\u0105tecznych smako\u0142yk\u00f3w, zgodnie z zasadami zero waste  zechcieli przekaza\u0107 w\u0142a\u015bnie na wsp\u00f3lny st\u00f3\u0142 &#8211; napisa\u0142 miejski aktywista <strong>Seweryn Botor<\/strong> w mediach spo\u0142eczno\u015bciowych. Osoby zainteresowane wsparciem inicjatywy w internetowym wpisie poni\u017cej znajd\u0105 numer telefonu do kontaktu w tej sprawie. <\/p>\n<p><iframe loading=\"lazy\" src=\"https:\/\/www.facebook.com\/plugins\/post.php?href=https%3A%2F%2Fwww.facebook.com%2Fsewerynbotor2020%2Fposts%2F369522495185418&#038;width=500&#038;show_text=true&#038;height=587&#038;appId\" width=\"500\" height=\"587\" style=\"border:none;overflow:hidden\" scrolling=\"no\" frameborder=\"0\" allowfullscreen=\"true\" allow=\"autoplay; clipboard-write; encrypted-media; picture-in-picture; web-share\"><\/iframe><\/p>\n<p><a href=\"https:\/\/www.facebook.com\/events\/1014878729427963\" rel=\"noopener\" target=\"_blank\">Wydarzenia w serwisie facebook.com znajduje si\u0119 tutaj. <\/a><\/p>\n<h4>\u0406\u043d\u0444\u043e\u0440\u043c\u0430\u0446\u0456\u044f \u0434\u043b\u044f \u0433\u0440\u043e\u043c\u0430\u0434\u044f\u043d \u0423\u043a\u0440\u0430\u0457\u043d\u0438 &#8211; \u0412\u0435\u043b\u0438\u043a\u0438\u0439 \u0412\u0435\u043b\u0438\u043a\u043e\u0434\u043d\u0456\u0439 \u0441\u043d\u0456\u0434\u0430\u043d\u043e\u043a \u0437 \u0441\u0443\u0441\u0456\u0434\u0430\u043c\u0438<\/h4>\n<p>\u0417\u0430\u043f\u0440\u043e\u0448\u0443\u0454\u043c\u043e \u043d\u0430 \u0432\u0438\u043d\u044f\u0442\u043a\u043e\u0432\u0443 \u043f\u043e\u0434\u0456\u044e &#8211; \u0437\u0443\u0441\u0442\u0440\u0456\u0447 \u0437\u0430 \u0412\u0435\u043b\u0438\u043a\u043e\u0434\u043d\u0456\u043c \u0441\u043d\u0456\u0434\u0430\u043d\u043a\u043e\u043c \u0437 \u043d\u0430\u0448\u0438\u043c\u0438 \u0421\u0443\u0441\u0456\u0434\u0430\u043c\u0438 \u0437 \u0423\u043a\u0440\u0430\u0457\u043d\u0438!<\/p>\n<p>\u0423 \u043f\u043e\u043d\u0435\u0434\u0456\u043b\u043e\u043a, 18 \u043a\u0432\u0456\u0442\u043d\u044f \u043e 12:00, \u0437\u0443\u0441\u0442\u0440\u0456\u043d\u0435\u043c\u043e\u0441\u044f \u0437\u0430 \u0441\u043f\u0456\u043b\u044c\u043d\u0438\u043c \u0441\u0442\u043e\u043b\u043e\u043c \u043d\u0430 \u043f\u0440\u043e\u0441\u043f\u0435\u043a\u0442\u0456 Aleja Przyja\u017ani \u0443 \u043c. \u0490\u043b\u0456\u0432\u0456\u0446\u0435. \u041c\u0438 \u0441\u0442\u0432\u043e\u0440\u044e\u0454\u043c\u043e \u043d\u043e\u0432\u0443 \u0442\u0440\u0430\u0434\u0438\u0446\u0456\u044e \uf02d \u043f\u043e\u0454\u0434\u043d\u0443\u0454\u043c\u043e \u0437\u0432\u0438\u0447\u0430\u0457 \u0437 \u0440\u0456\u0437\u043d\u0438\u0445 \u043a\u0443\u0442\u043e\u0447\u043a\u0456\u0432 \u0441\u0432\u0456\u0442\u0443! \u042f\u043a\u0449\u043e \u043c\u043e\u0436\u0435\u0442\u0435, \u0432\u0456\u0437\u044c\u043c\u0456\u0442\u044c \u0449\u043e\u0441\u044c \u0434\u043e \u0447\u0430\u0441\u0442\u0443\u0432\u0430\u043d\u043d\u044f, \u0447\u0438\u043c \u0445\u043e\u0447\u0435\u0442\u0435 \u043f\u043e\u0434\u0456\u043b\u0438\u0442\u0438\u0441\u044f \u0437 \u0456\u043d\u0448\u0438\u043c\u0438, \u0456 \u043f\u043e\u0445\u0432\u0430\u043b\u0438\u0442\u0438\u0441\u044c \u0446\u0438\u043c! \u0414\u0430\u0432\u0430\u0439\u0442\u0435 \u043f\u0440\u0438\u0433\u043e\u0442\u0443\u0454\u043c\u043e \u043d\u0430 \u043e\u0434\u043d\u0443 \u0441\u0442\u0440\u0430\u0432\u0443 \u0431\u0456\u043b\u044c\u0448\u0435 \u0456 \u043f\u043e\u0434\u0456\u043b\u0438\u043c\u043e\u0441\u044f \u043d\u0435\u044e!<\/p>\n<p>\u0412\u0435\u0441\u043d\u044f\u043d\u0456 \u0441\u0432\u044f\u0442\u0430 \u0432 \u0440\u0456\u0437\u043d\u0438\u0445 \u043a\u0440\u0430\u0457\u043d\u0430\u0445 \u043f\u0440\u0438\u043f\u0430\u0434\u0430\u044e\u0442\u044c \u043d\u0430 \u0440\u0456\u0437\u043d\u0438\u0439 \u0447\u0430\u0441 \u0456 \u0432\u0456\u0434\u0437\u043d\u0430\u0447\u0430\u044e\u0442\u044c\u0441\u044f \u043f\u043e-\u0440\u0456\u0437\u043d\u043e\u043c\u0443. \u041f\u0456\u0434 \u0447\u0430\u0441 \u0412\u0435\u043b\u0438\u043a\u043e\u0434\u043d\u044f, \u044f\u043a\u0438\u0439 \u0441\u0432\u044f\u0442\u043a\u0443\u0454\u0442\u044c\u0441\u044f \u0432 \u041f\u043e\u043b\u044c\u0449\u0456, \u043c\u0438 \u0445\u043e\u0447\u0435\u043c\u043e \u0437\u0430\u043f\u0440\u043e\u0441\u0438\u0442\u0438 \u043e\u0441\u043e\u0431\u0438 \u0437 \u0423\u043a\u0440\u0430\u0457\u043d\u0438 \u0442\u0430 \u043f\u043e\u0441\u0442\u0456\u0439\u043d\u0438\u0445 \u0436\u0438\u0442\u0435\u043b\u0456\u0432 \u043d\u0430\u0448\u043e\u0433\u043e \u043c\u0456\u0441\u0442\u0430 \u0437\u0443\u0441\u0442\u0440\u0456\u0442\u0438\u0441\u044f \u0442\u0430 \u043f\u043e\u0437\u043d\u0430\u0439\u043e\u043c\u0438\u0442\u0438\u0441\u044f!<\/p>\n<p>\u041f\u0440\u043e\u043f\u043e\u043d\u0443\u0454\u043c\u043e:<br \/>\n&#8211; \u0441\u043f\u0456\u043b\u044c\u043d\u0443 \u0434\u0435\u0433\u0443\u0441\u0442\u0430\u0446\u0456\u044e \u0457\u0436\u0456<br \/>\n&#8211; \u0456\u0433\u0440\u0438 \u0434\u043b\u044f \u0434\u0456\u0442\u0435\u0439 \u043f\u0456\u0434 \u043a\u0435\u0440\u0456\u0432\u043d\u0438\u0446\u0442\u0432\u043e\u043c \u0430\u043d\u0456\u043c\u0430\u0442\u043e\u0440\u0456\u0432<br \/>\n&#8211; \u0432\u0435\u043b\u0438\u043a\u043e\u0434\u043d\u0456 \u043d\u0435\u0441\u043f\u043e\u0434\u0456\u0432\u0430\u043d\u043a\u0438<\/p>\n<p>(\u017cms)\/mat. organizatora<br \/>\nfot. mat. organizatora<\/p>\n<div class=\"gliwi-a5-na-koncu-artykulow gliwi-entity-placement\" id=\"gliwi-2849837263\"><div class=\"gliwi-adlabel\"><span style=\"font-size: 9px\">REKLAMA<\/span><\/div><div id=\"gliwi-1431069200\" style=\"margin-left: auto;margin-right: auto;text-align: center;\"><a data-no-instant=\"1\" href=\"https:\/\/www.jasek.pl\/\" rel=\"noopener\" class=\"a2t-link\" target=\"_blank\" aria-label=\"20200401-jasek 600\"><img loading=\"lazy\" decoding=\"async\" src=\"https:\/\/www.24gliwice.pl\/wiadomosci\/wp-content\/uploads\/2020\/04\/20200401-jasek-600.jpg\" alt=\"\"  srcset=\"https:\/\/www.24gliwice.pl\/wiadomosci\/wp-content\/uploads\/2020\/04\/20200401-jasek-600.jpg 600w, https:\/\/www.24gliwice.pl\/wiadomosci\/wp-content\/uploads\/2020\/04\/20200401-jasek-600-410x109.jpg 410w\" sizes=\"(max-width: 600px) 100vw, 600px\" class=\"no-lazyload\" width=\"600\" height=\"160\"  style=\"display: inline-block; max-width: 100%; height: auto;\" \/><\/a><\/div><\/div>","protected":false},"excerpt":{"rendered":"<p>Grupa mieszka\u0144c\u00f3w Gliwic, w tej szczeg\u00f3lnej sytuacji zwi\u0105zanej z uchod\u017acami z Ukrainy, chce zorganizowa\u0107 \u015bniadanie integracyjne na alei Przyja\u017ani. Zamiast wyrzuca\u0107 nadmiarowe produkty spo\u017cywcze mo\u017cna je przekaza\u0107 organizatorom wydarzenia (i do\u0142\u0105czy\u0107 do biesiady). &nbsp; Wszystko oczywi\u015bcie zgodne z ide\u0105 &#8220;Zero Waste&#8221;, polegaj\u0105c\u0105 w tym wypadku na niemarnowaniu \u017cywno\u015bci. &#8211; W poniedzia\u0142ek 18 kwietnia o 12.00, [&hellip;]<\/p>\n","protected":false},"author":15,"featured_media":190469,"comment_status":"closed","ping_status":"closed","sticky":false,"template":"","format":"standard","meta":{"_monsterinsights_skip_tracking":false,"_monsterinsights_sitenote_active":false,"_monsterinsights_sitenote_note":"","_monsterinsights_sitenote_category":0,"footnotes":"","_links_to":"","_links_to_target":""},"categories":[3,6,1],"tags":[8798],"class_list":["post-190461","post","type-post","status-publish","format-standard","has-post-thumbnail","hentry","category-gliwice","category-kultura","category-wszystko","tag-aleja-przyjazni"],"yoast_head":"<!-- This site is optimized with the Yoast SEO plugin v27.4 - https:\/\/yoast.com\/product\/yoast-seo-wordpress\/ -->\n<title>Chc\u0105 urz\u0105dzi\u0107 Wielkanocne \u015aniadanie na alei Przyja\u017ani. &quot;Tworzymy now\u0105 tradycj\u0119&quot; - 24GLIWICE - Portal Gliwice | codziennie nowe informacje<\/title>\n<meta name=\"description\" content=\"Mieszka\u0144cy Gliwic organizuj\u0105 Wielkie Wielkanocne \u015aniadanie z S\u0105siadami. Mo\u017cna przekaza\u0107 produkty, do\u0142\u0105czy\u0107 z w\u0142asn\u0105 potraw\u0105\" \/>\n<meta name=\"robots\" content=\"index, follow, max-snippet:-1, max-image-preview:large, max-video-preview:-1\" \/>\n<link rel=\"canonical\" href=\"https:\/\/www.24gliwice.pl\/wiadomosci\/chca-zrobic-wielkie-wielkanocne-sniadanie-z-sasiadami-szukaja-firm-gotowych-podzielic-sie-nadwyzkami\/\" \/>\n<meta property=\"og:locale\" content=\"pl_PL\" \/>\n<meta property=\"og:type\" content=\"article\" \/>\n<meta property=\"og:title\" content=\"Chc\u0105 urz\u0105dzi\u0107 Wielkanocne \u015aniadanie na alei Przyja\u017ani. &quot;Tworzymy now\u0105 tradycj\u0119&quot; - 24GLIWICE - Portal Gliwice | codziennie nowe informacje\" \/>\n<meta property=\"og:description\" content=\"Mieszka\u0144cy Gliwic organizuj\u0105 Wielkie Wielkanocne \u015aniadanie z S\u0105siadami. Mo\u017cna przekaza\u0107 produkty, do\u0142\u0105czy\u0107 z w\u0142asn\u0105 potraw\u0105\" \/>\n<meta property=\"og:url\" content=\"https:\/\/www.24gliwice.pl\/wiadomosci\/chca-zrobic-wielkie-wielkanocne-sniadanie-z-sasiadami-szukaja-firm-gotowych-podzielic-sie-nadwyzkami\/\" \/>\n<meta property=\"og:site_name\" content=\"24GLIWICE - Portal Gliwice | codziennie nowe informacje\" \/>\n<meta property=\"article:publisher\" content=\"https:\/\/www.facebook.com\/24gliwice\" \/>\n<meta property=\"article:published_time\" content=\"2022-04-12T08:27:30+00:00\" \/>\n<meta property=\"article:modified_time\" content=\"2022-04-12T08:36:51+00:00\" \/>\n<meta property=\"og:image\" content=\"https:\/\/www.24gliwice.pl\/wiadomosci\/wp-content\/uploads\/2022\/04\/wielkanocne-snadanie-z-sasiadami.jpg\" \/>\n\t<meta property=\"og:image:width\" content=\"810\" \/>\n\t<meta property=\"og:image:height\" content=\"456\" \/>\n\t<meta property=\"og:image:type\" content=\"image\/jpeg\" \/>\n<meta name=\"author\" content=\"\u017baneta Mrozek-Siewierska\" \/>\n<meta name=\"twitter:card\" content=\"summary_large_image\" \/>\n<meta name=\"twitter:creator\" content=\"@24gliwice\" \/>\n<meta name=\"twitter:site\" content=\"@24gliwice\" \/>\n<meta name=\"twitter:label1\" content=\"Napisane przez\" \/>\n\t<meta name=\"twitter:data1\" content=\"\u017baneta Mrozek-Siewierska\" \/>\n\t<meta name=\"twitter:label2\" content=\"Szacowany czas czytania\" \/>\n\t<meta name=\"twitter:data2\" content=\"1 minuta\" \/>\n<script type=\"application\/ld+json\" class=\"yoast-schema-graph\">{\"@context\":\"https:\\\/\\\/schema.org\",\"@graph\":[{\"@type\":\"Article\",\"@id\":\"https:\\\/\\\/www.24gliwice.pl\\\/wiadomosci\\\/chca-zrobic-wielkie-wielkanocne-sniadanie-z-sasiadami-szukaja-firm-gotowych-podzielic-sie-nadwyzkami\\\/#article\",\"isPartOf\":{\"@id\":\"https:\\\/\\\/www.24gliwice.pl\\\/wiadomosci\\\/chca-zrobic-wielkie-wielkanocne-sniadanie-z-sasiadami-szukaja-firm-gotowych-podzielic-sie-nadwyzkami\\\/\"},\"author\":{\"name\":\"\u017baneta Mrozek-Siewierska\",\"@id\":\"https:\\\/\\\/www.24gliwice.pl\\\/wiadomosci\\\/#\\\/schema\\\/person\\\/e42c650edd7f2fa332be3811fb166b6e\"},\"headline\":\"Chc\u0105 urz\u0105dzi\u0107 Wielkanocne \u015aniadanie na alei Przyja\u017ani. &#8220;Tworzymy now\u0105 tradycj\u0119&#8221;\",\"datePublished\":\"2022-04-12T08:27:30+00:00\",\"dateModified\":\"2022-04-12T08:36:51+00:00\",\"mainEntityOfPage\":{\"@id\":\"https:\\\/\\\/www.24gliwice.pl\\\/wiadomosci\\\/chca-zrobic-wielkie-wielkanocne-sniadanie-z-sasiadami-szukaja-firm-gotowych-podzielic-sie-nadwyzkami\\\/\"},\"wordCount\":465,\"publisher\":{\"@id\":\"https:\\\/\\\/www.24gliwice.pl\\\/wiadomosci\\\/#organization\"},\"image\":{\"@id\":\"https:\\\/\\\/www.24gliwice.pl\\\/wiadomosci\\\/chca-zrobic-wielkie-wielkanocne-sniadanie-z-sasiadami-szukaja-firm-gotowych-podzielic-sie-nadwyzkami\\\/#primaryimage\"},\"thumbnailUrl\":\"https:\\\/\\\/www.24gliwice.pl\\\/wiadomosci\\\/wp-content\\\/uploads\\\/2022\\\/04\\\/wielkanocne-snadanie-z-sasiadami.jpg\",\"keywords\":[\"ALEJA PRZYJA\u0179NI\"],\"articleSection\":[\"Gliwice\",\"Kultura, wydarzenia, imprezy\",\"Najnowsze wiadomo\u015bci\"],\"inLanguage\":\"pl-PL\"},{\"@type\":\"WebPage\",\"@id\":\"https:\\\/\\\/www.24gliwice.pl\\\/wiadomosci\\\/chca-zrobic-wielkie-wielkanocne-sniadanie-z-sasiadami-szukaja-firm-gotowych-podzielic-sie-nadwyzkami\\\/\",\"url\":\"https:\\\/\\\/www.24gliwice.pl\\\/wiadomosci\\\/chca-zrobic-wielkie-wielkanocne-sniadanie-z-sasiadami-szukaja-firm-gotowych-podzielic-sie-nadwyzkami\\\/\",\"name\":\"Chc\u0105 urz\u0105dzi\u0107 Wielkanocne \u015aniadanie na alei Przyja\u017ani. \\\"Tworzymy now\u0105 tradycj\u0119\\\" - 24GLIWICE - Portal Gliwice | codziennie nowe informacje\",\"isPartOf\":{\"@id\":\"https:\\\/\\\/www.24gliwice.pl\\\/wiadomosci\\\/#website\"},\"primaryImageOfPage\":{\"@id\":\"https:\\\/\\\/www.24gliwice.pl\\\/wiadomosci\\\/chca-zrobic-wielkie-wielkanocne-sniadanie-z-sasiadami-szukaja-firm-gotowych-podzielic-sie-nadwyzkami\\\/#primaryimage\"},\"image\":{\"@id\":\"https:\\\/\\\/www.24gliwice.pl\\\/wiadomosci\\\/chca-zrobic-wielkie-wielkanocne-sniadanie-z-sasiadami-szukaja-firm-gotowych-podzielic-sie-nadwyzkami\\\/#primaryimage\"},\"thumbnailUrl\":\"https:\\\/\\\/www.24gliwice.pl\\\/wiadomosci\\\/wp-content\\\/uploads\\\/2022\\\/04\\\/wielkanocne-snadanie-z-sasiadami.jpg\",\"datePublished\":\"2022-04-12T08:27:30+00:00\",\"dateModified\":\"2022-04-12T08:36:51+00:00\",\"description\":\"Mieszka\u0144cy Gliwic organizuj\u0105 Wielkie Wielkanocne \u015aniadanie z S\u0105siadami. Mo\u017cna przekaza\u0107 produkty, do\u0142\u0105czy\u0107 z w\u0142asn\u0105 potraw\u0105\",\"breadcrumb\":{\"@id\":\"https:\\\/\\\/www.24gliwice.pl\\\/wiadomosci\\\/chca-zrobic-wielkie-wielkanocne-sniadanie-z-sasiadami-szukaja-firm-gotowych-podzielic-sie-nadwyzkami\\\/#breadcrumb\"},\"inLanguage\":\"pl-PL\",\"potentialAction\":[{\"@type\":\"ReadAction\",\"target\":[\"https:\\\/\\\/www.24gliwice.pl\\\/wiadomosci\\\/chca-zrobic-wielkie-wielkanocne-sniadanie-z-sasiadami-szukaja-firm-gotowych-podzielic-sie-nadwyzkami\\\/\"]}]},{\"@type\":\"ImageObject\",\"inLanguage\":\"pl-PL\",\"@id\":\"https:\\\/\\\/www.24gliwice.pl\\\/wiadomosci\\\/chca-zrobic-wielkie-wielkanocne-sniadanie-z-sasiadami-szukaja-firm-gotowych-podzielic-sie-nadwyzkami\\\/#primaryimage\",\"url\":\"https:\\\/\\\/www.24gliwice.pl\\\/wiadomosci\\\/wp-content\\\/uploads\\\/2022\\\/04\\\/wielkanocne-snadanie-z-sasiadami.jpg\",\"contentUrl\":\"https:\\\/\\\/www.24gliwice.pl\\\/wiadomosci\\\/wp-content\\\/uploads\\\/2022\\\/04\\\/wielkanocne-snadanie-z-sasiadami.jpg\",\"width\":810,\"height\":456},{\"@type\":\"BreadcrumbList\",\"@id\":\"https:\\\/\\\/www.24gliwice.pl\\\/wiadomosci\\\/chca-zrobic-wielkie-wielkanocne-sniadanie-z-sasiadami-szukaja-firm-gotowych-podzielic-sie-nadwyzkami\\\/#breadcrumb\",\"itemListElement\":[{\"@type\":\"ListItem\",\"position\":1,\"name\":\"Strona g\u0142\u00f3wna\",\"item\":\"https:\\\/\\\/www.24gliwice.pl\\\/wiadomosci\\\/\"},{\"@type\":\"ListItem\",\"position\":2,\"name\":\"Chc\u0105 urz\u0105dzi\u0107 Wielkanocne \u015aniadanie na alei Przyja\u017ani. &#8222;Tworzymy now\u0105 tradycj\u0119&#8221;\"}]},{\"@type\":\"WebSite\",\"@id\":\"https:\\\/\\\/www.24gliwice.pl\\\/wiadomosci\\\/#website\",\"url\":\"https:\\\/\\\/www.24gliwice.pl\\\/wiadomosci\\\/\",\"name\":\"24GLIWICE - Portal Gliwice | codziennie nowe wiadomo\u015bci\",\"description\":\"Portal Miejski Gliwice\",\"publisher\":{\"@id\":\"https:\\\/\\\/www.24gliwice.pl\\\/wiadomosci\\\/#organization\"},\"potentialAction\":[{\"@type\":\"SearchAction\",\"target\":{\"@type\":\"EntryPoint\",\"urlTemplate\":\"https:\\\/\\\/www.24gliwice.pl\\\/wiadomosci\\\/?s={search_term_string}\"},\"query-input\":{\"@type\":\"PropertyValueSpecification\",\"valueRequired\":true,\"valueName\":\"search_term_string\"}}],\"inLanguage\":\"pl-PL\"},{\"@type\":\"Organization\",\"@id\":\"https:\\\/\\\/www.24gliwice.pl\\\/wiadomosci\\\/#organization\",\"name\":\"24gliwice\",\"url\":\"https:\\\/\\\/www.24gliwice.pl\\\/wiadomosci\\\/\",\"logo\":{\"@type\":\"ImageObject\",\"inLanguage\":\"pl-PL\",\"@id\":\"https:\\\/\\\/www.24gliwice.pl\\\/wiadomosci\\\/#\\\/schema\\\/logo\\\/image\\\/\",\"url\":\"https:\\\/\\\/www.24gliwice.pl\\\/wiadomosci\\\/wp-content\\\/uploads\\\/2024\\\/10\\\/24gliwice-logo-696.jpg\",\"contentUrl\":\"https:\\\/\\\/www.24gliwice.pl\\\/wiadomosci\\\/wp-content\\\/uploads\\\/2024\\\/10\\\/24gliwice-logo-696.jpg\",\"width\":696,\"height\":696,\"caption\":\"24gliwice\"},\"image\":{\"@id\":\"https:\\\/\\\/www.24gliwice.pl\\\/wiadomosci\\\/#\\\/schema\\\/logo\\\/image\\\/\"},\"sameAs\":[\"https:\\\/\\\/www.facebook.com\\\/24gliwice\",\"https:\\\/\\\/x.com\\\/24gliwice\",\"https:\\\/\\\/www.youtube.com\\\/@24gliwice\"]},{\"@type\":\"Person\",\"@id\":\"https:\\\/\\\/www.24gliwice.pl\\\/wiadomosci\\\/#\\\/schema\\\/person\\\/e42c650edd7f2fa332be3811fb166b6e\",\"name\":\"\u017baneta Mrozek-Siewierska\",\"image\":{\"@type\":\"ImageObject\",\"inLanguage\":\"pl-PL\",\"@id\":\"https:\\\/\\\/www.24gliwice.pl\\\/wiadomosci\\\/wp-content\\\/uploads\\\/2021\\\/11\\\/Zaneta-M_S-zdjecie-czb-96x96.jpg\",\"url\":\"https:\\\/\\\/www.24gliwice.pl\\\/wiadomosci\\\/wp-content\\\/uploads\\\/2021\\\/11\\\/Zaneta-M_S-zdjecie-czb-96x96.jpg\",\"contentUrl\":\"https:\\\/\\\/www.24gliwice.pl\\\/wiadomosci\\\/wp-content\\\/uploads\\\/2021\\\/11\\\/Zaneta-M_S-zdjecie-czb-96x96.jpg\",\"caption\":\"\u017baneta Mrozek-Siewierska\"},\"url\":\"https:\\\/\\\/www.24gliwice.pl\\\/wiadomosci\\\/author\\\/zms\\\/\"}]}<\/script>\n<!-- \/ Yoast SEO plugin. -->","yoast_head_json":{"title":"Chc\u0105 urz\u0105dzi\u0107 Wielkanocne \u015aniadanie na alei Przyja\u017ani. \"Tworzymy now\u0105 tradycj\u0119\" - 24GLIWICE - Portal Gliwice | codziennie nowe informacje","description":"Mieszka\u0144cy Gliwic organizuj\u0105 Wielkie Wielkanocne \u015aniadanie z S\u0105siadami. Mo\u017cna przekaza\u0107 produkty, do\u0142\u0105czy\u0107 z w\u0142asn\u0105 potraw\u0105","robots":{"index":"index","follow":"follow","max-snippet":"max-snippet:-1","max-image-preview":"max-image-preview:large","max-video-preview":"max-video-preview:-1"},"canonical":"https:\/\/www.24gliwice.pl\/wiadomosci\/chca-zrobic-wielkie-wielkanocne-sniadanie-z-sasiadami-szukaja-firm-gotowych-podzielic-sie-nadwyzkami\/","og_locale":"pl_PL","og_type":"article","og_title":"Chc\u0105 urz\u0105dzi\u0107 Wielkanocne \u015aniadanie na alei Przyja\u017ani. \"Tworzymy now\u0105 tradycj\u0119\" - 24GLIWICE - Portal Gliwice | codziennie nowe informacje","og_description":"Mieszka\u0144cy Gliwic organizuj\u0105 Wielkie Wielkanocne \u015aniadanie z S\u0105siadami. Mo\u017cna przekaza\u0107 produkty, do\u0142\u0105czy\u0107 z w\u0142asn\u0105 potraw\u0105","og_url":"https:\/\/www.24gliwice.pl\/wiadomosci\/chca-zrobic-wielkie-wielkanocne-sniadanie-z-sasiadami-szukaja-firm-gotowych-podzielic-sie-nadwyzkami\/","og_site_name":"24GLIWICE - Portal Gliwice | codziennie nowe informacje","article_publisher":"https:\/\/www.facebook.com\/24gliwice","article_published_time":"2022-04-12T08:27:30+00:00","article_modified_time":"2022-04-12T08:36:51+00:00","og_image":[{"width":810,"height":456,"url":"https:\/\/www.24gliwice.pl\/wiadomosci\/wp-content\/uploads\/2022\/04\/wielkanocne-snadanie-z-sasiadami.jpg","type":"image\/jpeg"}],"author":"\u017baneta Mrozek-Siewierska","twitter_card":"summary_large_image","twitter_creator":"@24gliwice","twitter_site":"@24gliwice","twitter_misc":{"Napisane przez":"\u017baneta Mrozek-Siewierska","Szacowany czas czytania":"1 minuta"},"schema":{"@context":"https:\/\/schema.org","@graph":[{"@type":"Article","@id":"https:\/\/www.24gliwice.pl\/wiadomosci\/chca-zrobic-wielkie-wielkanocne-sniadanie-z-sasiadami-szukaja-firm-gotowych-podzielic-sie-nadwyzkami\/#article","isPartOf":{"@id":"https:\/\/www.24gliwice.pl\/wiadomosci\/chca-zrobic-wielkie-wielkanocne-sniadanie-z-sasiadami-szukaja-firm-gotowych-podzielic-sie-nadwyzkami\/"},"author":{"name":"\u017baneta Mrozek-Siewierska","@id":"https:\/\/www.24gliwice.pl\/wiadomosci\/#\/schema\/person\/e42c650edd7f2fa332be3811fb166b6e"},"headline":"Chc\u0105 urz\u0105dzi\u0107 Wielkanocne \u015aniadanie na alei Przyja\u017ani. &#8220;Tworzymy now\u0105 tradycj\u0119&#8221;","datePublished":"2022-04-12T08:27:30+00:00","dateModified":"2022-04-12T08:36:51+00:00","mainEntityOfPage":{"@id":"https:\/\/www.24gliwice.pl\/wiadomosci\/chca-zrobic-wielkie-wielkanocne-sniadanie-z-sasiadami-szukaja-firm-gotowych-podzielic-sie-nadwyzkami\/"},"wordCount":465,"publisher":{"@id":"https:\/\/www.24gliwice.pl\/wiadomosci\/#organization"},"image":{"@id":"https:\/\/www.24gliwice.pl\/wiadomosci\/chca-zrobic-wielkie-wielkanocne-sniadanie-z-sasiadami-szukaja-firm-gotowych-podzielic-sie-nadwyzkami\/#primaryimage"},"thumbnailUrl":"https:\/\/www.24gliwice.pl\/wiadomosci\/wp-content\/uploads\/2022\/04\/wielkanocne-snadanie-z-sasiadami.jpg","keywords":["ALEJA PRZYJA\u0179NI"],"articleSection":["Gliwice","Kultura, wydarzenia, imprezy","Najnowsze wiadomo\u015bci"],"inLanguage":"pl-PL"},{"@type":"WebPage","@id":"https:\/\/www.24gliwice.pl\/wiadomosci\/chca-zrobic-wielkie-wielkanocne-sniadanie-z-sasiadami-szukaja-firm-gotowych-podzielic-sie-nadwyzkami\/","url":"https:\/\/www.24gliwice.pl\/wiadomosci\/chca-zrobic-wielkie-wielkanocne-sniadanie-z-sasiadami-szukaja-firm-gotowych-podzielic-sie-nadwyzkami\/","name":"Chc\u0105 urz\u0105dzi\u0107 Wielkanocne \u015aniadanie na alei Przyja\u017ani. \"Tworzymy now\u0105 tradycj\u0119\" - 24GLIWICE - Portal Gliwice | codziennie nowe informacje","isPartOf":{"@id":"https:\/\/www.24gliwice.pl\/wiadomosci\/#website"},"primaryImageOfPage":{"@id":"https:\/\/www.24gliwice.pl\/wiadomosci\/chca-zrobic-wielkie-wielkanocne-sniadanie-z-sasiadami-szukaja-firm-gotowych-podzielic-sie-nadwyzkami\/#primaryimage"},"image":{"@id":"https:\/\/www.24gliwice.pl\/wiadomosci\/chca-zrobic-wielkie-wielkanocne-sniadanie-z-sasiadami-szukaja-firm-gotowych-podzielic-sie-nadwyzkami\/#primaryimage"},"thumbnailUrl":"https:\/\/www.24gliwice.pl\/wiadomosci\/wp-content\/uploads\/2022\/04\/wielkanocne-snadanie-z-sasiadami.jpg","datePublished":"2022-04-12T08:27:30+00:00","dateModified":"2022-04-12T08:36:51+00:00","description":"Mieszka\u0144cy Gliwic organizuj\u0105 Wielkie Wielkanocne \u015aniadanie z S\u0105siadami. Mo\u017cna przekaza\u0107 produkty, do\u0142\u0105czy\u0107 z w\u0142asn\u0105 potraw\u0105","breadcrumb":{"@id":"https:\/\/www.24gliwice.pl\/wiadomosci\/chca-zrobic-wielkie-wielkanocne-sniadanie-z-sasiadami-szukaja-firm-gotowych-podzielic-sie-nadwyzkami\/#breadcrumb"},"inLanguage":"pl-PL","potentialAction":[{"@type":"ReadAction","target":["https:\/\/www.24gliwice.pl\/wiadomosci\/chca-zrobic-wielkie-wielkanocne-sniadanie-z-sasiadami-szukaja-firm-gotowych-podzielic-sie-nadwyzkami\/"]}]},{"@type":"ImageObject","inLanguage":"pl-PL","@id":"https:\/\/www.24gliwice.pl\/wiadomosci\/chca-zrobic-wielkie-wielkanocne-sniadanie-z-sasiadami-szukaja-firm-gotowych-podzielic-sie-nadwyzkami\/#primaryimage","url":"https:\/\/www.24gliwice.pl\/wiadomosci\/wp-content\/uploads\/2022\/04\/wielkanocne-snadanie-z-sasiadami.jpg","contentUrl":"https:\/\/www.24gliwice.pl\/wiadomosci\/wp-content\/uploads\/2022\/04\/wielkanocne-snadanie-z-sasiadami.jpg","width":810,"height":456},{"@type":"BreadcrumbList","@id":"https:\/\/www.24gliwice.pl\/wiadomosci\/chca-zrobic-wielkie-wielkanocne-sniadanie-z-sasiadami-szukaja-firm-gotowych-podzielic-sie-nadwyzkami\/#breadcrumb","itemListElement":[{"@type":"ListItem","position":1,"name":"Strona g\u0142\u00f3wna","item":"https:\/\/www.24gliwice.pl\/wiadomosci\/"},{"@type":"ListItem","position":2,"name":"Chc\u0105 urz\u0105dzi\u0107 Wielkanocne \u015aniadanie na alei Przyja\u017ani. &#8222;Tworzymy now\u0105 tradycj\u0119&#8221;"}]},{"@type":"WebSite","@id":"https:\/\/www.24gliwice.pl\/wiadomosci\/#website","url":"https:\/\/www.24gliwice.pl\/wiadomosci\/","name":"24GLIWICE - Portal Gliwice | codziennie nowe wiadomo\u015bci","description":"Portal Miejski Gliwice","publisher":{"@id":"https:\/\/www.24gliwice.pl\/wiadomosci\/#organization"},"potentialAction":[{"@type":"SearchAction","target":{"@type":"EntryPoint","urlTemplate":"https:\/\/www.24gliwice.pl\/wiadomosci\/?s={search_term_string}"},"query-input":{"@type":"PropertyValueSpecification","valueRequired":true,"valueName":"search_term_string"}}],"inLanguage":"pl-PL"},{"@type":"Organization","@id":"https:\/\/www.24gliwice.pl\/wiadomosci\/#organization","name":"24gliwice","url":"https:\/\/www.24gliwice.pl\/wiadomosci\/","logo":{"@type":"ImageObject","inLanguage":"pl-PL","@id":"https:\/\/www.24gliwice.pl\/wiadomosci\/#\/schema\/logo\/image\/","url":"https:\/\/www.24gliwice.pl\/wiadomosci\/wp-content\/uploads\/2024\/10\/24gliwice-logo-696.jpg","contentUrl":"https:\/\/www.24gliwice.pl\/wiadomosci\/wp-content\/uploads\/2024\/10\/24gliwice-logo-696.jpg","width":696,"height":696,"caption":"24gliwice"},"image":{"@id":"https:\/\/www.24gliwice.pl\/wiadomosci\/#\/schema\/logo\/image\/"},"sameAs":["https:\/\/www.facebook.com\/24gliwice","https:\/\/x.com\/24gliwice","https:\/\/www.youtube.com\/@24gliwice"]},{"@type":"Person","@id":"https:\/\/www.24gliwice.pl\/wiadomosci\/#\/schema\/person\/e42c650edd7f2fa332be3811fb166b6e","name":"\u017baneta Mrozek-Siewierska","image":{"@type":"ImageObject","inLanguage":"pl-PL","@id":"https:\/\/www.24gliwice.pl\/wiadomosci\/wp-content\/uploads\/2021\/11\/Zaneta-M_S-zdjecie-czb-96x96.jpg","url":"https:\/\/www.24gliwice.pl\/wiadomosci\/wp-content\/uploads\/2021\/11\/Zaneta-M_S-zdjecie-czb-96x96.jpg","contentUrl":"https:\/\/www.24gliwice.pl\/wiadomosci\/wp-content\/uploads\/2021\/11\/Zaneta-M_S-zdjecie-czb-96x96.jpg","caption":"\u017baneta Mrozek-Siewierska"},"url":"https:\/\/www.24gliwice.pl\/wiadomosci\/author\/zms\/"}]}},"_links":{"self":[{"href":"https:\/\/www.24gliwice.pl\/wiadomosci\/wp-json\/wp\/v2\/posts\/190461","targetHints":{"allow":["GET"]}}],"collection":[{"href":"https:\/\/www.24gliwice.pl\/wiadomosci\/wp-json\/wp\/v2\/posts"}],"about":[{"href":"https:\/\/www.24gliwice.pl\/wiadomosci\/wp-json\/wp\/v2\/types\/post"}],"author":[{"embeddable":true,"href":"https:\/\/www.24gliwice.pl\/wiadomosci\/wp-json\/wp\/v2\/users\/15"}],"replies":[{"embeddable":true,"href":"https:\/\/www.24gliwice.pl\/wiadomosci\/wp-json\/wp\/v2\/comments?post=190461"}],"version-history":[{"count":14,"href":"https:\/\/www.24gliwice.pl\/wiadomosci\/wp-json\/wp\/v2\/posts\/190461\/revisions"}],"predecessor-version":[{"id":190479,"href":"https:\/\/www.24gliwice.pl\/wiadomosci\/wp-json\/wp\/v2\/posts\/190461\/revisions\/190479"}],"wp:featuredmedia":[{"embeddable":true,"href":"https:\/\/www.24gliwice.pl\/wiadomosci\/wp-json\/wp\/v2\/media\/190469"}],"wp:attachment":[{"href":"https:\/\/www.24gliwice.pl\/wiadomosci\/wp-json\/wp\/v2\/media?parent=190461"}],"wp:term":[{"taxonomy":"category","embeddable":true,"href":"https:\/\/www.24gliwice.pl\/wiadomosci\/wp-json\/wp\/v2\/categories?post=190461"},{"taxonomy":"post_tag","embeddable":true,"href":"https:\/\/www.24gliwice.pl\/wiadomosci\/wp-json\/wp\/v2\/tags?post=190461"}],"curies":[{"name":"wp","href":"https:\/\/api.w.org\/{rel}","templated":true}]}}