{"id":190556,"date":"2022-04-14T00:58:33","date_gmt":"2022-04-13T22:58:33","guid":{"rendered":"https:\/\/www.24gliwice.pl\/wiadomosci\/?p=190556"},"modified":"2022-04-19T01:03:37","modified_gmt":"2022-04-18T23:03:37","slug":"tradycyjna-wielkanocna-procesja-konna-w-ostropie-zwyczaj-ktory-siega-xvii-wieku","status":"publish","type":"post","link":"https:\/\/www.24gliwice.pl\/wiadomosci\/tradycyjna-wielkanocna-procesja-konna-w-ostropie-zwyczaj-ktory-siega-xvii-wieku\/","title":{"rendered":"Tradycyjna wielkanocna procesja konna w Ostropie. Zwyczaj, kt\u00f3ry si\u0119ga XVII wieku"},"content":{"rendered":"<div class=\"gliwi-a6-nad-leadem-artykulow gliwi-entity-placement\" id=\"gliwi-1856492032\"><div class=\"gliwi-adlabel\"><span style=\"font-size: 9px\">REKLAMA<\/span><\/div><div id=\"gliwi-3540971746\" style=\"margin-bottom: 30px;margin-left: auto;margin-right: auto;text-align: center;\"><a data-no-instant=\"1\" href=\"https:\/\/przedszkole.halogen.org.pl\/\" rel=\"noopener\" class=\"a2t-link\" target=\"_blank\" aria-label=\"20260402-ANIMATOR-przedszkole_grafika_750x200\"><img loading=\"lazy\" decoding=\"async\" src=\"https:\/\/www.24gliwice.pl\/wiadomosci\/wp-content\/uploads\/2026\/04\/20260402-ANIMATOR-przedszkole_grafika_750x200.webp\" alt=\"\"  srcset=\"https:\/\/www.24gliwice.pl\/wiadomosci\/wp-content\/uploads\/2026\/04\/20260402-ANIMATOR-przedszkole_grafika_750x200.webp 750w, https:\/\/www.24gliwice.pl\/wiadomosci\/wp-content\/uploads\/2026\/04\/20260402-ANIMATOR-przedszkole_grafika_750x200-410x109.webp 410w\" sizes=\"(max-width: 750px) 100vw, 750px\" class=\"no-lazyload\" width=\"750\" height=\"200\"  style=\"display: inline-block; max-width: 100%; height: auto;\" \/><\/a><\/div><\/div><h2>Procesja konna w Ostropie tradycyjnie odb\u0119dzie si\u0119 w wielkanocny poniedzia\u0142ek. Zwyczaj uroczystego obje\u017cd\u017cania p\u00f3l uprawnych si\u0119ga co najmniej XVII wieku i obecnie jest praktykowany ju\u017c tylko w kilku miejscach na \u015al\u0105sku, w tym w\u0142a\u015bnie w Gliwicach.<\/h2>\n<p>&nbsp;<br \/>\nW Parafii Ducha \u015awi\u0119tego w gliwickiej Ostropie, ka\u017cdego roku, niezale\u017cnie od pogody, o godzinie 13:00 przed ko\u015bcio\u0142em formuje si\u0119 orszak, z\u0142o\u017cony z kilkudziesi\u0119ciu je\u017ad\u017ac\u00f3w, kt\u00f3rzy na koniach obje\u017cd\u017caj\u0105 nale\u017c\u0105ce do parafii pola, modl\u0105c si\u0119 i prosz\u0105c o dobre plony. Procesja gromadzi wielu mieszka\u0144c\u00f3w oraz przyjezdnych, kt\u00f3rzy chc\u0105 zobaczy\u0107, jak wygl\u0105da Osterritt, czyli \u201ejazda za Panem Bogiem\u201d.<\/p>\n<div style=\"width: 640px;\" class=\"wp-video\"><video class=\"wp-video-shortcode\" id=\"video-190556-1\" width=\"640\" height=\"360\" preload=\"metadata\" controls=\"controls\"><source type=\"video\/mp4\" src=\"https:\/\/www.24gliwice.pl\/wiadomosci\/wp-content\/uploads\/2022\/04\/20220417-procesja-konna-2020.mp4?_=1\" \/><a href=\"https:\/\/www.24gliwice.pl\/wiadomosci\/wp-content\/uploads\/2022\/04\/20220417-procesja-konna-2020.mp4\">https:\/\/www.24gliwice.pl\/wiadomosci\/wp-content\/uploads\/2022\/04\/20220417-procesja-konna-2020.mp4<\/a><\/video><\/div>\n<p>Dawniej prawo uczestnictwa w procesji mieli tylko parafianie, a w zasadzie gospodarze, kt\u00f3rzy mieli w\u0142asne konie. <\/p><div class=\"gliwi-a3-w-tresci-artykulow gliwi-entity-placement\" id=\"gliwi-964760951\"><div class=\"gliwi-adlabel\"><span style=\"font-size: 9px\">REKLAMA<\/span><\/div><div id=\"gliwi-954271181\" style=\"margin-bottom: 30px;margin-left: auto;margin-right: auto;text-align: center;\"><a data-no-instant=\"1\" href=\"https:\/\/ogrodyandersa.pl\/\" rel=\"noopener\" class=\"a2t-link\" target=\"_blank\" aria-label=\"20260415 Ogrody Andersa KUP TERAZ D\"><img loading=\"lazy\" decoding=\"async\" src=\"https:\/\/www.24gliwice.pl\/wiadomosci\/wp-content\/uploads\/2026\/04\/20260415-Ogrody-Andersa-KUP-TERAZ-D.jpg\" alt=\"\"  srcset=\"https:\/\/www.24gliwice.pl\/wiadomosci\/wp-content\/uploads\/2026\/04\/20260415-Ogrody-Andersa-KUP-TERAZ-D.jpg 750w, https:\/\/www.24gliwice.pl\/wiadomosci\/wp-content\/uploads\/2026\/04\/20260415-Ogrody-Andersa-KUP-TERAZ-D-410x109.jpg 410w\" sizes=\"(max-width: 750px) 100vw, 750px\" class=\"no-lazyload\" width=\"750\" height=\"200\"  style=\"display: inline-block; max-width: 100%; height: auto;\" \/><\/a><\/div><\/div>\n<h4>Obecnie konie s\u0105 wypo\u017cyczane z okolicznych stajni, a w procesji bior\u0105 udzia\u0142 r\u00f3wnie\u017c osoby spoza Ostropy, kt\u00f3re chc\u0105 przy\u0142\u0105czy\u0107 si\u0119 do uroczystego orszaku.<\/h4>\n<p>Je\u017ad\u017acy po uformowaniu procesji, wyje\u017cd\u017caj\u0105 spod ko\u015bcio\u0142a parafialnego w Ostropie tr\u00f3jkami. W pierwszej tr\u00f3jce zawsze jest trzech kawaler\u00f3w, kt\u00f3rzy maj\u0105 dwa wie\u0144ce skrzy\u017cowane na piersi. Ten, kt\u00f3ry jedzie w \u015brodku, trzyma krzy\u017c procesyjny. <\/p>\n<p>Je\u017ad\u017acy, kt\u00f3rzy znajduj\u0105 si\u0119 w 1\/3 d\u0142ugo\u015bci orszaku, wioz\u0105 symbole Chrystusa Zmartwychwsta\u0142ego, czyli pascha\u0142, figur\u0119 Chrystusa i krzy\u017c, przez kt\u00f3ry jest przewieszona stu\u0142a. Ca\u0142a procesja trwa mniej wi\u0119cej 4 godziny i ko\u0144czy si\u0119 oko\u0142o 17:00.<\/p>\n<p>(\u017cms)\/UM Gliwice<br \/>\nfot. arch. 24gliwice.pl<\/p>\n<div class=\"gliwi-a5-na-koncu-artykulow gliwi-entity-placement\" id=\"gliwi-1347792195\"><div class=\"gliwi-adlabel\"><span style=\"font-size: 9px\">REKLAMA<\/span><\/div><div id=\"gliwi-2387914040\" style=\"margin-left: auto;margin-right: auto;text-align: center;\"><a data-no-instant=\"1\" href=\"https:\/\/prezeroarenagliwice.pl\/\" rel=\"noopener\" class=\"a2t-link\" target=\"_blank\" aria-label=\"20260309-PREZERO-WIOSNA-D\"><img loading=\"lazy\" decoding=\"async\" src=\"https:\/\/www.24gliwice.pl\/wiadomosci\/wp-content\/uploads\/2026\/03\/20260309-PREZERO-WIOSNA-D.webp\" alt=\"\"  srcset=\"https:\/\/www.24gliwice.pl\/wiadomosci\/wp-content\/uploads\/2026\/03\/20260309-PREZERO-WIOSNA-D.webp 750w, https:\/\/www.24gliwice.pl\/wiadomosci\/wp-content\/uploads\/2026\/03\/20260309-PREZERO-WIOSNA-D-410x109.webp 410w\" sizes=\"(max-width: 750px) 100vw, 750px\" class=\"no-lazyload\" width=\"750\" height=\"200\"  style=\"display: inline-block; max-width: 100%; height: auto;\" \/><\/a><\/div><\/div>","protected":false},"excerpt":{"rendered":"<p>Procesja konna w Ostropie tradycyjnie odb\u0119dzie si\u0119 w wielkanocny poniedzia\u0142ek. Zwyczaj uroczystego obje\u017cd\u017cania p\u00f3l uprawnych si\u0119ga co najmniej XVII wieku i obecnie jest praktykowany ju\u017c tylko w kilku miejscach na \u015al\u0105sku, w tym w\u0142a\u015bnie w Gliwicach. &nbsp; W Parafii Ducha \u015awi\u0119tego w gliwickiej Ostropie, ka\u017cdego roku, niezale\u017cnie od pogody, o godzinie 13:00 przed ko\u015bcio\u0142em formuje [&hellip;]<\/p>\n","protected":false},"author":15,"featured_media":134119,"comment_status":"open","ping_status":"closed","sticky":false,"template":"","format":"standard","meta":{"_monsterinsights_skip_tracking":false,"_monsterinsights_sitenote_active":false,"_monsterinsights_sitenote_note":"","_monsterinsights_sitenote_category":0,"footnotes":"","_links_to":"","_links_to_target":""},"categories":[3,6,1],"tags":[],"class_list":["post-190556","post","type-post","status-publish","format-standard","has-post-thumbnail","hentry","category-gliwice","category-kultura","category-wszystko"],"yoast_head":"<!-- This site is optimized with the Yoast SEO plugin v27.4 - https:\/\/yoast.com\/product\/yoast-seo-wordpress\/ -->\n<title>Tradycyjna wielkanocna procesja konna w Ostropie. Zwyczaj, kt\u00f3ry si\u0119ga XVII wieku - 24GLIWICE - Portal Gliwice | codziennie nowe informacje<\/title>\n<meta name=\"description\" content=\"W poniedzia\u0142ek wielkanocny w Ostropie odb\u0119dzie si\u0119 tradycyjna procesja konna. Wydarzenie, kt\u00f3re rozpocznie si\u0119 o 13:00, potrwa 4 godziny\" \/>\n<meta name=\"robots\" content=\"index, follow, max-snippet:-1, max-image-preview:large, max-video-preview:-1\" \/>\n<link rel=\"canonical\" href=\"https:\/\/www.24gliwice.pl\/wiadomosci\/tradycyjna-wielkanocna-procesja-konna-w-ostropie-zwyczaj-ktory-siega-xvii-wieku\/\" \/>\n<meta property=\"og:locale\" content=\"pl_PL\" \/>\n<meta property=\"og:type\" content=\"article\" \/>\n<meta property=\"og:title\" content=\"Tradycyjna wielkanocna procesja konna w Ostropie. Zwyczaj, kt\u00f3ry si\u0119ga XVII wieku - 24GLIWICE - Portal Gliwice | codziennie nowe informacje\" \/>\n<meta property=\"og:description\" content=\"W poniedzia\u0142ek wielkanocny w Ostropie odb\u0119dzie si\u0119 tradycyjna procesja konna. Wydarzenie, kt\u00f3re rozpocznie si\u0119 o 13:00, potrwa 4 godziny\" \/>\n<meta property=\"og:url\" content=\"https:\/\/www.24gliwice.pl\/wiadomosci\/tradycyjna-wielkanocna-procesja-konna-w-ostropie-zwyczaj-ktory-siega-xvii-wieku\/\" \/>\n<meta property=\"og:site_name\" content=\"24GLIWICE - Portal Gliwice | codziennie nowe informacje\" \/>\n<meta property=\"article:publisher\" content=\"https:\/\/www.facebook.com\/24gliwice\" \/>\n<meta property=\"article:published_time\" content=\"2022-04-13T22:58:33+00:00\" \/>\n<meta property=\"article:modified_time\" content=\"2022-04-18T23:03:37+00:00\" \/>\n<meta property=\"og:image\" content=\"https:\/\/www.24gliwice.pl\/wiadomosci\/wp-content\/uploads\/2019\/04\/ostropa-procesja-konna.jpg\" \/>\n\t<meta property=\"og:image:width\" content=\"810\" \/>\n\t<meta property=\"og:image:height\" content=\"456\" \/>\n\t<meta property=\"og:image:type\" content=\"image\/jpeg\" \/>\n<meta name=\"author\" content=\"\u017baneta Mrozek-Siewierska\" \/>\n<meta name=\"twitter:card\" content=\"summary_large_image\" \/>\n<meta name=\"twitter:creator\" content=\"@24gliwice\" \/>\n<meta name=\"twitter:site\" content=\"@24gliwice\" \/>\n<meta name=\"twitter:label1\" content=\"Napisane przez\" \/>\n\t<meta name=\"twitter:data1\" content=\"\u017baneta Mrozek-Siewierska\" \/>\n\t<meta name=\"twitter:label2\" content=\"Szacowany czas czytania\" \/>\n\t<meta name=\"twitter:data2\" content=\"1 minuta\" \/>\n<script type=\"application\/ld+json\" class=\"yoast-schema-graph\">{\"@context\":\"https:\\\/\\\/schema.org\",\"@graph\":[{\"@type\":\"Article\",\"@id\":\"https:\\\/\\\/www.24gliwice.pl\\\/wiadomosci\\\/tradycyjna-wielkanocna-procesja-konna-w-ostropie-zwyczaj-ktory-siega-xvii-wieku\\\/#article\",\"isPartOf\":{\"@id\":\"https:\\\/\\\/www.24gliwice.pl\\\/wiadomosci\\\/tradycyjna-wielkanocna-procesja-konna-w-ostropie-zwyczaj-ktory-siega-xvii-wieku\\\/\"},\"author\":{\"name\":\"\u017baneta Mrozek-Siewierska\",\"@id\":\"https:\\\/\\\/www.24gliwice.pl\\\/wiadomosci\\\/#\\\/schema\\\/person\\\/e42c650edd7f2fa332be3811fb166b6e\"},\"headline\":\"Tradycyjna wielkanocna procesja konna w Ostropie. Zwyczaj, kt\u00f3ry si\u0119ga XVII wieku\",\"datePublished\":\"2022-04-13T22:58:33+00:00\",\"dateModified\":\"2022-04-18T23:03:37+00:00\",\"mainEntityOfPage\":{\"@id\":\"https:\\\/\\\/www.24gliwice.pl\\\/wiadomosci\\\/tradycyjna-wielkanocna-procesja-konna-w-ostropie-zwyczaj-ktory-siega-xvii-wieku\\\/\"},\"wordCount\":291,\"commentCount\":0,\"publisher\":{\"@id\":\"https:\\\/\\\/www.24gliwice.pl\\\/wiadomosci\\\/#organization\"},\"image\":{\"@id\":\"https:\\\/\\\/www.24gliwice.pl\\\/wiadomosci\\\/tradycyjna-wielkanocna-procesja-konna-w-ostropie-zwyczaj-ktory-siega-xvii-wieku\\\/#primaryimage\"},\"thumbnailUrl\":\"https:\\\/\\\/www.24gliwice.pl\\\/wiadomosci\\\/wp-content\\\/uploads\\\/2019\\\/04\\\/ostropa-procesja-konna.jpg\",\"articleSection\":[\"Gliwice\",\"Kultura, wydarzenia, imprezy\",\"Najnowsze wiadomo\u015bci\"],\"inLanguage\":\"pl-PL\",\"potentialAction\":[{\"@type\":\"CommentAction\",\"name\":\"Comment\",\"target\":[\"https:\\\/\\\/www.24gliwice.pl\\\/wiadomosci\\\/tradycyjna-wielkanocna-procesja-konna-w-ostropie-zwyczaj-ktory-siega-xvii-wieku\\\/#respond\"]}]},{\"@type\":\"WebPage\",\"@id\":\"https:\\\/\\\/www.24gliwice.pl\\\/wiadomosci\\\/tradycyjna-wielkanocna-procesja-konna-w-ostropie-zwyczaj-ktory-siega-xvii-wieku\\\/\",\"url\":\"https:\\\/\\\/www.24gliwice.pl\\\/wiadomosci\\\/tradycyjna-wielkanocna-procesja-konna-w-ostropie-zwyczaj-ktory-siega-xvii-wieku\\\/\",\"name\":\"Tradycyjna wielkanocna procesja konna w Ostropie. Zwyczaj, kt\u00f3ry si\u0119ga XVII wieku - 24GLIWICE - Portal Gliwice | codziennie nowe informacje\",\"isPartOf\":{\"@id\":\"https:\\\/\\\/www.24gliwice.pl\\\/wiadomosci\\\/#website\"},\"primaryImageOfPage\":{\"@id\":\"https:\\\/\\\/www.24gliwice.pl\\\/wiadomosci\\\/tradycyjna-wielkanocna-procesja-konna-w-ostropie-zwyczaj-ktory-siega-xvii-wieku\\\/#primaryimage\"},\"image\":{\"@id\":\"https:\\\/\\\/www.24gliwice.pl\\\/wiadomosci\\\/tradycyjna-wielkanocna-procesja-konna-w-ostropie-zwyczaj-ktory-siega-xvii-wieku\\\/#primaryimage\"},\"thumbnailUrl\":\"https:\\\/\\\/www.24gliwice.pl\\\/wiadomosci\\\/wp-content\\\/uploads\\\/2019\\\/04\\\/ostropa-procesja-konna.jpg\",\"datePublished\":\"2022-04-13T22:58:33+00:00\",\"dateModified\":\"2022-04-18T23:03:37+00:00\",\"description\":\"W poniedzia\u0142ek wielkanocny w Ostropie odb\u0119dzie si\u0119 tradycyjna procesja konna. Wydarzenie, kt\u00f3re rozpocznie si\u0119 o 13:00, potrwa 4 godziny\",\"breadcrumb\":{\"@id\":\"https:\\\/\\\/www.24gliwice.pl\\\/wiadomosci\\\/tradycyjna-wielkanocna-procesja-konna-w-ostropie-zwyczaj-ktory-siega-xvii-wieku\\\/#breadcrumb\"},\"inLanguage\":\"pl-PL\",\"potentialAction\":[{\"@type\":\"ReadAction\",\"target\":[\"https:\\\/\\\/www.24gliwice.pl\\\/wiadomosci\\\/tradycyjna-wielkanocna-procesja-konna-w-ostropie-zwyczaj-ktory-siega-xvii-wieku\\\/\"]}]},{\"@type\":\"ImageObject\",\"inLanguage\":\"pl-PL\",\"@id\":\"https:\\\/\\\/www.24gliwice.pl\\\/wiadomosci\\\/tradycyjna-wielkanocna-procesja-konna-w-ostropie-zwyczaj-ktory-siega-xvii-wieku\\\/#primaryimage\",\"url\":\"https:\\\/\\\/www.24gliwice.pl\\\/wiadomosci\\\/wp-content\\\/uploads\\\/2019\\\/04\\\/ostropa-procesja-konna.jpg\",\"contentUrl\":\"https:\\\/\\\/www.24gliwice.pl\\\/wiadomosci\\\/wp-content\\\/uploads\\\/2019\\\/04\\\/ostropa-procesja-konna.jpg\",\"width\":810,\"height\":456},{\"@type\":\"BreadcrumbList\",\"@id\":\"https:\\\/\\\/www.24gliwice.pl\\\/wiadomosci\\\/tradycyjna-wielkanocna-procesja-konna-w-ostropie-zwyczaj-ktory-siega-xvii-wieku\\\/#breadcrumb\",\"itemListElement\":[{\"@type\":\"ListItem\",\"position\":1,\"name\":\"Strona g\u0142\u00f3wna\",\"item\":\"https:\\\/\\\/www.24gliwice.pl\\\/wiadomosci\\\/\"},{\"@type\":\"ListItem\",\"position\":2,\"name\":\"Tradycyjna wielkanocna procesja konna w Ostropie. Zwyczaj, kt\u00f3ry si\u0119ga XVII wieku\"}]},{\"@type\":\"WebSite\",\"@id\":\"https:\\\/\\\/www.24gliwice.pl\\\/wiadomosci\\\/#website\",\"url\":\"https:\\\/\\\/www.24gliwice.pl\\\/wiadomosci\\\/\",\"name\":\"24GLIWICE - Portal Gliwice | codziennie nowe wiadomo\u015bci\",\"description\":\"Portal Miejski Gliwice\",\"publisher\":{\"@id\":\"https:\\\/\\\/www.24gliwice.pl\\\/wiadomosci\\\/#organization\"},\"potentialAction\":[{\"@type\":\"SearchAction\",\"target\":{\"@type\":\"EntryPoint\",\"urlTemplate\":\"https:\\\/\\\/www.24gliwice.pl\\\/wiadomosci\\\/?s={search_term_string}\"},\"query-input\":{\"@type\":\"PropertyValueSpecification\",\"valueRequired\":true,\"valueName\":\"search_term_string\"}}],\"inLanguage\":\"pl-PL\"},{\"@type\":\"Organization\",\"@id\":\"https:\\\/\\\/www.24gliwice.pl\\\/wiadomosci\\\/#organization\",\"name\":\"24gliwice\",\"url\":\"https:\\\/\\\/www.24gliwice.pl\\\/wiadomosci\\\/\",\"logo\":{\"@type\":\"ImageObject\",\"inLanguage\":\"pl-PL\",\"@id\":\"https:\\\/\\\/www.24gliwice.pl\\\/wiadomosci\\\/#\\\/schema\\\/logo\\\/image\\\/\",\"url\":\"https:\\\/\\\/www.24gliwice.pl\\\/wiadomosci\\\/wp-content\\\/uploads\\\/2024\\\/10\\\/24gliwice-logo-696.jpg\",\"contentUrl\":\"https:\\\/\\\/www.24gliwice.pl\\\/wiadomosci\\\/wp-content\\\/uploads\\\/2024\\\/10\\\/24gliwice-logo-696.jpg\",\"width\":696,\"height\":696,\"caption\":\"24gliwice\"},\"image\":{\"@id\":\"https:\\\/\\\/www.24gliwice.pl\\\/wiadomosci\\\/#\\\/schema\\\/logo\\\/image\\\/\"},\"sameAs\":[\"https:\\\/\\\/www.facebook.com\\\/24gliwice\",\"https:\\\/\\\/x.com\\\/24gliwice\",\"https:\\\/\\\/www.youtube.com\\\/@24gliwice\"]},{\"@type\":\"Person\",\"@id\":\"https:\\\/\\\/www.24gliwice.pl\\\/wiadomosci\\\/#\\\/schema\\\/person\\\/e42c650edd7f2fa332be3811fb166b6e\",\"name\":\"\u017baneta Mrozek-Siewierska\",\"image\":{\"@type\":\"ImageObject\",\"inLanguage\":\"pl-PL\",\"@id\":\"https:\\\/\\\/www.24gliwice.pl\\\/wiadomosci\\\/wp-content\\\/uploads\\\/2021\\\/11\\\/Zaneta-M_S-zdjecie-czb-96x96.jpg\",\"url\":\"https:\\\/\\\/www.24gliwice.pl\\\/wiadomosci\\\/wp-content\\\/uploads\\\/2021\\\/11\\\/Zaneta-M_S-zdjecie-czb-96x96.jpg\",\"contentUrl\":\"https:\\\/\\\/www.24gliwice.pl\\\/wiadomosci\\\/wp-content\\\/uploads\\\/2021\\\/11\\\/Zaneta-M_S-zdjecie-czb-96x96.jpg\",\"caption\":\"\u017baneta Mrozek-Siewierska\"},\"url\":\"https:\\\/\\\/www.24gliwice.pl\\\/wiadomosci\\\/author\\\/zms\\\/\"}]}<\/script>\n<!-- \/ Yoast SEO plugin. -->","yoast_head_json":{"title":"Tradycyjna wielkanocna procesja konna w Ostropie. Zwyczaj, kt\u00f3ry si\u0119ga XVII wieku - 24GLIWICE - Portal Gliwice | codziennie nowe informacje","description":"W poniedzia\u0142ek wielkanocny w Ostropie odb\u0119dzie si\u0119 tradycyjna procesja konna. Wydarzenie, kt\u00f3re rozpocznie si\u0119 o 13:00, potrwa 4 godziny","robots":{"index":"index","follow":"follow","max-snippet":"max-snippet:-1","max-image-preview":"max-image-preview:large","max-video-preview":"max-video-preview:-1"},"canonical":"https:\/\/www.24gliwice.pl\/wiadomosci\/tradycyjna-wielkanocna-procesja-konna-w-ostropie-zwyczaj-ktory-siega-xvii-wieku\/","og_locale":"pl_PL","og_type":"article","og_title":"Tradycyjna wielkanocna procesja konna w Ostropie. Zwyczaj, kt\u00f3ry si\u0119ga XVII wieku - 24GLIWICE - Portal Gliwice | codziennie nowe informacje","og_description":"W poniedzia\u0142ek wielkanocny w Ostropie odb\u0119dzie si\u0119 tradycyjna procesja konna. Wydarzenie, kt\u00f3re rozpocznie si\u0119 o 13:00, potrwa 4 godziny","og_url":"https:\/\/www.24gliwice.pl\/wiadomosci\/tradycyjna-wielkanocna-procesja-konna-w-ostropie-zwyczaj-ktory-siega-xvii-wieku\/","og_site_name":"24GLIWICE - Portal Gliwice | codziennie nowe informacje","article_publisher":"https:\/\/www.facebook.com\/24gliwice","article_published_time":"2022-04-13T22:58:33+00:00","article_modified_time":"2022-04-18T23:03:37+00:00","og_image":[{"width":810,"height":456,"url":"https:\/\/www.24gliwice.pl\/wiadomosci\/wp-content\/uploads\/2019\/04\/ostropa-procesja-konna.jpg","type":"image\/jpeg"}],"author":"\u017baneta Mrozek-Siewierska","twitter_card":"summary_large_image","twitter_creator":"@24gliwice","twitter_site":"@24gliwice","twitter_misc":{"Napisane przez":"\u017baneta Mrozek-Siewierska","Szacowany czas czytania":"1 minuta"},"schema":{"@context":"https:\/\/schema.org","@graph":[{"@type":"Article","@id":"https:\/\/www.24gliwice.pl\/wiadomosci\/tradycyjna-wielkanocna-procesja-konna-w-ostropie-zwyczaj-ktory-siega-xvii-wieku\/#article","isPartOf":{"@id":"https:\/\/www.24gliwice.pl\/wiadomosci\/tradycyjna-wielkanocna-procesja-konna-w-ostropie-zwyczaj-ktory-siega-xvii-wieku\/"},"author":{"name":"\u017baneta Mrozek-Siewierska","@id":"https:\/\/www.24gliwice.pl\/wiadomosci\/#\/schema\/person\/e42c650edd7f2fa332be3811fb166b6e"},"headline":"Tradycyjna wielkanocna procesja konna w Ostropie. Zwyczaj, kt\u00f3ry si\u0119ga XVII wieku","datePublished":"2022-04-13T22:58:33+00:00","dateModified":"2022-04-18T23:03:37+00:00","mainEntityOfPage":{"@id":"https:\/\/www.24gliwice.pl\/wiadomosci\/tradycyjna-wielkanocna-procesja-konna-w-ostropie-zwyczaj-ktory-siega-xvii-wieku\/"},"wordCount":291,"commentCount":0,"publisher":{"@id":"https:\/\/www.24gliwice.pl\/wiadomosci\/#organization"},"image":{"@id":"https:\/\/www.24gliwice.pl\/wiadomosci\/tradycyjna-wielkanocna-procesja-konna-w-ostropie-zwyczaj-ktory-siega-xvii-wieku\/#primaryimage"},"thumbnailUrl":"https:\/\/www.24gliwice.pl\/wiadomosci\/wp-content\/uploads\/2019\/04\/ostropa-procesja-konna.jpg","articleSection":["Gliwice","Kultura, wydarzenia, imprezy","Najnowsze wiadomo\u015bci"],"inLanguage":"pl-PL","potentialAction":[{"@type":"CommentAction","name":"Comment","target":["https:\/\/www.24gliwice.pl\/wiadomosci\/tradycyjna-wielkanocna-procesja-konna-w-ostropie-zwyczaj-ktory-siega-xvii-wieku\/#respond"]}]},{"@type":"WebPage","@id":"https:\/\/www.24gliwice.pl\/wiadomosci\/tradycyjna-wielkanocna-procesja-konna-w-ostropie-zwyczaj-ktory-siega-xvii-wieku\/","url":"https:\/\/www.24gliwice.pl\/wiadomosci\/tradycyjna-wielkanocna-procesja-konna-w-ostropie-zwyczaj-ktory-siega-xvii-wieku\/","name":"Tradycyjna wielkanocna procesja konna w Ostropie. Zwyczaj, kt\u00f3ry si\u0119ga XVII wieku - 24GLIWICE - Portal Gliwice | codziennie nowe informacje","isPartOf":{"@id":"https:\/\/www.24gliwice.pl\/wiadomosci\/#website"},"primaryImageOfPage":{"@id":"https:\/\/www.24gliwice.pl\/wiadomosci\/tradycyjna-wielkanocna-procesja-konna-w-ostropie-zwyczaj-ktory-siega-xvii-wieku\/#primaryimage"},"image":{"@id":"https:\/\/www.24gliwice.pl\/wiadomosci\/tradycyjna-wielkanocna-procesja-konna-w-ostropie-zwyczaj-ktory-siega-xvii-wieku\/#primaryimage"},"thumbnailUrl":"https:\/\/www.24gliwice.pl\/wiadomosci\/wp-content\/uploads\/2019\/04\/ostropa-procesja-konna.jpg","datePublished":"2022-04-13T22:58:33+00:00","dateModified":"2022-04-18T23:03:37+00:00","description":"W poniedzia\u0142ek wielkanocny w Ostropie odb\u0119dzie si\u0119 tradycyjna procesja konna. Wydarzenie, kt\u00f3re rozpocznie si\u0119 o 13:00, potrwa 4 godziny","breadcrumb":{"@id":"https:\/\/www.24gliwice.pl\/wiadomosci\/tradycyjna-wielkanocna-procesja-konna-w-ostropie-zwyczaj-ktory-siega-xvii-wieku\/#breadcrumb"},"inLanguage":"pl-PL","potentialAction":[{"@type":"ReadAction","target":["https:\/\/www.24gliwice.pl\/wiadomosci\/tradycyjna-wielkanocna-procesja-konna-w-ostropie-zwyczaj-ktory-siega-xvii-wieku\/"]}]},{"@type":"ImageObject","inLanguage":"pl-PL","@id":"https:\/\/www.24gliwice.pl\/wiadomosci\/tradycyjna-wielkanocna-procesja-konna-w-ostropie-zwyczaj-ktory-siega-xvii-wieku\/#primaryimage","url":"https:\/\/www.24gliwice.pl\/wiadomosci\/wp-content\/uploads\/2019\/04\/ostropa-procesja-konna.jpg","contentUrl":"https:\/\/www.24gliwice.pl\/wiadomosci\/wp-content\/uploads\/2019\/04\/ostropa-procesja-konna.jpg","width":810,"height":456},{"@type":"BreadcrumbList","@id":"https:\/\/www.24gliwice.pl\/wiadomosci\/tradycyjna-wielkanocna-procesja-konna-w-ostropie-zwyczaj-ktory-siega-xvii-wieku\/#breadcrumb","itemListElement":[{"@type":"ListItem","position":1,"name":"Strona g\u0142\u00f3wna","item":"https:\/\/www.24gliwice.pl\/wiadomosci\/"},{"@type":"ListItem","position":2,"name":"Tradycyjna wielkanocna procesja konna w Ostropie. Zwyczaj, kt\u00f3ry si\u0119ga XVII wieku"}]},{"@type":"WebSite","@id":"https:\/\/www.24gliwice.pl\/wiadomosci\/#website","url":"https:\/\/www.24gliwice.pl\/wiadomosci\/","name":"24GLIWICE - Portal Gliwice | codziennie nowe wiadomo\u015bci","description":"Portal Miejski Gliwice","publisher":{"@id":"https:\/\/www.24gliwice.pl\/wiadomosci\/#organization"},"potentialAction":[{"@type":"SearchAction","target":{"@type":"EntryPoint","urlTemplate":"https:\/\/www.24gliwice.pl\/wiadomosci\/?s={search_term_string}"},"query-input":{"@type":"PropertyValueSpecification","valueRequired":true,"valueName":"search_term_string"}}],"inLanguage":"pl-PL"},{"@type":"Organization","@id":"https:\/\/www.24gliwice.pl\/wiadomosci\/#organization","name":"24gliwice","url":"https:\/\/www.24gliwice.pl\/wiadomosci\/","logo":{"@type":"ImageObject","inLanguage":"pl-PL","@id":"https:\/\/www.24gliwice.pl\/wiadomosci\/#\/schema\/logo\/image\/","url":"https:\/\/www.24gliwice.pl\/wiadomosci\/wp-content\/uploads\/2024\/10\/24gliwice-logo-696.jpg","contentUrl":"https:\/\/www.24gliwice.pl\/wiadomosci\/wp-content\/uploads\/2024\/10\/24gliwice-logo-696.jpg","width":696,"height":696,"caption":"24gliwice"},"image":{"@id":"https:\/\/www.24gliwice.pl\/wiadomosci\/#\/schema\/logo\/image\/"},"sameAs":["https:\/\/www.facebook.com\/24gliwice","https:\/\/x.com\/24gliwice","https:\/\/www.youtube.com\/@24gliwice"]},{"@type":"Person","@id":"https:\/\/www.24gliwice.pl\/wiadomosci\/#\/schema\/person\/e42c650edd7f2fa332be3811fb166b6e","name":"\u017baneta Mrozek-Siewierska","image":{"@type":"ImageObject","inLanguage":"pl-PL","@id":"https:\/\/www.24gliwice.pl\/wiadomosci\/wp-content\/uploads\/2021\/11\/Zaneta-M_S-zdjecie-czb-96x96.jpg","url":"https:\/\/www.24gliwice.pl\/wiadomosci\/wp-content\/uploads\/2021\/11\/Zaneta-M_S-zdjecie-czb-96x96.jpg","contentUrl":"https:\/\/www.24gliwice.pl\/wiadomosci\/wp-content\/uploads\/2021\/11\/Zaneta-M_S-zdjecie-czb-96x96.jpg","caption":"\u017baneta Mrozek-Siewierska"},"url":"https:\/\/www.24gliwice.pl\/wiadomosci\/author\/zms\/"}]}},"_links":{"self":[{"href":"https:\/\/www.24gliwice.pl\/wiadomosci\/wp-json\/wp\/v2\/posts\/190556","targetHints":{"allow":["GET"]}}],"collection":[{"href":"https:\/\/www.24gliwice.pl\/wiadomosci\/wp-json\/wp\/v2\/posts"}],"about":[{"href":"https:\/\/www.24gliwice.pl\/wiadomosci\/wp-json\/wp\/v2\/types\/post"}],"author":[{"embeddable":true,"href":"https:\/\/www.24gliwice.pl\/wiadomosci\/wp-json\/wp\/v2\/users\/15"}],"replies":[{"embeddable":true,"href":"https:\/\/www.24gliwice.pl\/wiadomosci\/wp-json\/wp\/v2\/comments?post=190556"}],"version-history":[{"count":9,"href":"https:\/\/www.24gliwice.pl\/wiadomosci\/wp-json\/wp\/v2\/posts\/190556\/revisions"}],"predecessor-version":[{"id":190767,"href":"https:\/\/www.24gliwice.pl\/wiadomosci\/wp-json\/wp\/v2\/posts\/190556\/revisions\/190767"}],"wp:featuredmedia":[{"embeddable":true,"href":"https:\/\/www.24gliwice.pl\/wiadomosci\/wp-json\/wp\/v2\/media\/134119"}],"wp:attachment":[{"href":"https:\/\/www.24gliwice.pl\/wiadomosci\/wp-json\/wp\/v2\/media?parent=190556"}],"wp:term":[{"taxonomy":"category","embeddable":true,"href":"https:\/\/www.24gliwice.pl\/wiadomosci\/wp-json\/wp\/v2\/categories?post=190556"},{"taxonomy":"post_tag","embeddable":true,"href":"https:\/\/www.24gliwice.pl\/wiadomosci\/wp-json\/wp\/v2\/tags?post=190556"}],"curies":[{"name":"wp","href":"https:\/\/api.w.org\/{rel}","templated":true}]}}