{"id":190605,"date":"2022-04-13T17:23:51","date_gmt":"2022-04-13T15:23:51","guid":{"rendered":"https:\/\/www.24gliwice.pl\/wiadomosci\/?p=190605"},"modified":"2022-04-22T17:23:39","modified_gmt":"2022-04-22T15:23:39","slug":"zielone-ekrany-wzdluz-kd-88-na-wniosek-mieszkancow-nasadzonych-zostanie-90-grabow","status":"publish","type":"post","link":"https:\/\/www.24gliwice.pl\/wiadomosci\/zielone-ekrany-wzdluz-kd-88-na-wniosek-mieszkancow-nasadzonych-zostanie-90-grabow\/","title":{"rendered":"Zielone ekrany wzd\u0142u\u017c DK 88. Na wniosek mieszka\u0144c\u00f3w nasadzonych zostanie 90 grab\u00f3w"},"content":{"rendered":"<div class=\"gliwi-a6-nad-leadem-artykulow gliwi-entity-placement\" id=\"gliwi-2754658580\"><div class=\"gliwi-adlabel\"><span style=\"font-size: 9px\">REKLAMA<\/span><\/div><div id=\"gliwi-2278104205\" style=\"margin-bottom: 30px;margin-left: auto;margin-right: auto;text-align: center;\"><a data-no-instant=\"1\" href=\"https:\/\/przedszkole.halogen.org.pl\/\" rel=\"noopener\" class=\"a2t-link\" target=\"_blank\" aria-label=\"20260402-ANIMATOR-przedszkole_grafika_750x200\"><img loading=\"lazy\" decoding=\"async\" src=\"https:\/\/www.24gliwice.pl\/wiadomosci\/wp-content\/uploads\/2026\/04\/20260402-ANIMATOR-przedszkole_grafika_750x200.webp\" alt=\"\"  srcset=\"https:\/\/www.24gliwice.pl\/wiadomosci\/wp-content\/uploads\/2026\/04\/20260402-ANIMATOR-przedszkole_grafika_750x200.webp 750w, https:\/\/www.24gliwice.pl\/wiadomosci\/wp-content\/uploads\/2026\/04\/20260402-ANIMATOR-przedszkole_grafika_750x200-410x109.webp 410w\" sizes=\"(max-width: 750px) 100vw, 750px\" class=\"no-lazyload\" width=\"750\" height=\"200\"  style=\"display: inline-block; max-width: 100%; height: auto;\" \/><\/a><\/div><\/div><h2>Ruszy\u0142a tegoroczna ods\u0142ona akcji tworzenia zielonych ekran\u00f3w przy gliwickich trasach o du\u017cym nat\u0119\u017ceniu ruchu. O kolejne drzewa wzbogacaj\u0105 si\u0119 pasy drogowe wzd\u0142u\u017c alei Jana Nowaka-Jeziora\u0144skiego. Prace odbywaj\u0105 si\u0119 w ramach Gliwickiego Bud\u017cetu Obywatelskiego.<\/h2>\n<p>&nbsp;<br \/>\nNasadzanych jest tam 90 grab\u00f3w, kt\u00f3re b\u0119d\u0105 chroni\u0107 mieszka\u0144c\u00f3w pobliskich zabudowa\u0144 przed ha\u0142asem. Stworz\u0105 te\u017c rodzaj filtra biologicznego, zatrzymuj\u0105c osiadaj\u0105cy py\u0142 i poch\u0142aniaj\u0105c niekt\u00f3re zanieczyszczenia komunikacyjne. W przysz\u0142o\u015bci ich korony mog\u0105 sta\u0107 si\u0119 miejscem bytowania ptak\u00f3w. <\/p>\n<h4>W ubieg\u0142ym roku podobn\u0105 akcj\u0119, z inicjatywy Zarz\u0105du Dr\u00f3g Miejskich w Gliwicach, przeprowadzono przy tej samej drodze na wysoko\u015bci ul. \u015bw. Wojciecha, gdzie wolne miejsce uzupe\u0142ni\u0142y 83 graby.<\/h4>\n<p>Tak\u017ce w ubieg\u0142ym roku ponad 200 drzew tego samego gatunku nasadzono przy alei Jana Nowaka-Jeziora\u0144skiego, na wysoko\u015bci ul. Tarnog\u00f3rskiej.<\/p><div class=\"gliwi-a3-w-tresci-artykulow gliwi-entity-placement\" id=\"gliwi-705699073\"><div class=\"gliwi-adlabel\"><span style=\"font-size: 9px\">REKLAMA<\/span><\/div><div id=\"gliwi-3248435187\" style=\"margin-bottom: 30px;margin-left: auto;margin-right: auto;text-align: center;\"><a data-no-instant=\"1\" href=\"https:\/\/ogrodyandersa.pl\/\" rel=\"noopener\" class=\"a2t-link\" target=\"_blank\" aria-label=\"20260415 Ogrody Andersa KUP TERAZ D\"><img loading=\"lazy\" decoding=\"async\" src=\"https:\/\/www.24gliwice.pl\/wiadomosci\/wp-content\/uploads\/2026\/04\/20260415-Ogrody-Andersa-KUP-TERAZ-D.jpg\" alt=\"\"  srcset=\"https:\/\/www.24gliwice.pl\/wiadomosci\/wp-content\/uploads\/2026\/04\/20260415-Ogrody-Andersa-KUP-TERAZ-D.jpg 750w, https:\/\/www.24gliwice.pl\/wiadomosci\/wp-content\/uploads\/2026\/04\/20260415-Ogrody-Andersa-KUP-TERAZ-D-410x109.jpg 410w\" sizes=\"(max-width: 750px) 100vw, 750px\" class=\"no-lazyload\" width=\"750\" height=\"200\"  style=\"display: inline-block; max-width: 100%; height: auto;\" \/><\/a><\/div><\/div>\n<p>\u2013 Tworzenie zielonych ekran\u00f3w to akcja przewidziana na kilka lat. Naturalne bariery ochronne nie zadzia\u0142aj\u0105 od razu, bo ro\u015bliny potrzebuj\u0105 czasu na rozro\u015bni\u0119cie si\u0119 i osi\u0105gni\u0119cie optymalnych rozmiar\u00f3w. To nasza inwestycja w przysz\u0142o\u015b\u0107 \u2013 przypomina <strong>Dawid Och\u00f3d<\/strong>, zast\u0119pca dyrektora ZDM w Gliwicach.<\/p>\n<h4>Warto podkre\u015bli\u0107, \u017ce w ramach tegorocznej og\u00f3lnomiejskiej akcji zazieleniania pas\u00f3w drogowych w \u015br\u00f3dmie\u015bciu Gliwic, w niespe\u0142na miesi\u0105c w przydro\u017cne lokalizacje trafi\u0142o ju\u017c ponad 600 drzew.<\/h4>\n<p>Wybierane s\u0105 gatunki, kt\u00f3re do\u015b\u0107 szybko rosn\u0105, dobrze sprawdzaj\u0105 si\u0119 w miastach, s\u0105 odporne na choroby i szkodniki, a przede wszystkim toleruj\u0105 ekstremalne warunki miejskie, w tym zanieczyszczenie powietrza, mr\u00f3z i wiatr. Przy planowaniu kompozycji pod uwag\u0119 brane s\u0105 tak\u017ce walory estetyczne, w tym kszta\u0142t i kolory ro\u015blin.<\/p>\n<p>(\u017cms)\/UM Gliwice\/ZDM<br \/>\nfot. ZDM Gliwice<\/p>\n<div class=\"gliwi-a5-na-koncu-artykulow gliwi-entity-placement\" id=\"gliwi-4210927417\"><div class=\"gliwi-adlabel\"><span style=\"font-size: 9px\">REKLAMA<\/span><\/div><div id=\"gliwi-1250630139\" style=\"margin-left: auto;margin-right: auto;text-align: center;\"><a data-no-instant=\"1\" href=\"https:\/\/prezeroarenagliwice.pl\/\" rel=\"noopener\" class=\"a2t-link\" target=\"_blank\" aria-label=\"20260309-PREZERO-WIOSNA-D\"><img loading=\"lazy\" decoding=\"async\" src=\"https:\/\/www.24gliwice.pl\/wiadomosci\/wp-content\/uploads\/2026\/03\/20260309-PREZERO-WIOSNA-D.webp\" alt=\"\"  srcset=\"https:\/\/www.24gliwice.pl\/wiadomosci\/wp-content\/uploads\/2026\/03\/20260309-PREZERO-WIOSNA-D.webp 750w, https:\/\/www.24gliwice.pl\/wiadomosci\/wp-content\/uploads\/2026\/03\/20260309-PREZERO-WIOSNA-D-410x109.webp 410w\" sizes=\"(max-width: 750px) 100vw, 750px\" class=\"no-lazyload\" width=\"750\" height=\"200\"  style=\"display: inline-block; max-width: 100%; height: auto;\" \/><\/a><\/div><\/div>","protected":false},"excerpt":{"rendered":"<p>Ruszy\u0142a tegoroczna ods\u0142ona akcji tworzenia zielonych ekran\u00f3w przy gliwickich trasach o du\u017cym nat\u0119\u017ceniu ruchu. O kolejne drzewa wzbogacaj\u0105 si\u0119 pasy drogowe wzd\u0142u\u017c alei Jana Nowaka-Jeziora\u0144skiego. Prace odbywaj\u0105 si\u0119 w ramach Gliwickiego Bud\u017cetu Obywatelskiego. &nbsp; Nasadzanych jest tam 90 grab\u00f3w, kt\u00f3re b\u0119d\u0105 chroni\u0107 mieszka\u0144c\u00f3w pobliskich zabudowa\u0144 przed ha\u0142asem. Stworz\u0105 te\u017c rodzaj filtra biologicznego, zatrzymuj\u0105c osiadaj\u0105cy py\u0142 [&hellip;]<\/p>\n","protected":false},"author":15,"featured_media":190625,"comment_status":"open","ping_status":"closed","sticky":false,"template":"","format":"standard","meta":{"_monsterinsights_skip_tracking":false,"_monsterinsights_sitenote_active":false,"_monsterinsights_sitenote_note":"","_monsterinsights_sitenote_category":0,"footnotes":"","_links_to":"","_links_to_target":""},"categories":[3,1],"tags":[2577],"class_list":["post-190605","post","type-post","status-publish","format-standard","has-post-thumbnail","hentry","category-gliwice","category-wszystko","tag-zielone-gliwice"],"yoast_head":"<!-- This site is optimized with the Yoast SEO plugin v27.4 - https:\/\/yoast.com\/product\/yoast-seo-wordpress\/ -->\n<title>Zielone ekrany wzd\u0142u\u017c DK 88. Na wniosek mieszka\u0144c\u00f3w nasadzonych zostanie 90 grab\u00f3w - 24GLIWICE - Portal Gliwice | codziennie nowe informacje<\/title>\n<meta name=\"description\" content=\"W ramach zadania z GBO na 2022 rok wzd\u0142u\u017c DK 88 sadzone s\u0105 drzewa. Niebawem pojawi si\u0119 tam kolejnych 90 grab\u00f3w\" \/>\n<meta name=\"robots\" content=\"index, follow, max-snippet:-1, max-image-preview:large, max-video-preview:-1\" \/>\n<link rel=\"canonical\" href=\"https:\/\/www.24gliwice.pl\/wiadomosci\/zielone-ekrany-wzdluz-kd-88-na-wniosek-mieszkancow-nasadzonych-zostanie-90-grabow\/\" \/>\n<meta property=\"og:locale\" content=\"pl_PL\" \/>\n<meta property=\"og:type\" content=\"article\" \/>\n<meta property=\"og:title\" content=\"Zielone ekrany wzd\u0142u\u017c DK 88. Na wniosek mieszka\u0144c\u00f3w nasadzonych zostanie 90 grab\u00f3w - 24GLIWICE - Portal Gliwice | codziennie nowe informacje\" \/>\n<meta property=\"og:description\" content=\"W ramach zadania z GBO na 2022 rok wzd\u0142u\u017c DK 88 sadzone s\u0105 drzewa. Niebawem pojawi si\u0119 tam kolejnych 90 grab\u00f3w\" \/>\n<meta property=\"og:url\" content=\"https:\/\/www.24gliwice.pl\/wiadomosci\/zielone-ekrany-wzdluz-kd-88-na-wniosek-mieszkancow-nasadzonych-zostanie-90-grabow\/\" \/>\n<meta property=\"og:site_name\" content=\"24GLIWICE - Portal Gliwice | codziennie nowe informacje\" \/>\n<meta property=\"article:publisher\" content=\"https:\/\/www.facebook.com\/24gliwice\" \/>\n<meta property=\"article:published_time\" content=\"2022-04-13T15:23:51+00:00\" \/>\n<meta property=\"article:modified_time\" content=\"2022-04-22T15:23:39+00:00\" \/>\n<meta property=\"og:image\" content=\"https:\/\/www.24gliwice.pl\/wiadomosci\/wp-content\/uploads\/2022\/04\/graby-Drzewa-DK88_1067x800.jpg\" \/>\n\t<meta property=\"og:image:width\" content=\"810\" \/>\n\t<meta property=\"og:image:height\" content=\"454\" \/>\n\t<meta property=\"og:image:type\" content=\"image\/jpeg\" \/>\n<meta name=\"author\" content=\"\u017baneta Mrozek-Siewierska\" \/>\n<meta name=\"twitter:card\" content=\"summary_large_image\" \/>\n<meta name=\"twitter:creator\" content=\"@24gliwice\" \/>\n<meta name=\"twitter:site\" content=\"@24gliwice\" \/>\n<meta name=\"twitter:label1\" content=\"Napisane przez\" \/>\n\t<meta name=\"twitter:data1\" content=\"\u017baneta Mrozek-Siewierska\" \/>\n\t<meta name=\"twitter:label2\" content=\"Szacowany czas czytania\" \/>\n\t<meta name=\"twitter:data2\" content=\"1 minuta\" \/>\n<script type=\"application\/ld+json\" class=\"yoast-schema-graph\">{\"@context\":\"https:\\\/\\\/schema.org\",\"@graph\":[{\"@type\":\"Article\",\"@id\":\"https:\\\/\\\/www.24gliwice.pl\\\/wiadomosci\\\/zielone-ekrany-wzdluz-kd-88-na-wniosek-mieszkancow-nasadzonych-zostanie-90-grabow\\\/#article\",\"isPartOf\":{\"@id\":\"https:\\\/\\\/www.24gliwice.pl\\\/wiadomosci\\\/zielone-ekrany-wzdluz-kd-88-na-wniosek-mieszkancow-nasadzonych-zostanie-90-grabow\\\/\"},\"author\":{\"name\":\"\u017baneta Mrozek-Siewierska\",\"@id\":\"https:\\\/\\\/www.24gliwice.pl\\\/wiadomosci\\\/#\\\/schema\\\/person\\\/e42c650edd7f2fa332be3811fb166b6e\"},\"headline\":\"Zielone ekrany wzd\u0142u\u017c DK 88. Na wniosek mieszka\u0144c\u00f3w nasadzonych zostanie 90 grab\u00f3w\",\"datePublished\":\"2022-04-13T15:23:51+00:00\",\"dateModified\":\"2022-04-22T15:23:39+00:00\",\"mainEntityOfPage\":{\"@id\":\"https:\\\/\\\/www.24gliwice.pl\\\/wiadomosci\\\/zielone-ekrany-wzdluz-kd-88-na-wniosek-mieszkancow-nasadzonych-zostanie-90-grabow\\\/\"},\"wordCount\":305,\"commentCount\":0,\"publisher\":{\"@id\":\"https:\\\/\\\/www.24gliwice.pl\\\/wiadomosci\\\/#organization\"},\"image\":{\"@id\":\"https:\\\/\\\/www.24gliwice.pl\\\/wiadomosci\\\/zielone-ekrany-wzdluz-kd-88-na-wniosek-mieszkancow-nasadzonych-zostanie-90-grabow\\\/#primaryimage\"},\"thumbnailUrl\":\"https:\\\/\\\/www.24gliwice.pl\\\/wiadomosci\\\/wp-content\\\/uploads\\\/2022\\\/04\\\/graby-Drzewa-DK88_1067x800.jpg\",\"keywords\":[\"zielone gliwice\"],\"articleSection\":[\"Gliwice\",\"Najnowsze wiadomo\u015bci\"],\"inLanguage\":\"pl-PL\",\"potentialAction\":[{\"@type\":\"CommentAction\",\"name\":\"Comment\",\"target\":[\"https:\\\/\\\/www.24gliwice.pl\\\/wiadomosci\\\/zielone-ekrany-wzdluz-kd-88-na-wniosek-mieszkancow-nasadzonych-zostanie-90-grabow\\\/#respond\"]}]},{\"@type\":\"WebPage\",\"@id\":\"https:\\\/\\\/www.24gliwice.pl\\\/wiadomosci\\\/zielone-ekrany-wzdluz-kd-88-na-wniosek-mieszkancow-nasadzonych-zostanie-90-grabow\\\/\",\"url\":\"https:\\\/\\\/www.24gliwice.pl\\\/wiadomosci\\\/zielone-ekrany-wzdluz-kd-88-na-wniosek-mieszkancow-nasadzonych-zostanie-90-grabow\\\/\",\"name\":\"Zielone ekrany wzd\u0142u\u017c DK 88. Na wniosek mieszka\u0144c\u00f3w nasadzonych zostanie 90 grab\u00f3w - 24GLIWICE - Portal Gliwice | codziennie nowe informacje\",\"isPartOf\":{\"@id\":\"https:\\\/\\\/www.24gliwice.pl\\\/wiadomosci\\\/#website\"},\"primaryImageOfPage\":{\"@id\":\"https:\\\/\\\/www.24gliwice.pl\\\/wiadomosci\\\/zielone-ekrany-wzdluz-kd-88-na-wniosek-mieszkancow-nasadzonych-zostanie-90-grabow\\\/#primaryimage\"},\"image\":{\"@id\":\"https:\\\/\\\/www.24gliwice.pl\\\/wiadomosci\\\/zielone-ekrany-wzdluz-kd-88-na-wniosek-mieszkancow-nasadzonych-zostanie-90-grabow\\\/#primaryimage\"},\"thumbnailUrl\":\"https:\\\/\\\/www.24gliwice.pl\\\/wiadomosci\\\/wp-content\\\/uploads\\\/2022\\\/04\\\/graby-Drzewa-DK88_1067x800.jpg\",\"datePublished\":\"2022-04-13T15:23:51+00:00\",\"dateModified\":\"2022-04-22T15:23:39+00:00\",\"description\":\"W ramach zadania z GBO na 2022 rok wzd\u0142u\u017c DK 88 sadzone s\u0105 drzewa. Niebawem pojawi si\u0119 tam kolejnych 90 grab\u00f3w\",\"breadcrumb\":{\"@id\":\"https:\\\/\\\/www.24gliwice.pl\\\/wiadomosci\\\/zielone-ekrany-wzdluz-kd-88-na-wniosek-mieszkancow-nasadzonych-zostanie-90-grabow\\\/#breadcrumb\"},\"inLanguage\":\"pl-PL\",\"potentialAction\":[{\"@type\":\"ReadAction\",\"target\":[\"https:\\\/\\\/www.24gliwice.pl\\\/wiadomosci\\\/zielone-ekrany-wzdluz-kd-88-na-wniosek-mieszkancow-nasadzonych-zostanie-90-grabow\\\/\"]}]},{\"@type\":\"ImageObject\",\"inLanguage\":\"pl-PL\",\"@id\":\"https:\\\/\\\/www.24gliwice.pl\\\/wiadomosci\\\/zielone-ekrany-wzdluz-kd-88-na-wniosek-mieszkancow-nasadzonych-zostanie-90-grabow\\\/#primaryimage\",\"url\":\"https:\\\/\\\/www.24gliwice.pl\\\/wiadomosci\\\/wp-content\\\/uploads\\\/2022\\\/04\\\/graby-Drzewa-DK88_1067x800.jpg\",\"contentUrl\":\"https:\\\/\\\/www.24gliwice.pl\\\/wiadomosci\\\/wp-content\\\/uploads\\\/2022\\\/04\\\/graby-Drzewa-DK88_1067x800.jpg\",\"width\":810,\"height\":454},{\"@type\":\"BreadcrumbList\",\"@id\":\"https:\\\/\\\/www.24gliwice.pl\\\/wiadomosci\\\/zielone-ekrany-wzdluz-kd-88-na-wniosek-mieszkancow-nasadzonych-zostanie-90-grabow\\\/#breadcrumb\",\"itemListElement\":[{\"@type\":\"ListItem\",\"position\":1,\"name\":\"Strona g\u0142\u00f3wna\",\"item\":\"https:\\\/\\\/www.24gliwice.pl\\\/wiadomosci\\\/\"},{\"@type\":\"ListItem\",\"position\":2,\"name\":\"Zielone ekrany wzd\u0142u\u017c DK 88. Na wniosek mieszka\u0144c\u00f3w nasadzonych zostanie 90 grab\u00f3w\"}]},{\"@type\":\"WebSite\",\"@id\":\"https:\\\/\\\/www.24gliwice.pl\\\/wiadomosci\\\/#website\",\"url\":\"https:\\\/\\\/www.24gliwice.pl\\\/wiadomosci\\\/\",\"name\":\"24GLIWICE - Portal Gliwice | codziennie nowe wiadomo\u015bci\",\"description\":\"Portal Miejski Gliwice\",\"publisher\":{\"@id\":\"https:\\\/\\\/www.24gliwice.pl\\\/wiadomosci\\\/#organization\"},\"potentialAction\":[{\"@type\":\"SearchAction\",\"target\":{\"@type\":\"EntryPoint\",\"urlTemplate\":\"https:\\\/\\\/www.24gliwice.pl\\\/wiadomosci\\\/?s={search_term_string}\"},\"query-input\":{\"@type\":\"PropertyValueSpecification\",\"valueRequired\":true,\"valueName\":\"search_term_string\"}}],\"inLanguage\":\"pl-PL\"},{\"@type\":\"Organization\",\"@id\":\"https:\\\/\\\/www.24gliwice.pl\\\/wiadomosci\\\/#organization\",\"name\":\"24gliwice\",\"url\":\"https:\\\/\\\/www.24gliwice.pl\\\/wiadomosci\\\/\",\"logo\":{\"@type\":\"ImageObject\",\"inLanguage\":\"pl-PL\",\"@id\":\"https:\\\/\\\/www.24gliwice.pl\\\/wiadomosci\\\/#\\\/schema\\\/logo\\\/image\\\/\",\"url\":\"https:\\\/\\\/www.24gliwice.pl\\\/wiadomosci\\\/wp-content\\\/uploads\\\/2024\\\/10\\\/24gliwice-logo-696.jpg\",\"contentUrl\":\"https:\\\/\\\/www.24gliwice.pl\\\/wiadomosci\\\/wp-content\\\/uploads\\\/2024\\\/10\\\/24gliwice-logo-696.jpg\",\"width\":696,\"height\":696,\"caption\":\"24gliwice\"},\"image\":{\"@id\":\"https:\\\/\\\/www.24gliwice.pl\\\/wiadomosci\\\/#\\\/schema\\\/logo\\\/image\\\/\"},\"sameAs\":[\"https:\\\/\\\/www.facebook.com\\\/24gliwice\",\"https:\\\/\\\/x.com\\\/24gliwice\",\"https:\\\/\\\/www.youtube.com\\\/@24gliwice\"]},{\"@type\":\"Person\",\"@id\":\"https:\\\/\\\/www.24gliwice.pl\\\/wiadomosci\\\/#\\\/schema\\\/person\\\/e42c650edd7f2fa332be3811fb166b6e\",\"name\":\"\u017baneta Mrozek-Siewierska\",\"image\":{\"@type\":\"ImageObject\",\"inLanguage\":\"pl-PL\",\"@id\":\"https:\\\/\\\/www.24gliwice.pl\\\/wiadomosci\\\/wp-content\\\/uploads\\\/2021\\\/11\\\/Zaneta-M_S-zdjecie-czb-96x96.jpg\",\"url\":\"https:\\\/\\\/www.24gliwice.pl\\\/wiadomosci\\\/wp-content\\\/uploads\\\/2021\\\/11\\\/Zaneta-M_S-zdjecie-czb-96x96.jpg\",\"contentUrl\":\"https:\\\/\\\/www.24gliwice.pl\\\/wiadomosci\\\/wp-content\\\/uploads\\\/2021\\\/11\\\/Zaneta-M_S-zdjecie-czb-96x96.jpg\",\"caption\":\"\u017baneta Mrozek-Siewierska\"},\"url\":\"https:\\\/\\\/www.24gliwice.pl\\\/wiadomosci\\\/author\\\/zms\\\/\"}]}<\/script>\n<!-- \/ Yoast SEO plugin. -->","yoast_head_json":{"title":"Zielone ekrany wzd\u0142u\u017c DK 88. Na wniosek mieszka\u0144c\u00f3w nasadzonych zostanie 90 grab\u00f3w - 24GLIWICE - Portal Gliwice | codziennie nowe informacje","description":"W ramach zadania z GBO na 2022 rok wzd\u0142u\u017c DK 88 sadzone s\u0105 drzewa. Niebawem pojawi si\u0119 tam kolejnych 90 grab\u00f3w","robots":{"index":"index","follow":"follow","max-snippet":"max-snippet:-1","max-image-preview":"max-image-preview:large","max-video-preview":"max-video-preview:-1"},"canonical":"https:\/\/www.24gliwice.pl\/wiadomosci\/zielone-ekrany-wzdluz-kd-88-na-wniosek-mieszkancow-nasadzonych-zostanie-90-grabow\/","og_locale":"pl_PL","og_type":"article","og_title":"Zielone ekrany wzd\u0142u\u017c DK 88. Na wniosek mieszka\u0144c\u00f3w nasadzonych zostanie 90 grab\u00f3w - 24GLIWICE - Portal Gliwice | codziennie nowe informacje","og_description":"W ramach zadania z GBO na 2022 rok wzd\u0142u\u017c DK 88 sadzone s\u0105 drzewa. Niebawem pojawi si\u0119 tam kolejnych 90 grab\u00f3w","og_url":"https:\/\/www.24gliwice.pl\/wiadomosci\/zielone-ekrany-wzdluz-kd-88-na-wniosek-mieszkancow-nasadzonych-zostanie-90-grabow\/","og_site_name":"24GLIWICE - Portal Gliwice | codziennie nowe informacje","article_publisher":"https:\/\/www.facebook.com\/24gliwice","article_published_time":"2022-04-13T15:23:51+00:00","article_modified_time":"2022-04-22T15:23:39+00:00","og_image":[{"width":810,"height":454,"url":"https:\/\/www.24gliwice.pl\/wiadomosci\/wp-content\/uploads\/2022\/04\/graby-Drzewa-DK88_1067x800.jpg","type":"image\/jpeg"}],"author":"\u017baneta Mrozek-Siewierska","twitter_card":"summary_large_image","twitter_creator":"@24gliwice","twitter_site":"@24gliwice","twitter_misc":{"Napisane przez":"\u017baneta Mrozek-Siewierska","Szacowany czas czytania":"1 minuta"},"schema":{"@context":"https:\/\/schema.org","@graph":[{"@type":"Article","@id":"https:\/\/www.24gliwice.pl\/wiadomosci\/zielone-ekrany-wzdluz-kd-88-na-wniosek-mieszkancow-nasadzonych-zostanie-90-grabow\/#article","isPartOf":{"@id":"https:\/\/www.24gliwice.pl\/wiadomosci\/zielone-ekrany-wzdluz-kd-88-na-wniosek-mieszkancow-nasadzonych-zostanie-90-grabow\/"},"author":{"name":"\u017baneta Mrozek-Siewierska","@id":"https:\/\/www.24gliwice.pl\/wiadomosci\/#\/schema\/person\/e42c650edd7f2fa332be3811fb166b6e"},"headline":"Zielone ekrany wzd\u0142u\u017c DK 88. Na wniosek mieszka\u0144c\u00f3w nasadzonych zostanie 90 grab\u00f3w","datePublished":"2022-04-13T15:23:51+00:00","dateModified":"2022-04-22T15:23:39+00:00","mainEntityOfPage":{"@id":"https:\/\/www.24gliwice.pl\/wiadomosci\/zielone-ekrany-wzdluz-kd-88-na-wniosek-mieszkancow-nasadzonych-zostanie-90-grabow\/"},"wordCount":305,"commentCount":0,"publisher":{"@id":"https:\/\/www.24gliwice.pl\/wiadomosci\/#organization"},"image":{"@id":"https:\/\/www.24gliwice.pl\/wiadomosci\/zielone-ekrany-wzdluz-kd-88-na-wniosek-mieszkancow-nasadzonych-zostanie-90-grabow\/#primaryimage"},"thumbnailUrl":"https:\/\/www.24gliwice.pl\/wiadomosci\/wp-content\/uploads\/2022\/04\/graby-Drzewa-DK88_1067x800.jpg","keywords":["zielone gliwice"],"articleSection":["Gliwice","Najnowsze wiadomo\u015bci"],"inLanguage":"pl-PL","potentialAction":[{"@type":"CommentAction","name":"Comment","target":["https:\/\/www.24gliwice.pl\/wiadomosci\/zielone-ekrany-wzdluz-kd-88-na-wniosek-mieszkancow-nasadzonych-zostanie-90-grabow\/#respond"]}]},{"@type":"WebPage","@id":"https:\/\/www.24gliwice.pl\/wiadomosci\/zielone-ekrany-wzdluz-kd-88-na-wniosek-mieszkancow-nasadzonych-zostanie-90-grabow\/","url":"https:\/\/www.24gliwice.pl\/wiadomosci\/zielone-ekrany-wzdluz-kd-88-na-wniosek-mieszkancow-nasadzonych-zostanie-90-grabow\/","name":"Zielone ekrany wzd\u0142u\u017c DK 88. Na wniosek mieszka\u0144c\u00f3w nasadzonych zostanie 90 grab\u00f3w - 24GLIWICE - Portal Gliwice | codziennie nowe informacje","isPartOf":{"@id":"https:\/\/www.24gliwice.pl\/wiadomosci\/#website"},"primaryImageOfPage":{"@id":"https:\/\/www.24gliwice.pl\/wiadomosci\/zielone-ekrany-wzdluz-kd-88-na-wniosek-mieszkancow-nasadzonych-zostanie-90-grabow\/#primaryimage"},"image":{"@id":"https:\/\/www.24gliwice.pl\/wiadomosci\/zielone-ekrany-wzdluz-kd-88-na-wniosek-mieszkancow-nasadzonych-zostanie-90-grabow\/#primaryimage"},"thumbnailUrl":"https:\/\/www.24gliwice.pl\/wiadomosci\/wp-content\/uploads\/2022\/04\/graby-Drzewa-DK88_1067x800.jpg","datePublished":"2022-04-13T15:23:51+00:00","dateModified":"2022-04-22T15:23:39+00:00","description":"W ramach zadania z GBO na 2022 rok wzd\u0142u\u017c DK 88 sadzone s\u0105 drzewa. Niebawem pojawi si\u0119 tam kolejnych 90 grab\u00f3w","breadcrumb":{"@id":"https:\/\/www.24gliwice.pl\/wiadomosci\/zielone-ekrany-wzdluz-kd-88-na-wniosek-mieszkancow-nasadzonych-zostanie-90-grabow\/#breadcrumb"},"inLanguage":"pl-PL","potentialAction":[{"@type":"ReadAction","target":["https:\/\/www.24gliwice.pl\/wiadomosci\/zielone-ekrany-wzdluz-kd-88-na-wniosek-mieszkancow-nasadzonych-zostanie-90-grabow\/"]}]},{"@type":"ImageObject","inLanguage":"pl-PL","@id":"https:\/\/www.24gliwice.pl\/wiadomosci\/zielone-ekrany-wzdluz-kd-88-na-wniosek-mieszkancow-nasadzonych-zostanie-90-grabow\/#primaryimage","url":"https:\/\/www.24gliwice.pl\/wiadomosci\/wp-content\/uploads\/2022\/04\/graby-Drzewa-DK88_1067x800.jpg","contentUrl":"https:\/\/www.24gliwice.pl\/wiadomosci\/wp-content\/uploads\/2022\/04\/graby-Drzewa-DK88_1067x800.jpg","width":810,"height":454},{"@type":"BreadcrumbList","@id":"https:\/\/www.24gliwice.pl\/wiadomosci\/zielone-ekrany-wzdluz-kd-88-na-wniosek-mieszkancow-nasadzonych-zostanie-90-grabow\/#breadcrumb","itemListElement":[{"@type":"ListItem","position":1,"name":"Strona g\u0142\u00f3wna","item":"https:\/\/www.24gliwice.pl\/wiadomosci\/"},{"@type":"ListItem","position":2,"name":"Zielone ekrany wzd\u0142u\u017c DK 88. Na wniosek mieszka\u0144c\u00f3w nasadzonych zostanie 90 grab\u00f3w"}]},{"@type":"WebSite","@id":"https:\/\/www.24gliwice.pl\/wiadomosci\/#website","url":"https:\/\/www.24gliwice.pl\/wiadomosci\/","name":"24GLIWICE - Portal Gliwice | codziennie nowe wiadomo\u015bci","description":"Portal Miejski Gliwice","publisher":{"@id":"https:\/\/www.24gliwice.pl\/wiadomosci\/#organization"},"potentialAction":[{"@type":"SearchAction","target":{"@type":"EntryPoint","urlTemplate":"https:\/\/www.24gliwice.pl\/wiadomosci\/?s={search_term_string}"},"query-input":{"@type":"PropertyValueSpecification","valueRequired":true,"valueName":"search_term_string"}}],"inLanguage":"pl-PL"},{"@type":"Organization","@id":"https:\/\/www.24gliwice.pl\/wiadomosci\/#organization","name":"24gliwice","url":"https:\/\/www.24gliwice.pl\/wiadomosci\/","logo":{"@type":"ImageObject","inLanguage":"pl-PL","@id":"https:\/\/www.24gliwice.pl\/wiadomosci\/#\/schema\/logo\/image\/","url":"https:\/\/www.24gliwice.pl\/wiadomosci\/wp-content\/uploads\/2024\/10\/24gliwice-logo-696.jpg","contentUrl":"https:\/\/www.24gliwice.pl\/wiadomosci\/wp-content\/uploads\/2024\/10\/24gliwice-logo-696.jpg","width":696,"height":696,"caption":"24gliwice"},"image":{"@id":"https:\/\/www.24gliwice.pl\/wiadomosci\/#\/schema\/logo\/image\/"},"sameAs":["https:\/\/www.facebook.com\/24gliwice","https:\/\/x.com\/24gliwice","https:\/\/www.youtube.com\/@24gliwice"]},{"@type":"Person","@id":"https:\/\/www.24gliwice.pl\/wiadomosci\/#\/schema\/person\/e42c650edd7f2fa332be3811fb166b6e","name":"\u017baneta Mrozek-Siewierska","image":{"@type":"ImageObject","inLanguage":"pl-PL","@id":"https:\/\/www.24gliwice.pl\/wiadomosci\/wp-content\/uploads\/2021\/11\/Zaneta-M_S-zdjecie-czb-96x96.jpg","url":"https:\/\/www.24gliwice.pl\/wiadomosci\/wp-content\/uploads\/2021\/11\/Zaneta-M_S-zdjecie-czb-96x96.jpg","contentUrl":"https:\/\/www.24gliwice.pl\/wiadomosci\/wp-content\/uploads\/2021\/11\/Zaneta-M_S-zdjecie-czb-96x96.jpg","caption":"\u017baneta Mrozek-Siewierska"},"url":"https:\/\/www.24gliwice.pl\/wiadomosci\/author\/zms\/"}]}},"_links":{"self":[{"href":"https:\/\/www.24gliwice.pl\/wiadomosci\/wp-json\/wp\/v2\/posts\/190605","targetHints":{"allow":["GET"]}}],"collection":[{"href":"https:\/\/www.24gliwice.pl\/wiadomosci\/wp-json\/wp\/v2\/posts"}],"about":[{"href":"https:\/\/www.24gliwice.pl\/wiadomosci\/wp-json\/wp\/v2\/types\/post"}],"author":[{"embeddable":true,"href":"https:\/\/www.24gliwice.pl\/wiadomosci\/wp-json\/wp\/v2\/users\/15"}],"replies":[{"embeddable":true,"href":"https:\/\/www.24gliwice.pl\/wiadomosci\/wp-json\/wp\/v2\/comments?post=190605"}],"version-history":[{"count":5,"href":"https:\/\/www.24gliwice.pl\/wiadomosci\/wp-json\/wp\/v2\/posts\/190605\/revisions"}],"predecessor-version":[{"id":190634,"href":"https:\/\/www.24gliwice.pl\/wiadomosci\/wp-json\/wp\/v2\/posts\/190605\/revisions\/190634"}],"wp:featuredmedia":[{"embeddable":true,"href":"https:\/\/www.24gliwice.pl\/wiadomosci\/wp-json\/wp\/v2\/media\/190625"}],"wp:attachment":[{"href":"https:\/\/www.24gliwice.pl\/wiadomosci\/wp-json\/wp\/v2\/media?parent=190605"}],"wp:term":[{"taxonomy":"category","embeddable":true,"href":"https:\/\/www.24gliwice.pl\/wiadomosci\/wp-json\/wp\/v2\/categories?post=190605"},{"taxonomy":"post_tag","embeddable":true,"href":"https:\/\/www.24gliwice.pl\/wiadomosci\/wp-json\/wp\/v2\/tags?post=190605"}],"curies":[{"name":"wp","href":"https:\/\/api.w.org\/{rel}","templated":true}]}}