{"id":190698,"date":"2022-04-15T12:49:40","date_gmt":"2022-04-15T10:49:40","guid":{"rendered":"https:\/\/www.24gliwice.pl\/wiadomosci\/?p=190698"},"modified":"2022-04-15T13:13:03","modified_gmt":"2022-04-15T11:13:03","slug":"kolejnej-wpadki-nie-bedzie-jadlodzielnia-ma-byc-dostepna-przed-i-w-trakcie-swiat-wielkanocnych","status":"publish","type":"post","link":"https:\/\/www.24gliwice.pl\/wiadomosci\/kolejnej-wpadki-nie-bedzie-jadlodzielnia-ma-byc-dostepna-przed-i-w-trakcie-swiat-wielkanocnych\/","title":{"rendered":"Kolejnej wpadki nie b\u0119dzie. Jad\u0142odzielnia ma by\u0107 dost\u0119pna przed i w trakcie \u015bwi\u0105t wielkanocnych"},"content":{"rendered":"<div class=\"gliwi-a6-nad-leadem-artykulow gliwi-entity-placement\" id=\"gliwi-1979618554\"><div class=\"gliwi-adlabel\"><span style=\"font-size: 9px\">REKLAMA<\/span><\/div><div id=\"gliwi-3803393261\" style=\"margin-bottom: 30px;margin-left: auto;margin-right: auto;text-align: center;\"><a data-no-instant=\"1\" href=\"https:\/\/przedszkole.halogen.org.pl\/\" rel=\"noopener\" class=\"a2t-link\" target=\"_blank\" aria-label=\"20260402-ANIMATOR-przedszkole_grafika_750x200\"><img loading=\"lazy\" decoding=\"async\" src=\"https:\/\/www.24gliwice.pl\/wiadomosci\/wp-content\/uploads\/2026\/04\/20260402-ANIMATOR-przedszkole_grafika_750x200.webp\" alt=\"\"  srcset=\"https:\/\/www.24gliwice.pl\/wiadomosci\/wp-content\/uploads\/2026\/04\/20260402-ANIMATOR-przedszkole_grafika_750x200.webp 750w, https:\/\/www.24gliwice.pl\/wiadomosci\/wp-content\/uploads\/2026\/04\/20260402-ANIMATOR-przedszkole_grafika_750x200-410x109.webp 410w\" sizes=\"(max-width: 750px) 100vw, 750px\" class=\"no-lazyload\" width=\"750\" height=\"200\"  style=\"display: inline-block; max-width: 100%; height: auto;\" \/><\/a><\/div><\/div><h2>Nasza sk\u0142onno\u015b\u0107 do przygotowywania nadmiaru \u015bwi\u0105tecznych potraw nie musi oznacza\u0107 marnowania \u017cywno\u015bci. Mo\u017cna si\u0119 ni\u0105 podzieli\u0107, np. przynosz\u0105c produkty do Jad\u0142odzielni przy ul. Barlickiego. Tym razem punkt ma by\u0107 otwarty r\u00f3wnie\u017c podczas \u015bwi\u0105t.<\/h2>\n<p>W grudniu Jad\u0142odzielnia znajduj\u0105ca si\u0119 za budynkiem M\u0142odzie\u017cowego Domu Kultury zosta\u0142a powi\u0119kszona o ciep\u0142odzielni\u0119. Lod\u00f3wk\u0119 na produkty spo\u017cywcze przeniesiono do wi\u0119kszego kontenera, w kt\u00f3rym znalaz\u0142o si\u0119 r\u00f3wnie\u017c miejsce na wieszak i rega\u0142y na ubrania, a tak\u017ce r\u00f3\u017cow\u0105 skrzyneczk\u0119 na produkty higieniczne dla kobiet.<br \/>\nUroczystego otwarcia w nowej ods\u0142onie dokonano na kr\u00f3tko przed Bo\u017cym Narodzenie. Niestety, punkt w \u015bwi\u0119ta by\u0142&#8230; niedost\u0119pny. <\/p>\n<p>Tym razem jest inaczej.<\/p><div class=\"gliwi-a3-w-tresci-artykulow gliwi-entity-placement\" id=\"gliwi-3352971898\"><div class=\"gliwi-adlabel\"><span style=\"font-size: 9px\">REKLAMA<\/span><\/div><div id=\"gliwi-3262094279\" style=\"margin-bottom: 30px;margin-left: auto;margin-right: auto;text-align: center;\"><a data-no-instant=\"1\" href=\"https:\/\/zlobek.halogen.org.pl\/\" rel=\"noopener\" class=\"a2t-link\" target=\"_blank\" aria-label=\"animator-zlobek_750x200\"><img loading=\"lazy\" decoding=\"async\" src=\"https:\/\/www.24gliwice.pl\/wiadomosci\/wp-content\/uploads\/2026\/02\/animator-zlobek_750x200.webp\" alt=\"\"  srcset=\"https:\/\/www.24gliwice.pl\/wiadomosci\/wp-content\/uploads\/2026\/02\/animator-zlobek_750x200.webp 750w, https:\/\/www.24gliwice.pl\/wiadomosci\/wp-content\/uploads\/2026\/02\/animator-zlobek_750x200-410x109.webp 410w\" sizes=\"(max-width: 750px) 100vw, 750px\" class=\"no-lazyload\" width=\"750\" height=\"200\"  style=\"display: inline-block; max-width: 100%; height: auto;\" \/><\/a><\/div><\/div>\n<p><iframe loading=\"lazy\" src=\"https:\/\/www.facebook.com\/plugins\/post.php?href=https%3A%2F%2Fwww.facebook.com%2FGTWGliwice%2Fposts%2F4969567646429706&#038;show_text=true&#038;width=500\" width=\"500\" height=\"724\" style=\"border:none;overflow:hidden\" scrolling=\"no\" frameborder=\"0\" allowfullscreen=\"true\" allow=\"autoplay; clipboard-write; encrypted-media; picture-in-picture; web-share\"><\/iframe><\/p>\n<p>Jak informuje stowarzyszenie GTW, plac za MDK b\u0119dzie otwarty codziennie w okresie Wielkanocy, a tak\u017ce przed i po \u015bwi\u0119tach, <strong>w godzinach mi\u0119dzy 8:00 a 21:00<\/strong>. Zatem w tym czasie do Jad\u0142odzielni b\u0119dzie mo\u017cna przynie\u015b\u0107 produkty, lub przeciwnie &#8211; skorzysta\u0107 z \u017cywno\u015bci. <\/p>\n<h4>Jak zawsze zach\u0119camy do niemarnowania jedzenia, szczeg\u00f3lnie, \u017ce tym razem punkt do jej dzielenia b\u0119dzie dost\u0119pny przez wi\u0119kszo\u015b\u0107 dnia.<\/h4>\n<p>Alternatyw\u0105, dla przyniesienia tu \u015bwi\u0105tecznych potraw, jest ewentualnie integracyjne \u015bniadanie wielkanocne, kt\u00f3re zaplanowano w poniedzia\u0142ek w po\u0142udnie na alei Przyja\u017ani. Organizatorzy tego wydarzenia zach\u0119caj\u0105 potencjalnych uczestnik\u00f3w do zabrania jednego dania z sob\u0105 tak, by zape\u0142ni\u0107 nimi \u015bwi\u0105teczny st\u00f3\u0142. Do\u0142\u0105czy\u0107 mo\u017ce ka\u017cdy. Wi\u0119cej na ten temat pisali\u015bmy w tym tygodniu: <a href=\"https:\/\/www.24gliwice.pl\/wiadomosci\/chca-zrobic-wielkie-wielkanocne-sniadanie-z-sasiadami-szukaja-firm-gotowych-podzielic-sie-nadwyzkami\/\" rel=\"noopener\" target=\"_blank\">Chc\u0105 urz\u0105dzi\u0107 wielkanocne \u015bniadanie na Alei Przyja\u017ani&#8230;<\/a><\/p>\n<p>(\u017cms)<br \/>\nfot. 24gliwice.pl\/\u017bMS<\/p>\n<div class=\"gliwi-a5-na-koncu-artykulow gliwi-entity-placement\" id=\"gliwi-3475780242\"><div class=\"gliwi-adlabel\"><span style=\"font-size: 9px\">REKLAMA<\/span><\/div><div id=\"gliwi-591716435\" style=\"margin-left: auto;margin-right: auto;text-align: center;\"><a data-no-instant=\"1\" href=\"https:\/\/prezeroarenagliwice.pl\/\" rel=\"noopener\" class=\"a2t-link\" target=\"_blank\" aria-label=\"20260309-PREZERO-WIOSNA-D\"><img loading=\"lazy\" decoding=\"async\" src=\"https:\/\/www.24gliwice.pl\/wiadomosci\/wp-content\/uploads\/2026\/03\/20260309-PREZERO-WIOSNA-D.webp\" alt=\"\"  srcset=\"https:\/\/www.24gliwice.pl\/wiadomosci\/wp-content\/uploads\/2026\/03\/20260309-PREZERO-WIOSNA-D.webp 750w, https:\/\/www.24gliwice.pl\/wiadomosci\/wp-content\/uploads\/2026\/03\/20260309-PREZERO-WIOSNA-D-410x109.webp 410w\" sizes=\"(max-width: 750px) 100vw, 750px\" class=\"no-lazyload\" width=\"750\" height=\"200\"  style=\"display: inline-block; max-width: 100%; height: auto;\" \/><\/a><\/div><\/div>","protected":false},"excerpt":{"rendered":"<p>Nasza sk\u0142onno\u015b\u0107 do przygotowywania nadmiaru \u015bwi\u0105tecznych potraw nie musi oznacza\u0107 marnowania \u017cywno\u015bci. Mo\u017cna si\u0119 ni\u0105 podzieli\u0107, np. przynosz\u0105c produkty do Jad\u0142odzielni przy ul. Barlickiego. Tym razem punkt ma by\u0107 otwarty r\u00f3wnie\u017c podczas \u015bwi\u0105t. W grudniu Jad\u0142odzielnia znajduj\u0105ca si\u0119 za budynkiem M\u0142odzie\u017cowego Domu Kultury zosta\u0142a powi\u0119kszona o ciep\u0142odzielni\u0119. Lod\u00f3wk\u0119 na produkty spo\u017cywcze przeniesiono do wi\u0119kszego kontenera, [&hellip;]<\/p>\n","protected":false},"author":15,"featured_media":183379,"comment_status":"open","ping_status":"closed","sticky":false,"template":"","format":"standard","meta":{"_monsterinsights_skip_tracking":false,"_monsterinsights_sitenote_active":false,"_monsterinsights_sitenote_note":"","_monsterinsights_sitenote_category":0,"footnotes":"","_links_to":"","_links_to_target":""},"categories":[3,6,1],"tags":[15395,10359],"class_list":["post-190698","post","type-post","status-publish","format-standard","has-post-thumbnail","hentry","category-gliwice","category-kultura","category-wszystko","tag-jadlodzielnia","tag-mdk"],"yoast_head":"<!-- This site is optimized with the Yoast SEO plugin v27.4 - https:\/\/yoast.com\/product\/yoast-seo-wordpress\/ -->\n<title>Kolejnej wpadki nie b\u0119dzie. Jad\u0142odzielnia ma by\u0107 dost\u0119pna przed i w trakcie \u015bwi\u0105t wielkanocnych - 24GLIWICE - Portal Gliwice | codziennie nowe informacje<\/title>\n<meta name=\"description\" content=\"Przed i w trakcie \u015bwi\u0105t wielkanocnych jad\u0142odzielnia b\u0119dzie dost\u0119pna dla mieszka\u0144c\u00f3w. Mo\u017cna skorzysta\u0107 mi\u0119dzy 8:00 a 21:00\" \/>\n<meta name=\"robots\" content=\"index, follow, max-snippet:-1, max-image-preview:large, max-video-preview:-1\" \/>\n<link rel=\"canonical\" href=\"https:\/\/www.24gliwice.pl\/wiadomosci\/kolejnej-wpadki-nie-bedzie-jadlodzielnia-ma-byc-dostepna-przed-i-w-trakcie-swiat-wielkanocnych\/\" \/>\n<meta property=\"og:locale\" content=\"pl_PL\" \/>\n<meta property=\"og:type\" content=\"article\" \/>\n<meta property=\"og:title\" content=\"Kolejnej wpadki nie b\u0119dzie. Jad\u0142odzielnia ma by\u0107 dost\u0119pna przed i w trakcie \u015bwi\u0105t wielkanocnych - 24GLIWICE - Portal Gliwice | codziennie nowe informacje\" \/>\n<meta property=\"og:description\" content=\"Przed i w trakcie \u015bwi\u0105t wielkanocnych jad\u0142odzielnia b\u0119dzie dost\u0119pna dla mieszka\u0144c\u00f3w. Mo\u017cna skorzysta\u0107 mi\u0119dzy 8:00 a 21:00\" \/>\n<meta property=\"og:url\" content=\"https:\/\/www.24gliwice.pl\/wiadomosci\/kolejnej-wpadki-nie-bedzie-jadlodzielnia-ma-byc-dostepna-przed-i-w-trakcie-swiat-wielkanocnych\/\" \/>\n<meta property=\"og:site_name\" content=\"24GLIWICE - Portal Gliwice | codziennie nowe informacje\" \/>\n<meta property=\"article:publisher\" content=\"https:\/\/www.facebook.com\/24gliwice\" \/>\n<meta property=\"article:published_time\" content=\"2022-04-15T10:49:40+00:00\" \/>\n<meta property=\"article:modified_time\" content=\"2022-04-15T11:13:03+00:00\" \/>\n<meta property=\"og:image\" content=\"https:\/\/www.24gliwice.pl\/wiadomosci\/wp-content\/uploads\/2021\/12\/jadlodzielnia-i-cieplodzielnia-1.jpg\" \/>\n\t<meta property=\"og:image:width\" content=\"810\" \/>\n\t<meta property=\"og:image:height\" content=\"456\" \/>\n\t<meta property=\"og:image:type\" content=\"image\/jpeg\" \/>\n<meta name=\"author\" content=\"\u017baneta Mrozek-Siewierska\" \/>\n<meta name=\"twitter:card\" content=\"summary_large_image\" \/>\n<meta name=\"twitter:creator\" content=\"@24gliwice\" \/>\n<meta name=\"twitter:site\" content=\"@24gliwice\" \/>\n<meta name=\"twitter:label1\" content=\"Napisane przez\" \/>\n\t<meta name=\"twitter:data1\" content=\"\u017baneta Mrozek-Siewierska\" \/>\n\t<meta name=\"twitter:label2\" content=\"Szacowany czas czytania\" \/>\n\t<meta name=\"twitter:data2\" content=\"1 minuta\" \/>\n<script type=\"application\/ld+json\" class=\"yoast-schema-graph\">{\"@context\":\"https:\\\/\\\/schema.org\",\"@graph\":[{\"@type\":\"Article\",\"@id\":\"https:\\\/\\\/www.24gliwice.pl\\\/wiadomosci\\\/kolejnej-wpadki-nie-bedzie-jadlodzielnia-ma-byc-dostepna-przed-i-w-trakcie-swiat-wielkanocnych\\\/#article\",\"isPartOf\":{\"@id\":\"https:\\\/\\\/www.24gliwice.pl\\\/wiadomosci\\\/kolejnej-wpadki-nie-bedzie-jadlodzielnia-ma-byc-dostepna-przed-i-w-trakcie-swiat-wielkanocnych\\\/\"},\"author\":{\"name\":\"\u017baneta Mrozek-Siewierska\",\"@id\":\"https:\\\/\\\/www.24gliwice.pl\\\/wiadomosci\\\/#\\\/schema\\\/person\\\/e42c650edd7f2fa332be3811fb166b6e\"},\"headline\":\"Kolejnej wpadki nie b\u0119dzie. Jad\u0142odzielnia ma by\u0107 dost\u0119pna przed i w trakcie \u015bwi\u0105t wielkanocnych\",\"datePublished\":\"2022-04-15T10:49:40+00:00\",\"dateModified\":\"2022-04-15T11:13:03+00:00\",\"mainEntityOfPage\":{\"@id\":\"https:\\\/\\\/www.24gliwice.pl\\\/wiadomosci\\\/kolejnej-wpadki-nie-bedzie-jadlodzielnia-ma-byc-dostepna-przed-i-w-trakcie-swiat-wielkanocnych\\\/\"},\"wordCount\":292,\"commentCount\":0,\"publisher\":{\"@id\":\"https:\\\/\\\/www.24gliwice.pl\\\/wiadomosci\\\/#organization\"},\"image\":{\"@id\":\"https:\\\/\\\/www.24gliwice.pl\\\/wiadomosci\\\/kolejnej-wpadki-nie-bedzie-jadlodzielnia-ma-byc-dostepna-przed-i-w-trakcie-swiat-wielkanocnych\\\/#primaryimage\"},\"thumbnailUrl\":\"https:\\\/\\\/www.24gliwice.pl\\\/wiadomosci\\\/wp-content\\\/uploads\\\/2021\\\/12\\\/jadlodzielnia-i-cieplodzielnia-1.jpg\",\"keywords\":[\"jad\u0142odzielnia\",\"MDK\"],\"articleSection\":[\"Gliwice\",\"Kultura, wydarzenia, imprezy\",\"Najnowsze wiadomo\u015bci\"],\"inLanguage\":\"pl-PL\",\"potentialAction\":[{\"@type\":\"CommentAction\",\"name\":\"Comment\",\"target\":[\"https:\\\/\\\/www.24gliwice.pl\\\/wiadomosci\\\/kolejnej-wpadki-nie-bedzie-jadlodzielnia-ma-byc-dostepna-przed-i-w-trakcie-swiat-wielkanocnych\\\/#respond\"]}]},{\"@type\":\"WebPage\",\"@id\":\"https:\\\/\\\/www.24gliwice.pl\\\/wiadomosci\\\/kolejnej-wpadki-nie-bedzie-jadlodzielnia-ma-byc-dostepna-przed-i-w-trakcie-swiat-wielkanocnych\\\/\",\"url\":\"https:\\\/\\\/www.24gliwice.pl\\\/wiadomosci\\\/kolejnej-wpadki-nie-bedzie-jadlodzielnia-ma-byc-dostepna-przed-i-w-trakcie-swiat-wielkanocnych\\\/\",\"name\":\"Kolejnej wpadki nie b\u0119dzie. Jad\u0142odzielnia ma by\u0107 dost\u0119pna przed i w trakcie \u015bwi\u0105t wielkanocnych - 24GLIWICE - Portal Gliwice | codziennie nowe informacje\",\"isPartOf\":{\"@id\":\"https:\\\/\\\/www.24gliwice.pl\\\/wiadomosci\\\/#website\"},\"primaryImageOfPage\":{\"@id\":\"https:\\\/\\\/www.24gliwice.pl\\\/wiadomosci\\\/kolejnej-wpadki-nie-bedzie-jadlodzielnia-ma-byc-dostepna-przed-i-w-trakcie-swiat-wielkanocnych\\\/#primaryimage\"},\"image\":{\"@id\":\"https:\\\/\\\/www.24gliwice.pl\\\/wiadomosci\\\/kolejnej-wpadki-nie-bedzie-jadlodzielnia-ma-byc-dostepna-przed-i-w-trakcie-swiat-wielkanocnych\\\/#primaryimage\"},\"thumbnailUrl\":\"https:\\\/\\\/www.24gliwice.pl\\\/wiadomosci\\\/wp-content\\\/uploads\\\/2021\\\/12\\\/jadlodzielnia-i-cieplodzielnia-1.jpg\",\"datePublished\":\"2022-04-15T10:49:40+00:00\",\"dateModified\":\"2022-04-15T11:13:03+00:00\",\"description\":\"Przed i w trakcie \u015bwi\u0105t wielkanocnych jad\u0142odzielnia b\u0119dzie dost\u0119pna dla mieszka\u0144c\u00f3w. Mo\u017cna skorzysta\u0107 mi\u0119dzy 8:00 a 21:00\",\"breadcrumb\":{\"@id\":\"https:\\\/\\\/www.24gliwice.pl\\\/wiadomosci\\\/kolejnej-wpadki-nie-bedzie-jadlodzielnia-ma-byc-dostepna-przed-i-w-trakcie-swiat-wielkanocnych\\\/#breadcrumb\"},\"inLanguage\":\"pl-PL\",\"potentialAction\":[{\"@type\":\"ReadAction\",\"target\":[\"https:\\\/\\\/www.24gliwice.pl\\\/wiadomosci\\\/kolejnej-wpadki-nie-bedzie-jadlodzielnia-ma-byc-dostepna-przed-i-w-trakcie-swiat-wielkanocnych\\\/\"]}]},{\"@type\":\"ImageObject\",\"inLanguage\":\"pl-PL\",\"@id\":\"https:\\\/\\\/www.24gliwice.pl\\\/wiadomosci\\\/kolejnej-wpadki-nie-bedzie-jadlodzielnia-ma-byc-dostepna-przed-i-w-trakcie-swiat-wielkanocnych\\\/#primaryimage\",\"url\":\"https:\\\/\\\/www.24gliwice.pl\\\/wiadomosci\\\/wp-content\\\/uploads\\\/2021\\\/12\\\/jadlodzielnia-i-cieplodzielnia-1.jpg\",\"contentUrl\":\"https:\\\/\\\/www.24gliwice.pl\\\/wiadomosci\\\/wp-content\\\/uploads\\\/2021\\\/12\\\/jadlodzielnia-i-cieplodzielnia-1.jpg\",\"width\":810,\"height\":456},{\"@type\":\"BreadcrumbList\",\"@id\":\"https:\\\/\\\/www.24gliwice.pl\\\/wiadomosci\\\/kolejnej-wpadki-nie-bedzie-jadlodzielnia-ma-byc-dostepna-przed-i-w-trakcie-swiat-wielkanocnych\\\/#breadcrumb\",\"itemListElement\":[{\"@type\":\"ListItem\",\"position\":1,\"name\":\"Strona g\u0142\u00f3wna\",\"item\":\"https:\\\/\\\/www.24gliwice.pl\\\/wiadomosci\\\/\"},{\"@type\":\"ListItem\",\"position\":2,\"name\":\"Kolejnej wpadki nie b\u0119dzie. Jad\u0142odzielnia ma by\u0107 dost\u0119pna przed i w trakcie \u015bwi\u0105t wielkanocnych\"}]},{\"@type\":\"WebSite\",\"@id\":\"https:\\\/\\\/www.24gliwice.pl\\\/wiadomosci\\\/#website\",\"url\":\"https:\\\/\\\/www.24gliwice.pl\\\/wiadomosci\\\/\",\"name\":\"24GLIWICE - Portal Gliwice | codziennie nowe wiadomo\u015bci\",\"description\":\"Portal Miejski Gliwice\",\"publisher\":{\"@id\":\"https:\\\/\\\/www.24gliwice.pl\\\/wiadomosci\\\/#organization\"},\"potentialAction\":[{\"@type\":\"SearchAction\",\"target\":{\"@type\":\"EntryPoint\",\"urlTemplate\":\"https:\\\/\\\/www.24gliwice.pl\\\/wiadomosci\\\/?s={search_term_string}\"},\"query-input\":{\"@type\":\"PropertyValueSpecification\",\"valueRequired\":true,\"valueName\":\"search_term_string\"}}],\"inLanguage\":\"pl-PL\"},{\"@type\":\"Organization\",\"@id\":\"https:\\\/\\\/www.24gliwice.pl\\\/wiadomosci\\\/#organization\",\"name\":\"24gliwice\",\"url\":\"https:\\\/\\\/www.24gliwice.pl\\\/wiadomosci\\\/\",\"logo\":{\"@type\":\"ImageObject\",\"inLanguage\":\"pl-PL\",\"@id\":\"https:\\\/\\\/www.24gliwice.pl\\\/wiadomosci\\\/#\\\/schema\\\/logo\\\/image\\\/\",\"url\":\"https:\\\/\\\/www.24gliwice.pl\\\/wiadomosci\\\/wp-content\\\/uploads\\\/2024\\\/10\\\/24gliwice-logo-696.jpg\",\"contentUrl\":\"https:\\\/\\\/www.24gliwice.pl\\\/wiadomosci\\\/wp-content\\\/uploads\\\/2024\\\/10\\\/24gliwice-logo-696.jpg\",\"width\":696,\"height\":696,\"caption\":\"24gliwice\"},\"image\":{\"@id\":\"https:\\\/\\\/www.24gliwice.pl\\\/wiadomosci\\\/#\\\/schema\\\/logo\\\/image\\\/\"},\"sameAs\":[\"https:\\\/\\\/www.facebook.com\\\/24gliwice\",\"https:\\\/\\\/x.com\\\/24gliwice\",\"https:\\\/\\\/www.youtube.com\\\/@24gliwice\"]},{\"@type\":\"Person\",\"@id\":\"https:\\\/\\\/www.24gliwice.pl\\\/wiadomosci\\\/#\\\/schema\\\/person\\\/e42c650edd7f2fa332be3811fb166b6e\",\"name\":\"\u017baneta Mrozek-Siewierska\",\"image\":{\"@type\":\"ImageObject\",\"inLanguage\":\"pl-PL\",\"@id\":\"https:\\\/\\\/www.24gliwice.pl\\\/wiadomosci\\\/wp-content\\\/uploads\\\/2021\\\/11\\\/Zaneta-M_S-zdjecie-czb-96x96.jpg\",\"url\":\"https:\\\/\\\/www.24gliwice.pl\\\/wiadomosci\\\/wp-content\\\/uploads\\\/2021\\\/11\\\/Zaneta-M_S-zdjecie-czb-96x96.jpg\",\"contentUrl\":\"https:\\\/\\\/www.24gliwice.pl\\\/wiadomosci\\\/wp-content\\\/uploads\\\/2021\\\/11\\\/Zaneta-M_S-zdjecie-czb-96x96.jpg\",\"caption\":\"\u017baneta Mrozek-Siewierska\"},\"url\":\"https:\\\/\\\/www.24gliwice.pl\\\/wiadomosci\\\/author\\\/zms\\\/\"}]}<\/script>\n<!-- \/ Yoast SEO plugin. -->","yoast_head_json":{"title":"Kolejnej wpadki nie b\u0119dzie. Jad\u0142odzielnia ma by\u0107 dost\u0119pna przed i w trakcie \u015bwi\u0105t wielkanocnych - 24GLIWICE - Portal Gliwice | codziennie nowe informacje","description":"Przed i w trakcie \u015bwi\u0105t wielkanocnych jad\u0142odzielnia b\u0119dzie dost\u0119pna dla mieszka\u0144c\u00f3w. Mo\u017cna skorzysta\u0107 mi\u0119dzy 8:00 a 21:00","robots":{"index":"index","follow":"follow","max-snippet":"max-snippet:-1","max-image-preview":"max-image-preview:large","max-video-preview":"max-video-preview:-1"},"canonical":"https:\/\/www.24gliwice.pl\/wiadomosci\/kolejnej-wpadki-nie-bedzie-jadlodzielnia-ma-byc-dostepna-przed-i-w-trakcie-swiat-wielkanocnych\/","og_locale":"pl_PL","og_type":"article","og_title":"Kolejnej wpadki nie b\u0119dzie. Jad\u0142odzielnia ma by\u0107 dost\u0119pna przed i w trakcie \u015bwi\u0105t wielkanocnych - 24GLIWICE - Portal Gliwice | codziennie nowe informacje","og_description":"Przed i w trakcie \u015bwi\u0105t wielkanocnych jad\u0142odzielnia b\u0119dzie dost\u0119pna dla mieszka\u0144c\u00f3w. Mo\u017cna skorzysta\u0107 mi\u0119dzy 8:00 a 21:00","og_url":"https:\/\/www.24gliwice.pl\/wiadomosci\/kolejnej-wpadki-nie-bedzie-jadlodzielnia-ma-byc-dostepna-przed-i-w-trakcie-swiat-wielkanocnych\/","og_site_name":"24GLIWICE - Portal Gliwice | codziennie nowe informacje","article_publisher":"https:\/\/www.facebook.com\/24gliwice","article_published_time":"2022-04-15T10:49:40+00:00","article_modified_time":"2022-04-15T11:13:03+00:00","og_image":[{"width":810,"height":456,"url":"https:\/\/www.24gliwice.pl\/wiadomosci\/wp-content\/uploads\/2021\/12\/jadlodzielnia-i-cieplodzielnia-1.jpg","type":"image\/jpeg"}],"author":"\u017baneta Mrozek-Siewierska","twitter_card":"summary_large_image","twitter_creator":"@24gliwice","twitter_site":"@24gliwice","twitter_misc":{"Napisane przez":"\u017baneta Mrozek-Siewierska","Szacowany czas czytania":"1 minuta"},"schema":{"@context":"https:\/\/schema.org","@graph":[{"@type":"Article","@id":"https:\/\/www.24gliwice.pl\/wiadomosci\/kolejnej-wpadki-nie-bedzie-jadlodzielnia-ma-byc-dostepna-przed-i-w-trakcie-swiat-wielkanocnych\/#article","isPartOf":{"@id":"https:\/\/www.24gliwice.pl\/wiadomosci\/kolejnej-wpadki-nie-bedzie-jadlodzielnia-ma-byc-dostepna-przed-i-w-trakcie-swiat-wielkanocnych\/"},"author":{"name":"\u017baneta Mrozek-Siewierska","@id":"https:\/\/www.24gliwice.pl\/wiadomosci\/#\/schema\/person\/e42c650edd7f2fa332be3811fb166b6e"},"headline":"Kolejnej wpadki nie b\u0119dzie. Jad\u0142odzielnia ma by\u0107 dost\u0119pna przed i w trakcie \u015bwi\u0105t wielkanocnych","datePublished":"2022-04-15T10:49:40+00:00","dateModified":"2022-04-15T11:13:03+00:00","mainEntityOfPage":{"@id":"https:\/\/www.24gliwice.pl\/wiadomosci\/kolejnej-wpadki-nie-bedzie-jadlodzielnia-ma-byc-dostepna-przed-i-w-trakcie-swiat-wielkanocnych\/"},"wordCount":292,"commentCount":0,"publisher":{"@id":"https:\/\/www.24gliwice.pl\/wiadomosci\/#organization"},"image":{"@id":"https:\/\/www.24gliwice.pl\/wiadomosci\/kolejnej-wpadki-nie-bedzie-jadlodzielnia-ma-byc-dostepna-przed-i-w-trakcie-swiat-wielkanocnych\/#primaryimage"},"thumbnailUrl":"https:\/\/www.24gliwice.pl\/wiadomosci\/wp-content\/uploads\/2021\/12\/jadlodzielnia-i-cieplodzielnia-1.jpg","keywords":["jad\u0142odzielnia","MDK"],"articleSection":["Gliwice","Kultura, wydarzenia, imprezy","Najnowsze wiadomo\u015bci"],"inLanguage":"pl-PL","potentialAction":[{"@type":"CommentAction","name":"Comment","target":["https:\/\/www.24gliwice.pl\/wiadomosci\/kolejnej-wpadki-nie-bedzie-jadlodzielnia-ma-byc-dostepna-przed-i-w-trakcie-swiat-wielkanocnych\/#respond"]}]},{"@type":"WebPage","@id":"https:\/\/www.24gliwice.pl\/wiadomosci\/kolejnej-wpadki-nie-bedzie-jadlodzielnia-ma-byc-dostepna-przed-i-w-trakcie-swiat-wielkanocnych\/","url":"https:\/\/www.24gliwice.pl\/wiadomosci\/kolejnej-wpadki-nie-bedzie-jadlodzielnia-ma-byc-dostepna-przed-i-w-trakcie-swiat-wielkanocnych\/","name":"Kolejnej wpadki nie b\u0119dzie. Jad\u0142odzielnia ma by\u0107 dost\u0119pna przed i w trakcie \u015bwi\u0105t wielkanocnych - 24GLIWICE - Portal Gliwice | codziennie nowe informacje","isPartOf":{"@id":"https:\/\/www.24gliwice.pl\/wiadomosci\/#website"},"primaryImageOfPage":{"@id":"https:\/\/www.24gliwice.pl\/wiadomosci\/kolejnej-wpadki-nie-bedzie-jadlodzielnia-ma-byc-dostepna-przed-i-w-trakcie-swiat-wielkanocnych\/#primaryimage"},"image":{"@id":"https:\/\/www.24gliwice.pl\/wiadomosci\/kolejnej-wpadki-nie-bedzie-jadlodzielnia-ma-byc-dostepna-przed-i-w-trakcie-swiat-wielkanocnych\/#primaryimage"},"thumbnailUrl":"https:\/\/www.24gliwice.pl\/wiadomosci\/wp-content\/uploads\/2021\/12\/jadlodzielnia-i-cieplodzielnia-1.jpg","datePublished":"2022-04-15T10:49:40+00:00","dateModified":"2022-04-15T11:13:03+00:00","description":"Przed i w trakcie \u015bwi\u0105t wielkanocnych jad\u0142odzielnia b\u0119dzie dost\u0119pna dla mieszka\u0144c\u00f3w. Mo\u017cna skorzysta\u0107 mi\u0119dzy 8:00 a 21:00","breadcrumb":{"@id":"https:\/\/www.24gliwice.pl\/wiadomosci\/kolejnej-wpadki-nie-bedzie-jadlodzielnia-ma-byc-dostepna-przed-i-w-trakcie-swiat-wielkanocnych\/#breadcrumb"},"inLanguage":"pl-PL","potentialAction":[{"@type":"ReadAction","target":["https:\/\/www.24gliwice.pl\/wiadomosci\/kolejnej-wpadki-nie-bedzie-jadlodzielnia-ma-byc-dostepna-przed-i-w-trakcie-swiat-wielkanocnych\/"]}]},{"@type":"ImageObject","inLanguage":"pl-PL","@id":"https:\/\/www.24gliwice.pl\/wiadomosci\/kolejnej-wpadki-nie-bedzie-jadlodzielnia-ma-byc-dostepna-przed-i-w-trakcie-swiat-wielkanocnych\/#primaryimage","url":"https:\/\/www.24gliwice.pl\/wiadomosci\/wp-content\/uploads\/2021\/12\/jadlodzielnia-i-cieplodzielnia-1.jpg","contentUrl":"https:\/\/www.24gliwice.pl\/wiadomosci\/wp-content\/uploads\/2021\/12\/jadlodzielnia-i-cieplodzielnia-1.jpg","width":810,"height":456},{"@type":"BreadcrumbList","@id":"https:\/\/www.24gliwice.pl\/wiadomosci\/kolejnej-wpadki-nie-bedzie-jadlodzielnia-ma-byc-dostepna-przed-i-w-trakcie-swiat-wielkanocnych\/#breadcrumb","itemListElement":[{"@type":"ListItem","position":1,"name":"Strona g\u0142\u00f3wna","item":"https:\/\/www.24gliwice.pl\/wiadomosci\/"},{"@type":"ListItem","position":2,"name":"Kolejnej wpadki nie b\u0119dzie. Jad\u0142odzielnia ma by\u0107 dost\u0119pna przed i w trakcie \u015bwi\u0105t wielkanocnych"}]},{"@type":"WebSite","@id":"https:\/\/www.24gliwice.pl\/wiadomosci\/#website","url":"https:\/\/www.24gliwice.pl\/wiadomosci\/","name":"24GLIWICE - Portal Gliwice | codziennie nowe wiadomo\u015bci","description":"Portal Miejski Gliwice","publisher":{"@id":"https:\/\/www.24gliwice.pl\/wiadomosci\/#organization"},"potentialAction":[{"@type":"SearchAction","target":{"@type":"EntryPoint","urlTemplate":"https:\/\/www.24gliwice.pl\/wiadomosci\/?s={search_term_string}"},"query-input":{"@type":"PropertyValueSpecification","valueRequired":true,"valueName":"search_term_string"}}],"inLanguage":"pl-PL"},{"@type":"Organization","@id":"https:\/\/www.24gliwice.pl\/wiadomosci\/#organization","name":"24gliwice","url":"https:\/\/www.24gliwice.pl\/wiadomosci\/","logo":{"@type":"ImageObject","inLanguage":"pl-PL","@id":"https:\/\/www.24gliwice.pl\/wiadomosci\/#\/schema\/logo\/image\/","url":"https:\/\/www.24gliwice.pl\/wiadomosci\/wp-content\/uploads\/2024\/10\/24gliwice-logo-696.jpg","contentUrl":"https:\/\/www.24gliwice.pl\/wiadomosci\/wp-content\/uploads\/2024\/10\/24gliwice-logo-696.jpg","width":696,"height":696,"caption":"24gliwice"},"image":{"@id":"https:\/\/www.24gliwice.pl\/wiadomosci\/#\/schema\/logo\/image\/"},"sameAs":["https:\/\/www.facebook.com\/24gliwice","https:\/\/x.com\/24gliwice","https:\/\/www.youtube.com\/@24gliwice"]},{"@type":"Person","@id":"https:\/\/www.24gliwice.pl\/wiadomosci\/#\/schema\/person\/e42c650edd7f2fa332be3811fb166b6e","name":"\u017baneta Mrozek-Siewierska","image":{"@type":"ImageObject","inLanguage":"pl-PL","@id":"https:\/\/www.24gliwice.pl\/wiadomosci\/wp-content\/uploads\/2021\/11\/Zaneta-M_S-zdjecie-czb-96x96.jpg","url":"https:\/\/www.24gliwice.pl\/wiadomosci\/wp-content\/uploads\/2021\/11\/Zaneta-M_S-zdjecie-czb-96x96.jpg","contentUrl":"https:\/\/www.24gliwice.pl\/wiadomosci\/wp-content\/uploads\/2021\/11\/Zaneta-M_S-zdjecie-czb-96x96.jpg","caption":"\u017baneta Mrozek-Siewierska"},"url":"https:\/\/www.24gliwice.pl\/wiadomosci\/author\/zms\/"}]}},"_links":{"self":[{"href":"https:\/\/www.24gliwice.pl\/wiadomosci\/wp-json\/wp\/v2\/posts\/190698","targetHints":{"allow":["GET"]}}],"collection":[{"href":"https:\/\/www.24gliwice.pl\/wiadomosci\/wp-json\/wp\/v2\/posts"}],"about":[{"href":"https:\/\/www.24gliwice.pl\/wiadomosci\/wp-json\/wp\/v2\/types\/post"}],"author":[{"embeddable":true,"href":"https:\/\/www.24gliwice.pl\/wiadomosci\/wp-json\/wp\/v2\/users\/15"}],"replies":[{"embeddable":true,"href":"https:\/\/www.24gliwice.pl\/wiadomosci\/wp-json\/wp\/v2\/comments?post=190698"}],"version-history":[{"count":9,"href":"https:\/\/www.24gliwice.pl\/wiadomosci\/wp-json\/wp\/v2\/posts\/190698\/revisions"}],"predecessor-version":[{"id":190729,"href":"https:\/\/www.24gliwice.pl\/wiadomosci\/wp-json\/wp\/v2\/posts\/190698\/revisions\/190729"}],"wp:featuredmedia":[{"embeddable":true,"href":"https:\/\/www.24gliwice.pl\/wiadomosci\/wp-json\/wp\/v2\/media\/183379"}],"wp:attachment":[{"href":"https:\/\/www.24gliwice.pl\/wiadomosci\/wp-json\/wp\/v2\/media?parent=190698"}],"wp:term":[{"taxonomy":"category","embeddable":true,"href":"https:\/\/www.24gliwice.pl\/wiadomosci\/wp-json\/wp\/v2\/categories?post=190698"},{"taxonomy":"post_tag","embeddable":true,"href":"https:\/\/www.24gliwice.pl\/wiadomosci\/wp-json\/wp\/v2\/tags?post=190698"}],"curies":[{"name":"wp","href":"https:\/\/api.w.org\/{rel}","templated":true}]}}