{"id":190855,"date":"2022-04-20T13:42:51","date_gmt":"2022-04-20T11:42:51","guid":{"rendered":"https:\/\/www.24gliwice.pl\/wiadomosci\/?p=190855"},"modified":"2022-04-20T13:42:51","modified_gmt":"2022-04-20T11:42:51","slug":"spotkanie-autorskie-z-joanna-jax-w-ramach-swiatowego-dnia-ksiazki-i-praw-autorskich","status":"publish","type":"post","link":"https:\/\/www.24gliwice.pl\/wiadomosci\/spotkanie-autorskie-z-joanna-jax-w-ramach-swiatowego-dnia-ksiazki-i-praw-autorskich\/","title":{"rendered":"Spotkanie autorskie z Joann\u0105 Jax w ramach \u015awiatowego Dnia Ksi\u0105\u017cki i Praw Autorskich"},"content":{"rendered":"<div class=\"gliwi-a6-nad-leadem-artykulow gliwi-entity-placement\" id=\"gliwi-1894589927\"><div class=\"gliwi-adlabel\"><span style=\"font-size: 9px\">REKLAMA<\/span><\/div><div id=\"gliwi-978681977\" style=\"margin-bottom: 25px;margin-left: auto;margin-right: auto;text-align: center;\"><a data-no-instant=\"1\" href=\"https:\/\/dom100.eu\/\" rel=\"noopener\" class=\"a2t-link\" target=\"_blank\" aria-label=\"20260415 DOM100 D\"><img loading=\"lazy\" decoding=\"async\" src=\"https:\/\/www.24gliwice.pl\/wiadomosci\/wp-content\/uploads\/2026\/04\/20260415-DOM100-D.jpg\" alt=\"\"  srcset=\"https:\/\/www.24gliwice.pl\/wiadomosci\/wp-content\/uploads\/2026\/04\/20260415-DOM100-D.jpg 750w, https:\/\/www.24gliwice.pl\/wiadomosci\/wp-content\/uploads\/2026\/04\/20260415-DOM100-D-410x109.jpg 410w\" sizes=\"(max-width: 750px) 100vw, 750px\" class=\"no-lazyload\" width=\"750\" height=\"200\"  style=\"display: inline-block; max-width: 100%; height: auto;\" \/><\/a><\/div><\/div><h2>Miejska Biblioteka Publiczna w Gliwicach zaprasza na spotkanie autorskie z Joann\u0105 Jax. Wydarzenie organizowane jest z okazji \u015awiatowego Dnia Ksi\u0105\u017cki i Praw Autorskich. Wst\u0119p wolny.<\/h2>\n<p>&nbsp;<br \/>\n<strong>Joanna Jax<\/strong> (w\u0142a\u015bciwie <strong>Joanna Jakubczak<\/strong>) zadebiutowa\u0142a w 2014 roku Dziedzictwem von Beck\u00f3w, kt\u00f3re zachwyci\u0142o zar\u00f3wno recenzent\u00f3w, jak i czytelnik\u00f3w. Kolejne powie\u015bci: D\u0142uga droga do domu (2015) i Pi\u0119tno von Beck\u00f3w (2016) ugruntowa\u0142y status Joanny Jax jako pisarki. <\/p>\n<h4>Mi\u0142o\u015bnicy jej tw\u00f3rczo\u015bci entuzjastycznie przyj\u0119li sze\u015bciotomowy cykl powie\u015bciowy \u2013 Zemsta i przebaczenie (2018), a tak\u017ce ksi\u0105\u017ck\u0119 Syn zakonnicy (2018).<\/h4>\n<p>W roku 2018 i 2019 ukaza\u0142 si\u0119 cykl Zanim nadejdzie jutro, Milczenie anio\u0142\u00f3w oraz Bia\u0142e r\u00f3\u017ce z Petersburga. G\u0142osami czytelnik\u00f3w wybrana jako finalistka Festiwalu Pi\u00f3ro i Pazur na najbardziej wzruszaj\u0105c\u0105 powie\u015b\u0107 roku 2014. Laureatka Wawrzynu \u2013 Literackiej Nagrody Warmii i Mazur za rok 2016 (nagroda czytelnik\u00f3w), dwukrotnie nominowana do Ksi\u0105\u017cki Roku 2017 i 2018 portalu Lubimy Czyta\u0107 w kategorii \u201eksi\u0105\u017cka historyczna\u201d.<\/p><div class=\"gliwi-a3-w-tresci-artykulow gliwi-entity-placement\" id=\"gliwi-733701678\"><div class=\"gliwi-adlabel\"><span style=\"font-size: 9px\">REKLAMA<\/span><\/div><div id=\"gliwi-3061524360\" style=\"margin-bottom: 30px;margin-left: auto;margin-right: auto;text-align: center;\"><a data-no-instant=\"1\" href=\"https:\/\/zlobek.halogen.org.pl\/\" rel=\"noopener\" class=\"a2t-link\" target=\"_blank\" aria-label=\"animator-zlobek_750x200\"><img loading=\"lazy\" decoding=\"async\" src=\"https:\/\/www.24gliwice.pl\/wiadomosci\/wp-content\/uploads\/2026\/02\/animator-zlobek_750x200.webp\" alt=\"\"  srcset=\"https:\/\/www.24gliwice.pl\/wiadomosci\/wp-content\/uploads\/2026\/02\/animator-zlobek_750x200.webp 750w, https:\/\/www.24gliwice.pl\/wiadomosci\/wp-content\/uploads\/2026\/02\/animator-zlobek_750x200-410x109.webp 410w\" sizes=\"(max-width: 750px) 100vw, 750px\" class=\"no-lazyload\" width=\"750\" height=\"200\"  style=\"display: inline-block; max-width: 100%; height: auto;\" \/><\/a><\/div><\/div>\n<p>Zajmuje si\u0119 r\u00f3wnie\u017c copywritingiem, pisze felietony i jest wolontariuszk\u0105 w Fundacji dla Rodaka. Opr\u00f3cz pisania powie\u015bci maluje na szkle unikatow\u0105 technik\u0105 warstwow\u0105, pasjonuje si\u0119 literatur\u0105 biograficzn\u0105 i grafik\u0105.<\/p>\n<p>Spotkanie autorskie odb\u0119dzie si\u0119 w Bibliotece Centralnej przy ulicy Ko\u015bciuszki 17 w najbli\u017cszy pi\u0105tek, 22 kwietnia, o godzinie 18:00. Poprowadzi je Marta Bajor. <\/p>\n<p>(\u017cms)\/MBP Gliwice<br \/>\nfot. mat. organizatora<\/p>\n<div class=\"gliwi-a5-na-koncu-artykulow gliwi-entity-placement\" id=\"gliwi-2529332604\"><div class=\"gliwi-adlabel\"><span style=\"font-size: 9px\">REKLAMA<\/span><\/div><div id=\"gliwi-3659532735\" style=\"margin-left: auto;margin-right: auto;text-align: center;\"><a data-no-instant=\"1\" href=\"https:\/\/www.jasek.pl\/\" rel=\"noopener\" class=\"a2t-link\" target=\"_blank\" aria-label=\"20200401-jasek 600\"><img loading=\"lazy\" decoding=\"async\" src=\"https:\/\/www.24gliwice.pl\/wiadomosci\/wp-content\/uploads\/2020\/04\/20200401-jasek-600.jpg\" alt=\"\"  srcset=\"https:\/\/www.24gliwice.pl\/wiadomosci\/wp-content\/uploads\/2020\/04\/20200401-jasek-600.jpg 600w, https:\/\/www.24gliwice.pl\/wiadomosci\/wp-content\/uploads\/2020\/04\/20200401-jasek-600-410x109.jpg 410w\" sizes=\"(max-width: 600px) 100vw, 600px\" class=\"no-lazyload\" width=\"600\" height=\"160\"  style=\"display: inline-block; max-width: 100%; height: auto;\" \/><\/a><\/div><\/div>","protected":false},"excerpt":{"rendered":"<p>Miejska Biblioteka Publiczna w Gliwicach zaprasza na spotkanie autorskie z Joann\u0105 Jax. Wydarzenie organizowane jest z okazji \u015awiatowego Dnia Ksi\u0105\u017cki i Praw Autorskich. Wst\u0119p wolny. &nbsp; Joanna Jax (w\u0142a\u015bciwie Joanna Jakubczak) zadebiutowa\u0142a w 2014 roku Dziedzictwem von Beck\u00f3w, kt\u00f3re zachwyci\u0142o zar\u00f3wno recenzent\u00f3w, jak i czytelnik\u00f3w. Kolejne powie\u015bci: D\u0142uga droga do domu (2015) i Pi\u0119tno von [&hellip;]<\/p>\n","protected":false},"author":15,"featured_media":190860,"comment_status":"open","ping_status":"closed","sticky":false,"template":"","format":"standard","meta":{"_monsterinsights_skip_tracking":false,"_monsterinsights_sitenote_active":false,"_monsterinsights_sitenote_note":"","_monsterinsights_sitenote_category":0,"footnotes":"","_links_to":"","_links_to_target":""},"categories":[3,6,1],"tags":[13893],"class_list":["post-190855","post","type-post","status-publish","format-standard","has-post-thumbnail","hentry","category-gliwice","category-kultura","category-wszystko","tag-spotkanie-autorskie"],"yoast_head":"<!-- This site is optimized with the Yoast SEO plugin v27.4 - https:\/\/yoast.com\/product\/yoast-seo-wordpress\/ -->\n<title>Spotkanie autorskie z Joann\u0105 Jax w ramach \u015awiatowego Dnia Ksi\u0105\u017cki i Praw Autorskich - 24GLIWICE - Portal Gliwice | codziennie nowe informacje<\/title>\n<meta name=\"description\" content=\"Biblioteka Centralna organizuje spotkanie autorskie z Joann\u0105 Jax, autork\u0105 &quot;Dziedzictwa von Beck\u00f3w&quot;. Wydarzenie odb\u0119dzie si\u0119 22 kwietnia\" \/>\n<meta name=\"robots\" content=\"index, follow, max-snippet:-1, max-image-preview:large, max-video-preview:-1\" \/>\n<link rel=\"canonical\" href=\"https:\/\/www.24gliwice.pl\/wiadomosci\/spotkanie-autorskie-z-joanna-jax-w-ramach-swiatowego-dnia-ksiazki-i-praw-autorskich\/\" \/>\n<meta property=\"og:locale\" content=\"pl_PL\" \/>\n<meta property=\"og:type\" content=\"article\" \/>\n<meta property=\"og:title\" content=\"Spotkanie autorskie z Joann\u0105 Jax w ramach \u015awiatowego Dnia Ksi\u0105\u017cki i Praw Autorskich - 24GLIWICE - Portal Gliwice | codziennie nowe informacje\" \/>\n<meta property=\"og:description\" content=\"Biblioteka Centralna organizuje spotkanie autorskie z Joann\u0105 Jax, autork\u0105 &quot;Dziedzictwa von Beck\u00f3w&quot;. Wydarzenie odb\u0119dzie si\u0119 22 kwietnia\" \/>\n<meta property=\"og:url\" content=\"https:\/\/www.24gliwice.pl\/wiadomosci\/spotkanie-autorskie-z-joanna-jax-w-ramach-swiatowego-dnia-ksiazki-i-praw-autorskich\/\" \/>\n<meta property=\"og:site_name\" content=\"24GLIWICE - Portal Gliwice | codziennie nowe informacje\" \/>\n<meta property=\"article:publisher\" content=\"https:\/\/www.facebook.com\/24gliwice\" \/>\n<meta property=\"article:published_time\" content=\"2022-04-20T11:42:51+00:00\" \/>\n<meta property=\"og:image\" content=\"https:\/\/www.24gliwice.pl\/wiadomosci\/wp-content\/uploads\/2022\/04\/joanna_jax_spotkanie_autorskie_bc_baner-1300x650-1.jpg\" \/>\n\t<meta property=\"og:image:width\" content=\"810\" \/>\n\t<meta property=\"og:image:height\" content=\"456\" \/>\n\t<meta property=\"og:image:type\" content=\"image\/jpeg\" \/>\n<meta name=\"author\" content=\"\u017baneta Mrozek-Siewierska\" \/>\n<meta name=\"twitter:card\" content=\"summary_large_image\" \/>\n<meta name=\"twitter:creator\" content=\"@24gliwice\" \/>\n<meta name=\"twitter:site\" content=\"@24gliwice\" \/>\n<meta name=\"twitter:label1\" content=\"Napisane przez\" \/>\n\t<meta name=\"twitter:data1\" content=\"\u017baneta Mrozek-Siewierska\" \/>\n\t<meta name=\"twitter:label2\" content=\"Szacowany czas czytania\" \/>\n\t<meta name=\"twitter:data2\" content=\"1 minuta\" \/>\n<script type=\"application\/ld+json\" class=\"yoast-schema-graph\">{\"@context\":\"https:\\\/\\\/schema.org\",\"@graph\":[{\"@type\":\"Article\",\"@id\":\"https:\\\/\\\/www.24gliwice.pl\\\/wiadomosci\\\/spotkanie-autorskie-z-joanna-jax-w-ramach-swiatowego-dnia-ksiazki-i-praw-autorskich\\\/#article\",\"isPartOf\":{\"@id\":\"https:\\\/\\\/www.24gliwice.pl\\\/wiadomosci\\\/spotkanie-autorskie-z-joanna-jax-w-ramach-swiatowego-dnia-ksiazki-i-praw-autorskich\\\/\"},\"author\":{\"name\":\"\u017baneta Mrozek-Siewierska\",\"@id\":\"https:\\\/\\\/www.24gliwice.pl\\\/wiadomosci\\\/#\\\/schema\\\/person\\\/e42c650edd7f2fa332be3811fb166b6e\"},\"headline\":\"Spotkanie autorskie z Joann\u0105 Jax w ramach \u015awiatowego Dnia Ksi\u0105\u017cki i Praw Autorskich\",\"datePublished\":\"2022-04-20T11:42:51+00:00\",\"mainEntityOfPage\":{\"@id\":\"https:\\\/\\\/www.24gliwice.pl\\\/wiadomosci\\\/spotkanie-autorskie-z-joanna-jax-w-ramach-swiatowego-dnia-ksiazki-i-praw-autorskich\\\/\"},\"wordCount\":240,\"commentCount\":0,\"publisher\":{\"@id\":\"https:\\\/\\\/www.24gliwice.pl\\\/wiadomosci\\\/#organization\"},\"image\":{\"@id\":\"https:\\\/\\\/www.24gliwice.pl\\\/wiadomosci\\\/spotkanie-autorskie-z-joanna-jax-w-ramach-swiatowego-dnia-ksiazki-i-praw-autorskich\\\/#primaryimage\"},\"thumbnailUrl\":\"https:\\\/\\\/www.24gliwice.pl\\\/wiadomosci\\\/wp-content\\\/uploads\\\/2022\\\/04\\\/joanna_jax_spotkanie_autorskie_bc_baner-1300x650-1.jpg\",\"keywords\":[\"SPOTKANIE AUTORSKIE\"],\"articleSection\":[\"Gliwice\",\"Kultura, wydarzenia, imprezy\",\"Najnowsze wiadomo\u015bci\"],\"inLanguage\":\"pl-PL\",\"potentialAction\":[{\"@type\":\"CommentAction\",\"name\":\"Comment\",\"target\":[\"https:\\\/\\\/www.24gliwice.pl\\\/wiadomosci\\\/spotkanie-autorskie-z-joanna-jax-w-ramach-swiatowego-dnia-ksiazki-i-praw-autorskich\\\/#respond\"]}]},{\"@type\":\"WebPage\",\"@id\":\"https:\\\/\\\/www.24gliwice.pl\\\/wiadomosci\\\/spotkanie-autorskie-z-joanna-jax-w-ramach-swiatowego-dnia-ksiazki-i-praw-autorskich\\\/\",\"url\":\"https:\\\/\\\/www.24gliwice.pl\\\/wiadomosci\\\/spotkanie-autorskie-z-joanna-jax-w-ramach-swiatowego-dnia-ksiazki-i-praw-autorskich\\\/\",\"name\":\"Spotkanie autorskie z Joann\u0105 Jax w ramach \u015awiatowego Dnia Ksi\u0105\u017cki i Praw Autorskich - 24GLIWICE - Portal Gliwice | codziennie nowe informacje\",\"isPartOf\":{\"@id\":\"https:\\\/\\\/www.24gliwice.pl\\\/wiadomosci\\\/#website\"},\"primaryImageOfPage\":{\"@id\":\"https:\\\/\\\/www.24gliwice.pl\\\/wiadomosci\\\/spotkanie-autorskie-z-joanna-jax-w-ramach-swiatowego-dnia-ksiazki-i-praw-autorskich\\\/#primaryimage\"},\"image\":{\"@id\":\"https:\\\/\\\/www.24gliwice.pl\\\/wiadomosci\\\/spotkanie-autorskie-z-joanna-jax-w-ramach-swiatowego-dnia-ksiazki-i-praw-autorskich\\\/#primaryimage\"},\"thumbnailUrl\":\"https:\\\/\\\/www.24gliwice.pl\\\/wiadomosci\\\/wp-content\\\/uploads\\\/2022\\\/04\\\/joanna_jax_spotkanie_autorskie_bc_baner-1300x650-1.jpg\",\"datePublished\":\"2022-04-20T11:42:51+00:00\",\"description\":\"Biblioteka Centralna organizuje spotkanie autorskie z Joann\u0105 Jax, autork\u0105 \\\"Dziedzictwa von Beck\u00f3w\\\". Wydarzenie odb\u0119dzie si\u0119 22 kwietnia\",\"breadcrumb\":{\"@id\":\"https:\\\/\\\/www.24gliwice.pl\\\/wiadomosci\\\/spotkanie-autorskie-z-joanna-jax-w-ramach-swiatowego-dnia-ksiazki-i-praw-autorskich\\\/#breadcrumb\"},\"inLanguage\":\"pl-PL\",\"potentialAction\":[{\"@type\":\"ReadAction\",\"target\":[\"https:\\\/\\\/www.24gliwice.pl\\\/wiadomosci\\\/spotkanie-autorskie-z-joanna-jax-w-ramach-swiatowego-dnia-ksiazki-i-praw-autorskich\\\/\"]}]},{\"@type\":\"ImageObject\",\"inLanguage\":\"pl-PL\",\"@id\":\"https:\\\/\\\/www.24gliwice.pl\\\/wiadomosci\\\/spotkanie-autorskie-z-joanna-jax-w-ramach-swiatowego-dnia-ksiazki-i-praw-autorskich\\\/#primaryimage\",\"url\":\"https:\\\/\\\/www.24gliwice.pl\\\/wiadomosci\\\/wp-content\\\/uploads\\\/2022\\\/04\\\/joanna_jax_spotkanie_autorskie_bc_baner-1300x650-1.jpg\",\"contentUrl\":\"https:\\\/\\\/www.24gliwice.pl\\\/wiadomosci\\\/wp-content\\\/uploads\\\/2022\\\/04\\\/joanna_jax_spotkanie_autorskie_bc_baner-1300x650-1.jpg\",\"width\":810,\"height\":456},{\"@type\":\"BreadcrumbList\",\"@id\":\"https:\\\/\\\/www.24gliwice.pl\\\/wiadomosci\\\/spotkanie-autorskie-z-joanna-jax-w-ramach-swiatowego-dnia-ksiazki-i-praw-autorskich\\\/#breadcrumb\",\"itemListElement\":[{\"@type\":\"ListItem\",\"position\":1,\"name\":\"Strona g\u0142\u00f3wna\",\"item\":\"https:\\\/\\\/www.24gliwice.pl\\\/wiadomosci\\\/\"},{\"@type\":\"ListItem\",\"position\":2,\"name\":\"Spotkanie autorskie z Joann\u0105 Jax w ramach \u015awiatowego Dnia Ksi\u0105\u017cki i Praw Autorskich\"}]},{\"@type\":\"WebSite\",\"@id\":\"https:\\\/\\\/www.24gliwice.pl\\\/wiadomosci\\\/#website\",\"url\":\"https:\\\/\\\/www.24gliwice.pl\\\/wiadomosci\\\/\",\"name\":\"24GLIWICE - Portal Gliwice | codziennie nowe wiadomo\u015bci\",\"description\":\"Portal Miejski Gliwice\",\"publisher\":{\"@id\":\"https:\\\/\\\/www.24gliwice.pl\\\/wiadomosci\\\/#organization\"},\"potentialAction\":[{\"@type\":\"SearchAction\",\"target\":{\"@type\":\"EntryPoint\",\"urlTemplate\":\"https:\\\/\\\/www.24gliwice.pl\\\/wiadomosci\\\/?s={search_term_string}\"},\"query-input\":{\"@type\":\"PropertyValueSpecification\",\"valueRequired\":true,\"valueName\":\"search_term_string\"}}],\"inLanguage\":\"pl-PL\"},{\"@type\":\"Organization\",\"@id\":\"https:\\\/\\\/www.24gliwice.pl\\\/wiadomosci\\\/#organization\",\"name\":\"24gliwice\",\"url\":\"https:\\\/\\\/www.24gliwice.pl\\\/wiadomosci\\\/\",\"logo\":{\"@type\":\"ImageObject\",\"inLanguage\":\"pl-PL\",\"@id\":\"https:\\\/\\\/www.24gliwice.pl\\\/wiadomosci\\\/#\\\/schema\\\/logo\\\/image\\\/\",\"url\":\"https:\\\/\\\/www.24gliwice.pl\\\/wiadomosci\\\/wp-content\\\/uploads\\\/2024\\\/10\\\/24gliwice-logo-696.jpg\",\"contentUrl\":\"https:\\\/\\\/www.24gliwice.pl\\\/wiadomosci\\\/wp-content\\\/uploads\\\/2024\\\/10\\\/24gliwice-logo-696.jpg\",\"width\":696,\"height\":696,\"caption\":\"24gliwice\"},\"image\":{\"@id\":\"https:\\\/\\\/www.24gliwice.pl\\\/wiadomosci\\\/#\\\/schema\\\/logo\\\/image\\\/\"},\"sameAs\":[\"https:\\\/\\\/www.facebook.com\\\/24gliwice\",\"https:\\\/\\\/x.com\\\/24gliwice\",\"https:\\\/\\\/www.youtube.com\\\/@24gliwice\"]},{\"@type\":\"Person\",\"@id\":\"https:\\\/\\\/www.24gliwice.pl\\\/wiadomosci\\\/#\\\/schema\\\/person\\\/e42c650edd7f2fa332be3811fb166b6e\",\"name\":\"\u017baneta Mrozek-Siewierska\",\"image\":{\"@type\":\"ImageObject\",\"inLanguage\":\"pl-PL\",\"@id\":\"https:\\\/\\\/www.24gliwice.pl\\\/wiadomosci\\\/wp-content\\\/uploads\\\/2021\\\/11\\\/Zaneta-M_S-zdjecie-czb-96x96.jpg\",\"url\":\"https:\\\/\\\/www.24gliwice.pl\\\/wiadomosci\\\/wp-content\\\/uploads\\\/2021\\\/11\\\/Zaneta-M_S-zdjecie-czb-96x96.jpg\",\"contentUrl\":\"https:\\\/\\\/www.24gliwice.pl\\\/wiadomosci\\\/wp-content\\\/uploads\\\/2021\\\/11\\\/Zaneta-M_S-zdjecie-czb-96x96.jpg\",\"caption\":\"\u017baneta Mrozek-Siewierska\"},\"url\":\"https:\\\/\\\/www.24gliwice.pl\\\/wiadomosci\\\/author\\\/zms\\\/\"}]}<\/script>\n<!-- \/ Yoast SEO plugin. -->","yoast_head_json":{"title":"Spotkanie autorskie z Joann\u0105 Jax w ramach \u015awiatowego Dnia Ksi\u0105\u017cki i Praw Autorskich - 24GLIWICE - Portal Gliwice | codziennie nowe informacje","description":"Biblioteka Centralna organizuje spotkanie autorskie z Joann\u0105 Jax, autork\u0105 \"Dziedzictwa von Beck\u00f3w\". Wydarzenie odb\u0119dzie si\u0119 22 kwietnia","robots":{"index":"index","follow":"follow","max-snippet":"max-snippet:-1","max-image-preview":"max-image-preview:large","max-video-preview":"max-video-preview:-1"},"canonical":"https:\/\/www.24gliwice.pl\/wiadomosci\/spotkanie-autorskie-z-joanna-jax-w-ramach-swiatowego-dnia-ksiazki-i-praw-autorskich\/","og_locale":"pl_PL","og_type":"article","og_title":"Spotkanie autorskie z Joann\u0105 Jax w ramach \u015awiatowego Dnia Ksi\u0105\u017cki i Praw Autorskich - 24GLIWICE - Portal Gliwice | codziennie nowe informacje","og_description":"Biblioteka Centralna organizuje spotkanie autorskie z Joann\u0105 Jax, autork\u0105 \"Dziedzictwa von Beck\u00f3w\". Wydarzenie odb\u0119dzie si\u0119 22 kwietnia","og_url":"https:\/\/www.24gliwice.pl\/wiadomosci\/spotkanie-autorskie-z-joanna-jax-w-ramach-swiatowego-dnia-ksiazki-i-praw-autorskich\/","og_site_name":"24GLIWICE - Portal Gliwice | codziennie nowe informacje","article_publisher":"https:\/\/www.facebook.com\/24gliwice","article_published_time":"2022-04-20T11:42:51+00:00","og_image":[{"width":810,"height":456,"url":"https:\/\/www.24gliwice.pl\/wiadomosci\/wp-content\/uploads\/2022\/04\/joanna_jax_spotkanie_autorskie_bc_baner-1300x650-1.jpg","type":"image\/jpeg"}],"author":"\u017baneta Mrozek-Siewierska","twitter_card":"summary_large_image","twitter_creator":"@24gliwice","twitter_site":"@24gliwice","twitter_misc":{"Napisane przez":"\u017baneta Mrozek-Siewierska","Szacowany czas czytania":"1 minuta"},"schema":{"@context":"https:\/\/schema.org","@graph":[{"@type":"Article","@id":"https:\/\/www.24gliwice.pl\/wiadomosci\/spotkanie-autorskie-z-joanna-jax-w-ramach-swiatowego-dnia-ksiazki-i-praw-autorskich\/#article","isPartOf":{"@id":"https:\/\/www.24gliwice.pl\/wiadomosci\/spotkanie-autorskie-z-joanna-jax-w-ramach-swiatowego-dnia-ksiazki-i-praw-autorskich\/"},"author":{"name":"\u017baneta Mrozek-Siewierska","@id":"https:\/\/www.24gliwice.pl\/wiadomosci\/#\/schema\/person\/e42c650edd7f2fa332be3811fb166b6e"},"headline":"Spotkanie autorskie z Joann\u0105 Jax w ramach \u015awiatowego Dnia Ksi\u0105\u017cki i Praw Autorskich","datePublished":"2022-04-20T11:42:51+00:00","mainEntityOfPage":{"@id":"https:\/\/www.24gliwice.pl\/wiadomosci\/spotkanie-autorskie-z-joanna-jax-w-ramach-swiatowego-dnia-ksiazki-i-praw-autorskich\/"},"wordCount":240,"commentCount":0,"publisher":{"@id":"https:\/\/www.24gliwice.pl\/wiadomosci\/#organization"},"image":{"@id":"https:\/\/www.24gliwice.pl\/wiadomosci\/spotkanie-autorskie-z-joanna-jax-w-ramach-swiatowego-dnia-ksiazki-i-praw-autorskich\/#primaryimage"},"thumbnailUrl":"https:\/\/www.24gliwice.pl\/wiadomosci\/wp-content\/uploads\/2022\/04\/joanna_jax_spotkanie_autorskie_bc_baner-1300x650-1.jpg","keywords":["SPOTKANIE AUTORSKIE"],"articleSection":["Gliwice","Kultura, wydarzenia, imprezy","Najnowsze wiadomo\u015bci"],"inLanguage":"pl-PL","potentialAction":[{"@type":"CommentAction","name":"Comment","target":["https:\/\/www.24gliwice.pl\/wiadomosci\/spotkanie-autorskie-z-joanna-jax-w-ramach-swiatowego-dnia-ksiazki-i-praw-autorskich\/#respond"]}]},{"@type":"WebPage","@id":"https:\/\/www.24gliwice.pl\/wiadomosci\/spotkanie-autorskie-z-joanna-jax-w-ramach-swiatowego-dnia-ksiazki-i-praw-autorskich\/","url":"https:\/\/www.24gliwice.pl\/wiadomosci\/spotkanie-autorskie-z-joanna-jax-w-ramach-swiatowego-dnia-ksiazki-i-praw-autorskich\/","name":"Spotkanie autorskie z Joann\u0105 Jax w ramach \u015awiatowego Dnia Ksi\u0105\u017cki i Praw Autorskich - 24GLIWICE - Portal Gliwice | codziennie nowe informacje","isPartOf":{"@id":"https:\/\/www.24gliwice.pl\/wiadomosci\/#website"},"primaryImageOfPage":{"@id":"https:\/\/www.24gliwice.pl\/wiadomosci\/spotkanie-autorskie-z-joanna-jax-w-ramach-swiatowego-dnia-ksiazki-i-praw-autorskich\/#primaryimage"},"image":{"@id":"https:\/\/www.24gliwice.pl\/wiadomosci\/spotkanie-autorskie-z-joanna-jax-w-ramach-swiatowego-dnia-ksiazki-i-praw-autorskich\/#primaryimage"},"thumbnailUrl":"https:\/\/www.24gliwice.pl\/wiadomosci\/wp-content\/uploads\/2022\/04\/joanna_jax_spotkanie_autorskie_bc_baner-1300x650-1.jpg","datePublished":"2022-04-20T11:42:51+00:00","description":"Biblioteka Centralna organizuje spotkanie autorskie z Joann\u0105 Jax, autork\u0105 \"Dziedzictwa von Beck\u00f3w\". Wydarzenie odb\u0119dzie si\u0119 22 kwietnia","breadcrumb":{"@id":"https:\/\/www.24gliwice.pl\/wiadomosci\/spotkanie-autorskie-z-joanna-jax-w-ramach-swiatowego-dnia-ksiazki-i-praw-autorskich\/#breadcrumb"},"inLanguage":"pl-PL","potentialAction":[{"@type":"ReadAction","target":["https:\/\/www.24gliwice.pl\/wiadomosci\/spotkanie-autorskie-z-joanna-jax-w-ramach-swiatowego-dnia-ksiazki-i-praw-autorskich\/"]}]},{"@type":"ImageObject","inLanguage":"pl-PL","@id":"https:\/\/www.24gliwice.pl\/wiadomosci\/spotkanie-autorskie-z-joanna-jax-w-ramach-swiatowego-dnia-ksiazki-i-praw-autorskich\/#primaryimage","url":"https:\/\/www.24gliwice.pl\/wiadomosci\/wp-content\/uploads\/2022\/04\/joanna_jax_spotkanie_autorskie_bc_baner-1300x650-1.jpg","contentUrl":"https:\/\/www.24gliwice.pl\/wiadomosci\/wp-content\/uploads\/2022\/04\/joanna_jax_spotkanie_autorskie_bc_baner-1300x650-1.jpg","width":810,"height":456},{"@type":"BreadcrumbList","@id":"https:\/\/www.24gliwice.pl\/wiadomosci\/spotkanie-autorskie-z-joanna-jax-w-ramach-swiatowego-dnia-ksiazki-i-praw-autorskich\/#breadcrumb","itemListElement":[{"@type":"ListItem","position":1,"name":"Strona g\u0142\u00f3wna","item":"https:\/\/www.24gliwice.pl\/wiadomosci\/"},{"@type":"ListItem","position":2,"name":"Spotkanie autorskie z Joann\u0105 Jax w ramach \u015awiatowego Dnia Ksi\u0105\u017cki i Praw Autorskich"}]},{"@type":"WebSite","@id":"https:\/\/www.24gliwice.pl\/wiadomosci\/#website","url":"https:\/\/www.24gliwice.pl\/wiadomosci\/","name":"24GLIWICE - Portal Gliwice | codziennie nowe wiadomo\u015bci","description":"Portal Miejski Gliwice","publisher":{"@id":"https:\/\/www.24gliwice.pl\/wiadomosci\/#organization"},"potentialAction":[{"@type":"SearchAction","target":{"@type":"EntryPoint","urlTemplate":"https:\/\/www.24gliwice.pl\/wiadomosci\/?s={search_term_string}"},"query-input":{"@type":"PropertyValueSpecification","valueRequired":true,"valueName":"search_term_string"}}],"inLanguage":"pl-PL"},{"@type":"Organization","@id":"https:\/\/www.24gliwice.pl\/wiadomosci\/#organization","name":"24gliwice","url":"https:\/\/www.24gliwice.pl\/wiadomosci\/","logo":{"@type":"ImageObject","inLanguage":"pl-PL","@id":"https:\/\/www.24gliwice.pl\/wiadomosci\/#\/schema\/logo\/image\/","url":"https:\/\/www.24gliwice.pl\/wiadomosci\/wp-content\/uploads\/2024\/10\/24gliwice-logo-696.jpg","contentUrl":"https:\/\/www.24gliwice.pl\/wiadomosci\/wp-content\/uploads\/2024\/10\/24gliwice-logo-696.jpg","width":696,"height":696,"caption":"24gliwice"},"image":{"@id":"https:\/\/www.24gliwice.pl\/wiadomosci\/#\/schema\/logo\/image\/"},"sameAs":["https:\/\/www.facebook.com\/24gliwice","https:\/\/x.com\/24gliwice","https:\/\/www.youtube.com\/@24gliwice"]},{"@type":"Person","@id":"https:\/\/www.24gliwice.pl\/wiadomosci\/#\/schema\/person\/e42c650edd7f2fa332be3811fb166b6e","name":"\u017baneta Mrozek-Siewierska","image":{"@type":"ImageObject","inLanguage":"pl-PL","@id":"https:\/\/www.24gliwice.pl\/wiadomosci\/wp-content\/uploads\/2021\/11\/Zaneta-M_S-zdjecie-czb-96x96.jpg","url":"https:\/\/www.24gliwice.pl\/wiadomosci\/wp-content\/uploads\/2021\/11\/Zaneta-M_S-zdjecie-czb-96x96.jpg","contentUrl":"https:\/\/www.24gliwice.pl\/wiadomosci\/wp-content\/uploads\/2021\/11\/Zaneta-M_S-zdjecie-czb-96x96.jpg","caption":"\u017baneta Mrozek-Siewierska"},"url":"https:\/\/www.24gliwice.pl\/wiadomosci\/author\/zms\/"}]}},"_links":{"self":[{"href":"https:\/\/www.24gliwice.pl\/wiadomosci\/wp-json\/wp\/v2\/posts\/190855","targetHints":{"allow":["GET"]}}],"collection":[{"href":"https:\/\/www.24gliwice.pl\/wiadomosci\/wp-json\/wp\/v2\/posts"}],"about":[{"href":"https:\/\/www.24gliwice.pl\/wiadomosci\/wp-json\/wp\/v2\/types\/post"}],"author":[{"embeddable":true,"href":"https:\/\/www.24gliwice.pl\/wiadomosci\/wp-json\/wp\/v2\/users\/15"}],"replies":[{"embeddable":true,"href":"https:\/\/www.24gliwice.pl\/wiadomosci\/wp-json\/wp\/v2\/comments?post=190855"}],"version-history":[{"count":3,"href":"https:\/\/www.24gliwice.pl\/wiadomosci\/wp-json\/wp\/v2\/posts\/190855\/revisions"}],"predecessor-version":[{"id":190882,"href":"https:\/\/www.24gliwice.pl\/wiadomosci\/wp-json\/wp\/v2\/posts\/190855\/revisions\/190882"}],"wp:featuredmedia":[{"embeddable":true,"href":"https:\/\/www.24gliwice.pl\/wiadomosci\/wp-json\/wp\/v2\/media\/190860"}],"wp:attachment":[{"href":"https:\/\/www.24gliwice.pl\/wiadomosci\/wp-json\/wp\/v2\/media?parent=190855"}],"wp:term":[{"taxonomy":"category","embeddable":true,"href":"https:\/\/www.24gliwice.pl\/wiadomosci\/wp-json\/wp\/v2\/categories?post=190855"},{"taxonomy":"post_tag","embeddable":true,"href":"https:\/\/www.24gliwice.pl\/wiadomosci\/wp-json\/wp\/v2\/tags?post=190855"}],"curies":[{"name":"wp","href":"https:\/\/api.w.org\/{rel}","templated":true}]}}