{"id":190919,"date":"2022-04-22T05:11:32","date_gmt":"2022-04-22T03:11:32","guid":{"rendered":"https:\/\/www.24gliwice.pl\/wiadomosci\/?p=190919"},"modified":"2022-04-22T00:13:58","modified_gmt":"2022-04-21T22:13:58","slug":"elektryczne-samochody-dla-mzuk-jakie-byly-wymagania-cena-niemal-polowe-wyzsza-niz-zakladano","status":"publish","type":"post","link":"https:\/\/www.24gliwice.pl\/wiadomosci\/elektryczne-samochody-dla-mzuk-jakie-byly-wymagania-cena-niemal-polowe-wyzsza-niz-zakladano\/","title":{"rendered":"Elektryczne samochody dla MZUK. Jakie by\u0142y wymagania? Cena niemal po\u0142ow\u0119 wy\u017csza ni\u017c zak\u0142adano"},"content":{"rendered":"<div class=\"gliwi-a6-nad-leadem-artykulow gliwi-entity-placement\" id=\"gliwi-3642392002\"><div class=\"gliwi-adlabel\"><span style=\"font-size: 9px\">REKLAMA<\/span><\/div><div id=\"gliwi-602741785\" style=\"margin-bottom: 25px;margin-left: auto;margin-right: auto;text-align: center;\"><a data-no-instant=\"1\" href=\"https:\/\/dom100.eu\/\" rel=\"noopener\" class=\"a2t-link\" target=\"_blank\" aria-label=\"20260415 DOM100 D\"><img loading=\"lazy\" decoding=\"async\" src=\"https:\/\/www.24gliwice.pl\/wiadomosci\/wp-content\/uploads\/2026\/04\/20260415-DOM100-D.jpg\" alt=\"\"  srcset=\"https:\/\/www.24gliwice.pl\/wiadomosci\/wp-content\/uploads\/2026\/04\/20260415-DOM100-D.jpg 750w, https:\/\/www.24gliwice.pl\/wiadomosci\/wp-content\/uploads\/2026\/04\/20260415-DOM100-D-410x109.jpg 410w\" sizes=\"(max-width: 750px) 100vw, 750px\" class=\"no-lazyload\" width=\"750\" height=\"200\"  style=\"display: inline-block; max-width: 100%; height: auto;\" \/><\/a><\/div><\/div><h2>MZUK planuje zakup osobowych samochod\u00f3w elektrycznych. W\u0142a\u015bnie zako\u0144czy\u0142o si\u0119 zam\u00f3wienie publiczne na dostaw\u0119 4 fabrycznie nowych pojazd\u00f3w. Czy zaproponowane samochody spe\u0142ni\u0105 wymagania komunalnych? Na pewno ich cena jest wy\u017csza, ni\u017c zak\u0142adano.<\/h2>\n<p>&nbsp;<br \/>\nAuta maj\u0105 by\u0107 czteroosobowe, wyposa\u017cone minimum w 3 szt. drzwi, ze zderzakami w kolorze nadwozia. W\u015br\u00f3d innych wymaga\u0144: nap\u0119d na o\u015b przedni\u0105, silnik w 100% elektryczny o mocy nie mniejszej ni\u017c 70 kW, skrzynia bieg\u00f3w jednobiegowa, wspomaganie kierownicy elektryczne b\u0105d\u017a hydrauliczne.<\/p>\n<h4>Samochody powinny osi\u0105ga\u0107 pr\u0119dko\u015b\u0107 nie mniejsz\u0105, ni\u017c 130 km\/h.<\/h4>\n<p>Je\u015bli chodzi o d\u0142ugo\u015b\u0107 pojazd\u00f3w, powinna si\u0119 zamkn\u0105\u0107 w przedziale mi\u0119dzy 3,6 a 4,28 m. Na wyposa\u017ceniu maj\u0105 mie\u0107 standardowe uk\u0142ady ABS, ASR, ESP lub r\u00f3wnowa\u017cne oraz system u\u0142atwiaj\u0105cy ruszanie pod g\u00f3r\u0119. Kabina powinna by\u0107 klimatyzowana, fotel kierowcy z regulacj\u0105 minimum wysoko\u015bci, a wszystkie siedzenia wyposa\u017cone w zag\u0142\u00f3wki i trzypunktowe pasy bezpiecze\u0144stwa. Ka\u017cde z aut ma posiada\u0107 sterowane elektrycznie szyby boczne przednie i tylne, a tak\u017ce regulowan\u0105 kolumn\u0119 kierownicy.<\/p><div class=\"gliwi-a3-w-tresci-artykulow gliwi-entity-placement\" id=\"gliwi-3449431971\"><div class=\"gliwi-adlabel\"><span style=\"font-size: 9px\">REKLAMA<\/span><\/div><div id=\"gliwi-1730608855\" style=\"margin-bottom: 30px;margin-left: auto;margin-right: auto;text-align: center;\"><a data-no-instant=\"1\" href=\"https:\/\/zlobek.halogen.org.pl\/\" rel=\"noopener\" class=\"a2t-link\" target=\"_blank\" aria-label=\"animator-zlobek_750x200\"><img loading=\"lazy\" decoding=\"async\" src=\"https:\/\/www.24gliwice.pl\/wiadomosci\/wp-content\/uploads\/2026\/02\/animator-zlobek_750x200.webp\" alt=\"\"  srcset=\"https:\/\/www.24gliwice.pl\/wiadomosci\/wp-content\/uploads\/2026\/02\/animator-zlobek_750x200.webp 750w, https:\/\/www.24gliwice.pl\/wiadomosci\/wp-content\/uploads\/2026\/02\/animator-zlobek_750x200-410x109.webp 410w\" sizes=\"(max-width: 750px) 100vw, 750px\" class=\"no-lazyload\" width=\"750\" height=\"200\"  style=\"display: inline-block; max-width: 100%; height: auto;\" \/><\/a><\/div><\/div>\n<h4>Zainteresowane dwa salony samochodowe<\/h4>\n<p>Elektryczne samochody, w odpowiedzi na wspomniane wy\u017cej kryteria, mog\u0105 dostarczy\u0107 dwa salony &#8211; MW Auto z Miko\u0142owa, zajmuj\u0105cy si\u0119 sprzeda\u017c\u0105 Opla, a tak\u017ce Auto GT z Warszawy, handluj\u0105cy Mitsubishi i Hyundaiem. Pierwszy z podmiot\u00f3w wyceni\u0142 to zam\u00f3wienie na 630 tys. z\u0142. Drugi zaproponowa\u0142 cen\u0119 o 8 tys. z\u0142 wy\u017csz\u0105.<\/p>\n<p><a href=\"https:\/\/www.24gliwice.pl\/wiadomosci\/wp-content\/uploads\/2022\/04\/elektryczne-samochody-mzuk-1.jpg\"><img loading=\"lazy\" decoding=\"async\" class=\"alignnone wp-image-190976\" src=\"https:\/\/www.24gliwice.pl\/wiadomosci\/wp-content\/uploads\/2022\/04\/elektryczne-samochody-mzuk-1.jpg\" alt=\"\" width=\"1199\" height=\"327\" srcset=\"https:\/\/www.24gliwice.pl\/wiadomosci\/wp-content\/uploads\/2022\/04\/elektryczne-samochody-mzuk-1.jpg 810w, https:\/\/www.24gliwice.pl\/wiadomosci\/wp-content\/uploads\/2022\/04\/elektryczne-samochody-mzuk-1-410x112.jpg 410w, https:\/\/www.24gliwice.pl\/wiadomosci\/wp-content\/uploads\/2022\/04\/elektryczne-samochody-mzuk-1-768x210.jpg 768w\" sizes=\"auto, (max-width: 1199px) 100vw, 1199px\" \/><\/a><\/p>\n<p><a href=\"https:\/\/www.24gliwice.pl\/wiadomosci\/wp-content\/uploads\/2022\/04\/elektryczne-samochody-mzuk-2.jpg\"><img loading=\"lazy\" decoding=\"async\" class=\"alignnone wp-image-190977\" src=\"https:\/\/www.24gliwice.pl\/wiadomosci\/wp-content\/uploads\/2022\/04\/elektryczne-samochody-mzuk-2.jpg\" alt=\"\" width=\"1240\" height=\"225\" srcset=\"https:\/\/www.24gliwice.pl\/wiadomosci\/wp-content\/uploads\/2022\/04\/elektryczne-samochody-mzuk-2.jpg 810w, https:\/\/www.24gliwice.pl\/wiadomosci\/wp-content\/uploads\/2022\/04\/elektryczne-samochody-mzuk-2-410x74.jpg 410w, https:\/\/www.24gliwice.pl\/wiadomosci\/wp-content\/uploads\/2022\/04\/elektryczne-samochody-mzuk-2-768x139.jpg 768w\" sizes=\"auto, (max-width: 1240px) 100vw, 1240px\" \/><\/a><\/p>\n<p>Komunalni za\u015b planowali wyda\u0107 na ten cel 437,5 tys. z\u0142. Czy zam\u00f3wienie zostanie rozstrzygni\u0119te i podwy\u017cszone finansowanie, czy te\u017c przetarg zostanie uniewa\u017cniony? Przekonamy si\u0119 w najbli\u017cszym czasie.<\/p>\n<p>(\u017cms)<br \/>\nfot. px\/zdj. pogl\u0105dowe<\/p>\n<div class=\"gliwi-a5-na-koncu-artykulow gliwi-entity-placement\" id=\"gliwi-3168147781\"><div class=\"gliwi-adlabel\"><span style=\"font-size: 9px\">REKLAMA<\/span><\/div><div id=\"gliwi-3965748629\" style=\"margin-left: auto;margin-right: auto;text-align: center;\"><a data-no-instant=\"1\" href=\"https:\/\/prezeroarenagliwice.pl\/\" rel=\"noopener\" class=\"a2t-link\" target=\"_blank\" aria-label=\"20260309-PREZERO-WIOSNA-D\"><img loading=\"lazy\" decoding=\"async\" src=\"https:\/\/www.24gliwice.pl\/wiadomosci\/wp-content\/uploads\/2026\/03\/20260309-PREZERO-WIOSNA-D.webp\" alt=\"\"  srcset=\"https:\/\/www.24gliwice.pl\/wiadomosci\/wp-content\/uploads\/2026\/03\/20260309-PREZERO-WIOSNA-D.webp 750w, https:\/\/www.24gliwice.pl\/wiadomosci\/wp-content\/uploads\/2026\/03\/20260309-PREZERO-WIOSNA-D-410x109.webp 410w\" sizes=\"(max-width: 750px) 100vw, 750px\" class=\"no-lazyload\" width=\"750\" height=\"200\"  style=\"display: inline-block; max-width: 100%; height: auto;\" \/><\/a><\/div><\/div>","protected":false},"excerpt":{"rendered":"<p>MZUK planuje zakup osobowych samochod\u00f3w elektrycznych. W\u0142a\u015bnie zako\u0144czy\u0142o si\u0119 zam\u00f3wienie publiczne na dostaw\u0119 4 fabrycznie nowych pojazd\u00f3w. Czy zaproponowane samochody spe\u0142ni\u0105 wymagania komunalnych? Na pewno ich cena jest wy\u017csza, ni\u017c zak\u0142adano. &nbsp; Auta maj\u0105 by\u0107 czteroosobowe, wyposa\u017cone minimum w 3 szt. drzwi, ze zderzakami w kolorze nadwozia. W\u015br\u00f3d innych wymaga\u0144: nap\u0119d na o\u015b przedni\u0105, silnik [&hellip;]<\/p>\n","protected":false},"author":15,"featured_media":190982,"comment_status":"open","ping_status":"closed","sticky":false,"template":"","format":"standard","meta":{"_monsterinsights_skip_tracking":false,"_monsterinsights_sitenote_active":false,"_monsterinsights_sitenote_note":"","_monsterinsights_sitenote_category":0,"footnotes":"","_links_to":"","_links_to_target":""},"categories":[3,1],"tags":[257,11900],"class_list":["post-190919","post","type-post","status-publish","format-standard","has-post-thumbnail","hentry","category-gliwice","category-wszystko","tag-mzuk","tag-samochody-elektryczne"],"yoast_head":"<!-- This site is optimized with the Yoast SEO plugin v27.4 - https:\/\/yoast.com\/product\/yoast-seo-wordpress\/ -->\n<title>Elektryczne samochody dla MZUK. Jakie by\u0142y wymagania? Cena niemal po\u0142ow\u0119 wy\u017csza ni\u017c zak\u0142adano - 24GLIWICE - Portal Gliwice | codziennie nowe informacje<\/title>\n<meta name=\"description\" content=\"MZUK planuje zakup samochod\u00f3w elektrycznych. W\u0142a\u015bnie zako\u0144czono przetarg. Jakie by\u0142y wymagania? Czy cena zadowoli kupuj\u0105cego?\" \/>\n<meta name=\"robots\" content=\"index, follow, max-snippet:-1, max-image-preview:large, max-video-preview:-1\" \/>\n<link rel=\"canonical\" href=\"https:\/\/www.24gliwice.pl\/wiadomosci\/elektryczne-samochody-dla-mzuk-jakie-byly-wymagania-cena-niemal-polowe-wyzsza-niz-zakladano\/\" \/>\n<meta property=\"og:locale\" content=\"pl_PL\" \/>\n<meta property=\"og:type\" content=\"article\" \/>\n<meta property=\"og:title\" content=\"Elektryczne samochody dla MZUK. Jakie by\u0142y wymagania? Cena niemal po\u0142ow\u0119 wy\u017csza ni\u017c zak\u0142adano - 24GLIWICE - Portal Gliwice | codziennie nowe informacje\" \/>\n<meta property=\"og:description\" content=\"MZUK planuje zakup samochod\u00f3w elektrycznych. W\u0142a\u015bnie zako\u0144czono przetarg. Jakie by\u0142y wymagania? Czy cena zadowoli kupuj\u0105cego?\" \/>\n<meta property=\"og:url\" content=\"https:\/\/www.24gliwice.pl\/wiadomosci\/elektryczne-samochody-dla-mzuk-jakie-byly-wymagania-cena-niemal-polowe-wyzsza-niz-zakladano\/\" \/>\n<meta property=\"og:site_name\" content=\"24GLIWICE - Portal Gliwice | codziennie nowe informacje\" \/>\n<meta property=\"article:publisher\" content=\"https:\/\/www.facebook.com\/24gliwice\" \/>\n<meta property=\"article:published_time\" content=\"2022-04-22T03:11:32+00:00\" \/>\n<meta property=\"og:image\" content=\"https:\/\/www.24gliwice.pl\/wiadomosci\/wp-content\/uploads\/2022\/04\/elektryczny-samochod-px.jpg\" \/>\n\t<meta property=\"og:image:width\" content=\"909\" \/>\n\t<meta property=\"og:image:height\" content=\"511\" \/>\n\t<meta property=\"og:image:type\" content=\"image\/jpeg\" \/>\n<meta name=\"author\" content=\"\u017baneta Mrozek-Siewierska\" \/>\n<meta name=\"twitter:card\" content=\"summary_large_image\" \/>\n<meta name=\"twitter:image\" content=\"https:\/\/www.24gliwice.pl\/wiadomosci\/wp-content\/uploads\/2022\/04\/elektryczny-samochod-px.jpg\" \/>\n<meta name=\"twitter:creator\" content=\"@24gliwice\" \/>\n<meta name=\"twitter:site\" content=\"@24gliwice\" \/>\n<meta name=\"twitter:label1\" content=\"Napisane przez\" \/>\n\t<meta name=\"twitter:data1\" content=\"\u017baneta Mrozek-Siewierska\" \/>\n\t<meta name=\"twitter:label2\" content=\"Szacowany czas czytania\" \/>\n\t<meta name=\"twitter:data2\" content=\"2 minuty\" \/>\n<script type=\"application\/ld+json\" class=\"yoast-schema-graph\">{\"@context\":\"https:\\\/\\\/schema.org\",\"@graph\":[{\"@type\":\"Article\",\"@id\":\"https:\\\/\\\/www.24gliwice.pl\\\/wiadomosci\\\/elektryczne-samochody-dla-mzuk-jakie-byly-wymagania-cena-niemal-polowe-wyzsza-niz-zakladano\\\/#article\",\"isPartOf\":{\"@id\":\"https:\\\/\\\/www.24gliwice.pl\\\/wiadomosci\\\/elektryczne-samochody-dla-mzuk-jakie-byly-wymagania-cena-niemal-polowe-wyzsza-niz-zakladano\\\/\"},\"author\":{\"name\":\"\u017baneta Mrozek-Siewierska\",\"@id\":\"https:\\\/\\\/www.24gliwice.pl\\\/wiadomosci\\\/#\\\/schema\\\/person\\\/e42c650edd7f2fa332be3811fb166b6e\"},\"headline\":\"Elektryczne samochody dla MZUK. Jakie by\u0142y wymagania? Cena niemal po\u0142ow\u0119 wy\u017csza ni\u017c zak\u0142adano\",\"datePublished\":\"2022-04-22T03:11:32+00:00\",\"mainEntityOfPage\":{\"@id\":\"https:\\\/\\\/www.24gliwice.pl\\\/wiadomosci\\\/elektryczne-samochody-dla-mzuk-jakie-byly-wymagania-cena-niemal-polowe-wyzsza-niz-zakladano\\\/\"},\"wordCount\":293,\"commentCount\":0,\"publisher\":{\"@id\":\"https:\\\/\\\/www.24gliwice.pl\\\/wiadomosci\\\/#organization\"},\"image\":{\"@id\":\"https:\\\/\\\/www.24gliwice.pl\\\/wiadomosci\\\/elektryczne-samochody-dla-mzuk-jakie-byly-wymagania-cena-niemal-polowe-wyzsza-niz-zakladano\\\/#primaryimage\"},\"thumbnailUrl\":\"https:\\\/\\\/www.24gliwice.pl\\\/wiadomosci\\\/wp-content\\\/uploads\\\/2022\\\/04\\\/elektryczny-samochod-px.jpg\",\"keywords\":[\"MZUK\",\"samochody elektryczne\"],\"articleSection\":[\"Gliwice\",\"Najnowsze wiadomo\u015bci\"],\"inLanguage\":\"pl-PL\",\"potentialAction\":[{\"@type\":\"CommentAction\",\"name\":\"Comment\",\"target\":[\"https:\\\/\\\/www.24gliwice.pl\\\/wiadomosci\\\/elektryczne-samochody-dla-mzuk-jakie-byly-wymagania-cena-niemal-polowe-wyzsza-niz-zakladano\\\/#respond\"]}]},{\"@type\":\"WebPage\",\"@id\":\"https:\\\/\\\/www.24gliwice.pl\\\/wiadomosci\\\/elektryczne-samochody-dla-mzuk-jakie-byly-wymagania-cena-niemal-polowe-wyzsza-niz-zakladano\\\/\",\"url\":\"https:\\\/\\\/www.24gliwice.pl\\\/wiadomosci\\\/elektryczne-samochody-dla-mzuk-jakie-byly-wymagania-cena-niemal-polowe-wyzsza-niz-zakladano\\\/\",\"name\":\"Elektryczne samochody dla MZUK. Jakie by\u0142y wymagania? Cena niemal po\u0142ow\u0119 wy\u017csza ni\u017c zak\u0142adano - 24GLIWICE - Portal Gliwice | codziennie nowe informacje\",\"isPartOf\":{\"@id\":\"https:\\\/\\\/www.24gliwice.pl\\\/wiadomosci\\\/#website\"},\"primaryImageOfPage\":{\"@id\":\"https:\\\/\\\/www.24gliwice.pl\\\/wiadomosci\\\/elektryczne-samochody-dla-mzuk-jakie-byly-wymagania-cena-niemal-polowe-wyzsza-niz-zakladano\\\/#primaryimage\"},\"image\":{\"@id\":\"https:\\\/\\\/www.24gliwice.pl\\\/wiadomosci\\\/elektryczne-samochody-dla-mzuk-jakie-byly-wymagania-cena-niemal-polowe-wyzsza-niz-zakladano\\\/#primaryimage\"},\"thumbnailUrl\":\"https:\\\/\\\/www.24gliwice.pl\\\/wiadomosci\\\/wp-content\\\/uploads\\\/2022\\\/04\\\/elektryczny-samochod-px.jpg\",\"datePublished\":\"2022-04-22T03:11:32+00:00\",\"description\":\"MZUK planuje zakup samochod\u00f3w elektrycznych. W\u0142a\u015bnie zako\u0144czono przetarg. Jakie by\u0142y wymagania? Czy cena zadowoli kupuj\u0105cego?\",\"breadcrumb\":{\"@id\":\"https:\\\/\\\/www.24gliwice.pl\\\/wiadomosci\\\/elektryczne-samochody-dla-mzuk-jakie-byly-wymagania-cena-niemal-polowe-wyzsza-niz-zakladano\\\/#breadcrumb\"},\"inLanguage\":\"pl-PL\",\"potentialAction\":[{\"@type\":\"ReadAction\",\"target\":[\"https:\\\/\\\/www.24gliwice.pl\\\/wiadomosci\\\/elektryczne-samochody-dla-mzuk-jakie-byly-wymagania-cena-niemal-polowe-wyzsza-niz-zakladano\\\/\"]}]},{\"@type\":\"ImageObject\",\"inLanguage\":\"pl-PL\",\"@id\":\"https:\\\/\\\/www.24gliwice.pl\\\/wiadomosci\\\/elektryczne-samochody-dla-mzuk-jakie-byly-wymagania-cena-niemal-polowe-wyzsza-niz-zakladano\\\/#primaryimage\",\"url\":\"https:\\\/\\\/www.24gliwice.pl\\\/wiadomosci\\\/wp-content\\\/uploads\\\/2022\\\/04\\\/elektryczny-samochod-px.jpg\",\"contentUrl\":\"https:\\\/\\\/www.24gliwice.pl\\\/wiadomosci\\\/wp-content\\\/uploads\\\/2022\\\/04\\\/elektryczny-samochod-px.jpg\",\"width\":909,\"height\":511},{\"@type\":\"BreadcrumbList\",\"@id\":\"https:\\\/\\\/www.24gliwice.pl\\\/wiadomosci\\\/elektryczne-samochody-dla-mzuk-jakie-byly-wymagania-cena-niemal-polowe-wyzsza-niz-zakladano\\\/#breadcrumb\",\"itemListElement\":[{\"@type\":\"ListItem\",\"position\":1,\"name\":\"Strona g\u0142\u00f3wna\",\"item\":\"https:\\\/\\\/www.24gliwice.pl\\\/wiadomosci\\\/\"},{\"@type\":\"ListItem\",\"position\":2,\"name\":\"Elektryczne samochody dla MZUK. Jakie by\u0142y wymagania? Cena niemal po\u0142ow\u0119 wy\u017csza ni\u017c zak\u0142adano\"}]},{\"@type\":\"WebSite\",\"@id\":\"https:\\\/\\\/www.24gliwice.pl\\\/wiadomosci\\\/#website\",\"url\":\"https:\\\/\\\/www.24gliwice.pl\\\/wiadomosci\\\/\",\"name\":\"24GLIWICE - Portal Gliwice | codziennie nowe wiadomo\u015bci\",\"description\":\"Portal Miejski Gliwice\",\"publisher\":{\"@id\":\"https:\\\/\\\/www.24gliwice.pl\\\/wiadomosci\\\/#organization\"},\"potentialAction\":[{\"@type\":\"SearchAction\",\"target\":{\"@type\":\"EntryPoint\",\"urlTemplate\":\"https:\\\/\\\/www.24gliwice.pl\\\/wiadomosci\\\/?s={search_term_string}\"},\"query-input\":{\"@type\":\"PropertyValueSpecification\",\"valueRequired\":true,\"valueName\":\"search_term_string\"}}],\"inLanguage\":\"pl-PL\"},{\"@type\":\"Organization\",\"@id\":\"https:\\\/\\\/www.24gliwice.pl\\\/wiadomosci\\\/#organization\",\"name\":\"24gliwice\",\"url\":\"https:\\\/\\\/www.24gliwice.pl\\\/wiadomosci\\\/\",\"logo\":{\"@type\":\"ImageObject\",\"inLanguage\":\"pl-PL\",\"@id\":\"https:\\\/\\\/www.24gliwice.pl\\\/wiadomosci\\\/#\\\/schema\\\/logo\\\/image\\\/\",\"url\":\"https:\\\/\\\/www.24gliwice.pl\\\/wiadomosci\\\/wp-content\\\/uploads\\\/2024\\\/10\\\/24gliwice-logo-696.jpg\",\"contentUrl\":\"https:\\\/\\\/www.24gliwice.pl\\\/wiadomosci\\\/wp-content\\\/uploads\\\/2024\\\/10\\\/24gliwice-logo-696.jpg\",\"width\":696,\"height\":696,\"caption\":\"24gliwice\"},\"image\":{\"@id\":\"https:\\\/\\\/www.24gliwice.pl\\\/wiadomosci\\\/#\\\/schema\\\/logo\\\/image\\\/\"},\"sameAs\":[\"https:\\\/\\\/www.facebook.com\\\/24gliwice\",\"https:\\\/\\\/x.com\\\/24gliwice\",\"https:\\\/\\\/www.youtube.com\\\/@24gliwice\"]},{\"@type\":\"Person\",\"@id\":\"https:\\\/\\\/www.24gliwice.pl\\\/wiadomosci\\\/#\\\/schema\\\/person\\\/e42c650edd7f2fa332be3811fb166b6e\",\"name\":\"\u017baneta Mrozek-Siewierska\",\"image\":{\"@type\":\"ImageObject\",\"inLanguage\":\"pl-PL\",\"@id\":\"https:\\\/\\\/www.24gliwice.pl\\\/wiadomosci\\\/wp-content\\\/uploads\\\/2021\\\/11\\\/Zaneta-M_S-zdjecie-czb-96x96.jpg\",\"url\":\"https:\\\/\\\/www.24gliwice.pl\\\/wiadomosci\\\/wp-content\\\/uploads\\\/2021\\\/11\\\/Zaneta-M_S-zdjecie-czb-96x96.jpg\",\"contentUrl\":\"https:\\\/\\\/www.24gliwice.pl\\\/wiadomosci\\\/wp-content\\\/uploads\\\/2021\\\/11\\\/Zaneta-M_S-zdjecie-czb-96x96.jpg\",\"caption\":\"\u017baneta Mrozek-Siewierska\"},\"url\":\"https:\\\/\\\/www.24gliwice.pl\\\/wiadomosci\\\/author\\\/zms\\\/\"}]}<\/script>\n<!-- \/ Yoast SEO plugin. -->","yoast_head_json":{"title":"Elektryczne samochody dla MZUK. Jakie by\u0142y wymagania? Cena niemal po\u0142ow\u0119 wy\u017csza ni\u017c zak\u0142adano - 24GLIWICE - Portal Gliwice | codziennie nowe informacje","description":"MZUK planuje zakup samochod\u00f3w elektrycznych. W\u0142a\u015bnie zako\u0144czono przetarg. Jakie by\u0142y wymagania? Czy cena zadowoli kupuj\u0105cego?","robots":{"index":"index","follow":"follow","max-snippet":"max-snippet:-1","max-image-preview":"max-image-preview:large","max-video-preview":"max-video-preview:-1"},"canonical":"https:\/\/www.24gliwice.pl\/wiadomosci\/elektryczne-samochody-dla-mzuk-jakie-byly-wymagania-cena-niemal-polowe-wyzsza-niz-zakladano\/","og_locale":"pl_PL","og_type":"article","og_title":"Elektryczne samochody dla MZUK. Jakie by\u0142y wymagania? Cena niemal po\u0142ow\u0119 wy\u017csza ni\u017c zak\u0142adano - 24GLIWICE - Portal Gliwice | codziennie nowe informacje","og_description":"MZUK planuje zakup samochod\u00f3w elektrycznych. W\u0142a\u015bnie zako\u0144czono przetarg. Jakie by\u0142y wymagania? Czy cena zadowoli kupuj\u0105cego?","og_url":"https:\/\/www.24gliwice.pl\/wiadomosci\/elektryczne-samochody-dla-mzuk-jakie-byly-wymagania-cena-niemal-polowe-wyzsza-niz-zakladano\/","og_site_name":"24GLIWICE - Portal Gliwice | codziennie nowe informacje","article_publisher":"https:\/\/www.facebook.com\/24gliwice","article_published_time":"2022-04-22T03:11:32+00:00","og_image":[{"width":909,"height":511,"url":"https:\/\/www.24gliwice.pl\/wiadomosci\/wp-content\/uploads\/2022\/04\/elektryczny-samochod-px.jpg","type":"image\/jpeg"}],"author":"\u017baneta Mrozek-Siewierska","twitter_card":"summary_large_image","twitter_image":"https:\/\/www.24gliwice.pl\/wiadomosci\/wp-content\/uploads\/2022\/04\/elektryczny-samochod-px.jpg","twitter_creator":"@24gliwice","twitter_site":"@24gliwice","twitter_misc":{"Napisane przez":"\u017baneta Mrozek-Siewierska","Szacowany czas czytania":"2 minuty"},"schema":{"@context":"https:\/\/schema.org","@graph":[{"@type":"Article","@id":"https:\/\/www.24gliwice.pl\/wiadomosci\/elektryczne-samochody-dla-mzuk-jakie-byly-wymagania-cena-niemal-polowe-wyzsza-niz-zakladano\/#article","isPartOf":{"@id":"https:\/\/www.24gliwice.pl\/wiadomosci\/elektryczne-samochody-dla-mzuk-jakie-byly-wymagania-cena-niemal-polowe-wyzsza-niz-zakladano\/"},"author":{"name":"\u017baneta Mrozek-Siewierska","@id":"https:\/\/www.24gliwice.pl\/wiadomosci\/#\/schema\/person\/e42c650edd7f2fa332be3811fb166b6e"},"headline":"Elektryczne samochody dla MZUK. Jakie by\u0142y wymagania? Cena niemal po\u0142ow\u0119 wy\u017csza ni\u017c zak\u0142adano","datePublished":"2022-04-22T03:11:32+00:00","mainEntityOfPage":{"@id":"https:\/\/www.24gliwice.pl\/wiadomosci\/elektryczne-samochody-dla-mzuk-jakie-byly-wymagania-cena-niemal-polowe-wyzsza-niz-zakladano\/"},"wordCount":293,"commentCount":0,"publisher":{"@id":"https:\/\/www.24gliwice.pl\/wiadomosci\/#organization"},"image":{"@id":"https:\/\/www.24gliwice.pl\/wiadomosci\/elektryczne-samochody-dla-mzuk-jakie-byly-wymagania-cena-niemal-polowe-wyzsza-niz-zakladano\/#primaryimage"},"thumbnailUrl":"https:\/\/www.24gliwice.pl\/wiadomosci\/wp-content\/uploads\/2022\/04\/elektryczny-samochod-px.jpg","keywords":["MZUK","samochody elektryczne"],"articleSection":["Gliwice","Najnowsze wiadomo\u015bci"],"inLanguage":"pl-PL","potentialAction":[{"@type":"CommentAction","name":"Comment","target":["https:\/\/www.24gliwice.pl\/wiadomosci\/elektryczne-samochody-dla-mzuk-jakie-byly-wymagania-cena-niemal-polowe-wyzsza-niz-zakladano\/#respond"]}]},{"@type":"WebPage","@id":"https:\/\/www.24gliwice.pl\/wiadomosci\/elektryczne-samochody-dla-mzuk-jakie-byly-wymagania-cena-niemal-polowe-wyzsza-niz-zakladano\/","url":"https:\/\/www.24gliwice.pl\/wiadomosci\/elektryczne-samochody-dla-mzuk-jakie-byly-wymagania-cena-niemal-polowe-wyzsza-niz-zakladano\/","name":"Elektryczne samochody dla MZUK. Jakie by\u0142y wymagania? Cena niemal po\u0142ow\u0119 wy\u017csza ni\u017c zak\u0142adano - 24GLIWICE - Portal Gliwice | codziennie nowe informacje","isPartOf":{"@id":"https:\/\/www.24gliwice.pl\/wiadomosci\/#website"},"primaryImageOfPage":{"@id":"https:\/\/www.24gliwice.pl\/wiadomosci\/elektryczne-samochody-dla-mzuk-jakie-byly-wymagania-cena-niemal-polowe-wyzsza-niz-zakladano\/#primaryimage"},"image":{"@id":"https:\/\/www.24gliwice.pl\/wiadomosci\/elektryczne-samochody-dla-mzuk-jakie-byly-wymagania-cena-niemal-polowe-wyzsza-niz-zakladano\/#primaryimage"},"thumbnailUrl":"https:\/\/www.24gliwice.pl\/wiadomosci\/wp-content\/uploads\/2022\/04\/elektryczny-samochod-px.jpg","datePublished":"2022-04-22T03:11:32+00:00","description":"MZUK planuje zakup samochod\u00f3w elektrycznych. W\u0142a\u015bnie zako\u0144czono przetarg. Jakie by\u0142y wymagania? Czy cena zadowoli kupuj\u0105cego?","breadcrumb":{"@id":"https:\/\/www.24gliwice.pl\/wiadomosci\/elektryczne-samochody-dla-mzuk-jakie-byly-wymagania-cena-niemal-polowe-wyzsza-niz-zakladano\/#breadcrumb"},"inLanguage":"pl-PL","potentialAction":[{"@type":"ReadAction","target":["https:\/\/www.24gliwice.pl\/wiadomosci\/elektryczne-samochody-dla-mzuk-jakie-byly-wymagania-cena-niemal-polowe-wyzsza-niz-zakladano\/"]}]},{"@type":"ImageObject","inLanguage":"pl-PL","@id":"https:\/\/www.24gliwice.pl\/wiadomosci\/elektryczne-samochody-dla-mzuk-jakie-byly-wymagania-cena-niemal-polowe-wyzsza-niz-zakladano\/#primaryimage","url":"https:\/\/www.24gliwice.pl\/wiadomosci\/wp-content\/uploads\/2022\/04\/elektryczny-samochod-px.jpg","contentUrl":"https:\/\/www.24gliwice.pl\/wiadomosci\/wp-content\/uploads\/2022\/04\/elektryczny-samochod-px.jpg","width":909,"height":511},{"@type":"BreadcrumbList","@id":"https:\/\/www.24gliwice.pl\/wiadomosci\/elektryczne-samochody-dla-mzuk-jakie-byly-wymagania-cena-niemal-polowe-wyzsza-niz-zakladano\/#breadcrumb","itemListElement":[{"@type":"ListItem","position":1,"name":"Strona g\u0142\u00f3wna","item":"https:\/\/www.24gliwice.pl\/wiadomosci\/"},{"@type":"ListItem","position":2,"name":"Elektryczne samochody dla MZUK. Jakie by\u0142y wymagania? Cena niemal po\u0142ow\u0119 wy\u017csza ni\u017c zak\u0142adano"}]},{"@type":"WebSite","@id":"https:\/\/www.24gliwice.pl\/wiadomosci\/#website","url":"https:\/\/www.24gliwice.pl\/wiadomosci\/","name":"24GLIWICE - Portal Gliwice | codziennie nowe wiadomo\u015bci","description":"Portal Miejski Gliwice","publisher":{"@id":"https:\/\/www.24gliwice.pl\/wiadomosci\/#organization"},"potentialAction":[{"@type":"SearchAction","target":{"@type":"EntryPoint","urlTemplate":"https:\/\/www.24gliwice.pl\/wiadomosci\/?s={search_term_string}"},"query-input":{"@type":"PropertyValueSpecification","valueRequired":true,"valueName":"search_term_string"}}],"inLanguage":"pl-PL"},{"@type":"Organization","@id":"https:\/\/www.24gliwice.pl\/wiadomosci\/#organization","name":"24gliwice","url":"https:\/\/www.24gliwice.pl\/wiadomosci\/","logo":{"@type":"ImageObject","inLanguage":"pl-PL","@id":"https:\/\/www.24gliwice.pl\/wiadomosci\/#\/schema\/logo\/image\/","url":"https:\/\/www.24gliwice.pl\/wiadomosci\/wp-content\/uploads\/2024\/10\/24gliwice-logo-696.jpg","contentUrl":"https:\/\/www.24gliwice.pl\/wiadomosci\/wp-content\/uploads\/2024\/10\/24gliwice-logo-696.jpg","width":696,"height":696,"caption":"24gliwice"},"image":{"@id":"https:\/\/www.24gliwice.pl\/wiadomosci\/#\/schema\/logo\/image\/"},"sameAs":["https:\/\/www.facebook.com\/24gliwice","https:\/\/x.com\/24gliwice","https:\/\/www.youtube.com\/@24gliwice"]},{"@type":"Person","@id":"https:\/\/www.24gliwice.pl\/wiadomosci\/#\/schema\/person\/e42c650edd7f2fa332be3811fb166b6e","name":"\u017baneta Mrozek-Siewierska","image":{"@type":"ImageObject","inLanguage":"pl-PL","@id":"https:\/\/www.24gliwice.pl\/wiadomosci\/wp-content\/uploads\/2021\/11\/Zaneta-M_S-zdjecie-czb-96x96.jpg","url":"https:\/\/www.24gliwice.pl\/wiadomosci\/wp-content\/uploads\/2021\/11\/Zaneta-M_S-zdjecie-czb-96x96.jpg","contentUrl":"https:\/\/www.24gliwice.pl\/wiadomosci\/wp-content\/uploads\/2021\/11\/Zaneta-M_S-zdjecie-czb-96x96.jpg","caption":"\u017baneta Mrozek-Siewierska"},"url":"https:\/\/www.24gliwice.pl\/wiadomosci\/author\/zms\/"}]}},"_links":{"self":[{"href":"https:\/\/www.24gliwice.pl\/wiadomosci\/wp-json\/wp\/v2\/posts\/190919","targetHints":{"allow":["GET"]}}],"collection":[{"href":"https:\/\/www.24gliwice.pl\/wiadomosci\/wp-json\/wp\/v2\/posts"}],"about":[{"href":"https:\/\/www.24gliwice.pl\/wiadomosci\/wp-json\/wp\/v2\/types\/post"}],"author":[{"embeddable":true,"href":"https:\/\/www.24gliwice.pl\/wiadomosci\/wp-json\/wp\/v2\/users\/15"}],"replies":[{"embeddable":true,"href":"https:\/\/www.24gliwice.pl\/wiadomosci\/wp-json\/wp\/v2\/comments?post=190919"}],"version-history":[{"count":14,"href":"https:\/\/www.24gliwice.pl\/wiadomosci\/wp-json\/wp\/v2\/posts\/190919\/revisions"}],"predecessor-version":[{"id":190993,"href":"https:\/\/www.24gliwice.pl\/wiadomosci\/wp-json\/wp\/v2\/posts\/190919\/revisions\/190993"}],"wp:featuredmedia":[{"embeddable":true,"href":"https:\/\/www.24gliwice.pl\/wiadomosci\/wp-json\/wp\/v2\/media\/190982"}],"wp:attachment":[{"href":"https:\/\/www.24gliwice.pl\/wiadomosci\/wp-json\/wp\/v2\/media?parent=190919"}],"wp:term":[{"taxonomy":"category","embeddable":true,"href":"https:\/\/www.24gliwice.pl\/wiadomosci\/wp-json\/wp\/v2\/categories?post=190919"},{"taxonomy":"post_tag","embeddable":true,"href":"https:\/\/www.24gliwice.pl\/wiadomosci\/wp-json\/wp\/v2\/tags?post=190919"}],"curies":[{"name":"wp","href":"https:\/\/api.w.org\/{rel}","templated":true}]}}