{"id":190933,"date":"2022-04-21T14:42:15","date_gmt":"2022-04-21T12:42:15","guid":{"rendered":"https:\/\/www.24gliwice.pl\/wiadomosci\/?p=190933"},"modified":"2022-04-24T03:45:42","modified_gmt":"2022-04-24T01:45:42","slug":"odbrukowuja-parking-by-zasadzic-drzewa-nasadzenia-takze-przy-przystankach-autobusowych-foto","status":"publish","type":"post","link":"https:\/\/www.24gliwice.pl\/wiadomosci\/odbrukowuja-parking-by-zasadzic-drzewa-nasadzenia-takze-przy-przystankach-autobusowych-foto\/","title":{"rendered":"Odbrukowuj\u0105 parking by zasadzi\u0107 drzewa. Nasadzenia tak\u017ce przy przystankach autobusowych (foto)"},"content":{"rendered":"<div class=\"gliwi-a6-nad-leadem-artykulow gliwi-entity-placement\" id=\"gliwi-551659366\"><div class=\"gliwi-adlabel\"><span style=\"font-size: 9px\">REKLAMA<\/span><\/div><div id=\"gliwi-1430010038\" style=\"margin-bottom: 25px;margin-left: auto;margin-right: auto;text-align: center;\"><a data-no-instant=\"1\" href=\"https:\/\/dom100.eu\/\" rel=\"noopener\" class=\"a2t-link\" target=\"_blank\" aria-label=\"20260415 DOM100 D\"><img loading=\"lazy\" decoding=\"async\" src=\"https:\/\/www.24gliwice.pl\/wiadomosci\/wp-content\/uploads\/2026\/04\/20260415-DOM100-D.jpg\" alt=\"\"  srcset=\"https:\/\/www.24gliwice.pl\/wiadomosci\/wp-content\/uploads\/2026\/04\/20260415-DOM100-D.jpg 750w, https:\/\/www.24gliwice.pl\/wiadomosci\/wp-content\/uploads\/2026\/04\/20260415-DOM100-D-410x109.jpg 410w\" sizes=\"(max-width: 750px) 100vw, 750px\" class=\"no-lazyload\" width=\"750\" height=\"200\"  style=\"display: inline-block; max-width: 100%; height: auto;\" \/><\/a><\/div><\/div><h2>Takiej ilo\u015bci nasadze\u0144 zieleni nie by\u0142o w Gliwicach od lat, mo\u017cna tu chyba m\u00f3wi\u0107 o prawdziwej rewolucji. Ostatnio nowe drzewa pojawi\u0142y si\u0119 obok przystank\u00f3w autobusowych przy ul. Siemi\u0144skiego oraz Daszy\u0144skiego. Odbrukowano ju\u017c te\u017c cz\u0119\u015bciowo miejsca na parkingu pod nasadzenia wzd\u0142u\u017c ulicy Gruszczy\u0144skiego.<\/h2>\n<p><a href=\"https:\/\/www.24gliwice.pl\/wiadomosci\/wp-content\/uploads\/2022\/04\/drzewa-odbrukowuja-parking-gruszczynskiego.jpg\"><img loading=\"lazy\" decoding=\"async\" class=\"alignnone wp-image-190951\" src=\"https:\/\/www.24gliwice.pl\/wiadomosci\/wp-content\/uploads\/2022\/04\/drzewa-odbrukowuja-parking-gruszczynskiego.jpg\" alt=\"\" width=\"1056\" height=\"596\" srcset=\"https:\/\/www.24gliwice.pl\/wiadomosci\/wp-content\/uploads\/2022\/04\/drzewa-odbrukowuja-parking-gruszczynskiego.jpg 810w, https:\/\/www.24gliwice.pl\/wiadomosci\/wp-content\/uploads\/2022\/04\/drzewa-odbrukowuja-parking-gruszczynskiego-410x232.jpg 410w, https:\/\/www.24gliwice.pl\/wiadomosci\/wp-content\/uploads\/2022\/04\/drzewa-odbrukowuja-parking-gruszczynskiego-806x455.jpg 806w, https:\/\/www.24gliwice.pl\/wiadomosci\/wp-content\/uploads\/2022\/04\/drzewa-odbrukowuja-parking-gruszczynskiego-768x433.jpg 768w\" sizes=\"auto, (max-width: 1056px) 100vw, 1056px\" \/><\/a><\/p>\n<p><a href=\"https:\/\/www.24gliwice.pl\/wiadomosci\/wp-content\/uploads\/2022\/04\/drzewa-gruszczynskiego.jpg\"><img loading=\"lazy\" decoding=\"async\" class=\"alignnone wp-image-190950\" src=\"https:\/\/www.24gliwice.pl\/wiadomosci\/wp-content\/uploads\/2022\/04\/drzewa-gruszczynskiego.jpg\" alt=\"\" width=\"981\" height=\"552\" srcset=\"https:\/\/www.24gliwice.pl\/wiadomosci\/wp-content\/uploads\/2022\/04\/drzewa-gruszczynskiego.jpg 810w, https:\/\/www.24gliwice.pl\/wiadomosci\/wp-content\/uploads\/2022\/04\/drzewa-gruszczynskiego-410x232.jpg 410w, https:\/\/www.24gliwice.pl\/wiadomosci\/wp-content\/uploads\/2022\/04\/drzewa-gruszczynskiego-808x455.jpg 808w, https:\/\/www.24gliwice.pl\/wiadomosci\/wp-content\/uploads\/2022\/04\/drzewa-gruszczynskiego-768x432.jpg 768w\" sizes=\"auto, (max-width: 981px) 100vw, 981px\" \/><\/a><\/p>\n<p>W pozyskanej w ten spos\u00f3b powierzchni pod zagospodarowanie zieleni\u0105 znajd\u0105 si\u0119 nie tylko drzewa (przypomnijmy, \u017ce b\u0119d\u0105 to ambrowce), maj\u0105 tam zosta\u0107 posadzone r\u00f3wnie\u017c hortensje i bodziszki.<\/p>\n<p><a href=\"https:\/\/www.24gliwice.pl\/wiadomosci\/wp-content\/uploads\/2022\/04\/drzewa-daszynskiego4.jpg\"><img loading=\"lazy\" decoding=\"async\" class=\"alignnone wp-image-190948\" src=\"https:\/\/www.24gliwice.pl\/wiadomosci\/wp-content\/uploads\/2022\/04\/drzewa-daszynskiego4.jpg\" alt=\"\" width=\"1181\" height=\"668\" srcset=\"https:\/\/www.24gliwice.pl\/wiadomosci\/wp-content\/uploads\/2022\/04\/drzewa-daszynskiego4.jpg 810w, https:\/\/www.24gliwice.pl\/wiadomosci\/wp-content\/uploads\/2022\/04\/drzewa-daszynskiego4-410x232.jpg 410w, https:\/\/www.24gliwice.pl\/wiadomosci\/wp-content\/uploads\/2022\/04\/drzewa-daszynskiego4-805x455.jpg 805w, https:\/\/www.24gliwice.pl\/wiadomosci\/wp-content\/uploads\/2022\/04\/drzewa-daszynskiego4-768x434.jpg 768w\" sizes=\"auto, (max-width: 1181px) 100vw, 1181px\" \/><\/a><\/p>\n<p><a href=\"https:\/\/www.24gliwice.pl\/wiadomosci\/wp-content\/uploads\/2022\/04\/drzewa-daszynskiego3.jpg\"><img loading=\"lazy\" decoding=\"async\" class=\"alignnone wp-image-190947\" src=\"https:\/\/www.24gliwice.pl\/wiadomosci\/wp-content\/uploads\/2022\/04\/drzewa-daszynskiego3.jpg\" alt=\"\" width=\"1205\" height=\"680\" srcset=\"https:\/\/www.24gliwice.pl\/wiadomosci\/wp-content\/uploads\/2022\/04\/drzewa-daszynskiego3.jpg 810w, https:\/\/www.24gliwice.pl\/wiadomosci\/wp-content\/uploads\/2022\/04\/drzewa-daszynskiego3-410x232.jpg 410w, https:\/\/www.24gliwice.pl\/wiadomosci\/wp-content\/uploads\/2022\/04\/drzewa-daszynskiego3-806x455.jpg 806w, https:\/\/www.24gliwice.pl\/wiadomosci\/wp-content\/uploads\/2022\/04\/drzewa-daszynskiego3-768x433.jpg 768w\" sizes=\"auto, (max-width: 1205px) 100vw, 1205px\" \/><\/a><\/p>\n<p>Wysokie na 4 m ambrowce mia\u0142y pojawi\u0107 si\u0119 ju\u017c na ulicy Korfantego, jednak jak dot\u0105d ich tam nie nasadzono. Jak dowiadujemy si\u0119 od jednego z pracuj\u0105cych przy sadzeniu drzew pracownik\u00f3w, firmy dzia\u0142aj\u0105ce na zlecenie ZDM przy zazielenianiu miasta maj\u0105 ogrom roboty i na bie\u017c\u0105co s\u0105 zadysponowane do kolejnych miejsc wyznaczonych do obsadzenia ro\u015blinami.<\/p><div class=\"gliwi-a3-w-tresci-artykulow gliwi-entity-placement\" id=\"gliwi-4155123695\"><div class=\"gliwi-adlabel\"><span style=\"font-size: 9px\">REKLAMA<\/span><\/div><div id=\"gliwi-1398963250\" style=\"margin-bottom: 30px;margin-left: auto;margin-right: auto;text-align: center;\"><a data-no-instant=\"1\" href=\"https:\/\/zlobek.halogen.org.pl\/\" rel=\"noopener\" class=\"a2t-link\" target=\"_blank\" aria-label=\"animator-zlobek_750x200\"><img loading=\"lazy\" decoding=\"async\" src=\"https:\/\/www.24gliwice.pl\/wiadomosci\/wp-content\/uploads\/2026\/02\/animator-zlobek_750x200.webp\" alt=\"\"  srcset=\"https:\/\/www.24gliwice.pl\/wiadomosci\/wp-content\/uploads\/2026\/02\/animator-zlobek_750x200.webp 750w, https:\/\/www.24gliwice.pl\/wiadomosci\/wp-content\/uploads\/2026\/02\/animator-zlobek_750x200-410x109.webp 410w\" sizes=\"(max-width: 750px) 100vw, 750px\" class=\"no-lazyload\" width=\"750\" height=\"200\"  style=\"display: inline-block; max-width: 100%; height: auto;\" \/><\/a><\/div><\/div>\n<p><a href=\"https:\/\/www.24gliwice.pl\/wiadomosci\/wp-content\/uploads\/2022\/04\/drzewa-sieminskiego.jpg\"><img loading=\"lazy\" decoding=\"async\" class=\"alignnone wp-image-190952\" src=\"https:\/\/www.24gliwice.pl\/wiadomosci\/wp-content\/uploads\/2022\/04\/drzewa-sieminskiego.jpg\" alt=\"\" width=\"1178\" height=\"663\" srcset=\"https:\/\/www.24gliwice.pl\/wiadomosci\/wp-content\/uploads\/2022\/04\/drzewa-sieminskiego.jpg 810w, https:\/\/www.24gliwice.pl\/wiadomosci\/wp-content\/uploads\/2022\/04\/drzewa-sieminskiego-410x232.jpg 410w, https:\/\/www.24gliwice.pl\/wiadomosci\/wp-content\/uploads\/2022\/04\/drzewa-sieminskiego-808x455.jpg 808w, https:\/\/www.24gliwice.pl\/wiadomosci\/wp-content\/uploads\/2022\/04\/drzewa-sieminskiego-768x432.jpg 768w\" sizes=\"auto, (max-width: 1178px) 100vw, 1178px\" \/><\/a><\/p>\n<p><a href=\"https:\/\/www.24gliwice.pl\/wiadomosci\/wp-content\/uploads\/2022\/04\/drzewa-sieminskiego3.jpg\"><img loading=\"lazy\" decoding=\"async\" class=\"alignnone wp-image-190954\" src=\"https:\/\/www.24gliwice.pl\/wiadomosci\/wp-content\/uploads\/2022\/04\/drzewa-sieminskiego3.jpg\" alt=\"\" width=\"1183\" height=\"669\" srcset=\"https:\/\/www.24gliwice.pl\/wiadomosci\/wp-content\/uploads\/2022\/04\/drzewa-sieminskiego3.jpg 810w, https:\/\/www.24gliwice.pl\/wiadomosci\/wp-content\/uploads\/2022\/04\/drzewa-sieminskiego3-410x232.jpg 410w, https:\/\/www.24gliwice.pl\/wiadomosci\/wp-content\/uploads\/2022\/04\/drzewa-sieminskiego3-805x455.jpg 805w, https:\/\/www.24gliwice.pl\/wiadomosci\/wp-content\/uploads\/2022\/04\/drzewa-sieminskiego3-768x434.jpg 768w\" sizes=\"auto, (max-width: 1183px) 100vw, 1183px\" \/><\/a><\/p>\n<p>Trzeba przyzna\u0107, \u017ce takiej akcji zazieleniania miasta nie by\u0142o od dawna, \u0142\u0105cznie pojawi si\u0119 w tym roku 3 tys. nowych drzew. W ramach nasadze\u0144, niema\u0142e okazy pojawi\u0105 si\u0119 nie tylko na gliwickim Rynku, ale tak\u017ce w r\u00f3\u017cnych innych, mniej oczywistych miejscach.<\/p>\n<h4>Nale\u017cy do nich przystanek linii A4 na wysoko\u015bci placu Mickiewicza, gdzie dotychczas ros\u0142y krzewy. Teraz posadzono tu 4 ambrowce.<\/h4>\n<p>&#8211; <em>Krzewy z tego miejsca przesadzone zosta\u0142y w inne rejony miasta<\/em> &#8211; wyja\u015bnia rzeczniczka Zarz\u0105du Dr\u00f3g Miejskich Jadwiga Jagie\u0142\u0142o-Stiborska, kt\u00f3ra zapewnia, \u017ce drzewa zasadzone w tym miejscu pojawi\u0105 si\u0119 jeszcze w czwartek. &#8211; <em>Zielony skwer przy przystanku ozdobi\u0105 tak\u017ce hortensje bukietowe i bodziszki. Miejsce to b\u0119dzie nawi\u0105zywa\u0142o aran\u017cacj\u0105 do rabat, kt\u00f3re znajduj\u0105 si\u0119 m.in. przy ul. Bankowej, ul. Berbeckiego czy ul. M\u0142y\u0144skiej<\/em> &#8211; dodaje.<\/p>\n<p><a href=\"https:\/\/www.24gliwice.pl\/wiadomosci\/wp-content\/uploads\/2022\/04\/drzewa-sieminskiego2.jpg\"><img loading=\"lazy\" decoding=\"async\" class=\"alignnone wp-image-190953\" src=\"https:\/\/www.24gliwice.pl\/wiadomosci\/wp-content\/uploads\/2022\/04\/drzewa-sieminskiego2.jpg\" alt=\"\" width=\"1150\" height=\"860\" srcset=\"https:\/\/www.24gliwice.pl\/wiadomosci\/wp-content\/uploads\/2022\/04\/drzewa-sieminskiego2.jpg 810w, https:\/\/www.24gliwice.pl\/wiadomosci\/wp-content\/uploads\/2022\/04\/drzewa-sieminskiego2-310x232.jpg 310w, https:\/\/www.24gliwice.pl\/wiadomosci\/wp-content\/uploads\/2022\/04\/drzewa-sieminskiego2-608x455.jpg 608w, https:\/\/www.24gliwice.pl\/wiadomosci\/wp-content\/uploads\/2022\/04\/drzewa-sieminskiego2-768x575.jpg 768w\" sizes=\"auto, (max-width: 1150px) 100vw, 1150px\" \/><\/a><\/p>\n<p>W minion\u0105 \u015brod\u0119 rozpocz\u0119to te\u017c prace przy porz\u0105dkowaniu zieleni na alei Przyja\u017ani na odcinku od ulicy Zwyci\u0119stwa do ul. Chudoby. Tu r\u00f3wnie\u017c nasadzone zostan\u0105 ambrowce, a tak\u017ce zamontowane pergole. Pojawi\u0105 si\u0119 tak\u017ce hortensje i bodziszki. Realizacja zadania odbywa si\u0119 w ramach Gliwickiego Bud\u017cetu Obywatelskiego.<\/p>\n<p><a href=\"https:\/\/www.24gliwice.pl\/wiadomosci\/wp-content\/uploads\/2022\/04\/drzewa-aleja-przyjazni.jpg\"><img loading=\"lazy\" decoding=\"async\" class=\"alignnone wp-image-190946\" src=\"https:\/\/www.24gliwice.pl\/wiadomosci\/wp-content\/uploads\/2022\/04\/drzewa-aleja-przyjazni.jpg\" alt=\"\" width=\"1187\" height=\"668\" srcset=\"https:\/\/www.24gliwice.pl\/wiadomosci\/wp-content\/uploads\/2022\/04\/drzewa-aleja-przyjazni.jpg 810w, https:\/\/www.24gliwice.pl\/wiadomosci\/wp-content\/uploads\/2022\/04\/drzewa-aleja-przyjazni-410x232.jpg 410w, https:\/\/www.24gliwice.pl\/wiadomosci\/wp-content\/uploads\/2022\/04\/drzewa-aleja-przyjazni-808x455.jpg 808w, https:\/\/www.24gliwice.pl\/wiadomosci\/wp-content\/uploads\/2022\/04\/drzewa-aleja-przyjazni-768x432.jpg 768w\" sizes=\"auto, (max-width: 1187px) 100vw, 1187px\" \/><\/a><\/p>\n<p>Nowe drzewa rosn\u0105 te\u017c ju\u017c wzd\u0142u\u017c ulicy Witkiewicza. Wiadomo, \u017ce niewielkich rozmiar\u00f3w sadzonki nie kompensuj\u0105 cienia, jaki zapewnia\u0142y usuni\u0119te sztuki, jednak wymiana drzewostanu w tym miejscu by\u0142a niestety konieczna.<\/p>\n<p><a href=\"https:\/\/www.24gliwice.pl\/wiadomosci\/wp-content\/uploads\/2022\/04\/drzewa-Witkiewicza-witwicki.jpg\"><img loading=\"lazy\" decoding=\"async\" class=\"alignnone wp-image-190955\" src=\"https:\/\/www.24gliwice.pl\/wiadomosci\/wp-content\/uploads\/2022\/04\/drzewa-Witkiewicza-witwicki.jpg\" alt=\"\" width=\"1188\" height=\"669\" srcset=\"https:\/\/www.24gliwice.pl\/wiadomosci\/wp-content\/uploads\/2022\/04\/drzewa-Witkiewicza-witwicki.jpg 810w, https:\/\/www.24gliwice.pl\/wiadomosci\/wp-content\/uploads\/2022\/04\/drzewa-Witkiewicza-witwicki-410x232.jpg 410w, https:\/\/www.24gliwice.pl\/wiadomosci\/wp-content\/uploads\/2022\/04\/drzewa-Witkiewicza-witwicki-808x455.jpg 808w, https:\/\/www.24gliwice.pl\/wiadomosci\/wp-content\/uploads\/2022\/04\/drzewa-Witkiewicza-witwicki-768x432.jpg 768w\" sizes=\"auto, (max-width: 1188px) 100vw, 1188px\" \/><\/a><\/p>\n<p><a href=\"https:\/\/www.24gliwice.pl\/wiadomosci\/wp-content\/uploads\/2022\/04\/drzewa-Witkiewicza-witwicki2.jpg\"><img loading=\"lazy\" decoding=\"async\" class=\"alignnone wp-image-190956\" src=\"https:\/\/www.24gliwice.pl\/wiadomosci\/wp-content\/uploads\/2022\/04\/drzewa-Witkiewicza-witwicki2.jpg\" alt=\"\" width=\"1257\" height=\"706\" srcset=\"https:\/\/www.24gliwice.pl\/wiadomosci\/wp-content\/uploads\/2022\/04\/drzewa-Witkiewicza-witwicki2.jpg 810w, https:\/\/www.24gliwice.pl\/wiadomosci\/wp-content\/uploads\/2022\/04\/drzewa-Witkiewicza-witwicki2-410x230.jpg 410w, https:\/\/www.24gliwice.pl\/wiadomosci\/wp-content\/uploads\/2022\/04\/drzewa-Witkiewicza-witwicki2-768x431.jpg 768w\" sizes=\"auto, (max-width: 1257px) 100vw, 1257px\" \/><\/a><\/p>\n<p>(\u017cms)<br \/>\nfot. 24gliwice\/\u017bMS, A. Witwicki<\/p>\n<p>&nbsp;<\/p>\n<p>&nbsp;<\/p>\n<div class=\"gliwi-a5-na-koncu-artykulow gliwi-entity-placement\" id=\"gliwi-1313660601\"><div class=\"gliwi-adlabel\"><span style=\"font-size: 9px\">REKLAMA<\/span><\/div><div id=\"gliwi-3019612892\" style=\"margin-left: auto;margin-right: auto;text-align: center;\"><a data-no-instant=\"1\" href=\"https:\/\/prezeroarenagliwice.pl\/\" rel=\"noopener\" class=\"a2t-link\" target=\"_blank\" aria-label=\"20260309-PREZERO-WIOSNA-D\"><img loading=\"lazy\" decoding=\"async\" src=\"https:\/\/www.24gliwice.pl\/wiadomosci\/wp-content\/uploads\/2026\/03\/20260309-PREZERO-WIOSNA-D.webp\" alt=\"\"  srcset=\"https:\/\/www.24gliwice.pl\/wiadomosci\/wp-content\/uploads\/2026\/03\/20260309-PREZERO-WIOSNA-D.webp 750w, https:\/\/www.24gliwice.pl\/wiadomosci\/wp-content\/uploads\/2026\/03\/20260309-PREZERO-WIOSNA-D-410x109.webp 410w\" sizes=\"(max-width: 750px) 100vw, 750px\" class=\"no-lazyload\" width=\"750\" height=\"200\"  style=\"display: inline-block; max-width: 100%; height: auto;\" \/><\/a><\/div><\/div>","protected":false},"excerpt":{"rendered":"<p>Takiej ilo\u015bci nasadze\u0144 zieleni nie by\u0142o w Gliwicach od lat, mo\u017cna tu chyba m\u00f3wi\u0107 o prawdziwej rewolucji. Ostatnio nowe drzewa pojawi\u0142y si\u0119 obok przystank\u00f3w autobusowych przy ul. Siemi\u0144skiego oraz Daszy\u0144skiego. Odbrukowano ju\u017c te\u017c cz\u0119\u015bciowo miejsca na parkingu pod nasadzenia wzd\u0142u\u017c ulicy Gruszczy\u0144skiego. W pozyskanej w ten spos\u00f3b powierzchni pod zagospodarowanie zieleni\u0105 znajd\u0105 si\u0119 nie tylko [&hellip;]<\/p>\n","protected":false},"author":15,"featured_media":190949,"comment_status":"open","ping_status":"closed","sticky":false,"template":"","format":"standard","meta":{"_monsterinsights_skip_tracking":false,"_monsterinsights_sitenote_active":false,"_monsterinsights_sitenote_note":"","_monsterinsights_sitenote_category":0,"footnotes":"","_links_to":"","_links_to_target":""},"categories":[3,1,9,8],"tags":[18978,21042,2577],"class_list":["post-190933","post","type-post","status-publish","format-standard","has-post-thumbnail","hentry","category-gliwice","category-wszystko","category-aktualnosci_lokalne","category-samorzad_polityka","tag-nasadzenia-drzew","tag-odbrukowanie","tag-zielone-gliwice"],"yoast_head":"<!-- This site is optimized with the Yoast SEO plugin v27.4 - https:\/\/yoast.com\/product\/yoast-seo-wordpress\/ -->\n<title>Odbrukowuj\u0105 parking by zasadzi\u0107 drzewa. Nasadzenia tak\u017ce przy przystankach autobusowych (foto) - 24GLIWICE - Portal Gliwice | codziennie nowe informacje<\/title>\n<meta name=\"robots\" content=\"index, follow, max-snippet:-1, max-image-preview:large, max-video-preview:-1\" \/>\n<link rel=\"canonical\" href=\"https:\/\/www.24gliwice.pl\/wiadomosci\/odbrukowuja-parking-by-zasadzic-drzewa-nasadzenia-takze-przy-przystankach-autobusowych-foto\/\" \/>\n<meta property=\"og:locale\" content=\"pl_PL\" \/>\n<meta property=\"og:type\" content=\"article\" \/>\n<meta property=\"og:title\" content=\"Odbrukowuj\u0105 parking by zasadzi\u0107 drzewa. Nasadzenia tak\u017ce przy przystankach autobusowych (foto) - 24GLIWICE - Portal Gliwice | codziennie nowe informacje\" \/>\n<meta property=\"og:description\" content=\"Takiej ilo\u015bci nasadze\u0144 zieleni nie by\u0142o w Gliwicach od lat, mo\u017cna tu chyba m\u00f3wi\u0107 o prawdziwej rewolucji. Ostatnio nowe drzewa pojawi\u0142y si\u0119 obok przystank\u00f3w autobusowych przy ul. Siemi\u0144skiego oraz Daszy\u0144skiego. Odbrukowano ju\u017c te\u017c cz\u0119\u015bciowo miejsca na parkingu pod nasadzenia wzd\u0142u\u017c ulicy Gruszczy\u0144skiego. W pozyskanej w ten spos\u00f3b powierzchni pod zagospodarowanie zieleni\u0105 znajd\u0105 si\u0119 nie tylko [&hellip;]\" \/>\n<meta property=\"og:url\" content=\"https:\/\/www.24gliwice.pl\/wiadomosci\/odbrukowuja-parking-by-zasadzic-drzewa-nasadzenia-takze-przy-przystankach-autobusowych-foto\/\" \/>\n<meta property=\"og:site_name\" content=\"24GLIWICE - Portal Gliwice | codziennie nowe informacje\" \/>\n<meta property=\"article:publisher\" content=\"https:\/\/www.facebook.com\/24gliwice\" \/>\n<meta property=\"article:published_time\" content=\"2022-04-21T12:42:15+00:00\" \/>\n<meta property=\"article:modified_time\" content=\"2022-04-24T01:45:42+00:00\" \/>\n<meta property=\"og:image\" content=\"https:\/\/www.24gliwice.pl\/wiadomosci\/wp-content\/uploads\/2022\/04\/drzewa-gruszczynskiego-2.jpg\" \/>\n\t<meta property=\"og:image:width\" content=\"810\" \/>\n\t<meta property=\"og:image:height\" content=\"456\" \/>\n\t<meta property=\"og:image:type\" content=\"image\/jpeg\" \/>\n<meta name=\"author\" content=\"\u017baneta Mrozek-Siewierska\" \/>\n<meta name=\"twitter:card\" content=\"summary_large_image\" \/>\n<meta name=\"twitter:creator\" content=\"@24gliwice\" \/>\n<meta name=\"twitter:site\" content=\"@24gliwice\" \/>\n<meta name=\"twitter:label1\" content=\"Napisane przez\" \/>\n\t<meta name=\"twitter:data1\" content=\"\u017baneta Mrozek-Siewierska\" \/>\n\t<meta name=\"twitter:label2\" content=\"Szacowany czas czytania\" \/>\n\t<meta name=\"twitter:data2\" content=\"4 minuty\" \/>\n<script type=\"application\/ld+json\" class=\"yoast-schema-graph\">{\"@context\":\"https:\\\/\\\/schema.org\",\"@graph\":[{\"@type\":\"Article\",\"@id\":\"https:\\\/\\\/www.24gliwice.pl\\\/wiadomosci\\\/odbrukowuja-parking-by-zasadzic-drzewa-nasadzenia-takze-przy-przystankach-autobusowych-foto\\\/#article\",\"isPartOf\":{\"@id\":\"https:\\\/\\\/www.24gliwice.pl\\\/wiadomosci\\\/odbrukowuja-parking-by-zasadzic-drzewa-nasadzenia-takze-przy-przystankach-autobusowych-foto\\\/\"},\"author\":{\"name\":\"\u017baneta Mrozek-Siewierska\",\"@id\":\"https:\\\/\\\/www.24gliwice.pl\\\/wiadomosci\\\/#\\\/schema\\\/person\\\/e42c650edd7f2fa332be3811fb166b6e\"},\"headline\":\"Odbrukowuj\u0105 parking by zasadzi\u0107 drzewa. Nasadzenia tak\u017ce przy przystankach autobusowych (foto)\",\"datePublished\":\"2022-04-21T12:42:15+00:00\",\"dateModified\":\"2022-04-24T01:45:42+00:00\",\"mainEntityOfPage\":{\"@id\":\"https:\\\/\\\/www.24gliwice.pl\\\/wiadomosci\\\/odbrukowuja-parking-by-zasadzic-drzewa-nasadzenia-takze-przy-przystankach-autobusowych-foto\\\/\"},\"wordCount\":393,\"commentCount\":0,\"publisher\":{\"@id\":\"https:\\\/\\\/www.24gliwice.pl\\\/wiadomosci\\\/#organization\"},\"image\":{\"@id\":\"https:\\\/\\\/www.24gliwice.pl\\\/wiadomosci\\\/odbrukowuja-parking-by-zasadzic-drzewa-nasadzenia-takze-przy-przystankach-autobusowych-foto\\\/#primaryimage\"},\"thumbnailUrl\":\"https:\\\/\\\/www.24gliwice.pl\\\/wiadomosci\\\/wp-content\\\/uploads\\\/2022\\\/04\\\/drzewa-gruszczynskiego-2.jpg\",\"keywords\":[\"nasadzenia drzew\",\"odbrukowanie\",\"zielone gliwice\"],\"articleSection\":[\"Gliwice\",\"Najnowsze wiadomo\u015bci\",\"Portal Gliwice - Wiadomo\u015bci lokalne\",\"Samorz\u0105d, polityka\"],\"inLanguage\":\"pl-PL\",\"potentialAction\":[{\"@type\":\"CommentAction\",\"name\":\"Comment\",\"target\":[\"https:\\\/\\\/www.24gliwice.pl\\\/wiadomosci\\\/odbrukowuja-parking-by-zasadzic-drzewa-nasadzenia-takze-przy-przystankach-autobusowych-foto\\\/#respond\"]}]},{\"@type\":\"WebPage\",\"@id\":\"https:\\\/\\\/www.24gliwice.pl\\\/wiadomosci\\\/odbrukowuja-parking-by-zasadzic-drzewa-nasadzenia-takze-przy-przystankach-autobusowych-foto\\\/\",\"url\":\"https:\\\/\\\/www.24gliwice.pl\\\/wiadomosci\\\/odbrukowuja-parking-by-zasadzic-drzewa-nasadzenia-takze-przy-przystankach-autobusowych-foto\\\/\",\"name\":\"Odbrukowuj\u0105 parking by zasadzi\u0107 drzewa. Nasadzenia tak\u017ce przy przystankach autobusowych (foto) - 24GLIWICE - Portal Gliwice | codziennie nowe informacje\",\"isPartOf\":{\"@id\":\"https:\\\/\\\/www.24gliwice.pl\\\/wiadomosci\\\/#website\"},\"primaryImageOfPage\":{\"@id\":\"https:\\\/\\\/www.24gliwice.pl\\\/wiadomosci\\\/odbrukowuja-parking-by-zasadzic-drzewa-nasadzenia-takze-przy-przystankach-autobusowych-foto\\\/#primaryimage\"},\"image\":{\"@id\":\"https:\\\/\\\/www.24gliwice.pl\\\/wiadomosci\\\/odbrukowuja-parking-by-zasadzic-drzewa-nasadzenia-takze-przy-przystankach-autobusowych-foto\\\/#primaryimage\"},\"thumbnailUrl\":\"https:\\\/\\\/www.24gliwice.pl\\\/wiadomosci\\\/wp-content\\\/uploads\\\/2022\\\/04\\\/drzewa-gruszczynskiego-2.jpg\",\"datePublished\":\"2022-04-21T12:42:15+00:00\",\"dateModified\":\"2022-04-24T01:45:42+00:00\",\"breadcrumb\":{\"@id\":\"https:\\\/\\\/www.24gliwice.pl\\\/wiadomosci\\\/odbrukowuja-parking-by-zasadzic-drzewa-nasadzenia-takze-przy-przystankach-autobusowych-foto\\\/#breadcrumb\"},\"inLanguage\":\"pl-PL\",\"potentialAction\":[{\"@type\":\"ReadAction\",\"target\":[\"https:\\\/\\\/www.24gliwice.pl\\\/wiadomosci\\\/odbrukowuja-parking-by-zasadzic-drzewa-nasadzenia-takze-przy-przystankach-autobusowych-foto\\\/\"]}]},{\"@type\":\"ImageObject\",\"inLanguage\":\"pl-PL\",\"@id\":\"https:\\\/\\\/www.24gliwice.pl\\\/wiadomosci\\\/odbrukowuja-parking-by-zasadzic-drzewa-nasadzenia-takze-przy-przystankach-autobusowych-foto\\\/#primaryimage\",\"url\":\"https:\\\/\\\/www.24gliwice.pl\\\/wiadomosci\\\/wp-content\\\/uploads\\\/2022\\\/04\\\/drzewa-gruszczynskiego-2.jpg\",\"contentUrl\":\"https:\\\/\\\/www.24gliwice.pl\\\/wiadomosci\\\/wp-content\\\/uploads\\\/2022\\\/04\\\/drzewa-gruszczynskiego-2.jpg\",\"width\":810,\"height\":456},{\"@type\":\"BreadcrumbList\",\"@id\":\"https:\\\/\\\/www.24gliwice.pl\\\/wiadomosci\\\/odbrukowuja-parking-by-zasadzic-drzewa-nasadzenia-takze-przy-przystankach-autobusowych-foto\\\/#breadcrumb\",\"itemListElement\":[{\"@type\":\"ListItem\",\"position\":1,\"name\":\"Strona g\u0142\u00f3wna\",\"item\":\"https:\\\/\\\/www.24gliwice.pl\\\/wiadomosci\\\/\"},{\"@type\":\"ListItem\",\"position\":2,\"name\":\"Odbrukowuj\u0105 parking by zasadzi\u0107 drzewa. Nasadzenia tak\u017ce przy przystankach autobusowych (foto)\"}]},{\"@type\":\"WebSite\",\"@id\":\"https:\\\/\\\/www.24gliwice.pl\\\/wiadomosci\\\/#website\",\"url\":\"https:\\\/\\\/www.24gliwice.pl\\\/wiadomosci\\\/\",\"name\":\"24GLIWICE - Portal Gliwice | codziennie nowe wiadomo\u015bci\",\"description\":\"Portal Miejski Gliwice\",\"publisher\":{\"@id\":\"https:\\\/\\\/www.24gliwice.pl\\\/wiadomosci\\\/#organization\"},\"potentialAction\":[{\"@type\":\"SearchAction\",\"target\":{\"@type\":\"EntryPoint\",\"urlTemplate\":\"https:\\\/\\\/www.24gliwice.pl\\\/wiadomosci\\\/?s={search_term_string}\"},\"query-input\":{\"@type\":\"PropertyValueSpecification\",\"valueRequired\":true,\"valueName\":\"search_term_string\"}}],\"inLanguage\":\"pl-PL\"},{\"@type\":\"Organization\",\"@id\":\"https:\\\/\\\/www.24gliwice.pl\\\/wiadomosci\\\/#organization\",\"name\":\"24gliwice\",\"url\":\"https:\\\/\\\/www.24gliwice.pl\\\/wiadomosci\\\/\",\"logo\":{\"@type\":\"ImageObject\",\"inLanguage\":\"pl-PL\",\"@id\":\"https:\\\/\\\/www.24gliwice.pl\\\/wiadomosci\\\/#\\\/schema\\\/logo\\\/image\\\/\",\"url\":\"https:\\\/\\\/www.24gliwice.pl\\\/wiadomosci\\\/wp-content\\\/uploads\\\/2024\\\/10\\\/24gliwice-logo-696.jpg\",\"contentUrl\":\"https:\\\/\\\/www.24gliwice.pl\\\/wiadomosci\\\/wp-content\\\/uploads\\\/2024\\\/10\\\/24gliwice-logo-696.jpg\",\"width\":696,\"height\":696,\"caption\":\"24gliwice\"},\"image\":{\"@id\":\"https:\\\/\\\/www.24gliwice.pl\\\/wiadomosci\\\/#\\\/schema\\\/logo\\\/image\\\/\"},\"sameAs\":[\"https:\\\/\\\/www.facebook.com\\\/24gliwice\",\"https:\\\/\\\/x.com\\\/24gliwice\",\"https:\\\/\\\/www.youtube.com\\\/@24gliwice\"]},{\"@type\":\"Person\",\"@id\":\"https:\\\/\\\/www.24gliwice.pl\\\/wiadomosci\\\/#\\\/schema\\\/person\\\/e42c650edd7f2fa332be3811fb166b6e\",\"name\":\"\u017baneta Mrozek-Siewierska\",\"image\":{\"@type\":\"ImageObject\",\"inLanguage\":\"pl-PL\",\"@id\":\"https:\\\/\\\/www.24gliwice.pl\\\/wiadomosci\\\/wp-content\\\/uploads\\\/2021\\\/11\\\/Zaneta-M_S-zdjecie-czb-96x96.jpg\",\"url\":\"https:\\\/\\\/www.24gliwice.pl\\\/wiadomosci\\\/wp-content\\\/uploads\\\/2021\\\/11\\\/Zaneta-M_S-zdjecie-czb-96x96.jpg\",\"contentUrl\":\"https:\\\/\\\/www.24gliwice.pl\\\/wiadomosci\\\/wp-content\\\/uploads\\\/2021\\\/11\\\/Zaneta-M_S-zdjecie-czb-96x96.jpg\",\"caption\":\"\u017baneta Mrozek-Siewierska\"},\"url\":\"https:\\\/\\\/www.24gliwice.pl\\\/wiadomosci\\\/author\\\/zms\\\/\"}]}<\/script>\n<!-- \/ Yoast SEO plugin. -->","yoast_head_json":{"title":"Odbrukowuj\u0105 parking by zasadzi\u0107 drzewa. Nasadzenia tak\u017ce przy przystankach autobusowych (foto) - 24GLIWICE - Portal Gliwice | codziennie nowe informacje","robots":{"index":"index","follow":"follow","max-snippet":"max-snippet:-1","max-image-preview":"max-image-preview:large","max-video-preview":"max-video-preview:-1"},"canonical":"https:\/\/www.24gliwice.pl\/wiadomosci\/odbrukowuja-parking-by-zasadzic-drzewa-nasadzenia-takze-przy-przystankach-autobusowych-foto\/","og_locale":"pl_PL","og_type":"article","og_title":"Odbrukowuj\u0105 parking by zasadzi\u0107 drzewa. Nasadzenia tak\u017ce przy przystankach autobusowych (foto) - 24GLIWICE - Portal Gliwice | codziennie nowe informacje","og_description":"Takiej ilo\u015bci nasadze\u0144 zieleni nie by\u0142o w Gliwicach od lat, mo\u017cna tu chyba m\u00f3wi\u0107 o prawdziwej rewolucji. Ostatnio nowe drzewa pojawi\u0142y si\u0119 obok przystank\u00f3w autobusowych przy ul. Siemi\u0144skiego oraz Daszy\u0144skiego. Odbrukowano ju\u017c te\u017c cz\u0119\u015bciowo miejsca na parkingu pod nasadzenia wzd\u0142u\u017c ulicy Gruszczy\u0144skiego. W pozyskanej w ten spos\u00f3b powierzchni pod zagospodarowanie zieleni\u0105 znajd\u0105 si\u0119 nie tylko [&hellip;]","og_url":"https:\/\/www.24gliwice.pl\/wiadomosci\/odbrukowuja-parking-by-zasadzic-drzewa-nasadzenia-takze-przy-przystankach-autobusowych-foto\/","og_site_name":"24GLIWICE - Portal Gliwice | codziennie nowe informacje","article_publisher":"https:\/\/www.facebook.com\/24gliwice","article_published_time":"2022-04-21T12:42:15+00:00","article_modified_time":"2022-04-24T01:45:42+00:00","og_image":[{"width":810,"height":456,"url":"https:\/\/www.24gliwice.pl\/wiadomosci\/wp-content\/uploads\/2022\/04\/drzewa-gruszczynskiego-2.jpg","type":"image\/jpeg"}],"author":"\u017baneta Mrozek-Siewierska","twitter_card":"summary_large_image","twitter_creator":"@24gliwice","twitter_site":"@24gliwice","twitter_misc":{"Napisane przez":"\u017baneta Mrozek-Siewierska","Szacowany czas czytania":"4 minuty"},"schema":{"@context":"https:\/\/schema.org","@graph":[{"@type":"Article","@id":"https:\/\/www.24gliwice.pl\/wiadomosci\/odbrukowuja-parking-by-zasadzic-drzewa-nasadzenia-takze-przy-przystankach-autobusowych-foto\/#article","isPartOf":{"@id":"https:\/\/www.24gliwice.pl\/wiadomosci\/odbrukowuja-parking-by-zasadzic-drzewa-nasadzenia-takze-przy-przystankach-autobusowych-foto\/"},"author":{"name":"\u017baneta Mrozek-Siewierska","@id":"https:\/\/www.24gliwice.pl\/wiadomosci\/#\/schema\/person\/e42c650edd7f2fa332be3811fb166b6e"},"headline":"Odbrukowuj\u0105 parking by zasadzi\u0107 drzewa. Nasadzenia tak\u017ce przy przystankach autobusowych (foto)","datePublished":"2022-04-21T12:42:15+00:00","dateModified":"2022-04-24T01:45:42+00:00","mainEntityOfPage":{"@id":"https:\/\/www.24gliwice.pl\/wiadomosci\/odbrukowuja-parking-by-zasadzic-drzewa-nasadzenia-takze-przy-przystankach-autobusowych-foto\/"},"wordCount":393,"commentCount":0,"publisher":{"@id":"https:\/\/www.24gliwice.pl\/wiadomosci\/#organization"},"image":{"@id":"https:\/\/www.24gliwice.pl\/wiadomosci\/odbrukowuja-parking-by-zasadzic-drzewa-nasadzenia-takze-przy-przystankach-autobusowych-foto\/#primaryimage"},"thumbnailUrl":"https:\/\/www.24gliwice.pl\/wiadomosci\/wp-content\/uploads\/2022\/04\/drzewa-gruszczynskiego-2.jpg","keywords":["nasadzenia drzew","odbrukowanie","zielone gliwice"],"articleSection":["Gliwice","Najnowsze wiadomo\u015bci","Portal Gliwice - Wiadomo\u015bci lokalne","Samorz\u0105d, polityka"],"inLanguage":"pl-PL","potentialAction":[{"@type":"CommentAction","name":"Comment","target":["https:\/\/www.24gliwice.pl\/wiadomosci\/odbrukowuja-parking-by-zasadzic-drzewa-nasadzenia-takze-przy-przystankach-autobusowych-foto\/#respond"]}]},{"@type":"WebPage","@id":"https:\/\/www.24gliwice.pl\/wiadomosci\/odbrukowuja-parking-by-zasadzic-drzewa-nasadzenia-takze-przy-przystankach-autobusowych-foto\/","url":"https:\/\/www.24gliwice.pl\/wiadomosci\/odbrukowuja-parking-by-zasadzic-drzewa-nasadzenia-takze-przy-przystankach-autobusowych-foto\/","name":"Odbrukowuj\u0105 parking by zasadzi\u0107 drzewa. Nasadzenia tak\u017ce przy przystankach autobusowych (foto) - 24GLIWICE - Portal Gliwice | codziennie nowe informacje","isPartOf":{"@id":"https:\/\/www.24gliwice.pl\/wiadomosci\/#website"},"primaryImageOfPage":{"@id":"https:\/\/www.24gliwice.pl\/wiadomosci\/odbrukowuja-parking-by-zasadzic-drzewa-nasadzenia-takze-przy-przystankach-autobusowych-foto\/#primaryimage"},"image":{"@id":"https:\/\/www.24gliwice.pl\/wiadomosci\/odbrukowuja-parking-by-zasadzic-drzewa-nasadzenia-takze-przy-przystankach-autobusowych-foto\/#primaryimage"},"thumbnailUrl":"https:\/\/www.24gliwice.pl\/wiadomosci\/wp-content\/uploads\/2022\/04\/drzewa-gruszczynskiego-2.jpg","datePublished":"2022-04-21T12:42:15+00:00","dateModified":"2022-04-24T01:45:42+00:00","breadcrumb":{"@id":"https:\/\/www.24gliwice.pl\/wiadomosci\/odbrukowuja-parking-by-zasadzic-drzewa-nasadzenia-takze-przy-przystankach-autobusowych-foto\/#breadcrumb"},"inLanguage":"pl-PL","potentialAction":[{"@type":"ReadAction","target":["https:\/\/www.24gliwice.pl\/wiadomosci\/odbrukowuja-parking-by-zasadzic-drzewa-nasadzenia-takze-przy-przystankach-autobusowych-foto\/"]}]},{"@type":"ImageObject","inLanguage":"pl-PL","@id":"https:\/\/www.24gliwice.pl\/wiadomosci\/odbrukowuja-parking-by-zasadzic-drzewa-nasadzenia-takze-przy-przystankach-autobusowych-foto\/#primaryimage","url":"https:\/\/www.24gliwice.pl\/wiadomosci\/wp-content\/uploads\/2022\/04\/drzewa-gruszczynskiego-2.jpg","contentUrl":"https:\/\/www.24gliwice.pl\/wiadomosci\/wp-content\/uploads\/2022\/04\/drzewa-gruszczynskiego-2.jpg","width":810,"height":456},{"@type":"BreadcrumbList","@id":"https:\/\/www.24gliwice.pl\/wiadomosci\/odbrukowuja-parking-by-zasadzic-drzewa-nasadzenia-takze-przy-przystankach-autobusowych-foto\/#breadcrumb","itemListElement":[{"@type":"ListItem","position":1,"name":"Strona g\u0142\u00f3wna","item":"https:\/\/www.24gliwice.pl\/wiadomosci\/"},{"@type":"ListItem","position":2,"name":"Odbrukowuj\u0105 parking by zasadzi\u0107 drzewa. Nasadzenia tak\u017ce przy przystankach autobusowych (foto)"}]},{"@type":"WebSite","@id":"https:\/\/www.24gliwice.pl\/wiadomosci\/#website","url":"https:\/\/www.24gliwice.pl\/wiadomosci\/","name":"24GLIWICE - Portal Gliwice | codziennie nowe wiadomo\u015bci","description":"Portal Miejski Gliwice","publisher":{"@id":"https:\/\/www.24gliwice.pl\/wiadomosci\/#organization"},"potentialAction":[{"@type":"SearchAction","target":{"@type":"EntryPoint","urlTemplate":"https:\/\/www.24gliwice.pl\/wiadomosci\/?s={search_term_string}"},"query-input":{"@type":"PropertyValueSpecification","valueRequired":true,"valueName":"search_term_string"}}],"inLanguage":"pl-PL"},{"@type":"Organization","@id":"https:\/\/www.24gliwice.pl\/wiadomosci\/#organization","name":"24gliwice","url":"https:\/\/www.24gliwice.pl\/wiadomosci\/","logo":{"@type":"ImageObject","inLanguage":"pl-PL","@id":"https:\/\/www.24gliwice.pl\/wiadomosci\/#\/schema\/logo\/image\/","url":"https:\/\/www.24gliwice.pl\/wiadomosci\/wp-content\/uploads\/2024\/10\/24gliwice-logo-696.jpg","contentUrl":"https:\/\/www.24gliwice.pl\/wiadomosci\/wp-content\/uploads\/2024\/10\/24gliwice-logo-696.jpg","width":696,"height":696,"caption":"24gliwice"},"image":{"@id":"https:\/\/www.24gliwice.pl\/wiadomosci\/#\/schema\/logo\/image\/"},"sameAs":["https:\/\/www.facebook.com\/24gliwice","https:\/\/x.com\/24gliwice","https:\/\/www.youtube.com\/@24gliwice"]},{"@type":"Person","@id":"https:\/\/www.24gliwice.pl\/wiadomosci\/#\/schema\/person\/e42c650edd7f2fa332be3811fb166b6e","name":"\u017baneta Mrozek-Siewierska","image":{"@type":"ImageObject","inLanguage":"pl-PL","@id":"https:\/\/www.24gliwice.pl\/wiadomosci\/wp-content\/uploads\/2021\/11\/Zaneta-M_S-zdjecie-czb-96x96.jpg","url":"https:\/\/www.24gliwice.pl\/wiadomosci\/wp-content\/uploads\/2021\/11\/Zaneta-M_S-zdjecie-czb-96x96.jpg","contentUrl":"https:\/\/www.24gliwice.pl\/wiadomosci\/wp-content\/uploads\/2021\/11\/Zaneta-M_S-zdjecie-czb-96x96.jpg","caption":"\u017baneta Mrozek-Siewierska"},"url":"https:\/\/www.24gliwice.pl\/wiadomosci\/author\/zms\/"}]}},"_links":{"self":[{"href":"https:\/\/www.24gliwice.pl\/wiadomosci\/wp-json\/wp\/v2\/posts\/190933","targetHints":{"allow":["GET"]}}],"collection":[{"href":"https:\/\/www.24gliwice.pl\/wiadomosci\/wp-json\/wp\/v2\/posts"}],"about":[{"href":"https:\/\/www.24gliwice.pl\/wiadomosci\/wp-json\/wp\/v2\/types\/post"}],"author":[{"embeddable":true,"href":"https:\/\/www.24gliwice.pl\/wiadomosci\/wp-json\/wp\/v2\/users\/15"}],"replies":[{"embeddable":true,"href":"https:\/\/www.24gliwice.pl\/wiadomosci\/wp-json\/wp\/v2\/comments?post=190933"}],"version-history":[{"count":20,"href":"https:\/\/www.24gliwice.pl\/wiadomosci\/wp-json\/wp\/v2\/posts\/190933\/revisions"}],"predecessor-version":[{"id":191069,"href":"https:\/\/www.24gliwice.pl\/wiadomosci\/wp-json\/wp\/v2\/posts\/190933\/revisions\/191069"}],"wp:featuredmedia":[{"embeddable":true,"href":"https:\/\/www.24gliwice.pl\/wiadomosci\/wp-json\/wp\/v2\/media\/190949"}],"wp:attachment":[{"href":"https:\/\/www.24gliwice.pl\/wiadomosci\/wp-json\/wp\/v2\/media?parent=190933"}],"wp:term":[{"taxonomy":"category","embeddable":true,"href":"https:\/\/www.24gliwice.pl\/wiadomosci\/wp-json\/wp\/v2\/categories?post=190933"},{"taxonomy":"post_tag","embeddable":true,"href":"https:\/\/www.24gliwice.pl\/wiadomosci\/wp-json\/wp\/v2\/tags?post=190933"}],"curies":[{"name":"wp","href":"https:\/\/api.w.org\/{rel}","templated":true}]}}