{"id":191148,"date":"2022-04-27T05:59:13","date_gmt":"2022-04-27T03:59:13","guid":{"rendered":"https:\/\/www.24gliwice.pl\/wiadomosci\/?p=191148"},"modified":"2022-04-26T23:01:52","modified_gmt":"2022-04-26T21:01:52","slug":"jak-nazwac-skwer-nad-dts-ruszyla-lista-propozycji-ostateczna-decyzje-podejma-radni","status":"publish","type":"post","link":"https:\/\/www.24gliwice.pl\/wiadomosci\/jak-nazwac-skwer-nad-dts-ruszyla-lista-propozycji-ostateczna-decyzje-podejma-radni\/","title":{"rendered":"Jak nazwa\u0107 skwer nad DT\u015a? Ruszy\u0142a lista propozycji, ostateczn\u0105 decyzj\u0119 podejm\u0105 radni"},"content":{"rendered":"<div class=\"gliwi-a6-nad-leadem-artykulow gliwi-entity-placement\" id=\"gliwi-790738143\"><div class=\"gliwi-adlabel\"><span style=\"font-size: 9px\">REKLAMA<\/span><\/div><div id=\"gliwi-2852316476\" style=\"margin-bottom: 25px;margin-left: auto;margin-right: auto;text-align: center;\"><a data-no-instant=\"1\" href=\"https:\/\/dom100.eu\/\" rel=\"noopener\" class=\"a2t-link\" target=\"_blank\" aria-label=\"20260415 DOM100 D\"><img loading=\"lazy\" decoding=\"async\" src=\"https:\/\/www.24gliwice.pl\/wiadomosci\/wp-content\/uploads\/2026\/04\/20260415-DOM100-D.jpg\" alt=\"\"  srcset=\"https:\/\/www.24gliwice.pl\/wiadomosci\/wp-content\/uploads\/2026\/04\/20260415-DOM100-D.jpg 750w, https:\/\/www.24gliwice.pl\/wiadomosci\/wp-content\/uploads\/2026\/04\/20260415-DOM100-D-410x109.jpg 410w\" sizes=\"(max-width: 750px) 100vw, 750px\" class=\"no-lazyload\" width=\"750\" height=\"200\"  style=\"display: inline-block; max-width: 100%; height: auto;\" \/><\/a><\/div><\/div><h2>&#8220;Skwer nad DT\u015a&#8221; wkr\u00f3tce otrzyma swoj\u0105 docelow\u0105 nazw\u0119. Warto zadba\u0107, by jej ostateczny wyb\u00f3r uwzgl\u0119dnia\u0142 histori\u0119 tego miejsca, ale te\u017c oczekiwania mieszka\u0144c\u00f3w.<\/h2>\n<p>&nbsp;<br \/>\nW ostatnich latach w Gliwicach za spraw\u0105 ustawy dekomunizacyjnej pojawi\u0142o si\u0119 kilkana\u015bcie nowych patron\u00f3w ulic. Wi\u0119kszo\u015b\u0107 nowych nazw zosta\u0142a jednak wskazana arbitralnie przez wojewod\u0119 \u015bl\u0105skiego, bez konsultacji z mieszka\u0144cami Gliwic (cho\u0107 cz\u0119\u015b\u0107 na wniosek niekt\u00f3rych grup spo\u0142ecznych). Kontrowersji nie by\u0142o, ale nie wykorzystano te\u017c sprzyjaj\u0105cych warunk\u00f3w na debat\u0119 o to\u017csamo\u015bci miasta (przeczytaj nasz komentarz &#8211;&gt; <a href=\"https:\/\/www.24gliwice.pl\/wiadomosci\/zostawmy-bohaterow-przez-duze-b-wezmy-schabika-troplowitza-i-lewczynskiego-komentarz\/\" target=\"_blank\" rel=\"noopener\">Zostawmy bohater\u00f3w przez du\u017ce \u201eB\u201d. We\u017amy Schabika, Troplowitza i Lewczy\u0144skiego<\/a>).<\/p>\n<p>Jak b\u0119dzie w sprawie skweru nad DT\u015a? Znaczenie terenu jest niebagatelne, a przestrze\u0144 po zesz\u0142orocznej modernizacji ma szans\u0119 pozytywnie zaistnie\u0107 w \u015bwiadomo\u015bci gliwiczan &#8211; ju\u017c nie jako miejsce przelotowe, ale docelowy punkt spaceru po tej cz\u0119\u015bci centrum Gliwic. Historia nasuwa dwa rozwi\u0105zania. \u015awie\u017csze &#8211; zwi\u0105zane z targowiskiem, popularnym &#8220;Balcerkiem&#8221;. I to starsze, si\u0119gaj\u0105ce do niemieckich Gleiwitz, a przede wszystkim zlokalizowanego w tym miejscu Kana\u0142u K\u0142odnickiego.<\/p><div class=\"gliwi-a3-w-tresci-artykulow gliwi-entity-placement\" id=\"gliwi-3211585777\"><div class=\"gliwi-adlabel\"><span style=\"font-size: 9px\">REKLAMA<\/span><\/div><div id=\"gliwi-2350256107\" style=\"margin-bottom: 30px;margin-left: auto;margin-right: auto;text-align: center;\"><a data-no-instant=\"1\" href=\"https:\/\/zlobek.halogen.org.pl\/\" rel=\"noopener\" class=\"a2t-link\" target=\"_blank\" aria-label=\"animator-zlobek_750x200\"><img loading=\"lazy\" decoding=\"async\" src=\"https:\/\/www.24gliwice.pl\/wiadomosci\/wp-content\/uploads\/2026\/02\/animator-zlobek_750x200.webp\" alt=\"\"  srcset=\"https:\/\/www.24gliwice.pl\/wiadomosci\/wp-content\/uploads\/2026\/02\/animator-zlobek_750x200.webp 750w, https:\/\/www.24gliwice.pl\/wiadomosci\/wp-content\/uploads\/2026\/02\/animator-zlobek_750x200-410x109.webp 410w\" sizes=\"(max-width: 750px) 100vw, 750px\" class=\"no-lazyload\" width=\"750\" height=\"200\"  style=\"display: inline-block; max-width: 100%; height: auto;\" \/><\/a><\/div><\/div>\n<p>Zobacz nasz materia\u0142 na temat historii tego miejsca:<\/p>\n<p><iframe loading=\"lazy\" title=\"YouTube video player\" src=\"https:\/\/www.youtube.com\/embed\/4l2okvnIvMw\" width=\"560\" height=\"315\" frameborder=\"0\" allowfullscreen=\"allowfullscreen\"><\/iframe><\/p>\n<h2>MAGISTRAT: MAMY POMYS\u0141, DECYZJ\u0118 PODEJM\u0104 RADNI<\/h2>\n<p>Jak wynika z informacji przekazywanych przez Urz\u0105d Miejski, w Ratuszu istnieje ju\u017c pewna propozycja nazwy dla skweru, ale najpierw b\u0119dzie konsultowana z radnymi. To w\u0142a\u015bnie Rada Miasta podejmie ostateczn\u0105 decyzj\u0105 w sprawie nazwy. Na razie nie ma informacji, by pomys\u0142 planowano konsultowa\u0107 szerzej.<br \/>\n<strong><br \/>\nMy postanowili\u015bmy zapyta\u0107 o zdanie radnych i osoby aktywne w \u017cyciu publicznym miasta.<\/strong> Oto lista propozycji, kt\u00f3ra cho\u0107 skromna &#8211; ju\u017c teraz pokazuje jak bogata mo\u017ce by\u0107 dyskusja o historii miasta i upami\u0119tnieniu zas\u0142u\u017conych gliwiczan.<\/p>\n<h4>PAWE\u0141 KOBYLI\u0143SKI &#8211; SKWER IM. KARLA SCHABIKA<\/h4>\n<h5>Przewodnicz\u0105cy gliwickich struktur PO<\/h5>\n<p>To wielka posta\u0107, wspania\u0142y architekt i osoba, bez kt\u00f3rej Gliwice nie wygl\u0105da\u0142yby tak jak teraz. Uwa\u017cam, \u017ce warto uhonorowa\u0107 t\u0105 bardzo ciekaw\u0105 posta\u0107 nadaj\u0105c jakiemu\u015b presti\u017cowemu miejscu jego imi\u0119. Uwa\u017cam, \u017ce skwer nad DT\u015a idealnie si\u0119 do tego nadaje.<\/p>\n<h4>MICHA\u0141 JA\u015aNIOK &#8211; SKWER WINNICA \/ MIKO\u0141AJ\u00d3W<\/h4>\n<h5>radny Koalicji dla Gliwic Zygmunta Frankiewicza<\/h5>\n<p>Jestem zwolennikiem nazw neutralnych. Jaki\u015b czas temu zdecydowali\u015bmy, \u017ce skwery w Gliwicach otrzymywa\u0107 b\u0119d\u0105 nazwy miast partnerskich. Ta lista si\u0119 wyczerpa\u0142a, ale od pewnego czasu, nawet przed wojn\u0105, pojawia\u0142y si\u0119 koncepcje zawi\u0105zania partnerstwa z miastem Ukrainy. Skwer Winnica lub Miko\u0142aj\u00f3w \u2013 takie nazwy nios\u0142yby symbolik\u0119, przypominaj\u0105c nie tylko o wojnie, ale te\u017c o wspania\u0142ych przyja\u017aniach zawi\u0105zywanych mi\u0119dzy rodzinami z Gliwic i Ukrainy.<\/p>\n<h4>TOMASZ TYLUTKO &#8211; SKWER IM. MAJORA TARNAWSKIEGO<\/h4>\n<h5>radny Prawa i Sprawiedliwo\u015bci<\/h5>\n<p>Zaznaczam, \u017ce na pewno jest wiele postaci wartych uhonorowania. Moj\u0105 propozycj\u0105 mo\u017ce by\u0107 \u015bp. Major Aleksander Tarnawski, zmar\u0142 jako ostatni Cichociemny, co warte podkre\u015blenia Gliwiczanin. Jest to oczywi\u015bcie moja propozycja do rozwa\u017cenia, nie by\u0142a ona konsultowana w \u017caden spos\u00f3b szczeg\u00f3lnie z rodzin\u0105 pana majora.<\/p>\n<h4>AGNIESZKA BUGNO-JANIK &#8211; SKWER KANA\u0141U K\u0141ODNICKIEGO<\/h4>\n<h5>architekta, urbanistka, Politechnika \u015al\u0105ska<\/h5>\n<p>Wa\u017cne by\u0142oby dla mnie upami\u0119tnienie Kana\u0142u K\u0142odnickiego i pocz\u0105tk\u00f3w rozwoju przemys\u0142u. Do tego potrzebne by\u0142yby bardziej przemy\u015blane dzia\u0142ania z artefaktami i nowoczesnym sposobem budowania narracji w tym miejscu poprzez interesuj\u0105ce elementy w przestrzeni, tworz\u0105ce sp\u00f3jn\u0105 ca\u0142o\u015b\u0107.<\/p>\n<h4>KAJETAN GORNIG &#8211; PLAC KANA\u0141U K\u0141ODNICKIEGO<\/h4>\n<h5>by\u0142y radny i kandydat na prezydenta Gliwic, Energia dla Gliwic<\/h5>\n<p>Plac Kana\u0142u K\u0142odnickiego by\u0142by upami\u0119tnieniem tego co by\u0142o tam wcze\u015bniej. Nazwa prowokowa\u0142aby do zadawania pyta\u0144 i uzasadnia\u0142a pewne wystawy pami\u0105tkowe, nawi\u0105zania architektoniczne. Nazwy okolicznych restauracji, bar\u00f3w itp.<\/p>\n<p>oprac. MSZ<\/p>\n<div class=\"gliwi-a5-na-koncu-artykulow gliwi-entity-placement\" id=\"gliwi-3466767796\"><div class=\"gliwi-adlabel\"><span style=\"font-size: 9px\">REKLAMA<\/span><\/div><div id=\"gliwi-1429133313\" style=\"margin-left: auto;margin-right: auto;text-align: center;\"><a data-no-instant=\"1\" href=\"https:\/\/www.jasek.pl\/\" rel=\"noopener\" class=\"a2t-link\" target=\"_blank\" aria-label=\"20200401-jasek 600\"><img loading=\"lazy\" decoding=\"async\" src=\"https:\/\/www.24gliwice.pl\/wiadomosci\/wp-content\/uploads\/2020\/04\/20200401-jasek-600.jpg\" alt=\"\"  srcset=\"https:\/\/www.24gliwice.pl\/wiadomosci\/wp-content\/uploads\/2020\/04\/20200401-jasek-600.jpg 600w, https:\/\/www.24gliwice.pl\/wiadomosci\/wp-content\/uploads\/2020\/04\/20200401-jasek-600-410x109.jpg 410w\" sizes=\"(max-width: 600px) 100vw, 600px\" class=\"no-lazyload\" width=\"600\" height=\"160\"  style=\"display: inline-block; max-width: 100%; height: auto;\" \/><\/a><\/div><\/div>","protected":false},"excerpt":{"rendered":"<p>&#8220;Skwer nad DT\u015a&#8221; wkr\u00f3tce otrzyma swoj\u0105 docelow\u0105 nazw\u0119. Warto zadba\u0107, by jej ostateczny wyb\u00f3r uwzgl\u0119dnia\u0142 histori\u0119 tego miejsca, ale te\u017c oczekiwania mieszka\u0144c\u00f3w. &nbsp; W ostatnich latach w Gliwicach za spraw\u0105 ustawy dekomunizacyjnej pojawi\u0142o si\u0119 kilkana\u015bcie nowych patron\u00f3w ulic. Wi\u0119kszo\u015b\u0107 nowych nazw zosta\u0142a jednak wskazana arbitralnie przez wojewod\u0119 \u015bl\u0105skiego, bez konsultacji z mieszka\u0144cami Gliwic (cho\u0107 cz\u0119\u015b\u0107 [&hellip;]<\/p>\n","protected":false},"author":12,"featured_media":179496,"comment_status":"open","ping_status":"closed","sticky":false,"template":"","format":"standard","meta":{"_monsterinsights_skip_tracking":false,"_monsterinsights_sitenote_active":false,"_monsterinsights_sitenote_note":"","_monsterinsights_sitenote_category":0,"footnotes":"","_links_to":"","_links_to_target":""},"categories":[3,1,9,8],"tags":[],"class_list":["post-191148","post","type-post","status-publish","format-standard","has-post-thumbnail","hentry","category-gliwice","category-wszystko","category-aktualnosci_lokalne","category-samorzad_polityka"],"yoast_head":"<!-- This site is optimized with the Yoast SEO plugin v27.4 - https:\/\/yoast.com\/product\/yoast-seo-wordpress\/ -->\n<title>Jak nazwa\u0107 skwer nad DT\u015a? Ruszy\u0142a lista propozycji, ostateczn\u0105 decyzj\u0119 podejm\u0105 radni - 24GLIWICE - Portal Gliwice | codziennie nowe informacje<\/title>\n<meta name=\"robots\" content=\"index, follow, max-snippet:-1, max-image-preview:large, max-video-preview:-1\" \/>\n<link rel=\"canonical\" href=\"https:\/\/www.24gliwice.pl\/wiadomosci\/jak-nazwac-skwer-nad-dts-ruszyla-lista-propozycji-ostateczna-decyzje-podejma-radni\/\" \/>\n<meta property=\"og:locale\" content=\"pl_PL\" \/>\n<meta property=\"og:type\" content=\"article\" \/>\n<meta property=\"og:title\" content=\"Jak nazwa\u0107 skwer nad DT\u015a? Ruszy\u0142a lista propozycji, ostateczn\u0105 decyzj\u0119 podejm\u0105 radni - 24GLIWICE - Portal Gliwice | codziennie nowe informacje\" \/>\n<meta property=\"og:description\" content=\"&#8220;Skwer nad DT\u015a&#8221; wkr\u00f3tce otrzyma swoj\u0105 docelow\u0105 nazw\u0119. Warto zadba\u0107, by jej ostateczny wyb\u00f3r uwzgl\u0119dnia\u0142 histori\u0119 tego miejsca, ale te\u017c oczekiwania mieszka\u0144c\u00f3w. &nbsp; W ostatnich latach w Gliwicach za spraw\u0105 ustawy dekomunizacyjnej pojawi\u0142o si\u0119 kilkana\u015bcie nowych patron\u00f3w ulic. Wi\u0119kszo\u015b\u0107 nowych nazw zosta\u0142a jednak wskazana arbitralnie przez wojewod\u0119 \u015bl\u0105skiego, bez konsultacji z mieszka\u0144cami Gliwic (cho\u0107 cz\u0119\u015b\u0107 [&hellip;]\" \/>\n<meta property=\"og:url\" content=\"https:\/\/www.24gliwice.pl\/wiadomosci\/jak-nazwac-skwer-nad-dts-ruszyla-lista-propozycji-ostateczna-decyzje-podejma-radni\/\" \/>\n<meta property=\"og:site_name\" content=\"24GLIWICE - Portal Gliwice | codziennie nowe informacje\" \/>\n<meta property=\"article:publisher\" content=\"https:\/\/www.facebook.com\/24gliwice\" \/>\n<meta property=\"article:published_time\" content=\"2022-04-27T03:59:13+00:00\" \/>\n<meta property=\"og:image\" content=\"https:\/\/www.24gliwice.pl\/wiadomosci\/wp-content\/uploads\/2021\/10\/skwer-dts-13.jpg\" \/>\n\t<meta property=\"og:image:width\" content=\"810\" \/>\n\t<meta property=\"og:image:height\" content=\"457\" \/>\n\t<meta property=\"og:image:type\" content=\"image\/jpeg\" \/>\n<meta name=\"author\" content=\"Micha\u0142 Szewczyk\" \/>\n<meta name=\"twitter:card\" content=\"summary_large_image\" \/>\n<meta name=\"twitter:creator\" content=\"@24gliwice\" \/>\n<meta name=\"twitter:site\" content=\"@24gliwice\" \/>\n<meta name=\"twitter:label1\" content=\"Napisane przez\" \/>\n\t<meta name=\"twitter:data1\" content=\"Micha\u0142 Szewczyk\" \/>\n\t<meta name=\"twitter:label2\" content=\"Szacowany czas czytania\" \/>\n\t<meta name=\"twitter:data2\" content=\"4 minuty\" \/>\n<script type=\"application\/ld+json\" class=\"yoast-schema-graph\">{\"@context\":\"https:\\\/\\\/schema.org\",\"@graph\":[{\"@type\":\"Article\",\"@id\":\"https:\\\/\\\/www.24gliwice.pl\\\/wiadomosci\\\/jak-nazwac-skwer-nad-dts-ruszyla-lista-propozycji-ostateczna-decyzje-podejma-radni\\\/#article\",\"isPartOf\":{\"@id\":\"https:\\\/\\\/www.24gliwice.pl\\\/wiadomosci\\\/jak-nazwac-skwer-nad-dts-ruszyla-lista-propozycji-ostateczna-decyzje-podejma-radni\\\/\"},\"author\":{\"name\":\"Micha\u0142 Szewczyk\",\"@id\":\"https:\\\/\\\/www.24gliwice.pl\\\/wiadomosci\\\/#\\\/schema\\\/person\\\/940e8f8a097e322de4f463f061ef8d45\"},\"headline\":\"Jak nazwa\u0107 skwer nad DT\u015a? Ruszy\u0142a lista propozycji, ostateczn\u0105 decyzj\u0119 podejm\u0105 radni\",\"datePublished\":\"2022-04-27T03:59:13+00:00\",\"mainEntityOfPage\":{\"@id\":\"https:\\\/\\\/www.24gliwice.pl\\\/wiadomosci\\\/jak-nazwac-skwer-nad-dts-ruszyla-lista-propozycji-ostateczna-decyzje-podejma-radni\\\/\"},\"wordCount\":638,\"commentCount\":0,\"publisher\":{\"@id\":\"https:\\\/\\\/www.24gliwice.pl\\\/wiadomosci\\\/#organization\"},\"image\":{\"@id\":\"https:\\\/\\\/www.24gliwice.pl\\\/wiadomosci\\\/jak-nazwac-skwer-nad-dts-ruszyla-lista-propozycji-ostateczna-decyzje-podejma-radni\\\/#primaryimage\"},\"thumbnailUrl\":\"https:\\\/\\\/www.24gliwice.pl\\\/wiadomosci\\\/wp-content\\\/uploads\\\/2021\\\/10\\\/skwer-dts-13.jpg\",\"articleSection\":[\"Gliwice\",\"Najnowsze wiadomo\u015bci\",\"Portal Gliwice - Wiadomo\u015bci lokalne\",\"Samorz\u0105d, polityka\"],\"inLanguage\":\"pl-PL\",\"potentialAction\":[{\"@type\":\"CommentAction\",\"name\":\"Comment\",\"target\":[\"https:\\\/\\\/www.24gliwice.pl\\\/wiadomosci\\\/jak-nazwac-skwer-nad-dts-ruszyla-lista-propozycji-ostateczna-decyzje-podejma-radni\\\/#respond\"]}]},{\"@type\":\"WebPage\",\"@id\":\"https:\\\/\\\/www.24gliwice.pl\\\/wiadomosci\\\/jak-nazwac-skwer-nad-dts-ruszyla-lista-propozycji-ostateczna-decyzje-podejma-radni\\\/\",\"url\":\"https:\\\/\\\/www.24gliwice.pl\\\/wiadomosci\\\/jak-nazwac-skwer-nad-dts-ruszyla-lista-propozycji-ostateczna-decyzje-podejma-radni\\\/\",\"name\":\"Jak nazwa\u0107 skwer nad DT\u015a? Ruszy\u0142a lista propozycji, ostateczn\u0105 decyzj\u0119 podejm\u0105 radni - 24GLIWICE - Portal Gliwice | codziennie nowe informacje\",\"isPartOf\":{\"@id\":\"https:\\\/\\\/www.24gliwice.pl\\\/wiadomosci\\\/#website\"},\"primaryImageOfPage\":{\"@id\":\"https:\\\/\\\/www.24gliwice.pl\\\/wiadomosci\\\/jak-nazwac-skwer-nad-dts-ruszyla-lista-propozycji-ostateczna-decyzje-podejma-radni\\\/#primaryimage\"},\"image\":{\"@id\":\"https:\\\/\\\/www.24gliwice.pl\\\/wiadomosci\\\/jak-nazwac-skwer-nad-dts-ruszyla-lista-propozycji-ostateczna-decyzje-podejma-radni\\\/#primaryimage\"},\"thumbnailUrl\":\"https:\\\/\\\/www.24gliwice.pl\\\/wiadomosci\\\/wp-content\\\/uploads\\\/2021\\\/10\\\/skwer-dts-13.jpg\",\"datePublished\":\"2022-04-27T03:59:13+00:00\",\"breadcrumb\":{\"@id\":\"https:\\\/\\\/www.24gliwice.pl\\\/wiadomosci\\\/jak-nazwac-skwer-nad-dts-ruszyla-lista-propozycji-ostateczna-decyzje-podejma-radni\\\/#breadcrumb\"},\"inLanguage\":\"pl-PL\",\"potentialAction\":[{\"@type\":\"ReadAction\",\"target\":[\"https:\\\/\\\/www.24gliwice.pl\\\/wiadomosci\\\/jak-nazwac-skwer-nad-dts-ruszyla-lista-propozycji-ostateczna-decyzje-podejma-radni\\\/\"]}]},{\"@type\":\"ImageObject\",\"inLanguage\":\"pl-PL\",\"@id\":\"https:\\\/\\\/www.24gliwice.pl\\\/wiadomosci\\\/jak-nazwac-skwer-nad-dts-ruszyla-lista-propozycji-ostateczna-decyzje-podejma-radni\\\/#primaryimage\",\"url\":\"https:\\\/\\\/www.24gliwice.pl\\\/wiadomosci\\\/wp-content\\\/uploads\\\/2021\\\/10\\\/skwer-dts-13.jpg\",\"contentUrl\":\"https:\\\/\\\/www.24gliwice.pl\\\/wiadomosci\\\/wp-content\\\/uploads\\\/2021\\\/10\\\/skwer-dts-13.jpg\",\"width\":810,\"height\":457},{\"@type\":\"BreadcrumbList\",\"@id\":\"https:\\\/\\\/www.24gliwice.pl\\\/wiadomosci\\\/jak-nazwac-skwer-nad-dts-ruszyla-lista-propozycji-ostateczna-decyzje-podejma-radni\\\/#breadcrumb\",\"itemListElement\":[{\"@type\":\"ListItem\",\"position\":1,\"name\":\"Strona g\u0142\u00f3wna\",\"item\":\"https:\\\/\\\/www.24gliwice.pl\\\/wiadomosci\\\/\"},{\"@type\":\"ListItem\",\"position\":2,\"name\":\"Jak nazwa\u0107 skwer nad DT\u015a? Ruszy\u0142a lista propozycji, ostateczn\u0105 decyzj\u0119 podejm\u0105 radni\"}]},{\"@type\":\"WebSite\",\"@id\":\"https:\\\/\\\/www.24gliwice.pl\\\/wiadomosci\\\/#website\",\"url\":\"https:\\\/\\\/www.24gliwice.pl\\\/wiadomosci\\\/\",\"name\":\"24GLIWICE - Portal Gliwice | codziennie nowe wiadomo\u015bci\",\"description\":\"Portal Miejski Gliwice\",\"publisher\":{\"@id\":\"https:\\\/\\\/www.24gliwice.pl\\\/wiadomosci\\\/#organization\"},\"potentialAction\":[{\"@type\":\"SearchAction\",\"target\":{\"@type\":\"EntryPoint\",\"urlTemplate\":\"https:\\\/\\\/www.24gliwice.pl\\\/wiadomosci\\\/?s={search_term_string}\"},\"query-input\":{\"@type\":\"PropertyValueSpecification\",\"valueRequired\":true,\"valueName\":\"search_term_string\"}}],\"inLanguage\":\"pl-PL\"},{\"@type\":\"Organization\",\"@id\":\"https:\\\/\\\/www.24gliwice.pl\\\/wiadomosci\\\/#organization\",\"name\":\"24gliwice\",\"url\":\"https:\\\/\\\/www.24gliwice.pl\\\/wiadomosci\\\/\",\"logo\":{\"@type\":\"ImageObject\",\"inLanguage\":\"pl-PL\",\"@id\":\"https:\\\/\\\/www.24gliwice.pl\\\/wiadomosci\\\/#\\\/schema\\\/logo\\\/image\\\/\",\"url\":\"https:\\\/\\\/www.24gliwice.pl\\\/wiadomosci\\\/wp-content\\\/uploads\\\/2024\\\/10\\\/24gliwice-logo-696.jpg\",\"contentUrl\":\"https:\\\/\\\/www.24gliwice.pl\\\/wiadomosci\\\/wp-content\\\/uploads\\\/2024\\\/10\\\/24gliwice-logo-696.jpg\",\"width\":696,\"height\":696,\"caption\":\"24gliwice\"},\"image\":{\"@id\":\"https:\\\/\\\/www.24gliwice.pl\\\/wiadomosci\\\/#\\\/schema\\\/logo\\\/image\\\/\"},\"sameAs\":[\"https:\\\/\\\/www.facebook.com\\\/24gliwice\",\"https:\\\/\\\/x.com\\\/24gliwice\",\"https:\\\/\\\/www.youtube.com\\\/@24gliwice\"]},{\"@type\":\"Person\",\"@id\":\"https:\\\/\\\/www.24gliwice.pl\\\/wiadomosci\\\/#\\\/schema\\\/person\\\/940e8f8a097e322de4f463f061ef8d45\",\"name\":\"Micha\u0142 Szewczyk\",\"image\":{\"@type\":\"ImageObject\",\"inLanguage\":\"pl-PL\",\"@id\":\"https:\\\/\\\/www.24gliwice.pl\\\/wiadomosci\\\/wp-content\\\/litespeed\\\/avatar\\\/137ca358618d26b52e62930ff8ce0eb6.jpg?ver=1776985283\",\"url\":\"https:\\\/\\\/www.24gliwice.pl\\\/wiadomosci\\\/wp-content\\\/litespeed\\\/avatar\\\/137ca358618d26b52e62930ff8ce0eb6.jpg?ver=1776985283\",\"contentUrl\":\"https:\\\/\\\/www.24gliwice.pl\\\/wiadomosci\\\/wp-content\\\/litespeed\\\/avatar\\\/137ca358618d26b52e62930ff8ce0eb6.jpg?ver=1776985283\",\"caption\":\"Micha\u0142 Szewczyk\"},\"sameAs\":[\"http:\\\/\\\/www.gazeta-miejska.pl\"],\"url\":\"https:\\\/\\\/www.24gliwice.pl\\\/wiadomosci\\\/author\\\/michal-szewczyk\\\/\"}]}<\/script>\n<!-- \/ Yoast SEO plugin. -->","yoast_head_json":{"title":"Jak nazwa\u0107 skwer nad DT\u015a? Ruszy\u0142a lista propozycji, ostateczn\u0105 decyzj\u0119 podejm\u0105 radni - 24GLIWICE - Portal Gliwice | codziennie nowe informacje","robots":{"index":"index","follow":"follow","max-snippet":"max-snippet:-1","max-image-preview":"max-image-preview:large","max-video-preview":"max-video-preview:-1"},"canonical":"https:\/\/www.24gliwice.pl\/wiadomosci\/jak-nazwac-skwer-nad-dts-ruszyla-lista-propozycji-ostateczna-decyzje-podejma-radni\/","og_locale":"pl_PL","og_type":"article","og_title":"Jak nazwa\u0107 skwer nad DT\u015a? Ruszy\u0142a lista propozycji, ostateczn\u0105 decyzj\u0119 podejm\u0105 radni - 24GLIWICE - Portal Gliwice | codziennie nowe informacje","og_description":"&#8220;Skwer nad DT\u015a&#8221; wkr\u00f3tce otrzyma swoj\u0105 docelow\u0105 nazw\u0119. Warto zadba\u0107, by jej ostateczny wyb\u00f3r uwzgl\u0119dnia\u0142 histori\u0119 tego miejsca, ale te\u017c oczekiwania mieszka\u0144c\u00f3w. &nbsp; W ostatnich latach w Gliwicach za spraw\u0105 ustawy dekomunizacyjnej pojawi\u0142o si\u0119 kilkana\u015bcie nowych patron\u00f3w ulic. Wi\u0119kszo\u015b\u0107 nowych nazw zosta\u0142a jednak wskazana arbitralnie przez wojewod\u0119 \u015bl\u0105skiego, bez konsultacji z mieszka\u0144cami Gliwic (cho\u0107 cz\u0119\u015b\u0107 [&hellip;]","og_url":"https:\/\/www.24gliwice.pl\/wiadomosci\/jak-nazwac-skwer-nad-dts-ruszyla-lista-propozycji-ostateczna-decyzje-podejma-radni\/","og_site_name":"24GLIWICE - Portal Gliwice | codziennie nowe informacje","article_publisher":"https:\/\/www.facebook.com\/24gliwice","article_published_time":"2022-04-27T03:59:13+00:00","og_image":[{"width":810,"height":457,"url":"https:\/\/www.24gliwice.pl\/wiadomosci\/wp-content\/uploads\/2021\/10\/skwer-dts-13.jpg","type":"image\/jpeg"}],"author":"Micha\u0142 Szewczyk","twitter_card":"summary_large_image","twitter_creator":"@24gliwice","twitter_site":"@24gliwice","twitter_misc":{"Napisane przez":"Micha\u0142 Szewczyk","Szacowany czas czytania":"4 minuty"},"schema":{"@context":"https:\/\/schema.org","@graph":[{"@type":"Article","@id":"https:\/\/www.24gliwice.pl\/wiadomosci\/jak-nazwac-skwer-nad-dts-ruszyla-lista-propozycji-ostateczna-decyzje-podejma-radni\/#article","isPartOf":{"@id":"https:\/\/www.24gliwice.pl\/wiadomosci\/jak-nazwac-skwer-nad-dts-ruszyla-lista-propozycji-ostateczna-decyzje-podejma-radni\/"},"author":{"name":"Micha\u0142 Szewczyk","@id":"https:\/\/www.24gliwice.pl\/wiadomosci\/#\/schema\/person\/940e8f8a097e322de4f463f061ef8d45"},"headline":"Jak nazwa\u0107 skwer nad DT\u015a? Ruszy\u0142a lista propozycji, ostateczn\u0105 decyzj\u0119 podejm\u0105 radni","datePublished":"2022-04-27T03:59:13+00:00","mainEntityOfPage":{"@id":"https:\/\/www.24gliwice.pl\/wiadomosci\/jak-nazwac-skwer-nad-dts-ruszyla-lista-propozycji-ostateczna-decyzje-podejma-radni\/"},"wordCount":638,"commentCount":0,"publisher":{"@id":"https:\/\/www.24gliwice.pl\/wiadomosci\/#organization"},"image":{"@id":"https:\/\/www.24gliwice.pl\/wiadomosci\/jak-nazwac-skwer-nad-dts-ruszyla-lista-propozycji-ostateczna-decyzje-podejma-radni\/#primaryimage"},"thumbnailUrl":"https:\/\/www.24gliwice.pl\/wiadomosci\/wp-content\/uploads\/2021\/10\/skwer-dts-13.jpg","articleSection":["Gliwice","Najnowsze wiadomo\u015bci","Portal Gliwice - Wiadomo\u015bci lokalne","Samorz\u0105d, polityka"],"inLanguage":"pl-PL","potentialAction":[{"@type":"CommentAction","name":"Comment","target":["https:\/\/www.24gliwice.pl\/wiadomosci\/jak-nazwac-skwer-nad-dts-ruszyla-lista-propozycji-ostateczna-decyzje-podejma-radni\/#respond"]}]},{"@type":"WebPage","@id":"https:\/\/www.24gliwice.pl\/wiadomosci\/jak-nazwac-skwer-nad-dts-ruszyla-lista-propozycji-ostateczna-decyzje-podejma-radni\/","url":"https:\/\/www.24gliwice.pl\/wiadomosci\/jak-nazwac-skwer-nad-dts-ruszyla-lista-propozycji-ostateczna-decyzje-podejma-radni\/","name":"Jak nazwa\u0107 skwer nad DT\u015a? Ruszy\u0142a lista propozycji, ostateczn\u0105 decyzj\u0119 podejm\u0105 radni - 24GLIWICE - Portal Gliwice | codziennie nowe informacje","isPartOf":{"@id":"https:\/\/www.24gliwice.pl\/wiadomosci\/#website"},"primaryImageOfPage":{"@id":"https:\/\/www.24gliwice.pl\/wiadomosci\/jak-nazwac-skwer-nad-dts-ruszyla-lista-propozycji-ostateczna-decyzje-podejma-radni\/#primaryimage"},"image":{"@id":"https:\/\/www.24gliwice.pl\/wiadomosci\/jak-nazwac-skwer-nad-dts-ruszyla-lista-propozycji-ostateczna-decyzje-podejma-radni\/#primaryimage"},"thumbnailUrl":"https:\/\/www.24gliwice.pl\/wiadomosci\/wp-content\/uploads\/2021\/10\/skwer-dts-13.jpg","datePublished":"2022-04-27T03:59:13+00:00","breadcrumb":{"@id":"https:\/\/www.24gliwice.pl\/wiadomosci\/jak-nazwac-skwer-nad-dts-ruszyla-lista-propozycji-ostateczna-decyzje-podejma-radni\/#breadcrumb"},"inLanguage":"pl-PL","potentialAction":[{"@type":"ReadAction","target":["https:\/\/www.24gliwice.pl\/wiadomosci\/jak-nazwac-skwer-nad-dts-ruszyla-lista-propozycji-ostateczna-decyzje-podejma-radni\/"]}]},{"@type":"ImageObject","inLanguage":"pl-PL","@id":"https:\/\/www.24gliwice.pl\/wiadomosci\/jak-nazwac-skwer-nad-dts-ruszyla-lista-propozycji-ostateczna-decyzje-podejma-radni\/#primaryimage","url":"https:\/\/www.24gliwice.pl\/wiadomosci\/wp-content\/uploads\/2021\/10\/skwer-dts-13.jpg","contentUrl":"https:\/\/www.24gliwice.pl\/wiadomosci\/wp-content\/uploads\/2021\/10\/skwer-dts-13.jpg","width":810,"height":457},{"@type":"BreadcrumbList","@id":"https:\/\/www.24gliwice.pl\/wiadomosci\/jak-nazwac-skwer-nad-dts-ruszyla-lista-propozycji-ostateczna-decyzje-podejma-radni\/#breadcrumb","itemListElement":[{"@type":"ListItem","position":1,"name":"Strona g\u0142\u00f3wna","item":"https:\/\/www.24gliwice.pl\/wiadomosci\/"},{"@type":"ListItem","position":2,"name":"Jak nazwa\u0107 skwer nad DT\u015a? Ruszy\u0142a lista propozycji, ostateczn\u0105 decyzj\u0119 podejm\u0105 radni"}]},{"@type":"WebSite","@id":"https:\/\/www.24gliwice.pl\/wiadomosci\/#website","url":"https:\/\/www.24gliwice.pl\/wiadomosci\/","name":"24GLIWICE - Portal Gliwice | codziennie nowe wiadomo\u015bci","description":"Portal Miejski Gliwice","publisher":{"@id":"https:\/\/www.24gliwice.pl\/wiadomosci\/#organization"},"potentialAction":[{"@type":"SearchAction","target":{"@type":"EntryPoint","urlTemplate":"https:\/\/www.24gliwice.pl\/wiadomosci\/?s={search_term_string}"},"query-input":{"@type":"PropertyValueSpecification","valueRequired":true,"valueName":"search_term_string"}}],"inLanguage":"pl-PL"},{"@type":"Organization","@id":"https:\/\/www.24gliwice.pl\/wiadomosci\/#organization","name":"24gliwice","url":"https:\/\/www.24gliwice.pl\/wiadomosci\/","logo":{"@type":"ImageObject","inLanguage":"pl-PL","@id":"https:\/\/www.24gliwice.pl\/wiadomosci\/#\/schema\/logo\/image\/","url":"https:\/\/www.24gliwice.pl\/wiadomosci\/wp-content\/uploads\/2024\/10\/24gliwice-logo-696.jpg","contentUrl":"https:\/\/www.24gliwice.pl\/wiadomosci\/wp-content\/uploads\/2024\/10\/24gliwice-logo-696.jpg","width":696,"height":696,"caption":"24gliwice"},"image":{"@id":"https:\/\/www.24gliwice.pl\/wiadomosci\/#\/schema\/logo\/image\/"},"sameAs":["https:\/\/www.facebook.com\/24gliwice","https:\/\/x.com\/24gliwice","https:\/\/www.youtube.com\/@24gliwice"]},{"@type":"Person","@id":"https:\/\/www.24gliwice.pl\/wiadomosci\/#\/schema\/person\/940e8f8a097e322de4f463f061ef8d45","name":"Micha\u0142 Szewczyk","image":{"@type":"ImageObject","inLanguage":"pl-PL","@id":"https:\/\/www.24gliwice.pl\/wiadomosci\/wp-content\/litespeed\/avatar\/137ca358618d26b52e62930ff8ce0eb6.jpg?ver=1776985283","url":"https:\/\/www.24gliwice.pl\/wiadomosci\/wp-content\/litespeed\/avatar\/137ca358618d26b52e62930ff8ce0eb6.jpg?ver=1776985283","contentUrl":"https:\/\/www.24gliwice.pl\/wiadomosci\/wp-content\/litespeed\/avatar\/137ca358618d26b52e62930ff8ce0eb6.jpg?ver=1776985283","caption":"Micha\u0142 Szewczyk"},"sameAs":["http:\/\/www.gazeta-miejska.pl"],"url":"https:\/\/www.24gliwice.pl\/wiadomosci\/author\/michal-szewczyk\/"}]}},"_links":{"self":[{"href":"https:\/\/www.24gliwice.pl\/wiadomosci\/wp-json\/wp\/v2\/posts\/191148","targetHints":{"allow":["GET"]}}],"collection":[{"href":"https:\/\/www.24gliwice.pl\/wiadomosci\/wp-json\/wp\/v2\/posts"}],"about":[{"href":"https:\/\/www.24gliwice.pl\/wiadomosci\/wp-json\/wp\/v2\/types\/post"}],"author":[{"embeddable":true,"href":"https:\/\/www.24gliwice.pl\/wiadomosci\/wp-json\/wp\/v2\/users\/12"}],"replies":[{"embeddable":true,"href":"https:\/\/www.24gliwice.pl\/wiadomosci\/wp-json\/wp\/v2\/comments?post=191148"}],"version-history":[{"count":6,"href":"https:\/\/www.24gliwice.pl\/wiadomosci\/wp-json\/wp\/v2\/posts\/191148\/revisions"}],"predecessor-version":[{"id":191210,"href":"https:\/\/www.24gliwice.pl\/wiadomosci\/wp-json\/wp\/v2\/posts\/191148\/revisions\/191210"}],"wp:featuredmedia":[{"embeddable":true,"href":"https:\/\/www.24gliwice.pl\/wiadomosci\/wp-json\/wp\/v2\/media\/179496"}],"wp:attachment":[{"href":"https:\/\/www.24gliwice.pl\/wiadomosci\/wp-json\/wp\/v2\/media?parent=191148"}],"wp:term":[{"taxonomy":"category","embeddable":true,"href":"https:\/\/www.24gliwice.pl\/wiadomosci\/wp-json\/wp\/v2\/categories?post=191148"},{"taxonomy":"post_tag","embeddable":true,"href":"https:\/\/www.24gliwice.pl\/wiadomosci\/wp-json\/wp\/v2\/tags?post=191148"}],"curies":[{"name":"wp","href":"https:\/\/api.w.org\/{rel}","templated":true}]}}