{"id":191198,"date":"2022-04-26T22:52:25","date_gmt":"2022-04-26T20:52:25","guid":{"rendered":"https:\/\/www.24gliwice.pl\/wiadomosci\/?p=191198"},"modified":"2022-04-26T22:55:42","modified_gmt":"2022-04-26T20:55:42","slug":"tydzien-na-czterech-lapkach-w-forum","status":"publish","type":"post","link":"https:\/\/www.24gliwice.pl\/wiadomosci\/tydzien-na-czterech-lapkach-w-forum\/","title":{"rendered":"Tydzie\u0144 na czterech \u0142apkach w Forum. Na scenie g\u0142\u00f3wnej foto wystawa ps\u00f3w do adopcji"},"content":{"rendered":"<div class=\"gliwi-a6-nad-leadem-artykulow gliwi-entity-placement\" id=\"gliwi-2419541738\"><div class=\"gliwi-adlabel\"><span style=\"font-size: 9px\">REKLAMA<\/span><\/div><div id=\"gliwi-3417317157\" style=\"margin-bottom: 30px;margin-left: auto;margin-right: auto;text-align: center;\"><a data-no-instant=\"1\" href=\"https:\/\/przedszkole.halogen.org.pl\/\" rel=\"noopener\" class=\"a2t-link\" target=\"_blank\" aria-label=\"20260402-ANIMATOR-przedszkole_grafika_750x200\"><img loading=\"lazy\" decoding=\"async\" src=\"https:\/\/www.24gliwice.pl\/wiadomosci\/wp-content\/uploads\/2026\/04\/20260402-ANIMATOR-przedszkole_grafika_750x200.webp\" alt=\"\"  srcset=\"https:\/\/www.24gliwice.pl\/wiadomosci\/wp-content\/uploads\/2026\/04\/20260402-ANIMATOR-przedszkole_grafika_750x200.webp 750w, https:\/\/www.24gliwice.pl\/wiadomosci\/wp-content\/uploads\/2026\/04\/20260402-ANIMATOR-przedszkole_grafika_750x200-410x109.webp 410w\" sizes=\"(max-width: 750px) 100vw, 750px\" class=\"no-lazyload\" width=\"750\" height=\"200\"  style=\"display: inline-block; max-width: 100%; height: auto;\" \/><\/a><\/div><\/div><h2>W CH FORUM trwa Tydzie\u0144 na\u00a0czterech \u0142apkach. Gliwickie centrum dedykuje go wszystkim mi\u0142o\u015bnikom ps\u00f3w. <\/h2>\n<p>&nbsp;<br \/>\nPrezentowana jest wystawa czworonog\u00f3w oczekuj\u0105cych na adopcj\u0119, dzia\u0142a te\u017c zbi\u00f3rka dar\u00f3w dla miejscowego schroniska. Kulminacj\u0105 Tygodnia b\u0119dzie sobotnie (30 kwietnia) wydarzenie, pe\u0142ne atrakcji, dobrej energii i\u00a0weso\u0142ych szczekni\u0119\u0107. Towarzystwo pupili mile widziane.<\/p>\n<p><strong>Z wystaw\u0105 fotograficzn\u0105 piesk\u00f3w\u00a0gotowych do\u00a0adopcji mo\u017cna zapozna\u0107 si\u0119 na scenie g\u0142\u00f3wnej CH FORUM.<\/strong> Prezentowane zdj\u0119cia powsta\u0142y podczas dedykowanej akcji sesji zdj\u0119ciowej w\u00a0gliwickim\u00a0Schronisku dla Zwierz\u0105t.<\/p><div class=\"gliwi-a3-w-tresci-artykulow gliwi-entity-placement\" id=\"gliwi-227668735\"><div class=\"gliwi-adlabel\"><span style=\"font-size: 9px\">REKLAMA<\/span><\/div><div id=\"gliwi-3538209567\" style=\"margin-bottom: 30px;margin-left: auto;margin-right: auto;text-align: center;\"><a data-no-instant=\"1\" href=\"https:\/\/zlobek.halogen.org.pl\/\" rel=\"noopener\" class=\"a2t-link\" target=\"_blank\" aria-label=\"animator-zlobek_750x200\"><img loading=\"lazy\" decoding=\"async\" src=\"https:\/\/www.24gliwice.pl\/wiadomosci\/wp-content\/uploads\/2026\/02\/animator-zlobek_750x200.webp\" alt=\"\"  srcset=\"https:\/\/www.24gliwice.pl\/wiadomosci\/wp-content\/uploads\/2026\/02\/animator-zlobek_750x200.webp 750w, https:\/\/www.24gliwice.pl\/wiadomosci\/wp-content\/uploads\/2026\/02\/animator-zlobek_750x200-410x109.webp 410w\" sizes=\"(max-width: 750px) 100vw, 750px\" class=\"no-lazyload\" width=\"750\" height=\"200\"  style=\"display: inline-block; max-width: 100%; height: auto;\" \/><\/a><\/div><\/div>\n<p><a href=\"https:\/\/www.24gliwice.pl\/wiadomosci\/wp-content\/uploads\/2022\/04\/pieski-forum2.jpg\"><img loading=\"lazy\" decoding=\"async\" src=\"https:\/\/www.24gliwice.pl\/wiadomosci\/wp-content\/uploads\/2022\/04\/pieski-forum2.jpg\" alt=\"\" width=\"810\" height=\"779\" class=\"aligncenter size-full wp-image-191204\" srcset=\"https:\/\/www.24gliwice.pl\/wiadomosci\/wp-content\/uploads\/2022\/04\/pieski-forum2.jpg 810w, https:\/\/www.24gliwice.pl\/wiadomosci\/wp-content\/uploads\/2022\/04\/pieski-forum2-241x232.jpg 241w, https:\/\/www.24gliwice.pl\/wiadomosci\/wp-content\/uploads\/2022\/04\/pieski-forum2-473x455.jpg 473w, https:\/\/www.24gliwice.pl\/wiadomosci\/wp-content\/uploads\/2022\/04\/pieski-forum2-768x739.jpg 768w\" sizes=\"auto, (max-width: 810px) 100vw, 810px\" \/><\/a><\/p>\n<p>Na jego rzecz mo\u017cna tak\u017ce do soboty przynosi\u0107\u00a0dary niezb\u0119dne w\u00a0utrzymaniu podopiecznych schroniska. Mile widziane s\u0105 karma i\u00a0smaczki dla ps\u00f3w i\u00a0kot\u00f3w, a\u00a0tak\u017ce koce oraz poduszki. Zbi\u00f3rka jest prowadzona przy scenie g\u0142\u00f3wnej w\u00a0godz. 12:00 \u2013 20:00.<\/p>\n<h4>Kulminacj\u0105 Tygodnia na\u00a0czterech \u0142apkach b\u0119dzie sobotnie wydarzenie (30 kwietnia), pe\u0142ne dobrej energii i\u00a0weso\u0142ych szczekni\u0119\u0107. Rozpocznie si\u0119 ono o godz. 12:00 i potrwa do\u00a0godz. 17:00.<\/h4>\n<p>&nbsp;<\/p>\n<p>CH FORUM zach\u0119ca do udzia\u0142u w nim razem z czworono\u017cnymi pupilami! <strong>Do\u00a0dyspozycji go\u015bci b\u0119dzie strefa dla zwierz\u0105t z\u00a0torem przeszk\u00f3d oraz strefa foto, gdzie b\u0119dzie mo\u017cna pstrykn\u0105\u0107 sobie pami\u0105tkowe zdj\u0119cie.<\/strong> To zdecydowanie impreza dla ca\u0142ych rodzin, gdy\u017c dla maluch\u00f3w centrum przygotowa\u0142o warsztaty, oczywi\u015bcie o\u00a0psiej tematyce. <strong>W sobot\u0119 b\u0119dzie tak\u017ce okazja do skorzystania z\u00a0konsultacji z\u00a0behawioryst\u0105.<\/strong><\/p>\n<p>W\u00a0CH FORUM posiadacze ps\u00f3w mog\u0105 korzysta\u0107 ze\u00a0strefy gastro przyjaznej pupilom.\u00a0Znajduje si\u0119 ona w\u00a0tylnej\u00a0cz\u0119\u015bci sekcji restauracyjnej\u00a0na poziomie +1.<\/p>\n<div class=\"gliwi-a5-na-koncu-artykulow gliwi-entity-placement\" id=\"gliwi-2904160888\"><div class=\"gliwi-adlabel\"><span style=\"font-size: 9px\">REKLAMA<\/span><\/div><div id=\"gliwi-2017751891\" style=\"margin-left: auto;margin-right: auto;text-align: center;\"><a data-no-instant=\"1\" href=\"https:\/\/www.jasek.pl\/\" rel=\"noopener\" class=\"a2t-link\" target=\"_blank\" aria-label=\"20200401-jasek 600\"><img loading=\"lazy\" decoding=\"async\" src=\"https:\/\/www.24gliwice.pl\/wiadomosci\/wp-content\/uploads\/2020\/04\/20200401-jasek-600.jpg\" alt=\"\"  srcset=\"https:\/\/www.24gliwice.pl\/wiadomosci\/wp-content\/uploads\/2020\/04\/20200401-jasek-600.jpg 600w, https:\/\/www.24gliwice.pl\/wiadomosci\/wp-content\/uploads\/2020\/04\/20200401-jasek-600-410x109.jpg 410w\" sizes=\"(max-width: 600px) 100vw, 600px\" class=\"no-lazyload\" width=\"600\" height=\"160\"  style=\"display: inline-block; max-width: 100%; height: auto;\" \/><\/a><\/div><\/div>","protected":false},"excerpt":{"rendered":"<p>W CH FORUM trwa Tydzie\u0144 na\u00a0czterech \u0142apkach. Gliwickie centrum dedykuje go wszystkim mi\u0142o\u015bnikom ps\u00f3w. &nbsp; Prezentowana jest wystawa czworonog\u00f3w oczekuj\u0105cych na adopcj\u0119, dzia\u0142a te\u017c zbi\u00f3rka dar\u00f3w dla miejscowego schroniska. Kulminacj\u0105 Tygodnia b\u0119dzie sobotnie (30 kwietnia) wydarzenie, pe\u0142ne atrakcji, dobrej energii i\u00a0weso\u0142ych szczekni\u0119\u0107. Towarzystwo pupili mile widziane. Z wystaw\u0105 fotograficzn\u0105 piesk\u00f3w\u00a0gotowych do\u00a0adopcji mo\u017cna zapozna\u0107 si\u0119 na [&hellip;]<\/p>\n","protected":false},"author":4,"featured_media":191203,"comment_status":"closed","ping_status":"closed","sticky":false,"template":"","format":"standard","meta":{"_monsterinsights_skip_tracking":false,"_monsterinsights_sitenote_active":false,"_monsterinsights_sitenote_note":"","_monsterinsights_sitenote_category":0,"footnotes":"","_links_to":"","_links_to_target":""},"categories":[3,6,1],"tags":[2198,6473],"class_list":["post-191198","post","type-post","status-publish","format-standard","has-post-thumbnail","hentry","category-gliwice","category-kultura","category-wszystko","tag-forum","tag-wystawa-psow"],"yoast_head":"<!-- This site is optimized with the Yoast SEO plugin v27.4 - https:\/\/yoast.com\/product\/yoast-seo-wordpress\/ -->\n<title>Tydzie\u0144 na czterech \u0142apkach w Forum. Na scenie g\u0142\u00f3wnej foto wystawa ps\u00f3w do adopcji - 24GLIWICE - Portal Gliwice | codziennie nowe informacje<\/title>\n<meta name=\"robots\" content=\"index, follow, max-snippet:-1, max-image-preview:large, max-video-preview:-1\" \/>\n<link rel=\"canonical\" href=\"https:\/\/www.24gliwice.pl\/wiadomosci\/tydzien-na-czterech-lapkach-w-forum\/\" \/>\n<meta property=\"og:locale\" content=\"pl_PL\" \/>\n<meta property=\"og:type\" content=\"article\" \/>\n<meta property=\"og:title\" content=\"Tydzie\u0144 na czterech \u0142apkach w Forum. Na scenie g\u0142\u00f3wnej foto wystawa ps\u00f3w do adopcji - 24GLIWICE - Portal Gliwice | codziennie nowe informacje\" \/>\n<meta property=\"og:description\" content=\"W CH FORUM trwa Tydzie\u0144 na\u00a0czterech \u0142apkach. Gliwickie centrum dedykuje go wszystkim mi\u0142o\u015bnikom ps\u00f3w. &nbsp; Prezentowana jest wystawa czworonog\u00f3w oczekuj\u0105cych na adopcj\u0119, dzia\u0142a te\u017c zbi\u00f3rka dar\u00f3w dla miejscowego schroniska. Kulminacj\u0105 Tygodnia b\u0119dzie sobotnie (30 kwietnia) wydarzenie, pe\u0142ne atrakcji, dobrej energii i\u00a0weso\u0142ych szczekni\u0119\u0107. Towarzystwo pupili mile widziane. Z wystaw\u0105 fotograficzn\u0105 piesk\u00f3w\u00a0gotowych do\u00a0adopcji mo\u017cna zapozna\u0107 si\u0119 na [&hellip;]\" \/>\n<meta property=\"og:url\" content=\"https:\/\/www.24gliwice.pl\/wiadomosci\/tydzien-na-czterech-lapkach-w-forum\/\" \/>\n<meta property=\"og:site_name\" content=\"24GLIWICE - Portal Gliwice | codziennie nowe informacje\" \/>\n<meta property=\"article:publisher\" content=\"https:\/\/www.facebook.com\/24gliwice\" \/>\n<meta property=\"article:author\" content=\"https:\/\/www.facebook.com\/marcin.fabrykowski\" \/>\n<meta property=\"article:published_time\" content=\"2022-04-26T20:52:25+00:00\" \/>\n<meta property=\"article:modified_time\" content=\"2022-04-26T20:55:42+00:00\" \/>\n<meta property=\"og:image\" content=\"https:\/\/www.24gliwice.pl\/wiadomosci\/wp-content\/uploads\/2022\/04\/pieski-forum.jpg\" \/>\n\t<meta property=\"og:image:width\" content=\"810\" \/>\n\t<meta property=\"og:image:height\" content=\"456\" \/>\n\t<meta property=\"og:image:type\" content=\"image\/jpeg\" \/>\n<meta name=\"author\" content=\"Marcin Fabrykowski\" \/>\n<meta name=\"twitter:card\" content=\"summary_large_image\" \/>\n<meta name=\"twitter:creator\" content=\"@24gliwice\" \/>\n<meta name=\"twitter:site\" content=\"@24gliwice\" \/>\n<meta name=\"twitter:label1\" content=\"Napisane przez\" \/>\n\t<meta name=\"twitter:data1\" content=\"Marcin Fabrykowski\" \/>\n\t<meta name=\"twitter:label2\" content=\"Szacowany czas czytania\" \/>\n\t<meta name=\"twitter:data2\" content=\"1 minuta\" \/>\n<script type=\"application\/ld+json\" class=\"yoast-schema-graph\">{\"@context\":\"https:\\\/\\\/schema.org\",\"@graph\":[{\"@type\":\"Article\",\"@id\":\"https:\\\/\\\/www.24gliwice.pl\\\/wiadomosci\\\/tydzien-na-czterech-lapkach-w-forum\\\/#article\",\"isPartOf\":{\"@id\":\"https:\\\/\\\/www.24gliwice.pl\\\/wiadomosci\\\/tydzien-na-czterech-lapkach-w-forum\\\/\"},\"author\":{\"name\":\"Marcin Fabrykowski\",\"@id\":\"https:\\\/\\\/www.24gliwice.pl\\\/wiadomosci\\\/#\\\/schema\\\/person\\\/cb5857e4a4d048c15984c1edcc8ef0c0\"},\"headline\":\"Tydzie\u0144 na czterech \u0142apkach w Forum. Na scenie g\u0142\u00f3wnej foto wystawa ps\u00f3w do adopcji\",\"datePublished\":\"2022-04-26T20:52:25+00:00\",\"dateModified\":\"2022-04-26T20:55:42+00:00\",\"mainEntityOfPage\":{\"@id\":\"https:\\\/\\\/www.24gliwice.pl\\\/wiadomosci\\\/tydzien-na-czterech-lapkach-w-forum\\\/\"},\"wordCount\":281,\"publisher\":{\"@id\":\"https:\\\/\\\/www.24gliwice.pl\\\/wiadomosci\\\/#organization\"},\"image\":{\"@id\":\"https:\\\/\\\/www.24gliwice.pl\\\/wiadomosci\\\/tydzien-na-czterech-lapkach-w-forum\\\/#primaryimage\"},\"thumbnailUrl\":\"https:\\\/\\\/www.24gliwice.pl\\\/wiadomosci\\\/wp-content\\\/uploads\\\/2022\\\/04\\\/pieski-forum.jpg\",\"keywords\":[\"FORUM\",\"wystawa ps\u00f3w\"],\"articleSection\":[\"Gliwice\",\"Kultura, wydarzenia, imprezy\",\"Najnowsze wiadomo\u015bci\"],\"inLanguage\":\"pl-PL\"},{\"@type\":\"WebPage\",\"@id\":\"https:\\\/\\\/www.24gliwice.pl\\\/wiadomosci\\\/tydzien-na-czterech-lapkach-w-forum\\\/\",\"url\":\"https:\\\/\\\/www.24gliwice.pl\\\/wiadomosci\\\/tydzien-na-czterech-lapkach-w-forum\\\/\",\"name\":\"Tydzie\u0144 na czterech \u0142apkach w Forum. Na scenie g\u0142\u00f3wnej foto wystawa ps\u00f3w do adopcji - 24GLIWICE - Portal Gliwice | codziennie nowe informacje\",\"isPartOf\":{\"@id\":\"https:\\\/\\\/www.24gliwice.pl\\\/wiadomosci\\\/#website\"},\"primaryImageOfPage\":{\"@id\":\"https:\\\/\\\/www.24gliwice.pl\\\/wiadomosci\\\/tydzien-na-czterech-lapkach-w-forum\\\/#primaryimage\"},\"image\":{\"@id\":\"https:\\\/\\\/www.24gliwice.pl\\\/wiadomosci\\\/tydzien-na-czterech-lapkach-w-forum\\\/#primaryimage\"},\"thumbnailUrl\":\"https:\\\/\\\/www.24gliwice.pl\\\/wiadomosci\\\/wp-content\\\/uploads\\\/2022\\\/04\\\/pieski-forum.jpg\",\"datePublished\":\"2022-04-26T20:52:25+00:00\",\"dateModified\":\"2022-04-26T20:55:42+00:00\",\"breadcrumb\":{\"@id\":\"https:\\\/\\\/www.24gliwice.pl\\\/wiadomosci\\\/tydzien-na-czterech-lapkach-w-forum\\\/#breadcrumb\"},\"inLanguage\":\"pl-PL\",\"potentialAction\":[{\"@type\":\"ReadAction\",\"target\":[\"https:\\\/\\\/www.24gliwice.pl\\\/wiadomosci\\\/tydzien-na-czterech-lapkach-w-forum\\\/\"]}]},{\"@type\":\"ImageObject\",\"inLanguage\":\"pl-PL\",\"@id\":\"https:\\\/\\\/www.24gliwice.pl\\\/wiadomosci\\\/tydzien-na-czterech-lapkach-w-forum\\\/#primaryimage\",\"url\":\"https:\\\/\\\/www.24gliwice.pl\\\/wiadomosci\\\/wp-content\\\/uploads\\\/2022\\\/04\\\/pieski-forum.jpg\",\"contentUrl\":\"https:\\\/\\\/www.24gliwice.pl\\\/wiadomosci\\\/wp-content\\\/uploads\\\/2022\\\/04\\\/pieski-forum.jpg\",\"width\":810,\"height\":456},{\"@type\":\"BreadcrumbList\",\"@id\":\"https:\\\/\\\/www.24gliwice.pl\\\/wiadomosci\\\/tydzien-na-czterech-lapkach-w-forum\\\/#breadcrumb\",\"itemListElement\":[{\"@type\":\"ListItem\",\"position\":1,\"name\":\"Strona g\u0142\u00f3wna\",\"item\":\"https:\\\/\\\/www.24gliwice.pl\\\/wiadomosci\\\/\"},{\"@type\":\"ListItem\",\"position\":2,\"name\":\"Tydzie\u0144 na czterech \u0142apkach w Forum. Na scenie g\u0142\u00f3wnej foto wystawa ps\u00f3w do adopcji\"}]},{\"@type\":\"WebSite\",\"@id\":\"https:\\\/\\\/www.24gliwice.pl\\\/wiadomosci\\\/#website\",\"url\":\"https:\\\/\\\/www.24gliwice.pl\\\/wiadomosci\\\/\",\"name\":\"24GLIWICE - Portal Gliwice | codziennie nowe wiadomo\u015bci\",\"description\":\"Portal Miejski Gliwice\",\"publisher\":{\"@id\":\"https:\\\/\\\/www.24gliwice.pl\\\/wiadomosci\\\/#organization\"},\"potentialAction\":[{\"@type\":\"SearchAction\",\"target\":{\"@type\":\"EntryPoint\",\"urlTemplate\":\"https:\\\/\\\/www.24gliwice.pl\\\/wiadomosci\\\/?s={search_term_string}\"},\"query-input\":{\"@type\":\"PropertyValueSpecification\",\"valueRequired\":true,\"valueName\":\"search_term_string\"}}],\"inLanguage\":\"pl-PL\"},{\"@type\":\"Organization\",\"@id\":\"https:\\\/\\\/www.24gliwice.pl\\\/wiadomosci\\\/#organization\",\"name\":\"24gliwice\",\"url\":\"https:\\\/\\\/www.24gliwice.pl\\\/wiadomosci\\\/\",\"logo\":{\"@type\":\"ImageObject\",\"inLanguage\":\"pl-PL\",\"@id\":\"https:\\\/\\\/www.24gliwice.pl\\\/wiadomosci\\\/#\\\/schema\\\/logo\\\/image\\\/\",\"url\":\"https:\\\/\\\/www.24gliwice.pl\\\/wiadomosci\\\/wp-content\\\/uploads\\\/2024\\\/10\\\/24gliwice-logo-696.jpg\",\"contentUrl\":\"https:\\\/\\\/www.24gliwice.pl\\\/wiadomosci\\\/wp-content\\\/uploads\\\/2024\\\/10\\\/24gliwice-logo-696.jpg\",\"width\":696,\"height\":696,\"caption\":\"24gliwice\"},\"image\":{\"@id\":\"https:\\\/\\\/www.24gliwice.pl\\\/wiadomosci\\\/#\\\/schema\\\/logo\\\/image\\\/\"},\"sameAs\":[\"https:\\\/\\\/www.facebook.com\\\/24gliwice\",\"https:\\\/\\\/x.com\\\/24gliwice\",\"https:\\\/\\\/www.youtube.com\\\/@24gliwice\"]},{\"@type\":\"Person\",\"@id\":\"https:\\\/\\\/www.24gliwice.pl\\\/wiadomosci\\\/#\\\/schema\\\/person\\\/cb5857e4a4d048c15984c1edcc8ef0c0\",\"name\":\"Marcin Fabrykowski\",\"image\":{\"@type\":\"ImageObject\",\"inLanguage\":\"pl-PL\",\"@id\":\"https:\\\/\\\/www.24gliwice.pl\\\/wiadomosci\\\/wp-content\\\/uploads\\\/2025\\\/11\\\/zdjecie-moje-marcin-300-96x96.jpg\",\"url\":\"https:\\\/\\\/www.24gliwice.pl\\\/wiadomosci\\\/wp-content\\\/uploads\\\/2025\\\/11\\\/zdjecie-moje-marcin-300-96x96.jpg\",\"contentUrl\":\"https:\\\/\\\/www.24gliwice.pl\\\/wiadomosci\\\/wp-content\\\/uploads\\\/2025\\\/11\\\/zdjecie-moje-marcin-300-96x96.jpg\",\"caption\":\"Marcin Fabrykowski\"},\"sameAs\":[\"http:\\\/\\\/24gliwice.pl\",\"https:\\\/\\\/www.facebook.com\\\/marcin.fabrykowski\"],\"url\":\"https:\\\/\\\/www.24gliwice.pl\\\/wiadomosci\\\/author\\\/marcin-fabrykowski\\\/\"}]}<\/script>\n<!-- \/ Yoast SEO plugin. -->","yoast_head_json":{"title":"Tydzie\u0144 na czterech \u0142apkach w Forum. Na scenie g\u0142\u00f3wnej foto wystawa ps\u00f3w do adopcji - 24GLIWICE - Portal Gliwice | codziennie nowe informacje","robots":{"index":"index","follow":"follow","max-snippet":"max-snippet:-1","max-image-preview":"max-image-preview:large","max-video-preview":"max-video-preview:-1"},"canonical":"https:\/\/www.24gliwice.pl\/wiadomosci\/tydzien-na-czterech-lapkach-w-forum\/","og_locale":"pl_PL","og_type":"article","og_title":"Tydzie\u0144 na czterech \u0142apkach w Forum. Na scenie g\u0142\u00f3wnej foto wystawa ps\u00f3w do adopcji - 24GLIWICE - Portal Gliwice | codziennie nowe informacje","og_description":"W CH FORUM trwa Tydzie\u0144 na\u00a0czterech \u0142apkach. Gliwickie centrum dedykuje go wszystkim mi\u0142o\u015bnikom ps\u00f3w. &nbsp; Prezentowana jest wystawa czworonog\u00f3w oczekuj\u0105cych na adopcj\u0119, dzia\u0142a te\u017c zbi\u00f3rka dar\u00f3w dla miejscowego schroniska. Kulminacj\u0105 Tygodnia b\u0119dzie sobotnie (30 kwietnia) wydarzenie, pe\u0142ne atrakcji, dobrej energii i\u00a0weso\u0142ych szczekni\u0119\u0107. Towarzystwo pupili mile widziane. Z wystaw\u0105 fotograficzn\u0105 piesk\u00f3w\u00a0gotowych do\u00a0adopcji mo\u017cna zapozna\u0107 si\u0119 na [&hellip;]","og_url":"https:\/\/www.24gliwice.pl\/wiadomosci\/tydzien-na-czterech-lapkach-w-forum\/","og_site_name":"24GLIWICE - Portal Gliwice | codziennie nowe informacje","article_publisher":"https:\/\/www.facebook.com\/24gliwice","article_author":"https:\/\/www.facebook.com\/marcin.fabrykowski","article_published_time":"2022-04-26T20:52:25+00:00","article_modified_time":"2022-04-26T20:55:42+00:00","og_image":[{"width":810,"height":456,"url":"https:\/\/www.24gliwice.pl\/wiadomosci\/wp-content\/uploads\/2022\/04\/pieski-forum.jpg","type":"image\/jpeg"}],"author":"Marcin Fabrykowski","twitter_card":"summary_large_image","twitter_creator":"@24gliwice","twitter_site":"@24gliwice","twitter_misc":{"Napisane przez":"Marcin Fabrykowski","Szacowany czas czytania":"1 minuta"},"schema":{"@context":"https:\/\/schema.org","@graph":[{"@type":"Article","@id":"https:\/\/www.24gliwice.pl\/wiadomosci\/tydzien-na-czterech-lapkach-w-forum\/#article","isPartOf":{"@id":"https:\/\/www.24gliwice.pl\/wiadomosci\/tydzien-na-czterech-lapkach-w-forum\/"},"author":{"name":"Marcin Fabrykowski","@id":"https:\/\/www.24gliwice.pl\/wiadomosci\/#\/schema\/person\/cb5857e4a4d048c15984c1edcc8ef0c0"},"headline":"Tydzie\u0144 na czterech \u0142apkach w Forum. Na scenie g\u0142\u00f3wnej foto wystawa ps\u00f3w do adopcji","datePublished":"2022-04-26T20:52:25+00:00","dateModified":"2022-04-26T20:55:42+00:00","mainEntityOfPage":{"@id":"https:\/\/www.24gliwice.pl\/wiadomosci\/tydzien-na-czterech-lapkach-w-forum\/"},"wordCount":281,"publisher":{"@id":"https:\/\/www.24gliwice.pl\/wiadomosci\/#organization"},"image":{"@id":"https:\/\/www.24gliwice.pl\/wiadomosci\/tydzien-na-czterech-lapkach-w-forum\/#primaryimage"},"thumbnailUrl":"https:\/\/www.24gliwice.pl\/wiadomosci\/wp-content\/uploads\/2022\/04\/pieski-forum.jpg","keywords":["FORUM","wystawa ps\u00f3w"],"articleSection":["Gliwice","Kultura, wydarzenia, imprezy","Najnowsze wiadomo\u015bci"],"inLanguage":"pl-PL"},{"@type":"WebPage","@id":"https:\/\/www.24gliwice.pl\/wiadomosci\/tydzien-na-czterech-lapkach-w-forum\/","url":"https:\/\/www.24gliwice.pl\/wiadomosci\/tydzien-na-czterech-lapkach-w-forum\/","name":"Tydzie\u0144 na czterech \u0142apkach w Forum. Na scenie g\u0142\u00f3wnej foto wystawa ps\u00f3w do adopcji - 24GLIWICE - Portal Gliwice | codziennie nowe informacje","isPartOf":{"@id":"https:\/\/www.24gliwice.pl\/wiadomosci\/#website"},"primaryImageOfPage":{"@id":"https:\/\/www.24gliwice.pl\/wiadomosci\/tydzien-na-czterech-lapkach-w-forum\/#primaryimage"},"image":{"@id":"https:\/\/www.24gliwice.pl\/wiadomosci\/tydzien-na-czterech-lapkach-w-forum\/#primaryimage"},"thumbnailUrl":"https:\/\/www.24gliwice.pl\/wiadomosci\/wp-content\/uploads\/2022\/04\/pieski-forum.jpg","datePublished":"2022-04-26T20:52:25+00:00","dateModified":"2022-04-26T20:55:42+00:00","breadcrumb":{"@id":"https:\/\/www.24gliwice.pl\/wiadomosci\/tydzien-na-czterech-lapkach-w-forum\/#breadcrumb"},"inLanguage":"pl-PL","potentialAction":[{"@type":"ReadAction","target":["https:\/\/www.24gliwice.pl\/wiadomosci\/tydzien-na-czterech-lapkach-w-forum\/"]}]},{"@type":"ImageObject","inLanguage":"pl-PL","@id":"https:\/\/www.24gliwice.pl\/wiadomosci\/tydzien-na-czterech-lapkach-w-forum\/#primaryimage","url":"https:\/\/www.24gliwice.pl\/wiadomosci\/wp-content\/uploads\/2022\/04\/pieski-forum.jpg","contentUrl":"https:\/\/www.24gliwice.pl\/wiadomosci\/wp-content\/uploads\/2022\/04\/pieski-forum.jpg","width":810,"height":456},{"@type":"BreadcrumbList","@id":"https:\/\/www.24gliwice.pl\/wiadomosci\/tydzien-na-czterech-lapkach-w-forum\/#breadcrumb","itemListElement":[{"@type":"ListItem","position":1,"name":"Strona g\u0142\u00f3wna","item":"https:\/\/www.24gliwice.pl\/wiadomosci\/"},{"@type":"ListItem","position":2,"name":"Tydzie\u0144 na czterech \u0142apkach w Forum. Na scenie g\u0142\u00f3wnej foto wystawa ps\u00f3w do adopcji"}]},{"@type":"WebSite","@id":"https:\/\/www.24gliwice.pl\/wiadomosci\/#website","url":"https:\/\/www.24gliwice.pl\/wiadomosci\/","name":"24GLIWICE - Portal Gliwice | codziennie nowe wiadomo\u015bci","description":"Portal Miejski Gliwice","publisher":{"@id":"https:\/\/www.24gliwice.pl\/wiadomosci\/#organization"},"potentialAction":[{"@type":"SearchAction","target":{"@type":"EntryPoint","urlTemplate":"https:\/\/www.24gliwice.pl\/wiadomosci\/?s={search_term_string}"},"query-input":{"@type":"PropertyValueSpecification","valueRequired":true,"valueName":"search_term_string"}}],"inLanguage":"pl-PL"},{"@type":"Organization","@id":"https:\/\/www.24gliwice.pl\/wiadomosci\/#organization","name":"24gliwice","url":"https:\/\/www.24gliwice.pl\/wiadomosci\/","logo":{"@type":"ImageObject","inLanguage":"pl-PL","@id":"https:\/\/www.24gliwice.pl\/wiadomosci\/#\/schema\/logo\/image\/","url":"https:\/\/www.24gliwice.pl\/wiadomosci\/wp-content\/uploads\/2024\/10\/24gliwice-logo-696.jpg","contentUrl":"https:\/\/www.24gliwice.pl\/wiadomosci\/wp-content\/uploads\/2024\/10\/24gliwice-logo-696.jpg","width":696,"height":696,"caption":"24gliwice"},"image":{"@id":"https:\/\/www.24gliwice.pl\/wiadomosci\/#\/schema\/logo\/image\/"},"sameAs":["https:\/\/www.facebook.com\/24gliwice","https:\/\/x.com\/24gliwice","https:\/\/www.youtube.com\/@24gliwice"]},{"@type":"Person","@id":"https:\/\/www.24gliwice.pl\/wiadomosci\/#\/schema\/person\/cb5857e4a4d048c15984c1edcc8ef0c0","name":"Marcin Fabrykowski","image":{"@type":"ImageObject","inLanguage":"pl-PL","@id":"https:\/\/www.24gliwice.pl\/wiadomosci\/wp-content\/uploads\/2025\/11\/zdjecie-moje-marcin-300-96x96.jpg","url":"https:\/\/www.24gliwice.pl\/wiadomosci\/wp-content\/uploads\/2025\/11\/zdjecie-moje-marcin-300-96x96.jpg","contentUrl":"https:\/\/www.24gliwice.pl\/wiadomosci\/wp-content\/uploads\/2025\/11\/zdjecie-moje-marcin-300-96x96.jpg","caption":"Marcin Fabrykowski"},"sameAs":["http:\/\/24gliwice.pl","https:\/\/www.facebook.com\/marcin.fabrykowski"],"url":"https:\/\/www.24gliwice.pl\/wiadomosci\/author\/marcin-fabrykowski\/"}]}},"_links":{"self":[{"href":"https:\/\/www.24gliwice.pl\/wiadomosci\/wp-json\/wp\/v2\/posts\/191198","targetHints":{"allow":["GET"]}}],"collection":[{"href":"https:\/\/www.24gliwice.pl\/wiadomosci\/wp-json\/wp\/v2\/posts"}],"about":[{"href":"https:\/\/www.24gliwice.pl\/wiadomosci\/wp-json\/wp\/v2\/types\/post"}],"author":[{"embeddable":true,"href":"https:\/\/www.24gliwice.pl\/wiadomosci\/wp-json\/wp\/v2\/users\/4"}],"replies":[{"embeddable":true,"href":"https:\/\/www.24gliwice.pl\/wiadomosci\/wp-json\/wp\/v2\/comments?post=191198"}],"version-history":[{"count":8,"href":"https:\/\/www.24gliwice.pl\/wiadomosci\/wp-json\/wp\/v2\/posts\/191198\/revisions"}],"predecessor-version":[{"id":191208,"href":"https:\/\/www.24gliwice.pl\/wiadomosci\/wp-json\/wp\/v2\/posts\/191198\/revisions\/191208"}],"wp:featuredmedia":[{"embeddable":true,"href":"https:\/\/www.24gliwice.pl\/wiadomosci\/wp-json\/wp\/v2\/media\/191203"}],"wp:attachment":[{"href":"https:\/\/www.24gliwice.pl\/wiadomosci\/wp-json\/wp\/v2\/media?parent=191198"}],"wp:term":[{"taxonomy":"category","embeddable":true,"href":"https:\/\/www.24gliwice.pl\/wiadomosci\/wp-json\/wp\/v2\/categories?post=191198"},{"taxonomy":"post_tag","embeddable":true,"href":"https:\/\/www.24gliwice.pl\/wiadomosci\/wp-json\/wp\/v2\/tags?post=191198"}],"curies":[{"name":"wp","href":"https:\/\/api.w.org\/{rel}","templated":true}]}}