{"id":191211,"date":"2022-04-27T13:30:33","date_gmt":"2022-04-27T11:30:33","guid":{"rendered":"https:\/\/www.24gliwice.pl\/wiadomosci\/?p=191211"},"modified":"2022-04-27T13:30:33","modified_gmt":"2022-04-27T11:30:33","slug":"zlozyles-juz-zeznanie-podatkowe-za-2021-rok-kiedy-minie-termin-na-dopelnienie-tego-obowiazku","status":"publish","type":"post","link":"https:\/\/www.24gliwice.pl\/wiadomosci\/zlozyles-juz-zeznanie-podatkowe-za-2021-rok-kiedy-minie-termin-na-dopelnienie-tego-obowiazku\/","title":{"rendered":"Z\u0142o\u017cy\u0142e\u015b ju\u017c zeznanie podatkowe za 2021 rok? Kiedy minie termin na dope\u0142nienie tego obowi\u0105zku?"},"content":{"rendered":"<div class=\"gliwi-a6-nad-leadem-artykulow gliwi-entity-placement\" id=\"gliwi-293644059\"><div class=\"gliwi-adlabel\"><span style=\"font-size: 9px\">REKLAMA<\/span><\/div><div id=\"gliwi-2325291052\" style=\"margin-bottom: 30px;margin-left: auto;margin-right: auto;text-align: center;\"><a data-no-instant=\"1\" href=\"https:\/\/przedszkole.halogen.org.pl\/\" rel=\"noopener\" class=\"a2t-link\" target=\"_blank\" aria-label=\"20260402-ANIMATOR-przedszkole_grafika_750x200\"><img loading=\"lazy\" decoding=\"async\" src=\"https:\/\/www.24gliwice.pl\/wiadomosci\/wp-content\/uploads\/2026\/04\/20260402-ANIMATOR-przedszkole_grafika_750x200.webp\" alt=\"\"  srcset=\"https:\/\/www.24gliwice.pl\/wiadomosci\/wp-content\/uploads\/2026\/04\/20260402-ANIMATOR-przedszkole_grafika_750x200.webp 750w, https:\/\/www.24gliwice.pl\/wiadomosci\/wp-content\/uploads\/2026\/04\/20260402-ANIMATOR-przedszkole_grafika_750x200-410x109.webp 410w\" sizes=\"(max-width: 750px) 100vw, 750px\" class=\"no-lazyload\" width=\"750\" height=\"200\"  style=\"display: inline-block; max-width: 100%; height: auto;\" \/><\/a><\/div><\/div><h2>Z\u0142o\u017cyli\u015bcie ju\u017c zeznanie podatkowe za 2021 rok? Je\u015bli nie, zosta\u0142o na to zaledwie kilka dni. Trzeba to zrobi\u0107 do 2 maja 2022 r. (poniedzia\u0142ek). Jak najpro\u015bciej? Za pomoc\u0105 us\u0142ugi Tw\u00f3j e-PIT.<\/h2>\n<p>&nbsp;<br \/>\nDo 2 maja mo\u017cna zweryfikowa\u0107 i zmodyfikowa\u0107 lub zatwierdzi\u0107 swoje rozliczenia w us\u0142udze. Potem KAS automatycznie zaakceptuje zeznania PIT-37 i PIT-38. <\/p>\n<h4>Osoby rozliczaj\u0105ce si\u0119 przez Internet szybciej otrzymuj\u0105 zwrot podatku<\/h4>\n<p>&#8211; <em>Mamy ju\u017c ponad 5 mln zezna\u0144 z\u0142o\u017conych poprzez Tw\u00f3j e-PIT. W ubieg\u0142ym roku taka liczba pojawi\u0142a si\u0119 w systemie 25 kwietnia. W tym roku podatnicy jeszcze ch\u0119tniej korzystaj\u0105 z naszych e-us\u0142ug<\/em> \u2013 podkre\u015bla wiceminister finans\u00f3w Szef KAS <strong>Magdalena Rzeczkowska<\/strong> (od 26 kwietnia minister finans\u00f3w).<\/p><div class=\"gliwi-a3-w-tresci-artykulow gliwi-entity-placement\" id=\"gliwi-1164928206\"><div class=\"gliwi-adlabel\"><span style=\"font-size: 9px\">REKLAMA<\/span><\/div><div id=\"gliwi-4106698752\" style=\"margin-bottom: 30px;margin-left: auto;margin-right: auto;text-align: center;\"><a data-no-instant=\"1\" href=\"https:\/\/zlobek.halogen.org.pl\/\" rel=\"noopener\" class=\"a2t-link\" target=\"_blank\" aria-label=\"animator-zlobek_750x200\"><img loading=\"lazy\" decoding=\"async\" src=\"https:\/\/www.24gliwice.pl\/wiadomosci\/wp-content\/uploads\/2026\/02\/animator-zlobek_750x200.webp\" alt=\"\"  srcset=\"https:\/\/www.24gliwice.pl\/wiadomosci\/wp-content\/uploads\/2026\/02\/animator-zlobek_750x200.webp 750w, https:\/\/www.24gliwice.pl\/wiadomosci\/wp-content\/uploads\/2026\/02\/animator-zlobek_750x200-410x109.webp 410w\" sizes=\"(max-width: 750px) 100vw, 750px\" class=\"no-lazyload\" width=\"750\" height=\"200\"  style=\"display: inline-block; max-width: 100%; height: auto;\" \/><\/a><\/div><\/div>\n<p>Tw\u00f3j e-PIT to prosty i bezpieczny spos\u00f3b na rozliczenie z urz\u0119dem skarbowym. Aby skorzysta\u0107 z us\u0142ugi wystarczy zalogowa\u0107 si\u0119 do e-Urz\u0119du Skarbowego oraz wybra\u0107 us\u0142ug\u0119 Tw\u00f3j e-PIT. Nast\u0119pnie sprawdzi\u0107 lub zmieni\u0107 swoje dane i wys\u0142a\u0107 deklaracj\u0119. W przygotowanym zeznaniu uwzgl\u0119dnionych jest szereg informacji takich jak dane podatnika i jego mikrorachunek podatkowy. Rozliczenie uwzgl\u0119dnia te\u017c zwolnienie z PIT dla os\u00f3b do 26 roku \u017cycia.<\/p>\n<h4>Podatnicy ch\u0119tnie korzystaj\u0105 z us\u0142ugi Tw\u00f3j e-PIT, kt\u00f3ra pozwala im w wygodny spos\u00f3b rozliczy\u0107 podatek, bez konieczno\u015bci wychodzenia z domu.<\/h4>\n<p>Najcz\u0119\u015bciej robi\u0105 to w niedziele i poniedzia\u0142ki. Najwi\u0119cej e-PIT\u00f3w sk\u0142adaj\u0105 w godzinach wieczornych \u2013 pomi\u0119dzy godzinami 19:00 i 20:00. Z us\u0142ugi korzystaj\u0105 zar\u00f3wno m\u0142ode osoby, jak i seniorzy. Najm\u0142odszy podatnik, kt\u00f3ry zalogowa\u0142 si\u0119 do systemu Tw\u00f3j e-PIT ma 18 lat a najstarszy 110 lat.<\/p>\n<h4>Szybki zwrot podatku<\/h4>\n<p>Osoby rozliczaj\u0105ce PIT za 2021 rok za pomoc\u0105 us\u0142ugi Tw\u00f3j e-PIT mog\u0105 liczy\u0107 na szybszy zwrot nadp\u0142aconego podatku. Nadp\u0142aty do kwoty 5 tys. z\u0142 z wi\u0119kszo\u015bci zezna\u0144 PIT-37 z\u0142o\u017conych przez us\u0142ug\u0119 Tw\u00f3j e-PIT, zwracane s\u0105 w ci\u0105gu 7 dni. Zwrot nadp\u0142aty podatku z pozosta\u0142ych zezna\u0144 dost\u0119pnych w Tw\u00f3j e-PIT trwa do 45 dni. W przypadku zezna\u0144 papierowych termin zwrotu wynosi do trzech miesi\u0119cy.<\/p>\n<h4>KAS przygotowa\u0142a na podstawie posiadanych przez siebie danych zeznania roczne za 2021 r. dla 23 295 876 podatnik\u00f3w.<\/h4>\n<p>Podatnicy korzystaj\u0105cy z us\u0142ugi z\u0142o\u017cyli ju\u017c ponad 5 mln formularzy PIT za 2021 rok, w tym:<\/p>\n<li>4,5 mln deklaracji PIT-37,<\/li>\n<li>224 tys. deklaracji PIT-28,<\/li>\n<li>138 tys. deklaracji PIT-38,<\/li>\n<li>107 tys. deklaracji PIT-36,<\/li>\n<li>30 tys. o\u015bwiadcze\u0144 PIT-OP.<\/li>\n<h4>Tw\u00f3j e-PIT tylko w e-Urz\u0119dzie Skarbowym<\/h4>\n<p>Dost\u0119p do us\u0142ugi Tw\u00f3j e-PIT mo\u017cliwy jest wy\u0142\u0105cznie przez e-Urz\u0105d Skarbowy, na stronie <a href=\"http:\/\/podatki.gov.pl\" rel=\"noopener\" target=\"_blank\">podatki.gov.pl<\/a> (link otwiera nowe okno w serwisie zewn\u0119trznym). Zalogowanie do e-Urz\u0119du Skarbowego (e-US) Profilem Zaufanym (PZ), e-Dowodem lub poprzez bankowo\u015b\u0107 elektroniczn\u0105 i aplikacj\u0119 mObywatel umo\u017cliwia korzystanie z us\u0142ugi Tw\u00f3j e-PIT i innych us\u0142ug udost\u0119pnianych w tym serwisie.<\/p>\n<p>Dodatkowo do samej us\u0142ugi mo\u017cna si\u0119 zalogowa\u0107 tak\u017ce danymi podatkowymi podaj\u0105c:<\/p>\n<li>PESEL (albo NIP i dat\u0119 urodzenia),<\/li>\n<li>kwot\u0119 przychodu z rozliczenia za 2020 r.<\/li>\n<li>kwot\u0119 przychodu z jednej z informacji od p\u0142atnik\u00f3w za 2021 r. (np. z PIT-11 od pracodawcy), kt\u00f3r\u0105 trzeba potwierdzi\u0107 kwot\u0105 nadp\u0142aty\/podatku do zap\u0142aty z rozliczenia na 2020 r.<\/li>\n<p>Podatnicy, kt\u00f3rzy otrzymali informacj\u0119 od organu rentowego (PIT-40A) i w 2020 r. nie rozliczali si\u0119 samodzielnie, powinni poda\u0107 kwot\u0119 do zap\u0142aty z PIT-40A.<\/p>\n<h4>Co stanie si\u0119 po 2 maja?<\/h4>\n<p>Do 2 maja 2022 r. (30 kwietnia br. to sobota) podatnicy mog\u0105 zweryfikowa\u0107 i zmodyfikowa\u0107 lub zatwierdzi\u0107 swoje rozliczenia w us\u0142udze Tw\u00f3j e-PIT. Potem KAS automatycznie zaakceptuje zeznania PIT-37 i PIT-38, kt\u00f3re przygotowa\u0142a na podstawie posiadanych danych. Dzi\u0119ki temu PIT b\u0119dzie z\u0142o\u017cony w terminie nawet, je\u017celi podatnik nie podejmie \u017cadnych dzia\u0142a\u0144.<\/p>\n<h4>Zeznania PIT-36 nie zostan\u0105 automatycznie zaakceptowane 2 maja, poniewa\u017c w zdecydowanej wi\u0119kszo\u015bci wymagaj\u0105 one uzupe\u0142nienia ze strony podatnika.<\/h4>\n<p>Po 2 maja podatnik b\u0119dzie mia\u0142 podgl\u0105d do swojego zeznania i b\u0119dzie m\u00f3g\u0142 pobra\u0107 Urz\u0119dowe Potwierdzenie Odbioru tzw. UPO. B\u0119dzie m\u00f3g\u0142 te\u017c z\u0142o\u017cy\u0107 korekt\u0119 w ramach us\u0142ugi.<\/p>\n<p>(\u017cms\/I US Gliwice)<\/p>\n<div class=\"gliwi-a5-na-koncu-artykulow gliwi-entity-placement\" id=\"gliwi-1067790215\"><div class=\"gliwi-adlabel\"><span style=\"font-size: 9px\">REKLAMA<\/span><\/div><div id=\"gliwi-611408440\" style=\"margin-left: auto;margin-right: auto;text-align: center;\"><a data-no-instant=\"1\" href=\"https:\/\/prezeroarenagliwice.pl\/\" rel=\"noopener\" class=\"a2t-link\" target=\"_blank\" aria-label=\"20260309-PREZERO-WIOSNA-D\"><img loading=\"lazy\" decoding=\"async\" src=\"https:\/\/www.24gliwice.pl\/wiadomosci\/wp-content\/uploads\/2026\/03\/20260309-PREZERO-WIOSNA-D.webp\" alt=\"\"  srcset=\"https:\/\/www.24gliwice.pl\/wiadomosci\/wp-content\/uploads\/2026\/03\/20260309-PREZERO-WIOSNA-D.webp 750w, https:\/\/www.24gliwice.pl\/wiadomosci\/wp-content\/uploads\/2026\/03\/20260309-PREZERO-WIOSNA-D-410x109.webp 410w\" sizes=\"(max-width: 750px) 100vw, 750px\" class=\"no-lazyload\" width=\"750\" height=\"200\"  style=\"display: inline-block; max-width: 100%; height: auto;\" \/><\/a><\/div><\/div>","protected":false},"excerpt":{"rendered":"<p>Z\u0142o\u017cyli\u015bcie ju\u017c zeznanie podatkowe za 2021 rok? Je\u015bli nie, zosta\u0142o na to zaledwie kilka dni. Trzeba to zrobi\u0107 do 2 maja 2022 r. (poniedzia\u0142ek). Jak najpro\u015bciej? Za pomoc\u0105 us\u0142ugi Tw\u00f3j e-PIT. &nbsp; Do 2 maja mo\u017cna zweryfikowa\u0107 i zmodyfikowa\u0107 lub zatwierdzi\u0107 swoje rozliczenia w us\u0142udze. Potem KAS automatycznie zaakceptuje zeznania PIT-37 i PIT-38. Osoby rozliczaj\u0105ce [&hellip;]<\/p>\n","protected":false},"author":15,"featured_media":130273,"comment_status":"open","ping_status":"closed","sticky":false,"template":"","format":"standard","meta":{"_monsterinsights_skip_tracking":false,"_monsterinsights_sitenote_active":false,"_monsterinsights_sitenote_note":"","_monsterinsights_sitenote_category":0,"footnotes":"","_links_to":"","_links_to_target":""},"categories":[3,1],"tags":[12030],"class_list":["post-191211","post","type-post","status-publish","format-standard","has-post-thumbnail","hentry","category-gliwice","category-wszystko","tag-zeznanie-podatkowe"],"yoast_head":"<!-- This site is optimized with the Yoast SEO plugin v27.4 - https:\/\/yoast.com\/product\/yoast-seo-wordpress\/ -->\n<title>Z\u0142o\u017cy\u0142e\u015b ju\u017c zeznanie podatkowe za 2021 rok? Kiedy minie termin na dope\u0142nienie tego obowi\u0105zku? - 24GLIWICE - Portal Gliwice | codziennie nowe informacje<\/title>\n<meta name=\"description\" content=\"Do 2 maja mamy czas by na stronie ministerstwa finans\u00f3w zaakceptowa\u0107 przygotowane tam zeznanie podatkowe PIT za 2021 rok\" \/>\n<meta name=\"robots\" content=\"index, follow, max-snippet:-1, max-image-preview:large, max-video-preview:-1\" \/>\n<link rel=\"canonical\" href=\"https:\/\/www.24gliwice.pl\/wiadomosci\/zlozyles-juz-zeznanie-podatkowe-za-2021-rok-kiedy-minie-termin-na-dopelnienie-tego-obowiazku\/\" \/>\n<meta property=\"og:locale\" content=\"pl_PL\" \/>\n<meta property=\"og:type\" content=\"article\" \/>\n<meta property=\"og:title\" content=\"Z\u0142o\u017cy\u0142e\u015b ju\u017c zeznanie podatkowe za 2021 rok? Kiedy minie termin na dope\u0142nienie tego obowi\u0105zku? - 24GLIWICE - Portal Gliwice | codziennie nowe informacje\" \/>\n<meta property=\"og:description\" content=\"Do 2 maja mamy czas by na stronie ministerstwa finans\u00f3w zaakceptowa\u0107 przygotowane tam zeznanie podatkowe PIT za 2021 rok\" \/>\n<meta property=\"og:url\" content=\"https:\/\/www.24gliwice.pl\/wiadomosci\/zlozyles-juz-zeznanie-podatkowe-za-2021-rok-kiedy-minie-termin-na-dopelnienie-tego-obowiazku\/\" \/>\n<meta property=\"og:site_name\" content=\"24GLIWICE - Portal Gliwice | codziennie nowe informacje\" \/>\n<meta property=\"article:publisher\" content=\"https:\/\/www.facebook.com\/24gliwice\" \/>\n<meta property=\"article:published_time\" content=\"2022-04-27T11:30:33+00:00\" \/>\n<meta property=\"og:image\" content=\"https:\/\/www.24gliwice.pl\/wiadomosci\/wp-content\/uploads\/2019\/02\/urz\u0105d-skarbowy.jpg\" \/>\n\t<meta property=\"og:image:width\" content=\"2048\" \/>\n\t<meta property=\"og:image:height\" content=\"1154\" \/>\n\t<meta property=\"og:image:type\" content=\"image\/jpeg\" \/>\n<meta name=\"author\" content=\"\u017baneta Mrozek-Siewierska\" \/>\n<meta name=\"twitter:card\" content=\"summary_large_image\" \/>\n<meta name=\"twitter:creator\" content=\"@24gliwice\" \/>\n<meta name=\"twitter:site\" content=\"@24gliwice\" \/>\n<meta name=\"twitter:label1\" content=\"Napisane przez\" \/>\n\t<meta name=\"twitter:data1\" content=\"\u017baneta Mrozek-Siewierska\" \/>\n\t<meta name=\"twitter:label2\" content=\"Szacowany czas czytania\" \/>\n\t<meta name=\"twitter:data2\" content=\"3 minuty\" \/>\n<script type=\"application\/ld+json\" class=\"yoast-schema-graph\">{\"@context\":\"https:\\\/\\\/schema.org\",\"@graph\":[{\"@type\":\"Article\",\"@id\":\"https:\\\/\\\/www.24gliwice.pl\\\/wiadomosci\\\/zlozyles-juz-zeznanie-podatkowe-za-2021-rok-kiedy-minie-termin-na-dopelnienie-tego-obowiazku\\\/#article\",\"isPartOf\":{\"@id\":\"https:\\\/\\\/www.24gliwice.pl\\\/wiadomosci\\\/zlozyles-juz-zeznanie-podatkowe-za-2021-rok-kiedy-minie-termin-na-dopelnienie-tego-obowiazku\\\/\"},\"author\":{\"name\":\"\u017baneta Mrozek-Siewierska\",\"@id\":\"https:\\\/\\\/www.24gliwice.pl\\\/wiadomosci\\\/#\\\/schema\\\/person\\\/e42c650edd7f2fa332be3811fb166b6e\"},\"headline\":\"Z\u0142o\u017cy\u0142e\u015b ju\u017c zeznanie podatkowe za 2021 rok? Kiedy minie termin na dope\u0142nienie tego obowi\u0105zku?\",\"datePublished\":\"2022-04-27T11:30:33+00:00\",\"mainEntityOfPage\":{\"@id\":\"https:\\\/\\\/www.24gliwice.pl\\\/wiadomosci\\\/zlozyles-juz-zeznanie-podatkowe-za-2021-rok-kiedy-minie-termin-na-dopelnienie-tego-obowiazku\\\/\"},\"wordCount\":700,\"commentCount\":0,\"publisher\":{\"@id\":\"https:\\\/\\\/www.24gliwice.pl\\\/wiadomosci\\\/#organization\"},\"image\":{\"@id\":\"https:\\\/\\\/www.24gliwice.pl\\\/wiadomosci\\\/zlozyles-juz-zeznanie-podatkowe-za-2021-rok-kiedy-minie-termin-na-dopelnienie-tego-obowiazku\\\/#primaryimage\"},\"thumbnailUrl\":\"https:\\\/\\\/www.24gliwice.pl\\\/wiadomosci\\\/wp-content\\\/uploads\\\/2019\\\/02\\\/urz\u0105d-skarbowy.jpg\",\"keywords\":[\"zeznanie podatkowe\"],\"articleSection\":[\"Gliwice\",\"Najnowsze wiadomo\u015bci\"],\"inLanguage\":\"pl-PL\",\"potentialAction\":[{\"@type\":\"CommentAction\",\"name\":\"Comment\",\"target\":[\"https:\\\/\\\/www.24gliwice.pl\\\/wiadomosci\\\/zlozyles-juz-zeznanie-podatkowe-za-2021-rok-kiedy-minie-termin-na-dopelnienie-tego-obowiazku\\\/#respond\"]}]},{\"@type\":\"WebPage\",\"@id\":\"https:\\\/\\\/www.24gliwice.pl\\\/wiadomosci\\\/zlozyles-juz-zeznanie-podatkowe-za-2021-rok-kiedy-minie-termin-na-dopelnienie-tego-obowiazku\\\/\",\"url\":\"https:\\\/\\\/www.24gliwice.pl\\\/wiadomosci\\\/zlozyles-juz-zeznanie-podatkowe-za-2021-rok-kiedy-minie-termin-na-dopelnienie-tego-obowiazku\\\/\",\"name\":\"Z\u0142o\u017cy\u0142e\u015b ju\u017c zeznanie podatkowe za 2021 rok? Kiedy minie termin na dope\u0142nienie tego obowi\u0105zku? - 24GLIWICE - Portal Gliwice | codziennie nowe informacje\",\"isPartOf\":{\"@id\":\"https:\\\/\\\/www.24gliwice.pl\\\/wiadomosci\\\/#website\"},\"primaryImageOfPage\":{\"@id\":\"https:\\\/\\\/www.24gliwice.pl\\\/wiadomosci\\\/zlozyles-juz-zeznanie-podatkowe-za-2021-rok-kiedy-minie-termin-na-dopelnienie-tego-obowiazku\\\/#primaryimage\"},\"image\":{\"@id\":\"https:\\\/\\\/www.24gliwice.pl\\\/wiadomosci\\\/zlozyles-juz-zeznanie-podatkowe-za-2021-rok-kiedy-minie-termin-na-dopelnienie-tego-obowiazku\\\/#primaryimage\"},\"thumbnailUrl\":\"https:\\\/\\\/www.24gliwice.pl\\\/wiadomosci\\\/wp-content\\\/uploads\\\/2019\\\/02\\\/urz\u0105d-skarbowy.jpg\",\"datePublished\":\"2022-04-27T11:30:33+00:00\",\"description\":\"Do 2 maja mamy czas by na stronie ministerstwa finans\u00f3w zaakceptowa\u0107 przygotowane tam zeznanie podatkowe PIT za 2021 rok\",\"breadcrumb\":{\"@id\":\"https:\\\/\\\/www.24gliwice.pl\\\/wiadomosci\\\/zlozyles-juz-zeznanie-podatkowe-za-2021-rok-kiedy-minie-termin-na-dopelnienie-tego-obowiazku\\\/#breadcrumb\"},\"inLanguage\":\"pl-PL\",\"potentialAction\":[{\"@type\":\"ReadAction\",\"target\":[\"https:\\\/\\\/www.24gliwice.pl\\\/wiadomosci\\\/zlozyles-juz-zeznanie-podatkowe-za-2021-rok-kiedy-minie-termin-na-dopelnienie-tego-obowiazku\\\/\"]}]},{\"@type\":\"ImageObject\",\"inLanguage\":\"pl-PL\",\"@id\":\"https:\\\/\\\/www.24gliwice.pl\\\/wiadomosci\\\/zlozyles-juz-zeznanie-podatkowe-za-2021-rok-kiedy-minie-termin-na-dopelnienie-tego-obowiazku\\\/#primaryimage\",\"url\":\"https:\\\/\\\/www.24gliwice.pl\\\/wiadomosci\\\/wp-content\\\/uploads\\\/2019\\\/02\\\/urz\u0105d-skarbowy.jpg\",\"contentUrl\":\"https:\\\/\\\/www.24gliwice.pl\\\/wiadomosci\\\/wp-content\\\/uploads\\\/2019\\\/02\\\/urz\u0105d-skarbowy.jpg\",\"width\":2048,\"height\":1154},{\"@type\":\"BreadcrumbList\",\"@id\":\"https:\\\/\\\/www.24gliwice.pl\\\/wiadomosci\\\/zlozyles-juz-zeznanie-podatkowe-za-2021-rok-kiedy-minie-termin-na-dopelnienie-tego-obowiazku\\\/#breadcrumb\",\"itemListElement\":[{\"@type\":\"ListItem\",\"position\":1,\"name\":\"Strona g\u0142\u00f3wna\",\"item\":\"https:\\\/\\\/www.24gliwice.pl\\\/wiadomosci\\\/\"},{\"@type\":\"ListItem\",\"position\":2,\"name\":\"Z\u0142o\u017cy\u0142e\u015b ju\u017c zeznanie podatkowe za 2021 rok? Kiedy minie termin na dope\u0142nienie tego obowi\u0105zku?\"}]},{\"@type\":\"WebSite\",\"@id\":\"https:\\\/\\\/www.24gliwice.pl\\\/wiadomosci\\\/#website\",\"url\":\"https:\\\/\\\/www.24gliwice.pl\\\/wiadomosci\\\/\",\"name\":\"24GLIWICE - Portal Gliwice | codziennie nowe wiadomo\u015bci\",\"description\":\"Portal Miejski Gliwice\",\"publisher\":{\"@id\":\"https:\\\/\\\/www.24gliwice.pl\\\/wiadomosci\\\/#organization\"},\"potentialAction\":[{\"@type\":\"SearchAction\",\"target\":{\"@type\":\"EntryPoint\",\"urlTemplate\":\"https:\\\/\\\/www.24gliwice.pl\\\/wiadomosci\\\/?s={search_term_string}\"},\"query-input\":{\"@type\":\"PropertyValueSpecification\",\"valueRequired\":true,\"valueName\":\"search_term_string\"}}],\"inLanguage\":\"pl-PL\"},{\"@type\":\"Organization\",\"@id\":\"https:\\\/\\\/www.24gliwice.pl\\\/wiadomosci\\\/#organization\",\"name\":\"24gliwice\",\"url\":\"https:\\\/\\\/www.24gliwice.pl\\\/wiadomosci\\\/\",\"logo\":{\"@type\":\"ImageObject\",\"inLanguage\":\"pl-PL\",\"@id\":\"https:\\\/\\\/www.24gliwice.pl\\\/wiadomosci\\\/#\\\/schema\\\/logo\\\/image\\\/\",\"url\":\"https:\\\/\\\/www.24gliwice.pl\\\/wiadomosci\\\/wp-content\\\/uploads\\\/2024\\\/10\\\/24gliwice-logo-696.jpg\",\"contentUrl\":\"https:\\\/\\\/www.24gliwice.pl\\\/wiadomosci\\\/wp-content\\\/uploads\\\/2024\\\/10\\\/24gliwice-logo-696.jpg\",\"width\":696,\"height\":696,\"caption\":\"24gliwice\"},\"image\":{\"@id\":\"https:\\\/\\\/www.24gliwice.pl\\\/wiadomosci\\\/#\\\/schema\\\/logo\\\/image\\\/\"},\"sameAs\":[\"https:\\\/\\\/www.facebook.com\\\/24gliwice\",\"https:\\\/\\\/x.com\\\/24gliwice\",\"https:\\\/\\\/www.youtube.com\\\/@24gliwice\"]},{\"@type\":\"Person\",\"@id\":\"https:\\\/\\\/www.24gliwice.pl\\\/wiadomosci\\\/#\\\/schema\\\/person\\\/e42c650edd7f2fa332be3811fb166b6e\",\"name\":\"\u017baneta Mrozek-Siewierska\",\"image\":{\"@type\":\"ImageObject\",\"inLanguage\":\"pl-PL\",\"@id\":\"https:\\\/\\\/www.24gliwice.pl\\\/wiadomosci\\\/wp-content\\\/uploads\\\/2021\\\/11\\\/Zaneta-M_S-zdjecie-czb-96x96.jpg\",\"url\":\"https:\\\/\\\/www.24gliwice.pl\\\/wiadomosci\\\/wp-content\\\/uploads\\\/2021\\\/11\\\/Zaneta-M_S-zdjecie-czb-96x96.jpg\",\"contentUrl\":\"https:\\\/\\\/www.24gliwice.pl\\\/wiadomosci\\\/wp-content\\\/uploads\\\/2021\\\/11\\\/Zaneta-M_S-zdjecie-czb-96x96.jpg\",\"caption\":\"\u017baneta Mrozek-Siewierska\"},\"url\":\"https:\\\/\\\/www.24gliwice.pl\\\/wiadomosci\\\/author\\\/zms\\\/\"}]}<\/script>\n<!-- \/ Yoast SEO plugin. -->","yoast_head_json":{"title":"Z\u0142o\u017cy\u0142e\u015b ju\u017c zeznanie podatkowe za 2021 rok? Kiedy minie termin na dope\u0142nienie tego obowi\u0105zku? - 24GLIWICE - Portal Gliwice | codziennie nowe informacje","description":"Do 2 maja mamy czas by na stronie ministerstwa finans\u00f3w zaakceptowa\u0107 przygotowane tam zeznanie podatkowe PIT za 2021 rok","robots":{"index":"index","follow":"follow","max-snippet":"max-snippet:-1","max-image-preview":"max-image-preview:large","max-video-preview":"max-video-preview:-1"},"canonical":"https:\/\/www.24gliwice.pl\/wiadomosci\/zlozyles-juz-zeznanie-podatkowe-za-2021-rok-kiedy-minie-termin-na-dopelnienie-tego-obowiazku\/","og_locale":"pl_PL","og_type":"article","og_title":"Z\u0142o\u017cy\u0142e\u015b ju\u017c zeznanie podatkowe za 2021 rok? Kiedy minie termin na dope\u0142nienie tego obowi\u0105zku? - 24GLIWICE - Portal Gliwice | codziennie nowe informacje","og_description":"Do 2 maja mamy czas by na stronie ministerstwa finans\u00f3w zaakceptowa\u0107 przygotowane tam zeznanie podatkowe PIT za 2021 rok","og_url":"https:\/\/www.24gliwice.pl\/wiadomosci\/zlozyles-juz-zeznanie-podatkowe-za-2021-rok-kiedy-minie-termin-na-dopelnienie-tego-obowiazku\/","og_site_name":"24GLIWICE - Portal Gliwice | codziennie nowe informacje","article_publisher":"https:\/\/www.facebook.com\/24gliwice","article_published_time":"2022-04-27T11:30:33+00:00","og_image":[{"width":2048,"height":1154,"url":"https:\/\/www.24gliwice.pl\/wiadomosci\/wp-content\/uploads\/2019\/02\/urz\u0105d-skarbowy.jpg","type":"image\/jpeg"}],"author":"\u017baneta Mrozek-Siewierska","twitter_card":"summary_large_image","twitter_creator":"@24gliwice","twitter_site":"@24gliwice","twitter_misc":{"Napisane przez":"\u017baneta Mrozek-Siewierska","Szacowany czas czytania":"3 minuty"},"schema":{"@context":"https:\/\/schema.org","@graph":[{"@type":"Article","@id":"https:\/\/www.24gliwice.pl\/wiadomosci\/zlozyles-juz-zeznanie-podatkowe-za-2021-rok-kiedy-minie-termin-na-dopelnienie-tego-obowiazku\/#article","isPartOf":{"@id":"https:\/\/www.24gliwice.pl\/wiadomosci\/zlozyles-juz-zeznanie-podatkowe-za-2021-rok-kiedy-minie-termin-na-dopelnienie-tego-obowiazku\/"},"author":{"name":"\u017baneta Mrozek-Siewierska","@id":"https:\/\/www.24gliwice.pl\/wiadomosci\/#\/schema\/person\/e42c650edd7f2fa332be3811fb166b6e"},"headline":"Z\u0142o\u017cy\u0142e\u015b ju\u017c zeznanie podatkowe za 2021 rok? Kiedy minie termin na dope\u0142nienie tego obowi\u0105zku?","datePublished":"2022-04-27T11:30:33+00:00","mainEntityOfPage":{"@id":"https:\/\/www.24gliwice.pl\/wiadomosci\/zlozyles-juz-zeznanie-podatkowe-za-2021-rok-kiedy-minie-termin-na-dopelnienie-tego-obowiazku\/"},"wordCount":700,"commentCount":0,"publisher":{"@id":"https:\/\/www.24gliwice.pl\/wiadomosci\/#organization"},"image":{"@id":"https:\/\/www.24gliwice.pl\/wiadomosci\/zlozyles-juz-zeznanie-podatkowe-za-2021-rok-kiedy-minie-termin-na-dopelnienie-tego-obowiazku\/#primaryimage"},"thumbnailUrl":"https:\/\/www.24gliwice.pl\/wiadomosci\/wp-content\/uploads\/2019\/02\/urz\u0105d-skarbowy.jpg","keywords":["zeznanie podatkowe"],"articleSection":["Gliwice","Najnowsze wiadomo\u015bci"],"inLanguage":"pl-PL","potentialAction":[{"@type":"CommentAction","name":"Comment","target":["https:\/\/www.24gliwice.pl\/wiadomosci\/zlozyles-juz-zeznanie-podatkowe-za-2021-rok-kiedy-minie-termin-na-dopelnienie-tego-obowiazku\/#respond"]}]},{"@type":"WebPage","@id":"https:\/\/www.24gliwice.pl\/wiadomosci\/zlozyles-juz-zeznanie-podatkowe-za-2021-rok-kiedy-minie-termin-na-dopelnienie-tego-obowiazku\/","url":"https:\/\/www.24gliwice.pl\/wiadomosci\/zlozyles-juz-zeznanie-podatkowe-za-2021-rok-kiedy-minie-termin-na-dopelnienie-tego-obowiazku\/","name":"Z\u0142o\u017cy\u0142e\u015b ju\u017c zeznanie podatkowe za 2021 rok? Kiedy minie termin na dope\u0142nienie tego obowi\u0105zku? - 24GLIWICE - Portal Gliwice | codziennie nowe informacje","isPartOf":{"@id":"https:\/\/www.24gliwice.pl\/wiadomosci\/#website"},"primaryImageOfPage":{"@id":"https:\/\/www.24gliwice.pl\/wiadomosci\/zlozyles-juz-zeznanie-podatkowe-za-2021-rok-kiedy-minie-termin-na-dopelnienie-tego-obowiazku\/#primaryimage"},"image":{"@id":"https:\/\/www.24gliwice.pl\/wiadomosci\/zlozyles-juz-zeznanie-podatkowe-za-2021-rok-kiedy-minie-termin-na-dopelnienie-tego-obowiazku\/#primaryimage"},"thumbnailUrl":"https:\/\/www.24gliwice.pl\/wiadomosci\/wp-content\/uploads\/2019\/02\/urz\u0105d-skarbowy.jpg","datePublished":"2022-04-27T11:30:33+00:00","description":"Do 2 maja mamy czas by na stronie ministerstwa finans\u00f3w zaakceptowa\u0107 przygotowane tam zeznanie podatkowe PIT za 2021 rok","breadcrumb":{"@id":"https:\/\/www.24gliwice.pl\/wiadomosci\/zlozyles-juz-zeznanie-podatkowe-za-2021-rok-kiedy-minie-termin-na-dopelnienie-tego-obowiazku\/#breadcrumb"},"inLanguage":"pl-PL","potentialAction":[{"@type":"ReadAction","target":["https:\/\/www.24gliwice.pl\/wiadomosci\/zlozyles-juz-zeznanie-podatkowe-za-2021-rok-kiedy-minie-termin-na-dopelnienie-tego-obowiazku\/"]}]},{"@type":"ImageObject","inLanguage":"pl-PL","@id":"https:\/\/www.24gliwice.pl\/wiadomosci\/zlozyles-juz-zeznanie-podatkowe-za-2021-rok-kiedy-minie-termin-na-dopelnienie-tego-obowiazku\/#primaryimage","url":"https:\/\/www.24gliwice.pl\/wiadomosci\/wp-content\/uploads\/2019\/02\/urz\u0105d-skarbowy.jpg","contentUrl":"https:\/\/www.24gliwice.pl\/wiadomosci\/wp-content\/uploads\/2019\/02\/urz\u0105d-skarbowy.jpg","width":2048,"height":1154},{"@type":"BreadcrumbList","@id":"https:\/\/www.24gliwice.pl\/wiadomosci\/zlozyles-juz-zeznanie-podatkowe-za-2021-rok-kiedy-minie-termin-na-dopelnienie-tego-obowiazku\/#breadcrumb","itemListElement":[{"@type":"ListItem","position":1,"name":"Strona g\u0142\u00f3wna","item":"https:\/\/www.24gliwice.pl\/wiadomosci\/"},{"@type":"ListItem","position":2,"name":"Z\u0142o\u017cy\u0142e\u015b ju\u017c zeznanie podatkowe za 2021 rok? Kiedy minie termin na dope\u0142nienie tego obowi\u0105zku?"}]},{"@type":"WebSite","@id":"https:\/\/www.24gliwice.pl\/wiadomosci\/#website","url":"https:\/\/www.24gliwice.pl\/wiadomosci\/","name":"24GLIWICE - Portal Gliwice | codziennie nowe wiadomo\u015bci","description":"Portal Miejski Gliwice","publisher":{"@id":"https:\/\/www.24gliwice.pl\/wiadomosci\/#organization"},"potentialAction":[{"@type":"SearchAction","target":{"@type":"EntryPoint","urlTemplate":"https:\/\/www.24gliwice.pl\/wiadomosci\/?s={search_term_string}"},"query-input":{"@type":"PropertyValueSpecification","valueRequired":true,"valueName":"search_term_string"}}],"inLanguage":"pl-PL"},{"@type":"Organization","@id":"https:\/\/www.24gliwice.pl\/wiadomosci\/#organization","name":"24gliwice","url":"https:\/\/www.24gliwice.pl\/wiadomosci\/","logo":{"@type":"ImageObject","inLanguage":"pl-PL","@id":"https:\/\/www.24gliwice.pl\/wiadomosci\/#\/schema\/logo\/image\/","url":"https:\/\/www.24gliwice.pl\/wiadomosci\/wp-content\/uploads\/2024\/10\/24gliwice-logo-696.jpg","contentUrl":"https:\/\/www.24gliwice.pl\/wiadomosci\/wp-content\/uploads\/2024\/10\/24gliwice-logo-696.jpg","width":696,"height":696,"caption":"24gliwice"},"image":{"@id":"https:\/\/www.24gliwice.pl\/wiadomosci\/#\/schema\/logo\/image\/"},"sameAs":["https:\/\/www.facebook.com\/24gliwice","https:\/\/x.com\/24gliwice","https:\/\/www.youtube.com\/@24gliwice"]},{"@type":"Person","@id":"https:\/\/www.24gliwice.pl\/wiadomosci\/#\/schema\/person\/e42c650edd7f2fa332be3811fb166b6e","name":"\u017baneta Mrozek-Siewierska","image":{"@type":"ImageObject","inLanguage":"pl-PL","@id":"https:\/\/www.24gliwice.pl\/wiadomosci\/wp-content\/uploads\/2021\/11\/Zaneta-M_S-zdjecie-czb-96x96.jpg","url":"https:\/\/www.24gliwice.pl\/wiadomosci\/wp-content\/uploads\/2021\/11\/Zaneta-M_S-zdjecie-czb-96x96.jpg","contentUrl":"https:\/\/www.24gliwice.pl\/wiadomosci\/wp-content\/uploads\/2021\/11\/Zaneta-M_S-zdjecie-czb-96x96.jpg","caption":"\u017baneta Mrozek-Siewierska"},"url":"https:\/\/www.24gliwice.pl\/wiadomosci\/author\/zms\/"}]}},"_links":{"self":[{"href":"https:\/\/www.24gliwice.pl\/wiadomosci\/wp-json\/wp\/v2\/posts\/191211","targetHints":{"allow":["GET"]}}],"collection":[{"href":"https:\/\/www.24gliwice.pl\/wiadomosci\/wp-json\/wp\/v2\/posts"}],"about":[{"href":"https:\/\/www.24gliwice.pl\/wiadomosci\/wp-json\/wp\/v2\/types\/post"}],"author":[{"embeddable":true,"href":"https:\/\/www.24gliwice.pl\/wiadomosci\/wp-json\/wp\/v2\/users\/15"}],"replies":[{"embeddable":true,"href":"https:\/\/www.24gliwice.pl\/wiadomosci\/wp-json\/wp\/v2\/comments?post=191211"}],"version-history":[{"count":4,"href":"https:\/\/www.24gliwice.pl\/wiadomosci\/wp-json\/wp\/v2\/posts\/191211\/revisions"}],"predecessor-version":[{"id":191268,"href":"https:\/\/www.24gliwice.pl\/wiadomosci\/wp-json\/wp\/v2\/posts\/191211\/revisions\/191268"}],"wp:featuredmedia":[{"embeddable":true,"href":"https:\/\/www.24gliwice.pl\/wiadomosci\/wp-json\/wp\/v2\/media\/130273"}],"wp:attachment":[{"href":"https:\/\/www.24gliwice.pl\/wiadomosci\/wp-json\/wp\/v2\/media?parent=191211"}],"wp:term":[{"taxonomy":"category","embeddable":true,"href":"https:\/\/www.24gliwice.pl\/wiadomosci\/wp-json\/wp\/v2\/categories?post=191211"},{"taxonomy":"post_tag","embeddable":true,"href":"https:\/\/www.24gliwice.pl\/wiadomosci\/wp-json\/wp\/v2\/tags?post=191211"}],"curies":[{"name":"wp","href":"https:\/\/api.w.org\/{rel}","templated":true}]}}