{"id":191277,"date":"2022-04-27T15:30:20","date_gmt":"2022-04-27T13:30:20","guid":{"rendered":"https:\/\/www.24gliwice.pl\/wiadomosci\/?p=191277"},"modified":"2022-04-27T15:30:20","modified_gmt":"2022-04-27T13:30:20","slug":"masz-18-lat-poczucie-humoru-i-chcesz-sprawdzic-sie-na-scenie-to-ogloszenie-byc-moze-jest-dla-ciebie","status":"publish","type":"post","link":"https:\/\/www.24gliwice.pl\/wiadomosci\/masz-18-lat-poczucie-humoru-i-chcesz-sprawdzic-sie-na-scenie-to-ogloszenie-byc-moze-jest-dla-ciebie\/","title":{"rendered":"Masz 18 lat, poczucie humoru i chcesz sprawdzi\u0107 si\u0119 na scenie? To og\u0142oszenie (by\u0107 mo\u017ce) jest dla Ciebie"},"content":{"rendered":"<div class=\"gliwi-a6-nad-leadem-artykulow gliwi-entity-placement\" id=\"gliwi-3276334928\"><div class=\"gliwi-adlabel\"><span style=\"font-size: 9px\">REKLAMA<\/span><\/div><div id=\"gliwi-2816320991\" style=\"margin-bottom: 30px;margin-left: auto;margin-right: auto;text-align: center;\"><a data-no-instant=\"1\" href=\"https:\/\/przedszkole.halogen.org.pl\/\" rel=\"noopener\" class=\"a2t-link\" target=\"_blank\" aria-label=\"20260402-ANIMATOR-przedszkole_grafika_750x200\"><img loading=\"lazy\" decoding=\"async\" src=\"https:\/\/www.24gliwice.pl\/wiadomosci\/wp-content\/uploads\/2026\/04\/20260402-ANIMATOR-przedszkole_grafika_750x200.webp\" alt=\"\"  srcset=\"https:\/\/www.24gliwice.pl\/wiadomosci\/wp-content\/uploads\/2026\/04\/20260402-ANIMATOR-przedszkole_grafika_750x200.webp 750w, https:\/\/www.24gliwice.pl\/wiadomosci\/wp-content\/uploads\/2026\/04\/20260402-ANIMATOR-przedszkole_grafika_750x200-410x109.webp 410w\" sizes=\"(max-width: 750px) 100vw, 750px\" class=\"no-lazyload\" width=\"750\" height=\"200\"  style=\"display: inline-block; max-width: 100%; height: auto;\" \/><\/a><\/div><\/div><h2>Chcieliby\u015bcie spr\u00f3bowa\u0107 swoich si\u0142 na scenie? To jest ku temu dobra okazja. Grupa Teatralno-Kabaretowa z Gliwic zaprasza do w\u0142\u0105czenia si\u0119 w jej dzia\u0142ania.<\/h2>\n<p>&nbsp;<br \/>\nOg\u0142oszenie na ten temat zamieszczono w og\u00f3lnodost\u0119pnej grupie w mediach spo\u0142eczno\u015bciowych. <\/p>\n<p>&#8211; <em>Grupa Teatralno-Kabaretowa z Gliwic poszukuje kilku ch\u0119tnych do wst\u0105pienia w jej szeregi. Nie ma przedzia\u0142u wiekowego, byleby by\u0107 pe\u0142noletnim. Je\u015bli masz poczucie humoru, dystans do siebie, chcia\u0142by\u015b spr\u00f3bowa\u0107 czego\u015b nowego czyli wyst\u0119pu na scenie, masz ochot\u0119 pozna\u0107 pozytywnie zakr\u0119conych ludzi a dodatkowo jeste\u015b odpowiedzialny za powierzone zadanie to czekamy w\u0142a\u015bnie na Ciebie<\/em> &#8211; zach\u0119caj\u0105 organizatorzy. <\/p><div class=\"gliwi-a3-w-tresci-artykulow gliwi-entity-placement\" id=\"gliwi-3621183992\"><div class=\"gliwi-adlabel\"><span style=\"font-size: 9px\">REKLAMA<\/span><\/div><div id=\"gliwi-2837455454\" style=\"margin-bottom: 30px;margin-left: auto;margin-right: auto;text-align: center;\"><a data-no-instant=\"1\" href=\"https:\/\/ogrodyandersa.pl\/\" rel=\"noopener\" class=\"a2t-link\" target=\"_blank\" aria-label=\"20260415 Ogrody Andersa KUP TERAZ D\"><img loading=\"lazy\" decoding=\"async\" src=\"https:\/\/www.24gliwice.pl\/wiadomosci\/wp-content\/uploads\/2026\/04\/20260415-Ogrody-Andersa-KUP-TERAZ-D.jpg\" alt=\"\"  srcset=\"https:\/\/www.24gliwice.pl\/wiadomosci\/wp-content\/uploads\/2026\/04\/20260415-Ogrody-Andersa-KUP-TERAZ-D.jpg 750w, https:\/\/www.24gliwice.pl\/wiadomosci\/wp-content\/uploads\/2026\/04\/20260415-Ogrody-Andersa-KUP-TERAZ-D-410x109.jpg 410w\" sizes=\"(max-width: 750px) 100vw, 750px\" class=\"no-lazyload\" width=\"750\" height=\"200\"  style=\"display: inline-block; max-width: 100%; height: auto;\" \/><\/a><\/div><\/div>\n<p>Spotkania odbywaj\u0105 si\u0119 w Gliwicach w ka\u017cdy czwartek w godzinach 18:30 &#8211; 20:30. Osoby zainteresowane udzia\u0142em w grupie, powinny skontaktowa\u0107 si\u0119 wysy\u0142aj\u0105c wiadomo\u015b\u0107 na adres: <a href=\"mailto:grupa.teatralna.gliwice@gmail.com\" rel=\"noopener\" target=\"_blank\">grupa.teatralna.gliwice@gmail.com<\/a>. <\/p>\n<p>(\u017cms)<br \/>\nfot. px\/zdj. pogl\u0105dowe<\/p>\n<div class=\"gliwi-a5-na-koncu-artykulow gliwi-entity-placement\" id=\"gliwi-3347707024\"><div class=\"gliwi-adlabel\"><span style=\"font-size: 9px\">REKLAMA<\/span><\/div><div id=\"gliwi-2577836321\" style=\"margin-left: auto;margin-right: auto;text-align: center;\"><a data-no-instant=\"1\" href=\"https:\/\/prezeroarenagliwice.pl\/\" rel=\"noopener\" class=\"a2t-link\" target=\"_blank\" aria-label=\"20260309-PREZERO-WIOSNA-D\"><img loading=\"lazy\" decoding=\"async\" src=\"https:\/\/www.24gliwice.pl\/wiadomosci\/wp-content\/uploads\/2026\/03\/20260309-PREZERO-WIOSNA-D.webp\" alt=\"\"  srcset=\"https:\/\/www.24gliwice.pl\/wiadomosci\/wp-content\/uploads\/2026\/03\/20260309-PREZERO-WIOSNA-D.webp 750w, https:\/\/www.24gliwice.pl\/wiadomosci\/wp-content\/uploads\/2026\/03\/20260309-PREZERO-WIOSNA-D-410x109.webp 410w\" sizes=\"(max-width: 750px) 100vw, 750px\" class=\"no-lazyload\" width=\"750\" height=\"200\"  style=\"display: inline-block; max-width: 100%; height: auto;\" \/><\/a><\/div><\/div>","protected":false},"excerpt":{"rendered":"<p>Chcieliby\u015bcie spr\u00f3bowa\u0107 swoich si\u0142 na scenie? To jest ku temu dobra okazja. Grupa Teatralno-Kabaretowa z Gliwic zaprasza do w\u0142\u0105czenia si\u0119 w jej dzia\u0142ania. &nbsp; Og\u0142oszenie na ten temat zamieszczono w og\u00f3lnodost\u0119pnej grupie w mediach spo\u0142eczno\u015bciowych. &#8211; Grupa Teatralno-Kabaretowa z Gliwic poszukuje kilku ch\u0119tnych do wst\u0105pienia w jej szeregi. Nie ma przedzia\u0142u wiekowego, byleby by\u0107 pe\u0142noletnim. [&hellip;]<\/p>\n","protected":false},"author":15,"featured_media":191281,"comment_status":"open","ping_status":"closed","sticky":false,"template":"","format":"standard","meta":{"_monsterinsights_skip_tracking":false,"_monsterinsights_sitenote_active":false,"_monsterinsights_sitenote_note":"","_monsterinsights_sitenote_category":0,"footnotes":"","_links_to":"","_links_to_target":""},"categories":[3,6,1],"tags":[13133],"class_list":["post-191277","post","type-post","status-publish","format-standard","has-post-thumbnail","hentry","category-gliwice","category-kultura","category-wszystko","tag-ogloszenie"],"yoast_head":"<!-- This site is optimized with the Yoast SEO plugin v27.4 - https:\/\/yoast.com\/product\/yoast-seo-wordpress\/ -->\n<title>Masz 18 lat, poczucie humoru i chcesz sprawdzi\u0107 si\u0119 na scenie? To og\u0142oszenie (by\u0107 mo\u017ce) jest dla Ciebie - 24GLIWICE - Portal Gliwice | codziennie nowe informacje<\/title>\n<meta name=\"description\" content=\"Grupa teatralno-kabaretowa zaprasza osoby zainteresowane do do\u0142\u0105czenia w jej szeregi. Wystarczy mie\u0107 uko\u0144czone 18 lat i poczucie humoru\" \/>\n<meta name=\"robots\" content=\"index, follow, max-snippet:-1, max-image-preview:large, max-video-preview:-1\" \/>\n<link rel=\"canonical\" href=\"https:\/\/www.24gliwice.pl\/wiadomosci\/masz-18-lat-poczucie-humoru-i-chcesz-sprawdzic-sie-na-scenie-to-ogloszenie-byc-moze-jest-dla-ciebie\/\" \/>\n<meta property=\"og:locale\" content=\"pl_PL\" \/>\n<meta property=\"og:type\" content=\"article\" \/>\n<meta property=\"og:title\" content=\"Masz 18 lat, poczucie humoru i chcesz sprawdzi\u0107 si\u0119 na scenie? To og\u0142oszenie (by\u0107 mo\u017ce) jest dla Ciebie - 24GLIWICE - Portal Gliwice | codziennie nowe informacje\" \/>\n<meta property=\"og:description\" content=\"Grupa teatralno-kabaretowa zaprasza osoby zainteresowane do do\u0142\u0105czenia w jej szeregi. Wystarczy mie\u0107 uko\u0144czone 18 lat i poczucie humoru\" \/>\n<meta property=\"og:url\" content=\"https:\/\/www.24gliwice.pl\/wiadomosci\/masz-18-lat-poczucie-humoru-i-chcesz-sprawdzic-sie-na-scenie-to-ogloszenie-byc-moze-jest-dla-ciebie\/\" \/>\n<meta property=\"og:site_name\" content=\"24GLIWICE - Portal Gliwice | codziennie nowe informacje\" \/>\n<meta property=\"article:publisher\" content=\"https:\/\/www.facebook.com\/24gliwice\" \/>\n<meta property=\"article:published_time\" content=\"2022-04-27T13:30:20+00:00\" \/>\n<meta property=\"og:image\" content=\"https:\/\/www.24gliwice.pl\/wiadomosci\/wp-content\/uploads\/2022\/04\/kabaret.jpg\" \/>\n\t<meta property=\"og:image:width\" content=\"810\" \/>\n\t<meta property=\"og:image:height\" content=\"456\" \/>\n\t<meta property=\"og:image:type\" content=\"image\/jpeg\" \/>\n<meta name=\"author\" content=\"\u017baneta Mrozek-Siewierska\" \/>\n<meta name=\"twitter:card\" content=\"summary_large_image\" \/>\n<meta name=\"twitter:creator\" content=\"@24gliwice\" \/>\n<meta name=\"twitter:site\" content=\"@24gliwice\" \/>\n<meta name=\"twitter:label1\" content=\"Napisane przez\" \/>\n\t<meta name=\"twitter:data1\" content=\"\u017baneta Mrozek-Siewierska\" \/>\n\t<meta name=\"twitter:label2\" content=\"Szacowany czas czytania\" \/>\n\t<meta name=\"twitter:data2\" content=\"1 minuta\" \/>\n<script type=\"application\/ld+json\" class=\"yoast-schema-graph\">{\"@context\":\"https:\\\/\\\/schema.org\",\"@graph\":[{\"@type\":\"Article\",\"@id\":\"https:\\\/\\\/www.24gliwice.pl\\\/wiadomosci\\\/masz-18-lat-poczucie-humoru-i-chcesz-sprawdzic-sie-na-scenie-to-ogloszenie-byc-moze-jest-dla-ciebie\\\/#article\",\"isPartOf\":{\"@id\":\"https:\\\/\\\/www.24gliwice.pl\\\/wiadomosci\\\/masz-18-lat-poczucie-humoru-i-chcesz-sprawdzic-sie-na-scenie-to-ogloszenie-byc-moze-jest-dla-ciebie\\\/\"},\"author\":{\"name\":\"\u017baneta Mrozek-Siewierska\",\"@id\":\"https:\\\/\\\/www.24gliwice.pl\\\/wiadomosci\\\/#\\\/schema\\\/person\\\/e42c650edd7f2fa332be3811fb166b6e\"},\"headline\":\"Masz 18 lat, poczucie humoru i chcesz sprawdzi\u0107 si\u0119 na scenie? To og\u0142oszenie (by\u0107 mo\u017ce) jest dla Ciebie\",\"datePublished\":\"2022-04-27T13:30:20+00:00\",\"mainEntityOfPage\":{\"@id\":\"https:\\\/\\\/www.24gliwice.pl\\\/wiadomosci\\\/masz-18-lat-poczucie-humoru-i-chcesz-sprawdzic-sie-na-scenie-to-ogloszenie-byc-moze-jest-dla-ciebie\\\/\"},\"wordCount\":169,\"commentCount\":0,\"publisher\":{\"@id\":\"https:\\\/\\\/www.24gliwice.pl\\\/wiadomosci\\\/#organization\"},\"image\":{\"@id\":\"https:\\\/\\\/www.24gliwice.pl\\\/wiadomosci\\\/masz-18-lat-poczucie-humoru-i-chcesz-sprawdzic-sie-na-scenie-to-ogloszenie-byc-moze-jest-dla-ciebie\\\/#primaryimage\"},\"thumbnailUrl\":\"https:\\\/\\\/www.24gliwice.pl\\\/wiadomosci\\\/wp-content\\\/uploads\\\/2022\\\/04\\\/kabaret.jpg\",\"keywords\":[\"og\u0142oszenie\"],\"articleSection\":[\"Gliwice\",\"Kultura, wydarzenia, imprezy\",\"Najnowsze wiadomo\u015bci\"],\"inLanguage\":\"pl-PL\",\"potentialAction\":[{\"@type\":\"CommentAction\",\"name\":\"Comment\",\"target\":[\"https:\\\/\\\/www.24gliwice.pl\\\/wiadomosci\\\/masz-18-lat-poczucie-humoru-i-chcesz-sprawdzic-sie-na-scenie-to-ogloszenie-byc-moze-jest-dla-ciebie\\\/#respond\"]}]},{\"@type\":\"WebPage\",\"@id\":\"https:\\\/\\\/www.24gliwice.pl\\\/wiadomosci\\\/masz-18-lat-poczucie-humoru-i-chcesz-sprawdzic-sie-na-scenie-to-ogloszenie-byc-moze-jest-dla-ciebie\\\/\",\"url\":\"https:\\\/\\\/www.24gliwice.pl\\\/wiadomosci\\\/masz-18-lat-poczucie-humoru-i-chcesz-sprawdzic-sie-na-scenie-to-ogloszenie-byc-moze-jest-dla-ciebie\\\/\",\"name\":\"Masz 18 lat, poczucie humoru i chcesz sprawdzi\u0107 si\u0119 na scenie? To og\u0142oszenie (by\u0107 mo\u017ce) jest dla Ciebie - 24GLIWICE - Portal Gliwice | codziennie nowe informacje\",\"isPartOf\":{\"@id\":\"https:\\\/\\\/www.24gliwice.pl\\\/wiadomosci\\\/#website\"},\"primaryImageOfPage\":{\"@id\":\"https:\\\/\\\/www.24gliwice.pl\\\/wiadomosci\\\/masz-18-lat-poczucie-humoru-i-chcesz-sprawdzic-sie-na-scenie-to-ogloszenie-byc-moze-jest-dla-ciebie\\\/#primaryimage\"},\"image\":{\"@id\":\"https:\\\/\\\/www.24gliwice.pl\\\/wiadomosci\\\/masz-18-lat-poczucie-humoru-i-chcesz-sprawdzic-sie-na-scenie-to-ogloszenie-byc-moze-jest-dla-ciebie\\\/#primaryimage\"},\"thumbnailUrl\":\"https:\\\/\\\/www.24gliwice.pl\\\/wiadomosci\\\/wp-content\\\/uploads\\\/2022\\\/04\\\/kabaret.jpg\",\"datePublished\":\"2022-04-27T13:30:20+00:00\",\"description\":\"Grupa teatralno-kabaretowa zaprasza osoby zainteresowane do do\u0142\u0105czenia w jej szeregi. Wystarczy mie\u0107 uko\u0144czone 18 lat i poczucie humoru\",\"breadcrumb\":{\"@id\":\"https:\\\/\\\/www.24gliwice.pl\\\/wiadomosci\\\/masz-18-lat-poczucie-humoru-i-chcesz-sprawdzic-sie-na-scenie-to-ogloszenie-byc-moze-jest-dla-ciebie\\\/#breadcrumb\"},\"inLanguage\":\"pl-PL\",\"potentialAction\":[{\"@type\":\"ReadAction\",\"target\":[\"https:\\\/\\\/www.24gliwice.pl\\\/wiadomosci\\\/masz-18-lat-poczucie-humoru-i-chcesz-sprawdzic-sie-na-scenie-to-ogloszenie-byc-moze-jest-dla-ciebie\\\/\"]}]},{\"@type\":\"ImageObject\",\"inLanguage\":\"pl-PL\",\"@id\":\"https:\\\/\\\/www.24gliwice.pl\\\/wiadomosci\\\/masz-18-lat-poczucie-humoru-i-chcesz-sprawdzic-sie-na-scenie-to-ogloszenie-byc-moze-jest-dla-ciebie\\\/#primaryimage\",\"url\":\"https:\\\/\\\/www.24gliwice.pl\\\/wiadomosci\\\/wp-content\\\/uploads\\\/2022\\\/04\\\/kabaret.jpg\",\"contentUrl\":\"https:\\\/\\\/www.24gliwice.pl\\\/wiadomosci\\\/wp-content\\\/uploads\\\/2022\\\/04\\\/kabaret.jpg\",\"width\":810,\"height\":456},{\"@type\":\"BreadcrumbList\",\"@id\":\"https:\\\/\\\/www.24gliwice.pl\\\/wiadomosci\\\/masz-18-lat-poczucie-humoru-i-chcesz-sprawdzic-sie-na-scenie-to-ogloszenie-byc-moze-jest-dla-ciebie\\\/#breadcrumb\",\"itemListElement\":[{\"@type\":\"ListItem\",\"position\":1,\"name\":\"Strona g\u0142\u00f3wna\",\"item\":\"https:\\\/\\\/www.24gliwice.pl\\\/wiadomosci\\\/\"},{\"@type\":\"ListItem\",\"position\":2,\"name\":\"Masz 18 lat, poczucie humoru i chcesz sprawdzi\u0107 si\u0119 na scenie? To og\u0142oszenie (by\u0107 mo\u017ce) jest dla Ciebie\"}]},{\"@type\":\"WebSite\",\"@id\":\"https:\\\/\\\/www.24gliwice.pl\\\/wiadomosci\\\/#website\",\"url\":\"https:\\\/\\\/www.24gliwice.pl\\\/wiadomosci\\\/\",\"name\":\"24GLIWICE - Portal Gliwice | codziennie nowe wiadomo\u015bci\",\"description\":\"Portal Miejski Gliwice\",\"publisher\":{\"@id\":\"https:\\\/\\\/www.24gliwice.pl\\\/wiadomosci\\\/#organization\"},\"potentialAction\":[{\"@type\":\"SearchAction\",\"target\":{\"@type\":\"EntryPoint\",\"urlTemplate\":\"https:\\\/\\\/www.24gliwice.pl\\\/wiadomosci\\\/?s={search_term_string}\"},\"query-input\":{\"@type\":\"PropertyValueSpecification\",\"valueRequired\":true,\"valueName\":\"search_term_string\"}}],\"inLanguage\":\"pl-PL\"},{\"@type\":\"Organization\",\"@id\":\"https:\\\/\\\/www.24gliwice.pl\\\/wiadomosci\\\/#organization\",\"name\":\"24gliwice\",\"url\":\"https:\\\/\\\/www.24gliwice.pl\\\/wiadomosci\\\/\",\"logo\":{\"@type\":\"ImageObject\",\"inLanguage\":\"pl-PL\",\"@id\":\"https:\\\/\\\/www.24gliwice.pl\\\/wiadomosci\\\/#\\\/schema\\\/logo\\\/image\\\/\",\"url\":\"https:\\\/\\\/www.24gliwice.pl\\\/wiadomosci\\\/wp-content\\\/uploads\\\/2024\\\/10\\\/24gliwice-logo-696.jpg\",\"contentUrl\":\"https:\\\/\\\/www.24gliwice.pl\\\/wiadomosci\\\/wp-content\\\/uploads\\\/2024\\\/10\\\/24gliwice-logo-696.jpg\",\"width\":696,\"height\":696,\"caption\":\"24gliwice\"},\"image\":{\"@id\":\"https:\\\/\\\/www.24gliwice.pl\\\/wiadomosci\\\/#\\\/schema\\\/logo\\\/image\\\/\"},\"sameAs\":[\"https:\\\/\\\/www.facebook.com\\\/24gliwice\",\"https:\\\/\\\/x.com\\\/24gliwice\",\"https:\\\/\\\/www.youtube.com\\\/@24gliwice\"]},{\"@type\":\"Person\",\"@id\":\"https:\\\/\\\/www.24gliwice.pl\\\/wiadomosci\\\/#\\\/schema\\\/person\\\/e42c650edd7f2fa332be3811fb166b6e\",\"name\":\"\u017baneta Mrozek-Siewierska\",\"image\":{\"@type\":\"ImageObject\",\"inLanguage\":\"pl-PL\",\"@id\":\"https:\\\/\\\/www.24gliwice.pl\\\/wiadomosci\\\/wp-content\\\/uploads\\\/2021\\\/11\\\/Zaneta-M_S-zdjecie-czb-96x96.jpg\",\"url\":\"https:\\\/\\\/www.24gliwice.pl\\\/wiadomosci\\\/wp-content\\\/uploads\\\/2021\\\/11\\\/Zaneta-M_S-zdjecie-czb-96x96.jpg\",\"contentUrl\":\"https:\\\/\\\/www.24gliwice.pl\\\/wiadomosci\\\/wp-content\\\/uploads\\\/2021\\\/11\\\/Zaneta-M_S-zdjecie-czb-96x96.jpg\",\"caption\":\"\u017baneta Mrozek-Siewierska\"},\"url\":\"https:\\\/\\\/www.24gliwice.pl\\\/wiadomosci\\\/author\\\/zms\\\/\"}]}<\/script>\n<!-- \/ Yoast SEO plugin. -->","yoast_head_json":{"title":"Masz 18 lat, poczucie humoru i chcesz sprawdzi\u0107 si\u0119 na scenie? To og\u0142oszenie (by\u0107 mo\u017ce) jest dla Ciebie - 24GLIWICE - Portal Gliwice | codziennie nowe informacje","description":"Grupa teatralno-kabaretowa zaprasza osoby zainteresowane do do\u0142\u0105czenia w jej szeregi. Wystarczy mie\u0107 uko\u0144czone 18 lat i poczucie humoru","robots":{"index":"index","follow":"follow","max-snippet":"max-snippet:-1","max-image-preview":"max-image-preview:large","max-video-preview":"max-video-preview:-1"},"canonical":"https:\/\/www.24gliwice.pl\/wiadomosci\/masz-18-lat-poczucie-humoru-i-chcesz-sprawdzic-sie-na-scenie-to-ogloszenie-byc-moze-jest-dla-ciebie\/","og_locale":"pl_PL","og_type":"article","og_title":"Masz 18 lat, poczucie humoru i chcesz sprawdzi\u0107 si\u0119 na scenie? To og\u0142oszenie (by\u0107 mo\u017ce) jest dla Ciebie - 24GLIWICE - Portal Gliwice | codziennie nowe informacje","og_description":"Grupa teatralno-kabaretowa zaprasza osoby zainteresowane do do\u0142\u0105czenia w jej szeregi. Wystarczy mie\u0107 uko\u0144czone 18 lat i poczucie humoru","og_url":"https:\/\/www.24gliwice.pl\/wiadomosci\/masz-18-lat-poczucie-humoru-i-chcesz-sprawdzic-sie-na-scenie-to-ogloszenie-byc-moze-jest-dla-ciebie\/","og_site_name":"24GLIWICE - Portal Gliwice | codziennie nowe informacje","article_publisher":"https:\/\/www.facebook.com\/24gliwice","article_published_time":"2022-04-27T13:30:20+00:00","og_image":[{"width":810,"height":456,"url":"https:\/\/www.24gliwice.pl\/wiadomosci\/wp-content\/uploads\/2022\/04\/kabaret.jpg","type":"image\/jpeg"}],"author":"\u017baneta Mrozek-Siewierska","twitter_card":"summary_large_image","twitter_creator":"@24gliwice","twitter_site":"@24gliwice","twitter_misc":{"Napisane przez":"\u017baneta Mrozek-Siewierska","Szacowany czas czytania":"1 minuta"},"schema":{"@context":"https:\/\/schema.org","@graph":[{"@type":"Article","@id":"https:\/\/www.24gliwice.pl\/wiadomosci\/masz-18-lat-poczucie-humoru-i-chcesz-sprawdzic-sie-na-scenie-to-ogloszenie-byc-moze-jest-dla-ciebie\/#article","isPartOf":{"@id":"https:\/\/www.24gliwice.pl\/wiadomosci\/masz-18-lat-poczucie-humoru-i-chcesz-sprawdzic-sie-na-scenie-to-ogloszenie-byc-moze-jest-dla-ciebie\/"},"author":{"name":"\u017baneta Mrozek-Siewierska","@id":"https:\/\/www.24gliwice.pl\/wiadomosci\/#\/schema\/person\/e42c650edd7f2fa332be3811fb166b6e"},"headline":"Masz 18 lat, poczucie humoru i chcesz sprawdzi\u0107 si\u0119 na scenie? To og\u0142oszenie (by\u0107 mo\u017ce) jest dla Ciebie","datePublished":"2022-04-27T13:30:20+00:00","mainEntityOfPage":{"@id":"https:\/\/www.24gliwice.pl\/wiadomosci\/masz-18-lat-poczucie-humoru-i-chcesz-sprawdzic-sie-na-scenie-to-ogloszenie-byc-moze-jest-dla-ciebie\/"},"wordCount":169,"commentCount":0,"publisher":{"@id":"https:\/\/www.24gliwice.pl\/wiadomosci\/#organization"},"image":{"@id":"https:\/\/www.24gliwice.pl\/wiadomosci\/masz-18-lat-poczucie-humoru-i-chcesz-sprawdzic-sie-na-scenie-to-ogloszenie-byc-moze-jest-dla-ciebie\/#primaryimage"},"thumbnailUrl":"https:\/\/www.24gliwice.pl\/wiadomosci\/wp-content\/uploads\/2022\/04\/kabaret.jpg","keywords":["og\u0142oszenie"],"articleSection":["Gliwice","Kultura, wydarzenia, imprezy","Najnowsze wiadomo\u015bci"],"inLanguage":"pl-PL","potentialAction":[{"@type":"CommentAction","name":"Comment","target":["https:\/\/www.24gliwice.pl\/wiadomosci\/masz-18-lat-poczucie-humoru-i-chcesz-sprawdzic-sie-na-scenie-to-ogloszenie-byc-moze-jest-dla-ciebie\/#respond"]}]},{"@type":"WebPage","@id":"https:\/\/www.24gliwice.pl\/wiadomosci\/masz-18-lat-poczucie-humoru-i-chcesz-sprawdzic-sie-na-scenie-to-ogloszenie-byc-moze-jest-dla-ciebie\/","url":"https:\/\/www.24gliwice.pl\/wiadomosci\/masz-18-lat-poczucie-humoru-i-chcesz-sprawdzic-sie-na-scenie-to-ogloszenie-byc-moze-jest-dla-ciebie\/","name":"Masz 18 lat, poczucie humoru i chcesz sprawdzi\u0107 si\u0119 na scenie? To og\u0142oszenie (by\u0107 mo\u017ce) jest dla Ciebie - 24GLIWICE - Portal Gliwice | codziennie nowe informacje","isPartOf":{"@id":"https:\/\/www.24gliwice.pl\/wiadomosci\/#website"},"primaryImageOfPage":{"@id":"https:\/\/www.24gliwice.pl\/wiadomosci\/masz-18-lat-poczucie-humoru-i-chcesz-sprawdzic-sie-na-scenie-to-ogloszenie-byc-moze-jest-dla-ciebie\/#primaryimage"},"image":{"@id":"https:\/\/www.24gliwice.pl\/wiadomosci\/masz-18-lat-poczucie-humoru-i-chcesz-sprawdzic-sie-na-scenie-to-ogloszenie-byc-moze-jest-dla-ciebie\/#primaryimage"},"thumbnailUrl":"https:\/\/www.24gliwice.pl\/wiadomosci\/wp-content\/uploads\/2022\/04\/kabaret.jpg","datePublished":"2022-04-27T13:30:20+00:00","description":"Grupa teatralno-kabaretowa zaprasza osoby zainteresowane do do\u0142\u0105czenia w jej szeregi. Wystarczy mie\u0107 uko\u0144czone 18 lat i poczucie humoru","breadcrumb":{"@id":"https:\/\/www.24gliwice.pl\/wiadomosci\/masz-18-lat-poczucie-humoru-i-chcesz-sprawdzic-sie-na-scenie-to-ogloszenie-byc-moze-jest-dla-ciebie\/#breadcrumb"},"inLanguage":"pl-PL","potentialAction":[{"@type":"ReadAction","target":["https:\/\/www.24gliwice.pl\/wiadomosci\/masz-18-lat-poczucie-humoru-i-chcesz-sprawdzic-sie-na-scenie-to-ogloszenie-byc-moze-jest-dla-ciebie\/"]}]},{"@type":"ImageObject","inLanguage":"pl-PL","@id":"https:\/\/www.24gliwice.pl\/wiadomosci\/masz-18-lat-poczucie-humoru-i-chcesz-sprawdzic-sie-na-scenie-to-ogloszenie-byc-moze-jest-dla-ciebie\/#primaryimage","url":"https:\/\/www.24gliwice.pl\/wiadomosci\/wp-content\/uploads\/2022\/04\/kabaret.jpg","contentUrl":"https:\/\/www.24gliwice.pl\/wiadomosci\/wp-content\/uploads\/2022\/04\/kabaret.jpg","width":810,"height":456},{"@type":"BreadcrumbList","@id":"https:\/\/www.24gliwice.pl\/wiadomosci\/masz-18-lat-poczucie-humoru-i-chcesz-sprawdzic-sie-na-scenie-to-ogloszenie-byc-moze-jest-dla-ciebie\/#breadcrumb","itemListElement":[{"@type":"ListItem","position":1,"name":"Strona g\u0142\u00f3wna","item":"https:\/\/www.24gliwice.pl\/wiadomosci\/"},{"@type":"ListItem","position":2,"name":"Masz 18 lat, poczucie humoru i chcesz sprawdzi\u0107 si\u0119 na scenie? To og\u0142oszenie (by\u0107 mo\u017ce) jest dla Ciebie"}]},{"@type":"WebSite","@id":"https:\/\/www.24gliwice.pl\/wiadomosci\/#website","url":"https:\/\/www.24gliwice.pl\/wiadomosci\/","name":"24GLIWICE - Portal Gliwice | codziennie nowe wiadomo\u015bci","description":"Portal Miejski Gliwice","publisher":{"@id":"https:\/\/www.24gliwice.pl\/wiadomosci\/#organization"},"potentialAction":[{"@type":"SearchAction","target":{"@type":"EntryPoint","urlTemplate":"https:\/\/www.24gliwice.pl\/wiadomosci\/?s={search_term_string}"},"query-input":{"@type":"PropertyValueSpecification","valueRequired":true,"valueName":"search_term_string"}}],"inLanguage":"pl-PL"},{"@type":"Organization","@id":"https:\/\/www.24gliwice.pl\/wiadomosci\/#organization","name":"24gliwice","url":"https:\/\/www.24gliwice.pl\/wiadomosci\/","logo":{"@type":"ImageObject","inLanguage":"pl-PL","@id":"https:\/\/www.24gliwice.pl\/wiadomosci\/#\/schema\/logo\/image\/","url":"https:\/\/www.24gliwice.pl\/wiadomosci\/wp-content\/uploads\/2024\/10\/24gliwice-logo-696.jpg","contentUrl":"https:\/\/www.24gliwice.pl\/wiadomosci\/wp-content\/uploads\/2024\/10\/24gliwice-logo-696.jpg","width":696,"height":696,"caption":"24gliwice"},"image":{"@id":"https:\/\/www.24gliwice.pl\/wiadomosci\/#\/schema\/logo\/image\/"},"sameAs":["https:\/\/www.facebook.com\/24gliwice","https:\/\/x.com\/24gliwice","https:\/\/www.youtube.com\/@24gliwice"]},{"@type":"Person","@id":"https:\/\/www.24gliwice.pl\/wiadomosci\/#\/schema\/person\/e42c650edd7f2fa332be3811fb166b6e","name":"\u017baneta Mrozek-Siewierska","image":{"@type":"ImageObject","inLanguage":"pl-PL","@id":"https:\/\/www.24gliwice.pl\/wiadomosci\/wp-content\/uploads\/2021\/11\/Zaneta-M_S-zdjecie-czb-96x96.jpg","url":"https:\/\/www.24gliwice.pl\/wiadomosci\/wp-content\/uploads\/2021\/11\/Zaneta-M_S-zdjecie-czb-96x96.jpg","contentUrl":"https:\/\/www.24gliwice.pl\/wiadomosci\/wp-content\/uploads\/2021\/11\/Zaneta-M_S-zdjecie-czb-96x96.jpg","caption":"\u017baneta Mrozek-Siewierska"},"url":"https:\/\/www.24gliwice.pl\/wiadomosci\/author\/zms\/"}]}},"_links":{"self":[{"href":"https:\/\/www.24gliwice.pl\/wiadomosci\/wp-json\/wp\/v2\/posts\/191277","targetHints":{"allow":["GET"]}}],"collection":[{"href":"https:\/\/www.24gliwice.pl\/wiadomosci\/wp-json\/wp\/v2\/posts"}],"about":[{"href":"https:\/\/www.24gliwice.pl\/wiadomosci\/wp-json\/wp\/v2\/types\/post"}],"author":[{"embeddable":true,"href":"https:\/\/www.24gliwice.pl\/wiadomosci\/wp-json\/wp\/v2\/users\/15"}],"replies":[{"embeddable":true,"href":"https:\/\/www.24gliwice.pl\/wiadomosci\/wp-json\/wp\/v2\/comments?post=191277"}],"version-history":[{"count":7,"href":"https:\/\/www.24gliwice.pl\/wiadomosci\/wp-json\/wp\/v2\/posts\/191277\/revisions"}],"predecessor-version":[{"id":191301,"href":"https:\/\/www.24gliwice.pl\/wiadomosci\/wp-json\/wp\/v2\/posts\/191277\/revisions\/191301"}],"wp:featuredmedia":[{"embeddable":true,"href":"https:\/\/www.24gliwice.pl\/wiadomosci\/wp-json\/wp\/v2\/media\/191281"}],"wp:attachment":[{"href":"https:\/\/www.24gliwice.pl\/wiadomosci\/wp-json\/wp\/v2\/media?parent=191277"}],"wp:term":[{"taxonomy":"category","embeddable":true,"href":"https:\/\/www.24gliwice.pl\/wiadomosci\/wp-json\/wp\/v2\/categories?post=191277"},{"taxonomy":"post_tag","embeddable":true,"href":"https:\/\/www.24gliwice.pl\/wiadomosci\/wp-json\/wp\/v2\/tags?post=191277"}],"curies":[{"name":"wp","href":"https:\/\/api.w.org\/{rel}","templated":true}]}}