{"id":191665,"date":"2022-05-05T09:21:26","date_gmt":"2022-05-05T07:21:26","guid":{"rendered":"https:\/\/www.24gliwice.pl\/wiadomosci\/?p=191665"},"modified":"2022-05-05T17:24:14","modified_gmt":"2022-05-05T15:24:14","slug":"do-forum-wygodnie-dojechac-mozna-rowniez-na-rowerze-powstalo-nowe-oznakowanie-tras","status":"publish","type":"post","link":"https:\/\/www.24gliwice.pl\/wiadomosci\/do-forum-wygodnie-dojechac-mozna-rowniez-na-rowerze-powstalo-nowe-oznakowanie-tras\/","title":{"rendered":"Do Forum wygodnie dojecha\u0107 mo\u017cna r\u00f3wnie\u017c na rowerze. Powsta\u0142o nowe oznakowanie tras"},"content":{"rendered":"<div class=\"gliwi-a6-nad-leadem-artykulow gliwi-entity-placement\" id=\"gliwi-82735547\"><div class=\"gliwi-adlabel\"><span style=\"font-size: 9px\">REKLAMA<\/span><\/div><div id=\"gliwi-1593781591\" style=\"margin-bottom: 30px;margin-left: auto;margin-right: auto;text-align: center;\"><a data-no-instant=\"1\" href=\"https:\/\/przedszkole.halogen.org.pl\/\" rel=\"noopener\" class=\"a2t-link\" target=\"_blank\" aria-label=\"20260402-ANIMATOR-przedszkole_grafika_750x200\"><img loading=\"lazy\" decoding=\"async\" src=\"https:\/\/www.24gliwice.pl\/wiadomosci\/wp-content\/uploads\/2026\/04\/20260402-ANIMATOR-przedszkole_grafika_750x200.webp\" alt=\"\"  srcset=\"https:\/\/www.24gliwice.pl\/wiadomosci\/wp-content\/uploads\/2026\/04\/20260402-ANIMATOR-przedszkole_grafika_750x200.webp 750w, https:\/\/www.24gliwice.pl\/wiadomosci\/wp-content\/uploads\/2026\/04\/20260402-ANIMATOR-przedszkole_grafika_750x200-410x109.webp 410w\" sizes=\"(max-width: 750px) 100vw, 750px\" class=\"no-lazyload\" width=\"750\" height=\"200\"  style=\"display: inline-block; max-width: 100%; height: auto;\" \/><\/a><\/div><\/div><h2>Oznakowanie na nawierzchni oraz stoj\u0105ce znaki drogowe okre\u015blaj\u0105ce ci\u0105g pieszo-rowerowy pojawi\u0142y si\u0119 wzd\u0142u\u017c budynku Forum. Dzi\u0119ki temu po\u0142\u0105czono \u015bcie\u017cki dla jedno\u015blad\u00f3w na terenie centrum handlowego z trasami rowerowymi realizowanymi w ramach budowy centrum przesiadkowego.<\/h2>\n<p>&nbsp;<br \/>\nNowe oznakowanie ci\u0105gu pieszo-rowerowego na terenie Forum (ul. Lipowa 1) pojawi\u0142o si\u0119 wzd\u0142u\u017c budynku od strony ulic Tarnog\u00f3rskiej i Traugutta, r\u00f3wnolegle do tor\u00f3w kolejowych. Aktualnie jedno\u015bladami wje\u017cd\u017ca si\u0119 na parking rowerowy znajduj\u0105cy si\u0119 na terenie Forum dok\u0142adnie i profesjonalnie oznakowan\u0105 drog\u0105. Dzi\u0119ki temu te\u017c trasa na terenie Forum po\u0142\u0105czy\u0142a si\u0119 z sieci\u0105 miejskich tras rowerowych.<\/p>\n<h4>Oznakowanie trasy dla pieszych i rowerzyst\u00f3w na terenie centrum handlowego jest wynikiem dobrej wsp\u00f3\u0142pracy z przedstawicielami Gliwickiej Rady Rowerowej.<\/h4>\n<p>&#8211; <em>Przedstawiciele Gliwickiej Rady Rowerowej zainspirowali nas i s\u0142u\u017cyli wsparciem na etapie planowania trasy. Samo oznakowanie wykonali\u015bmy ju\u017c bardzo szybko. Tej wiosny pierwsi rowerzy\u015bci wjechali na nasz teren \u015bcie\u017ck\u0105, kt\u00f3ra jest profesjonalnie oznakowana. Takie dzia\u0142ania to nasz spos\u00f3b odpowiedzi na realizacj\u0119 w Gliwicach idei zr\u00f3wnowa\u017conej mobilno\u015bci a tak\u017ce uwzgl\u0119dnienie wygody oraz bezpiecze\u0144stwa os\u00f3b, kt\u00f3re przesiad\u0142y si\u0119 na rowery<\/em> \u2013 m\u00f3wi <strong>Patrycja Duczmal<\/strong>, dyrektor Centrum Handlowego Forum w Gliwicach.<\/p><div class=\"gliwi-a3-w-tresci-artykulow gliwi-entity-placement\" id=\"gliwi-736509148\"><div class=\"gliwi-adlabel\"><span style=\"font-size: 9px\">REKLAMA<\/span><\/div><div id=\"gliwi-3806928728\" style=\"margin-bottom: 30px;margin-left: auto;margin-right: auto;text-align: center;\"><a data-no-instant=\"1\" href=\"https:\/\/zlobek.halogen.org.pl\/\" rel=\"noopener\" class=\"a2t-link\" target=\"_blank\" aria-label=\"animator-zlobek_750x200\"><img loading=\"lazy\" decoding=\"async\" src=\"https:\/\/www.24gliwice.pl\/wiadomosci\/wp-content\/uploads\/2026\/02\/animator-zlobek_750x200.webp\" alt=\"\"  srcset=\"https:\/\/www.24gliwice.pl\/wiadomosci\/wp-content\/uploads\/2026\/02\/animator-zlobek_750x200.webp 750w, https:\/\/www.24gliwice.pl\/wiadomosci\/wp-content\/uploads\/2026\/02\/animator-zlobek_750x200-410x109.webp 410w\" sizes=\"(max-width: 750px) 100vw, 750px\" class=\"no-lazyload\" width=\"750\" height=\"200\"  style=\"display: inline-block; max-width: 100%; height: auto;\" \/><\/a><\/div><\/div>\n<p><a href=\"https:\/\/www.24gliwice.pl\/wiadomosci\/wp-content\/uploads\/2022\/05\/trasy-parking-rowerowy-forum.jpg\"><img loading=\"lazy\" decoding=\"async\" class=\"alignnone size-full wp-image-191671\" src=\"https:\/\/www.24gliwice.pl\/wiadomosci\/wp-content\/uploads\/2022\/05\/trasy-parking-rowerowy-forum.jpg\" alt=\"\" width=\"810\" height=\"531\" srcset=\"https:\/\/www.24gliwice.pl\/wiadomosci\/wp-content\/uploads\/2022\/05\/trasy-parking-rowerowy-forum.jpg 810w, https:\/\/www.24gliwice.pl\/wiadomosci\/wp-content\/uploads\/2022\/05\/trasy-parking-rowerowy-forum-354x232.jpg 354w, https:\/\/www.24gliwice.pl\/wiadomosci\/wp-content\/uploads\/2022\/05\/trasy-parking-rowerowy-forum-694x455.jpg 694w, https:\/\/www.24gliwice.pl\/wiadomosci\/wp-content\/uploads\/2022\/05\/trasy-parking-rowerowy-forum-768x503.jpg 768w\" sizes=\"auto, (max-width: 810px) 100vw, 810px\" \/><\/a><\/p>\n<p>&#8211; Spi\u0119cie miejskich tras rowerowych z drogami na terenie Forum jest o tyle wa\u017cne i chc\u0119 to doceni\u0107, \u017ce wielu rowerzyst\u00f3w korzysta z tamtejszego parkingu. To jeden z najlepszych parking\u00f3w rowerowych w mie\u015bcie. Jest zadaszony, monitorowany oraz ma U-kszta\u0142tne stojaki. Znajduje si\u0119 na nim stacja naprawcza \u2013 m\u00f3wi <strong>Tomasz Herud<\/strong>, prezes Gliwickiej Rady Rowerowej.<\/p>\n<p><a href=\"https:\/\/www.24gliwice.pl\/wiadomosci\/wp-content\/uploads\/2022\/05\/trasy-rowerowe-forum-2.jpg\"><img loading=\"lazy\" decoding=\"async\" class=\"alignnone  wp-image-191672\" src=\"https:\/\/www.24gliwice.pl\/wiadomosci\/wp-content\/uploads\/2022\/05\/trasy-rowerowe-forum-2.jpg\" alt=\"\" width=\"1009\" height=\"1360\" srcset=\"https:\/\/www.24gliwice.pl\/wiadomosci\/wp-content\/uploads\/2022\/05\/trasy-rowerowe-forum-2.jpg 601w, https:\/\/www.24gliwice.pl\/wiadomosci\/wp-content\/uploads\/2022\/05\/trasy-rowerowe-forum-2-172x232.jpg 172w, https:\/\/www.24gliwice.pl\/wiadomosci\/wp-content\/uploads\/2022\/05\/trasy-rowerowe-forum-2-338x455.jpg 338w\" sizes=\"auto, (max-width: 1009px) 100vw, 1009px\" \/><\/a><\/p>\n<div class=\"gliwi-a5-na-koncu-artykulow gliwi-entity-placement\" id=\"gliwi-2548973997\"><div class=\"gliwi-adlabel\"><span style=\"font-size: 9px\">REKLAMA<\/span><\/div><div id=\"gliwi-742987235\" style=\"margin-left: auto;margin-right: auto;text-align: center;\"><a data-no-instant=\"1\" href=\"https:\/\/prezeroarenagliwice.pl\/\" rel=\"noopener\" class=\"a2t-link\" target=\"_blank\" aria-label=\"20260309-PREZERO-WIOSNA-D\"><img loading=\"lazy\" decoding=\"async\" src=\"https:\/\/www.24gliwice.pl\/wiadomosci\/wp-content\/uploads\/2026\/03\/20260309-PREZERO-WIOSNA-D.webp\" alt=\"\"  srcset=\"https:\/\/www.24gliwice.pl\/wiadomosci\/wp-content\/uploads\/2026\/03\/20260309-PREZERO-WIOSNA-D.webp 750w, https:\/\/www.24gliwice.pl\/wiadomosci\/wp-content\/uploads\/2026\/03\/20260309-PREZERO-WIOSNA-D-410x109.webp 410w\" sizes=\"(max-width: 750px) 100vw, 750px\" class=\"no-lazyload\" width=\"750\" height=\"200\"  style=\"display: inline-block; max-width: 100%; height: auto;\" \/><\/a><\/div><\/div>","protected":false},"excerpt":{"rendered":"<p>Oznakowanie na nawierzchni oraz stoj\u0105ce znaki drogowe okre\u015blaj\u0105ce ci\u0105g pieszo-rowerowy pojawi\u0142y si\u0119 wzd\u0142u\u017c budynku Forum. Dzi\u0119ki temu po\u0142\u0105czono \u015bcie\u017cki dla jedno\u015blad\u00f3w na terenie centrum handlowego z trasami rowerowymi realizowanymi w ramach budowy centrum przesiadkowego. &nbsp; Nowe oznakowanie ci\u0105gu pieszo-rowerowego na terenie Forum (ul. Lipowa 1) pojawi\u0142o si\u0119 wzd\u0142u\u017c budynku od strony ulic Tarnog\u00f3rskiej i Traugutta, [&hellip;]<\/p>\n","protected":false},"author":15,"featured_media":191673,"comment_status":"open","ping_status":"closed","sticky":false,"template":"","format":"standard","meta":{"_monsterinsights_skip_tracking":false,"_monsterinsights_sitenote_active":false,"_monsterinsights_sitenote_note":"","_monsterinsights_sitenote_category":0,"footnotes":"","_links_to":"","_links_to_target":""},"categories":[3,1],"tags":[],"class_list":["post-191665","post","type-post","status-publish","format-standard","has-post-thumbnail","hentry","category-gliwice","category-wszystko"],"yoast_head":"<!-- This site is optimized with the Yoast SEO plugin v27.4 - https:\/\/yoast.com\/product\/yoast-seo-wordpress\/ -->\n<title>Do Forum wygodnie dojecha\u0107 mo\u017cna r\u00f3wnie\u017c na rowerze. Powsta\u0142o nowe oznakowanie tras - 24GLIWICE - Portal Gliwice | codziennie nowe informacje<\/title>\n<meta name=\"description\" content=\"Trasy rowerowe wok\u00f3\u0142 Forum zosta\u0142y ostatnio oznakowane i po\u0142\u0105czone z miejskimi drogami dla rower\u00f3w, jakie powsta\u0142y w ostatnim czasie\" \/>\n<meta name=\"robots\" content=\"index, follow, max-snippet:-1, max-image-preview:large, max-video-preview:-1\" \/>\n<link rel=\"canonical\" href=\"https:\/\/www.24gliwice.pl\/wiadomosci\/do-forum-wygodnie-dojechac-mozna-rowniez-na-rowerze-powstalo-nowe-oznakowanie-tras\/\" \/>\n<meta property=\"og:locale\" content=\"pl_PL\" \/>\n<meta property=\"og:type\" content=\"article\" \/>\n<meta property=\"og:title\" content=\"Do Forum wygodnie dojecha\u0107 mo\u017cna r\u00f3wnie\u017c na rowerze. Powsta\u0142o nowe oznakowanie tras - 24GLIWICE - Portal Gliwice | codziennie nowe informacje\" \/>\n<meta property=\"og:description\" content=\"Trasy rowerowe wok\u00f3\u0142 Forum zosta\u0142y ostatnio oznakowane i po\u0142\u0105czone z miejskimi drogami dla rower\u00f3w, jakie powsta\u0142y w ostatnim czasie\" \/>\n<meta property=\"og:url\" content=\"https:\/\/www.24gliwice.pl\/wiadomosci\/do-forum-wygodnie-dojechac-mozna-rowniez-na-rowerze-powstalo-nowe-oznakowanie-tras\/\" \/>\n<meta property=\"og:site_name\" content=\"24GLIWICE - Portal Gliwice | codziennie nowe informacje\" \/>\n<meta property=\"article:publisher\" content=\"https:\/\/www.facebook.com\/24gliwice\" \/>\n<meta property=\"article:published_time\" content=\"2022-05-05T07:21:26+00:00\" \/>\n<meta property=\"article:modified_time\" content=\"2022-05-05T15:24:14+00:00\" \/>\n<meta property=\"og:image\" content=\"https:\/\/www.24gliwice.pl\/wiadomosci\/wp-content\/uploads\/2022\/05\/trasy-rowerowe-forum.jpg\" \/>\n\t<meta property=\"og:image:width\" content=\"810\" \/>\n\t<meta property=\"og:image:height\" content=\"457\" \/>\n\t<meta property=\"og:image:type\" content=\"image\/jpeg\" \/>\n<meta name=\"author\" content=\"\u017baneta Mrozek-Siewierska\" \/>\n<meta name=\"twitter:card\" content=\"summary_large_image\" \/>\n<meta name=\"twitter:creator\" content=\"@24gliwice\" \/>\n<meta name=\"twitter:site\" content=\"@24gliwice\" \/>\n<meta name=\"twitter:label1\" content=\"Napisane przez\" \/>\n\t<meta name=\"twitter:data1\" content=\"\u017baneta Mrozek-Siewierska\" \/>\n\t<meta name=\"twitter:label2\" content=\"Szacowany czas czytania\" \/>\n\t<meta name=\"twitter:data2\" content=\"2 minuty\" \/>\n<script type=\"application\/ld+json\" class=\"yoast-schema-graph\">{\"@context\":\"https:\\\/\\\/schema.org\",\"@graph\":[{\"@type\":\"Article\",\"@id\":\"https:\\\/\\\/www.24gliwice.pl\\\/wiadomosci\\\/do-forum-wygodnie-dojechac-mozna-rowniez-na-rowerze-powstalo-nowe-oznakowanie-tras\\\/#article\",\"isPartOf\":{\"@id\":\"https:\\\/\\\/www.24gliwice.pl\\\/wiadomosci\\\/do-forum-wygodnie-dojechac-mozna-rowniez-na-rowerze-powstalo-nowe-oznakowanie-tras\\\/\"},\"author\":{\"name\":\"\u017baneta Mrozek-Siewierska\",\"@id\":\"https:\\\/\\\/www.24gliwice.pl\\\/wiadomosci\\\/#\\\/schema\\\/person\\\/e42c650edd7f2fa332be3811fb166b6e\"},\"headline\":\"Do Forum wygodnie dojecha\u0107 mo\u017cna r\u00f3wnie\u017c na rowerze. Powsta\u0142o nowe oznakowanie tras\",\"datePublished\":\"2022-05-05T07:21:26+00:00\",\"dateModified\":\"2022-05-05T15:24:14+00:00\",\"mainEntityOfPage\":{\"@id\":\"https:\\\/\\\/www.24gliwice.pl\\\/wiadomosci\\\/do-forum-wygodnie-dojechac-mozna-rowniez-na-rowerze-powstalo-nowe-oznakowanie-tras\\\/\"},\"wordCount\":295,\"commentCount\":0,\"publisher\":{\"@id\":\"https:\\\/\\\/www.24gliwice.pl\\\/wiadomosci\\\/#organization\"},\"image\":{\"@id\":\"https:\\\/\\\/www.24gliwice.pl\\\/wiadomosci\\\/do-forum-wygodnie-dojechac-mozna-rowniez-na-rowerze-powstalo-nowe-oznakowanie-tras\\\/#primaryimage\"},\"thumbnailUrl\":\"https:\\\/\\\/www.24gliwice.pl\\\/wiadomosci\\\/wp-content\\\/uploads\\\/2022\\\/05\\\/trasy-rowerowe-forum.jpg\",\"articleSection\":[\"Gliwice\",\"Najnowsze wiadomo\u015bci\"],\"inLanguage\":\"pl-PL\",\"potentialAction\":[{\"@type\":\"CommentAction\",\"name\":\"Comment\",\"target\":[\"https:\\\/\\\/www.24gliwice.pl\\\/wiadomosci\\\/do-forum-wygodnie-dojechac-mozna-rowniez-na-rowerze-powstalo-nowe-oznakowanie-tras\\\/#respond\"]}]},{\"@type\":\"WebPage\",\"@id\":\"https:\\\/\\\/www.24gliwice.pl\\\/wiadomosci\\\/do-forum-wygodnie-dojechac-mozna-rowniez-na-rowerze-powstalo-nowe-oznakowanie-tras\\\/\",\"url\":\"https:\\\/\\\/www.24gliwice.pl\\\/wiadomosci\\\/do-forum-wygodnie-dojechac-mozna-rowniez-na-rowerze-powstalo-nowe-oznakowanie-tras\\\/\",\"name\":\"Do Forum wygodnie dojecha\u0107 mo\u017cna r\u00f3wnie\u017c na rowerze. Powsta\u0142o nowe oznakowanie tras - 24GLIWICE - Portal Gliwice | codziennie nowe informacje\",\"isPartOf\":{\"@id\":\"https:\\\/\\\/www.24gliwice.pl\\\/wiadomosci\\\/#website\"},\"primaryImageOfPage\":{\"@id\":\"https:\\\/\\\/www.24gliwice.pl\\\/wiadomosci\\\/do-forum-wygodnie-dojechac-mozna-rowniez-na-rowerze-powstalo-nowe-oznakowanie-tras\\\/#primaryimage\"},\"image\":{\"@id\":\"https:\\\/\\\/www.24gliwice.pl\\\/wiadomosci\\\/do-forum-wygodnie-dojechac-mozna-rowniez-na-rowerze-powstalo-nowe-oznakowanie-tras\\\/#primaryimage\"},\"thumbnailUrl\":\"https:\\\/\\\/www.24gliwice.pl\\\/wiadomosci\\\/wp-content\\\/uploads\\\/2022\\\/05\\\/trasy-rowerowe-forum.jpg\",\"datePublished\":\"2022-05-05T07:21:26+00:00\",\"dateModified\":\"2022-05-05T15:24:14+00:00\",\"description\":\"Trasy rowerowe wok\u00f3\u0142 Forum zosta\u0142y ostatnio oznakowane i po\u0142\u0105czone z miejskimi drogami dla rower\u00f3w, jakie powsta\u0142y w ostatnim czasie\",\"breadcrumb\":{\"@id\":\"https:\\\/\\\/www.24gliwice.pl\\\/wiadomosci\\\/do-forum-wygodnie-dojechac-mozna-rowniez-na-rowerze-powstalo-nowe-oznakowanie-tras\\\/#breadcrumb\"},\"inLanguage\":\"pl-PL\",\"potentialAction\":[{\"@type\":\"ReadAction\",\"target\":[\"https:\\\/\\\/www.24gliwice.pl\\\/wiadomosci\\\/do-forum-wygodnie-dojechac-mozna-rowniez-na-rowerze-powstalo-nowe-oznakowanie-tras\\\/\"]}]},{\"@type\":\"ImageObject\",\"inLanguage\":\"pl-PL\",\"@id\":\"https:\\\/\\\/www.24gliwice.pl\\\/wiadomosci\\\/do-forum-wygodnie-dojechac-mozna-rowniez-na-rowerze-powstalo-nowe-oznakowanie-tras\\\/#primaryimage\",\"url\":\"https:\\\/\\\/www.24gliwice.pl\\\/wiadomosci\\\/wp-content\\\/uploads\\\/2022\\\/05\\\/trasy-rowerowe-forum.jpg\",\"contentUrl\":\"https:\\\/\\\/www.24gliwice.pl\\\/wiadomosci\\\/wp-content\\\/uploads\\\/2022\\\/05\\\/trasy-rowerowe-forum.jpg\",\"width\":810,\"height\":457},{\"@type\":\"BreadcrumbList\",\"@id\":\"https:\\\/\\\/www.24gliwice.pl\\\/wiadomosci\\\/do-forum-wygodnie-dojechac-mozna-rowniez-na-rowerze-powstalo-nowe-oznakowanie-tras\\\/#breadcrumb\",\"itemListElement\":[{\"@type\":\"ListItem\",\"position\":1,\"name\":\"Strona g\u0142\u00f3wna\",\"item\":\"https:\\\/\\\/www.24gliwice.pl\\\/wiadomosci\\\/\"},{\"@type\":\"ListItem\",\"position\":2,\"name\":\"Do Forum wygodnie dojecha\u0107 mo\u017cna r\u00f3wnie\u017c na rowerze. Powsta\u0142o nowe oznakowanie tras\"}]},{\"@type\":\"WebSite\",\"@id\":\"https:\\\/\\\/www.24gliwice.pl\\\/wiadomosci\\\/#website\",\"url\":\"https:\\\/\\\/www.24gliwice.pl\\\/wiadomosci\\\/\",\"name\":\"24GLIWICE - Portal Gliwice | codziennie nowe wiadomo\u015bci\",\"description\":\"Portal Miejski Gliwice\",\"publisher\":{\"@id\":\"https:\\\/\\\/www.24gliwice.pl\\\/wiadomosci\\\/#organization\"},\"potentialAction\":[{\"@type\":\"SearchAction\",\"target\":{\"@type\":\"EntryPoint\",\"urlTemplate\":\"https:\\\/\\\/www.24gliwice.pl\\\/wiadomosci\\\/?s={search_term_string}\"},\"query-input\":{\"@type\":\"PropertyValueSpecification\",\"valueRequired\":true,\"valueName\":\"search_term_string\"}}],\"inLanguage\":\"pl-PL\"},{\"@type\":\"Organization\",\"@id\":\"https:\\\/\\\/www.24gliwice.pl\\\/wiadomosci\\\/#organization\",\"name\":\"24gliwice\",\"url\":\"https:\\\/\\\/www.24gliwice.pl\\\/wiadomosci\\\/\",\"logo\":{\"@type\":\"ImageObject\",\"inLanguage\":\"pl-PL\",\"@id\":\"https:\\\/\\\/www.24gliwice.pl\\\/wiadomosci\\\/#\\\/schema\\\/logo\\\/image\\\/\",\"url\":\"https:\\\/\\\/www.24gliwice.pl\\\/wiadomosci\\\/wp-content\\\/uploads\\\/2024\\\/10\\\/24gliwice-logo-696.jpg\",\"contentUrl\":\"https:\\\/\\\/www.24gliwice.pl\\\/wiadomosci\\\/wp-content\\\/uploads\\\/2024\\\/10\\\/24gliwice-logo-696.jpg\",\"width\":696,\"height\":696,\"caption\":\"24gliwice\"},\"image\":{\"@id\":\"https:\\\/\\\/www.24gliwice.pl\\\/wiadomosci\\\/#\\\/schema\\\/logo\\\/image\\\/\"},\"sameAs\":[\"https:\\\/\\\/www.facebook.com\\\/24gliwice\",\"https:\\\/\\\/x.com\\\/24gliwice\",\"https:\\\/\\\/www.youtube.com\\\/@24gliwice\"]},{\"@type\":\"Person\",\"@id\":\"https:\\\/\\\/www.24gliwice.pl\\\/wiadomosci\\\/#\\\/schema\\\/person\\\/e42c650edd7f2fa332be3811fb166b6e\",\"name\":\"\u017baneta Mrozek-Siewierska\",\"image\":{\"@type\":\"ImageObject\",\"inLanguage\":\"pl-PL\",\"@id\":\"https:\\\/\\\/www.24gliwice.pl\\\/wiadomosci\\\/wp-content\\\/uploads\\\/2021\\\/11\\\/Zaneta-M_S-zdjecie-czb-96x96.jpg\",\"url\":\"https:\\\/\\\/www.24gliwice.pl\\\/wiadomosci\\\/wp-content\\\/uploads\\\/2021\\\/11\\\/Zaneta-M_S-zdjecie-czb-96x96.jpg\",\"contentUrl\":\"https:\\\/\\\/www.24gliwice.pl\\\/wiadomosci\\\/wp-content\\\/uploads\\\/2021\\\/11\\\/Zaneta-M_S-zdjecie-czb-96x96.jpg\",\"caption\":\"\u017baneta Mrozek-Siewierska\"},\"url\":\"https:\\\/\\\/www.24gliwice.pl\\\/wiadomosci\\\/author\\\/zms\\\/\"}]}<\/script>\n<!-- \/ Yoast SEO plugin. -->","yoast_head_json":{"title":"Do Forum wygodnie dojecha\u0107 mo\u017cna r\u00f3wnie\u017c na rowerze. Powsta\u0142o nowe oznakowanie tras - 24GLIWICE - Portal Gliwice | codziennie nowe informacje","description":"Trasy rowerowe wok\u00f3\u0142 Forum zosta\u0142y ostatnio oznakowane i po\u0142\u0105czone z miejskimi drogami dla rower\u00f3w, jakie powsta\u0142y w ostatnim czasie","robots":{"index":"index","follow":"follow","max-snippet":"max-snippet:-1","max-image-preview":"max-image-preview:large","max-video-preview":"max-video-preview:-1"},"canonical":"https:\/\/www.24gliwice.pl\/wiadomosci\/do-forum-wygodnie-dojechac-mozna-rowniez-na-rowerze-powstalo-nowe-oznakowanie-tras\/","og_locale":"pl_PL","og_type":"article","og_title":"Do Forum wygodnie dojecha\u0107 mo\u017cna r\u00f3wnie\u017c na rowerze. Powsta\u0142o nowe oznakowanie tras - 24GLIWICE - Portal Gliwice | codziennie nowe informacje","og_description":"Trasy rowerowe wok\u00f3\u0142 Forum zosta\u0142y ostatnio oznakowane i po\u0142\u0105czone z miejskimi drogami dla rower\u00f3w, jakie powsta\u0142y w ostatnim czasie","og_url":"https:\/\/www.24gliwice.pl\/wiadomosci\/do-forum-wygodnie-dojechac-mozna-rowniez-na-rowerze-powstalo-nowe-oznakowanie-tras\/","og_site_name":"24GLIWICE - Portal Gliwice | codziennie nowe informacje","article_publisher":"https:\/\/www.facebook.com\/24gliwice","article_published_time":"2022-05-05T07:21:26+00:00","article_modified_time":"2022-05-05T15:24:14+00:00","og_image":[{"width":810,"height":457,"url":"https:\/\/www.24gliwice.pl\/wiadomosci\/wp-content\/uploads\/2022\/05\/trasy-rowerowe-forum.jpg","type":"image\/jpeg"}],"author":"\u017baneta Mrozek-Siewierska","twitter_card":"summary_large_image","twitter_creator":"@24gliwice","twitter_site":"@24gliwice","twitter_misc":{"Napisane przez":"\u017baneta Mrozek-Siewierska","Szacowany czas czytania":"2 minuty"},"schema":{"@context":"https:\/\/schema.org","@graph":[{"@type":"Article","@id":"https:\/\/www.24gliwice.pl\/wiadomosci\/do-forum-wygodnie-dojechac-mozna-rowniez-na-rowerze-powstalo-nowe-oznakowanie-tras\/#article","isPartOf":{"@id":"https:\/\/www.24gliwice.pl\/wiadomosci\/do-forum-wygodnie-dojechac-mozna-rowniez-na-rowerze-powstalo-nowe-oznakowanie-tras\/"},"author":{"name":"\u017baneta Mrozek-Siewierska","@id":"https:\/\/www.24gliwice.pl\/wiadomosci\/#\/schema\/person\/e42c650edd7f2fa332be3811fb166b6e"},"headline":"Do Forum wygodnie dojecha\u0107 mo\u017cna r\u00f3wnie\u017c na rowerze. Powsta\u0142o nowe oznakowanie tras","datePublished":"2022-05-05T07:21:26+00:00","dateModified":"2022-05-05T15:24:14+00:00","mainEntityOfPage":{"@id":"https:\/\/www.24gliwice.pl\/wiadomosci\/do-forum-wygodnie-dojechac-mozna-rowniez-na-rowerze-powstalo-nowe-oznakowanie-tras\/"},"wordCount":295,"commentCount":0,"publisher":{"@id":"https:\/\/www.24gliwice.pl\/wiadomosci\/#organization"},"image":{"@id":"https:\/\/www.24gliwice.pl\/wiadomosci\/do-forum-wygodnie-dojechac-mozna-rowniez-na-rowerze-powstalo-nowe-oznakowanie-tras\/#primaryimage"},"thumbnailUrl":"https:\/\/www.24gliwice.pl\/wiadomosci\/wp-content\/uploads\/2022\/05\/trasy-rowerowe-forum.jpg","articleSection":["Gliwice","Najnowsze wiadomo\u015bci"],"inLanguage":"pl-PL","potentialAction":[{"@type":"CommentAction","name":"Comment","target":["https:\/\/www.24gliwice.pl\/wiadomosci\/do-forum-wygodnie-dojechac-mozna-rowniez-na-rowerze-powstalo-nowe-oznakowanie-tras\/#respond"]}]},{"@type":"WebPage","@id":"https:\/\/www.24gliwice.pl\/wiadomosci\/do-forum-wygodnie-dojechac-mozna-rowniez-na-rowerze-powstalo-nowe-oznakowanie-tras\/","url":"https:\/\/www.24gliwice.pl\/wiadomosci\/do-forum-wygodnie-dojechac-mozna-rowniez-na-rowerze-powstalo-nowe-oznakowanie-tras\/","name":"Do Forum wygodnie dojecha\u0107 mo\u017cna r\u00f3wnie\u017c na rowerze. Powsta\u0142o nowe oznakowanie tras - 24GLIWICE - Portal Gliwice | codziennie nowe informacje","isPartOf":{"@id":"https:\/\/www.24gliwice.pl\/wiadomosci\/#website"},"primaryImageOfPage":{"@id":"https:\/\/www.24gliwice.pl\/wiadomosci\/do-forum-wygodnie-dojechac-mozna-rowniez-na-rowerze-powstalo-nowe-oznakowanie-tras\/#primaryimage"},"image":{"@id":"https:\/\/www.24gliwice.pl\/wiadomosci\/do-forum-wygodnie-dojechac-mozna-rowniez-na-rowerze-powstalo-nowe-oznakowanie-tras\/#primaryimage"},"thumbnailUrl":"https:\/\/www.24gliwice.pl\/wiadomosci\/wp-content\/uploads\/2022\/05\/trasy-rowerowe-forum.jpg","datePublished":"2022-05-05T07:21:26+00:00","dateModified":"2022-05-05T15:24:14+00:00","description":"Trasy rowerowe wok\u00f3\u0142 Forum zosta\u0142y ostatnio oznakowane i po\u0142\u0105czone z miejskimi drogami dla rower\u00f3w, jakie powsta\u0142y w ostatnim czasie","breadcrumb":{"@id":"https:\/\/www.24gliwice.pl\/wiadomosci\/do-forum-wygodnie-dojechac-mozna-rowniez-na-rowerze-powstalo-nowe-oznakowanie-tras\/#breadcrumb"},"inLanguage":"pl-PL","potentialAction":[{"@type":"ReadAction","target":["https:\/\/www.24gliwice.pl\/wiadomosci\/do-forum-wygodnie-dojechac-mozna-rowniez-na-rowerze-powstalo-nowe-oznakowanie-tras\/"]}]},{"@type":"ImageObject","inLanguage":"pl-PL","@id":"https:\/\/www.24gliwice.pl\/wiadomosci\/do-forum-wygodnie-dojechac-mozna-rowniez-na-rowerze-powstalo-nowe-oznakowanie-tras\/#primaryimage","url":"https:\/\/www.24gliwice.pl\/wiadomosci\/wp-content\/uploads\/2022\/05\/trasy-rowerowe-forum.jpg","contentUrl":"https:\/\/www.24gliwice.pl\/wiadomosci\/wp-content\/uploads\/2022\/05\/trasy-rowerowe-forum.jpg","width":810,"height":457},{"@type":"BreadcrumbList","@id":"https:\/\/www.24gliwice.pl\/wiadomosci\/do-forum-wygodnie-dojechac-mozna-rowniez-na-rowerze-powstalo-nowe-oznakowanie-tras\/#breadcrumb","itemListElement":[{"@type":"ListItem","position":1,"name":"Strona g\u0142\u00f3wna","item":"https:\/\/www.24gliwice.pl\/wiadomosci\/"},{"@type":"ListItem","position":2,"name":"Do Forum wygodnie dojecha\u0107 mo\u017cna r\u00f3wnie\u017c na rowerze. Powsta\u0142o nowe oznakowanie tras"}]},{"@type":"WebSite","@id":"https:\/\/www.24gliwice.pl\/wiadomosci\/#website","url":"https:\/\/www.24gliwice.pl\/wiadomosci\/","name":"24GLIWICE - Portal Gliwice | codziennie nowe wiadomo\u015bci","description":"Portal Miejski Gliwice","publisher":{"@id":"https:\/\/www.24gliwice.pl\/wiadomosci\/#organization"},"potentialAction":[{"@type":"SearchAction","target":{"@type":"EntryPoint","urlTemplate":"https:\/\/www.24gliwice.pl\/wiadomosci\/?s={search_term_string}"},"query-input":{"@type":"PropertyValueSpecification","valueRequired":true,"valueName":"search_term_string"}}],"inLanguage":"pl-PL"},{"@type":"Organization","@id":"https:\/\/www.24gliwice.pl\/wiadomosci\/#organization","name":"24gliwice","url":"https:\/\/www.24gliwice.pl\/wiadomosci\/","logo":{"@type":"ImageObject","inLanguage":"pl-PL","@id":"https:\/\/www.24gliwice.pl\/wiadomosci\/#\/schema\/logo\/image\/","url":"https:\/\/www.24gliwice.pl\/wiadomosci\/wp-content\/uploads\/2024\/10\/24gliwice-logo-696.jpg","contentUrl":"https:\/\/www.24gliwice.pl\/wiadomosci\/wp-content\/uploads\/2024\/10\/24gliwice-logo-696.jpg","width":696,"height":696,"caption":"24gliwice"},"image":{"@id":"https:\/\/www.24gliwice.pl\/wiadomosci\/#\/schema\/logo\/image\/"},"sameAs":["https:\/\/www.facebook.com\/24gliwice","https:\/\/x.com\/24gliwice","https:\/\/www.youtube.com\/@24gliwice"]},{"@type":"Person","@id":"https:\/\/www.24gliwice.pl\/wiadomosci\/#\/schema\/person\/e42c650edd7f2fa332be3811fb166b6e","name":"\u017baneta Mrozek-Siewierska","image":{"@type":"ImageObject","inLanguage":"pl-PL","@id":"https:\/\/www.24gliwice.pl\/wiadomosci\/wp-content\/uploads\/2021\/11\/Zaneta-M_S-zdjecie-czb-96x96.jpg","url":"https:\/\/www.24gliwice.pl\/wiadomosci\/wp-content\/uploads\/2021\/11\/Zaneta-M_S-zdjecie-czb-96x96.jpg","contentUrl":"https:\/\/www.24gliwice.pl\/wiadomosci\/wp-content\/uploads\/2021\/11\/Zaneta-M_S-zdjecie-czb-96x96.jpg","caption":"\u017baneta Mrozek-Siewierska"},"url":"https:\/\/www.24gliwice.pl\/wiadomosci\/author\/zms\/"}]}},"_links":{"self":[{"href":"https:\/\/www.24gliwice.pl\/wiadomosci\/wp-json\/wp\/v2\/posts\/191665","targetHints":{"allow":["GET"]}}],"collection":[{"href":"https:\/\/www.24gliwice.pl\/wiadomosci\/wp-json\/wp\/v2\/posts"}],"about":[{"href":"https:\/\/www.24gliwice.pl\/wiadomosci\/wp-json\/wp\/v2\/types\/post"}],"author":[{"embeddable":true,"href":"https:\/\/www.24gliwice.pl\/wiadomosci\/wp-json\/wp\/v2\/users\/15"}],"replies":[{"embeddable":true,"href":"https:\/\/www.24gliwice.pl\/wiadomosci\/wp-json\/wp\/v2\/comments?post=191665"}],"version-history":[{"count":8,"href":"https:\/\/www.24gliwice.pl\/wiadomosci\/wp-json\/wp\/v2\/posts\/191665\/revisions"}],"predecessor-version":[{"id":191690,"href":"https:\/\/www.24gliwice.pl\/wiadomosci\/wp-json\/wp\/v2\/posts\/191665\/revisions\/191690"}],"wp:featuredmedia":[{"embeddable":true,"href":"https:\/\/www.24gliwice.pl\/wiadomosci\/wp-json\/wp\/v2\/media\/191673"}],"wp:attachment":[{"href":"https:\/\/www.24gliwice.pl\/wiadomosci\/wp-json\/wp\/v2\/media?parent=191665"}],"wp:term":[{"taxonomy":"category","embeddable":true,"href":"https:\/\/www.24gliwice.pl\/wiadomosci\/wp-json\/wp\/v2\/categories?post=191665"},{"taxonomy":"post_tag","embeddable":true,"href":"https:\/\/www.24gliwice.pl\/wiadomosci\/wp-json\/wp\/v2\/tags?post=191665"}],"curies":[{"name":"wp","href":"https:\/\/api.w.org\/{rel}","templated":true}]}}