{"id":191691,"date":"2022-05-05T17:23:22","date_gmt":"2022-05-05T15:23:22","guid":{"rendered":"https:\/\/www.24gliwice.pl\/wiadomosci\/?p=191691"},"modified":"2022-05-05T17:23:22","modified_gmt":"2022-05-05T15:23:22","slug":"fragment-ciagu-pieszo-rowerowego-po-roku-doczekal-sie-nawierzchni-co-z-pozostalym-odcinkiem","status":"publish","type":"post","link":"https:\/\/www.24gliwice.pl\/wiadomosci\/fragment-ciagu-pieszo-rowerowego-po-roku-doczekal-sie-nawierzchni-co-z-pozostalym-odcinkiem\/","title":{"rendered":"Fragment ci\u0105gu pieszo-rowerowego po roku doczeka\u0142 si\u0119 nawierzchni. Co z pozosta\u0142ym odcinkiem?"},"content":{"rendered":"<div class=\"gliwi-a6-nad-leadem-artykulow gliwi-entity-placement\" id=\"gliwi-1255928937\"><div class=\"gliwi-adlabel\"><span style=\"font-size: 9px\">REKLAMA<\/span><\/div><div id=\"gliwi-3765863470\" style=\"margin-bottom: 25px;margin-left: auto;margin-right: auto;text-align: center;\"><a data-no-instant=\"1\" href=\"https:\/\/dom100.eu\/\" rel=\"noopener\" class=\"a2t-link\" target=\"_blank\" aria-label=\"20260415 DOM100 D\"><img loading=\"lazy\" decoding=\"async\" src=\"https:\/\/www.24gliwice.pl\/wiadomosci\/wp-content\/uploads\/2026\/04\/20260415-DOM100-D.jpg\" alt=\"\"  srcset=\"https:\/\/www.24gliwice.pl\/wiadomosci\/wp-content\/uploads\/2026\/04\/20260415-DOM100-D.jpg 750w, https:\/\/www.24gliwice.pl\/wiadomosci\/wp-content\/uploads\/2026\/04\/20260415-DOM100-D-410x109.jpg 410w\" sizes=\"(max-width: 750px) 100vw, 750px\" class=\"no-lazyload\" width=\"750\" height=\"200\"  style=\"display: inline-block; max-width: 100%; height: auto;\" \/><\/a><\/div><\/div><h2>Modernizacja ci\u0105gu pieszo-rowerowego wzd\u0142u\u017c ulicy Berbeckiego na odcinku mi\u0119dzy alej\u0105 Przyja\u017ani a ulic\u0105 Fredry rozpocz\u0119\u0142a si\u0119 w maju ubieg\u0142ego roku i mia\u0142a potrwa\u0107 dwa miesi\u0105ce. Jego oddanie do u\u017cytku nast\u0105pi\u0142o wi\u0119c z 10-miesi\u0119cznym op\u00f3\u017anieniem.<\/h2>\n<p>&nbsp;<br \/>\nNareszcie jednak prace zako\u0144czono, a u\u017cytkownicy jedno\u015blad\u00f3w mog\u0105 z niego w pe\u0142ni korzysta\u0107. <\/p>\n<p><a href=\"https:\/\/www.24gliwice.pl\/wiadomosci\/wp-content\/uploads\/2022\/05\/ciag-pieszo-rowerowy.jpg\"><img loading=\"lazy\" decoding=\"async\" src=\"https:\/\/www.24gliwice.pl\/wiadomosci\/wp-content\/uploads\/2022\/05\/ciag-pieszo-rowerowy.jpg\" alt=\"\" width=\"810\" height=\"457\" class=\"alignnone size-full wp-image-191703\" srcset=\"https:\/\/www.24gliwice.pl\/wiadomosci\/wp-content\/uploads\/2022\/05\/ciag-pieszo-rowerowy.jpg 810w, https:\/\/www.24gliwice.pl\/wiadomosci\/wp-content\/uploads\/2022\/05\/ciag-pieszo-rowerowy-410x232.jpg 410w, https:\/\/www.24gliwice.pl\/wiadomosci\/wp-content\/uploads\/2022\/05\/ciag-pieszo-rowerowy-806x455.jpg 806w, https:\/\/www.24gliwice.pl\/wiadomosci\/wp-content\/uploads\/2022\/05\/ciag-pieszo-rowerowy-768x433.jpg 768w\" sizes=\"auto, (max-width: 810px) 100vw, 810px\" \/><\/a><\/p>\n<p>&#8211; <em>Dobieg\u0142y ko\u0144ca prace remontowe prowadzone wzd\u0142u\u017c odcinka ul. Berbeckiego. Ci\u0105g pieszo-rowerowy dost\u0119pny jest ju\u017c zar\u00f3wno dla poruszaj\u0105cych si\u0119 tym traktem pieszych, jak i cyklist\u00f3w. Remontowi nawierzchni poddany zosta\u0142 odcinek od ul. Fredry do krzy\u017c\u00f3wki ul. Sienkiewicza i alei Przyja\u017ani<\/em> &#8211; informuje<strong> Jadwiga Jagie\u0142\u0142o-Stiborska<\/strong>, rzeczniczka Zarz\u0105du Dr\u00f3g Miejskich. <\/p><div class=\"gliwi-a3-w-tresci-artykulow gliwi-entity-placement\" id=\"gliwi-4045759944\"><div class=\"gliwi-adlabel\"><span style=\"font-size: 9px\">REKLAMA<\/span><\/div><div id=\"gliwi-2287831772\" style=\"margin-bottom: 30px;margin-left: auto;margin-right: auto;text-align: center;\"><a data-no-instant=\"1\" href=\"https:\/\/ogrodyandersa.pl\/\" rel=\"noopener\" class=\"a2t-link\" target=\"_blank\" aria-label=\"20260415 Ogrody Andersa KUP TERAZ D\"><img loading=\"lazy\" decoding=\"async\" src=\"https:\/\/www.24gliwice.pl\/wiadomosci\/wp-content\/uploads\/2026\/04\/20260415-Ogrody-Andersa-KUP-TERAZ-D.jpg\" alt=\"\"  srcset=\"https:\/\/www.24gliwice.pl\/wiadomosci\/wp-content\/uploads\/2026\/04\/20260415-Ogrody-Andersa-KUP-TERAZ-D.jpg 750w, https:\/\/www.24gliwice.pl\/wiadomosci\/wp-content\/uploads\/2026\/04\/20260415-Ogrody-Andersa-KUP-TERAZ-D-410x109.jpg 410w\" sizes=\"(max-width: 750px) 100vw, 750px\" class=\"no-lazyload\" width=\"750\" height=\"200\"  style=\"display: inline-block; max-width: 100%; height: auto;\" \/><\/a><\/div><\/div>\n<blockquote><p><em>Wcze\u015bniej prace realizowa\u0142o w tym miejscu Przedsi\u0119biorstwo Wodoci\u0105g\u00f3w i Kanalizacji, kt\u00f3re przebudowa\u0142o swoj\u0105 infrastruktur\u0119. Nast\u0119pnie wykonawca przyst\u0105pi\u0142 do wymiany konstrukcji i u\u0142o\u017cenia nowej nawierzchni asfaltobetonowej<\/em> <\/p><\/blockquote>\n<p>&#8211; dodaje rzeczniczka. <\/p>\n<p>Prace zrealizowa\u0142a firma EUROVIA, kt\u00f3ra przebudowuje drogi po po\u0142udniowej stronie dworca PKP. Przypomnijmy, \u017ce zadanie, kt\u00f3rego termin realizacji przesuni\u0119to z ko\u0144c\u00f3wki br. na lipiec 2023 roku, poch\u0142onie 44 mln z\u0142. <\/p>\n<p><a href=\"https:\/\/www.24gliwice.pl\/wiadomosci\/wp-content\/uploads\/2022\/05\/ciag-pieszo-rowerowy-berbeckiego-aleja-przyjazni2.jpg\"><img loading=\"lazy\" decoding=\"async\" src=\"https:\/\/www.24gliwice.pl\/wiadomosci\/wp-content\/uploads\/2022\/05\/ciag-pieszo-rowerowy-berbeckiego-aleja-przyjazni2.jpg\" alt=\"\" width=\"810\" height=\"457\" class=\"alignnone size-full wp-image-191701\" srcset=\"https:\/\/www.24gliwice.pl\/wiadomosci\/wp-content\/uploads\/2022\/05\/ciag-pieszo-rowerowy-berbeckiego-aleja-przyjazni2.jpg 810w, https:\/\/www.24gliwice.pl\/wiadomosci\/wp-content\/uploads\/2022\/05\/ciag-pieszo-rowerowy-berbeckiego-aleja-przyjazni2-410x232.jpg 410w, https:\/\/www.24gliwice.pl\/wiadomosci\/wp-content\/uploads\/2022\/05\/ciag-pieszo-rowerowy-berbeckiego-aleja-przyjazni2-806x455.jpg 806w, https:\/\/www.24gliwice.pl\/wiadomosci\/wp-content\/uploads\/2022\/05\/ciag-pieszo-rowerowy-berbeckiego-aleja-przyjazni2-768x433.jpg 768w\" sizes=\"auto, (max-width: 810px) 100vw, 810px\" \/><\/a><\/p>\n<p><a href=\"https:\/\/www.24gliwice.pl\/wiadomosci\/wp-content\/uploads\/2022\/05\/ciag-pieszo-rowerowy-berbeckiego-aleja-przyjazni.jpg\"><img loading=\"lazy\" decoding=\"async\" src=\"https:\/\/www.24gliwice.pl\/wiadomosci\/wp-content\/uploads\/2022\/05\/ciag-pieszo-rowerowy-berbeckiego-aleja-przyjazni.jpg\" alt=\"\" width=\"810\" height=\"457\" class=\"alignnone size-full wp-image-191700\" srcset=\"https:\/\/www.24gliwice.pl\/wiadomosci\/wp-content\/uploads\/2022\/05\/ciag-pieszo-rowerowy-berbeckiego-aleja-przyjazni.jpg 810w, https:\/\/www.24gliwice.pl\/wiadomosci\/wp-content\/uploads\/2022\/05\/ciag-pieszo-rowerowy-berbeckiego-aleja-przyjazni-410x232.jpg 410w, https:\/\/www.24gliwice.pl\/wiadomosci\/wp-content\/uploads\/2022\/05\/ciag-pieszo-rowerowy-berbeckiego-aleja-przyjazni-806x455.jpg 806w, https:\/\/www.24gliwice.pl\/wiadomosci\/wp-content\/uploads\/2022\/05\/ciag-pieszo-rowerowy-berbeckiego-aleja-przyjazni-768x433.jpg 768w\" sizes=\"auto, (max-width: 810px) 100vw, 810px\" \/><\/a><\/p>\n<h4>Inny odcinek ci\u0105gu te\u017c prosi si\u0119 o remont<\/h4>\n<p>Wyremontowany fragment ci\u0105gu pieszo-rowerowego nareszcie wygl\u0105da przyzwoicie.<br \/>\nInaczej jest na pozosta\u0142ym odcinku ulicy Berbeckiego, gdzie r\u00f3wnie\u017c mamy infrastruktur\u0119 dla cyklist\u00f3w, lecz w o wiele gorszym stanie. Fragment z podbudow\u0105 z polipropylenowych &#8220;skrzynek&#8221; nie wytrzyma\u0142 pr\u00f3by czasu i nadaje si\u0119 do remontu.<\/p>\n<p><a href=\"https:\/\/www.24gliwice.pl\/wiadomosci\/wp-content\/uploads\/2022\/05\/berbeckiego-cpr-2.jpg\"><img loading=\"lazy\" decoding=\"async\" src=\"https:\/\/www.24gliwice.pl\/wiadomosci\/wp-content\/uploads\/2022\/05\/berbeckiego-cpr-2.jpg\" alt=\"\" width=\"810\" height=\"457\" class=\"alignnone size-full wp-image-191711\" srcset=\"https:\/\/www.24gliwice.pl\/wiadomosci\/wp-content\/uploads\/2022\/05\/berbeckiego-cpr-2.jpg 810w, https:\/\/www.24gliwice.pl\/wiadomosci\/wp-content\/uploads\/2022\/05\/berbeckiego-cpr-2-410x232.jpg 410w, https:\/\/www.24gliwice.pl\/wiadomosci\/wp-content\/uploads\/2022\/05\/berbeckiego-cpr-2-806x455.jpg 806w, https:\/\/www.24gliwice.pl\/wiadomosci\/wp-content\/uploads\/2022\/05\/berbeckiego-cpr-2-768x433.jpg 768w\" sizes=\"auto, (max-width: 810px) 100vw, 810px\" \/><\/a><\/p>\n<h4>Jak dowiedzieli\u015bmy si\u0119 nieoficjalnie, prowadzone s\u0105 rozmowy na ten temat mi\u0119dzy miastem a wykonawc\u0105 prac &#8211; miejsk\u0105 sp\u00f3\u0142k\u0105 PRUiM. <\/h4>\n<p>Warto, \u017ceby urz\u0119dnicy pospieszyli si\u0119 z uzgodnieniami, gwarancja na prace w tym miejscu up\u0142ynie w grudniu br. O spraw\u0119 zapytali\u015bmy biura prasowego Urz\u0119du Miejskiego w Gliwicach. B\u0119dziemy wi\u0119c do tego tematu jeszcze wraca\u0107.<\/p>\n<p><a href=\"https:\/\/www.24gliwice.pl\/wiadomosci\/wp-content\/uploads\/2022\/05\/berbeckiego-cpr3.jpg\"><img loading=\"lazy\" decoding=\"async\" src=\"https:\/\/www.24gliwice.pl\/wiadomosci\/wp-content\/uploads\/2022\/05\/berbeckiego-cpr3.jpg\" alt=\"\" width=\"810\" height=\"457\" class=\"alignnone size-full wp-image-191713\" srcset=\"https:\/\/www.24gliwice.pl\/wiadomosci\/wp-content\/uploads\/2022\/05\/berbeckiego-cpr3.jpg 810w, https:\/\/www.24gliwice.pl\/wiadomosci\/wp-content\/uploads\/2022\/05\/berbeckiego-cpr3-410x232.jpg 410w, https:\/\/www.24gliwice.pl\/wiadomosci\/wp-content\/uploads\/2022\/05\/berbeckiego-cpr3-806x455.jpg 806w, https:\/\/www.24gliwice.pl\/wiadomosci\/wp-content\/uploads\/2022\/05\/berbeckiego-cpr3-768x433.jpg 768w\" sizes=\"auto, (max-width: 810px) 100vw, 810px\" \/><\/a><br \/>\n<a href=\"https:\/\/www.24gliwice.pl\/wiadomosci\/wp-content\/uploads\/2022\/05\/berbeckiego-cpr.jpg\"><img loading=\"lazy\" decoding=\"async\" src=\"https:\/\/www.24gliwice.pl\/wiadomosci\/wp-content\/uploads\/2022\/05\/berbeckiego-cpr.jpg\" alt=\"\" width=\"810\" height=\"456\" class=\"alignnone size-full wp-image-191712\" srcset=\"https:\/\/www.24gliwice.pl\/wiadomosci\/wp-content\/uploads\/2022\/05\/berbeckiego-cpr.jpg 810w, https:\/\/www.24gliwice.pl\/wiadomosci\/wp-content\/uploads\/2022\/05\/berbeckiego-cpr-410x232.jpg 410w, https:\/\/www.24gliwice.pl\/wiadomosci\/wp-content\/uploads\/2022\/05\/berbeckiego-cpr-808x455.jpg 808w, https:\/\/www.24gliwice.pl\/wiadomosci\/wp-content\/uploads\/2022\/05\/berbeckiego-cpr-768x432.jpg 768w\" sizes=\"auto, (max-width: 810px) 100vw, 810px\" \/><\/a><\/p>\n<p>A tak ci\u0105g pieszo-rowerowy wygl\u0105da\u0142 w momencie oddania go do u\u017cytku.<\/p>\n<p><iframe loading=\"lazy\" width=\"810\" height=\"455\" src=\"https:\/\/www.youtube.com\/embed\/4oFNUN64Z2I\" title=\"YouTube video player\" frameborder=\"0\" allow=\"accelerometer; autoplay; clipboard-write; encrypted-media; gyroscope; picture-in-picture\" allowfullscreen><\/iframe><\/p>\n<p>(\u017cms)\/ZDM Gliwice<br \/>\nfot. 24gliwice.pl\/\u0141G, MSZ<\/p>\n<div class=\"gliwi-a5-na-koncu-artykulow gliwi-entity-placement\" id=\"gliwi-1257801924\"><div class=\"gliwi-adlabel\"><span style=\"font-size: 9px\">REKLAMA<\/span><\/div><div id=\"gliwi-1883648874\" style=\"margin-left: auto;margin-right: auto;text-align: center;\"><a data-no-instant=\"1\" href=\"https:\/\/prezeroarenagliwice.pl\/\" rel=\"noopener\" class=\"a2t-link\" target=\"_blank\" aria-label=\"20260309-PREZERO-WIOSNA-D\"><img loading=\"lazy\" decoding=\"async\" src=\"https:\/\/www.24gliwice.pl\/wiadomosci\/wp-content\/uploads\/2026\/03\/20260309-PREZERO-WIOSNA-D.webp\" alt=\"\"  srcset=\"https:\/\/www.24gliwice.pl\/wiadomosci\/wp-content\/uploads\/2026\/03\/20260309-PREZERO-WIOSNA-D.webp 750w, https:\/\/www.24gliwice.pl\/wiadomosci\/wp-content\/uploads\/2026\/03\/20260309-PREZERO-WIOSNA-D-410x109.webp 410w\" sizes=\"(max-width: 750px) 100vw, 750px\" class=\"no-lazyload\" width=\"750\" height=\"200\"  style=\"display: inline-block; max-width: 100%; height: auto;\" \/><\/a><\/div><\/div>","protected":false},"excerpt":{"rendered":"<p>Modernizacja ci\u0105gu pieszo-rowerowego wzd\u0142u\u017c ulicy Berbeckiego na odcinku mi\u0119dzy alej\u0105 Przyja\u017ani a ulic\u0105 Fredry rozpocz\u0119\u0142a si\u0119 w maju ubieg\u0142ego roku i mia\u0142a potrwa\u0107 dwa miesi\u0105ce. Jego oddanie do u\u017cytku nast\u0105pi\u0142o wi\u0119c z 10-miesi\u0119cznym op\u00f3\u017anieniem. &nbsp; Nareszcie jednak prace zako\u0144czono, a u\u017cytkownicy jedno\u015blad\u00f3w mog\u0105 z niego w pe\u0142ni korzysta\u0107. &#8211; Dobieg\u0142y ko\u0144ca prace remontowe prowadzone wzd\u0142u\u017c [&hellip;]<\/p>\n","protected":false},"author":15,"featured_media":191702,"comment_status":"open","ping_status":"closed","sticky":false,"template":"","format":"standard","meta":{"_monsterinsights_skip_tracking":false,"_monsterinsights_sitenote_active":false,"_monsterinsights_sitenote_note":"","_monsterinsights_sitenote_category":0,"footnotes":"","_links_to":"","_links_to_target":""},"categories":[3,1],"tags":[7591],"class_list":["post-191691","post","type-post","status-publish","format-standard","has-post-thumbnail","hentry","category-gliwice","category-wszystko","tag-eurovia"],"yoast_head":"<!-- This site is optimized with the Yoast SEO plugin v27.4 - https:\/\/yoast.com\/product\/yoast-seo-wordpress\/ -->\n<title>Fragment ci\u0105gu pieszo-rowerowego po roku doczeka\u0142 si\u0119 nawierzchni. Co z pozosta\u0142ym odcinkiem? - 24GLIWICE - Portal Gliwice | codziennie nowe informacje<\/title>\n<meta name=\"description\" content=\"Na ci\u0105gu pieszo-rowerowym wzd\u0142u\u017c ulicy Berbeckiego u\u0142o\u017cono wreszcie now\u0105 nawierzchni\u0119. Prace w tym miejscu trwa\u0142y ponad rok czasu\" \/>\n<meta name=\"robots\" content=\"index, follow, max-snippet:-1, max-image-preview:large, max-video-preview:-1\" \/>\n<link rel=\"canonical\" href=\"https:\/\/www.24gliwice.pl\/wiadomosci\/fragment-ciagu-pieszo-rowerowego-po-roku-doczekal-sie-nawierzchni-co-z-pozostalym-odcinkiem\/\" \/>\n<meta property=\"og:locale\" content=\"pl_PL\" \/>\n<meta property=\"og:type\" content=\"article\" \/>\n<meta property=\"og:title\" content=\"Fragment ci\u0105gu pieszo-rowerowego po roku doczeka\u0142 si\u0119 nawierzchni. Co z pozosta\u0142ym odcinkiem? - 24GLIWICE - Portal Gliwice | codziennie nowe informacje\" \/>\n<meta property=\"og:description\" content=\"Na ci\u0105gu pieszo-rowerowym wzd\u0142u\u017c ulicy Berbeckiego u\u0142o\u017cono wreszcie now\u0105 nawierzchni\u0119. Prace w tym miejscu trwa\u0142y ponad rok czasu\" \/>\n<meta property=\"og:url\" content=\"https:\/\/www.24gliwice.pl\/wiadomosci\/fragment-ciagu-pieszo-rowerowego-po-roku-doczekal-sie-nawierzchni-co-z-pozostalym-odcinkiem\/\" \/>\n<meta property=\"og:site_name\" content=\"24GLIWICE - Portal Gliwice | codziennie nowe informacje\" \/>\n<meta property=\"article:publisher\" content=\"https:\/\/www.facebook.com\/24gliwice\" \/>\n<meta property=\"article:published_time\" content=\"2022-05-05T15:23:22+00:00\" \/>\n<meta property=\"og:image\" content=\"https:\/\/www.24gliwice.pl\/wiadomosci\/wp-content\/uploads\/2022\/05\/ciag-pieszo-rowerowy-glowne.jpg\" \/>\n\t<meta property=\"og:image:width\" content=\"810\" \/>\n\t<meta property=\"og:image:height\" content=\"456\" \/>\n\t<meta property=\"og:image:type\" content=\"image\/jpeg\" \/>\n<meta name=\"author\" content=\"\u017baneta Mrozek-Siewierska\" \/>\n<meta name=\"twitter:card\" content=\"summary_large_image\" \/>\n<meta name=\"twitter:creator\" content=\"@24gliwice\" \/>\n<meta name=\"twitter:site\" content=\"@24gliwice\" \/>\n<meta name=\"twitter:label1\" content=\"Napisane przez\" \/>\n\t<meta name=\"twitter:data1\" content=\"\u017baneta Mrozek-Siewierska\" \/>\n\t<meta name=\"twitter:label2\" content=\"Szacowany czas czytania\" \/>\n\t<meta name=\"twitter:data2\" content=\"2 minuty\" \/>\n<script type=\"application\/ld+json\" class=\"yoast-schema-graph\">{\"@context\":\"https:\\\/\\\/schema.org\",\"@graph\":[{\"@type\":\"Article\",\"@id\":\"https:\\\/\\\/www.24gliwice.pl\\\/wiadomosci\\\/fragment-ciagu-pieszo-rowerowego-po-roku-doczekal-sie-nawierzchni-co-z-pozostalym-odcinkiem\\\/#article\",\"isPartOf\":{\"@id\":\"https:\\\/\\\/www.24gliwice.pl\\\/wiadomosci\\\/fragment-ciagu-pieszo-rowerowego-po-roku-doczekal-sie-nawierzchni-co-z-pozostalym-odcinkiem\\\/\"},\"author\":{\"name\":\"\u017baneta Mrozek-Siewierska\",\"@id\":\"https:\\\/\\\/www.24gliwice.pl\\\/wiadomosci\\\/#\\\/schema\\\/person\\\/e42c650edd7f2fa332be3811fb166b6e\"},\"headline\":\"Fragment ci\u0105gu pieszo-rowerowego po roku doczeka\u0142 si\u0119 nawierzchni. Co z pozosta\u0142ym odcinkiem?\",\"datePublished\":\"2022-05-05T15:23:22+00:00\",\"mainEntityOfPage\":{\"@id\":\"https:\\\/\\\/www.24gliwice.pl\\\/wiadomosci\\\/fragment-ciagu-pieszo-rowerowego-po-roku-doczekal-sie-nawierzchni-co-z-pozostalym-odcinkiem\\\/\"},\"wordCount\":356,\"commentCount\":0,\"publisher\":{\"@id\":\"https:\\\/\\\/www.24gliwice.pl\\\/wiadomosci\\\/#organization\"},\"image\":{\"@id\":\"https:\\\/\\\/www.24gliwice.pl\\\/wiadomosci\\\/fragment-ciagu-pieszo-rowerowego-po-roku-doczekal-sie-nawierzchni-co-z-pozostalym-odcinkiem\\\/#primaryimage\"},\"thumbnailUrl\":\"https:\\\/\\\/www.24gliwice.pl\\\/wiadomosci\\\/wp-content\\\/uploads\\\/2022\\\/05\\\/ciag-pieszo-rowerowy-glowne.jpg\",\"keywords\":[\"eurovia\"],\"articleSection\":[\"Gliwice\",\"Najnowsze wiadomo\u015bci\"],\"inLanguage\":\"pl-PL\",\"potentialAction\":[{\"@type\":\"CommentAction\",\"name\":\"Comment\",\"target\":[\"https:\\\/\\\/www.24gliwice.pl\\\/wiadomosci\\\/fragment-ciagu-pieszo-rowerowego-po-roku-doczekal-sie-nawierzchni-co-z-pozostalym-odcinkiem\\\/#respond\"]}]},{\"@type\":\"WebPage\",\"@id\":\"https:\\\/\\\/www.24gliwice.pl\\\/wiadomosci\\\/fragment-ciagu-pieszo-rowerowego-po-roku-doczekal-sie-nawierzchni-co-z-pozostalym-odcinkiem\\\/\",\"url\":\"https:\\\/\\\/www.24gliwice.pl\\\/wiadomosci\\\/fragment-ciagu-pieszo-rowerowego-po-roku-doczekal-sie-nawierzchni-co-z-pozostalym-odcinkiem\\\/\",\"name\":\"Fragment ci\u0105gu pieszo-rowerowego po roku doczeka\u0142 si\u0119 nawierzchni. Co z pozosta\u0142ym odcinkiem? - 24GLIWICE - Portal Gliwice | codziennie nowe informacje\",\"isPartOf\":{\"@id\":\"https:\\\/\\\/www.24gliwice.pl\\\/wiadomosci\\\/#website\"},\"primaryImageOfPage\":{\"@id\":\"https:\\\/\\\/www.24gliwice.pl\\\/wiadomosci\\\/fragment-ciagu-pieszo-rowerowego-po-roku-doczekal-sie-nawierzchni-co-z-pozostalym-odcinkiem\\\/#primaryimage\"},\"image\":{\"@id\":\"https:\\\/\\\/www.24gliwice.pl\\\/wiadomosci\\\/fragment-ciagu-pieszo-rowerowego-po-roku-doczekal-sie-nawierzchni-co-z-pozostalym-odcinkiem\\\/#primaryimage\"},\"thumbnailUrl\":\"https:\\\/\\\/www.24gliwice.pl\\\/wiadomosci\\\/wp-content\\\/uploads\\\/2022\\\/05\\\/ciag-pieszo-rowerowy-glowne.jpg\",\"datePublished\":\"2022-05-05T15:23:22+00:00\",\"description\":\"Na ci\u0105gu pieszo-rowerowym wzd\u0142u\u017c ulicy Berbeckiego u\u0142o\u017cono wreszcie now\u0105 nawierzchni\u0119. Prace w tym miejscu trwa\u0142y ponad rok czasu\",\"breadcrumb\":{\"@id\":\"https:\\\/\\\/www.24gliwice.pl\\\/wiadomosci\\\/fragment-ciagu-pieszo-rowerowego-po-roku-doczekal-sie-nawierzchni-co-z-pozostalym-odcinkiem\\\/#breadcrumb\"},\"inLanguage\":\"pl-PL\",\"potentialAction\":[{\"@type\":\"ReadAction\",\"target\":[\"https:\\\/\\\/www.24gliwice.pl\\\/wiadomosci\\\/fragment-ciagu-pieszo-rowerowego-po-roku-doczekal-sie-nawierzchni-co-z-pozostalym-odcinkiem\\\/\"]}]},{\"@type\":\"ImageObject\",\"inLanguage\":\"pl-PL\",\"@id\":\"https:\\\/\\\/www.24gliwice.pl\\\/wiadomosci\\\/fragment-ciagu-pieszo-rowerowego-po-roku-doczekal-sie-nawierzchni-co-z-pozostalym-odcinkiem\\\/#primaryimage\",\"url\":\"https:\\\/\\\/www.24gliwice.pl\\\/wiadomosci\\\/wp-content\\\/uploads\\\/2022\\\/05\\\/ciag-pieszo-rowerowy-glowne.jpg\",\"contentUrl\":\"https:\\\/\\\/www.24gliwice.pl\\\/wiadomosci\\\/wp-content\\\/uploads\\\/2022\\\/05\\\/ciag-pieszo-rowerowy-glowne.jpg\",\"width\":810,\"height\":456},{\"@type\":\"BreadcrumbList\",\"@id\":\"https:\\\/\\\/www.24gliwice.pl\\\/wiadomosci\\\/fragment-ciagu-pieszo-rowerowego-po-roku-doczekal-sie-nawierzchni-co-z-pozostalym-odcinkiem\\\/#breadcrumb\",\"itemListElement\":[{\"@type\":\"ListItem\",\"position\":1,\"name\":\"Strona g\u0142\u00f3wna\",\"item\":\"https:\\\/\\\/www.24gliwice.pl\\\/wiadomosci\\\/\"},{\"@type\":\"ListItem\",\"position\":2,\"name\":\"Fragment ci\u0105gu pieszo-rowerowego po roku doczeka\u0142 si\u0119 nawierzchni. Co z pozosta\u0142ym odcinkiem?\"}]},{\"@type\":\"WebSite\",\"@id\":\"https:\\\/\\\/www.24gliwice.pl\\\/wiadomosci\\\/#website\",\"url\":\"https:\\\/\\\/www.24gliwice.pl\\\/wiadomosci\\\/\",\"name\":\"24GLIWICE - Portal Gliwice | codziennie nowe wiadomo\u015bci\",\"description\":\"Portal Miejski Gliwice\",\"publisher\":{\"@id\":\"https:\\\/\\\/www.24gliwice.pl\\\/wiadomosci\\\/#organization\"},\"potentialAction\":[{\"@type\":\"SearchAction\",\"target\":{\"@type\":\"EntryPoint\",\"urlTemplate\":\"https:\\\/\\\/www.24gliwice.pl\\\/wiadomosci\\\/?s={search_term_string}\"},\"query-input\":{\"@type\":\"PropertyValueSpecification\",\"valueRequired\":true,\"valueName\":\"search_term_string\"}}],\"inLanguage\":\"pl-PL\"},{\"@type\":\"Organization\",\"@id\":\"https:\\\/\\\/www.24gliwice.pl\\\/wiadomosci\\\/#organization\",\"name\":\"24gliwice\",\"url\":\"https:\\\/\\\/www.24gliwice.pl\\\/wiadomosci\\\/\",\"logo\":{\"@type\":\"ImageObject\",\"inLanguage\":\"pl-PL\",\"@id\":\"https:\\\/\\\/www.24gliwice.pl\\\/wiadomosci\\\/#\\\/schema\\\/logo\\\/image\\\/\",\"url\":\"https:\\\/\\\/www.24gliwice.pl\\\/wiadomosci\\\/wp-content\\\/uploads\\\/2024\\\/10\\\/24gliwice-logo-696.jpg\",\"contentUrl\":\"https:\\\/\\\/www.24gliwice.pl\\\/wiadomosci\\\/wp-content\\\/uploads\\\/2024\\\/10\\\/24gliwice-logo-696.jpg\",\"width\":696,\"height\":696,\"caption\":\"24gliwice\"},\"image\":{\"@id\":\"https:\\\/\\\/www.24gliwice.pl\\\/wiadomosci\\\/#\\\/schema\\\/logo\\\/image\\\/\"},\"sameAs\":[\"https:\\\/\\\/www.facebook.com\\\/24gliwice\",\"https:\\\/\\\/x.com\\\/24gliwice\",\"https:\\\/\\\/www.youtube.com\\\/@24gliwice\"]},{\"@type\":\"Person\",\"@id\":\"https:\\\/\\\/www.24gliwice.pl\\\/wiadomosci\\\/#\\\/schema\\\/person\\\/e42c650edd7f2fa332be3811fb166b6e\",\"name\":\"\u017baneta Mrozek-Siewierska\",\"image\":{\"@type\":\"ImageObject\",\"inLanguage\":\"pl-PL\",\"@id\":\"https:\\\/\\\/www.24gliwice.pl\\\/wiadomosci\\\/wp-content\\\/uploads\\\/2021\\\/11\\\/Zaneta-M_S-zdjecie-czb-96x96.jpg\",\"url\":\"https:\\\/\\\/www.24gliwice.pl\\\/wiadomosci\\\/wp-content\\\/uploads\\\/2021\\\/11\\\/Zaneta-M_S-zdjecie-czb-96x96.jpg\",\"contentUrl\":\"https:\\\/\\\/www.24gliwice.pl\\\/wiadomosci\\\/wp-content\\\/uploads\\\/2021\\\/11\\\/Zaneta-M_S-zdjecie-czb-96x96.jpg\",\"caption\":\"\u017baneta Mrozek-Siewierska\"},\"url\":\"https:\\\/\\\/www.24gliwice.pl\\\/wiadomosci\\\/author\\\/zms\\\/\"}]}<\/script>\n<!-- \/ Yoast SEO plugin. -->","yoast_head_json":{"title":"Fragment ci\u0105gu pieszo-rowerowego po roku doczeka\u0142 si\u0119 nawierzchni. Co z pozosta\u0142ym odcinkiem? - 24GLIWICE - Portal Gliwice | codziennie nowe informacje","description":"Na ci\u0105gu pieszo-rowerowym wzd\u0142u\u017c ulicy Berbeckiego u\u0142o\u017cono wreszcie now\u0105 nawierzchni\u0119. Prace w tym miejscu trwa\u0142y ponad rok czasu","robots":{"index":"index","follow":"follow","max-snippet":"max-snippet:-1","max-image-preview":"max-image-preview:large","max-video-preview":"max-video-preview:-1"},"canonical":"https:\/\/www.24gliwice.pl\/wiadomosci\/fragment-ciagu-pieszo-rowerowego-po-roku-doczekal-sie-nawierzchni-co-z-pozostalym-odcinkiem\/","og_locale":"pl_PL","og_type":"article","og_title":"Fragment ci\u0105gu pieszo-rowerowego po roku doczeka\u0142 si\u0119 nawierzchni. Co z pozosta\u0142ym odcinkiem? - 24GLIWICE - Portal Gliwice | codziennie nowe informacje","og_description":"Na ci\u0105gu pieszo-rowerowym wzd\u0142u\u017c ulicy Berbeckiego u\u0142o\u017cono wreszcie now\u0105 nawierzchni\u0119. Prace w tym miejscu trwa\u0142y ponad rok czasu","og_url":"https:\/\/www.24gliwice.pl\/wiadomosci\/fragment-ciagu-pieszo-rowerowego-po-roku-doczekal-sie-nawierzchni-co-z-pozostalym-odcinkiem\/","og_site_name":"24GLIWICE - Portal Gliwice | codziennie nowe informacje","article_publisher":"https:\/\/www.facebook.com\/24gliwice","article_published_time":"2022-05-05T15:23:22+00:00","og_image":[{"width":810,"height":456,"url":"https:\/\/www.24gliwice.pl\/wiadomosci\/wp-content\/uploads\/2022\/05\/ciag-pieszo-rowerowy-glowne.jpg","type":"image\/jpeg"}],"author":"\u017baneta Mrozek-Siewierska","twitter_card":"summary_large_image","twitter_creator":"@24gliwice","twitter_site":"@24gliwice","twitter_misc":{"Napisane przez":"\u017baneta Mrozek-Siewierska","Szacowany czas czytania":"2 minuty"},"schema":{"@context":"https:\/\/schema.org","@graph":[{"@type":"Article","@id":"https:\/\/www.24gliwice.pl\/wiadomosci\/fragment-ciagu-pieszo-rowerowego-po-roku-doczekal-sie-nawierzchni-co-z-pozostalym-odcinkiem\/#article","isPartOf":{"@id":"https:\/\/www.24gliwice.pl\/wiadomosci\/fragment-ciagu-pieszo-rowerowego-po-roku-doczekal-sie-nawierzchni-co-z-pozostalym-odcinkiem\/"},"author":{"name":"\u017baneta Mrozek-Siewierska","@id":"https:\/\/www.24gliwice.pl\/wiadomosci\/#\/schema\/person\/e42c650edd7f2fa332be3811fb166b6e"},"headline":"Fragment ci\u0105gu pieszo-rowerowego po roku doczeka\u0142 si\u0119 nawierzchni. Co z pozosta\u0142ym odcinkiem?","datePublished":"2022-05-05T15:23:22+00:00","mainEntityOfPage":{"@id":"https:\/\/www.24gliwice.pl\/wiadomosci\/fragment-ciagu-pieszo-rowerowego-po-roku-doczekal-sie-nawierzchni-co-z-pozostalym-odcinkiem\/"},"wordCount":356,"commentCount":0,"publisher":{"@id":"https:\/\/www.24gliwice.pl\/wiadomosci\/#organization"},"image":{"@id":"https:\/\/www.24gliwice.pl\/wiadomosci\/fragment-ciagu-pieszo-rowerowego-po-roku-doczekal-sie-nawierzchni-co-z-pozostalym-odcinkiem\/#primaryimage"},"thumbnailUrl":"https:\/\/www.24gliwice.pl\/wiadomosci\/wp-content\/uploads\/2022\/05\/ciag-pieszo-rowerowy-glowne.jpg","keywords":["eurovia"],"articleSection":["Gliwice","Najnowsze wiadomo\u015bci"],"inLanguage":"pl-PL","potentialAction":[{"@type":"CommentAction","name":"Comment","target":["https:\/\/www.24gliwice.pl\/wiadomosci\/fragment-ciagu-pieszo-rowerowego-po-roku-doczekal-sie-nawierzchni-co-z-pozostalym-odcinkiem\/#respond"]}]},{"@type":"WebPage","@id":"https:\/\/www.24gliwice.pl\/wiadomosci\/fragment-ciagu-pieszo-rowerowego-po-roku-doczekal-sie-nawierzchni-co-z-pozostalym-odcinkiem\/","url":"https:\/\/www.24gliwice.pl\/wiadomosci\/fragment-ciagu-pieszo-rowerowego-po-roku-doczekal-sie-nawierzchni-co-z-pozostalym-odcinkiem\/","name":"Fragment ci\u0105gu pieszo-rowerowego po roku doczeka\u0142 si\u0119 nawierzchni. Co z pozosta\u0142ym odcinkiem? - 24GLIWICE - Portal Gliwice | codziennie nowe informacje","isPartOf":{"@id":"https:\/\/www.24gliwice.pl\/wiadomosci\/#website"},"primaryImageOfPage":{"@id":"https:\/\/www.24gliwice.pl\/wiadomosci\/fragment-ciagu-pieszo-rowerowego-po-roku-doczekal-sie-nawierzchni-co-z-pozostalym-odcinkiem\/#primaryimage"},"image":{"@id":"https:\/\/www.24gliwice.pl\/wiadomosci\/fragment-ciagu-pieszo-rowerowego-po-roku-doczekal-sie-nawierzchni-co-z-pozostalym-odcinkiem\/#primaryimage"},"thumbnailUrl":"https:\/\/www.24gliwice.pl\/wiadomosci\/wp-content\/uploads\/2022\/05\/ciag-pieszo-rowerowy-glowne.jpg","datePublished":"2022-05-05T15:23:22+00:00","description":"Na ci\u0105gu pieszo-rowerowym wzd\u0142u\u017c ulicy Berbeckiego u\u0142o\u017cono wreszcie now\u0105 nawierzchni\u0119. Prace w tym miejscu trwa\u0142y ponad rok czasu","breadcrumb":{"@id":"https:\/\/www.24gliwice.pl\/wiadomosci\/fragment-ciagu-pieszo-rowerowego-po-roku-doczekal-sie-nawierzchni-co-z-pozostalym-odcinkiem\/#breadcrumb"},"inLanguage":"pl-PL","potentialAction":[{"@type":"ReadAction","target":["https:\/\/www.24gliwice.pl\/wiadomosci\/fragment-ciagu-pieszo-rowerowego-po-roku-doczekal-sie-nawierzchni-co-z-pozostalym-odcinkiem\/"]}]},{"@type":"ImageObject","inLanguage":"pl-PL","@id":"https:\/\/www.24gliwice.pl\/wiadomosci\/fragment-ciagu-pieszo-rowerowego-po-roku-doczekal-sie-nawierzchni-co-z-pozostalym-odcinkiem\/#primaryimage","url":"https:\/\/www.24gliwice.pl\/wiadomosci\/wp-content\/uploads\/2022\/05\/ciag-pieszo-rowerowy-glowne.jpg","contentUrl":"https:\/\/www.24gliwice.pl\/wiadomosci\/wp-content\/uploads\/2022\/05\/ciag-pieszo-rowerowy-glowne.jpg","width":810,"height":456},{"@type":"BreadcrumbList","@id":"https:\/\/www.24gliwice.pl\/wiadomosci\/fragment-ciagu-pieszo-rowerowego-po-roku-doczekal-sie-nawierzchni-co-z-pozostalym-odcinkiem\/#breadcrumb","itemListElement":[{"@type":"ListItem","position":1,"name":"Strona g\u0142\u00f3wna","item":"https:\/\/www.24gliwice.pl\/wiadomosci\/"},{"@type":"ListItem","position":2,"name":"Fragment ci\u0105gu pieszo-rowerowego po roku doczeka\u0142 si\u0119 nawierzchni. Co z pozosta\u0142ym odcinkiem?"}]},{"@type":"WebSite","@id":"https:\/\/www.24gliwice.pl\/wiadomosci\/#website","url":"https:\/\/www.24gliwice.pl\/wiadomosci\/","name":"24GLIWICE - Portal Gliwice | codziennie nowe wiadomo\u015bci","description":"Portal Miejski Gliwice","publisher":{"@id":"https:\/\/www.24gliwice.pl\/wiadomosci\/#organization"},"potentialAction":[{"@type":"SearchAction","target":{"@type":"EntryPoint","urlTemplate":"https:\/\/www.24gliwice.pl\/wiadomosci\/?s={search_term_string}"},"query-input":{"@type":"PropertyValueSpecification","valueRequired":true,"valueName":"search_term_string"}}],"inLanguage":"pl-PL"},{"@type":"Organization","@id":"https:\/\/www.24gliwice.pl\/wiadomosci\/#organization","name":"24gliwice","url":"https:\/\/www.24gliwice.pl\/wiadomosci\/","logo":{"@type":"ImageObject","inLanguage":"pl-PL","@id":"https:\/\/www.24gliwice.pl\/wiadomosci\/#\/schema\/logo\/image\/","url":"https:\/\/www.24gliwice.pl\/wiadomosci\/wp-content\/uploads\/2024\/10\/24gliwice-logo-696.jpg","contentUrl":"https:\/\/www.24gliwice.pl\/wiadomosci\/wp-content\/uploads\/2024\/10\/24gliwice-logo-696.jpg","width":696,"height":696,"caption":"24gliwice"},"image":{"@id":"https:\/\/www.24gliwice.pl\/wiadomosci\/#\/schema\/logo\/image\/"},"sameAs":["https:\/\/www.facebook.com\/24gliwice","https:\/\/x.com\/24gliwice","https:\/\/www.youtube.com\/@24gliwice"]},{"@type":"Person","@id":"https:\/\/www.24gliwice.pl\/wiadomosci\/#\/schema\/person\/e42c650edd7f2fa332be3811fb166b6e","name":"\u017baneta Mrozek-Siewierska","image":{"@type":"ImageObject","inLanguage":"pl-PL","@id":"https:\/\/www.24gliwice.pl\/wiadomosci\/wp-content\/uploads\/2021\/11\/Zaneta-M_S-zdjecie-czb-96x96.jpg","url":"https:\/\/www.24gliwice.pl\/wiadomosci\/wp-content\/uploads\/2021\/11\/Zaneta-M_S-zdjecie-czb-96x96.jpg","contentUrl":"https:\/\/www.24gliwice.pl\/wiadomosci\/wp-content\/uploads\/2021\/11\/Zaneta-M_S-zdjecie-czb-96x96.jpg","caption":"\u017baneta Mrozek-Siewierska"},"url":"https:\/\/www.24gliwice.pl\/wiadomosci\/author\/zms\/"}]}},"_links":{"self":[{"href":"https:\/\/www.24gliwice.pl\/wiadomosci\/wp-json\/wp\/v2\/posts\/191691","targetHints":{"allow":["GET"]}}],"collection":[{"href":"https:\/\/www.24gliwice.pl\/wiadomosci\/wp-json\/wp\/v2\/posts"}],"about":[{"href":"https:\/\/www.24gliwice.pl\/wiadomosci\/wp-json\/wp\/v2\/types\/post"}],"author":[{"embeddable":true,"href":"https:\/\/www.24gliwice.pl\/wiadomosci\/wp-json\/wp\/v2\/users\/15"}],"replies":[{"embeddable":true,"href":"https:\/\/www.24gliwice.pl\/wiadomosci\/wp-json\/wp\/v2\/comments?post=191691"}],"version-history":[{"count":17,"href":"https:\/\/www.24gliwice.pl\/wiadomosci\/wp-json\/wp\/v2\/posts\/191691\/revisions"}],"predecessor-version":[{"id":191732,"href":"https:\/\/www.24gliwice.pl\/wiadomosci\/wp-json\/wp\/v2\/posts\/191691\/revisions\/191732"}],"wp:featuredmedia":[{"embeddable":true,"href":"https:\/\/www.24gliwice.pl\/wiadomosci\/wp-json\/wp\/v2\/media\/191702"}],"wp:attachment":[{"href":"https:\/\/www.24gliwice.pl\/wiadomosci\/wp-json\/wp\/v2\/media?parent=191691"}],"wp:term":[{"taxonomy":"category","embeddable":true,"href":"https:\/\/www.24gliwice.pl\/wiadomosci\/wp-json\/wp\/v2\/categories?post=191691"},{"taxonomy":"post_tag","embeddable":true,"href":"https:\/\/www.24gliwice.pl\/wiadomosci\/wp-json\/wp\/v2\/tags?post=191691"}],"curies":[{"name":"wp","href":"https:\/\/api.w.org\/{rel}","templated":true}]}}