{"id":191771,"date":"2022-05-06T05:42:44","date_gmt":"2022-05-06T03:42:44","guid":{"rendered":"https:\/\/www.24gliwice.pl\/wiadomosci\/?p=191771"},"modified":"2022-05-08T20:21:53","modified_gmt":"2022-05-08T18:21:53","slug":"niebezpiecznie-aktualna-opowiesc-na-ekranie-kina-amok-co-jeszcze-w-repertuarze","status":"publish","type":"post","link":"https:\/\/www.24gliwice.pl\/wiadomosci\/niebezpiecznie-aktualna-opowiesc-na-ekranie-kina-amok-co-jeszcze-w-repertuarze\/","title":{"rendered":"&#8220;Niebezpiecznie aktualna opowie\u015b\u0107&#8221; na ekranie kina Amok. Co jeszcze w repertuarze?"},"content":{"rendered":"<div class=\"gliwi-a6-nad-leadem-artykulow gliwi-entity-placement\" id=\"gliwi-1403007918\"><div class=\"gliwi-adlabel\"><span style=\"font-size: 9px\">REKLAMA<\/span><\/div><div id=\"gliwi-3398554112\" style=\"margin-bottom: 30px;margin-left: auto;margin-right: auto;text-align: center;\"><a data-no-instant=\"1\" href=\"https:\/\/przedszkole.halogen.org.pl\/\" rel=\"noopener\" class=\"a2t-link\" target=\"_blank\" aria-label=\"20260402-ANIMATOR-przedszkole_grafika_750x200\"><img loading=\"lazy\" decoding=\"async\" src=\"https:\/\/www.24gliwice.pl\/wiadomosci\/wp-content\/uploads\/2026\/04\/20260402-ANIMATOR-przedszkole_grafika_750x200.webp\" alt=\"\"  srcset=\"https:\/\/www.24gliwice.pl\/wiadomosci\/wp-content\/uploads\/2026\/04\/20260402-ANIMATOR-przedszkole_grafika_750x200.webp 750w, https:\/\/www.24gliwice.pl\/wiadomosci\/wp-content\/uploads\/2026\/04\/20260402-ANIMATOR-przedszkole_grafika_750x200-410x109.webp 410w\" sizes=\"(max-width: 750px) 100vw, 750px\" class=\"no-lazyload\" width=\"750\" height=\"200\"  style=\"display: inline-block; max-width: 100%; height: auto;\" \/><\/a><\/div><\/div><h2>Na ekrany kina Amok, jak co tydzie\u0144, wchodzi kilka nowo\u015bci. W\u015br\u00f3d nich obyczajowy dramaty &#8220;Downton Abbey: Nowa epoka&#8221; oraz &#8220;Fabian albo \u015bwiat schodzi na psy&#8221;. Mo\u017cna te\u017c m.in. wybra\u0107 si\u0119 na melodramat &#8220;Historia mojej \u017cony&#8221;.<\/h2>\n<p>&nbsp;<br \/>\nPierwsza z propozycji to brytyjsko-ameryka\u0144ska produkcja w re\u017c. <strong>Simona Curtisa<\/strong> z 2022 roku. Film, kt\u00f3ry trwa 125 minut, mo\u017cna ogl\u0105da\u0107 w du\u017cej sali kina w pi\u0105tek o godzinie 20:00, w sobot\u0119 i niedziel\u0119 o 16:00, od wtorku ponownie o 20:00. <a href=\"https:\/\/amok.gliwice.pl\/filmy\/downton-abbey-nowa-epoka\/\" rel=\"noopener\" target=\"_blank\">Ca\u0142y repertuar &#8211; kliknij tu. <\/a><\/p>\n<p><iframe loading=\"lazy\" width=\"810\" height=\"455\" src=\"https:\/\/www.youtube.com\/embed\/pWhbXIk6wko\" title=\"YouTube video player\" frameborder=\"0\" allow=\"accelerometer; autoplay; clipboard-write; encrypted-media; gyroscope; picture-in-picture\" allowfullscreen><\/iframe><\/p>\n<p>&#8220;Downton Abbey: Nowa epoka&#8221; to kontynuacja brytyjskiego serialu telewizyjnego Downton Abbey (2010\u20132015) stacji telewizyjnej ITV oraz jego adaptacji filmowej Downton Abbey (2019).<\/p><div class=\"gliwi-a3-w-tresci-artykulow gliwi-entity-placement\" id=\"gliwi-1771133675\"><div class=\"gliwi-adlabel\"><span style=\"font-size: 9px\">REKLAMA<\/span><\/div><div id=\"gliwi-2001416091\" style=\"margin-bottom: 30px;margin-left: auto;margin-right: auto;text-align: center;\"><a data-no-instant=\"1\" href=\"https:\/\/ogrodyandersa.pl\/\" rel=\"noopener\" class=\"a2t-link\" target=\"_blank\" aria-label=\"20260415 Ogrody Andersa KUP TERAZ D\"><img loading=\"lazy\" decoding=\"async\" src=\"https:\/\/www.24gliwice.pl\/wiadomosci\/wp-content\/uploads\/2026\/04\/20260415-Ogrody-Andersa-KUP-TERAZ-D.jpg\" alt=\"\"  srcset=\"https:\/\/www.24gliwice.pl\/wiadomosci\/wp-content\/uploads\/2026\/04\/20260415-Ogrody-Andersa-KUP-TERAZ-D.jpg 750w, https:\/\/www.24gliwice.pl\/wiadomosci\/wp-content\/uploads\/2026\/04\/20260415-Ogrody-Andersa-KUP-TERAZ-D-410x109.jpg 410w\" sizes=\"(max-width: 750px) 100vw, 750px\" class=\"no-lazyload\" width=\"750\" height=\"200\"  style=\"display: inline-block; max-width: 100%; height: auto;\" \/><\/a><\/div><\/div>\n<h4>Tym razem rodzina Crawley\u00f3w wyrusza w wielk\u0105 podr\u00f3\u017c na po\u0142udnie Francji, aby odkry\u0107 tajemnic\u0119 odziedziczonej willi hrabiny Violet Crawley.<\/h4>\n<p>Dla wszystkich b\u0119dzie to bardzo wa\u017cna podr\u00f3\u017c, kt\u00f3ra pozwoli na nowo pozna\u0107 histori\u0119 rodziny. \u015awiat\u0142o ujrz\u0105 nieznane dot\u0105d fakty, zw\u0142aszcza z przesz\u0142o\u015bci Violet. Do rezydencji przyjedzie ekipa filmowa, kt\u00f3ra b\u0119dzie pracowa\u0107 pod nadzorem Lady Mary.<\/p>\n<h4>&#8220;Fabian albo \u015bwiat schodzi na psy&#8221;<\/h4>\n<p>&#8220;Fabian albo \u015bwiat schodzi na psy&#8221; (2021) to produkcja austriacko-niemiecka, kt\u00f3r\u0105 wyre\u017cyserowa\u0142 <strong>Dominik Graf<\/strong>. Re\u017cyser wzi\u0105\u0142 na warsztat jedn\u0105 z najwa\u017cniejszych powie\u015bci Republiki Weimarskiej \u2013 \u201eFabian: Historia pewnego moralisty\u201d <strong>Ericha K\u00e4stnera<\/strong>. <\/p>\n<h4>Odwa\u017cnie eksperymentuj\u0105c ze stylem, tworzy intryguj\u0105c\u0105 i niebezpiecznie aktualn\u0105 opowie\u015b\u0107 o balansowaniu na granicy, kt\u00f3rej przekroczenie mo\u017ce mie\u0107 ogromne konsekwencje.<\/h4>\n<p>Berlin, rok 1931. Zmierzch Republiki Weimarskiej. Miejskie \u017cycie toczy si\u0119 tu szybko i intensywnie, cho\u0107 wci\u0105\u017c pobrzmiewaj\u0105 duchy niezabli\u017anionych ran z przesz\u0142o\u015bci oraz niepewno\u015b\u0107 zwi\u0105zana z tym, co nadejdzie. Codzienno\u015bci\u0105 rz\u0105dzi chaos, daje si\u0119 wyczu\u0107 wyra\u017any spo\u0142eczny ferment. <\/p>\n<p><iframe loading=\"lazy\" width=\"810\" height=\"455\" src=\"https:\/\/www.youtube.com\/embed\/CKOGabEoA1E\" title=\"YouTube video player\" frameborder=\"0\" allow=\"accelerometer; autoplay; clipboard-write; encrypted-media; gyroscope; picture-in-picture\" allowfullscreen><\/iframe><\/p>\n<p>Miejskie szlaki przecieramy wraz z aspiruj\u0105cym pisarzem Jakobem Fabianem. Do sp\u00f3\u0142ki ze swoim najlepszym przyjacielem Stephanem Labude prowadz\u0105 nocne \u017cycie, odwiedzaj\u0105c coraz to dziwniejsze lokale. <\/p>\n<h4>Miejsca, gdzie polityczne dyskusje mieszaj\u0105 si\u0119 z rozmowami o sztuce, a powa\u017cne tematy cz\u0119sto ust\u0119puj\u0105 taniej rozrywce. <\/h4>\n<p>Ten osobliwy miejski labirynt wydaje si\u0119 w r\u00f3wnej mierze ekscytuj\u0105cy, co opresyjny. Szans\u0105 na odnalezienie w\u0142a\u015bciwej drogi okazuje si\u0119 dla Jakoba spotkanie z pocz\u0105tkuj\u0105c\u0105 aktork\u0105, kt\u00f3ra szybko zweryfikuje jego dotychczasowe spojrzenie na otaczaj\u0105c\u0105 rzeczywisto\u015b\u0107.<\/p>\n<p>Film b\u0119dzie wy\u015bwietlany w ma\u0142ej sali kina Amok: w weekend i kolejne dni przysz\u0142ego tygodnia o godzinie 19:30, od 13 maja godzina projekcji zostanie zmieniona na 16:30. <a href=\"https:\/\/amok.gliwice.pl\/filmy\/fabian-albo-swiat-schodzi-na-psy\/\" rel=\"noopener\" target=\"_blank\">Bilety i repertuar &#8211; kliknij tu. <\/a><\/p>\n<h4>&#8220;Historia mojej \u017cony&#8221;<\/h4>\n<p>W\u015br\u00f3d kraj\u00f3w produkcji tej propozycji wymienione zosta\u0142y W\u0119gry\/Niemcy\/Francja\/W\u0142ochy. Melodramat, kt\u00f3ry wyre\u017cyserowa\u0142a w\u0119gierska re\u017cyserka <strong>Ildik\u00f3 Enyedi<\/strong> (\u201eM\u00f3j wiek XX\u201d, \u201eDusza i cia\u0142o\u201d), to adaptacja g\u0142o\u015bnej powie\u015bci <strong>Mil\u00e1na F\u00fcsta<\/strong>. Ten stylowy melodramat z du\u017c\u0105 pieczo\u0142owito\u015bci\u0105 odtwarza realia XX-wiecznego Pary\u017ca oraz Hamburga, kt\u00f3re staj\u0105 si\u0119 aren\u0105 mi\u0142osnej intrygi, pe\u0142nej niespodziewanych zwrot\u00f3w akcji i gry w kotka i myszk\u0119.<\/p>\n<h4>Wilk morski, kapitan Jakob St\u00f6rr, jest mistrzem podejmowania decyzji, planowania i bezb\u0142\u0119dnego zarz\u0105dzania okr\u0119tami.<\/h4>\n<p>Podobnie jak do \u017ceglugi podchodzi do ma\u0142\u017ce\u0144stwa z Lizzy, przekonany, \u017ce jest kapitanem tak\u017ce tego rejsu. D\u0142uga nieobecno\u015b\u0107 w domu sprawia jednak, \u017ce Jakob nabiera podejrze\u0144 co do wierno\u015bci \u017cony. Nie mog\u0105c pogodzi\u0107 si\u0119 z tym, \u017ce nie wszystko na tym \u015bwiecie podlega jego kontroli, zaczyna niszczy\u0107 Lizzy, siebie i ich relacj\u0119.<\/p>\n<p><iframe loading=\"lazy\" width=\"810\" height=\"455\" src=\"https:\/\/www.youtube.com\/embed\/Lyas9ynj0A4\" title=\"YouTube video player\" frameborder=\"0\" allow=\"accelerometer; autoplay; clipboard-write; encrypted-media; gyroscope; picture-in-picture\" allowfullscreen><\/iframe><\/p>\n<p>Film mo\u017cna ogl\u0105da\u0107 w ma\u0142ej sali kina Amok od 6 do 11 maja o godzinie 16:30, w kolejne dni o 19:30.<a href=\"https:\/\/amok.gliwice.pl\/filmy\/historia-mojej-zony\/\" rel=\"noopener\" target=\"_blank\"> Repertuar i bilety &#8211; kliknij tu. <\/a><\/p>\n<h4>Turandot | MET Opera sezon 2021-2022<\/h4>\n<p>W ramach cyklu MET Opera w sobot\u0119, 7 maja, o godzinie 18:55 w kinie Amok b\u0119dzie mo\u017cna obejrze\u0107 transmisj\u0119 na \u017cywo z Metropolitan Opera w Nowym Jorku opery &#8220;Turandot&#8221; <strong>Giacomo Pucciniego<\/strong>. <\/p>\n<p><a href=\"https:\/\/www.24gliwice.pl\/wiadomosci\/wp-content\/uploads\/2022\/05\/turandot-plakat.jpg\"><img loading=\"lazy\" decoding=\"async\" src=\"https:\/\/www.24gliwice.pl\/wiadomosci\/wp-content\/uploads\/2022\/05\/turandot-plakat.jpg\" alt=\"\" width=\"1000\" height=\"1480\" class=\"alignnone size-full wp-image-191779\" srcset=\"https:\/\/www.24gliwice.pl\/wiadomosci\/wp-content\/uploads\/2022\/05\/turandot-plakat.jpg 1000w, https:\/\/www.24gliwice.pl\/wiadomosci\/wp-content\/uploads\/2022\/05\/turandot-plakat-157x232.jpg 157w, https:\/\/www.24gliwice.pl\/wiadomosci\/wp-content\/uploads\/2022\/05\/turandot-plakat-307x455.jpg 307w, https:\/\/www.24gliwice.pl\/wiadomosci\/wp-content\/uploads\/2022\/05\/turandot-plakat-768x1137.jpg 768w, https:\/\/www.24gliwice.pl\/wiadomosci\/wp-content\/uploads\/2022\/05\/turandot-plakat-810x1199.jpg 810w\" sizes=\"auto, (max-width: 1000px) 100vw, 1000px\" \/><\/a><\/p>\n<p>Uwaga: nast\u0105pi\u0142a zmiana odtw\u00f3rczyni tytu\u0142owej roli. Zamiast <strong>Anny Netrebko<\/strong> zobaczymy ukrai\u0144sk\u0105 sopranistk\u0119 <strong>Lidmyl\u0119 Monastyrsk\u0105<\/strong>. <\/p>\n<h4>Co jeszcze w kinie Amok<\/h4>\n<p>W weekend poza wspomnianymi wy\u017cej propozycjami, do kina Amok mo\u017cna wybra\u0107 si\u0119 na &#8220;Szalony \u015bwiat Louisa Waina&#8221; (biograficzny\/komedia\/obyczajowy), a tak\u017ce animowany dramat &#8220;Gdzie jest Anne Frank&#8221;. <\/p>\n<p><iframe loading=\"lazy\" width=\"810\" height=\"455\" src=\"https:\/\/www.youtube.com\/embed\/MJx20l8b3jo\" title=\"YouTube video player\" frameborder=\"0\" allow=\"accelerometer; autoplay; clipboard-write; encrypted-media; gyroscope; picture-in-picture\" allowfullscreen><\/iframe><\/p>\n<p><a href=\"https:\/\/amok.gliwice.pl\/repertuar\/tydzien\/\" rel=\"noopener\" target=\"_blank\">Ca\u0142y repertuar na kolejne dni mo\u017cna sprawdzi\u0107 na stronie kina Amok. Tam mo\u017cna r\u00f3wnie\u017c naby\u0107 bilety w cenie 20 (normalny) i 16 z\u0142 (ulgowy). <\/a><\/p>\n<p><iframe loading=\"lazy\" width=\"810\" height=\"455\" src=\"https:\/\/www.youtube.com\/embed\/Gw1Hk1jzvRg\" title=\"YouTube video player\" frameborder=\"0\" allow=\"accelerometer; autoplay; clipboard-write; encrypted-media; gyroscope; picture-in-picture\" allowfullscreen><\/iframe><\/p>\n<p>(\u017cms)\/Amok Gliwice<br \/>\nfot. mat. organizatora<\/p>\n<div class=\"gliwi-a5-na-koncu-artykulow gliwi-entity-placement\" id=\"gliwi-2987484808\"><div class=\"gliwi-adlabel\"><span style=\"font-size: 9px\">REKLAMA<\/span><\/div><div id=\"gliwi-448273300\" style=\"margin-left: auto;margin-right: auto;text-align: center;\"><a data-no-instant=\"1\" href=\"https:\/\/www.jasek.pl\/\" rel=\"noopener\" class=\"a2t-link\" target=\"_blank\" aria-label=\"20200401-jasek 600\"><img loading=\"lazy\" decoding=\"async\" src=\"https:\/\/www.24gliwice.pl\/wiadomosci\/wp-content\/uploads\/2020\/04\/20200401-jasek-600.jpg\" alt=\"\"  srcset=\"https:\/\/www.24gliwice.pl\/wiadomosci\/wp-content\/uploads\/2020\/04\/20200401-jasek-600.jpg 600w, https:\/\/www.24gliwice.pl\/wiadomosci\/wp-content\/uploads\/2020\/04\/20200401-jasek-600-410x109.jpg 410w\" sizes=\"(max-width: 600px) 100vw, 600px\" class=\"no-lazyload\" width=\"600\" height=\"160\"  style=\"display: inline-block; max-width: 100%; height: auto;\" \/><\/a><\/div><\/div>","protected":false},"excerpt":{"rendered":"<p>Na ekrany kina Amok, jak co tydzie\u0144, wchodzi kilka nowo\u015bci. W\u015br\u00f3d nich obyczajowy dramaty &#8220;Downton Abbey: Nowa epoka&#8221; oraz &#8220;Fabian albo \u015bwiat schodzi na psy&#8221;. Mo\u017cna te\u017c m.in. wybra\u0107 si\u0119 na melodramat &#8220;Historia mojej \u017cony&#8221;. &nbsp; Pierwsza z propozycji to brytyjsko-ameryka\u0144ska produkcja w re\u017c. Simona Curtisa z 2022 roku. Film, kt\u00f3ry trwa 125 minut, mo\u017cna [&hellip;]<\/p>\n","protected":false},"author":15,"featured_media":191780,"comment_status":"open","ping_status":"closed","sticky":false,"template":"","format":"standard","meta":{"_monsterinsights_skip_tracking":false,"_monsterinsights_sitenote_active":false,"_monsterinsights_sitenote_note":"","_monsterinsights_sitenote_category":0,"footnotes":"","_links_to":"","_links_to_target":""},"categories":[3,6,1],"tags":[20646,20482],"class_list":["post-191771","post","type-post","status-publish","format-standard","has-post-thumbnail","hentry","category-gliwice","category-kultura","category-wszystko","tag-premiery-kinowe","tag-repertuar-kina-amok"],"yoast_head":"<!-- This site is optimized with the Yoast SEO plugin v27.4 - https:\/\/yoast.com\/product\/yoast-seo-wordpress\/ -->\n<title>&quot;Niebezpiecznie aktualna opowie\u015b\u0107&quot; na ekranie kina Amok. Co jeszcze w repertuarze? - 24GLIWICE - Portal Gliwice | codziennie nowe informacje<\/title>\n<meta name=\"description\" content=\"Na ekrany kina Amok w tym tygodniu wchodz\u0105 3 nowe produkcje: Downton Abbey: Nowa epoka, Fabian albo \u015bwiat schodzi na psy, Historia mojej \u017cony\" \/>\n<meta name=\"robots\" content=\"index, follow, max-snippet:-1, max-image-preview:large, max-video-preview:-1\" \/>\n<link rel=\"canonical\" href=\"https:\/\/www.24gliwice.pl\/wiadomosci\/niebezpiecznie-aktualna-opowiesc-na-ekranie-kina-amok-co-jeszcze-w-repertuarze\/\" \/>\n<meta property=\"og:locale\" content=\"pl_PL\" \/>\n<meta property=\"og:type\" content=\"article\" \/>\n<meta property=\"og:title\" content=\"&quot;Niebezpiecznie aktualna opowie\u015b\u0107&quot; na ekranie kina Amok. Co jeszcze w repertuarze? - 24GLIWICE - Portal Gliwice | codziennie nowe informacje\" \/>\n<meta property=\"og:description\" content=\"Na ekrany kina Amok w tym tygodniu wchodz\u0105 3 nowe produkcje: Downton Abbey: Nowa epoka, Fabian albo \u015bwiat schodzi na psy, Historia mojej \u017cony\" \/>\n<meta property=\"og:url\" content=\"https:\/\/www.24gliwice.pl\/wiadomosci\/niebezpiecznie-aktualna-opowiesc-na-ekranie-kina-amok-co-jeszcze-w-repertuarze\/\" \/>\n<meta property=\"og:site_name\" content=\"24GLIWICE - Portal Gliwice | codziennie nowe informacje\" \/>\n<meta property=\"article:publisher\" content=\"https:\/\/www.facebook.com\/24gliwice\" \/>\n<meta property=\"article:published_time\" content=\"2022-05-06T03:42:44+00:00\" \/>\n<meta property=\"article:modified_time\" content=\"2022-05-08T18:21:53+00:00\" \/>\n<meta property=\"og:image\" content=\"https:\/\/www.24gliwice.pl\/wiadomosci\/wp-content\/uploads\/2022\/05\/AMOK-Fabian-albo-swiat-schodzi-na-psy-1200x0-c-default-001.jpg\" \/>\n\t<meta property=\"og:image:width\" content=\"810\" \/>\n\t<meta property=\"og:image:height\" content=\"457\" \/>\n\t<meta property=\"og:image:type\" content=\"image\/jpeg\" \/>\n<meta name=\"author\" content=\"\u017baneta Mrozek-Siewierska\" \/>\n<meta name=\"twitter:card\" content=\"summary_large_image\" \/>\n<meta name=\"twitter:creator\" content=\"@24gliwice\" \/>\n<meta name=\"twitter:site\" content=\"@24gliwice\" \/>\n<meta name=\"twitter:label1\" content=\"Napisane przez\" \/>\n\t<meta name=\"twitter:data1\" content=\"\u017baneta Mrozek-Siewierska\" \/>\n\t<meta name=\"twitter:label2\" content=\"Szacowany czas czytania\" \/>\n\t<meta name=\"twitter:data2\" content=\"4 minuty\" \/>\n<script type=\"application\/ld+json\" class=\"yoast-schema-graph\">{\"@context\":\"https:\\\/\\\/schema.org\",\"@graph\":[{\"@type\":\"Article\",\"@id\":\"https:\\\/\\\/www.24gliwice.pl\\\/wiadomosci\\\/niebezpiecznie-aktualna-opowiesc-na-ekranie-kina-amok-co-jeszcze-w-repertuarze\\\/#article\",\"isPartOf\":{\"@id\":\"https:\\\/\\\/www.24gliwice.pl\\\/wiadomosci\\\/niebezpiecznie-aktualna-opowiesc-na-ekranie-kina-amok-co-jeszcze-w-repertuarze\\\/\"},\"author\":{\"name\":\"\u017baneta Mrozek-Siewierska\",\"@id\":\"https:\\\/\\\/www.24gliwice.pl\\\/wiadomosci\\\/#\\\/schema\\\/person\\\/e42c650edd7f2fa332be3811fb166b6e\"},\"headline\":\"&#8220;Niebezpiecznie aktualna opowie\u015b\u0107&#8221; na ekranie kina Amok. Co jeszcze w repertuarze?\",\"datePublished\":\"2022-05-06T03:42:44+00:00\",\"dateModified\":\"2022-05-08T18:21:53+00:00\",\"mainEntityOfPage\":{\"@id\":\"https:\\\/\\\/www.24gliwice.pl\\\/wiadomosci\\\/niebezpiecznie-aktualna-opowiesc-na-ekranie-kina-amok-co-jeszcze-w-repertuarze\\\/\"},\"wordCount\":731,\"commentCount\":0,\"publisher\":{\"@id\":\"https:\\\/\\\/www.24gliwice.pl\\\/wiadomosci\\\/#organization\"},\"image\":{\"@id\":\"https:\\\/\\\/www.24gliwice.pl\\\/wiadomosci\\\/niebezpiecznie-aktualna-opowiesc-na-ekranie-kina-amok-co-jeszcze-w-repertuarze\\\/#primaryimage\"},\"thumbnailUrl\":\"https:\\\/\\\/www.24gliwice.pl\\\/wiadomosci\\\/wp-content\\\/uploads\\\/2022\\\/05\\\/AMOK-Fabian-albo-swiat-schodzi-na-psy-1200x0-c-default-001.jpg\",\"keywords\":[\"premiery kinowe\",\"repertuar kina amok\"],\"articleSection\":[\"Gliwice\",\"Kultura, wydarzenia, imprezy\",\"Najnowsze wiadomo\u015bci\"],\"inLanguage\":\"pl-PL\",\"potentialAction\":[{\"@type\":\"CommentAction\",\"name\":\"Comment\",\"target\":[\"https:\\\/\\\/www.24gliwice.pl\\\/wiadomosci\\\/niebezpiecznie-aktualna-opowiesc-na-ekranie-kina-amok-co-jeszcze-w-repertuarze\\\/#respond\"]}]},{\"@type\":\"WebPage\",\"@id\":\"https:\\\/\\\/www.24gliwice.pl\\\/wiadomosci\\\/niebezpiecznie-aktualna-opowiesc-na-ekranie-kina-amok-co-jeszcze-w-repertuarze\\\/\",\"url\":\"https:\\\/\\\/www.24gliwice.pl\\\/wiadomosci\\\/niebezpiecznie-aktualna-opowiesc-na-ekranie-kina-amok-co-jeszcze-w-repertuarze\\\/\",\"name\":\"\\\"Niebezpiecznie aktualna opowie\u015b\u0107\\\" na ekranie kina Amok. Co jeszcze w repertuarze? - 24GLIWICE - Portal Gliwice | codziennie nowe informacje\",\"isPartOf\":{\"@id\":\"https:\\\/\\\/www.24gliwice.pl\\\/wiadomosci\\\/#website\"},\"primaryImageOfPage\":{\"@id\":\"https:\\\/\\\/www.24gliwice.pl\\\/wiadomosci\\\/niebezpiecznie-aktualna-opowiesc-na-ekranie-kina-amok-co-jeszcze-w-repertuarze\\\/#primaryimage\"},\"image\":{\"@id\":\"https:\\\/\\\/www.24gliwice.pl\\\/wiadomosci\\\/niebezpiecznie-aktualna-opowiesc-na-ekranie-kina-amok-co-jeszcze-w-repertuarze\\\/#primaryimage\"},\"thumbnailUrl\":\"https:\\\/\\\/www.24gliwice.pl\\\/wiadomosci\\\/wp-content\\\/uploads\\\/2022\\\/05\\\/AMOK-Fabian-albo-swiat-schodzi-na-psy-1200x0-c-default-001.jpg\",\"datePublished\":\"2022-05-06T03:42:44+00:00\",\"dateModified\":\"2022-05-08T18:21:53+00:00\",\"description\":\"Na ekrany kina Amok w tym tygodniu wchodz\u0105 3 nowe produkcje: Downton Abbey: Nowa epoka, Fabian albo \u015bwiat schodzi na psy, Historia mojej \u017cony\",\"breadcrumb\":{\"@id\":\"https:\\\/\\\/www.24gliwice.pl\\\/wiadomosci\\\/niebezpiecznie-aktualna-opowiesc-na-ekranie-kina-amok-co-jeszcze-w-repertuarze\\\/#breadcrumb\"},\"inLanguage\":\"pl-PL\",\"potentialAction\":[{\"@type\":\"ReadAction\",\"target\":[\"https:\\\/\\\/www.24gliwice.pl\\\/wiadomosci\\\/niebezpiecznie-aktualna-opowiesc-na-ekranie-kina-amok-co-jeszcze-w-repertuarze\\\/\"]}]},{\"@type\":\"ImageObject\",\"inLanguage\":\"pl-PL\",\"@id\":\"https:\\\/\\\/www.24gliwice.pl\\\/wiadomosci\\\/niebezpiecznie-aktualna-opowiesc-na-ekranie-kina-amok-co-jeszcze-w-repertuarze\\\/#primaryimage\",\"url\":\"https:\\\/\\\/www.24gliwice.pl\\\/wiadomosci\\\/wp-content\\\/uploads\\\/2022\\\/05\\\/AMOK-Fabian-albo-swiat-schodzi-na-psy-1200x0-c-default-001.jpg\",\"contentUrl\":\"https:\\\/\\\/www.24gliwice.pl\\\/wiadomosci\\\/wp-content\\\/uploads\\\/2022\\\/05\\\/AMOK-Fabian-albo-swiat-schodzi-na-psy-1200x0-c-default-001.jpg\",\"width\":810,\"height\":457},{\"@type\":\"BreadcrumbList\",\"@id\":\"https:\\\/\\\/www.24gliwice.pl\\\/wiadomosci\\\/niebezpiecznie-aktualna-opowiesc-na-ekranie-kina-amok-co-jeszcze-w-repertuarze\\\/#breadcrumb\",\"itemListElement\":[{\"@type\":\"ListItem\",\"position\":1,\"name\":\"Strona g\u0142\u00f3wna\",\"item\":\"https:\\\/\\\/www.24gliwice.pl\\\/wiadomosci\\\/\"},{\"@type\":\"ListItem\",\"position\":2,\"name\":\"&#8222;Niebezpiecznie aktualna opowie\u015b\u0107&#8221; na ekranie kina Amok. Co jeszcze w repertuarze?\"}]},{\"@type\":\"WebSite\",\"@id\":\"https:\\\/\\\/www.24gliwice.pl\\\/wiadomosci\\\/#website\",\"url\":\"https:\\\/\\\/www.24gliwice.pl\\\/wiadomosci\\\/\",\"name\":\"24GLIWICE - Portal Gliwice | codziennie nowe wiadomo\u015bci\",\"description\":\"Portal Miejski Gliwice\",\"publisher\":{\"@id\":\"https:\\\/\\\/www.24gliwice.pl\\\/wiadomosci\\\/#organization\"},\"potentialAction\":[{\"@type\":\"SearchAction\",\"target\":{\"@type\":\"EntryPoint\",\"urlTemplate\":\"https:\\\/\\\/www.24gliwice.pl\\\/wiadomosci\\\/?s={search_term_string}\"},\"query-input\":{\"@type\":\"PropertyValueSpecification\",\"valueRequired\":true,\"valueName\":\"search_term_string\"}}],\"inLanguage\":\"pl-PL\"},{\"@type\":\"Organization\",\"@id\":\"https:\\\/\\\/www.24gliwice.pl\\\/wiadomosci\\\/#organization\",\"name\":\"24gliwice\",\"url\":\"https:\\\/\\\/www.24gliwice.pl\\\/wiadomosci\\\/\",\"logo\":{\"@type\":\"ImageObject\",\"inLanguage\":\"pl-PL\",\"@id\":\"https:\\\/\\\/www.24gliwice.pl\\\/wiadomosci\\\/#\\\/schema\\\/logo\\\/image\\\/\",\"url\":\"https:\\\/\\\/www.24gliwice.pl\\\/wiadomosci\\\/wp-content\\\/uploads\\\/2024\\\/10\\\/24gliwice-logo-696.jpg\",\"contentUrl\":\"https:\\\/\\\/www.24gliwice.pl\\\/wiadomosci\\\/wp-content\\\/uploads\\\/2024\\\/10\\\/24gliwice-logo-696.jpg\",\"width\":696,\"height\":696,\"caption\":\"24gliwice\"},\"image\":{\"@id\":\"https:\\\/\\\/www.24gliwice.pl\\\/wiadomosci\\\/#\\\/schema\\\/logo\\\/image\\\/\"},\"sameAs\":[\"https:\\\/\\\/www.facebook.com\\\/24gliwice\",\"https:\\\/\\\/x.com\\\/24gliwice\",\"https:\\\/\\\/www.youtube.com\\\/@24gliwice\"]},{\"@type\":\"Person\",\"@id\":\"https:\\\/\\\/www.24gliwice.pl\\\/wiadomosci\\\/#\\\/schema\\\/person\\\/e42c650edd7f2fa332be3811fb166b6e\",\"name\":\"\u017baneta Mrozek-Siewierska\",\"image\":{\"@type\":\"ImageObject\",\"inLanguage\":\"pl-PL\",\"@id\":\"https:\\\/\\\/www.24gliwice.pl\\\/wiadomosci\\\/wp-content\\\/uploads\\\/2021\\\/11\\\/Zaneta-M_S-zdjecie-czb-96x96.jpg\",\"url\":\"https:\\\/\\\/www.24gliwice.pl\\\/wiadomosci\\\/wp-content\\\/uploads\\\/2021\\\/11\\\/Zaneta-M_S-zdjecie-czb-96x96.jpg\",\"contentUrl\":\"https:\\\/\\\/www.24gliwice.pl\\\/wiadomosci\\\/wp-content\\\/uploads\\\/2021\\\/11\\\/Zaneta-M_S-zdjecie-czb-96x96.jpg\",\"caption\":\"\u017baneta Mrozek-Siewierska\"},\"url\":\"https:\\\/\\\/www.24gliwice.pl\\\/wiadomosci\\\/author\\\/zms\\\/\"}]}<\/script>\n<!-- \/ Yoast SEO plugin. -->","yoast_head_json":{"title":"\"Niebezpiecznie aktualna opowie\u015b\u0107\" na ekranie kina Amok. Co jeszcze w repertuarze? - 24GLIWICE - Portal Gliwice | codziennie nowe informacje","description":"Na ekrany kina Amok w tym tygodniu wchodz\u0105 3 nowe produkcje: Downton Abbey: Nowa epoka, Fabian albo \u015bwiat schodzi na psy, Historia mojej \u017cony","robots":{"index":"index","follow":"follow","max-snippet":"max-snippet:-1","max-image-preview":"max-image-preview:large","max-video-preview":"max-video-preview:-1"},"canonical":"https:\/\/www.24gliwice.pl\/wiadomosci\/niebezpiecznie-aktualna-opowiesc-na-ekranie-kina-amok-co-jeszcze-w-repertuarze\/","og_locale":"pl_PL","og_type":"article","og_title":"\"Niebezpiecznie aktualna opowie\u015b\u0107\" na ekranie kina Amok. Co jeszcze w repertuarze? - 24GLIWICE - Portal Gliwice | codziennie nowe informacje","og_description":"Na ekrany kina Amok w tym tygodniu wchodz\u0105 3 nowe produkcje: Downton Abbey: Nowa epoka, Fabian albo \u015bwiat schodzi na psy, Historia mojej \u017cony","og_url":"https:\/\/www.24gliwice.pl\/wiadomosci\/niebezpiecznie-aktualna-opowiesc-na-ekranie-kina-amok-co-jeszcze-w-repertuarze\/","og_site_name":"24GLIWICE - Portal Gliwice | codziennie nowe informacje","article_publisher":"https:\/\/www.facebook.com\/24gliwice","article_published_time":"2022-05-06T03:42:44+00:00","article_modified_time":"2022-05-08T18:21:53+00:00","og_image":[{"width":810,"height":457,"url":"https:\/\/www.24gliwice.pl\/wiadomosci\/wp-content\/uploads\/2022\/05\/AMOK-Fabian-albo-swiat-schodzi-na-psy-1200x0-c-default-001.jpg","type":"image\/jpeg"}],"author":"\u017baneta Mrozek-Siewierska","twitter_card":"summary_large_image","twitter_creator":"@24gliwice","twitter_site":"@24gliwice","twitter_misc":{"Napisane przez":"\u017baneta Mrozek-Siewierska","Szacowany czas czytania":"4 minuty"},"schema":{"@context":"https:\/\/schema.org","@graph":[{"@type":"Article","@id":"https:\/\/www.24gliwice.pl\/wiadomosci\/niebezpiecznie-aktualna-opowiesc-na-ekranie-kina-amok-co-jeszcze-w-repertuarze\/#article","isPartOf":{"@id":"https:\/\/www.24gliwice.pl\/wiadomosci\/niebezpiecznie-aktualna-opowiesc-na-ekranie-kina-amok-co-jeszcze-w-repertuarze\/"},"author":{"name":"\u017baneta Mrozek-Siewierska","@id":"https:\/\/www.24gliwice.pl\/wiadomosci\/#\/schema\/person\/e42c650edd7f2fa332be3811fb166b6e"},"headline":"&#8220;Niebezpiecznie aktualna opowie\u015b\u0107&#8221; na ekranie kina Amok. Co jeszcze w repertuarze?","datePublished":"2022-05-06T03:42:44+00:00","dateModified":"2022-05-08T18:21:53+00:00","mainEntityOfPage":{"@id":"https:\/\/www.24gliwice.pl\/wiadomosci\/niebezpiecznie-aktualna-opowiesc-na-ekranie-kina-amok-co-jeszcze-w-repertuarze\/"},"wordCount":731,"commentCount":0,"publisher":{"@id":"https:\/\/www.24gliwice.pl\/wiadomosci\/#organization"},"image":{"@id":"https:\/\/www.24gliwice.pl\/wiadomosci\/niebezpiecznie-aktualna-opowiesc-na-ekranie-kina-amok-co-jeszcze-w-repertuarze\/#primaryimage"},"thumbnailUrl":"https:\/\/www.24gliwice.pl\/wiadomosci\/wp-content\/uploads\/2022\/05\/AMOK-Fabian-albo-swiat-schodzi-na-psy-1200x0-c-default-001.jpg","keywords":["premiery kinowe","repertuar kina amok"],"articleSection":["Gliwice","Kultura, wydarzenia, imprezy","Najnowsze wiadomo\u015bci"],"inLanguage":"pl-PL","potentialAction":[{"@type":"CommentAction","name":"Comment","target":["https:\/\/www.24gliwice.pl\/wiadomosci\/niebezpiecznie-aktualna-opowiesc-na-ekranie-kina-amok-co-jeszcze-w-repertuarze\/#respond"]}]},{"@type":"WebPage","@id":"https:\/\/www.24gliwice.pl\/wiadomosci\/niebezpiecznie-aktualna-opowiesc-na-ekranie-kina-amok-co-jeszcze-w-repertuarze\/","url":"https:\/\/www.24gliwice.pl\/wiadomosci\/niebezpiecznie-aktualna-opowiesc-na-ekranie-kina-amok-co-jeszcze-w-repertuarze\/","name":"\"Niebezpiecznie aktualna opowie\u015b\u0107\" na ekranie kina Amok. Co jeszcze w repertuarze? - 24GLIWICE - Portal Gliwice | codziennie nowe informacje","isPartOf":{"@id":"https:\/\/www.24gliwice.pl\/wiadomosci\/#website"},"primaryImageOfPage":{"@id":"https:\/\/www.24gliwice.pl\/wiadomosci\/niebezpiecznie-aktualna-opowiesc-na-ekranie-kina-amok-co-jeszcze-w-repertuarze\/#primaryimage"},"image":{"@id":"https:\/\/www.24gliwice.pl\/wiadomosci\/niebezpiecznie-aktualna-opowiesc-na-ekranie-kina-amok-co-jeszcze-w-repertuarze\/#primaryimage"},"thumbnailUrl":"https:\/\/www.24gliwice.pl\/wiadomosci\/wp-content\/uploads\/2022\/05\/AMOK-Fabian-albo-swiat-schodzi-na-psy-1200x0-c-default-001.jpg","datePublished":"2022-05-06T03:42:44+00:00","dateModified":"2022-05-08T18:21:53+00:00","description":"Na ekrany kina Amok w tym tygodniu wchodz\u0105 3 nowe produkcje: Downton Abbey: Nowa epoka, Fabian albo \u015bwiat schodzi na psy, Historia mojej \u017cony","breadcrumb":{"@id":"https:\/\/www.24gliwice.pl\/wiadomosci\/niebezpiecznie-aktualna-opowiesc-na-ekranie-kina-amok-co-jeszcze-w-repertuarze\/#breadcrumb"},"inLanguage":"pl-PL","potentialAction":[{"@type":"ReadAction","target":["https:\/\/www.24gliwice.pl\/wiadomosci\/niebezpiecznie-aktualna-opowiesc-na-ekranie-kina-amok-co-jeszcze-w-repertuarze\/"]}]},{"@type":"ImageObject","inLanguage":"pl-PL","@id":"https:\/\/www.24gliwice.pl\/wiadomosci\/niebezpiecznie-aktualna-opowiesc-na-ekranie-kina-amok-co-jeszcze-w-repertuarze\/#primaryimage","url":"https:\/\/www.24gliwice.pl\/wiadomosci\/wp-content\/uploads\/2022\/05\/AMOK-Fabian-albo-swiat-schodzi-na-psy-1200x0-c-default-001.jpg","contentUrl":"https:\/\/www.24gliwice.pl\/wiadomosci\/wp-content\/uploads\/2022\/05\/AMOK-Fabian-albo-swiat-schodzi-na-psy-1200x0-c-default-001.jpg","width":810,"height":457},{"@type":"BreadcrumbList","@id":"https:\/\/www.24gliwice.pl\/wiadomosci\/niebezpiecznie-aktualna-opowiesc-na-ekranie-kina-amok-co-jeszcze-w-repertuarze\/#breadcrumb","itemListElement":[{"@type":"ListItem","position":1,"name":"Strona g\u0142\u00f3wna","item":"https:\/\/www.24gliwice.pl\/wiadomosci\/"},{"@type":"ListItem","position":2,"name":"&#8222;Niebezpiecznie aktualna opowie\u015b\u0107&#8221; na ekranie kina Amok. Co jeszcze w repertuarze?"}]},{"@type":"WebSite","@id":"https:\/\/www.24gliwice.pl\/wiadomosci\/#website","url":"https:\/\/www.24gliwice.pl\/wiadomosci\/","name":"24GLIWICE - Portal Gliwice | codziennie nowe wiadomo\u015bci","description":"Portal Miejski Gliwice","publisher":{"@id":"https:\/\/www.24gliwice.pl\/wiadomosci\/#organization"},"potentialAction":[{"@type":"SearchAction","target":{"@type":"EntryPoint","urlTemplate":"https:\/\/www.24gliwice.pl\/wiadomosci\/?s={search_term_string}"},"query-input":{"@type":"PropertyValueSpecification","valueRequired":true,"valueName":"search_term_string"}}],"inLanguage":"pl-PL"},{"@type":"Organization","@id":"https:\/\/www.24gliwice.pl\/wiadomosci\/#organization","name":"24gliwice","url":"https:\/\/www.24gliwice.pl\/wiadomosci\/","logo":{"@type":"ImageObject","inLanguage":"pl-PL","@id":"https:\/\/www.24gliwice.pl\/wiadomosci\/#\/schema\/logo\/image\/","url":"https:\/\/www.24gliwice.pl\/wiadomosci\/wp-content\/uploads\/2024\/10\/24gliwice-logo-696.jpg","contentUrl":"https:\/\/www.24gliwice.pl\/wiadomosci\/wp-content\/uploads\/2024\/10\/24gliwice-logo-696.jpg","width":696,"height":696,"caption":"24gliwice"},"image":{"@id":"https:\/\/www.24gliwice.pl\/wiadomosci\/#\/schema\/logo\/image\/"},"sameAs":["https:\/\/www.facebook.com\/24gliwice","https:\/\/x.com\/24gliwice","https:\/\/www.youtube.com\/@24gliwice"]},{"@type":"Person","@id":"https:\/\/www.24gliwice.pl\/wiadomosci\/#\/schema\/person\/e42c650edd7f2fa332be3811fb166b6e","name":"\u017baneta Mrozek-Siewierska","image":{"@type":"ImageObject","inLanguage":"pl-PL","@id":"https:\/\/www.24gliwice.pl\/wiadomosci\/wp-content\/uploads\/2021\/11\/Zaneta-M_S-zdjecie-czb-96x96.jpg","url":"https:\/\/www.24gliwice.pl\/wiadomosci\/wp-content\/uploads\/2021\/11\/Zaneta-M_S-zdjecie-czb-96x96.jpg","contentUrl":"https:\/\/www.24gliwice.pl\/wiadomosci\/wp-content\/uploads\/2021\/11\/Zaneta-M_S-zdjecie-czb-96x96.jpg","caption":"\u017baneta Mrozek-Siewierska"},"url":"https:\/\/www.24gliwice.pl\/wiadomosci\/author\/zms\/"}]}},"_links":{"self":[{"href":"https:\/\/www.24gliwice.pl\/wiadomosci\/wp-json\/wp\/v2\/posts\/191771","targetHints":{"allow":["GET"]}}],"collection":[{"href":"https:\/\/www.24gliwice.pl\/wiadomosci\/wp-json\/wp\/v2\/posts"}],"about":[{"href":"https:\/\/www.24gliwice.pl\/wiadomosci\/wp-json\/wp\/v2\/types\/post"}],"author":[{"embeddable":true,"href":"https:\/\/www.24gliwice.pl\/wiadomosci\/wp-json\/wp\/v2\/users\/15"}],"replies":[{"embeddable":true,"href":"https:\/\/www.24gliwice.pl\/wiadomosci\/wp-json\/wp\/v2\/comments?post=191771"}],"version-history":[{"count":11,"href":"https:\/\/www.24gliwice.pl\/wiadomosci\/wp-json\/wp\/v2\/posts\/191771\/revisions"}],"predecessor-version":[{"id":191786,"href":"https:\/\/www.24gliwice.pl\/wiadomosci\/wp-json\/wp\/v2\/posts\/191771\/revisions\/191786"}],"wp:featuredmedia":[{"embeddable":true,"href":"https:\/\/www.24gliwice.pl\/wiadomosci\/wp-json\/wp\/v2\/media\/191780"}],"wp:attachment":[{"href":"https:\/\/www.24gliwice.pl\/wiadomosci\/wp-json\/wp\/v2\/media?parent=191771"}],"wp:term":[{"taxonomy":"category","embeddable":true,"href":"https:\/\/www.24gliwice.pl\/wiadomosci\/wp-json\/wp\/v2\/categories?post=191771"},{"taxonomy":"post_tag","embeddable":true,"href":"https:\/\/www.24gliwice.pl\/wiadomosci\/wp-json\/wp\/v2\/tags?post=191771"}],"curies":[{"name":"wp","href":"https:\/\/api.w.org\/{rel}","templated":true}]}}