{"id":192061,"date":"2022-05-11T14:38:24","date_gmt":"2022-05-11T12:38:24","guid":{"rendered":"https:\/\/www.24gliwice.pl\/wiadomosci\/?p=192061"},"modified":"2022-05-11T14:38:24","modified_gmt":"2022-05-11T12:38:24","slug":"siec-handlowa-zlozyla-wniosek-o-upadlosc-dwa-sklepy-na-terenie-gliwic-juz-zostaly-zamkniete","status":"publish","type":"post","link":"https:\/\/www.24gliwice.pl\/wiadomosci\/siec-handlowa-zlozyla-wniosek-o-upadlosc-dwa-sklepy-na-terenie-gliwic-juz-zostaly-zamkniete\/","title":{"rendered":"Sie\u0107 handlowa z\u0142o\u017cy\u0142a wniosek o upad\u0142o\u015b\u0107. Dwa sklepy na terenie Gliwic ju\u017c zosta\u0142y zamkni\u0119te"},"content":{"rendered":"<div class=\"gliwi-a6-nad-leadem-artykulow gliwi-entity-placement\" id=\"gliwi-1653314919\"><div class=\"gliwi-adlabel\"><span style=\"font-size: 9px\">REKLAMA<\/span><\/div><div id=\"gliwi-2404920287\" style=\"margin-bottom: 25px;margin-left: auto;margin-right: auto;text-align: center;\"><a data-no-instant=\"1\" href=\"https:\/\/dom100.eu\/\" rel=\"noopener\" class=\"a2t-link\" target=\"_blank\" aria-label=\"20260415 DOM100 D\"><img loading=\"lazy\" decoding=\"async\" src=\"https:\/\/www.24gliwice.pl\/wiadomosci\/wp-content\/uploads\/2026\/04\/20260415-DOM100-D.jpg\" alt=\"\"  srcset=\"https:\/\/www.24gliwice.pl\/wiadomosci\/wp-content\/uploads\/2026\/04\/20260415-DOM100-D.jpg 750w, https:\/\/www.24gliwice.pl\/wiadomosci\/wp-content\/uploads\/2026\/04\/20260415-DOM100-D-410x109.jpg 410w\" sizes=\"(max-width: 750px) 100vw, 750px\" class=\"no-lazyload\" width=\"750\" height=\"200\"  style=\"display: inline-block; max-width: 100%; height: auto;\" \/><\/a><\/div><\/div><h2>W\u0142a\u015bciciel sieci handlowej TXM Textilmarket z\u0142o\u017cy\u0142 wniosek o upad\u0142o\u015b\u0107. Jeden ze sklep\u00f3w tej marki mie\u015bci\u0142 si\u0119 przy ulicy Zwyci\u0119stwa. Jak si\u0119 okazuje, od \u015bwi\u0105t wielkanocnych ju\u017c nie prowadzi sprzeda\u017cy.<\/h2>\n<p>&nbsp;<br \/>\n&#8211; Ostatni raz otwarte mieli w Wielki Czwartek, p\u00f3\u017aniej przyszli tylko spakowa\u0107 reszt\u0119 rzeczy. Ostatni dzia\u0142aj\u0105cy sklep TXM jest teraz chyba w Arenie &#8211; m\u00f3wi nam najemca jednego z lokali przy ulicy Zwyci\u0119stwa. Niestety, r\u00f3wnie\u017c w centrum handlowym plac\u00f3wka jest ju\u017c nieczynna. <\/p>\n<h4>Komunikat w sprawie zamkni\u0119cia biznesu w Polsce firma wyda\u0142a kilka dni temu. Kilka lat wcze\u015bniej zrezygnowano z ekspansji na po\u0142udniowe rynki w Europie.<\/h4>\n<p>&#8211; Zarz\u0105d TXM S.A informuje, \u017ce w dniu 30 kwietnia 2022 roku z\u0142o\u017cy\u0142 wniosek o upad\u0142o\u015b\u0107 Sp\u00f3\u0142ki TXM. Podstawowymi czynnikami le\u017c\u0105cymi u podstawy decyzji zarz\u0105du by\u0142y osi\u0105gane wyniki finansowe oraz sytuacja p\u0142ynno\u015bciowa, zdeterminowane w trakcie ostatnich dw\u00f3ch lat przez negatywny wp\u0142yw pandemii COVID-19, a jednocze\u015bnie brak wsparcia Pa\u0144stwa dla TXM jako podmiotu bezdyskusyjnie dotkni\u0119tego skutkami pandemii &#8211; czytamy w komunikacie.<\/p><div class=\"gliwi-a3-w-tresci-artykulow gliwi-entity-placement\" id=\"gliwi-1586965489\"><div class=\"gliwi-adlabel\"><span style=\"font-size: 9px\">REKLAMA<\/span><\/div><div id=\"gliwi-3639739983\" style=\"margin-bottom: 30px;margin-left: auto;margin-right: auto;text-align: center;\"><a data-no-instant=\"1\" href=\"https:\/\/zlobek.halogen.org.pl\/\" rel=\"noopener\" class=\"a2t-link\" target=\"_blank\" aria-label=\"animator-zlobek_750x200\"><img loading=\"lazy\" decoding=\"async\" src=\"https:\/\/www.24gliwice.pl\/wiadomosci\/wp-content\/uploads\/2026\/02\/animator-zlobek_750x200.webp\" alt=\"\"  srcset=\"https:\/\/www.24gliwice.pl\/wiadomosci\/wp-content\/uploads\/2026\/02\/animator-zlobek_750x200.webp 750w, https:\/\/www.24gliwice.pl\/wiadomosci\/wp-content\/uploads\/2026\/02\/animator-zlobek_750x200-410x109.webp 410w\" sizes=\"(max-width: 750px) 100vw, 750px\" class=\"no-lazyload\" width=\"750\" height=\"200\"  style=\"display: inline-block; max-width: 100%; height: auto;\" \/><\/a><\/div><\/div>\n<p><a href=\"https:\/\/www.24gliwice.pl\/wiadomosci\/wp-content\/uploads\/2022\/05\/txm-scaled.jpg\"><img loading=\"lazy\" decoding=\"async\" src=\"https:\/\/www.24gliwice.pl\/wiadomosci\/wp-content\/uploads\/2022\/05\/txm-scaled.jpg\" alt=\"\" width=\"2560\" height=\"1444\" class=\"alignnone size-full wp-image-192075\" srcset=\"https:\/\/www.24gliwice.pl\/wiadomosci\/wp-content\/uploads\/2022\/05\/txm-scaled.jpg 2560w, https:\/\/www.24gliwice.pl\/wiadomosci\/wp-content\/uploads\/2022\/05\/txm-410x232.jpg 410w, https:\/\/www.24gliwice.pl\/wiadomosci\/wp-content\/uploads\/2022\/05\/txm-807x455.jpg 807w, https:\/\/www.24gliwice.pl\/wiadomosci\/wp-content\/uploads\/2022\/05\/txm-768x433.jpg 768w, https:\/\/www.24gliwice.pl\/wiadomosci\/wp-content\/uploads\/2022\/05\/txm-1536x866.jpg 1536w, https:\/\/www.24gliwice.pl\/wiadomosci\/wp-content\/uploads\/2022\/05\/txm-2048x1155.jpg 2048w, https:\/\/www.24gliwice.pl\/wiadomosci\/wp-content\/uploads\/2022\/05\/txm-810x457.jpg 810w, https:\/\/www.24gliwice.pl\/wiadomosci\/wp-content\/uploads\/2022\/05\/txm-1140x643.jpg 1140w\" sizes=\"auto, (max-width: 2560px) 100vw, 2560px\" \/><\/a><\/p>\n<p>Jak wynika z doniesie\u0144 medialnych, w 2017 roku firma zrezygnowa\u0142a z prowadzenia dzia\u0142alno\u015bci na terenie Czech, sprzedaj\u0105c swoje sklepy prywatnemu inwestorowi. Ju\u017c wtedy m\u00f3wiono o spadku dynamiki sprzeda\u017cy tak\u017ce w polskich plac\u00f3wkach TXM. Dwa lata p\u00f3\u017aniej poinformowano o zako\u0144czeniu dzia\u0142alno\u015bci na rynku S\u0142owackim. <\/p>\n<h4>Sp\u00f3\u0142ka TXM S.A. na swojej stronie przedstawia\u0142a si\u0119 jako najwi\u0119ksza polska sie\u0107 dyskont\u00f3w odzie\u017cowych dzia\u0142aj\u0105ca od 1989 roku.<\/h4>\n<p>Plac\u00f3wki TXM oferowa\u0142y swoim klientom szerok\u0105 gam\u0119 odzie\u017cy, bielizny i dziewiarstwa oraz artyku\u0142\u00f3w z kategorii \u201ehome\u201d w dosy\u0107 konkurencyjnych cenach.<\/p>\n<p>&#8211; Posiadamy ponad 200 sklep\u00f3w w Polsce oraz nowoczesny sklep Internetowy &#8211; napisano w niedost\u0119pnym ju\u017c opisie na stronie. Z mapy tam zawartej wynika, \u017ce jedyny dzia\u0142aj\u0105cy sklep w naszym rejonie znajduje si\u0119 obecnie na terenie gminy Czerwionka-Leszczyny. <\/p>\n<p>(\u017cms)<br \/>\nfot. 24gliwice.pl\/\u017bMS<\/p>\n<div class=\"gliwi-a5-na-koncu-artykulow gliwi-entity-placement\" id=\"gliwi-3500159394\"><div class=\"gliwi-adlabel\"><span style=\"font-size: 9px\">REKLAMA<\/span><\/div><div id=\"gliwi-4134174454\" style=\"margin-left: auto;margin-right: auto;text-align: center;\"><a data-no-instant=\"1\" href=\"https:\/\/prezeroarenagliwice.pl\/\" rel=\"noopener\" class=\"a2t-link\" target=\"_blank\" aria-label=\"20260309-PREZERO-WIOSNA-D\"><img loading=\"lazy\" decoding=\"async\" src=\"https:\/\/www.24gliwice.pl\/wiadomosci\/wp-content\/uploads\/2026\/03\/20260309-PREZERO-WIOSNA-D.webp\" alt=\"\"  srcset=\"https:\/\/www.24gliwice.pl\/wiadomosci\/wp-content\/uploads\/2026\/03\/20260309-PREZERO-WIOSNA-D.webp 750w, https:\/\/www.24gliwice.pl\/wiadomosci\/wp-content\/uploads\/2026\/03\/20260309-PREZERO-WIOSNA-D-410x109.webp 410w\" sizes=\"(max-width: 750px) 100vw, 750px\" class=\"no-lazyload\" width=\"750\" height=\"200\"  style=\"display: inline-block; max-width: 100%; height: auto;\" \/><\/a><\/div><\/div>","protected":false},"excerpt":{"rendered":"<p>W\u0142a\u015bciciel sieci handlowej TXM Textilmarket z\u0142o\u017cy\u0142 wniosek o upad\u0142o\u015b\u0107. Jeden ze sklep\u00f3w tej marki mie\u015bci\u0142 si\u0119 przy ulicy Zwyci\u0119stwa. Jak si\u0119 okazuje, od \u015bwi\u0105t wielkanocnych ju\u017c nie prowadzi sprzeda\u017cy. &nbsp; &#8211; Ostatni raz otwarte mieli w Wielki Czwartek, p\u00f3\u017aniej przyszli tylko spakowa\u0107 reszt\u0119 rzeczy. Ostatni dzia\u0142aj\u0105cy sklep TXM jest teraz chyba w Arenie &#8211; m\u00f3wi [&hellip;]<\/p>\n","protected":false},"author":15,"featured_media":192101,"comment_status":"open","ping_status":"closed","sticky":false,"template":"","format":"standard","meta":{"_monsterinsights_skip_tracking":false,"_monsterinsights_sitenote_active":false,"_monsterinsights_sitenote_note":"","_monsterinsights_sitenote_category":0,"footnotes":"","_links_to":"","_links_to_target":""},"categories":[3,1],"tags":[],"class_list":["post-192061","post","type-post","status-publish","format-standard","has-post-thumbnail","hentry","category-gliwice","category-wszystko"],"yoast_head":"<!-- This site is optimized with the Yoast SEO plugin v27.4 - https:\/\/yoast.com\/product\/yoast-seo-wordpress\/ -->\n<title>Sie\u0107 handlowa z\u0142o\u017cy\u0142a wniosek o upad\u0142o\u015b\u0107. Dwa sklepy na terenie Gliwic ju\u017c zosta\u0142y zamkni\u0119te - 24GLIWICE - Portal Gliwice | codziennie nowe informacje<\/title>\n<meta name=\"robots\" content=\"index, follow, max-snippet:-1, max-image-preview:large, max-video-preview:-1\" \/>\n<link rel=\"canonical\" href=\"https:\/\/www.24gliwice.pl\/wiadomosci\/siec-handlowa-zlozyla-wniosek-o-upadlosc-dwa-sklepy-na-terenie-gliwic-juz-zostaly-zamkniete\/\" \/>\n<meta property=\"og:locale\" content=\"pl_PL\" \/>\n<meta property=\"og:type\" content=\"article\" \/>\n<meta property=\"og:title\" content=\"Sie\u0107 handlowa z\u0142o\u017cy\u0142a wniosek o upad\u0142o\u015b\u0107. Dwa sklepy na terenie Gliwic ju\u017c zosta\u0142y zamkni\u0119te - 24GLIWICE - Portal Gliwice | codziennie nowe informacje\" \/>\n<meta property=\"og:description\" content=\"W\u0142a\u015bciciel sieci handlowej TXM Textilmarket z\u0142o\u017cy\u0142 wniosek o upad\u0142o\u015b\u0107. Jeden ze sklep\u00f3w tej marki mie\u015bci\u0142 si\u0119 przy ulicy Zwyci\u0119stwa. Jak si\u0119 okazuje, od \u015bwi\u0105t wielkanocnych ju\u017c nie prowadzi sprzeda\u017cy. &nbsp; &#8211; Ostatni raz otwarte mieli w Wielki Czwartek, p\u00f3\u017aniej przyszli tylko spakowa\u0107 reszt\u0119 rzeczy. Ostatni dzia\u0142aj\u0105cy sklep TXM jest teraz chyba w Arenie &#8211; m\u00f3wi [&hellip;]\" \/>\n<meta property=\"og:url\" content=\"https:\/\/www.24gliwice.pl\/wiadomosci\/siec-handlowa-zlozyla-wniosek-o-upadlosc-dwa-sklepy-na-terenie-gliwic-juz-zostaly-zamkniete\/\" \/>\n<meta property=\"og:site_name\" content=\"24GLIWICE - Portal Gliwice | codziennie nowe informacje\" \/>\n<meta property=\"article:publisher\" content=\"https:\/\/www.facebook.com\/24gliwice\" \/>\n<meta property=\"article:published_time\" content=\"2022-05-11T12:38:24+00:00\" \/>\n<meta property=\"og:image\" content=\"https:\/\/www.24gliwice.pl\/wiadomosci\/wp-content\/uploads\/2022\/05\/sklep-txm-001.jpg\" \/>\n\t<meta property=\"og:image:width\" content=\"727\" \/>\n\t<meta property=\"og:image:height\" content=\"407\" \/>\n\t<meta property=\"og:image:type\" content=\"image\/jpeg\" \/>\n<meta name=\"author\" content=\"\u017baneta Mrozek-Siewierska\" \/>\n<meta name=\"twitter:card\" content=\"summary_large_image\" \/>\n<meta name=\"twitter:creator\" content=\"@24gliwice\" \/>\n<meta name=\"twitter:site\" content=\"@24gliwice\" \/>\n<meta name=\"twitter:label1\" content=\"Napisane przez\" \/>\n\t<meta name=\"twitter:data1\" content=\"\u017baneta Mrozek-Siewierska\" \/>\n\t<meta name=\"twitter:label2\" content=\"Szacowany czas czytania\" \/>\n\t<meta name=\"twitter:data2\" content=\"2 minuty\" \/>\n<script type=\"application\/ld+json\" class=\"yoast-schema-graph\">{\"@context\":\"https:\\\/\\\/schema.org\",\"@graph\":[{\"@type\":\"Article\",\"@id\":\"https:\\\/\\\/www.24gliwice.pl\\\/wiadomosci\\\/siec-handlowa-zlozyla-wniosek-o-upadlosc-dwa-sklepy-na-terenie-gliwic-juz-zostaly-zamkniete\\\/#article\",\"isPartOf\":{\"@id\":\"https:\\\/\\\/www.24gliwice.pl\\\/wiadomosci\\\/siec-handlowa-zlozyla-wniosek-o-upadlosc-dwa-sklepy-na-terenie-gliwic-juz-zostaly-zamkniete\\\/\"},\"author\":{\"name\":\"\u017baneta Mrozek-Siewierska\",\"@id\":\"https:\\\/\\\/www.24gliwice.pl\\\/wiadomosci\\\/#\\\/schema\\\/person\\\/e42c650edd7f2fa332be3811fb166b6e\"},\"headline\":\"Sie\u0107 handlowa z\u0142o\u017cy\u0142a wniosek o upad\u0142o\u015b\u0107. Dwa sklepy na terenie Gliwic ju\u017c zosta\u0142y zamkni\u0119te\",\"datePublished\":\"2022-05-11T12:38:24+00:00\",\"mainEntityOfPage\":{\"@id\":\"https:\\\/\\\/www.24gliwice.pl\\\/wiadomosci\\\/siec-handlowa-zlozyla-wniosek-o-upadlosc-dwa-sklepy-na-terenie-gliwic-juz-zostaly-zamkniete\\\/\"},\"wordCount\":361,\"commentCount\":0,\"publisher\":{\"@id\":\"https:\\\/\\\/www.24gliwice.pl\\\/wiadomosci\\\/#organization\"},\"image\":{\"@id\":\"https:\\\/\\\/www.24gliwice.pl\\\/wiadomosci\\\/siec-handlowa-zlozyla-wniosek-o-upadlosc-dwa-sklepy-na-terenie-gliwic-juz-zostaly-zamkniete\\\/#primaryimage\"},\"thumbnailUrl\":\"https:\\\/\\\/www.24gliwice.pl\\\/wiadomosci\\\/wp-content\\\/uploads\\\/2022\\\/05\\\/sklep-txm-001.jpg\",\"articleSection\":[\"Gliwice\",\"Najnowsze wiadomo\u015bci\"],\"inLanguage\":\"pl-PL\",\"potentialAction\":[{\"@type\":\"CommentAction\",\"name\":\"Comment\",\"target\":[\"https:\\\/\\\/www.24gliwice.pl\\\/wiadomosci\\\/siec-handlowa-zlozyla-wniosek-o-upadlosc-dwa-sklepy-na-terenie-gliwic-juz-zostaly-zamkniete\\\/#respond\"]}]},{\"@type\":\"WebPage\",\"@id\":\"https:\\\/\\\/www.24gliwice.pl\\\/wiadomosci\\\/siec-handlowa-zlozyla-wniosek-o-upadlosc-dwa-sklepy-na-terenie-gliwic-juz-zostaly-zamkniete\\\/\",\"url\":\"https:\\\/\\\/www.24gliwice.pl\\\/wiadomosci\\\/siec-handlowa-zlozyla-wniosek-o-upadlosc-dwa-sklepy-na-terenie-gliwic-juz-zostaly-zamkniete\\\/\",\"name\":\"Sie\u0107 handlowa z\u0142o\u017cy\u0142a wniosek o upad\u0142o\u015b\u0107. Dwa sklepy na terenie Gliwic ju\u017c zosta\u0142y zamkni\u0119te - 24GLIWICE - Portal Gliwice | codziennie nowe informacje\",\"isPartOf\":{\"@id\":\"https:\\\/\\\/www.24gliwice.pl\\\/wiadomosci\\\/#website\"},\"primaryImageOfPage\":{\"@id\":\"https:\\\/\\\/www.24gliwice.pl\\\/wiadomosci\\\/siec-handlowa-zlozyla-wniosek-o-upadlosc-dwa-sklepy-na-terenie-gliwic-juz-zostaly-zamkniete\\\/#primaryimage\"},\"image\":{\"@id\":\"https:\\\/\\\/www.24gliwice.pl\\\/wiadomosci\\\/siec-handlowa-zlozyla-wniosek-o-upadlosc-dwa-sklepy-na-terenie-gliwic-juz-zostaly-zamkniete\\\/#primaryimage\"},\"thumbnailUrl\":\"https:\\\/\\\/www.24gliwice.pl\\\/wiadomosci\\\/wp-content\\\/uploads\\\/2022\\\/05\\\/sklep-txm-001.jpg\",\"datePublished\":\"2022-05-11T12:38:24+00:00\",\"breadcrumb\":{\"@id\":\"https:\\\/\\\/www.24gliwice.pl\\\/wiadomosci\\\/siec-handlowa-zlozyla-wniosek-o-upadlosc-dwa-sklepy-na-terenie-gliwic-juz-zostaly-zamkniete\\\/#breadcrumb\"},\"inLanguage\":\"pl-PL\",\"potentialAction\":[{\"@type\":\"ReadAction\",\"target\":[\"https:\\\/\\\/www.24gliwice.pl\\\/wiadomosci\\\/siec-handlowa-zlozyla-wniosek-o-upadlosc-dwa-sklepy-na-terenie-gliwic-juz-zostaly-zamkniete\\\/\"]}]},{\"@type\":\"ImageObject\",\"inLanguage\":\"pl-PL\",\"@id\":\"https:\\\/\\\/www.24gliwice.pl\\\/wiadomosci\\\/siec-handlowa-zlozyla-wniosek-o-upadlosc-dwa-sklepy-na-terenie-gliwic-juz-zostaly-zamkniete\\\/#primaryimage\",\"url\":\"https:\\\/\\\/www.24gliwice.pl\\\/wiadomosci\\\/wp-content\\\/uploads\\\/2022\\\/05\\\/sklep-txm-001.jpg\",\"contentUrl\":\"https:\\\/\\\/www.24gliwice.pl\\\/wiadomosci\\\/wp-content\\\/uploads\\\/2022\\\/05\\\/sklep-txm-001.jpg\",\"width\":727,\"height\":407},{\"@type\":\"BreadcrumbList\",\"@id\":\"https:\\\/\\\/www.24gliwice.pl\\\/wiadomosci\\\/siec-handlowa-zlozyla-wniosek-o-upadlosc-dwa-sklepy-na-terenie-gliwic-juz-zostaly-zamkniete\\\/#breadcrumb\",\"itemListElement\":[{\"@type\":\"ListItem\",\"position\":1,\"name\":\"Strona g\u0142\u00f3wna\",\"item\":\"https:\\\/\\\/www.24gliwice.pl\\\/wiadomosci\\\/\"},{\"@type\":\"ListItem\",\"position\":2,\"name\":\"Sie\u0107 handlowa z\u0142o\u017cy\u0142a wniosek o upad\u0142o\u015b\u0107. Dwa sklepy na terenie Gliwic ju\u017c zosta\u0142y zamkni\u0119te\"}]},{\"@type\":\"WebSite\",\"@id\":\"https:\\\/\\\/www.24gliwice.pl\\\/wiadomosci\\\/#website\",\"url\":\"https:\\\/\\\/www.24gliwice.pl\\\/wiadomosci\\\/\",\"name\":\"24GLIWICE - Portal Gliwice | codziennie nowe wiadomo\u015bci\",\"description\":\"Portal Miejski Gliwice\",\"publisher\":{\"@id\":\"https:\\\/\\\/www.24gliwice.pl\\\/wiadomosci\\\/#organization\"},\"potentialAction\":[{\"@type\":\"SearchAction\",\"target\":{\"@type\":\"EntryPoint\",\"urlTemplate\":\"https:\\\/\\\/www.24gliwice.pl\\\/wiadomosci\\\/?s={search_term_string}\"},\"query-input\":{\"@type\":\"PropertyValueSpecification\",\"valueRequired\":true,\"valueName\":\"search_term_string\"}}],\"inLanguage\":\"pl-PL\"},{\"@type\":\"Organization\",\"@id\":\"https:\\\/\\\/www.24gliwice.pl\\\/wiadomosci\\\/#organization\",\"name\":\"24gliwice\",\"url\":\"https:\\\/\\\/www.24gliwice.pl\\\/wiadomosci\\\/\",\"logo\":{\"@type\":\"ImageObject\",\"inLanguage\":\"pl-PL\",\"@id\":\"https:\\\/\\\/www.24gliwice.pl\\\/wiadomosci\\\/#\\\/schema\\\/logo\\\/image\\\/\",\"url\":\"https:\\\/\\\/www.24gliwice.pl\\\/wiadomosci\\\/wp-content\\\/uploads\\\/2024\\\/10\\\/24gliwice-logo-696.jpg\",\"contentUrl\":\"https:\\\/\\\/www.24gliwice.pl\\\/wiadomosci\\\/wp-content\\\/uploads\\\/2024\\\/10\\\/24gliwice-logo-696.jpg\",\"width\":696,\"height\":696,\"caption\":\"24gliwice\"},\"image\":{\"@id\":\"https:\\\/\\\/www.24gliwice.pl\\\/wiadomosci\\\/#\\\/schema\\\/logo\\\/image\\\/\"},\"sameAs\":[\"https:\\\/\\\/www.facebook.com\\\/24gliwice\",\"https:\\\/\\\/x.com\\\/24gliwice\",\"https:\\\/\\\/www.youtube.com\\\/@24gliwice\"]},{\"@type\":\"Person\",\"@id\":\"https:\\\/\\\/www.24gliwice.pl\\\/wiadomosci\\\/#\\\/schema\\\/person\\\/e42c650edd7f2fa332be3811fb166b6e\",\"name\":\"\u017baneta Mrozek-Siewierska\",\"image\":{\"@type\":\"ImageObject\",\"inLanguage\":\"pl-PL\",\"@id\":\"https:\\\/\\\/www.24gliwice.pl\\\/wiadomosci\\\/wp-content\\\/uploads\\\/2021\\\/11\\\/Zaneta-M_S-zdjecie-czb-96x96.jpg\",\"url\":\"https:\\\/\\\/www.24gliwice.pl\\\/wiadomosci\\\/wp-content\\\/uploads\\\/2021\\\/11\\\/Zaneta-M_S-zdjecie-czb-96x96.jpg\",\"contentUrl\":\"https:\\\/\\\/www.24gliwice.pl\\\/wiadomosci\\\/wp-content\\\/uploads\\\/2021\\\/11\\\/Zaneta-M_S-zdjecie-czb-96x96.jpg\",\"caption\":\"\u017baneta Mrozek-Siewierska\"},\"url\":\"https:\\\/\\\/www.24gliwice.pl\\\/wiadomosci\\\/author\\\/zms\\\/\"}]}<\/script>\n<!-- \/ Yoast SEO plugin. -->","yoast_head_json":{"title":"Sie\u0107 handlowa z\u0142o\u017cy\u0142a wniosek o upad\u0142o\u015b\u0107. Dwa sklepy na terenie Gliwic ju\u017c zosta\u0142y zamkni\u0119te - 24GLIWICE - Portal Gliwice | codziennie nowe informacje","robots":{"index":"index","follow":"follow","max-snippet":"max-snippet:-1","max-image-preview":"max-image-preview:large","max-video-preview":"max-video-preview:-1"},"canonical":"https:\/\/www.24gliwice.pl\/wiadomosci\/siec-handlowa-zlozyla-wniosek-o-upadlosc-dwa-sklepy-na-terenie-gliwic-juz-zostaly-zamkniete\/","og_locale":"pl_PL","og_type":"article","og_title":"Sie\u0107 handlowa z\u0142o\u017cy\u0142a wniosek o upad\u0142o\u015b\u0107. Dwa sklepy na terenie Gliwic ju\u017c zosta\u0142y zamkni\u0119te - 24GLIWICE - Portal Gliwice | codziennie nowe informacje","og_description":"W\u0142a\u015bciciel sieci handlowej TXM Textilmarket z\u0142o\u017cy\u0142 wniosek o upad\u0142o\u015b\u0107. Jeden ze sklep\u00f3w tej marki mie\u015bci\u0142 si\u0119 przy ulicy Zwyci\u0119stwa. Jak si\u0119 okazuje, od \u015bwi\u0105t wielkanocnych ju\u017c nie prowadzi sprzeda\u017cy. &nbsp; &#8211; Ostatni raz otwarte mieli w Wielki Czwartek, p\u00f3\u017aniej przyszli tylko spakowa\u0107 reszt\u0119 rzeczy. Ostatni dzia\u0142aj\u0105cy sklep TXM jest teraz chyba w Arenie &#8211; m\u00f3wi [&hellip;]","og_url":"https:\/\/www.24gliwice.pl\/wiadomosci\/siec-handlowa-zlozyla-wniosek-o-upadlosc-dwa-sklepy-na-terenie-gliwic-juz-zostaly-zamkniete\/","og_site_name":"24GLIWICE - Portal Gliwice | codziennie nowe informacje","article_publisher":"https:\/\/www.facebook.com\/24gliwice","article_published_time":"2022-05-11T12:38:24+00:00","og_image":[{"width":727,"height":407,"url":"https:\/\/www.24gliwice.pl\/wiadomosci\/wp-content\/uploads\/2022\/05\/sklep-txm-001.jpg","type":"image\/jpeg"}],"author":"\u017baneta Mrozek-Siewierska","twitter_card":"summary_large_image","twitter_creator":"@24gliwice","twitter_site":"@24gliwice","twitter_misc":{"Napisane przez":"\u017baneta Mrozek-Siewierska","Szacowany czas czytania":"2 minuty"},"schema":{"@context":"https:\/\/schema.org","@graph":[{"@type":"Article","@id":"https:\/\/www.24gliwice.pl\/wiadomosci\/siec-handlowa-zlozyla-wniosek-o-upadlosc-dwa-sklepy-na-terenie-gliwic-juz-zostaly-zamkniete\/#article","isPartOf":{"@id":"https:\/\/www.24gliwice.pl\/wiadomosci\/siec-handlowa-zlozyla-wniosek-o-upadlosc-dwa-sklepy-na-terenie-gliwic-juz-zostaly-zamkniete\/"},"author":{"name":"\u017baneta Mrozek-Siewierska","@id":"https:\/\/www.24gliwice.pl\/wiadomosci\/#\/schema\/person\/e42c650edd7f2fa332be3811fb166b6e"},"headline":"Sie\u0107 handlowa z\u0142o\u017cy\u0142a wniosek o upad\u0142o\u015b\u0107. Dwa sklepy na terenie Gliwic ju\u017c zosta\u0142y zamkni\u0119te","datePublished":"2022-05-11T12:38:24+00:00","mainEntityOfPage":{"@id":"https:\/\/www.24gliwice.pl\/wiadomosci\/siec-handlowa-zlozyla-wniosek-o-upadlosc-dwa-sklepy-na-terenie-gliwic-juz-zostaly-zamkniete\/"},"wordCount":361,"commentCount":0,"publisher":{"@id":"https:\/\/www.24gliwice.pl\/wiadomosci\/#organization"},"image":{"@id":"https:\/\/www.24gliwice.pl\/wiadomosci\/siec-handlowa-zlozyla-wniosek-o-upadlosc-dwa-sklepy-na-terenie-gliwic-juz-zostaly-zamkniete\/#primaryimage"},"thumbnailUrl":"https:\/\/www.24gliwice.pl\/wiadomosci\/wp-content\/uploads\/2022\/05\/sklep-txm-001.jpg","articleSection":["Gliwice","Najnowsze wiadomo\u015bci"],"inLanguage":"pl-PL","potentialAction":[{"@type":"CommentAction","name":"Comment","target":["https:\/\/www.24gliwice.pl\/wiadomosci\/siec-handlowa-zlozyla-wniosek-o-upadlosc-dwa-sklepy-na-terenie-gliwic-juz-zostaly-zamkniete\/#respond"]}]},{"@type":"WebPage","@id":"https:\/\/www.24gliwice.pl\/wiadomosci\/siec-handlowa-zlozyla-wniosek-o-upadlosc-dwa-sklepy-na-terenie-gliwic-juz-zostaly-zamkniete\/","url":"https:\/\/www.24gliwice.pl\/wiadomosci\/siec-handlowa-zlozyla-wniosek-o-upadlosc-dwa-sklepy-na-terenie-gliwic-juz-zostaly-zamkniete\/","name":"Sie\u0107 handlowa z\u0142o\u017cy\u0142a wniosek o upad\u0142o\u015b\u0107. Dwa sklepy na terenie Gliwic ju\u017c zosta\u0142y zamkni\u0119te - 24GLIWICE - Portal Gliwice | codziennie nowe informacje","isPartOf":{"@id":"https:\/\/www.24gliwice.pl\/wiadomosci\/#website"},"primaryImageOfPage":{"@id":"https:\/\/www.24gliwice.pl\/wiadomosci\/siec-handlowa-zlozyla-wniosek-o-upadlosc-dwa-sklepy-na-terenie-gliwic-juz-zostaly-zamkniete\/#primaryimage"},"image":{"@id":"https:\/\/www.24gliwice.pl\/wiadomosci\/siec-handlowa-zlozyla-wniosek-o-upadlosc-dwa-sklepy-na-terenie-gliwic-juz-zostaly-zamkniete\/#primaryimage"},"thumbnailUrl":"https:\/\/www.24gliwice.pl\/wiadomosci\/wp-content\/uploads\/2022\/05\/sklep-txm-001.jpg","datePublished":"2022-05-11T12:38:24+00:00","breadcrumb":{"@id":"https:\/\/www.24gliwice.pl\/wiadomosci\/siec-handlowa-zlozyla-wniosek-o-upadlosc-dwa-sklepy-na-terenie-gliwic-juz-zostaly-zamkniete\/#breadcrumb"},"inLanguage":"pl-PL","potentialAction":[{"@type":"ReadAction","target":["https:\/\/www.24gliwice.pl\/wiadomosci\/siec-handlowa-zlozyla-wniosek-o-upadlosc-dwa-sklepy-na-terenie-gliwic-juz-zostaly-zamkniete\/"]}]},{"@type":"ImageObject","inLanguage":"pl-PL","@id":"https:\/\/www.24gliwice.pl\/wiadomosci\/siec-handlowa-zlozyla-wniosek-o-upadlosc-dwa-sklepy-na-terenie-gliwic-juz-zostaly-zamkniete\/#primaryimage","url":"https:\/\/www.24gliwice.pl\/wiadomosci\/wp-content\/uploads\/2022\/05\/sklep-txm-001.jpg","contentUrl":"https:\/\/www.24gliwice.pl\/wiadomosci\/wp-content\/uploads\/2022\/05\/sklep-txm-001.jpg","width":727,"height":407},{"@type":"BreadcrumbList","@id":"https:\/\/www.24gliwice.pl\/wiadomosci\/siec-handlowa-zlozyla-wniosek-o-upadlosc-dwa-sklepy-na-terenie-gliwic-juz-zostaly-zamkniete\/#breadcrumb","itemListElement":[{"@type":"ListItem","position":1,"name":"Strona g\u0142\u00f3wna","item":"https:\/\/www.24gliwice.pl\/wiadomosci\/"},{"@type":"ListItem","position":2,"name":"Sie\u0107 handlowa z\u0142o\u017cy\u0142a wniosek o upad\u0142o\u015b\u0107. Dwa sklepy na terenie Gliwic ju\u017c zosta\u0142y zamkni\u0119te"}]},{"@type":"WebSite","@id":"https:\/\/www.24gliwice.pl\/wiadomosci\/#website","url":"https:\/\/www.24gliwice.pl\/wiadomosci\/","name":"24GLIWICE - Portal Gliwice | codziennie nowe wiadomo\u015bci","description":"Portal Miejski Gliwice","publisher":{"@id":"https:\/\/www.24gliwice.pl\/wiadomosci\/#organization"},"potentialAction":[{"@type":"SearchAction","target":{"@type":"EntryPoint","urlTemplate":"https:\/\/www.24gliwice.pl\/wiadomosci\/?s={search_term_string}"},"query-input":{"@type":"PropertyValueSpecification","valueRequired":true,"valueName":"search_term_string"}}],"inLanguage":"pl-PL"},{"@type":"Organization","@id":"https:\/\/www.24gliwice.pl\/wiadomosci\/#organization","name":"24gliwice","url":"https:\/\/www.24gliwice.pl\/wiadomosci\/","logo":{"@type":"ImageObject","inLanguage":"pl-PL","@id":"https:\/\/www.24gliwice.pl\/wiadomosci\/#\/schema\/logo\/image\/","url":"https:\/\/www.24gliwice.pl\/wiadomosci\/wp-content\/uploads\/2024\/10\/24gliwice-logo-696.jpg","contentUrl":"https:\/\/www.24gliwice.pl\/wiadomosci\/wp-content\/uploads\/2024\/10\/24gliwice-logo-696.jpg","width":696,"height":696,"caption":"24gliwice"},"image":{"@id":"https:\/\/www.24gliwice.pl\/wiadomosci\/#\/schema\/logo\/image\/"},"sameAs":["https:\/\/www.facebook.com\/24gliwice","https:\/\/x.com\/24gliwice","https:\/\/www.youtube.com\/@24gliwice"]},{"@type":"Person","@id":"https:\/\/www.24gliwice.pl\/wiadomosci\/#\/schema\/person\/e42c650edd7f2fa332be3811fb166b6e","name":"\u017baneta Mrozek-Siewierska","image":{"@type":"ImageObject","inLanguage":"pl-PL","@id":"https:\/\/www.24gliwice.pl\/wiadomosci\/wp-content\/uploads\/2021\/11\/Zaneta-M_S-zdjecie-czb-96x96.jpg","url":"https:\/\/www.24gliwice.pl\/wiadomosci\/wp-content\/uploads\/2021\/11\/Zaneta-M_S-zdjecie-czb-96x96.jpg","contentUrl":"https:\/\/www.24gliwice.pl\/wiadomosci\/wp-content\/uploads\/2021\/11\/Zaneta-M_S-zdjecie-czb-96x96.jpg","caption":"\u017baneta Mrozek-Siewierska"},"url":"https:\/\/www.24gliwice.pl\/wiadomosci\/author\/zms\/"}]}},"_links":{"self":[{"href":"https:\/\/www.24gliwice.pl\/wiadomosci\/wp-json\/wp\/v2\/posts\/192061","targetHints":{"allow":["GET"]}}],"collection":[{"href":"https:\/\/www.24gliwice.pl\/wiadomosci\/wp-json\/wp\/v2\/posts"}],"about":[{"href":"https:\/\/www.24gliwice.pl\/wiadomosci\/wp-json\/wp\/v2\/types\/post"}],"author":[{"embeddable":true,"href":"https:\/\/www.24gliwice.pl\/wiadomosci\/wp-json\/wp\/v2\/users\/15"}],"replies":[{"embeddable":true,"href":"https:\/\/www.24gliwice.pl\/wiadomosci\/wp-json\/wp\/v2\/comments?post=192061"}],"version-history":[{"count":17,"href":"https:\/\/www.24gliwice.pl\/wiadomosci\/wp-json\/wp\/v2\/posts\/192061\/revisions"}],"predecessor-version":[{"id":192102,"href":"https:\/\/www.24gliwice.pl\/wiadomosci\/wp-json\/wp\/v2\/posts\/192061\/revisions\/192102"}],"wp:featuredmedia":[{"embeddable":true,"href":"https:\/\/www.24gliwice.pl\/wiadomosci\/wp-json\/wp\/v2\/media\/192101"}],"wp:attachment":[{"href":"https:\/\/www.24gliwice.pl\/wiadomosci\/wp-json\/wp\/v2\/media?parent=192061"}],"wp:term":[{"taxonomy":"category","embeddable":true,"href":"https:\/\/www.24gliwice.pl\/wiadomosci\/wp-json\/wp\/v2\/categories?post=192061"},{"taxonomy":"post_tag","embeddable":true,"href":"https:\/\/www.24gliwice.pl\/wiadomosci\/wp-json\/wp\/v2\/tags?post=192061"}],"curies":[{"name":"wp","href":"https:\/\/api.w.org\/{rel}","templated":true}]}}