{"id":192280,"date":"2022-05-13T18:37:06","date_gmt":"2022-05-13T16:37:06","guid":{"rendered":"https:\/\/www.24gliwice.pl\/wiadomosci\/?p=192280"},"modified":"2022-05-17T02:32:31","modified_gmt":"2022-05-17T00:32:31","slug":"zielonegliwice-lubimy-miasto-czyste-i-zielone","status":"publish","type":"post","link":"https:\/\/www.24gliwice.pl\/wiadomosci\/zielonegliwice-lubimy-miasto-czyste-i-zielone\/","title":{"rendered":"#zielonegliwice: LubiMY miasto czyste i zielone"},"content":{"rendered":"<h2>Jakie macie plany na niedziel\u0119 15 maja? A mo\u017ce by tak\u2026 posadzi\u0107 drzewa i posprz\u0105ta\u0107 las? Gliwice w\u0142\u0105czaj\u0105 si\u0119 w og\u00f3lnopolsk\u0105 akcj\u0119 \u201eCzyste, Zielone Miasta\u201d Stowarzyszenia Program Czysta Polska i stawiaj\u0105 na ziele\u0144. Tym razem w dzielnicy Kopernika. <\/h2>\n<p>&nbsp;<br \/>\nAkcji sadzenia drzew b\u0119d\u0105 towarzyszy\u0107 liczne atrakcje, takie jak warsztaty malowania na plastrach drewna czy zdobienia doniczek, a tak\u017ce wielka wymiana plastikowych \u015bmieci na wielorazowe butelki z tritanu.<\/p>\n<p>Tereny zielone s\u0105 wa\u017cne dla nas wszystkich. To tam wypoczywamy i \u201eoddychamy pe\u0142n\u0105 piersi\u0105\u201d. W przysz\u0142o\u015bci chcemy mieszka\u0107 w mie\u015bcie zielonym, cieszy\u0107 si\u0119 czystym powietrzem i wod\u0105 \u2013 takie cele wyznaczamy sobie jako lokalna wsp\u00f3lnota. Realizuj\u0105c ca\u0142oroczn\u0105 ekokampani\u0119 #zielonegliwice, nasze miasto dok\u0142ada cegie\u0142k\u0119 tak\u017ce do akcji \u201eCzyste zielone miasta\u201d. Inicjatywa Stowarzyszenia Program Czysta Polska \u2013 Czyste, Zielone Miasta polega na sadzeniu drzew i krzew\u00f3w we wskazanych miejscach na terenie polskich miast. Sadzonki przekazuj\u0105 Lasy Pa\u0144stwowe.<\/p>\n<p>W Gliwicach drzewa sadzone b\u0119d\u0105 w dzielnicy Kopernika, w lesie pomi\u0119dzy p\u0142ywalni\u0105 Olimpijczyk a aren\u0105 lekkoatletyczn\u0105.\u00a0<strong>Akcja sadzenia drzew i sprz\u0105tania lasu rozpocznie si\u0119 w niedziel\u0119 15 maja o godz. 12.00<\/strong>. Posadzonych zostanie 300 drzew \u2013 buk\u00f3w i d\u0119b\u00f3w. Ci, kt\u00f3rym rzuc\u0105 si\u0119 w oczy jakie\u015b \u015bmieci, b\u0119d\u0105 mogli z nimi zrobi\u0107 porz\u0105dek i uprz\u0105tn\u0105\u0107 kawa\u0142ek lasu. Worki na \u015bmieci b\u0119d\u0105 dost\u0119pne na miejscu.<\/p>\n<h3><strong>Razem zazieleniamy Gliwice<\/strong><\/h3>\n<p><strong>Na terenie przy arenie lekkoatletycznej, przy ul. Syriusza 30, mi\u0119dzy godz. 11.00 a 15.00 odb\u0119dzie si\u0119 ekofestyn dla mieszka\u0144c\u00f3w<\/strong>. B\u0119dzie mn\u00f3stwo \u201ezielonych\u201d atrakcji.<\/p>\n<ul>\n<li>Z mobiln\u0105 gr\u0105 w aplikacji ActionTrack uczestnicy wyrusz\u0105 na \u201eEkoprzygod\u0119 w Stumilowym Lesie\u201d, a podczas warsztat\u00f3w biologicznych wezm\u0105 przyrod\u0119 pod mikroskop. Dla ma\u0142ych i du\u017cych gliwiczan z artystycznym zaci\u0119ciem przygotowano warsztaty zdobienia bawe\u0142nianych toreb motywami ro\u015blinnymi, malowanie na plastrach drewna, a tak\u017ce domowy teatrzyk z recyklingu. Te i wiele innych atrakcji przygotowuje Miejska Biblioteka Publiczna w Gliwicach, kt\u00f3ra zaprasza do wymiany ksi\u0105\u017cek.<\/li>\n<li>Podczas pikniku b\u0119dzie tak\u017ce okazja, by przyjrze\u0107 si\u0119 minera\u0142om i skamielinom pochodz\u0105cym z okolic Gliwic. Temat geologicznej historii naszego najbli\u017cszego otoczenia zaprezentuj\u0105 mieszka\u0144com pracownicy Pa\u0144stwowego Instytutu Geologicznego w Sosnowcu.<\/li>\n<li>Z przedstawicielami Studenckiego Ko\u0142a Naukowego +iKAWA dzia\u0142aj\u0105cego przy Wydziale Architektury Politechniki \u015al\u0105skiej b\u0119dzie mo\u017cna stworzy\u0107 \u201eDomy w drzewach\u201d. Zaciekawieni? Szczeg\u00f3\u0142y poznacie na miejscu! Na terenie ekofestynu b\u0119d\u0105 tak\u017ce prezentowane dwie ciekawe wystawy \u0142\u0105cz\u0105ce architektur\u0119 z ekologi\u0105.<\/li>\n<li>Plastikowe \u015bmieci za wielorazow\u0105 butelk\u0119 z tritanu? Tak, wystarczy przynie\u015b\u0107 na imprez\u0119 sze\u015b\u0107 niezgniecionych plastikowych 1,5-litrowych opakowa\u0144 po napojach i wymieni\u0107 je na wielorazow\u0105 butelk\u0119 z tritanu. Za wymian\u0119 odpowiada Przedsi\u0119biorstwo Wodoci\u0105g\u00f3w i Kanalizacji w Gliwicach.<\/li>\n<\/ul>\n<p><a href=\"https:\/\/www.24gliwice.pl\/wiadomosci\/wp-content\/uploads\/2022\/05\/220506_um_czystapolska_pos.jpg\"><img loading=\"lazy\" decoding=\"async\" src=\"https:\/\/www.24gliwice.pl\/wiadomosci\/wp-content\/uploads\/2022\/05\/220506_um_czystapolska_pos.jpg\" alt=\"\" width=\"1080\" height=\"1530\" class=\"aligncenter size-full wp-image-192320\" srcset=\"https:\/\/www.24gliwice.pl\/wiadomosci\/wp-content\/uploads\/2022\/05\/220506_um_czystapolska_pos.jpg 1080w, https:\/\/www.24gliwice.pl\/wiadomosci\/wp-content\/uploads\/2022\/05\/220506_um_czystapolska_pos-164x232.jpg 164w, https:\/\/www.24gliwice.pl\/wiadomosci\/wp-content\/uploads\/2022\/05\/220506_um_czystapolska_pos-321x455.jpg 321w, https:\/\/www.24gliwice.pl\/wiadomosci\/wp-content\/uploads\/2022\/05\/220506_um_czystapolska_pos-768x1088.jpg 768w, https:\/\/www.24gliwice.pl\/wiadomosci\/wp-content\/uploads\/2022\/05\/220506_um_czystapolska_pos-810x1148.jpg 810w\" sizes=\"auto, (max-width: 1080px) 100vw, 1080px\" \/><\/a><\/p>\n<p><small>\u017ar\u00f3d\u0142o: gliwice.eu<\/small><\/p>\n","protected":false},"excerpt":{"rendered":"<p>Jakie macie plany na niedziel\u0119 15 maja? A mo\u017ce by tak\u2026 posadzi\u0107 drzewa i posprz\u0105ta\u0107 las? Gliwice w\u0142\u0105czaj\u0105 si\u0119 w og\u00f3lnopolsk\u0105 akcj\u0119 \u201eCzyste, Zielone Miasta\u201d Stowarzyszenia Program Czysta Polska i stawiaj\u0105 na ziele\u0144. Tym razem w dzielnicy Kopernika. &nbsp; Akcji sadzenia drzew b\u0119d\u0105 towarzyszy\u0107 liczne atrakcje, takie jak warsztaty malowania na plastrach drewna czy zdobienia [&hellip;]<\/p>\n","protected":false},"author":15,"featured_media":192319,"comment_status":"closed","ping_status":"closed","sticky":false,"template":"","format":"standard","meta":{"_monsterinsights_skip_tracking":false,"_monsterinsights_sitenote_active":false,"_monsterinsights_sitenote_note":"","_monsterinsights_sitenote_category":0,"footnotes":"","_links_to":"","_links_to_target":""},"categories":[3,6,1],"tags":[15129,2577],"class_list":["post-192280","post","type-post","status-publish","format-standard","has-post-thumbnail","hentry","category-gliwice","category-kultura","category-wszystko","tag-sadzenie-drzew","tag-zielone-gliwice"],"yoast_head":"<!-- This site is optimized with the Yoast SEO plugin v27.4 - https:\/\/yoast.com\/product\/yoast-seo-wordpress\/ -->\n<title>#zielonegliwice: LubiMY miasto czyste i zielone - 24GLIWICE - Portal Gliwice | codziennie nowe informacje<\/title>\n<meta name=\"description\" content=\"W niedziel\u0119 na osiedlu Kopernika odb\u0119dzie si\u0119 akcja sadzenia drzew, a tak\u017ce ekopiknik. Mo\u017cna b\u0119dzie r\u00f3wnie wzi\u0105\u0107 udzia\u0142 w grze miejskiej\" \/>\n<meta name=\"robots\" content=\"index, follow, max-snippet:-1, max-image-preview:large, max-video-preview:-1\" \/>\n<link rel=\"canonical\" href=\"https:\/\/www.24gliwice.pl\/wiadomosci\/zielonegliwice-lubimy-miasto-czyste-i-zielone\/\" \/>\n<meta property=\"og:locale\" content=\"pl_PL\" \/>\n<meta property=\"og:type\" content=\"article\" \/>\n<meta property=\"og:title\" content=\"#zielonegliwice: LubiMY miasto czyste i zielone - 24GLIWICE - Portal Gliwice | codziennie nowe informacje\" \/>\n<meta property=\"og:description\" content=\"W niedziel\u0119 na osiedlu Kopernika odb\u0119dzie si\u0119 akcja sadzenia drzew, a tak\u017ce ekopiknik. Mo\u017cna b\u0119dzie r\u00f3wnie wzi\u0105\u0107 udzia\u0142 w grze miejskiej\" \/>\n<meta property=\"og:url\" content=\"https:\/\/www.24gliwice.pl\/wiadomosci\/zielonegliwice-lubimy-miasto-czyste-i-zielone\/\" \/>\n<meta property=\"og:site_name\" content=\"24GLIWICE - Portal Gliwice | codziennie nowe informacje\" \/>\n<meta property=\"article:publisher\" content=\"https:\/\/www.facebook.com\/24gliwice\" \/>\n<meta property=\"article:published_time\" content=\"2022-05-13T16:37:06+00:00\" \/>\n<meta property=\"article:modified_time\" content=\"2022-05-17T00:32:31+00:00\" \/>\n<meta property=\"og:image\" content=\"https:\/\/www.24gliwice.pl\/wiadomosci\/wp-content\/uploads\/2022\/05\/sadzenie.jpg\" \/>\n\t<meta property=\"og:image:width\" content=\"810\" \/>\n\t<meta property=\"og:image:height\" content=\"519\" \/>\n\t<meta property=\"og:image:type\" content=\"image\/jpeg\" \/>\n<meta name=\"author\" content=\"\u017baneta Mrozek-Siewierska\" \/>\n<meta name=\"twitter:card\" content=\"summary_large_image\" \/>\n<meta name=\"twitter:creator\" content=\"@24gliwice\" \/>\n<meta name=\"twitter:site\" content=\"@24gliwice\" \/>\n<meta name=\"twitter:label1\" content=\"Napisane przez\" \/>\n\t<meta name=\"twitter:data1\" content=\"\u017baneta Mrozek-Siewierska\" \/>\n\t<meta name=\"twitter:label2\" content=\"Szacowany czas czytania\" \/>\n\t<meta name=\"twitter:data2\" content=\"3 minuty\" \/>\n<script type=\"application\/ld+json\" class=\"yoast-schema-graph\">{\"@context\":\"https:\\\/\\\/schema.org\",\"@graph\":[{\"@type\":\"Article\",\"@id\":\"https:\\\/\\\/www.24gliwice.pl\\\/wiadomosci\\\/zielonegliwice-lubimy-miasto-czyste-i-zielone\\\/#article\",\"isPartOf\":{\"@id\":\"https:\\\/\\\/www.24gliwice.pl\\\/wiadomosci\\\/zielonegliwice-lubimy-miasto-czyste-i-zielone\\\/\"},\"author\":{\"name\":\"\u017baneta Mrozek-Siewierska\",\"@id\":\"https:\\\/\\\/www.24gliwice.pl\\\/wiadomosci\\\/#\\\/schema\\\/person\\\/e42c650edd7f2fa332be3811fb166b6e\"},\"headline\":\"#zielonegliwice: LubiMY miasto czyste i zielone\",\"datePublished\":\"2022-05-13T16:37:06+00:00\",\"dateModified\":\"2022-05-17T00:32:31+00:00\",\"mainEntityOfPage\":{\"@id\":\"https:\\\/\\\/www.24gliwice.pl\\\/wiadomosci\\\/zielonegliwice-lubimy-miasto-czyste-i-zielone\\\/\"},\"wordCount\":464,\"publisher\":{\"@id\":\"https:\\\/\\\/www.24gliwice.pl\\\/wiadomosci\\\/#organization\"},\"image\":{\"@id\":\"https:\\\/\\\/www.24gliwice.pl\\\/wiadomosci\\\/zielonegliwice-lubimy-miasto-czyste-i-zielone\\\/#primaryimage\"},\"thumbnailUrl\":\"https:\\\/\\\/www.24gliwice.pl\\\/wiadomosci\\\/wp-content\\\/uploads\\\/2022\\\/05\\\/sadzenie.jpg\",\"keywords\":[\"sadzenie drzew\",\"zielone gliwice\"],\"articleSection\":[\"Gliwice\",\"Kultura, wydarzenia, imprezy\",\"Najnowsze wiadomo\u015bci\"],\"inLanguage\":\"pl-PL\"},{\"@type\":\"WebPage\",\"@id\":\"https:\\\/\\\/www.24gliwice.pl\\\/wiadomosci\\\/zielonegliwice-lubimy-miasto-czyste-i-zielone\\\/\",\"url\":\"https:\\\/\\\/www.24gliwice.pl\\\/wiadomosci\\\/zielonegliwice-lubimy-miasto-czyste-i-zielone\\\/\",\"name\":\"#zielonegliwice: LubiMY miasto czyste i zielone - 24GLIWICE - Portal Gliwice | codziennie nowe informacje\",\"isPartOf\":{\"@id\":\"https:\\\/\\\/www.24gliwice.pl\\\/wiadomosci\\\/#website\"},\"primaryImageOfPage\":{\"@id\":\"https:\\\/\\\/www.24gliwice.pl\\\/wiadomosci\\\/zielonegliwice-lubimy-miasto-czyste-i-zielone\\\/#primaryimage\"},\"image\":{\"@id\":\"https:\\\/\\\/www.24gliwice.pl\\\/wiadomosci\\\/zielonegliwice-lubimy-miasto-czyste-i-zielone\\\/#primaryimage\"},\"thumbnailUrl\":\"https:\\\/\\\/www.24gliwice.pl\\\/wiadomosci\\\/wp-content\\\/uploads\\\/2022\\\/05\\\/sadzenie.jpg\",\"datePublished\":\"2022-05-13T16:37:06+00:00\",\"dateModified\":\"2022-05-17T00:32:31+00:00\",\"description\":\"W niedziel\u0119 na osiedlu Kopernika odb\u0119dzie si\u0119 akcja sadzenia drzew, a tak\u017ce ekopiknik. Mo\u017cna b\u0119dzie r\u00f3wnie wzi\u0105\u0107 udzia\u0142 w grze miejskiej\",\"breadcrumb\":{\"@id\":\"https:\\\/\\\/www.24gliwice.pl\\\/wiadomosci\\\/zielonegliwice-lubimy-miasto-czyste-i-zielone\\\/#breadcrumb\"},\"inLanguage\":\"pl-PL\",\"potentialAction\":[{\"@type\":\"ReadAction\",\"target\":[\"https:\\\/\\\/www.24gliwice.pl\\\/wiadomosci\\\/zielonegliwice-lubimy-miasto-czyste-i-zielone\\\/\"]}]},{\"@type\":\"ImageObject\",\"inLanguage\":\"pl-PL\",\"@id\":\"https:\\\/\\\/www.24gliwice.pl\\\/wiadomosci\\\/zielonegliwice-lubimy-miasto-czyste-i-zielone\\\/#primaryimage\",\"url\":\"https:\\\/\\\/www.24gliwice.pl\\\/wiadomosci\\\/wp-content\\\/uploads\\\/2022\\\/05\\\/sadzenie.jpg\",\"contentUrl\":\"https:\\\/\\\/www.24gliwice.pl\\\/wiadomosci\\\/wp-content\\\/uploads\\\/2022\\\/05\\\/sadzenie.jpg\",\"width\":810,\"height\":519},{\"@type\":\"BreadcrumbList\",\"@id\":\"https:\\\/\\\/www.24gliwice.pl\\\/wiadomosci\\\/zielonegliwice-lubimy-miasto-czyste-i-zielone\\\/#breadcrumb\",\"itemListElement\":[{\"@type\":\"ListItem\",\"position\":1,\"name\":\"Strona g\u0142\u00f3wna\",\"item\":\"https:\\\/\\\/www.24gliwice.pl\\\/wiadomosci\\\/\"},{\"@type\":\"ListItem\",\"position\":2,\"name\":\"#zielonegliwice: LubiMY miasto czyste i zielone\"}]},{\"@type\":\"WebSite\",\"@id\":\"https:\\\/\\\/www.24gliwice.pl\\\/wiadomosci\\\/#website\",\"url\":\"https:\\\/\\\/www.24gliwice.pl\\\/wiadomosci\\\/\",\"name\":\"24GLIWICE - Portal Gliwice | codziennie nowe wiadomo\u015bci\",\"description\":\"Portal Miejski Gliwice\",\"publisher\":{\"@id\":\"https:\\\/\\\/www.24gliwice.pl\\\/wiadomosci\\\/#organization\"},\"potentialAction\":[{\"@type\":\"SearchAction\",\"target\":{\"@type\":\"EntryPoint\",\"urlTemplate\":\"https:\\\/\\\/www.24gliwice.pl\\\/wiadomosci\\\/?s={search_term_string}\"},\"query-input\":{\"@type\":\"PropertyValueSpecification\",\"valueRequired\":true,\"valueName\":\"search_term_string\"}}],\"inLanguage\":\"pl-PL\"},{\"@type\":\"Organization\",\"@id\":\"https:\\\/\\\/www.24gliwice.pl\\\/wiadomosci\\\/#organization\",\"name\":\"24gliwice\",\"url\":\"https:\\\/\\\/www.24gliwice.pl\\\/wiadomosci\\\/\",\"logo\":{\"@type\":\"ImageObject\",\"inLanguage\":\"pl-PL\",\"@id\":\"https:\\\/\\\/www.24gliwice.pl\\\/wiadomosci\\\/#\\\/schema\\\/logo\\\/image\\\/\",\"url\":\"https:\\\/\\\/www.24gliwice.pl\\\/wiadomosci\\\/wp-content\\\/uploads\\\/2024\\\/10\\\/24gliwice-logo-696.jpg\",\"contentUrl\":\"https:\\\/\\\/www.24gliwice.pl\\\/wiadomosci\\\/wp-content\\\/uploads\\\/2024\\\/10\\\/24gliwice-logo-696.jpg\",\"width\":696,\"height\":696,\"caption\":\"24gliwice\"},\"image\":{\"@id\":\"https:\\\/\\\/www.24gliwice.pl\\\/wiadomosci\\\/#\\\/schema\\\/logo\\\/image\\\/\"},\"sameAs\":[\"https:\\\/\\\/www.facebook.com\\\/24gliwice\",\"https:\\\/\\\/x.com\\\/24gliwice\",\"https:\\\/\\\/www.youtube.com\\\/@24gliwice\"]},{\"@type\":\"Person\",\"@id\":\"https:\\\/\\\/www.24gliwice.pl\\\/wiadomosci\\\/#\\\/schema\\\/person\\\/e42c650edd7f2fa332be3811fb166b6e\",\"name\":\"\u017baneta Mrozek-Siewierska\",\"image\":{\"@type\":\"ImageObject\",\"inLanguage\":\"pl-PL\",\"@id\":\"https:\\\/\\\/www.24gliwice.pl\\\/wiadomosci\\\/wp-content\\\/uploads\\\/2021\\\/11\\\/Zaneta-M_S-zdjecie-czb-96x96.jpg\",\"url\":\"https:\\\/\\\/www.24gliwice.pl\\\/wiadomosci\\\/wp-content\\\/uploads\\\/2021\\\/11\\\/Zaneta-M_S-zdjecie-czb-96x96.jpg\",\"contentUrl\":\"https:\\\/\\\/www.24gliwice.pl\\\/wiadomosci\\\/wp-content\\\/uploads\\\/2021\\\/11\\\/Zaneta-M_S-zdjecie-czb-96x96.jpg\",\"caption\":\"\u017baneta Mrozek-Siewierska\"},\"url\":\"https:\\\/\\\/www.24gliwice.pl\\\/wiadomosci\\\/author\\\/zms\\\/\"}]}<\/script>\n<!-- \/ Yoast SEO plugin. -->","yoast_head_json":{"title":"#zielonegliwice: LubiMY miasto czyste i zielone - 24GLIWICE - Portal Gliwice | codziennie nowe informacje","description":"W niedziel\u0119 na osiedlu Kopernika odb\u0119dzie si\u0119 akcja sadzenia drzew, a tak\u017ce ekopiknik. Mo\u017cna b\u0119dzie r\u00f3wnie wzi\u0105\u0107 udzia\u0142 w grze miejskiej","robots":{"index":"index","follow":"follow","max-snippet":"max-snippet:-1","max-image-preview":"max-image-preview:large","max-video-preview":"max-video-preview:-1"},"canonical":"https:\/\/www.24gliwice.pl\/wiadomosci\/zielonegliwice-lubimy-miasto-czyste-i-zielone\/","og_locale":"pl_PL","og_type":"article","og_title":"#zielonegliwice: LubiMY miasto czyste i zielone - 24GLIWICE - Portal Gliwice | codziennie nowe informacje","og_description":"W niedziel\u0119 na osiedlu Kopernika odb\u0119dzie si\u0119 akcja sadzenia drzew, a tak\u017ce ekopiknik. Mo\u017cna b\u0119dzie r\u00f3wnie wzi\u0105\u0107 udzia\u0142 w grze miejskiej","og_url":"https:\/\/www.24gliwice.pl\/wiadomosci\/zielonegliwice-lubimy-miasto-czyste-i-zielone\/","og_site_name":"24GLIWICE - Portal Gliwice | codziennie nowe informacje","article_publisher":"https:\/\/www.facebook.com\/24gliwice","article_published_time":"2022-05-13T16:37:06+00:00","article_modified_time":"2022-05-17T00:32:31+00:00","og_image":[{"width":810,"height":519,"url":"https:\/\/www.24gliwice.pl\/wiadomosci\/wp-content\/uploads\/2022\/05\/sadzenie.jpg","type":"image\/jpeg"}],"author":"\u017baneta Mrozek-Siewierska","twitter_card":"summary_large_image","twitter_creator":"@24gliwice","twitter_site":"@24gliwice","twitter_misc":{"Napisane przez":"\u017baneta Mrozek-Siewierska","Szacowany czas czytania":"3 minuty"},"schema":{"@context":"https:\/\/schema.org","@graph":[{"@type":"Article","@id":"https:\/\/www.24gliwice.pl\/wiadomosci\/zielonegliwice-lubimy-miasto-czyste-i-zielone\/#article","isPartOf":{"@id":"https:\/\/www.24gliwice.pl\/wiadomosci\/zielonegliwice-lubimy-miasto-czyste-i-zielone\/"},"author":{"name":"\u017baneta Mrozek-Siewierska","@id":"https:\/\/www.24gliwice.pl\/wiadomosci\/#\/schema\/person\/e42c650edd7f2fa332be3811fb166b6e"},"headline":"#zielonegliwice: LubiMY miasto czyste i zielone","datePublished":"2022-05-13T16:37:06+00:00","dateModified":"2022-05-17T00:32:31+00:00","mainEntityOfPage":{"@id":"https:\/\/www.24gliwice.pl\/wiadomosci\/zielonegliwice-lubimy-miasto-czyste-i-zielone\/"},"wordCount":464,"publisher":{"@id":"https:\/\/www.24gliwice.pl\/wiadomosci\/#organization"},"image":{"@id":"https:\/\/www.24gliwice.pl\/wiadomosci\/zielonegliwice-lubimy-miasto-czyste-i-zielone\/#primaryimage"},"thumbnailUrl":"https:\/\/www.24gliwice.pl\/wiadomosci\/wp-content\/uploads\/2022\/05\/sadzenie.jpg","keywords":["sadzenie drzew","zielone gliwice"],"articleSection":["Gliwice","Kultura, wydarzenia, imprezy","Najnowsze wiadomo\u015bci"],"inLanguage":"pl-PL"},{"@type":"WebPage","@id":"https:\/\/www.24gliwice.pl\/wiadomosci\/zielonegliwice-lubimy-miasto-czyste-i-zielone\/","url":"https:\/\/www.24gliwice.pl\/wiadomosci\/zielonegliwice-lubimy-miasto-czyste-i-zielone\/","name":"#zielonegliwice: LubiMY miasto czyste i zielone - 24GLIWICE - Portal Gliwice | codziennie nowe informacje","isPartOf":{"@id":"https:\/\/www.24gliwice.pl\/wiadomosci\/#website"},"primaryImageOfPage":{"@id":"https:\/\/www.24gliwice.pl\/wiadomosci\/zielonegliwice-lubimy-miasto-czyste-i-zielone\/#primaryimage"},"image":{"@id":"https:\/\/www.24gliwice.pl\/wiadomosci\/zielonegliwice-lubimy-miasto-czyste-i-zielone\/#primaryimage"},"thumbnailUrl":"https:\/\/www.24gliwice.pl\/wiadomosci\/wp-content\/uploads\/2022\/05\/sadzenie.jpg","datePublished":"2022-05-13T16:37:06+00:00","dateModified":"2022-05-17T00:32:31+00:00","description":"W niedziel\u0119 na osiedlu Kopernika odb\u0119dzie si\u0119 akcja sadzenia drzew, a tak\u017ce ekopiknik. Mo\u017cna b\u0119dzie r\u00f3wnie wzi\u0105\u0107 udzia\u0142 w grze miejskiej","breadcrumb":{"@id":"https:\/\/www.24gliwice.pl\/wiadomosci\/zielonegliwice-lubimy-miasto-czyste-i-zielone\/#breadcrumb"},"inLanguage":"pl-PL","potentialAction":[{"@type":"ReadAction","target":["https:\/\/www.24gliwice.pl\/wiadomosci\/zielonegliwice-lubimy-miasto-czyste-i-zielone\/"]}]},{"@type":"ImageObject","inLanguage":"pl-PL","@id":"https:\/\/www.24gliwice.pl\/wiadomosci\/zielonegliwice-lubimy-miasto-czyste-i-zielone\/#primaryimage","url":"https:\/\/www.24gliwice.pl\/wiadomosci\/wp-content\/uploads\/2022\/05\/sadzenie.jpg","contentUrl":"https:\/\/www.24gliwice.pl\/wiadomosci\/wp-content\/uploads\/2022\/05\/sadzenie.jpg","width":810,"height":519},{"@type":"BreadcrumbList","@id":"https:\/\/www.24gliwice.pl\/wiadomosci\/zielonegliwice-lubimy-miasto-czyste-i-zielone\/#breadcrumb","itemListElement":[{"@type":"ListItem","position":1,"name":"Strona g\u0142\u00f3wna","item":"https:\/\/www.24gliwice.pl\/wiadomosci\/"},{"@type":"ListItem","position":2,"name":"#zielonegliwice: LubiMY miasto czyste i zielone"}]},{"@type":"WebSite","@id":"https:\/\/www.24gliwice.pl\/wiadomosci\/#website","url":"https:\/\/www.24gliwice.pl\/wiadomosci\/","name":"24GLIWICE - Portal Gliwice | codziennie nowe wiadomo\u015bci","description":"Portal Miejski Gliwice","publisher":{"@id":"https:\/\/www.24gliwice.pl\/wiadomosci\/#organization"},"potentialAction":[{"@type":"SearchAction","target":{"@type":"EntryPoint","urlTemplate":"https:\/\/www.24gliwice.pl\/wiadomosci\/?s={search_term_string}"},"query-input":{"@type":"PropertyValueSpecification","valueRequired":true,"valueName":"search_term_string"}}],"inLanguage":"pl-PL"},{"@type":"Organization","@id":"https:\/\/www.24gliwice.pl\/wiadomosci\/#organization","name":"24gliwice","url":"https:\/\/www.24gliwice.pl\/wiadomosci\/","logo":{"@type":"ImageObject","inLanguage":"pl-PL","@id":"https:\/\/www.24gliwice.pl\/wiadomosci\/#\/schema\/logo\/image\/","url":"https:\/\/www.24gliwice.pl\/wiadomosci\/wp-content\/uploads\/2024\/10\/24gliwice-logo-696.jpg","contentUrl":"https:\/\/www.24gliwice.pl\/wiadomosci\/wp-content\/uploads\/2024\/10\/24gliwice-logo-696.jpg","width":696,"height":696,"caption":"24gliwice"},"image":{"@id":"https:\/\/www.24gliwice.pl\/wiadomosci\/#\/schema\/logo\/image\/"},"sameAs":["https:\/\/www.facebook.com\/24gliwice","https:\/\/x.com\/24gliwice","https:\/\/www.youtube.com\/@24gliwice"]},{"@type":"Person","@id":"https:\/\/www.24gliwice.pl\/wiadomosci\/#\/schema\/person\/e42c650edd7f2fa332be3811fb166b6e","name":"\u017baneta Mrozek-Siewierska","image":{"@type":"ImageObject","inLanguage":"pl-PL","@id":"https:\/\/www.24gliwice.pl\/wiadomosci\/wp-content\/uploads\/2021\/11\/Zaneta-M_S-zdjecie-czb-96x96.jpg","url":"https:\/\/www.24gliwice.pl\/wiadomosci\/wp-content\/uploads\/2021\/11\/Zaneta-M_S-zdjecie-czb-96x96.jpg","contentUrl":"https:\/\/www.24gliwice.pl\/wiadomosci\/wp-content\/uploads\/2021\/11\/Zaneta-M_S-zdjecie-czb-96x96.jpg","caption":"\u017baneta Mrozek-Siewierska"},"url":"https:\/\/www.24gliwice.pl\/wiadomosci\/author\/zms\/"}]}},"_links":{"self":[{"href":"https:\/\/www.24gliwice.pl\/wiadomosci\/wp-json\/wp\/v2\/posts\/192280","targetHints":{"allow":["GET"]}}],"collection":[{"href":"https:\/\/www.24gliwice.pl\/wiadomosci\/wp-json\/wp\/v2\/posts"}],"about":[{"href":"https:\/\/www.24gliwice.pl\/wiadomosci\/wp-json\/wp\/v2\/types\/post"}],"author":[{"embeddable":true,"href":"https:\/\/www.24gliwice.pl\/wiadomosci\/wp-json\/wp\/v2\/users\/15"}],"replies":[{"embeddable":true,"href":"https:\/\/www.24gliwice.pl\/wiadomosci\/wp-json\/wp\/v2\/comments?post=192280"}],"version-history":[{"count":14,"href":"https:\/\/www.24gliwice.pl\/wiadomosci\/wp-json\/wp\/v2\/posts\/192280\/revisions"}],"predecessor-version":[{"id":192322,"href":"https:\/\/www.24gliwice.pl\/wiadomosci\/wp-json\/wp\/v2\/posts\/192280\/revisions\/192322"}],"wp:featuredmedia":[{"embeddable":true,"href":"https:\/\/www.24gliwice.pl\/wiadomosci\/wp-json\/wp\/v2\/media\/192319"}],"wp:attachment":[{"href":"https:\/\/www.24gliwice.pl\/wiadomosci\/wp-json\/wp\/v2\/media?parent=192280"}],"wp:term":[{"taxonomy":"category","embeddable":true,"href":"https:\/\/www.24gliwice.pl\/wiadomosci\/wp-json\/wp\/v2\/categories?post=192280"},{"taxonomy":"post_tag","embeddable":true,"href":"https:\/\/www.24gliwice.pl\/wiadomosci\/wp-json\/wp\/v2\/tags?post=192280"}],"curies":[{"name":"wp","href":"https:\/\/api.w.org\/{rel}","templated":true}]}}