{"id":192557,"date":"2022-05-19T00:22:16","date_gmt":"2022-05-18T22:22:16","guid":{"rendered":"https:\/\/www.24gliwice.pl\/wiadomosci\/?p=192557"},"modified":"2022-05-19T00:22:16","modified_gmt":"2022-05-18T22:22:16","slug":"dzien-dziecka-mozna-spedzic-na-podworku-z-calymi-rodzinami-bedzie-wiele-darmowych-atrakcji","status":"publish","type":"post","link":"https:\/\/www.24gliwice.pl\/wiadomosci\/dzien-dziecka-mozna-spedzic-na-podworku-z-calymi-rodzinami-bedzie-wiele-darmowych-atrakcji\/","title":{"rendered":"Dzie\u0144 Dziecka mo\u017cna sp\u0119dzi\u0107 na &#8220;Podw\u00f3rku&#8221; z ca\u0142ymi rodzinami. B\u0119dzie wiele darmowych atrakcji"},"content":{"rendered":"<div class=\"gliwi-a6-nad-leadem-artykulow gliwi-entity-placement\" id=\"gliwi-2251780546\"><div class=\"gliwi-adlabel\"><span style=\"font-size: 9px\">REKLAMA<\/span><\/div><div id=\"gliwi-1968565949\" style=\"margin-bottom: 25px;margin-left: auto;margin-right: auto;text-align: center;\"><a data-no-instant=\"1\" href=\"https:\/\/dom100.eu\/\" rel=\"noopener\" class=\"a2t-link\" target=\"_blank\" aria-label=\"20260415 DOM100 D\"><img loading=\"lazy\" decoding=\"async\" src=\"https:\/\/www.24gliwice.pl\/wiadomosci\/wp-content\/uploads\/2026\/04\/20260415-DOM100-D.jpg\" alt=\"\"  srcset=\"https:\/\/www.24gliwice.pl\/wiadomosci\/wp-content\/uploads\/2026\/04\/20260415-DOM100-D.jpg 750w, https:\/\/www.24gliwice.pl\/wiadomosci\/wp-content\/uploads\/2026\/04\/20260415-DOM100-D-410x109.jpg 410w\" sizes=\"(max-width: 750px) 100vw, 750px\" class=\"no-lazyload\" width=\"750\" height=\"200\"  style=\"display: inline-block; max-width: 100%; height: auto;\" \/><\/a><\/div><\/div><h2>Zbli\u017ca si\u0119 Dzie\u0144 Dziecka a to okazja, by i miasto zorganizowa\u0142o co\u015b dla swoich najm\u0142odszych mieszka\u0144c\u00f3w. Tak b\u0119dzie w tym roku. Na terenie obok hali Arena Gliwice zaplanowano imprez\u0119 pod nazw\u0105 &#8220;Podw\u00f3rko&#8221;.<\/h2>\n<p>&nbsp;<br \/>\nPami\u0119tacie z pewno\u015bci\u0105, kiedy jako dzieci ca\u0142e dnie sp\u0119dzali\u015bcie na podw\u00f3rku? Akrobacje na trzepaku, malowanie kred\u0105, gra w chowanego, kopanie pi\u0142ki. I w\u0142a\u015bnie na \u201ePodw\u00f3rko\u201d z okazji Dnia Dziecka zaprasza Centrum Kultury Victoria wraz z partnerami. <\/p>\n<h4>Miejski Dzie\u0144 Dziecka odb\u0119dzie si\u0119 w niedziel\u0119, 29 maja, przy ulicy Akademickiej (plac g\u0142\u00f3wny przy Arenie Gliwice). Rozpocz\u0119cie o godzinie 12:00. <\/h4>\n<p>Gry, zabawy, taniec, sport, animacje, warsztaty, sztuczki cyrkowe \u2013 przed uczestnikami wydarzenia 6 godzin wype\u0142nionych atrakcjami.<\/p><div class=\"gliwi-a3-w-tresci-artykulow gliwi-entity-placement\" id=\"gliwi-2039674328\"><div class=\"gliwi-adlabel\"><span style=\"font-size: 9px\">REKLAMA<\/span><\/div><div id=\"gliwi-1561595588\" style=\"margin-bottom: 30px;margin-left: auto;margin-right: auto;text-align: center;\"><a data-no-instant=\"1\" href=\"https:\/\/zlobek.halogen.org.pl\/\" rel=\"noopener\" class=\"a2t-link\" target=\"_blank\" aria-label=\"animator-zlobek_750x200\"><img loading=\"lazy\" decoding=\"async\" src=\"https:\/\/www.24gliwice.pl\/wiadomosci\/wp-content\/uploads\/2026\/02\/animator-zlobek_750x200.webp\" alt=\"\"  srcset=\"https:\/\/www.24gliwice.pl\/wiadomosci\/wp-content\/uploads\/2026\/02\/animator-zlobek_750x200.webp 750w, https:\/\/www.24gliwice.pl\/wiadomosci\/wp-content\/uploads\/2026\/02\/animator-zlobek_750x200-410x109.webp 410w\" sizes=\"(max-width: 750px) 100vw, 750px\" class=\"no-lazyload\" width=\"750\" height=\"200\"  style=\"display: inline-block; max-width: 100%; height: auto;\" \/><\/a><\/div><\/div>\n<p>&#8211; <em>Dzi\u0119ki licznym warsztatom rozbudzimy w najm\u0142odszych kreatywno\u015b\u0107. Do ramek trafi\u0105 obrazy z suszonych kwiat\u00f3w, a na deskach powstan\u0105 \u017cywe obrazy, czyli kompozycje kwiatowe. Z patyczk\u00f3w, we\u0142ny i bibu\u0142y powstan\u0105 zabawki, z tektury \u2013 imprezowe piniaty i kolorowe jednoro\u017cce. Babka zielarka zaprosi na warsztaty o naturze, podczas kt\u00f3rych m.in. poznamy w\u0142a\u015bciwo\u015bci zi\u00f3\u0142 i posadzimy swoje sadzonki. W niebo poszybuj\u0105 latawce, kt\u00f3re wcze\u015bniej \u2013 dzieci zbuduj\u0105 same. Do \u015bwiata literatury zaprosi nas Miejska Biblioteka Publiczna. Komu bli\u017cej do nowoczesnych technologii, powinien odwiedzi\u0107 warsztaty technologiczne, a tam budowanie robot\u00f3w z klock\u00f3w lego, wykonanie drewniano-metalowych zabawek i polowa drukarnia<\/em> &#8211; zapowiadaj\u0105 organizatorzy. <\/p>\n<blockquote><p><em>Przekonamy si\u0119, czy roboty zast\u0105pi\u0105 nas w sprz\u0105taniu\u2026 Z my\u015bl\u0105 o najm\u0142odszych dzieciach powstanie strefa maluszka z zabawami sensorycznymi z wykorzystaniem naturalnych produkt\u00f3w, malowaniem buzi i animacjami (tak\u017ce dla rodzic\u00f3w)<\/em> <\/p><\/blockquote>\n<p>&#8211; czytamy dalej w zapowiedzi wydarzenia. <\/p>\n<p>W podr\u00f3\u017c w czasie uczestnik\u00f3w zabierze Muzeum PRL. Kto odwiedzi przygotowan\u0105 ekspozycj\u0119, cofnie si\u0119 o kilkadziesi\u0105t lat: wejdzie do w pe\u0142ni umeblowanego pokoju, a tam nie tylko podstawowe wyposa\u017cenie mieszkania, ale te\u017c w\u00f3zek dzieci\u0119cy, rower i hulajnoga.<\/p>\n<p><a href=\"https:\/\/www.24gliwice.pl\/wiadomosci\/wp-content\/uploads\/2022\/05\/dzien-dziecka-podworko_1500_750_px_1_.png\"><img loading=\"lazy\" decoding=\"async\" src=\"https:\/\/www.24gliwice.pl\/wiadomosci\/wp-content\/uploads\/2022\/05\/dzien-dziecka-podworko_1500_750_px_1_.png\" alt=\"\" width=\"1500\" height=\"750\" class=\"alignnone size-full wp-image-192563\" srcset=\"https:\/\/www.24gliwice.pl\/wiadomosci\/wp-content\/uploads\/2022\/05\/dzien-dziecka-podworko_1500_750_px_1_.png 1500w, https:\/\/www.24gliwice.pl\/wiadomosci\/wp-content\/uploads\/2022\/05\/dzien-dziecka-podworko_1500_750_px_1_-410x205.png 410w, https:\/\/www.24gliwice.pl\/wiadomosci\/wp-content\/uploads\/2022\/05\/dzien-dziecka-podworko_1500_750_px_1_-810x405.png 810w, https:\/\/www.24gliwice.pl\/wiadomosci\/wp-content\/uploads\/2022\/05\/dzien-dziecka-podworko_1500_750_px_1_-768x384.png 768w, https:\/\/www.24gliwice.pl\/wiadomosci\/wp-content\/uploads\/2022\/05\/dzien-dziecka-podworko_1500_750_px_1_-1140x570.png 1140w\" sizes=\"auto, (max-width: 1500px) 100vw, 1500px\" \/><\/a><\/p>\n<p>&#8211; <em>Najlepiej uczymy si\u0119 przez zabaw\u0119. Przekonywa\u0107 b\u0119dzie nas do tego Centrum Popularyzacji Nauki Politechniki \u015al\u0105skiej, kt\u00f3ra zorganizuje warsztaty technologiczne. Naukowcy przygotuj\u0105 dla dzieci mn\u00f3stwo do\u015bwiadcze\u0144. Majsterkowicze zajrz\u0105 do silnika samochodu i naucz\u0105 si\u0119 podstaw elektroniki<\/em> &#8211; informuje CK Victoria. <\/p>\n<blockquote><p><em>W niebo wzbijemy si\u0119 dzi\u0119ki Laboratorium Wirtualnego Latania. Mali chemicy stworz\u0105 s\u0142ynne glutki i poznaj\u0105 tajemnic\u0119 PH. Mali in\u017cynierowie w jadalnej ziemi poszukaj\u0105 \u017celkowych d\u017cd\u017cownic<\/em><\/p><\/blockquote>\n<p>&#8211; dodaje instytucja kultury. <\/p>\n<p>B\u0119d\u0105c na \u201ePodw\u00f3rku\u201d warto zajrze\u0107 na ulic\u0119 \u015al\u0105sk\u0105. To b\u0119dzie prawdziwy hula hop fest. Zaprezentowane zostan\u0105 najs\u0142ynniejsze podw\u00f3rkowe gry, w kt\u00f3re dzieci z naszego regionu bawi\u0142y si\u0119 przed laty (a mo\u017ce i teraz?). B\u0119dzie wi\u0119c kulanie felgi na 1000 fajerek, ciepanie do ozdobnej ko\u0142kastli, granie o kotloki. Wszystko dzi\u0119ki animatorowi, kt\u00f3ry z odniesieniem do ciekawostek i anegdot oraz z wykorzystaniem stylizowanych stroj\u00f3w i rekwizyt\u00f3w, zabierze mieszka\u0144c\u00f3w na g\u00f3rno\u015bl\u0105skie podw\u00f3rko.<\/p>\n<p>Dzieci kochaj\u0105 cyrkowe sztuczki. Magia, iluzja, \u017conglerka, akrobacje \u2013 tego nie mog\u0142o zabrakn\u0105\u0107 na naszym \u201ePodw\u00f3rku\u201d. Dla lubi\u0105cych sport i rywalizacj\u0119 przygotowano m.in. stanowiska do minigolfa, warsztaty taneczne i tory wy\u015bcigowe (w tym Slot Cars, na kt\u00f3rych \u015bciga\u0107 b\u0119dziemy si\u0119 zabawkowymi samochodami).<\/p>\n<p>Wszystkie atrakcje przygotowane dla go\u015bci \u201ePodw\u00f3rka\u201d b\u0119d\u0105 bezp\u0142atne. <\/p>\n<p>(\u017cms)\/UM Gliwice<br \/>\nfot. px\/zdj. pogl\u0105dowe<\/p>\n<div class=\"gliwi-a5-na-koncu-artykulow gliwi-entity-placement\" id=\"gliwi-1121848272\"><div class=\"gliwi-adlabel\"><span style=\"font-size: 9px\">REKLAMA<\/span><\/div><div id=\"gliwi-1269179532\" style=\"margin-left: auto;margin-right: auto;text-align: center;\"><a data-no-instant=\"1\" href=\"https:\/\/prezeroarenagliwice.pl\/\" rel=\"noopener\" class=\"a2t-link\" target=\"_blank\" aria-label=\"20260309-PREZERO-WIOSNA-D\"><img loading=\"lazy\" decoding=\"async\" src=\"https:\/\/www.24gliwice.pl\/wiadomosci\/wp-content\/uploads\/2026\/03\/20260309-PREZERO-WIOSNA-D.webp\" alt=\"\"  srcset=\"https:\/\/www.24gliwice.pl\/wiadomosci\/wp-content\/uploads\/2026\/03\/20260309-PREZERO-WIOSNA-D.webp 750w, https:\/\/www.24gliwice.pl\/wiadomosci\/wp-content\/uploads\/2026\/03\/20260309-PREZERO-WIOSNA-D-410x109.webp 410w\" sizes=\"(max-width: 750px) 100vw, 750px\" class=\"no-lazyload\" width=\"750\" height=\"200\"  style=\"display: inline-block; max-width: 100%; height: auto;\" \/><\/a><\/div><\/div>","protected":false},"excerpt":{"rendered":"<p>Zbli\u017ca si\u0119 Dzie\u0144 Dziecka a to okazja, by i miasto zorganizowa\u0142o co\u015b dla swoich najm\u0142odszych mieszka\u0144c\u00f3w. Tak b\u0119dzie w tym roku. Na terenie obok hali Arena Gliwice zaplanowano imprez\u0119 pod nazw\u0105 &#8220;Podw\u00f3rko&#8221;. &nbsp; Pami\u0119tacie z pewno\u015bci\u0105, kiedy jako dzieci ca\u0142e dnie sp\u0119dzali\u015bcie na podw\u00f3rku? Akrobacje na trzepaku, malowanie kred\u0105, gra w chowanego, kopanie pi\u0142ki. I [&hellip;]<\/p>\n","protected":false},"author":15,"featured_media":192562,"comment_status":"open","ping_status":"closed","sticky":false,"template":"","format":"standard","meta":{"_monsterinsights_skip_tracking":false,"_monsterinsights_sitenote_active":false,"_monsterinsights_sitenote_note":"","_monsterinsights_sitenote_category":0,"footnotes":"","_links_to":"","_links_to_target":""},"categories":[3,6,1],"tags":[2630],"class_list":["post-192557","post","type-post","status-publish","format-standard","has-post-thumbnail","hentry","category-gliwice","category-kultura","category-wszystko","tag-dzien-dziecka"],"yoast_head":"<!-- This site is optimized with the Yoast SEO plugin v27.4 - https:\/\/yoast.com\/product\/yoast-seo-wordpress\/ -->\n<title>Dzie\u0144 Dziecka mo\u017cna sp\u0119dzi\u0107 na &quot;Podw\u00f3rku&quot; z ca\u0142ymi rodzinami. B\u0119dzie wiele darmowych atrakcji - 24GLIWICE - Portal Gliwice | codziennie nowe informacje<\/title>\n<meta name=\"description\" content=\"Miejski dzie\u0144 dziecka tym razem zaplanowano na placu hali Arena Gliwice. Przy ulicy Akademickiej czeka\u0107 b\u0119d\u0105 atrakcje dla ca\u0142ych rodzin\" \/>\n<meta name=\"robots\" content=\"index, follow, max-snippet:-1, max-image-preview:large, max-video-preview:-1\" \/>\n<link rel=\"canonical\" href=\"https:\/\/www.24gliwice.pl\/wiadomosci\/dzien-dziecka-mozna-spedzic-na-podworku-z-calymi-rodzinami-bedzie-wiele-darmowych-atrakcji\/\" \/>\n<meta property=\"og:locale\" content=\"pl_PL\" \/>\n<meta property=\"og:type\" content=\"article\" \/>\n<meta property=\"og:title\" content=\"Dzie\u0144 Dziecka mo\u017cna sp\u0119dzi\u0107 na &quot;Podw\u00f3rku&quot; z ca\u0142ymi rodzinami. B\u0119dzie wiele darmowych atrakcji - 24GLIWICE - Portal Gliwice | codziennie nowe informacje\" \/>\n<meta property=\"og:description\" content=\"Miejski dzie\u0144 dziecka tym razem zaplanowano na placu hali Arena Gliwice. Przy ulicy Akademickiej czeka\u0107 b\u0119d\u0105 atrakcje dla ca\u0142ych rodzin\" \/>\n<meta property=\"og:url\" content=\"https:\/\/www.24gliwice.pl\/wiadomosci\/dzien-dziecka-mozna-spedzic-na-podworku-z-calymi-rodzinami-bedzie-wiele-darmowych-atrakcji\/\" \/>\n<meta property=\"og:site_name\" content=\"24GLIWICE - Portal Gliwice | codziennie nowe informacje\" \/>\n<meta property=\"article:publisher\" content=\"https:\/\/www.facebook.com\/24gliwice\" \/>\n<meta property=\"article:published_time\" content=\"2022-05-18T22:22:16+00:00\" \/>\n<meta property=\"og:image\" content=\"https:\/\/www.24gliwice.pl\/wiadomosci\/wp-content\/uploads\/2022\/05\/Dzien-dziecka-podworko.jpg\" \/>\n\t<meta property=\"og:image:width\" content=\"810\" \/>\n\t<meta property=\"og:image:height\" content=\"457\" \/>\n\t<meta property=\"og:image:type\" content=\"image\/jpeg\" \/>\n<meta name=\"author\" content=\"\u017baneta Mrozek-Siewierska\" \/>\n<meta name=\"twitter:card\" content=\"summary_large_image\" \/>\n<meta name=\"twitter:creator\" content=\"@24gliwice\" \/>\n<meta name=\"twitter:site\" content=\"@24gliwice\" \/>\n<meta name=\"twitter:label1\" content=\"Napisane przez\" \/>\n\t<meta name=\"twitter:data1\" content=\"\u017baneta Mrozek-Siewierska\" \/>\n\t<meta name=\"twitter:label2\" content=\"Szacowany czas czytania\" \/>\n\t<meta name=\"twitter:data2\" content=\"3 minuty\" \/>\n<script type=\"application\/ld+json\" class=\"yoast-schema-graph\">{\"@context\":\"https:\\\/\\\/schema.org\",\"@graph\":[{\"@type\":\"Article\",\"@id\":\"https:\\\/\\\/www.24gliwice.pl\\\/wiadomosci\\\/dzien-dziecka-mozna-spedzic-na-podworku-z-calymi-rodzinami-bedzie-wiele-darmowych-atrakcji\\\/#article\",\"isPartOf\":{\"@id\":\"https:\\\/\\\/www.24gliwice.pl\\\/wiadomosci\\\/dzien-dziecka-mozna-spedzic-na-podworku-z-calymi-rodzinami-bedzie-wiele-darmowych-atrakcji\\\/\"},\"author\":{\"name\":\"\u017baneta Mrozek-Siewierska\",\"@id\":\"https:\\\/\\\/www.24gliwice.pl\\\/wiadomosci\\\/#\\\/schema\\\/person\\\/e42c650edd7f2fa332be3811fb166b6e\"},\"headline\":\"Dzie\u0144 Dziecka mo\u017cna sp\u0119dzi\u0107 na &#8220;Podw\u00f3rku&#8221; z ca\u0142ymi rodzinami. B\u0119dzie wiele darmowych atrakcji\",\"datePublished\":\"2022-05-18T22:22:16+00:00\",\"mainEntityOfPage\":{\"@id\":\"https:\\\/\\\/www.24gliwice.pl\\\/wiadomosci\\\/dzien-dziecka-mozna-spedzic-na-podworku-z-calymi-rodzinami-bedzie-wiele-darmowych-atrakcji\\\/\"},\"wordCount\":579,\"commentCount\":0,\"publisher\":{\"@id\":\"https:\\\/\\\/www.24gliwice.pl\\\/wiadomosci\\\/#organization\"},\"image\":{\"@id\":\"https:\\\/\\\/www.24gliwice.pl\\\/wiadomosci\\\/dzien-dziecka-mozna-spedzic-na-podworku-z-calymi-rodzinami-bedzie-wiele-darmowych-atrakcji\\\/#primaryimage\"},\"thumbnailUrl\":\"https:\\\/\\\/www.24gliwice.pl\\\/wiadomosci\\\/wp-content\\\/uploads\\\/2022\\\/05\\\/Dzien-dziecka-podworko.jpg\",\"keywords\":[\"DZIE\u0143 DZIECKA\"],\"articleSection\":[\"Gliwice\",\"Kultura, wydarzenia, imprezy\",\"Najnowsze wiadomo\u015bci\"],\"inLanguage\":\"pl-PL\",\"potentialAction\":[{\"@type\":\"CommentAction\",\"name\":\"Comment\",\"target\":[\"https:\\\/\\\/www.24gliwice.pl\\\/wiadomosci\\\/dzien-dziecka-mozna-spedzic-na-podworku-z-calymi-rodzinami-bedzie-wiele-darmowych-atrakcji\\\/#respond\"]}]},{\"@type\":\"WebPage\",\"@id\":\"https:\\\/\\\/www.24gliwice.pl\\\/wiadomosci\\\/dzien-dziecka-mozna-spedzic-na-podworku-z-calymi-rodzinami-bedzie-wiele-darmowych-atrakcji\\\/\",\"url\":\"https:\\\/\\\/www.24gliwice.pl\\\/wiadomosci\\\/dzien-dziecka-mozna-spedzic-na-podworku-z-calymi-rodzinami-bedzie-wiele-darmowych-atrakcji\\\/\",\"name\":\"Dzie\u0144 Dziecka mo\u017cna sp\u0119dzi\u0107 na \\\"Podw\u00f3rku\\\" z ca\u0142ymi rodzinami. B\u0119dzie wiele darmowych atrakcji - 24GLIWICE - Portal Gliwice | codziennie nowe informacje\",\"isPartOf\":{\"@id\":\"https:\\\/\\\/www.24gliwice.pl\\\/wiadomosci\\\/#website\"},\"primaryImageOfPage\":{\"@id\":\"https:\\\/\\\/www.24gliwice.pl\\\/wiadomosci\\\/dzien-dziecka-mozna-spedzic-na-podworku-z-calymi-rodzinami-bedzie-wiele-darmowych-atrakcji\\\/#primaryimage\"},\"image\":{\"@id\":\"https:\\\/\\\/www.24gliwice.pl\\\/wiadomosci\\\/dzien-dziecka-mozna-spedzic-na-podworku-z-calymi-rodzinami-bedzie-wiele-darmowych-atrakcji\\\/#primaryimage\"},\"thumbnailUrl\":\"https:\\\/\\\/www.24gliwice.pl\\\/wiadomosci\\\/wp-content\\\/uploads\\\/2022\\\/05\\\/Dzien-dziecka-podworko.jpg\",\"datePublished\":\"2022-05-18T22:22:16+00:00\",\"description\":\"Miejski dzie\u0144 dziecka tym razem zaplanowano na placu hali Arena Gliwice. Przy ulicy Akademickiej czeka\u0107 b\u0119d\u0105 atrakcje dla ca\u0142ych rodzin\",\"breadcrumb\":{\"@id\":\"https:\\\/\\\/www.24gliwice.pl\\\/wiadomosci\\\/dzien-dziecka-mozna-spedzic-na-podworku-z-calymi-rodzinami-bedzie-wiele-darmowych-atrakcji\\\/#breadcrumb\"},\"inLanguage\":\"pl-PL\",\"potentialAction\":[{\"@type\":\"ReadAction\",\"target\":[\"https:\\\/\\\/www.24gliwice.pl\\\/wiadomosci\\\/dzien-dziecka-mozna-spedzic-na-podworku-z-calymi-rodzinami-bedzie-wiele-darmowych-atrakcji\\\/\"]}]},{\"@type\":\"ImageObject\",\"inLanguage\":\"pl-PL\",\"@id\":\"https:\\\/\\\/www.24gliwice.pl\\\/wiadomosci\\\/dzien-dziecka-mozna-spedzic-na-podworku-z-calymi-rodzinami-bedzie-wiele-darmowych-atrakcji\\\/#primaryimage\",\"url\":\"https:\\\/\\\/www.24gliwice.pl\\\/wiadomosci\\\/wp-content\\\/uploads\\\/2022\\\/05\\\/Dzien-dziecka-podworko.jpg\",\"contentUrl\":\"https:\\\/\\\/www.24gliwice.pl\\\/wiadomosci\\\/wp-content\\\/uploads\\\/2022\\\/05\\\/Dzien-dziecka-podworko.jpg\",\"width\":810,\"height\":457},{\"@type\":\"BreadcrumbList\",\"@id\":\"https:\\\/\\\/www.24gliwice.pl\\\/wiadomosci\\\/dzien-dziecka-mozna-spedzic-na-podworku-z-calymi-rodzinami-bedzie-wiele-darmowych-atrakcji\\\/#breadcrumb\",\"itemListElement\":[{\"@type\":\"ListItem\",\"position\":1,\"name\":\"Strona g\u0142\u00f3wna\",\"item\":\"https:\\\/\\\/www.24gliwice.pl\\\/wiadomosci\\\/\"},{\"@type\":\"ListItem\",\"position\":2,\"name\":\"Dzie\u0144 Dziecka mo\u017cna sp\u0119dzi\u0107 na &#8222;Podw\u00f3rku&#8221; z ca\u0142ymi rodzinami. B\u0119dzie wiele darmowych atrakcji\"}]},{\"@type\":\"WebSite\",\"@id\":\"https:\\\/\\\/www.24gliwice.pl\\\/wiadomosci\\\/#website\",\"url\":\"https:\\\/\\\/www.24gliwice.pl\\\/wiadomosci\\\/\",\"name\":\"24GLIWICE - Portal Gliwice | codziennie nowe wiadomo\u015bci\",\"description\":\"Portal Miejski Gliwice\",\"publisher\":{\"@id\":\"https:\\\/\\\/www.24gliwice.pl\\\/wiadomosci\\\/#organization\"},\"potentialAction\":[{\"@type\":\"SearchAction\",\"target\":{\"@type\":\"EntryPoint\",\"urlTemplate\":\"https:\\\/\\\/www.24gliwice.pl\\\/wiadomosci\\\/?s={search_term_string}\"},\"query-input\":{\"@type\":\"PropertyValueSpecification\",\"valueRequired\":true,\"valueName\":\"search_term_string\"}}],\"inLanguage\":\"pl-PL\"},{\"@type\":\"Organization\",\"@id\":\"https:\\\/\\\/www.24gliwice.pl\\\/wiadomosci\\\/#organization\",\"name\":\"24gliwice\",\"url\":\"https:\\\/\\\/www.24gliwice.pl\\\/wiadomosci\\\/\",\"logo\":{\"@type\":\"ImageObject\",\"inLanguage\":\"pl-PL\",\"@id\":\"https:\\\/\\\/www.24gliwice.pl\\\/wiadomosci\\\/#\\\/schema\\\/logo\\\/image\\\/\",\"url\":\"https:\\\/\\\/www.24gliwice.pl\\\/wiadomosci\\\/wp-content\\\/uploads\\\/2024\\\/10\\\/24gliwice-logo-696.jpg\",\"contentUrl\":\"https:\\\/\\\/www.24gliwice.pl\\\/wiadomosci\\\/wp-content\\\/uploads\\\/2024\\\/10\\\/24gliwice-logo-696.jpg\",\"width\":696,\"height\":696,\"caption\":\"24gliwice\"},\"image\":{\"@id\":\"https:\\\/\\\/www.24gliwice.pl\\\/wiadomosci\\\/#\\\/schema\\\/logo\\\/image\\\/\"},\"sameAs\":[\"https:\\\/\\\/www.facebook.com\\\/24gliwice\",\"https:\\\/\\\/x.com\\\/24gliwice\",\"https:\\\/\\\/www.youtube.com\\\/@24gliwice\"]},{\"@type\":\"Person\",\"@id\":\"https:\\\/\\\/www.24gliwice.pl\\\/wiadomosci\\\/#\\\/schema\\\/person\\\/e42c650edd7f2fa332be3811fb166b6e\",\"name\":\"\u017baneta Mrozek-Siewierska\",\"image\":{\"@type\":\"ImageObject\",\"inLanguage\":\"pl-PL\",\"@id\":\"https:\\\/\\\/www.24gliwice.pl\\\/wiadomosci\\\/wp-content\\\/uploads\\\/2021\\\/11\\\/Zaneta-M_S-zdjecie-czb-96x96.jpg\",\"url\":\"https:\\\/\\\/www.24gliwice.pl\\\/wiadomosci\\\/wp-content\\\/uploads\\\/2021\\\/11\\\/Zaneta-M_S-zdjecie-czb-96x96.jpg\",\"contentUrl\":\"https:\\\/\\\/www.24gliwice.pl\\\/wiadomosci\\\/wp-content\\\/uploads\\\/2021\\\/11\\\/Zaneta-M_S-zdjecie-czb-96x96.jpg\",\"caption\":\"\u017baneta Mrozek-Siewierska\"},\"url\":\"https:\\\/\\\/www.24gliwice.pl\\\/wiadomosci\\\/author\\\/zms\\\/\"}]}<\/script>\n<!-- \/ Yoast SEO plugin. -->","yoast_head_json":{"title":"Dzie\u0144 Dziecka mo\u017cna sp\u0119dzi\u0107 na \"Podw\u00f3rku\" z ca\u0142ymi rodzinami. B\u0119dzie wiele darmowych atrakcji - 24GLIWICE - Portal Gliwice | codziennie nowe informacje","description":"Miejski dzie\u0144 dziecka tym razem zaplanowano na placu hali Arena Gliwice. Przy ulicy Akademickiej czeka\u0107 b\u0119d\u0105 atrakcje dla ca\u0142ych rodzin","robots":{"index":"index","follow":"follow","max-snippet":"max-snippet:-1","max-image-preview":"max-image-preview:large","max-video-preview":"max-video-preview:-1"},"canonical":"https:\/\/www.24gliwice.pl\/wiadomosci\/dzien-dziecka-mozna-spedzic-na-podworku-z-calymi-rodzinami-bedzie-wiele-darmowych-atrakcji\/","og_locale":"pl_PL","og_type":"article","og_title":"Dzie\u0144 Dziecka mo\u017cna sp\u0119dzi\u0107 na \"Podw\u00f3rku\" z ca\u0142ymi rodzinami. B\u0119dzie wiele darmowych atrakcji - 24GLIWICE - Portal Gliwice | codziennie nowe informacje","og_description":"Miejski dzie\u0144 dziecka tym razem zaplanowano na placu hali Arena Gliwice. Przy ulicy Akademickiej czeka\u0107 b\u0119d\u0105 atrakcje dla ca\u0142ych rodzin","og_url":"https:\/\/www.24gliwice.pl\/wiadomosci\/dzien-dziecka-mozna-spedzic-na-podworku-z-calymi-rodzinami-bedzie-wiele-darmowych-atrakcji\/","og_site_name":"24GLIWICE - Portal Gliwice | codziennie nowe informacje","article_publisher":"https:\/\/www.facebook.com\/24gliwice","article_published_time":"2022-05-18T22:22:16+00:00","og_image":[{"width":810,"height":457,"url":"https:\/\/www.24gliwice.pl\/wiadomosci\/wp-content\/uploads\/2022\/05\/Dzien-dziecka-podworko.jpg","type":"image\/jpeg"}],"author":"\u017baneta Mrozek-Siewierska","twitter_card":"summary_large_image","twitter_creator":"@24gliwice","twitter_site":"@24gliwice","twitter_misc":{"Napisane przez":"\u017baneta Mrozek-Siewierska","Szacowany czas czytania":"3 minuty"},"schema":{"@context":"https:\/\/schema.org","@graph":[{"@type":"Article","@id":"https:\/\/www.24gliwice.pl\/wiadomosci\/dzien-dziecka-mozna-spedzic-na-podworku-z-calymi-rodzinami-bedzie-wiele-darmowych-atrakcji\/#article","isPartOf":{"@id":"https:\/\/www.24gliwice.pl\/wiadomosci\/dzien-dziecka-mozna-spedzic-na-podworku-z-calymi-rodzinami-bedzie-wiele-darmowych-atrakcji\/"},"author":{"name":"\u017baneta Mrozek-Siewierska","@id":"https:\/\/www.24gliwice.pl\/wiadomosci\/#\/schema\/person\/e42c650edd7f2fa332be3811fb166b6e"},"headline":"Dzie\u0144 Dziecka mo\u017cna sp\u0119dzi\u0107 na &#8220;Podw\u00f3rku&#8221; z ca\u0142ymi rodzinami. B\u0119dzie wiele darmowych atrakcji","datePublished":"2022-05-18T22:22:16+00:00","mainEntityOfPage":{"@id":"https:\/\/www.24gliwice.pl\/wiadomosci\/dzien-dziecka-mozna-spedzic-na-podworku-z-calymi-rodzinami-bedzie-wiele-darmowych-atrakcji\/"},"wordCount":579,"commentCount":0,"publisher":{"@id":"https:\/\/www.24gliwice.pl\/wiadomosci\/#organization"},"image":{"@id":"https:\/\/www.24gliwice.pl\/wiadomosci\/dzien-dziecka-mozna-spedzic-na-podworku-z-calymi-rodzinami-bedzie-wiele-darmowych-atrakcji\/#primaryimage"},"thumbnailUrl":"https:\/\/www.24gliwice.pl\/wiadomosci\/wp-content\/uploads\/2022\/05\/Dzien-dziecka-podworko.jpg","keywords":["DZIE\u0143 DZIECKA"],"articleSection":["Gliwice","Kultura, wydarzenia, imprezy","Najnowsze wiadomo\u015bci"],"inLanguage":"pl-PL","potentialAction":[{"@type":"CommentAction","name":"Comment","target":["https:\/\/www.24gliwice.pl\/wiadomosci\/dzien-dziecka-mozna-spedzic-na-podworku-z-calymi-rodzinami-bedzie-wiele-darmowych-atrakcji\/#respond"]}]},{"@type":"WebPage","@id":"https:\/\/www.24gliwice.pl\/wiadomosci\/dzien-dziecka-mozna-spedzic-na-podworku-z-calymi-rodzinami-bedzie-wiele-darmowych-atrakcji\/","url":"https:\/\/www.24gliwice.pl\/wiadomosci\/dzien-dziecka-mozna-spedzic-na-podworku-z-calymi-rodzinami-bedzie-wiele-darmowych-atrakcji\/","name":"Dzie\u0144 Dziecka mo\u017cna sp\u0119dzi\u0107 na \"Podw\u00f3rku\" z ca\u0142ymi rodzinami. B\u0119dzie wiele darmowych atrakcji - 24GLIWICE - Portal Gliwice | codziennie nowe informacje","isPartOf":{"@id":"https:\/\/www.24gliwice.pl\/wiadomosci\/#website"},"primaryImageOfPage":{"@id":"https:\/\/www.24gliwice.pl\/wiadomosci\/dzien-dziecka-mozna-spedzic-na-podworku-z-calymi-rodzinami-bedzie-wiele-darmowych-atrakcji\/#primaryimage"},"image":{"@id":"https:\/\/www.24gliwice.pl\/wiadomosci\/dzien-dziecka-mozna-spedzic-na-podworku-z-calymi-rodzinami-bedzie-wiele-darmowych-atrakcji\/#primaryimage"},"thumbnailUrl":"https:\/\/www.24gliwice.pl\/wiadomosci\/wp-content\/uploads\/2022\/05\/Dzien-dziecka-podworko.jpg","datePublished":"2022-05-18T22:22:16+00:00","description":"Miejski dzie\u0144 dziecka tym razem zaplanowano na placu hali Arena Gliwice. Przy ulicy Akademickiej czeka\u0107 b\u0119d\u0105 atrakcje dla ca\u0142ych rodzin","breadcrumb":{"@id":"https:\/\/www.24gliwice.pl\/wiadomosci\/dzien-dziecka-mozna-spedzic-na-podworku-z-calymi-rodzinami-bedzie-wiele-darmowych-atrakcji\/#breadcrumb"},"inLanguage":"pl-PL","potentialAction":[{"@type":"ReadAction","target":["https:\/\/www.24gliwice.pl\/wiadomosci\/dzien-dziecka-mozna-spedzic-na-podworku-z-calymi-rodzinami-bedzie-wiele-darmowych-atrakcji\/"]}]},{"@type":"ImageObject","inLanguage":"pl-PL","@id":"https:\/\/www.24gliwice.pl\/wiadomosci\/dzien-dziecka-mozna-spedzic-na-podworku-z-calymi-rodzinami-bedzie-wiele-darmowych-atrakcji\/#primaryimage","url":"https:\/\/www.24gliwice.pl\/wiadomosci\/wp-content\/uploads\/2022\/05\/Dzien-dziecka-podworko.jpg","contentUrl":"https:\/\/www.24gliwice.pl\/wiadomosci\/wp-content\/uploads\/2022\/05\/Dzien-dziecka-podworko.jpg","width":810,"height":457},{"@type":"BreadcrumbList","@id":"https:\/\/www.24gliwice.pl\/wiadomosci\/dzien-dziecka-mozna-spedzic-na-podworku-z-calymi-rodzinami-bedzie-wiele-darmowych-atrakcji\/#breadcrumb","itemListElement":[{"@type":"ListItem","position":1,"name":"Strona g\u0142\u00f3wna","item":"https:\/\/www.24gliwice.pl\/wiadomosci\/"},{"@type":"ListItem","position":2,"name":"Dzie\u0144 Dziecka mo\u017cna sp\u0119dzi\u0107 na &#8222;Podw\u00f3rku&#8221; z ca\u0142ymi rodzinami. B\u0119dzie wiele darmowych atrakcji"}]},{"@type":"WebSite","@id":"https:\/\/www.24gliwice.pl\/wiadomosci\/#website","url":"https:\/\/www.24gliwice.pl\/wiadomosci\/","name":"24GLIWICE - Portal Gliwice | codziennie nowe wiadomo\u015bci","description":"Portal Miejski Gliwice","publisher":{"@id":"https:\/\/www.24gliwice.pl\/wiadomosci\/#organization"},"potentialAction":[{"@type":"SearchAction","target":{"@type":"EntryPoint","urlTemplate":"https:\/\/www.24gliwice.pl\/wiadomosci\/?s={search_term_string}"},"query-input":{"@type":"PropertyValueSpecification","valueRequired":true,"valueName":"search_term_string"}}],"inLanguage":"pl-PL"},{"@type":"Organization","@id":"https:\/\/www.24gliwice.pl\/wiadomosci\/#organization","name":"24gliwice","url":"https:\/\/www.24gliwice.pl\/wiadomosci\/","logo":{"@type":"ImageObject","inLanguage":"pl-PL","@id":"https:\/\/www.24gliwice.pl\/wiadomosci\/#\/schema\/logo\/image\/","url":"https:\/\/www.24gliwice.pl\/wiadomosci\/wp-content\/uploads\/2024\/10\/24gliwice-logo-696.jpg","contentUrl":"https:\/\/www.24gliwice.pl\/wiadomosci\/wp-content\/uploads\/2024\/10\/24gliwice-logo-696.jpg","width":696,"height":696,"caption":"24gliwice"},"image":{"@id":"https:\/\/www.24gliwice.pl\/wiadomosci\/#\/schema\/logo\/image\/"},"sameAs":["https:\/\/www.facebook.com\/24gliwice","https:\/\/x.com\/24gliwice","https:\/\/www.youtube.com\/@24gliwice"]},{"@type":"Person","@id":"https:\/\/www.24gliwice.pl\/wiadomosci\/#\/schema\/person\/e42c650edd7f2fa332be3811fb166b6e","name":"\u017baneta Mrozek-Siewierska","image":{"@type":"ImageObject","inLanguage":"pl-PL","@id":"https:\/\/www.24gliwice.pl\/wiadomosci\/wp-content\/uploads\/2021\/11\/Zaneta-M_S-zdjecie-czb-96x96.jpg","url":"https:\/\/www.24gliwice.pl\/wiadomosci\/wp-content\/uploads\/2021\/11\/Zaneta-M_S-zdjecie-czb-96x96.jpg","contentUrl":"https:\/\/www.24gliwice.pl\/wiadomosci\/wp-content\/uploads\/2021\/11\/Zaneta-M_S-zdjecie-czb-96x96.jpg","caption":"\u017baneta Mrozek-Siewierska"},"url":"https:\/\/www.24gliwice.pl\/wiadomosci\/author\/zms\/"}]}},"_links":{"self":[{"href":"https:\/\/www.24gliwice.pl\/wiadomosci\/wp-json\/wp\/v2\/posts\/192557","targetHints":{"allow":["GET"]}}],"collection":[{"href":"https:\/\/www.24gliwice.pl\/wiadomosci\/wp-json\/wp\/v2\/posts"}],"about":[{"href":"https:\/\/www.24gliwice.pl\/wiadomosci\/wp-json\/wp\/v2\/types\/post"}],"author":[{"embeddable":true,"href":"https:\/\/www.24gliwice.pl\/wiadomosci\/wp-json\/wp\/v2\/users\/15"}],"replies":[{"embeddable":true,"href":"https:\/\/www.24gliwice.pl\/wiadomosci\/wp-json\/wp\/v2\/comments?post=192557"}],"version-history":[{"count":7,"href":"https:\/\/www.24gliwice.pl\/wiadomosci\/wp-json\/wp\/v2\/posts\/192557\/revisions"}],"predecessor-version":[{"id":192620,"href":"https:\/\/www.24gliwice.pl\/wiadomosci\/wp-json\/wp\/v2\/posts\/192557\/revisions\/192620"}],"wp:featuredmedia":[{"embeddable":true,"href":"https:\/\/www.24gliwice.pl\/wiadomosci\/wp-json\/wp\/v2\/media\/192562"}],"wp:attachment":[{"href":"https:\/\/www.24gliwice.pl\/wiadomosci\/wp-json\/wp\/v2\/media?parent=192557"}],"wp:term":[{"taxonomy":"category","embeddable":true,"href":"https:\/\/www.24gliwice.pl\/wiadomosci\/wp-json\/wp\/v2\/categories?post=192557"},{"taxonomy":"post_tag","embeddable":true,"href":"https:\/\/www.24gliwice.pl\/wiadomosci\/wp-json\/wp\/v2\/tags?post=192557"}],"curies":[{"name":"wp","href":"https:\/\/api.w.org\/{rel}","templated":true}]}}