{"id":193150,"date":"2022-05-26T12:38:14","date_gmt":"2022-05-26T10:38:14","guid":{"rendered":"https:\/\/www.24gliwice.pl\/wiadomosci\/?p=193150"},"modified":"2022-05-26T12:38:14","modified_gmt":"2022-05-26T10:38:14","slug":"rodzice-na-spektakl-dzieci-pod-skrzydla-teatralnej-opiekunki-to-kolejna-taka-okazja","status":"publish","type":"post","link":"https:\/\/www.24gliwice.pl\/wiadomosci\/rodzice-na-spektakl-dzieci-pod-skrzydla-teatralnej-opiekunki-to-kolejna-taka-okazja\/","title":{"rendered":"Rodzice na spektakl, dzieci pod skrzyd\u0142a Teatralnej Opiekunki. To kolejna taka okazja"},"content":{"rendered":"<div class=\"gliwi-a6-nad-leadem-artykulow gliwi-entity-placement\" id=\"gliwi-3056921370\"><div class=\"gliwi-adlabel\"><span style=\"font-size: 9px\">REKLAMA<\/span><\/div><div id=\"gliwi-1253159967\" style=\"margin-bottom: 30px;margin-left: auto;margin-right: auto;text-align: center;\"><a data-no-instant=\"1\" href=\"https:\/\/przedszkole.halogen.org.pl\/\" rel=\"noopener\" class=\"a2t-link\" target=\"_blank\" aria-label=\"20260402-ANIMATOR-przedszkole_grafika_750x200\"><img loading=\"lazy\" decoding=\"async\" src=\"https:\/\/www.24gliwice.pl\/wiadomosci\/wp-content\/uploads\/2026\/04\/20260402-ANIMATOR-przedszkole_grafika_750x200.webp\" alt=\"\"  srcset=\"https:\/\/www.24gliwice.pl\/wiadomosci\/wp-content\/uploads\/2026\/04\/20260402-ANIMATOR-przedszkole_grafika_750x200.webp 750w, https:\/\/www.24gliwice.pl\/wiadomosci\/wp-content\/uploads\/2026\/04\/20260402-ANIMATOR-przedszkole_grafika_750x200-410x109.webp 410w\" sizes=\"(max-width: 750px) 100vw, 750px\" class=\"no-lazyload\" width=\"750\" height=\"200\"  style=\"display: inline-block; max-width: 100%; height: auto;\" \/><\/a><\/div><\/div><h2>Rodzice ma\u0142ych dzieci, kt\u00f3rzy chcieliby sp\u0119dzi\u0107 wiecz\u00f3r w teatrze, maj\u0105 teraz mo\u017cliwo\u015b\u0107 zostawienia pociechy pod okiem Teatralnej Opiekunki. Najbli\u017csza ku temu okazja nadarzy si\u0119 w niedziel\u0119, 29 maja, podczas spektaklu &#8220;Wszystko w rodzinie&#8221;. <\/h2>\n<p>&nbsp;<br \/>\nDzieci wezm\u0105 udzia\u0142 w teatralnych zabawach i pracach plastycznych. Zaj\u0119cia przeznaczone s\u0105 dla dzieci w wieku 4\u201311 lat. Aby zapisa\u0107 dziecko na zaj\u0119cia Teatralnej Opiekunki, nale\u017cy wcze\u015bniej zg\u0142osi\u0107 ch\u0119\u0107 udzia\u0142u pod nr. tel. 32 230 49 68 \/ 32 232 13 39 lub e-mailem: <a href=\"mailto:bow@teatr.gliwice.pl\" rel=\"noopener\" target=\"_blank\">bow@teatr.gliwice.pl<\/a>.<\/p>\n<p><a href=\"https:\/\/www.24gliwice.pl\/wiadomosci\/wp-content\/uploads\/2022\/05\/wszystko-w-rodzinie-z-teatralna-opiekunka.jpg\"><img loading=\"lazy\" decoding=\"async\" src=\"https:\/\/www.24gliwice.pl\/wiadomosci\/wp-content\/uploads\/2022\/05\/wszystko-w-rodzinie-z-teatralna-opiekunka.jpg\" alt=\"\" width=\"810\" height=\"456\" class=\"alignnone size-full wp-image-193161\" srcset=\"https:\/\/www.24gliwice.pl\/wiadomosci\/wp-content\/uploads\/2022\/05\/wszystko-w-rodzinie-z-teatralna-opiekunka.jpg 810w, https:\/\/www.24gliwice.pl\/wiadomosci\/wp-content\/uploads\/2022\/05\/wszystko-w-rodzinie-z-teatralna-opiekunka-410x232.jpg 410w, https:\/\/www.24gliwice.pl\/wiadomosci\/wp-content\/uploads\/2022\/05\/wszystko-w-rodzinie-z-teatralna-opiekunka-808x455.jpg 808w, https:\/\/www.24gliwice.pl\/wiadomosci\/wp-content\/uploads\/2022\/05\/wszystko-w-rodzinie-z-teatralna-opiekunka-768x432.jpg 768w\" sizes=\"auto, (max-width: 810px) 100vw, 810px\" \/><\/a><\/p>\n<p>Koszt udzia\u0142u w zaj\u0119ciach wynosi 10 z\u0142, ilo\u015b\u0107 miejsc jest ograniczona. Zaj\u0119cia dla dzieci prowadzi aktorka i pedagog teatru <strong>Milena Jab\u0142o\u0144ska<\/strong>. <\/p><div class=\"gliwi-a3-w-tresci-artykulow gliwi-entity-placement\" id=\"gliwi-4082750764\"><div class=\"gliwi-adlabel\"><span style=\"font-size: 9px\">REKLAMA<\/span><\/div><div id=\"gliwi-3660261027\" style=\"margin-bottom: 30px;margin-left: auto;margin-right: auto;text-align: center;\"><a data-no-instant=\"1\" href=\"https:\/\/ogrodyandersa.pl\/\" rel=\"noopener\" class=\"a2t-link\" target=\"_blank\" aria-label=\"20260415 Ogrody Andersa KUP TERAZ D\"><img loading=\"lazy\" decoding=\"async\" src=\"https:\/\/www.24gliwice.pl\/wiadomosci\/wp-content\/uploads\/2026\/04\/20260415-Ogrody-Andersa-KUP-TERAZ-D.jpg\" alt=\"\"  srcset=\"https:\/\/www.24gliwice.pl\/wiadomosci\/wp-content\/uploads\/2026\/04\/20260415-Ogrody-Andersa-KUP-TERAZ-D.jpg 750w, https:\/\/www.24gliwice.pl\/wiadomosci\/wp-content\/uploads\/2026\/04\/20260415-Ogrody-Andersa-KUP-TERAZ-D-410x109.jpg 410w\" sizes=\"(max-width: 750px) 100vw, 750px\" class=\"no-lazyload\" width=\"750\" height=\"200\"  style=\"display: inline-block; max-width: 100%; height: auto;\" \/><\/a><\/div><\/div>\n<p>(\u017cms)\/UM Gliwice(materia\u0142y organizatora)<br \/>\nfot. TMG<\/p>\n<div class=\"gliwi-a5-na-koncu-artykulow gliwi-entity-placement\" id=\"gliwi-3467176120\"><div class=\"gliwi-adlabel\"><span style=\"font-size: 9px\">REKLAMA<\/span><\/div><div id=\"gliwi-2351097550\" style=\"margin-left: auto;margin-right: auto;text-align: center;\"><a data-no-instant=\"1\" href=\"https:\/\/www.jasek.pl\/\" rel=\"noopener\" class=\"a2t-link\" target=\"_blank\" aria-label=\"20200401-jasek 600\"><img loading=\"lazy\" decoding=\"async\" src=\"https:\/\/www.24gliwice.pl\/wiadomosci\/wp-content\/uploads\/2020\/04\/20200401-jasek-600.jpg\" alt=\"\"  srcset=\"https:\/\/www.24gliwice.pl\/wiadomosci\/wp-content\/uploads\/2020\/04\/20200401-jasek-600.jpg 600w, https:\/\/www.24gliwice.pl\/wiadomosci\/wp-content\/uploads\/2020\/04\/20200401-jasek-600-410x109.jpg 410w\" sizes=\"(max-width: 600px) 100vw, 600px\" class=\"no-lazyload\" width=\"600\" height=\"160\"  style=\"display: inline-block; max-width: 100%; height: auto;\" \/><\/a><\/div><\/div>","protected":false},"excerpt":{"rendered":"<p>Rodzice ma\u0142ych dzieci, kt\u00f3rzy chcieliby sp\u0119dzi\u0107 wiecz\u00f3r w teatrze, maj\u0105 teraz mo\u017cliwo\u015b\u0107 zostawienia pociechy pod okiem Teatralnej Opiekunki. Najbli\u017csza ku temu okazja nadarzy si\u0119 w niedziel\u0119, 29 maja, podczas spektaklu &#8220;Wszystko w rodzinie&#8221;. &nbsp; Dzieci wezm\u0105 udzia\u0142 w teatralnych zabawach i pracach plastycznych. Zaj\u0119cia przeznaczone s\u0105 dla dzieci w wieku 4\u201311 lat. Aby zapisa\u0107 dziecko [&hellip;]<\/p>\n","protected":false},"author":15,"featured_media":193162,"comment_status":"open","ping_status":"closed","sticky":false,"template":"","format":"standard","meta":{"_monsterinsights_skip_tracking":false,"_monsterinsights_sitenote_active":false,"_monsterinsights_sitenote_note":"","_monsterinsights_sitenote_category":0,"footnotes":"","_links_to":"","_links_to_target":""},"categories":[3,6,1],"tags":[20746],"class_list":["post-193150","post","type-post","status-publish","format-standard","has-post-thumbnail","hentry","category-gliwice","category-kultura","category-wszystko","tag-teatralna-opiekunka"],"yoast_head":"<!-- This site is optimized with the Yoast SEO plugin v27.4 - https:\/\/yoast.com\/product\/yoast-seo-wordpress\/ -->\n<title>Rodzice na spektakl, dzieci pod skrzyd\u0142a Teatralnej Opiekunki. To kolejna taka okazja - 24GLIWICE - Portal Gliwice | codziennie nowe informacje<\/title>\n<meta name=\"description\" content=\"Podczas spektaklu &quot;Wszystko w rodzinie&quot; w niedziel\u0119, 29 maja, pociechami widz\u00f3w mo\u017ce zaj\u0105\u0107 si\u0119 Teatralna Opiekunka. Koszt takiej us\u0142ugi to 10 z\u0142\" \/>\n<meta name=\"robots\" content=\"index, follow, max-snippet:-1, max-image-preview:large, max-video-preview:-1\" \/>\n<link rel=\"canonical\" href=\"https:\/\/www.24gliwice.pl\/wiadomosci\/rodzice-na-spektakl-dzieci-pod-skrzydla-teatralnej-opiekunki-to-kolejna-taka-okazja\/\" \/>\n<meta property=\"og:locale\" content=\"pl_PL\" \/>\n<meta property=\"og:type\" content=\"article\" \/>\n<meta property=\"og:title\" content=\"Rodzice na spektakl, dzieci pod skrzyd\u0142a Teatralnej Opiekunki. To kolejna taka okazja - 24GLIWICE - Portal Gliwice | codziennie nowe informacje\" \/>\n<meta property=\"og:description\" content=\"Podczas spektaklu &quot;Wszystko w rodzinie&quot; w niedziel\u0119, 29 maja, pociechami widz\u00f3w mo\u017ce zaj\u0105\u0107 si\u0119 Teatralna Opiekunka. Koszt takiej us\u0142ugi to 10 z\u0142\" \/>\n<meta property=\"og:url\" content=\"https:\/\/www.24gliwice.pl\/wiadomosci\/rodzice-na-spektakl-dzieci-pod-skrzydla-teatralnej-opiekunki-to-kolejna-taka-okazja\/\" \/>\n<meta property=\"og:site_name\" content=\"24GLIWICE - Portal Gliwice | codziennie nowe informacje\" \/>\n<meta property=\"article:publisher\" content=\"https:\/\/www.facebook.com\/24gliwice\" \/>\n<meta property=\"article:published_time\" content=\"2022-05-26T10:38:14+00:00\" \/>\n<meta property=\"og:image\" content=\"https:\/\/www.24gliwice.pl\/wiadomosci\/wp-content\/uploads\/2022\/05\/wszystko-w-rodzinie-zdjecie-z-proby.jpg\" \/>\n\t<meta property=\"og:image:width\" content=\"810\" \/>\n\t<meta property=\"og:image:height\" content=\"456\" \/>\n\t<meta property=\"og:image:type\" content=\"image\/jpeg\" \/>\n<meta name=\"author\" content=\"\u017baneta Mrozek-Siewierska\" \/>\n<meta name=\"twitter:card\" content=\"summary_large_image\" \/>\n<meta name=\"twitter:creator\" content=\"@24gliwice\" \/>\n<meta name=\"twitter:site\" content=\"@24gliwice\" \/>\n<meta name=\"twitter:label1\" content=\"Napisane przez\" \/>\n\t<meta name=\"twitter:data1\" content=\"\u017baneta Mrozek-Siewierska\" \/>\n\t<meta name=\"twitter:label2\" content=\"Szacowany czas czytania\" \/>\n\t<meta name=\"twitter:data2\" content=\"1 minuta\" \/>\n<script type=\"application\/ld+json\" class=\"yoast-schema-graph\">{\"@context\":\"https:\\\/\\\/schema.org\",\"@graph\":[{\"@type\":\"Article\",\"@id\":\"https:\\\/\\\/www.24gliwice.pl\\\/wiadomosci\\\/rodzice-na-spektakl-dzieci-pod-skrzydla-teatralnej-opiekunki-to-kolejna-taka-okazja\\\/#article\",\"isPartOf\":{\"@id\":\"https:\\\/\\\/www.24gliwice.pl\\\/wiadomosci\\\/rodzice-na-spektakl-dzieci-pod-skrzydla-teatralnej-opiekunki-to-kolejna-taka-okazja\\\/\"},\"author\":{\"name\":\"\u017baneta Mrozek-Siewierska\",\"@id\":\"https:\\\/\\\/www.24gliwice.pl\\\/wiadomosci\\\/#\\\/schema\\\/person\\\/e42c650edd7f2fa332be3811fb166b6e\"},\"headline\":\"Rodzice na spektakl, dzieci pod skrzyd\u0142a Teatralnej Opiekunki. To kolejna taka okazja\",\"datePublished\":\"2022-05-26T10:38:14+00:00\",\"mainEntityOfPage\":{\"@id\":\"https:\\\/\\\/www.24gliwice.pl\\\/wiadomosci\\\/rodzice-na-spektakl-dzieci-pod-skrzydla-teatralnej-opiekunki-to-kolejna-taka-okazja\\\/\"},\"wordCount\":129,\"commentCount\":0,\"publisher\":{\"@id\":\"https:\\\/\\\/www.24gliwice.pl\\\/wiadomosci\\\/#organization\"},\"image\":{\"@id\":\"https:\\\/\\\/www.24gliwice.pl\\\/wiadomosci\\\/rodzice-na-spektakl-dzieci-pod-skrzydla-teatralnej-opiekunki-to-kolejna-taka-okazja\\\/#primaryimage\"},\"thumbnailUrl\":\"https:\\\/\\\/www.24gliwice.pl\\\/wiadomosci\\\/wp-content\\\/uploads\\\/2022\\\/05\\\/wszystko-w-rodzinie-zdjecie-z-proby.jpg\",\"keywords\":[\"teatralna opiekunka\"],\"articleSection\":[\"Gliwice\",\"Kultura, wydarzenia, imprezy\",\"Najnowsze wiadomo\u015bci\"],\"inLanguage\":\"pl-PL\",\"potentialAction\":[{\"@type\":\"CommentAction\",\"name\":\"Comment\",\"target\":[\"https:\\\/\\\/www.24gliwice.pl\\\/wiadomosci\\\/rodzice-na-spektakl-dzieci-pod-skrzydla-teatralnej-opiekunki-to-kolejna-taka-okazja\\\/#respond\"]}]},{\"@type\":\"WebPage\",\"@id\":\"https:\\\/\\\/www.24gliwice.pl\\\/wiadomosci\\\/rodzice-na-spektakl-dzieci-pod-skrzydla-teatralnej-opiekunki-to-kolejna-taka-okazja\\\/\",\"url\":\"https:\\\/\\\/www.24gliwice.pl\\\/wiadomosci\\\/rodzice-na-spektakl-dzieci-pod-skrzydla-teatralnej-opiekunki-to-kolejna-taka-okazja\\\/\",\"name\":\"Rodzice na spektakl, dzieci pod skrzyd\u0142a Teatralnej Opiekunki. To kolejna taka okazja - 24GLIWICE - Portal Gliwice | codziennie nowe informacje\",\"isPartOf\":{\"@id\":\"https:\\\/\\\/www.24gliwice.pl\\\/wiadomosci\\\/#website\"},\"primaryImageOfPage\":{\"@id\":\"https:\\\/\\\/www.24gliwice.pl\\\/wiadomosci\\\/rodzice-na-spektakl-dzieci-pod-skrzydla-teatralnej-opiekunki-to-kolejna-taka-okazja\\\/#primaryimage\"},\"image\":{\"@id\":\"https:\\\/\\\/www.24gliwice.pl\\\/wiadomosci\\\/rodzice-na-spektakl-dzieci-pod-skrzydla-teatralnej-opiekunki-to-kolejna-taka-okazja\\\/#primaryimage\"},\"thumbnailUrl\":\"https:\\\/\\\/www.24gliwice.pl\\\/wiadomosci\\\/wp-content\\\/uploads\\\/2022\\\/05\\\/wszystko-w-rodzinie-zdjecie-z-proby.jpg\",\"datePublished\":\"2022-05-26T10:38:14+00:00\",\"description\":\"Podczas spektaklu \\\"Wszystko w rodzinie\\\" w niedziel\u0119, 29 maja, pociechami widz\u00f3w mo\u017ce zaj\u0105\u0107 si\u0119 Teatralna Opiekunka. Koszt takiej us\u0142ugi to 10 z\u0142\",\"breadcrumb\":{\"@id\":\"https:\\\/\\\/www.24gliwice.pl\\\/wiadomosci\\\/rodzice-na-spektakl-dzieci-pod-skrzydla-teatralnej-opiekunki-to-kolejna-taka-okazja\\\/#breadcrumb\"},\"inLanguage\":\"pl-PL\",\"potentialAction\":[{\"@type\":\"ReadAction\",\"target\":[\"https:\\\/\\\/www.24gliwice.pl\\\/wiadomosci\\\/rodzice-na-spektakl-dzieci-pod-skrzydla-teatralnej-opiekunki-to-kolejna-taka-okazja\\\/\"]}]},{\"@type\":\"ImageObject\",\"inLanguage\":\"pl-PL\",\"@id\":\"https:\\\/\\\/www.24gliwice.pl\\\/wiadomosci\\\/rodzice-na-spektakl-dzieci-pod-skrzydla-teatralnej-opiekunki-to-kolejna-taka-okazja\\\/#primaryimage\",\"url\":\"https:\\\/\\\/www.24gliwice.pl\\\/wiadomosci\\\/wp-content\\\/uploads\\\/2022\\\/05\\\/wszystko-w-rodzinie-zdjecie-z-proby.jpg\",\"contentUrl\":\"https:\\\/\\\/www.24gliwice.pl\\\/wiadomosci\\\/wp-content\\\/uploads\\\/2022\\\/05\\\/wszystko-w-rodzinie-zdjecie-z-proby.jpg\",\"width\":810,\"height\":456,\"caption\":\"fot. mat. Teatru Miejskiego w Gliwicach\"},{\"@type\":\"BreadcrumbList\",\"@id\":\"https:\\\/\\\/www.24gliwice.pl\\\/wiadomosci\\\/rodzice-na-spektakl-dzieci-pod-skrzydla-teatralnej-opiekunki-to-kolejna-taka-okazja\\\/#breadcrumb\",\"itemListElement\":[{\"@type\":\"ListItem\",\"position\":1,\"name\":\"Strona g\u0142\u00f3wna\",\"item\":\"https:\\\/\\\/www.24gliwice.pl\\\/wiadomosci\\\/\"},{\"@type\":\"ListItem\",\"position\":2,\"name\":\"Rodzice na spektakl, dzieci pod skrzyd\u0142a Teatralnej Opiekunki. To kolejna taka okazja\"}]},{\"@type\":\"WebSite\",\"@id\":\"https:\\\/\\\/www.24gliwice.pl\\\/wiadomosci\\\/#website\",\"url\":\"https:\\\/\\\/www.24gliwice.pl\\\/wiadomosci\\\/\",\"name\":\"24GLIWICE - Portal Gliwice | codziennie nowe wiadomo\u015bci\",\"description\":\"Portal Miejski Gliwice\",\"publisher\":{\"@id\":\"https:\\\/\\\/www.24gliwice.pl\\\/wiadomosci\\\/#organization\"},\"potentialAction\":[{\"@type\":\"SearchAction\",\"target\":{\"@type\":\"EntryPoint\",\"urlTemplate\":\"https:\\\/\\\/www.24gliwice.pl\\\/wiadomosci\\\/?s={search_term_string}\"},\"query-input\":{\"@type\":\"PropertyValueSpecification\",\"valueRequired\":true,\"valueName\":\"search_term_string\"}}],\"inLanguage\":\"pl-PL\"},{\"@type\":\"Organization\",\"@id\":\"https:\\\/\\\/www.24gliwice.pl\\\/wiadomosci\\\/#organization\",\"name\":\"24gliwice\",\"url\":\"https:\\\/\\\/www.24gliwice.pl\\\/wiadomosci\\\/\",\"logo\":{\"@type\":\"ImageObject\",\"inLanguage\":\"pl-PL\",\"@id\":\"https:\\\/\\\/www.24gliwice.pl\\\/wiadomosci\\\/#\\\/schema\\\/logo\\\/image\\\/\",\"url\":\"https:\\\/\\\/www.24gliwice.pl\\\/wiadomosci\\\/wp-content\\\/uploads\\\/2024\\\/10\\\/24gliwice-logo-696.jpg\",\"contentUrl\":\"https:\\\/\\\/www.24gliwice.pl\\\/wiadomosci\\\/wp-content\\\/uploads\\\/2024\\\/10\\\/24gliwice-logo-696.jpg\",\"width\":696,\"height\":696,\"caption\":\"24gliwice\"},\"image\":{\"@id\":\"https:\\\/\\\/www.24gliwice.pl\\\/wiadomosci\\\/#\\\/schema\\\/logo\\\/image\\\/\"},\"sameAs\":[\"https:\\\/\\\/www.facebook.com\\\/24gliwice\",\"https:\\\/\\\/x.com\\\/24gliwice\",\"https:\\\/\\\/www.youtube.com\\\/@24gliwice\"]},{\"@type\":\"Person\",\"@id\":\"https:\\\/\\\/www.24gliwice.pl\\\/wiadomosci\\\/#\\\/schema\\\/person\\\/e42c650edd7f2fa332be3811fb166b6e\",\"name\":\"\u017baneta Mrozek-Siewierska\",\"image\":{\"@type\":\"ImageObject\",\"inLanguage\":\"pl-PL\",\"@id\":\"https:\\\/\\\/www.24gliwice.pl\\\/wiadomosci\\\/wp-content\\\/uploads\\\/2021\\\/11\\\/Zaneta-M_S-zdjecie-czb-96x96.jpg\",\"url\":\"https:\\\/\\\/www.24gliwice.pl\\\/wiadomosci\\\/wp-content\\\/uploads\\\/2021\\\/11\\\/Zaneta-M_S-zdjecie-czb-96x96.jpg\",\"contentUrl\":\"https:\\\/\\\/www.24gliwice.pl\\\/wiadomosci\\\/wp-content\\\/uploads\\\/2021\\\/11\\\/Zaneta-M_S-zdjecie-czb-96x96.jpg\",\"caption\":\"\u017baneta Mrozek-Siewierska\"},\"url\":\"https:\\\/\\\/www.24gliwice.pl\\\/wiadomosci\\\/author\\\/zms\\\/\"}]}<\/script>\n<!-- \/ Yoast SEO plugin. -->","yoast_head_json":{"title":"Rodzice na spektakl, dzieci pod skrzyd\u0142a Teatralnej Opiekunki. To kolejna taka okazja - 24GLIWICE - Portal Gliwice | codziennie nowe informacje","description":"Podczas spektaklu \"Wszystko w rodzinie\" w niedziel\u0119, 29 maja, pociechami widz\u00f3w mo\u017ce zaj\u0105\u0107 si\u0119 Teatralna Opiekunka. Koszt takiej us\u0142ugi to 10 z\u0142","robots":{"index":"index","follow":"follow","max-snippet":"max-snippet:-1","max-image-preview":"max-image-preview:large","max-video-preview":"max-video-preview:-1"},"canonical":"https:\/\/www.24gliwice.pl\/wiadomosci\/rodzice-na-spektakl-dzieci-pod-skrzydla-teatralnej-opiekunki-to-kolejna-taka-okazja\/","og_locale":"pl_PL","og_type":"article","og_title":"Rodzice na spektakl, dzieci pod skrzyd\u0142a Teatralnej Opiekunki. To kolejna taka okazja - 24GLIWICE - Portal Gliwice | codziennie nowe informacje","og_description":"Podczas spektaklu \"Wszystko w rodzinie\" w niedziel\u0119, 29 maja, pociechami widz\u00f3w mo\u017ce zaj\u0105\u0107 si\u0119 Teatralna Opiekunka. Koszt takiej us\u0142ugi to 10 z\u0142","og_url":"https:\/\/www.24gliwice.pl\/wiadomosci\/rodzice-na-spektakl-dzieci-pod-skrzydla-teatralnej-opiekunki-to-kolejna-taka-okazja\/","og_site_name":"24GLIWICE - Portal Gliwice | codziennie nowe informacje","article_publisher":"https:\/\/www.facebook.com\/24gliwice","article_published_time":"2022-05-26T10:38:14+00:00","og_image":[{"width":810,"height":456,"url":"https:\/\/www.24gliwice.pl\/wiadomosci\/wp-content\/uploads\/2022\/05\/wszystko-w-rodzinie-zdjecie-z-proby.jpg","type":"image\/jpeg"}],"author":"\u017baneta Mrozek-Siewierska","twitter_card":"summary_large_image","twitter_creator":"@24gliwice","twitter_site":"@24gliwice","twitter_misc":{"Napisane przez":"\u017baneta Mrozek-Siewierska","Szacowany czas czytania":"1 minuta"},"schema":{"@context":"https:\/\/schema.org","@graph":[{"@type":"Article","@id":"https:\/\/www.24gliwice.pl\/wiadomosci\/rodzice-na-spektakl-dzieci-pod-skrzydla-teatralnej-opiekunki-to-kolejna-taka-okazja\/#article","isPartOf":{"@id":"https:\/\/www.24gliwice.pl\/wiadomosci\/rodzice-na-spektakl-dzieci-pod-skrzydla-teatralnej-opiekunki-to-kolejna-taka-okazja\/"},"author":{"name":"\u017baneta Mrozek-Siewierska","@id":"https:\/\/www.24gliwice.pl\/wiadomosci\/#\/schema\/person\/e42c650edd7f2fa332be3811fb166b6e"},"headline":"Rodzice na spektakl, dzieci pod skrzyd\u0142a Teatralnej Opiekunki. To kolejna taka okazja","datePublished":"2022-05-26T10:38:14+00:00","mainEntityOfPage":{"@id":"https:\/\/www.24gliwice.pl\/wiadomosci\/rodzice-na-spektakl-dzieci-pod-skrzydla-teatralnej-opiekunki-to-kolejna-taka-okazja\/"},"wordCount":129,"commentCount":0,"publisher":{"@id":"https:\/\/www.24gliwice.pl\/wiadomosci\/#organization"},"image":{"@id":"https:\/\/www.24gliwice.pl\/wiadomosci\/rodzice-na-spektakl-dzieci-pod-skrzydla-teatralnej-opiekunki-to-kolejna-taka-okazja\/#primaryimage"},"thumbnailUrl":"https:\/\/www.24gliwice.pl\/wiadomosci\/wp-content\/uploads\/2022\/05\/wszystko-w-rodzinie-zdjecie-z-proby.jpg","keywords":["teatralna opiekunka"],"articleSection":["Gliwice","Kultura, wydarzenia, imprezy","Najnowsze wiadomo\u015bci"],"inLanguage":"pl-PL","potentialAction":[{"@type":"CommentAction","name":"Comment","target":["https:\/\/www.24gliwice.pl\/wiadomosci\/rodzice-na-spektakl-dzieci-pod-skrzydla-teatralnej-opiekunki-to-kolejna-taka-okazja\/#respond"]}]},{"@type":"WebPage","@id":"https:\/\/www.24gliwice.pl\/wiadomosci\/rodzice-na-spektakl-dzieci-pod-skrzydla-teatralnej-opiekunki-to-kolejna-taka-okazja\/","url":"https:\/\/www.24gliwice.pl\/wiadomosci\/rodzice-na-spektakl-dzieci-pod-skrzydla-teatralnej-opiekunki-to-kolejna-taka-okazja\/","name":"Rodzice na spektakl, dzieci pod skrzyd\u0142a Teatralnej Opiekunki. To kolejna taka okazja - 24GLIWICE - Portal Gliwice | codziennie nowe informacje","isPartOf":{"@id":"https:\/\/www.24gliwice.pl\/wiadomosci\/#website"},"primaryImageOfPage":{"@id":"https:\/\/www.24gliwice.pl\/wiadomosci\/rodzice-na-spektakl-dzieci-pod-skrzydla-teatralnej-opiekunki-to-kolejna-taka-okazja\/#primaryimage"},"image":{"@id":"https:\/\/www.24gliwice.pl\/wiadomosci\/rodzice-na-spektakl-dzieci-pod-skrzydla-teatralnej-opiekunki-to-kolejna-taka-okazja\/#primaryimage"},"thumbnailUrl":"https:\/\/www.24gliwice.pl\/wiadomosci\/wp-content\/uploads\/2022\/05\/wszystko-w-rodzinie-zdjecie-z-proby.jpg","datePublished":"2022-05-26T10:38:14+00:00","description":"Podczas spektaklu \"Wszystko w rodzinie\" w niedziel\u0119, 29 maja, pociechami widz\u00f3w mo\u017ce zaj\u0105\u0107 si\u0119 Teatralna Opiekunka. Koszt takiej us\u0142ugi to 10 z\u0142","breadcrumb":{"@id":"https:\/\/www.24gliwice.pl\/wiadomosci\/rodzice-na-spektakl-dzieci-pod-skrzydla-teatralnej-opiekunki-to-kolejna-taka-okazja\/#breadcrumb"},"inLanguage":"pl-PL","potentialAction":[{"@type":"ReadAction","target":["https:\/\/www.24gliwice.pl\/wiadomosci\/rodzice-na-spektakl-dzieci-pod-skrzydla-teatralnej-opiekunki-to-kolejna-taka-okazja\/"]}]},{"@type":"ImageObject","inLanguage":"pl-PL","@id":"https:\/\/www.24gliwice.pl\/wiadomosci\/rodzice-na-spektakl-dzieci-pod-skrzydla-teatralnej-opiekunki-to-kolejna-taka-okazja\/#primaryimage","url":"https:\/\/www.24gliwice.pl\/wiadomosci\/wp-content\/uploads\/2022\/05\/wszystko-w-rodzinie-zdjecie-z-proby.jpg","contentUrl":"https:\/\/www.24gliwice.pl\/wiadomosci\/wp-content\/uploads\/2022\/05\/wszystko-w-rodzinie-zdjecie-z-proby.jpg","width":810,"height":456,"caption":"fot. mat. Teatru Miejskiego w Gliwicach"},{"@type":"BreadcrumbList","@id":"https:\/\/www.24gliwice.pl\/wiadomosci\/rodzice-na-spektakl-dzieci-pod-skrzydla-teatralnej-opiekunki-to-kolejna-taka-okazja\/#breadcrumb","itemListElement":[{"@type":"ListItem","position":1,"name":"Strona g\u0142\u00f3wna","item":"https:\/\/www.24gliwice.pl\/wiadomosci\/"},{"@type":"ListItem","position":2,"name":"Rodzice na spektakl, dzieci pod skrzyd\u0142a Teatralnej Opiekunki. To kolejna taka okazja"}]},{"@type":"WebSite","@id":"https:\/\/www.24gliwice.pl\/wiadomosci\/#website","url":"https:\/\/www.24gliwice.pl\/wiadomosci\/","name":"24GLIWICE - Portal Gliwice | codziennie nowe wiadomo\u015bci","description":"Portal Miejski Gliwice","publisher":{"@id":"https:\/\/www.24gliwice.pl\/wiadomosci\/#organization"},"potentialAction":[{"@type":"SearchAction","target":{"@type":"EntryPoint","urlTemplate":"https:\/\/www.24gliwice.pl\/wiadomosci\/?s={search_term_string}"},"query-input":{"@type":"PropertyValueSpecification","valueRequired":true,"valueName":"search_term_string"}}],"inLanguage":"pl-PL"},{"@type":"Organization","@id":"https:\/\/www.24gliwice.pl\/wiadomosci\/#organization","name":"24gliwice","url":"https:\/\/www.24gliwice.pl\/wiadomosci\/","logo":{"@type":"ImageObject","inLanguage":"pl-PL","@id":"https:\/\/www.24gliwice.pl\/wiadomosci\/#\/schema\/logo\/image\/","url":"https:\/\/www.24gliwice.pl\/wiadomosci\/wp-content\/uploads\/2024\/10\/24gliwice-logo-696.jpg","contentUrl":"https:\/\/www.24gliwice.pl\/wiadomosci\/wp-content\/uploads\/2024\/10\/24gliwice-logo-696.jpg","width":696,"height":696,"caption":"24gliwice"},"image":{"@id":"https:\/\/www.24gliwice.pl\/wiadomosci\/#\/schema\/logo\/image\/"},"sameAs":["https:\/\/www.facebook.com\/24gliwice","https:\/\/x.com\/24gliwice","https:\/\/www.youtube.com\/@24gliwice"]},{"@type":"Person","@id":"https:\/\/www.24gliwice.pl\/wiadomosci\/#\/schema\/person\/e42c650edd7f2fa332be3811fb166b6e","name":"\u017baneta Mrozek-Siewierska","image":{"@type":"ImageObject","inLanguage":"pl-PL","@id":"https:\/\/www.24gliwice.pl\/wiadomosci\/wp-content\/uploads\/2021\/11\/Zaneta-M_S-zdjecie-czb-96x96.jpg","url":"https:\/\/www.24gliwice.pl\/wiadomosci\/wp-content\/uploads\/2021\/11\/Zaneta-M_S-zdjecie-czb-96x96.jpg","contentUrl":"https:\/\/www.24gliwice.pl\/wiadomosci\/wp-content\/uploads\/2021\/11\/Zaneta-M_S-zdjecie-czb-96x96.jpg","caption":"\u017baneta Mrozek-Siewierska"},"url":"https:\/\/www.24gliwice.pl\/wiadomosci\/author\/zms\/"}]}},"_links":{"self":[{"href":"https:\/\/www.24gliwice.pl\/wiadomosci\/wp-json\/wp\/v2\/posts\/193150","targetHints":{"allow":["GET"]}}],"collection":[{"href":"https:\/\/www.24gliwice.pl\/wiadomosci\/wp-json\/wp\/v2\/posts"}],"about":[{"href":"https:\/\/www.24gliwice.pl\/wiadomosci\/wp-json\/wp\/v2\/types\/post"}],"author":[{"embeddable":true,"href":"https:\/\/www.24gliwice.pl\/wiadomosci\/wp-json\/wp\/v2\/users\/15"}],"replies":[{"embeddable":true,"href":"https:\/\/www.24gliwice.pl\/wiadomosci\/wp-json\/wp\/v2\/comments?post=193150"}],"version-history":[{"count":5,"href":"https:\/\/www.24gliwice.pl\/wiadomosci\/wp-json\/wp\/v2\/posts\/193150\/revisions"}],"predecessor-version":[{"id":193184,"href":"https:\/\/www.24gliwice.pl\/wiadomosci\/wp-json\/wp\/v2\/posts\/193150\/revisions\/193184"}],"wp:featuredmedia":[{"embeddable":true,"href":"https:\/\/www.24gliwice.pl\/wiadomosci\/wp-json\/wp\/v2\/media\/193162"}],"wp:attachment":[{"href":"https:\/\/www.24gliwice.pl\/wiadomosci\/wp-json\/wp\/v2\/media?parent=193150"}],"wp:term":[{"taxonomy":"category","embeddable":true,"href":"https:\/\/www.24gliwice.pl\/wiadomosci\/wp-json\/wp\/v2\/categories?post=193150"},{"taxonomy":"post_tag","embeddable":true,"href":"https:\/\/www.24gliwice.pl\/wiadomosci\/wp-json\/wp\/v2\/tags?post=193150"}],"curies":[{"name":"wp","href":"https:\/\/api.w.org\/{rel}","templated":true}]}}