{"id":193228,"date":"2022-05-27T12:22:07","date_gmt":"2022-05-27T10:22:07","guid":{"rendered":"https:\/\/www.24gliwice.pl\/wiadomosci\/?p=193228"},"modified":"2022-05-27T12:28:07","modified_gmt":"2022-05-27T10:28:07","slug":"realizacja-celow-klimatycznych-pec-gliwice","status":"publish","type":"post","link":"https:\/\/www.24gliwice.pl\/wiadomosci\/realizacja-celow-klimatycznych-pec-gliwice\/","title":{"rendered":"Realizacja cel\u00f3w klimatycznych przez PEC-Gliwice Sp. z. o.o.  to konieczno\u015b\u0107, na kt\u00f3rej wszyscy zyskamy"},"content":{"rendered":"<h2>Ciep\u0142o systemowe z Przedsi\u0119biorstwa Energetyki Cieplnej trafia do ponad 49 tys. gliwickich mieszka\u0144 (z tego ponad 22 tys. mieszka\u0144 zaopatrywanych jest w ciep\u0142\u0105 wod\u0119), do licznych instytucji, zak\u0142ad\u00f3w przemys\u0142owych, obiekt\u00f3w o\u015bwiatowych i us\u0142ugowo \u2013 handlowych. <\/h2>\n<p>&nbsp;<br \/>\nCiep\u0142o systemowe w Polsce znajduje si\u0119 u progu zmian zwi\u0105zanych z osi\u0105gni\u0119ciem cel\u00f3w \u015brodowiskowych. Realizacja cel\u00f3w klimatycznych to jedno z kluczowych wyzwa\u0144 dla PEC-Gliwice, kt\u00f3re wi\u0105\u017ce si\u0119 tak\u017ce z niekorzystn\u0105 sytuacj\u0105 globaln\u0105, tendencjami w energetyce i kierunkami rozwoju bran\u017cy ciep\u0142owniczej. <\/p>\n<p><img loading=\"lazy\" decoding=\"async\" src=\"https:\/\/www.24gliwice.pl\/wiadomosci\/wp-content\/uploads\/2022\/05\/1-pec-cieplo-systemowe-logo.jpg\" alt=\"\" width=\"810\" height=\"301\" class=\"aligncenter size-full wp-image-193232\" srcset=\"https:\/\/www.24gliwice.pl\/wiadomosci\/wp-content\/uploads\/2022\/05\/1-pec-cieplo-systemowe-logo.jpg 810w, https:\/\/www.24gliwice.pl\/wiadomosci\/wp-content\/uploads\/2022\/05\/1-pec-cieplo-systemowe-logo-410x152.jpg 410w, https:\/\/www.24gliwice.pl\/wiadomosci\/wp-content\/uploads\/2022\/05\/1-pec-cieplo-systemowe-logo-768x285.jpg 768w\" sizes=\"auto, (max-width: 810px) 100vw, 810px\" \/><\/p>\n<p>Zmiany profilu produkcji  ciep\u0142a i ch\u0142odu w PEC-Gliwice Sp. z o.o. wkraczaj\u0105  na \u015bcie\u017ck\u0119 transformacji energetycznej, kt\u00f3rych fundamentami s\u0105: eliminacja wykorzystania paliw kopalnych w postaci w\u0119gla, osi\u0105gniecie statusu  efektywnego systemu ciep\u0142owniczego tj. wzrostu znaczenia ciep\u0142a z OZE i ciep\u0142a odpadowego oraz osi\u0105gni\u0119cie nowego celu redukcyjnego CO2 na rok 2030. Dostawca ciep\u0142a pracuje nad zwi\u0119kszaniem efektywno\u015bci energetycznej przez realizacj\u0119 cel\u00f3w digitalizacji  przesy\u0142u ciep\u0142a i zabudow\u0119 nowego \u017ar\u00f3d\u0142a ciep\u0142a pracuj\u0105cego na cieple odpadowym.<\/p>\n<p><em>&#8211; Dzia\u0142ania jakie s\u0105 przed nami to ambitny plan inwestycyjny, zbie\u017cny z celami klimatycznymi Strategii Gliwice 2040 jaki i Polityki Energetycznej Polski do 2040r., kt\u00f3ry w konsekwencji ma da\u0107 efekt w postaci dobrze zbilansowanej i ekologicznej produkcji ciep\u0142a dla mieszka\u0144c\u00f3w Gliwic. Postawienie na nowe technologie wp\u0142ynie znacz\u0105co na wyhamowanie cen dostawy ciep\u0142a dla naszych mieszka\u0144c\u00f3w<\/em> &#8211;  m\u00f3wi Prezes PEC <strong>Krzysztof Szali\u0144ski<\/strong>.<\/p>\n<h3>Sukces szyty na miar\u0119<\/h3>\n<p>Przedsi\u0119biorstwo Energetyki Cieplnej \u2013 Gliwice  Sp. z o.o. zaj\u0119\u0142o III miejsce w Og\u00f3lnopolskim Rankingu Przedsi\u0119biorstw Energetyki Cieplnej za 2022 rok. <em>&#8211; Jeste\u015bmy bardzo dumni z tego powodu, oznacza to bowiem, \u017ce nasze wysi\u0142ki zosta\u0142y zauwa\u017cone i wynagrodzone. To wielki zaszczyt znale\u017a\u0107 si\u0119 na podium i zosta\u0107 wybranym z grona tylu znamienitych przedsi\u0119biorstw ciep\u0142owniczych w Polsce<\/em> \u2013 m\u00f3wi Prezes PEC Krzysztof Szali\u0144ski.<\/p>\n<p><img loading=\"lazy\" decoding=\"async\" src=\"https:\/\/www.24gliwice.pl\/wiadomosci\/wp-content\/uploads\/2022\/05\/1-pec-III-miejsce-Ranging-przedsiebiorstw.jpg\" alt=\"\" width=\"849\" height=\"1200\" class=\"aligncenter size-full wp-image-193233\" srcset=\"https:\/\/www.24gliwice.pl\/wiadomosci\/wp-content\/uploads\/2022\/05\/1-pec-III-miejsce-Ranging-przedsiebiorstw.jpg 849w, https:\/\/www.24gliwice.pl\/wiadomosci\/wp-content\/uploads\/2022\/05\/1-pec-III-miejsce-Ranging-przedsiebiorstw-164x232.jpg 164w, https:\/\/www.24gliwice.pl\/wiadomosci\/wp-content\/uploads\/2022\/05\/1-pec-III-miejsce-Ranging-przedsiebiorstw-322x455.jpg 322w, https:\/\/www.24gliwice.pl\/wiadomosci\/wp-content\/uploads\/2022\/05\/1-pec-III-miejsce-Ranging-przedsiebiorstw-768x1086.jpg 768w, https:\/\/www.24gliwice.pl\/wiadomosci\/wp-content\/uploads\/2022\/05\/1-pec-III-miejsce-Ranging-przedsiebiorstw-810x1145.jpg 810w\" sizes=\"auto, (max-width: 849px) 100vw, 849px\" \/><\/p>\n<p>Przy ocenie krajowych przedsi\u0119biorstw energetyki cieplnej brano pod uwag\u0119 ca\u0142y zakres zmiennych: od danych technicznych, poprzez polityk\u0119 kadrowo-szkoleniow\u0105, na wsp\u00f3\u0142pracy z lokalnymi spo\u0142eczno\u015bciami i wspieraniu inicjatyw z zakresu spo\u0142ecznej odpowiedzialno\u015bci biznesu sko\u0144czywszy.<\/p>\n<p>O tym i innych sukcesach firmy w dominuj\u0105cej mierze decyduj\u0105 jej pracownicy. <em>&#8211; Zatrudniamy pracownik\u00f3w o wysokich kwalifikacjach, do\u015bwiadczeniu, otwartych na nowoczesno\u015b\u0107, to dzi\u0119ki nim nasze przedsi\u0119biorstwo pnie si\u0119 na sam szczyt, naszym celem jest oczywi\u015bcie numer 1 w Polsce &#8211;<\/em> podsumowa\u0142 Prezes PEC Krzysztof Szali\u0144ski.<\/p>\n<p><img loading=\"lazy\" decoding=\"async\" src=\"https:\/\/www.24gliwice.pl\/wiadomosci\/wp-content\/uploads\/2022\/05\/1-pec-logo.jpg\" alt=\"\" width=\"810\" height=\"350\" class=\"aligncenter size-full wp-image-193235\" srcset=\"https:\/\/www.24gliwice.pl\/wiadomosci\/wp-content\/uploads\/2022\/05\/1-pec-logo.jpg 810w, https:\/\/www.24gliwice.pl\/wiadomosci\/wp-content\/uploads\/2022\/05\/1-pec-logo-410x177.jpg 410w, https:\/\/www.24gliwice.pl\/wiadomosci\/wp-content\/uploads\/2022\/05\/1-pec-logo-768x332.jpg 768w\" sizes=\"auto, (max-width: 810px) 100vw, 810px\" \/><\/p>\n<p><small>materia\u0142 partnera<\/small><\/p>\n","protected":false},"excerpt":{"rendered":"<p>Ciep\u0142o systemowe z Przedsi\u0119biorstwa Energetyki Cieplnej trafia do ponad 49 tys. gliwickich mieszka\u0144 (z tego ponad 22 tys. mieszka\u0144 zaopatrywanych jest w ciep\u0142\u0105 wod\u0119), do licznych instytucji, zak\u0142ad\u00f3w przemys\u0142owych, obiekt\u00f3w o\u015bwiatowych i us\u0142ugowo \u2013 handlowych. &nbsp; Ciep\u0142o systemowe w Polsce znajduje si\u0119 u progu zmian zwi\u0105zanych z osi\u0105gni\u0119ciem cel\u00f3w \u015brodowiskowych. Realizacja cel\u00f3w klimatycznych to jedno [&hellip;]<\/p>\n","protected":false},"author":4,"featured_media":193237,"comment_status":"closed","ping_status":"closed","sticky":false,"template":"","format":"standard","meta":{"_monsterinsights_skip_tracking":false,"_monsterinsights_sitenote_active":false,"_monsterinsights_sitenote_note":"","_monsterinsights_sitenote_category":0,"footnotes":"","_links_to":"","_links_to_target":""},"categories":[3,1,1129],"tags":[13481,13478],"class_list":["post-193228","post","type-post","status-publish","format-standard","has-post-thumbnail","hentry","category-gliwice","category-wszystko","category-polecamy","tag-cieplo-systemowe","tag-pec"],"yoast_head":"<!-- This site is optimized with the Yoast SEO plugin v27.4 - https:\/\/yoast.com\/product\/yoast-seo-wordpress\/ -->\n<title>Realizacja cel\u00f3w klimatycznych przez PEC-Gliwice Sp. z. o.o. to konieczno\u015b\u0107, na kt\u00f3rej wszyscy zyskamy - 24GLIWICE - Portal Gliwice | codziennie nowe informacje<\/title>\n<meta name=\"robots\" content=\"index, follow, max-snippet:-1, max-image-preview:large, max-video-preview:-1\" \/>\n<link rel=\"canonical\" href=\"https:\/\/www.24gliwice.pl\/wiadomosci\/realizacja-celow-klimatycznych-pec-gliwice\/\" \/>\n<meta property=\"og:locale\" content=\"pl_PL\" \/>\n<meta property=\"og:type\" content=\"article\" \/>\n<meta property=\"og:title\" content=\"Realizacja cel\u00f3w klimatycznych przez PEC-Gliwice Sp. z. o.o. to konieczno\u015b\u0107, na kt\u00f3rej wszyscy zyskamy - 24GLIWICE - Portal Gliwice | codziennie nowe informacje\" \/>\n<meta property=\"og:description\" content=\"Ciep\u0142o systemowe z Przedsi\u0119biorstwa Energetyki Cieplnej trafia do ponad 49 tys. gliwickich mieszka\u0144 (z tego ponad 22 tys. mieszka\u0144 zaopatrywanych jest w ciep\u0142\u0105 wod\u0119), do licznych instytucji, zak\u0142ad\u00f3w przemys\u0142owych, obiekt\u00f3w o\u015bwiatowych i us\u0142ugowo \u2013 handlowych. &nbsp; Ciep\u0142o systemowe w Polsce znajduje si\u0119 u progu zmian zwi\u0105zanych z osi\u0105gni\u0119ciem cel\u00f3w \u015brodowiskowych. Realizacja cel\u00f3w klimatycznych to jedno [&hellip;]\" \/>\n<meta property=\"og:url\" content=\"https:\/\/www.24gliwice.pl\/wiadomosci\/realizacja-celow-klimatycznych-pec-gliwice\/\" \/>\n<meta property=\"og:site_name\" content=\"24GLIWICE - Portal Gliwice | codziennie nowe informacje\" \/>\n<meta property=\"article:publisher\" content=\"https:\/\/www.facebook.com\/24gliwice\" \/>\n<meta property=\"article:author\" content=\"https:\/\/www.facebook.com\/marcin.fabrykowski\" \/>\n<meta property=\"article:published_time\" content=\"2022-05-27T10:22:07+00:00\" \/>\n<meta property=\"article:modified_time\" content=\"2022-05-27T10:28:07+00:00\" \/>\n<meta property=\"og:image\" content=\"https:\/\/www.24gliwice.pl\/wiadomosci\/wp-content\/uploads\/2022\/05\/1-pec-krzysztof-szalinski-001.jpg\" \/>\n\t<meta property=\"og:image:width\" content=\"1080\" \/>\n\t<meta property=\"og:image:height\" content=\"775\" \/>\n\t<meta property=\"og:image:type\" content=\"image\/jpeg\" \/>\n<meta name=\"author\" content=\"Marcin Fabrykowski\" \/>\n<meta name=\"twitter:card\" content=\"summary_large_image\" \/>\n<meta name=\"twitter:creator\" content=\"@24gliwice\" \/>\n<meta name=\"twitter:site\" content=\"@24gliwice\" \/>\n<meta name=\"twitter:label1\" content=\"Napisane przez\" \/>\n\t<meta name=\"twitter:data1\" content=\"Marcin Fabrykowski\" \/>\n\t<meta name=\"twitter:label2\" content=\"Szacowany czas czytania\" \/>\n\t<meta name=\"twitter:data2\" content=\"2 minuty\" \/>\n<script type=\"application\/ld+json\" class=\"yoast-schema-graph\">{\"@context\":\"https:\\\/\\\/schema.org\",\"@graph\":[{\"@type\":\"Article\",\"@id\":\"https:\\\/\\\/www.24gliwice.pl\\\/wiadomosci\\\/realizacja-celow-klimatycznych-pec-gliwice\\\/#article\",\"isPartOf\":{\"@id\":\"https:\\\/\\\/www.24gliwice.pl\\\/wiadomosci\\\/realizacja-celow-klimatycznych-pec-gliwice\\\/\"},\"author\":{\"name\":\"Marcin Fabrykowski\",\"@id\":\"https:\\\/\\\/www.24gliwice.pl\\\/wiadomosci\\\/#\\\/schema\\\/person\\\/cb5857e4a4d048c15984c1edcc8ef0c0\"},\"headline\":\"Realizacja cel\u00f3w klimatycznych przez PEC-Gliwice Sp. z. o.o. to konieczno\u015b\u0107, na kt\u00f3rej wszyscy zyskamy\",\"datePublished\":\"2022-05-27T10:22:07+00:00\",\"dateModified\":\"2022-05-27T10:28:07+00:00\",\"mainEntityOfPage\":{\"@id\":\"https:\\\/\\\/www.24gliwice.pl\\\/wiadomosci\\\/realizacja-celow-klimatycznych-pec-gliwice\\\/\"},\"wordCount\":443,\"publisher\":{\"@id\":\"https:\\\/\\\/www.24gliwice.pl\\\/wiadomosci\\\/#organization\"},\"image\":{\"@id\":\"https:\\\/\\\/www.24gliwice.pl\\\/wiadomosci\\\/realizacja-celow-klimatycznych-pec-gliwice\\\/#primaryimage\"},\"thumbnailUrl\":\"https:\\\/\\\/www.24gliwice.pl\\\/wiadomosci\\\/wp-content\\\/uploads\\\/2022\\\/05\\\/1-pec-krzysztof-szalinski-001.jpg\",\"keywords\":[\"ciep\u0142o systemowe\",\"pec\"],\"articleSection\":[\"Gliwice\",\"Najnowsze wiadomo\u015bci\",\"Polecamy\"],\"inLanguage\":\"pl-PL\"},{\"@type\":\"WebPage\",\"@id\":\"https:\\\/\\\/www.24gliwice.pl\\\/wiadomosci\\\/realizacja-celow-klimatycznych-pec-gliwice\\\/\",\"url\":\"https:\\\/\\\/www.24gliwice.pl\\\/wiadomosci\\\/realizacja-celow-klimatycznych-pec-gliwice\\\/\",\"name\":\"Realizacja cel\u00f3w klimatycznych przez PEC-Gliwice Sp. z. o.o. to konieczno\u015b\u0107, na kt\u00f3rej wszyscy zyskamy - 24GLIWICE - Portal Gliwice | codziennie nowe informacje\",\"isPartOf\":{\"@id\":\"https:\\\/\\\/www.24gliwice.pl\\\/wiadomosci\\\/#website\"},\"primaryImageOfPage\":{\"@id\":\"https:\\\/\\\/www.24gliwice.pl\\\/wiadomosci\\\/realizacja-celow-klimatycznych-pec-gliwice\\\/#primaryimage\"},\"image\":{\"@id\":\"https:\\\/\\\/www.24gliwice.pl\\\/wiadomosci\\\/realizacja-celow-klimatycznych-pec-gliwice\\\/#primaryimage\"},\"thumbnailUrl\":\"https:\\\/\\\/www.24gliwice.pl\\\/wiadomosci\\\/wp-content\\\/uploads\\\/2022\\\/05\\\/1-pec-krzysztof-szalinski-001.jpg\",\"datePublished\":\"2022-05-27T10:22:07+00:00\",\"dateModified\":\"2022-05-27T10:28:07+00:00\",\"breadcrumb\":{\"@id\":\"https:\\\/\\\/www.24gliwice.pl\\\/wiadomosci\\\/realizacja-celow-klimatycznych-pec-gliwice\\\/#breadcrumb\"},\"inLanguage\":\"pl-PL\",\"potentialAction\":[{\"@type\":\"ReadAction\",\"target\":[\"https:\\\/\\\/www.24gliwice.pl\\\/wiadomosci\\\/realizacja-celow-klimatycznych-pec-gliwice\\\/\"]}]},{\"@type\":\"ImageObject\",\"inLanguage\":\"pl-PL\",\"@id\":\"https:\\\/\\\/www.24gliwice.pl\\\/wiadomosci\\\/realizacja-celow-klimatycznych-pec-gliwice\\\/#primaryimage\",\"url\":\"https:\\\/\\\/www.24gliwice.pl\\\/wiadomosci\\\/wp-content\\\/uploads\\\/2022\\\/05\\\/1-pec-krzysztof-szalinski-001.jpg\",\"contentUrl\":\"https:\\\/\\\/www.24gliwice.pl\\\/wiadomosci\\\/wp-content\\\/uploads\\\/2022\\\/05\\\/1-pec-krzysztof-szalinski-001.jpg\",\"width\":1080,\"height\":775,\"caption\":\"Krzysztof Szali\u0144ski, prezes PEC\"},{\"@type\":\"BreadcrumbList\",\"@id\":\"https:\\\/\\\/www.24gliwice.pl\\\/wiadomosci\\\/realizacja-celow-klimatycznych-pec-gliwice\\\/#breadcrumb\",\"itemListElement\":[{\"@type\":\"ListItem\",\"position\":1,\"name\":\"Strona g\u0142\u00f3wna\",\"item\":\"https:\\\/\\\/www.24gliwice.pl\\\/wiadomosci\\\/\"},{\"@type\":\"ListItem\",\"position\":2,\"name\":\"Realizacja cel\u00f3w klimatycznych przez PEC-Gliwice Sp. z. o.o. to konieczno\u015b\u0107, na kt\u00f3rej wszyscy zyskamy\"}]},{\"@type\":\"WebSite\",\"@id\":\"https:\\\/\\\/www.24gliwice.pl\\\/wiadomosci\\\/#website\",\"url\":\"https:\\\/\\\/www.24gliwice.pl\\\/wiadomosci\\\/\",\"name\":\"24GLIWICE - Portal Gliwice | codziennie nowe wiadomo\u015bci\",\"description\":\"Portal Miejski Gliwice\",\"publisher\":{\"@id\":\"https:\\\/\\\/www.24gliwice.pl\\\/wiadomosci\\\/#organization\"},\"potentialAction\":[{\"@type\":\"SearchAction\",\"target\":{\"@type\":\"EntryPoint\",\"urlTemplate\":\"https:\\\/\\\/www.24gliwice.pl\\\/wiadomosci\\\/?s={search_term_string}\"},\"query-input\":{\"@type\":\"PropertyValueSpecification\",\"valueRequired\":true,\"valueName\":\"search_term_string\"}}],\"inLanguage\":\"pl-PL\"},{\"@type\":\"Organization\",\"@id\":\"https:\\\/\\\/www.24gliwice.pl\\\/wiadomosci\\\/#organization\",\"name\":\"24gliwice\",\"url\":\"https:\\\/\\\/www.24gliwice.pl\\\/wiadomosci\\\/\",\"logo\":{\"@type\":\"ImageObject\",\"inLanguage\":\"pl-PL\",\"@id\":\"https:\\\/\\\/www.24gliwice.pl\\\/wiadomosci\\\/#\\\/schema\\\/logo\\\/image\\\/\",\"url\":\"https:\\\/\\\/www.24gliwice.pl\\\/wiadomosci\\\/wp-content\\\/uploads\\\/2024\\\/10\\\/24gliwice-logo-696.jpg\",\"contentUrl\":\"https:\\\/\\\/www.24gliwice.pl\\\/wiadomosci\\\/wp-content\\\/uploads\\\/2024\\\/10\\\/24gliwice-logo-696.jpg\",\"width\":696,\"height\":696,\"caption\":\"24gliwice\"},\"image\":{\"@id\":\"https:\\\/\\\/www.24gliwice.pl\\\/wiadomosci\\\/#\\\/schema\\\/logo\\\/image\\\/\"},\"sameAs\":[\"https:\\\/\\\/www.facebook.com\\\/24gliwice\",\"https:\\\/\\\/x.com\\\/24gliwice\",\"https:\\\/\\\/www.youtube.com\\\/@24gliwice\"]},{\"@type\":\"Person\",\"@id\":\"https:\\\/\\\/www.24gliwice.pl\\\/wiadomosci\\\/#\\\/schema\\\/person\\\/cb5857e4a4d048c15984c1edcc8ef0c0\",\"name\":\"Marcin Fabrykowski\",\"image\":{\"@type\":\"ImageObject\",\"inLanguage\":\"pl-PL\",\"@id\":\"https:\\\/\\\/www.24gliwice.pl\\\/wiadomosci\\\/wp-content\\\/uploads\\\/2025\\\/11\\\/zdjecie-moje-marcin-300-96x96.jpg\",\"url\":\"https:\\\/\\\/www.24gliwice.pl\\\/wiadomosci\\\/wp-content\\\/uploads\\\/2025\\\/11\\\/zdjecie-moje-marcin-300-96x96.jpg\",\"contentUrl\":\"https:\\\/\\\/www.24gliwice.pl\\\/wiadomosci\\\/wp-content\\\/uploads\\\/2025\\\/11\\\/zdjecie-moje-marcin-300-96x96.jpg\",\"caption\":\"Marcin Fabrykowski\"},\"sameAs\":[\"http:\\\/\\\/24gliwice.pl\",\"https:\\\/\\\/www.facebook.com\\\/marcin.fabrykowski\"],\"url\":\"https:\\\/\\\/www.24gliwice.pl\\\/wiadomosci\\\/author\\\/marcin-fabrykowski\\\/\"}]}<\/script>\n<!-- \/ Yoast SEO plugin. -->","yoast_head_json":{"title":"Realizacja cel\u00f3w klimatycznych przez PEC-Gliwice Sp. z. o.o. to konieczno\u015b\u0107, na kt\u00f3rej wszyscy zyskamy - 24GLIWICE - Portal Gliwice | codziennie nowe informacje","robots":{"index":"index","follow":"follow","max-snippet":"max-snippet:-1","max-image-preview":"max-image-preview:large","max-video-preview":"max-video-preview:-1"},"canonical":"https:\/\/www.24gliwice.pl\/wiadomosci\/realizacja-celow-klimatycznych-pec-gliwice\/","og_locale":"pl_PL","og_type":"article","og_title":"Realizacja cel\u00f3w klimatycznych przez PEC-Gliwice Sp. z. o.o. to konieczno\u015b\u0107, na kt\u00f3rej wszyscy zyskamy - 24GLIWICE - Portal Gliwice | codziennie nowe informacje","og_description":"Ciep\u0142o systemowe z Przedsi\u0119biorstwa Energetyki Cieplnej trafia do ponad 49 tys. gliwickich mieszka\u0144 (z tego ponad 22 tys. mieszka\u0144 zaopatrywanych jest w ciep\u0142\u0105 wod\u0119), do licznych instytucji, zak\u0142ad\u00f3w przemys\u0142owych, obiekt\u00f3w o\u015bwiatowych i us\u0142ugowo \u2013 handlowych. &nbsp; Ciep\u0142o systemowe w Polsce znajduje si\u0119 u progu zmian zwi\u0105zanych z osi\u0105gni\u0119ciem cel\u00f3w \u015brodowiskowych. Realizacja cel\u00f3w klimatycznych to jedno [&hellip;]","og_url":"https:\/\/www.24gliwice.pl\/wiadomosci\/realizacja-celow-klimatycznych-pec-gliwice\/","og_site_name":"24GLIWICE - Portal Gliwice | codziennie nowe informacje","article_publisher":"https:\/\/www.facebook.com\/24gliwice","article_author":"https:\/\/www.facebook.com\/marcin.fabrykowski","article_published_time":"2022-05-27T10:22:07+00:00","article_modified_time":"2022-05-27T10:28:07+00:00","og_image":[{"width":1080,"height":775,"url":"https:\/\/www.24gliwice.pl\/wiadomosci\/wp-content\/uploads\/2022\/05\/1-pec-krzysztof-szalinski-001.jpg","type":"image\/jpeg"}],"author":"Marcin Fabrykowski","twitter_card":"summary_large_image","twitter_creator":"@24gliwice","twitter_site":"@24gliwice","twitter_misc":{"Napisane przez":"Marcin Fabrykowski","Szacowany czas czytania":"2 minuty"},"schema":{"@context":"https:\/\/schema.org","@graph":[{"@type":"Article","@id":"https:\/\/www.24gliwice.pl\/wiadomosci\/realizacja-celow-klimatycznych-pec-gliwice\/#article","isPartOf":{"@id":"https:\/\/www.24gliwice.pl\/wiadomosci\/realizacja-celow-klimatycznych-pec-gliwice\/"},"author":{"name":"Marcin Fabrykowski","@id":"https:\/\/www.24gliwice.pl\/wiadomosci\/#\/schema\/person\/cb5857e4a4d048c15984c1edcc8ef0c0"},"headline":"Realizacja cel\u00f3w klimatycznych przez PEC-Gliwice Sp. z. o.o. to konieczno\u015b\u0107, na kt\u00f3rej wszyscy zyskamy","datePublished":"2022-05-27T10:22:07+00:00","dateModified":"2022-05-27T10:28:07+00:00","mainEntityOfPage":{"@id":"https:\/\/www.24gliwice.pl\/wiadomosci\/realizacja-celow-klimatycznych-pec-gliwice\/"},"wordCount":443,"publisher":{"@id":"https:\/\/www.24gliwice.pl\/wiadomosci\/#organization"},"image":{"@id":"https:\/\/www.24gliwice.pl\/wiadomosci\/realizacja-celow-klimatycznych-pec-gliwice\/#primaryimage"},"thumbnailUrl":"https:\/\/www.24gliwice.pl\/wiadomosci\/wp-content\/uploads\/2022\/05\/1-pec-krzysztof-szalinski-001.jpg","keywords":["ciep\u0142o systemowe","pec"],"articleSection":["Gliwice","Najnowsze wiadomo\u015bci","Polecamy"],"inLanguage":"pl-PL"},{"@type":"WebPage","@id":"https:\/\/www.24gliwice.pl\/wiadomosci\/realizacja-celow-klimatycznych-pec-gliwice\/","url":"https:\/\/www.24gliwice.pl\/wiadomosci\/realizacja-celow-klimatycznych-pec-gliwice\/","name":"Realizacja cel\u00f3w klimatycznych przez PEC-Gliwice Sp. z. o.o. to konieczno\u015b\u0107, na kt\u00f3rej wszyscy zyskamy - 24GLIWICE - Portal Gliwice | codziennie nowe informacje","isPartOf":{"@id":"https:\/\/www.24gliwice.pl\/wiadomosci\/#website"},"primaryImageOfPage":{"@id":"https:\/\/www.24gliwice.pl\/wiadomosci\/realizacja-celow-klimatycznych-pec-gliwice\/#primaryimage"},"image":{"@id":"https:\/\/www.24gliwice.pl\/wiadomosci\/realizacja-celow-klimatycznych-pec-gliwice\/#primaryimage"},"thumbnailUrl":"https:\/\/www.24gliwice.pl\/wiadomosci\/wp-content\/uploads\/2022\/05\/1-pec-krzysztof-szalinski-001.jpg","datePublished":"2022-05-27T10:22:07+00:00","dateModified":"2022-05-27T10:28:07+00:00","breadcrumb":{"@id":"https:\/\/www.24gliwice.pl\/wiadomosci\/realizacja-celow-klimatycznych-pec-gliwice\/#breadcrumb"},"inLanguage":"pl-PL","potentialAction":[{"@type":"ReadAction","target":["https:\/\/www.24gliwice.pl\/wiadomosci\/realizacja-celow-klimatycznych-pec-gliwice\/"]}]},{"@type":"ImageObject","inLanguage":"pl-PL","@id":"https:\/\/www.24gliwice.pl\/wiadomosci\/realizacja-celow-klimatycznych-pec-gliwice\/#primaryimage","url":"https:\/\/www.24gliwice.pl\/wiadomosci\/wp-content\/uploads\/2022\/05\/1-pec-krzysztof-szalinski-001.jpg","contentUrl":"https:\/\/www.24gliwice.pl\/wiadomosci\/wp-content\/uploads\/2022\/05\/1-pec-krzysztof-szalinski-001.jpg","width":1080,"height":775,"caption":"Krzysztof Szali\u0144ski, prezes PEC"},{"@type":"BreadcrumbList","@id":"https:\/\/www.24gliwice.pl\/wiadomosci\/realizacja-celow-klimatycznych-pec-gliwice\/#breadcrumb","itemListElement":[{"@type":"ListItem","position":1,"name":"Strona g\u0142\u00f3wna","item":"https:\/\/www.24gliwice.pl\/wiadomosci\/"},{"@type":"ListItem","position":2,"name":"Realizacja cel\u00f3w klimatycznych przez PEC-Gliwice Sp. z. o.o. to konieczno\u015b\u0107, na kt\u00f3rej wszyscy zyskamy"}]},{"@type":"WebSite","@id":"https:\/\/www.24gliwice.pl\/wiadomosci\/#website","url":"https:\/\/www.24gliwice.pl\/wiadomosci\/","name":"24GLIWICE - Portal Gliwice | codziennie nowe wiadomo\u015bci","description":"Portal Miejski Gliwice","publisher":{"@id":"https:\/\/www.24gliwice.pl\/wiadomosci\/#organization"},"potentialAction":[{"@type":"SearchAction","target":{"@type":"EntryPoint","urlTemplate":"https:\/\/www.24gliwice.pl\/wiadomosci\/?s={search_term_string}"},"query-input":{"@type":"PropertyValueSpecification","valueRequired":true,"valueName":"search_term_string"}}],"inLanguage":"pl-PL"},{"@type":"Organization","@id":"https:\/\/www.24gliwice.pl\/wiadomosci\/#organization","name":"24gliwice","url":"https:\/\/www.24gliwice.pl\/wiadomosci\/","logo":{"@type":"ImageObject","inLanguage":"pl-PL","@id":"https:\/\/www.24gliwice.pl\/wiadomosci\/#\/schema\/logo\/image\/","url":"https:\/\/www.24gliwice.pl\/wiadomosci\/wp-content\/uploads\/2024\/10\/24gliwice-logo-696.jpg","contentUrl":"https:\/\/www.24gliwice.pl\/wiadomosci\/wp-content\/uploads\/2024\/10\/24gliwice-logo-696.jpg","width":696,"height":696,"caption":"24gliwice"},"image":{"@id":"https:\/\/www.24gliwice.pl\/wiadomosci\/#\/schema\/logo\/image\/"},"sameAs":["https:\/\/www.facebook.com\/24gliwice","https:\/\/x.com\/24gliwice","https:\/\/www.youtube.com\/@24gliwice"]},{"@type":"Person","@id":"https:\/\/www.24gliwice.pl\/wiadomosci\/#\/schema\/person\/cb5857e4a4d048c15984c1edcc8ef0c0","name":"Marcin Fabrykowski","image":{"@type":"ImageObject","inLanguage":"pl-PL","@id":"https:\/\/www.24gliwice.pl\/wiadomosci\/wp-content\/uploads\/2025\/11\/zdjecie-moje-marcin-300-96x96.jpg","url":"https:\/\/www.24gliwice.pl\/wiadomosci\/wp-content\/uploads\/2025\/11\/zdjecie-moje-marcin-300-96x96.jpg","contentUrl":"https:\/\/www.24gliwice.pl\/wiadomosci\/wp-content\/uploads\/2025\/11\/zdjecie-moje-marcin-300-96x96.jpg","caption":"Marcin Fabrykowski"},"sameAs":["http:\/\/24gliwice.pl","https:\/\/www.facebook.com\/marcin.fabrykowski"],"url":"https:\/\/www.24gliwice.pl\/wiadomosci\/author\/marcin-fabrykowski\/"}]}},"_links":{"self":[{"href":"https:\/\/www.24gliwice.pl\/wiadomosci\/wp-json\/wp\/v2\/posts\/193228","targetHints":{"allow":["GET"]}}],"collection":[{"href":"https:\/\/www.24gliwice.pl\/wiadomosci\/wp-json\/wp\/v2\/posts"}],"about":[{"href":"https:\/\/www.24gliwice.pl\/wiadomosci\/wp-json\/wp\/v2\/types\/post"}],"author":[{"embeddable":true,"href":"https:\/\/www.24gliwice.pl\/wiadomosci\/wp-json\/wp\/v2\/users\/4"}],"replies":[{"embeddable":true,"href":"https:\/\/www.24gliwice.pl\/wiadomosci\/wp-json\/wp\/v2\/comments?post=193228"}],"version-history":[{"count":4,"href":"https:\/\/www.24gliwice.pl\/wiadomosci\/wp-json\/wp\/v2\/posts\/193228\/revisions"}],"predecessor-version":[{"id":193236,"href":"https:\/\/www.24gliwice.pl\/wiadomosci\/wp-json\/wp\/v2\/posts\/193228\/revisions\/193236"}],"wp:featuredmedia":[{"embeddable":true,"href":"https:\/\/www.24gliwice.pl\/wiadomosci\/wp-json\/wp\/v2\/media\/193237"}],"wp:attachment":[{"href":"https:\/\/www.24gliwice.pl\/wiadomosci\/wp-json\/wp\/v2\/media?parent=193228"}],"wp:term":[{"taxonomy":"category","embeddable":true,"href":"https:\/\/www.24gliwice.pl\/wiadomosci\/wp-json\/wp\/v2\/categories?post=193228"},{"taxonomy":"post_tag","embeddable":true,"href":"https:\/\/www.24gliwice.pl\/wiadomosci\/wp-json\/wp\/v2\/tags?post=193228"}],"curies":[{"name":"wp","href":"https:\/\/api.w.org\/{rel}","templated":true}]}}