{"id":193249,"date":"2022-05-27T13:30:47","date_gmt":"2022-05-27T11:30:47","guid":{"rendered":"https:\/\/www.24gliwice.pl\/wiadomosci\/?p=193249"},"modified":"2022-05-27T13:31:09","modified_gmt":"2022-05-27T11:31:09","slug":"uwaga-na-zmiany-w-komunikacji-autobusowej-czesc-przystankow-zostanie-wylaczona-z-obslugi","status":"publish","type":"post","link":"https:\/\/www.24gliwice.pl\/wiadomosci\/uwaga-na-zmiany-w-komunikacji-autobusowej-czesc-przystankow-zostanie-wylaczona-z-obslugi\/","title":{"rendered":"Uwaga na zmiany w komunikacji autobusowej. Cz\u0119\u015b\u0107 przystank\u00f3w zostanie wy\u0142\u0105czona z obs\u0142ugi"},"content":{"rendered":"<div class=\"gliwi-a6-nad-leadem-artykulow gliwi-entity-placement\" id=\"gliwi-3093671731\"><div class=\"gliwi-adlabel\"><span style=\"font-size: 9px\">REKLAMA<\/span><\/div><div id=\"gliwi-1304455538\" style=\"margin-bottom: 30px;margin-left: auto;margin-right: auto;text-align: center;\"><a data-no-instant=\"1\" href=\"https:\/\/przedszkole.halogen.org.pl\/\" rel=\"noopener\" class=\"a2t-link\" target=\"_blank\" aria-label=\"20260402-ANIMATOR-przedszkole_grafika_750x200\"><img loading=\"lazy\" decoding=\"async\" src=\"https:\/\/www.24gliwice.pl\/wiadomosci\/wp-content\/uploads\/2026\/04\/20260402-ANIMATOR-przedszkole_grafika_750x200.webp\" alt=\"\"  srcset=\"https:\/\/www.24gliwice.pl\/wiadomosci\/wp-content\/uploads\/2026\/04\/20260402-ANIMATOR-przedszkole_grafika_750x200.webp 750w, https:\/\/www.24gliwice.pl\/wiadomosci\/wp-content\/uploads\/2026\/04\/20260402-ANIMATOR-przedszkole_grafika_750x200-410x109.webp 410w\" sizes=\"(max-width: 750px) 100vw, 750px\" class=\"no-lazyload\" width=\"750\" height=\"200\"  style=\"display: inline-block; max-width: 100%; height: auto;\" \/><\/a><\/div><\/div><h2>Na kilku liniach autobusowych w Gliwicach wprowadzone zostan\u0105 zmiany spowodowane remontami dr\u00f3g. Na baczno\u015bci powinni si\u0119 mie\u0107 szczeg\u00f3lnie mieszka\u0144cy So\u015bnicy i Obro\u0144c\u00f3w Pokoju.<\/h2>\n<p>&nbsp;<br \/>\nOd poniedzia\u0142ku, 30 maja, w zwi\u0105zku z remontem ul. Paderewskiego w Gliwicach, wprowadzone zostan\u0105 zmiany w funkcjonowaniu komunikacji miejskiej:<\/p>\n<ul>\n<li>Trasa linii 187, 693, 699, 702 w kierunku Osiedla Kopernika: \u2026- Osiedle Obro\u0144c\u00f3w Pokoju &#8211; Obro\u0144c\u00f3w Pokoju Wi\u015bniowa 02 &#8211; Obro\u0144c\u00f3w Pokoju Ja\u0142owcowa 02 \u2013&#8230;<\/li>\n<li>Trasa linii 287, 693, 699, 702 w kierunku \u017bernik: \u2026 &#8211; Obro\u0144c\u00f3w Pokoju Ja\u0142owcowa 01\u2013 Obro\u0144c\u00f3w Pokoju Wi\u015bniowa 01\u2013 Osiedle Obro\u0144c\u00f3w Pokoju 01 -\u2026<\/li>\n<li>Trasa linii 60N w kierunku \u017bernik: \u2026 &#8211; \u017berniki Olszewskiego 01 \u2013 Osiedle Obro\u0144c\u00f3w Pokoju 01 -\u017berniki Rogozi\u0144skiego 01 -\u2026<\/li>\n<li>Trasa linii 60N w kierunku centrum Gliwic: \u2026- \u017berniki Rogozi\u0144skiego 02 \u2013 Osiedle Obro\u0144c\u00f3w Pokoju 01 \u2013 \u017berniki Olszewskiego 02 -\u2026<\/li>\n<\/ul>\n<p><strong>Wy\u0142\u0105czone z obs\u0142ugi zostan\u0105 nast\u0119puj\u0105ce przystanki:<\/strong><\/p><div class=\"gliwi-a3-w-tresci-artykulow gliwi-entity-placement\" id=\"gliwi-3375977625\"><div class=\"gliwi-adlabel\"><span style=\"font-size: 9px\">REKLAMA<\/span><\/div><div id=\"gliwi-2244126763\" style=\"margin-bottom: 30px;margin-left: auto;margin-right: auto;text-align: center;\"><a data-no-instant=\"1\" href=\"https:\/\/ogrodyandersa.pl\/\" rel=\"noopener\" class=\"a2t-link\" target=\"_blank\" aria-label=\"20260415 Ogrody Andersa KUP TERAZ D\"><img loading=\"lazy\" decoding=\"async\" src=\"https:\/\/www.24gliwice.pl\/wiadomosci\/wp-content\/uploads\/2026\/04\/20260415-Ogrody-Andersa-KUP-TERAZ-D.jpg\" alt=\"\"  srcset=\"https:\/\/www.24gliwice.pl\/wiadomosci\/wp-content\/uploads\/2026\/04\/20260415-Ogrody-Andersa-KUP-TERAZ-D.jpg 750w, https:\/\/www.24gliwice.pl\/wiadomosci\/wp-content\/uploads\/2026\/04\/20260415-Ogrody-Andersa-KUP-TERAZ-D-410x109.jpg 410w\" sizes=\"(max-width: 750px) 100vw, 750px\" class=\"no-lazyload\" width=\"750\" height=\"200\"  style=\"display: inline-block; max-width: 100%; height: auto;\" \/><\/a><\/div><\/div>\n<ul>\n<li>Obro\u0144c\u00f3w Pokoju Paderewskiego 01 i 02- ca\u0142kowicie wy\u0142\u0105czone z obs\u0142ugi,<\/li>\n<li>Obro\u0144c\u00f3w Pokoju Wi\u015bniowa 02 \u2013 dotyczy linii 60N.<\/li>\n<\/ul>\n<h4>Zmiany w So\u015bnicy<\/h4>\n<p><a href=\"https:\/\/www.24gliwice.pl\/wiadomosci\/wp-content\/uploads\/2022\/05\/Sosnica-przystanek-autobus-2.jpg\"><img loading=\"lazy\" decoding=\"async\" src=\"https:\/\/www.24gliwice.pl\/wiadomosci\/wp-content\/uploads\/2022\/05\/Sosnica-przystanek-autobus-2.jpg\" alt=\"\" width=\"810\" height=\"456\" class=\"alignnone size-full wp-image-193253\" srcset=\"https:\/\/www.24gliwice.pl\/wiadomosci\/wp-content\/uploads\/2022\/05\/Sosnica-przystanek-autobus-2.jpg 810w, https:\/\/www.24gliwice.pl\/wiadomosci\/wp-content\/uploads\/2022\/05\/Sosnica-przystanek-autobus-2-410x232.jpg 410w, https:\/\/www.24gliwice.pl\/wiadomosci\/wp-content\/uploads\/2022\/05\/Sosnica-przystanek-autobus-2-808x455.jpg 808w, https:\/\/www.24gliwice.pl\/wiadomosci\/wp-content\/uploads\/2022\/05\/Sosnica-przystanek-autobus-2-768x432.jpg 768w\" sizes=\"auto, (max-width: 810px) 100vw, 810px\" \/><\/a><\/p>\n<p>Od \u015brody, 1 czerwca, a\u017c do odwo\u0142ania, w zwi\u0105zku z pracami w ci\u0105gu ul. Korczoka w Gliwicach, wprowadzone zostan\u0105 zmiany w funkcjonowaniu komunikacji miejskiej:<\/p>\n<ul>\n<li>Trasa linii 259 w kierunku Starych \u0141ab\u0119d: \u2026- So\u015bnica Apteka 02 \u2013 So\u015bnica Bema 02-\u2026<\/li>\n<li>Trasa linii 259 w kierunku Osiedla \u017beromskiego: &#8230; \u2013 So\u015bnica Bema 01 \u2013 \u015ao\u015bnica Reymonta 01 &#8211; \u2026.<\/li>\n<\/ul>\n<p>Przystanki: So\u015bnica Ko\u015bci\u00f3\u0142 01 i 02, So\u015bnica Odrow\u0105\u017c\u00f3w 01 i 02, So\u015bnica Drzyma\u0142y 01 i 02, So\u015bnica Plac Mariacki 01 zostan\u0105 wy\u0142\u0105czone z obs\u0142ugi linii 259. <\/p>\n<p>(\u017cms)\/mat. ZTM<br \/>\nfot. 24GLIWICE\/\u017bMS<\/p>\n<div class=\"gliwi-a5-na-koncu-artykulow gliwi-entity-placement\" id=\"gliwi-1637816279\"><div class=\"gliwi-adlabel\"><span style=\"font-size: 9px\">REKLAMA<\/span><\/div><div id=\"gliwi-1083954206\" style=\"margin-left: auto;margin-right: auto;text-align: center;\"><a data-no-instant=\"1\" href=\"https:\/\/prezeroarenagliwice.pl\/\" rel=\"noopener\" class=\"a2t-link\" target=\"_blank\" aria-label=\"20260309-PREZERO-WIOSNA-D\"><img loading=\"lazy\" decoding=\"async\" src=\"https:\/\/www.24gliwice.pl\/wiadomosci\/wp-content\/uploads\/2026\/03\/20260309-PREZERO-WIOSNA-D.webp\" alt=\"\"  srcset=\"https:\/\/www.24gliwice.pl\/wiadomosci\/wp-content\/uploads\/2026\/03\/20260309-PREZERO-WIOSNA-D.webp 750w, https:\/\/www.24gliwice.pl\/wiadomosci\/wp-content\/uploads\/2026\/03\/20260309-PREZERO-WIOSNA-D-410x109.webp 410w\" sizes=\"(max-width: 750px) 100vw, 750px\" class=\"no-lazyload\" width=\"750\" height=\"200\"  style=\"display: inline-block; max-width: 100%; height: auto;\" \/><\/a><\/div><\/div>","protected":false},"excerpt":{"rendered":"<p>Na kilku liniach autobusowych w Gliwicach wprowadzone zostan\u0105 zmiany spowodowane remontami dr\u00f3g. Na baczno\u015bci powinni si\u0119 mie\u0107 szczeg\u00f3lnie mieszka\u0144cy So\u015bnicy i Obro\u0144c\u00f3w Pokoju. &nbsp; Od poniedzia\u0142ku, 30 maja, w zwi\u0105zku z remontem ul. Paderewskiego w Gliwicach, wprowadzone zostan\u0105 zmiany w funkcjonowaniu komunikacji miejskiej: Trasa linii 187, 693, 699, 702 w kierunku Osiedla Kopernika: \u2026- Osiedle [&hellip;]<\/p>\n","protected":false},"author":15,"featured_media":193254,"comment_status":"open","ping_status":"closed","sticky":false,"template":"","format":"standard","meta":{"_monsterinsights_skip_tracking":false,"_monsterinsights_sitenote_active":false,"_monsterinsights_sitenote_note":"","_monsterinsights_sitenote_category":0,"footnotes":"","_links_to":"","_links_to_target":""},"categories":[3,1],"tags":[8802,16777],"class_list":["post-193249","post","type-post","status-publish","format-standard","has-post-thumbnail","hentry","category-gliwice","category-wszystko","tag-remonty-drog","tag-zmiany-w-komunikacji-miejskiej"],"yoast_head":"<!-- This site is optimized with the Yoast SEO plugin v27.4 - https:\/\/yoast.com\/product\/yoast-seo-wordpress\/ -->\n<title>Uwaga na zmiany w komunikacji autobusowej. Cz\u0119\u015b\u0107 przystank\u00f3w zostanie wy\u0142\u0105czona z obs\u0142ugi - 24GLIWICE - Portal Gliwice | codziennie nowe informacje<\/title>\n<meta name=\"robots\" content=\"index, follow, max-snippet:-1, max-image-preview:large, max-video-preview:-1\" \/>\n<link rel=\"canonical\" href=\"https:\/\/www.24gliwice.pl\/wiadomosci\/uwaga-na-zmiany-w-komunikacji-autobusowej-czesc-przystankow-zostanie-wylaczona-z-obslugi\/\" \/>\n<meta property=\"og:locale\" content=\"pl_PL\" \/>\n<meta property=\"og:type\" content=\"article\" \/>\n<meta property=\"og:title\" content=\"Uwaga na zmiany w komunikacji autobusowej. Cz\u0119\u015b\u0107 przystank\u00f3w zostanie wy\u0142\u0105czona z obs\u0142ugi - 24GLIWICE - Portal Gliwice | codziennie nowe informacje\" \/>\n<meta property=\"og:description\" content=\"Na kilku liniach autobusowych w Gliwicach wprowadzone zostan\u0105 zmiany spowodowane remontami dr\u00f3g. Na baczno\u015bci powinni si\u0119 mie\u0107 szczeg\u00f3lnie mieszka\u0144cy So\u015bnicy i Obro\u0144c\u00f3w Pokoju. &nbsp; Od poniedzia\u0142ku, 30 maja, w zwi\u0105zku z remontem ul. Paderewskiego w Gliwicach, wprowadzone zostan\u0105 zmiany w funkcjonowaniu komunikacji miejskiej: Trasa linii 187, 693, 699, 702 w kierunku Osiedla Kopernika: \u2026- Osiedle [&hellip;]\" \/>\n<meta property=\"og:url\" content=\"https:\/\/www.24gliwice.pl\/wiadomosci\/uwaga-na-zmiany-w-komunikacji-autobusowej-czesc-przystankow-zostanie-wylaczona-z-obslugi\/\" \/>\n<meta property=\"og:site_name\" content=\"24GLIWICE - Portal Gliwice | codziennie nowe informacje\" \/>\n<meta property=\"article:publisher\" content=\"https:\/\/www.facebook.com\/24gliwice\" \/>\n<meta property=\"article:published_time\" content=\"2022-05-27T11:30:47+00:00\" \/>\n<meta property=\"article:modified_time\" content=\"2022-05-27T11:31:09+00:00\" \/>\n<meta property=\"og:image\" content=\"https:\/\/www.24gliwice.pl\/wiadomosci\/wp-content\/uploads\/2022\/05\/sosnica-przystanek.jpg\" \/>\n\t<meta property=\"og:image:width\" content=\"810\" \/>\n\t<meta property=\"og:image:height\" content=\"456\" \/>\n\t<meta property=\"og:image:type\" content=\"image\/jpeg\" \/>\n<meta name=\"author\" content=\"\u017baneta Mrozek-Siewierska\" \/>\n<meta name=\"twitter:card\" content=\"summary_large_image\" \/>\n<meta name=\"twitter:creator\" content=\"@24gliwice\" \/>\n<meta name=\"twitter:site\" content=\"@24gliwice\" \/>\n<meta name=\"twitter:label1\" content=\"Napisane przez\" \/>\n\t<meta name=\"twitter:data1\" content=\"\u017baneta Mrozek-Siewierska\" \/>\n\t<meta name=\"twitter:label2\" content=\"Szacowany czas czytania\" \/>\n\t<meta name=\"twitter:data2\" content=\"1 minuta\" \/>\n<script type=\"application\/ld+json\" class=\"yoast-schema-graph\">{\"@context\":\"https:\\\/\\\/schema.org\",\"@graph\":[{\"@type\":\"Article\",\"@id\":\"https:\\\/\\\/www.24gliwice.pl\\\/wiadomosci\\\/uwaga-na-zmiany-w-komunikacji-autobusowej-czesc-przystankow-zostanie-wylaczona-z-obslugi\\\/#article\",\"isPartOf\":{\"@id\":\"https:\\\/\\\/www.24gliwice.pl\\\/wiadomosci\\\/uwaga-na-zmiany-w-komunikacji-autobusowej-czesc-przystankow-zostanie-wylaczona-z-obslugi\\\/\"},\"author\":{\"name\":\"\u017baneta Mrozek-Siewierska\",\"@id\":\"https:\\\/\\\/www.24gliwice.pl\\\/wiadomosci\\\/#\\\/schema\\\/person\\\/e42c650edd7f2fa332be3811fb166b6e\"},\"headline\":\"Uwaga na zmiany w komunikacji autobusowej. Cz\u0119\u015b\u0107 przystank\u00f3w zostanie wy\u0142\u0105czona z obs\u0142ugi\",\"datePublished\":\"2022-05-27T11:30:47+00:00\",\"dateModified\":\"2022-05-27T11:31:09+00:00\",\"mainEntityOfPage\":{\"@id\":\"https:\\\/\\\/www.24gliwice.pl\\\/wiadomosci\\\/uwaga-na-zmiany-w-komunikacji-autobusowej-czesc-przystankow-zostanie-wylaczona-z-obslugi\\\/\"},\"wordCount\":278,\"commentCount\":0,\"publisher\":{\"@id\":\"https:\\\/\\\/www.24gliwice.pl\\\/wiadomosci\\\/#organization\"},\"image\":{\"@id\":\"https:\\\/\\\/www.24gliwice.pl\\\/wiadomosci\\\/uwaga-na-zmiany-w-komunikacji-autobusowej-czesc-przystankow-zostanie-wylaczona-z-obslugi\\\/#primaryimage\"},\"thumbnailUrl\":\"https:\\\/\\\/www.24gliwice.pl\\\/wiadomosci\\\/wp-content\\\/uploads\\\/2022\\\/05\\\/sosnica-przystanek.jpg\",\"keywords\":[\"remonty dr\u00f3g\",\"zmiany w komunikacji miejskiej\"],\"articleSection\":[\"Gliwice\",\"Najnowsze wiadomo\u015bci\"],\"inLanguage\":\"pl-PL\",\"potentialAction\":[{\"@type\":\"CommentAction\",\"name\":\"Comment\",\"target\":[\"https:\\\/\\\/www.24gliwice.pl\\\/wiadomosci\\\/uwaga-na-zmiany-w-komunikacji-autobusowej-czesc-przystankow-zostanie-wylaczona-z-obslugi\\\/#respond\"]}]},{\"@type\":\"WebPage\",\"@id\":\"https:\\\/\\\/www.24gliwice.pl\\\/wiadomosci\\\/uwaga-na-zmiany-w-komunikacji-autobusowej-czesc-przystankow-zostanie-wylaczona-z-obslugi\\\/\",\"url\":\"https:\\\/\\\/www.24gliwice.pl\\\/wiadomosci\\\/uwaga-na-zmiany-w-komunikacji-autobusowej-czesc-przystankow-zostanie-wylaczona-z-obslugi\\\/\",\"name\":\"Uwaga na zmiany w komunikacji autobusowej. Cz\u0119\u015b\u0107 przystank\u00f3w zostanie wy\u0142\u0105czona z obs\u0142ugi - 24GLIWICE - Portal Gliwice | codziennie nowe informacje\",\"isPartOf\":{\"@id\":\"https:\\\/\\\/www.24gliwice.pl\\\/wiadomosci\\\/#website\"},\"primaryImageOfPage\":{\"@id\":\"https:\\\/\\\/www.24gliwice.pl\\\/wiadomosci\\\/uwaga-na-zmiany-w-komunikacji-autobusowej-czesc-przystankow-zostanie-wylaczona-z-obslugi\\\/#primaryimage\"},\"image\":{\"@id\":\"https:\\\/\\\/www.24gliwice.pl\\\/wiadomosci\\\/uwaga-na-zmiany-w-komunikacji-autobusowej-czesc-przystankow-zostanie-wylaczona-z-obslugi\\\/#primaryimage\"},\"thumbnailUrl\":\"https:\\\/\\\/www.24gliwice.pl\\\/wiadomosci\\\/wp-content\\\/uploads\\\/2022\\\/05\\\/sosnica-przystanek.jpg\",\"datePublished\":\"2022-05-27T11:30:47+00:00\",\"dateModified\":\"2022-05-27T11:31:09+00:00\",\"breadcrumb\":{\"@id\":\"https:\\\/\\\/www.24gliwice.pl\\\/wiadomosci\\\/uwaga-na-zmiany-w-komunikacji-autobusowej-czesc-przystankow-zostanie-wylaczona-z-obslugi\\\/#breadcrumb\"},\"inLanguage\":\"pl-PL\",\"potentialAction\":[{\"@type\":\"ReadAction\",\"target\":[\"https:\\\/\\\/www.24gliwice.pl\\\/wiadomosci\\\/uwaga-na-zmiany-w-komunikacji-autobusowej-czesc-przystankow-zostanie-wylaczona-z-obslugi\\\/\"]}]},{\"@type\":\"ImageObject\",\"inLanguage\":\"pl-PL\",\"@id\":\"https:\\\/\\\/www.24gliwice.pl\\\/wiadomosci\\\/uwaga-na-zmiany-w-komunikacji-autobusowej-czesc-przystankow-zostanie-wylaczona-z-obslugi\\\/#primaryimage\",\"url\":\"https:\\\/\\\/www.24gliwice.pl\\\/wiadomosci\\\/wp-content\\\/uploads\\\/2022\\\/05\\\/sosnica-przystanek.jpg\",\"contentUrl\":\"https:\\\/\\\/www.24gliwice.pl\\\/wiadomosci\\\/wp-content\\\/uploads\\\/2022\\\/05\\\/sosnica-przystanek.jpg\",\"width\":810,\"height\":456},{\"@type\":\"BreadcrumbList\",\"@id\":\"https:\\\/\\\/www.24gliwice.pl\\\/wiadomosci\\\/uwaga-na-zmiany-w-komunikacji-autobusowej-czesc-przystankow-zostanie-wylaczona-z-obslugi\\\/#breadcrumb\",\"itemListElement\":[{\"@type\":\"ListItem\",\"position\":1,\"name\":\"Strona g\u0142\u00f3wna\",\"item\":\"https:\\\/\\\/www.24gliwice.pl\\\/wiadomosci\\\/\"},{\"@type\":\"ListItem\",\"position\":2,\"name\":\"Uwaga na zmiany w komunikacji autobusowej. Cz\u0119\u015b\u0107 przystank\u00f3w zostanie wy\u0142\u0105czona z obs\u0142ugi\"}]},{\"@type\":\"WebSite\",\"@id\":\"https:\\\/\\\/www.24gliwice.pl\\\/wiadomosci\\\/#website\",\"url\":\"https:\\\/\\\/www.24gliwice.pl\\\/wiadomosci\\\/\",\"name\":\"24GLIWICE - Portal Gliwice | codziennie nowe wiadomo\u015bci\",\"description\":\"Portal Miejski Gliwice\",\"publisher\":{\"@id\":\"https:\\\/\\\/www.24gliwice.pl\\\/wiadomosci\\\/#organization\"},\"potentialAction\":[{\"@type\":\"SearchAction\",\"target\":{\"@type\":\"EntryPoint\",\"urlTemplate\":\"https:\\\/\\\/www.24gliwice.pl\\\/wiadomosci\\\/?s={search_term_string}\"},\"query-input\":{\"@type\":\"PropertyValueSpecification\",\"valueRequired\":true,\"valueName\":\"search_term_string\"}}],\"inLanguage\":\"pl-PL\"},{\"@type\":\"Organization\",\"@id\":\"https:\\\/\\\/www.24gliwice.pl\\\/wiadomosci\\\/#organization\",\"name\":\"24gliwice\",\"url\":\"https:\\\/\\\/www.24gliwice.pl\\\/wiadomosci\\\/\",\"logo\":{\"@type\":\"ImageObject\",\"inLanguage\":\"pl-PL\",\"@id\":\"https:\\\/\\\/www.24gliwice.pl\\\/wiadomosci\\\/#\\\/schema\\\/logo\\\/image\\\/\",\"url\":\"https:\\\/\\\/www.24gliwice.pl\\\/wiadomosci\\\/wp-content\\\/uploads\\\/2024\\\/10\\\/24gliwice-logo-696.jpg\",\"contentUrl\":\"https:\\\/\\\/www.24gliwice.pl\\\/wiadomosci\\\/wp-content\\\/uploads\\\/2024\\\/10\\\/24gliwice-logo-696.jpg\",\"width\":696,\"height\":696,\"caption\":\"24gliwice\"},\"image\":{\"@id\":\"https:\\\/\\\/www.24gliwice.pl\\\/wiadomosci\\\/#\\\/schema\\\/logo\\\/image\\\/\"},\"sameAs\":[\"https:\\\/\\\/www.facebook.com\\\/24gliwice\",\"https:\\\/\\\/x.com\\\/24gliwice\",\"https:\\\/\\\/www.youtube.com\\\/@24gliwice\"]},{\"@type\":\"Person\",\"@id\":\"https:\\\/\\\/www.24gliwice.pl\\\/wiadomosci\\\/#\\\/schema\\\/person\\\/e42c650edd7f2fa332be3811fb166b6e\",\"name\":\"\u017baneta Mrozek-Siewierska\",\"image\":{\"@type\":\"ImageObject\",\"inLanguage\":\"pl-PL\",\"@id\":\"https:\\\/\\\/www.24gliwice.pl\\\/wiadomosci\\\/wp-content\\\/uploads\\\/2021\\\/11\\\/Zaneta-M_S-zdjecie-czb-96x96.jpg\",\"url\":\"https:\\\/\\\/www.24gliwice.pl\\\/wiadomosci\\\/wp-content\\\/uploads\\\/2021\\\/11\\\/Zaneta-M_S-zdjecie-czb-96x96.jpg\",\"contentUrl\":\"https:\\\/\\\/www.24gliwice.pl\\\/wiadomosci\\\/wp-content\\\/uploads\\\/2021\\\/11\\\/Zaneta-M_S-zdjecie-czb-96x96.jpg\",\"caption\":\"\u017baneta Mrozek-Siewierska\"},\"url\":\"https:\\\/\\\/www.24gliwice.pl\\\/wiadomosci\\\/author\\\/zms\\\/\"}]}<\/script>\n<!-- \/ Yoast SEO plugin. -->","yoast_head_json":{"title":"Uwaga na zmiany w komunikacji autobusowej. Cz\u0119\u015b\u0107 przystank\u00f3w zostanie wy\u0142\u0105czona z obs\u0142ugi - 24GLIWICE - Portal Gliwice | codziennie nowe informacje","robots":{"index":"index","follow":"follow","max-snippet":"max-snippet:-1","max-image-preview":"max-image-preview:large","max-video-preview":"max-video-preview:-1"},"canonical":"https:\/\/www.24gliwice.pl\/wiadomosci\/uwaga-na-zmiany-w-komunikacji-autobusowej-czesc-przystankow-zostanie-wylaczona-z-obslugi\/","og_locale":"pl_PL","og_type":"article","og_title":"Uwaga na zmiany w komunikacji autobusowej. Cz\u0119\u015b\u0107 przystank\u00f3w zostanie wy\u0142\u0105czona z obs\u0142ugi - 24GLIWICE - Portal Gliwice | codziennie nowe informacje","og_description":"Na kilku liniach autobusowych w Gliwicach wprowadzone zostan\u0105 zmiany spowodowane remontami dr\u00f3g. Na baczno\u015bci powinni si\u0119 mie\u0107 szczeg\u00f3lnie mieszka\u0144cy So\u015bnicy i Obro\u0144c\u00f3w Pokoju. &nbsp; Od poniedzia\u0142ku, 30 maja, w zwi\u0105zku z remontem ul. Paderewskiego w Gliwicach, wprowadzone zostan\u0105 zmiany w funkcjonowaniu komunikacji miejskiej: Trasa linii 187, 693, 699, 702 w kierunku Osiedla Kopernika: \u2026- Osiedle [&hellip;]","og_url":"https:\/\/www.24gliwice.pl\/wiadomosci\/uwaga-na-zmiany-w-komunikacji-autobusowej-czesc-przystankow-zostanie-wylaczona-z-obslugi\/","og_site_name":"24GLIWICE - Portal Gliwice | codziennie nowe informacje","article_publisher":"https:\/\/www.facebook.com\/24gliwice","article_published_time":"2022-05-27T11:30:47+00:00","article_modified_time":"2022-05-27T11:31:09+00:00","og_image":[{"width":810,"height":456,"url":"https:\/\/www.24gliwice.pl\/wiadomosci\/wp-content\/uploads\/2022\/05\/sosnica-przystanek.jpg","type":"image\/jpeg"}],"author":"\u017baneta Mrozek-Siewierska","twitter_card":"summary_large_image","twitter_creator":"@24gliwice","twitter_site":"@24gliwice","twitter_misc":{"Napisane przez":"\u017baneta Mrozek-Siewierska","Szacowany czas czytania":"1 minuta"},"schema":{"@context":"https:\/\/schema.org","@graph":[{"@type":"Article","@id":"https:\/\/www.24gliwice.pl\/wiadomosci\/uwaga-na-zmiany-w-komunikacji-autobusowej-czesc-przystankow-zostanie-wylaczona-z-obslugi\/#article","isPartOf":{"@id":"https:\/\/www.24gliwice.pl\/wiadomosci\/uwaga-na-zmiany-w-komunikacji-autobusowej-czesc-przystankow-zostanie-wylaczona-z-obslugi\/"},"author":{"name":"\u017baneta Mrozek-Siewierska","@id":"https:\/\/www.24gliwice.pl\/wiadomosci\/#\/schema\/person\/e42c650edd7f2fa332be3811fb166b6e"},"headline":"Uwaga na zmiany w komunikacji autobusowej. Cz\u0119\u015b\u0107 przystank\u00f3w zostanie wy\u0142\u0105czona z obs\u0142ugi","datePublished":"2022-05-27T11:30:47+00:00","dateModified":"2022-05-27T11:31:09+00:00","mainEntityOfPage":{"@id":"https:\/\/www.24gliwice.pl\/wiadomosci\/uwaga-na-zmiany-w-komunikacji-autobusowej-czesc-przystankow-zostanie-wylaczona-z-obslugi\/"},"wordCount":278,"commentCount":0,"publisher":{"@id":"https:\/\/www.24gliwice.pl\/wiadomosci\/#organization"},"image":{"@id":"https:\/\/www.24gliwice.pl\/wiadomosci\/uwaga-na-zmiany-w-komunikacji-autobusowej-czesc-przystankow-zostanie-wylaczona-z-obslugi\/#primaryimage"},"thumbnailUrl":"https:\/\/www.24gliwice.pl\/wiadomosci\/wp-content\/uploads\/2022\/05\/sosnica-przystanek.jpg","keywords":["remonty dr\u00f3g","zmiany w komunikacji miejskiej"],"articleSection":["Gliwice","Najnowsze wiadomo\u015bci"],"inLanguage":"pl-PL","potentialAction":[{"@type":"CommentAction","name":"Comment","target":["https:\/\/www.24gliwice.pl\/wiadomosci\/uwaga-na-zmiany-w-komunikacji-autobusowej-czesc-przystankow-zostanie-wylaczona-z-obslugi\/#respond"]}]},{"@type":"WebPage","@id":"https:\/\/www.24gliwice.pl\/wiadomosci\/uwaga-na-zmiany-w-komunikacji-autobusowej-czesc-przystankow-zostanie-wylaczona-z-obslugi\/","url":"https:\/\/www.24gliwice.pl\/wiadomosci\/uwaga-na-zmiany-w-komunikacji-autobusowej-czesc-przystankow-zostanie-wylaczona-z-obslugi\/","name":"Uwaga na zmiany w komunikacji autobusowej. Cz\u0119\u015b\u0107 przystank\u00f3w zostanie wy\u0142\u0105czona z obs\u0142ugi - 24GLIWICE - Portal Gliwice | codziennie nowe informacje","isPartOf":{"@id":"https:\/\/www.24gliwice.pl\/wiadomosci\/#website"},"primaryImageOfPage":{"@id":"https:\/\/www.24gliwice.pl\/wiadomosci\/uwaga-na-zmiany-w-komunikacji-autobusowej-czesc-przystankow-zostanie-wylaczona-z-obslugi\/#primaryimage"},"image":{"@id":"https:\/\/www.24gliwice.pl\/wiadomosci\/uwaga-na-zmiany-w-komunikacji-autobusowej-czesc-przystankow-zostanie-wylaczona-z-obslugi\/#primaryimage"},"thumbnailUrl":"https:\/\/www.24gliwice.pl\/wiadomosci\/wp-content\/uploads\/2022\/05\/sosnica-przystanek.jpg","datePublished":"2022-05-27T11:30:47+00:00","dateModified":"2022-05-27T11:31:09+00:00","breadcrumb":{"@id":"https:\/\/www.24gliwice.pl\/wiadomosci\/uwaga-na-zmiany-w-komunikacji-autobusowej-czesc-przystankow-zostanie-wylaczona-z-obslugi\/#breadcrumb"},"inLanguage":"pl-PL","potentialAction":[{"@type":"ReadAction","target":["https:\/\/www.24gliwice.pl\/wiadomosci\/uwaga-na-zmiany-w-komunikacji-autobusowej-czesc-przystankow-zostanie-wylaczona-z-obslugi\/"]}]},{"@type":"ImageObject","inLanguage":"pl-PL","@id":"https:\/\/www.24gliwice.pl\/wiadomosci\/uwaga-na-zmiany-w-komunikacji-autobusowej-czesc-przystankow-zostanie-wylaczona-z-obslugi\/#primaryimage","url":"https:\/\/www.24gliwice.pl\/wiadomosci\/wp-content\/uploads\/2022\/05\/sosnica-przystanek.jpg","contentUrl":"https:\/\/www.24gliwice.pl\/wiadomosci\/wp-content\/uploads\/2022\/05\/sosnica-przystanek.jpg","width":810,"height":456},{"@type":"BreadcrumbList","@id":"https:\/\/www.24gliwice.pl\/wiadomosci\/uwaga-na-zmiany-w-komunikacji-autobusowej-czesc-przystankow-zostanie-wylaczona-z-obslugi\/#breadcrumb","itemListElement":[{"@type":"ListItem","position":1,"name":"Strona g\u0142\u00f3wna","item":"https:\/\/www.24gliwice.pl\/wiadomosci\/"},{"@type":"ListItem","position":2,"name":"Uwaga na zmiany w komunikacji autobusowej. Cz\u0119\u015b\u0107 przystank\u00f3w zostanie wy\u0142\u0105czona z obs\u0142ugi"}]},{"@type":"WebSite","@id":"https:\/\/www.24gliwice.pl\/wiadomosci\/#website","url":"https:\/\/www.24gliwice.pl\/wiadomosci\/","name":"24GLIWICE - Portal Gliwice | codziennie nowe wiadomo\u015bci","description":"Portal Miejski Gliwice","publisher":{"@id":"https:\/\/www.24gliwice.pl\/wiadomosci\/#organization"},"potentialAction":[{"@type":"SearchAction","target":{"@type":"EntryPoint","urlTemplate":"https:\/\/www.24gliwice.pl\/wiadomosci\/?s={search_term_string}"},"query-input":{"@type":"PropertyValueSpecification","valueRequired":true,"valueName":"search_term_string"}}],"inLanguage":"pl-PL"},{"@type":"Organization","@id":"https:\/\/www.24gliwice.pl\/wiadomosci\/#organization","name":"24gliwice","url":"https:\/\/www.24gliwice.pl\/wiadomosci\/","logo":{"@type":"ImageObject","inLanguage":"pl-PL","@id":"https:\/\/www.24gliwice.pl\/wiadomosci\/#\/schema\/logo\/image\/","url":"https:\/\/www.24gliwice.pl\/wiadomosci\/wp-content\/uploads\/2024\/10\/24gliwice-logo-696.jpg","contentUrl":"https:\/\/www.24gliwice.pl\/wiadomosci\/wp-content\/uploads\/2024\/10\/24gliwice-logo-696.jpg","width":696,"height":696,"caption":"24gliwice"},"image":{"@id":"https:\/\/www.24gliwice.pl\/wiadomosci\/#\/schema\/logo\/image\/"},"sameAs":["https:\/\/www.facebook.com\/24gliwice","https:\/\/x.com\/24gliwice","https:\/\/www.youtube.com\/@24gliwice"]},{"@type":"Person","@id":"https:\/\/www.24gliwice.pl\/wiadomosci\/#\/schema\/person\/e42c650edd7f2fa332be3811fb166b6e","name":"\u017baneta Mrozek-Siewierska","image":{"@type":"ImageObject","inLanguage":"pl-PL","@id":"https:\/\/www.24gliwice.pl\/wiadomosci\/wp-content\/uploads\/2021\/11\/Zaneta-M_S-zdjecie-czb-96x96.jpg","url":"https:\/\/www.24gliwice.pl\/wiadomosci\/wp-content\/uploads\/2021\/11\/Zaneta-M_S-zdjecie-czb-96x96.jpg","contentUrl":"https:\/\/www.24gliwice.pl\/wiadomosci\/wp-content\/uploads\/2021\/11\/Zaneta-M_S-zdjecie-czb-96x96.jpg","caption":"\u017baneta Mrozek-Siewierska"},"url":"https:\/\/www.24gliwice.pl\/wiadomosci\/author\/zms\/"}]}},"_links":{"self":[{"href":"https:\/\/www.24gliwice.pl\/wiadomosci\/wp-json\/wp\/v2\/posts\/193249","targetHints":{"allow":["GET"]}}],"collection":[{"href":"https:\/\/www.24gliwice.pl\/wiadomosci\/wp-json\/wp\/v2\/posts"}],"about":[{"href":"https:\/\/www.24gliwice.pl\/wiadomosci\/wp-json\/wp\/v2\/types\/post"}],"author":[{"embeddable":true,"href":"https:\/\/www.24gliwice.pl\/wiadomosci\/wp-json\/wp\/v2\/users\/15"}],"replies":[{"embeddable":true,"href":"https:\/\/www.24gliwice.pl\/wiadomosci\/wp-json\/wp\/v2\/comments?post=193249"}],"version-history":[{"count":5,"href":"https:\/\/www.24gliwice.pl\/wiadomosci\/wp-json\/wp\/v2\/posts\/193249\/revisions"}],"predecessor-version":[{"id":193261,"href":"https:\/\/www.24gliwice.pl\/wiadomosci\/wp-json\/wp\/v2\/posts\/193249\/revisions\/193261"}],"wp:featuredmedia":[{"embeddable":true,"href":"https:\/\/www.24gliwice.pl\/wiadomosci\/wp-json\/wp\/v2\/media\/193254"}],"wp:attachment":[{"href":"https:\/\/www.24gliwice.pl\/wiadomosci\/wp-json\/wp\/v2\/media?parent=193249"}],"wp:term":[{"taxonomy":"category","embeddable":true,"href":"https:\/\/www.24gliwice.pl\/wiadomosci\/wp-json\/wp\/v2\/categories?post=193249"},{"taxonomy":"post_tag","embeddable":true,"href":"https:\/\/www.24gliwice.pl\/wiadomosci\/wp-json\/wp\/v2\/tags?post=193249"}],"curies":[{"name":"wp","href":"https:\/\/api.w.org\/{rel}","templated":true}]}}