{"id":193256,"date":"2022-05-27T16:18:06","date_gmt":"2022-05-27T14:18:06","guid":{"rendered":"https:\/\/www.24gliwice.pl\/wiadomosci\/?p=193256"},"modified":"2022-05-27T16:18:06","modified_gmt":"2022-05-27T14:18:06","slug":"feniksy-kanaryjskie-pojawily-sie-na-skwerze-nad-dts-stanely-na-miejskiej-plazy-i-w-miejscu-choinki","status":"publish","type":"post","link":"https:\/\/www.24gliwice.pl\/wiadomosci\/feniksy-kanaryjskie-pojawily-sie-na-skwerze-nad-dts-stanely-na-miejskiej-plazy-i-w-miejscu-choinki\/","title":{"rendered":"Feniksy kanaryjskie pojawi\u0142y si\u0119 na skwerze nad DT\u015a. Stan\u0119\u0142y na miejskiej pla\u017cy i w miejscu choinki"},"content":{"rendered":"<div class=\"gliwi-a6-nad-leadem-artykulow gliwi-entity-placement\" id=\"gliwi-1532756260\"><div class=\"gliwi-adlabel\"><span style=\"font-size: 9px\">REKLAMA<\/span><\/div><div id=\"gliwi-412082997\" style=\"margin-bottom: 25px;margin-left: auto;margin-right: auto;text-align: center;\"><a data-no-instant=\"1\" href=\"https:\/\/dom100.eu\/\" rel=\"noopener\" class=\"a2t-link\" target=\"_blank\" aria-label=\"20260415 DOM100 D\"><img loading=\"lazy\" decoding=\"async\" src=\"https:\/\/www.24gliwice.pl\/wiadomosci\/wp-content\/uploads\/2026\/04\/20260415-DOM100-D.jpg\" alt=\"\"  srcset=\"https:\/\/www.24gliwice.pl\/wiadomosci\/wp-content\/uploads\/2026\/04\/20260415-DOM100-D.jpg 750w, https:\/\/www.24gliwice.pl\/wiadomosci\/wp-content\/uploads\/2026\/04\/20260415-DOM100-D-410x109.jpg 410w\" sizes=\"(max-width: 750px) 100vw, 750px\" class=\"no-lazyload\" width=\"750\" height=\"200\"  style=\"display: inline-block; max-width: 100%; height: auto;\" \/><\/a><\/div><\/div><h2>Palmy, czyli feniksy kanaryjskie z gliwickiej Palmiarni Miejskiej, uatrakcyjni\u0105 przebywanie na skwerze nad DT\u015a. Drogowcy postawili je tam w ostatni pi\u0105tek maja.<\/h2>\n<p>&nbsp;<br \/>\n<a href=\"https:\/\/www.24gliwice.pl\/wiadomosci\/wp-content\/uploads\/2022\/05\/palmy-zdm2.jpg\"><img loading=\"lazy\" decoding=\"async\" src=\"https:\/\/www.24gliwice.pl\/wiadomosci\/wp-content\/uploads\/2022\/05\/palmy-zdm2.jpg\" alt=\"\" width=\"810\" height=\"454\" class=\"alignnone size-full wp-image-193263\" srcset=\"https:\/\/www.24gliwice.pl\/wiadomosci\/wp-content\/uploads\/2022\/05\/palmy-zdm2.jpg 810w, https:\/\/www.24gliwice.pl\/wiadomosci\/wp-content\/uploads\/2022\/05\/palmy-zdm2-410x230.jpg 410w, https:\/\/www.24gliwice.pl\/wiadomosci\/wp-content\/uploads\/2022\/05\/palmy-zdm2-768x430.jpg 768w\" sizes=\"auto, (max-width: 810px) 100vw, 810px\" \/><\/a><\/p>\n<p>&#8211; <em>R\u00f3\u017cnorodno\u015b\u0107 gatunk\u00f3w i barw nieustannie przyci\u0105ga w to miejsce, Gliwiczan i przyjezdnych. Palmy b\u0119d\u0105 zdobi\u0107 m.in. miejsk\u0105 pla\u017c\u0119. Ustawione zostan\u0105 tak\u017ce w miejscu bo\u017conarodzeniowej choinki<\/em> &#8211; informuje <strong>Jadwiga Jagie\u0142\u0142o-Stiborska<\/strong>, rzeczniczka Zarz\u0105du Dr\u00f3g Miejskich w Gliwicach. <\/p>\n<blockquote><p><em>Feniksy kanaryjskie b\u0119d\u0105 dodatkowym atutem skweru, na kt\u00f3rym ro\u015bnie ponad 60 tys. ro\u015blin. Nasadzenia ro\u015blin na terenie skweru zosta\u0142y zaprojektowane w spos\u00f3b zapewniaj\u0105cy sta\u0142\u0105 atrakcyjno\u015b\u0107 rabat<\/em> <\/p><\/blockquote>\n<p>&#8211; dodaje rzeczniczka. <\/p><div class=\"gliwi-a3-w-tresci-artykulow gliwi-entity-placement\" id=\"gliwi-2565067006\"><div class=\"gliwi-adlabel\"><span style=\"font-size: 9px\">REKLAMA<\/span><\/div><div id=\"gliwi-2732277075\" style=\"margin-bottom: 30px;margin-left: auto;margin-right: auto;text-align: center;\"><a data-no-instant=\"1\" href=\"https:\/\/ogrodyandersa.pl\/\" rel=\"noopener\" class=\"a2t-link\" target=\"_blank\" aria-label=\"20260415 Ogrody Andersa KUP TERAZ D\"><img loading=\"lazy\" decoding=\"async\" src=\"https:\/\/www.24gliwice.pl\/wiadomosci\/wp-content\/uploads\/2026\/04\/20260415-Ogrody-Andersa-KUP-TERAZ-D.jpg\" alt=\"\"  srcset=\"https:\/\/www.24gliwice.pl\/wiadomosci\/wp-content\/uploads\/2026\/04\/20260415-Ogrody-Andersa-KUP-TERAZ-D.jpg 750w, https:\/\/www.24gliwice.pl\/wiadomosci\/wp-content\/uploads\/2026\/04\/20260415-Ogrody-Andersa-KUP-TERAZ-D-410x109.jpg 410w\" sizes=\"(max-width: 750px) 100vw, 750px\" class=\"no-lazyload\" width=\"750\" height=\"200\"  style=\"display: inline-block; max-width: 100%; height: auto;\" \/><\/a><\/div><\/div>\n<p>Jak zaznacza Zarz\u0105d Dr\u00f3g Miejskich, kt\u00f3ry odpowiada za nowe zagospodarowanie skweru nad Drogow\u0105 Tras\u0105 \u015arednicow\u0105, istot\u0105 wykonanych kompozycji ro\u015blinnych jest takie zestawienie gatunk\u00f3w i odmian, kt\u00f3re wykorzystuj\u0105c zr\u00f3\u017cnicowane fazy rozwoju ro\u015blin. Umo\u017cliwia to sta\u0142e urozmaicenie skweru barwnymi kwiatami oraz ulistnieniem o zr\u00f3\u017cnicowanej fakturze i formie. <\/p>\n<p>(\u017cms)\/ZDM Gliwice<br \/>\nfot. ZDM Gliwice<\/p>\n<div class=\"gliwi-a5-na-koncu-artykulow gliwi-entity-placement\" id=\"gliwi-175610844\"><div class=\"gliwi-adlabel\"><span style=\"font-size: 9px\">REKLAMA<\/span><\/div><div id=\"gliwi-1553823932\" style=\"margin-left: auto;margin-right: auto;text-align: center;\"><a data-no-instant=\"1\" href=\"https:\/\/prezeroarenagliwice.pl\/\" rel=\"noopener\" class=\"a2t-link\" target=\"_blank\" aria-label=\"20260309-PREZERO-WIOSNA-D\"><img loading=\"lazy\" decoding=\"async\" src=\"https:\/\/www.24gliwice.pl\/wiadomosci\/wp-content\/uploads\/2026\/03\/20260309-PREZERO-WIOSNA-D.webp\" alt=\"\"  srcset=\"https:\/\/www.24gliwice.pl\/wiadomosci\/wp-content\/uploads\/2026\/03\/20260309-PREZERO-WIOSNA-D.webp 750w, https:\/\/www.24gliwice.pl\/wiadomosci\/wp-content\/uploads\/2026\/03\/20260309-PREZERO-WIOSNA-D-410x109.webp 410w\" sizes=\"(max-width: 750px) 100vw, 750px\" class=\"no-lazyload\" width=\"750\" height=\"200\"  style=\"display: inline-block; max-width: 100%; height: auto;\" \/><\/a><\/div><\/div>","protected":false},"excerpt":{"rendered":"<p>Palmy, czyli feniksy kanaryjskie z gliwickiej Palmiarni Miejskiej, uatrakcyjni\u0105 przebywanie na skwerze nad DT\u015a. Drogowcy postawili je tam w ostatni pi\u0105tek maja. &nbsp; &#8211; R\u00f3\u017cnorodno\u015b\u0107 gatunk\u00f3w i barw nieustannie przyci\u0105ga w to miejsce, Gliwiczan i przyjezdnych. Palmy b\u0119d\u0105 zdobi\u0107 m.in. miejsk\u0105 pla\u017c\u0119. Ustawione zostan\u0105 tak\u017ce w miejscu bo\u017conarodzeniowej choinki &#8211; informuje Jadwiga Jagie\u0142\u0142o-Stiborska, rzeczniczka Zarz\u0105du [&hellip;]<\/p>\n","protected":false},"author":15,"featured_media":193262,"comment_status":"open","ping_status":"closed","sticky":false,"template":"","format":"standard","meta":{"_monsterinsights_skip_tracking":false,"_monsterinsights_sitenote_active":false,"_monsterinsights_sitenote_note":"","_monsterinsights_sitenote_category":0,"footnotes":"","_links_to":"","_links_to_target":""},"categories":[3,1],"tags":[19578,6794],"class_list":["post-193256","post","type-post","status-publish","format-standard","has-post-thumbnail","hentry","category-gliwice","category-wszystko","tag-feniksy-kanaryjskie","tag-skwer-dts"],"yoast_head":"<!-- This site is optimized with the Yoast SEO plugin v27.4 - https:\/\/yoast.com\/product\/yoast-seo-wordpress\/ -->\n<title>Feniksy kanaryjskie pojawi\u0142y si\u0119 na skwerze nad DT\u015a. Stan\u0119\u0142y na miejskiej pla\u017cy i w miejscu choinki - 24GLIWICE - Portal Gliwice | codziennie nowe informacje<\/title>\n<meta name=\"description\" content=\"Feniksy kanaryjskie ustawiono w pi\u0105tek na skwerze nad DT\u015a. Stan\u0119\u0142y m.in. na pla\u017cy oraz w miejscu choinki bo\u017conarodzeniowej\" \/>\n<meta name=\"robots\" content=\"index, follow, max-snippet:-1, max-image-preview:large, max-video-preview:-1\" \/>\n<link rel=\"canonical\" href=\"https:\/\/www.24gliwice.pl\/wiadomosci\/feniksy-kanaryjskie-pojawily-sie-na-skwerze-nad-dts-stanely-na-miejskiej-plazy-i-w-miejscu-choinki\/\" \/>\n<meta property=\"og:locale\" content=\"pl_PL\" \/>\n<meta property=\"og:type\" content=\"article\" \/>\n<meta property=\"og:title\" content=\"Feniksy kanaryjskie pojawi\u0142y si\u0119 na skwerze nad DT\u015a. Stan\u0119\u0142y na miejskiej pla\u017cy i w miejscu choinki - 24GLIWICE - Portal Gliwice | codziennie nowe informacje\" \/>\n<meta property=\"og:description\" content=\"Feniksy kanaryjskie ustawiono w pi\u0105tek na skwerze nad DT\u015a. Stan\u0119\u0142y m.in. na pla\u017cy oraz w miejscu choinki bo\u017conarodzeniowej\" \/>\n<meta property=\"og:url\" content=\"https:\/\/www.24gliwice.pl\/wiadomosci\/feniksy-kanaryjskie-pojawily-sie-na-skwerze-nad-dts-stanely-na-miejskiej-plazy-i-w-miejscu-choinki\/\" \/>\n<meta property=\"og:site_name\" content=\"24GLIWICE - Portal Gliwice | codziennie nowe informacje\" \/>\n<meta property=\"article:publisher\" content=\"https:\/\/www.facebook.com\/24gliwice\" \/>\n<meta property=\"article:published_time\" content=\"2022-05-27T14:18:06+00:00\" \/>\n<meta property=\"og:image\" content=\"https:\/\/www.24gliwice.pl\/wiadomosci\/wp-content\/uploads\/2022\/05\/palmy-zdm.jpg\" \/>\n\t<meta property=\"og:image:width\" content=\"810\" \/>\n\t<meta property=\"og:image:height\" content=\"454\" \/>\n\t<meta property=\"og:image:type\" content=\"image\/jpeg\" \/>\n<meta name=\"author\" content=\"\u017baneta Mrozek-Siewierska\" \/>\n<meta name=\"twitter:card\" content=\"summary_large_image\" \/>\n<meta name=\"twitter:creator\" content=\"@24gliwice\" \/>\n<meta name=\"twitter:site\" content=\"@24gliwice\" \/>\n<meta name=\"twitter:label1\" content=\"Napisane przez\" \/>\n\t<meta name=\"twitter:data1\" content=\"\u017baneta Mrozek-Siewierska\" \/>\n\t<meta name=\"twitter:label2\" content=\"Szacowany czas czytania\" \/>\n\t<meta name=\"twitter:data2\" content=\"1 minuta\" \/>\n<script type=\"application\/ld+json\" class=\"yoast-schema-graph\">{\"@context\":\"https:\\\/\\\/schema.org\",\"@graph\":[{\"@type\":\"Article\",\"@id\":\"https:\\\/\\\/www.24gliwice.pl\\\/wiadomosci\\\/feniksy-kanaryjskie-pojawily-sie-na-skwerze-nad-dts-stanely-na-miejskiej-plazy-i-w-miejscu-choinki\\\/#article\",\"isPartOf\":{\"@id\":\"https:\\\/\\\/www.24gliwice.pl\\\/wiadomosci\\\/feniksy-kanaryjskie-pojawily-sie-na-skwerze-nad-dts-stanely-na-miejskiej-plazy-i-w-miejscu-choinki\\\/\"},\"author\":{\"name\":\"\u017baneta Mrozek-Siewierska\",\"@id\":\"https:\\\/\\\/www.24gliwice.pl\\\/wiadomosci\\\/#\\\/schema\\\/person\\\/e42c650edd7f2fa332be3811fb166b6e\"},\"headline\":\"Feniksy kanaryjskie pojawi\u0142y si\u0119 na skwerze nad DT\u015a. Stan\u0119\u0142y na miejskiej pla\u017cy i w miejscu choinki\",\"datePublished\":\"2022-05-27T14:18:06+00:00\",\"mainEntityOfPage\":{\"@id\":\"https:\\\/\\\/www.24gliwice.pl\\\/wiadomosci\\\/feniksy-kanaryjskie-pojawily-sie-na-skwerze-nad-dts-stanely-na-miejskiej-plazy-i-w-miejscu-choinki\\\/\"},\"wordCount\":188,\"commentCount\":0,\"publisher\":{\"@id\":\"https:\\\/\\\/www.24gliwice.pl\\\/wiadomosci\\\/#organization\"},\"image\":{\"@id\":\"https:\\\/\\\/www.24gliwice.pl\\\/wiadomosci\\\/feniksy-kanaryjskie-pojawily-sie-na-skwerze-nad-dts-stanely-na-miejskiej-plazy-i-w-miejscu-choinki\\\/#primaryimage\"},\"thumbnailUrl\":\"https:\\\/\\\/www.24gliwice.pl\\\/wiadomosci\\\/wp-content\\\/uploads\\\/2022\\\/05\\\/palmy-zdm.jpg\",\"keywords\":[\"feniksy kanaryjskie\",\"skwer dt\u015b\"],\"articleSection\":[\"Gliwice\",\"Najnowsze wiadomo\u015bci\"],\"inLanguage\":\"pl-PL\",\"potentialAction\":[{\"@type\":\"CommentAction\",\"name\":\"Comment\",\"target\":[\"https:\\\/\\\/www.24gliwice.pl\\\/wiadomosci\\\/feniksy-kanaryjskie-pojawily-sie-na-skwerze-nad-dts-stanely-na-miejskiej-plazy-i-w-miejscu-choinki\\\/#respond\"]}]},{\"@type\":\"WebPage\",\"@id\":\"https:\\\/\\\/www.24gliwice.pl\\\/wiadomosci\\\/feniksy-kanaryjskie-pojawily-sie-na-skwerze-nad-dts-stanely-na-miejskiej-plazy-i-w-miejscu-choinki\\\/\",\"url\":\"https:\\\/\\\/www.24gliwice.pl\\\/wiadomosci\\\/feniksy-kanaryjskie-pojawily-sie-na-skwerze-nad-dts-stanely-na-miejskiej-plazy-i-w-miejscu-choinki\\\/\",\"name\":\"Feniksy kanaryjskie pojawi\u0142y si\u0119 na skwerze nad DT\u015a. Stan\u0119\u0142y na miejskiej pla\u017cy i w miejscu choinki - 24GLIWICE - Portal Gliwice | codziennie nowe informacje\",\"isPartOf\":{\"@id\":\"https:\\\/\\\/www.24gliwice.pl\\\/wiadomosci\\\/#website\"},\"primaryImageOfPage\":{\"@id\":\"https:\\\/\\\/www.24gliwice.pl\\\/wiadomosci\\\/feniksy-kanaryjskie-pojawily-sie-na-skwerze-nad-dts-stanely-na-miejskiej-plazy-i-w-miejscu-choinki\\\/#primaryimage\"},\"image\":{\"@id\":\"https:\\\/\\\/www.24gliwice.pl\\\/wiadomosci\\\/feniksy-kanaryjskie-pojawily-sie-na-skwerze-nad-dts-stanely-na-miejskiej-plazy-i-w-miejscu-choinki\\\/#primaryimage\"},\"thumbnailUrl\":\"https:\\\/\\\/www.24gliwice.pl\\\/wiadomosci\\\/wp-content\\\/uploads\\\/2022\\\/05\\\/palmy-zdm.jpg\",\"datePublished\":\"2022-05-27T14:18:06+00:00\",\"description\":\"Feniksy kanaryjskie ustawiono w pi\u0105tek na skwerze nad DT\u015a. Stan\u0119\u0142y m.in. na pla\u017cy oraz w miejscu choinki bo\u017conarodzeniowej\",\"breadcrumb\":{\"@id\":\"https:\\\/\\\/www.24gliwice.pl\\\/wiadomosci\\\/feniksy-kanaryjskie-pojawily-sie-na-skwerze-nad-dts-stanely-na-miejskiej-plazy-i-w-miejscu-choinki\\\/#breadcrumb\"},\"inLanguage\":\"pl-PL\",\"potentialAction\":[{\"@type\":\"ReadAction\",\"target\":[\"https:\\\/\\\/www.24gliwice.pl\\\/wiadomosci\\\/feniksy-kanaryjskie-pojawily-sie-na-skwerze-nad-dts-stanely-na-miejskiej-plazy-i-w-miejscu-choinki\\\/\"]}]},{\"@type\":\"ImageObject\",\"inLanguage\":\"pl-PL\",\"@id\":\"https:\\\/\\\/www.24gliwice.pl\\\/wiadomosci\\\/feniksy-kanaryjskie-pojawily-sie-na-skwerze-nad-dts-stanely-na-miejskiej-plazy-i-w-miejscu-choinki\\\/#primaryimage\",\"url\":\"https:\\\/\\\/www.24gliwice.pl\\\/wiadomosci\\\/wp-content\\\/uploads\\\/2022\\\/05\\\/palmy-zdm.jpg\",\"contentUrl\":\"https:\\\/\\\/www.24gliwice.pl\\\/wiadomosci\\\/wp-content\\\/uploads\\\/2022\\\/05\\\/palmy-zdm.jpg\",\"width\":810,\"height\":454},{\"@type\":\"BreadcrumbList\",\"@id\":\"https:\\\/\\\/www.24gliwice.pl\\\/wiadomosci\\\/feniksy-kanaryjskie-pojawily-sie-na-skwerze-nad-dts-stanely-na-miejskiej-plazy-i-w-miejscu-choinki\\\/#breadcrumb\",\"itemListElement\":[{\"@type\":\"ListItem\",\"position\":1,\"name\":\"Strona g\u0142\u00f3wna\",\"item\":\"https:\\\/\\\/www.24gliwice.pl\\\/wiadomosci\\\/\"},{\"@type\":\"ListItem\",\"position\":2,\"name\":\"Feniksy kanaryjskie pojawi\u0142y si\u0119 na skwerze nad DT\u015a. Stan\u0119\u0142y na miejskiej pla\u017cy i w miejscu choinki\"}]},{\"@type\":\"WebSite\",\"@id\":\"https:\\\/\\\/www.24gliwice.pl\\\/wiadomosci\\\/#website\",\"url\":\"https:\\\/\\\/www.24gliwice.pl\\\/wiadomosci\\\/\",\"name\":\"24GLIWICE - Portal Gliwice | codziennie nowe wiadomo\u015bci\",\"description\":\"Portal Miejski Gliwice\",\"publisher\":{\"@id\":\"https:\\\/\\\/www.24gliwice.pl\\\/wiadomosci\\\/#organization\"},\"potentialAction\":[{\"@type\":\"SearchAction\",\"target\":{\"@type\":\"EntryPoint\",\"urlTemplate\":\"https:\\\/\\\/www.24gliwice.pl\\\/wiadomosci\\\/?s={search_term_string}\"},\"query-input\":{\"@type\":\"PropertyValueSpecification\",\"valueRequired\":true,\"valueName\":\"search_term_string\"}}],\"inLanguage\":\"pl-PL\"},{\"@type\":\"Organization\",\"@id\":\"https:\\\/\\\/www.24gliwice.pl\\\/wiadomosci\\\/#organization\",\"name\":\"24gliwice\",\"url\":\"https:\\\/\\\/www.24gliwice.pl\\\/wiadomosci\\\/\",\"logo\":{\"@type\":\"ImageObject\",\"inLanguage\":\"pl-PL\",\"@id\":\"https:\\\/\\\/www.24gliwice.pl\\\/wiadomosci\\\/#\\\/schema\\\/logo\\\/image\\\/\",\"url\":\"https:\\\/\\\/www.24gliwice.pl\\\/wiadomosci\\\/wp-content\\\/uploads\\\/2024\\\/10\\\/24gliwice-logo-696.jpg\",\"contentUrl\":\"https:\\\/\\\/www.24gliwice.pl\\\/wiadomosci\\\/wp-content\\\/uploads\\\/2024\\\/10\\\/24gliwice-logo-696.jpg\",\"width\":696,\"height\":696,\"caption\":\"24gliwice\"},\"image\":{\"@id\":\"https:\\\/\\\/www.24gliwice.pl\\\/wiadomosci\\\/#\\\/schema\\\/logo\\\/image\\\/\"},\"sameAs\":[\"https:\\\/\\\/www.facebook.com\\\/24gliwice\",\"https:\\\/\\\/x.com\\\/24gliwice\",\"https:\\\/\\\/www.youtube.com\\\/@24gliwice\"]},{\"@type\":\"Person\",\"@id\":\"https:\\\/\\\/www.24gliwice.pl\\\/wiadomosci\\\/#\\\/schema\\\/person\\\/e42c650edd7f2fa332be3811fb166b6e\",\"name\":\"\u017baneta Mrozek-Siewierska\",\"image\":{\"@type\":\"ImageObject\",\"inLanguage\":\"pl-PL\",\"@id\":\"https:\\\/\\\/www.24gliwice.pl\\\/wiadomosci\\\/wp-content\\\/uploads\\\/2021\\\/11\\\/Zaneta-M_S-zdjecie-czb-96x96.jpg\",\"url\":\"https:\\\/\\\/www.24gliwice.pl\\\/wiadomosci\\\/wp-content\\\/uploads\\\/2021\\\/11\\\/Zaneta-M_S-zdjecie-czb-96x96.jpg\",\"contentUrl\":\"https:\\\/\\\/www.24gliwice.pl\\\/wiadomosci\\\/wp-content\\\/uploads\\\/2021\\\/11\\\/Zaneta-M_S-zdjecie-czb-96x96.jpg\",\"caption\":\"\u017baneta Mrozek-Siewierska\"},\"url\":\"https:\\\/\\\/www.24gliwice.pl\\\/wiadomosci\\\/author\\\/zms\\\/\"}]}<\/script>\n<!-- \/ Yoast SEO plugin. -->","yoast_head_json":{"title":"Feniksy kanaryjskie pojawi\u0142y si\u0119 na skwerze nad DT\u015a. Stan\u0119\u0142y na miejskiej pla\u017cy i w miejscu choinki - 24GLIWICE - Portal Gliwice | codziennie nowe informacje","description":"Feniksy kanaryjskie ustawiono w pi\u0105tek na skwerze nad DT\u015a. Stan\u0119\u0142y m.in. na pla\u017cy oraz w miejscu choinki bo\u017conarodzeniowej","robots":{"index":"index","follow":"follow","max-snippet":"max-snippet:-1","max-image-preview":"max-image-preview:large","max-video-preview":"max-video-preview:-1"},"canonical":"https:\/\/www.24gliwice.pl\/wiadomosci\/feniksy-kanaryjskie-pojawily-sie-na-skwerze-nad-dts-stanely-na-miejskiej-plazy-i-w-miejscu-choinki\/","og_locale":"pl_PL","og_type":"article","og_title":"Feniksy kanaryjskie pojawi\u0142y si\u0119 na skwerze nad DT\u015a. Stan\u0119\u0142y na miejskiej pla\u017cy i w miejscu choinki - 24GLIWICE - Portal Gliwice | codziennie nowe informacje","og_description":"Feniksy kanaryjskie ustawiono w pi\u0105tek na skwerze nad DT\u015a. Stan\u0119\u0142y m.in. na pla\u017cy oraz w miejscu choinki bo\u017conarodzeniowej","og_url":"https:\/\/www.24gliwice.pl\/wiadomosci\/feniksy-kanaryjskie-pojawily-sie-na-skwerze-nad-dts-stanely-na-miejskiej-plazy-i-w-miejscu-choinki\/","og_site_name":"24GLIWICE - Portal Gliwice | codziennie nowe informacje","article_publisher":"https:\/\/www.facebook.com\/24gliwice","article_published_time":"2022-05-27T14:18:06+00:00","og_image":[{"width":810,"height":454,"url":"https:\/\/www.24gliwice.pl\/wiadomosci\/wp-content\/uploads\/2022\/05\/palmy-zdm.jpg","type":"image\/jpeg"}],"author":"\u017baneta Mrozek-Siewierska","twitter_card":"summary_large_image","twitter_creator":"@24gliwice","twitter_site":"@24gliwice","twitter_misc":{"Napisane przez":"\u017baneta Mrozek-Siewierska","Szacowany czas czytania":"1 minuta"},"schema":{"@context":"https:\/\/schema.org","@graph":[{"@type":"Article","@id":"https:\/\/www.24gliwice.pl\/wiadomosci\/feniksy-kanaryjskie-pojawily-sie-na-skwerze-nad-dts-stanely-na-miejskiej-plazy-i-w-miejscu-choinki\/#article","isPartOf":{"@id":"https:\/\/www.24gliwice.pl\/wiadomosci\/feniksy-kanaryjskie-pojawily-sie-na-skwerze-nad-dts-stanely-na-miejskiej-plazy-i-w-miejscu-choinki\/"},"author":{"name":"\u017baneta Mrozek-Siewierska","@id":"https:\/\/www.24gliwice.pl\/wiadomosci\/#\/schema\/person\/e42c650edd7f2fa332be3811fb166b6e"},"headline":"Feniksy kanaryjskie pojawi\u0142y si\u0119 na skwerze nad DT\u015a. Stan\u0119\u0142y na miejskiej pla\u017cy i w miejscu choinki","datePublished":"2022-05-27T14:18:06+00:00","mainEntityOfPage":{"@id":"https:\/\/www.24gliwice.pl\/wiadomosci\/feniksy-kanaryjskie-pojawily-sie-na-skwerze-nad-dts-stanely-na-miejskiej-plazy-i-w-miejscu-choinki\/"},"wordCount":188,"commentCount":0,"publisher":{"@id":"https:\/\/www.24gliwice.pl\/wiadomosci\/#organization"},"image":{"@id":"https:\/\/www.24gliwice.pl\/wiadomosci\/feniksy-kanaryjskie-pojawily-sie-na-skwerze-nad-dts-stanely-na-miejskiej-plazy-i-w-miejscu-choinki\/#primaryimage"},"thumbnailUrl":"https:\/\/www.24gliwice.pl\/wiadomosci\/wp-content\/uploads\/2022\/05\/palmy-zdm.jpg","keywords":["feniksy kanaryjskie","skwer dt\u015b"],"articleSection":["Gliwice","Najnowsze wiadomo\u015bci"],"inLanguage":"pl-PL","potentialAction":[{"@type":"CommentAction","name":"Comment","target":["https:\/\/www.24gliwice.pl\/wiadomosci\/feniksy-kanaryjskie-pojawily-sie-na-skwerze-nad-dts-stanely-na-miejskiej-plazy-i-w-miejscu-choinki\/#respond"]}]},{"@type":"WebPage","@id":"https:\/\/www.24gliwice.pl\/wiadomosci\/feniksy-kanaryjskie-pojawily-sie-na-skwerze-nad-dts-stanely-na-miejskiej-plazy-i-w-miejscu-choinki\/","url":"https:\/\/www.24gliwice.pl\/wiadomosci\/feniksy-kanaryjskie-pojawily-sie-na-skwerze-nad-dts-stanely-na-miejskiej-plazy-i-w-miejscu-choinki\/","name":"Feniksy kanaryjskie pojawi\u0142y si\u0119 na skwerze nad DT\u015a. Stan\u0119\u0142y na miejskiej pla\u017cy i w miejscu choinki - 24GLIWICE - Portal Gliwice | codziennie nowe informacje","isPartOf":{"@id":"https:\/\/www.24gliwice.pl\/wiadomosci\/#website"},"primaryImageOfPage":{"@id":"https:\/\/www.24gliwice.pl\/wiadomosci\/feniksy-kanaryjskie-pojawily-sie-na-skwerze-nad-dts-stanely-na-miejskiej-plazy-i-w-miejscu-choinki\/#primaryimage"},"image":{"@id":"https:\/\/www.24gliwice.pl\/wiadomosci\/feniksy-kanaryjskie-pojawily-sie-na-skwerze-nad-dts-stanely-na-miejskiej-plazy-i-w-miejscu-choinki\/#primaryimage"},"thumbnailUrl":"https:\/\/www.24gliwice.pl\/wiadomosci\/wp-content\/uploads\/2022\/05\/palmy-zdm.jpg","datePublished":"2022-05-27T14:18:06+00:00","description":"Feniksy kanaryjskie ustawiono w pi\u0105tek na skwerze nad DT\u015a. Stan\u0119\u0142y m.in. na pla\u017cy oraz w miejscu choinki bo\u017conarodzeniowej","breadcrumb":{"@id":"https:\/\/www.24gliwice.pl\/wiadomosci\/feniksy-kanaryjskie-pojawily-sie-na-skwerze-nad-dts-stanely-na-miejskiej-plazy-i-w-miejscu-choinki\/#breadcrumb"},"inLanguage":"pl-PL","potentialAction":[{"@type":"ReadAction","target":["https:\/\/www.24gliwice.pl\/wiadomosci\/feniksy-kanaryjskie-pojawily-sie-na-skwerze-nad-dts-stanely-na-miejskiej-plazy-i-w-miejscu-choinki\/"]}]},{"@type":"ImageObject","inLanguage":"pl-PL","@id":"https:\/\/www.24gliwice.pl\/wiadomosci\/feniksy-kanaryjskie-pojawily-sie-na-skwerze-nad-dts-stanely-na-miejskiej-plazy-i-w-miejscu-choinki\/#primaryimage","url":"https:\/\/www.24gliwice.pl\/wiadomosci\/wp-content\/uploads\/2022\/05\/palmy-zdm.jpg","contentUrl":"https:\/\/www.24gliwice.pl\/wiadomosci\/wp-content\/uploads\/2022\/05\/palmy-zdm.jpg","width":810,"height":454},{"@type":"BreadcrumbList","@id":"https:\/\/www.24gliwice.pl\/wiadomosci\/feniksy-kanaryjskie-pojawily-sie-na-skwerze-nad-dts-stanely-na-miejskiej-plazy-i-w-miejscu-choinki\/#breadcrumb","itemListElement":[{"@type":"ListItem","position":1,"name":"Strona g\u0142\u00f3wna","item":"https:\/\/www.24gliwice.pl\/wiadomosci\/"},{"@type":"ListItem","position":2,"name":"Feniksy kanaryjskie pojawi\u0142y si\u0119 na skwerze nad DT\u015a. Stan\u0119\u0142y na miejskiej pla\u017cy i w miejscu choinki"}]},{"@type":"WebSite","@id":"https:\/\/www.24gliwice.pl\/wiadomosci\/#website","url":"https:\/\/www.24gliwice.pl\/wiadomosci\/","name":"24GLIWICE - Portal Gliwice | codziennie nowe wiadomo\u015bci","description":"Portal Miejski Gliwice","publisher":{"@id":"https:\/\/www.24gliwice.pl\/wiadomosci\/#organization"},"potentialAction":[{"@type":"SearchAction","target":{"@type":"EntryPoint","urlTemplate":"https:\/\/www.24gliwice.pl\/wiadomosci\/?s={search_term_string}"},"query-input":{"@type":"PropertyValueSpecification","valueRequired":true,"valueName":"search_term_string"}}],"inLanguage":"pl-PL"},{"@type":"Organization","@id":"https:\/\/www.24gliwice.pl\/wiadomosci\/#organization","name":"24gliwice","url":"https:\/\/www.24gliwice.pl\/wiadomosci\/","logo":{"@type":"ImageObject","inLanguage":"pl-PL","@id":"https:\/\/www.24gliwice.pl\/wiadomosci\/#\/schema\/logo\/image\/","url":"https:\/\/www.24gliwice.pl\/wiadomosci\/wp-content\/uploads\/2024\/10\/24gliwice-logo-696.jpg","contentUrl":"https:\/\/www.24gliwice.pl\/wiadomosci\/wp-content\/uploads\/2024\/10\/24gliwice-logo-696.jpg","width":696,"height":696,"caption":"24gliwice"},"image":{"@id":"https:\/\/www.24gliwice.pl\/wiadomosci\/#\/schema\/logo\/image\/"},"sameAs":["https:\/\/www.facebook.com\/24gliwice","https:\/\/x.com\/24gliwice","https:\/\/www.youtube.com\/@24gliwice"]},{"@type":"Person","@id":"https:\/\/www.24gliwice.pl\/wiadomosci\/#\/schema\/person\/e42c650edd7f2fa332be3811fb166b6e","name":"\u017baneta Mrozek-Siewierska","image":{"@type":"ImageObject","inLanguage":"pl-PL","@id":"https:\/\/www.24gliwice.pl\/wiadomosci\/wp-content\/uploads\/2021\/11\/Zaneta-M_S-zdjecie-czb-96x96.jpg","url":"https:\/\/www.24gliwice.pl\/wiadomosci\/wp-content\/uploads\/2021\/11\/Zaneta-M_S-zdjecie-czb-96x96.jpg","contentUrl":"https:\/\/www.24gliwice.pl\/wiadomosci\/wp-content\/uploads\/2021\/11\/Zaneta-M_S-zdjecie-czb-96x96.jpg","caption":"\u017baneta Mrozek-Siewierska"},"url":"https:\/\/www.24gliwice.pl\/wiadomosci\/author\/zms\/"}]}},"_links":{"self":[{"href":"https:\/\/www.24gliwice.pl\/wiadomosci\/wp-json\/wp\/v2\/posts\/193256","targetHints":{"allow":["GET"]}}],"collection":[{"href":"https:\/\/www.24gliwice.pl\/wiadomosci\/wp-json\/wp\/v2\/posts"}],"about":[{"href":"https:\/\/www.24gliwice.pl\/wiadomosci\/wp-json\/wp\/v2\/types\/post"}],"author":[{"embeddable":true,"href":"https:\/\/www.24gliwice.pl\/wiadomosci\/wp-json\/wp\/v2\/users\/15"}],"replies":[{"embeddable":true,"href":"https:\/\/www.24gliwice.pl\/wiadomosci\/wp-json\/wp\/v2\/comments?post=193256"}],"version-history":[{"count":8,"href":"https:\/\/www.24gliwice.pl\/wiadomosci\/wp-json\/wp\/v2\/posts\/193256\/revisions"}],"predecessor-version":[{"id":193295,"href":"https:\/\/www.24gliwice.pl\/wiadomosci\/wp-json\/wp\/v2\/posts\/193256\/revisions\/193295"}],"wp:featuredmedia":[{"embeddable":true,"href":"https:\/\/www.24gliwice.pl\/wiadomosci\/wp-json\/wp\/v2\/media\/193262"}],"wp:attachment":[{"href":"https:\/\/www.24gliwice.pl\/wiadomosci\/wp-json\/wp\/v2\/media?parent=193256"}],"wp:term":[{"taxonomy":"category","embeddable":true,"href":"https:\/\/www.24gliwice.pl\/wiadomosci\/wp-json\/wp\/v2\/categories?post=193256"},{"taxonomy":"post_tag","embeddable":true,"href":"https:\/\/www.24gliwice.pl\/wiadomosci\/wp-json\/wp\/v2\/tags?post=193256"}],"curies":[{"name":"wp","href":"https:\/\/api.w.org\/{rel}","templated":true}]}}